{"id":12089,"date":"2024-07-18T10:00:41","date_gmt":"2024-07-18T08:00:41","guid":{"rendered":"https:\/\/www.anovapeneira.gal\/?p=12089"},"modified":"2024-07-12T10:01:20","modified_gmt":"2024-07-12T08:01:20","slug":"o-bng-de-redondela-presenta-alegacions-ao-pxom","status":"publish","type":"post","link":"https:\/\/www.anovapeneira.gal\/index.php\/2024\/07\/18\/o-bng-de-redondela-presenta-alegacions-ao-pxom\/","title":{"rendered":"O BNG de Redondela, presenta alegaci\u00f3ns ao PXOM"},"content":{"rendered":"\n<h2 class=\"wp-block-heading\"><em><strong>Xo\u00e1n Carlos Gonz\u00e1lez \u201cTr\u00e1tase de <\/strong><\/em><em><strong>vinte a unha iniciativas para mellorar un Plan clave para a Redondela do futuro\u201d.<\/strong><\/em><\/h2>\n\n\n\n<p>A reserva de solo para a un novo colexio en Vilar de Infesta, conectar para os pe\u00f3ns e peoas a Senda Verde co Pi\u00f1eiral en Chapela, ou unha biblioteca p\u00fablica en Redondela, entre as demandas nacionalistas.<\/p>\n\n\n\n<p>\u201cDebemos aproveitar a oportunidade que nos ofrece o PXOM, para realizar propostas que con visi\u00f3n de vinte anos\u201d. Deste xeito se expresaba o voceiro nacionalista, Xo\u00e1n Carlos Gonz\u00e1lez, na presentaci\u00f3n das alegaci\u00f3ns do BNG. \u201cVinte e unha alegaci\u00f3ns que melloran o texto aprobado. Un documento, o Plan Xeral, clave para constru\u00edr a Redondela do futuro\u201d, sinalou.<\/p>\n\n\n\n<p>Xo\u00e1n Carlos Gonz\u00e1lez destacou o traballo da s\u00faa organizaci\u00f3n nas \u00faltimas semanas para desenvolver propostas que beneficien a m\u00e1is veci\u00f1os e veci\u00f1as de Redondela.<\/p>\n\n\n\n<p>Entende que o equipo redactor deber\u00eda telas en conta co fin de elaborar un texto que se convirta na base da Redondela das d\u00faas vindeiras d\u00e9cadas.<\/p>\n\n\n\n<p>Un bloque das alegaci\u00f3ns ref\u00edrese a infraestructuras viarias \u201cque melloren a seguridade e favorezan a conectividade nas parroquias\u201d. Destaca a proposta de conectar \u201cChapela dende a Senda Verde ata o entorno do Pi\u00f1eiral, co que se dar\u00eda resposta a unha demanda veci\u00f1al dende hai d\u00e9cadas\u201d.<\/p>\n\n\n\n<p>Noutro bloque o BNG fala da reserva de solo para construcci\u00f3n de equipamentos educativos. \u201cNeste apartado propomos que os terreos a car\u00f3n do Centro Cultural de Vilar se reserven para un novo colexio, con maiores dotaci\u00f3ns, para potenciar o ensino p\u00fablico nesta parte do noso concello\u201d.<\/p>\n\n\n\n<p>Reserva de solo para dotaci\u00f3ns deportivas como as pistas de atletismo en Saxamonde, ou en Chapela. \u201cMantemos viva a idea de constru\u00edr en Redondela unha biblioteca acorde as dimensi\u00f3ns e poboaci\u00f3n educativa do noso concello. Imprescindible que se contemple agora no PXOM\u201d, salienta Xo\u00e1n Carlos Gonz\u00e1lez.<\/p>\n\n\n\n<p>Especial menci\u00f3n a reserva de solo para a construcci\u00f3n de vivenda de promoci\u00f3n p\u00fablica co obxectivo contrarrestar o prezo da vivenda tanto adquisici\u00f3n propia como aluguer.<\/p>\n\n\n\n<p>Outro apartado significativo salienta o edil nacionalista, \u201cc\u00e9ntrase na dotaci\u00f3n de micro\u00e1reas industriais para que Redondela poida asentar industrias respetuosos medioambientalmente, asentando poboaci\u00f3n\u201d. Defende a diversificaci\u00f3n de actividades econ\u00f3micas para asentar poboaci\u00f3n.<\/p>\n\n\n\n<p>\u201cEste Plan Xeral debe servir para que nas vindeiras d\u00e9cadas Redondela se mante\u00f1a como concello referente da nosa bisbarra\u201d, remata na s\u00faa nota.<\/p>\n","protected":false},"excerpt":{"rendered":"<div class=\"mh-excerpt\"><p>Xo\u00e1n Carlos Gonz\u00e1lez \u201cTr\u00e1tase de vinte a unha iniciativas para mellorar un Plan clave para a Redondela do futuro\u201d <a class=\"mh-excerpt-more\" href=\"https:\/\/www.anovapeneira.gal\/index.php\/2024\/07\/18\/o-bng-de-redondela-presenta-alegacions-ao-pxom\/\" title=\"O BNG de Redondela, presenta alegaci\u00f3ns ao PXOM\">[&#8230;]<\/a><\/p>\n<\/div>","protected":false},"author":3,"featured_media":12090,"comment_status":"open","ping_status":"open","sticky":false,"template":"","format":"standard","meta":{"_exactmetrics_skip_tracking":false,"_exactmetrics_sitenote_active":false,"_exactmetrics_sitenote_note":"","_exactmetrics_sitenote_category":0,"footnotes":""},"categories":[24],"tags":[171],"class_list":{"0":"post-12089","1":"post","2":"type-post","3":"status-publish","4":"format-standard","5":"has-post-thumbnail","7":"category-redondela","8":"tag-concello-de-redondela"},"yoast_head":"<!-- This site is optimized with the Yoast SEO plugin v27.4 - https:\/\/yoast.com\/product\/yoast-seo-wordpress\/ -->\n<title>O BNG de Redondela, presenta alegaci\u00f3ns ao PXOM -<\/title>\n<meta name=\"robots\" content=\"index, follow, max-snippet:-1, max-image-preview:large, max-video-preview:-1\" \/>\n<link rel=\"canonical\" href=\"https:\/\/www.anovapeneira.gal\/index.php\/2024\/07\/18\/o-bng-de-redondela-presenta-alegacions-ao-pxom\/\" \/>\n<meta property=\"og:locale\" content=\"gl_ES\" \/>\n<meta property=\"og:type\" content=\"article\" \/>\n<meta property=\"og:title\" content=\"O BNG de Redondela, presenta alegaci\u00f3ns ao PXOM -\" \/>\n<meta property=\"og:description\" content=\"Xo\u00e1n Carlos Gonz\u00e1lez \u201cTr\u00e1tase de vinte a unha iniciativas para mellorar un Plan clave para a Redondela do futuro\u201d [...]\" \/>\n<meta property=\"og:url\" content=\"https:\/\/www.anovapeneira.gal\/index.php\/2024\/07\/18\/o-bng-de-redondela-presenta-alegacions-ao-pxom\/\" \/>\n<meta property=\"article:publisher\" content=\"https:\/\/www.facebook.com\/anovapeneira\" \/>\n<meta property=\"article:published_time\" content=\"2024-07-18T08:00:41+00:00\" \/>\n<meta property=\"og:image\" content=\"https:\/\/www.anovapeneira.gal\/wp-content\/uploads\/2024\/07\/bng_redondela.png\" \/>\n\t<meta property=\"og:image:width\" content=\"720\" \/>\n\t<meta property=\"og:image:height\" content=\"432\" \/>\n\t<meta property=\"og:image:type\" content=\"image\/png\" \/>\n<meta name=\"author\" content=\"Redacci\u00f3n A Nova Peneira\" \/>\n<meta name=\"twitter:card\" content=\"summary_large_image\" \/>\n<meta name=\"twitter:creator\" content=\"@APeneira\" \/>\n<meta name=\"twitter:site\" content=\"@APeneira\" \/>\n<meta name=\"twitter:label1\" content=\"Escrito por\" \/>\n\t<meta name=\"twitter:data1\" content=\"Redacci\u00f3n A Nova Peneira\" \/>\n\t<meta name=\"twitter:label2\" content=\"Tempo de lectura\" \/>\n\t<meta name=\"twitter:data2\" content=\"3 minutos\" \/>\n<script type=\"application\/ld+json\" class=\"yoast-schema-graph\">{\"@context\":\"https:\\\/\\\/schema.org\",\"@graph\":[{\"@type\":\"Article\",\"@id\":\"https:\\\/\\\/www.anovapeneira.gal\\\/index.php\\\/2024\\\/07\\\/18\\\/o-bng-de-redondela-presenta-alegacions-ao-pxom\\\/#article\",\"isPartOf\":{\"@id\":\"https:\\\/\\\/www.anovapeneira.gal\\\/index.php\\\/2024\\\/07\\\/18\\\/o-bng-de-redondela-presenta-alegacions-ao-pxom\\\/\"},\"author\":{\"name\":\"Redacci\u00f3n A Nova Peneira\",\"@id\":\"https:\\\/\\\/www.anovapeneira.gal\\\/#\\\/schema\\\/person\\\/b93e3f8932e3f8da96334607eb6ac6aa\"},\"headline\":\"O BNG de Redondela, presenta alegaci\u00f3ns ao PXOM\",\"datePublished\":\"2024-07-18T08:00:41+00:00\",\"mainEntityOfPage\":{\"@id\":\"https:\\\/\\\/www.anovapeneira.gal\\\/index.php\\\/2024\\\/07\\\/18\\\/o-bng-de-redondela-presenta-alegacions-ao-pxom\\\/\"},\"wordCount\":442,\"commentCount\":0,\"publisher\":{\"@id\":\"https:\\\/\\\/www.anovapeneira.gal\\\/#organization\"},\"image\":{\"@id\":\"https:\\\/\\\/www.anovapeneira.gal\\\/index.php\\\/2024\\\/07\\\/18\\\/o-bng-de-redondela-presenta-alegacions-ao-pxom\\\/#primaryimage\"},\"thumbnailUrl\":\"https:\\\/\\\/www.anovapeneira.gal\\\/wp-content\\\/uploads\\\/2024\\\/07\\\/bng_redondela.png\",\"keywords\":[\"Concello de Redondela\"],\"articleSection\":[\"Redondela\"],\"inLanguage\":\"gl-ES\",\"potentialAction\":[{\"@type\":\"CommentAction\",\"name\":\"Comment\",\"target\":[\"https:\\\/\\\/www.anovapeneira.gal\\\/index.php\\\/2024\\\/07\\\/18\\\/o-bng-de-redondela-presenta-alegacions-ao-pxom\\\/#respond\"]}]},{\"@type\":\"WebPage\",\"@id\":\"https:\\\/\\\/www.anovapeneira.gal\\\/index.php\\\/2024\\\/07\\\/18\\\/o-bng-de-redondela-presenta-alegacions-ao-pxom\\\/\",\"url\":\"https:\\\/\\\/www.anovapeneira.gal\\\/index.php\\\/2024\\\/07\\\/18\\\/o-bng-de-redondela-presenta-alegacions-ao-pxom\\\/\",\"name\":\"O BNG de Redondela, presenta alegaci\u00f3ns ao PXOM -\",\"isPartOf\":{\"@id\":\"https:\\\/\\\/www.anovapeneira.gal\\\/#website\"},\"primaryImageOfPage\":{\"@id\":\"https:\\\/\\\/www.anovapeneira.gal\\\/index.php\\\/2024\\\/07\\\/18\\\/o-bng-de-redondela-presenta-alegacions-ao-pxom\\\/#primaryimage\"},\"image\":{\"@id\":\"https:\\\/\\\/www.anovapeneira.gal\\\/index.php\\\/2024\\\/07\\\/18\\\/o-bng-de-redondela-presenta-alegacions-ao-pxom\\\/#primaryimage\"},\"thumbnailUrl\":\"https:\\\/\\\/www.anovapeneira.gal\\\/wp-content\\\/uploads\\\/2024\\\/07\\\/bng_redondela.png\",\"datePublished\":\"2024-07-18T08:00:41+00:00\",\"breadcrumb\":{\"@id\":\"https:\\\/\\\/www.anovapeneira.gal\\\/index.php\\\/2024\\\/07\\\/18\\\/o-bng-de-redondela-presenta-alegacions-ao-pxom\\\/#breadcrumb\"},\"inLanguage\":\"gl-ES\",\"potentialAction\":[{\"@type\":\"ReadAction\",\"target\":[\"https:\\\/\\\/www.anovapeneira.gal\\\/index.php\\\/2024\\\/07\\\/18\\\/o-bng-de-redondela-presenta-alegacions-ao-pxom\\\/\"]}]},{\"@type\":\"ImageObject\",\"inLanguage\":\"gl-ES\",\"@id\":\"https:\\\/\\\/www.anovapeneira.gal\\\/index.php\\\/2024\\\/07\\\/18\\\/o-bng-de-redondela-presenta-alegacions-ao-pxom\\\/#primaryimage\",\"url\":\"https:\\\/\\\/www.anovapeneira.gal\\\/wp-content\\\/uploads\\\/2024\\\/07\\\/bng_redondela.png\",\"contentUrl\":\"https:\\\/\\\/www.anovapeneira.gal\\\/wp-content\\\/uploads\\\/2024\\\/07\\\/bng_redondela.png\",\"width\":720,\"height\":432,\"caption\":\"BNG Redondela\"},{\"@type\":\"BreadcrumbList\",\"@id\":\"https:\\\/\\\/www.anovapeneira.gal\\\/index.php\\\/2024\\\/07\\\/18\\\/o-bng-de-redondela-presenta-alegacions-ao-pxom\\\/#breadcrumb\",\"itemListElement\":[{\"@type\":\"ListItem\",\"position\":1,\"name\":\"Portada\",\"item\":\"https:\\\/\\\/www.anovapeneira.gal\\\/\"},{\"@type\":\"ListItem\",\"position\":2,\"name\":\"O BNG de Redondela, presenta alegaci\u00f3ns ao PXOM\"}]},{\"@type\":\"WebSite\",\"@id\":\"https:\\\/\\\/www.anovapeneira.gal\\\/#website\",\"url\":\"https:\\\/\\\/www.anovapeneira.gal\\\/\",\"name\":\"\",\"description\":\"Xornal galego de informaci\u00f3n xeral Publicaci\u00f3n mensual de novas de Galicia e en especial dos Concellos da sur da provincia de Pontevedra.\",\"publisher\":{\"@id\":\"https:\\\/\\\/www.anovapeneira.gal\\\/#organization\"},\"potentialAction\":[{\"@type\":\"SearchAction\",\"target\":{\"@type\":\"EntryPoint\",\"urlTemplate\":\"https:\\\/\\\/www.anovapeneira.gal\\\/?s={search_term_string}\"},\"query-input\":{\"@type\":\"PropertyValueSpecification\",\"valueRequired\":true,\"valueName\":\"search_term_string\"}}],\"inLanguage\":\"gl-ES\"},{\"@type\":\"Organization\",\"@id\":\"https:\\\/\\\/www.anovapeneira.gal\\\/#organization\",\"name\":\"A Nova Peneira\",\"url\":\"https:\\\/\\\/www.anovapeneira.gal\\\/\",\"logo\":{\"@type\":\"ImageObject\",\"inLanguage\":\"gl-ES\",\"@id\":\"https:\\\/\\\/www.anovapeneira.gal\\\/#\\\/schema\\\/logo\\\/image\\\/\",\"url\":\"http:\\\/\\\/www.anovapeneira.gal\\\/wp-content\\\/uploads\\\/2019\\\/06\\\/logo_a_nova_peneira_portal_web.png\",\"contentUrl\":\"http:\\\/\\\/www.anovapeneira.gal\\\/wp-content\\\/uploads\\\/2019\\\/06\\\/logo_a_nova_peneira_portal_web.png\",\"width\":300,\"height\":100,\"caption\":\"A Nova Peneira\"},\"image\":{\"@id\":\"https:\\\/\\\/www.anovapeneira.gal\\\/#\\\/schema\\\/logo\\\/image\\\/\"},\"sameAs\":[\"https:\\\/\\\/www.facebook.com\\\/anovapeneira\",\"https:\\\/\\\/x.com\\\/APeneira\"]},{\"@type\":\"Person\",\"@id\":\"https:\\\/\\\/www.anovapeneira.gal\\\/#\\\/schema\\\/person\\\/b93e3f8932e3f8da96334607eb6ac6aa\",\"name\":\"Redacci\u00f3n A Nova Peneira\",\"image\":{\"@type\":\"ImageObject\",\"inLanguage\":\"gl-ES\",\"@id\":\"https:\\\/\\\/secure.gravatar.com\\\/avatar\\\/c052a2551a06e23fac63626232eaa90abd78dbcf1700fc46a2b2c89fd27b735f?s=96&d=mm&r=g\",\"url\":\"https:\\\/\\\/secure.gravatar.com\\\/avatar\\\/c052a2551a06e23fac63626232eaa90abd78dbcf1700fc46a2b2c89fd27b735f?s=96&d=mm&r=g\",\"contentUrl\":\"https:\\\/\\\/secure.gravatar.com\\\/avatar\\\/c052a2551a06e23fac63626232eaa90abd78dbcf1700fc46a2b2c89fd27b735f?s=96&d=mm&r=g\",\"caption\":\"Redacci\u00f3n A Nova Peneira\"},\"sameAs\":[\"http:\\\/\\\/www.anovapeneira.gal\\\/\"],\"url\":\"https:\\\/\\\/www.anovapeneira.gal\\\/index.php\\\/author\\\/redactor\\\/\"}]}<\/script>\n<!-- \/ Yoast SEO plugin. -->","yoast_head_json":{"title":"O BNG de Redondela, presenta alegaci\u00f3ns ao PXOM -","robots":{"index":"index","follow":"follow","max-snippet":"max-snippet:-1","max-image-preview":"max-image-preview:large","max-video-preview":"max-video-preview:-1"},"canonical":"https:\/\/www.anovapeneira.gal\/index.php\/2024\/07\/18\/o-bng-de-redondela-presenta-alegacions-ao-pxom\/","og_locale":"gl_ES","og_type":"article","og_title":"O BNG de Redondela, presenta alegaci\u00f3ns ao PXOM -","og_description":"Xo\u00e1n Carlos Gonz\u00e1lez \u201cTr\u00e1tase de vinte a unha iniciativas para mellorar un Plan clave para a Redondela do futuro\u201d [...]","og_url":"https:\/\/www.anovapeneira.gal\/index.php\/2024\/07\/18\/o-bng-de-redondela-presenta-alegacions-ao-pxom\/","article_publisher":"https:\/\/www.facebook.com\/anovapeneira","article_published_time":"2024-07-18T08:00:41+00:00","og_image":[{"width":720,"height":432,"url":"https:\/\/www.anovapeneira.gal\/wp-content\/uploads\/2024\/07\/bng_redondela.png","type":"image\/png"}],"author":"Redacci\u00f3n A Nova Peneira","twitter_card":"summary_large_image","twitter_creator":"@APeneira","twitter_site":"@APeneira","twitter_misc":{"Escrito por":"Redacci\u00f3n A Nova Peneira","Tempo de lectura":"3 minutos"},"schema":{"@context":"https:\/\/schema.org","@graph":[{"@type":"Article","@id":"https:\/\/www.anovapeneira.gal\/index.php\/2024\/07\/18\/o-bng-de-redondela-presenta-alegacions-ao-pxom\/#article","isPartOf":{"@id":"https:\/\/www.anovapeneira.gal\/index.php\/2024\/07\/18\/o-bng-de-redondela-presenta-alegacions-ao-pxom\/"},"author":{"name":"Redacci\u00f3n A Nova Peneira","@id":"https:\/\/www.anovapeneira.gal\/#\/schema\/person\/b93e3f8932e3f8da96334607eb6ac6aa"},"headline":"O BNG de Redondela, presenta alegaci\u00f3ns ao PXOM","datePublished":"2024-07-18T08:00:41+00:00","mainEntityOfPage":{"@id":"https:\/\/www.anovapeneira.gal\/index.php\/2024\/07\/18\/o-bng-de-redondela-presenta-alegacions-ao-pxom\/"},"wordCount":442,"commentCount":0,"publisher":{"@id":"https:\/\/www.anovapeneira.gal\/#organization"},"image":{"@id":"https:\/\/www.anovapeneira.gal\/index.php\/2024\/07\/18\/o-bng-de-redondela-presenta-alegacions-ao-pxom\/#primaryimage"},"thumbnailUrl":"https:\/\/www.anovapeneira.gal\/wp-content\/uploads\/2024\/07\/bng_redondela.png","keywords":["Concello de Redondela"],"articleSection":["Redondela"],"inLanguage":"gl-ES","potentialAction":[{"@type":"CommentAction","name":"Comment","target":["https:\/\/www.anovapeneira.gal\/index.php\/2024\/07\/18\/o-bng-de-redondela-presenta-alegacions-ao-pxom\/#respond"]}]},{"@type":"WebPage","@id":"https:\/\/www.anovapeneira.gal\/index.php\/2024\/07\/18\/o-bng-de-redondela-presenta-alegacions-ao-pxom\/","url":"https:\/\/www.anovapeneira.gal\/index.php\/2024\/07\/18\/o-bng-de-redondela-presenta-alegacions-ao-pxom\/","name":"O BNG de Redondela, presenta alegaci\u00f3ns ao PXOM -","isPartOf":{"@id":"https:\/\/www.anovapeneira.gal\/#website"},"primaryImageOfPage":{"@id":"https:\/\/www.anovapeneira.gal\/index.php\/2024\/07\/18\/o-bng-de-redondela-presenta-alegacions-ao-pxom\/#primaryimage"},"image":{"@id":"https:\/\/www.anovapeneira.gal\/index.php\/2024\/07\/18\/o-bng-de-redondela-presenta-alegacions-ao-pxom\/#primaryimage"},"thumbnailUrl":"https:\/\/www.anovapeneira.gal\/wp-content\/uploads\/2024\/07\/bng_redondela.png","datePublished":"2024-07-18T08:00:41+00:00","breadcrumb":{"@id":"https:\/\/www.anovapeneira.gal\/index.php\/2024\/07\/18\/o-bng-de-redondela-presenta-alegacions-ao-pxom\/#breadcrumb"},"inLanguage":"gl-ES","potentialAction":[{"@type":"ReadAction","target":["https:\/\/www.anovapeneira.gal\/index.php\/2024\/07\/18\/o-bng-de-redondela-presenta-alegacions-ao-pxom\/"]}]},{"@type":"ImageObject","inLanguage":"gl-ES","@id":"https:\/\/www.anovapeneira.gal\/index.php\/2024\/07\/18\/o-bng-de-redondela-presenta-alegacions-ao-pxom\/#primaryimage","url":"https:\/\/www.anovapeneira.gal\/wp-content\/uploads\/2024\/07\/bng_redondela.png","contentUrl":"https:\/\/www.anovapeneira.gal\/wp-content\/uploads\/2024\/07\/bng_redondela.png","width":720,"height":432,"caption":"BNG Redondela"},{"@type":"BreadcrumbList","@id":"https:\/\/www.anovapeneira.gal\/index.php\/2024\/07\/18\/o-bng-de-redondela-presenta-alegacions-ao-pxom\/#breadcrumb","itemListElement":[{"@type":"ListItem","position":1,"name":"Portada","item":"https:\/\/www.anovapeneira.gal\/"},{"@type":"ListItem","position":2,"name":"O BNG de Redondela, presenta alegaci\u00f3ns ao PXOM"}]},{"@type":"WebSite","@id":"https:\/\/www.anovapeneira.gal\/#website","url":"https:\/\/www.anovapeneira.gal\/","name":"","description":"Xornal galego de informaci\u00f3n xeral Publicaci\u00f3n mensual de novas de Galicia e en especial dos Concellos da sur da provincia de Pontevedra.","publisher":{"@id":"https:\/\/www.anovapeneira.gal\/#organization"},"potentialAction":[{"@type":"SearchAction","target":{"@type":"EntryPoint","urlTemplate":"https:\/\/www.anovapeneira.gal\/?s={search_term_string}"},"query-input":{"@type":"PropertyValueSpecification","valueRequired":true,"valueName":"search_term_string"}}],"inLanguage":"gl-ES"},{"@type":"Organization","@id":"https:\/\/www.anovapeneira.gal\/#organization","name":"A Nova Peneira","url":"https:\/\/www.anovapeneira.gal\/","logo":{"@type":"ImageObject","inLanguage":"gl-ES","@id":"https:\/\/www.anovapeneira.gal\/#\/schema\/logo\/image\/","url":"http:\/\/www.anovapeneira.gal\/wp-content\/uploads\/2019\/06\/logo_a_nova_peneira_portal_web.png","contentUrl":"http:\/\/www.anovapeneira.gal\/wp-content\/uploads\/2019\/06\/logo_a_nova_peneira_portal_web.png","width":300,"height":100,"caption":"A Nova Peneira"},"image":{"@id":"https:\/\/www.anovapeneira.gal\/#\/schema\/logo\/image\/"},"sameAs":["https:\/\/www.facebook.com\/anovapeneira","https:\/\/x.com\/APeneira"]},{"@type":"Person","@id":"https:\/\/www.anovapeneira.gal\/#\/schema\/person\/b93e3f8932e3f8da96334607eb6ac6aa","name":"Redacci\u00f3n A Nova Peneira","image":{"@type":"ImageObject","inLanguage":"gl-ES","@id":"https:\/\/secure.gravatar.com\/avatar\/c052a2551a06e23fac63626232eaa90abd78dbcf1700fc46a2b2c89fd27b735f?s=96&d=mm&r=g","url":"https:\/\/secure.gravatar.com\/avatar\/c052a2551a06e23fac63626232eaa90abd78dbcf1700fc46a2b2c89fd27b735f?s=96&d=mm&r=g","contentUrl":"https:\/\/secure.gravatar.com\/avatar\/c052a2551a06e23fac63626232eaa90abd78dbcf1700fc46a2b2c89fd27b735f?s=96&d=mm&r=g","caption":"Redacci\u00f3n A Nova Peneira"},"sameAs":["http:\/\/www.anovapeneira.gal\/"],"url":"https:\/\/www.anovapeneira.gal\/index.php\/author\/redactor\/"}]}},"jetpack_featured_media_url":"https:\/\/www.anovapeneira.gal\/wp-content\/uploads\/2024\/07\/bng_redondela.png","_links":{"self":[{"href":"https:\/\/www.anovapeneira.gal\/index.php\/wp-json\/wp\/v2\/posts\/12089","targetHints":{"allow":["GET"]}}],"collection":[{"href":"https:\/\/www.anovapeneira.gal\/index.php\/wp-json\/wp\/v2\/posts"}],"about":[{"href":"https:\/\/www.anovapeneira.gal\/index.php\/wp-json\/wp\/v2\/types\/post"}],"author":[{"embeddable":true,"href":"https:\/\/www.anovapeneira.gal\/index.php\/wp-json\/wp\/v2\/users\/3"}],"replies":[{"embeddable":true,"href":"https:\/\/www.anovapeneira.gal\/index.php\/wp-json\/wp\/v2\/comments?post=12089"}],"version-history":[{"count":1,"href":"https:\/\/www.anovapeneira.gal\/index.php\/wp-json\/wp\/v2\/posts\/12089\/revisions"}],"predecessor-version":[{"id":12091,"href":"https:\/\/www.anovapeneira.gal\/index.php\/wp-json\/wp\/v2\/posts\/12089\/revisions\/12091"}],"wp:featuredmedia":[{"embeddable":true,"href":"https:\/\/www.anovapeneira.gal\/index.php\/wp-json\/wp\/v2\/media\/12090"}],"wp:attachment":[{"href":"https:\/\/www.anovapeneira.gal\/index.php\/wp-json\/wp\/v2\/media?parent=12089"}],"wp:term":[{"taxonomy":"category","embeddable":true,"href":"https:\/\/www.anovapeneira.gal\/index.php\/wp-json\/wp\/v2\/categories?post=12089"},{"taxonomy":"post_tag","embeddable":true,"href":"https:\/\/www.anovapeneira.gal\/index.php\/wp-json\/wp\/v2\/tags?post=12089"}],"curies":[{"name":"wp","href":"https:\/\/api.w.org\/{rel}","templated":true}]}}