{"id":12092,"date":"2024-07-18T12:00:28","date_gmt":"2024-07-18T10:00:28","guid":{"rendered":"https:\/\/www.anovapeneira.gal\/?p=12092"},"modified":"2024-07-12T10:05:52","modified_gmt":"2024-07-12T08:05:52","slug":"o-vecino-de-ponteareas-xabier-gomez-inicia-a-aventura-de-percorrer-boa-parte-de-europa-nunha-moto-vespa","status":"publish","type":"post","link":"https:\/\/www.anovapeneira.gal\/index.php\/2024\/07\/18\/o-vecino-de-ponteareas-xabier-gomez-inicia-a-aventura-de-percorrer-boa-parte-de-europa-nunha-moto-vespa\/","title":{"rendered":"O veci\u00f1o de Ponteareas Xabier G\u00f3mez inicia a aventura de percorrer boa parte de Europa nunha moto vespa"},"content":{"rendered":"\n<p><strong>Xabier \u00e9 un profesor de linguas cl\u00e1sicas de 58 anos de idade, natural de Mondariz pero veci\u00f1o de Ponteareas, que o luns 8 de xullo sa\u00edu de Ponteareas ao lombo da s\u00faa vespa , acompa\u00f1ado dun amigo que vai noutra moto da mesma marca, a facer unha viaxe polos territorios do \u201cmare nostrum\u201d .A s\u00faa intenci\u00f3n \u00e9 percorrer os pa\u00edses e rexi\u00f3ns que un d\u00eda formaron parte do antigo imperio romano. O amor pola cultura cl\u00e1sica, deste profesor da comarca do Condado, l\u00e9vao a emprender esta marabillosa aventura pola que lle preguntamos antes de sa\u00edr e que nos comentar\u00e1 con fotograf\u00edas, curiosidades e an\u00e9cdotas unha vez que regrese ao pa\u00eds.<\/strong><\/p>\n\n\n\n<p><strong>Cal \u00c9 a t\u00faa profesi\u00f3n?<\/strong><\/p>\n\n\n\n<blockquote class=\"wp-block-quote is-layout-flow wp-block-quote-is-layout-flow\">\n<p>Ensino Lat\u00edn e Grego nun instituto. Eu estudei filolox\u00eda cl\u00e1sica.<\/p>\n<\/blockquote>\n\n\n\n<p><strong>Que bonito\u00a1. E hoxe en d\u00eda a\u00ednda hai mozos e mozas que te\u00f1an interese pola cultura cl\u00e1sica?<\/strong><\/p>\n\n\n\n<blockquote class=\"wp-block-quote is-layout-flow wp-block-quote-is-layout-flow\">\n<p>Si, si que os hai. A\u00ednda que creo que hai como unha man negra que fai que o Lat\u00edn e o Grego non se promocionen coma en outros pa\u00edses, como por exemplo Alema\u00f1a, onde as linguas cl\u00e1sicas te\u00f1en bastante m\u00e1is importancia que no sistema educativo espa\u00f1ol.<\/p>\n<\/blockquote>\n\n\n\n<p><strong>Por que? Se cadra porque ensinan a pensar e axudan a constru\u00edr un pensamento cr\u00edtico?<\/strong><\/p>\n\n\n\n<blockquote class=\"wp-block-quote is-layout-flow wp-block-quote-is-layout-flow\">\n<p>Evidentemente, entre outras cousas.<\/p>\n<\/blockquote>\n\n\n\n<p><strong>Este mes de xullo comezas unha viaxe un tanto especial para ti, f\u00e1lame dela.<\/strong><\/p>\n\n\n\n<blockquote class=\"wp-block-quote is-layout-flow wp-block-quote-is-layout-flow\">\n<p>\u00c9 un so\u00f1o que te\u00f1o desde hai moito tempo, de cando estudaba en Sal\u00f3nica e traballaba no Pireo. Cando viaxaba para al\u00e1, as veces fac\u00eda o traxecto en coche, pasaba por Ancona, Bari (cidades italianas) e Turqu\u00eda para chegar a Grecia. Cando coll\u00eda o barco sempre me encontraba con motoristas alem\u00e1ns, italianos ou ingleses, sempre falabamos das s\u00faas viaxes en moto e desde aquela, comezou a xerminar en min a idea de facer en Vespa o recorrido que fac\u00eda en coche. Este mes de xullo vou facer realidade o meu so\u00f1o.<\/p>\n<\/blockquote>\n\n\n\n<p><strong>F\u00e1lame da ruta que tes pensado seguir.<\/strong><\/p>\n\n\n\n<blockquote class=\"wp-block-quote is-layout-flow wp-block-quote-is-layout-flow\">\n<p>Eu ch\u00e1molle \u201cmare nostrun\u201d e consiste en facer todo o Mediterr\u00e1neo.<\/p>\n<\/blockquote>\n\n\n\n<p><strong>En que moto tes pensado facer esta viaxe?<\/strong><\/p>\n\n\n\n<blockquote class=\"wp-block-quote is-layout-flow wp-block-quote-is-layout-flow\">\n<p>En Vespa. Eu te\u00f1o unha Vespa cl\u00e1sica pero, para esta viaxe vou utilizar una moderna, unha 300 tipo esc\u00fater sen marchas, con ela vou poder facer unha viaxe m\u00e1is c\u00f3moda e unha media de m\u00e1is quil\u00f3metros seguidos.<\/p>\n<\/blockquote>\n\n\n\n<p><strong>Sales en Vespa desde Ponteareas ?<\/strong><\/p>\n\n\n\n<blockquote class=\"wp-block-quote is-layout-flow wp-block-quote-is-layout-flow\">\n<p>A mi\u00f1a idea \u00e9 sa\u00edr desde Portugal, de Mon\u00e7ao. Vou bordear a fronteira e entrar por Ourense. Soamente vou viaxar por estradas secundarias e vou a ir con outro compa\u00f1eiro que se chama Alejandro e co que te\u00f1o feito algunha ruta por Portugal. El tam\u00e9n vai nunha Vespa.<\/p>\n<\/blockquote>\n\n\n\n<p><strong>Despois de Ourense vas a ir, por Extremadura?<\/strong><\/p>\n\n\n\n<blockquote class=\"wp-block-quote is-layout-flow wp-block-quote-is-layout-flow\">\n<p>Non, por Zamora, polo norte cara Lleida, al\u00ed cruzaremos cara aos Pirineos, Carcasona de Francia e de al\u00ed tiramos en li\u00f1a recta cara Tur\u00edn para entrar en Italia. Cruzamos o norte de Italia, Trieste e Eslovenia. De Eslovenia baixamos cara Croacia, Montenegro, Albania, Kosovo, Grecia e, a mi\u00f1a intenci\u00f3n \u00e9 chegar ata antiga Troia, que est\u00e1 un pouco m\u00e1is abaixo de Estambul porque quero cruzar os Dardanelos. Te\u00f1o un amigo en Estambul co que coincid\u00edn en Inglaterra e quero visitalo.<\/p>\n<\/blockquote>\n\n\n\n<p><strong>Para a volta vai ser o mesmo percorrido co da ida?<\/strong><\/p>\n\n\n\n<blockquote class=\"wp-block-quote is-layout-flow wp-block-quote-is-layout-flow\">\n<p>Non. A mi\u00f1a vontade \u00e9 desdobrar o percorrido, facer a volta por Bulgaria, Serbia e, se podo, subir a Austria e tirar para casa.<\/p>\n<\/blockquote>\n\n\n\n<p><strong>Cando tes previsto volver?<\/strong><\/p>\n\n\n\n<blockquote class=\"wp-block-quote is-layout-flow wp-block-quote-is-layout-flow\">\n<p>A viaxe \u00e9 sine die, non te\u00f1o etapas definidas nin marcadas, quero ir desfrutando da viaxe e parando onde nos apeteza.<\/p>\n<\/blockquote>\n\n\n\n<p><strong>Onde ides durmir?<\/strong><\/p>\n\n\n\n<blockquote class=\"wp-block-quote is-layout-flow wp-block-quote-is-layout-flow\">\n<p>Pensamos durmir da maneira m\u00e1is enxebre posible. Levamos un saco de durmir e trataremos de parar en campings ou hostels, cousas moi econ\u00f3micas.<\/p>\n<\/blockquote>\n\n\n\n<p><strong>S\u00f3 en gasolina xa ides gastar moito di\u00f1eiro, non?<\/strong><\/p>\n\n\n\n<blockquote class=\"wp-block-quote is-layout-flow wp-block-quote-is-layout-flow\">\n<p>Si, sobre todo en Italia pois al\u00ed a gasolina est\u00e1 moi cara. O bo destas motos e que consumen pouco.<\/p>\n<\/blockquote>\n\n\n\n<p><strong>Tedes previsto a cantidade de quil\u00f3metros que lles ides facer \u00e1s motos?<\/strong><\/p>\n\n\n\n<blockquote class=\"wp-block-quote is-layout-flow wp-block-quote-is-layout-flow\">\n<p>Unha vez cheguemos a Estambul temos pensado tocar varios puntos, a nosa idea \u00e9 facer sobre uns 10.000km.<\/p>\n<\/blockquote>\n\n\n\n<p><strong>Xa estiveches en todos os sitios que tes previsto estar?<\/strong><\/p>\n\n\n\n<blockquote class=\"wp-block-quote is-layout-flow wp-block-quote-is-layout-flow\">\n<p>Estiven nos pa\u00edses e en alg\u00fans sitios nos que imos a estar, en todos non. Co\u00f1ezo Turqu\u00eda, Albania, Croacia.<\/p>\n<\/blockquote>\n\n\n\n<p><strong>\u00c9 bonita Croacia?, moita xente acons\u00e9llame visitala, e especialmente recom\u00e9ndanme co\u00f1ecer Dubrovnik.<\/strong><\/p>\n\n\n\n<blockquote class=\"wp-block-quote is-layout-flow wp-block-quote-is-layout-flow\">\n<p>Dubrovnik \u00e9 espectacular, ten moita historia e \u00e9 un sitio moi recomendable.<\/p>\n<\/blockquote>\n\n\n\n<blockquote class=\"wp-block-quote is-layout-flow wp-block-quote-is-layout-flow\">\n<p>Quero tocar Mostar, que est\u00e1 en Bosnia. Gustar\u00edame visitar un lago precioso que separa Albania de Montenegro, unha ruta de moteiros e alg\u00fans puntos m\u00e1is de interese para n\u00f3s.<\/p>\n<\/blockquote>\n\n\n\n<p><strong>De todos estes sitios que xa co\u00f1eces, cal me recomendas visitar?<\/strong><\/p>\n\n\n\n<blockquote class=\"wp-block-quote is-layout-flow wp-block-quote-is-layout-flow\">\n<p>Son amante de Grecia e vivir\u00eda en calquera punto dese pa\u00eds pero, si te\u00f1o que elixir unha cidade europea dir\u00edache que Estambul.<\/p>\n<\/blockquote>\n\n\n\n<p><strong>Como est\u00e1 a situaci\u00f3n pol\u00edtica de Turqu\u00eda?<\/strong><\/p>\n\n\n\n<blockquote class=\"wp-block-quote is-layout-flow wp-block-quote-is-layout-flow\">\n<p>Est\u00e1 un pouco tensa cos Kurdos, hai anos que te\u00f1en problemas cun sistema pol\u00edtico que non lle d\u00e1 opci\u00f3ns a moito.<\/p>\n<\/blockquote>\n\n\n\n<p><strong>Non tedes previsto data de volta, pero aproximadamente canto tempo tedes dispo\u00f1ible para esta viaxe?<\/strong><\/p>\n\n\n\n<blockquote class=\"wp-block-quote is-layout-flow wp-block-quote-is-layout-flow\">\n<p>Temos entre 30 e 40 d\u00edas para facela.<\/p>\n<\/blockquote>\n\n\n\n<p><strong>Quedamos emprazados \u00e1 volta para que nos amoses fotos, e nos contes o m\u00e1is significativo da viaxe<\/strong><\/p>\n\n\n\n<blockquote class=\"wp-block-quote is-layout-flow wp-block-quote-is-layout-flow\">\n<p>Ser\u00e1 un pracer desde logo.<\/p>\n<\/blockquote>\n","protected":false},"excerpt":{"rendered":"<div class=\"mh-excerpt\"><p>Xabier \u00e9 un profesor de linguas cl\u00e1sicas de 58 anos de idade, natural de Mondariz pero veci\u00f1o de Ponteareas, que o luns 8 de xullo sa\u00edu de Ponteareas ao lombo da s\u00faa vespa , acompa\u00f1ado dun amigo que vai noutra moto da mesma marca, a facer unha viaxe polos territorios do \u201cmare nostrum\u201d <a class=\"mh-excerpt-more\" href=\"https:\/\/www.anovapeneira.gal\/index.php\/2024\/07\/18\/o-vecino-de-ponteareas-xabier-gomez-inicia-a-aventura-de-percorrer-boa-parte-de-europa-nunha-moto-vespa\/\" title=\"O veci\u00f1o de Ponteareas Xabier G\u00f3mez inicia a aventura de percorrer boa parte de Europa nunha moto vespa\">[&#8230;]<\/a><\/p>\n<\/div>","protected":false},"author":3,"featured_media":12093,"comment_status":"open","ping_status":"open","sticky":false,"template":"","format":"standard","meta":{"_exactmetrics_skip_tracking":false,"_exactmetrics_sitenote_active":false,"_exactmetrics_sitenote_note":"","_exactmetrics_sitenote_category":0,"footnotes":""},"categories":[267],"tags":[208],"class_list":{"0":"post-12092","1":"post","2":"type-post","3":"status-publish","4":"format-standard","5":"has-post-thumbnail","7":"category-condado-entrevistas","8":"tag-concello-de-ponteareas"},"yoast_head":"<!-- This site is optimized with the Yoast SEO plugin v27.4 - https:\/\/yoast.com\/product\/yoast-seo-wordpress\/ -->\n<title>O veci\u00f1o de Ponteareas Xabier G\u00f3mez inicia a aventura de percorrer boa parte de Europa nunha moto vespa -<\/title>\n<meta name=\"robots\" content=\"index, follow, max-snippet:-1, max-image-preview:large, max-video-preview:-1\" \/>\n<link rel=\"canonical\" href=\"https:\/\/www.anovapeneira.gal\/index.php\/2024\/07\/18\/o-vecino-de-ponteareas-xabier-gomez-inicia-a-aventura-de-percorrer-boa-parte-de-europa-nunha-moto-vespa\/\" \/>\n<meta property=\"og:locale\" content=\"gl_ES\" \/>\n<meta property=\"og:type\" content=\"article\" \/>\n<meta property=\"og:title\" content=\"O veci\u00f1o de Ponteareas Xabier G\u00f3mez inicia a aventura de percorrer boa parte de Europa nunha moto vespa -\" \/>\n<meta property=\"og:description\" content=\"Xabier \u00e9 un profesor de linguas cl\u00e1sicas de 58 anos de idade, natural de Mondariz pero veci\u00f1o de Ponteareas, que o luns 8 de xullo sa\u00edu de Ponteareas ao lombo da s\u00faa vespa , acompa\u00f1ado dun amigo que vai noutra moto da mesma marca, a facer unha viaxe polos territorios do \u201cmare nostrum\u201d [...]\" \/>\n<meta property=\"og:url\" content=\"https:\/\/www.anovapeneira.gal\/index.php\/2024\/07\/18\/o-vecino-de-ponteareas-xabier-gomez-inicia-a-aventura-de-percorrer-boa-parte-de-europa-nunha-moto-vespa\/\" \/>\n<meta property=\"article:publisher\" content=\"https:\/\/www.facebook.com\/anovapeneira\" \/>\n<meta property=\"article:published_time\" content=\"2024-07-18T10:00:28+00:00\" \/>\n<meta property=\"og:image\" content=\"https:\/\/www.anovapeneira.gal\/wp-content\/uploads\/2024\/07\/xabier_gomez.png\" \/>\n\t<meta property=\"og:image:width\" content=\"720\" \/>\n\t<meta property=\"og:image:height\" content=\"432\" \/>\n\t<meta property=\"og:image:type\" content=\"image\/png\" \/>\n<meta name=\"author\" content=\"Redacci\u00f3n A Nova Peneira\" \/>\n<meta name=\"twitter:card\" content=\"summary_large_image\" \/>\n<meta name=\"twitter:creator\" content=\"@APeneira\" \/>\n<meta name=\"twitter:site\" content=\"@APeneira\" \/>\n<meta name=\"twitter:label1\" content=\"Escrito por\" \/>\n\t<meta name=\"twitter:data1\" content=\"Redacci\u00f3n A Nova Peneira\" \/>\n\t<meta name=\"twitter:label2\" content=\"Tempo de lectura\" \/>\n\t<meta name=\"twitter:data2\" content=\"2 minutos\" \/>\n<script type=\"application\/ld+json\" class=\"yoast-schema-graph\">{\"@context\":\"https:\\\/\\\/schema.org\",\"@graph\":[{\"@type\":\"Article\",\"@id\":\"https:\\\/\\\/www.anovapeneira.gal\\\/index.php\\\/2024\\\/07\\\/18\\\/o-vecino-de-ponteareas-xabier-gomez-inicia-a-aventura-de-percorrer-boa-parte-de-europa-nunha-moto-vespa\\\/#article\",\"isPartOf\":{\"@id\":\"https:\\\/\\\/www.anovapeneira.gal\\\/index.php\\\/2024\\\/07\\\/18\\\/o-vecino-de-ponteareas-xabier-gomez-inicia-a-aventura-de-percorrer-boa-parte-de-europa-nunha-moto-vespa\\\/\"},\"author\":{\"name\":\"Redacci\u00f3n A Nova Peneira\",\"@id\":\"https:\\\/\\\/www.anovapeneira.gal\\\/#\\\/schema\\\/person\\\/b93e3f8932e3f8da96334607eb6ac6aa\"},\"headline\":\"O veci\u00f1o de Ponteareas Xabier G\u00f3mez inicia a aventura de percorrer boa parte de Europa nunha moto vespa\",\"datePublished\":\"2024-07-18T10:00:28+00:00\",\"mainEntityOfPage\":{\"@id\":\"https:\\\/\\\/www.anovapeneira.gal\\\/index.php\\\/2024\\\/07\\\/18\\\/o-vecino-de-ponteareas-xabier-gomez-inicia-a-aventura-de-percorrer-boa-parte-de-europa-nunha-moto-vespa\\\/\"},\"wordCount\":950,\"commentCount\":0,\"publisher\":{\"@id\":\"https:\\\/\\\/www.anovapeneira.gal\\\/#organization\"},\"image\":{\"@id\":\"https:\\\/\\\/www.anovapeneira.gal\\\/index.php\\\/2024\\\/07\\\/18\\\/o-vecino-de-ponteareas-xabier-gomez-inicia-a-aventura-de-percorrer-boa-parte-de-europa-nunha-moto-vespa\\\/#primaryimage\"},\"thumbnailUrl\":\"https:\\\/\\\/www.anovapeneira.gal\\\/wp-content\\\/uploads\\\/2024\\\/07\\\/xabier_gomez.png\",\"keywords\":[\"Concello de Ponteareas\"],\"articleSection\":[\"Condado\"],\"inLanguage\":\"gl-ES\",\"potentialAction\":[{\"@type\":\"CommentAction\",\"name\":\"Comment\",\"target\":[\"https:\\\/\\\/www.anovapeneira.gal\\\/index.php\\\/2024\\\/07\\\/18\\\/o-vecino-de-ponteareas-xabier-gomez-inicia-a-aventura-de-percorrer-boa-parte-de-europa-nunha-moto-vespa\\\/#respond\"]}]},{\"@type\":\"WebPage\",\"@id\":\"https:\\\/\\\/www.anovapeneira.gal\\\/index.php\\\/2024\\\/07\\\/18\\\/o-vecino-de-ponteareas-xabier-gomez-inicia-a-aventura-de-percorrer-boa-parte-de-europa-nunha-moto-vespa\\\/\",\"url\":\"https:\\\/\\\/www.anovapeneira.gal\\\/index.php\\\/2024\\\/07\\\/18\\\/o-vecino-de-ponteareas-xabier-gomez-inicia-a-aventura-de-percorrer-boa-parte-de-europa-nunha-moto-vespa\\\/\",\"name\":\"O veci\u00f1o de Ponteareas Xabier G\u00f3mez inicia a aventura de percorrer boa parte de Europa nunha moto vespa -\",\"isPartOf\":{\"@id\":\"https:\\\/\\\/www.anovapeneira.gal\\\/#website\"},\"primaryImageOfPage\":{\"@id\":\"https:\\\/\\\/www.anovapeneira.gal\\\/index.php\\\/2024\\\/07\\\/18\\\/o-vecino-de-ponteareas-xabier-gomez-inicia-a-aventura-de-percorrer-boa-parte-de-europa-nunha-moto-vespa\\\/#primaryimage\"},\"image\":{\"@id\":\"https:\\\/\\\/www.anovapeneira.gal\\\/index.php\\\/2024\\\/07\\\/18\\\/o-vecino-de-ponteareas-xabier-gomez-inicia-a-aventura-de-percorrer-boa-parte-de-europa-nunha-moto-vespa\\\/#primaryimage\"},\"thumbnailUrl\":\"https:\\\/\\\/www.anovapeneira.gal\\\/wp-content\\\/uploads\\\/2024\\\/07\\\/xabier_gomez.png\",\"datePublished\":\"2024-07-18T10:00:28+00:00\",\"breadcrumb\":{\"@id\":\"https:\\\/\\\/www.anovapeneira.gal\\\/index.php\\\/2024\\\/07\\\/18\\\/o-vecino-de-ponteareas-xabier-gomez-inicia-a-aventura-de-percorrer-boa-parte-de-europa-nunha-moto-vespa\\\/#breadcrumb\"},\"inLanguage\":\"gl-ES\",\"potentialAction\":[{\"@type\":\"ReadAction\",\"target\":[\"https:\\\/\\\/www.anovapeneira.gal\\\/index.php\\\/2024\\\/07\\\/18\\\/o-vecino-de-ponteareas-xabier-gomez-inicia-a-aventura-de-percorrer-boa-parte-de-europa-nunha-moto-vespa\\\/\"]}]},{\"@type\":\"ImageObject\",\"inLanguage\":\"gl-ES\",\"@id\":\"https:\\\/\\\/www.anovapeneira.gal\\\/index.php\\\/2024\\\/07\\\/18\\\/o-vecino-de-ponteareas-xabier-gomez-inicia-a-aventura-de-percorrer-boa-parte-de-europa-nunha-moto-vespa\\\/#primaryimage\",\"url\":\"https:\\\/\\\/www.anovapeneira.gal\\\/wp-content\\\/uploads\\\/2024\\\/07\\\/xabier_gomez.png\",\"contentUrl\":\"https:\\\/\\\/www.anovapeneira.gal\\\/wp-content\\\/uploads\\\/2024\\\/07\\\/xabier_gomez.png\",\"width\":720,\"height\":432,\"caption\":\"O veci\u00f1o de Ponteareas Xabier G\u00f3mez inicia a aventura de percorrer boa parte de Europa nunha moto vespa\"},{\"@type\":\"BreadcrumbList\",\"@id\":\"https:\\\/\\\/www.anovapeneira.gal\\\/index.php\\\/2024\\\/07\\\/18\\\/o-vecino-de-ponteareas-xabier-gomez-inicia-a-aventura-de-percorrer-boa-parte-de-europa-nunha-moto-vespa\\\/#breadcrumb\",\"itemListElement\":[{\"@type\":\"ListItem\",\"position\":1,\"name\":\"Portada\",\"item\":\"https:\\\/\\\/www.anovapeneira.gal\\\/\"},{\"@type\":\"ListItem\",\"position\":2,\"name\":\"O veci\u00f1o de Ponteareas Xabier G\u00f3mez inicia a aventura de percorrer boa parte de Europa nunha moto vespa\"}]},{\"@type\":\"WebSite\",\"@id\":\"https:\\\/\\\/www.anovapeneira.gal\\\/#website\",\"url\":\"https:\\\/\\\/www.anovapeneira.gal\\\/\",\"name\":\"\",\"description\":\"Xornal galego de informaci\u00f3n xeral Publicaci\u00f3n mensual de novas de Galicia e en especial dos Concellos da sur da provincia de Pontevedra.\",\"publisher\":{\"@id\":\"https:\\\/\\\/www.anovapeneira.gal\\\/#organization\"},\"potentialAction\":[{\"@type\":\"SearchAction\",\"target\":{\"@type\":\"EntryPoint\",\"urlTemplate\":\"https:\\\/\\\/www.anovapeneira.gal\\\/?s={search_term_string}\"},\"query-input\":{\"@type\":\"PropertyValueSpecification\",\"valueRequired\":true,\"valueName\":\"search_term_string\"}}],\"inLanguage\":\"gl-ES\"},{\"@type\":\"Organization\",\"@id\":\"https:\\\/\\\/www.anovapeneira.gal\\\/#organization\",\"name\":\"A Nova Peneira\",\"url\":\"https:\\\/\\\/www.anovapeneira.gal\\\/\",\"logo\":{\"@type\":\"ImageObject\",\"inLanguage\":\"gl-ES\",\"@id\":\"https:\\\/\\\/www.anovapeneira.gal\\\/#\\\/schema\\\/logo\\\/image\\\/\",\"url\":\"http:\\\/\\\/www.anovapeneira.gal\\\/wp-content\\\/uploads\\\/2019\\\/06\\\/logo_a_nova_peneira_portal_web.png\",\"contentUrl\":\"http:\\\/\\\/www.anovapeneira.gal\\\/wp-content\\\/uploads\\\/2019\\\/06\\\/logo_a_nova_peneira_portal_web.png\",\"width\":300,\"height\":100,\"caption\":\"A Nova Peneira\"},\"image\":{\"@id\":\"https:\\\/\\\/www.anovapeneira.gal\\\/#\\\/schema\\\/logo\\\/image\\\/\"},\"sameAs\":[\"https:\\\/\\\/www.facebook.com\\\/anovapeneira\",\"https:\\\/\\\/x.com\\\/APeneira\"]},{\"@type\":\"Person\",\"@id\":\"https:\\\/\\\/www.anovapeneira.gal\\\/#\\\/schema\\\/person\\\/b93e3f8932e3f8da96334607eb6ac6aa\",\"name\":\"Redacci\u00f3n A Nova Peneira\",\"image\":{\"@type\":\"ImageObject\",\"inLanguage\":\"gl-ES\",\"@id\":\"https:\\\/\\\/secure.gravatar.com\\\/avatar\\\/c052a2551a06e23fac63626232eaa90abd78dbcf1700fc46a2b2c89fd27b735f?s=96&d=mm&r=g\",\"url\":\"https:\\\/\\\/secure.gravatar.com\\\/avatar\\\/c052a2551a06e23fac63626232eaa90abd78dbcf1700fc46a2b2c89fd27b735f?s=96&d=mm&r=g\",\"contentUrl\":\"https:\\\/\\\/secure.gravatar.com\\\/avatar\\\/c052a2551a06e23fac63626232eaa90abd78dbcf1700fc46a2b2c89fd27b735f?s=96&d=mm&r=g\",\"caption\":\"Redacci\u00f3n A Nova Peneira\"},\"sameAs\":[\"http:\\\/\\\/www.anovapeneira.gal\\\/\"],\"url\":\"https:\\\/\\\/www.anovapeneira.gal\\\/index.php\\\/author\\\/redactor\\\/\"}]}<\/script>\n<!-- \/ Yoast SEO plugin. -->","yoast_head_json":{"title":"O veci\u00f1o de Ponteareas Xabier G\u00f3mez inicia a aventura de percorrer boa parte de Europa nunha moto vespa -","robots":{"index":"index","follow":"follow","max-snippet":"max-snippet:-1","max-image-preview":"max-image-preview:large","max-video-preview":"max-video-preview:-1"},"canonical":"https:\/\/www.anovapeneira.gal\/index.php\/2024\/07\/18\/o-vecino-de-ponteareas-xabier-gomez-inicia-a-aventura-de-percorrer-boa-parte-de-europa-nunha-moto-vespa\/","og_locale":"gl_ES","og_type":"article","og_title":"O veci\u00f1o de Ponteareas Xabier G\u00f3mez inicia a aventura de percorrer boa parte de Europa nunha moto vespa -","og_description":"Xabier \u00e9 un profesor de linguas cl\u00e1sicas de 58 anos de idade, natural de Mondariz pero veci\u00f1o de Ponteareas, que o luns 8 de xullo sa\u00edu de Ponteareas ao lombo da s\u00faa vespa , acompa\u00f1ado dun amigo que vai noutra moto da mesma marca, a facer unha viaxe polos territorios do \u201cmare nostrum\u201d [...]","og_url":"https:\/\/www.anovapeneira.gal\/index.php\/2024\/07\/18\/o-vecino-de-ponteareas-xabier-gomez-inicia-a-aventura-de-percorrer-boa-parte-de-europa-nunha-moto-vespa\/","article_publisher":"https:\/\/www.facebook.com\/anovapeneira","article_published_time":"2024-07-18T10:00:28+00:00","og_image":[{"width":720,"height":432,"url":"https:\/\/www.anovapeneira.gal\/wp-content\/uploads\/2024\/07\/xabier_gomez.png","type":"image\/png"}],"author":"Redacci\u00f3n A Nova Peneira","twitter_card":"summary_large_image","twitter_creator":"@APeneira","twitter_site":"@APeneira","twitter_misc":{"Escrito por":"Redacci\u00f3n A Nova Peneira","Tempo de lectura":"2 minutos"},"schema":{"@context":"https:\/\/schema.org","@graph":[{"@type":"Article","@id":"https:\/\/www.anovapeneira.gal\/index.php\/2024\/07\/18\/o-vecino-de-ponteareas-xabier-gomez-inicia-a-aventura-de-percorrer-boa-parte-de-europa-nunha-moto-vespa\/#article","isPartOf":{"@id":"https:\/\/www.anovapeneira.gal\/index.php\/2024\/07\/18\/o-vecino-de-ponteareas-xabier-gomez-inicia-a-aventura-de-percorrer-boa-parte-de-europa-nunha-moto-vespa\/"},"author":{"name":"Redacci\u00f3n A Nova Peneira","@id":"https:\/\/www.anovapeneira.gal\/#\/schema\/person\/b93e3f8932e3f8da96334607eb6ac6aa"},"headline":"O veci\u00f1o de Ponteareas Xabier G\u00f3mez inicia a aventura de percorrer boa parte de Europa nunha moto vespa","datePublished":"2024-07-18T10:00:28+00:00","mainEntityOfPage":{"@id":"https:\/\/www.anovapeneira.gal\/index.php\/2024\/07\/18\/o-vecino-de-ponteareas-xabier-gomez-inicia-a-aventura-de-percorrer-boa-parte-de-europa-nunha-moto-vespa\/"},"wordCount":950,"commentCount":0,"publisher":{"@id":"https:\/\/www.anovapeneira.gal\/#organization"},"image":{"@id":"https:\/\/www.anovapeneira.gal\/index.php\/2024\/07\/18\/o-vecino-de-ponteareas-xabier-gomez-inicia-a-aventura-de-percorrer-boa-parte-de-europa-nunha-moto-vespa\/#primaryimage"},"thumbnailUrl":"https:\/\/www.anovapeneira.gal\/wp-content\/uploads\/2024\/07\/xabier_gomez.png","keywords":["Concello de Ponteareas"],"articleSection":["Condado"],"inLanguage":"gl-ES","potentialAction":[{"@type":"CommentAction","name":"Comment","target":["https:\/\/www.anovapeneira.gal\/index.php\/2024\/07\/18\/o-vecino-de-ponteareas-xabier-gomez-inicia-a-aventura-de-percorrer-boa-parte-de-europa-nunha-moto-vespa\/#respond"]}]},{"@type":"WebPage","@id":"https:\/\/www.anovapeneira.gal\/index.php\/2024\/07\/18\/o-vecino-de-ponteareas-xabier-gomez-inicia-a-aventura-de-percorrer-boa-parte-de-europa-nunha-moto-vespa\/","url":"https:\/\/www.anovapeneira.gal\/index.php\/2024\/07\/18\/o-vecino-de-ponteareas-xabier-gomez-inicia-a-aventura-de-percorrer-boa-parte-de-europa-nunha-moto-vespa\/","name":"O veci\u00f1o de Ponteareas Xabier G\u00f3mez inicia a aventura de percorrer boa parte de Europa nunha moto vespa -","isPartOf":{"@id":"https:\/\/www.anovapeneira.gal\/#website"},"primaryImageOfPage":{"@id":"https:\/\/www.anovapeneira.gal\/index.php\/2024\/07\/18\/o-vecino-de-ponteareas-xabier-gomez-inicia-a-aventura-de-percorrer-boa-parte-de-europa-nunha-moto-vespa\/#primaryimage"},"image":{"@id":"https:\/\/www.anovapeneira.gal\/index.php\/2024\/07\/18\/o-vecino-de-ponteareas-xabier-gomez-inicia-a-aventura-de-percorrer-boa-parte-de-europa-nunha-moto-vespa\/#primaryimage"},"thumbnailUrl":"https:\/\/www.anovapeneira.gal\/wp-content\/uploads\/2024\/07\/xabier_gomez.png","datePublished":"2024-07-18T10:00:28+00:00","breadcrumb":{"@id":"https:\/\/www.anovapeneira.gal\/index.php\/2024\/07\/18\/o-vecino-de-ponteareas-xabier-gomez-inicia-a-aventura-de-percorrer-boa-parte-de-europa-nunha-moto-vespa\/#breadcrumb"},"inLanguage":"gl-ES","potentialAction":[{"@type":"ReadAction","target":["https:\/\/www.anovapeneira.gal\/index.php\/2024\/07\/18\/o-vecino-de-ponteareas-xabier-gomez-inicia-a-aventura-de-percorrer-boa-parte-de-europa-nunha-moto-vespa\/"]}]},{"@type":"ImageObject","inLanguage":"gl-ES","@id":"https:\/\/www.anovapeneira.gal\/index.php\/2024\/07\/18\/o-vecino-de-ponteareas-xabier-gomez-inicia-a-aventura-de-percorrer-boa-parte-de-europa-nunha-moto-vespa\/#primaryimage","url":"https:\/\/www.anovapeneira.gal\/wp-content\/uploads\/2024\/07\/xabier_gomez.png","contentUrl":"https:\/\/www.anovapeneira.gal\/wp-content\/uploads\/2024\/07\/xabier_gomez.png","width":720,"height":432,"caption":"O veci\u00f1o de Ponteareas Xabier G\u00f3mez inicia a aventura de percorrer boa parte de Europa nunha moto vespa"},{"@type":"BreadcrumbList","@id":"https:\/\/www.anovapeneira.gal\/index.php\/2024\/07\/18\/o-vecino-de-ponteareas-xabier-gomez-inicia-a-aventura-de-percorrer-boa-parte-de-europa-nunha-moto-vespa\/#breadcrumb","itemListElement":[{"@type":"ListItem","position":1,"name":"Portada","item":"https:\/\/www.anovapeneira.gal\/"},{"@type":"ListItem","position":2,"name":"O veci\u00f1o de Ponteareas Xabier G\u00f3mez inicia a aventura de percorrer boa parte de Europa nunha moto vespa"}]},{"@type":"WebSite","@id":"https:\/\/www.anovapeneira.gal\/#website","url":"https:\/\/www.anovapeneira.gal\/","name":"","description":"Xornal galego de informaci\u00f3n xeral Publicaci\u00f3n mensual de novas de Galicia e en especial dos Concellos da sur da provincia de Pontevedra.","publisher":{"@id":"https:\/\/www.anovapeneira.gal\/#organization"},"potentialAction":[{"@type":"SearchAction","target":{"@type":"EntryPoint","urlTemplate":"https:\/\/www.anovapeneira.gal\/?s={search_term_string}"},"query-input":{"@type":"PropertyValueSpecification","valueRequired":true,"valueName":"search_term_string"}}],"inLanguage":"gl-ES"},{"@type":"Organization","@id":"https:\/\/www.anovapeneira.gal\/#organization","name":"A Nova Peneira","url":"https:\/\/www.anovapeneira.gal\/","logo":{"@type":"ImageObject","inLanguage":"gl-ES","@id":"https:\/\/www.anovapeneira.gal\/#\/schema\/logo\/image\/","url":"http:\/\/www.anovapeneira.gal\/wp-content\/uploads\/2019\/06\/logo_a_nova_peneira_portal_web.png","contentUrl":"http:\/\/www.anovapeneira.gal\/wp-content\/uploads\/2019\/06\/logo_a_nova_peneira_portal_web.png","width":300,"height":100,"caption":"A Nova Peneira"},"image":{"@id":"https:\/\/www.anovapeneira.gal\/#\/schema\/logo\/image\/"},"sameAs":["https:\/\/www.facebook.com\/anovapeneira","https:\/\/x.com\/APeneira"]},{"@type":"Person","@id":"https:\/\/www.anovapeneira.gal\/#\/schema\/person\/b93e3f8932e3f8da96334607eb6ac6aa","name":"Redacci\u00f3n A Nova Peneira","image":{"@type":"ImageObject","inLanguage":"gl-ES","@id":"https:\/\/secure.gravatar.com\/avatar\/c052a2551a06e23fac63626232eaa90abd78dbcf1700fc46a2b2c89fd27b735f?s=96&d=mm&r=g","url":"https:\/\/secure.gravatar.com\/avatar\/c052a2551a06e23fac63626232eaa90abd78dbcf1700fc46a2b2c89fd27b735f?s=96&d=mm&r=g","contentUrl":"https:\/\/secure.gravatar.com\/avatar\/c052a2551a06e23fac63626232eaa90abd78dbcf1700fc46a2b2c89fd27b735f?s=96&d=mm&r=g","caption":"Redacci\u00f3n A Nova Peneira"},"sameAs":["http:\/\/www.anovapeneira.gal\/"],"url":"https:\/\/www.anovapeneira.gal\/index.php\/author\/redactor\/"}]}},"jetpack_featured_media_url":"https:\/\/www.anovapeneira.gal\/wp-content\/uploads\/2024\/07\/xabier_gomez.png","_links":{"self":[{"href":"https:\/\/www.anovapeneira.gal\/index.php\/wp-json\/wp\/v2\/posts\/12092","targetHints":{"allow":["GET"]}}],"collection":[{"href":"https:\/\/www.anovapeneira.gal\/index.php\/wp-json\/wp\/v2\/posts"}],"about":[{"href":"https:\/\/www.anovapeneira.gal\/index.php\/wp-json\/wp\/v2\/types\/post"}],"author":[{"embeddable":true,"href":"https:\/\/www.anovapeneira.gal\/index.php\/wp-json\/wp\/v2\/users\/3"}],"replies":[{"embeddable":true,"href":"https:\/\/www.anovapeneira.gal\/index.php\/wp-json\/wp\/v2\/comments?post=12092"}],"version-history":[{"count":1,"href":"https:\/\/www.anovapeneira.gal\/index.php\/wp-json\/wp\/v2\/posts\/12092\/revisions"}],"predecessor-version":[{"id":12094,"href":"https:\/\/www.anovapeneira.gal\/index.php\/wp-json\/wp\/v2\/posts\/12092\/revisions\/12094"}],"wp:featuredmedia":[{"embeddable":true,"href":"https:\/\/www.anovapeneira.gal\/index.php\/wp-json\/wp\/v2\/media\/12093"}],"wp:attachment":[{"href":"https:\/\/www.anovapeneira.gal\/index.php\/wp-json\/wp\/v2\/media?parent=12092"}],"wp:term":[{"taxonomy":"category","embeddable":true,"href":"https:\/\/www.anovapeneira.gal\/index.php\/wp-json\/wp\/v2\/categories?post=12092"},{"taxonomy":"post_tag","embeddable":true,"href":"https:\/\/www.anovapeneira.gal\/index.php\/wp-json\/wp\/v2\/tags?post=12092"}],"curies":[{"name":"wp","href":"https:\/\/api.w.org\/{rel}","templated":true}]}}