{"id":12095,"date":"2024-07-19T10:00:54","date_gmt":"2024-07-19T08:00:54","guid":{"rendered":"https:\/\/www.anovapeneira.gal\/?p=12095"},"modified":"2024-07-12T10:09:16","modified_gmt":"2024-07-12T08:09:16","slug":"o-mellor-lugar-do-mundo","status":"publish","type":"post","link":"https:\/\/www.anovapeneira.gal\/index.php\/2024\/07\/19\/o-mellor-lugar-do-mundo\/","title":{"rendered":"O mellor lugar do mundo"},"content":{"rendered":"\n<pre class=\"wp-block-verse\">Paloma Castro Rey DEPUTADA DO PSdeG PSOE<\/pre>\n\n\n\n<p>Xullo \u00e9 un dos meses m\u00e1is felices do ano, os d\u00edas son longos e o ver\u00e1n termina de asentarse tras un xu\u00f1o no que unicamente asoma a cabeza. O optimismo agroma na xente co inicio da tempada de vacaci\u00f3ns (ou a conta atr\u00e1s para chegar a elas).<\/p>\n\n\n\n<p>As\u00ed o sinto eu dende moi nova, ao desfrutar deses anhelados e eternos praceres estivais: deitarme e amencer vendo o mar na casa da mi\u00f1a avoa, co son das ondas e o olor a marea baixa.<\/p>\n\n\n\n<p>O d\u00eda 25 de xullo, a esa indeleble sensaci\u00f3n de eternidade sum\u00e1base tam\u00e9n o son dos gaiteiros que fac\u00edan pasarr\u00faas dende moi cedo pola vila, a ruidosa pirotecnia e as camp\u00e1s que avisaban da misa especial polo d\u00eda do Apostol, sen esquecer o pracer de almorzar as rosquillas de Ponteareas mercadas nun posto ambulante o d\u00eda anterior.<\/p>\n\n\n\n<p>Durante esta xornada suc\u00e9dense os actos festivos, encontros, competici\u00f3ns na praia, a tradicional degustaci\u00f3n do polbo e, como colof\u00f3n, unha tradicional comida familiar na que meu pai colle os fog\u00f3ns e coci\u00f1a unha deliciosa paella.<\/p>\n\n\n\n<p>Entre medias, sempre saco tempo para desfrutar coa mi\u00f1a outra familia, a pol\u00edtica (no senso m\u00e1is ideol\u00f3xico da palabra).<\/p>\n\n\n\n<p>Os\/as socialistas galegos\/as celebramos dende o ano 1998 o d\u00eda 25 de xullo cunha ofrenda floral ante o busto de Castelao, situado no paseo mar\u00edtimo de Rianxo. Unha idea do meu estimado compa\u00f1eiro Ant\u00f3n Louro, que, neses tempos, asum\u00eda o cargo de secretario de organizaci\u00f3n durante os anos que Emilio P\u00e9rez Touri\u00f1o era secretario xeral do PSdeG, e que mantemos ata a actualidade.<\/p>\n\n\n\n<p>Unha \u00e9poca, a do presidente Touri\u00f1o, que os\/as socialistas galegos\/as anhelamos, xa que ti\u00f1amos nas nosas mans a capacidade para cambiar o rumbo da nosa terra e sacala do estancamento na que estaba sumida. Unha \u00e9poca de grandes avances e proxectos, moitos dos cales non puideron ser consolidados, que espero, conf\u00edo e traballo para que volva pronto.<\/p>\n\n\n\n<p>O obxectivo inicial deste acto era visibilizar o noso compromiso galeguista, a trav\u00e9s dunha ofrenda a Castelao, emblema da loita pola nosa identidade e do amor pola nosa terra.<\/p>\n\n\n\n<p>E anos despois, seguimos mantendo esta tradici\u00f3n, xunt\u00e1ndonos para lembrar a importancia e o valor que lle damos \u00e1 nosa matria, e cantando con ledicia o noso himno.<\/p>\n\n\n\n<p>\u00c9 un orgullo desfrutar dun d\u00eda tan especial co noso secretario xeral Jos\u00e9 Ram\u00f3n G\u00f3mez Besteiro e con moitas compa\u00f1eiras e compa\u00f1eiros cos que compartes unha visi\u00f3n com\u00fan do que Galicia significa e do cami\u00f1o que queres que leve.<\/p>\n\n\n\n<p>Un d\u00eda para lembrar, tam\u00e9n, que os\/as socialistas galegos\/as fomos garantes no pasado dun Estatuto de Autonom\u00eda de primeiro nivel fronte a aqueles que tentaban converter ao noso pa\u00eds nunha comunidade de segunda. E para defender a necesidade de dese\u00f1ar un novo Estatuto que responda \u00e1 vontade da cidadan\u00eda, pero tam\u00e9n ao resultado dunha historia, dun territorio, dunha cultura e unha lingua singulares. Reco\u00f1ecer a nosa identidade nacional galega, reivindicar, para o futuro, novos avances no autogoberno, loitar pola consecuci\u00f3n de novos dereitos e novas cotas de benestar para os galegos e as galegas e traballar arreo para acadar soluci\u00f3ns pol\u00edticas e institucionais aos problemas da modernidade.<\/p>\n\n\n\n<p>Non nos cansaremos de defender o dereito dos galegos e galegas a ter unha sociedade moderna e activa, que conviva na pluralidade e poida desenvolver con normalidade as lex\u00edtimas aspiraci\u00f3ns da s\u00faa cidadan\u00eda, nun marco de convivencia democr\u00e1tica en Espa\u00f1a e Europa.<\/p>\n\n\n\n<p>Vivimos no mellor lugar do mundo (<em>\u201cdonde se acaba el mar\u201d <\/em>como di a canci\u00f3n dos Limones), unha terra meiga na que todo pode pasar, que recibe cos brazos abertos a todos os que marcharon e que anhelan volver. Unha terra singular, de costumes e de festa, de ledicia e complicidade\u2026 E o d\u00eda 25 de xullo representa todo isto.<\/p>\n","protected":false},"excerpt":{"rendered":"<div class=\"mh-excerpt\"><p>Xullo \u00e9 un dos meses m\u00e1is felices do ano, os d\u00edas son longos e o ver\u00e1n termina de asentarse tras un xu\u00f1o no que unicamente asoma a cabeza. O optimismo agroma na xente co inicio da tempada de vacaci\u00f3ns (ou a conta atr\u00e1s para chegar a elas) <a class=\"mh-excerpt-more\" href=\"https:\/\/www.anovapeneira.gal\/index.php\/2024\/07\/19\/o-mellor-lugar-do-mundo\/\" title=\"O mellor lugar do mundo\">[&#8230;]<\/a><\/p>\n<\/div>","protected":false},"author":12,"featured_media":12096,"comment_status":"open","ping_status":"open","sticky":false,"template":"","format":"standard","meta":{"_exactmetrics_skip_tracking":false,"_exactmetrics_sitenote_active":false,"_exactmetrics_sitenote_note":"","_exactmetrics_sitenote_category":0,"footnotes":""},"categories":[7],"tags":[1414],"class_list":{"0":"post-12095","1":"post","2":"type-post","3":"status-publish","4":"format-standard","5":"has-post-thumbnail","7":"category-artigos-de-opinion","8":"tag-paloma-castro-rey-deputada-do-psdeg-psoe"},"yoast_head":"<!-- This site is optimized with the Yoast SEO plugin v27.4 - https:\/\/yoast.com\/product\/yoast-seo-wordpress\/ -->\n<title>O mellor lugar do mundo -<\/title>\n<meta name=\"robots\" content=\"index, follow, max-snippet:-1, max-image-preview:large, max-video-preview:-1\" \/>\n<link rel=\"canonical\" href=\"https:\/\/www.anovapeneira.gal\/index.php\/2024\/07\/19\/o-mellor-lugar-do-mundo\/\" \/>\n<meta property=\"og:locale\" content=\"gl_ES\" \/>\n<meta property=\"og:type\" content=\"article\" \/>\n<meta property=\"og:title\" content=\"O mellor lugar do mundo -\" \/>\n<meta property=\"og:description\" content=\"Xullo \u00e9 un dos meses m\u00e1is felices do ano, os d\u00edas son longos e o ver\u00e1n termina de asentarse tras un xu\u00f1o no que unicamente asoma a cabeza. O optimismo agroma na xente co inicio da tempada de vacaci\u00f3ns (ou a conta atr\u00e1s para chegar a elas) [...]\" \/>\n<meta property=\"og:url\" content=\"https:\/\/www.anovapeneira.gal\/index.php\/2024\/07\/19\/o-mellor-lugar-do-mundo\/\" \/>\n<meta property=\"article:publisher\" content=\"https:\/\/www.facebook.com\/anovapeneira\" \/>\n<meta property=\"article:published_time\" content=\"2024-07-19T08:00:54+00:00\" \/>\n<meta property=\"og:image\" content=\"https:\/\/www.anovapeneira.gal\/wp-content\/uploads\/2024\/07\/Paloma-Castro-PSOE.jpg\" \/>\n\t<meta property=\"og:image:width\" content=\"2500\" \/>\n\t<meta property=\"og:image:height\" content=\"1875\" \/>\n\t<meta property=\"og:image:type\" content=\"image\/jpeg\" \/>\n<meta name=\"author\" content=\"Artigos Opini\u00f3n\" \/>\n<meta name=\"twitter:card\" content=\"summary_large_image\" \/>\n<meta name=\"twitter:creator\" content=\"@APeneira\" \/>\n<meta name=\"twitter:site\" content=\"@APeneira\" \/>\n<meta name=\"twitter:label1\" content=\"Escrito por\" \/>\n\t<meta name=\"twitter:data1\" content=\"Artigos Opini\u00f3n\" \/>\n\t<meta name=\"twitter:label2\" content=\"Tempo de lectura\" \/>\n\t<meta name=\"twitter:data2\" content=\"4 minutos\" \/>\n<script type=\"application\/ld+json\" class=\"yoast-schema-graph\">{\"@context\":\"https:\\\/\\\/schema.org\",\"@graph\":[{\"@type\":\"Article\",\"@id\":\"https:\\\/\\\/www.anovapeneira.gal\\\/index.php\\\/2024\\\/07\\\/19\\\/o-mellor-lugar-do-mundo\\\/#article\",\"isPartOf\":{\"@id\":\"https:\\\/\\\/www.anovapeneira.gal\\\/index.php\\\/2024\\\/07\\\/19\\\/o-mellor-lugar-do-mundo\\\/\"},\"author\":{\"name\":\"Artigos Opini\u00f3n\",\"@id\":\"https:\\\/\\\/www.anovapeneira.gal\\\/#\\\/schema\\\/person\\\/f18a4feb302e8f20bcef4490b5b60bb3\"},\"headline\":\"O mellor lugar do mundo\",\"datePublished\":\"2024-07-19T08:00:54+00:00\",\"mainEntityOfPage\":{\"@id\":\"https:\\\/\\\/www.anovapeneira.gal\\\/index.php\\\/2024\\\/07\\\/19\\\/o-mellor-lugar-do-mundo\\\/\"},\"wordCount\":689,\"commentCount\":0,\"publisher\":{\"@id\":\"https:\\\/\\\/www.anovapeneira.gal\\\/#organization\"},\"image\":{\"@id\":\"https:\\\/\\\/www.anovapeneira.gal\\\/index.php\\\/2024\\\/07\\\/19\\\/o-mellor-lugar-do-mundo\\\/#primaryimage\"},\"thumbnailUrl\":\"https:\\\/\\\/www.anovapeneira.gal\\\/wp-content\\\/uploads\\\/2024\\\/07\\\/Paloma-Castro-PSOE.jpg\",\"keywords\":[\"Paloma Castro Rey DEPUTADA DO PSdeG PSOE\"],\"articleSection\":[\"Artigos de opini\u00f3n\"],\"inLanguage\":\"gl-ES\",\"potentialAction\":[{\"@type\":\"CommentAction\",\"name\":\"Comment\",\"target\":[\"https:\\\/\\\/www.anovapeneira.gal\\\/index.php\\\/2024\\\/07\\\/19\\\/o-mellor-lugar-do-mundo\\\/#respond\"]}]},{\"@type\":\"WebPage\",\"@id\":\"https:\\\/\\\/www.anovapeneira.gal\\\/index.php\\\/2024\\\/07\\\/19\\\/o-mellor-lugar-do-mundo\\\/\",\"url\":\"https:\\\/\\\/www.anovapeneira.gal\\\/index.php\\\/2024\\\/07\\\/19\\\/o-mellor-lugar-do-mundo\\\/\",\"name\":\"O mellor lugar do mundo -\",\"isPartOf\":{\"@id\":\"https:\\\/\\\/www.anovapeneira.gal\\\/#website\"},\"primaryImageOfPage\":{\"@id\":\"https:\\\/\\\/www.anovapeneira.gal\\\/index.php\\\/2024\\\/07\\\/19\\\/o-mellor-lugar-do-mundo\\\/#primaryimage\"},\"image\":{\"@id\":\"https:\\\/\\\/www.anovapeneira.gal\\\/index.php\\\/2024\\\/07\\\/19\\\/o-mellor-lugar-do-mundo\\\/#primaryimage\"},\"thumbnailUrl\":\"https:\\\/\\\/www.anovapeneira.gal\\\/wp-content\\\/uploads\\\/2024\\\/07\\\/Paloma-Castro-PSOE.jpg\",\"datePublished\":\"2024-07-19T08:00:54+00:00\",\"breadcrumb\":{\"@id\":\"https:\\\/\\\/www.anovapeneira.gal\\\/index.php\\\/2024\\\/07\\\/19\\\/o-mellor-lugar-do-mundo\\\/#breadcrumb\"},\"inLanguage\":\"gl-ES\",\"potentialAction\":[{\"@type\":\"ReadAction\",\"target\":[\"https:\\\/\\\/www.anovapeneira.gal\\\/index.php\\\/2024\\\/07\\\/19\\\/o-mellor-lugar-do-mundo\\\/\"]}]},{\"@type\":\"ImageObject\",\"inLanguage\":\"gl-ES\",\"@id\":\"https:\\\/\\\/www.anovapeneira.gal\\\/index.php\\\/2024\\\/07\\\/19\\\/o-mellor-lugar-do-mundo\\\/#primaryimage\",\"url\":\"https:\\\/\\\/www.anovapeneira.gal\\\/wp-content\\\/uploads\\\/2024\\\/07\\\/Paloma-Castro-PSOE.jpg\",\"contentUrl\":\"https:\\\/\\\/www.anovapeneira.gal\\\/wp-content\\\/uploads\\\/2024\\\/07\\\/Paloma-Castro-PSOE.jpg\",\"width\":2500,\"height\":1875,\"caption\":\"Paloma Castro Rey DEPUTADA DO PSdeG PSOE\"},{\"@type\":\"BreadcrumbList\",\"@id\":\"https:\\\/\\\/www.anovapeneira.gal\\\/index.php\\\/2024\\\/07\\\/19\\\/o-mellor-lugar-do-mundo\\\/#breadcrumb\",\"itemListElement\":[{\"@type\":\"ListItem\",\"position\":1,\"name\":\"Portada\",\"item\":\"https:\\\/\\\/www.anovapeneira.gal\\\/\"},{\"@type\":\"ListItem\",\"position\":2,\"name\":\"O mellor lugar do mundo\"}]},{\"@type\":\"WebSite\",\"@id\":\"https:\\\/\\\/www.anovapeneira.gal\\\/#website\",\"url\":\"https:\\\/\\\/www.anovapeneira.gal\\\/\",\"name\":\"\",\"description\":\"Xornal galego de informaci\u00f3n xeral Publicaci\u00f3n mensual de novas de Galicia e en especial dos Concellos da sur da provincia de Pontevedra.\",\"publisher\":{\"@id\":\"https:\\\/\\\/www.anovapeneira.gal\\\/#organization\"},\"potentialAction\":[{\"@type\":\"SearchAction\",\"target\":{\"@type\":\"EntryPoint\",\"urlTemplate\":\"https:\\\/\\\/www.anovapeneira.gal\\\/?s={search_term_string}\"},\"query-input\":{\"@type\":\"PropertyValueSpecification\",\"valueRequired\":true,\"valueName\":\"search_term_string\"}}],\"inLanguage\":\"gl-ES\"},{\"@type\":\"Organization\",\"@id\":\"https:\\\/\\\/www.anovapeneira.gal\\\/#organization\",\"name\":\"A Nova Peneira\",\"url\":\"https:\\\/\\\/www.anovapeneira.gal\\\/\",\"logo\":{\"@type\":\"ImageObject\",\"inLanguage\":\"gl-ES\",\"@id\":\"https:\\\/\\\/www.anovapeneira.gal\\\/#\\\/schema\\\/logo\\\/image\\\/\",\"url\":\"http:\\\/\\\/www.anovapeneira.gal\\\/wp-content\\\/uploads\\\/2019\\\/06\\\/logo_a_nova_peneira_portal_web.png\",\"contentUrl\":\"http:\\\/\\\/www.anovapeneira.gal\\\/wp-content\\\/uploads\\\/2019\\\/06\\\/logo_a_nova_peneira_portal_web.png\",\"width\":300,\"height\":100,\"caption\":\"A Nova Peneira\"},\"image\":{\"@id\":\"https:\\\/\\\/www.anovapeneira.gal\\\/#\\\/schema\\\/logo\\\/image\\\/\"},\"sameAs\":[\"https:\\\/\\\/www.facebook.com\\\/anovapeneira\",\"https:\\\/\\\/x.com\\\/APeneira\"]},{\"@type\":\"Person\",\"@id\":\"https:\\\/\\\/www.anovapeneira.gal\\\/#\\\/schema\\\/person\\\/f18a4feb302e8f20bcef4490b5b60bb3\",\"name\":\"Artigos Opini\u00f3n\",\"image\":{\"@type\":\"ImageObject\",\"inLanguage\":\"gl-ES\",\"@id\":\"https:\\\/\\\/secure.gravatar.com\\\/avatar\\\/072844300f4881150aee2da4278f7a65d16eefdf8262eb67085f1e702de2b959?s=96&d=mm&r=g\",\"url\":\"https:\\\/\\\/secure.gravatar.com\\\/avatar\\\/072844300f4881150aee2da4278f7a65d16eefdf8262eb67085f1e702de2b959?s=96&d=mm&r=g\",\"contentUrl\":\"https:\\\/\\\/secure.gravatar.com\\\/avatar\\\/072844300f4881150aee2da4278f7a65d16eefdf8262eb67085f1e702de2b959?s=96&d=mm&r=g\",\"caption\":\"Artigos Opini\u00f3n\"},\"sameAs\":[\"http:\\\/\\\/anovapeneira.gal\"],\"url\":\"https:\\\/\\\/www.anovapeneira.gal\\\/index.php\\\/author\\\/artigosopinion\\\/\"}]}<\/script>\n<!-- \/ Yoast SEO plugin. -->","yoast_head_json":{"title":"O mellor lugar do mundo -","robots":{"index":"index","follow":"follow","max-snippet":"max-snippet:-1","max-image-preview":"max-image-preview:large","max-video-preview":"max-video-preview:-1"},"canonical":"https:\/\/www.anovapeneira.gal\/index.php\/2024\/07\/19\/o-mellor-lugar-do-mundo\/","og_locale":"gl_ES","og_type":"article","og_title":"O mellor lugar do mundo -","og_description":"Xullo \u00e9 un dos meses m\u00e1is felices do ano, os d\u00edas son longos e o ver\u00e1n termina de asentarse tras un xu\u00f1o no que unicamente asoma a cabeza. O optimismo agroma na xente co inicio da tempada de vacaci\u00f3ns (ou a conta atr\u00e1s para chegar a elas) [...]","og_url":"https:\/\/www.anovapeneira.gal\/index.php\/2024\/07\/19\/o-mellor-lugar-do-mundo\/","article_publisher":"https:\/\/www.facebook.com\/anovapeneira","article_published_time":"2024-07-19T08:00:54+00:00","og_image":[{"width":2500,"height":1875,"url":"https:\/\/www.anovapeneira.gal\/wp-content\/uploads\/2024\/07\/Paloma-Castro-PSOE.jpg","type":"image\/jpeg"}],"author":"Artigos Opini\u00f3n","twitter_card":"summary_large_image","twitter_creator":"@APeneira","twitter_site":"@APeneira","twitter_misc":{"Escrito por":"Artigos Opini\u00f3n","Tempo de lectura":"4 minutos"},"schema":{"@context":"https:\/\/schema.org","@graph":[{"@type":"Article","@id":"https:\/\/www.anovapeneira.gal\/index.php\/2024\/07\/19\/o-mellor-lugar-do-mundo\/#article","isPartOf":{"@id":"https:\/\/www.anovapeneira.gal\/index.php\/2024\/07\/19\/o-mellor-lugar-do-mundo\/"},"author":{"name":"Artigos Opini\u00f3n","@id":"https:\/\/www.anovapeneira.gal\/#\/schema\/person\/f18a4feb302e8f20bcef4490b5b60bb3"},"headline":"O mellor lugar do mundo","datePublished":"2024-07-19T08:00:54+00:00","mainEntityOfPage":{"@id":"https:\/\/www.anovapeneira.gal\/index.php\/2024\/07\/19\/o-mellor-lugar-do-mundo\/"},"wordCount":689,"commentCount":0,"publisher":{"@id":"https:\/\/www.anovapeneira.gal\/#organization"},"image":{"@id":"https:\/\/www.anovapeneira.gal\/index.php\/2024\/07\/19\/o-mellor-lugar-do-mundo\/#primaryimage"},"thumbnailUrl":"https:\/\/www.anovapeneira.gal\/wp-content\/uploads\/2024\/07\/Paloma-Castro-PSOE.jpg","keywords":["Paloma Castro Rey DEPUTADA DO PSdeG PSOE"],"articleSection":["Artigos de opini\u00f3n"],"inLanguage":"gl-ES","potentialAction":[{"@type":"CommentAction","name":"Comment","target":["https:\/\/www.anovapeneira.gal\/index.php\/2024\/07\/19\/o-mellor-lugar-do-mundo\/#respond"]}]},{"@type":"WebPage","@id":"https:\/\/www.anovapeneira.gal\/index.php\/2024\/07\/19\/o-mellor-lugar-do-mundo\/","url":"https:\/\/www.anovapeneira.gal\/index.php\/2024\/07\/19\/o-mellor-lugar-do-mundo\/","name":"O mellor lugar do mundo -","isPartOf":{"@id":"https:\/\/www.anovapeneira.gal\/#website"},"primaryImageOfPage":{"@id":"https:\/\/www.anovapeneira.gal\/index.php\/2024\/07\/19\/o-mellor-lugar-do-mundo\/#primaryimage"},"image":{"@id":"https:\/\/www.anovapeneira.gal\/index.php\/2024\/07\/19\/o-mellor-lugar-do-mundo\/#primaryimage"},"thumbnailUrl":"https:\/\/www.anovapeneira.gal\/wp-content\/uploads\/2024\/07\/Paloma-Castro-PSOE.jpg","datePublished":"2024-07-19T08:00:54+00:00","breadcrumb":{"@id":"https:\/\/www.anovapeneira.gal\/index.php\/2024\/07\/19\/o-mellor-lugar-do-mundo\/#breadcrumb"},"inLanguage":"gl-ES","potentialAction":[{"@type":"ReadAction","target":["https:\/\/www.anovapeneira.gal\/index.php\/2024\/07\/19\/o-mellor-lugar-do-mundo\/"]}]},{"@type":"ImageObject","inLanguage":"gl-ES","@id":"https:\/\/www.anovapeneira.gal\/index.php\/2024\/07\/19\/o-mellor-lugar-do-mundo\/#primaryimage","url":"https:\/\/www.anovapeneira.gal\/wp-content\/uploads\/2024\/07\/Paloma-Castro-PSOE.jpg","contentUrl":"https:\/\/www.anovapeneira.gal\/wp-content\/uploads\/2024\/07\/Paloma-Castro-PSOE.jpg","width":2500,"height":1875,"caption":"Paloma Castro Rey DEPUTADA DO PSdeG PSOE"},{"@type":"BreadcrumbList","@id":"https:\/\/www.anovapeneira.gal\/index.php\/2024\/07\/19\/o-mellor-lugar-do-mundo\/#breadcrumb","itemListElement":[{"@type":"ListItem","position":1,"name":"Portada","item":"https:\/\/www.anovapeneira.gal\/"},{"@type":"ListItem","position":2,"name":"O mellor lugar do mundo"}]},{"@type":"WebSite","@id":"https:\/\/www.anovapeneira.gal\/#website","url":"https:\/\/www.anovapeneira.gal\/","name":"","description":"Xornal galego de informaci\u00f3n xeral Publicaci\u00f3n mensual de novas de Galicia e en especial dos Concellos da sur da provincia de Pontevedra.","publisher":{"@id":"https:\/\/www.anovapeneira.gal\/#organization"},"potentialAction":[{"@type":"SearchAction","target":{"@type":"EntryPoint","urlTemplate":"https:\/\/www.anovapeneira.gal\/?s={search_term_string}"},"query-input":{"@type":"PropertyValueSpecification","valueRequired":true,"valueName":"search_term_string"}}],"inLanguage":"gl-ES"},{"@type":"Organization","@id":"https:\/\/www.anovapeneira.gal\/#organization","name":"A Nova Peneira","url":"https:\/\/www.anovapeneira.gal\/","logo":{"@type":"ImageObject","inLanguage":"gl-ES","@id":"https:\/\/www.anovapeneira.gal\/#\/schema\/logo\/image\/","url":"http:\/\/www.anovapeneira.gal\/wp-content\/uploads\/2019\/06\/logo_a_nova_peneira_portal_web.png","contentUrl":"http:\/\/www.anovapeneira.gal\/wp-content\/uploads\/2019\/06\/logo_a_nova_peneira_portal_web.png","width":300,"height":100,"caption":"A Nova Peneira"},"image":{"@id":"https:\/\/www.anovapeneira.gal\/#\/schema\/logo\/image\/"},"sameAs":["https:\/\/www.facebook.com\/anovapeneira","https:\/\/x.com\/APeneira"]},{"@type":"Person","@id":"https:\/\/www.anovapeneira.gal\/#\/schema\/person\/f18a4feb302e8f20bcef4490b5b60bb3","name":"Artigos Opini\u00f3n","image":{"@type":"ImageObject","inLanguage":"gl-ES","@id":"https:\/\/secure.gravatar.com\/avatar\/072844300f4881150aee2da4278f7a65d16eefdf8262eb67085f1e702de2b959?s=96&d=mm&r=g","url":"https:\/\/secure.gravatar.com\/avatar\/072844300f4881150aee2da4278f7a65d16eefdf8262eb67085f1e702de2b959?s=96&d=mm&r=g","contentUrl":"https:\/\/secure.gravatar.com\/avatar\/072844300f4881150aee2da4278f7a65d16eefdf8262eb67085f1e702de2b959?s=96&d=mm&r=g","caption":"Artigos Opini\u00f3n"},"sameAs":["http:\/\/anovapeneira.gal"],"url":"https:\/\/www.anovapeneira.gal\/index.php\/author\/artigosopinion\/"}]}},"jetpack_featured_media_url":"https:\/\/www.anovapeneira.gal\/wp-content\/uploads\/2024\/07\/Paloma-Castro-PSOE.jpg","_links":{"self":[{"href":"https:\/\/www.anovapeneira.gal\/index.php\/wp-json\/wp\/v2\/posts\/12095","targetHints":{"allow":["GET"]}}],"collection":[{"href":"https:\/\/www.anovapeneira.gal\/index.php\/wp-json\/wp\/v2\/posts"}],"about":[{"href":"https:\/\/www.anovapeneira.gal\/index.php\/wp-json\/wp\/v2\/types\/post"}],"author":[{"embeddable":true,"href":"https:\/\/www.anovapeneira.gal\/index.php\/wp-json\/wp\/v2\/users\/12"}],"replies":[{"embeddable":true,"href":"https:\/\/www.anovapeneira.gal\/index.php\/wp-json\/wp\/v2\/comments?post=12095"}],"version-history":[{"count":1,"href":"https:\/\/www.anovapeneira.gal\/index.php\/wp-json\/wp\/v2\/posts\/12095\/revisions"}],"predecessor-version":[{"id":12097,"href":"https:\/\/www.anovapeneira.gal\/index.php\/wp-json\/wp\/v2\/posts\/12095\/revisions\/12097"}],"wp:featuredmedia":[{"embeddable":true,"href":"https:\/\/www.anovapeneira.gal\/index.php\/wp-json\/wp\/v2\/media\/12096"}],"wp:attachment":[{"href":"https:\/\/www.anovapeneira.gal\/index.php\/wp-json\/wp\/v2\/media?parent=12095"}],"wp:term":[{"taxonomy":"category","embeddable":true,"href":"https:\/\/www.anovapeneira.gal\/index.php\/wp-json\/wp\/v2\/categories?post=12095"},{"taxonomy":"post_tag","embeddable":true,"href":"https:\/\/www.anovapeneira.gal\/index.php\/wp-json\/wp\/v2\/tags?post=12095"}],"curies":[{"name":"wp","href":"https:\/\/api.w.org\/{rel}","templated":true}]}}