{"id":12098,"date":"2024-07-19T12:00:58","date_gmt":"2024-07-19T10:00:58","guid":{"rendered":"https:\/\/www.anovapeneira.gal\/?p=12098"},"modified":"2024-07-13T13:00:19","modified_gmt":"2024-07-13T11:00:19","slug":"anxo-baz-portavoz-do-bng-de-a-guarda","status":"publish","type":"post","link":"https:\/\/www.anovapeneira.gal\/index.php\/2024\/07\/19\/anxo-baz-portavoz-do-bng-de-a-guarda\/","title":{"rendered":"Anxo Baz portavoz do BNG de A Guarda"},"content":{"rendered":"\n<p>Nas \u00faltimas elecci\u00f3ns municipais todo parec\u00eda apuntar a que o BNG acadar\u00eda, por primeira vez na s\u00faa historia, a alcald\u00eda da Guarda. A fin de ciclo socialista era evidente para calquera que se tomara a molestia de patear minimamente as r\u00faas da localidade. Pero os dous concelleiros que perdeu o grupo socialista foron para os populares, o segundo por menos de 20 votos, e as\u00ed ,con inmensas doses de fortuna, este concello caeu nas mans do PP tras asinar un estra\u00f1o pacto cun concelleiro que presuntamente representa \u00e1 ultra esquerda guardesa.<\/p>\n\n\n\n<p>Cada vez que os cami\u00f1os da vida me levan a parar na fermosa vila de A Guarda non podo evitar lembrar cun sorriso e certa tenrura, \u00e1 localidade natal do voceiro parlamentar do PPdeG, Alberto Pazos, Redondela. Nesta localidade houbo un pacto de goberno no que o BNG investiu a unha alcaldesa socialista. Unha das condici\u00f3ns do pacto era que o BNG puidese dispo\u00f1er dunha persoa de confianza contratada. E o PP desenvolveu unha fort\u00edsima campa\u00f1a contra ese pacto, acusando \u00e1 alcaldesa de Redondela de \u201c comprar o seu posto\u201d cos cartos do Concello. Si, o mesmo PP que na Guarda asina un acordo cun suposto republicano de ultra esquerda ao que lle d\u00e1 cargo e soldo.<\/p>\n\n\n\n<p>Na anterior edici\u00f3n da nosa publicaci\u00f3n co\u00f1ecemos a valoraci\u00f3n da voceira socialista F\u00e1tima Rodr\u00edguez, acerca do estado das cousas na Guarda, e hoxe fac\u00e9molo con Anxo Baz o l\u00edder dos nacionalistas.<\/p>\n\n\n\n<p>Sobre Anxo quero dicir o mesmo que xa dixen algunha vez: non sei, porque non te\u00f1o a capacidade de ver o futuro, se alg\u00fan d\u00eda ser\u00e1 alcalde de A Guarda, pero si sei , porque co\u00f1ezo ben as s\u00faas cualidades humanas e a s\u00faa val\u00eda intelectual, que se alg\u00fan d\u00eda a maior\u00eda da sociedade guardesa o distingue coa s\u00faa confianza nunca lla vai retirar.<\/p>\n\n\n\n<h2 class=\"wp-block-heading\">\u201c<strong>A Guarda ten un alcalde ausente,mentireiro e opaco\u201d<\/strong><\/h2>\n\n\n\n<h2 class=\"wp-block-heading\"><strong>1 ano e 3 meses despois de iniciado o mandato cal \u00e9 a valoraci\u00f3n do BNG sobre o goberno do alcalde Roberto Carrero?<\/strong><\/h2>\n\n\n\n<h2 class=\"wp-block-heading\">A Guarda ten un alcalde ausente, limitado, non cumpridor, mentireiro e opaco.<\/h2>\n\n\n\n<p><strong>Ausente por que?<\/strong><\/p>\n\n\n\n<blockquote class=\"wp-block-quote is-layout-flow wp-block-quote-is-layout-flow\">\n<p>Un alcalde debe de estar para atender \u00e1 veci\u00f1anza sempre, e cando se trata de asuntos de certa relevancia non pode non estar de ningunha das maneiras. A administraci\u00f3n municipal ten que estar para resolver os problemas que afecten \u00e1 veci\u00f1anza e por po\u00f1er un exemplo: con algo tan sensible como os numerosos erros do catastro, o alcalde non pode tardar, como tardou, 13 d\u00edas en recibir \u00e1 comisi\u00f3n de afectados e afectadas.<\/p>\n<\/blockquote>\n\n\n\n<p><strong>Opaco por que?<\/strong><\/p>\n\n\n\n<blockquote class=\"wp-block-quote is-layout-flow wp-block-quote-is-layout-flow\">\n<p>Eliminou as retransmisi\u00f3ns dos plenos desde que chegou ao goberno.<\/p>\n<\/blockquote>\n\n\n\n<p><strong>Mentireiro por que?<\/strong><\/p>\n\n\n\n<blockquote class=\"wp-block-quote is-layout-flow wp-block-quote-is-layout-flow\">\n<p>Seguindo co asunto do catastro: el prometeu que en 10 d\u00edas ter\u00eda lista unha oficina t\u00e9cnica para axudar \u00e1 veci\u00f1anza con este tema. A d\u00eda de hoxe ( 10\/07), 20 d\u00edas despois, a\u00ednda non sabemos nada da devandita oficina.<\/p>\n<\/blockquote>\n\n\n\n<blockquote class=\"wp-block-quote is-layout-flow wp-block-quote-is-layout-flow\">\n<p>Hai numerosos exemplos en relaci\u00f3n ao seu pouco respecto \u00e1 verdade. Poder\u00eda citar tam\u00e9n que hai poucos d\u00edas acabamos de aprobar con cargo ao remanente de cr\u00e9dito do orzamento do ano pasado, unha partida para mellorar a senda peonil entre o porto e a desembocadura do r\u00edo Mi\u00f1o. \u00c9 dicir o que manifestou sobre que non hab\u00eda cartos era falso. Si os hab\u00eda.<\/p>\n<\/blockquote>\n\n\n\n<p><strong>A suposta cat\u00e1strofe na que este goberno manifestou atopar as finanzas municipais, cando chegaron, era ent\u00f3n unha mentira do PP?<\/strong><\/p>\n\n\n\n<blockquote class=\"wp-block-quote is-layout-flow wp-block-quote-is-layout-flow\">\n<p>Si, era unha trola. Cando manifestaron esa suposta situaci\u00f3n catastr\u00f3fica das finanzas do Concello, en realidade estaban a agochar as s\u00faas eivas e limitaci\u00f3ns cunha mentira.<\/p>\n<\/blockquote>\n\n\n\n<p><strong>Expl\u00edcanos como est\u00e1 a situaci\u00f3n do conflito do catastro?<\/strong><\/p>\n\n\n\n<blockquote class=\"wp-block-quote is-layout-flow wp-block-quote-is-layout-flow\">\n<p>\u00c9 unha actualizaci\u00f3n, que se est\u00e1 a facer, e que parece que se precisaba no sentido de que \u00e9 necesario regularizar o que estivera irregular. Pero non se est\u00e1 a facer ben, hai numerosos casos nos que non se axusta \u00e1 realidade. Co\u00f1ecemos veci\u00f1os aos que se lle duplica o n\u00famero de metros que te\u00f1en, aos que lle po\u00f1en na s\u00faa propiedade fincas que non son s\u00faas&#8230;.e numerosas incidencias que en ocasi\u00f3ns obrigan a que haxa veci\u00f1os que te\u00f1an que pagar do seu peto un top\u00f3grafo para que lles axude a ama\u00f1ar, facer reclamaci\u00f3ns&#8230;.<\/p>\n<\/blockquote>\n\n\n\n<p><strong>O volume de incidencias \u00e9 numeroso?<\/strong><\/p>\n\n\n\n<blockquote class=\"wp-block-quote is-layout-flow wp-block-quote-is-layout-flow\">\n<p>Si, si que o \u00e9. O BNG achegouse \u00e1s parroquias e lugares e comprobou que son moitas as persoas que sofren este tipo de serios problemas. De feito \u00e1 moitos veci\u00f1os non lles \u00e9 posible atopar un top\u00f3grafo porque os que hai est\u00e1n desbordados pola grande cantidade de erros e eivas que existen.<\/p>\n<\/blockquote>\n\n\n\n<p><strong>En relaci\u00f3n ao que me contabas dos cartos do remanente para mellorar a senda peonil entre o porto e a desembocadura do r\u00edo: por que se vai facer esa actuaci\u00f3n?, en pleno ver\u00e1n est\u00e1 tan mal esa senda?<\/strong><\/p>\n\n\n\n<blockquote class=\"wp-block-quote is-layout-flow wp-block-quote-is-layout-flow\">\n<p>Si, est\u00e1 en moi mal estado. Non s\u00f3 esa sen\u00f3n m\u00e1is infraestruturas. En xeral a actuaci\u00f3n do goberno en relaci\u00f3n co mantemento, limpeza e roces \u00e9 moi deficiente. E no caso deste alcalde iso \u00e9 moi grave pois cando estaba na oposici\u00f3n, ao carecer de proxecto de vila, botou man de maneira sistem\u00e1tica deste tipo de eivas.<\/p>\n<\/blockquote>\n\n\n\n<p><strong>Ref\u00edreste aos seus famosos v\u00eddeos?<\/strong><\/p>\n\n\n\n<blockquote class=\"wp-block-quote is-layout-flow wp-block-quote-is-layout-flow\">\n<p>Si, a iso me refiro. El \u00e9 plenamente consciente das limitaci\u00f3ns que ten unha administraci\u00f3n municipal e cando estaba na oposici\u00f3n fixo o que fixo e agora est\u00e1selle volvendo en contra.<\/p>\n<\/blockquote>\n\n\n\n<p><strong>Como foi, ao tru xu\u00edzo, a recente festa da Langosta?<\/strong><\/p>\n\n\n\n<blockquote class=\"wp-block-quote is-layout-flow wp-block-quote-is-layout-flow\">\n<p>Esta \u00e9 unha das festas m\u00e1is importantes da Guarda. Hai tempo que funciona ben .Pero baixo o meu punto de vista debemos darlle un plus de calidade no sentido de que ,neses d\u00edas, A Guarda est\u00e1 tan ateigada que hai xente que ven comer ou a gozar da festa e non pode facelo. O modelo de turismo de masas que s\u00f3 busca traer milleiros de persoas en datas concretas non \u00e9 o modelo do BNG.<\/p>\n<\/blockquote>\n\n\n\n<p><strong>Ese modelo de turismo de masas afecta \u00e1 calidade de vida da veci\u00f1anza de A Guarda nos meses de ver\u00e1n?<\/strong><\/p>\n\n\n\n<blockquote class=\"wp-block-quote is-layout-flow wp-block-quote-is-layout-flow\">\n<p>Si, indiscutiblemente si. E cada vez \u00e9 m\u00e1is notorio. Afecta en moitas cuesti\u00f3ns, non s\u00f3 no d\u00eda a d\u00eda, que tam\u00e9n, sen\u00f3n en aspectos moi graves como por exemplo o acceso \u00e1 vivenda.<\/p>\n<\/blockquote>\n\n\n\n<p>P<strong>ara un mozo ou unha moza da Guarda que se queira independizar \u00e9 complicado acceder a unha vivenda digna <\/strong><strong>a prezos razoables.<\/strong><strong>?<\/strong><\/p>\n\n\n\n<blockquote class=\"wp-block-quote is-layout-flow wp-block-quote-is-layout-flow\">\n<p>Dicir que \u00e9 complicado \u00e9 ser moi optimista. Non \u00e9 posible atopar vivendas en alugueiro a prezos razoables, o que obriga a moitos mozos e mozas a non ter outra opci\u00f3n que marchar a vilas veci\u00f1as.<\/p>\n<\/blockquote>\n\n\n\n<p><strong>A conexi\u00f3n con Caminha por transbordador segue sen arranxarse?<\/strong><\/p>\n\n\n\n<blockquote class=\"wp-block-quote is-layout-flow wp-block-quote-is-layout-flow\">\n<p>Eu no \u00faltimo pleno pregunteille ao alcalde cantos veci\u00f1os utilizaron a soluci\u00f3n que el vendeu a bombo e prato ,o chamado \u201c Xacobeo transfer\u201d, e non soubo contestarme.<\/p>\n<\/blockquote>\n\n\n\n<p><strong>En que consiste ese servizo?<\/strong><\/p>\n\n\n\n<blockquote class=\"wp-block-quote is-layout-flow wp-block-quote-is-layout-flow\">\n<p>Comezou sendo d\u00faas lanchas el\u00e9ctricas coa promesa de que unha delas \u00eda cambiarse por unha embarcaci\u00f3n m\u00e1is ampla, pero as lanchas acabaron por marchar a agora temos d\u00faas planadoras como poden ser as que traballan no r\u00edo para a campa\u00f1a da lamprea ou da angula.<\/p>\n<\/blockquote>\n\n\n\n<p><strong>Sabemos se este goberno ten a intenci\u00f3n de facer algo na finca de F\u00ednola?<\/strong><\/p>\n\n\n\n<blockquote class=\"wp-block-quote is-layout-flow wp-block-quote-is-layout-flow\">\n<p>Este goberno non ten proxecto de vila e en consecuencia tampouco desenvolve ning\u00fan plan para chegar a acadar obxectivos que non ten. S\u00f3 se limita \u00e1 xesti\u00f3n do d\u00eda a d\u00eda, e moi atento ao paso que lle marca ao BNG. Polo tanto das cousas que non lle interesa que se fale, porque carece de proxecto para elas, non fala. Esta finca pola que me preguntas \u00e9 un dos asuntos dos que non fala.<\/p>\n<\/blockquote>\n\n\n\n<p><strong>De que outros asuntos non fala?<\/strong><\/p>\n\n\n\n<blockquote class=\"wp-block-quote is-layout-flow wp-block-quote-is-layout-flow\">\n<p>Do novo acceso ao porto, da conexi\u00f3n Caminha A Guarda ou do estado da sanidade por exemplo.<\/p>\n<\/blockquote>\n\n\n\n<p><strong>Como valoras o funcionamento das conceller\u00edas comunistas deste goberno do PP?<\/strong><\/p>\n\n\n\n<blockquote class=\"wp-block-quote is-layout-flow wp-block-quote-is-layout-flow\">\n<p>Vemos como agora, o concelleiro ao que te refires, saca peito da reforma do pavill\u00f3n, algo polo que no seu d\u00eda votara en contra. Por outra parte neste ano non moveu ficha no tema do auditorio municipal, e tampouco ten redactado un proxecto de reforma integral da piscina o que pon en risco unha subvenci\u00f3n de 1.500.000\u20ac. Un ano en branco, peor que en branco dir\u00eda eu. A renuncia a d\u00faas subvenci\u00f3ns, unha de memoria hist\u00f3rica e outra para cuesti\u00f3ns ling\u00fc\u00edsticas , fala ben as claras de en que tipo de mans est\u00e1n esas conceller\u00edas.<\/p>\n<\/blockquote>\n\n\n\n<p><strong>Como est\u00e1 a sa\u00fade interna do BNG da Guarda?<\/strong><\/p>\n\n\n\n<blockquote class=\"wp-block-quote is-layout-flow wp-block-quote-is-layout-flow\">\n<p>Creo que no mellor momento da historia do BNG da Guarda, polo menos no mellor momento da s\u00faa historia recente. O PP tivo moita sorte , se nas \u00faltimas municipais tivera tido 18 votos menos ter\u00eda perdido un concelleiro e non lle dar\u00eda para ter a alcald\u00eda.<\/p>\n<\/blockquote>\n\n\n\n<p><strong>S\u00f3 18 votos separaron ao BNG da alcald\u00eda da Guarda\u00a1\u00a1\u00a1 e non foi frustrante para ti?<\/strong><\/p>\n\n\n\n<blockquote class=\"wp-block-quote is-layout-flow wp-block-quote-is-layout-flow\">\n<p>Home, estar tan preto e non chegar decepciona, claro que si. Pero eu prefiro quedarme na visi\u00f3n positiva de que estamos no cami\u00f1o correcto. O BNG \u00e9 alternativa seria, solvente e rigorosa \u00e1 falta de modelo e de proxecto do PP. N\u00f3s si o temos e seguiremos batendo sen pausa ata chegar a conquistar a maior\u00eda dos coraz\u00f3ns da sociedade guardesa.<\/p>\n<\/blockquote>\n","protected":false},"excerpt":{"rendered":"<div class=\"mh-excerpt\"><p>Nas \u00faltimas elecci\u00f3ns municipais todo parec\u00eda apuntar a que o BNG acadar\u00eda, por primeira vez na s\u00faa historia, a alcald\u00eda da Guarda <a class=\"mh-excerpt-more\" href=\"https:\/\/www.anovapeneira.gal\/index.php\/2024\/07\/19\/anxo-baz-portavoz-do-bng-de-a-guarda\/\" title=\"Anxo Baz portavoz do BNG de A Guarda\">[&#8230;]<\/a><\/p>\n<\/div>","protected":false},"author":2,"featured_media":12099,"comment_status":"open","ping_status":"open","sticky":false,"template":"","format":"standard","meta":{"_exactmetrics_skip_tracking":false,"_exactmetrics_sitenote_active":false,"_exactmetrics_sitenote_note":"","_exactmetrics_sitenote_category":0,"footnotes":""},"categories":[266],"tags":[238],"class_list":{"0":"post-12098","1":"post","2":"type-post","3":"status-publish","4":"format-standard","5":"has-post-thumbnail","7":"category-baixo-mino-entrevistas","8":"tag-concello-da-guarda"},"yoast_head":"<!-- This site is optimized with the Yoast SEO plugin v27.4 - https:\/\/yoast.com\/product\/yoast-seo-wordpress\/ -->\n<title>Anxo Baz portavoz do BNG de A Guarda -<\/title>\n<meta name=\"robots\" content=\"index, follow, max-snippet:-1, max-image-preview:large, max-video-preview:-1\" \/>\n<link rel=\"canonical\" href=\"https:\/\/www.anovapeneira.gal\/index.php\/2024\/07\/19\/anxo-baz-portavoz-do-bng-de-a-guarda\/\" \/>\n<meta property=\"og:locale\" content=\"gl_ES\" \/>\n<meta property=\"og:type\" content=\"article\" \/>\n<meta property=\"og:title\" content=\"Anxo Baz portavoz do BNG de A Guarda -\" \/>\n<meta property=\"og:description\" content=\"Nas \u00faltimas elecci\u00f3ns municipais todo parec\u00eda apuntar a que o BNG acadar\u00eda, por primeira vez na s\u00faa historia, a alcald\u00eda da Guarda [...]\" \/>\n<meta property=\"og:url\" content=\"https:\/\/www.anovapeneira.gal\/index.php\/2024\/07\/19\/anxo-baz-portavoz-do-bng-de-a-guarda\/\" \/>\n<meta property=\"article:publisher\" content=\"https:\/\/www.facebook.com\/anovapeneira\" \/>\n<meta property=\"article:published_time\" content=\"2024-07-19T10:00:58+00:00\" \/>\n<meta property=\"og:image\" content=\"https:\/\/www.anovapeneira.gal\/wp-content\/uploads\/2024\/07\/anxo_baz.png\" \/>\n\t<meta property=\"og:image:width\" content=\"720\" \/>\n\t<meta property=\"og:image:height\" content=\"432\" \/>\n\t<meta property=\"og:image:type\" content=\"image\/png\" \/>\n<meta name=\"author\" content=\"Tino Lago\" \/>\n<meta name=\"twitter:card\" content=\"summary_large_image\" \/>\n<meta name=\"twitter:creator\" content=\"@APeneira\" \/>\n<meta name=\"twitter:site\" content=\"@APeneira\" \/>\n<meta name=\"twitter:label1\" content=\"Escrito por\" \/>\n\t<meta name=\"twitter:data1\" content=\"Tino Lago\" \/>\n\t<meta name=\"twitter:label2\" content=\"Tempo de lectura\" \/>\n\t<meta name=\"twitter:data2\" content=\"4 minutos\" \/>\n<script type=\"application\/ld+json\" class=\"yoast-schema-graph\">{\"@context\":\"https:\\\/\\\/schema.org\",\"@graph\":[{\"@type\":\"Article\",\"@id\":\"https:\\\/\\\/www.anovapeneira.gal\\\/index.php\\\/2024\\\/07\\\/19\\\/anxo-baz-portavoz-do-bng-de-a-guarda\\\/#article\",\"isPartOf\":{\"@id\":\"https:\\\/\\\/www.anovapeneira.gal\\\/index.php\\\/2024\\\/07\\\/19\\\/anxo-baz-portavoz-do-bng-de-a-guarda\\\/\"},\"author\":{\"name\":\"Tino Lago\",\"@id\":\"https:\\\/\\\/www.anovapeneira.gal\\\/#\\\/schema\\\/person\\\/424dfe65e3070fd8a44d22d2c088762a\"},\"headline\":\"Anxo Baz portavoz do BNG de A Guarda\",\"datePublished\":\"2024-07-19T10:00:58+00:00\",\"mainEntityOfPage\":{\"@id\":\"https:\\\/\\\/www.anovapeneira.gal\\\/index.php\\\/2024\\\/07\\\/19\\\/anxo-baz-portavoz-do-bng-de-a-guarda\\\/\"},\"wordCount\":1622,\"commentCount\":0,\"publisher\":{\"@id\":\"https:\\\/\\\/www.anovapeneira.gal\\\/#organization\"},\"image\":{\"@id\":\"https:\\\/\\\/www.anovapeneira.gal\\\/index.php\\\/2024\\\/07\\\/19\\\/anxo-baz-portavoz-do-bng-de-a-guarda\\\/#primaryimage\"},\"thumbnailUrl\":\"https:\\\/\\\/www.anovapeneira.gal\\\/wp-content\\\/uploads\\\/2024\\\/07\\\/anxo_baz.png\",\"keywords\":[\"Concello da Guarda\"],\"articleSection\":[\"Baixo Mi\u00f1o\"],\"inLanguage\":\"gl-ES\",\"potentialAction\":[{\"@type\":\"CommentAction\",\"name\":\"Comment\",\"target\":[\"https:\\\/\\\/www.anovapeneira.gal\\\/index.php\\\/2024\\\/07\\\/19\\\/anxo-baz-portavoz-do-bng-de-a-guarda\\\/#respond\"]}]},{\"@type\":\"WebPage\",\"@id\":\"https:\\\/\\\/www.anovapeneira.gal\\\/index.php\\\/2024\\\/07\\\/19\\\/anxo-baz-portavoz-do-bng-de-a-guarda\\\/\",\"url\":\"https:\\\/\\\/www.anovapeneira.gal\\\/index.php\\\/2024\\\/07\\\/19\\\/anxo-baz-portavoz-do-bng-de-a-guarda\\\/\",\"name\":\"Anxo Baz portavoz do BNG de A Guarda -\",\"isPartOf\":{\"@id\":\"https:\\\/\\\/www.anovapeneira.gal\\\/#website\"},\"primaryImageOfPage\":{\"@id\":\"https:\\\/\\\/www.anovapeneira.gal\\\/index.php\\\/2024\\\/07\\\/19\\\/anxo-baz-portavoz-do-bng-de-a-guarda\\\/#primaryimage\"},\"image\":{\"@id\":\"https:\\\/\\\/www.anovapeneira.gal\\\/index.php\\\/2024\\\/07\\\/19\\\/anxo-baz-portavoz-do-bng-de-a-guarda\\\/#primaryimage\"},\"thumbnailUrl\":\"https:\\\/\\\/www.anovapeneira.gal\\\/wp-content\\\/uploads\\\/2024\\\/07\\\/anxo_baz.png\",\"datePublished\":\"2024-07-19T10:00:58+00:00\",\"breadcrumb\":{\"@id\":\"https:\\\/\\\/www.anovapeneira.gal\\\/index.php\\\/2024\\\/07\\\/19\\\/anxo-baz-portavoz-do-bng-de-a-guarda\\\/#breadcrumb\"},\"inLanguage\":\"gl-ES\",\"potentialAction\":[{\"@type\":\"ReadAction\",\"target\":[\"https:\\\/\\\/www.anovapeneira.gal\\\/index.php\\\/2024\\\/07\\\/19\\\/anxo-baz-portavoz-do-bng-de-a-guarda\\\/\"]}]},{\"@type\":\"ImageObject\",\"inLanguage\":\"gl-ES\",\"@id\":\"https:\\\/\\\/www.anovapeneira.gal\\\/index.php\\\/2024\\\/07\\\/19\\\/anxo-baz-portavoz-do-bng-de-a-guarda\\\/#primaryimage\",\"url\":\"https:\\\/\\\/www.anovapeneira.gal\\\/wp-content\\\/uploads\\\/2024\\\/07\\\/anxo_baz.png\",\"contentUrl\":\"https:\\\/\\\/www.anovapeneira.gal\\\/wp-content\\\/uploads\\\/2024\\\/07\\\/anxo_baz.png\",\"width\":720,\"height\":432,\"caption\":\"Anxo Baz portavoz do BNG de A Guarda\"},{\"@type\":\"BreadcrumbList\",\"@id\":\"https:\\\/\\\/www.anovapeneira.gal\\\/index.php\\\/2024\\\/07\\\/19\\\/anxo-baz-portavoz-do-bng-de-a-guarda\\\/#breadcrumb\",\"itemListElement\":[{\"@type\":\"ListItem\",\"position\":1,\"name\":\"Portada\",\"item\":\"https:\\\/\\\/www.anovapeneira.gal\\\/\"},{\"@type\":\"ListItem\",\"position\":2,\"name\":\"Anxo Baz portavoz do BNG de A Guarda\"}]},{\"@type\":\"WebSite\",\"@id\":\"https:\\\/\\\/www.anovapeneira.gal\\\/#website\",\"url\":\"https:\\\/\\\/www.anovapeneira.gal\\\/\",\"name\":\"\",\"description\":\"Xornal galego de informaci\u00f3n xeral Publicaci\u00f3n mensual de novas de Galicia e en especial dos Concellos da sur da provincia de Pontevedra.\",\"publisher\":{\"@id\":\"https:\\\/\\\/www.anovapeneira.gal\\\/#organization\"},\"potentialAction\":[{\"@type\":\"SearchAction\",\"target\":{\"@type\":\"EntryPoint\",\"urlTemplate\":\"https:\\\/\\\/www.anovapeneira.gal\\\/?s={search_term_string}\"},\"query-input\":{\"@type\":\"PropertyValueSpecification\",\"valueRequired\":true,\"valueName\":\"search_term_string\"}}],\"inLanguage\":\"gl-ES\"},{\"@type\":\"Organization\",\"@id\":\"https:\\\/\\\/www.anovapeneira.gal\\\/#organization\",\"name\":\"A Nova Peneira\",\"url\":\"https:\\\/\\\/www.anovapeneira.gal\\\/\",\"logo\":{\"@type\":\"ImageObject\",\"inLanguage\":\"gl-ES\",\"@id\":\"https:\\\/\\\/www.anovapeneira.gal\\\/#\\\/schema\\\/logo\\\/image\\\/\",\"url\":\"http:\\\/\\\/www.anovapeneira.gal\\\/wp-content\\\/uploads\\\/2019\\\/06\\\/logo_a_nova_peneira_portal_web.png\",\"contentUrl\":\"http:\\\/\\\/www.anovapeneira.gal\\\/wp-content\\\/uploads\\\/2019\\\/06\\\/logo_a_nova_peneira_portal_web.png\",\"width\":300,\"height\":100,\"caption\":\"A Nova Peneira\"},\"image\":{\"@id\":\"https:\\\/\\\/www.anovapeneira.gal\\\/#\\\/schema\\\/logo\\\/image\\\/\"},\"sameAs\":[\"https:\\\/\\\/www.facebook.com\\\/anovapeneira\",\"https:\\\/\\\/x.com\\\/APeneira\"]},{\"@type\":\"Person\",\"@id\":\"https:\\\/\\\/www.anovapeneira.gal\\\/#\\\/schema\\\/person\\\/424dfe65e3070fd8a44d22d2c088762a\",\"name\":\"Tino Lago\",\"image\":{\"@type\":\"ImageObject\",\"inLanguage\":\"gl-ES\",\"@id\":\"https:\\\/\\\/secure.gravatar.com\\\/avatar\\\/b3df6a06e44bab3111583b90f0f33a0379ee5e3d22cbadd232d39f21c30c62be?s=96&d=mm&r=g\",\"url\":\"https:\\\/\\\/secure.gravatar.com\\\/avatar\\\/b3df6a06e44bab3111583b90f0f33a0379ee5e3d22cbadd232d39f21c30c62be?s=96&d=mm&r=g\",\"contentUrl\":\"https:\\\/\\\/secure.gravatar.com\\\/avatar\\\/b3df6a06e44bab3111583b90f0f33a0379ee5e3d22cbadd232d39f21c30c62be?s=96&d=mm&r=g\",\"caption\":\"Tino Lago\"},\"sameAs\":[\"http:\\\/\\\/www.anovapeneira.gal\"],\"url\":\"https:\\\/\\\/www.anovapeneira.gal\\\/index.php\\\/author\\\/director\\\/\"}]}<\/script>\n<!-- \/ Yoast SEO plugin. -->","yoast_head_json":{"title":"Anxo Baz portavoz do BNG de A Guarda -","robots":{"index":"index","follow":"follow","max-snippet":"max-snippet:-1","max-image-preview":"max-image-preview:large","max-video-preview":"max-video-preview:-1"},"canonical":"https:\/\/www.anovapeneira.gal\/index.php\/2024\/07\/19\/anxo-baz-portavoz-do-bng-de-a-guarda\/","og_locale":"gl_ES","og_type":"article","og_title":"Anxo Baz portavoz do BNG de A Guarda -","og_description":"Nas \u00faltimas elecci\u00f3ns municipais todo parec\u00eda apuntar a que o BNG acadar\u00eda, por primeira vez na s\u00faa historia, a alcald\u00eda da Guarda [...]","og_url":"https:\/\/www.anovapeneira.gal\/index.php\/2024\/07\/19\/anxo-baz-portavoz-do-bng-de-a-guarda\/","article_publisher":"https:\/\/www.facebook.com\/anovapeneira","article_published_time":"2024-07-19T10:00:58+00:00","og_image":[{"width":720,"height":432,"url":"https:\/\/www.anovapeneira.gal\/wp-content\/uploads\/2024\/07\/anxo_baz.png","type":"image\/png"}],"author":"Tino Lago","twitter_card":"summary_large_image","twitter_creator":"@APeneira","twitter_site":"@APeneira","twitter_misc":{"Escrito por":"Tino Lago","Tempo de lectura":"4 minutos"},"schema":{"@context":"https:\/\/schema.org","@graph":[{"@type":"Article","@id":"https:\/\/www.anovapeneira.gal\/index.php\/2024\/07\/19\/anxo-baz-portavoz-do-bng-de-a-guarda\/#article","isPartOf":{"@id":"https:\/\/www.anovapeneira.gal\/index.php\/2024\/07\/19\/anxo-baz-portavoz-do-bng-de-a-guarda\/"},"author":{"name":"Tino Lago","@id":"https:\/\/www.anovapeneira.gal\/#\/schema\/person\/424dfe65e3070fd8a44d22d2c088762a"},"headline":"Anxo Baz portavoz do BNG de A Guarda","datePublished":"2024-07-19T10:00:58+00:00","mainEntityOfPage":{"@id":"https:\/\/www.anovapeneira.gal\/index.php\/2024\/07\/19\/anxo-baz-portavoz-do-bng-de-a-guarda\/"},"wordCount":1622,"commentCount":0,"publisher":{"@id":"https:\/\/www.anovapeneira.gal\/#organization"},"image":{"@id":"https:\/\/www.anovapeneira.gal\/index.php\/2024\/07\/19\/anxo-baz-portavoz-do-bng-de-a-guarda\/#primaryimage"},"thumbnailUrl":"https:\/\/www.anovapeneira.gal\/wp-content\/uploads\/2024\/07\/anxo_baz.png","keywords":["Concello da Guarda"],"articleSection":["Baixo Mi\u00f1o"],"inLanguage":"gl-ES","potentialAction":[{"@type":"CommentAction","name":"Comment","target":["https:\/\/www.anovapeneira.gal\/index.php\/2024\/07\/19\/anxo-baz-portavoz-do-bng-de-a-guarda\/#respond"]}]},{"@type":"WebPage","@id":"https:\/\/www.anovapeneira.gal\/index.php\/2024\/07\/19\/anxo-baz-portavoz-do-bng-de-a-guarda\/","url":"https:\/\/www.anovapeneira.gal\/index.php\/2024\/07\/19\/anxo-baz-portavoz-do-bng-de-a-guarda\/","name":"Anxo Baz portavoz do BNG de A Guarda -","isPartOf":{"@id":"https:\/\/www.anovapeneira.gal\/#website"},"primaryImageOfPage":{"@id":"https:\/\/www.anovapeneira.gal\/index.php\/2024\/07\/19\/anxo-baz-portavoz-do-bng-de-a-guarda\/#primaryimage"},"image":{"@id":"https:\/\/www.anovapeneira.gal\/index.php\/2024\/07\/19\/anxo-baz-portavoz-do-bng-de-a-guarda\/#primaryimage"},"thumbnailUrl":"https:\/\/www.anovapeneira.gal\/wp-content\/uploads\/2024\/07\/anxo_baz.png","datePublished":"2024-07-19T10:00:58+00:00","breadcrumb":{"@id":"https:\/\/www.anovapeneira.gal\/index.php\/2024\/07\/19\/anxo-baz-portavoz-do-bng-de-a-guarda\/#breadcrumb"},"inLanguage":"gl-ES","potentialAction":[{"@type":"ReadAction","target":["https:\/\/www.anovapeneira.gal\/index.php\/2024\/07\/19\/anxo-baz-portavoz-do-bng-de-a-guarda\/"]}]},{"@type":"ImageObject","inLanguage":"gl-ES","@id":"https:\/\/www.anovapeneira.gal\/index.php\/2024\/07\/19\/anxo-baz-portavoz-do-bng-de-a-guarda\/#primaryimage","url":"https:\/\/www.anovapeneira.gal\/wp-content\/uploads\/2024\/07\/anxo_baz.png","contentUrl":"https:\/\/www.anovapeneira.gal\/wp-content\/uploads\/2024\/07\/anxo_baz.png","width":720,"height":432,"caption":"Anxo Baz portavoz do BNG de A Guarda"},{"@type":"BreadcrumbList","@id":"https:\/\/www.anovapeneira.gal\/index.php\/2024\/07\/19\/anxo-baz-portavoz-do-bng-de-a-guarda\/#breadcrumb","itemListElement":[{"@type":"ListItem","position":1,"name":"Portada","item":"https:\/\/www.anovapeneira.gal\/"},{"@type":"ListItem","position":2,"name":"Anxo Baz portavoz do BNG de A Guarda"}]},{"@type":"WebSite","@id":"https:\/\/www.anovapeneira.gal\/#website","url":"https:\/\/www.anovapeneira.gal\/","name":"","description":"Xornal galego de informaci\u00f3n xeral Publicaci\u00f3n mensual de novas de Galicia e en especial dos Concellos da sur da provincia de Pontevedra.","publisher":{"@id":"https:\/\/www.anovapeneira.gal\/#organization"},"potentialAction":[{"@type":"SearchAction","target":{"@type":"EntryPoint","urlTemplate":"https:\/\/www.anovapeneira.gal\/?s={search_term_string}"},"query-input":{"@type":"PropertyValueSpecification","valueRequired":true,"valueName":"search_term_string"}}],"inLanguage":"gl-ES"},{"@type":"Organization","@id":"https:\/\/www.anovapeneira.gal\/#organization","name":"A Nova Peneira","url":"https:\/\/www.anovapeneira.gal\/","logo":{"@type":"ImageObject","inLanguage":"gl-ES","@id":"https:\/\/www.anovapeneira.gal\/#\/schema\/logo\/image\/","url":"http:\/\/www.anovapeneira.gal\/wp-content\/uploads\/2019\/06\/logo_a_nova_peneira_portal_web.png","contentUrl":"http:\/\/www.anovapeneira.gal\/wp-content\/uploads\/2019\/06\/logo_a_nova_peneira_portal_web.png","width":300,"height":100,"caption":"A Nova Peneira"},"image":{"@id":"https:\/\/www.anovapeneira.gal\/#\/schema\/logo\/image\/"},"sameAs":["https:\/\/www.facebook.com\/anovapeneira","https:\/\/x.com\/APeneira"]},{"@type":"Person","@id":"https:\/\/www.anovapeneira.gal\/#\/schema\/person\/424dfe65e3070fd8a44d22d2c088762a","name":"Tino Lago","image":{"@type":"ImageObject","inLanguage":"gl-ES","@id":"https:\/\/secure.gravatar.com\/avatar\/b3df6a06e44bab3111583b90f0f33a0379ee5e3d22cbadd232d39f21c30c62be?s=96&d=mm&r=g","url":"https:\/\/secure.gravatar.com\/avatar\/b3df6a06e44bab3111583b90f0f33a0379ee5e3d22cbadd232d39f21c30c62be?s=96&d=mm&r=g","contentUrl":"https:\/\/secure.gravatar.com\/avatar\/b3df6a06e44bab3111583b90f0f33a0379ee5e3d22cbadd232d39f21c30c62be?s=96&d=mm&r=g","caption":"Tino Lago"},"sameAs":["http:\/\/www.anovapeneira.gal"],"url":"https:\/\/www.anovapeneira.gal\/index.php\/author\/director\/"}]}},"jetpack_featured_media_url":"https:\/\/www.anovapeneira.gal\/wp-content\/uploads\/2024\/07\/anxo_baz.png","_links":{"self":[{"href":"https:\/\/www.anovapeneira.gal\/index.php\/wp-json\/wp\/v2\/posts\/12098","targetHints":{"allow":["GET"]}}],"collection":[{"href":"https:\/\/www.anovapeneira.gal\/index.php\/wp-json\/wp\/v2\/posts"}],"about":[{"href":"https:\/\/www.anovapeneira.gal\/index.php\/wp-json\/wp\/v2\/types\/post"}],"author":[{"embeddable":true,"href":"https:\/\/www.anovapeneira.gal\/index.php\/wp-json\/wp\/v2\/users\/2"}],"replies":[{"embeddable":true,"href":"https:\/\/www.anovapeneira.gal\/index.php\/wp-json\/wp\/v2\/comments?post=12098"}],"version-history":[{"count":1,"href":"https:\/\/www.anovapeneira.gal\/index.php\/wp-json\/wp\/v2\/posts\/12098\/revisions"}],"predecessor-version":[{"id":12100,"href":"https:\/\/www.anovapeneira.gal\/index.php\/wp-json\/wp\/v2\/posts\/12098\/revisions\/12100"}],"wp:featuredmedia":[{"embeddable":true,"href":"https:\/\/www.anovapeneira.gal\/index.php\/wp-json\/wp\/v2\/media\/12099"}],"wp:attachment":[{"href":"https:\/\/www.anovapeneira.gal\/index.php\/wp-json\/wp\/v2\/media?parent=12098"}],"wp:term":[{"taxonomy":"category","embeddable":true,"href":"https:\/\/www.anovapeneira.gal\/index.php\/wp-json\/wp\/v2\/categories?post=12098"},{"taxonomy":"post_tag","embeddable":true,"href":"https:\/\/www.anovapeneira.gal\/index.php\/wp-json\/wp\/v2\/tags?post=12098"}],"curies":[{"name":"wp","href":"https:\/\/api.w.org\/{rel}","templated":true}]}}