{"id":12103,"date":"2024-07-22T12:00:49","date_gmt":"2024-07-22T10:00:49","guid":{"rendered":"https:\/\/www.anovapeneira.gal\/?p=12103"},"modified":"2024-07-13T13:07:13","modified_gmt":"2024-07-13T11:07:13","slug":"o-nigran-jazz-faise-maior-de-idade","status":"publish","type":"post","link":"https:\/\/www.anovapeneira.gal\/index.php\/2024\/07\/22\/o-nigran-jazz-faise-maior-de-idade\/","title":{"rendered":"O Nigr\u00e1n Jazz faise maior de Idade"},"content":{"rendered":"\n<p><strong>Desde a noite dos tempos a m\u00fasica \u00e9 unha das principais ferramentas que ten a humanidade para lograr o pracer est\u00e9tico e o benestar emocional de quen a escoita . A m\u00fasica \u00e9 unha das manifestaci\u00f3ns das partes m\u00e1is nobres do ser humano. A m\u00fasica \u00e9 paz, harmon\u00eda, acougo sensibilidade nos momentos sensibles, e adrenalina pura cando vivimos emoci\u00f3ns fortes. A m\u00fasica acomp\u00e1\u00f1anos en todos os estados de \u00e1nimo posibles :na tristura , na ledicia, na emoci\u00f3n, e no amor a m\u00fasica \u00e9 a compa\u00f1eira leal que nunca falla e que sempre est\u00e1.<\/strong><\/p>\n\n\n\n<p><strong>Desde a nosa publicaci\u00f3n queremos amosar todo o noso respecto e admiraci\u00f3n para os homes e mulleres que, na maior\u00eda dos casos en contextos moi complicados, tratan de ga\u00f1arse a vida coa m\u00fasica e de ofrecer festivais e espect\u00e1culos musicais \u00e1 sociedade. Ese perfil de persoas son como Don Quixote pelexando contra os mu\u00ed\u00f1os de vento, son como eses \u201c tolos \u201c encantadores que co seu talento e esforzo logran facer realidade o que para a maior\u00eda das persoas non pasar\u00eda das fronteiras da imaxinaci\u00f3n. Un deses \u201c Quixotes\u201c \u00e9 o noso amigo Felipe Villar, director do marabilloso festival de Jazz de Nigr\u00e1n que neste 2024 faise maior de idade pois cumpre os seus primeiros 18 anos de vida. N\u00f3s erguemos de maneira simb\u00f3lica a nosa copa para brindar con Felipe por unha vida longa para o Nigr\u00e1n Jazz, e para que o poidamos seguir contando desde as nosas p\u00e1xinas.<\/strong><\/p>\n\n\n\n<p><strong>Felipe Villar director do festival : Nigr\u00e1n Jazz<\/strong><\/p>\n\n\n\n<p>\u201c<strong>Este ano imos facer unha edici\u00f3n con bandas moi novas que te\u00f1en un talento superlativo\u201d<\/strong><\/p>\n\n\n\n<p><strong>Un ano m\u00e1is Felipe, e xa van?<\/strong><\/p>\n\n\n\n<blockquote class=\"wp-block-quote is-layout-flow wp-block-quote-is-layout-flow\">\n<p>18 anos.<\/p>\n<\/blockquote>\n\n\n\n<p><strong>Faise maior de idade o festival. En que data temos a edici\u00f3n deste ano?<\/strong><\/p>\n\n\n\n<blockquote class=\"wp-block-quote is-layout-flow wp-block-quote-is-layout-flow\">\n<p>Inauguramos o 25 no Malabar P\u00e9njamo Beach cunha Jam Session. E logo o festival \u00e9 para o 26 e 27 de xullo, como sempre, no Esteiro da Foz<\/p>\n<\/blockquote>\n\n\n\n<p><strong>En que horario?<\/strong><\/p>\n\n\n\n<blockquote class=\"wp-block-quote is-layout-flow wp-block-quote-is-layout-flow\">\n<p>O primeiro concerto \u00e9 \u00e1s 21:00 h, o segundo hora e media m\u00e1is tarde e ao rematar ,\u00e1s 12 da noite, \u00e9 a jam session que se alargar\u00e1 ata que o corpo aguante. Ademais, temos a master class habitual que, nesta edici\u00f3n ser\u00e1 o venres 26 \u00e1s 12:.00 h do mediod\u00eda no auditorio do concello. Esta master class est\u00e1 patrocinada por Mayeusis, vaina impartir Alto for Two que \u00e9 unha banda hispano-holandesa co liderada por un saxofonista holand\u00e9s e unha saxofonista espa\u00f1ola .<\/p>\n<\/blockquote>\n\n\n\n<p><strong>En que consiste a master class que vai dar esta banda?<\/strong><\/p>\n\n\n\n<blockquote class=\"wp-block-quote is-layout-flow wp-block-quote-is-layout-flow\">\n<p>\u00c9 unha clase maxistral de m\u00fasicos. Neste caso m\u00fasicos novos, pero excepcionais a nivel europeo. \u00c9 unha clase de combo orientada a estudantes ou aspirantes de Jazz, moi interesante para que calquera m\u00fasico se achegue e mire como act\u00faa esta xente.<\/p>\n<\/blockquote>\n\n\n\n<p><strong>Que grupos temos este ano?<\/strong><\/p>\n\n\n\n<blockquote class=\"wp-block-quote is-layout-flow wp-block-quote-is-layout-flow\">\n<p>Este ano quixemos que fora unha edici\u00f3n de bandas o m\u00e1is novas posibles.<\/p>\n<\/blockquote>\n\n\n\n<p><strong>Por alg\u00fan motivo en particular?<\/strong><\/p>\n\n\n\n<blockquote class=\"wp-block-quote is-layout-flow wp-block-quote-is-layout-flow\">\n<p>Si. Eu ded\u00edcome a ensinanza do Jazz, deille clase a moitos destes rapaces dos que falo, outros son alumnos de colegas, son rapaces que vimos crecer aqu\u00ed e comezaron mir\u00e1ndonos a n\u00f3s. O ano pasado quedei abraiado con esta xeraci\u00f3n nova de m\u00fasicos galegos, espa\u00f1ois e europeos, montaron unha Jam Session que nunca na mi\u00f1a vida vira nada igual, cun nivel musical impresionante, que non concorda coa idade que te\u00f1en e, a nivel humano, a\u00ednda m\u00e1is impresionante. Namoroume esta xeraci\u00f3n tan apaixonada que o que necesitan son oportunidades e escenarios, triunfan por Europa e aqu\u00ed non ti\u00f1an espazos. Nesta edici\u00f3n quixemos axudarlles porque realmente o merecen e te\u00f1en un talento incr\u00edbel.<\/p>\n<\/blockquote>\n\n\n\n<p><strong>Cales son estes grupos?<\/strong><\/p>\n\n\n\n<blockquote class=\"wp-block-quote is-layout-flow wp-block-quote-is-layout-flow\">\n<p>O primeiro d\u00eda temos a \u201c<em>Sergio de Miguel Tr\u00edo<\/em>\u201d, este rapaz moi novi\u00f1o de pouco m\u00e1is de vinte anos que se formou aqu\u00ed , acabou a carreira de jazz e de composici\u00f3n para filmes, leva anos en Chicago e levou moit\u00edsimos premios, entre eles un Latin Grammy. Ven a presentarnos o seu proxecto, chamado Atl\u00e1ntida, co seu tr\u00edo.<\/p>\n<\/blockquote>\n\n\n\n<blockquote class=\"wp-block-quote is-layout-flow wp-block-quote-is-layout-flow\">\n<p>\u201c<em>Alto Four Two<\/em>\u201d, esta banda catalana-holandesa ven cun proxecto europeo chamado \u201cPeter live\u201d no que se intenta facer xiras sostibles no aspecto ecol\u00f3xico, m\u00f3vense para facer moitas actividades durante os seus percorridos, m\u00f3vese de maneira sostibles entre cidades, p\u00eddennos que nos po\u00f1amos de acordo os festivais coherentemente para poder xestionar as datas. Esta \u00e9 unha banda top a nivel europeo liderada por d\u00faas saxofonistas moi novas, unha catal\u00e1 e outra holandesa. Tremendas, tam\u00e9n te\u00f1en un pianista soberbio<em>.<\/em><\/p>\n<\/blockquote>\n\n\n\n<p><strong>En Holanda p\u00f3dese vivir da m\u00fasica?<\/strong><\/p>\n\n\n\n<blockquote class=\"wp-block-quote is-layout-flow wp-block-quote-is-layout-flow\">\n<p>Si, e tam\u00e9n te\u00f1en a oportunidade de compatibilizar con outros pequenos traballos, te\u00f1en axudas para estudar Jazz e p\u00f3dese vivir, aqu\u00ed estamos a anos luz. Al\u00ed os rapaces te\u00f1en futuro e agora son grandes m\u00fasicos a nivel europeo. A maior\u00eda marchan a estudar e xa non volven.<\/p>\n<\/blockquote>\n\n\n\n<blockquote class=\"wp-block-quote is-layout-flow wp-block-quote-is-layout-flow\">\n<p>O segundo d\u00eda comeza<em> \u201cMart\u00edn Verde Quintet\u201d,<\/em> un guitarrista de Tomi\u00f1o moi novo, desta xeraci\u00f3n que rematou de formarse en Holanda. O ano pasado foi o responsable da Jam da que che falei. Este rapaz montou un quinteto con m\u00fasicos moi novos tam\u00e9n cun talento brutal.<\/p>\n<\/blockquote>\n\n\n\n<blockquote class=\"wp-block-quote is-layout-flow wp-block-quote-is-layout-flow\">\n<p>Para rematar o festival Arcarazo &amp; Perramon Quartet, este rapaz \u00e9 un contrabaixista e guitarrista que non supera os 22 anos. Camil Arcarazo presenta un proxecto dun d\u00fao con Mar\u00e7al Perramon que \u00e9 un saxofonista catal\u00e1n moi novo tam\u00e9n. Tam\u00e9n estiveron o ano pasado nesta famosa Jam, \u00e9 realmente incr\u00edbel o nivel que ten esta xente. Camil fai xiras a nivel internacional e \u00e9 moi reco\u00f1ecido.<\/p>\n<\/blockquote>\n\n\n\n<blockquote class=\"wp-block-quote is-layout-flow wp-block-quote-is-layout-flow\">\n<p>Para complementar este cartel temos as Jam Session , curioso e bonito \u00e9 que estas Jam van estar abertas por m\u00fasicos que xa estiveron moitas veces no escenario grande.<\/p>\n<\/blockquote>\n\n\n\n<p><strong>Dime nomes dalg\u00fans m\u00fasicos.<\/strong><\/p>\n\n\n\n<blockquote class=\"wp-block-quote is-layout-flow wp-block-quote-is-layout-flow\">\n<p>Vai estar Iago V\u00e1zquez, un pianista que est\u00e1 en Nova York ao m\u00e1ximo nivel. Miguel Seoane, que xa estivo no escenario grande o ano pasado co seu tr\u00edo, un dos mellores saxofonistas europeos. Vai estar xente top abrindo as Jam.<\/p>\n<\/blockquote>\n\n\n\n<p><strong>As expectativas de asistencia sempre boas non?<\/strong><\/p>\n\n\n\n<blockquote class=\"wp-block-quote is-layout-flow wp-block-quote-is-layout-flow\">\n<p>Si.<\/p>\n<\/blockquote>\n\n\n\n<p><strong>Non decepcionou nunca?<\/strong><\/p>\n\n\n\n<blockquote class=\"wp-block-quote is-layout-flow wp-block-quote-is-layout-flow\">\n<p>Non, creo que a xente de Nigr\u00e1n xa ten esa data para desfrutar do conxunto do festival a\u00ednda que non sexa moi afeccionada ao Jazz. M\u00fasica, ambiente, a proximidade cos artistas e o sitio espectacular fan que ano tras ano a xente se afiance ao festival.<\/p>\n<\/blockquote>\n\n\n\n<p><strong>Foi tan complexa a organizaci\u00f3n deste ano coma en anos anteriores?<\/strong><\/p>\n\n\n\n<blockquote class=\"wp-block-quote is-layout-flow wp-block-quote-is-layout-flow\">\n<p>Sempre \u00e9 un caos pero sempre sae adiante.<\/p>\n<\/blockquote>\n\n\n\n<p><strong>A entrada \u00e9 de balde, verdade?<\/strong><\/p>\n\n\n\n<blockquote class=\"wp-block-quote is-layout-flow wp-block-quote-is-layout-flow\">\n<p>Si, \u00e9 de balde.<\/p>\n<\/blockquote>\n\n\n\n<p><strong>Nestas 18 edici\u00f3ns tivestes que suspender alg\u00fan ano?<\/strong><\/p>\n\n\n\n<blockquote class=\"wp-block-quote is-layout-flow wp-block-quote-is-layout-flow\">\n<p>Non, tivemos sorte ata nos anos de pandemia que tivemos aperturas e puidemos celebrar o festival. Tivemos que estar con m\u00e1scaras ou reducir o aforo, pero puidemos facelo.<\/p>\n<\/blockquote>\n\n\n\n<p><strong>Este tipo de festivais dependen moito da vontade e do esforzo dunha persoa en concreto, neste caso de ti. Aspiras a que transcenda a t\u00faa propia figura?<\/strong><\/p>\n\n\n\n<blockquote class=\"wp-block-quote is-layout-flow wp-block-quote-is-layout-flow\">\n<p>Ser\u00eda o desexable. En realidade encantar\u00edame que fose as\u00ed.<\/p>\n<\/blockquote>\n\n\n\n<p><strong>E \u00e9 posible?<\/strong><\/p>\n\n\n\n<blockquote class=\"wp-block-quote is-layout-flow wp-block-quote-is-layout-flow\">\n<p>Penso que si. Creo que pode haber xente que contin\u00fae co festival ou na mesma li\u00f1a, a\u00ednda que entendo que algu\u00e9n novo queira darlle outro toque particular. Ser\u00eda moi bonito que transcendera a mi\u00f1a persoa ou a de Juan que tam\u00e9n foi fundador.<\/p>\n<\/blockquote>\n\n\n\n<p><strong>Juan cando comezou era concelleiro non?<\/strong><\/p>\n\n\n\n<blockquote class=\"wp-block-quote is-layout-flow wp-block-quote-is-layout-flow\">\n<p>Si, concelleiro de Cultura.<\/p>\n<\/blockquote>\n\n\n\n<p><strong>Para acabar Felipe, desde as nosas p\u00e1xinas animar a todos os nosos lectores e lectoras que se acheguen a Nigr\u00e1n a ver un espect\u00e1culo de primeira orde nun escenario marabilloso.<\/strong><\/p>\n\n\n\n<blockquote class=\"wp-block-quote is-layout-flow wp-block-quote-is-layout-flow\">\n<p>Si, a todas as persoas. As xentes de Nigr\u00e1n xa saben, pero quero animar \u00e1 xente a ir a concertos en vivo, a mirar os m\u00fasicos, escoitalos, co\u00f1ecer todos os talentos fugados que temos na contorna, a proximidade da m\u00fasica en directo que hoxe en d\u00eda creo que \u00e9 moi importante pois achega benestar emocional a toneladas.<\/p>\n<\/blockquote>\n","protected":false},"excerpt":{"rendered":"<div class=\"mh-excerpt\"><p>Desde a noite dos tempos a m\u00fasica \u00e9 unha das principais ferramentas que ten a humanidade para lograr o pracer est\u00e9tico e o benestar emocional de quen a escoita <a class=\"mh-excerpt-more\" href=\"https:\/\/www.anovapeneira.gal\/index.php\/2024\/07\/22\/o-nigran-jazz-faise-maior-de-idade\/\" title=\"O Nigr\u00e1n Jazz faise maior de Idade\">[&#8230;]<\/a><\/p>\n<\/div>","protected":false},"author":3,"featured_media":12105,"comment_status":"open","ping_status":"open","sticky":false,"template":"","format":"standard","meta":{"_exactmetrics_skip_tracking":false,"_exactmetrics_sitenote_active":false,"_exactmetrics_sitenote_note":"","_exactmetrics_sitenote_category":0,"footnotes":""},"categories":[271],"tags":[135],"class_list":{"0":"post-12103","1":"post","2":"type-post","3":"status-publish","4":"format-standard","5":"has-post-thumbnail","7":"category-val-minor-entrevistas","8":"tag-concello-de-nigran"},"yoast_head":"<!-- This site is optimized with the Yoast SEO plugin v27.4 - https:\/\/yoast.com\/product\/yoast-seo-wordpress\/ -->\n<title>O Nigr\u00e1n Jazz faise maior de Idade -<\/title>\n<meta name=\"robots\" content=\"index, follow, max-snippet:-1, max-image-preview:large, max-video-preview:-1\" \/>\n<link rel=\"canonical\" href=\"https:\/\/www.anovapeneira.gal\/index.php\/2024\/07\/22\/o-nigran-jazz-faise-maior-de-idade\/\" \/>\n<meta property=\"og:locale\" content=\"gl_ES\" \/>\n<meta property=\"og:type\" content=\"article\" \/>\n<meta property=\"og:title\" content=\"O Nigr\u00e1n Jazz faise maior de Idade -\" \/>\n<meta property=\"og:description\" content=\"Desde a noite dos tempos a m\u00fasica \u00e9 unha das principais ferramentas que ten a humanidade para lograr o pracer est\u00e9tico e o benestar emocional de quen a escoita [...]\" \/>\n<meta property=\"og:url\" content=\"https:\/\/www.anovapeneira.gal\/index.php\/2024\/07\/22\/o-nigran-jazz-faise-maior-de-idade\/\" \/>\n<meta property=\"article:publisher\" content=\"https:\/\/www.facebook.com\/anovapeneira\" \/>\n<meta property=\"article:published_time\" content=\"2024-07-22T10:00:49+00:00\" \/>\n<meta property=\"og:image\" content=\"https:\/\/www.anovapeneira.gal\/wp-content\/uploads\/2024\/07\/felipe_villar.png\" \/>\n\t<meta property=\"og:image:width\" content=\"720\" \/>\n\t<meta property=\"og:image:height\" content=\"432\" \/>\n\t<meta property=\"og:image:type\" content=\"image\/png\" \/>\n<meta name=\"author\" content=\"Redacci\u00f3n A Nova Peneira\" \/>\n<meta name=\"twitter:card\" content=\"summary_large_image\" \/>\n<meta name=\"twitter:creator\" content=\"@APeneira\" \/>\n<meta name=\"twitter:site\" content=\"@APeneira\" \/>\n<meta name=\"twitter:label1\" content=\"Escrito por\" \/>\n\t<meta name=\"twitter:data1\" content=\"Redacci\u00f3n A Nova Peneira\" \/>\n\t<meta name=\"twitter:label2\" content=\"Tempo de lectura\" \/>\n\t<meta name=\"twitter:data2\" content=\"3 minutos\" \/>\n<script type=\"application\/ld+json\" class=\"yoast-schema-graph\">{\"@context\":\"https:\\\/\\\/schema.org\",\"@graph\":[{\"@type\":\"Article\",\"@id\":\"https:\\\/\\\/www.anovapeneira.gal\\\/index.php\\\/2024\\\/07\\\/22\\\/o-nigran-jazz-faise-maior-de-idade\\\/#article\",\"isPartOf\":{\"@id\":\"https:\\\/\\\/www.anovapeneira.gal\\\/index.php\\\/2024\\\/07\\\/22\\\/o-nigran-jazz-faise-maior-de-idade\\\/\"},\"author\":{\"name\":\"Redacci\u00f3n A Nova Peneira\",\"@id\":\"https:\\\/\\\/www.anovapeneira.gal\\\/#\\\/schema\\\/person\\\/b93e3f8932e3f8da96334607eb6ac6aa\"},\"headline\":\"O Nigr\u00e1n Jazz faise maior de Idade\",\"datePublished\":\"2024-07-22T10:00:49+00:00\",\"mainEntityOfPage\":{\"@id\":\"https:\\\/\\\/www.anovapeneira.gal\\\/index.php\\\/2024\\\/07\\\/22\\\/o-nigran-jazz-faise-maior-de-idade\\\/\"},\"wordCount\":1360,\"commentCount\":0,\"publisher\":{\"@id\":\"https:\\\/\\\/www.anovapeneira.gal\\\/#organization\"},\"image\":{\"@id\":\"https:\\\/\\\/www.anovapeneira.gal\\\/index.php\\\/2024\\\/07\\\/22\\\/o-nigran-jazz-faise-maior-de-idade\\\/#primaryimage\"},\"thumbnailUrl\":\"https:\\\/\\\/www.anovapeneira.gal\\\/wp-content\\\/uploads\\\/2024\\\/07\\\/felipe_villar.png\",\"keywords\":[\"Concello de Nigr\u00e1n\"],\"articleSection\":[\"Val Mi\u00f1or\"],\"inLanguage\":\"gl-ES\",\"potentialAction\":[{\"@type\":\"CommentAction\",\"name\":\"Comment\",\"target\":[\"https:\\\/\\\/www.anovapeneira.gal\\\/index.php\\\/2024\\\/07\\\/22\\\/o-nigran-jazz-faise-maior-de-idade\\\/#respond\"]}]},{\"@type\":\"WebPage\",\"@id\":\"https:\\\/\\\/www.anovapeneira.gal\\\/index.php\\\/2024\\\/07\\\/22\\\/o-nigran-jazz-faise-maior-de-idade\\\/\",\"url\":\"https:\\\/\\\/www.anovapeneira.gal\\\/index.php\\\/2024\\\/07\\\/22\\\/o-nigran-jazz-faise-maior-de-idade\\\/\",\"name\":\"O Nigr\u00e1n Jazz faise maior de Idade -\",\"isPartOf\":{\"@id\":\"https:\\\/\\\/www.anovapeneira.gal\\\/#website\"},\"primaryImageOfPage\":{\"@id\":\"https:\\\/\\\/www.anovapeneira.gal\\\/index.php\\\/2024\\\/07\\\/22\\\/o-nigran-jazz-faise-maior-de-idade\\\/#primaryimage\"},\"image\":{\"@id\":\"https:\\\/\\\/www.anovapeneira.gal\\\/index.php\\\/2024\\\/07\\\/22\\\/o-nigran-jazz-faise-maior-de-idade\\\/#primaryimage\"},\"thumbnailUrl\":\"https:\\\/\\\/www.anovapeneira.gal\\\/wp-content\\\/uploads\\\/2024\\\/07\\\/felipe_villar.png\",\"datePublished\":\"2024-07-22T10:00:49+00:00\",\"breadcrumb\":{\"@id\":\"https:\\\/\\\/www.anovapeneira.gal\\\/index.php\\\/2024\\\/07\\\/22\\\/o-nigran-jazz-faise-maior-de-idade\\\/#breadcrumb\"},\"inLanguage\":\"gl-ES\",\"potentialAction\":[{\"@type\":\"ReadAction\",\"target\":[\"https:\\\/\\\/www.anovapeneira.gal\\\/index.php\\\/2024\\\/07\\\/22\\\/o-nigran-jazz-faise-maior-de-idade\\\/\"]}]},{\"@type\":\"ImageObject\",\"inLanguage\":\"gl-ES\",\"@id\":\"https:\\\/\\\/www.anovapeneira.gal\\\/index.php\\\/2024\\\/07\\\/22\\\/o-nigran-jazz-faise-maior-de-idade\\\/#primaryimage\",\"url\":\"https:\\\/\\\/www.anovapeneira.gal\\\/wp-content\\\/uploads\\\/2024\\\/07\\\/felipe_villar.png\",\"contentUrl\":\"https:\\\/\\\/www.anovapeneira.gal\\\/wp-content\\\/uploads\\\/2024\\\/07\\\/felipe_villar.png\",\"width\":720,\"height\":432,\"caption\":\"Felipe Villar\"},{\"@type\":\"BreadcrumbList\",\"@id\":\"https:\\\/\\\/www.anovapeneira.gal\\\/index.php\\\/2024\\\/07\\\/22\\\/o-nigran-jazz-faise-maior-de-idade\\\/#breadcrumb\",\"itemListElement\":[{\"@type\":\"ListItem\",\"position\":1,\"name\":\"Portada\",\"item\":\"https:\\\/\\\/www.anovapeneira.gal\\\/\"},{\"@type\":\"ListItem\",\"position\":2,\"name\":\"O Nigr\u00e1n Jazz faise maior de Idade\"}]},{\"@type\":\"WebSite\",\"@id\":\"https:\\\/\\\/www.anovapeneira.gal\\\/#website\",\"url\":\"https:\\\/\\\/www.anovapeneira.gal\\\/\",\"name\":\"\",\"description\":\"Xornal galego de informaci\u00f3n xeral Publicaci\u00f3n mensual de novas de Galicia e en especial dos Concellos da sur da provincia de Pontevedra.\",\"publisher\":{\"@id\":\"https:\\\/\\\/www.anovapeneira.gal\\\/#organization\"},\"potentialAction\":[{\"@type\":\"SearchAction\",\"target\":{\"@type\":\"EntryPoint\",\"urlTemplate\":\"https:\\\/\\\/www.anovapeneira.gal\\\/?s={search_term_string}\"},\"query-input\":{\"@type\":\"PropertyValueSpecification\",\"valueRequired\":true,\"valueName\":\"search_term_string\"}}],\"inLanguage\":\"gl-ES\"},{\"@type\":\"Organization\",\"@id\":\"https:\\\/\\\/www.anovapeneira.gal\\\/#organization\",\"name\":\"A Nova Peneira\",\"url\":\"https:\\\/\\\/www.anovapeneira.gal\\\/\",\"logo\":{\"@type\":\"ImageObject\",\"inLanguage\":\"gl-ES\",\"@id\":\"https:\\\/\\\/www.anovapeneira.gal\\\/#\\\/schema\\\/logo\\\/image\\\/\",\"url\":\"http:\\\/\\\/www.anovapeneira.gal\\\/wp-content\\\/uploads\\\/2019\\\/06\\\/logo_a_nova_peneira_portal_web.png\",\"contentUrl\":\"http:\\\/\\\/www.anovapeneira.gal\\\/wp-content\\\/uploads\\\/2019\\\/06\\\/logo_a_nova_peneira_portal_web.png\",\"width\":300,\"height\":100,\"caption\":\"A Nova Peneira\"},\"image\":{\"@id\":\"https:\\\/\\\/www.anovapeneira.gal\\\/#\\\/schema\\\/logo\\\/image\\\/\"},\"sameAs\":[\"https:\\\/\\\/www.facebook.com\\\/anovapeneira\",\"https:\\\/\\\/x.com\\\/APeneira\"]},{\"@type\":\"Person\",\"@id\":\"https:\\\/\\\/www.anovapeneira.gal\\\/#\\\/schema\\\/person\\\/b93e3f8932e3f8da96334607eb6ac6aa\",\"name\":\"Redacci\u00f3n A Nova Peneira\",\"image\":{\"@type\":\"ImageObject\",\"inLanguage\":\"gl-ES\",\"@id\":\"https:\\\/\\\/secure.gravatar.com\\\/avatar\\\/c052a2551a06e23fac63626232eaa90abd78dbcf1700fc46a2b2c89fd27b735f?s=96&d=mm&r=g\",\"url\":\"https:\\\/\\\/secure.gravatar.com\\\/avatar\\\/c052a2551a06e23fac63626232eaa90abd78dbcf1700fc46a2b2c89fd27b735f?s=96&d=mm&r=g\",\"contentUrl\":\"https:\\\/\\\/secure.gravatar.com\\\/avatar\\\/c052a2551a06e23fac63626232eaa90abd78dbcf1700fc46a2b2c89fd27b735f?s=96&d=mm&r=g\",\"caption\":\"Redacci\u00f3n A Nova Peneira\"},\"sameAs\":[\"http:\\\/\\\/www.anovapeneira.gal\\\/\"],\"url\":\"https:\\\/\\\/www.anovapeneira.gal\\\/index.php\\\/author\\\/redactor\\\/\"}]}<\/script>\n<!-- \/ Yoast SEO plugin. -->","yoast_head_json":{"title":"O Nigr\u00e1n Jazz faise maior de Idade -","robots":{"index":"index","follow":"follow","max-snippet":"max-snippet:-1","max-image-preview":"max-image-preview:large","max-video-preview":"max-video-preview:-1"},"canonical":"https:\/\/www.anovapeneira.gal\/index.php\/2024\/07\/22\/o-nigran-jazz-faise-maior-de-idade\/","og_locale":"gl_ES","og_type":"article","og_title":"O Nigr\u00e1n Jazz faise maior de Idade -","og_description":"Desde a noite dos tempos a m\u00fasica \u00e9 unha das principais ferramentas que ten a humanidade para lograr o pracer est\u00e9tico e o benestar emocional de quen a escoita [...]","og_url":"https:\/\/www.anovapeneira.gal\/index.php\/2024\/07\/22\/o-nigran-jazz-faise-maior-de-idade\/","article_publisher":"https:\/\/www.facebook.com\/anovapeneira","article_published_time":"2024-07-22T10:00:49+00:00","og_image":[{"width":720,"height":432,"url":"https:\/\/www.anovapeneira.gal\/wp-content\/uploads\/2024\/07\/felipe_villar.png","type":"image\/png"}],"author":"Redacci\u00f3n A Nova Peneira","twitter_card":"summary_large_image","twitter_creator":"@APeneira","twitter_site":"@APeneira","twitter_misc":{"Escrito por":"Redacci\u00f3n A Nova Peneira","Tempo de lectura":"3 minutos"},"schema":{"@context":"https:\/\/schema.org","@graph":[{"@type":"Article","@id":"https:\/\/www.anovapeneira.gal\/index.php\/2024\/07\/22\/o-nigran-jazz-faise-maior-de-idade\/#article","isPartOf":{"@id":"https:\/\/www.anovapeneira.gal\/index.php\/2024\/07\/22\/o-nigran-jazz-faise-maior-de-idade\/"},"author":{"name":"Redacci\u00f3n A Nova Peneira","@id":"https:\/\/www.anovapeneira.gal\/#\/schema\/person\/b93e3f8932e3f8da96334607eb6ac6aa"},"headline":"O Nigr\u00e1n Jazz faise maior de Idade","datePublished":"2024-07-22T10:00:49+00:00","mainEntityOfPage":{"@id":"https:\/\/www.anovapeneira.gal\/index.php\/2024\/07\/22\/o-nigran-jazz-faise-maior-de-idade\/"},"wordCount":1360,"commentCount":0,"publisher":{"@id":"https:\/\/www.anovapeneira.gal\/#organization"},"image":{"@id":"https:\/\/www.anovapeneira.gal\/index.php\/2024\/07\/22\/o-nigran-jazz-faise-maior-de-idade\/#primaryimage"},"thumbnailUrl":"https:\/\/www.anovapeneira.gal\/wp-content\/uploads\/2024\/07\/felipe_villar.png","keywords":["Concello de Nigr\u00e1n"],"articleSection":["Val Mi\u00f1or"],"inLanguage":"gl-ES","potentialAction":[{"@type":"CommentAction","name":"Comment","target":["https:\/\/www.anovapeneira.gal\/index.php\/2024\/07\/22\/o-nigran-jazz-faise-maior-de-idade\/#respond"]}]},{"@type":"WebPage","@id":"https:\/\/www.anovapeneira.gal\/index.php\/2024\/07\/22\/o-nigran-jazz-faise-maior-de-idade\/","url":"https:\/\/www.anovapeneira.gal\/index.php\/2024\/07\/22\/o-nigran-jazz-faise-maior-de-idade\/","name":"O Nigr\u00e1n Jazz faise maior de Idade -","isPartOf":{"@id":"https:\/\/www.anovapeneira.gal\/#website"},"primaryImageOfPage":{"@id":"https:\/\/www.anovapeneira.gal\/index.php\/2024\/07\/22\/o-nigran-jazz-faise-maior-de-idade\/#primaryimage"},"image":{"@id":"https:\/\/www.anovapeneira.gal\/index.php\/2024\/07\/22\/o-nigran-jazz-faise-maior-de-idade\/#primaryimage"},"thumbnailUrl":"https:\/\/www.anovapeneira.gal\/wp-content\/uploads\/2024\/07\/felipe_villar.png","datePublished":"2024-07-22T10:00:49+00:00","breadcrumb":{"@id":"https:\/\/www.anovapeneira.gal\/index.php\/2024\/07\/22\/o-nigran-jazz-faise-maior-de-idade\/#breadcrumb"},"inLanguage":"gl-ES","potentialAction":[{"@type":"ReadAction","target":["https:\/\/www.anovapeneira.gal\/index.php\/2024\/07\/22\/o-nigran-jazz-faise-maior-de-idade\/"]}]},{"@type":"ImageObject","inLanguage":"gl-ES","@id":"https:\/\/www.anovapeneira.gal\/index.php\/2024\/07\/22\/o-nigran-jazz-faise-maior-de-idade\/#primaryimage","url":"https:\/\/www.anovapeneira.gal\/wp-content\/uploads\/2024\/07\/felipe_villar.png","contentUrl":"https:\/\/www.anovapeneira.gal\/wp-content\/uploads\/2024\/07\/felipe_villar.png","width":720,"height":432,"caption":"Felipe Villar"},{"@type":"BreadcrumbList","@id":"https:\/\/www.anovapeneira.gal\/index.php\/2024\/07\/22\/o-nigran-jazz-faise-maior-de-idade\/#breadcrumb","itemListElement":[{"@type":"ListItem","position":1,"name":"Portada","item":"https:\/\/www.anovapeneira.gal\/"},{"@type":"ListItem","position":2,"name":"O Nigr\u00e1n Jazz faise maior de Idade"}]},{"@type":"WebSite","@id":"https:\/\/www.anovapeneira.gal\/#website","url":"https:\/\/www.anovapeneira.gal\/","name":"","description":"Xornal galego de informaci\u00f3n xeral Publicaci\u00f3n mensual de novas de Galicia e en especial dos Concellos da sur da provincia de Pontevedra.","publisher":{"@id":"https:\/\/www.anovapeneira.gal\/#organization"},"potentialAction":[{"@type":"SearchAction","target":{"@type":"EntryPoint","urlTemplate":"https:\/\/www.anovapeneira.gal\/?s={search_term_string}"},"query-input":{"@type":"PropertyValueSpecification","valueRequired":true,"valueName":"search_term_string"}}],"inLanguage":"gl-ES"},{"@type":"Organization","@id":"https:\/\/www.anovapeneira.gal\/#organization","name":"A Nova Peneira","url":"https:\/\/www.anovapeneira.gal\/","logo":{"@type":"ImageObject","inLanguage":"gl-ES","@id":"https:\/\/www.anovapeneira.gal\/#\/schema\/logo\/image\/","url":"http:\/\/www.anovapeneira.gal\/wp-content\/uploads\/2019\/06\/logo_a_nova_peneira_portal_web.png","contentUrl":"http:\/\/www.anovapeneira.gal\/wp-content\/uploads\/2019\/06\/logo_a_nova_peneira_portal_web.png","width":300,"height":100,"caption":"A Nova Peneira"},"image":{"@id":"https:\/\/www.anovapeneira.gal\/#\/schema\/logo\/image\/"},"sameAs":["https:\/\/www.facebook.com\/anovapeneira","https:\/\/x.com\/APeneira"]},{"@type":"Person","@id":"https:\/\/www.anovapeneira.gal\/#\/schema\/person\/b93e3f8932e3f8da96334607eb6ac6aa","name":"Redacci\u00f3n A Nova Peneira","image":{"@type":"ImageObject","inLanguage":"gl-ES","@id":"https:\/\/secure.gravatar.com\/avatar\/c052a2551a06e23fac63626232eaa90abd78dbcf1700fc46a2b2c89fd27b735f?s=96&d=mm&r=g","url":"https:\/\/secure.gravatar.com\/avatar\/c052a2551a06e23fac63626232eaa90abd78dbcf1700fc46a2b2c89fd27b735f?s=96&d=mm&r=g","contentUrl":"https:\/\/secure.gravatar.com\/avatar\/c052a2551a06e23fac63626232eaa90abd78dbcf1700fc46a2b2c89fd27b735f?s=96&d=mm&r=g","caption":"Redacci\u00f3n A Nova Peneira"},"sameAs":["http:\/\/www.anovapeneira.gal\/"],"url":"https:\/\/www.anovapeneira.gal\/index.php\/author\/redactor\/"}]}},"jetpack_featured_media_url":"https:\/\/www.anovapeneira.gal\/wp-content\/uploads\/2024\/07\/felipe_villar.png","_links":{"self":[{"href":"https:\/\/www.anovapeneira.gal\/index.php\/wp-json\/wp\/v2\/posts\/12103","targetHints":{"allow":["GET"]}}],"collection":[{"href":"https:\/\/www.anovapeneira.gal\/index.php\/wp-json\/wp\/v2\/posts"}],"about":[{"href":"https:\/\/www.anovapeneira.gal\/index.php\/wp-json\/wp\/v2\/types\/post"}],"author":[{"embeddable":true,"href":"https:\/\/www.anovapeneira.gal\/index.php\/wp-json\/wp\/v2\/users\/3"}],"replies":[{"embeddable":true,"href":"https:\/\/www.anovapeneira.gal\/index.php\/wp-json\/wp\/v2\/comments?post=12103"}],"version-history":[{"count":1,"href":"https:\/\/www.anovapeneira.gal\/index.php\/wp-json\/wp\/v2\/posts\/12103\/revisions"}],"predecessor-version":[{"id":12104,"href":"https:\/\/www.anovapeneira.gal\/index.php\/wp-json\/wp\/v2\/posts\/12103\/revisions\/12104"}],"wp:featuredmedia":[{"embeddable":true,"href":"https:\/\/www.anovapeneira.gal\/index.php\/wp-json\/wp\/v2\/media\/12105"}],"wp:attachment":[{"href":"https:\/\/www.anovapeneira.gal\/index.php\/wp-json\/wp\/v2\/media?parent=12103"}],"wp:term":[{"taxonomy":"category","embeddable":true,"href":"https:\/\/www.anovapeneira.gal\/index.php\/wp-json\/wp\/v2\/categories?post=12103"},{"taxonomy":"post_tag","embeddable":true,"href":"https:\/\/www.anovapeneira.gal\/index.php\/wp-json\/wp\/v2\/tags?post=12103"}],"curies":[{"name":"wp","href":"https:\/\/api.w.org\/{rel}","templated":true}]}}