{"id":12106,"date":"2024-07-23T10:00:41","date_gmt":"2024-07-23T08:00:41","guid":{"rendered":"https:\/\/www.anovapeneira.gal\/?p=12106"},"modified":"2024-07-13T13:16:02","modified_gmt":"2024-07-13T11:16:02","slug":"sequera-deixademe-sonar","status":"publish","type":"post","link":"https:\/\/www.anovapeneira.gal\/index.php\/2024\/07\/23\/sequera-deixademe-sonar\/","title":{"rendered":"Sequera deix\u00e1deme so\u00f1ar"},"content":{"rendered":"\n<figure class=\"wp-block-image size-full is-resized\"><img loading=\"lazy\" decoding=\"async\" width=\"190\" height=\"222\" src=\"https:\/\/www.anovapeneira.gal\/wp-content\/uploads\/2019\/07\/Baldomero_Iglesias_Dobarrio_Mero.jpg\" alt=\"Baldomero Iglesias Dobarrio Mero artigos de opini\u00f3n A Nova Peneira\" class=\"wp-image-482\" style=\"width:88px;height:auto\"\/><figcaption class=\"wp-element-caption\">Baldomero Iglesias Dobarrio, Mero<\/figcaption><\/figure>\n\n\n\n<p>En breve vir\u00e1 o 25 de xullo, data de celebrarnos todo o ano e todos o anos. Contaba escribir do d\u00eda e do que representa, mais unha amizade pediume encarecidamente que continuase definindo esa Rep\u00fablica \u00e1 queme refer\u00edn no anterior artigo e \u00e1 que creo e quero pertencer, quizaisel tam\u00e9n. Esa profesada devoci\u00f3n a ese lugar sen amos nin patr\u00f3n, sensubmisi\u00f3ns ou dependencias, no que cada quen ten o seu espazo,garantido en dereitos, obrigado en deberes de participaci\u00f3n. Ese lugarno que recuperemos a vontade de ser, para ser Patria e Matria todos osd\u00edas, lonxe daquela xente que nos quere vender -no continuo abuso- oque non \u00e9 xusto por xustiza, coma no caso da Nosa Lingua, asegundada econfrontada entre o desexo de querer empregala contra a obriga deco\u00f1ecer outras, coa multitude de medios colaboradores que nos privan,xustamente a n\u00f3s, de habitar a raz\u00f3n e a l\u00f3xica. Iso rep\u00e1rteno aoutras linguas que, en uso e emprego, en documentos, en pel\u00edculas, enprensa, en libros, en todo, est\u00e1n beneficiadas! &nbsp;E non falemos dasrepartici\u00f3ns que nos vulneran, que nos impiden rexurdir das nosascinzas. Ser\u00e1 unha rep\u00fablica na que non hai xente aforada, protexidacontra a verdade sen\u00f3n pola contra obrigada \u00e1 responsabilidade de dara cara e responder dos seus actos, tam\u00e9n da s\u00faa pasividade. Lugar senpresos pol\u00edticos, a xente que pensa distinto non ten porque sufrir alei que o quere impedir. Certamente \u201ca mi\u00f1a rep\u00fablica\u201d segue a serese lugar de liberaci\u00f3n onde as palabras dadas te\u00f1en o peso necesariopara documentar acordos. Na mi\u00f1a rep\u00fablica non caben traidores ninxente falsa, farsantes, mentidores que rouban e finxen, nin sequeraaqueles que finxen defender a verdade e se aproveitan. Tampouco te\u00f1ensitio as persoas que abusan coa actitude de oprimir a outra xente. coas\u00faa sibilina seduci\u00f3n ou co disimulo da arrogancia, do negocio, doabuso desde o poder. Esa rep\u00fablica que so\u00f1o, e na que conf\u00edo, \u00e9respectuosa con toda a xente, non entende de \u201cdistingos\u201d, cada quen\u00e9 como \u00e9, libre e na condici\u00f3n de aceptar e de aceptarnos, derespectar e de ter abeiro para vivir, sobre todo quen menos pode,marxinados, os que non te\u00f1en nin forzas, d\u00e9biles, enfermos e doentes,xente maior que precisa de m\u00e1is axuda, rapazada que a\u00ednda buscareferencias e o seu sitio, que precisa aprender e buscar limposhorizontes desde a protecci\u00f3n. Por iso na mi\u00f1a rep\u00fablica, non haimega-ricos que acaparen e non aprendan o deber de repartir entre moitosaos que non lles chegou o que a eles lles sobra, porque pretende serxusta e a aqueles que m\u00e1is te\u00f1en, obr\u00edganse eles mesmos a pagarm\u00e1is, na distribuci\u00f3n compensatoria que corresponde xa por lei e pornecesaria condici\u00f3n, &nbsp;para alixeirar a &nbsp;vulnerabilidade no reparto debens. D\u00e1 acomodo a todo tipo de persoas, altas e baixas, gordas edelgadas, brancas, negras e coloradas, apoucadas ou resoltas. Onde sedebe ser feliz e contar d\u00edas por sorrisos, por m\u00fasica e esperanza, poransias de novas experiencias e, a un tempo, sen demoras preguiceiras oudesculpas demoradas. A experiencia de vivir debe ser positiva e axudada,e m\u00e1is cando as cousas ve\u00f1en mal dadas para seguir o consello e aaxuda axeitada a cada situaci\u00f3n. Sen estridencias, sen espect\u00e1culosgrandiosos que sempre ocultan e conculcan a liberdade doutra xente queanque non vemos, d\u00f3ense. Est\u00e1 nun lugar visible pero sen eseaparatismo que oculte sentimentos e emoci\u00f3ns. Esa rep\u00fablica noninventa grupos de calquera signo para posicionarse na vinganza, naderrota, na divisi\u00f3n, no incumprimento e despois oporse a novos grupos,sen sequera buscar tratados de defensa ou de ataque, non ter\u00e1 armaspara a protecci\u00f3n ou loita en bloques que presintan novos bloquesopostos, muros e contendas que impidan o sosego. Ser\u00e1 unha rep\u00fablicacon portas de acceso e convivencia. Tampouco ser\u00e1 equidistante entre osverdugos e os agredidos, non. Non porque \u00e9 inxusto e falta aocompromiso, procurar\u00e1 estar cos da verdade, cos que sempre perden, nostempos de hoxe cos que soportan o peso dos mundos inxustos, gobernos queditan contra n\u00f3s, que nos te\u00f1en defenestrados en leis, en burocraciasfeitas para castigar, para ofender e perturbar. Non, a mi\u00f1a rep\u00fablica\u00e9 -ben o sei- de momento unha rep\u00fablica s\u00f3 de so\u00f1os e de ideas, quese acocha no meu max\u00edn e no de moita outra xente que, a\u00ednda as\u00ed, nonve luz porque todo se puxo triste e non somos dos que non se agachandiante dos grandes e poderosos, mais que se avergo\u00f1an hoxe dos quegobern\u00e1ndonos non fixeron nada por cambiar esta inxusta situaci\u00f3n dedesamparo. Si, a mi\u00f1a rep\u00fablica tam\u00e9n \u00e9 algo an\u00e1rquica e ermit\u00e1,est\u00e1 f\u00f3ra dos tempos que corren, onde todo ten como soluci\u00f3n aamputaci\u00f3n dos que discrepan. Ai, pero a mi\u00f1a rep\u00fablica \u00e9 grande eespazosa, dadivosa e comprensiva, extensa e largac\u00eda, ordenada emet\u00f3dica, capaz de resolver actualidades, de p\u00f3rse de novo en acci\u00f3npara resolver novas e vellas angueiras, de sa\u00edr do caos, onde tam\u00e9n secocen as fabas. A mi\u00f1a rep\u00fablica \u00e9 p\u00fablica e non privada, non deprivilexios nin sordidamente abeirada, nin illada e solitaria. Nonpermite o esquecemento sen\u00f3n que sorprendentemente aprende da memoria edescobre o modo de agraciar e compracernos, meditando o peso enorme dequen non pode valerse.<\/p>\n\n\n\n<p>Eu ben sei que todo isto pode parecer un so\u00f1o, pero \u00e9 esa a rep\u00fablicaque agardo como referencia deste vivir caduco que tan breve noscontempla. \u00c9 xusta e necesaria para que na totalidade dos que somospoidamos crer e crear unha democracia de verdade, a menos mala para atotalidade, nunca de escollidos ou abusadores que nos fan perder a fe nodesprestixio, coa s\u00faa corrupci\u00f3n xeneralizada. C\u00f3mpre sintamos opracer de pertencer a esta fala, a esta terra que \u00e9 naci\u00f3n, Patria.Sen fanatismos que se carguen de sentenzas previas, sen ideolox\u00edas queoculten a raz\u00f3n con frases lapidarias. Nesa subscrici\u00f3n que non sesubordina a nada nin a ningu\u00e9n, sen\u00f3n que nos enaltece e sublima noorgullo da rebeld\u00eda por amar a nosa Matria. Onde traballar e loitarsexan un banzo m\u00e1is de dignidade para dar cabida a todos, onde aXustiza dea conta dos ofensores, puntualmente, e far\u00e1 cumprir conexemplo debido a Lei que debe gobernarnos, sempre que conte\u00f1a unhaConstituci\u00f3n Lexislativa vertebradora e que nos conduza, primeiro, aque te\u00f1amos o dereito e o deber de non a acatar o que resulte inxustoe, despois, que ofreza a posibilidade de esixir esclarecer as raz\u00f3ns decalquera irregularidade non contemplada, sen que por iso poidamos serperseguidas ou reprimidos.<\/p>\n\n\n\n<p>Baldomero Iglesias Dobarrio, Mero.<\/p>\n","protected":false},"excerpt":{"rendered":"<div class=\"mh-excerpt\"><p>En breve vir\u00e1 o 25 de xullo, data de celebrarnos todo o ano e todos o anos. Contaba escribir do d\u00eda e do que representa, mais unha amizade pediume encarecidamente que continuase definindo esa Rep\u00fablica <a class=\"mh-excerpt-more\" href=\"https:\/\/www.anovapeneira.gal\/index.php\/2024\/07\/23\/sequera-deixademe-sonar\/\" title=\"Sequera deix\u00e1deme so\u00f1ar\">[&#8230;]<\/a><\/p>\n<\/div>","protected":false},"author":5,"featured_media":584,"comment_status":"open","ping_status":"open","sticky":false,"template":"","format":"standard","meta":{"_exactmetrics_skip_tracking":false,"_exactmetrics_sitenote_active":false,"_exactmetrics_sitenote_note":"","_exactmetrics_sitenote_category":0,"footnotes":""},"categories":[7],"tags":[282],"class_list":{"0":"post-12106","1":"post","2":"type-post","3":"status-publish","4":"format-standard","5":"has-post-thumbnail","7":"category-artigos-de-opinion","8":"tag-25-de-xullo"},"yoast_head":"<!-- This site is optimized with the Yoast SEO plugin v27.4 - https:\/\/yoast.com\/product\/yoast-seo-wordpress\/ -->\n<title>Sequera deix\u00e1deme so\u00f1ar -<\/title>\n<meta name=\"robots\" content=\"index, follow, max-snippet:-1, max-image-preview:large, max-video-preview:-1\" \/>\n<link rel=\"canonical\" href=\"https:\/\/www.anovapeneira.gal\/index.php\/2024\/07\/23\/sequera-deixademe-sonar\/\" \/>\n<meta property=\"og:locale\" content=\"gl_ES\" \/>\n<meta property=\"og:type\" content=\"article\" \/>\n<meta property=\"og:title\" content=\"Sequera deix\u00e1deme so\u00f1ar -\" \/>\n<meta property=\"og:description\" content=\"En breve vir\u00e1 o 25 de xullo, data de celebrarnos todo o ano e todos o anos. Contaba escribir do d\u00eda e do que representa, mais unha amizade pediume encarecidamente que continuase definindo esa Rep\u00fablica [...]\" \/>\n<meta property=\"og:url\" content=\"https:\/\/www.anovapeneira.gal\/index.php\/2024\/07\/23\/sequera-deixademe-sonar\/\" \/>\n<meta property=\"article:publisher\" content=\"https:\/\/www.facebook.com\/anovapeneira\" \/>\n<meta property=\"article:published_time\" content=\"2024-07-23T08:00:41+00:00\" \/>\n<meta property=\"og:image\" content=\"https:\/\/www.anovapeneira.gal\/wp-content\/uploads\/2019\/07\/ARTIGO_DE_OPINION_A_NOVA_PENEIRA.jpg\" \/>\n\t<meta property=\"og:image:width\" content=\"720\" \/>\n\t<meta property=\"og:image:height\" content=\"473\" \/>\n\t<meta property=\"og:image:type\" content=\"image\/jpeg\" \/>\n<meta name=\"author\" content=\"Baldomero Iglesias Dobarrio, Mero\" \/>\n<meta name=\"twitter:card\" content=\"summary_large_image\" \/>\n<meta name=\"twitter:image\" content=\"https:\/\/www.anovapeneira.gal\/wp-content\/uploads\/2019\/07\/ARTIGO_DE_OPINION_A_NOVA_PENEIRA.jpg\" \/>\n<meta name=\"twitter:creator\" content=\"@APeneira\" \/>\n<meta name=\"twitter:site\" content=\"@APeneira\" \/>\n<meta name=\"twitter:label1\" content=\"Escrito por\" \/>\n\t<meta name=\"twitter:data1\" content=\"Baldomero Iglesias Dobarrio, Mero\" \/>\n\t<meta name=\"twitter:label2\" content=\"Tempo de lectura\" \/>\n\t<meta name=\"twitter:data2\" content=\"6 minutos\" \/>\n<script type=\"application\/ld+json\" class=\"yoast-schema-graph\">{\"@context\":\"https:\\\/\\\/schema.org\",\"@graph\":[{\"@type\":\"Article\",\"@id\":\"https:\\\/\\\/www.anovapeneira.gal\\\/index.php\\\/2024\\\/07\\\/23\\\/sequera-deixademe-sonar\\\/#article\",\"isPartOf\":{\"@id\":\"https:\\\/\\\/www.anovapeneira.gal\\\/index.php\\\/2024\\\/07\\\/23\\\/sequera-deixademe-sonar\\\/\"},\"author\":{\"name\":\"Baldomero Iglesias Dobarrio, Mero\",\"@id\":\"https:\\\/\\\/www.anovapeneira.gal\\\/#\\\/schema\\\/person\\\/b051ed40cfc100e281476674783b32fc\"},\"headline\":\"Sequera deix\u00e1deme so\u00f1ar\",\"datePublished\":\"2024-07-23T08:00:41+00:00\",\"mainEntityOfPage\":{\"@id\":\"https:\\\/\\\/www.anovapeneira.gal\\\/index.php\\\/2024\\\/07\\\/23\\\/sequera-deixademe-sonar\\\/\"},\"wordCount\":1129,\"commentCount\":0,\"publisher\":{\"@id\":\"https:\\\/\\\/www.anovapeneira.gal\\\/#organization\"},\"image\":{\"@id\":\"https:\\\/\\\/www.anovapeneira.gal\\\/index.php\\\/2024\\\/07\\\/23\\\/sequera-deixademe-sonar\\\/#primaryimage\"},\"thumbnailUrl\":\"https:\\\/\\\/www.anovapeneira.gal\\\/wp-content\\\/uploads\\\/2019\\\/07\\\/ARTIGO_DE_OPINION_A_NOVA_PENEIRA.jpg\",\"keywords\":[\"25 de xullo\"],\"articleSection\":[\"Artigos de opini\u00f3n\"],\"inLanguage\":\"gl-ES\",\"potentialAction\":[{\"@type\":\"CommentAction\",\"name\":\"Comment\",\"target\":[\"https:\\\/\\\/www.anovapeneira.gal\\\/index.php\\\/2024\\\/07\\\/23\\\/sequera-deixademe-sonar\\\/#respond\"]}]},{\"@type\":\"WebPage\",\"@id\":\"https:\\\/\\\/www.anovapeneira.gal\\\/index.php\\\/2024\\\/07\\\/23\\\/sequera-deixademe-sonar\\\/\",\"url\":\"https:\\\/\\\/www.anovapeneira.gal\\\/index.php\\\/2024\\\/07\\\/23\\\/sequera-deixademe-sonar\\\/\",\"name\":\"Sequera deix\u00e1deme so\u00f1ar -\",\"isPartOf\":{\"@id\":\"https:\\\/\\\/www.anovapeneira.gal\\\/#website\"},\"primaryImageOfPage\":{\"@id\":\"https:\\\/\\\/www.anovapeneira.gal\\\/index.php\\\/2024\\\/07\\\/23\\\/sequera-deixademe-sonar\\\/#primaryimage\"},\"image\":{\"@id\":\"https:\\\/\\\/www.anovapeneira.gal\\\/index.php\\\/2024\\\/07\\\/23\\\/sequera-deixademe-sonar\\\/#primaryimage\"},\"thumbnailUrl\":\"https:\\\/\\\/www.anovapeneira.gal\\\/wp-content\\\/uploads\\\/2019\\\/07\\\/ARTIGO_DE_OPINION_A_NOVA_PENEIRA.jpg\",\"datePublished\":\"2024-07-23T08:00:41+00:00\",\"breadcrumb\":{\"@id\":\"https:\\\/\\\/www.anovapeneira.gal\\\/index.php\\\/2024\\\/07\\\/23\\\/sequera-deixademe-sonar\\\/#breadcrumb\"},\"inLanguage\":\"gl-ES\",\"potentialAction\":[{\"@type\":\"ReadAction\",\"target\":[\"https:\\\/\\\/www.anovapeneira.gal\\\/index.php\\\/2024\\\/07\\\/23\\\/sequera-deixademe-sonar\\\/\"]}]},{\"@type\":\"ImageObject\",\"inLanguage\":\"gl-ES\",\"@id\":\"https:\\\/\\\/www.anovapeneira.gal\\\/index.php\\\/2024\\\/07\\\/23\\\/sequera-deixademe-sonar\\\/#primaryimage\",\"url\":\"https:\\\/\\\/www.anovapeneira.gal\\\/wp-content\\\/uploads\\\/2019\\\/07\\\/ARTIGO_DE_OPINION_A_NOVA_PENEIRA.jpg\",\"contentUrl\":\"https:\\\/\\\/www.anovapeneira.gal\\\/wp-content\\\/uploads\\\/2019\\\/07\\\/ARTIGO_DE_OPINION_A_NOVA_PENEIRA.jpg\",\"width\":720,\"height\":473,\"caption\":\"Artigo de opini\u00f3n A Nova Peneira\"},{\"@type\":\"BreadcrumbList\",\"@id\":\"https:\\\/\\\/www.anovapeneira.gal\\\/index.php\\\/2024\\\/07\\\/23\\\/sequera-deixademe-sonar\\\/#breadcrumb\",\"itemListElement\":[{\"@type\":\"ListItem\",\"position\":1,\"name\":\"Portada\",\"item\":\"https:\\\/\\\/www.anovapeneira.gal\\\/\"},{\"@type\":\"ListItem\",\"position\":2,\"name\":\"Sequera deix\u00e1deme so\u00f1ar\"}]},{\"@type\":\"WebSite\",\"@id\":\"https:\\\/\\\/www.anovapeneira.gal\\\/#website\",\"url\":\"https:\\\/\\\/www.anovapeneira.gal\\\/\",\"name\":\"\",\"description\":\"Xornal galego de informaci\u00f3n xeral Publicaci\u00f3n mensual de novas de Galicia e en especial dos Concellos da sur da provincia de Pontevedra.\",\"publisher\":{\"@id\":\"https:\\\/\\\/www.anovapeneira.gal\\\/#organization\"},\"potentialAction\":[{\"@type\":\"SearchAction\",\"target\":{\"@type\":\"EntryPoint\",\"urlTemplate\":\"https:\\\/\\\/www.anovapeneira.gal\\\/?s={search_term_string}\"},\"query-input\":{\"@type\":\"PropertyValueSpecification\",\"valueRequired\":true,\"valueName\":\"search_term_string\"}}],\"inLanguage\":\"gl-ES\"},{\"@type\":\"Organization\",\"@id\":\"https:\\\/\\\/www.anovapeneira.gal\\\/#organization\",\"name\":\"A Nova Peneira\",\"url\":\"https:\\\/\\\/www.anovapeneira.gal\\\/\",\"logo\":{\"@type\":\"ImageObject\",\"inLanguage\":\"gl-ES\",\"@id\":\"https:\\\/\\\/www.anovapeneira.gal\\\/#\\\/schema\\\/logo\\\/image\\\/\",\"url\":\"http:\\\/\\\/www.anovapeneira.gal\\\/wp-content\\\/uploads\\\/2019\\\/06\\\/logo_a_nova_peneira_portal_web.png\",\"contentUrl\":\"http:\\\/\\\/www.anovapeneira.gal\\\/wp-content\\\/uploads\\\/2019\\\/06\\\/logo_a_nova_peneira_portal_web.png\",\"width\":300,\"height\":100,\"caption\":\"A Nova Peneira\"},\"image\":{\"@id\":\"https:\\\/\\\/www.anovapeneira.gal\\\/#\\\/schema\\\/logo\\\/image\\\/\"},\"sameAs\":[\"https:\\\/\\\/www.facebook.com\\\/anovapeneira\",\"https:\\\/\\\/x.com\\\/APeneira\"]},{\"@type\":\"Person\",\"@id\":\"https:\\\/\\\/www.anovapeneira.gal\\\/#\\\/schema\\\/person\\\/b051ed40cfc100e281476674783b32fc\",\"name\":\"Baldomero Iglesias Dobarrio, Mero\",\"image\":{\"@type\":\"ImageObject\",\"inLanguage\":\"gl-ES\",\"@id\":\"https:\\\/\\\/secure.gravatar.com\\\/avatar\\\/ca78fc089f8cf28197f88de2c9ac213e2f7d2097d8e359d9359b8778b539c59d?s=96&d=mm&r=g\",\"url\":\"https:\\\/\\\/secure.gravatar.com\\\/avatar\\\/ca78fc089f8cf28197f88de2c9ac213e2f7d2097d8e359d9359b8778b539c59d?s=96&d=mm&r=g\",\"contentUrl\":\"https:\\\/\\\/secure.gravatar.com\\\/avatar\\\/ca78fc089f8cf28197f88de2c9ac213e2f7d2097d8e359d9359b8778b539c59d?s=96&d=mm&r=g\",\"caption\":\"Baldomero Iglesias Dobarrio, Mero\"},\"sameAs\":[\"http:\\\/\\\/anovapeneira.gal\"],\"url\":\"https:\\\/\\\/www.anovapeneira.gal\\\/index.php\\\/author\\\/opinionmero\\\/\"}]}<\/script>\n<!-- \/ Yoast SEO plugin. -->","yoast_head_json":{"title":"Sequera deix\u00e1deme so\u00f1ar -","robots":{"index":"index","follow":"follow","max-snippet":"max-snippet:-1","max-image-preview":"max-image-preview:large","max-video-preview":"max-video-preview:-1"},"canonical":"https:\/\/www.anovapeneira.gal\/index.php\/2024\/07\/23\/sequera-deixademe-sonar\/","og_locale":"gl_ES","og_type":"article","og_title":"Sequera deix\u00e1deme so\u00f1ar -","og_description":"En breve vir\u00e1 o 25 de xullo, data de celebrarnos todo o ano e todos o anos. Contaba escribir do d\u00eda e do que representa, mais unha amizade pediume encarecidamente que continuase definindo esa Rep\u00fablica [...]","og_url":"https:\/\/www.anovapeneira.gal\/index.php\/2024\/07\/23\/sequera-deixademe-sonar\/","article_publisher":"https:\/\/www.facebook.com\/anovapeneira","article_published_time":"2024-07-23T08:00:41+00:00","og_image":[{"width":720,"height":473,"url":"https:\/\/www.anovapeneira.gal\/wp-content\/uploads\/2019\/07\/ARTIGO_DE_OPINION_A_NOVA_PENEIRA.jpg","type":"image\/jpeg"}],"author":"Baldomero Iglesias Dobarrio, Mero","twitter_card":"summary_large_image","twitter_image":"https:\/\/www.anovapeneira.gal\/wp-content\/uploads\/2019\/07\/ARTIGO_DE_OPINION_A_NOVA_PENEIRA.jpg","twitter_creator":"@APeneira","twitter_site":"@APeneira","twitter_misc":{"Escrito por":"Baldomero Iglesias Dobarrio, Mero","Tempo de lectura":"6 minutos"},"schema":{"@context":"https:\/\/schema.org","@graph":[{"@type":"Article","@id":"https:\/\/www.anovapeneira.gal\/index.php\/2024\/07\/23\/sequera-deixademe-sonar\/#article","isPartOf":{"@id":"https:\/\/www.anovapeneira.gal\/index.php\/2024\/07\/23\/sequera-deixademe-sonar\/"},"author":{"name":"Baldomero Iglesias Dobarrio, Mero","@id":"https:\/\/www.anovapeneira.gal\/#\/schema\/person\/b051ed40cfc100e281476674783b32fc"},"headline":"Sequera deix\u00e1deme so\u00f1ar","datePublished":"2024-07-23T08:00:41+00:00","mainEntityOfPage":{"@id":"https:\/\/www.anovapeneira.gal\/index.php\/2024\/07\/23\/sequera-deixademe-sonar\/"},"wordCount":1129,"commentCount":0,"publisher":{"@id":"https:\/\/www.anovapeneira.gal\/#organization"},"image":{"@id":"https:\/\/www.anovapeneira.gal\/index.php\/2024\/07\/23\/sequera-deixademe-sonar\/#primaryimage"},"thumbnailUrl":"https:\/\/www.anovapeneira.gal\/wp-content\/uploads\/2019\/07\/ARTIGO_DE_OPINION_A_NOVA_PENEIRA.jpg","keywords":["25 de xullo"],"articleSection":["Artigos de opini\u00f3n"],"inLanguage":"gl-ES","potentialAction":[{"@type":"CommentAction","name":"Comment","target":["https:\/\/www.anovapeneira.gal\/index.php\/2024\/07\/23\/sequera-deixademe-sonar\/#respond"]}]},{"@type":"WebPage","@id":"https:\/\/www.anovapeneira.gal\/index.php\/2024\/07\/23\/sequera-deixademe-sonar\/","url":"https:\/\/www.anovapeneira.gal\/index.php\/2024\/07\/23\/sequera-deixademe-sonar\/","name":"Sequera deix\u00e1deme so\u00f1ar -","isPartOf":{"@id":"https:\/\/www.anovapeneira.gal\/#website"},"primaryImageOfPage":{"@id":"https:\/\/www.anovapeneira.gal\/index.php\/2024\/07\/23\/sequera-deixademe-sonar\/#primaryimage"},"image":{"@id":"https:\/\/www.anovapeneira.gal\/index.php\/2024\/07\/23\/sequera-deixademe-sonar\/#primaryimage"},"thumbnailUrl":"https:\/\/www.anovapeneira.gal\/wp-content\/uploads\/2019\/07\/ARTIGO_DE_OPINION_A_NOVA_PENEIRA.jpg","datePublished":"2024-07-23T08:00:41+00:00","breadcrumb":{"@id":"https:\/\/www.anovapeneira.gal\/index.php\/2024\/07\/23\/sequera-deixademe-sonar\/#breadcrumb"},"inLanguage":"gl-ES","potentialAction":[{"@type":"ReadAction","target":["https:\/\/www.anovapeneira.gal\/index.php\/2024\/07\/23\/sequera-deixademe-sonar\/"]}]},{"@type":"ImageObject","inLanguage":"gl-ES","@id":"https:\/\/www.anovapeneira.gal\/index.php\/2024\/07\/23\/sequera-deixademe-sonar\/#primaryimage","url":"https:\/\/www.anovapeneira.gal\/wp-content\/uploads\/2019\/07\/ARTIGO_DE_OPINION_A_NOVA_PENEIRA.jpg","contentUrl":"https:\/\/www.anovapeneira.gal\/wp-content\/uploads\/2019\/07\/ARTIGO_DE_OPINION_A_NOVA_PENEIRA.jpg","width":720,"height":473,"caption":"Artigo de opini\u00f3n A Nova Peneira"},{"@type":"BreadcrumbList","@id":"https:\/\/www.anovapeneira.gal\/index.php\/2024\/07\/23\/sequera-deixademe-sonar\/#breadcrumb","itemListElement":[{"@type":"ListItem","position":1,"name":"Portada","item":"https:\/\/www.anovapeneira.gal\/"},{"@type":"ListItem","position":2,"name":"Sequera deix\u00e1deme so\u00f1ar"}]},{"@type":"WebSite","@id":"https:\/\/www.anovapeneira.gal\/#website","url":"https:\/\/www.anovapeneira.gal\/","name":"","description":"Xornal galego de informaci\u00f3n xeral Publicaci\u00f3n mensual de novas de Galicia e en especial dos Concellos da sur da provincia de Pontevedra.","publisher":{"@id":"https:\/\/www.anovapeneira.gal\/#organization"},"potentialAction":[{"@type":"SearchAction","target":{"@type":"EntryPoint","urlTemplate":"https:\/\/www.anovapeneira.gal\/?s={search_term_string}"},"query-input":{"@type":"PropertyValueSpecification","valueRequired":true,"valueName":"search_term_string"}}],"inLanguage":"gl-ES"},{"@type":"Organization","@id":"https:\/\/www.anovapeneira.gal\/#organization","name":"A Nova Peneira","url":"https:\/\/www.anovapeneira.gal\/","logo":{"@type":"ImageObject","inLanguage":"gl-ES","@id":"https:\/\/www.anovapeneira.gal\/#\/schema\/logo\/image\/","url":"http:\/\/www.anovapeneira.gal\/wp-content\/uploads\/2019\/06\/logo_a_nova_peneira_portal_web.png","contentUrl":"http:\/\/www.anovapeneira.gal\/wp-content\/uploads\/2019\/06\/logo_a_nova_peneira_portal_web.png","width":300,"height":100,"caption":"A Nova Peneira"},"image":{"@id":"https:\/\/www.anovapeneira.gal\/#\/schema\/logo\/image\/"},"sameAs":["https:\/\/www.facebook.com\/anovapeneira","https:\/\/x.com\/APeneira"]},{"@type":"Person","@id":"https:\/\/www.anovapeneira.gal\/#\/schema\/person\/b051ed40cfc100e281476674783b32fc","name":"Baldomero Iglesias Dobarrio, Mero","image":{"@type":"ImageObject","inLanguage":"gl-ES","@id":"https:\/\/secure.gravatar.com\/avatar\/ca78fc089f8cf28197f88de2c9ac213e2f7d2097d8e359d9359b8778b539c59d?s=96&d=mm&r=g","url":"https:\/\/secure.gravatar.com\/avatar\/ca78fc089f8cf28197f88de2c9ac213e2f7d2097d8e359d9359b8778b539c59d?s=96&d=mm&r=g","contentUrl":"https:\/\/secure.gravatar.com\/avatar\/ca78fc089f8cf28197f88de2c9ac213e2f7d2097d8e359d9359b8778b539c59d?s=96&d=mm&r=g","caption":"Baldomero Iglesias Dobarrio, Mero"},"sameAs":["http:\/\/anovapeneira.gal"],"url":"https:\/\/www.anovapeneira.gal\/index.php\/author\/opinionmero\/"}]}},"jetpack_featured_media_url":"https:\/\/www.anovapeneira.gal\/wp-content\/uploads\/2019\/07\/ARTIGO_DE_OPINION_A_NOVA_PENEIRA.jpg","_links":{"self":[{"href":"https:\/\/www.anovapeneira.gal\/index.php\/wp-json\/wp\/v2\/posts\/12106","targetHints":{"allow":["GET"]}}],"collection":[{"href":"https:\/\/www.anovapeneira.gal\/index.php\/wp-json\/wp\/v2\/posts"}],"about":[{"href":"https:\/\/www.anovapeneira.gal\/index.php\/wp-json\/wp\/v2\/types\/post"}],"author":[{"embeddable":true,"href":"https:\/\/www.anovapeneira.gal\/index.php\/wp-json\/wp\/v2\/users\/5"}],"replies":[{"embeddable":true,"href":"https:\/\/www.anovapeneira.gal\/index.php\/wp-json\/wp\/v2\/comments?post=12106"}],"version-history":[{"count":1,"href":"https:\/\/www.anovapeneira.gal\/index.php\/wp-json\/wp\/v2\/posts\/12106\/revisions"}],"predecessor-version":[{"id":12107,"href":"https:\/\/www.anovapeneira.gal\/index.php\/wp-json\/wp\/v2\/posts\/12106\/revisions\/12107"}],"wp:featuredmedia":[{"embeddable":true,"href":"https:\/\/www.anovapeneira.gal\/index.php\/wp-json\/wp\/v2\/media\/584"}],"wp:attachment":[{"href":"https:\/\/www.anovapeneira.gal\/index.php\/wp-json\/wp\/v2\/media?parent=12106"}],"wp:term":[{"taxonomy":"category","embeddable":true,"href":"https:\/\/www.anovapeneira.gal\/index.php\/wp-json\/wp\/v2\/categories?post=12106"},{"taxonomy":"post_tag","embeddable":true,"href":"https:\/\/www.anovapeneira.gal\/index.php\/wp-json\/wp\/v2\/tags?post=12106"}],"curies":[{"name":"wp","href":"https:\/\/api.w.org\/{rel}","templated":true}]}}