{"id":12112,"date":"2024-07-24T10:00:13","date_gmt":"2024-07-24T08:00:13","guid":{"rendered":"https:\/\/www.anovapeneira.gal\/?p=12112"},"modified":"2024-07-22T11:55:37","modified_gmt":"2024-07-22T09:55:37","slug":"o-25-de-xullo-non-e-un-dia-calquera","status":"publish","type":"post","link":"https:\/\/www.anovapeneira.gal\/index.php\/2024\/07\/24\/o-25-de-xullo-non-e-un-dia-calquera\/","title":{"rendered":"O 25 de Xullo non \u00e9 un d\u00eda calquera"},"content":{"rendered":"\n<pre class=\"wp-block-verse\">Araceli Gestido, alcaldesa de Cangas<\/pre>\n\n\n\n<p>O 25 de xullo \u00e9 un d\u00eda especial na mi\u00f1a vida dende que te\u00f1o uso de raz\u00f3n. Na mi\u00f1a aldea, a Ameixoada en Moa\u00f1a, era tradici\u00f3n facer unha pequena peregrinaci\u00f3n ata Santiago de Ermelo, en Bueu. A igrexa de Ermelo foi en orixe un mosteiro constru\u00eddo no s\u00e9culo X, pero quedou destru\u00eddo no ano 1104 despois dun ataque normando e logo de ser reconstru\u00eddo polo bispo Xelm\u00edrez cambiou a s\u00faa advocaci\u00f3n de San Benito a Santiago.<br>Logo desta breve nota hist\u00f3rica, retomo o relato de aqueles d\u00edas de infancia: o d\u00eda 25 pola ma\u00f1\u00e1, igual que os veci\u00f1os de Coiro de Cangas e de San Marti\u00f1o de Moa\u00f1a preparabamos a comida e coll\u00edamos os carreiros do monte en direcci\u00f3n a Santiago de Ermelo. Lembro aquel monte que a\u00ednda conservaba carballeiras centenarias e cami\u00f1os fondos, misteriosos aos ollos dunha nena. Por desgraza, pouco queda de aquel para\u00edso natural, que foi substitu\u00eddo por eucaliptais, nunha decisi\u00f3n colectiva que consistiu en &#8220;cambiar oro por baratijas&#8221;. Por se isto fose pouco aqueles cami\u00f1os foron rabenados pola V\u00eda R\u00e1pida do Morrazo, un proxecto exemplo de mala praxe polo gran impacto que tivo sobre o territorio. Con todo e iso, conservo lembranzas entra\u00f1ables da mi\u00f1a nenez e adolescencia facendo esta pequena romaxe polos montes do Morrazo para xuntarse con familiares e amigos. Hoxe estes montes sofren unha nova ameaza en forma de mu\u00ed\u00f1os xigantes, pero o Morrazo resiste, sempre firme. Mentres damos esta nova batalla so\u00f1o coa recuperaci\u00f3n das nosas fragas, soutos e carballeiras, que os meus fillos xa non co\u00f1eceron.<br>Para rematar dicir que logo de ir \u00e1 universidade en Santiago de Compostela o d\u00eda 25 mudou esa imaxe tradicional, por outra mais significada politicamente. Unha etapa mais adulta e xa consciente da identidade colectiva propia e da naci\u00f3n galega, pero seguiu sendo sempre unha xornada de festa, de encontro e de irmandade galega. Neste 25 &nbsp;de xullo des\u00e9xovos a todas e todos sa\u00fade e patria.<\/p>\n","protected":false},"excerpt":{"rendered":"<div class=\"mh-excerpt\"><p>O 25 de xullo \u00e9 un d\u00eda especial na mi\u00f1a vida dende que te\u00f1o uso de raz\u00f3n. Na mi\u00f1a aldea, a Ameixoada en Moa\u00f1a, era tradici\u00f3n facer unha pequena peregrinaci\u00f3n ata Santiago de Ermelo, en Bueu <a class=\"mh-excerpt-more\" href=\"https:\/\/www.anovapeneira.gal\/index.php\/2024\/07\/24\/o-25-de-xullo-non-e-un-dia-calquera\/\" title=\"O 25 de Xullo non \u00e9 un d\u00eda calquera\">[&#8230;]<\/a><\/p>\n<\/div>","protected":false},"author":12,"featured_media":12113,"comment_status":"open","ping_status":"open","sticky":false,"template":"","format":"standard","meta":{"_exactmetrics_skip_tracking":false,"_exactmetrics_sitenote_active":false,"_exactmetrics_sitenote_note":"","_exactmetrics_sitenote_category":0,"footnotes":""},"categories":[7],"tags":[1415],"class_list":{"0":"post-12112","1":"post","2":"type-post","3":"status-publish","4":"format-standard","5":"has-post-thumbnail","7":"category-artigos-de-opinion","8":"tag-araceli-gestido"},"yoast_head":"<!-- This site is optimized with the Yoast SEO plugin v27.4 - https:\/\/yoast.com\/product\/yoast-seo-wordpress\/ -->\n<title>O 25 de Xullo non \u00e9 un d\u00eda calquera -<\/title>\n<meta name=\"robots\" content=\"index, follow, max-snippet:-1, max-image-preview:large, max-video-preview:-1\" \/>\n<link rel=\"canonical\" href=\"https:\/\/www.anovapeneira.gal\/index.php\/2024\/07\/24\/o-25-de-xullo-non-e-un-dia-calquera\/\" \/>\n<meta property=\"og:locale\" content=\"gl_ES\" \/>\n<meta property=\"og:type\" content=\"article\" \/>\n<meta property=\"og:title\" content=\"O 25 de Xullo non \u00e9 un d\u00eda calquera -\" \/>\n<meta property=\"og:description\" content=\"O 25 de xullo \u00e9 un d\u00eda especial na mi\u00f1a vida dende que te\u00f1o uso de raz\u00f3n. Na mi\u00f1a aldea, a Ameixoada en Moa\u00f1a, era tradici\u00f3n facer unha pequena peregrinaci\u00f3n ata Santiago de Ermelo, en Bueu [...]\" \/>\n<meta property=\"og:url\" content=\"https:\/\/www.anovapeneira.gal\/index.php\/2024\/07\/24\/o-25-de-xullo-non-e-un-dia-calquera\/\" \/>\n<meta property=\"article:publisher\" content=\"https:\/\/www.facebook.com\/anovapeneira\" \/>\n<meta property=\"article:published_time\" content=\"2024-07-24T08:00:13+00:00\" \/>\n<meta property=\"og:image\" content=\"https:\/\/www.anovapeneira.gal\/wp-content\/uploads\/2024\/07\/araceli_gestido.png\" \/>\n\t<meta property=\"og:image:width\" content=\"720\" \/>\n\t<meta property=\"og:image:height\" content=\"432\" \/>\n\t<meta property=\"og:image:type\" content=\"image\/png\" \/>\n<meta name=\"author\" content=\"Artigos Opini\u00f3n\" \/>\n<meta name=\"twitter:card\" content=\"summary_large_image\" \/>\n<meta name=\"twitter:creator\" content=\"@APeneira\" \/>\n<meta name=\"twitter:site\" content=\"@APeneira\" \/>\n<meta name=\"twitter:label1\" content=\"Escrito por\" \/>\n\t<meta name=\"twitter:data1\" content=\"Artigos Opini\u00f3n\" \/>\n\t<meta name=\"twitter:label2\" content=\"Tempo de lectura\" \/>\n\t<meta name=\"twitter:data2\" content=\"2 minutos\" \/>\n<script type=\"application\/ld+json\" class=\"yoast-schema-graph\">{\"@context\":\"https:\\\/\\\/schema.org\",\"@graph\":[{\"@type\":\"Article\",\"@id\":\"https:\\\/\\\/www.anovapeneira.gal\\\/index.php\\\/2024\\\/07\\\/24\\\/o-25-de-xullo-non-e-un-dia-calquera\\\/#article\",\"isPartOf\":{\"@id\":\"https:\\\/\\\/www.anovapeneira.gal\\\/index.php\\\/2024\\\/07\\\/24\\\/o-25-de-xullo-non-e-un-dia-calquera\\\/\"},\"author\":{\"name\":\"Artigos Opini\u00f3n\",\"@id\":\"https:\\\/\\\/www.anovapeneira.gal\\\/#\\\/schema\\\/person\\\/f18a4feb302e8f20bcef4490b5b60bb3\"},\"headline\":\"O 25 de Xullo non \u00e9 un d\u00eda calquera\",\"datePublished\":\"2024-07-24T08:00:13+00:00\",\"mainEntityOfPage\":{\"@id\":\"https:\\\/\\\/www.anovapeneira.gal\\\/index.php\\\/2024\\\/07\\\/24\\\/o-25-de-xullo-non-e-un-dia-calquera\\\/\"},\"wordCount\":364,\"commentCount\":0,\"publisher\":{\"@id\":\"https:\\\/\\\/www.anovapeneira.gal\\\/#organization\"},\"image\":{\"@id\":\"https:\\\/\\\/www.anovapeneira.gal\\\/index.php\\\/2024\\\/07\\\/24\\\/o-25-de-xullo-non-e-un-dia-calquera\\\/#primaryimage\"},\"thumbnailUrl\":\"https:\\\/\\\/www.anovapeneira.gal\\\/wp-content\\\/uploads\\\/2024\\\/07\\\/araceli_gestido.png\",\"keywords\":[\"Araceli Gestido\"],\"articleSection\":[\"Artigos de opini\u00f3n\"],\"inLanguage\":\"gl-ES\",\"potentialAction\":[{\"@type\":\"CommentAction\",\"name\":\"Comment\",\"target\":[\"https:\\\/\\\/www.anovapeneira.gal\\\/index.php\\\/2024\\\/07\\\/24\\\/o-25-de-xullo-non-e-un-dia-calquera\\\/#respond\"]}]},{\"@type\":\"WebPage\",\"@id\":\"https:\\\/\\\/www.anovapeneira.gal\\\/index.php\\\/2024\\\/07\\\/24\\\/o-25-de-xullo-non-e-un-dia-calquera\\\/\",\"url\":\"https:\\\/\\\/www.anovapeneira.gal\\\/index.php\\\/2024\\\/07\\\/24\\\/o-25-de-xullo-non-e-un-dia-calquera\\\/\",\"name\":\"O 25 de Xullo non \u00e9 un d\u00eda calquera -\",\"isPartOf\":{\"@id\":\"https:\\\/\\\/www.anovapeneira.gal\\\/#website\"},\"primaryImageOfPage\":{\"@id\":\"https:\\\/\\\/www.anovapeneira.gal\\\/index.php\\\/2024\\\/07\\\/24\\\/o-25-de-xullo-non-e-un-dia-calquera\\\/#primaryimage\"},\"image\":{\"@id\":\"https:\\\/\\\/www.anovapeneira.gal\\\/index.php\\\/2024\\\/07\\\/24\\\/o-25-de-xullo-non-e-un-dia-calquera\\\/#primaryimage\"},\"thumbnailUrl\":\"https:\\\/\\\/www.anovapeneira.gal\\\/wp-content\\\/uploads\\\/2024\\\/07\\\/araceli_gestido.png\",\"datePublished\":\"2024-07-24T08:00:13+00:00\",\"breadcrumb\":{\"@id\":\"https:\\\/\\\/www.anovapeneira.gal\\\/index.php\\\/2024\\\/07\\\/24\\\/o-25-de-xullo-non-e-un-dia-calquera\\\/#breadcrumb\"},\"inLanguage\":\"gl-ES\",\"potentialAction\":[{\"@type\":\"ReadAction\",\"target\":[\"https:\\\/\\\/www.anovapeneira.gal\\\/index.php\\\/2024\\\/07\\\/24\\\/o-25-de-xullo-non-e-un-dia-calquera\\\/\"]}]},{\"@type\":\"ImageObject\",\"inLanguage\":\"gl-ES\",\"@id\":\"https:\\\/\\\/www.anovapeneira.gal\\\/index.php\\\/2024\\\/07\\\/24\\\/o-25-de-xullo-non-e-un-dia-calquera\\\/#primaryimage\",\"url\":\"https:\\\/\\\/www.anovapeneira.gal\\\/wp-content\\\/uploads\\\/2024\\\/07\\\/araceli_gestido.png\",\"contentUrl\":\"https:\\\/\\\/www.anovapeneira.gal\\\/wp-content\\\/uploads\\\/2024\\\/07\\\/araceli_gestido.png\",\"width\":720,\"height\":432,\"caption\":\"Araceli Gestido, alcaldesa de Cangas\"},{\"@type\":\"BreadcrumbList\",\"@id\":\"https:\\\/\\\/www.anovapeneira.gal\\\/index.php\\\/2024\\\/07\\\/24\\\/o-25-de-xullo-non-e-un-dia-calquera\\\/#breadcrumb\",\"itemListElement\":[{\"@type\":\"ListItem\",\"position\":1,\"name\":\"Portada\",\"item\":\"https:\\\/\\\/www.anovapeneira.gal\\\/\"},{\"@type\":\"ListItem\",\"position\":2,\"name\":\"O 25 de Xullo non \u00e9 un d\u00eda calquera\"}]},{\"@type\":\"WebSite\",\"@id\":\"https:\\\/\\\/www.anovapeneira.gal\\\/#website\",\"url\":\"https:\\\/\\\/www.anovapeneira.gal\\\/\",\"name\":\"\",\"description\":\"Xornal galego de informaci\u00f3n xeral Publicaci\u00f3n mensual de novas de Galicia e en especial dos Concellos da sur da provincia de Pontevedra.\",\"publisher\":{\"@id\":\"https:\\\/\\\/www.anovapeneira.gal\\\/#organization\"},\"potentialAction\":[{\"@type\":\"SearchAction\",\"target\":{\"@type\":\"EntryPoint\",\"urlTemplate\":\"https:\\\/\\\/www.anovapeneira.gal\\\/?s={search_term_string}\"},\"query-input\":{\"@type\":\"PropertyValueSpecification\",\"valueRequired\":true,\"valueName\":\"search_term_string\"}}],\"inLanguage\":\"gl-ES\"},{\"@type\":\"Organization\",\"@id\":\"https:\\\/\\\/www.anovapeneira.gal\\\/#organization\",\"name\":\"A Nova Peneira\",\"url\":\"https:\\\/\\\/www.anovapeneira.gal\\\/\",\"logo\":{\"@type\":\"ImageObject\",\"inLanguage\":\"gl-ES\",\"@id\":\"https:\\\/\\\/www.anovapeneira.gal\\\/#\\\/schema\\\/logo\\\/image\\\/\",\"url\":\"http:\\\/\\\/www.anovapeneira.gal\\\/wp-content\\\/uploads\\\/2019\\\/06\\\/logo_a_nova_peneira_portal_web.png\",\"contentUrl\":\"http:\\\/\\\/www.anovapeneira.gal\\\/wp-content\\\/uploads\\\/2019\\\/06\\\/logo_a_nova_peneira_portal_web.png\",\"width\":300,\"height\":100,\"caption\":\"A Nova Peneira\"},\"image\":{\"@id\":\"https:\\\/\\\/www.anovapeneira.gal\\\/#\\\/schema\\\/logo\\\/image\\\/\"},\"sameAs\":[\"https:\\\/\\\/www.facebook.com\\\/anovapeneira\",\"https:\\\/\\\/x.com\\\/APeneira\"]},{\"@type\":\"Person\",\"@id\":\"https:\\\/\\\/www.anovapeneira.gal\\\/#\\\/schema\\\/person\\\/f18a4feb302e8f20bcef4490b5b60bb3\",\"name\":\"Artigos Opini\u00f3n\",\"image\":{\"@type\":\"ImageObject\",\"inLanguage\":\"gl-ES\",\"@id\":\"https:\\\/\\\/secure.gravatar.com\\\/avatar\\\/072844300f4881150aee2da4278f7a65d16eefdf8262eb67085f1e702de2b959?s=96&d=mm&r=g\",\"url\":\"https:\\\/\\\/secure.gravatar.com\\\/avatar\\\/072844300f4881150aee2da4278f7a65d16eefdf8262eb67085f1e702de2b959?s=96&d=mm&r=g\",\"contentUrl\":\"https:\\\/\\\/secure.gravatar.com\\\/avatar\\\/072844300f4881150aee2da4278f7a65d16eefdf8262eb67085f1e702de2b959?s=96&d=mm&r=g\",\"caption\":\"Artigos Opini\u00f3n\"},\"sameAs\":[\"http:\\\/\\\/anovapeneira.gal\"],\"url\":\"https:\\\/\\\/www.anovapeneira.gal\\\/index.php\\\/author\\\/artigosopinion\\\/\"}]}<\/script>\n<!-- \/ Yoast SEO plugin. -->","yoast_head_json":{"title":"O 25 de Xullo non \u00e9 un d\u00eda calquera -","robots":{"index":"index","follow":"follow","max-snippet":"max-snippet:-1","max-image-preview":"max-image-preview:large","max-video-preview":"max-video-preview:-1"},"canonical":"https:\/\/www.anovapeneira.gal\/index.php\/2024\/07\/24\/o-25-de-xullo-non-e-un-dia-calquera\/","og_locale":"gl_ES","og_type":"article","og_title":"O 25 de Xullo non \u00e9 un d\u00eda calquera -","og_description":"O 25 de xullo \u00e9 un d\u00eda especial na mi\u00f1a vida dende que te\u00f1o uso de raz\u00f3n. Na mi\u00f1a aldea, a Ameixoada en Moa\u00f1a, era tradici\u00f3n facer unha pequena peregrinaci\u00f3n ata Santiago de Ermelo, en Bueu [...]","og_url":"https:\/\/www.anovapeneira.gal\/index.php\/2024\/07\/24\/o-25-de-xullo-non-e-un-dia-calquera\/","article_publisher":"https:\/\/www.facebook.com\/anovapeneira","article_published_time":"2024-07-24T08:00:13+00:00","og_image":[{"width":720,"height":432,"url":"https:\/\/www.anovapeneira.gal\/wp-content\/uploads\/2024\/07\/araceli_gestido.png","type":"image\/png"}],"author":"Artigos Opini\u00f3n","twitter_card":"summary_large_image","twitter_creator":"@APeneira","twitter_site":"@APeneira","twitter_misc":{"Escrito por":"Artigos Opini\u00f3n","Tempo de lectura":"2 minutos"},"schema":{"@context":"https:\/\/schema.org","@graph":[{"@type":"Article","@id":"https:\/\/www.anovapeneira.gal\/index.php\/2024\/07\/24\/o-25-de-xullo-non-e-un-dia-calquera\/#article","isPartOf":{"@id":"https:\/\/www.anovapeneira.gal\/index.php\/2024\/07\/24\/o-25-de-xullo-non-e-un-dia-calquera\/"},"author":{"name":"Artigos Opini\u00f3n","@id":"https:\/\/www.anovapeneira.gal\/#\/schema\/person\/f18a4feb302e8f20bcef4490b5b60bb3"},"headline":"O 25 de Xullo non \u00e9 un d\u00eda calquera","datePublished":"2024-07-24T08:00:13+00:00","mainEntityOfPage":{"@id":"https:\/\/www.anovapeneira.gal\/index.php\/2024\/07\/24\/o-25-de-xullo-non-e-un-dia-calquera\/"},"wordCount":364,"commentCount":0,"publisher":{"@id":"https:\/\/www.anovapeneira.gal\/#organization"},"image":{"@id":"https:\/\/www.anovapeneira.gal\/index.php\/2024\/07\/24\/o-25-de-xullo-non-e-un-dia-calquera\/#primaryimage"},"thumbnailUrl":"https:\/\/www.anovapeneira.gal\/wp-content\/uploads\/2024\/07\/araceli_gestido.png","keywords":["Araceli Gestido"],"articleSection":["Artigos de opini\u00f3n"],"inLanguage":"gl-ES","potentialAction":[{"@type":"CommentAction","name":"Comment","target":["https:\/\/www.anovapeneira.gal\/index.php\/2024\/07\/24\/o-25-de-xullo-non-e-un-dia-calquera\/#respond"]}]},{"@type":"WebPage","@id":"https:\/\/www.anovapeneira.gal\/index.php\/2024\/07\/24\/o-25-de-xullo-non-e-un-dia-calquera\/","url":"https:\/\/www.anovapeneira.gal\/index.php\/2024\/07\/24\/o-25-de-xullo-non-e-un-dia-calquera\/","name":"O 25 de Xullo non \u00e9 un d\u00eda calquera -","isPartOf":{"@id":"https:\/\/www.anovapeneira.gal\/#website"},"primaryImageOfPage":{"@id":"https:\/\/www.anovapeneira.gal\/index.php\/2024\/07\/24\/o-25-de-xullo-non-e-un-dia-calquera\/#primaryimage"},"image":{"@id":"https:\/\/www.anovapeneira.gal\/index.php\/2024\/07\/24\/o-25-de-xullo-non-e-un-dia-calquera\/#primaryimage"},"thumbnailUrl":"https:\/\/www.anovapeneira.gal\/wp-content\/uploads\/2024\/07\/araceli_gestido.png","datePublished":"2024-07-24T08:00:13+00:00","breadcrumb":{"@id":"https:\/\/www.anovapeneira.gal\/index.php\/2024\/07\/24\/o-25-de-xullo-non-e-un-dia-calquera\/#breadcrumb"},"inLanguage":"gl-ES","potentialAction":[{"@type":"ReadAction","target":["https:\/\/www.anovapeneira.gal\/index.php\/2024\/07\/24\/o-25-de-xullo-non-e-un-dia-calquera\/"]}]},{"@type":"ImageObject","inLanguage":"gl-ES","@id":"https:\/\/www.anovapeneira.gal\/index.php\/2024\/07\/24\/o-25-de-xullo-non-e-un-dia-calquera\/#primaryimage","url":"https:\/\/www.anovapeneira.gal\/wp-content\/uploads\/2024\/07\/araceli_gestido.png","contentUrl":"https:\/\/www.anovapeneira.gal\/wp-content\/uploads\/2024\/07\/araceli_gestido.png","width":720,"height":432,"caption":"Araceli Gestido, alcaldesa de Cangas"},{"@type":"BreadcrumbList","@id":"https:\/\/www.anovapeneira.gal\/index.php\/2024\/07\/24\/o-25-de-xullo-non-e-un-dia-calquera\/#breadcrumb","itemListElement":[{"@type":"ListItem","position":1,"name":"Portada","item":"https:\/\/www.anovapeneira.gal\/"},{"@type":"ListItem","position":2,"name":"O 25 de Xullo non \u00e9 un d\u00eda calquera"}]},{"@type":"WebSite","@id":"https:\/\/www.anovapeneira.gal\/#website","url":"https:\/\/www.anovapeneira.gal\/","name":"","description":"Xornal galego de informaci\u00f3n xeral Publicaci\u00f3n mensual de novas de Galicia e en especial dos Concellos da sur da provincia de Pontevedra.","publisher":{"@id":"https:\/\/www.anovapeneira.gal\/#organization"},"potentialAction":[{"@type":"SearchAction","target":{"@type":"EntryPoint","urlTemplate":"https:\/\/www.anovapeneira.gal\/?s={search_term_string}"},"query-input":{"@type":"PropertyValueSpecification","valueRequired":true,"valueName":"search_term_string"}}],"inLanguage":"gl-ES"},{"@type":"Organization","@id":"https:\/\/www.anovapeneira.gal\/#organization","name":"A Nova Peneira","url":"https:\/\/www.anovapeneira.gal\/","logo":{"@type":"ImageObject","inLanguage":"gl-ES","@id":"https:\/\/www.anovapeneira.gal\/#\/schema\/logo\/image\/","url":"http:\/\/www.anovapeneira.gal\/wp-content\/uploads\/2019\/06\/logo_a_nova_peneira_portal_web.png","contentUrl":"http:\/\/www.anovapeneira.gal\/wp-content\/uploads\/2019\/06\/logo_a_nova_peneira_portal_web.png","width":300,"height":100,"caption":"A Nova Peneira"},"image":{"@id":"https:\/\/www.anovapeneira.gal\/#\/schema\/logo\/image\/"},"sameAs":["https:\/\/www.facebook.com\/anovapeneira","https:\/\/x.com\/APeneira"]},{"@type":"Person","@id":"https:\/\/www.anovapeneira.gal\/#\/schema\/person\/f18a4feb302e8f20bcef4490b5b60bb3","name":"Artigos Opini\u00f3n","image":{"@type":"ImageObject","inLanguage":"gl-ES","@id":"https:\/\/secure.gravatar.com\/avatar\/072844300f4881150aee2da4278f7a65d16eefdf8262eb67085f1e702de2b959?s=96&d=mm&r=g","url":"https:\/\/secure.gravatar.com\/avatar\/072844300f4881150aee2da4278f7a65d16eefdf8262eb67085f1e702de2b959?s=96&d=mm&r=g","contentUrl":"https:\/\/secure.gravatar.com\/avatar\/072844300f4881150aee2da4278f7a65d16eefdf8262eb67085f1e702de2b959?s=96&d=mm&r=g","caption":"Artigos Opini\u00f3n"},"sameAs":["http:\/\/anovapeneira.gal"],"url":"https:\/\/www.anovapeneira.gal\/index.php\/author\/artigosopinion\/"}]}},"jetpack_featured_media_url":"https:\/\/www.anovapeneira.gal\/wp-content\/uploads\/2024\/07\/araceli_gestido.png","_links":{"self":[{"href":"https:\/\/www.anovapeneira.gal\/index.php\/wp-json\/wp\/v2\/posts\/12112","targetHints":{"allow":["GET"]}}],"collection":[{"href":"https:\/\/www.anovapeneira.gal\/index.php\/wp-json\/wp\/v2\/posts"}],"about":[{"href":"https:\/\/www.anovapeneira.gal\/index.php\/wp-json\/wp\/v2\/types\/post"}],"author":[{"embeddable":true,"href":"https:\/\/www.anovapeneira.gal\/index.php\/wp-json\/wp\/v2\/users\/12"}],"replies":[{"embeddable":true,"href":"https:\/\/www.anovapeneira.gal\/index.php\/wp-json\/wp\/v2\/comments?post=12112"}],"version-history":[{"count":1,"href":"https:\/\/www.anovapeneira.gal\/index.php\/wp-json\/wp\/v2\/posts\/12112\/revisions"}],"predecessor-version":[{"id":12114,"href":"https:\/\/www.anovapeneira.gal\/index.php\/wp-json\/wp\/v2\/posts\/12112\/revisions\/12114"}],"wp:featuredmedia":[{"embeddable":true,"href":"https:\/\/www.anovapeneira.gal\/index.php\/wp-json\/wp\/v2\/media\/12113"}],"wp:attachment":[{"href":"https:\/\/www.anovapeneira.gal\/index.php\/wp-json\/wp\/v2\/media?parent=12112"}],"wp:term":[{"taxonomy":"category","embeddable":true,"href":"https:\/\/www.anovapeneira.gal\/index.php\/wp-json\/wp\/v2\/categories?post=12112"},{"taxonomy":"post_tag","embeddable":true,"href":"https:\/\/www.anovapeneira.gal\/index.php\/wp-json\/wp\/v2\/tags?post=12112"}],"curies":[{"name":"wp","href":"https:\/\/api.w.org\/{rel}","templated":true}]}}