{"id":12122,"date":"2024-07-25T10:00:36","date_gmt":"2024-07-25T08:00:36","guid":{"rendered":"https:\/\/www.anovapeneira.gal\/?p=12122"},"modified":"2024-07-22T13:29:56","modified_gmt":"2024-07-22T11:29:56","slug":"eppur-si-muove","status":"publish","type":"post","link":"https:\/\/www.anovapeneira.gal\/index.php\/2024\/07\/25\/eppur-si-muove\/","title":{"rendered":"Eppur si muove"},"content":{"rendered":"\n<pre class=\"wp-block-verse\">Alberto Pazos Secretario de Organizaci\u00f3n do PPdeG e Deputado Auton\u00f3mico<\/pre>\n\n\n\n<p>Corr\u00eda o ano 1633 cando Galileo Galilei, enfermo e esgotado, sucumb\u00eda \u00e1 presi\u00f3n dos inquisidores e, baixo acusaci\u00f3n de herex\u00eda e ameaza de tortura, abxuraba dos seus estudos, nos que acreditaba cientificamente as teor\u00edas copernicanas, superando definitivamente o modelo xeoc\u00e9ntrico de Ptolomeo.<\/p>\n\n\n\n<p>O sabio toscano v\u00edase na obriga de rectificar a s\u00faa afirmaci\u00f3n de que a terra xiraba arredor do sol pero, conta a lenda, ao final da s\u00faa intervenci\u00f3n, nun arrebato de dignidade, pronunciaba <em>sotto voce<\/em> unha frase que reivindicaba a veracidade dos feitos fronte a ignorancia e o prexu\u00edzo: <em>Eppur si muove<\/em> (e nembargantes, m\u00f3vese)<\/p>\n\n\n\n<p>Cando o pasado 18 de febreiro os galegos fomos convocados para elixir a persoa chamada a dirixir os destinos da nosa terra nos vindeiros 4 anos, tam\u00e9n tivemos que elixir entre d\u00faas visi\u00f3ns contrapostas. A que defende un pa\u00eds gris e estancado, e a que se reco\u00f1ece nunha Galicia optimista, vibrante, capaz de superar as dificultades para aproximarse paulatinamente \u00e1 s\u00faa mellor versi\u00f3n.<\/p>\n\n\n\n<p>A rotunda confianza depositada en Alfonso Rueda confirma que a opini\u00f3n que os galegos te\u00f1en do seu pa\u00eds ten pouco que ver con esa visi\u00f3n cinza e inmobilista na que teimudamente insiste unha oposici\u00f3n empe\u00f1ada en pintar unha Galicia negra. Ante eses mantras recorrentes, cabe facer nosa a exclamaci\u00f3n de Galileo.<\/p>\n\n\n\n<p>Galicia m\u00f3vese, e os galegos son plenamente conscientes dese movemento. Saben da mellora da nosa situaci\u00f3n econ\u00f3mica, do avance en dereitos e servizos que tivo lugar nas \u00faltimas d\u00e9cadas, da mellora das condici\u00f3ns de vida experimentada polo conxunto da nosa sociedade, e act\u00faan en consecuencia&#8230;<\/p>\n\n\n\n<p>Hoxe, a nosa terra concita a atenci\u00f3n internacional e tense convertido nun destino de referencia para milleiros de visitantes, que chegados dos rinc\u00f3ns mais variopintos do mundo, se acercan a co\u00f1ecer a nosa historia, a nosa cultura, a nosa paisaxe\u2026<\/p>\n\n\n\n<p>Hoxe, present\u00e1monos ante o mundo orgullosos de ter acadado cotas de autogoberno que resultaban inimaxinables para aqueles primeiros galeguistas que arelaban unha Galicia dona de si mesma<\/p>\n\n\n\n<p>Hoxe, desfrutamos dun estado de benestar sen precedentes, cun sistema sanitario p\u00fablico comparable nas s\u00faas virtudes, e tam\u00e9n nas s\u00faas dificultades, a calquera sanidade europea. Un estado de benestar no que a solidariedade social alcanza a ampl\u00edsimas capas de poboaci\u00f3n grazas ao compromiso de todos, e no que as nosas fillas e fillos poden aspirar a realizar os seus so\u00f1os gracias a un ascensor social chamado educaci\u00f3n p\u00fablica, na que calquera galego pode completar a s\u00faa formaci\u00f3n, dende a escola infantil ata acadar a s\u00faa titulaci\u00f3n profesional ou universitaria, de maneira gratu\u00edta e sen m\u00e1is requisito que o seu esforzo persoal.<\/p>\n\n\n\n<p>Ach\u00e9gase o d\u00eda do Ap\u00f3stolo, a data na que os galegos celebramos o que somos, e reivindicamos o que anhelamos ser. Un pobo nunca altivo, mais sempre orgulloso, capaz de conquistar a m\u00e1is rabiosa modernidade, sen renunciar ao vizoso legado de tradici\u00f3n transmitido de pais a fillos ao longo de s\u00e9culos de historia compartida.<\/p>\n\n\n\n<p>E, precisamente, ese dif\u00edcil equilibrio entre tradici\u00f3n e modernidade \u00e9 o norte que gu\u00eda \u00e1 inmensa maior\u00eda da Galicia democr\u00e1tica. Porque somos m\u00e1is os que creemos que conservar a herdanza que recibimos dos nosos maiores debe ser compatible co futuro que desexamos para os nosos fillos.<\/p>\n\n\n\n<p>\u00c9 tempo de festexar a galeguidade, de felicitarse polo vieiro percorrido, e de conxurarnos para seguir facendo cami\u00f1o. Neste 25 de xullo, celebremos esa Galicia que non para, e na que o \u00fanico que se mant\u00e9n inexorablemente inmutable \u00e9 a vocaci\u00f3n dos galegos por seguir avanzando \u2026<\/p>\n\n\n\n<p>E se algu\u00e9n quixera amargarlle a festa, pintando de negro a Galicia na que vivimos, simplemente alce a s\u00faa copa e repita paseni\u00f1o\u2026 Eppur si muove.<\/p>\n","protected":false},"excerpt":{"rendered":"<div class=\"mh-excerpt\"><p>Corr\u00eda o ano 1633 cando Galileo Galilei, enfermo e esgotado, sucumb\u00eda \u00e1 presi\u00f3n dos inquisidores e, baixo acusaci\u00f3n de herex\u00eda e ameaza de tortura, abxuraba dos seus estudos, nos que acreditaba cientificamente as teor\u00edas copernicanas, superando definitivamente o modelo xeoc\u00e9ntrico de Ptolomeo <a class=\"mh-excerpt-more\" href=\"https:\/\/www.anovapeneira.gal\/index.php\/2024\/07\/25\/eppur-si-muove\/\" title=\"Eppur si muove\">[&#8230;]<\/a><\/p>\n<\/div>","protected":false},"author":12,"featured_media":3732,"comment_status":"open","ping_status":"open","sticky":false,"template":"","format":"standard","meta":{"_exactmetrics_skip_tracking":false,"_exactmetrics_sitenote_active":false,"_exactmetrics_sitenote_note":"","_exactmetrics_sitenote_category":0,"footnotes":""},"categories":[7],"tags":[1416],"class_list":{"0":"post-12122","1":"post","2":"type-post","3":"status-publish","4":"format-standard","5":"has-post-thumbnail","7":"category-artigos-de-opinion","8":"tag-25-xullo"},"yoast_head":"<!-- This site is optimized with the Yoast SEO plugin v27.4 - https:\/\/yoast.com\/product\/yoast-seo-wordpress\/ -->\n<title>Eppur si muove -<\/title>\n<meta name=\"robots\" content=\"index, follow, max-snippet:-1, max-image-preview:large, max-video-preview:-1\" \/>\n<link rel=\"canonical\" href=\"https:\/\/www.anovapeneira.gal\/index.php\/2024\/07\/25\/eppur-si-muove\/\" \/>\n<meta property=\"og:locale\" content=\"gl_ES\" \/>\n<meta property=\"og:type\" content=\"article\" \/>\n<meta property=\"og:title\" content=\"Eppur si muove -\" \/>\n<meta property=\"og:description\" content=\"Corr\u00eda o ano 1633 cando Galileo Galilei, enfermo e esgotado, sucumb\u00eda \u00e1 presi\u00f3n dos inquisidores e, baixo acusaci\u00f3n de herex\u00eda e ameaza de tortura, abxuraba dos seus estudos, nos que acreditaba cientificamente as teor\u00edas copernicanas, superando definitivamente o modelo xeoc\u00e9ntrico de Ptolomeo [...]\" \/>\n<meta property=\"og:url\" content=\"https:\/\/www.anovapeneira.gal\/index.php\/2024\/07\/25\/eppur-si-muove\/\" \/>\n<meta property=\"article:publisher\" content=\"https:\/\/www.facebook.com\/anovapeneira\" \/>\n<meta property=\"article:published_time\" content=\"2024-07-25T08:00:36+00:00\" \/>\n<meta property=\"og:image\" content=\"https:\/\/www.anovapeneira.gal\/wp-content\/uploads\/2020\/08\/alberto_pazos_secretario_organizacion_pp_a_nova_peneira.jpg\" \/>\n\t<meta property=\"og:image:width\" content=\"720\" \/>\n\t<meta property=\"og:image:height\" content=\"432\" \/>\n\t<meta property=\"og:image:type\" content=\"image\/jpeg\" \/>\n<meta name=\"author\" content=\"Artigos Opini\u00f3n\" \/>\n<meta name=\"twitter:card\" content=\"summary_large_image\" \/>\n<meta name=\"twitter:creator\" content=\"@APeneira\" \/>\n<meta name=\"twitter:site\" content=\"@APeneira\" \/>\n<meta name=\"twitter:label1\" content=\"Escrito por\" \/>\n\t<meta name=\"twitter:data1\" content=\"Artigos Opini\u00f3n\" \/>\n\t<meta name=\"twitter:label2\" content=\"Tempo de lectura\" \/>\n\t<meta name=\"twitter:data2\" content=\"4 minutos\" \/>\n<script type=\"application\/ld+json\" class=\"yoast-schema-graph\">{\"@context\":\"https:\\\/\\\/schema.org\",\"@graph\":[{\"@type\":\"Article\",\"@id\":\"https:\\\/\\\/www.anovapeneira.gal\\\/index.php\\\/2024\\\/07\\\/25\\\/eppur-si-muove\\\/#article\",\"isPartOf\":{\"@id\":\"https:\\\/\\\/www.anovapeneira.gal\\\/index.php\\\/2024\\\/07\\\/25\\\/eppur-si-muove\\\/\"},\"author\":{\"name\":\"Artigos Opini\u00f3n\",\"@id\":\"https:\\\/\\\/www.anovapeneira.gal\\\/#\\\/schema\\\/person\\\/f18a4feb302e8f20bcef4490b5b60bb3\"},\"headline\":\"Eppur si muove\",\"datePublished\":\"2024-07-25T08:00:36+00:00\",\"mainEntityOfPage\":{\"@id\":\"https:\\\/\\\/www.anovapeneira.gal\\\/index.php\\\/2024\\\/07\\\/25\\\/eppur-si-muove\\\/\"},\"wordCount\":660,\"commentCount\":0,\"publisher\":{\"@id\":\"https:\\\/\\\/www.anovapeneira.gal\\\/#organization\"},\"image\":{\"@id\":\"https:\\\/\\\/www.anovapeneira.gal\\\/index.php\\\/2024\\\/07\\\/25\\\/eppur-si-muove\\\/#primaryimage\"},\"thumbnailUrl\":\"https:\\\/\\\/www.anovapeneira.gal\\\/wp-content\\\/uploads\\\/2020\\\/08\\\/alberto_pazos_secretario_organizacion_pp_a_nova_peneira.jpg\",\"keywords\":[\"25 xullo\"],\"articleSection\":[\"Artigos de opini\u00f3n\"],\"inLanguage\":\"gl-ES\",\"potentialAction\":[{\"@type\":\"CommentAction\",\"name\":\"Comment\",\"target\":[\"https:\\\/\\\/www.anovapeneira.gal\\\/index.php\\\/2024\\\/07\\\/25\\\/eppur-si-muove\\\/#respond\"]}]},{\"@type\":\"WebPage\",\"@id\":\"https:\\\/\\\/www.anovapeneira.gal\\\/index.php\\\/2024\\\/07\\\/25\\\/eppur-si-muove\\\/\",\"url\":\"https:\\\/\\\/www.anovapeneira.gal\\\/index.php\\\/2024\\\/07\\\/25\\\/eppur-si-muove\\\/\",\"name\":\"Eppur si muove -\",\"isPartOf\":{\"@id\":\"https:\\\/\\\/www.anovapeneira.gal\\\/#website\"},\"primaryImageOfPage\":{\"@id\":\"https:\\\/\\\/www.anovapeneira.gal\\\/index.php\\\/2024\\\/07\\\/25\\\/eppur-si-muove\\\/#primaryimage\"},\"image\":{\"@id\":\"https:\\\/\\\/www.anovapeneira.gal\\\/index.php\\\/2024\\\/07\\\/25\\\/eppur-si-muove\\\/#primaryimage\"},\"thumbnailUrl\":\"https:\\\/\\\/www.anovapeneira.gal\\\/wp-content\\\/uploads\\\/2020\\\/08\\\/alberto_pazos_secretario_organizacion_pp_a_nova_peneira.jpg\",\"datePublished\":\"2024-07-25T08:00:36+00:00\",\"breadcrumb\":{\"@id\":\"https:\\\/\\\/www.anovapeneira.gal\\\/index.php\\\/2024\\\/07\\\/25\\\/eppur-si-muove\\\/#breadcrumb\"},\"inLanguage\":\"gl-ES\",\"potentialAction\":[{\"@type\":\"ReadAction\",\"target\":[\"https:\\\/\\\/www.anovapeneira.gal\\\/index.php\\\/2024\\\/07\\\/25\\\/eppur-si-muove\\\/\"]}]},{\"@type\":\"ImageObject\",\"inLanguage\":\"gl-ES\",\"@id\":\"https:\\\/\\\/www.anovapeneira.gal\\\/index.php\\\/2024\\\/07\\\/25\\\/eppur-si-muove\\\/#primaryimage\",\"url\":\"https:\\\/\\\/www.anovapeneira.gal\\\/wp-content\\\/uploads\\\/2020\\\/08\\\/alberto_pazos_secretario_organizacion_pp_a_nova_peneira.jpg\",\"contentUrl\":\"https:\\\/\\\/www.anovapeneira.gal\\\/wp-content\\\/uploads\\\/2020\\\/08\\\/alberto_pazos_secretario_organizacion_pp_a_nova_peneira.jpg\",\"width\":720,\"height\":432,\"caption\":\"Alberto Pazos secretario do PPdeG\"},{\"@type\":\"BreadcrumbList\",\"@id\":\"https:\\\/\\\/www.anovapeneira.gal\\\/index.php\\\/2024\\\/07\\\/25\\\/eppur-si-muove\\\/#breadcrumb\",\"itemListElement\":[{\"@type\":\"ListItem\",\"position\":1,\"name\":\"Portada\",\"item\":\"https:\\\/\\\/www.anovapeneira.gal\\\/\"},{\"@type\":\"ListItem\",\"position\":2,\"name\":\"Eppur si muove\"}]},{\"@type\":\"WebSite\",\"@id\":\"https:\\\/\\\/www.anovapeneira.gal\\\/#website\",\"url\":\"https:\\\/\\\/www.anovapeneira.gal\\\/\",\"name\":\"\",\"description\":\"Xornal galego de informaci\u00f3n xeral Publicaci\u00f3n mensual de novas de Galicia e en especial dos Concellos da sur da provincia de Pontevedra.\",\"publisher\":{\"@id\":\"https:\\\/\\\/www.anovapeneira.gal\\\/#organization\"},\"potentialAction\":[{\"@type\":\"SearchAction\",\"target\":{\"@type\":\"EntryPoint\",\"urlTemplate\":\"https:\\\/\\\/www.anovapeneira.gal\\\/?s={search_term_string}\"},\"query-input\":{\"@type\":\"PropertyValueSpecification\",\"valueRequired\":true,\"valueName\":\"search_term_string\"}}],\"inLanguage\":\"gl-ES\"},{\"@type\":\"Organization\",\"@id\":\"https:\\\/\\\/www.anovapeneira.gal\\\/#organization\",\"name\":\"A Nova Peneira\",\"url\":\"https:\\\/\\\/www.anovapeneira.gal\\\/\",\"logo\":{\"@type\":\"ImageObject\",\"inLanguage\":\"gl-ES\",\"@id\":\"https:\\\/\\\/www.anovapeneira.gal\\\/#\\\/schema\\\/logo\\\/image\\\/\",\"url\":\"http:\\\/\\\/www.anovapeneira.gal\\\/wp-content\\\/uploads\\\/2019\\\/06\\\/logo_a_nova_peneira_portal_web.png\",\"contentUrl\":\"http:\\\/\\\/www.anovapeneira.gal\\\/wp-content\\\/uploads\\\/2019\\\/06\\\/logo_a_nova_peneira_portal_web.png\",\"width\":300,\"height\":100,\"caption\":\"A Nova Peneira\"},\"image\":{\"@id\":\"https:\\\/\\\/www.anovapeneira.gal\\\/#\\\/schema\\\/logo\\\/image\\\/\"},\"sameAs\":[\"https:\\\/\\\/www.facebook.com\\\/anovapeneira\",\"https:\\\/\\\/x.com\\\/APeneira\"]},{\"@type\":\"Person\",\"@id\":\"https:\\\/\\\/www.anovapeneira.gal\\\/#\\\/schema\\\/person\\\/f18a4feb302e8f20bcef4490b5b60bb3\",\"name\":\"Artigos Opini\u00f3n\",\"image\":{\"@type\":\"ImageObject\",\"inLanguage\":\"gl-ES\",\"@id\":\"https:\\\/\\\/secure.gravatar.com\\\/avatar\\\/072844300f4881150aee2da4278f7a65d16eefdf8262eb67085f1e702de2b959?s=96&d=mm&r=g\",\"url\":\"https:\\\/\\\/secure.gravatar.com\\\/avatar\\\/072844300f4881150aee2da4278f7a65d16eefdf8262eb67085f1e702de2b959?s=96&d=mm&r=g\",\"contentUrl\":\"https:\\\/\\\/secure.gravatar.com\\\/avatar\\\/072844300f4881150aee2da4278f7a65d16eefdf8262eb67085f1e702de2b959?s=96&d=mm&r=g\",\"caption\":\"Artigos Opini\u00f3n\"},\"sameAs\":[\"http:\\\/\\\/anovapeneira.gal\"],\"url\":\"https:\\\/\\\/www.anovapeneira.gal\\\/index.php\\\/author\\\/artigosopinion\\\/\"}]}<\/script>\n<!-- \/ Yoast SEO plugin. -->","yoast_head_json":{"title":"Eppur si muove -","robots":{"index":"index","follow":"follow","max-snippet":"max-snippet:-1","max-image-preview":"max-image-preview:large","max-video-preview":"max-video-preview:-1"},"canonical":"https:\/\/www.anovapeneira.gal\/index.php\/2024\/07\/25\/eppur-si-muove\/","og_locale":"gl_ES","og_type":"article","og_title":"Eppur si muove -","og_description":"Corr\u00eda o ano 1633 cando Galileo Galilei, enfermo e esgotado, sucumb\u00eda \u00e1 presi\u00f3n dos inquisidores e, baixo acusaci\u00f3n de herex\u00eda e ameaza de tortura, abxuraba dos seus estudos, nos que acreditaba cientificamente as teor\u00edas copernicanas, superando definitivamente o modelo xeoc\u00e9ntrico de Ptolomeo [...]","og_url":"https:\/\/www.anovapeneira.gal\/index.php\/2024\/07\/25\/eppur-si-muove\/","article_publisher":"https:\/\/www.facebook.com\/anovapeneira","article_published_time":"2024-07-25T08:00:36+00:00","og_image":[{"width":720,"height":432,"url":"https:\/\/www.anovapeneira.gal\/wp-content\/uploads\/2020\/08\/alberto_pazos_secretario_organizacion_pp_a_nova_peneira.jpg","type":"image\/jpeg"}],"author":"Artigos Opini\u00f3n","twitter_card":"summary_large_image","twitter_creator":"@APeneira","twitter_site":"@APeneira","twitter_misc":{"Escrito por":"Artigos Opini\u00f3n","Tempo de lectura":"4 minutos"},"schema":{"@context":"https:\/\/schema.org","@graph":[{"@type":"Article","@id":"https:\/\/www.anovapeneira.gal\/index.php\/2024\/07\/25\/eppur-si-muove\/#article","isPartOf":{"@id":"https:\/\/www.anovapeneira.gal\/index.php\/2024\/07\/25\/eppur-si-muove\/"},"author":{"name":"Artigos Opini\u00f3n","@id":"https:\/\/www.anovapeneira.gal\/#\/schema\/person\/f18a4feb302e8f20bcef4490b5b60bb3"},"headline":"Eppur si muove","datePublished":"2024-07-25T08:00:36+00:00","mainEntityOfPage":{"@id":"https:\/\/www.anovapeneira.gal\/index.php\/2024\/07\/25\/eppur-si-muove\/"},"wordCount":660,"commentCount":0,"publisher":{"@id":"https:\/\/www.anovapeneira.gal\/#organization"},"image":{"@id":"https:\/\/www.anovapeneira.gal\/index.php\/2024\/07\/25\/eppur-si-muove\/#primaryimage"},"thumbnailUrl":"https:\/\/www.anovapeneira.gal\/wp-content\/uploads\/2020\/08\/alberto_pazos_secretario_organizacion_pp_a_nova_peneira.jpg","keywords":["25 xullo"],"articleSection":["Artigos de opini\u00f3n"],"inLanguage":"gl-ES","potentialAction":[{"@type":"CommentAction","name":"Comment","target":["https:\/\/www.anovapeneira.gal\/index.php\/2024\/07\/25\/eppur-si-muove\/#respond"]}]},{"@type":"WebPage","@id":"https:\/\/www.anovapeneira.gal\/index.php\/2024\/07\/25\/eppur-si-muove\/","url":"https:\/\/www.anovapeneira.gal\/index.php\/2024\/07\/25\/eppur-si-muove\/","name":"Eppur si muove -","isPartOf":{"@id":"https:\/\/www.anovapeneira.gal\/#website"},"primaryImageOfPage":{"@id":"https:\/\/www.anovapeneira.gal\/index.php\/2024\/07\/25\/eppur-si-muove\/#primaryimage"},"image":{"@id":"https:\/\/www.anovapeneira.gal\/index.php\/2024\/07\/25\/eppur-si-muove\/#primaryimage"},"thumbnailUrl":"https:\/\/www.anovapeneira.gal\/wp-content\/uploads\/2020\/08\/alberto_pazos_secretario_organizacion_pp_a_nova_peneira.jpg","datePublished":"2024-07-25T08:00:36+00:00","breadcrumb":{"@id":"https:\/\/www.anovapeneira.gal\/index.php\/2024\/07\/25\/eppur-si-muove\/#breadcrumb"},"inLanguage":"gl-ES","potentialAction":[{"@type":"ReadAction","target":["https:\/\/www.anovapeneira.gal\/index.php\/2024\/07\/25\/eppur-si-muove\/"]}]},{"@type":"ImageObject","inLanguage":"gl-ES","@id":"https:\/\/www.anovapeneira.gal\/index.php\/2024\/07\/25\/eppur-si-muove\/#primaryimage","url":"https:\/\/www.anovapeneira.gal\/wp-content\/uploads\/2020\/08\/alberto_pazos_secretario_organizacion_pp_a_nova_peneira.jpg","contentUrl":"https:\/\/www.anovapeneira.gal\/wp-content\/uploads\/2020\/08\/alberto_pazos_secretario_organizacion_pp_a_nova_peneira.jpg","width":720,"height":432,"caption":"Alberto Pazos secretario do PPdeG"},{"@type":"BreadcrumbList","@id":"https:\/\/www.anovapeneira.gal\/index.php\/2024\/07\/25\/eppur-si-muove\/#breadcrumb","itemListElement":[{"@type":"ListItem","position":1,"name":"Portada","item":"https:\/\/www.anovapeneira.gal\/"},{"@type":"ListItem","position":2,"name":"Eppur si muove"}]},{"@type":"WebSite","@id":"https:\/\/www.anovapeneira.gal\/#website","url":"https:\/\/www.anovapeneira.gal\/","name":"","description":"Xornal galego de informaci\u00f3n xeral Publicaci\u00f3n mensual de novas de Galicia e en especial dos Concellos da sur da provincia de Pontevedra.","publisher":{"@id":"https:\/\/www.anovapeneira.gal\/#organization"},"potentialAction":[{"@type":"SearchAction","target":{"@type":"EntryPoint","urlTemplate":"https:\/\/www.anovapeneira.gal\/?s={search_term_string}"},"query-input":{"@type":"PropertyValueSpecification","valueRequired":true,"valueName":"search_term_string"}}],"inLanguage":"gl-ES"},{"@type":"Organization","@id":"https:\/\/www.anovapeneira.gal\/#organization","name":"A Nova Peneira","url":"https:\/\/www.anovapeneira.gal\/","logo":{"@type":"ImageObject","inLanguage":"gl-ES","@id":"https:\/\/www.anovapeneira.gal\/#\/schema\/logo\/image\/","url":"http:\/\/www.anovapeneira.gal\/wp-content\/uploads\/2019\/06\/logo_a_nova_peneira_portal_web.png","contentUrl":"http:\/\/www.anovapeneira.gal\/wp-content\/uploads\/2019\/06\/logo_a_nova_peneira_portal_web.png","width":300,"height":100,"caption":"A Nova Peneira"},"image":{"@id":"https:\/\/www.anovapeneira.gal\/#\/schema\/logo\/image\/"},"sameAs":["https:\/\/www.facebook.com\/anovapeneira","https:\/\/x.com\/APeneira"]},{"@type":"Person","@id":"https:\/\/www.anovapeneira.gal\/#\/schema\/person\/f18a4feb302e8f20bcef4490b5b60bb3","name":"Artigos Opini\u00f3n","image":{"@type":"ImageObject","inLanguage":"gl-ES","@id":"https:\/\/secure.gravatar.com\/avatar\/072844300f4881150aee2da4278f7a65d16eefdf8262eb67085f1e702de2b959?s=96&d=mm&r=g","url":"https:\/\/secure.gravatar.com\/avatar\/072844300f4881150aee2da4278f7a65d16eefdf8262eb67085f1e702de2b959?s=96&d=mm&r=g","contentUrl":"https:\/\/secure.gravatar.com\/avatar\/072844300f4881150aee2da4278f7a65d16eefdf8262eb67085f1e702de2b959?s=96&d=mm&r=g","caption":"Artigos Opini\u00f3n"},"sameAs":["http:\/\/anovapeneira.gal"],"url":"https:\/\/www.anovapeneira.gal\/index.php\/author\/artigosopinion\/"}]}},"jetpack_featured_media_url":"https:\/\/www.anovapeneira.gal\/wp-content\/uploads\/2020\/08\/alberto_pazos_secretario_organizacion_pp_a_nova_peneira.jpg","_links":{"self":[{"href":"https:\/\/www.anovapeneira.gal\/index.php\/wp-json\/wp\/v2\/posts\/12122","targetHints":{"allow":["GET"]}}],"collection":[{"href":"https:\/\/www.anovapeneira.gal\/index.php\/wp-json\/wp\/v2\/posts"}],"about":[{"href":"https:\/\/www.anovapeneira.gal\/index.php\/wp-json\/wp\/v2\/types\/post"}],"author":[{"embeddable":true,"href":"https:\/\/www.anovapeneira.gal\/index.php\/wp-json\/wp\/v2\/users\/12"}],"replies":[{"embeddable":true,"href":"https:\/\/www.anovapeneira.gal\/index.php\/wp-json\/wp\/v2\/comments?post=12122"}],"version-history":[{"count":1,"href":"https:\/\/www.anovapeneira.gal\/index.php\/wp-json\/wp\/v2\/posts\/12122\/revisions"}],"predecessor-version":[{"id":12123,"href":"https:\/\/www.anovapeneira.gal\/index.php\/wp-json\/wp\/v2\/posts\/12122\/revisions\/12123"}],"wp:featuredmedia":[{"embeddable":true,"href":"https:\/\/www.anovapeneira.gal\/index.php\/wp-json\/wp\/v2\/media\/3732"}],"wp:attachment":[{"href":"https:\/\/www.anovapeneira.gal\/index.php\/wp-json\/wp\/v2\/media?parent=12122"}],"wp:term":[{"taxonomy":"category","embeddable":true,"href":"https:\/\/www.anovapeneira.gal\/index.php\/wp-json\/wp\/v2\/categories?post=12122"},{"taxonomy":"post_tag","embeddable":true,"href":"https:\/\/www.anovapeneira.gal\/index.php\/wp-json\/wp\/v2\/tags?post=12122"}],"curies":[{"name":"wp","href":"https:\/\/api.w.org\/{rel}","templated":true}]}}