{"id":12124,"date":"2024-07-25T11:00:49","date_gmt":"2024-07-25T09:00:49","guid":{"rendered":"https:\/\/www.anovapeneira.gal\/?p=12124"},"modified":"2024-07-22T13:37:40","modified_gmt":"2024-07-22T11:37:40","slug":"dia-da-patria-galega-festa-e-reivindicacion","status":"publish","type":"post","link":"https:\/\/www.anovapeneira.gal\/index.php\/2024\/07\/25\/dia-da-patria-galega-festa-e-reivindicacion\/","title":{"rendered":"D\u00eda da Patria Galega, festa e reivindicaci\u00f3n"},"content":{"rendered":"\n<pre class=\"wp-block-verse\">N\u00e9stor Rego,deputado do BNG<\/pre>\n\n\n\n<p>Sempre o 25 de xullo \u00e9 un d\u00eda para celebrar e para reivindicar, para a festa e para a loita. E, na verdade, neste 2024 temos moito que celebrar e moito polo que loitar.<\/p>\n\n\n\n<p>O ano comezaba confirmando a Confederaci\u00f3n Intersindical Galega como a primeira central sindical do Pa\u00eds. A CIG obtivo no proceso das elecci\u00f3ns sindicais 5131 delegados e delegadas que ve\u00f1en a ser o referendo dos traballadores e traballadoras galegas a un proxecto de sindicalismo nacionalista, de clase e combativo.<\/p>\n\n\n\n<p>En febreiro, o BNG experimentaba un grande avance nas elecci\u00f3ns galegas, co mellor resultado electoral da s\u00faa historia, concitando o apoio de case medio mill\u00f3n de galegos e galegas e incrementando de 19 para 25 o n\u00famero de deputados e deputadas. Con este resultado, a pesar de non ser a\u00ednda pos\u00edbel desaloxar o PP do Goberno Galego, o nacionalismo consol\u00eddase como a \u00fanica alternativa real para que, al\u00e9n da alternancia, se produza una verdadeira mudanza pol\u00edtica no noso Pa\u00eds, que chegar\u00e1; con certeza, chegar\u00e1.<\/p>\n\n\n\n<p>Nas recentes elecci\u00f3ns europeas, o BNG co\u00f1eceu un novo incremento do apoio pol\u00edtico e electoral, conseguindo, por vez primeira en moitos anos, representaci\u00f3n na propia noite das elecci\u00f3ns. Na realidade, estes dous procesos de 2024 dan continuidade a un ciclo de aumento continuado nos meses e anos anteriores do apoio, non s\u00f3 electoral, mais tam\u00e9n pol\u00edtico e organizativo, cun significativo incremento da militancia por todo o Pa\u00eds.<\/p>\n\n\n\n<p>Todo isto confirma algo que para n\u00f3s \u00e9 unha evidencia: cada vez m\u00e1is galegos e galegas ven no nacionalismo o grande instrumento de defensa da Galiza e dos intereses colectivos dos galegos e galegas, especialmente das clases populares.<\/p>\n\n\n\n<p>Frente a unhas forzas estatais sempre dependentes nas s\u00faas posici\u00f3ns do que lles manden en Madrid, mesmo -e non poucas veces- se iso prexudica o noso Pa\u00eds, a coherencia pol\u00edtica dun BNG que s\u00f3 obedece aos galegos e galegas \u00e9 reco\u00f1ecida e premiada. Existe xa unha opini\u00f3n maioritaria na sociedade galega -as\u00ed o reflicten as enquisas- de que o nacionalismo \u00e9 quen m\u00e1is e mellor defende a Galiza e o pobo galego e a cada d\u00eda m\u00e1is das persoas que pensan as\u00ed dan o paso para o apoio activo.<\/p>\n\n\n\n<p>Agora, a nosa grande responsabilidade \u00e9 sermos capaces de consolidar esa onda de confianza crecente, alargando a conciencia nacional, a organizaci\u00f3n e a loita, at\u00e9 conquistarmos a hexemon\u00eda social .<\/p>\n\n\n\n<p>Loita, si, porque este \u00e9 tam\u00e9n un ano de grandes conflitos sociais, especialmente contra o espolio do noso Pa\u00eds. Un espolio que, non o esquezamos, \u00e9 consecuencia directa da dependencia pol\u00edtica da Galiza, da falta de capacidade para decidirmos por n\u00f3s en funci\u00f3n dos propios intereses.<\/p>\n\n\n\n<p>Enfrentar unha ofensiva e\u00f3lica baseada nun modelo depredador -na terra e no mar-, ao servizo dos intereses das grandes enerx\u00e9ticas e destrutiva para a Galiza v\u00e9n sendo motivo de mobilizaci\u00f3n constante e \u00e9 necesario que contin\u00fae cada vez con m\u00e1is forza. O nacionalismo, absolutamente implicado nesta loita, d\u00e1 ademais alternativas dun modelo de produci\u00f3n enerx\u00e9tica renov\u00e1bel socialmente xusto e ao servizo do desenvolvemento do Pa\u00eds.<\/p>\n\n\n\n<p>Ali\u00e1s, hoxe a grande aposta do poder contraria aos intereses do noso pobo \u00e9 Altri, en Palas de Rei, como nos anos 70 foi a central nuclear de Xove. Estamos a falar de industrias de enclave, indiscutibelmente de car\u00e1cter colonial. Mais hai que lembrar que a organizaci\u00f3n popular e a loita, ben dirixida polo nacionalismo, conseguiu impedir a construci\u00f3n dunha nuclear no noso Pa\u00eds. E temos a certeza de coa mesma determinaci\u00f3n pol\u00edtica e coa mobilizaci\u00f3n e a loita imos impedir a construci\u00f3n da macrocelulosa na Ulloa.<\/p>\n\n\n\n<p>Mais as loitas pol\u00edticas e sindicais en que o nacionalismo galego est\u00e1 implicado e empe\u00f1ado non fican a\u00ed. Infelizmente son moitas as frentes abertas e ningunha pode ser descoidada.<\/p>\n\n\n\n<p>Por iso neste 25 de xullo estaremos de novo en Compostela, festexando os \u00e9xitos, celebrando o D\u00eda da Patria Galega, mais tam\u00e9n mantendo en alto as bandeiras da reivindicaci\u00f3n e da loita, coa certeza de que, se persistimos, habemos de vencer.<\/p>\n","protected":false},"excerpt":{"rendered":"<div class=\"mh-excerpt\"><p>Sempre o 25 de xullo \u00e9 un d\u00eda para celebrar e para reivindicar, para a festa e para a loita. E, na verdade, neste 2024 temos moito que celebrar e moito polo que loitar. <a class=\"mh-excerpt-more\" href=\"https:\/\/www.anovapeneira.gal\/index.php\/2024\/07\/25\/dia-da-patria-galega-festa-e-reivindicacion\/\" title=\"D\u00eda da Patria Galega, festa e reivindicaci\u00f3n\">[&#8230;]<\/a><\/p>\n<\/div>","protected":false},"author":9,"featured_media":7550,"comment_status":"open","ping_status":"open","sticky":false,"template":"","format":"standard","meta":{"_exactmetrics_skip_tracking":false,"_exactmetrics_sitenote_active":false,"_exactmetrics_sitenote_note":"","_exactmetrics_sitenote_category":0,"footnotes":""},"categories":[7],"tags":[1416],"class_list":{"0":"post-12124","1":"post","2":"type-post","3":"status-publish","4":"format-standard","5":"has-post-thumbnail","7":"category-artigos-de-opinion","8":"tag-25-xullo"},"yoast_head":"<!-- This site is optimized with the Yoast SEO plugin v27.4 - https:\/\/yoast.com\/product\/yoast-seo-wordpress\/ -->\n<title>D\u00eda da Patria Galega, festa e reivindicaci\u00f3n -<\/title>\n<meta name=\"robots\" content=\"index, follow, max-snippet:-1, max-image-preview:large, max-video-preview:-1\" \/>\n<link rel=\"canonical\" href=\"https:\/\/www.anovapeneira.gal\/index.php\/2024\/07\/25\/dia-da-patria-galega-festa-e-reivindicacion\/\" \/>\n<meta property=\"og:locale\" content=\"gl_ES\" \/>\n<meta property=\"og:type\" content=\"article\" \/>\n<meta property=\"og:title\" content=\"D\u00eda da Patria Galega, festa e reivindicaci\u00f3n -\" \/>\n<meta property=\"og:description\" content=\"Sempre o 25 de xullo \u00e9 un d\u00eda para celebrar e para reivindicar, para a festa e para a loita. E, na verdade, neste 2024 temos moito que celebrar e moito polo que loitar. [...]\" \/>\n<meta property=\"og:url\" content=\"https:\/\/www.anovapeneira.gal\/index.php\/2024\/07\/25\/dia-da-patria-galega-festa-e-reivindicacion\/\" \/>\n<meta property=\"article:publisher\" content=\"https:\/\/www.facebook.com\/anovapeneira\" \/>\n<meta property=\"article:published_time\" content=\"2024-07-25T09:00:49+00:00\" \/>\n<meta property=\"og:image\" content=\"https:\/\/www.anovapeneira.gal\/wp-content\/uploads\/2022\/05\/nestor_rego_congreso.jpg\" \/>\n\t<meta property=\"og:image:width\" content=\"720\" \/>\n\t<meta property=\"og:image:height\" content=\"432\" \/>\n\t<meta property=\"og:image:type\" content=\"image\/jpeg\" \/>\n<meta name=\"author\" content=\"N\u00e9stor Rego\" \/>\n<meta name=\"twitter:card\" content=\"summary_large_image\" \/>\n<meta name=\"twitter:creator\" content=\"@APeneira\" \/>\n<meta name=\"twitter:site\" content=\"@APeneira\" \/>\n<meta name=\"twitter:label1\" content=\"Escrito por\" \/>\n\t<meta name=\"twitter:data1\" content=\"N\u00e9stor Rego\" \/>\n\t<meta name=\"twitter:label2\" content=\"Tempo de lectura\" \/>\n\t<meta name=\"twitter:data2\" content=\"4 minutos\" \/>\n<script type=\"application\/ld+json\" class=\"yoast-schema-graph\">{\"@context\":\"https:\\\/\\\/schema.org\",\"@graph\":[{\"@type\":\"Article\",\"@id\":\"https:\\\/\\\/www.anovapeneira.gal\\\/index.php\\\/2024\\\/07\\\/25\\\/dia-da-patria-galega-festa-e-reivindicacion\\\/#article\",\"isPartOf\":{\"@id\":\"https:\\\/\\\/www.anovapeneira.gal\\\/index.php\\\/2024\\\/07\\\/25\\\/dia-da-patria-galega-festa-e-reivindicacion\\\/\"},\"author\":{\"name\":\"N\u00e9stor Rego\",\"@id\":\"https:\\\/\\\/www.anovapeneira.gal\\\/#\\\/schema\\\/person\\\/398f81b3541ce70bcc2c0633d10abf2b\"},\"headline\":\"D\u00eda da Patria Galega, festa e reivindicaci\u00f3n\",\"datePublished\":\"2024-07-25T09:00:49+00:00\",\"mainEntityOfPage\":{\"@id\":\"https:\\\/\\\/www.anovapeneira.gal\\\/index.php\\\/2024\\\/07\\\/25\\\/dia-da-patria-galega-festa-e-reivindicacion\\\/\"},\"wordCount\":714,\"commentCount\":0,\"publisher\":{\"@id\":\"https:\\\/\\\/www.anovapeneira.gal\\\/#organization\"},\"image\":{\"@id\":\"https:\\\/\\\/www.anovapeneira.gal\\\/index.php\\\/2024\\\/07\\\/25\\\/dia-da-patria-galega-festa-e-reivindicacion\\\/#primaryimage\"},\"thumbnailUrl\":\"https:\\\/\\\/www.anovapeneira.gal\\\/wp-content\\\/uploads\\\/2022\\\/05\\\/nestor_rego_congreso.jpg\",\"keywords\":[\"25 xullo\"],\"articleSection\":[\"Artigos de opini\u00f3n\"],\"inLanguage\":\"gl-ES\",\"potentialAction\":[{\"@type\":\"CommentAction\",\"name\":\"Comment\",\"target\":[\"https:\\\/\\\/www.anovapeneira.gal\\\/index.php\\\/2024\\\/07\\\/25\\\/dia-da-patria-galega-festa-e-reivindicacion\\\/#respond\"]}]},{\"@type\":\"WebPage\",\"@id\":\"https:\\\/\\\/www.anovapeneira.gal\\\/index.php\\\/2024\\\/07\\\/25\\\/dia-da-patria-galega-festa-e-reivindicacion\\\/\",\"url\":\"https:\\\/\\\/www.anovapeneira.gal\\\/index.php\\\/2024\\\/07\\\/25\\\/dia-da-patria-galega-festa-e-reivindicacion\\\/\",\"name\":\"D\u00eda da Patria Galega, festa e reivindicaci\u00f3n -\",\"isPartOf\":{\"@id\":\"https:\\\/\\\/www.anovapeneira.gal\\\/#website\"},\"primaryImageOfPage\":{\"@id\":\"https:\\\/\\\/www.anovapeneira.gal\\\/index.php\\\/2024\\\/07\\\/25\\\/dia-da-patria-galega-festa-e-reivindicacion\\\/#primaryimage\"},\"image\":{\"@id\":\"https:\\\/\\\/www.anovapeneira.gal\\\/index.php\\\/2024\\\/07\\\/25\\\/dia-da-patria-galega-festa-e-reivindicacion\\\/#primaryimage\"},\"thumbnailUrl\":\"https:\\\/\\\/www.anovapeneira.gal\\\/wp-content\\\/uploads\\\/2022\\\/05\\\/nestor_rego_congreso.jpg\",\"datePublished\":\"2024-07-25T09:00:49+00:00\",\"breadcrumb\":{\"@id\":\"https:\\\/\\\/www.anovapeneira.gal\\\/index.php\\\/2024\\\/07\\\/25\\\/dia-da-patria-galega-festa-e-reivindicacion\\\/#breadcrumb\"},\"inLanguage\":\"gl-ES\",\"potentialAction\":[{\"@type\":\"ReadAction\",\"target\":[\"https:\\\/\\\/www.anovapeneira.gal\\\/index.php\\\/2024\\\/07\\\/25\\\/dia-da-patria-galega-festa-e-reivindicacion\\\/\"]}]},{\"@type\":\"ImageObject\",\"inLanguage\":\"gl-ES\",\"@id\":\"https:\\\/\\\/www.anovapeneira.gal\\\/index.php\\\/2024\\\/07\\\/25\\\/dia-da-patria-galega-festa-e-reivindicacion\\\/#primaryimage\",\"url\":\"https:\\\/\\\/www.anovapeneira.gal\\\/wp-content\\\/uploads\\\/2022\\\/05\\\/nestor_rego_congreso.jpg\",\"contentUrl\":\"https:\\\/\\\/www.anovapeneira.gal\\\/wp-content\\\/uploads\\\/2022\\\/05\\\/nestor_rego_congreso.jpg\",\"width\":720,\"height\":432,\"caption\":\"N\u00e9stor Rego\"},{\"@type\":\"BreadcrumbList\",\"@id\":\"https:\\\/\\\/www.anovapeneira.gal\\\/index.php\\\/2024\\\/07\\\/25\\\/dia-da-patria-galega-festa-e-reivindicacion\\\/#breadcrumb\",\"itemListElement\":[{\"@type\":\"ListItem\",\"position\":1,\"name\":\"Portada\",\"item\":\"https:\\\/\\\/www.anovapeneira.gal\\\/\"},{\"@type\":\"ListItem\",\"position\":2,\"name\":\"D\u00eda da Patria Galega, festa e reivindicaci\u00f3n\"}]},{\"@type\":\"WebSite\",\"@id\":\"https:\\\/\\\/www.anovapeneira.gal\\\/#website\",\"url\":\"https:\\\/\\\/www.anovapeneira.gal\\\/\",\"name\":\"\",\"description\":\"Xornal galego de informaci\u00f3n xeral Publicaci\u00f3n mensual de novas de Galicia e en especial dos Concellos da sur da provincia de Pontevedra.\",\"publisher\":{\"@id\":\"https:\\\/\\\/www.anovapeneira.gal\\\/#organization\"},\"potentialAction\":[{\"@type\":\"SearchAction\",\"target\":{\"@type\":\"EntryPoint\",\"urlTemplate\":\"https:\\\/\\\/www.anovapeneira.gal\\\/?s={search_term_string}\"},\"query-input\":{\"@type\":\"PropertyValueSpecification\",\"valueRequired\":true,\"valueName\":\"search_term_string\"}}],\"inLanguage\":\"gl-ES\"},{\"@type\":\"Organization\",\"@id\":\"https:\\\/\\\/www.anovapeneira.gal\\\/#organization\",\"name\":\"A Nova Peneira\",\"url\":\"https:\\\/\\\/www.anovapeneira.gal\\\/\",\"logo\":{\"@type\":\"ImageObject\",\"inLanguage\":\"gl-ES\",\"@id\":\"https:\\\/\\\/www.anovapeneira.gal\\\/#\\\/schema\\\/logo\\\/image\\\/\",\"url\":\"http:\\\/\\\/www.anovapeneira.gal\\\/wp-content\\\/uploads\\\/2019\\\/06\\\/logo_a_nova_peneira_portal_web.png\",\"contentUrl\":\"http:\\\/\\\/www.anovapeneira.gal\\\/wp-content\\\/uploads\\\/2019\\\/06\\\/logo_a_nova_peneira_portal_web.png\",\"width\":300,\"height\":100,\"caption\":\"A Nova Peneira\"},\"image\":{\"@id\":\"https:\\\/\\\/www.anovapeneira.gal\\\/#\\\/schema\\\/logo\\\/image\\\/\"},\"sameAs\":[\"https:\\\/\\\/www.facebook.com\\\/anovapeneira\",\"https:\\\/\\\/x.com\\\/APeneira\"]},{\"@type\":\"Person\",\"@id\":\"https:\\\/\\\/www.anovapeneira.gal\\\/#\\\/schema\\\/person\\\/398f81b3541ce70bcc2c0633d10abf2b\",\"name\":\"N\u00e9stor Rego\",\"image\":{\"@type\":\"ImageObject\",\"inLanguage\":\"gl-ES\",\"@id\":\"https:\\\/\\\/secure.gravatar.com\\\/avatar\\\/582ac268e259e01434297c480ba20c3651e6dab442778296909153e75ae25c18?s=96&d=mm&r=g\",\"url\":\"https:\\\/\\\/secure.gravatar.com\\\/avatar\\\/582ac268e259e01434297c480ba20c3651e6dab442778296909153e75ae25c18?s=96&d=mm&r=g\",\"contentUrl\":\"https:\\\/\\\/secure.gravatar.com\\\/avatar\\\/582ac268e259e01434297c480ba20c3651e6dab442778296909153e75ae25c18?s=96&d=mm&r=g\",\"caption\":\"N\u00e9stor Rego\"},\"sameAs\":[\"http:\\\/\\\/www.anovapeneira.gal\\\/\"],\"url\":\"https:\\\/\\\/www.anovapeneira.gal\\\/index.php\\\/author\\\/opinionnestorrego\\\/\"}]}<\/script>\n<!-- \/ Yoast SEO plugin. -->","yoast_head_json":{"title":"D\u00eda da Patria Galega, festa e reivindicaci\u00f3n -","robots":{"index":"index","follow":"follow","max-snippet":"max-snippet:-1","max-image-preview":"max-image-preview:large","max-video-preview":"max-video-preview:-1"},"canonical":"https:\/\/www.anovapeneira.gal\/index.php\/2024\/07\/25\/dia-da-patria-galega-festa-e-reivindicacion\/","og_locale":"gl_ES","og_type":"article","og_title":"D\u00eda da Patria Galega, festa e reivindicaci\u00f3n -","og_description":"Sempre o 25 de xullo \u00e9 un d\u00eda para celebrar e para reivindicar, para a festa e para a loita. E, na verdade, neste 2024 temos moito que celebrar e moito polo que loitar. [...]","og_url":"https:\/\/www.anovapeneira.gal\/index.php\/2024\/07\/25\/dia-da-patria-galega-festa-e-reivindicacion\/","article_publisher":"https:\/\/www.facebook.com\/anovapeneira","article_published_time":"2024-07-25T09:00:49+00:00","og_image":[{"width":720,"height":432,"url":"https:\/\/www.anovapeneira.gal\/wp-content\/uploads\/2022\/05\/nestor_rego_congreso.jpg","type":"image\/jpeg"}],"author":"N\u00e9stor Rego","twitter_card":"summary_large_image","twitter_creator":"@APeneira","twitter_site":"@APeneira","twitter_misc":{"Escrito por":"N\u00e9stor Rego","Tempo de lectura":"4 minutos"},"schema":{"@context":"https:\/\/schema.org","@graph":[{"@type":"Article","@id":"https:\/\/www.anovapeneira.gal\/index.php\/2024\/07\/25\/dia-da-patria-galega-festa-e-reivindicacion\/#article","isPartOf":{"@id":"https:\/\/www.anovapeneira.gal\/index.php\/2024\/07\/25\/dia-da-patria-galega-festa-e-reivindicacion\/"},"author":{"name":"N\u00e9stor Rego","@id":"https:\/\/www.anovapeneira.gal\/#\/schema\/person\/398f81b3541ce70bcc2c0633d10abf2b"},"headline":"D\u00eda da Patria Galega, festa e reivindicaci\u00f3n","datePublished":"2024-07-25T09:00:49+00:00","mainEntityOfPage":{"@id":"https:\/\/www.anovapeneira.gal\/index.php\/2024\/07\/25\/dia-da-patria-galega-festa-e-reivindicacion\/"},"wordCount":714,"commentCount":0,"publisher":{"@id":"https:\/\/www.anovapeneira.gal\/#organization"},"image":{"@id":"https:\/\/www.anovapeneira.gal\/index.php\/2024\/07\/25\/dia-da-patria-galega-festa-e-reivindicacion\/#primaryimage"},"thumbnailUrl":"https:\/\/www.anovapeneira.gal\/wp-content\/uploads\/2022\/05\/nestor_rego_congreso.jpg","keywords":["25 xullo"],"articleSection":["Artigos de opini\u00f3n"],"inLanguage":"gl-ES","potentialAction":[{"@type":"CommentAction","name":"Comment","target":["https:\/\/www.anovapeneira.gal\/index.php\/2024\/07\/25\/dia-da-patria-galega-festa-e-reivindicacion\/#respond"]}]},{"@type":"WebPage","@id":"https:\/\/www.anovapeneira.gal\/index.php\/2024\/07\/25\/dia-da-patria-galega-festa-e-reivindicacion\/","url":"https:\/\/www.anovapeneira.gal\/index.php\/2024\/07\/25\/dia-da-patria-galega-festa-e-reivindicacion\/","name":"D\u00eda da Patria Galega, festa e reivindicaci\u00f3n -","isPartOf":{"@id":"https:\/\/www.anovapeneira.gal\/#website"},"primaryImageOfPage":{"@id":"https:\/\/www.anovapeneira.gal\/index.php\/2024\/07\/25\/dia-da-patria-galega-festa-e-reivindicacion\/#primaryimage"},"image":{"@id":"https:\/\/www.anovapeneira.gal\/index.php\/2024\/07\/25\/dia-da-patria-galega-festa-e-reivindicacion\/#primaryimage"},"thumbnailUrl":"https:\/\/www.anovapeneira.gal\/wp-content\/uploads\/2022\/05\/nestor_rego_congreso.jpg","datePublished":"2024-07-25T09:00:49+00:00","breadcrumb":{"@id":"https:\/\/www.anovapeneira.gal\/index.php\/2024\/07\/25\/dia-da-patria-galega-festa-e-reivindicacion\/#breadcrumb"},"inLanguage":"gl-ES","potentialAction":[{"@type":"ReadAction","target":["https:\/\/www.anovapeneira.gal\/index.php\/2024\/07\/25\/dia-da-patria-galega-festa-e-reivindicacion\/"]}]},{"@type":"ImageObject","inLanguage":"gl-ES","@id":"https:\/\/www.anovapeneira.gal\/index.php\/2024\/07\/25\/dia-da-patria-galega-festa-e-reivindicacion\/#primaryimage","url":"https:\/\/www.anovapeneira.gal\/wp-content\/uploads\/2022\/05\/nestor_rego_congreso.jpg","contentUrl":"https:\/\/www.anovapeneira.gal\/wp-content\/uploads\/2022\/05\/nestor_rego_congreso.jpg","width":720,"height":432,"caption":"N\u00e9stor Rego"},{"@type":"BreadcrumbList","@id":"https:\/\/www.anovapeneira.gal\/index.php\/2024\/07\/25\/dia-da-patria-galega-festa-e-reivindicacion\/#breadcrumb","itemListElement":[{"@type":"ListItem","position":1,"name":"Portada","item":"https:\/\/www.anovapeneira.gal\/"},{"@type":"ListItem","position":2,"name":"D\u00eda da Patria Galega, festa e reivindicaci\u00f3n"}]},{"@type":"WebSite","@id":"https:\/\/www.anovapeneira.gal\/#website","url":"https:\/\/www.anovapeneira.gal\/","name":"","description":"Xornal galego de informaci\u00f3n xeral Publicaci\u00f3n mensual de novas de Galicia e en especial dos Concellos da sur da provincia de Pontevedra.","publisher":{"@id":"https:\/\/www.anovapeneira.gal\/#organization"},"potentialAction":[{"@type":"SearchAction","target":{"@type":"EntryPoint","urlTemplate":"https:\/\/www.anovapeneira.gal\/?s={search_term_string}"},"query-input":{"@type":"PropertyValueSpecification","valueRequired":true,"valueName":"search_term_string"}}],"inLanguage":"gl-ES"},{"@type":"Organization","@id":"https:\/\/www.anovapeneira.gal\/#organization","name":"A Nova Peneira","url":"https:\/\/www.anovapeneira.gal\/","logo":{"@type":"ImageObject","inLanguage":"gl-ES","@id":"https:\/\/www.anovapeneira.gal\/#\/schema\/logo\/image\/","url":"http:\/\/www.anovapeneira.gal\/wp-content\/uploads\/2019\/06\/logo_a_nova_peneira_portal_web.png","contentUrl":"http:\/\/www.anovapeneira.gal\/wp-content\/uploads\/2019\/06\/logo_a_nova_peneira_portal_web.png","width":300,"height":100,"caption":"A Nova Peneira"},"image":{"@id":"https:\/\/www.anovapeneira.gal\/#\/schema\/logo\/image\/"},"sameAs":["https:\/\/www.facebook.com\/anovapeneira","https:\/\/x.com\/APeneira"]},{"@type":"Person","@id":"https:\/\/www.anovapeneira.gal\/#\/schema\/person\/398f81b3541ce70bcc2c0633d10abf2b","name":"N\u00e9stor Rego","image":{"@type":"ImageObject","inLanguage":"gl-ES","@id":"https:\/\/secure.gravatar.com\/avatar\/582ac268e259e01434297c480ba20c3651e6dab442778296909153e75ae25c18?s=96&d=mm&r=g","url":"https:\/\/secure.gravatar.com\/avatar\/582ac268e259e01434297c480ba20c3651e6dab442778296909153e75ae25c18?s=96&d=mm&r=g","contentUrl":"https:\/\/secure.gravatar.com\/avatar\/582ac268e259e01434297c480ba20c3651e6dab442778296909153e75ae25c18?s=96&d=mm&r=g","caption":"N\u00e9stor Rego"},"sameAs":["http:\/\/www.anovapeneira.gal\/"],"url":"https:\/\/www.anovapeneira.gal\/index.php\/author\/opinionnestorrego\/"}]}},"jetpack_featured_media_url":"https:\/\/www.anovapeneira.gal\/wp-content\/uploads\/2022\/05\/nestor_rego_congreso.jpg","_links":{"self":[{"href":"https:\/\/www.anovapeneira.gal\/index.php\/wp-json\/wp\/v2\/posts\/12124","targetHints":{"allow":["GET"]}}],"collection":[{"href":"https:\/\/www.anovapeneira.gal\/index.php\/wp-json\/wp\/v2\/posts"}],"about":[{"href":"https:\/\/www.anovapeneira.gal\/index.php\/wp-json\/wp\/v2\/types\/post"}],"author":[{"embeddable":true,"href":"https:\/\/www.anovapeneira.gal\/index.php\/wp-json\/wp\/v2\/users\/9"}],"replies":[{"embeddable":true,"href":"https:\/\/www.anovapeneira.gal\/index.php\/wp-json\/wp\/v2\/comments?post=12124"}],"version-history":[{"count":1,"href":"https:\/\/www.anovapeneira.gal\/index.php\/wp-json\/wp\/v2\/posts\/12124\/revisions"}],"predecessor-version":[{"id":12125,"href":"https:\/\/www.anovapeneira.gal\/index.php\/wp-json\/wp\/v2\/posts\/12124\/revisions\/12125"}],"wp:featuredmedia":[{"embeddable":true,"href":"https:\/\/www.anovapeneira.gal\/index.php\/wp-json\/wp\/v2\/media\/7550"}],"wp:attachment":[{"href":"https:\/\/www.anovapeneira.gal\/index.php\/wp-json\/wp\/v2\/media?parent=12124"}],"wp:term":[{"taxonomy":"category","embeddable":true,"href":"https:\/\/www.anovapeneira.gal\/index.php\/wp-json\/wp\/v2\/categories?post=12124"},{"taxonomy":"post_tag","embeddable":true,"href":"https:\/\/www.anovapeneira.gal\/index.php\/wp-json\/wp\/v2\/tags?post=12124"}],"curies":[{"name":"wp","href":"https:\/\/api.w.org\/{rel}","templated":true}]}}