{"id":12128,"date":"2024-07-26T10:00:09","date_gmt":"2024-07-26T08:00:09","guid":{"rendered":"https:\/\/www.anovapeneira.gal\/?p=12128"},"modified":"2024-07-22T13:42:37","modified_gmt":"2024-07-22T11:42:37","slug":"digna-rivas-alcaldesa-de-redondela-7","status":"publish","type":"post","link":"https:\/\/www.anovapeneira.gal\/index.php\/2024\/07\/26\/digna-rivas-alcaldesa-de-redondela-7\/","title":{"rendered":"Digna Rivas alcaldesa de Redondela"},"content":{"rendered":"\n<p><strong>Despois de que na anterior edici\u00f3n da nosa publicaci\u00f3n puideramos co\u00f1ecer a valoraci\u00f3n de Javier Bas sobre a pol\u00edtica local, con especial incidencia na situaci\u00f3n econ\u00f3mica do Concello, acheg\u00e1monos ata o Concello para saber a opini\u00f3n da alcaldesa acerca daquelas declaraci\u00f3ns do l\u00edder popular. E Digna non nos decepcionou. Ela defende con paix\u00f3n a s\u00faa xesti\u00f3n, e sobre o traballo dos funcionarios e funcionarias do Concello am\u00f3sase agradecida,eu dir\u00eda que un tanto emocionada, e tam\u00e9n indignada porque considera que as declaraci\u00f3ns dos populares de Redondela poden po\u00f1er en cuesti\u00f3n a s\u00faa competencia e dilixencia. Achaca os atrasos nos pagos a un problema inform\u00e1tico e manifesta que os populares faltan \u00e1 verdade cando tratan de presentar a situaci\u00f3n das finanzas do Concello de Redondela como catastr\u00f3fica.<\/strong><\/p>\n\n\n\n<p>\u201c<strong>Unha mentira por moito que se diga 1.000 veces segue sendo unha mentira. Lamento constatar que Javier Bas parece sentirse c\u00f3modo empregando as estratexias comunicativas de Goebbels\u201d<\/strong><\/p>\n\n\n\n<p><strong>Fainos unha valoraci\u00f3n de como est\u00e1 indo o teu segundo mandato como alcaldesa de Redondela?<\/strong><\/p>\n\n\n\n<blockquote class=\"wp-block-quote is-layout-flow wp-block-quote-is-layout-flow\">\n<p>Ben, este ano longo non est\u00e1 sendo nada doado. Pero esta dificultade est\u00e1 motivada por unha circunstancia moi concreta.<\/p>\n<\/blockquote>\n\n\n\n<p><strong>Cal \u00e9?<\/strong><\/p>\n\n\n\n<blockquote class=\"wp-block-quote is-layout-flow wp-block-quote-is-layout-flow\">\n<p>Unha situaci\u00f3n cr\u00edtica acontecida en xullo e agosto do ano pasado que supuxo a perda de todos os datos de intervenci\u00f3n. Unha situaci\u00f3n de colapso que puido ocasionar a par\u00e1lise de todo o Concello.<\/p>\n<\/blockquote>\n\n\n\n<p><strong>Lograstes recuperar os datos inicialmente perdidos?<\/strong><\/p>\n\n\n\n<blockquote class=\"wp-block-quote is-layout-flow wp-block-quote-is-layout-flow\">\n<p>Si, grazas a un traballo \u00edmprobo dos departamentos de intervenci\u00f3n e de novas tecnolox\u00edas que agradezo desde o m\u00e1is profundo de min, e que nunca me cansarei de valorar. O traballo foi de enorme calidade tanto \u00e9 as\u00ed que recibimos a felicitaci\u00f3n da Axencia Estatal de Protecci\u00f3n de Datos. En resumo: o terrible problema que tivemos ocasionou os atrasos que padecemos na actualidade. Por outra parte a esta situaci\u00f3n hai que engadir que estivemos un ano sen interventor\/a.<\/p>\n<\/blockquote>\n\n\n\n<p><strong>Como se pode estar un ano sen interventor?<\/strong><\/p>\n\n\n\n<blockquote class=\"wp-block-quote is-layout-flow wp-block-quote-is-layout-flow\">\n<p>Ti\u00f1amos en funci\u00f3ns, pero non \u00e9 o mesmo. Unha persoa en funci\u00f3ns ten limitaci\u00f3ns que non ten unha persoa titular. A interventora que veu fixo todos os deberes e f\u00edxoo moi ben pero con todos os atrasos, consecuencia inevitable do problema que acabo de describir.<\/p>\n<\/blockquote>\n\n\n\n<p><strong>Redondela est\u00e1 en quebra?<\/strong><\/p>\n\n\n\n<blockquote class=\"wp-block-quote is-layout-flow wp-block-quote-is-layout-flow\">\n<p>Non, radicalmente non. Absolutamente non. Na liquidaci\u00f3n que se fixo sa\u00edu un remanente positivo de cerca de 3.700.000\u20ac. Debemos dous mill\u00f3ns e pico a provedores a consecuencia do problema que che expliquei, non porque non haxa liquidez ou porque xestionemos mal. Iso \u00e9 simplemente falso.<\/p>\n<\/blockquote>\n\n\n\n<p><strong>Cando se vai pagar o que se debe?<\/strong><\/p>\n\n\n\n<blockquote class=\"wp-block-quote is-layout-flow wp-block-quote-is-layout-flow\">\n<p>Entre o 16 de Xullo e o mes de Setembro vai estar todo pagado.<\/p>\n<\/blockquote>\n\n\n\n<p><strong>Poden estar tranquilos os provedores aos que o Concello lles debe cartos?<\/strong><\/p>\n\n\n\n<blockquote class=\"wp-block-quote is-layout-flow wp-block-quote-is-layout-flow\">\n<p>Absolutamente tranquilos. Nese per\u00edodo de dous meses vai estar todo pagado. Tam\u00e9n te\u00f1o que dicir que poden estar tranquilos si, pero a pesar do PP.<\/p>\n<\/blockquote>\n\n\n\n<p><strong>Por que \u201c a pesar do PP\u201d?<\/strong><\/p>\n\n\n\n<blockquote class=\"wp-block-quote is-layout-flow wp-block-quote-is-layout-flow\">\n<p>Porque no pleno no que se debateu o pago desas facturas pendentes o PP votou en contra. Si, en contra, o PP que se gaba permanentemente de querer tanto a Redondela, votou en contra de que o Concello pagase aos comerciantes, moitos deles de Redondela.<\/p>\n<\/blockquote>\n\n\n\n<p><strong>No n\u00famero anterior da nosa publicaci\u00f3n dic\u00eda Javier Bas que:\u201d a situaci\u00f3n econ\u00f3mica do Concello de Redondela \u00e9 tan grave que os pagos ordinarios poden verse comprometidos\u201d.Como valora a alcaldesa de Redondela estas palabras?<\/strong><\/p>\n\n\n\n<blockquote class=\"wp-block-quote is-layout-flow wp-block-quote-is-layout-flow\">\n<p>\u00c9 a segunda vez que fan esas afirmaci\u00f3ns. Eu son consciente de que a s\u00faa intenci\u00f3n \u00e9 desgastarme politicamente a min. Queren presentar \u00e1 cidadan\u00eda de Redondela a imaxe dunha alcaldesa que non sabe xestionar e que \u00e9 a responsable dunha imaxinaria situaci\u00f3n catastr\u00f3fica das finanzas do Concello. Vou precisar varias cousas ao respecto disto:<\/p>\n<\/blockquote>\n\n\n\n<blockquote class=\"wp-block-quote is-layout-flow wp-block-quote-is-layout-flow\">\n<p>-A situaci\u00f3n de cat\u00e1strofe econ\u00f3mica que trata de presentar o Partido Popular \u00e9 falsa. Non existe. Os atrasos nos pagos d\u00e9bense a un problema inform\u00e1tico puntual que acabo de explicar, non a unha situaci\u00f3n de falta de liquidez como consecuencia dunha suposta mala xesti\u00f3n. Esa \u00e9 unha mentira m\u00e1is do PP.<\/p>\n<\/blockquote>\n\n\n\n<blockquote class=\"wp-block-quote is-layout-flow wp-block-quote-is-layout-flow\">\n<p>-O PP de Redondela bate en ferro fr\u00edo se pretende que o seu xogo sucio me afecte. Xa levo moito tempo en pol\u00edtica, co\u00f1ezo perfectamente este tipo de noxentas estratexias que utiliza o PP de Redondela. Poden seguir fac\u00e9ndoas unha e mil veces que eu seguirei traballando arreo na defensa do ben com\u00fan de Redondela. Unha mentira por moito que se repita mil veces segue sendo unha mentira. Lamento constatar que Javier Bas parece que se sinte c\u00f3modo empregando as estratexias comunicativas de Goebbels. Que vergonza\u00a1, que vergonza para Redondela\u00a1<\/p>\n<\/blockquote>\n\n\n\n<blockquote class=\"wp-block-quote is-layout-flow wp-block-quote-is-layout-flow\">\n<p>-Ao atacarme a min da maneira que me ataca o PP de Redondela xera alarma social e pon en cuesti\u00f3n o traballo rigoroso e solvente dos marabillosos funcionarios e funcionarias do noso Concello. Que te\u00f1a moi claro Javier Bas que iso non llo vou consentir.<\/p>\n<\/blockquote>\n\n\n\n<p><strong>\u00c9 tan agresiva ent\u00f3n a oposici\u00f3n do PP?<\/strong><\/p>\n\n\n\n<blockquote class=\"wp-block-quote is-layout-flow wp-block-quote-is-layout-flow\">\n<p>\u00c9 peor que agresiva. Chegaron a dicir que o pago das n\u00f3minas ao persoal municipal estaba en perigo. Iso \u00e9 unha trola de proporci\u00f3ns estratosf\u00e9ricas.<\/p>\n<\/blockquote>\n\n\n\n<p><strong>A mensaxe que quere transmitir a alcaldesa de Redondela \u00e9 de tranquilidade?<\/strong><\/p>\n\n\n\n<blockquote class=\"wp-block-quote is-layout-flow wp-block-quote-is-layout-flow\">\n<p>Si, sen d\u00fabida si. Radicalmente si. O Concello non ten ning\u00fan problema de liquidez e a cidadan\u00eda de Redondela pode estar segura de que \u00e9 as\u00ed.<\/p>\n<\/blockquote>\n\n\n\n<p><strong>Se finalmente se pagan esas facturas no per\u00edodo no que te acabas de comprometer a d\u00e9beda do Concello ser\u00eda?<\/strong><\/p>\n\n\n\n<blockquote class=\"wp-block-quote is-layout-flow wp-block-quote-is-layout-flow\">\n<p>D\u00e9beda 0.<\/p>\n<\/blockquote>\n\n\n\n<p><strong>As\u00ed de claro?<\/strong><\/p>\n\n\n\n<blockquote class=\"wp-block-quote is-layout-flow wp-block-quote-is-layout-flow\">\n<p>As\u00ed de claro e sen ning\u00fan tipo de matiz. Pero si unha precisi\u00f3n: Cando eu cheguei a d\u00e9beda do Concello era de case 1,5 mill\u00f3ns de \u20ac, e agora vai ser 0.Agardo que lle quede moi claro \u00e1 cidadan\u00eda de Redondela.<\/p>\n<\/blockquote>\n\n\n\n<p><strong>Ent\u00f3n o estado non vai intervir ao Concello?<\/strong><\/p>\n\n\n\n<blockquote class=\"wp-block-quote is-layout-flow wp-block-quote-is-layout-flow\">\n<p>Non claro que non. O estado require que cumpramos uns prazos de pago aos provedores, que cumpriremos escrupulosamente, ante unha situaci\u00f3n derivada do problema que expliquei.<\/p>\n<\/blockquote>\n\n\n\n<p><strong>A programaci\u00f3n cultural segue a ter un papel importante na pol\u00edtica do teu goberno?<\/strong><\/p>\n\n\n\n<blockquote class=\"wp-block-quote is-layout-flow wp-block-quote-is-layout-flow\">\n<p>Un papel esencial dir\u00eda eu. A cultura,a transmisi\u00f3n entre persoas das produci\u00f3ns art\u00edsticas e intelectuais, \u00e9 o que nos fai humanos. Eu son uha orgullosa muller de esquerdas e , a diferencia da dereita que na historia de Espa\u00f1a sempre chegou tarde e mal a todo, a difusi\u00f3n cultural universal( digo universal con todas as consecuencias, non s\u00f3 para quen poida pagala) \u00e9 un sinal de identidade do Partido Socialista Obrero Espa\u00f1ol do que me honro en formar parte.<\/p>\n<\/blockquote>\n\n\n\n<blockquote class=\"wp-block-quote is-layout-flow wp-block-quote-is-layout-flow\">\n<p>A modo de exemplo:Teremos a Alberto Vilas no Carballo das cen p\u00f3las, celebraremos o 25 de Xullo tanto en Redondela como en Chapela,al\u00ed estar\u00e1 Ses, tam\u00e9n apostamos polo Berete Rock, e no mes de agosto a cita imperdible \u00e9 o noso fabuloso entroido de ver\u00e1n, o mellor de todo o mundo.<\/p>\n<\/blockquote>\n\n\n\n<p><strong>Creo que tendes pensado algo especial para os \u201cArtistas da R\u00faa\u201d?<\/strong><\/p>\n\n\n\n<blockquote class=\"wp-block-quote is-layout-flow wp-block-quote-is-layout-flow\">\n<p>Si. Este ver\u00e1n o festival cumpre 25 anos e temos pensado estar \u00e1 altura de algo tan importante, pois un cuarto de s\u00e9culo non se cumpre todos os d\u00edas. Contaremos coas marabillosas \u201cTareixas\u201d, que ti Marcos co\u00f1eces ben. Tam\u00e9n teremos circo, danza e moito humor, con espect\u00e1culos para todas as idades.<\/p>\n<\/blockquote>\n\n\n\n<blockquote class=\"wp-block-quote is-layout-flow wp-block-quote-is-layout-flow\">\n<p>As\u00ed por exemplo poderemos gozar do mago Shado ou do grupo Septeto Santiaguero todo un referente da m\u00fasica tradicional cubana.<\/p>\n<\/blockquote>\n","protected":false},"excerpt":{"rendered":"<div class=\"mh-excerpt\"><p>Despois de que na anterior edici\u00f3n da nosa publicaci\u00f3n puideramos co\u00f1ecer a valoraci\u00f3n de Javier Bas sobre a pol\u00edtica local, con especial incidencia na situaci\u00f3n econ\u00f3mica do Concello <a class=\"mh-excerpt-more\" href=\"https:\/\/www.anovapeneira.gal\/index.php\/2024\/07\/26\/digna-rivas-alcaldesa-de-redondela-7\/\" title=\"Digna Rivas alcaldesa de Redondela\">[&#8230;]<\/a><\/p>\n<\/div>","protected":false},"author":6,"featured_media":12130,"comment_status":"open","ping_status":"open","sticky":false,"template":"","format":"standard","meta":{"_exactmetrics_skip_tracking":false,"_exactmetrics_sitenote_active":false,"_exactmetrics_sitenote_note":"","_exactmetrics_sitenote_category":0,"footnotes":""},"categories":[270],"tags":[171],"class_list":{"0":"post-12128","1":"post","2":"type-post","3":"status-publish","4":"format-standard","5":"has-post-thumbnail","7":"category-redondela-entrevistas","8":"tag-concello-de-redondela"},"yoast_head":"<!-- This site is optimized with the Yoast SEO plugin v27.4 - https:\/\/yoast.com\/product\/yoast-seo-wordpress\/ -->\n<title>Digna Rivas alcaldesa de Redondela -<\/title>\n<meta name=\"robots\" content=\"index, follow, max-snippet:-1, max-image-preview:large, max-video-preview:-1\" \/>\n<link rel=\"canonical\" href=\"https:\/\/www.anovapeneira.gal\/index.php\/2024\/07\/26\/digna-rivas-alcaldesa-de-redondela-7\/\" \/>\n<meta property=\"og:locale\" content=\"gl_ES\" \/>\n<meta property=\"og:type\" content=\"article\" \/>\n<meta property=\"og:title\" content=\"Digna Rivas alcaldesa de Redondela -\" \/>\n<meta property=\"og:description\" content=\"Despois de que na anterior edici\u00f3n da nosa publicaci\u00f3n puideramos co\u00f1ecer a valoraci\u00f3n de Javier Bas sobre a pol\u00edtica local, con especial incidencia na situaci\u00f3n econ\u00f3mica do Concello [...]\" \/>\n<meta property=\"og:url\" content=\"https:\/\/www.anovapeneira.gal\/index.php\/2024\/07\/26\/digna-rivas-alcaldesa-de-redondela-7\/\" \/>\n<meta property=\"article:publisher\" content=\"https:\/\/www.facebook.com\/anovapeneira\" \/>\n<meta property=\"article:published_time\" content=\"2024-07-26T08:00:09+00:00\" \/>\n<meta property=\"og:image\" content=\"https:\/\/www.anovapeneira.gal\/wp-content\/uploads\/2024\/07\/digna_rivas-1.png\" \/>\n\t<meta property=\"og:image:width\" content=\"720\" \/>\n\t<meta property=\"og:image:height\" content=\"432\" \/>\n\t<meta property=\"og:image:type\" content=\"image\/png\" \/>\n<meta name=\"author\" content=\"Marcos Santos\" \/>\n<meta name=\"twitter:card\" content=\"summary_large_image\" \/>\n<meta name=\"twitter:creator\" content=\"@APeneira\" \/>\n<meta name=\"twitter:site\" content=\"@APeneira\" \/>\n<meta name=\"twitter:label1\" content=\"Escrito por\" \/>\n\t<meta name=\"twitter:data1\" content=\"Marcos Santos\" \/>\n\t<meta name=\"twitter:label2\" content=\"Tempo de lectura\" \/>\n\t<meta name=\"twitter:data2\" content=\"2 minutos\" \/>\n<script type=\"application\/ld+json\" class=\"yoast-schema-graph\">{\"@context\":\"https:\\\/\\\/schema.org\",\"@graph\":[{\"@type\":\"Article\",\"@id\":\"https:\\\/\\\/www.anovapeneira.gal\\\/index.php\\\/2024\\\/07\\\/26\\\/digna-rivas-alcaldesa-de-redondela-7\\\/#article\",\"isPartOf\":{\"@id\":\"https:\\\/\\\/www.anovapeneira.gal\\\/index.php\\\/2024\\\/07\\\/26\\\/digna-rivas-alcaldesa-de-redondela-7\\\/\"},\"author\":{\"name\":\"Marcos Santos\",\"@id\":\"https:\\\/\\\/www.anovapeneira.gal\\\/#\\\/schema\\\/person\\\/d9d84823564720e7593293bab054e52d\"},\"headline\":\"Digna Rivas alcaldesa de Redondela\",\"datePublished\":\"2024-07-26T08:00:09+00:00\",\"mainEntityOfPage\":{\"@id\":\"https:\\\/\\\/www.anovapeneira.gal\\\/index.php\\\/2024\\\/07\\\/26\\\/digna-rivas-alcaldesa-de-redondela-7\\\/\"},\"wordCount\":1283,\"commentCount\":0,\"publisher\":{\"@id\":\"https:\\\/\\\/www.anovapeneira.gal\\\/#organization\"},\"image\":{\"@id\":\"https:\\\/\\\/www.anovapeneira.gal\\\/index.php\\\/2024\\\/07\\\/26\\\/digna-rivas-alcaldesa-de-redondela-7\\\/#primaryimage\"},\"thumbnailUrl\":\"https:\\\/\\\/www.anovapeneira.gal\\\/wp-content\\\/uploads\\\/2024\\\/07\\\/digna_rivas-1.png\",\"keywords\":[\"Concello de Redondela\"],\"articleSection\":[\"Redondela\"],\"inLanguage\":\"gl-ES\",\"potentialAction\":[{\"@type\":\"CommentAction\",\"name\":\"Comment\",\"target\":[\"https:\\\/\\\/www.anovapeneira.gal\\\/index.php\\\/2024\\\/07\\\/26\\\/digna-rivas-alcaldesa-de-redondela-7\\\/#respond\"]}]},{\"@type\":\"WebPage\",\"@id\":\"https:\\\/\\\/www.anovapeneira.gal\\\/index.php\\\/2024\\\/07\\\/26\\\/digna-rivas-alcaldesa-de-redondela-7\\\/\",\"url\":\"https:\\\/\\\/www.anovapeneira.gal\\\/index.php\\\/2024\\\/07\\\/26\\\/digna-rivas-alcaldesa-de-redondela-7\\\/\",\"name\":\"Digna Rivas alcaldesa de Redondela -\",\"isPartOf\":{\"@id\":\"https:\\\/\\\/www.anovapeneira.gal\\\/#website\"},\"primaryImageOfPage\":{\"@id\":\"https:\\\/\\\/www.anovapeneira.gal\\\/index.php\\\/2024\\\/07\\\/26\\\/digna-rivas-alcaldesa-de-redondela-7\\\/#primaryimage\"},\"image\":{\"@id\":\"https:\\\/\\\/www.anovapeneira.gal\\\/index.php\\\/2024\\\/07\\\/26\\\/digna-rivas-alcaldesa-de-redondela-7\\\/#primaryimage\"},\"thumbnailUrl\":\"https:\\\/\\\/www.anovapeneira.gal\\\/wp-content\\\/uploads\\\/2024\\\/07\\\/digna_rivas-1.png\",\"datePublished\":\"2024-07-26T08:00:09+00:00\",\"breadcrumb\":{\"@id\":\"https:\\\/\\\/www.anovapeneira.gal\\\/index.php\\\/2024\\\/07\\\/26\\\/digna-rivas-alcaldesa-de-redondela-7\\\/#breadcrumb\"},\"inLanguage\":\"gl-ES\",\"potentialAction\":[{\"@type\":\"ReadAction\",\"target\":[\"https:\\\/\\\/www.anovapeneira.gal\\\/index.php\\\/2024\\\/07\\\/26\\\/digna-rivas-alcaldesa-de-redondela-7\\\/\"]}]},{\"@type\":\"ImageObject\",\"inLanguage\":\"gl-ES\",\"@id\":\"https:\\\/\\\/www.anovapeneira.gal\\\/index.php\\\/2024\\\/07\\\/26\\\/digna-rivas-alcaldesa-de-redondela-7\\\/#primaryimage\",\"url\":\"https:\\\/\\\/www.anovapeneira.gal\\\/wp-content\\\/uploads\\\/2024\\\/07\\\/digna_rivas-1.png\",\"contentUrl\":\"https:\\\/\\\/www.anovapeneira.gal\\\/wp-content\\\/uploads\\\/2024\\\/07\\\/digna_rivas-1.png\",\"width\":720,\"height\":432,\"caption\":\"Digna Rivas\"},{\"@type\":\"BreadcrumbList\",\"@id\":\"https:\\\/\\\/www.anovapeneira.gal\\\/index.php\\\/2024\\\/07\\\/26\\\/digna-rivas-alcaldesa-de-redondela-7\\\/#breadcrumb\",\"itemListElement\":[{\"@type\":\"ListItem\",\"position\":1,\"name\":\"Portada\",\"item\":\"https:\\\/\\\/www.anovapeneira.gal\\\/\"},{\"@type\":\"ListItem\",\"position\":2,\"name\":\"Digna Rivas alcaldesa de Redondela\"}]},{\"@type\":\"WebSite\",\"@id\":\"https:\\\/\\\/www.anovapeneira.gal\\\/#website\",\"url\":\"https:\\\/\\\/www.anovapeneira.gal\\\/\",\"name\":\"\",\"description\":\"Xornal galego de informaci\u00f3n xeral Publicaci\u00f3n mensual de novas de Galicia e en especial dos Concellos da sur da provincia de Pontevedra.\",\"publisher\":{\"@id\":\"https:\\\/\\\/www.anovapeneira.gal\\\/#organization\"},\"potentialAction\":[{\"@type\":\"SearchAction\",\"target\":{\"@type\":\"EntryPoint\",\"urlTemplate\":\"https:\\\/\\\/www.anovapeneira.gal\\\/?s={search_term_string}\"},\"query-input\":{\"@type\":\"PropertyValueSpecification\",\"valueRequired\":true,\"valueName\":\"search_term_string\"}}],\"inLanguage\":\"gl-ES\"},{\"@type\":\"Organization\",\"@id\":\"https:\\\/\\\/www.anovapeneira.gal\\\/#organization\",\"name\":\"A Nova Peneira\",\"url\":\"https:\\\/\\\/www.anovapeneira.gal\\\/\",\"logo\":{\"@type\":\"ImageObject\",\"inLanguage\":\"gl-ES\",\"@id\":\"https:\\\/\\\/www.anovapeneira.gal\\\/#\\\/schema\\\/logo\\\/image\\\/\",\"url\":\"http:\\\/\\\/www.anovapeneira.gal\\\/wp-content\\\/uploads\\\/2019\\\/06\\\/logo_a_nova_peneira_portal_web.png\",\"contentUrl\":\"http:\\\/\\\/www.anovapeneira.gal\\\/wp-content\\\/uploads\\\/2019\\\/06\\\/logo_a_nova_peneira_portal_web.png\",\"width\":300,\"height\":100,\"caption\":\"A Nova Peneira\"},\"image\":{\"@id\":\"https:\\\/\\\/www.anovapeneira.gal\\\/#\\\/schema\\\/logo\\\/image\\\/\"},\"sameAs\":[\"https:\\\/\\\/www.facebook.com\\\/anovapeneira\",\"https:\\\/\\\/x.com\\\/APeneira\"]},{\"@type\":\"Person\",\"@id\":\"https:\\\/\\\/www.anovapeneira.gal\\\/#\\\/schema\\\/person\\\/d9d84823564720e7593293bab054e52d\",\"name\":\"Marcos Santos\",\"image\":{\"@type\":\"ImageObject\",\"inLanguage\":\"gl-ES\",\"@id\":\"https:\\\/\\\/secure.gravatar.com\\\/avatar\\\/0e8017099a7a47c0a9d2275e865fe326484561eb3d70649069e4b8e61a8d2e8c?s=96&d=mm&r=g\",\"url\":\"https:\\\/\\\/secure.gravatar.com\\\/avatar\\\/0e8017099a7a47c0a9d2275e865fe326484561eb3d70649069e4b8e61a8d2e8c?s=96&d=mm&r=g\",\"contentUrl\":\"https:\\\/\\\/secure.gravatar.com\\\/avatar\\\/0e8017099a7a47c0a9d2275e865fe326484561eb3d70649069e4b8e61a8d2e8c?s=96&d=mm&r=g\",\"caption\":\"Marcos Santos\"},\"sameAs\":[\"http:\\\/\\\/anovapeneira.gal\"],\"url\":\"https:\\\/\\\/www.anovapeneira.gal\\\/index.php\\\/author\\\/marcos-santos\\\/\"}]}<\/script>\n<!-- \/ Yoast SEO plugin. -->","yoast_head_json":{"title":"Digna Rivas alcaldesa de Redondela -","robots":{"index":"index","follow":"follow","max-snippet":"max-snippet:-1","max-image-preview":"max-image-preview:large","max-video-preview":"max-video-preview:-1"},"canonical":"https:\/\/www.anovapeneira.gal\/index.php\/2024\/07\/26\/digna-rivas-alcaldesa-de-redondela-7\/","og_locale":"gl_ES","og_type":"article","og_title":"Digna Rivas alcaldesa de Redondela -","og_description":"Despois de que na anterior edici\u00f3n da nosa publicaci\u00f3n puideramos co\u00f1ecer a valoraci\u00f3n de Javier Bas sobre a pol\u00edtica local, con especial incidencia na situaci\u00f3n econ\u00f3mica do Concello [...]","og_url":"https:\/\/www.anovapeneira.gal\/index.php\/2024\/07\/26\/digna-rivas-alcaldesa-de-redondela-7\/","article_publisher":"https:\/\/www.facebook.com\/anovapeneira","article_published_time":"2024-07-26T08:00:09+00:00","og_image":[{"width":720,"height":432,"url":"https:\/\/www.anovapeneira.gal\/wp-content\/uploads\/2024\/07\/digna_rivas-1.png","type":"image\/png"}],"author":"Marcos Santos","twitter_card":"summary_large_image","twitter_creator":"@APeneira","twitter_site":"@APeneira","twitter_misc":{"Escrito por":"Marcos Santos","Tempo de lectura":"2 minutos"},"schema":{"@context":"https:\/\/schema.org","@graph":[{"@type":"Article","@id":"https:\/\/www.anovapeneira.gal\/index.php\/2024\/07\/26\/digna-rivas-alcaldesa-de-redondela-7\/#article","isPartOf":{"@id":"https:\/\/www.anovapeneira.gal\/index.php\/2024\/07\/26\/digna-rivas-alcaldesa-de-redondela-7\/"},"author":{"name":"Marcos Santos","@id":"https:\/\/www.anovapeneira.gal\/#\/schema\/person\/d9d84823564720e7593293bab054e52d"},"headline":"Digna Rivas alcaldesa de Redondela","datePublished":"2024-07-26T08:00:09+00:00","mainEntityOfPage":{"@id":"https:\/\/www.anovapeneira.gal\/index.php\/2024\/07\/26\/digna-rivas-alcaldesa-de-redondela-7\/"},"wordCount":1283,"commentCount":0,"publisher":{"@id":"https:\/\/www.anovapeneira.gal\/#organization"},"image":{"@id":"https:\/\/www.anovapeneira.gal\/index.php\/2024\/07\/26\/digna-rivas-alcaldesa-de-redondela-7\/#primaryimage"},"thumbnailUrl":"https:\/\/www.anovapeneira.gal\/wp-content\/uploads\/2024\/07\/digna_rivas-1.png","keywords":["Concello de Redondela"],"articleSection":["Redondela"],"inLanguage":"gl-ES","potentialAction":[{"@type":"CommentAction","name":"Comment","target":["https:\/\/www.anovapeneira.gal\/index.php\/2024\/07\/26\/digna-rivas-alcaldesa-de-redondela-7\/#respond"]}]},{"@type":"WebPage","@id":"https:\/\/www.anovapeneira.gal\/index.php\/2024\/07\/26\/digna-rivas-alcaldesa-de-redondela-7\/","url":"https:\/\/www.anovapeneira.gal\/index.php\/2024\/07\/26\/digna-rivas-alcaldesa-de-redondela-7\/","name":"Digna Rivas alcaldesa de Redondela -","isPartOf":{"@id":"https:\/\/www.anovapeneira.gal\/#website"},"primaryImageOfPage":{"@id":"https:\/\/www.anovapeneira.gal\/index.php\/2024\/07\/26\/digna-rivas-alcaldesa-de-redondela-7\/#primaryimage"},"image":{"@id":"https:\/\/www.anovapeneira.gal\/index.php\/2024\/07\/26\/digna-rivas-alcaldesa-de-redondela-7\/#primaryimage"},"thumbnailUrl":"https:\/\/www.anovapeneira.gal\/wp-content\/uploads\/2024\/07\/digna_rivas-1.png","datePublished":"2024-07-26T08:00:09+00:00","breadcrumb":{"@id":"https:\/\/www.anovapeneira.gal\/index.php\/2024\/07\/26\/digna-rivas-alcaldesa-de-redondela-7\/#breadcrumb"},"inLanguage":"gl-ES","potentialAction":[{"@type":"ReadAction","target":["https:\/\/www.anovapeneira.gal\/index.php\/2024\/07\/26\/digna-rivas-alcaldesa-de-redondela-7\/"]}]},{"@type":"ImageObject","inLanguage":"gl-ES","@id":"https:\/\/www.anovapeneira.gal\/index.php\/2024\/07\/26\/digna-rivas-alcaldesa-de-redondela-7\/#primaryimage","url":"https:\/\/www.anovapeneira.gal\/wp-content\/uploads\/2024\/07\/digna_rivas-1.png","contentUrl":"https:\/\/www.anovapeneira.gal\/wp-content\/uploads\/2024\/07\/digna_rivas-1.png","width":720,"height":432,"caption":"Digna Rivas"},{"@type":"BreadcrumbList","@id":"https:\/\/www.anovapeneira.gal\/index.php\/2024\/07\/26\/digna-rivas-alcaldesa-de-redondela-7\/#breadcrumb","itemListElement":[{"@type":"ListItem","position":1,"name":"Portada","item":"https:\/\/www.anovapeneira.gal\/"},{"@type":"ListItem","position":2,"name":"Digna Rivas alcaldesa de Redondela"}]},{"@type":"WebSite","@id":"https:\/\/www.anovapeneira.gal\/#website","url":"https:\/\/www.anovapeneira.gal\/","name":"","description":"Xornal galego de informaci\u00f3n xeral Publicaci\u00f3n mensual de novas de Galicia e en especial dos Concellos da sur da provincia de Pontevedra.","publisher":{"@id":"https:\/\/www.anovapeneira.gal\/#organization"},"potentialAction":[{"@type":"SearchAction","target":{"@type":"EntryPoint","urlTemplate":"https:\/\/www.anovapeneira.gal\/?s={search_term_string}"},"query-input":{"@type":"PropertyValueSpecification","valueRequired":true,"valueName":"search_term_string"}}],"inLanguage":"gl-ES"},{"@type":"Organization","@id":"https:\/\/www.anovapeneira.gal\/#organization","name":"A Nova Peneira","url":"https:\/\/www.anovapeneira.gal\/","logo":{"@type":"ImageObject","inLanguage":"gl-ES","@id":"https:\/\/www.anovapeneira.gal\/#\/schema\/logo\/image\/","url":"http:\/\/www.anovapeneira.gal\/wp-content\/uploads\/2019\/06\/logo_a_nova_peneira_portal_web.png","contentUrl":"http:\/\/www.anovapeneira.gal\/wp-content\/uploads\/2019\/06\/logo_a_nova_peneira_portal_web.png","width":300,"height":100,"caption":"A Nova Peneira"},"image":{"@id":"https:\/\/www.anovapeneira.gal\/#\/schema\/logo\/image\/"},"sameAs":["https:\/\/www.facebook.com\/anovapeneira","https:\/\/x.com\/APeneira"]},{"@type":"Person","@id":"https:\/\/www.anovapeneira.gal\/#\/schema\/person\/d9d84823564720e7593293bab054e52d","name":"Marcos Santos","image":{"@type":"ImageObject","inLanguage":"gl-ES","@id":"https:\/\/secure.gravatar.com\/avatar\/0e8017099a7a47c0a9d2275e865fe326484561eb3d70649069e4b8e61a8d2e8c?s=96&d=mm&r=g","url":"https:\/\/secure.gravatar.com\/avatar\/0e8017099a7a47c0a9d2275e865fe326484561eb3d70649069e4b8e61a8d2e8c?s=96&d=mm&r=g","contentUrl":"https:\/\/secure.gravatar.com\/avatar\/0e8017099a7a47c0a9d2275e865fe326484561eb3d70649069e4b8e61a8d2e8c?s=96&d=mm&r=g","caption":"Marcos Santos"},"sameAs":["http:\/\/anovapeneira.gal"],"url":"https:\/\/www.anovapeneira.gal\/index.php\/author\/marcos-santos\/"}]}},"jetpack_featured_media_url":"https:\/\/www.anovapeneira.gal\/wp-content\/uploads\/2024\/07\/digna_rivas-1.png","_links":{"self":[{"href":"https:\/\/www.anovapeneira.gal\/index.php\/wp-json\/wp\/v2\/posts\/12128","targetHints":{"allow":["GET"]}}],"collection":[{"href":"https:\/\/www.anovapeneira.gal\/index.php\/wp-json\/wp\/v2\/posts"}],"about":[{"href":"https:\/\/www.anovapeneira.gal\/index.php\/wp-json\/wp\/v2\/types\/post"}],"author":[{"embeddable":true,"href":"https:\/\/www.anovapeneira.gal\/index.php\/wp-json\/wp\/v2\/users\/6"}],"replies":[{"embeddable":true,"href":"https:\/\/www.anovapeneira.gal\/index.php\/wp-json\/wp\/v2\/comments?post=12128"}],"version-history":[{"count":1,"href":"https:\/\/www.anovapeneira.gal\/index.php\/wp-json\/wp\/v2\/posts\/12128\/revisions"}],"predecessor-version":[{"id":12129,"href":"https:\/\/www.anovapeneira.gal\/index.php\/wp-json\/wp\/v2\/posts\/12128\/revisions\/12129"}],"wp:featuredmedia":[{"embeddable":true,"href":"https:\/\/www.anovapeneira.gal\/index.php\/wp-json\/wp\/v2\/media\/12130"}],"wp:attachment":[{"href":"https:\/\/www.anovapeneira.gal\/index.php\/wp-json\/wp\/v2\/media?parent=12128"}],"wp:term":[{"taxonomy":"category","embeddable":true,"href":"https:\/\/www.anovapeneira.gal\/index.php\/wp-json\/wp\/v2\/categories?post=12128"},{"taxonomy":"post_tag","embeddable":true,"href":"https:\/\/www.anovapeneira.gal\/index.php\/wp-json\/wp\/v2\/tags?post=12128"}],"curies":[{"name":"wp","href":"https:\/\/api.w.org\/{rel}","templated":true}]}}