{"id":12132,"date":"2024-07-26T12:00:14","date_gmt":"2024-07-26T10:00:14","guid":{"rendered":"https:\/\/www.anovapeneira.gal\/?p=12132"},"modified":"2024-07-22T19:20:39","modified_gmt":"2024-07-22T17:20:39","slug":"cousas-de-salvaterra-16","status":"publish","type":"post","link":"https:\/\/www.anovapeneira.gal\/index.php\/2024\/07\/26\/cousas-de-salvaterra-16\/","title":{"rendered":"Cousas de Salvaterra"},"content":{"rendered":"\n<h2 class=\"wp-block-heading\">A FUXIDA DE MARI\u00d1O, terceira parte.<\/h2>\n\n\n\n<figure class=\"wp-block-image size-full is-resized\"><img loading=\"lazy\" decoding=\"async\" width=\"190\" height=\"229\" src=\"https:\/\/www.anovapeneira.gal\/wp-content\/uploads\/2022\/08\/opinion_anton_saque.jpg\" alt=\"Ant\u00f3n Lourenzo, veci\u00f1o da Vila\" class=\"wp-image-8006\" style=\"width:89px;height:auto\"\/><figcaption class=\"wp-element-caption\">Ant\u00f3n Lourenzo, veci\u00f1o da Vila<\/figcaption><\/figure>\n\n\n\n<p>Deix\u00e1ramos a Mari\u00f1o, xa a salvo en Tarragona, onde chegara no buque Nyassa, procedente de Lisboa, canda m\u00e1is de 1500 refuxiados republicanos, procedentes sobre todo das terras de Extremadura, fuxindo da barbarie sanguinaria do comandante Castej\u00f3n, as\u00ed como de moitos refuxiados procedentes da Galiza e en particular das terras onde se estaba a constru\u00edr a li\u00f1a do cami\u00f1o de ferro Zamora \u2013 Ourense, (A Gudi\u00f1a, Lubi\u00e1n, Pobra de Sanabria, etc.)<\/p>\n\n\n\n<p>Agora sei que Mari\u00f1o levaba moitos anos, dende 1921, intercambiando unha rica correspondencia epistolar coa \u201cSociedad Progresista del Distrito de Salvatierra de Mi\u00f1o en Buenos Aires\u201d, concretamente escribiulles at\u00e9 xullo de 1936 unhas 179 cartas, moitas delas de varias p\u00e1xinas, recibindo non menos de 185, como as\u00ed consta no arquivo da citada Sociedade.<\/p>\n\n\n\n<p>Era unha evidencia que Mari\u00f1o en tales circunstancias hab\u00eda de pedir auxilio os seus amigos de Bos Aires, e as\u00ed foi. Estando preso en Lisboa fixo por carta a primeira demanda de axuda a seu amigo, o mecenas de Oleiros D. Manuel Puente, este coa maior celeridade procedeu a un primeiro env\u00edo de 722 escudos, que lle foron entregados polo embaixador da Rep\u00fablica en Lisboa, D. Salvador de Madariaga, responsable a sua vez do flete do barco antes citado.<\/p>\n\n\n\n<p>Segundo a acta do 11 de outubro de 1936 da citada Sociedade, p\u00e1xina 187, libro primeiro, outro destinatario de d\u00faas cartas, \u201cm\u00e1s o menos en los mismos t\u00e9rminos\u201d, foi o socio directivo Francisco Grandal.<\/p>\n\n\n\n<p>O socio directivo Antonio Hidalgo d\u00ed, \u201c\u2026que se faculte a la Comisi\u00f3n Directiva para que act\u00fae libremente cuando sea necesario en todo lo relacionado con la actual situaci\u00f3n, disponiendo hasta la totalidad de los fondos sociales si ello fuera necesario, para ayudar a todos los camaradas de all\u00e1 que se vieran urgentemente precisados.\u201d<\/p>\n\n\n\n<p>Mari\u00f1o \u00e1 chegada a Tarragona, xa a salvo na zona republicana , ficou como xa dixen adscrito o Reximento V<sup>o <\/sup>de Infanter\u00eda \u201cAlmansa\u201d, (carecendo at\u00e9 o momento de datos militares que estou investigando), e dada a idade avanzada (56 anos), sinalar\u00edanlle a prestaci\u00f3n de servizos secundarios, auxiliares, administrativos, etc., non por iso acabaron os problemas\u2026<\/p>\n\n\n\n<p>A parte da cuesti\u00f3n da sa\u00fade de pouco lle serviron aqueles 722 escudos, porque en aquela situaci\u00f3n de guerra, non puido trocalos. Foi as\u00ed como de novo pediu axuda a D. Manuel Puente, este fixo xesti\u00f3ns r\u00e1pidas intentando que lle foran entregadas 3500 pesetas que a Sociedade mercara co obxecto de reparar a casa social de Salvaterra, pero que non chegaran o destino previsto por mor do golpe de estado, (a Sociedade, a trav\u00e9s de Mari\u00f1o, solicitara dous orzamentos para facer reparaci\u00f3ns de mantemento da casa, un deles era do \u201cmestre de obras Emilio Reijas Pereira de Oleiros).<\/p>\n\n\n\n<p>Unha vez m\u00e1is pola situaci\u00f3n de guerra, foi imposible facerlle chegar ese di\u00f1eiro a Catalu\u00f1a. Outra vez procedeu Mari\u00f1o a pedir axuda.<\/p>\n\n\n\n<p>Na acta da Asemblea do d\u00eda 30 de xaneiro de 1937, p\u00e1x. 07, d\u00ed as\u00ed:<\/p>\n\n\n\n<p>\u201cse d\u00e1 cuenta de varia correspondencia del camarada Mari\u00f1o dando cuenta de su precaria situaci\u00f3n en Tarragona. Despu\u00e9s de breve cambio de ideas se acuerda dirigirse al Presidente del Consejo de Ministros de Espa\u00f1a con sede en Valencia, camarada Largo Caballero, pidi\u00e9ndole se interese por la situaci\u00f3n de Mari\u00f1o, enviando la carta por avi\u00f3n\u201d<\/p>\n\n\n\n<p>Na acta da Asemblea Xeral realizada o d\u00eda 29 de agosto de 1937, p\u00e1x. 11, libro segundo, faise alusi\u00f3n de novo a varias cartas enviadas por Mari\u00f1o das que non co\u00f1ecemos o seu contido. O directivo Francisco Grandal fai alusi\u00f3n o fusilamento en Vigo do Tte. de Alcalde Jos\u00e9 Dom\u00ednguez Gonz\u00e1lez e varios m\u00e1is.<\/p>\n\n\n\n<p>Na acta da Asemblea Xeral ordinaria do d\u00eda 05 de decembro de 1937, p\u00e1xina 14, libro segundo, faise alusi\u00f3n a correspondencia enviada por Mari\u00f1o na que manifesta, \u201c\u2026que el Sr. Mari\u00f1o se encontraba sin recursos y que la Comisi\u00f3n Directiva le ha mandado algunos, pero que ahora est\u00e1 trabajando y que ya est\u00e1 un poco mejor de recursos mientras trabaje&#8230;\u201d<\/p>\n\n\n\n<p>Na acta da Asemblea Xeral ordinaria realizada o 31 de xullo de 1938, p\u00e1x. 17, libro segundo, d\u00ed: \u201c\u2026las buenas relaciones con las dem\u00e1s Sociedades lo mismo que con la Federaci\u00f3n y con la Central Gallega de Ayuda al Frente Popular Espa\u00f1ol, destacando la importante obra desarrollada por esta \u00faltima en su misi\u00f3n de ayudar a la Espa\u00f1a leal, a cuya labor nuestra Sociedad ha contribuido siempre en forma destacada tanto en el aporte monetario como en el de hombres, pero cuya labor es necesario intensificar a\u00fan m\u00e1s.\u201d Quixen inclu\u00edr este par\u00e1grafo, que non ten que ver directamente con Mari\u00f1o, pola significaci\u00f3n de solidariedade e ideolox\u00eda mantida pola Sociedade salvaterrense.<\/p>\n\n\n\n<p>Na p\u00e1xina 18, faise alusi\u00f3n de novo a Mari\u00f1o, \u201c\u2026el representante de la Sociedad en Espa\u00f1a, camarada Manuel Mari\u00f1o M\u00e9ndez, contin\u00faa exilado en Barcelona existiendo entre \u00e9l y la Sociedad contacto por correspondencia por la cual demuestra su temple y entrega para sobrellevar en la forma que lo est\u00e1 haciendo todos los sinsabores de este amargo momento de su vida manteni\u00e9ndose optimista en cuanto al resultado final de la lucha favorable a las armas de la Rep\u00fablica. Junto con \u00e9l se hallan en Barcelona otros camaradas de Puenteareas como son Troncoso, Candeira, etc.<\/p>\n\n\n\n<p>Ou sexa que Mari\u00f1o xa se atopaba no verao do 38 en Barcelona. As\u00ed continuaba en xaneiro do 39, sab\u00e9molo por unha carta enviada o Centro Renovaci\u00f3n de Bos Aires con data 06 de xaneiro na que dic\u00edan:<\/p>\n\n\n\n<p>\u201cEstimados camaradas: Disfrutando en \u00edntima comida los manjares que nos proporciona vuestra Solidaridad y festejando a la vez la iniciaci\u00f3n del muevo a\u00f1o \u2013que ser\u00e1 el de la victoria- nos es grato enviaros un cari\u00f1oso y fraternal saludo con la promesa sincera de que, como Espa\u00f1oles y como Gallegos, sabremos mantener en todo momento el suficiente valor de esp\u00edritu para afrontar todos los obst\u00e1culos, hasta conseguir ver a nuestra querida tierra, libre de traidores y extranjeros invasores.\u201d<\/p>\n\n\n\n<p>Asinan a carta:<\/p>\n\n\n\n<p>Manuel Mari\u00f1o M\u00e9ndez, Alcalde de Salvatierra, Jos\u00e9 Troncoso Faro, Alcalde de Mondariz, Ram\u00f3n Troncoso Fern\u00e1ndez, Diputado Provincial por Puenteareas-La Ca\u00f1iza, Antonio Barbeito P\u00e9rez, Concejal del Ayuntamiento de Puenteareas e Jos\u00e9 Mar\u00eda Gonz\u00e1lez V\u00e1zquez, Comisario Pol\u00edtico y Maestro Nacional.<\/p>\n\n\n\n<p>Salvaterra de Mi\u00f1o 12 de xullo do 2024<\/p>\n\n\n\n<p>Ant\u00f3n \u201cXaque\u201d<\/p>\n\n\n\n<figure class=\"wp-block-image size-large\"><img loading=\"lazy\" decoding=\"async\" width=\"774\" height=\"1024\" src=\"https:\/\/www.anovapeneira.gal\/wp-content\/uploads\/2024\/07\/Emilio-Reijas-Pereira-774x1024.jpg\" alt=\"\" class=\"wp-image-12137\" srcset=\"https:\/\/www.anovapeneira.gal\/wp-content\/uploads\/2024\/07\/Emilio-Reijas-Pereira-774x1024.jpg 774w, https:\/\/www.anovapeneira.gal\/wp-content\/uploads\/2024\/07\/Emilio-Reijas-Pereira-227x300.jpg 227w, https:\/\/www.anovapeneira.gal\/wp-content\/uploads\/2024\/07\/Emilio-Reijas-Pereira-768x1017.jpg 768w, https:\/\/www.anovapeneira.gal\/wp-content\/uploads\/2024\/07\/Emilio-Reijas-Pereira-1160x1536.jpg 1160w, https:\/\/www.anovapeneira.gal\/wp-content\/uploads\/2024\/07\/Emilio-Reijas-Pereira-1547x2048.jpg 1547w, https:\/\/www.anovapeneira.gal\/wp-content\/uploads\/2024\/07\/Emilio-Reijas-Pereira.jpg 1594w\" sizes=\"auto, (max-width: 774px) 100vw, 774px\" \/><\/figure>\n\n\n\n<figure class=\"wp-block-image size-full\"><img loading=\"lazy\" decoding=\"async\" width=\"457\" height=\"326\" src=\"https:\/\/www.anovapeneira.gal\/wp-content\/uploads\/2024\/07\/imagen-2.png\" alt=\"\" class=\"wp-image-12135\" srcset=\"https:\/\/www.anovapeneira.gal\/wp-content\/uploads\/2024\/07\/imagen-2.png 457w, https:\/\/www.anovapeneira.gal\/wp-content\/uploads\/2024\/07\/imagen-2-300x214.png 300w\" sizes=\"auto, (max-width: 457px) 100vw, 457px\" \/><\/figure>\n\n\n\n<figure class=\"wp-block-image size-large\"><img loading=\"lazy\" decoding=\"async\" width=\"1024\" height=\"661\" src=\"https:\/\/www.anovapeneira.gal\/wp-content\/uploads\/2024\/07\/imagen-1-1024x661.png\" alt=\"\" class=\"wp-image-12134\" srcset=\"https:\/\/www.anovapeneira.gal\/wp-content\/uploads\/2024\/07\/imagen-1-1024x661.png 1024w, https:\/\/www.anovapeneira.gal\/wp-content\/uploads\/2024\/07\/imagen-1-300x194.png 300w, https:\/\/www.anovapeneira.gal\/wp-content\/uploads\/2024\/07\/imagen-1-768x495.png 768w, https:\/\/www.anovapeneira.gal\/wp-content\/uploads\/2024\/07\/imagen-1.png 1085w\" sizes=\"auto, (max-width: 1024px) 100vw, 1024px\" \/><\/figure>\n","protected":false},"excerpt":{"rendered":"<div class=\"mh-excerpt\"><p>Deix\u00e1ramos a Mari\u00f1o, xa a salvo en Tarragona, onde chegara no buque Nyassa, procedente de Lisboa, canda m\u00e1is de 1500 refuxiados republicanos <a class=\"mh-excerpt-more\" href=\"https:\/\/www.anovapeneira.gal\/index.php\/2024\/07\/26\/cousas-de-salvaterra-16\/\" title=\"Cousas de Salvaterra\">[&#8230;]<\/a><\/p>\n<\/div>","protected":false},"author":34,"featured_media":12136,"comment_status":"open","ping_status":"open","sticky":false,"template":"","format":"standard","meta":{"_exactmetrics_skip_tracking":false,"_exactmetrics_sitenote_active":false,"_exactmetrics_sitenote_note":"","_exactmetrics_sitenote_category":0,"footnotes":""},"categories":[7],"tags":[1300],"class_list":{"0":"post-12132","1":"post","2":"type-post","3":"status-publish","4":"format-standard","5":"has-post-thumbnail","7":"category-artigos-de-opinion","8":"tag-concello-de-salvaterra-de-mino"},"yoast_head":"<!-- This site is optimized with the Yoast SEO plugin v27.4 - https:\/\/yoast.com\/product\/yoast-seo-wordpress\/ -->\n<title>Cousas de Salvaterra -<\/title>\n<meta name=\"robots\" content=\"index, follow, max-snippet:-1, max-image-preview:large, max-video-preview:-1\" \/>\n<link rel=\"canonical\" href=\"https:\/\/www.anovapeneira.gal\/index.php\/2024\/07\/26\/cousas-de-salvaterra-16\/\" \/>\n<meta property=\"og:locale\" content=\"gl_ES\" \/>\n<meta property=\"og:type\" content=\"article\" \/>\n<meta property=\"og:title\" content=\"Cousas de Salvaterra -\" \/>\n<meta property=\"og:description\" content=\"Deix\u00e1ramos a Mari\u00f1o, xa a salvo en Tarragona, onde chegara no buque Nyassa, procedente de Lisboa, canda m\u00e1is de 1500 refuxiados republicanos [...]\" \/>\n<meta property=\"og:url\" content=\"https:\/\/www.anovapeneira.gal\/index.php\/2024\/07\/26\/cousas-de-salvaterra-16\/\" \/>\n<meta property=\"article:publisher\" content=\"https:\/\/www.facebook.com\/anovapeneira\" \/>\n<meta property=\"article:published_time\" content=\"2024-07-26T10:00:14+00:00\" \/>\n<meta property=\"og:image\" content=\"https:\/\/www.anovapeneira.gal\/wp-content\/uploads\/2024\/07\/emilio_rejas.png\" \/>\n\t<meta property=\"og:image:width\" content=\"720\" \/>\n\t<meta property=\"og:image:height\" content=\"432\" \/>\n\t<meta property=\"og:image:type\" content=\"image\/png\" \/>\n<meta name=\"author\" content=\"Ant\u00f3n Lorenzo Gonz\u00e1lez\" \/>\n<meta name=\"twitter:card\" content=\"summary_large_image\" \/>\n<meta name=\"twitter:image\" content=\"https:\/\/www.anovapeneira.gal\/wp-content\/uploads\/2024\/07\/emilio_rejas.png\" \/>\n<meta name=\"twitter:creator\" content=\"@APeneira\" \/>\n<meta name=\"twitter:site\" content=\"@APeneira\" \/>\n<meta name=\"twitter:label1\" content=\"Escrito por\" \/>\n\t<meta name=\"twitter:data1\" content=\"Ant\u00f3n Lorenzo Gonz\u00e1lez\" \/>\n\t<meta name=\"twitter:label2\" content=\"Tempo de lectura\" \/>\n\t<meta name=\"twitter:data2\" content=\"7 minutos\" \/>\n<script type=\"application\/ld+json\" class=\"yoast-schema-graph\">{\"@context\":\"https:\\\/\\\/schema.org\",\"@graph\":[{\"@type\":\"Article\",\"@id\":\"https:\\\/\\\/www.anovapeneira.gal\\\/index.php\\\/2024\\\/07\\\/26\\\/cousas-de-salvaterra-16\\\/#article\",\"isPartOf\":{\"@id\":\"https:\\\/\\\/www.anovapeneira.gal\\\/index.php\\\/2024\\\/07\\\/26\\\/cousas-de-salvaterra-16\\\/\"},\"author\":{\"name\":\"Ant\u00f3n Lorenzo Gonz\u00e1lez\",\"@id\":\"https:\\\/\\\/www.anovapeneira.gal\\\/#\\\/schema\\\/person\\\/1bf91cd240796d05b6522e3d8a6e2d8e\"},\"headline\":\"Cousas de Salvaterra\",\"datePublished\":\"2024-07-26T10:00:14+00:00\",\"mainEntityOfPage\":{\"@id\":\"https:\\\/\\\/www.anovapeneira.gal\\\/index.php\\\/2024\\\/07\\\/26\\\/cousas-de-salvaterra-16\\\/\"},\"wordCount\":1109,\"commentCount\":0,\"publisher\":{\"@id\":\"https:\\\/\\\/www.anovapeneira.gal\\\/#organization\"},\"image\":{\"@id\":\"https:\\\/\\\/www.anovapeneira.gal\\\/index.php\\\/2024\\\/07\\\/26\\\/cousas-de-salvaterra-16\\\/#primaryimage\"},\"thumbnailUrl\":\"https:\\\/\\\/www.anovapeneira.gal\\\/wp-content\\\/uploads\\\/2024\\\/07\\\/emilio_rejas.png\",\"keywords\":[\"Concello de Salvaterra de Mi\u00f1o\"],\"articleSection\":[\"Artigos de opini\u00f3n\"],\"inLanguage\":\"gl-ES\",\"potentialAction\":[{\"@type\":\"CommentAction\",\"name\":\"Comment\",\"target\":[\"https:\\\/\\\/www.anovapeneira.gal\\\/index.php\\\/2024\\\/07\\\/26\\\/cousas-de-salvaterra-16\\\/#respond\"]}]},{\"@type\":\"WebPage\",\"@id\":\"https:\\\/\\\/www.anovapeneira.gal\\\/index.php\\\/2024\\\/07\\\/26\\\/cousas-de-salvaterra-16\\\/\",\"url\":\"https:\\\/\\\/www.anovapeneira.gal\\\/index.php\\\/2024\\\/07\\\/26\\\/cousas-de-salvaterra-16\\\/\",\"name\":\"Cousas de Salvaterra -\",\"isPartOf\":{\"@id\":\"https:\\\/\\\/www.anovapeneira.gal\\\/#website\"},\"primaryImageOfPage\":{\"@id\":\"https:\\\/\\\/www.anovapeneira.gal\\\/index.php\\\/2024\\\/07\\\/26\\\/cousas-de-salvaterra-16\\\/#primaryimage\"},\"image\":{\"@id\":\"https:\\\/\\\/www.anovapeneira.gal\\\/index.php\\\/2024\\\/07\\\/26\\\/cousas-de-salvaterra-16\\\/#primaryimage\"},\"thumbnailUrl\":\"https:\\\/\\\/www.anovapeneira.gal\\\/wp-content\\\/uploads\\\/2024\\\/07\\\/emilio_rejas.png\",\"datePublished\":\"2024-07-26T10:00:14+00:00\",\"breadcrumb\":{\"@id\":\"https:\\\/\\\/www.anovapeneira.gal\\\/index.php\\\/2024\\\/07\\\/26\\\/cousas-de-salvaterra-16\\\/#breadcrumb\"},\"inLanguage\":\"gl-ES\",\"potentialAction\":[{\"@type\":\"ReadAction\",\"target\":[\"https:\\\/\\\/www.anovapeneira.gal\\\/index.php\\\/2024\\\/07\\\/26\\\/cousas-de-salvaterra-16\\\/\"]}]},{\"@type\":\"ImageObject\",\"inLanguage\":\"gl-ES\",\"@id\":\"https:\\\/\\\/www.anovapeneira.gal\\\/index.php\\\/2024\\\/07\\\/26\\\/cousas-de-salvaterra-16\\\/#primaryimage\",\"url\":\"https:\\\/\\\/www.anovapeneira.gal\\\/wp-content\\\/uploads\\\/2024\\\/07\\\/emilio_rejas.png\",\"contentUrl\":\"https:\\\/\\\/www.anovapeneira.gal\\\/wp-content\\\/uploads\\\/2024\\\/07\\\/emilio_rejas.png\",\"width\":720,\"height\":432,\"caption\":\"Emilio Rejas\"},{\"@type\":\"BreadcrumbList\",\"@id\":\"https:\\\/\\\/www.anovapeneira.gal\\\/index.php\\\/2024\\\/07\\\/26\\\/cousas-de-salvaterra-16\\\/#breadcrumb\",\"itemListElement\":[{\"@type\":\"ListItem\",\"position\":1,\"name\":\"Portada\",\"item\":\"https:\\\/\\\/www.anovapeneira.gal\\\/\"},{\"@type\":\"ListItem\",\"position\":2,\"name\":\"Cousas de Salvaterra\"}]},{\"@type\":\"WebSite\",\"@id\":\"https:\\\/\\\/www.anovapeneira.gal\\\/#website\",\"url\":\"https:\\\/\\\/www.anovapeneira.gal\\\/\",\"name\":\"\",\"description\":\"Xornal galego de informaci\u00f3n xeral Publicaci\u00f3n mensual de novas de Galicia e en especial dos Concellos da sur da provincia de Pontevedra.\",\"publisher\":{\"@id\":\"https:\\\/\\\/www.anovapeneira.gal\\\/#organization\"},\"potentialAction\":[{\"@type\":\"SearchAction\",\"target\":{\"@type\":\"EntryPoint\",\"urlTemplate\":\"https:\\\/\\\/www.anovapeneira.gal\\\/?s={search_term_string}\"},\"query-input\":{\"@type\":\"PropertyValueSpecification\",\"valueRequired\":true,\"valueName\":\"search_term_string\"}}],\"inLanguage\":\"gl-ES\"},{\"@type\":\"Organization\",\"@id\":\"https:\\\/\\\/www.anovapeneira.gal\\\/#organization\",\"name\":\"A Nova Peneira\",\"url\":\"https:\\\/\\\/www.anovapeneira.gal\\\/\",\"logo\":{\"@type\":\"ImageObject\",\"inLanguage\":\"gl-ES\",\"@id\":\"https:\\\/\\\/www.anovapeneira.gal\\\/#\\\/schema\\\/logo\\\/image\\\/\",\"url\":\"http:\\\/\\\/www.anovapeneira.gal\\\/wp-content\\\/uploads\\\/2019\\\/06\\\/logo_a_nova_peneira_portal_web.png\",\"contentUrl\":\"http:\\\/\\\/www.anovapeneira.gal\\\/wp-content\\\/uploads\\\/2019\\\/06\\\/logo_a_nova_peneira_portal_web.png\",\"width\":300,\"height\":100,\"caption\":\"A Nova Peneira\"},\"image\":{\"@id\":\"https:\\\/\\\/www.anovapeneira.gal\\\/#\\\/schema\\\/logo\\\/image\\\/\"},\"sameAs\":[\"https:\\\/\\\/www.facebook.com\\\/anovapeneira\",\"https:\\\/\\\/x.com\\\/APeneira\"]},{\"@type\":\"Person\",\"@id\":\"https:\\\/\\\/www.anovapeneira.gal\\\/#\\\/schema\\\/person\\\/1bf91cd240796d05b6522e3d8a6e2d8e\",\"name\":\"Ant\u00f3n Lorenzo Gonz\u00e1lez\",\"image\":{\"@type\":\"ImageObject\",\"inLanguage\":\"gl-ES\",\"@id\":\"https:\\\/\\\/secure.gravatar.com\\\/avatar\\\/dcd882e8f4338e07610336943426400d525673506eb37ce59442ba704e5cc971?s=96&d=mm&r=g\",\"url\":\"https:\\\/\\\/secure.gravatar.com\\\/avatar\\\/dcd882e8f4338e07610336943426400d525673506eb37ce59442ba704e5cc971?s=96&d=mm&r=g\",\"contentUrl\":\"https:\\\/\\\/secure.gravatar.com\\\/avatar\\\/dcd882e8f4338e07610336943426400d525673506eb37ce59442ba704e5cc971?s=96&d=mm&r=g\",\"caption\":\"Ant\u00f3n Lorenzo Gonz\u00e1lez\"},\"url\":\"https:\\\/\\\/www.anovapeneira.gal\\\/index.php\\\/author\\\/xaque\\\/\"}]}<\/script>\n<!-- \/ Yoast SEO plugin. -->","yoast_head_json":{"title":"Cousas de Salvaterra -","robots":{"index":"index","follow":"follow","max-snippet":"max-snippet:-1","max-image-preview":"max-image-preview:large","max-video-preview":"max-video-preview:-1"},"canonical":"https:\/\/www.anovapeneira.gal\/index.php\/2024\/07\/26\/cousas-de-salvaterra-16\/","og_locale":"gl_ES","og_type":"article","og_title":"Cousas de Salvaterra -","og_description":"Deix\u00e1ramos a Mari\u00f1o, xa a salvo en Tarragona, onde chegara no buque Nyassa, procedente de Lisboa, canda m\u00e1is de 1500 refuxiados republicanos [...]","og_url":"https:\/\/www.anovapeneira.gal\/index.php\/2024\/07\/26\/cousas-de-salvaterra-16\/","article_publisher":"https:\/\/www.facebook.com\/anovapeneira","article_published_time":"2024-07-26T10:00:14+00:00","og_image":[{"width":720,"height":432,"url":"https:\/\/www.anovapeneira.gal\/wp-content\/uploads\/2024\/07\/emilio_rejas.png","type":"image\/png"}],"author":"Ant\u00f3n Lorenzo Gonz\u00e1lez","twitter_card":"summary_large_image","twitter_image":"https:\/\/www.anovapeneira.gal\/wp-content\/uploads\/2024\/07\/emilio_rejas.png","twitter_creator":"@APeneira","twitter_site":"@APeneira","twitter_misc":{"Escrito por":"Ant\u00f3n Lorenzo Gonz\u00e1lez","Tempo de lectura":"7 minutos"},"schema":{"@context":"https:\/\/schema.org","@graph":[{"@type":"Article","@id":"https:\/\/www.anovapeneira.gal\/index.php\/2024\/07\/26\/cousas-de-salvaterra-16\/#article","isPartOf":{"@id":"https:\/\/www.anovapeneira.gal\/index.php\/2024\/07\/26\/cousas-de-salvaterra-16\/"},"author":{"name":"Ant\u00f3n Lorenzo Gonz\u00e1lez","@id":"https:\/\/www.anovapeneira.gal\/#\/schema\/person\/1bf91cd240796d05b6522e3d8a6e2d8e"},"headline":"Cousas de Salvaterra","datePublished":"2024-07-26T10:00:14+00:00","mainEntityOfPage":{"@id":"https:\/\/www.anovapeneira.gal\/index.php\/2024\/07\/26\/cousas-de-salvaterra-16\/"},"wordCount":1109,"commentCount":0,"publisher":{"@id":"https:\/\/www.anovapeneira.gal\/#organization"},"image":{"@id":"https:\/\/www.anovapeneira.gal\/index.php\/2024\/07\/26\/cousas-de-salvaterra-16\/#primaryimage"},"thumbnailUrl":"https:\/\/www.anovapeneira.gal\/wp-content\/uploads\/2024\/07\/emilio_rejas.png","keywords":["Concello de Salvaterra de Mi\u00f1o"],"articleSection":["Artigos de opini\u00f3n"],"inLanguage":"gl-ES","potentialAction":[{"@type":"CommentAction","name":"Comment","target":["https:\/\/www.anovapeneira.gal\/index.php\/2024\/07\/26\/cousas-de-salvaterra-16\/#respond"]}]},{"@type":"WebPage","@id":"https:\/\/www.anovapeneira.gal\/index.php\/2024\/07\/26\/cousas-de-salvaterra-16\/","url":"https:\/\/www.anovapeneira.gal\/index.php\/2024\/07\/26\/cousas-de-salvaterra-16\/","name":"Cousas de Salvaterra -","isPartOf":{"@id":"https:\/\/www.anovapeneira.gal\/#website"},"primaryImageOfPage":{"@id":"https:\/\/www.anovapeneira.gal\/index.php\/2024\/07\/26\/cousas-de-salvaterra-16\/#primaryimage"},"image":{"@id":"https:\/\/www.anovapeneira.gal\/index.php\/2024\/07\/26\/cousas-de-salvaterra-16\/#primaryimage"},"thumbnailUrl":"https:\/\/www.anovapeneira.gal\/wp-content\/uploads\/2024\/07\/emilio_rejas.png","datePublished":"2024-07-26T10:00:14+00:00","breadcrumb":{"@id":"https:\/\/www.anovapeneira.gal\/index.php\/2024\/07\/26\/cousas-de-salvaterra-16\/#breadcrumb"},"inLanguage":"gl-ES","potentialAction":[{"@type":"ReadAction","target":["https:\/\/www.anovapeneira.gal\/index.php\/2024\/07\/26\/cousas-de-salvaterra-16\/"]}]},{"@type":"ImageObject","inLanguage":"gl-ES","@id":"https:\/\/www.anovapeneira.gal\/index.php\/2024\/07\/26\/cousas-de-salvaterra-16\/#primaryimage","url":"https:\/\/www.anovapeneira.gal\/wp-content\/uploads\/2024\/07\/emilio_rejas.png","contentUrl":"https:\/\/www.anovapeneira.gal\/wp-content\/uploads\/2024\/07\/emilio_rejas.png","width":720,"height":432,"caption":"Emilio Rejas"},{"@type":"BreadcrumbList","@id":"https:\/\/www.anovapeneira.gal\/index.php\/2024\/07\/26\/cousas-de-salvaterra-16\/#breadcrumb","itemListElement":[{"@type":"ListItem","position":1,"name":"Portada","item":"https:\/\/www.anovapeneira.gal\/"},{"@type":"ListItem","position":2,"name":"Cousas de Salvaterra"}]},{"@type":"WebSite","@id":"https:\/\/www.anovapeneira.gal\/#website","url":"https:\/\/www.anovapeneira.gal\/","name":"","description":"Xornal galego de informaci\u00f3n xeral Publicaci\u00f3n mensual de novas de Galicia e en especial dos Concellos da sur da provincia de Pontevedra.","publisher":{"@id":"https:\/\/www.anovapeneira.gal\/#organization"},"potentialAction":[{"@type":"SearchAction","target":{"@type":"EntryPoint","urlTemplate":"https:\/\/www.anovapeneira.gal\/?s={search_term_string}"},"query-input":{"@type":"PropertyValueSpecification","valueRequired":true,"valueName":"search_term_string"}}],"inLanguage":"gl-ES"},{"@type":"Organization","@id":"https:\/\/www.anovapeneira.gal\/#organization","name":"A Nova Peneira","url":"https:\/\/www.anovapeneira.gal\/","logo":{"@type":"ImageObject","inLanguage":"gl-ES","@id":"https:\/\/www.anovapeneira.gal\/#\/schema\/logo\/image\/","url":"http:\/\/www.anovapeneira.gal\/wp-content\/uploads\/2019\/06\/logo_a_nova_peneira_portal_web.png","contentUrl":"http:\/\/www.anovapeneira.gal\/wp-content\/uploads\/2019\/06\/logo_a_nova_peneira_portal_web.png","width":300,"height":100,"caption":"A Nova Peneira"},"image":{"@id":"https:\/\/www.anovapeneira.gal\/#\/schema\/logo\/image\/"},"sameAs":["https:\/\/www.facebook.com\/anovapeneira","https:\/\/x.com\/APeneira"]},{"@type":"Person","@id":"https:\/\/www.anovapeneira.gal\/#\/schema\/person\/1bf91cd240796d05b6522e3d8a6e2d8e","name":"Ant\u00f3n Lorenzo Gonz\u00e1lez","image":{"@type":"ImageObject","inLanguage":"gl-ES","@id":"https:\/\/secure.gravatar.com\/avatar\/dcd882e8f4338e07610336943426400d525673506eb37ce59442ba704e5cc971?s=96&d=mm&r=g","url":"https:\/\/secure.gravatar.com\/avatar\/dcd882e8f4338e07610336943426400d525673506eb37ce59442ba704e5cc971?s=96&d=mm&r=g","contentUrl":"https:\/\/secure.gravatar.com\/avatar\/dcd882e8f4338e07610336943426400d525673506eb37ce59442ba704e5cc971?s=96&d=mm&r=g","caption":"Ant\u00f3n Lorenzo Gonz\u00e1lez"},"url":"https:\/\/www.anovapeneira.gal\/index.php\/author\/xaque\/"}]}},"jetpack_featured_media_url":"https:\/\/www.anovapeneira.gal\/wp-content\/uploads\/2024\/07\/emilio_rejas.png","_links":{"self":[{"href":"https:\/\/www.anovapeneira.gal\/index.php\/wp-json\/wp\/v2\/posts\/12132","targetHints":{"allow":["GET"]}}],"collection":[{"href":"https:\/\/www.anovapeneira.gal\/index.php\/wp-json\/wp\/v2\/posts"}],"about":[{"href":"https:\/\/www.anovapeneira.gal\/index.php\/wp-json\/wp\/v2\/types\/post"}],"author":[{"embeddable":true,"href":"https:\/\/www.anovapeneira.gal\/index.php\/wp-json\/wp\/v2\/users\/34"}],"replies":[{"embeddable":true,"href":"https:\/\/www.anovapeneira.gal\/index.php\/wp-json\/wp\/v2\/comments?post=12132"}],"version-history":[{"count":1,"href":"https:\/\/www.anovapeneira.gal\/index.php\/wp-json\/wp\/v2\/posts\/12132\/revisions"}],"predecessor-version":[{"id":12138,"href":"https:\/\/www.anovapeneira.gal\/index.php\/wp-json\/wp\/v2\/posts\/12132\/revisions\/12138"}],"wp:featuredmedia":[{"embeddable":true,"href":"https:\/\/www.anovapeneira.gal\/index.php\/wp-json\/wp\/v2\/media\/12136"}],"wp:attachment":[{"href":"https:\/\/www.anovapeneira.gal\/index.php\/wp-json\/wp\/v2\/media?parent=12132"}],"wp:term":[{"taxonomy":"category","embeddable":true,"href":"https:\/\/www.anovapeneira.gal\/index.php\/wp-json\/wp\/v2\/categories?post=12132"},{"taxonomy":"post_tag","embeddable":true,"href":"https:\/\/www.anovapeneira.gal\/index.php\/wp-json\/wp\/v2\/tags?post=12132"}],"curies":[{"name":"wp","href":"https:\/\/api.w.org\/{rel}","templated":true}]}}