{"id":12145,"date":"2024-07-30T10:00:33","date_gmt":"2024-07-30T08:00:33","guid":{"rendered":"https:\/\/www.anovapeneira.gal\/?p=12145"},"modified":"2024-07-22T19:44:00","modified_gmt":"2024-07-22T17:44:00","slug":"o-ensino-debe-quedar-fora-da-politica-da-foto","status":"publish","type":"post","link":"https:\/\/www.anovapeneira.gal\/index.php\/2024\/07\/30\/o-ensino-debe-quedar-fora-da-politica-da-foto\/","title":{"rendered":"O ensino debe quedar f\u00f3ra da pol\u00edtica da foto"},"content":{"rendered":"\n<pre class=\"wp-block-verse\">Soraya Dom\u00ednguez Portela<br>Docente de ensino secundario<br>Membro do Consello Local do BNG do Porri\u00f1o<br><\/pre>\n\n\n\n<p>Os resultados electorais de Inglaterra e de Francia m\u00f3strannos que est\u00e1n chegando novos aires na pol\u00edtica internacional. Son novos aires produto da evidencia de que o populismo simplista non \u00e9 un bo goberno. Palabras sen contido, formas desp\u00f3ticas ba\u00f1adas de autoridade e fotos e m\u00e1is fotos sen l\u00edmite non son sin\u00f3nimo de rexer con criterio.<\/p>\n\n\n\n<p>Como contraste co dito, no Porri\u00f1o estamos a vivir un momento no que a imaxe parece querer ocupar o lugar da xesti\u00f3n. Cada d\u00eda ergu\u00e9monos con Alejandro Lorenzo nunha nova foto, te\u00f1a a ver o tema que se est\u00e1 a presentar con unha acci\u00f3n de goberno ou non a te\u00f1a. Nesa febre da imaxe colocou como un dos seus centros de atenci\u00f3n o sistema educativo.<\/p>\n\n\n\n<p>A formaci\u00f3n dunha ou dun rapaz \u00e9 o resultado do compendio da suma de moitas forzas para conseguir ese fin. En primeiro lugar, est\u00e1 o esforzo da ou do estudante; logo est\u00e1 o traballo dos distintos equipos docentes de cada un dos seus anos lectivos, que sempre est\u00e1n para buscar aquelas alternativas ou li\u00f1as que mellor poidan axudar, de forma individualizada, a cada unha das e dos estudantes. E, finalmente, o crucial acompa\u00f1amento e axuda da familia. Por iso, tentar simplificar todo isto nunha foto, ademais, interesada e as\u00ed apropiarse, dalgunha maneira, dese esforzo \u00e9 unha actitude, cando menos, reprobable.<\/p>\n\n\n\n<p>Ultimamente, vimos como Alejandro Lorenzo levaba \u00f3 despacho da Alcald\u00eda a diferentes estudantes que conseguiran alg\u00fan tipo de logro, segundo o seu criterio. O primeiro dos casos tivo como raz\u00f3n de escolla unha cuesti\u00f3n racial: presentou un mozo como o primeiro estudante cigano que alcanzaba a formaci\u00f3n profesional no noso concello. Segundo se nos indica no texto de acompa\u00f1amento da imaxe, este estudante est\u00e1 no primeiro curso de FPB\u00e1sica. Esta \u00e9 unha li\u00f1a formativa para a obtenci\u00f3n da ESO que consta de dous anos lectivos. Of\u00e9rtase a aqueles ou aquelas rapazas que as\u00ed o desexen e que te\u00f1an o consello do equipo docente para facelo, pois consideraron que \u00e9 a mellor opci\u00f3n para o seu caso. Como est\u00e1 no primeiro curso de dous, a\u00ednda non rematou esta formaci\u00f3n, polo que non se entende a urxencia desta foto. Tampouco se xustifica porque signifique un fito dentro da s\u00faa comunidade. Antes de que chegase Alejandro Lorenzo \u00e1 alcald\u00eda, unha estudante cigana do mesmo centro educativo obtivo o t\u00edtulo da ESO e ningu\u00e9n lle fixo unha foto para expola de ningunha maneira innecesaria.<\/p>\n\n\n\n<p>Na seguinte foto aparece unha moza polos seus resultados na ABAU. \u00c9 porri\u00f1esa, mais non estuda no Porri\u00f1o. \u00c9, por engadido, filla dun membro do equipo de goberno de Alejandro Lorenzo, o que espero que non regulase a s\u00faa escolla. En contrapartida, neste curso acad\u00e9mico, cinco mozas e mozos estudantes dos centros do Porri\u00f1o recibiron o reco\u00f1ecemento como excelentes no acto oficial que a Conseller\u00eda de Educaci\u00f3n denomina MEGABAU. Al\u00ed van aquelas rapazas e rapaces que obtiveron unha cualificaci\u00f3n sobresaliente no bacharelato e na ABAU. Tres destas persoas estudaron no IES Ribeira do Louro e d\u00faas, no IES Pino Manso, os dous centros de secundaria non obrigatoria do Porri\u00f1o. Este reco\u00f1ecemento oficial non \u00e9 suficiente para ser as e os escollidos para a foto? Esa foto ten alg\u00fan sentido? Se o que desexa o alcalde \u00e9 ter unha imaxe compartida coas e cos estudantes excelentes, teno moi f\u00e1cil: o modelo xa est\u00e1 inventado. En diferentes concellos da nosa contorna, estes e estas alumnas reciben unha bolsa de viaxe \u00f3 estranxeiro para perfeccionar un idioma. \u00c9 un exemplo.<\/p>\n\n\n\n<p>A obtenci\u00f3n do t\u00edtulo da ESA na aula da UNED do noso concello nun tempo breve de preparaci\u00f3n tam\u00e9n foi criterio para unha nova foto. No IES Ribeira do Louro l\u00e9vase anos e anos formando persoas adultas para a obtenci\u00f3n deste t\u00edtulo. Ata este curso, nese instituto desenvolv\u00edanse tam\u00e9n as probas por acceso libre para a obtenci\u00f3n do t\u00edtulo da ESO, \u00e9 dicir, sen necesidade de asistencia a aulas regulares. En cada un deses anos lectivos, inclu\u00eddo o actual, alcanzaron esa titulaci\u00f3n moitos e moitas fose v\u00eda cursando a formaci\u00f3n presencial, fose present\u00e1ndose \u00e1s probas libres. Por que este caso merece unha foto? \u00c9 unha forma de desprestixiar unha formaci\u00f3n e un centro que se creou no noso concello hai m\u00e1is de 30 anos e que suma premios e reco\u00f1ecementos constantes \u00f3 igual que todo o sistema p\u00fablico de ensino?<\/p>\n\n\n\n<p>Se a xustificaci\u00f3n destas fotos (e doutras que vir\u00e1n) est\u00e1 en facerlles un reco\u00f1ecemento p\u00fablico \u00f3s \u00e9xitos persoais destas alumnas e alumnos, debemos recordarlle que, sexa cal for o criterio de escolla, vai ser sempre dif\u00edcil de soster como un par\u00e1metro obxectivo. Hai numerosas mostras de excelencia que lle quedaron f\u00f3ra da s\u00faa atenci\u00f3n; por exemplo, neste curso acad\u00e9mico hai tam\u00e9n presenza porri\u00f1esa, por ser o seu lugar de residencia e tam\u00e9n de estudos, dentro do grupo de adolescentes que gozar\u00e1n das bolsas de Amancio Ortega para realizar un curso de bacharelato nos Estados Unidos de Am\u00e9rica. Pero a excelencia non o \u00e9 todo.<\/p>\n\n\n\n<p>Para moitas persoas, obter un t\u00edtulo, sen alcanzar a referida excelencia acad\u00e9mica, \u00e9 un grande obxectivo e merecer\u00eda mil fotos ent\u00f3n. Superar un contexto familiar complexo, problemas de sa\u00fade, situaci\u00f3ns de inestabilidade emocional, dificultades cognitivas ou mil e un condicionantes \u00e9 sempre, de <em>per se<\/em>, un logro excelso. Detr\u00e1s de boas notas sempre hai esforzo; \u00e9 innegable. Pero, \u00e1s veces, detr\u00e1s dun aprobado, detr\u00e1s de un conseguir vir todos os d\u00edas \u00e1s aulas, de non renderse ou deixarse levar pola desidia ou a desmoralizaci\u00f3n \u00e9 un esforzo maior; \u00e9 un esforzo tit\u00e1nico.<\/p>\n\n\n\n<p>O sistema educativo \u00e9 moito m\u00e1is complexo do que pode parecer dende f\u00f3ra, dende un ollar externo. A sociedade debe tentar axudar e colaborar, pero sen querer levar protagonismo (ou coprotagonismo) ning\u00fan. O ollar debe estar sempre posto nas e nos estudantes e nelas e neles debe quedar.<\/p>\n","protected":false},"excerpt":{"rendered":"<div class=\"mh-excerpt\"><p>Os resultados electorais de Inglaterra e de Francia m\u00f3strannos que est\u00e1n chegando novos aires na pol\u00edtica internacional <a class=\"mh-excerpt-more\" href=\"https:\/\/www.anovapeneira.gal\/index.php\/2024\/07\/30\/o-ensino-debe-quedar-fora-da-politica-da-foto\/\" title=\"O ensino debe quedar f\u00f3ra da pol\u00edtica da foto\">[&#8230;]<\/a><\/p>\n<\/div>","protected":false},"author":12,"featured_media":12146,"comment_status":"open","ping_status":"open","sticky":false,"template":"","format":"standard","meta":{"_exactmetrics_skip_tracking":false,"_exactmetrics_sitenote_active":false,"_exactmetrics_sitenote_note":"","_exactmetrics_sitenote_category":0,"footnotes":""},"categories":[7],"tags":[411],"class_list":{"0":"post-12145","1":"post","2":"type-post","3":"status-publish","4":"format-standard","5":"has-post-thumbnail","7":"category-artigos-de-opinion","8":"tag-concello-do-porrino"},"yoast_head":"<!-- This site is optimized with the Yoast SEO plugin v27.4 - https:\/\/yoast.com\/product\/yoast-seo-wordpress\/ -->\n<title>O ensino debe quedar f\u00f3ra da pol\u00edtica da foto -<\/title>\n<meta name=\"robots\" content=\"index, follow, max-snippet:-1, max-image-preview:large, max-video-preview:-1\" \/>\n<link rel=\"canonical\" href=\"https:\/\/www.anovapeneira.gal\/index.php\/2024\/07\/30\/o-ensino-debe-quedar-fora-da-politica-da-foto\/\" \/>\n<meta property=\"og:locale\" content=\"gl_ES\" \/>\n<meta property=\"og:type\" content=\"article\" \/>\n<meta property=\"og:title\" content=\"O ensino debe quedar f\u00f3ra da pol\u00edtica da foto -\" \/>\n<meta property=\"og:description\" content=\"Os resultados electorais de Inglaterra e de Francia m\u00f3strannos que est\u00e1n chegando novos aires na pol\u00edtica internacional [...]\" \/>\n<meta property=\"og:url\" content=\"https:\/\/www.anovapeneira.gal\/index.php\/2024\/07\/30\/o-ensino-debe-quedar-fora-da-politica-da-foto\/\" \/>\n<meta property=\"article:publisher\" content=\"https:\/\/www.facebook.com\/anovapeneira\" \/>\n<meta property=\"article:published_time\" content=\"2024-07-30T08:00:33+00:00\" \/>\n<meta property=\"og:image\" content=\"https:\/\/www.anovapeneira.gal\/wp-content\/uploads\/2024\/07\/soraya_dominguez_portela.png\" \/>\n\t<meta property=\"og:image:width\" content=\"720\" \/>\n\t<meta property=\"og:image:height\" content=\"432\" \/>\n\t<meta property=\"og:image:type\" content=\"image\/png\" \/>\n<meta name=\"author\" content=\"Artigos Opini\u00f3n\" \/>\n<meta name=\"twitter:card\" content=\"summary_large_image\" \/>\n<meta name=\"twitter:creator\" content=\"@APeneira\" \/>\n<meta name=\"twitter:site\" content=\"@APeneira\" \/>\n<meta name=\"twitter:label1\" content=\"Escrito por\" \/>\n\t<meta name=\"twitter:data1\" content=\"Artigos Opini\u00f3n\" \/>\n\t<meta name=\"twitter:label2\" content=\"Tempo de lectura\" \/>\n\t<meta name=\"twitter:data2\" content=\"6 minutos\" \/>\n<script type=\"application\/ld+json\" class=\"yoast-schema-graph\">{\"@context\":\"https:\\\/\\\/schema.org\",\"@graph\":[{\"@type\":\"Article\",\"@id\":\"https:\\\/\\\/www.anovapeneira.gal\\\/index.php\\\/2024\\\/07\\\/30\\\/o-ensino-debe-quedar-fora-da-politica-da-foto\\\/#article\",\"isPartOf\":{\"@id\":\"https:\\\/\\\/www.anovapeneira.gal\\\/index.php\\\/2024\\\/07\\\/30\\\/o-ensino-debe-quedar-fora-da-politica-da-foto\\\/\"},\"author\":{\"name\":\"Artigos Opini\u00f3n\",\"@id\":\"https:\\\/\\\/www.anovapeneira.gal\\\/#\\\/schema\\\/person\\\/f18a4feb302e8f20bcef4490b5b60bb3\"},\"headline\":\"O ensino debe quedar f\u00f3ra da pol\u00edtica da foto\",\"datePublished\":\"2024-07-30T08:00:33+00:00\",\"mainEntityOfPage\":{\"@id\":\"https:\\\/\\\/www.anovapeneira.gal\\\/index.php\\\/2024\\\/07\\\/30\\\/o-ensino-debe-quedar-fora-da-politica-da-foto\\\/\"},\"wordCount\":1050,\"commentCount\":0,\"publisher\":{\"@id\":\"https:\\\/\\\/www.anovapeneira.gal\\\/#organization\"},\"image\":{\"@id\":\"https:\\\/\\\/www.anovapeneira.gal\\\/index.php\\\/2024\\\/07\\\/30\\\/o-ensino-debe-quedar-fora-da-politica-da-foto\\\/#primaryimage\"},\"thumbnailUrl\":\"https:\\\/\\\/www.anovapeneira.gal\\\/wp-content\\\/uploads\\\/2024\\\/07\\\/soraya_dominguez_portela.png\",\"keywords\":[\"Concello do Porri\u00f1o\"],\"articleSection\":[\"Artigos de opini\u00f3n\"],\"inLanguage\":\"gl-ES\",\"potentialAction\":[{\"@type\":\"CommentAction\",\"name\":\"Comment\",\"target\":[\"https:\\\/\\\/www.anovapeneira.gal\\\/index.php\\\/2024\\\/07\\\/30\\\/o-ensino-debe-quedar-fora-da-politica-da-foto\\\/#respond\"]}]},{\"@type\":\"WebPage\",\"@id\":\"https:\\\/\\\/www.anovapeneira.gal\\\/index.php\\\/2024\\\/07\\\/30\\\/o-ensino-debe-quedar-fora-da-politica-da-foto\\\/\",\"url\":\"https:\\\/\\\/www.anovapeneira.gal\\\/index.php\\\/2024\\\/07\\\/30\\\/o-ensino-debe-quedar-fora-da-politica-da-foto\\\/\",\"name\":\"O ensino debe quedar f\u00f3ra da pol\u00edtica da foto -\",\"isPartOf\":{\"@id\":\"https:\\\/\\\/www.anovapeneira.gal\\\/#website\"},\"primaryImageOfPage\":{\"@id\":\"https:\\\/\\\/www.anovapeneira.gal\\\/index.php\\\/2024\\\/07\\\/30\\\/o-ensino-debe-quedar-fora-da-politica-da-foto\\\/#primaryimage\"},\"image\":{\"@id\":\"https:\\\/\\\/www.anovapeneira.gal\\\/index.php\\\/2024\\\/07\\\/30\\\/o-ensino-debe-quedar-fora-da-politica-da-foto\\\/#primaryimage\"},\"thumbnailUrl\":\"https:\\\/\\\/www.anovapeneira.gal\\\/wp-content\\\/uploads\\\/2024\\\/07\\\/soraya_dominguez_portela.png\",\"datePublished\":\"2024-07-30T08:00:33+00:00\",\"breadcrumb\":{\"@id\":\"https:\\\/\\\/www.anovapeneira.gal\\\/index.php\\\/2024\\\/07\\\/30\\\/o-ensino-debe-quedar-fora-da-politica-da-foto\\\/#breadcrumb\"},\"inLanguage\":\"gl-ES\",\"potentialAction\":[{\"@type\":\"ReadAction\",\"target\":[\"https:\\\/\\\/www.anovapeneira.gal\\\/index.php\\\/2024\\\/07\\\/30\\\/o-ensino-debe-quedar-fora-da-politica-da-foto\\\/\"]}]},{\"@type\":\"ImageObject\",\"inLanguage\":\"gl-ES\",\"@id\":\"https:\\\/\\\/www.anovapeneira.gal\\\/index.php\\\/2024\\\/07\\\/30\\\/o-ensino-debe-quedar-fora-da-politica-da-foto\\\/#primaryimage\",\"url\":\"https:\\\/\\\/www.anovapeneira.gal\\\/wp-content\\\/uploads\\\/2024\\\/07\\\/soraya_dominguez_portela.png\",\"contentUrl\":\"https:\\\/\\\/www.anovapeneira.gal\\\/wp-content\\\/uploads\\\/2024\\\/07\\\/soraya_dominguez_portela.png\",\"width\":720,\"height\":432,\"caption\":\"Soraya Dom\u00ednguez Portela\"},{\"@type\":\"BreadcrumbList\",\"@id\":\"https:\\\/\\\/www.anovapeneira.gal\\\/index.php\\\/2024\\\/07\\\/30\\\/o-ensino-debe-quedar-fora-da-politica-da-foto\\\/#breadcrumb\",\"itemListElement\":[{\"@type\":\"ListItem\",\"position\":1,\"name\":\"Portada\",\"item\":\"https:\\\/\\\/www.anovapeneira.gal\\\/\"},{\"@type\":\"ListItem\",\"position\":2,\"name\":\"O ensino debe quedar f\u00f3ra da pol\u00edtica da foto\"}]},{\"@type\":\"WebSite\",\"@id\":\"https:\\\/\\\/www.anovapeneira.gal\\\/#website\",\"url\":\"https:\\\/\\\/www.anovapeneira.gal\\\/\",\"name\":\"\",\"description\":\"Xornal galego de informaci\u00f3n xeral Publicaci\u00f3n mensual de novas de Galicia e en especial dos Concellos da sur da provincia de Pontevedra.\",\"publisher\":{\"@id\":\"https:\\\/\\\/www.anovapeneira.gal\\\/#organization\"},\"potentialAction\":[{\"@type\":\"SearchAction\",\"target\":{\"@type\":\"EntryPoint\",\"urlTemplate\":\"https:\\\/\\\/www.anovapeneira.gal\\\/?s={search_term_string}\"},\"query-input\":{\"@type\":\"PropertyValueSpecification\",\"valueRequired\":true,\"valueName\":\"search_term_string\"}}],\"inLanguage\":\"gl-ES\"},{\"@type\":\"Organization\",\"@id\":\"https:\\\/\\\/www.anovapeneira.gal\\\/#organization\",\"name\":\"A Nova Peneira\",\"url\":\"https:\\\/\\\/www.anovapeneira.gal\\\/\",\"logo\":{\"@type\":\"ImageObject\",\"inLanguage\":\"gl-ES\",\"@id\":\"https:\\\/\\\/www.anovapeneira.gal\\\/#\\\/schema\\\/logo\\\/image\\\/\",\"url\":\"http:\\\/\\\/www.anovapeneira.gal\\\/wp-content\\\/uploads\\\/2019\\\/06\\\/logo_a_nova_peneira_portal_web.png\",\"contentUrl\":\"http:\\\/\\\/www.anovapeneira.gal\\\/wp-content\\\/uploads\\\/2019\\\/06\\\/logo_a_nova_peneira_portal_web.png\",\"width\":300,\"height\":100,\"caption\":\"A Nova Peneira\"},\"image\":{\"@id\":\"https:\\\/\\\/www.anovapeneira.gal\\\/#\\\/schema\\\/logo\\\/image\\\/\"},\"sameAs\":[\"https:\\\/\\\/www.facebook.com\\\/anovapeneira\",\"https:\\\/\\\/x.com\\\/APeneira\"]},{\"@type\":\"Person\",\"@id\":\"https:\\\/\\\/www.anovapeneira.gal\\\/#\\\/schema\\\/person\\\/f18a4feb302e8f20bcef4490b5b60bb3\",\"name\":\"Artigos Opini\u00f3n\",\"image\":{\"@type\":\"ImageObject\",\"inLanguage\":\"gl-ES\",\"@id\":\"https:\\\/\\\/secure.gravatar.com\\\/avatar\\\/072844300f4881150aee2da4278f7a65d16eefdf8262eb67085f1e702de2b959?s=96&d=mm&r=g\",\"url\":\"https:\\\/\\\/secure.gravatar.com\\\/avatar\\\/072844300f4881150aee2da4278f7a65d16eefdf8262eb67085f1e702de2b959?s=96&d=mm&r=g\",\"contentUrl\":\"https:\\\/\\\/secure.gravatar.com\\\/avatar\\\/072844300f4881150aee2da4278f7a65d16eefdf8262eb67085f1e702de2b959?s=96&d=mm&r=g\",\"caption\":\"Artigos Opini\u00f3n\"},\"sameAs\":[\"http:\\\/\\\/anovapeneira.gal\"],\"url\":\"https:\\\/\\\/www.anovapeneira.gal\\\/index.php\\\/author\\\/artigosopinion\\\/\"}]}<\/script>\n<!-- \/ Yoast SEO plugin. -->","yoast_head_json":{"title":"O ensino debe quedar f\u00f3ra da pol\u00edtica da foto -","robots":{"index":"index","follow":"follow","max-snippet":"max-snippet:-1","max-image-preview":"max-image-preview:large","max-video-preview":"max-video-preview:-1"},"canonical":"https:\/\/www.anovapeneira.gal\/index.php\/2024\/07\/30\/o-ensino-debe-quedar-fora-da-politica-da-foto\/","og_locale":"gl_ES","og_type":"article","og_title":"O ensino debe quedar f\u00f3ra da pol\u00edtica da foto -","og_description":"Os resultados electorais de Inglaterra e de Francia m\u00f3strannos que est\u00e1n chegando novos aires na pol\u00edtica internacional [...]","og_url":"https:\/\/www.anovapeneira.gal\/index.php\/2024\/07\/30\/o-ensino-debe-quedar-fora-da-politica-da-foto\/","article_publisher":"https:\/\/www.facebook.com\/anovapeneira","article_published_time":"2024-07-30T08:00:33+00:00","og_image":[{"width":720,"height":432,"url":"https:\/\/www.anovapeneira.gal\/wp-content\/uploads\/2024\/07\/soraya_dominguez_portela.png","type":"image\/png"}],"author":"Artigos Opini\u00f3n","twitter_card":"summary_large_image","twitter_creator":"@APeneira","twitter_site":"@APeneira","twitter_misc":{"Escrito por":"Artigos Opini\u00f3n","Tempo de lectura":"6 minutos"},"schema":{"@context":"https:\/\/schema.org","@graph":[{"@type":"Article","@id":"https:\/\/www.anovapeneira.gal\/index.php\/2024\/07\/30\/o-ensino-debe-quedar-fora-da-politica-da-foto\/#article","isPartOf":{"@id":"https:\/\/www.anovapeneira.gal\/index.php\/2024\/07\/30\/o-ensino-debe-quedar-fora-da-politica-da-foto\/"},"author":{"name":"Artigos Opini\u00f3n","@id":"https:\/\/www.anovapeneira.gal\/#\/schema\/person\/f18a4feb302e8f20bcef4490b5b60bb3"},"headline":"O ensino debe quedar f\u00f3ra da pol\u00edtica da foto","datePublished":"2024-07-30T08:00:33+00:00","mainEntityOfPage":{"@id":"https:\/\/www.anovapeneira.gal\/index.php\/2024\/07\/30\/o-ensino-debe-quedar-fora-da-politica-da-foto\/"},"wordCount":1050,"commentCount":0,"publisher":{"@id":"https:\/\/www.anovapeneira.gal\/#organization"},"image":{"@id":"https:\/\/www.anovapeneira.gal\/index.php\/2024\/07\/30\/o-ensino-debe-quedar-fora-da-politica-da-foto\/#primaryimage"},"thumbnailUrl":"https:\/\/www.anovapeneira.gal\/wp-content\/uploads\/2024\/07\/soraya_dominguez_portela.png","keywords":["Concello do Porri\u00f1o"],"articleSection":["Artigos de opini\u00f3n"],"inLanguage":"gl-ES","potentialAction":[{"@type":"CommentAction","name":"Comment","target":["https:\/\/www.anovapeneira.gal\/index.php\/2024\/07\/30\/o-ensino-debe-quedar-fora-da-politica-da-foto\/#respond"]}]},{"@type":"WebPage","@id":"https:\/\/www.anovapeneira.gal\/index.php\/2024\/07\/30\/o-ensino-debe-quedar-fora-da-politica-da-foto\/","url":"https:\/\/www.anovapeneira.gal\/index.php\/2024\/07\/30\/o-ensino-debe-quedar-fora-da-politica-da-foto\/","name":"O ensino debe quedar f\u00f3ra da pol\u00edtica da foto -","isPartOf":{"@id":"https:\/\/www.anovapeneira.gal\/#website"},"primaryImageOfPage":{"@id":"https:\/\/www.anovapeneira.gal\/index.php\/2024\/07\/30\/o-ensino-debe-quedar-fora-da-politica-da-foto\/#primaryimage"},"image":{"@id":"https:\/\/www.anovapeneira.gal\/index.php\/2024\/07\/30\/o-ensino-debe-quedar-fora-da-politica-da-foto\/#primaryimage"},"thumbnailUrl":"https:\/\/www.anovapeneira.gal\/wp-content\/uploads\/2024\/07\/soraya_dominguez_portela.png","datePublished":"2024-07-30T08:00:33+00:00","breadcrumb":{"@id":"https:\/\/www.anovapeneira.gal\/index.php\/2024\/07\/30\/o-ensino-debe-quedar-fora-da-politica-da-foto\/#breadcrumb"},"inLanguage":"gl-ES","potentialAction":[{"@type":"ReadAction","target":["https:\/\/www.anovapeneira.gal\/index.php\/2024\/07\/30\/o-ensino-debe-quedar-fora-da-politica-da-foto\/"]}]},{"@type":"ImageObject","inLanguage":"gl-ES","@id":"https:\/\/www.anovapeneira.gal\/index.php\/2024\/07\/30\/o-ensino-debe-quedar-fora-da-politica-da-foto\/#primaryimage","url":"https:\/\/www.anovapeneira.gal\/wp-content\/uploads\/2024\/07\/soraya_dominguez_portela.png","contentUrl":"https:\/\/www.anovapeneira.gal\/wp-content\/uploads\/2024\/07\/soraya_dominguez_portela.png","width":720,"height":432,"caption":"Soraya Dom\u00ednguez Portela"},{"@type":"BreadcrumbList","@id":"https:\/\/www.anovapeneira.gal\/index.php\/2024\/07\/30\/o-ensino-debe-quedar-fora-da-politica-da-foto\/#breadcrumb","itemListElement":[{"@type":"ListItem","position":1,"name":"Portada","item":"https:\/\/www.anovapeneira.gal\/"},{"@type":"ListItem","position":2,"name":"O ensino debe quedar f\u00f3ra da pol\u00edtica da foto"}]},{"@type":"WebSite","@id":"https:\/\/www.anovapeneira.gal\/#website","url":"https:\/\/www.anovapeneira.gal\/","name":"","description":"Xornal galego de informaci\u00f3n xeral Publicaci\u00f3n mensual de novas de Galicia e en especial dos Concellos da sur da provincia de Pontevedra.","publisher":{"@id":"https:\/\/www.anovapeneira.gal\/#organization"},"potentialAction":[{"@type":"SearchAction","target":{"@type":"EntryPoint","urlTemplate":"https:\/\/www.anovapeneira.gal\/?s={search_term_string}"},"query-input":{"@type":"PropertyValueSpecification","valueRequired":true,"valueName":"search_term_string"}}],"inLanguage":"gl-ES"},{"@type":"Organization","@id":"https:\/\/www.anovapeneira.gal\/#organization","name":"A Nova Peneira","url":"https:\/\/www.anovapeneira.gal\/","logo":{"@type":"ImageObject","inLanguage":"gl-ES","@id":"https:\/\/www.anovapeneira.gal\/#\/schema\/logo\/image\/","url":"http:\/\/www.anovapeneira.gal\/wp-content\/uploads\/2019\/06\/logo_a_nova_peneira_portal_web.png","contentUrl":"http:\/\/www.anovapeneira.gal\/wp-content\/uploads\/2019\/06\/logo_a_nova_peneira_portal_web.png","width":300,"height":100,"caption":"A Nova Peneira"},"image":{"@id":"https:\/\/www.anovapeneira.gal\/#\/schema\/logo\/image\/"},"sameAs":["https:\/\/www.facebook.com\/anovapeneira","https:\/\/x.com\/APeneira"]},{"@type":"Person","@id":"https:\/\/www.anovapeneira.gal\/#\/schema\/person\/f18a4feb302e8f20bcef4490b5b60bb3","name":"Artigos Opini\u00f3n","image":{"@type":"ImageObject","inLanguage":"gl-ES","@id":"https:\/\/secure.gravatar.com\/avatar\/072844300f4881150aee2da4278f7a65d16eefdf8262eb67085f1e702de2b959?s=96&d=mm&r=g","url":"https:\/\/secure.gravatar.com\/avatar\/072844300f4881150aee2da4278f7a65d16eefdf8262eb67085f1e702de2b959?s=96&d=mm&r=g","contentUrl":"https:\/\/secure.gravatar.com\/avatar\/072844300f4881150aee2da4278f7a65d16eefdf8262eb67085f1e702de2b959?s=96&d=mm&r=g","caption":"Artigos Opini\u00f3n"},"sameAs":["http:\/\/anovapeneira.gal"],"url":"https:\/\/www.anovapeneira.gal\/index.php\/author\/artigosopinion\/"}]}},"jetpack_featured_media_url":"https:\/\/www.anovapeneira.gal\/wp-content\/uploads\/2024\/07\/soraya_dominguez_portela.png","_links":{"self":[{"href":"https:\/\/www.anovapeneira.gal\/index.php\/wp-json\/wp\/v2\/posts\/12145","targetHints":{"allow":["GET"]}}],"collection":[{"href":"https:\/\/www.anovapeneira.gal\/index.php\/wp-json\/wp\/v2\/posts"}],"about":[{"href":"https:\/\/www.anovapeneira.gal\/index.php\/wp-json\/wp\/v2\/types\/post"}],"author":[{"embeddable":true,"href":"https:\/\/www.anovapeneira.gal\/index.php\/wp-json\/wp\/v2\/users\/12"}],"replies":[{"embeddable":true,"href":"https:\/\/www.anovapeneira.gal\/index.php\/wp-json\/wp\/v2\/comments?post=12145"}],"version-history":[{"count":3,"href":"https:\/\/www.anovapeneira.gal\/index.php\/wp-json\/wp\/v2\/posts\/12145\/revisions"}],"predecessor-version":[{"id":12151,"href":"https:\/\/www.anovapeneira.gal\/index.php\/wp-json\/wp\/v2\/posts\/12145\/revisions\/12151"}],"wp:featuredmedia":[{"embeddable":true,"href":"https:\/\/www.anovapeneira.gal\/index.php\/wp-json\/wp\/v2\/media\/12146"}],"wp:attachment":[{"href":"https:\/\/www.anovapeneira.gal\/index.php\/wp-json\/wp\/v2\/media?parent=12145"}],"wp:term":[{"taxonomy":"category","embeddable":true,"href":"https:\/\/www.anovapeneira.gal\/index.php\/wp-json\/wp\/v2\/categories?post=12145"},{"taxonomy":"post_tag","embeddable":true,"href":"https:\/\/www.anovapeneira.gal\/index.php\/wp-json\/wp\/v2\/tags?post=12145"}],"curies":[{"name":"wp","href":"https:\/\/api.w.org\/{rel}","templated":true}]}}