{"id":12156,"date":"2024-07-31T10:00:24","date_gmt":"2024-07-31T08:00:24","guid":{"rendered":"https:\/\/www.anovapeneira.gal\/?p=12156"},"modified":"2024-08-20T08:50:00","modified_gmt":"2024-08-20T06:50:00","slug":"tes-dereito-aexpresar-libremente-todo-aquilo-que-che-esta-permitido-dicir-roger-wolfe","status":"publish","type":"post","link":"https:\/\/www.anovapeneira.gal\/index.php\/2024\/07\/31\/tes-dereito-aexpresar-libremente-todo-aquilo-que-che-esta-permitido-dicir-roger-wolfe\/","title":{"rendered":"Tes dereito aexpresar libremente todo aquilo que che est\u00e1 permitido dicir. (Roger Wolfe)"},"content":{"rendered":"\n<pre class=\"wp-block-preformatted\">Marta PP A Ca\u00f1iza<\/pre>\n\n\n\n<p>Controlar o fluxo da informaci\u00f3n, activala e desactivala cando conv\u00e9n, est\u00e1 \u00e1 orde do d\u00eda. Sen embargo, cada d\u00eda que pasa queda m\u00e1is esvaecida a idea de que \u201cquen ten a informaci\u00f3n, ten o poder\u201d, xa que cando non se ten a informaci\u00f3n, fabr\u00edcase, env\u00e1sase e distrib\u00faese igualmente. As\u00ed que agora o poder \u00e9 de quen manexa a lox\u00edstica e os contactos.<\/p>\n\n\n\n<p>E as\u00ed, entramos nunha \u00e9poca na que triunfan as opini\u00f3ns que impo\u00f1en eses poucos, os que manexan a informaci\u00f3n ou, mellor dito, os que a producen, porque cada d\u00eda vemos unha cortina de fume m\u00e1is, colocada estratexicamente detr\u00e1s de cada publicaci\u00f3n en redes, xornais ou telexornais, que nos levan m\u00e1is lonxe do real e do palpable.<\/p>\n\n\n\n<p>Unha era na que se tende \u00e1 infantilizaci\u00f3n e a ver todo desde un prisma revanchista e caprichoso, ten como consecuencia que moitos sigan ao p\u00e9 da letra as consignas que lles ditan e que non fagan o m\u00e1is m\u00ednimo exercicio anal\u00edtico, pero en cambio, comp\u00e9nsano sendo cada vez m\u00e1is cr\u00edticos con aqueles que non comparten a s\u00faa diatriba.<\/p>\n\n\n\n<p>Hai moita xente capaz de difundir un discurso convencido e convencendo aos demais na teor\u00eda, pero que \u00e1 hora da verdade non \u00e9 quen de mantelo na pr\u00e1ctica. Xa o dic\u00eda Soren Kierkegaard <em>\u201ca xente demanda liberdade de expresi\u00f3n como compensaci\u00f3n por a liberdade de pensamento que rara vez empregou\u201d. <\/em>E o resultado \u00e9 ter rexedores locais que seguen a batuta dun goberno central viciado e p\u00e9rfido.<\/p>\n\n\n\n<p>A liberdade de expresi\u00f3n form\u00falase s\u00f3 como o poder dicir o que nos pete cando nos pete, pero deixa valeira a casa de opinar desde a coherencia e o criterio xeral, afast\u00e1ndoo dos intereses propios. Hai quen de teimar cando s\u00f3 ten catro titulares nun xornal e o que oe unha ma\u00f1\u00e1 no bar \u00e1 hora do caf\u00e9.<\/p>\n\n\n\n<p>Coido que se est\u00e1 repetindo a historia: na \u00e9poca da represi\u00f3n en Espa\u00f1a, houbo voces que se puxeron en de p\u00e9 para levar a contraria e sa\u00edr do raba\u00f1o, conseguindo cambiar ideolox\u00edas e implantar normas e dereitos que deixasen atr\u00e1s ese sometemento. Sometemento que agora vai noutra direcci\u00f3n, agochado vilmente entre supostas liberdades e garant\u00edas, que non parecen tal cando furas un pouqui\u00f1o. E agora tam\u00e9n, est\u00e1n xurdindo esas voces que dan co pu\u00f1o enriba da mesa, para convencer \u00e1s ovellas que saian do raba\u00f1o. Inxenuos que non consideraron que os raba\u00f1os cada vez son m\u00e1is fortes, porque est\u00e1n alimentados con axudas e pagas camufladas como privilexios, en lugar de como \u00d3bolo de Caronte.<\/p>\n\n\n\n<p>E permitimos que nos sigan manipulando, e non rechistamos porque non somos quen de facelo, porque iso implica non ter medo nin as consecuencias, nin \u00e1s represalias.E todo para que cando toque, se defenda a capa e espada \u00e1 consorte imputada dun presidente dunha naci\u00f3n, se xustifiquen indultos e malversaci\u00f3ns de di\u00f1eiro p\u00fablico por parte de pol\u00edticos, ou cando toca botar os lobos \u00e1s ovellas dos demais. En definitiva, cousas que non se fan en ning\u00fan outro punto do planeta (salvo, claro est\u00e1, en r\u00e9ximes autoritarios nos que a democracia reluce pola s\u00faa ausencia).<\/p>\n\n\n\n<p>\u00c9 unha excepci\u00f3n este xornal, no que os que non compartimos a li\u00f1a editorial, tam\u00e9n temos un oco nestas p\u00e1xinas. \u00c9 de agradecer e admirar, nos tempos que corren, \u00e1s persoas que non te\u00f1en nin medo, nin prexu\u00edzos, nin complexos. En definitiva, \u00e1s que non son ovellas.<\/p>\n\n\n\n<p>A liberdade de expresi\u00f3n pasa por ter cidad\u00e1ns formados, con recursos persoais e emocionais suficientes, non s\u00f3 para enfrontar as opini\u00f3ns e os discursos dos demais, se non tam\u00e9n, para emitir os propios.<\/p>\n","protected":false},"excerpt":{"rendered":"<div class=\"mh-excerpt\"><p>Controlar o fluxo da informaci\u00f3n, activala e desactivala cando conv\u00e9n, est\u00e1 \u00e1 orde do d\u00eda <a class=\"mh-excerpt-more\" href=\"https:\/\/www.anovapeneira.gal\/index.php\/2024\/07\/31\/tes-dereito-aexpresar-libremente-todo-aquilo-que-che-esta-permitido-dicir-roger-wolfe\/\" title=\"Tes dereito aexpresar libremente todo aquilo que che est\u00e1 permitido dicir. (Roger Wolfe)\">[&#8230;]<\/a><\/p>\n<\/div>","protected":false},"author":12,"featured_media":10448,"comment_status":"open","ping_status":"open","sticky":false,"template":"","format":"standard","meta":{"_exactmetrics_skip_tracking":false,"_exactmetrics_sitenote_active":false,"_exactmetrics_sitenote_note":"","_exactmetrics_sitenote_category":0,"footnotes":""},"categories":[7],"tags":[1423],"class_list":{"0":"post-12156","1":"post","2":"type-post","3":"status-publish","4":"format-standard","5":"has-post-thumbnail","7":"category-artigos-de-opinion","8":"tag-marta-pp-a-caniza"},"yoast_head":"<!-- This site is optimized with the Yoast SEO plugin v27.4 - https:\/\/yoast.com\/product\/yoast-seo-wordpress\/ -->\n<title>Tes dereito aexpresar libremente todo aquilo que che est\u00e1 permitido dicir. (Roger Wolfe) -<\/title>\n<meta name=\"robots\" content=\"index, follow, max-snippet:-1, max-image-preview:large, max-video-preview:-1\" \/>\n<link rel=\"canonical\" href=\"https:\/\/www.anovapeneira.gal\/index.php\/2024\/07\/31\/tes-dereito-aexpresar-libremente-todo-aquilo-que-che-esta-permitido-dicir-roger-wolfe\/\" \/>\n<meta property=\"og:locale\" content=\"gl_ES\" \/>\n<meta property=\"og:type\" content=\"article\" \/>\n<meta property=\"og:title\" content=\"Tes dereito aexpresar libremente todo aquilo que che est\u00e1 permitido dicir. (Roger Wolfe) -\" \/>\n<meta property=\"og:description\" content=\"Controlar o fluxo da informaci\u00f3n, activala e desactivala cando conv\u00e9n, est\u00e1 \u00e1 orde do d\u00eda [...]\" \/>\n<meta property=\"og:url\" content=\"https:\/\/www.anovapeneira.gal\/index.php\/2024\/07\/31\/tes-dereito-aexpresar-libremente-todo-aquilo-que-che-esta-permitido-dicir-roger-wolfe\/\" \/>\n<meta property=\"article:publisher\" content=\"https:\/\/www.facebook.com\/anovapeneira\" \/>\n<meta property=\"article:published_time\" content=\"2024-07-31T08:00:24+00:00\" \/>\n<meta property=\"article:modified_time\" content=\"2024-08-20T06:50:00+00:00\" \/>\n<meta property=\"og:image\" content=\"https:\/\/www.anovapeneira.gal\/wp-content\/uploads\/2023\/09\/marta_pp_caniza.jpg\" \/>\n\t<meta property=\"og:image:width\" content=\"720\" \/>\n\t<meta property=\"og:image:height\" content=\"432\" \/>\n\t<meta property=\"og:image:type\" content=\"image\/jpeg\" \/>\n<meta name=\"author\" content=\"Artigos Opini\u00f3n\" \/>\n<meta name=\"twitter:card\" content=\"summary_large_image\" \/>\n<meta name=\"twitter:creator\" content=\"@APeneira\" \/>\n<meta name=\"twitter:site\" content=\"@APeneira\" \/>\n<meta name=\"twitter:label1\" content=\"Escrito por\" \/>\n\t<meta name=\"twitter:data1\" content=\"Artigos Opini\u00f3n\" \/>\n\t<meta name=\"twitter:label2\" content=\"Tempo de lectura\" \/>\n\t<meta name=\"twitter:data2\" content=\"4 minutos\" \/>\n<script type=\"application\/ld+json\" class=\"yoast-schema-graph\">{\"@context\":\"https:\\\/\\\/schema.org\",\"@graph\":[{\"@type\":\"Article\",\"@id\":\"https:\\\/\\\/www.anovapeneira.gal\\\/index.php\\\/2024\\\/07\\\/31\\\/tes-dereito-aexpresar-libremente-todo-aquilo-que-che-esta-permitido-dicir-roger-wolfe\\\/#article\",\"isPartOf\":{\"@id\":\"https:\\\/\\\/www.anovapeneira.gal\\\/index.php\\\/2024\\\/07\\\/31\\\/tes-dereito-aexpresar-libremente-todo-aquilo-que-che-esta-permitido-dicir-roger-wolfe\\\/\"},\"author\":{\"name\":\"Artigos Opini\u00f3n\",\"@id\":\"https:\\\/\\\/www.anovapeneira.gal\\\/#\\\/schema\\\/person\\\/f18a4feb302e8f20bcef4490b5b60bb3\"},\"headline\":\"Tes dereito aexpresar libremente todo aquilo que che est\u00e1 permitido dicir. (Roger Wolfe)\",\"datePublished\":\"2024-07-31T08:00:24+00:00\",\"dateModified\":\"2024-08-20T06:50:00+00:00\",\"mainEntityOfPage\":{\"@id\":\"https:\\\/\\\/www.anovapeneira.gal\\\/index.php\\\/2024\\\/07\\\/31\\\/tes-dereito-aexpresar-libremente-todo-aquilo-que-che-esta-permitido-dicir-roger-wolfe\\\/\"},\"wordCount\":664,\"commentCount\":0,\"publisher\":{\"@id\":\"https:\\\/\\\/www.anovapeneira.gal\\\/#organization\"},\"image\":{\"@id\":\"https:\\\/\\\/www.anovapeneira.gal\\\/index.php\\\/2024\\\/07\\\/31\\\/tes-dereito-aexpresar-libremente-todo-aquilo-que-che-esta-permitido-dicir-roger-wolfe\\\/#primaryimage\"},\"thumbnailUrl\":\"https:\\\/\\\/www.anovapeneira.gal\\\/wp-content\\\/uploads\\\/2023\\\/09\\\/marta_pp_caniza.jpg\",\"keywords\":[\"Marta PP A Ca\u00f1iza\"],\"articleSection\":[\"Artigos de opini\u00f3n\"],\"inLanguage\":\"gl-ES\",\"potentialAction\":[{\"@type\":\"CommentAction\",\"name\":\"Comment\",\"target\":[\"https:\\\/\\\/www.anovapeneira.gal\\\/index.php\\\/2024\\\/07\\\/31\\\/tes-dereito-aexpresar-libremente-todo-aquilo-que-che-esta-permitido-dicir-roger-wolfe\\\/#respond\"]}]},{\"@type\":\"WebPage\",\"@id\":\"https:\\\/\\\/www.anovapeneira.gal\\\/index.php\\\/2024\\\/07\\\/31\\\/tes-dereito-aexpresar-libremente-todo-aquilo-que-che-esta-permitido-dicir-roger-wolfe\\\/\",\"url\":\"https:\\\/\\\/www.anovapeneira.gal\\\/index.php\\\/2024\\\/07\\\/31\\\/tes-dereito-aexpresar-libremente-todo-aquilo-que-che-esta-permitido-dicir-roger-wolfe\\\/\",\"name\":\"Tes dereito aexpresar libremente todo aquilo que che est\u00e1 permitido dicir. (Roger Wolfe) -\",\"isPartOf\":{\"@id\":\"https:\\\/\\\/www.anovapeneira.gal\\\/#website\"},\"primaryImageOfPage\":{\"@id\":\"https:\\\/\\\/www.anovapeneira.gal\\\/index.php\\\/2024\\\/07\\\/31\\\/tes-dereito-aexpresar-libremente-todo-aquilo-que-che-esta-permitido-dicir-roger-wolfe\\\/#primaryimage\"},\"image\":{\"@id\":\"https:\\\/\\\/www.anovapeneira.gal\\\/index.php\\\/2024\\\/07\\\/31\\\/tes-dereito-aexpresar-libremente-todo-aquilo-que-che-esta-permitido-dicir-roger-wolfe\\\/#primaryimage\"},\"thumbnailUrl\":\"https:\\\/\\\/www.anovapeneira.gal\\\/wp-content\\\/uploads\\\/2023\\\/09\\\/marta_pp_caniza.jpg\",\"datePublished\":\"2024-07-31T08:00:24+00:00\",\"dateModified\":\"2024-08-20T06:50:00+00:00\",\"breadcrumb\":{\"@id\":\"https:\\\/\\\/www.anovapeneira.gal\\\/index.php\\\/2024\\\/07\\\/31\\\/tes-dereito-aexpresar-libremente-todo-aquilo-que-che-esta-permitido-dicir-roger-wolfe\\\/#breadcrumb\"},\"inLanguage\":\"gl-ES\",\"potentialAction\":[{\"@type\":\"ReadAction\",\"target\":[\"https:\\\/\\\/www.anovapeneira.gal\\\/index.php\\\/2024\\\/07\\\/31\\\/tes-dereito-aexpresar-libremente-todo-aquilo-que-che-esta-permitido-dicir-roger-wolfe\\\/\"]}]},{\"@type\":\"ImageObject\",\"inLanguage\":\"gl-ES\",\"@id\":\"https:\\\/\\\/www.anovapeneira.gal\\\/index.php\\\/2024\\\/07\\\/31\\\/tes-dereito-aexpresar-libremente-todo-aquilo-que-che-esta-permitido-dicir-roger-wolfe\\\/#primaryimage\",\"url\":\"https:\\\/\\\/www.anovapeneira.gal\\\/wp-content\\\/uploads\\\/2023\\\/09\\\/marta_pp_caniza.jpg\",\"contentUrl\":\"https:\\\/\\\/www.anovapeneira.gal\\\/wp-content\\\/uploads\\\/2023\\\/09\\\/marta_pp_caniza.jpg\",\"width\":720,\"height\":432,\"caption\":\"Marta Rodr\u00edguez M\u00e1rquez Secretaria do PP de A Ca\u00f1iza\"},{\"@type\":\"BreadcrumbList\",\"@id\":\"https:\\\/\\\/www.anovapeneira.gal\\\/index.php\\\/2024\\\/07\\\/31\\\/tes-dereito-aexpresar-libremente-todo-aquilo-que-che-esta-permitido-dicir-roger-wolfe\\\/#breadcrumb\",\"itemListElement\":[{\"@type\":\"ListItem\",\"position\":1,\"name\":\"Portada\",\"item\":\"https:\\\/\\\/www.anovapeneira.gal\\\/\"},{\"@type\":\"ListItem\",\"position\":2,\"name\":\"Tes dereito aexpresar libremente todo aquilo que che est\u00e1 permitido dicir. (Roger Wolfe)\"}]},{\"@type\":\"WebSite\",\"@id\":\"https:\\\/\\\/www.anovapeneira.gal\\\/#website\",\"url\":\"https:\\\/\\\/www.anovapeneira.gal\\\/\",\"name\":\"\",\"description\":\"Xornal galego de informaci\u00f3n xeral Publicaci\u00f3n mensual de novas de Galicia e en especial dos Concellos da sur da provincia de Pontevedra.\",\"publisher\":{\"@id\":\"https:\\\/\\\/www.anovapeneira.gal\\\/#organization\"},\"potentialAction\":[{\"@type\":\"SearchAction\",\"target\":{\"@type\":\"EntryPoint\",\"urlTemplate\":\"https:\\\/\\\/www.anovapeneira.gal\\\/?s={search_term_string}\"},\"query-input\":{\"@type\":\"PropertyValueSpecification\",\"valueRequired\":true,\"valueName\":\"search_term_string\"}}],\"inLanguage\":\"gl-ES\"},{\"@type\":\"Organization\",\"@id\":\"https:\\\/\\\/www.anovapeneira.gal\\\/#organization\",\"name\":\"A Nova Peneira\",\"url\":\"https:\\\/\\\/www.anovapeneira.gal\\\/\",\"logo\":{\"@type\":\"ImageObject\",\"inLanguage\":\"gl-ES\",\"@id\":\"https:\\\/\\\/www.anovapeneira.gal\\\/#\\\/schema\\\/logo\\\/image\\\/\",\"url\":\"http:\\\/\\\/www.anovapeneira.gal\\\/wp-content\\\/uploads\\\/2019\\\/06\\\/logo_a_nova_peneira_portal_web.png\",\"contentUrl\":\"http:\\\/\\\/www.anovapeneira.gal\\\/wp-content\\\/uploads\\\/2019\\\/06\\\/logo_a_nova_peneira_portal_web.png\",\"width\":300,\"height\":100,\"caption\":\"A Nova Peneira\"},\"image\":{\"@id\":\"https:\\\/\\\/www.anovapeneira.gal\\\/#\\\/schema\\\/logo\\\/image\\\/\"},\"sameAs\":[\"https:\\\/\\\/www.facebook.com\\\/anovapeneira\",\"https:\\\/\\\/x.com\\\/APeneira\"]},{\"@type\":\"Person\",\"@id\":\"https:\\\/\\\/www.anovapeneira.gal\\\/#\\\/schema\\\/person\\\/f18a4feb302e8f20bcef4490b5b60bb3\",\"name\":\"Artigos Opini\u00f3n\",\"image\":{\"@type\":\"ImageObject\",\"inLanguage\":\"gl-ES\",\"@id\":\"https:\\\/\\\/secure.gravatar.com\\\/avatar\\\/072844300f4881150aee2da4278f7a65d16eefdf8262eb67085f1e702de2b959?s=96&d=mm&r=g\",\"url\":\"https:\\\/\\\/secure.gravatar.com\\\/avatar\\\/072844300f4881150aee2da4278f7a65d16eefdf8262eb67085f1e702de2b959?s=96&d=mm&r=g\",\"contentUrl\":\"https:\\\/\\\/secure.gravatar.com\\\/avatar\\\/072844300f4881150aee2da4278f7a65d16eefdf8262eb67085f1e702de2b959?s=96&d=mm&r=g\",\"caption\":\"Artigos Opini\u00f3n\"},\"sameAs\":[\"http:\\\/\\\/anovapeneira.gal\"],\"url\":\"https:\\\/\\\/www.anovapeneira.gal\\\/index.php\\\/author\\\/artigosopinion\\\/\"}]}<\/script>\n<!-- \/ Yoast SEO plugin. -->","yoast_head_json":{"title":"Tes dereito aexpresar libremente todo aquilo que che est\u00e1 permitido dicir. (Roger Wolfe) -","robots":{"index":"index","follow":"follow","max-snippet":"max-snippet:-1","max-image-preview":"max-image-preview:large","max-video-preview":"max-video-preview:-1"},"canonical":"https:\/\/www.anovapeneira.gal\/index.php\/2024\/07\/31\/tes-dereito-aexpresar-libremente-todo-aquilo-que-che-esta-permitido-dicir-roger-wolfe\/","og_locale":"gl_ES","og_type":"article","og_title":"Tes dereito aexpresar libremente todo aquilo que che est\u00e1 permitido dicir. (Roger Wolfe) -","og_description":"Controlar o fluxo da informaci\u00f3n, activala e desactivala cando conv\u00e9n, est\u00e1 \u00e1 orde do d\u00eda [...]","og_url":"https:\/\/www.anovapeneira.gal\/index.php\/2024\/07\/31\/tes-dereito-aexpresar-libremente-todo-aquilo-que-che-esta-permitido-dicir-roger-wolfe\/","article_publisher":"https:\/\/www.facebook.com\/anovapeneira","article_published_time":"2024-07-31T08:00:24+00:00","article_modified_time":"2024-08-20T06:50:00+00:00","og_image":[{"width":720,"height":432,"url":"https:\/\/www.anovapeneira.gal\/wp-content\/uploads\/2023\/09\/marta_pp_caniza.jpg","type":"image\/jpeg"}],"author":"Artigos Opini\u00f3n","twitter_card":"summary_large_image","twitter_creator":"@APeneira","twitter_site":"@APeneira","twitter_misc":{"Escrito por":"Artigos Opini\u00f3n","Tempo de lectura":"4 minutos"},"schema":{"@context":"https:\/\/schema.org","@graph":[{"@type":"Article","@id":"https:\/\/www.anovapeneira.gal\/index.php\/2024\/07\/31\/tes-dereito-aexpresar-libremente-todo-aquilo-que-che-esta-permitido-dicir-roger-wolfe\/#article","isPartOf":{"@id":"https:\/\/www.anovapeneira.gal\/index.php\/2024\/07\/31\/tes-dereito-aexpresar-libremente-todo-aquilo-que-che-esta-permitido-dicir-roger-wolfe\/"},"author":{"name":"Artigos Opini\u00f3n","@id":"https:\/\/www.anovapeneira.gal\/#\/schema\/person\/f18a4feb302e8f20bcef4490b5b60bb3"},"headline":"Tes dereito aexpresar libremente todo aquilo que che est\u00e1 permitido dicir. (Roger Wolfe)","datePublished":"2024-07-31T08:00:24+00:00","dateModified":"2024-08-20T06:50:00+00:00","mainEntityOfPage":{"@id":"https:\/\/www.anovapeneira.gal\/index.php\/2024\/07\/31\/tes-dereito-aexpresar-libremente-todo-aquilo-que-che-esta-permitido-dicir-roger-wolfe\/"},"wordCount":664,"commentCount":0,"publisher":{"@id":"https:\/\/www.anovapeneira.gal\/#organization"},"image":{"@id":"https:\/\/www.anovapeneira.gal\/index.php\/2024\/07\/31\/tes-dereito-aexpresar-libremente-todo-aquilo-que-che-esta-permitido-dicir-roger-wolfe\/#primaryimage"},"thumbnailUrl":"https:\/\/www.anovapeneira.gal\/wp-content\/uploads\/2023\/09\/marta_pp_caniza.jpg","keywords":["Marta PP A Ca\u00f1iza"],"articleSection":["Artigos de opini\u00f3n"],"inLanguage":"gl-ES","potentialAction":[{"@type":"CommentAction","name":"Comment","target":["https:\/\/www.anovapeneira.gal\/index.php\/2024\/07\/31\/tes-dereito-aexpresar-libremente-todo-aquilo-que-che-esta-permitido-dicir-roger-wolfe\/#respond"]}]},{"@type":"WebPage","@id":"https:\/\/www.anovapeneira.gal\/index.php\/2024\/07\/31\/tes-dereito-aexpresar-libremente-todo-aquilo-que-che-esta-permitido-dicir-roger-wolfe\/","url":"https:\/\/www.anovapeneira.gal\/index.php\/2024\/07\/31\/tes-dereito-aexpresar-libremente-todo-aquilo-que-che-esta-permitido-dicir-roger-wolfe\/","name":"Tes dereito aexpresar libremente todo aquilo que che est\u00e1 permitido dicir. (Roger Wolfe) -","isPartOf":{"@id":"https:\/\/www.anovapeneira.gal\/#website"},"primaryImageOfPage":{"@id":"https:\/\/www.anovapeneira.gal\/index.php\/2024\/07\/31\/tes-dereito-aexpresar-libremente-todo-aquilo-que-che-esta-permitido-dicir-roger-wolfe\/#primaryimage"},"image":{"@id":"https:\/\/www.anovapeneira.gal\/index.php\/2024\/07\/31\/tes-dereito-aexpresar-libremente-todo-aquilo-que-che-esta-permitido-dicir-roger-wolfe\/#primaryimage"},"thumbnailUrl":"https:\/\/www.anovapeneira.gal\/wp-content\/uploads\/2023\/09\/marta_pp_caniza.jpg","datePublished":"2024-07-31T08:00:24+00:00","dateModified":"2024-08-20T06:50:00+00:00","breadcrumb":{"@id":"https:\/\/www.anovapeneira.gal\/index.php\/2024\/07\/31\/tes-dereito-aexpresar-libremente-todo-aquilo-que-che-esta-permitido-dicir-roger-wolfe\/#breadcrumb"},"inLanguage":"gl-ES","potentialAction":[{"@type":"ReadAction","target":["https:\/\/www.anovapeneira.gal\/index.php\/2024\/07\/31\/tes-dereito-aexpresar-libremente-todo-aquilo-que-che-esta-permitido-dicir-roger-wolfe\/"]}]},{"@type":"ImageObject","inLanguage":"gl-ES","@id":"https:\/\/www.anovapeneira.gal\/index.php\/2024\/07\/31\/tes-dereito-aexpresar-libremente-todo-aquilo-que-che-esta-permitido-dicir-roger-wolfe\/#primaryimage","url":"https:\/\/www.anovapeneira.gal\/wp-content\/uploads\/2023\/09\/marta_pp_caniza.jpg","contentUrl":"https:\/\/www.anovapeneira.gal\/wp-content\/uploads\/2023\/09\/marta_pp_caniza.jpg","width":720,"height":432,"caption":"Marta Rodr\u00edguez M\u00e1rquez Secretaria do PP de A Ca\u00f1iza"},{"@type":"BreadcrumbList","@id":"https:\/\/www.anovapeneira.gal\/index.php\/2024\/07\/31\/tes-dereito-aexpresar-libremente-todo-aquilo-que-che-esta-permitido-dicir-roger-wolfe\/#breadcrumb","itemListElement":[{"@type":"ListItem","position":1,"name":"Portada","item":"https:\/\/www.anovapeneira.gal\/"},{"@type":"ListItem","position":2,"name":"Tes dereito aexpresar libremente todo aquilo que che est\u00e1 permitido dicir. (Roger Wolfe)"}]},{"@type":"WebSite","@id":"https:\/\/www.anovapeneira.gal\/#website","url":"https:\/\/www.anovapeneira.gal\/","name":"","description":"Xornal galego de informaci\u00f3n xeral Publicaci\u00f3n mensual de novas de Galicia e en especial dos Concellos da sur da provincia de Pontevedra.","publisher":{"@id":"https:\/\/www.anovapeneira.gal\/#organization"},"potentialAction":[{"@type":"SearchAction","target":{"@type":"EntryPoint","urlTemplate":"https:\/\/www.anovapeneira.gal\/?s={search_term_string}"},"query-input":{"@type":"PropertyValueSpecification","valueRequired":true,"valueName":"search_term_string"}}],"inLanguage":"gl-ES"},{"@type":"Organization","@id":"https:\/\/www.anovapeneira.gal\/#organization","name":"A Nova Peneira","url":"https:\/\/www.anovapeneira.gal\/","logo":{"@type":"ImageObject","inLanguage":"gl-ES","@id":"https:\/\/www.anovapeneira.gal\/#\/schema\/logo\/image\/","url":"http:\/\/www.anovapeneira.gal\/wp-content\/uploads\/2019\/06\/logo_a_nova_peneira_portal_web.png","contentUrl":"http:\/\/www.anovapeneira.gal\/wp-content\/uploads\/2019\/06\/logo_a_nova_peneira_portal_web.png","width":300,"height":100,"caption":"A Nova Peneira"},"image":{"@id":"https:\/\/www.anovapeneira.gal\/#\/schema\/logo\/image\/"},"sameAs":["https:\/\/www.facebook.com\/anovapeneira","https:\/\/x.com\/APeneira"]},{"@type":"Person","@id":"https:\/\/www.anovapeneira.gal\/#\/schema\/person\/f18a4feb302e8f20bcef4490b5b60bb3","name":"Artigos Opini\u00f3n","image":{"@type":"ImageObject","inLanguage":"gl-ES","@id":"https:\/\/secure.gravatar.com\/avatar\/072844300f4881150aee2da4278f7a65d16eefdf8262eb67085f1e702de2b959?s=96&d=mm&r=g","url":"https:\/\/secure.gravatar.com\/avatar\/072844300f4881150aee2da4278f7a65d16eefdf8262eb67085f1e702de2b959?s=96&d=mm&r=g","contentUrl":"https:\/\/secure.gravatar.com\/avatar\/072844300f4881150aee2da4278f7a65d16eefdf8262eb67085f1e702de2b959?s=96&d=mm&r=g","caption":"Artigos Opini\u00f3n"},"sameAs":["http:\/\/anovapeneira.gal"],"url":"https:\/\/www.anovapeneira.gal\/index.php\/author\/artigosopinion\/"}]}},"jetpack_featured_media_url":"https:\/\/www.anovapeneira.gal\/wp-content\/uploads\/2023\/09\/marta_pp_caniza.jpg","_links":{"self":[{"href":"https:\/\/www.anovapeneira.gal\/index.php\/wp-json\/wp\/v2\/posts\/12156","targetHints":{"allow":["GET"]}}],"collection":[{"href":"https:\/\/www.anovapeneira.gal\/index.php\/wp-json\/wp\/v2\/posts"}],"about":[{"href":"https:\/\/www.anovapeneira.gal\/index.php\/wp-json\/wp\/v2\/types\/post"}],"author":[{"embeddable":true,"href":"https:\/\/www.anovapeneira.gal\/index.php\/wp-json\/wp\/v2\/users\/12"}],"replies":[{"embeddable":true,"href":"https:\/\/www.anovapeneira.gal\/index.php\/wp-json\/wp\/v2\/comments?post=12156"}],"version-history":[{"count":1,"href":"https:\/\/www.anovapeneira.gal\/index.php\/wp-json\/wp\/v2\/posts\/12156\/revisions"}],"predecessor-version":[{"id":12157,"href":"https:\/\/www.anovapeneira.gal\/index.php\/wp-json\/wp\/v2\/posts\/12156\/revisions\/12157"}],"wp:featuredmedia":[{"embeddable":true,"href":"https:\/\/www.anovapeneira.gal\/index.php\/wp-json\/wp\/v2\/media\/10448"}],"wp:attachment":[{"href":"https:\/\/www.anovapeneira.gal\/index.php\/wp-json\/wp\/v2\/media?parent=12156"}],"wp:term":[{"taxonomy":"category","embeddable":true,"href":"https:\/\/www.anovapeneira.gal\/index.php\/wp-json\/wp\/v2\/categories?post=12156"},{"taxonomy":"post_tag","embeddable":true,"href":"https:\/\/www.anovapeneira.gal\/index.php\/wp-json\/wp\/v2\/tags?post=12156"}],"curies":[{"name":"wp","href":"https:\/\/api.w.org\/{rel}","templated":true}]}}