{"id":12158,"date":"2024-08-01T10:00:42","date_gmt":"2024-08-01T08:00:42","guid":{"rendered":"https:\/\/www.anovapeneira.gal\/?p=12158"},"modified":"2024-07-22T20:31:40","modified_gmt":"2024-07-22T18:31:40","slug":"chapela-unha-e-mil-veces-bereteira","status":"publish","type":"post","link":"https:\/\/www.anovapeneira.gal\/index.php\/2024\/08\/01\/chapela-unha-e-mil-veces-bereteira\/","title":{"rendered":"Chapela unha e mil veces bereteira"},"content":{"rendered":"\n<h2 class=\"wp-block-heading\"><strong>Volve o Berete Rock a Chapela.<\/strong><\/h2>\n\n\n\n<p><strong>O vindeiro 3 de agosto teremos no incomparable marco de Area Longa a und\u00e9cima edici\u00f3n do festival \u201cBerete Rock\u201d, un evento xa consolidado na psique colectiva de todas as persoas que amamos o Rock como imperdible: pola s\u00faa grande calidade musical e polo lugar tan fermoso no que se celebra. A m\u00fasica \u00e9 unha das actividades que fan que as persoas sexamos seres humanos, \u00e9 a ant\u00edtese da violencia e os salvaxes, a m\u00fasica fainos mellores persoas e o Rock m\u00e1is e se \u00e9 o Berete Rock m\u00e1is e mellor.<\/strong><\/p>\n\n\n\n<p><strong>Falamos con Diego e Joaqu\u00edn, da asociaci\u00f3n organizadora do festival<\/strong><\/p>\n\n\n\n<p><strong>Como se presenta esta und\u00e9cima edici\u00f3n?<\/strong><\/p>\n\n\n\n<blockquote class=\"wp-block-quote is-layout-flow wp-block-quote-is-layout-flow\">\n<p>Estamos moi ilusionados en que vai sa\u00edr todo moi ben. Temos alg\u00fan grupo que seguro fai as delicias do persoal como por exemplo \u201c Chocolate Sexy\u201d.<\/p>\n<\/blockquote>\n\n\n\n<p><strong>Caramba este ano apostastes por Redondela?<\/strong><\/p>\n\n\n\n<blockquote class=\"wp-block-quote is-layout-flow wp-block-quote-is-layout-flow\">\n<p>Ben, xa que a xente de Redondela non ven a Chapela a ver se as\u00ed temos m\u00e1is sorte.<\/p>\n<\/blockquote>\n\n\n\n<p><strong>Como que non ven, eu ve\u00f1o sempre?<\/strong><\/p>\n\n\n\n<blockquote class=\"wp-block-quote is-layout-flow wp-block-quote-is-layout-flow\">\n<p>E estamos moi agradecidos pola t\u00faa compa\u00f1\u00eda e polo interese do teu medio Marcos, pero temos a aspiraci\u00f3n de que de Redondela ve\u00f1an moitas persoas m\u00e1is. Temos un gran cartel que as\u00ed o merece<\/p>\n<\/blockquote>\n\n\n\n<p><strong>Que m\u00e1is grupos ve\u00f1en?<\/strong><\/p>\n\n\n\n<blockquote class=\"wp-block-quote is-layout-flow wp-block-quote-is-layout-flow\">\n<p>\u201cSaratoga\u201d, \u201cM\u00e1rtires del Rock and Roll\u201d, \u201cZona cero\u201d e \u201c Br\u00e9tema\u201d<\/p>\n<\/blockquote>\n\n\n\n<p><strong>As expectativas de asistencia?<\/strong><\/p>\n\n\n\n<blockquote class=\"wp-block-quote is-layout-flow wp-block-quote-is-layout-flow\">\n<p>Xa o ano pasado foi moi ben a cousa,e as expectativas que temos este ano son mellores. Isto non sei se se poder\u00e1 dicir na prensa pero o ano pasado chegou un momento en que esgotamos o alcohol.<\/p>\n<\/blockquote>\n\n\n\n<p><strong>A cervexa?<\/strong><\/p>\n\n\n\n<blockquote class=\"wp-block-quote is-layout-flow wp-block-quote-is-layout-flow\">\n<p>Non, todo tipo de bebidas alcoh\u00f3licas. A partir dunha hora determinada s\u00f3 se pod\u00edan consumir refrescos.<\/p>\n<\/blockquote>\n\n\n\n<p><strong>Iso quere dicir que en canto a asistencia de xente a cousa foi moi ben?<\/strong><\/p>\n\n\n\n<blockquote class=\"wp-block-quote is-layout-flow wp-block-quote-is-layout-flow\">\n<p>Pois si, e n\u00f3s encantados desde logo. Non poderiamos precisar con exactitude o volume de xente que nos acompa\u00f1ou pero calculamos que arredor de 3.000 persoas. \u00c9 a recompensa a un traballo moi duro. Insisto en que temos a convicci\u00f3n de que este ano a cousa pode ir incluso mellor.<\/p>\n<\/blockquote>\n\n\n\n<p><strong>Como se financia a organizaci\u00f3n do festival?<\/strong><\/p>\n\n\n\n<blockquote class=\"wp-block-quote is-layout-flow wp-block-quote-is-layout-flow\">\n<p>Temos unha achega do Concello e logo tam\u00e9n a axuda dos patrocinadores privados. Aproveito as vosas p\u00e1xinas para darlle as grazas a todos e cada un dos negocios que xenerosamente colaboran con n\u00f3s. Tam\u00e9n facemos camisolas e sudadeiras que pomos \u00e1 venda. Logo xestionamos os recursos de maneira responsable. Cada ano procuramos aforrar algo de cartos para na edici\u00f3n posterior poder apostar por grupos de calidade contratada.<\/p>\n<\/blockquote>\n\n\n\n<p><strong>As camisolas cambi\u00e1deas cada ano verdade?<\/strong><\/p>\n\n\n\n<blockquote class=\"wp-block-quote is-layout-flow wp-block-quote-is-layout-flow\">\n<p>Si, fac\u00e9molo as\u00ed de maneira voluntaria. Sabemos que hai usuarios e usuarias que te\u00f1en interese en coleccionalas, e procuramos facer modelos novos que lles resulten atractivos.<\/p>\n<\/blockquote>\n\n\n\n<p><strong>Quen os fai os dese\u00f1os das camisolas?<\/strong><\/p>\n\n\n\n<blockquote class=\"wp-block-quote is-layout-flow wp-block-quote-is-layout-flow\">\n<p>Os primeiros anos, creo que os 6 primeiros, f\u00edxoos un rapaz que \u00e9 dos que colabora co \u201cMarisqui\u00f1o\u201d, os seguintes anos f\u00edxoos unha empresa de Coru\u00f1a e este ano fix\u00e9molo n\u00f3s mesmos.<\/p>\n<\/blockquote>\n\n\n\n<p><strong>Como son as relaci\u00f3ns co Concello de Redondela?<\/strong><\/p>\n\n\n\n<blockquote class=\"wp-block-quote is-layout-flow wp-block-quote-is-layout-flow\">\n<p>O Concello \u00e9 organizador xunto coa asociaci\u00f3n \u201c Berete Rock\u201d do festival..As relaci\u00f3ns con eles como son?, pois todo \u00e9 mellorable. Nesta ocasi\u00f3n houbo unha incidencia cun grupo que non nos aceptaron, que consideramos que se poder\u00eda ter xestionado doutro modo. Por outra parte a asignaci\u00f3n econ\u00f3mica deste ano ao noso xu\u00edzo non \u00e9 suficiente. E non o entendemos, pois o ano pasado d\u00e9ronos os parab\u00e9ns de maneira moi intensa , manifestaron con claridade que , xunto co do remo, o noso \u00e9 o evento que m\u00e1is xente move en Chapela &#8230;pero parece que todo se quedou en boas palabras.<\/p>\n<\/blockquote>\n\n\n\n<blockquote class=\"wp-block-quote is-layout-flow wp-block-quote-is-layout-flow\">\n<p>Insisto: estamos moi agradecidos ao Concello de Redondela, somos conscientes de que os cartos son os que son e que hai moitas cousas onde investir, pero todo se pode mellorar.<\/p>\n<\/blockquote>\n\n\n\n<p><strong>As entradas son de balde?<\/strong><\/p>\n\n\n\n<blockquote class=\"wp-block-quote is-layout-flow wp-block-quote-is-layout-flow\">\n<p>Si, absolutamente.<\/p>\n<\/blockquote>\n\n\n\n<p><strong>Creo que hai xente de Chapela que se involucra de maneira superlativa?<\/strong><\/p>\n\n\n\n<blockquote class=\"wp-block-quote is-layout-flow wp-block-quote-is-layout-flow\">\n<p>De maneira emocionante, dir\u00eda eu. Temos por exemplo o caso dun veci\u00f1o que fico unha foto e escolleu un tema de cada edici\u00f3n e agasallounos un CD \u00e1 organizaci\u00f3n. Imposible non emocionarse.<\/p>\n<\/blockquote>\n\n\n\n<p><strong>\u00c9 posible formularse a hip\u00f3tese de que o festival dure m\u00e1is d\u00edas?<\/strong><\/p>\n\n\n\n<blockquote class=\"wp-block-quote is-layout-flow wp-block-quote-is-layout-flow\">\n<p>Non, en principio non.<\/p>\n<\/blockquote>\n\n\n\n<p><strong>Rematamos animando aos lectores e lectoras a que se acheguen ao Berete<\/strong><\/p>\n\n\n\n<blockquote class=\"wp-block-quote is-layout-flow wp-block-quote-is-layout-flow\">\n<p>Anim\u00e1molos con toda a intensidade dos nosos coraz\u00f3ns: O evento \u00e9 de calidade musical extraordinaria, \u00e9 completamente gratis, o lugar no que se fai \u00e9 fermoso, e todo invita a gozar dun d\u00eda deses que deixan pegada na alma das persoas que te\u00f1en sensibilidade cara a m\u00fasica Rock: Vide a acompa\u00f1arnos lectores e lectoras da Peneira, vide por favor, e estamos seguros de que ides repetir.<\/p>\n<\/blockquote>\n","protected":false},"excerpt":{"rendered":"<div class=\"mh-excerpt\"><p>O vindeiro 3 de agosto teremos no incomparable marco de Area Longa a und\u00e9cima edici\u00f3n do festival \u201cBerete Rock\u201d, un evento xa consolidado na psique colectiva de todas as persoas que amamos o Rock como imperdible <a class=\"mh-excerpt-more\" href=\"https:\/\/www.anovapeneira.gal\/index.php\/2024\/08\/01\/chapela-unha-e-mil-veces-bereteira\/\" title=\"Chapela unha e mil veces bereteira\">[&#8230;]<\/a><\/p>\n<\/div>","protected":false},"author":6,"featured_media":12159,"comment_status":"open","ping_status":"open","sticky":false,"template":"","format":"standard","meta":{"_exactmetrics_skip_tracking":false,"_exactmetrics_sitenote_active":false,"_exactmetrics_sitenote_note":"","_exactmetrics_sitenote_category":0,"footnotes":""},"categories":[270],"tags":[171],"class_list":{"0":"post-12158","1":"post","2":"type-post","3":"status-publish","4":"format-standard","5":"has-post-thumbnail","7":"category-redondela-entrevistas","8":"tag-concello-de-redondela"},"yoast_head":"<!-- This site is optimized with the Yoast SEO plugin v27.4 - https:\/\/yoast.com\/product\/yoast-seo-wordpress\/ -->\n<title>Chapela unha e mil veces bereteira -<\/title>\n<meta name=\"robots\" content=\"index, follow, max-snippet:-1, max-image-preview:large, max-video-preview:-1\" \/>\n<link rel=\"canonical\" href=\"https:\/\/www.anovapeneira.gal\/index.php\/2024\/08\/01\/chapela-unha-e-mil-veces-bereteira\/\" \/>\n<meta property=\"og:locale\" content=\"gl_ES\" \/>\n<meta property=\"og:type\" content=\"article\" \/>\n<meta property=\"og:title\" content=\"Chapela unha e mil veces bereteira -\" \/>\n<meta property=\"og:description\" content=\"O vindeiro 3 de agosto teremos no incomparable marco de Area Longa a und\u00e9cima edici\u00f3n do festival \u201cBerete Rock\u201d, un evento xa consolidado na psique colectiva de todas as persoas que amamos o Rock como imperdible [...]\" \/>\n<meta property=\"og:url\" content=\"https:\/\/www.anovapeneira.gal\/index.php\/2024\/08\/01\/chapela-unha-e-mil-veces-bereteira\/\" \/>\n<meta property=\"article:publisher\" content=\"https:\/\/www.facebook.com\/anovapeneira\" \/>\n<meta property=\"article:published_time\" content=\"2024-08-01T08:00:42+00:00\" \/>\n<meta property=\"og:image\" content=\"https:\/\/www.anovapeneira.gal\/wp-content\/uploads\/2024\/07\/berete_rock.png\" \/>\n\t<meta property=\"og:image:width\" content=\"720\" \/>\n\t<meta property=\"og:image:height\" content=\"432\" \/>\n\t<meta property=\"og:image:type\" content=\"image\/png\" \/>\n<meta name=\"author\" content=\"Marcos Santos\" \/>\n<meta name=\"twitter:card\" content=\"summary_large_image\" \/>\n<meta name=\"twitter:creator\" content=\"@APeneira\" \/>\n<meta name=\"twitter:site\" content=\"@APeneira\" \/>\n<meta name=\"twitter:label1\" content=\"Escrito por\" \/>\n\t<meta name=\"twitter:data1\" content=\"Marcos Santos\" \/>\n\t<meta name=\"twitter:label2\" content=\"Tempo de lectura\" \/>\n\t<meta name=\"twitter:data2\" content=\"2 minutos\" \/>\n<script type=\"application\/ld+json\" class=\"yoast-schema-graph\">{\"@context\":\"https:\\\/\\\/schema.org\",\"@graph\":[{\"@type\":\"Article\",\"@id\":\"https:\\\/\\\/www.anovapeneira.gal\\\/index.php\\\/2024\\\/08\\\/01\\\/chapela-unha-e-mil-veces-bereteira\\\/#article\",\"isPartOf\":{\"@id\":\"https:\\\/\\\/www.anovapeneira.gal\\\/index.php\\\/2024\\\/08\\\/01\\\/chapela-unha-e-mil-veces-bereteira\\\/\"},\"author\":{\"name\":\"Marcos Santos\",\"@id\":\"https:\\\/\\\/www.anovapeneira.gal\\\/#\\\/schema\\\/person\\\/d9d84823564720e7593293bab054e52d\"},\"headline\":\"Chapela unha e mil veces bereteira\",\"datePublished\":\"2024-08-01T08:00:42+00:00\",\"mainEntityOfPage\":{\"@id\":\"https:\\\/\\\/www.anovapeneira.gal\\\/index.php\\\/2024\\\/08\\\/01\\\/chapela-unha-e-mil-veces-bereteira\\\/\"},\"wordCount\":826,\"commentCount\":0,\"publisher\":{\"@id\":\"https:\\\/\\\/www.anovapeneira.gal\\\/#organization\"},\"image\":{\"@id\":\"https:\\\/\\\/www.anovapeneira.gal\\\/index.php\\\/2024\\\/08\\\/01\\\/chapela-unha-e-mil-veces-bereteira\\\/#primaryimage\"},\"thumbnailUrl\":\"https:\\\/\\\/www.anovapeneira.gal\\\/wp-content\\\/uploads\\\/2024\\\/07\\\/berete_rock.png\",\"keywords\":[\"Concello de Redondela\"],\"articleSection\":[\"Redondela\"],\"inLanguage\":\"gl-ES\",\"potentialAction\":[{\"@type\":\"CommentAction\",\"name\":\"Comment\",\"target\":[\"https:\\\/\\\/www.anovapeneira.gal\\\/index.php\\\/2024\\\/08\\\/01\\\/chapela-unha-e-mil-veces-bereteira\\\/#respond\"]}]},{\"@type\":\"WebPage\",\"@id\":\"https:\\\/\\\/www.anovapeneira.gal\\\/index.php\\\/2024\\\/08\\\/01\\\/chapela-unha-e-mil-veces-bereteira\\\/\",\"url\":\"https:\\\/\\\/www.anovapeneira.gal\\\/index.php\\\/2024\\\/08\\\/01\\\/chapela-unha-e-mil-veces-bereteira\\\/\",\"name\":\"Chapela unha e mil veces bereteira -\",\"isPartOf\":{\"@id\":\"https:\\\/\\\/www.anovapeneira.gal\\\/#website\"},\"primaryImageOfPage\":{\"@id\":\"https:\\\/\\\/www.anovapeneira.gal\\\/index.php\\\/2024\\\/08\\\/01\\\/chapela-unha-e-mil-veces-bereteira\\\/#primaryimage\"},\"image\":{\"@id\":\"https:\\\/\\\/www.anovapeneira.gal\\\/index.php\\\/2024\\\/08\\\/01\\\/chapela-unha-e-mil-veces-bereteira\\\/#primaryimage\"},\"thumbnailUrl\":\"https:\\\/\\\/www.anovapeneira.gal\\\/wp-content\\\/uploads\\\/2024\\\/07\\\/berete_rock.png\",\"datePublished\":\"2024-08-01T08:00:42+00:00\",\"breadcrumb\":{\"@id\":\"https:\\\/\\\/www.anovapeneira.gal\\\/index.php\\\/2024\\\/08\\\/01\\\/chapela-unha-e-mil-veces-bereteira\\\/#breadcrumb\"},\"inLanguage\":\"gl-ES\",\"potentialAction\":[{\"@type\":\"ReadAction\",\"target\":[\"https:\\\/\\\/www.anovapeneira.gal\\\/index.php\\\/2024\\\/08\\\/01\\\/chapela-unha-e-mil-veces-bereteira\\\/\"]}]},{\"@type\":\"ImageObject\",\"inLanguage\":\"gl-ES\",\"@id\":\"https:\\\/\\\/www.anovapeneira.gal\\\/index.php\\\/2024\\\/08\\\/01\\\/chapela-unha-e-mil-veces-bereteira\\\/#primaryimage\",\"url\":\"https:\\\/\\\/www.anovapeneira.gal\\\/wp-content\\\/uploads\\\/2024\\\/07\\\/berete_rock.png\",\"contentUrl\":\"https:\\\/\\\/www.anovapeneira.gal\\\/wp-content\\\/uploads\\\/2024\\\/07\\\/berete_rock.png\",\"width\":720,\"height\":432,\"caption\":\"Berete Rock\"},{\"@type\":\"BreadcrumbList\",\"@id\":\"https:\\\/\\\/www.anovapeneira.gal\\\/index.php\\\/2024\\\/08\\\/01\\\/chapela-unha-e-mil-veces-bereteira\\\/#breadcrumb\",\"itemListElement\":[{\"@type\":\"ListItem\",\"position\":1,\"name\":\"Portada\",\"item\":\"https:\\\/\\\/www.anovapeneira.gal\\\/\"},{\"@type\":\"ListItem\",\"position\":2,\"name\":\"Chapela unha e mil veces bereteira\"}]},{\"@type\":\"WebSite\",\"@id\":\"https:\\\/\\\/www.anovapeneira.gal\\\/#website\",\"url\":\"https:\\\/\\\/www.anovapeneira.gal\\\/\",\"name\":\"\",\"description\":\"Xornal galego de informaci\u00f3n xeral Publicaci\u00f3n mensual de novas de Galicia e en especial dos Concellos da sur da provincia de Pontevedra.\",\"publisher\":{\"@id\":\"https:\\\/\\\/www.anovapeneira.gal\\\/#organization\"},\"potentialAction\":[{\"@type\":\"SearchAction\",\"target\":{\"@type\":\"EntryPoint\",\"urlTemplate\":\"https:\\\/\\\/www.anovapeneira.gal\\\/?s={search_term_string}\"},\"query-input\":{\"@type\":\"PropertyValueSpecification\",\"valueRequired\":true,\"valueName\":\"search_term_string\"}}],\"inLanguage\":\"gl-ES\"},{\"@type\":\"Organization\",\"@id\":\"https:\\\/\\\/www.anovapeneira.gal\\\/#organization\",\"name\":\"A Nova Peneira\",\"url\":\"https:\\\/\\\/www.anovapeneira.gal\\\/\",\"logo\":{\"@type\":\"ImageObject\",\"inLanguage\":\"gl-ES\",\"@id\":\"https:\\\/\\\/www.anovapeneira.gal\\\/#\\\/schema\\\/logo\\\/image\\\/\",\"url\":\"http:\\\/\\\/www.anovapeneira.gal\\\/wp-content\\\/uploads\\\/2019\\\/06\\\/logo_a_nova_peneira_portal_web.png\",\"contentUrl\":\"http:\\\/\\\/www.anovapeneira.gal\\\/wp-content\\\/uploads\\\/2019\\\/06\\\/logo_a_nova_peneira_portal_web.png\",\"width\":300,\"height\":100,\"caption\":\"A Nova Peneira\"},\"image\":{\"@id\":\"https:\\\/\\\/www.anovapeneira.gal\\\/#\\\/schema\\\/logo\\\/image\\\/\"},\"sameAs\":[\"https:\\\/\\\/www.facebook.com\\\/anovapeneira\",\"https:\\\/\\\/x.com\\\/APeneira\"]},{\"@type\":\"Person\",\"@id\":\"https:\\\/\\\/www.anovapeneira.gal\\\/#\\\/schema\\\/person\\\/d9d84823564720e7593293bab054e52d\",\"name\":\"Marcos Santos\",\"image\":{\"@type\":\"ImageObject\",\"inLanguage\":\"gl-ES\",\"@id\":\"https:\\\/\\\/secure.gravatar.com\\\/avatar\\\/0e8017099a7a47c0a9d2275e865fe326484561eb3d70649069e4b8e61a8d2e8c?s=96&d=mm&r=g\",\"url\":\"https:\\\/\\\/secure.gravatar.com\\\/avatar\\\/0e8017099a7a47c0a9d2275e865fe326484561eb3d70649069e4b8e61a8d2e8c?s=96&d=mm&r=g\",\"contentUrl\":\"https:\\\/\\\/secure.gravatar.com\\\/avatar\\\/0e8017099a7a47c0a9d2275e865fe326484561eb3d70649069e4b8e61a8d2e8c?s=96&d=mm&r=g\",\"caption\":\"Marcos Santos\"},\"sameAs\":[\"http:\\\/\\\/anovapeneira.gal\"],\"url\":\"https:\\\/\\\/www.anovapeneira.gal\\\/index.php\\\/author\\\/marcos-santos\\\/\"}]}<\/script>\n<!-- \/ Yoast SEO plugin. -->","yoast_head_json":{"title":"Chapela unha e mil veces bereteira -","robots":{"index":"index","follow":"follow","max-snippet":"max-snippet:-1","max-image-preview":"max-image-preview:large","max-video-preview":"max-video-preview:-1"},"canonical":"https:\/\/www.anovapeneira.gal\/index.php\/2024\/08\/01\/chapela-unha-e-mil-veces-bereteira\/","og_locale":"gl_ES","og_type":"article","og_title":"Chapela unha e mil veces bereteira -","og_description":"O vindeiro 3 de agosto teremos no incomparable marco de Area Longa a und\u00e9cima edici\u00f3n do festival \u201cBerete Rock\u201d, un evento xa consolidado na psique colectiva de todas as persoas que amamos o Rock como imperdible [...]","og_url":"https:\/\/www.anovapeneira.gal\/index.php\/2024\/08\/01\/chapela-unha-e-mil-veces-bereteira\/","article_publisher":"https:\/\/www.facebook.com\/anovapeneira","article_published_time":"2024-08-01T08:00:42+00:00","og_image":[{"width":720,"height":432,"url":"https:\/\/www.anovapeneira.gal\/wp-content\/uploads\/2024\/07\/berete_rock.png","type":"image\/png"}],"author":"Marcos Santos","twitter_card":"summary_large_image","twitter_creator":"@APeneira","twitter_site":"@APeneira","twitter_misc":{"Escrito por":"Marcos Santos","Tempo de lectura":"2 minutos"},"schema":{"@context":"https:\/\/schema.org","@graph":[{"@type":"Article","@id":"https:\/\/www.anovapeneira.gal\/index.php\/2024\/08\/01\/chapela-unha-e-mil-veces-bereteira\/#article","isPartOf":{"@id":"https:\/\/www.anovapeneira.gal\/index.php\/2024\/08\/01\/chapela-unha-e-mil-veces-bereteira\/"},"author":{"name":"Marcos Santos","@id":"https:\/\/www.anovapeneira.gal\/#\/schema\/person\/d9d84823564720e7593293bab054e52d"},"headline":"Chapela unha e mil veces bereteira","datePublished":"2024-08-01T08:00:42+00:00","mainEntityOfPage":{"@id":"https:\/\/www.anovapeneira.gal\/index.php\/2024\/08\/01\/chapela-unha-e-mil-veces-bereteira\/"},"wordCount":826,"commentCount":0,"publisher":{"@id":"https:\/\/www.anovapeneira.gal\/#organization"},"image":{"@id":"https:\/\/www.anovapeneira.gal\/index.php\/2024\/08\/01\/chapela-unha-e-mil-veces-bereteira\/#primaryimage"},"thumbnailUrl":"https:\/\/www.anovapeneira.gal\/wp-content\/uploads\/2024\/07\/berete_rock.png","keywords":["Concello de Redondela"],"articleSection":["Redondela"],"inLanguage":"gl-ES","potentialAction":[{"@type":"CommentAction","name":"Comment","target":["https:\/\/www.anovapeneira.gal\/index.php\/2024\/08\/01\/chapela-unha-e-mil-veces-bereteira\/#respond"]}]},{"@type":"WebPage","@id":"https:\/\/www.anovapeneira.gal\/index.php\/2024\/08\/01\/chapela-unha-e-mil-veces-bereteira\/","url":"https:\/\/www.anovapeneira.gal\/index.php\/2024\/08\/01\/chapela-unha-e-mil-veces-bereteira\/","name":"Chapela unha e mil veces bereteira -","isPartOf":{"@id":"https:\/\/www.anovapeneira.gal\/#website"},"primaryImageOfPage":{"@id":"https:\/\/www.anovapeneira.gal\/index.php\/2024\/08\/01\/chapela-unha-e-mil-veces-bereteira\/#primaryimage"},"image":{"@id":"https:\/\/www.anovapeneira.gal\/index.php\/2024\/08\/01\/chapela-unha-e-mil-veces-bereteira\/#primaryimage"},"thumbnailUrl":"https:\/\/www.anovapeneira.gal\/wp-content\/uploads\/2024\/07\/berete_rock.png","datePublished":"2024-08-01T08:00:42+00:00","breadcrumb":{"@id":"https:\/\/www.anovapeneira.gal\/index.php\/2024\/08\/01\/chapela-unha-e-mil-veces-bereteira\/#breadcrumb"},"inLanguage":"gl-ES","potentialAction":[{"@type":"ReadAction","target":["https:\/\/www.anovapeneira.gal\/index.php\/2024\/08\/01\/chapela-unha-e-mil-veces-bereteira\/"]}]},{"@type":"ImageObject","inLanguage":"gl-ES","@id":"https:\/\/www.anovapeneira.gal\/index.php\/2024\/08\/01\/chapela-unha-e-mil-veces-bereteira\/#primaryimage","url":"https:\/\/www.anovapeneira.gal\/wp-content\/uploads\/2024\/07\/berete_rock.png","contentUrl":"https:\/\/www.anovapeneira.gal\/wp-content\/uploads\/2024\/07\/berete_rock.png","width":720,"height":432,"caption":"Berete Rock"},{"@type":"BreadcrumbList","@id":"https:\/\/www.anovapeneira.gal\/index.php\/2024\/08\/01\/chapela-unha-e-mil-veces-bereteira\/#breadcrumb","itemListElement":[{"@type":"ListItem","position":1,"name":"Portada","item":"https:\/\/www.anovapeneira.gal\/"},{"@type":"ListItem","position":2,"name":"Chapela unha e mil veces bereteira"}]},{"@type":"WebSite","@id":"https:\/\/www.anovapeneira.gal\/#website","url":"https:\/\/www.anovapeneira.gal\/","name":"","description":"Xornal galego de informaci\u00f3n xeral Publicaci\u00f3n mensual de novas de Galicia e en especial dos Concellos da sur da provincia de Pontevedra.","publisher":{"@id":"https:\/\/www.anovapeneira.gal\/#organization"},"potentialAction":[{"@type":"SearchAction","target":{"@type":"EntryPoint","urlTemplate":"https:\/\/www.anovapeneira.gal\/?s={search_term_string}"},"query-input":{"@type":"PropertyValueSpecification","valueRequired":true,"valueName":"search_term_string"}}],"inLanguage":"gl-ES"},{"@type":"Organization","@id":"https:\/\/www.anovapeneira.gal\/#organization","name":"A Nova Peneira","url":"https:\/\/www.anovapeneira.gal\/","logo":{"@type":"ImageObject","inLanguage":"gl-ES","@id":"https:\/\/www.anovapeneira.gal\/#\/schema\/logo\/image\/","url":"http:\/\/www.anovapeneira.gal\/wp-content\/uploads\/2019\/06\/logo_a_nova_peneira_portal_web.png","contentUrl":"http:\/\/www.anovapeneira.gal\/wp-content\/uploads\/2019\/06\/logo_a_nova_peneira_portal_web.png","width":300,"height":100,"caption":"A Nova Peneira"},"image":{"@id":"https:\/\/www.anovapeneira.gal\/#\/schema\/logo\/image\/"},"sameAs":["https:\/\/www.facebook.com\/anovapeneira","https:\/\/x.com\/APeneira"]},{"@type":"Person","@id":"https:\/\/www.anovapeneira.gal\/#\/schema\/person\/d9d84823564720e7593293bab054e52d","name":"Marcos Santos","image":{"@type":"ImageObject","inLanguage":"gl-ES","@id":"https:\/\/secure.gravatar.com\/avatar\/0e8017099a7a47c0a9d2275e865fe326484561eb3d70649069e4b8e61a8d2e8c?s=96&d=mm&r=g","url":"https:\/\/secure.gravatar.com\/avatar\/0e8017099a7a47c0a9d2275e865fe326484561eb3d70649069e4b8e61a8d2e8c?s=96&d=mm&r=g","contentUrl":"https:\/\/secure.gravatar.com\/avatar\/0e8017099a7a47c0a9d2275e865fe326484561eb3d70649069e4b8e61a8d2e8c?s=96&d=mm&r=g","caption":"Marcos Santos"},"sameAs":["http:\/\/anovapeneira.gal"],"url":"https:\/\/www.anovapeneira.gal\/index.php\/author\/marcos-santos\/"}]}},"jetpack_featured_media_url":"https:\/\/www.anovapeneira.gal\/wp-content\/uploads\/2024\/07\/berete_rock.png","_links":{"self":[{"href":"https:\/\/www.anovapeneira.gal\/index.php\/wp-json\/wp\/v2\/posts\/12158","targetHints":{"allow":["GET"]}}],"collection":[{"href":"https:\/\/www.anovapeneira.gal\/index.php\/wp-json\/wp\/v2\/posts"}],"about":[{"href":"https:\/\/www.anovapeneira.gal\/index.php\/wp-json\/wp\/v2\/types\/post"}],"author":[{"embeddable":true,"href":"https:\/\/www.anovapeneira.gal\/index.php\/wp-json\/wp\/v2\/users\/6"}],"replies":[{"embeddable":true,"href":"https:\/\/www.anovapeneira.gal\/index.php\/wp-json\/wp\/v2\/comments?post=12158"}],"version-history":[{"count":2,"href":"https:\/\/www.anovapeneira.gal\/index.php\/wp-json\/wp\/v2\/posts\/12158\/revisions"}],"predecessor-version":[{"id":12161,"href":"https:\/\/www.anovapeneira.gal\/index.php\/wp-json\/wp\/v2\/posts\/12158\/revisions\/12161"}],"wp:featuredmedia":[{"embeddable":true,"href":"https:\/\/www.anovapeneira.gal\/index.php\/wp-json\/wp\/v2\/media\/12159"}],"wp:attachment":[{"href":"https:\/\/www.anovapeneira.gal\/index.php\/wp-json\/wp\/v2\/media?parent=12158"}],"wp:term":[{"taxonomy":"category","embeddable":true,"href":"https:\/\/www.anovapeneira.gal\/index.php\/wp-json\/wp\/v2\/categories?post=12158"},{"taxonomy":"post_tag","embeddable":true,"href":"https:\/\/www.anovapeneira.gal\/index.php\/wp-json\/wp\/v2\/tags?post=12158"}],"curies":[{"name":"wp","href":"https:\/\/api.w.org\/{rel}","templated":true}]}}