{"id":12169,"date":"2024-08-02T10:00:35","date_gmt":"2024-08-02T08:00:35","guid":{"rendered":"https:\/\/www.anovapeneira.gal\/?p=12169"},"modified":"2024-07-24T19:25:31","modified_gmt":"2024-07-24T17:25:31","slug":"o-colectivo-a-memoria-e-naufraga-exemplo-de-dignidade-e-compromiso-coa-memoria-historica","status":"publish","type":"post","link":"https:\/\/www.anovapeneira.gal\/index.php\/2024\/08\/02\/o-colectivo-a-memoria-e-naufraga-exemplo-de-dignidade-e-compromiso-coa-memoria-historica\/","title":{"rendered":"O colectivo \u201c A Memoria \u00e9 N\u00e1ufraga\u201d exemplo de dignidade e compromiso coa memoria hist\u00f3rica"},"content":{"rendered":"\n<p>A medida que os cami\u00f1os vitais percorridos fanse m\u00e1is extensos, e os que a\u00ednda quedan por percorrer m\u00e1is cativos, a memoria ocupa un lugar cada vez m\u00e1is importante na arquitectura da alma humana. Cando compartimos espazo con outros seres humanos as conversas sobre acontecementos , persoas e experiencias pasadas compartidas ou non, fannos sentir ben e contrib\u00faen a constru\u00edr ambientes de comodidade e calidez. Non se pode vivir sen memoria. Cando unha persoa enferma de alzheimer est\u00e1 nas \u00faltimas fases da s\u00faa enfermidade perde completamente a conexi\u00f3n coa s\u00faa propia identidade, e xa non \u00e9. A memoria \u00e9 a rede que tece as conexi\u00f3ns cos que estiveron antes ca n\u00f3s, cos que se cruzaron con n\u00f3s nas estradas e meandros das nosas vidas e contribu\u00edron a facer o que somos no presente. O pasado \u00e9 imprescindible na construci\u00f3n do presente e inevitable no dese\u00f1o dos so\u00f1os , esperanzas e expectativas futuras. A memoria pode ser individual , sobre as experiencias de cada un, ou colectiva , sobre os fen\u00f3menos hist\u00f3ricos que tiveron incidencia nas distintas fases de abalo e devalo da humanidade.<\/p>\n\n\n\n<p>Ambas son imprescindibles e igual de importantes. Co\u00f1ecer a historia persoal fainos tomar consciencia do noso lugar no mundo e serve para entender o que somos, al\u00e9n de para manter vivo o recordo das xeraci\u00f3ns pasadas nas xeraci\u00f3ns futuras. E dignificar a memoria colectiva de quen se comprometeu, da forma e maneira que sexa, en tratar de facer mellor \u00e1 humanidade \u00e9 un acto de xustiza para quen arriscou o seu benestar persoal, en moitas ocasi\u00f3ns chegando a perder a propia vida, para que os seus semellantes puideran vivir mellor.<\/p>\n\n\n\n<p>Este traballo de dignificaci\u00f3n da memoria de outros que estiveron antes ca n\u00f3s, e sufriron a represi\u00f3n das gadoupas da besta do fascismo, \u00e9 o que fan( entre outras cousas) os membros do colectivo protagonista desta reportaxe:\u201dA Memoria \u00e9 n\u00e1ufraga\u201d.Eles desenvolven as s\u00faas actividades nunha casa do Concello de B\u00f3veda. Propiedade do profesor de m\u00fasica Julio Costa. Na devandita casa foi apresado, Manuel D\u00edaz Gonz\u00e1lez( 1886-1936) antigo alcalde republicano do Incio, m\u00e9dico de notables cualidades humanas, era chamado o \u201c m\u00e9dico dos pobres\u201d por non lle cobrar os seus servizos a quen non os puidera pagar, e home comprometido co ben com\u00fan.<\/p>\n\n\n\n<p>Neste sentido de dignificar a memoria dun home honrado, asasinado por uns asasinos sen ning\u00fan tipo de matiz, \u00e9 obrigado salientar a figura de Jose Luis D\u00edaz, sobri\u00f1o de Manuel, e autor de varios libros sobre a figura so seu t\u00edo.<\/p>\n\n\n\n<p>Na plataforma Vimeo podemos atopar un documental sobre O M\u00e9dico dos Pobres, producido pola asociaci\u00f3n \u201c A memoria \u00e9 n\u00e1ufraga\u201d, cuxa visualizaci\u00f3n recomendamos vivamente a calquera persoa que te\u00f1a unha m\u00ednima sensibilidade cara \u00e1s persoas que arriscan o seu benestar persoal en prol do ben colectivo. N\u00f3s conversamos con Julio Costa, un dos membros da asociaci\u00f3n e propietario actual da casa na que foi apresado Manuel D\u00edaz antes de ser asasinado.<\/p>\n\n\n\n<p><strong>Julio Costa.<\/strong><\/p>\n\n\n\n<h2 class=\"wp-block-heading\">\u201c<strong>As conversas con persoas maiores, testemu\u00f1as daqueles dram\u00e1ticos episodios, te\u00f1en un efecto terap\u00e9utico\u201d<\/strong><\/h2>\n\n\n\n<p><strong>A t\u00faa profesi\u00f3n \u00e9 a de mestre, verdade ?<\/strong><\/p>\n\n\n\n<blockquote class=\"wp-block-quote is-layout-flow wp-block-quote-is-layout-flow\">\n<p>Si. Eu son natural de Lal\u00edn. Estiven ensinando m\u00fasica 13 anos nun colexio da Coru\u00f1a e desde o 2015 ensino en Lugo.<\/p>\n<\/blockquote>\n\n\n\n<p><strong>Cando tempo levas na docencia?<\/strong><\/p>\n\n\n\n<blockquote class=\"wp-block-quote is-layout-flow wp-block-quote-is-layout-flow\">\n<p>Desde o 2001.<\/p>\n<\/blockquote>\n\n\n\n<p><strong>G\u00fastache?<\/strong><\/p>\n\n\n\n<blockquote class=\"wp-block-quote is-layout-flow wp-block-quote-is-layout-flow\">\n<p>Enc\u00e1ntame. Te\u00f1o a inmensa fortuna de poder ga\u00f1arme a vida facendo algo, ensinar m\u00fasica, polo que sinto paix\u00f3n.<\/p>\n<\/blockquote>\n\n\n\n<p><strong>Como chegaches \u00e1 casa da que imos falar?<\/strong><\/p>\n\n\n\n<blockquote class=\"wp-block-quote is-layout-flow wp-block-quote-is-layout-flow\">\n<p>Na \u00e9poca do confinamento estabamos a buscar un terreo para mercar e poder instalar a nosa caravana. Desde o principio atopamos por internet unha casa que nos chamou moito a atenci\u00f3n e nunha das fases na que permitiron sa\u00edr puidemos vela en vivo.<\/p>\n<\/blockquote>\n\n\n\n<p><strong>Entendo que vos gustou?<\/strong><\/p>\n\n\n\n<blockquote class=\"wp-block-quote is-layout-flow wp-block-quote-is-layout-flow\">\n<p>Namorounos.<\/p>\n<\/blockquote>\n\n\n\n<p><strong>En que localidade est\u00e1?<\/strong><\/p>\n\n\n\n<blockquote class=\"wp-block-quote is-layout-flow wp-block-quote-is-layout-flow\">\n<p>Pertence ao concello de B\u00f3veda. Era unha casa de farmac\u00e9uticos xa desde o SXIX. Finalmente acabamos por mercala, e as persoas que nola venden son as que nos dan as primeiras novas da importante historia que ti\u00f1a a casa. E a min que me gusta a historia entr\u00e1ronme unhas inmensas ga\u00f1as de pescudar , tanto \u00e9 as\u00ed que acabamos por contactar co autor do libro que recolle a historia do m\u00e9dico asasinado.<\/p>\n<\/blockquote>\n\n\n\n<p><strong>Que tal se conservaba a casa?<\/strong><\/p>\n\n\n\n<blockquote class=\"wp-block-quote is-layout-flow wp-block-quote-is-layout-flow\">\n<p>Est\u00e1 en moi bo estado. Asemade conserva moitos elementos patrimoniais que a fan a\u00ednda m\u00e1is interesante. Desde os anos 50 do SXX hab\u00eda uns caseiros, pero nunca chegou a vivir xente de forma continuada pois os seus propietarios s\u00f3 vi\u00f1an pasar algunha fin de semana de cando en vez. A propiedade al\u00e9n da casa principal ten unha casa de caseiros, unha adega e unha finca, ambas moi grandes.<\/p>\n<\/blockquote>\n\n\n\n<p><strong>Como naceu a idea de darlle o uso que lle dades?<\/strong><\/p>\n\n\n\n<blockquote class=\"wp-block-quote is-layout-flow wp-block-quote-is-layout-flow\">\n<p>A partir dalgunha comida que fixemos al\u00ed con amigos e amigas tomamos a decisi\u00f3n de darlle un uso social. Meses despois decidimos fundar unha asociaci\u00f3n sen \u00e1nimo de lucro que se chama \u201cA memoria \u00e9 n\u00e1ufraga\u201d.<\/p>\n<\/blockquote>\n\n\n\n<p><strong>Cales son os \u00e1mbitos de actuaci\u00f3n da asociaci\u00f3n?<\/strong><\/p>\n\n\n\n<blockquote class=\"wp-block-quote is-layout-flow wp-block-quote-is-layout-flow\">\n<p>Son tres:<\/p>\n<\/blockquote>\n\n\n\n<ul class=\"wp-block-list\">\n<li>-A conservaci\u00f3n do patrimonio hist\u00f3rico e cultural.<\/li>\n\n\n\n<li>-Propiciar un espazo de creaci\u00f3n e difusi\u00f3n art\u00edstica. Al\u00ed programamos todo tivo de actividades art\u00edsticas de moi diversas disciplinas.<\/li>\n\n\n\n<li>-O coidado e benestar das persoas. Neste aspecto traballamos un problema co que estamos especialmente sensibilizados: o problema da sa\u00fade mental. Temos feito varios obradoiros de coidado persoal.<\/li>\n<\/ul>\n\n\n\n<p><strong>En relaci\u00f3n coa historia do m\u00e9dico, fixestes un documental?<\/strong><\/p>\n\n\n\n<blockquote class=\"wp-block-quote is-layout-flow wp-block-quote-is-layout-flow\">\n<p>Si, que fala da historia deste m\u00e9dico. Agora iniciamos a gravaci\u00f3n do segundo documental, que est\u00e1 en fase inicial, e precisamente ten que ver coa sa\u00fade mental, co tema dos suicidios.<\/p>\n<\/blockquote>\n\n\n\n<p><strong>Un tema moi preocupante en Lugo?<\/strong><\/p>\n\n\n\n<blockquote class=\"wp-block-quote is-layout-flow wp-block-quote-is-layout-flow\">\n<p>Pois si, Lugo est\u00e1 \u00e1 cabeza de Europa en n\u00famero de suicidios por habitante.<\/p>\n<\/blockquote>\n\n\n\n<p><strong>E cal pode ser o motivo de tan terrible dato estat\u00edstico?<\/strong><\/p>\n\n\n\n<blockquote class=\"wp-block-quote is-layout-flow wp-block-quote-is-layout-flow\">\n<p>Supo\u00f1o que ser\u00e1n unha suma de raz\u00f3ns diversas. Parece que hai coincidencia xeral en que unha das m\u00e1is importantes \u00e9 a perda do sentimento de comunidade. Sobre todo nas aldeas a xente estaba moi afeita a estaren en contacto cos seus veci\u00f1os e o despoboamento xera todo tipo de sentimentos negativos. En calquera caso insisto en que supo\u00f1o que ser\u00e1 unha suma de raz\u00f3ns.<\/p>\n<\/blockquote>\n\n\n\n<p><strong>Tes contacto cos descendentes do m\u00e9dico asasinado?<\/strong><\/p>\n\n\n\n<blockquote class=\"wp-block-quote is-layout-flow wp-block-quote-is-layout-flow\">\n<p>Si, claro. N\u00f3s contactamos coa s\u00faa familia e aproveitamos a visita de Jose Luis D\u00edaz, o sobri\u00f1o do m\u00e9dico asasinado e autor do libro. Realmente este \u00e9 o 3\u00ba libro que escribe en relaci\u00f3n ao seu t\u00edo e polo que eu sei est\u00e1 cerca de quitar o 4\u00ba.<\/p>\n<\/blockquote>\n\n\n\n<p><strong>O m\u00e9dico asasinado foi alcalde de que localidade?<\/strong><\/p>\n\n\n\n<blockquote class=\"wp-block-quote is-layout-flow wp-block-quote-is-layout-flow\">\n<p>Chegou a ser alcalde do Incio. El era o m\u00e9dico da localidade.<\/p>\n<\/blockquote>\n\n\n\n<p><strong>A memoria dunha persoa tan significativa que foi asasinado dunha forma tan cruel , est\u00e1 ao teu xu\u00edzo suficientemente reco\u00f1ecida e valorada?<\/strong><\/p>\n\n\n\n<blockquote class=\"wp-block-quote is-layout-flow wp-block-quote-is-layout-flow\">\n<p>Non. Nin a del nin a de outras persoas coma el. O que n\u00f3s fomos descubrindo no proceso da rodaxe \u00e9 que deste tipo de historias non se fala o necesario pois non deixan de ser un per\u00edodo hist\u00f3rico que trouxo moita dor a moitas familias. E cando falo da dor non me refiro s\u00f3 \u00e1s familias dos represaliados sen\u00f3n tam\u00e9n \u00e1s dos represores.<\/p>\n<\/blockquote>\n\n\n\n<p><strong>E que reacci\u00f3n encontras nas persoas maiores coas que falades deste asunto?<\/strong><\/p>\n\n\n\n<blockquote class=\"wp-block-quote is-layout-flow wp-block-quote-is-layout-flow\">\n<p>Positiva. \u00c9 como unha especie de terapia, hai moita xente maior que est\u00e1 como necesitada de falar destes episodios dos que nunca chegaron a falar. De feito no documental sae un home de 96 anos, que foi a \u00fanica testemu\u00f1a dese \u00faltimo d\u00eda do m\u00e9dico. El ti\u00f1a 8 anos e o m\u00e9dico pediu no bar do seu av\u00f3 a \u00faltima gaseosa pouco antes de que o mataran.<\/p>\n<\/blockquote>\n\n\n\n<p><strong>Foi capturado na que agora \u00e9 a vosa casa, verdade?<\/strong><\/p>\n\n\n\n<blockquote class=\"wp-block-quote is-layout-flow wp-block-quote-is-layout-flow\">\n<p>Si. Captur\u00e1rono na que agora \u00e9 a nosa casa, lev\u00e1rono atado a un cabalo e pase\u00e1rono por unas cantas aldeas. Este home, que daquela era un neno, lembra cando o levaban atado e parou no bar do seu av\u00f3 a pedir unha gaseosa. Recorda asemade como a pediu\u201d D\u00e1me por favor unha gaseosa, esta vai ser a \u00faltima gaseosa que me deas\u201d.Ao pouco tempo de sa\u00edr do local foi cando o mataron. Este home a primeira vez que deu testemu\u00f1o do episodio da gaseosa foi hai cinco anos. F\u00edxate se non ser\u00eda traum\u00e1tico.<\/p>\n<\/blockquote>\n\n\n\n<p><strong>Como podemos facer para ver o documental?<\/strong><\/p>\n\n\n\n<blockquote class=\"wp-block-quote is-layout-flow wp-block-quote-is-layout-flow\">\n<p>Est\u00e1 en Vimeo, unha plataforma de pago. Non nos queda outra pois precisamos financiamento para pagar as rodaxes e os gastos derivados das nosa actividade. O que queira velo ten que contactar con n\u00f3s e xa lle explicamos o que debe facer para visualizalo.<\/p>\n<\/blockquote>\n\n\n\n<p><strong>Que tal se porta o goberno municipal de B\u00f3veda con v\u00f3s?<\/strong><\/p>\n\n\n\n<blockquote class=\"wp-block-quote is-layout-flow wp-block-quote-is-layout-flow\">\n<p>Tanto o de B\u00f3veda como o de Incio p\u00f3rtanse ben.<\/p>\n<\/blockquote>\n","protected":false},"excerpt":{"rendered":"<div class=\"mh-excerpt\"><p>A medida que os cami\u00f1os vitais percorridos fanse m\u00e1is extensos, e os que a\u00ednda quedan por percorrer m\u00e1is cativos, a memoria ocupa un lugar cada vez m\u00e1is importante na arquitectura da alma humana <a class=\"mh-excerpt-more\" href=\"https:\/\/www.anovapeneira.gal\/index.php\/2024\/08\/02\/o-colectivo-a-memoria-e-naufraga-exemplo-de-dignidade-e-compromiso-coa-memoria-historica\/\" title=\"O colectivo \u201c A Memoria \u00e9 N\u00e1ufraga\u201d exemplo de dignidade e compromiso coa memoria hist\u00f3rica\">[&#8230;]<\/a><\/p>\n<\/div>","protected":false},"author":2,"featured_media":12170,"comment_status":"open","ping_status":"open","sticky":false,"template":"","format":"standard","meta":{"_exactmetrics_skip_tracking":false,"_exactmetrics_sitenote_active":false,"_exactmetrics_sitenote_note":"","_exactmetrics_sitenote_category":0,"footnotes":""},"categories":[264],"tags":[],"class_list":{"0":"post-12169","1":"post","2":"type-post","3":"status-publish","4":"format-standard","5":"has-post-thumbnail","7":"category-entrevistas-galicia"},"yoast_head":"<!-- This site is optimized with the Yoast SEO plugin v27.4 - https:\/\/yoast.com\/product\/yoast-seo-wordpress\/ -->\n<title>O colectivo \u201c A Memoria \u00e9 N\u00e1ufraga\u201d exemplo de dignidade e compromiso coa memoria hist\u00f3rica -<\/title>\n<meta name=\"robots\" content=\"index, follow, max-snippet:-1, max-image-preview:large, max-video-preview:-1\" \/>\n<link rel=\"canonical\" href=\"https:\/\/www.anovapeneira.gal\/index.php\/2024\/08\/02\/o-colectivo-a-memoria-e-naufraga-exemplo-de-dignidade-e-compromiso-coa-memoria-historica\/\" \/>\n<meta property=\"og:locale\" content=\"gl_ES\" \/>\n<meta property=\"og:type\" content=\"article\" \/>\n<meta property=\"og:title\" content=\"O colectivo \u201c A Memoria \u00e9 N\u00e1ufraga\u201d exemplo de dignidade e compromiso coa memoria hist\u00f3rica -\" \/>\n<meta property=\"og:description\" content=\"A medida que os cami\u00f1os vitais percorridos fanse m\u00e1is extensos, e os que a\u00ednda quedan por percorrer m\u00e1is cativos, a memoria ocupa un lugar cada vez m\u00e1is importante na arquitectura da alma humana [...]\" \/>\n<meta property=\"og:url\" content=\"https:\/\/www.anovapeneira.gal\/index.php\/2024\/08\/02\/o-colectivo-a-memoria-e-naufraga-exemplo-de-dignidade-e-compromiso-coa-memoria-historica\/\" \/>\n<meta property=\"article:publisher\" content=\"https:\/\/www.facebook.com\/anovapeneira\" \/>\n<meta property=\"article:published_time\" content=\"2024-08-02T08:00:35+00:00\" \/>\n<meta property=\"og:image\" content=\"https:\/\/www.anovapeneira.gal\/wp-content\/uploads\/2024\/07\/memoria_naufraga.jpg\" \/>\n\t<meta property=\"og:image:width\" content=\"720\" \/>\n\t<meta property=\"og:image:height\" content=\"432\" \/>\n\t<meta property=\"og:image:type\" content=\"image\/jpeg\" \/>\n<meta name=\"author\" content=\"Tino Lago\" \/>\n<meta name=\"twitter:card\" content=\"summary_large_image\" \/>\n<meta name=\"twitter:creator\" content=\"@APeneira\" \/>\n<meta name=\"twitter:site\" content=\"@APeneira\" \/>\n<meta name=\"twitter:label1\" content=\"Escrito por\" \/>\n\t<meta name=\"twitter:data1\" content=\"Tino Lago\" \/>\n\t<meta name=\"twitter:label2\" content=\"Tempo de lectura\" \/>\n\t<meta name=\"twitter:data2\" content=\"5 minutos\" \/>\n<script type=\"application\/ld+json\" class=\"yoast-schema-graph\">{\"@context\":\"https:\\\/\\\/schema.org\",\"@graph\":[{\"@type\":\"Article\",\"@id\":\"https:\\\/\\\/www.anovapeneira.gal\\\/index.php\\\/2024\\\/08\\\/02\\\/o-colectivo-a-memoria-e-naufraga-exemplo-de-dignidade-e-compromiso-coa-memoria-historica\\\/#article\",\"isPartOf\":{\"@id\":\"https:\\\/\\\/www.anovapeneira.gal\\\/index.php\\\/2024\\\/08\\\/02\\\/o-colectivo-a-memoria-e-naufraga-exemplo-de-dignidade-e-compromiso-coa-memoria-historica\\\/\"},\"author\":{\"name\":\"Tino Lago\",\"@id\":\"https:\\\/\\\/www.anovapeneira.gal\\\/#\\\/schema\\\/person\\\/424dfe65e3070fd8a44d22d2c088762a\"},\"headline\":\"O colectivo \u201c A Memoria \u00e9 N\u00e1ufraga\u201d exemplo de dignidade e compromiso coa memoria hist\u00f3rica\",\"datePublished\":\"2024-08-02T08:00:35+00:00\",\"mainEntityOfPage\":{\"@id\":\"https:\\\/\\\/www.anovapeneira.gal\\\/index.php\\\/2024\\\/08\\\/02\\\/o-colectivo-a-memoria-e-naufraga-exemplo-de-dignidade-e-compromiso-coa-memoria-historica\\\/\"},\"wordCount\":1547,\"commentCount\":0,\"publisher\":{\"@id\":\"https:\\\/\\\/www.anovapeneira.gal\\\/#organization\"},\"image\":{\"@id\":\"https:\\\/\\\/www.anovapeneira.gal\\\/index.php\\\/2024\\\/08\\\/02\\\/o-colectivo-a-memoria-e-naufraga-exemplo-de-dignidade-e-compromiso-coa-memoria-historica\\\/#primaryimage\"},\"thumbnailUrl\":\"https:\\\/\\\/www.anovapeneira.gal\\\/wp-content\\\/uploads\\\/2024\\\/07\\\/memoria_naufraga.jpg\",\"articleSection\":[\"Entrevistas\"],\"inLanguage\":\"gl-ES\",\"potentialAction\":[{\"@type\":\"CommentAction\",\"name\":\"Comment\",\"target\":[\"https:\\\/\\\/www.anovapeneira.gal\\\/index.php\\\/2024\\\/08\\\/02\\\/o-colectivo-a-memoria-e-naufraga-exemplo-de-dignidade-e-compromiso-coa-memoria-historica\\\/#respond\"]}]},{\"@type\":\"WebPage\",\"@id\":\"https:\\\/\\\/www.anovapeneira.gal\\\/index.php\\\/2024\\\/08\\\/02\\\/o-colectivo-a-memoria-e-naufraga-exemplo-de-dignidade-e-compromiso-coa-memoria-historica\\\/\",\"url\":\"https:\\\/\\\/www.anovapeneira.gal\\\/index.php\\\/2024\\\/08\\\/02\\\/o-colectivo-a-memoria-e-naufraga-exemplo-de-dignidade-e-compromiso-coa-memoria-historica\\\/\",\"name\":\"O colectivo \u201c A Memoria \u00e9 N\u00e1ufraga\u201d exemplo de dignidade e compromiso coa memoria hist\u00f3rica -\",\"isPartOf\":{\"@id\":\"https:\\\/\\\/www.anovapeneira.gal\\\/#website\"},\"primaryImageOfPage\":{\"@id\":\"https:\\\/\\\/www.anovapeneira.gal\\\/index.php\\\/2024\\\/08\\\/02\\\/o-colectivo-a-memoria-e-naufraga-exemplo-de-dignidade-e-compromiso-coa-memoria-historica\\\/#primaryimage\"},\"image\":{\"@id\":\"https:\\\/\\\/www.anovapeneira.gal\\\/index.php\\\/2024\\\/08\\\/02\\\/o-colectivo-a-memoria-e-naufraga-exemplo-de-dignidade-e-compromiso-coa-memoria-historica\\\/#primaryimage\"},\"thumbnailUrl\":\"https:\\\/\\\/www.anovapeneira.gal\\\/wp-content\\\/uploads\\\/2024\\\/07\\\/memoria_naufraga.jpg\",\"datePublished\":\"2024-08-02T08:00:35+00:00\",\"breadcrumb\":{\"@id\":\"https:\\\/\\\/www.anovapeneira.gal\\\/index.php\\\/2024\\\/08\\\/02\\\/o-colectivo-a-memoria-e-naufraga-exemplo-de-dignidade-e-compromiso-coa-memoria-historica\\\/#breadcrumb\"},\"inLanguage\":\"gl-ES\",\"potentialAction\":[{\"@type\":\"ReadAction\",\"target\":[\"https:\\\/\\\/www.anovapeneira.gal\\\/index.php\\\/2024\\\/08\\\/02\\\/o-colectivo-a-memoria-e-naufraga-exemplo-de-dignidade-e-compromiso-coa-memoria-historica\\\/\"]}]},{\"@type\":\"ImageObject\",\"inLanguage\":\"gl-ES\",\"@id\":\"https:\\\/\\\/www.anovapeneira.gal\\\/index.php\\\/2024\\\/08\\\/02\\\/o-colectivo-a-memoria-e-naufraga-exemplo-de-dignidade-e-compromiso-coa-memoria-historica\\\/#primaryimage\",\"url\":\"https:\\\/\\\/www.anovapeneira.gal\\\/wp-content\\\/uploads\\\/2024\\\/07\\\/memoria_naufraga.jpg\",\"contentUrl\":\"https:\\\/\\\/www.anovapeneira.gal\\\/wp-content\\\/uploads\\\/2024\\\/07\\\/memoria_naufraga.jpg\",\"width\":720,\"height\":432,\"caption\":\"Julio Costa, Federico Rioboo( director do documental), Patricia Castro e Lorena L\u00f3pez\"},{\"@type\":\"BreadcrumbList\",\"@id\":\"https:\\\/\\\/www.anovapeneira.gal\\\/index.php\\\/2024\\\/08\\\/02\\\/o-colectivo-a-memoria-e-naufraga-exemplo-de-dignidade-e-compromiso-coa-memoria-historica\\\/#breadcrumb\",\"itemListElement\":[{\"@type\":\"ListItem\",\"position\":1,\"name\":\"Portada\",\"item\":\"https:\\\/\\\/www.anovapeneira.gal\\\/\"},{\"@type\":\"ListItem\",\"position\":2,\"name\":\"O colectivo \u201c A Memoria \u00e9 N\u00e1ufraga\u201d exemplo de dignidade e compromiso coa memoria hist\u00f3rica\"}]},{\"@type\":\"WebSite\",\"@id\":\"https:\\\/\\\/www.anovapeneira.gal\\\/#website\",\"url\":\"https:\\\/\\\/www.anovapeneira.gal\\\/\",\"name\":\"\",\"description\":\"Xornal galego de informaci\u00f3n xeral Publicaci\u00f3n mensual de novas de Galicia e en especial dos Concellos da sur da provincia de Pontevedra.\",\"publisher\":{\"@id\":\"https:\\\/\\\/www.anovapeneira.gal\\\/#organization\"},\"potentialAction\":[{\"@type\":\"SearchAction\",\"target\":{\"@type\":\"EntryPoint\",\"urlTemplate\":\"https:\\\/\\\/www.anovapeneira.gal\\\/?s={search_term_string}\"},\"query-input\":{\"@type\":\"PropertyValueSpecification\",\"valueRequired\":true,\"valueName\":\"search_term_string\"}}],\"inLanguage\":\"gl-ES\"},{\"@type\":\"Organization\",\"@id\":\"https:\\\/\\\/www.anovapeneira.gal\\\/#organization\",\"name\":\"A Nova Peneira\",\"url\":\"https:\\\/\\\/www.anovapeneira.gal\\\/\",\"logo\":{\"@type\":\"ImageObject\",\"inLanguage\":\"gl-ES\",\"@id\":\"https:\\\/\\\/www.anovapeneira.gal\\\/#\\\/schema\\\/logo\\\/image\\\/\",\"url\":\"http:\\\/\\\/www.anovapeneira.gal\\\/wp-content\\\/uploads\\\/2019\\\/06\\\/logo_a_nova_peneira_portal_web.png\",\"contentUrl\":\"http:\\\/\\\/www.anovapeneira.gal\\\/wp-content\\\/uploads\\\/2019\\\/06\\\/logo_a_nova_peneira_portal_web.png\",\"width\":300,\"height\":100,\"caption\":\"A Nova Peneira\"},\"image\":{\"@id\":\"https:\\\/\\\/www.anovapeneira.gal\\\/#\\\/schema\\\/logo\\\/image\\\/\"},\"sameAs\":[\"https:\\\/\\\/www.facebook.com\\\/anovapeneira\",\"https:\\\/\\\/x.com\\\/APeneira\"]},{\"@type\":\"Person\",\"@id\":\"https:\\\/\\\/www.anovapeneira.gal\\\/#\\\/schema\\\/person\\\/424dfe65e3070fd8a44d22d2c088762a\",\"name\":\"Tino Lago\",\"image\":{\"@type\":\"ImageObject\",\"inLanguage\":\"gl-ES\",\"@id\":\"https:\\\/\\\/secure.gravatar.com\\\/avatar\\\/b3df6a06e44bab3111583b90f0f33a0379ee5e3d22cbadd232d39f21c30c62be?s=96&d=mm&r=g\",\"url\":\"https:\\\/\\\/secure.gravatar.com\\\/avatar\\\/b3df6a06e44bab3111583b90f0f33a0379ee5e3d22cbadd232d39f21c30c62be?s=96&d=mm&r=g\",\"contentUrl\":\"https:\\\/\\\/secure.gravatar.com\\\/avatar\\\/b3df6a06e44bab3111583b90f0f33a0379ee5e3d22cbadd232d39f21c30c62be?s=96&d=mm&r=g\",\"caption\":\"Tino Lago\"},\"sameAs\":[\"http:\\\/\\\/www.anovapeneira.gal\"],\"url\":\"https:\\\/\\\/www.anovapeneira.gal\\\/index.php\\\/author\\\/director\\\/\"}]}<\/script>\n<!-- \/ Yoast SEO plugin. -->","yoast_head_json":{"title":"O colectivo \u201c A Memoria \u00e9 N\u00e1ufraga\u201d exemplo de dignidade e compromiso coa memoria hist\u00f3rica -","robots":{"index":"index","follow":"follow","max-snippet":"max-snippet:-1","max-image-preview":"max-image-preview:large","max-video-preview":"max-video-preview:-1"},"canonical":"https:\/\/www.anovapeneira.gal\/index.php\/2024\/08\/02\/o-colectivo-a-memoria-e-naufraga-exemplo-de-dignidade-e-compromiso-coa-memoria-historica\/","og_locale":"gl_ES","og_type":"article","og_title":"O colectivo \u201c A Memoria \u00e9 N\u00e1ufraga\u201d exemplo de dignidade e compromiso coa memoria hist\u00f3rica -","og_description":"A medida que os cami\u00f1os vitais percorridos fanse m\u00e1is extensos, e os que a\u00ednda quedan por percorrer m\u00e1is cativos, a memoria ocupa un lugar cada vez m\u00e1is importante na arquitectura da alma humana [...]","og_url":"https:\/\/www.anovapeneira.gal\/index.php\/2024\/08\/02\/o-colectivo-a-memoria-e-naufraga-exemplo-de-dignidade-e-compromiso-coa-memoria-historica\/","article_publisher":"https:\/\/www.facebook.com\/anovapeneira","article_published_time":"2024-08-02T08:00:35+00:00","og_image":[{"width":720,"height":432,"url":"https:\/\/www.anovapeneira.gal\/wp-content\/uploads\/2024\/07\/memoria_naufraga.jpg","type":"image\/jpeg"}],"author":"Tino Lago","twitter_card":"summary_large_image","twitter_creator":"@APeneira","twitter_site":"@APeneira","twitter_misc":{"Escrito por":"Tino Lago","Tempo de lectura":"5 minutos"},"schema":{"@context":"https:\/\/schema.org","@graph":[{"@type":"Article","@id":"https:\/\/www.anovapeneira.gal\/index.php\/2024\/08\/02\/o-colectivo-a-memoria-e-naufraga-exemplo-de-dignidade-e-compromiso-coa-memoria-historica\/#article","isPartOf":{"@id":"https:\/\/www.anovapeneira.gal\/index.php\/2024\/08\/02\/o-colectivo-a-memoria-e-naufraga-exemplo-de-dignidade-e-compromiso-coa-memoria-historica\/"},"author":{"name":"Tino Lago","@id":"https:\/\/www.anovapeneira.gal\/#\/schema\/person\/424dfe65e3070fd8a44d22d2c088762a"},"headline":"O colectivo \u201c A Memoria \u00e9 N\u00e1ufraga\u201d exemplo de dignidade e compromiso coa memoria hist\u00f3rica","datePublished":"2024-08-02T08:00:35+00:00","mainEntityOfPage":{"@id":"https:\/\/www.anovapeneira.gal\/index.php\/2024\/08\/02\/o-colectivo-a-memoria-e-naufraga-exemplo-de-dignidade-e-compromiso-coa-memoria-historica\/"},"wordCount":1547,"commentCount":0,"publisher":{"@id":"https:\/\/www.anovapeneira.gal\/#organization"},"image":{"@id":"https:\/\/www.anovapeneira.gal\/index.php\/2024\/08\/02\/o-colectivo-a-memoria-e-naufraga-exemplo-de-dignidade-e-compromiso-coa-memoria-historica\/#primaryimage"},"thumbnailUrl":"https:\/\/www.anovapeneira.gal\/wp-content\/uploads\/2024\/07\/memoria_naufraga.jpg","articleSection":["Entrevistas"],"inLanguage":"gl-ES","potentialAction":[{"@type":"CommentAction","name":"Comment","target":["https:\/\/www.anovapeneira.gal\/index.php\/2024\/08\/02\/o-colectivo-a-memoria-e-naufraga-exemplo-de-dignidade-e-compromiso-coa-memoria-historica\/#respond"]}]},{"@type":"WebPage","@id":"https:\/\/www.anovapeneira.gal\/index.php\/2024\/08\/02\/o-colectivo-a-memoria-e-naufraga-exemplo-de-dignidade-e-compromiso-coa-memoria-historica\/","url":"https:\/\/www.anovapeneira.gal\/index.php\/2024\/08\/02\/o-colectivo-a-memoria-e-naufraga-exemplo-de-dignidade-e-compromiso-coa-memoria-historica\/","name":"O colectivo \u201c A Memoria \u00e9 N\u00e1ufraga\u201d exemplo de dignidade e compromiso coa memoria hist\u00f3rica -","isPartOf":{"@id":"https:\/\/www.anovapeneira.gal\/#website"},"primaryImageOfPage":{"@id":"https:\/\/www.anovapeneira.gal\/index.php\/2024\/08\/02\/o-colectivo-a-memoria-e-naufraga-exemplo-de-dignidade-e-compromiso-coa-memoria-historica\/#primaryimage"},"image":{"@id":"https:\/\/www.anovapeneira.gal\/index.php\/2024\/08\/02\/o-colectivo-a-memoria-e-naufraga-exemplo-de-dignidade-e-compromiso-coa-memoria-historica\/#primaryimage"},"thumbnailUrl":"https:\/\/www.anovapeneira.gal\/wp-content\/uploads\/2024\/07\/memoria_naufraga.jpg","datePublished":"2024-08-02T08:00:35+00:00","breadcrumb":{"@id":"https:\/\/www.anovapeneira.gal\/index.php\/2024\/08\/02\/o-colectivo-a-memoria-e-naufraga-exemplo-de-dignidade-e-compromiso-coa-memoria-historica\/#breadcrumb"},"inLanguage":"gl-ES","potentialAction":[{"@type":"ReadAction","target":["https:\/\/www.anovapeneira.gal\/index.php\/2024\/08\/02\/o-colectivo-a-memoria-e-naufraga-exemplo-de-dignidade-e-compromiso-coa-memoria-historica\/"]}]},{"@type":"ImageObject","inLanguage":"gl-ES","@id":"https:\/\/www.anovapeneira.gal\/index.php\/2024\/08\/02\/o-colectivo-a-memoria-e-naufraga-exemplo-de-dignidade-e-compromiso-coa-memoria-historica\/#primaryimage","url":"https:\/\/www.anovapeneira.gal\/wp-content\/uploads\/2024\/07\/memoria_naufraga.jpg","contentUrl":"https:\/\/www.anovapeneira.gal\/wp-content\/uploads\/2024\/07\/memoria_naufraga.jpg","width":720,"height":432,"caption":"Julio Costa, Federico Rioboo( director do documental), Patricia Castro e Lorena L\u00f3pez"},{"@type":"BreadcrumbList","@id":"https:\/\/www.anovapeneira.gal\/index.php\/2024\/08\/02\/o-colectivo-a-memoria-e-naufraga-exemplo-de-dignidade-e-compromiso-coa-memoria-historica\/#breadcrumb","itemListElement":[{"@type":"ListItem","position":1,"name":"Portada","item":"https:\/\/www.anovapeneira.gal\/"},{"@type":"ListItem","position":2,"name":"O colectivo \u201c A Memoria \u00e9 N\u00e1ufraga\u201d exemplo de dignidade e compromiso coa memoria hist\u00f3rica"}]},{"@type":"WebSite","@id":"https:\/\/www.anovapeneira.gal\/#website","url":"https:\/\/www.anovapeneira.gal\/","name":"","description":"Xornal galego de informaci\u00f3n xeral Publicaci\u00f3n mensual de novas de Galicia e en especial dos Concellos da sur da provincia de Pontevedra.","publisher":{"@id":"https:\/\/www.anovapeneira.gal\/#organization"},"potentialAction":[{"@type":"SearchAction","target":{"@type":"EntryPoint","urlTemplate":"https:\/\/www.anovapeneira.gal\/?s={search_term_string}"},"query-input":{"@type":"PropertyValueSpecification","valueRequired":true,"valueName":"search_term_string"}}],"inLanguage":"gl-ES"},{"@type":"Organization","@id":"https:\/\/www.anovapeneira.gal\/#organization","name":"A Nova Peneira","url":"https:\/\/www.anovapeneira.gal\/","logo":{"@type":"ImageObject","inLanguage":"gl-ES","@id":"https:\/\/www.anovapeneira.gal\/#\/schema\/logo\/image\/","url":"http:\/\/www.anovapeneira.gal\/wp-content\/uploads\/2019\/06\/logo_a_nova_peneira_portal_web.png","contentUrl":"http:\/\/www.anovapeneira.gal\/wp-content\/uploads\/2019\/06\/logo_a_nova_peneira_portal_web.png","width":300,"height":100,"caption":"A Nova Peneira"},"image":{"@id":"https:\/\/www.anovapeneira.gal\/#\/schema\/logo\/image\/"},"sameAs":["https:\/\/www.facebook.com\/anovapeneira","https:\/\/x.com\/APeneira"]},{"@type":"Person","@id":"https:\/\/www.anovapeneira.gal\/#\/schema\/person\/424dfe65e3070fd8a44d22d2c088762a","name":"Tino Lago","image":{"@type":"ImageObject","inLanguage":"gl-ES","@id":"https:\/\/secure.gravatar.com\/avatar\/b3df6a06e44bab3111583b90f0f33a0379ee5e3d22cbadd232d39f21c30c62be?s=96&d=mm&r=g","url":"https:\/\/secure.gravatar.com\/avatar\/b3df6a06e44bab3111583b90f0f33a0379ee5e3d22cbadd232d39f21c30c62be?s=96&d=mm&r=g","contentUrl":"https:\/\/secure.gravatar.com\/avatar\/b3df6a06e44bab3111583b90f0f33a0379ee5e3d22cbadd232d39f21c30c62be?s=96&d=mm&r=g","caption":"Tino Lago"},"sameAs":["http:\/\/www.anovapeneira.gal"],"url":"https:\/\/www.anovapeneira.gal\/index.php\/author\/director\/"}]}},"jetpack_featured_media_url":"https:\/\/www.anovapeneira.gal\/wp-content\/uploads\/2024\/07\/memoria_naufraga.jpg","_links":{"self":[{"href":"https:\/\/www.anovapeneira.gal\/index.php\/wp-json\/wp\/v2\/posts\/12169","targetHints":{"allow":["GET"]}}],"collection":[{"href":"https:\/\/www.anovapeneira.gal\/index.php\/wp-json\/wp\/v2\/posts"}],"about":[{"href":"https:\/\/www.anovapeneira.gal\/index.php\/wp-json\/wp\/v2\/types\/post"}],"author":[{"embeddable":true,"href":"https:\/\/www.anovapeneira.gal\/index.php\/wp-json\/wp\/v2\/users\/2"}],"replies":[{"embeddable":true,"href":"https:\/\/www.anovapeneira.gal\/index.php\/wp-json\/wp\/v2\/comments?post=12169"}],"version-history":[{"count":1,"href":"https:\/\/www.anovapeneira.gal\/index.php\/wp-json\/wp\/v2\/posts\/12169\/revisions"}],"predecessor-version":[{"id":12171,"href":"https:\/\/www.anovapeneira.gal\/index.php\/wp-json\/wp\/v2\/posts\/12169\/revisions\/12171"}],"wp:featuredmedia":[{"embeddable":true,"href":"https:\/\/www.anovapeneira.gal\/index.php\/wp-json\/wp\/v2\/media\/12170"}],"wp:attachment":[{"href":"https:\/\/www.anovapeneira.gal\/index.php\/wp-json\/wp\/v2\/media?parent=12169"}],"wp:term":[{"taxonomy":"category","embeddable":true,"href":"https:\/\/www.anovapeneira.gal\/index.php\/wp-json\/wp\/v2\/categories?post=12169"},{"taxonomy":"post_tag","embeddable":true,"href":"https:\/\/www.anovapeneira.gal\/index.php\/wp-json\/wp\/v2\/tags?post=12169"}],"curies":[{"name":"wp","href":"https:\/\/api.w.org\/{rel}","templated":true}]}}