{"id":1217,"date":"2019-09-13T10:00:15","date_gmt":"2019-09-13T08:00:15","guid":{"rendered":"http:\/\/www.anovapeneira.gal\/?p=1217"},"modified":"2019-09-09T00:00:49","modified_gmt":"2019-09-08T22:00:49","slug":"xose-manuel-rodriguez-mendez-alcalde-das-neves","status":"publish","type":"post","link":"https:\/\/www.anovapeneira.gal\/index.php\/2019\/09\/13\/xose-manuel-rodriguez-mendez-alcalde-das-neves\/","title":{"rendered":"Xose Manuel Rodr\u00edguez M\u00e9ndez  Alcalde Das Neves"},"content":{"rendered":"\n<figure class=\"wp-block-image is-resized\"><img loading=\"lazy\" decoding=\"async\" src=\"http:\/\/www.anovapeneira.gal\/wp-content\/uploads\/2019\/05\/tino_lago_director_a_nova_peneira.jpg\" alt=\"Tino Lago director a Nova Peneira\" class=\"wp-image-189\" width=\"95\" height=\"111\"\/><figcaption>Tino Lago director a Nova Peneira<\/figcaption><\/figure>\n\n\n\n<p><strong>A piques dunha nova edici\u00f3n da Festa do Vi\u00f1o, que desta volta celebrarase  o pr\u00f3ximo 12 de outubro, acheg\u00e1monos ata As Neves a conversar co seu alcalde, o nacionalista Xos\u00e9 Manuel Rodr\u00edguez, co que novamente analizamos polo mi\u00fado a actualidade do seu fermoso concello. A conversa tiv\u00e9mola no bar das piscinas municipais mentres o que isto escribe morr\u00eda coa envexa da grande cantidade de persoas que gozaban felices dun refrescante e merecido ba\u00f1o nunha soleada e azul tarde de ver\u00e1n. Creo que co\u00f1ezo bastante ben as Neves, non hai parroquia na que non estivera, e coido que podo dicir que percorr\u00edn a maior\u00eda dos barrios  do Concello, pero nunca estivera nas piscinas municipais. Aparquei o meu coche no centro do pobo, e preguntei se quedaban preto para ir paseando, a persoa que me atendeu d\u00edxome algo as\u00ed como \u201c s\u00edii telas al\u00ed ao lado\u201d e al\u00e1  fun andando \u00e1 procura das piscinas, pero claro, o meu informante esqueceu advertirme da tremenda costa que hai que subir para chegar a elas. As lectoras e lectores que a co\u00f1ezan, seguro que entenden as motivaci\u00f3ns da envexa que sent\u00edn das persoas que estaban a gozar do ba\u00f1o estival&#8230;<\/strong><\/p>\n\n\n\n<p>\u201c<strong>OS\nGRANDES RETOS QUE,CON MOITO ESFORZO, PUXEMOS EN MARCHA NO NOSO\nPRIMEIRO MANDATO, COMO POR EXEMPLO A GARDER\u00cdA,OU A ESCOLA DE M\u00daSICA\nCOMEZAN A FLORECER NA ACTUALIDADE\u201d<\/strong><\/p>\n\n\n\n<p><strong>Case tres\nmeses despois de ter iniciado o teu segundo mandato, que nos podes\ndicir deste breve per\u00edodo?<\/strong><\/p>\n\n\n\n<blockquote class=\"wp-block-quote is-layout-flow wp-block-quote-is-layout-flow\"><p>Ben, penso que o iniciamos con moita solidez .Acadamos unha gran estabilidade de goberno que deu como resultado a harmon\u00eda no presente e unhas moi positivas perspectivas de futuro<\/p><\/blockquote>\n\n\n\n<p><strong>Est\u00e1s\nsatisfeito co nivel de cohesi\u00f3n acadado co PSOE?<\/strong><\/p>\n\n\n\n<blockquote class=\"wp-block-quote is-layout-flow wp-block-quote-is-layout-flow\"><p>Si, enormemente satisfeito. Somos un grupo moi cohesionado, que mestura a experiencia e a ilusi\u00f3n por facer ben as cousas<\/p><\/blockquote>\n\n\n\n<p><strong>Vexo que\nest\u00e1s moi c\u00f3modo, a t\u00faa percepci\u00f3n \u00e9 que por parte dos teus\nsocios do PSOE existe reciprocidade?<\/strong><\/p>\n\n\n\n<blockquote class=\"wp-block-quote is-layout-flow wp-block-quote-is-layout-flow\"><p>Estou seguro de que si. A cohesi\u00f3n e a lealdade son mutuas sen d\u00fabida algunha<\/p><\/blockquote>\n\n\n\n<p><strong>O goberno\n\u00e9 de 6; 4 do BNG e 2 do PSOE,  a situaci\u00f3n de Eduardo, o terceiro\nconcelleiro socialista que non quixo formar parte del, cal \u00e9?<\/strong><\/p>\n\n\n\n<blockquote class=\"wp-block-quote is-layout-flow wp-block-quote-is-layout-flow\"><p>El renunciou a apoiar a este goberno, e presentou un escrito por rexistro para pasar a ser concelleiro non adscrito, pero a s\u00faa situaci\u00f3n interna no PSOE desco\u00f1\u00e9zoa<\/p><\/blockquote>\n\n\n\n<p><strong>Fai\noposici\u00f3n?<\/strong><\/p>\n\n\n\n<blockquote class=\"wp-block-quote is-layout-flow wp-block-quote-is-layout-flow\"><p>Si, formalmente si, o nivel \u00e9 o  normal, non se significa.<\/p><\/blockquote>\n\n\n\n<p><strong>Que\nvaloraci\u00f3n global fas do teu primeiro mandato? <\/strong>\n<\/p>\n\n\n\n<blockquote class=\"wp-block-quote is-layout-flow wp-block-quote-is-layout-flow\"><p>O primeiro inici\u00e1molo con moita ilusi\u00f3n, pero foi un tanto accidentado, en gran medida lastrado pola falta de cohesi\u00f3n que houbo entre os dous socios do goberno. Con todo,  penso que afrontamos un gran reto de transformaci\u00f3n das Neves, un pobo gobernado desde a noite dos tempos pola dereita e cunhas estruturas dif\u00edciles de remover. Catro anos \u00e9 un per\u00edodo moi breve e considero que estamos a notar no momento presente que as cousas que puxemos a funcionar comezan a florecer<\/p><\/blockquote>\n\n\n\n<p><strong>Por\nexemplo?<\/strong><\/p>\n\n\n\n<blockquote class=\"wp-block-quote is-layout-flow wp-block-quote-is-layout-flow\"><p>As obras da garder\u00eda que foi un gran reto para n\u00f3s, a casa da m\u00fasica, a renovaci\u00f3n e a decidida aposta que fixemos por reforzar o noso programa cultural, a transformaci\u00f3n da estrutura de servizos sociais&#8230;<\/p><\/blockquote>\n\n\n\n<p><strong>Que nos\ndis dos petr\u00f3glifos de Taboexa?<\/strong><\/p>\n\n\n\n<blockquote class=\"wp-block-quote is-layout-flow wp-block-quote-is-layout-flow\"><p>Unha consecuencia afortunada da terrible traxedia de lumes que sufrimos hai dous anos. Creo que logramos darlles a importancia que realmente te\u00f1en. N\u00f3s imos apostar decididamente por eles, e de feito xa temos aprobada no GDR unha li\u00f1a moi importante de fondos para podermos mellorar substancialmente a s\u00faa contorna.<\/p><\/blockquote>\n\n\n\n<p><strong>A coral das Neves cumpre 30 anos de vida neste 2019, o concello vaise implicar para axudarlles a celebralo, e, o que \u00e9 m\u00e1is importante, para que poidan seguir cumprindo anos?<\/strong><\/p>\n\n\n\n<blockquote class=\"wp-block-quote is-layout-flow wp-block-quote-is-layout-flow\"><p>Desco\u00f1ezo os actos que te\u00f1en previsto para celebrar o seu aniversario, pero desde logo que poremos os medios que o ten o concello, para que na medida do posible poidamos axudar a que te\u00f1an un enorme \u00e9xito. N\u00f3s queremos traballar con todas as asociaci\u00f3ns que articulan a sociedade das Neves, como pode ser a coral, para que se soste\u00f1an e medren. Todo o que contrib\u00faa a reforzar o sentimento de identidade das Neves ter\u00e1 o apoio deste goberno e deste alcalde. De feito a nosa imaxe institucional, pretende ser un s\u00edmbolo gr\u00e1fico da unidade das 13 parroquias que constit\u00faen o noso pobo<\/p><\/blockquote>\n\n\n\n<p><strong>E existe\nese sentimento de identidade?, se lle preguntas a unha persoa por\nexemplo de Batall\u00e1ns ou de Taboexa de onde \u00e9 , diche que \u00e9 das\nNeves?<\/strong><\/p>\n\n\n\n<blockquote class=\"wp-block-quote is-layout-flow wp-block-quote-is-layout-flow\"><p>Pois basicamente creo que a persoa de Batall\u00e1ns dir\u00eda que \u00e9 de Batall\u00e1ns e a de Taboexa dir\u00eda que \u00e9 de Taboexa. Eu mesmo que son de Tortoreos, te\u00f1o por costume dicir que son de Tortoreos. Por\u00e9n, respectando ese sentimento, claro que si, o reto de crear identidade e orgullo de sermos e de vivirmos nas Neves, en calquera curruncho das Neves, est\u00e1 no m\u00e1is profundo de min e da nosa forma de entender a pol\u00edtica. Temos que superar en positivo a idea de que ten que haber todo en todos os sitios, por exemplo unha piscina como esta na que conversamos, ser\u00eda imposible que existise en cada parroquia<\/p><\/blockquote>\n\n\n\n<p><strong>Hmm, iso\nque me dis rec\u00f3rdame un concello da nosa \u00e1rea de influencia que ten\nunha piscina na parroquia do alcalde, outra na parroquia do que era\ntenente de alcalde cando se constru\u00edu e non a ten no centro do pobo<\/strong><\/p>\n\n\n\n<blockquote class=\"wp-block-quote is-layout-flow wp-block-quote-is-layout-flow\"><p>Ha ha ha ha, ben vale, pero aqu\u00ed non se d\u00e1 ese caso<\/p><\/blockquote>\n\n\n\n<p><strong>Como vai o\ntema do perigos\u00edsimo cruce de Setados, solucionarase neste mandato?<\/strong><\/p>\n\n\n\n<blockquote class=\"wp-block-quote is-layout-flow wp-block-quote-is-layout-flow\"><p>Este outro reto moi importante para n\u00f3s, que segue sen resolverse. Est\u00e1 pendente dun informe da axencia galega de infraestruturas  cun compromiso dunha dotaci\u00f3n orzamentaria suficiente para acometer as obras necesarias para solucionar ese grave problema. Eu estou seguro de que \u00e9 imprescindible que se resolva de contado, \u00e9 unha necesidade a ollos vista, pero non estou seguro de que exista a vontade pol\u00edtica para facelo.<\/p><\/blockquote>\n\n\n\n<p><strong>E o asunto\nda gravera de Setados?<\/strong><\/p>\n\n\n\n<blockquote class=\"wp-block-quote is-layout-flow wp-block-quote-is-layout-flow\"><p>Est\u00e1 resolto a favor da Comunidade de Montes, que te\u00f1en reco\u00f1ecido un dereito a indemnizaci\u00f3n que penso debe de estar en fase executiva<\/p><\/blockquote>\n\n\n\n<p><strong>Ti que\nposici\u00f3n tes ao respecto?<\/strong><\/p>\n\n\n\n<blockquote class=\"wp-block-quote is-layout-flow wp-block-quote-is-layout-flow\"><p>Eu considero que a comunidade de montes debe de ser compensada economicamente por unha propiedade que lles pertence, desde logo que si, pero tam\u00e9n me gustar\u00eda que se puidese atopar unha f\u00f3rmula que permitise a conservaci\u00f3n deses postos de traballo<\/p><\/blockquote>\n\n\n\n<p><strong>Falando de\npostos de traballo, que nos dis da PLISAN?<\/strong><\/p>\n\n\n\n<blockquote class=\"wp-block-quote is-layout-flow wp-block-quote-is-layout-flow\"><p>N\u00f3s temos unha aposta decidida polo seu desenvolvemento. \u00c9 esencial para o noso desenvolvemento futuro, e pelexaremos para que vaia para adiante.<\/p><\/blockquote>\n\n\n\n<p><strong>Se non se\nlles pode ofrecer aos mozos e mozas do rural unha alternativa para\nque desenvolvan un proxecto vital, marchan e o rural esmorece. Como\nlevades nas Neves o relevo xeracional?<\/strong><\/p>\n\n\n\n<blockquote class=\"wp-block-quote is-layout-flow wp-block-quote-is-layout-flow\"><p>Pois estamos na posici\u00f3n ordinaria do mundo rural galego. O nivel de nacementos \u00e9 baixo, e perdemos poboaci\u00f3n. A verdade, o avellentamento non s\u00f3 das Neves, sen\u00f3n de todo o rural galego \u00e9 moi preocupante. N\u00f3s entendemos que o desenvolvemento da PLISAN \u00e9 unha oportunidade necesaria para poder modificar esa perigosa tendencia<\/p><\/blockquote>\n\n\n\n<p><strong>Para que a\nxente ve\u00f1a a vivir \u00e1s Neves al\u00e9n das oportunidades laborais, tam\u00e9n\ndebe existir un adecuado desenvolvemento urban\u00edstico que lles\nproporcione alternativas habitacionais ?<\/strong><\/p>\n\n\n\n<blockquote class=\"wp-block-quote is-layout-flow wp-block-quote-is-layout-flow\"><p>Estou completamente de acordo, e de feito estamos traballando con moita intensidade no desenrolo urban\u00edstico do noso pobo<\/p><\/blockquote>\n\n\n\n<p><strong>Iso \u00e9 moi\ninteresante, e lev\u00e1ndoo ao terreo do concreto, que orientaci\u00f3n\ntemporal calculas necesaria para visualizar resultados? <\/strong>\n<\/p>\n\n\n\n<blockquote class=\"wp-block-quote is-layout-flow wp-block-quote-is-layout-flow\"><p>Agora estamos na fase de estudo e an\u00e1lise, e considerando un horizonte temporal de arredor de catro anos, que \u00e9 cando agardo que se poidan ver xa resultados concretos.<\/p><\/blockquote>\n\n\n\n<p><strong>Estamos a\npiques de rematar o ver\u00e1n, o tema dos lumes este ano lev\u00e1molo ben,\nnon?<\/strong><\/p>\n\n\n\n<blockquote class=\"wp-block-quote is-layout-flow wp-block-quote-is-layout-flow\"><p>Afortunadamente, pero non nos podemos despistar. Ese problema seguir\u00e1 a\u00ed mentres non exista un cambio de modelo forestal<\/p><\/blockquote>\n\n\n\n<p><strong>Por que\nmotivo celebramos tan tarde a festa do vi\u00f1o este ano?<\/strong><\/p>\n\n\n\n<blockquote class=\"wp-block-quote is-layout-flow wp-block-quote-is-layout-flow\"><p>Foi unha decisi\u00f3n estrat\u00e9xica, no ver\u00e1n hai unha alt\u00edsima concentraci\u00f3n de festas e consideramos que asociar a promoci\u00f3n do vi\u00f1o tinto co outono e o inverno poder\u00eda ser m\u00e1is apropiado.<\/p><\/blockquote>\n\n\n\n<p><strong>Como ves\nas elecci\u00f3ns auton\u00f3micas do ano pr\u00f3ximo?<\/strong><\/p>\n\n\n\n<blockquote class=\"wp-block-quote is-layout-flow wp-block-quote-is-layout-flow\"><p>Eu creo que van ser adiantadas, depender\u00e1 do que pase en Madrid, claro, eu penso que o PP perder\u00e1 a maior\u00eda e abof\u00e9 que a Galiza faille falta un cambio con urxencia<\/p><\/blockquote>\n\n\n\n<p><strong>Ana Pont\u00f3n\na pr\u00f3xima vicepresidenta da Xunta?<\/strong><\/p>\n\n\n\n<blockquote class=\"wp-block-quote is-layout-flow wp-block-quote-is-layout-flow\"><p>\u00c9 moi probable<\/p><\/blockquote>\n\n\n\n<p><strong>Moitas\ngrazas alcalde.<\/strong><\/p>\n","protected":false},"excerpt":{"rendered":"<div class=\"mh-excerpt\"><p>A piques dunha nova edici\u00f3n da Festa do Vi\u00f1o, que desta volta celebrarase  o pr\u00f3ximo 12 de outubro, acheg\u00e1monos ata As Neves a conversar co seu alcalde, o nacionalista Xos\u00e9 Manuel Rodr\u00edguez, co que novamente analizamos polo mi\u00fado a actualidade do seu fermoso concello <a class=\"mh-excerpt-more\" href=\"https:\/\/www.anovapeneira.gal\/index.php\/2019\/09\/13\/xose-manuel-rodriguez-mendez-alcalde-das-neves\/\" title=\"Xose Manuel Rodr\u00edguez M\u00e9ndez  Alcalde Das Neves\">[&#8230;]<\/a><\/p>\n<\/div>","protected":false},"author":2,"featured_media":1218,"comment_status":"open","ping_status":"open","sticky":false,"template":"","format":"standard","meta":{"_exactmetrics_skip_tracking":false,"_exactmetrics_sitenote_active":false,"_exactmetrics_sitenote_note":"","_exactmetrics_sitenote_category":0,"footnotes":""},"categories":[267],"tags":[564,10,546,12],"class_list":{"0":"post-1217","1":"post","2":"type-post","3":"status-publish","4":"format-standard","5":"has-post-thumbnail","7":"category-condado-entrevistas","8":"tag-alcalde","9":"tag-bng","10":"tag-concello-das-neves","11":"tag-politica"},"yoast_head":"<!-- This site is optimized with the Yoast SEO plugin v27.4 - https:\/\/yoast.com\/product\/yoast-seo-wordpress\/ -->\n<title>Xose Manuel Rodr\u00edguez M\u00e9ndez Alcalde Das Neves -<\/title>\n<meta name=\"robots\" content=\"index, follow, max-snippet:-1, max-image-preview:large, max-video-preview:-1\" \/>\n<link rel=\"canonical\" href=\"https:\/\/www.anovapeneira.gal\/index.php\/2019\/09\/13\/xose-manuel-rodriguez-mendez-alcalde-das-neves\/\" \/>\n<meta property=\"og:locale\" content=\"gl_ES\" \/>\n<meta property=\"og:type\" content=\"article\" \/>\n<meta property=\"og:title\" content=\"Xose Manuel Rodr\u00edguez M\u00e9ndez Alcalde Das Neves -\" \/>\n<meta property=\"og:description\" content=\"A piques dunha nova edici\u00f3n da Festa do Vi\u00f1o, que desta volta celebrarase o pr\u00f3ximo 12 de outubro, acheg\u00e1monos ata As Neves a conversar co seu alcalde, o nacionalista Xos\u00e9 Manuel Rodr\u00edguez, co que novamente analizamos polo mi\u00fado a actualidade do seu fermoso concello [...]\" \/>\n<meta property=\"og:url\" content=\"https:\/\/www.anovapeneira.gal\/index.php\/2019\/09\/13\/xose-manuel-rodriguez-mendez-alcalde-das-neves\/\" \/>\n<meta property=\"article:publisher\" content=\"https:\/\/www.facebook.com\/anovapeneira\" \/>\n<meta property=\"article:published_time\" content=\"2019-09-13T08:00:15+00:00\" \/>\n<meta property=\"og:image\" content=\"https:\/\/www.anovapeneira.gal\/wp-content\/uploads\/2019\/09\/XOSE_ALCALDE_DE_AS_NEVES_a_nova_peneira.jpg\" \/>\n\t<meta property=\"og:image:width\" content=\"720\" \/>\n\t<meta property=\"og:image:height\" content=\"473\" \/>\n\t<meta property=\"og:image:type\" content=\"image\/jpeg\" \/>\n<meta name=\"author\" content=\"Tino Lago\" \/>\n<meta name=\"twitter:card\" content=\"summary_large_image\" \/>\n<meta name=\"twitter:creator\" content=\"@APeneira\" \/>\n<meta name=\"twitter:site\" content=\"@APeneira\" \/>\n<meta name=\"twitter:label1\" content=\"Escrito por\" \/>\n\t<meta name=\"twitter:data1\" content=\"Tino Lago\" \/>\n\t<meta name=\"twitter:label2\" content=\"Tempo de lectura\" \/>\n\t<meta name=\"twitter:data2\" content=\"7 minutos\" \/>\n<script type=\"application\/ld+json\" class=\"yoast-schema-graph\">{\"@context\":\"https:\\\/\\\/schema.org\",\"@graph\":[{\"@type\":\"Article\",\"@id\":\"https:\\\/\\\/www.anovapeneira.gal\\\/index.php\\\/2019\\\/09\\\/13\\\/xose-manuel-rodriguez-mendez-alcalde-das-neves\\\/#article\",\"isPartOf\":{\"@id\":\"https:\\\/\\\/www.anovapeneira.gal\\\/index.php\\\/2019\\\/09\\\/13\\\/xose-manuel-rodriguez-mendez-alcalde-das-neves\\\/\"},\"author\":{\"name\":\"Tino Lago\",\"@id\":\"https:\\\/\\\/www.anovapeneira.gal\\\/#\\\/schema\\\/person\\\/424dfe65e3070fd8a44d22d2c088762a\"},\"headline\":\"Xose Manuel Rodr\u00edguez M\u00e9ndez Alcalde Das Neves\",\"datePublished\":\"2019-09-13T08:00:15+00:00\",\"mainEntityOfPage\":{\"@id\":\"https:\\\/\\\/www.anovapeneira.gal\\\/index.php\\\/2019\\\/09\\\/13\\\/xose-manuel-rodriguez-mendez-alcalde-das-neves\\\/\"},\"wordCount\":1505,\"commentCount\":0,\"publisher\":{\"@id\":\"https:\\\/\\\/www.anovapeneira.gal\\\/#organization\"},\"image\":{\"@id\":\"https:\\\/\\\/www.anovapeneira.gal\\\/index.php\\\/2019\\\/09\\\/13\\\/xose-manuel-rodriguez-mendez-alcalde-das-neves\\\/#primaryimage\"},\"thumbnailUrl\":\"https:\\\/\\\/www.anovapeneira.gal\\\/wp-content\\\/uploads\\\/2019\\\/09\\\/XOSE_ALCALDE_DE_AS_NEVES_a_nova_peneira.jpg\",\"keywords\":[\"Alcalde\",\"BNG\",\"Concello das Neves\",\"Pol\u00edtica\"],\"articleSection\":[\"Condado\"],\"inLanguage\":\"gl-ES\",\"potentialAction\":[{\"@type\":\"CommentAction\",\"name\":\"Comment\",\"target\":[\"https:\\\/\\\/www.anovapeneira.gal\\\/index.php\\\/2019\\\/09\\\/13\\\/xose-manuel-rodriguez-mendez-alcalde-das-neves\\\/#respond\"]}]},{\"@type\":\"WebPage\",\"@id\":\"https:\\\/\\\/www.anovapeneira.gal\\\/index.php\\\/2019\\\/09\\\/13\\\/xose-manuel-rodriguez-mendez-alcalde-das-neves\\\/\",\"url\":\"https:\\\/\\\/www.anovapeneira.gal\\\/index.php\\\/2019\\\/09\\\/13\\\/xose-manuel-rodriguez-mendez-alcalde-das-neves\\\/\",\"name\":\"Xose Manuel Rodr\u00edguez M\u00e9ndez Alcalde Das Neves -\",\"isPartOf\":{\"@id\":\"https:\\\/\\\/www.anovapeneira.gal\\\/#website\"},\"primaryImageOfPage\":{\"@id\":\"https:\\\/\\\/www.anovapeneira.gal\\\/index.php\\\/2019\\\/09\\\/13\\\/xose-manuel-rodriguez-mendez-alcalde-das-neves\\\/#primaryimage\"},\"image\":{\"@id\":\"https:\\\/\\\/www.anovapeneira.gal\\\/index.php\\\/2019\\\/09\\\/13\\\/xose-manuel-rodriguez-mendez-alcalde-das-neves\\\/#primaryimage\"},\"thumbnailUrl\":\"https:\\\/\\\/www.anovapeneira.gal\\\/wp-content\\\/uploads\\\/2019\\\/09\\\/XOSE_ALCALDE_DE_AS_NEVES_a_nova_peneira.jpg\",\"datePublished\":\"2019-09-13T08:00:15+00:00\",\"breadcrumb\":{\"@id\":\"https:\\\/\\\/www.anovapeneira.gal\\\/index.php\\\/2019\\\/09\\\/13\\\/xose-manuel-rodriguez-mendez-alcalde-das-neves\\\/#breadcrumb\"},\"inLanguage\":\"gl-ES\",\"potentialAction\":[{\"@type\":\"ReadAction\",\"target\":[\"https:\\\/\\\/www.anovapeneira.gal\\\/index.php\\\/2019\\\/09\\\/13\\\/xose-manuel-rodriguez-mendez-alcalde-das-neves\\\/\"]}]},{\"@type\":\"ImageObject\",\"inLanguage\":\"gl-ES\",\"@id\":\"https:\\\/\\\/www.anovapeneira.gal\\\/index.php\\\/2019\\\/09\\\/13\\\/xose-manuel-rodriguez-mendez-alcalde-das-neves\\\/#primaryimage\",\"url\":\"https:\\\/\\\/www.anovapeneira.gal\\\/wp-content\\\/uploads\\\/2019\\\/09\\\/XOSE_ALCALDE_DE_AS_NEVES_a_nova_peneira.jpg\",\"contentUrl\":\"https:\\\/\\\/www.anovapeneira.gal\\\/wp-content\\\/uploads\\\/2019\\\/09\\\/XOSE_ALCALDE_DE_AS_NEVES_a_nova_peneira.jpg\",\"width\":720,\"height\":473,\"caption\":\"Alcalde das Neves A Nova Peneira\"},{\"@type\":\"BreadcrumbList\",\"@id\":\"https:\\\/\\\/www.anovapeneira.gal\\\/index.php\\\/2019\\\/09\\\/13\\\/xose-manuel-rodriguez-mendez-alcalde-das-neves\\\/#breadcrumb\",\"itemListElement\":[{\"@type\":\"ListItem\",\"position\":1,\"name\":\"Portada\",\"item\":\"https:\\\/\\\/www.anovapeneira.gal\\\/\"},{\"@type\":\"ListItem\",\"position\":2,\"name\":\"Xose Manuel Rodr\u00edguez M\u00e9ndez Alcalde Das Neves\"}]},{\"@type\":\"WebSite\",\"@id\":\"https:\\\/\\\/www.anovapeneira.gal\\\/#website\",\"url\":\"https:\\\/\\\/www.anovapeneira.gal\\\/\",\"name\":\"\",\"description\":\"Xornal galego de informaci\u00f3n xeral Publicaci\u00f3n mensual de novas de Galicia e en especial dos Concellos da sur da provincia de Pontevedra.\",\"publisher\":{\"@id\":\"https:\\\/\\\/www.anovapeneira.gal\\\/#organization\"},\"potentialAction\":[{\"@type\":\"SearchAction\",\"target\":{\"@type\":\"EntryPoint\",\"urlTemplate\":\"https:\\\/\\\/www.anovapeneira.gal\\\/?s={search_term_string}\"},\"query-input\":{\"@type\":\"PropertyValueSpecification\",\"valueRequired\":true,\"valueName\":\"search_term_string\"}}],\"inLanguage\":\"gl-ES\"},{\"@type\":\"Organization\",\"@id\":\"https:\\\/\\\/www.anovapeneira.gal\\\/#organization\",\"name\":\"A Nova Peneira\",\"url\":\"https:\\\/\\\/www.anovapeneira.gal\\\/\",\"logo\":{\"@type\":\"ImageObject\",\"inLanguage\":\"gl-ES\",\"@id\":\"https:\\\/\\\/www.anovapeneira.gal\\\/#\\\/schema\\\/logo\\\/image\\\/\",\"url\":\"http:\\\/\\\/www.anovapeneira.gal\\\/wp-content\\\/uploads\\\/2019\\\/06\\\/logo_a_nova_peneira_portal_web.png\",\"contentUrl\":\"http:\\\/\\\/www.anovapeneira.gal\\\/wp-content\\\/uploads\\\/2019\\\/06\\\/logo_a_nova_peneira_portal_web.png\",\"width\":300,\"height\":100,\"caption\":\"A Nova Peneira\"},\"image\":{\"@id\":\"https:\\\/\\\/www.anovapeneira.gal\\\/#\\\/schema\\\/logo\\\/image\\\/\"},\"sameAs\":[\"https:\\\/\\\/www.facebook.com\\\/anovapeneira\",\"https:\\\/\\\/x.com\\\/APeneira\"]},{\"@type\":\"Person\",\"@id\":\"https:\\\/\\\/www.anovapeneira.gal\\\/#\\\/schema\\\/person\\\/424dfe65e3070fd8a44d22d2c088762a\",\"name\":\"Tino Lago\",\"image\":{\"@type\":\"ImageObject\",\"inLanguage\":\"gl-ES\",\"@id\":\"https:\\\/\\\/secure.gravatar.com\\\/avatar\\\/b3df6a06e44bab3111583b90f0f33a0379ee5e3d22cbadd232d39f21c30c62be?s=96&d=mm&r=g\",\"url\":\"https:\\\/\\\/secure.gravatar.com\\\/avatar\\\/b3df6a06e44bab3111583b90f0f33a0379ee5e3d22cbadd232d39f21c30c62be?s=96&d=mm&r=g\",\"contentUrl\":\"https:\\\/\\\/secure.gravatar.com\\\/avatar\\\/b3df6a06e44bab3111583b90f0f33a0379ee5e3d22cbadd232d39f21c30c62be?s=96&d=mm&r=g\",\"caption\":\"Tino Lago\"},\"sameAs\":[\"http:\\\/\\\/www.anovapeneira.gal\"],\"url\":\"https:\\\/\\\/www.anovapeneira.gal\\\/index.php\\\/author\\\/director\\\/\"}]}<\/script>\n<!-- \/ Yoast SEO plugin. -->","yoast_head_json":{"title":"Xose Manuel Rodr\u00edguez M\u00e9ndez Alcalde Das Neves -","robots":{"index":"index","follow":"follow","max-snippet":"max-snippet:-1","max-image-preview":"max-image-preview:large","max-video-preview":"max-video-preview:-1"},"canonical":"https:\/\/www.anovapeneira.gal\/index.php\/2019\/09\/13\/xose-manuel-rodriguez-mendez-alcalde-das-neves\/","og_locale":"gl_ES","og_type":"article","og_title":"Xose Manuel Rodr\u00edguez M\u00e9ndez Alcalde Das Neves -","og_description":"A piques dunha nova edici\u00f3n da Festa do Vi\u00f1o, que desta volta celebrarase o pr\u00f3ximo 12 de outubro, acheg\u00e1monos ata As Neves a conversar co seu alcalde, o nacionalista Xos\u00e9 Manuel Rodr\u00edguez, co que novamente analizamos polo mi\u00fado a actualidade do seu fermoso concello [...]","og_url":"https:\/\/www.anovapeneira.gal\/index.php\/2019\/09\/13\/xose-manuel-rodriguez-mendez-alcalde-das-neves\/","article_publisher":"https:\/\/www.facebook.com\/anovapeneira","article_published_time":"2019-09-13T08:00:15+00:00","og_image":[{"width":720,"height":473,"url":"https:\/\/www.anovapeneira.gal\/wp-content\/uploads\/2019\/09\/XOSE_ALCALDE_DE_AS_NEVES_a_nova_peneira.jpg","type":"image\/jpeg"}],"author":"Tino Lago","twitter_card":"summary_large_image","twitter_creator":"@APeneira","twitter_site":"@APeneira","twitter_misc":{"Escrito por":"Tino Lago","Tempo de lectura":"7 minutos"},"schema":{"@context":"https:\/\/schema.org","@graph":[{"@type":"Article","@id":"https:\/\/www.anovapeneira.gal\/index.php\/2019\/09\/13\/xose-manuel-rodriguez-mendez-alcalde-das-neves\/#article","isPartOf":{"@id":"https:\/\/www.anovapeneira.gal\/index.php\/2019\/09\/13\/xose-manuel-rodriguez-mendez-alcalde-das-neves\/"},"author":{"name":"Tino Lago","@id":"https:\/\/www.anovapeneira.gal\/#\/schema\/person\/424dfe65e3070fd8a44d22d2c088762a"},"headline":"Xose Manuel Rodr\u00edguez M\u00e9ndez Alcalde Das Neves","datePublished":"2019-09-13T08:00:15+00:00","mainEntityOfPage":{"@id":"https:\/\/www.anovapeneira.gal\/index.php\/2019\/09\/13\/xose-manuel-rodriguez-mendez-alcalde-das-neves\/"},"wordCount":1505,"commentCount":0,"publisher":{"@id":"https:\/\/www.anovapeneira.gal\/#organization"},"image":{"@id":"https:\/\/www.anovapeneira.gal\/index.php\/2019\/09\/13\/xose-manuel-rodriguez-mendez-alcalde-das-neves\/#primaryimage"},"thumbnailUrl":"https:\/\/www.anovapeneira.gal\/wp-content\/uploads\/2019\/09\/XOSE_ALCALDE_DE_AS_NEVES_a_nova_peneira.jpg","keywords":["Alcalde","BNG","Concello das Neves","Pol\u00edtica"],"articleSection":["Condado"],"inLanguage":"gl-ES","potentialAction":[{"@type":"CommentAction","name":"Comment","target":["https:\/\/www.anovapeneira.gal\/index.php\/2019\/09\/13\/xose-manuel-rodriguez-mendez-alcalde-das-neves\/#respond"]}]},{"@type":"WebPage","@id":"https:\/\/www.anovapeneira.gal\/index.php\/2019\/09\/13\/xose-manuel-rodriguez-mendez-alcalde-das-neves\/","url":"https:\/\/www.anovapeneira.gal\/index.php\/2019\/09\/13\/xose-manuel-rodriguez-mendez-alcalde-das-neves\/","name":"Xose Manuel Rodr\u00edguez M\u00e9ndez Alcalde Das Neves -","isPartOf":{"@id":"https:\/\/www.anovapeneira.gal\/#website"},"primaryImageOfPage":{"@id":"https:\/\/www.anovapeneira.gal\/index.php\/2019\/09\/13\/xose-manuel-rodriguez-mendez-alcalde-das-neves\/#primaryimage"},"image":{"@id":"https:\/\/www.anovapeneira.gal\/index.php\/2019\/09\/13\/xose-manuel-rodriguez-mendez-alcalde-das-neves\/#primaryimage"},"thumbnailUrl":"https:\/\/www.anovapeneira.gal\/wp-content\/uploads\/2019\/09\/XOSE_ALCALDE_DE_AS_NEVES_a_nova_peneira.jpg","datePublished":"2019-09-13T08:00:15+00:00","breadcrumb":{"@id":"https:\/\/www.anovapeneira.gal\/index.php\/2019\/09\/13\/xose-manuel-rodriguez-mendez-alcalde-das-neves\/#breadcrumb"},"inLanguage":"gl-ES","potentialAction":[{"@type":"ReadAction","target":["https:\/\/www.anovapeneira.gal\/index.php\/2019\/09\/13\/xose-manuel-rodriguez-mendez-alcalde-das-neves\/"]}]},{"@type":"ImageObject","inLanguage":"gl-ES","@id":"https:\/\/www.anovapeneira.gal\/index.php\/2019\/09\/13\/xose-manuel-rodriguez-mendez-alcalde-das-neves\/#primaryimage","url":"https:\/\/www.anovapeneira.gal\/wp-content\/uploads\/2019\/09\/XOSE_ALCALDE_DE_AS_NEVES_a_nova_peneira.jpg","contentUrl":"https:\/\/www.anovapeneira.gal\/wp-content\/uploads\/2019\/09\/XOSE_ALCALDE_DE_AS_NEVES_a_nova_peneira.jpg","width":720,"height":473,"caption":"Alcalde das Neves A Nova Peneira"},{"@type":"BreadcrumbList","@id":"https:\/\/www.anovapeneira.gal\/index.php\/2019\/09\/13\/xose-manuel-rodriguez-mendez-alcalde-das-neves\/#breadcrumb","itemListElement":[{"@type":"ListItem","position":1,"name":"Portada","item":"https:\/\/www.anovapeneira.gal\/"},{"@type":"ListItem","position":2,"name":"Xose Manuel Rodr\u00edguez M\u00e9ndez Alcalde Das Neves"}]},{"@type":"WebSite","@id":"https:\/\/www.anovapeneira.gal\/#website","url":"https:\/\/www.anovapeneira.gal\/","name":"","description":"Xornal galego de informaci\u00f3n xeral Publicaci\u00f3n mensual de novas de Galicia e en especial dos Concellos da sur da provincia de Pontevedra.","publisher":{"@id":"https:\/\/www.anovapeneira.gal\/#organization"},"potentialAction":[{"@type":"SearchAction","target":{"@type":"EntryPoint","urlTemplate":"https:\/\/www.anovapeneira.gal\/?s={search_term_string}"},"query-input":{"@type":"PropertyValueSpecification","valueRequired":true,"valueName":"search_term_string"}}],"inLanguage":"gl-ES"},{"@type":"Organization","@id":"https:\/\/www.anovapeneira.gal\/#organization","name":"A Nova Peneira","url":"https:\/\/www.anovapeneira.gal\/","logo":{"@type":"ImageObject","inLanguage":"gl-ES","@id":"https:\/\/www.anovapeneira.gal\/#\/schema\/logo\/image\/","url":"http:\/\/www.anovapeneira.gal\/wp-content\/uploads\/2019\/06\/logo_a_nova_peneira_portal_web.png","contentUrl":"http:\/\/www.anovapeneira.gal\/wp-content\/uploads\/2019\/06\/logo_a_nova_peneira_portal_web.png","width":300,"height":100,"caption":"A Nova Peneira"},"image":{"@id":"https:\/\/www.anovapeneira.gal\/#\/schema\/logo\/image\/"},"sameAs":["https:\/\/www.facebook.com\/anovapeneira","https:\/\/x.com\/APeneira"]},{"@type":"Person","@id":"https:\/\/www.anovapeneira.gal\/#\/schema\/person\/424dfe65e3070fd8a44d22d2c088762a","name":"Tino Lago","image":{"@type":"ImageObject","inLanguage":"gl-ES","@id":"https:\/\/secure.gravatar.com\/avatar\/b3df6a06e44bab3111583b90f0f33a0379ee5e3d22cbadd232d39f21c30c62be?s=96&d=mm&r=g","url":"https:\/\/secure.gravatar.com\/avatar\/b3df6a06e44bab3111583b90f0f33a0379ee5e3d22cbadd232d39f21c30c62be?s=96&d=mm&r=g","contentUrl":"https:\/\/secure.gravatar.com\/avatar\/b3df6a06e44bab3111583b90f0f33a0379ee5e3d22cbadd232d39f21c30c62be?s=96&d=mm&r=g","caption":"Tino Lago"},"sameAs":["http:\/\/www.anovapeneira.gal"],"url":"https:\/\/www.anovapeneira.gal\/index.php\/author\/director\/"}]}},"jetpack_featured_media_url":"https:\/\/www.anovapeneira.gal\/wp-content\/uploads\/2019\/09\/XOSE_ALCALDE_DE_AS_NEVES_a_nova_peneira.jpg","_links":{"self":[{"href":"https:\/\/www.anovapeneira.gal\/index.php\/wp-json\/wp\/v2\/posts\/1217","targetHints":{"allow":["GET"]}}],"collection":[{"href":"https:\/\/www.anovapeneira.gal\/index.php\/wp-json\/wp\/v2\/posts"}],"about":[{"href":"https:\/\/www.anovapeneira.gal\/index.php\/wp-json\/wp\/v2\/types\/post"}],"author":[{"embeddable":true,"href":"https:\/\/www.anovapeneira.gal\/index.php\/wp-json\/wp\/v2\/users\/2"}],"replies":[{"embeddable":true,"href":"https:\/\/www.anovapeneira.gal\/index.php\/wp-json\/wp\/v2\/comments?post=1217"}],"version-history":[{"count":1,"href":"https:\/\/www.anovapeneira.gal\/index.php\/wp-json\/wp\/v2\/posts\/1217\/revisions"}],"predecessor-version":[{"id":1219,"href":"https:\/\/www.anovapeneira.gal\/index.php\/wp-json\/wp\/v2\/posts\/1217\/revisions\/1219"}],"wp:featuredmedia":[{"embeddable":true,"href":"https:\/\/www.anovapeneira.gal\/index.php\/wp-json\/wp\/v2\/media\/1218"}],"wp:attachment":[{"href":"https:\/\/www.anovapeneira.gal\/index.php\/wp-json\/wp\/v2\/media?parent=1217"}],"wp:term":[{"taxonomy":"category","embeddable":true,"href":"https:\/\/www.anovapeneira.gal\/index.php\/wp-json\/wp\/v2\/categories?post=1217"},{"taxonomy":"post_tag","embeddable":true,"href":"https:\/\/www.anovapeneira.gal\/index.php\/wp-json\/wp\/v2\/tags?post=1217"}],"curies":[{"name":"wp","href":"https:\/\/api.w.org\/{rel}","templated":true}]}}