{"id":12198,"date":"2024-08-07T12:00:18","date_gmt":"2024-08-07T10:00:18","guid":{"rendered":"https:\/\/www.anovapeneira.gal\/?p=12198"},"modified":"2024-08-02T11:26:43","modified_gmt":"2024-08-02T09:26:43","slug":"gustavo-barcia-voceiro-do-bng-de-mos-2","status":"publish","type":"post","link":"https:\/\/www.anovapeneira.gal\/index.php\/2024\/08\/07\/gustavo-barcia-voceiro-do-bng-de-mos-2\/","title":{"rendered":"Gustavo Barcia voceiro do BNG de Mos"},"content":{"rendered":"\n<p><strong>A asociaci\u00f3n de ideas e un mecanismo da nosa psique que nos leva a conectar diferentes eidos de pensamento impulsados polo noso subconsciente. E o devandito mecanismo fai que cada vez que escribo sobre a pol\u00edtica local no concello de Mos me entren ga\u00f1as de falar de filosof\u00eda. Os lectores e lectoras de Mos m\u00e1is fieis, que honran a ANP coa s\u00faa compa\u00f1\u00eda, seguro que comprenden as raz\u00f3ns desta repentina paix\u00f3n filos\u00f3fica. Pero non, hoxe non vou mencionar nada que te\u00f1a que ver co neoplatonismo, desta volta quixera referirme \u00e1 idea do eterno retorno. Esta concepci\u00f3n do paso do tempo foi postulada por vez primeira polos fil\u00f3sofos estoicos, malia que \u00e9 o alem\u00e1n Nietzsche o m\u00e1is co\u00f1ecido defensor da idea do ciclo eterno da vida. En resumo: o Eterno Retorno ven dicir que nada do que ocorre no universo \u00e9 novo, todo xa aconteceu algunha vez nun ciclo de principio e final que se repite eternamente. E si, todo se acabar\u00e1, posiblemente para volverse repetir , pero todo ten unha fin. Incluso o nefasto goberno da alcaldesa Nidia Ar\u00e9valo rematar\u00e1 m\u00e1is cedo que tarde. E cando acabe, cando o pesadelo pol\u00edtico desta p\u00e9sima alcaldesa remate, agardo que quen a substit\u00faa te\u00f1a a valent\u00eda de abrir as fiestras do concello de par en par para que o aire limpo dun goberno xusto, que trate por igual a todas e todos os mosenses poida entrar por fin na casa consistorial. N\u00f3s conversamos con Gustavo Barcia, o voceiro dos nacionalistas.<\/strong><\/p>\n\n\n\n<p>\u201c<strong>A Festa da Rosa converteuse nunha festa para loar \u00e1 alcaldesa\u201d<\/strong><\/p>\n\n\n\n<p><strong>Faime unha valoraci\u00f3n global de como est\u00e1 a situaci\u00f3n pol\u00edtica en Mos no momento actual?<\/strong><\/p>\n\n\n\n<blockquote class=\"wp-block-quote is-layout-flow wp-block-quote-is-layout-flow\">\n<p>En relaci\u00f3n \u00e1s formas o goberno de Nidia Ar\u00e9valo contin\u00faa coa li\u00f1a dos anteriores mandatos. E no que se require \u00e1 actuaci\u00f3n pol\u00edtica: o desgoberno e a nefasta xesti\u00f3n econ\u00f3mica son cada vez m\u00e1is evidentes.<\/p>\n<\/blockquote>\n\n\n\n<p><strong>Por que dis que a xesti\u00f3n econ\u00f3mica \u00e9 nefasta?<\/strong><\/p>\n\n\n\n<blockquote class=\"wp-block-quote is-layout-flow wp-block-quote-is-layout-flow\">\n<p>Non o digo eu, dino os n\u00fameros. Recentemente co\u00f1ecemos como quedou a liquidaci\u00f3n do ano 2023 e o resultado pon os pelos de punta, pois hai un saldo negativo de remanente de tesourer\u00eda de case 2.000.000 de \u20ac.<\/p>\n<\/blockquote>\n\n\n\n<p><strong>O dato \u00e9 estarrecedor e, ag\u00e1s para un cego ou para un fan\u00e1tico, deixa ben claro que o goberno municipal de Mos \u00e9 un cancro para o peto dos e das mosenses. Se non recordo mal esa informaci\u00f3n foi a que presentou a concelleira de facenda, Felisa Rodr\u00edguez, nun pleno no que , sen a m\u00e1is m\u00ednima vergonza, atribu\u00edu a responsabilidade dese desastre ao PSOE e ao BNG, non?<\/strong><\/p>\n\n\n\n<blockquote class=\"wp-block-quote is-layout-flow wp-block-quote-is-layout-flow\">\n<p>Non, ese episodio que refires, ese exemplo evidente do que \u00e9 unha antolox\u00eda do disparate honoris causa, efectivamente foi real pero aconteceu cando a devandita concelleira presentou os datos do ano anterior. Naquel momento o saldo negativo era de 1.100.000\u20ac , agora xa son 800.000\u20ac m\u00e1is, pois estamos en 1,9 mill\u00f3ns.<\/p>\n<\/blockquote>\n\n\n\n<p><strong>Xa te\u00f1o curiosidade por co\u00f1ecer os \u201cargumentos\u201d do goberno para xustificar 800.000\u20ac a maiores de saldo negativo. A quen lle botar\u00e1n a culpa agora: ao BNG, ao PSOE, \u00e1 Comunidade de Montes de Tameiga a David o gnomo&#8230;.?<\/strong><\/p>\n\n\n\n<blockquote class=\"wp-block-quote is-layout-flow wp-block-quote-is-layout-flow\">\n<p>Ha, ha ha , ha ,ha&#8230;.Pois non o sei, teremos que agardar aproximadamente ata setembro para sabelo pois \u00e9 nese mes cando se levar\u00e1 a pleno a conta xeral.<\/p>\n<\/blockquote>\n\n\n\n<p><strong>Para quen non o saiba, explica de maneira clara e sint\u00e9tica que \u00e9 o remanente negativo?<\/strong><\/p>\n\n\n\n<blockquote class=\"wp-block-quote is-layout-flow wp-block-quote-is-layout-flow\">\n<p>A cifra que apareza como remanente negativo gastouse por riba do que hai na caixa. Repito: no caso de Mos estamos en 1,9 mill\u00f3ns de \u20ac.<\/p>\n<\/blockquote>\n\n\n\n<p><strong>Como se cadran as contas cando temos remanente negativo?<\/strong><\/p>\n\n\n\n<blockquote class=\"wp-block-quote is-layout-flow wp-block-quote-is-layout-flow\">\n<p>O que establece a lei \u00e9 que no seguinte orzamento( neste caso o do 2025) hai que facer un recorte e \/ou aumentar os ingresos nunha cantidade equivalente \u00e1 do remanente negativo.<\/p>\n<\/blockquote>\n\n\n\n<p><strong>Que vai facer o goberno?<\/strong><\/p>\n\n\n\n<blockquote class=\"wp-block-quote is-layout-flow wp-block-quote-is-layout-flow\">\n<p>Non o sei.<\/p>\n<\/blockquote>\n\n\n\n<p><strong>E que prev\u00e9s que pode facer?<\/strong><\/p>\n\n\n\n<blockquote class=\"wp-block-quote is-layout-flow wp-block-quote-is-layout-flow\">\n<p>Penso que as d\u00faas cousas: Recortar gasto e aumentar os impostos.<\/p>\n<\/blockquote>\n\n\n\n<p><strong>Cal \u00e9 o orzamento total do Concello de Mos?<\/strong><\/p>\n\n\n\n<blockquote class=\"wp-block-quote is-layout-flow wp-block-quote-is-layout-flow\">\n<p>Est\u00e1 en arredor dos 12 mill\u00f3ns de \u20ac.<\/p>\n<\/blockquote>\n\n\n\n<p><strong>Ent\u00f3n podemos dicir que o remanente negativo m\u00f3vese sobre o 15% do total do orzamento municipal?<\/strong><\/p>\n\n\n\n<blockquote class=\"wp-block-quote is-layout-flow wp-block-quote-is-layout-flow\">\n<p>Si, anda nesas porcentaxes aproximadas.<\/p>\n<\/blockquote>\n\n\n\n<p><strong>A mala situaci\u00f3n econ\u00f3mica incide na xesti\u00f3n do d\u00eda a d\u00eda?<\/strong><\/p>\n\n\n\n<blockquote class=\"wp-block-quote is-layout-flow wp-block-quote-is-layout-flow\">\n<p>Si. Os cami\u00f1os est\u00e1n feitos un desastre. Cando llo indiquei \u00e1 alcaldesa no pleno, ela di que os cami\u00f1os nunca estiveron ten ben, o que amosa tanto a s\u00faa soberbia como o seu nulo co\u00f1ecemento da realidade do noso Concello. Por outra banda hai empresas que lle negan o servizo ao noso Concello porque non lle paga as facturas.<\/p>\n<\/blockquote>\n\n\n\n<p><strong>Tes constancia de que iso \u00e9 as\u00ed?<\/strong><\/p>\n\n\n\n<blockquote class=\"wp-block-quote is-layout-flow wp-block-quote-is-layout-flow\">\n<p>Si, te\u00f1o constancia de que \u00e9 as\u00ed. Hoxe mesmo( 31\/07) houbo un novo reco\u00f1ecemento extraxudicial de cr\u00e9dito por importe de 200.000\u20ac que hai que sumar ao de 1.670.000\u20ac do mes de febreiro&#8230;En total case 1,9 mill\u00f3ns en facturas do ano 23<\/p>\n<\/blockquote>\n\n\n\n<blockquote class=\"wp-block-quote is-layout-flow wp-block-quote-is-layout-flow\">\n<p>E mentres todo isto acontece pois temos 8 salarios( 6 do goberno e 2 de persoal de confianza) e outras barbaridades como un coche de renting para a alcald\u00eda.<\/p>\n<\/blockquote>\n\n\n\n<p><strong>Pero un coche para a alcaldesa por que?<\/strong><\/p>\n\n\n\n<blockquote class=\"wp-block-quote is-layout-flow wp-block-quote-is-layout-flow\">\n<p>Dixeron que era para acudir a actos e xuntanzas. C\u00f3mpre lembrar que a alcaldesa cobra un soldo moi elevado do Senado espa\u00f1ol.<\/p>\n<\/blockquote>\n\n\n\n<p><strong>Sabes se te\u00f1en un plan dese\u00f1ado para mellorar os n\u00fameros?<\/strong><\/p>\n\n\n\n<blockquote class=\"wp-block-quote is-layout-flow wp-block-quote-is-layout-flow\">\n<p>Non te\u00f1en nin plan nin previsi\u00f3n algunha. En cuesti\u00f3ns que poden ser de enorme relevancia econ\u00f3mica para o Concello, como por exemplo o canon de SOGAMA, os contratos da luz e do SAF, non te\u00f1en a m\u00e1is m\u00ednima previsi\u00f3n do que van subir as facturas nin de como afrontalo.<\/p>\n<\/blockquote>\n\n\n\n<p><strong>Sobre as facturas non pagadas te\u00f1o unha curiosidade: As facturas de publicidade p\u00e1gaas?<\/strong><\/p>\n\n\n\n<blockquote class=\"wp-block-quote is-layout-flow wp-block-quote-is-layout-flow\">\n<p>Si, esas si que as paga. Facturas nalg\u00fan caso elevad\u00edsimas por servizos cuxa necesidade \u00e9 moi cuestionable.<\/p>\n<\/blockquote>\n\n\n\n<p><strong>Mencionabas ao principio que as formas da alcaldesa non variaron con relaci\u00f3n \u00e1s de mandatos anteriores. Como son esas formas?<\/strong><\/p>\n\n\n\n<blockquote class=\"wp-block-quote is-layout-flow wp-block-quote-is-layout-flow\">\n<p>Chulescas, agresivas e desp\u00f3ticas. Son unhas formas caciqu\u00eds. Nunca reco\u00f1ece ning\u00fan tipo de erro, nin d\u00e1 a m\u00e1is m\u00ednima explicaci\u00f3n e o acceso \u00e1 informaci\u00f3n \u00e9 peor que deficiente.<\/p>\n<\/blockquote>\n\n\n\n<p><strong>Como valora o BNG o cambio da localizaci\u00f3n da Festa da Rosa?<\/strong><\/p>\n\n\n\n<blockquote class=\"wp-block-quote is-layout-flow wp-block-quote-is-layout-flow\">\n<p>Para n\u00f3s foi un erro monumental. Tanto pola decisi\u00f3n en si como polas formas nas que se executou:De maneira unilateral, de costas a todo o mundo, sen contar coa opini\u00f3n da veci\u00f1anza de Petelos nin coa do resto de grupos pol\u00edticos.<\/p>\n<\/blockquote>\n\n\n\n<p><strong>Esta festa sempre se fixo en Petelos?<\/strong><\/p>\n\n\n\n<blockquote class=\"wp-block-quote is-layout-flow wp-block-quote-is-layout-flow\">\n<p>Esta festa ten 51 anos de historia e se non foi en todas as edici\u00f3ns na pr\u00e1ctica totalidade si, sempre se fixo na parroquia de Petelos.<\/p>\n<\/blockquote>\n\n\n\n<p><strong>Sobre a iniciativa que, ao respecto disto, tivo a veci\u00f1anza de Petelos, que opinas?<\/strong><\/p>\n\n\n\n<blockquote class=\"wp-block-quote is-layout-flow wp-block-quote-is-layout-flow\">\n<p>A iniciativa \u00e1 que te refires consistiu en seguir coa festa en Petelos e en depositar rosas nas portas do Concello. Sen darlle ningunha publicidade asistir\u00edan arredor de 200 persoas. Ao BNG calquera iniciativa de auto organizaci\u00f3n veci\u00f1al na defensa dos seus dereitos par\u00e9celle estupenda.<\/p>\n<\/blockquote>\n\n\n\n<p><strong>E sobre o desenvolvemento da festa deste ano?<\/strong><\/p>\n\n\n\n<blockquote class=\"wp-block-quote is-layout-flow wp-block-quote-is-layout-flow\">\n<p>Esta festa converteuse nunha loa \u00e1 alcaldesa. F\u00edxose unha cousa esperp\u00e9ntica: a creaci\u00f3n da orde dos valedores da rosa, nomeando a alg\u00fans valedores que xa me explicar\u00e1n o m\u00e9rito que te\u00f1en:O conselleiro de cultura, o bispo da diocese, ou ao director do Faro&#8230;&#8230; e fixeron unha ofrenda floral aos primeiros marqueses de Mos non sabemos moi ben o motivo.<\/p>\n<\/blockquote>\n\n\n\n<blockquote class=\"wp-block-quote is-layout-flow wp-block-quote-is-layout-flow\">\n<p>Por outra parte este ano non convidaron \u00e1 banda de m\u00fasica xuvenil de Torroso para convidar a unha banda militar .\u00c9 dicir estaba a igrexa e o ex\u00e9rcito, parec\u00eda que estabamos nun espect\u00e1culo do NODO.<\/p>\n<\/blockquote>\n\n\n\n<p><strong>A actual condici\u00f3n de senadora da alcaldesa infl\u00fae algo no seu traballo?<\/strong><\/p>\n\n\n\n<blockquote class=\"wp-block-quote is-layout-flow wp-block-quote-is-layout-flow\">\n<p>O que n\u00f3s detectamos \u00e9 que existe un evidente desleixo da alcaldesa no que se refire aos asuntos do Concello. Cada vez est\u00e1 m\u00e1is ausente. Iso n\u00f3tase nalg\u00fans detalles significativos.<\/p>\n<\/blockquote>\n\n\n\n<p><strong>Por exemplo?<\/strong><\/p>\n\n\n\n<blockquote class=\"wp-block-quote is-layout-flow wp-block-quote-is-layout-flow\">\n<p>Nos plenos pode estar todo o tempo mirando o m\u00f3bil ou a tableta. Al\u00e9n dunha falta de respecto notable cara ao resto da corporaci\u00f3n, indica o pouco que lle interesa o que se estea a tratar .Por outra banda a axenda institucional do Concello modif\u00edcase en funci\u00f3n dos compromisos que a alcaldesa poida ter en Madrid.<\/p>\n<\/blockquote>\n\n\n\n<p><strong>Como est\u00e1 o asunto de Tameiga?<\/strong><\/p>\n\n\n\n<blockquote class=\"wp-block-quote is-layout-flow wp-block-quote-is-layout-flow\">\n<p>A alcaldesa gabouse de que este proxecto vai ir para adiante e de que en ver\u00e1n van comezar as obras.<\/p>\n<\/blockquote>\n\n\n\n<p><strong>Comezar\u00e1n en Pereiras, onde xa te\u00f1en acordos coa CM, pero en Tameiga non lles vai ser posible?<\/strong><\/p>\n\n\n\n<blockquote class=\"wp-block-quote is-layout-flow wp-block-quote-is-layout-flow\">\n<p>Entendemos que comezar\u00e1n en Pereiras, si. O que pretenden que vaia en Tameiga pois non sei que vai acontecer pero supo\u00f1o que acabar\u00e1 xudicializ\u00e1ndose.<\/p>\n<\/blockquote>\n\n\n\n<p><strong>Falando de Pereiras, que pasou co Torreiro e o aparcadoiro desa parroquia?<\/strong><\/p>\n\n\n\n<blockquote class=\"wp-block-quote is-layout-flow wp-block-quote-is-layout-flow\">\n<p>O Concello asinou un acordo co bispado polo que a Igrexa ced\u00eda eses terreos ao Concello durante 50 anos, pero con dereito de veto a calquera acto que se pretendese celebrar al\u00ed que a Igrexa non considerase apropiado. Algo a todas luces lamentable e moito m\u00e1is nuns terreos que nin sequera est\u00e1 acreditado que sexa propiedade da Igrexa.<\/p>\n<\/blockquote>\n\n\n\n<p><strong>Que opina Leo, o concelleiro de Pereiras, ao respecto dese dereito de veto da Igrexa?<\/strong><\/p>\n\n\n\n<blockquote class=\"wp-block-quote is-layout-flow wp-block-quote-is-layout-flow\">\n<p>Seica est\u00e1 totalmente de acordo<\/p>\n<\/blockquote>\n\n\n\n<p><strong>Como est\u00e1n os \u00e1nimos do BNG de Mos?<\/strong><\/p>\n\n\n\n<blockquote class=\"wp-block-quote is-layout-flow wp-block-quote-is-layout-flow\">\n<p>Est\u00e1n moi ben. Estamos crecendo en militancia, penetrando cada vez m\u00e1is na sociedade do noso concello, incluso en segmentos aos que nunca ti\u00f1amos chegado, e coa convicci\u00f3n de que m\u00e1is cedo que tarde seremos o actor que propicie o imprescindible cambio pol\u00edtico que necesita, como se necesita o aire para respirar, Mos.<\/p>\n<\/blockquote>\n","protected":false},"excerpt":{"rendered":"<div class=\"mh-excerpt\"><p>A asociaci\u00f3n de ideas e un mecanismo da nosa psique que nos leva a conectar diferentes eidos de pensamento impulsados polo noso subconsciente. E o devandito mecanismo fai que cada vez que escribo sobre a pol\u00edtica local no concello de Mos me entren ga\u00f1as de falar de filosof\u00eda. Os lectores e lectoras de Mos m\u00e1is fieis, que honran a ANP coa s\u00faa compa\u00f1\u00eda, seguro que comprenden as raz\u00f3ns desta repentina paix\u00f3n filos\u00f3fica. Pero non, hoxe non vou mencionar nada que te\u00f1a que ver co neoplatonismo, desta volta quixera referirme \u00e1 idea do eterno retorno. Esta concepci\u00f3n do paso do tempo foi postulada por vez primeira polos fil\u00f3sofos estoicos, malia que \u00e9 o alem\u00e1n Nietzsche o m\u00e1is co\u00f1ecido defensor da idea do ciclo eterno da vida. En resumo: o Eterno Retorno ven dicir que nada do que ocorre no universo \u00e9 novo, todo xa aconteceu algunha vez nun ciclo de principio e final que se repite eternamente. E si, todo se acabar\u00e1, posiblemente para volverse repetir , pero todo ten unha fin. Incluso o nefasto goberno da alcaldesa Nidia Ar\u00e9valo rematar\u00e1 m\u00e1is cedo que tarde. E cando acabe, cando o pesadelo pol\u00edtico desta p\u00e9sima alcaldesa remate, agardo que quen a substit\u00faa te\u00f1a a valent\u00eda de abrir as fiestras do concello de par en par para que o aire limpo dun goberno xusto, que trate por igual a todas e todos os mosenses poida entrar por fin na casa consistorial. N\u00f3s conversamos con Gustavo Barcia, o voceiro dos nacionalistas. <a class=\"mh-excerpt-more\" href=\"https:\/\/www.anovapeneira.gal\/index.php\/2024\/08\/07\/gustavo-barcia-voceiro-do-bng-de-mos-2\/\" title=\"Gustavo Barcia voceiro do BNG de Mos\">[&#8230;]<\/a><\/p>\n<\/div>","protected":false},"author":2,"featured_media":12199,"comment_status":"open","ping_status":"open","sticky":false,"template":"","format":"standard","meta":{"_exactmetrics_skip_tracking":false,"_exactmetrics_sitenote_active":false,"_exactmetrics_sitenote_note":"","_exactmetrics_sitenote_category":0,"footnotes":""},"categories":[265],"tags":[218],"class_list":{"0":"post-12198","1":"post","2":"type-post","3":"status-publish","4":"format-standard","5":"has-post-thumbnail","7":"category-a-lourina-entrevistas","8":"tag-concello-de-mos"},"yoast_head":"<!-- This site is optimized with the Yoast SEO plugin v27.4 - https:\/\/yoast.com\/product\/yoast-seo-wordpress\/ -->\n<title>Gustavo Barcia voceiro do BNG de Mos -<\/title>\n<meta name=\"robots\" content=\"index, follow, max-snippet:-1, max-image-preview:large, max-video-preview:-1\" \/>\n<link rel=\"canonical\" href=\"https:\/\/www.anovapeneira.gal\/index.php\/2024\/08\/07\/gustavo-barcia-voceiro-do-bng-de-mos-2\/\" \/>\n<meta property=\"og:locale\" content=\"gl_ES\" \/>\n<meta property=\"og:type\" content=\"article\" \/>\n<meta property=\"og:title\" content=\"Gustavo Barcia voceiro do BNG de Mos -\" \/>\n<meta property=\"og:description\" content=\"A asociaci\u00f3n de ideas e un mecanismo da nosa psique que nos leva a conectar diferentes eidos de pensamento impulsados polo noso subconsciente. E o devandito mecanismo fai que cada vez que escribo sobre a pol\u00edtica local no concello de Mos me entren ga\u00f1as de falar de filosof\u00eda. Os lectores e lectoras de Mos m\u00e1is fieis, que honran a ANP coa s\u00faa compa\u00f1\u00eda, seguro que comprenden as raz\u00f3ns desta repentina paix\u00f3n filos\u00f3fica. Pero non, hoxe non vou mencionar nada que te\u00f1a que ver co neoplatonismo, desta volta quixera referirme \u00e1 idea do eterno retorno. Esta concepci\u00f3n do paso do tempo foi postulada por vez primeira polos fil\u00f3sofos estoicos, malia que \u00e9 o alem\u00e1n Nietzsche o m\u00e1is co\u00f1ecido defensor da idea do ciclo eterno da vida. En resumo: o Eterno Retorno ven dicir que nada do que ocorre no universo \u00e9 novo, todo xa aconteceu algunha vez nun ciclo de principio e final que se repite eternamente. E si, todo se acabar\u00e1, posiblemente para volverse repetir , pero todo ten unha fin. Incluso o nefasto goberno da alcaldesa Nidia Ar\u00e9valo rematar\u00e1 m\u00e1is cedo que tarde. E cando acabe, cando o pesadelo pol\u00edtico desta p\u00e9sima alcaldesa remate, agardo que quen a substit\u00faa te\u00f1a a valent\u00eda de abrir as fiestras do concello de par en par para que o aire limpo dun goberno xusto, que trate por igual a todas e todos os mosenses poida entrar por fin na casa consistorial. N\u00f3s conversamos con Gustavo Barcia, o voceiro dos nacionalistas. [...]\" \/>\n<meta property=\"og:url\" content=\"https:\/\/www.anovapeneira.gal\/index.php\/2024\/08\/07\/gustavo-barcia-voceiro-do-bng-de-mos-2\/\" \/>\n<meta property=\"article:publisher\" content=\"https:\/\/www.facebook.com\/anovapeneira\" \/>\n<meta property=\"article:published_time\" content=\"2024-08-07T10:00:18+00:00\" \/>\n<meta property=\"og:image\" content=\"https:\/\/www.anovapeneira.gal\/wp-content\/uploads\/2024\/08\/gustavo_bng_mos.jpg\" \/>\n\t<meta property=\"og:image:width\" content=\"720\" \/>\n\t<meta property=\"og:image:height\" content=\"432\" \/>\n\t<meta property=\"og:image:type\" content=\"image\/jpeg\" \/>\n<meta name=\"author\" content=\"Tino Lago\" \/>\n<meta name=\"twitter:card\" content=\"summary_large_image\" \/>\n<meta name=\"twitter:creator\" content=\"@APeneira\" \/>\n<meta name=\"twitter:site\" content=\"@APeneira\" \/>\n<meta name=\"twitter:label1\" content=\"Escrito por\" \/>\n\t<meta name=\"twitter:data1\" content=\"Tino Lago\" \/>\n\t<meta name=\"twitter:label2\" content=\"Tempo de lectura\" \/>\n\t<meta name=\"twitter:data2\" content=\"4 minutos\" \/>\n<script type=\"application\/ld+json\" class=\"yoast-schema-graph\">{\"@context\":\"https:\\\/\\\/schema.org\",\"@graph\":[{\"@type\":\"Article\",\"@id\":\"https:\\\/\\\/www.anovapeneira.gal\\\/index.php\\\/2024\\\/08\\\/07\\\/gustavo-barcia-voceiro-do-bng-de-mos-2\\\/#article\",\"isPartOf\":{\"@id\":\"https:\\\/\\\/www.anovapeneira.gal\\\/index.php\\\/2024\\\/08\\\/07\\\/gustavo-barcia-voceiro-do-bng-de-mos-2\\\/\"},\"author\":{\"name\":\"Tino Lago\",\"@id\":\"https:\\\/\\\/www.anovapeneira.gal\\\/#\\\/schema\\\/person\\\/424dfe65e3070fd8a44d22d2c088762a\"},\"headline\":\"Gustavo Barcia voceiro do BNG de Mos\",\"datePublished\":\"2024-08-07T10:00:18+00:00\",\"mainEntityOfPage\":{\"@id\":\"https:\\\/\\\/www.anovapeneira.gal\\\/index.php\\\/2024\\\/08\\\/07\\\/gustavo-barcia-voceiro-do-bng-de-mos-2\\\/\"},\"wordCount\":1677,\"commentCount\":0,\"publisher\":{\"@id\":\"https:\\\/\\\/www.anovapeneira.gal\\\/#organization\"},\"image\":{\"@id\":\"https:\\\/\\\/www.anovapeneira.gal\\\/index.php\\\/2024\\\/08\\\/07\\\/gustavo-barcia-voceiro-do-bng-de-mos-2\\\/#primaryimage\"},\"thumbnailUrl\":\"https:\\\/\\\/www.anovapeneira.gal\\\/wp-content\\\/uploads\\\/2024\\\/08\\\/gustavo_bng_mos.jpg\",\"keywords\":[\"Concello de Mos\"],\"articleSection\":[\"A Louri\u00f1a\"],\"inLanguage\":\"gl-ES\",\"potentialAction\":[{\"@type\":\"CommentAction\",\"name\":\"Comment\",\"target\":[\"https:\\\/\\\/www.anovapeneira.gal\\\/index.php\\\/2024\\\/08\\\/07\\\/gustavo-barcia-voceiro-do-bng-de-mos-2\\\/#respond\"]}]},{\"@type\":\"WebPage\",\"@id\":\"https:\\\/\\\/www.anovapeneira.gal\\\/index.php\\\/2024\\\/08\\\/07\\\/gustavo-barcia-voceiro-do-bng-de-mos-2\\\/\",\"url\":\"https:\\\/\\\/www.anovapeneira.gal\\\/index.php\\\/2024\\\/08\\\/07\\\/gustavo-barcia-voceiro-do-bng-de-mos-2\\\/\",\"name\":\"Gustavo Barcia voceiro do BNG de Mos -\",\"isPartOf\":{\"@id\":\"https:\\\/\\\/www.anovapeneira.gal\\\/#website\"},\"primaryImageOfPage\":{\"@id\":\"https:\\\/\\\/www.anovapeneira.gal\\\/index.php\\\/2024\\\/08\\\/07\\\/gustavo-barcia-voceiro-do-bng-de-mos-2\\\/#primaryimage\"},\"image\":{\"@id\":\"https:\\\/\\\/www.anovapeneira.gal\\\/index.php\\\/2024\\\/08\\\/07\\\/gustavo-barcia-voceiro-do-bng-de-mos-2\\\/#primaryimage\"},\"thumbnailUrl\":\"https:\\\/\\\/www.anovapeneira.gal\\\/wp-content\\\/uploads\\\/2024\\\/08\\\/gustavo_bng_mos.jpg\",\"datePublished\":\"2024-08-07T10:00:18+00:00\",\"breadcrumb\":{\"@id\":\"https:\\\/\\\/www.anovapeneira.gal\\\/index.php\\\/2024\\\/08\\\/07\\\/gustavo-barcia-voceiro-do-bng-de-mos-2\\\/#breadcrumb\"},\"inLanguage\":\"gl-ES\",\"potentialAction\":[{\"@type\":\"ReadAction\",\"target\":[\"https:\\\/\\\/www.anovapeneira.gal\\\/index.php\\\/2024\\\/08\\\/07\\\/gustavo-barcia-voceiro-do-bng-de-mos-2\\\/\"]}]},{\"@type\":\"ImageObject\",\"inLanguage\":\"gl-ES\",\"@id\":\"https:\\\/\\\/www.anovapeneira.gal\\\/index.php\\\/2024\\\/08\\\/07\\\/gustavo-barcia-voceiro-do-bng-de-mos-2\\\/#primaryimage\",\"url\":\"https:\\\/\\\/www.anovapeneira.gal\\\/wp-content\\\/uploads\\\/2024\\\/08\\\/gustavo_bng_mos.jpg\",\"contentUrl\":\"https:\\\/\\\/www.anovapeneira.gal\\\/wp-content\\\/uploads\\\/2024\\\/08\\\/gustavo_bng_mos.jpg\",\"width\":720,\"height\":432,\"caption\":\"Gustavo BNG Mos\"},{\"@type\":\"BreadcrumbList\",\"@id\":\"https:\\\/\\\/www.anovapeneira.gal\\\/index.php\\\/2024\\\/08\\\/07\\\/gustavo-barcia-voceiro-do-bng-de-mos-2\\\/#breadcrumb\",\"itemListElement\":[{\"@type\":\"ListItem\",\"position\":1,\"name\":\"Portada\",\"item\":\"https:\\\/\\\/www.anovapeneira.gal\\\/\"},{\"@type\":\"ListItem\",\"position\":2,\"name\":\"Gustavo Barcia voceiro do BNG de Mos\"}]},{\"@type\":\"WebSite\",\"@id\":\"https:\\\/\\\/www.anovapeneira.gal\\\/#website\",\"url\":\"https:\\\/\\\/www.anovapeneira.gal\\\/\",\"name\":\"\",\"description\":\"Xornal galego de informaci\u00f3n xeral Publicaci\u00f3n mensual de novas de Galicia e en especial dos Concellos da sur da provincia de Pontevedra.\",\"publisher\":{\"@id\":\"https:\\\/\\\/www.anovapeneira.gal\\\/#organization\"},\"potentialAction\":[{\"@type\":\"SearchAction\",\"target\":{\"@type\":\"EntryPoint\",\"urlTemplate\":\"https:\\\/\\\/www.anovapeneira.gal\\\/?s={search_term_string}\"},\"query-input\":{\"@type\":\"PropertyValueSpecification\",\"valueRequired\":true,\"valueName\":\"search_term_string\"}}],\"inLanguage\":\"gl-ES\"},{\"@type\":\"Organization\",\"@id\":\"https:\\\/\\\/www.anovapeneira.gal\\\/#organization\",\"name\":\"A Nova Peneira\",\"url\":\"https:\\\/\\\/www.anovapeneira.gal\\\/\",\"logo\":{\"@type\":\"ImageObject\",\"inLanguage\":\"gl-ES\",\"@id\":\"https:\\\/\\\/www.anovapeneira.gal\\\/#\\\/schema\\\/logo\\\/image\\\/\",\"url\":\"http:\\\/\\\/www.anovapeneira.gal\\\/wp-content\\\/uploads\\\/2019\\\/06\\\/logo_a_nova_peneira_portal_web.png\",\"contentUrl\":\"http:\\\/\\\/www.anovapeneira.gal\\\/wp-content\\\/uploads\\\/2019\\\/06\\\/logo_a_nova_peneira_portal_web.png\",\"width\":300,\"height\":100,\"caption\":\"A Nova Peneira\"},\"image\":{\"@id\":\"https:\\\/\\\/www.anovapeneira.gal\\\/#\\\/schema\\\/logo\\\/image\\\/\"},\"sameAs\":[\"https:\\\/\\\/www.facebook.com\\\/anovapeneira\",\"https:\\\/\\\/x.com\\\/APeneira\"]},{\"@type\":\"Person\",\"@id\":\"https:\\\/\\\/www.anovapeneira.gal\\\/#\\\/schema\\\/person\\\/424dfe65e3070fd8a44d22d2c088762a\",\"name\":\"Tino Lago\",\"image\":{\"@type\":\"ImageObject\",\"inLanguage\":\"gl-ES\",\"@id\":\"https:\\\/\\\/secure.gravatar.com\\\/avatar\\\/b3df6a06e44bab3111583b90f0f33a0379ee5e3d22cbadd232d39f21c30c62be?s=96&d=mm&r=g\",\"url\":\"https:\\\/\\\/secure.gravatar.com\\\/avatar\\\/b3df6a06e44bab3111583b90f0f33a0379ee5e3d22cbadd232d39f21c30c62be?s=96&d=mm&r=g\",\"contentUrl\":\"https:\\\/\\\/secure.gravatar.com\\\/avatar\\\/b3df6a06e44bab3111583b90f0f33a0379ee5e3d22cbadd232d39f21c30c62be?s=96&d=mm&r=g\",\"caption\":\"Tino Lago\"},\"sameAs\":[\"http:\\\/\\\/www.anovapeneira.gal\"],\"url\":\"https:\\\/\\\/www.anovapeneira.gal\\\/index.php\\\/author\\\/director\\\/\"}]}<\/script>\n<!-- \/ Yoast SEO plugin. -->","yoast_head_json":{"title":"Gustavo Barcia voceiro do BNG de Mos -","robots":{"index":"index","follow":"follow","max-snippet":"max-snippet:-1","max-image-preview":"max-image-preview:large","max-video-preview":"max-video-preview:-1"},"canonical":"https:\/\/www.anovapeneira.gal\/index.php\/2024\/08\/07\/gustavo-barcia-voceiro-do-bng-de-mos-2\/","og_locale":"gl_ES","og_type":"article","og_title":"Gustavo Barcia voceiro do BNG de Mos -","og_description":"A asociaci\u00f3n de ideas e un mecanismo da nosa psique que nos leva a conectar diferentes eidos de pensamento impulsados polo noso subconsciente. E o devandito mecanismo fai que cada vez que escribo sobre a pol\u00edtica local no concello de Mos me entren ga\u00f1as de falar de filosof\u00eda. Os lectores e lectoras de Mos m\u00e1is fieis, que honran a ANP coa s\u00faa compa\u00f1\u00eda, seguro que comprenden as raz\u00f3ns desta repentina paix\u00f3n filos\u00f3fica. Pero non, hoxe non vou mencionar nada que te\u00f1a que ver co neoplatonismo, desta volta quixera referirme \u00e1 idea do eterno retorno. Esta concepci\u00f3n do paso do tempo foi postulada por vez primeira polos fil\u00f3sofos estoicos, malia que \u00e9 o alem\u00e1n Nietzsche o m\u00e1is co\u00f1ecido defensor da idea do ciclo eterno da vida. En resumo: o Eterno Retorno ven dicir que nada do que ocorre no universo \u00e9 novo, todo xa aconteceu algunha vez nun ciclo de principio e final que se repite eternamente. E si, todo se acabar\u00e1, posiblemente para volverse repetir , pero todo ten unha fin. Incluso o nefasto goberno da alcaldesa Nidia Ar\u00e9valo rematar\u00e1 m\u00e1is cedo que tarde. E cando acabe, cando o pesadelo pol\u00edtico desta p\u00e9sima alcaldesa remate, agardo que quen a substit\u00faa te\u00f1a a valent\u00eda de abrir as fiestras do concello de par en par para que o aire limpo dun goberno xusto, que trate por igual a todas e todos os mosenses poida entrar por fin na casa consistorial. N\u00f3s conversamos con Gustavo Barcia, o voceiro dos nacionalistas. [...]","og_url":"https:\/\/www.anovapeneira.gal\/index.php\/2024\/08\/07\/gustavo-barcia-voceiro-do-bng-de-mos-2\/","article_publisher":"https:\/\/www.facebook.com\/anovapeneira","article_published_time":"2024-08-07T10:00:18+00:00","og_image":[{"width":720,"height":432,"url":"https:\/\/www.anovapeneira.gal\/wp-content\/uploads\/2024\/08\/gustavo_bng_mos.jpg","type":"image\/jpeg"}],"author":"Tino Lago","twitter_card":"summary_large_image","twitter_creator":"@APeneira","twitter_site":"@APeneira","twitter_misc":{"Escrito por":"Tino Lago","Tempo de lectura":"4 minutos"},"schema":{"@context":"https:\/\/schema.org","@graph":[{"@type":"Article","@id":"https:\/\/www.anovapeneira.gal\/index.php\/2024\/08\/07\/gustavo-barcia-voceiro-do-bng-de-mos-2\/#article","isPartOf":{"@id":"https:\/\/www.anovapeneira.gal\/index.php\/2024\/08\/07\/gustavo-barcia-voceiro-do-bng-de-mos-2\/"},"author":{"name":"Tino Lago","@id":"https:\/\/www.anovapeneira.gal\/#\/schema\/person\/424dfe65e3070fd8a44d22d2c088762a"},"headline":"Gustavo Barcia voceiro do BNG de Mos","datePublished":"2024-08-07T10:00:18+00:00","mainEntityOfPage":{"@id":"https:\/\/www.anovapeneira.gal\/index.php\/2024\/08\/07\/gustavo-barcia-voceiro-do-bng-de-mos-2\/"},"wordCount":1677,"commentCount":0,"publisher":{"@id":"https:\/\/www.anovapeneira.gal\/#organization"},"image":{"@id":"https:\/\/www.anovapeneira.gal\/index.php\/2024\/08\/07\/gustavo-barcia-voceiro-do-bng-de-mos-2\/#primaryimage"},"thumbnailUrl":"https:\/\/www.anovapeneira.gal\/wp-content\/uploads\/2024\/08\/gustavo_bng_mos.jpg","keywords":["Concello de Mos"],"articleSection":["A Louri\u00f1a"],"inLanguage":"gl-ES","potentialAction":[{"@type":"CommentAction","name":"Comment","target":["https:\/\/www.anovapeneira.gal\/index.php\/2024\/08\/07\/gustavo-barcia-voceiro-do-bng-de-mos-2\/#respond"]}]},{"@type":"WebPage","@id":"https:\/\/www.anovapeneira.gal\/index.php\/2024\/08\/07\/gustavo-barcia-voceiro-do-bng-de-mos-2\/","url":"https:\/\/www.anovapeneira.gal\/index.php\/2024\/08\/07\/gustavo-barcia-voceiro-do-bng-de-mos-2\/","name":"Gustavo Barcia voceiro do BNG de Mos -","isPartOf":{"@id":"https:\/\/www.anovapeneira.gal\/#website"},"primaryImageOfPage":{"@id":"https:\/\/www.anovapeneira.gal\/index.php\/2024\/08\/07\/gustavo-barcia-voceiro-do-bng-de-mos-2\/#primaryimage"},"image":{"@id":"https:\/\/www.anovapeneira.gal\/index.php\/2024\/08\/07\/gustavo-barcia-voceiro-do-bng-de-mos-2\/#primaryimage"},"thumbnailUrl":"https:\/\/www.anovapeneira.gal\/wp-content\/uploads\/2024\/08\/gustavo_bng_mos.jpg","datePublished":"2024-08-07T10:00:18+00:00","breadcrumb":{"@id":"https:\/\/www.anovapeneira.gal\/index.php\/2024\/08\/07\/gustavo-barcia-voceiro-do-bng-de-mos-2\/#breadcrumb"},"inLanguage":"gl-ES","potentialAction":[{"@type":"ReadAction","target":["https:\/\/www.anovapeneira.gal\/index.php\/2024\/08\/07\/gustavo-barcia-voceiro-do-bng-de-mos-2\/"]}]},{"@type":"ImageObject","inLanguage":"gl-ES","@id":"https:\/\/www.anovapeneira.gal\/index.php\/2024\/08\/07\/gustavo-barcia-voceiro-do-bng-de-mos-2\/#primaryimage","url":"https:\/\/www.anovapeneira.gal\/wp-content\/uploads\/2024\/08\/gustavo_bng_mos.jpg","contentUrl":"https:\/\/www.anovapeneira.gal\/wp-content\/uploads\/2024\/08\/gustavo_bng_mos.jpg","width":720,"height":432,"caption":"Gustavo BNG Mos"},{"@type":"BreadcrumbList","@id":"https:\/\/www.anovapeneira.gal\/index.php\/2024\/08\/07\/gustavo-barcia-voceiro-do-bng-de-mos-2\/#breadcrumb","itemListElement":[{"@type":"ListItem","position":1,"name":"Portada","item":"https:\/\/www.anovapeneira.gal\/"},{"@type":"ListItem","position":2,"name":"Gustavo Barcia voceiro do BNG de Mos"}]},{"@type":"WebSite","@id":"https:\/\/www.anovapeneira.gal\/#website","url":"https:\/\/www.anovapeneira.gal\/","name":"","description":"Xornal galego de informaci\u00f3n xeral Publicaci\u00f3n mensual de novas de Galicia e en especial dos Concellos da sur da provincia de Pontevedra.","publisher":{"@id":"https:\/\/www.anovapeneira.gal\/#organization"},"potentialAction":[{"@type":"SearchAction","target":{"@type":"EntryPoint","urlTemplate":"https:\/\/www.anovapeneira.gal\/?s={search_term_string}"},"query-input":{"@type":"PropertyValueSpecification","valueRequired":true,"valueName":"search_term_string"}}],"inLanguage":"gl-ES"},{"@type":"Organization","@id":"https:\/\/www.anovapeneira.gal\/#organization","name":"A Nova Peneira","url":"https:\/\/www.anovapeneira.gal\/","logo":{"@type":"ImageObject","inLanguage":"gl-ES","@id":"https:\/\/www.anovapeneira.gal\/#\/schema\/logo\/image\/","url":"http:\/\/www.anovapeneira.gal\/wp-content\/uploads\/2019\/06\/logo_a_nova_peneira_portal_web.png","contentUrl":"http:\/\/www.anovapeneira.gal\/wp-content\/uploads\/2019\/06\/logo_a_nova_peneira_portal_web.png","width":300,"height":100,"caption":"A Nova Peneira"},"image":{"@id":"https:\/\/www.anovapeneira.gal\/#\/schema\/logo\/image\/"},"sameAs":["https:\/\/www.facebook.com\/anovapeneira","https:\/\/x.com\/APeneira"]},{"@type":"Person","@id":"https:\/\/www.anovapeneira.gal\/#\/schema\/person\/424dfe65e3070fd8a44d22d2c088762a","name":"Tino Lago","image":{"@type":"ImageObject","inLanguage":"gl-ES","@id":"https:\/\/secure.gravatar.com\/avatar\/b3df6a06e44bab3111583b90f0f33a0379ee5e3d22cbadd232d39f21c30c62be?s=96&d=mm&r=g","url":"https:\/\/secure.gravatar.com\/avatar\/b3df6a06e44bab3111583b90f0f33a0379ee5e3d22cbadd232d39f21c30c62be?s=96&d=mm&r=g","contentUrl":"https:\/\/secure.gravatar.com\/avatar\/b3df6a06e44bab3111583b90f0f33a0379ee5e3d22cbadd232d39f21c30c62be?s=96&d=mm&r=g","caption":"Tino Lago"},"sameAs":["http:\/\/www.anovapeneira.gal"],"url":"https:\/\/www.anovapeneira.gal\/index.php\/author\/director\/"}]}},"jetpack_featured_media_url":"https:\/\/www.anovapeneira.gal\/wp-content\/uploads\/2024\/08\/gustavo_bng_mos.jpg","_links":{"self":[{"href":"https:\/\/www.anovapeneira.gal\/index.php\/wp-json\/wp\/v2\/posts\/12198","targetHints":{"allow":["GET"]}}],"collection":[{"href":"https:\/\/www.anovapeneira.gal\/index.php\/wp-json\/wp\/v2\/posts"}],"about":[{"href":"https:\/\/www.anovapeneira.gal\/index.php\/wp-json\/wp\/v2\/types\/post"}],"author":[{"embeddable":true,"href":"https:\/\/www.anovapeneira.gal\/index.php\/wp-json\/wp\/v2\/users\/2"}],"replies":[{"embeddable":true,"href":"https:\/\/www.anovapeneira.gal\/index.php\/wp-json\/wp\/v2\/comments?post=12198"}],"version-history":[{"count":2,"href":"https:\/\/www.anovapeneira.gal\/index.php\/wp-json\/wp\/v2\/posts\/12198\/revisions"}],"predecessor-version":[{"id":12201,"href":"https:\/\/www.anovapeneira.gal\/index.php\/wp-json\/wp\/v2\/posts\/12198\/revisions\/12201"}],"wp:featuredmedia":[{"embeddable":true,"href":"https:\/\/www.anovapeneira.gal\/index.php\/wp-json\/wp\/v2\/media\/12199"}],"wp:attachment":[{"href":"https:\/\/www.anovapeneira.gal\/index.php\/wp-json\/wp\/v2\/media?parent=12198"}],"wp:term":[{"taxonomy":"category","embeddable":true,"href":"https:\/\/www.anovapeneira.gal\/index.php\/wp-json\/wp\/v2\/categories?post=12198"},{"taxonomy":"post_tag","embeddable":true,"href":"https:\/\/www.anovapeneira.gal\/index.php\/wp-json\/wp\/v2\/tags?post=12198"}],"curies":[{"name":"wp","href":"https:\/\/api.w.org\/{rel}","templated":true}]}}