{"id":12213,"date":"2024-08-09T10:00:05","date_gmt":"2024-08-09T08:00:05","guid":{"rendered":"https:\/\/www.anovapeneira.gal\/?p=12213"},"modified":"2024-08-07T10:33:44","modified_gmt":"2024-08-07T08:33:44","slug":"farruco-sesto-diplomatico-da-republica-bolivariana-de-venezuela-no-consulado-de-vigo-e-membro-do-consello-politico-do-psuv","status":"publish","type":"post","link":"https:\/\/www.anovapeneira.gal\/index.php\/2024\/08\/09\/farruco-sesto-diplomatico-da-republica-bolivariana-de-venezuela-no-consulado-de-vigo-e-membro-do-consello-politico-do-psuv\/","title":{"rendered":"Farruco Sesto, diplom\u00e1tico da Rep\u00fablica Bolivariana de Venezuela no consulado de Vigo e membro do consello pol\u00edtico do PSUV"},"content":{"rendered":"\n<p><strong>Conversamos o pasado 3 de agosto con Farruco Sesto ex ministro venezolano. El \u00e9 escritor, pintor e na actualidade diplom\u00e1tico no consulado vigu\u00e9s. Quixemos co\u00f1ecer a s\u00faa visi\u00f3n sobre o momento de enorme tensi\u00f3n que vive o seu pa\u00eds, despois das \u00faltimas elecci\u00f3ns cuxo resultado non reco\u00f1ece a oposici\u00f3n. Vela\u00ed vai o que deu de si a nosa conversa.<\/strong><\/p>\n\n\n\n<p>\u201c <strong>Podo asegurar de maneira rotunda e taxativa que en Venezuela non houbo fraude electoral\u201d<\/strong><\/p>\n\n\n\n<p><strong>En Vigo est\u00e1 un dos 5 consulados de Venezuela no estado espa\u00f1ol. Que xurisdici\u00f3n abrangue o consulado vigu\u00e9s?<\/strong><\/p>\n\n\n\n<blockquote class=\"wp-block-quote is-layout-flow wp-block-quote-is-layout-flow\">\n<p>Galicia, Asturias e a provincia de Le\u00f3n.<\/p>\n<\/blockquote>\n\n\n\n<p><strong>Cantos venezolanos e venezolanas est\u00e1 rexistrados no consulado vigu\u00e9s?<\/strong><\/p>\n\n\n\n<blockquote class=\"wp-block-quote is-layout-flow wp-block-quote-is-layout-flow\">\n<p>34.200. Eses son os que est\u00e1n rexistrados porque fixeron alg\u00fan tipo de tr\u00e1mite pero eu calculo que poden vivir, no territorio que abranguemos n\u00f3s, arredor de 50.000 compatriotas.<\/p>\n<\/blockquote>\n\n\n\n<p><strong>Esas 34.200 persoas te\u00f1en dereito a voto?<\/strong><\/p>\n\n\n\n<blockquote class=\"wp-block-quote is-layout-flow wp-block-quote-is-layout-flow\">\n<p>Non, esa cifra incl\u00fae tam\u00e9n aos menores de idade. En Venezuela, como en Espa\u00f1a, p\u00f3dese votar a partir do 18 anos. Para poder votar \u00e9 necesario ser residente no pa\u00eds,non podes facelo se s\u00f3 est\u00e1s de paso, e terse inscrito no CNE( consello nacional electoral).<\/p>\n<\/blockquote>\n\n\n\n<p><strong>Cantas persoas fixeron o tr\u00e1mite necesario para poder votar?<\/strong><\/p>\n\n\n\n<blockquote class=\"wp-block-quote is-layout-flow wp-block-quote-is-layout-flow\">\n<p>2.300. A abstenci\u00f3n foi elevad\u00edsima<\/p>\n<\/blockquote>\n\n\n\n<p><strong>Por que tan poucos?<\/strong><\/p>\n\n\n\n<blockquote class=\"wp-block-quote is-layout-flow wp-block-quote-is-layout-flow\">\n<p>Non o sei. En Venezuela o voto non \u00e9 obrigatorio.<\/p>\n<\/blockquote>\n\n\n\n<p><strong>Deses 2.300 inscritos cantos votaron?<\/strong><\/p>\n\n\n\n<blockquote class=\"wp-block-quote is-layout-flow wp-block-quote-is-layout-flow\">\n<p>Pouco m\u00e1is que 500.<\/p>\n<\/blockquote>\n\n\n\n<p><strong>Cal foi o resultado?<\/strong><\/p>\n\n\n\n<blockquote class=\"wp-block-quote is-layout-flow wp-block-quote-is-layout-flow\">\n<p>Non che podo dicir o resultado exacto, pero a oposici\u00f3n ga\u00f1ou con claridade.<\/p>\n<\/blockquote>\n\n\n\n<p><strong>En Venezuela o CNE determina que Maduro quita o 51,95% dos votos, e a oposici\u00f3n o 43,18%.Houbo fraude?<\/strong><\/p>\n\n\n\n<blockquote class=\"wp-block-quote is-layout-flow wp-block-quote-is-layout-flow\">\n<p>Non.<\/p>\n<\/blockquote>\n\n\n\n<p><strong>Podes asegurar taxativamente que non a houbo?<\/strong><\/p>\n\n\n\n<blockquote class=\"wp-block-quote is-layout-flow wp-block-quote-is-layout-flow\">\n<p>Si que podo. Con certeza absoluta digo que non houbo fraude.<\/p>\n<\/blockquote>\n\n\n\n<p><strong>Sobre o que afirma a oposici\u00f3n de que non se ensinan as actas?<\/strong><\/p>\n\n\n\n<blockquote class=\"wp-block-quote is-layout-flow wp-block-quote-is-layout-flow\">\n<p>Iso \u00e9 absolutamente falso.<\/p>\n<\/blockquote>\n\n\n\n<p><strong>Ent\u00f3n esas actas son p\u00fablicas?<\/strong><\/p>\n\n\n\n<blockquote class=\"wp-block-quote is-layout-flow wp-block-quote-is-layout-flow\">\n<p>En Venezuela o sistema electoral \u00e9 diferente ao espa\u00f1ol. Expl\u00edcoo brevemente:Todo o sistema \u00e9 dixital. Un votante identif\u00edcase coa s\u00faa pegada dixital, o que fai imposible a fraude, vota dixitalmente e o seu voto queda as\u00ed recollido. Ao votante s\u00e1elle un papel no que consta o candidato polo que votou e ese papel introd\u00facese nunha caixa. Ao final do proceso cando se contan os sufraxios o que se fai \u00e9 contrastar, diante dos apoderados dos partidos, os votos recollidos dixitalmente cos papeis introducidos nas caixas.<\/p>\n<\/blockquote>\n\n\n\n<p><strong>Diante dos apoderados de todos os partidos?<\/strong><\/p>\n\n\n\n<blockquote class=\"wp-block-quote is-layout-flow wp-block-quote-is-layout-flow\">\n<p>Por suposto, de todos os partidos , tam\u00e9n a oposici\u00f3n, e dos observadores internacionais tam\u00e9n.<\/p>\n<\/blockquote>\n\n\n\n<p><strong>Se \u00e9 as\u00ed, parece dif\u00edcil a fraude<\/strong><\/p>\n\n\n\n<blockquote class=\"wp-block-quote is-layout-flow wp-block-quote-is-layout-flow\">\n<p>\u00c9 absolutamente as\u00ed, e non \u00e9 que sexa dif\u00edcil: \u00e9 que a fraude \u00e9 imposible.<\/p>\n<\/blockquote>\n\n\n\n<p><strong>En todas as mesas hab\u00eda apoderados de todos os partidos?<\/strong><\/p>\n\n\n\n<blockquote class=\"wp-block-quote is-layout-flow wp-block-quote-is-layout-flow\">\n<p>Venezuela \u00e9 un pa\u00eds grande, con zonas moi remotas , incluso selv\u00e1ticas. Os partidos pequenos que se presentaron \u00e1s elecci\u00f3ns non te\u00f1en corpo de militantes suficientes para chegar a todos os sitios. Non creo que nin sequera Edmundo Gonz\u00e1lez puidese chegar a todos, polo menos aos sitios m\u00e1is remotos , pero \u00e1 maior parte si que chegou.<\/p>\n<\/blockquote>\n\n\n\n<p><strong>Se cadra nin sequera o PSUV pode chegar a todos os sitios?<\/strong><\/p>\n\n\n\n<blockquote class=\"wp-block-quote is-layout-flow wp-block-quote-is-layout-flow\">\n<p>O PSUV si, a nosa base de militantes \u00e9 moi numerosa. Somos o partido m\u00e1is estruturado de toda Am\u00e9rica Latina.<\/p>\n<\/blockquote>\n\n\n\n<p><strong>Os apoderados que a oposici\u00f3n tivo a a capacidade de mobilizar puideron asistir ao reconto con liberdade?<\/strong><\/p>\n\n\n\n<blockquote class=\"wp-block-quote is-layout-flow wp-block-quote-is-layout-flow\">\n<p>Con liberdade e con respecto absoluto, desde logo que si. Os apoderados asinan de maneira electr\u00f3nica a acta, e todos saen do lugar de votaci\u00f3n xa coas s\u00faas actas. Iso que di a oposici\u00f3n que non as queremos amosar \u00e9 radicalmente falso.<\/p>\n<\/blockquote>\n\n\n\n<p><strong>Neste proceso electoral houbo 800 observadores internacionais de 107 pa\u00edses diferentes que asinaron un documento no que fan constar a s\u00faa visi\u00f3n de que as elecci\u00f3ns foron limpas. Eses observadores s\u00f3 eran de partidos af\u00edns ao chavismo?<\/strong><\/p>\n\n\n\n<blockquote class=\"wp-block-quote is-layout-flow wp-block-quote-is-layout-flow\">\n<p>Imos ver: Venezuela \u00e9 un estado soberano e convida \u00e1 s\u00faa casa a quen lle parece oportuno. Desde logo que a uns provocadores que ve\u00f1en, non a observar e a opinar de maneira honesta sobre o que o observaron sen\u00f3n a provocar e a quitarse a foto para promocionarse eles mesmos, como esa delegaci\u00f3n do PP espa\u00f1ol, non os imos convidar. Pero respondendo \u00e1 t\u00faa pregunta dicir que neses observadores, que asinaron o documento ao que te refires, hai de todo. Incluso persoas de enorme prestixio acad\u00e9mico, rigor moral e solvencia intelectual que non van asinar nada que non sexa certo.<\/p>\n<\/blockquote>\n\n\n\n<p><strong>A fundaci\u00f3n Carter sempre avalou as elecci\u00f3ns de Venezuela, incluso nalgunha ocasi\u00f3n chegou a referirse ao sistema electoral do voso o pa\u00eds como \u201c o mellor de todo o mundo\u201d, pero nesta ocasi\u00f3n non. Desta volta non avalou este proceso. Por que?<\/strong><\/p>\n\n\n\n<blockquote class=\"wp-block-quote is-layout-flow wp-block-quote-is-layout-flow\">\n<p>Eles en ning\u00fan momento din que houbese fraude. Din que, ao seu xu\u00edzo, non houbo a transparencia suficiente. Pero eles f\u00f3ronse de Venezuela antes de que rematase o proceso. Eles saber\u00e1n o por que dese comunicado e o papel que queren xogar.<\/p>\n<\/blockquote>\n\n\n\n<p><strong>En calquera caso se por algo se caracteriza a oposici\u00f3n en Venezuela \u00e9 por cuestionar os resultados electorais sempre, verdade?<\/strong><\/p>\n\n\n\n<blockquote class=\"wp-block-quote is-layout-flow wp-block-quote-is-layout-flow\">\n<p>Sempre non. S\u00f3 cando eles non ga\u00f1an. Desde a chegada do presidente Ch\u00e1vez celebr\u00e1ronse 33 procesos electorais. N\u00f3s ga\u00f1amos 31 e perdemos 2.A oposici\u00f3n s\u00f3 reco\u00f1eceu o resultado de d\u00faas elecci\u00f3ns: as que ga\u00f1aron. Ambos procesos que eles ga\u00f1aron eran moi importantes para n\u00f3s: un cambio constitucional que propuxo o presidente Ch\u00e1vez, e a constituci\u00f3n da a asemblea nacional que lles deu a maior\u00eda \u00e1 oposici\u00f3n. Se n\u00f3s fixeramos trampa , por que non o fixemos neses dous procesos tam\u00e9n?.<\/p>\n<\/blockquote>\n\n\n\n<p><strong>Nunca xamais, nos 31 procesos electorais que perderon, a oposici\u00f3n reco\u00f1eceu a vitoria do Chavismo?<\/strong><\/p>\n\n\n\n<blockquote class=\"wp-block-quote is-layout-flow wp-block-quote-is-layout-flow\">\n<p>Nunca, xamais. O que acontece en Venezuela neste momento \u00e9 un novo intento de golpe de estado planificado a priori que ten por obxecto desco\u00f1ecer a vontade maioritaria do pobo de Venezuela.<\/p>\n<\/blockquote>\n\n\n\n<p><strong>Onde est\u00e1 Juan Guaid\u00f3?<\/strong><\/p>\n\n\n\n<blockquote class=\"wp-block-quote is-layout-flow wp-block-quote-is-layout-flow\">\n<p>O de Guaid\u00f3 foi unha ridiculez na li\u00f1a caracter\u00edstica da oposici\u00f3n de Venezuela de tratar de acadar o poder por todos os medios posibles. Agora estamos vivindo outro episodio que vai no mesmo cami\u00f1o. Quero recordar que o CNE chamou a todos os candidatos antes do proceso electoral e todos acudiron con excepci\u00f3n de Edmundo Gonz\u00e1lez.<\/p>\n<\/blockquote>\n\n\n\n<p><strong>Por que non foi?<\/strong><\/p>\n\n\n\n<blockquote class=\"wp-block-quote is-layout-flow wp-block-quote-is-layout-flow\">\n<p>Ele xa afirmaban a existencia da fraude antes incluso da celebraci\u00f3n das elecci\u00f3ns. \u00c9 dicir xa ti\u00f1an preparada a estratexia no caso de que perderan.<\/p>\n<\/blockquote>\n\n\n\n<p><strong>E como vai reaccionar o goberno de Maduro?<\/strong><\/p>\n\n\n\n<blockquote class=\"wp-block-quote is-layout-flow wp-block-quote-is-layout-flow\">\n<p>A oposici\u00f3n de extrema dereita non acepta o ditame do CNE , pois ao presidente Maduro non lle queda outra que levar o asunto ao tribunal supremo de xustiza<\/p>\n<\/blockquote>\n\n\n\n<p><strong>Que fixo o tribunal?<\/strong><\/p>\n\n\n\n<blockquote class=\"wp-block-quote is-layout-flow wp-block-quote-is-layout-flow\">\n<p>Aceptar o recurso e citar a todos os candidatos. Edmundo non foi. Foron todos os candidatos, toda a oposici\u00f3n, menos Edmundo Gonzalez que representa a extrema dereita subordinada a os EEUU, que son os donos do circo.<\/p>\n<\/blockquote>\n\n\n\n<p><strong>E se tam\u00e9n se cuestiona o seu veredicto?<\/strong><\/p>\n\n\n\n<blockquote class=\"wp-block-quote is-layout-flow wp-block-quote-is-layout-flow\">\n<p>Xa, xa se est\u00e1 a dicir que se son xu\u00edces chavistas&#8230;Pero imos ver quen nomea aos xu\u00edces en EEUU?..Incluso en Espa\u00f1a os xu\u00edces do poder xudicial non so propostos polos grandes partidos?..E que se non se acepta nada, se se cuestiona todo o que non sexa favorable aos teus intereses, quen son os golpistas e antidem\u00f3cratas?. Quere ser una versi\u00f3n de golpe parecida a do Maid\u00e1n de Ucra\u00edna. Pero que aqu\u00ed non ter\u00e1 \u00e9xito.<\/p>\n<\/blockquote>\n\n\n\n<p><strong>A tensi\u00f3n \u00e9 tan elevada?<\/strong><\/p>\n\n\n\n<blockquote class=\"wp-block-quote is-layout-flow wp-block-quote-is-layout-flow\">\n<p>Houbo 24 horas de moita violencia desatada pola oposici\u00f3n fascista de estrema dereita, como parte do plan para impo\u00f1er outro Guaido, en versi\u00f3n 2.0. Pero hoxe a situaci\u00f3n est\u00e1 totalmente controlada, porque o pobo venezolano quere a paz. Moitos deses agresores son venezolanos que vi\u00f1eron en avi\u00f3n desde EEUU. Non sei que pasar\u00e1, todo depende do que queiran facer os norteamericanos. N\u00f3s temos moi claro que hai multinacionais que te\u00f1en moito interese no noso petr\u00f3leo. O que si podo afirmar con certeza absoluta \u00e9 que nas elecci\u00f3ns non houbo ning\u00fan tipo de fraude.<\/p>\n<\/blockquote>\n\n\n\n<p><strong>Hai presidentes latinoamericanos de esquerdas que tam\u00e9n cuestionan o proceso electoral<\/strong><\/p>\n\n\n\n<blockquote class=\"wp-block-quote is-layout-flow wp-block-quote-is-layout-flow\">\n<p>Non, non \u00e9 verdade. Conv\u00eddote a que leas o comunicado que asinaron Petro, Lula e L\u00f3pez Obrador.<\/p>\n<\/blockquote>\n\n\n\n<p><strong>O goberno de Venezuela exerce represi\u00f3n contra o seu propio pobo?<\/strong><\/p>\n\n\n\n<blockquote class=\"wp-block-quote is-layout-flow wp-block-quote-is-layout-flow\">\n<p>Non, de ningunha maneira, radicalmente non. A polic\u00eda Venezolana exerce a s\u00faa funci\u00f3n de asegurar a orde , a liberdade e a vida en paz nas nosas cidades. Que represi\u00f3n hai nun pa\u00eds no que un tipo que se autoproclama presidente, visita pa\u00edses estranxeiros present\u00e1ndose como presidente, e que atenta contra os intereses do estado pode circular libremente por Venezuela?.Imax\u00ednate que en EEUU, ou en calquera outro pa\u00eds algu\u00e9n fixera algo parecido ao que fixo Guaid\u00f3. En Espa\u00f1a o proceso independentista catal\u00e1n do ano 17 acabou con parte dos seus l\u00edderes no c\u00e1rcere e outros escapados .En Venezuela Juan Guaid\u00f3 se autoproclama presidente ,vai por todo o mundo present\u00e1ndose como tal e estivo en Venezuela con liberdade, pero resulta que os que exercemos a represi\u00f3n somos n\u00f3s\u00a1\u00a1\u00a1\u00a1\u00a1\u00a1<\/p>\n<\/blockquote>\n\n\n\n<p><strong>Quen \u00e9 Mar\u00eda Corina Machado?<\/strong><\/p>\n\n\n\n<blockquote class=\"wp-block-quote is-layout-flow wp-block-quote-is-layout-flow\">\n<p>A representante dunha das familias m\u00e1is corruptas da oligarqu\u00eda econ\u00f3mica venezolana. Ela pide reiteradamente a intervenci\u00f3n do Comando Sur dos EEUU en Venezuela. De maneira tal que esa \u00e9 unha campa\u00f1a que os seus partidarios levan adiante en todo o mundo, como puidemos constatalo persoalmente nunha pancarta na protesta \u00e1s portas do noso consulado: SOS COMANDO SUR, INTERVENCI\u00d3N XA. Hai imaxes diso.<\/p>\n<\/blockquote>\n\n\n\n<blockquote class=\"wp-block-quote is-layout-flow wp-block-quote-is-layout-flow\">\n<p>Pregunto: que tipo de persoas son esas? Que tipos de patriotas son, que piden intervenci\u00f3n militar estranxeira contra o seu propio pas?<\/p>\n<\/blockquote>\n","protected":false},"excerpt":{"rendered":"<div class=\"mh-excerpt\"><p>Conversamos o pasado 3 de agosto con Farruco Sesto ex ministro venezolano. El \u00e9 escritor, pintor e na actualidade diplom\u00e1tico no consulado vigu\u00e9s <a class=\"mh-excerpt-more\" href=\"https:\/\/www.anovapeneira.gal\/index.php\/2024\/08\/09\/farruco-sesto-diplomatico-da-republica-bolivariana-de-venezuela-no-consulado-de-vigo-e-membro-do-consello-politico-do-psuv\/\" title=\"Farruco Sesto, diplom\u00e1tico da Rep\u00fablica Bolivariana de Venezuela no consulado de Vigo e membro do consello pol\u00edtico do PSUV\">[&#8230;]<\/a><\/p>\n<\/div>","protected":false},"author":2,"featured_media":12214,"comment_status":"open","ping_status":"open","sticky":false,"template":"","format":"standard","meta":{"_exactmetrics_skip_tracking":false,"_exactmetrics_sitenote_active":false,"_exactmetrics_sitenote_note":"","_exactmetrics_sitenote_category":0,"footnotes":""},"categories":[272],"tags":[227],"class_list":{"0":"post-12213","1":"post","2":"type-post","3":"status-publish","4":"format-standard","5":"has-post-thumbnail","7":"category-vigo-entrevistas","8":"tag-concello-de-vigo"},"yoast_head":"<!-- This site is optimized with the Yoast SEO plugin v27.4 - https:\/\/yoast.com\/product\/yoast-seo-wordpress\/ -->\n<title>Farruco Sesto, diplom\u00e1tico da Rep\u00fablica Bolivariana de Venezuela no consulado de Vigo e membro do consello pol\u00edtico do PSUV -<\/title>\n<meta name=\"robots\" content=\"index, follow, max-snippet:-1, max-image-preview:large, max-video-preview:-1\" \/>\n<link rel=\"canonical\" href=\"https:\/\/www.anovapeneira.gal\/index.php\/2024\/08\/09\/farruco-sesto-diplomatico-da-republica-bolivariana-de-venezuela-no-consulado-de-vigo-e-membro-do-consello-politico-do-psuv\/\" \/>\n<meta property=\"og:locale\" content=\"gl_ES\" \/>\n<meta property=\"og:type\" content=\"article\" \/>\n<meta property=\"og:title\" content=\"Farruco Sesto, diplom\u00e1tico da Rep\u00fablica Bolivariana de Venezuela no consulado de Vigo e membro do consello pol\u00edtico do PSUV -\" \/>\n<meta property=\"og:description\" content=\"Conversamos o pasado 3 de agosto con Farruco Sesto ex ministro venezolano. El \u00e9 escritor, pintor e na actualidade diplom\u00e1tico no consulado vigu\u00e9s [...]\" \/>\n<meta property=\"og:url\" content=\"https:\/\/www.anovapeneira.gal\/index.php\/2024\/08\/09\/farruco-sesto-diplomatico-da-republica-bolivariana-de-venezuela-no-consulado-de-vigo-e-membro-do-consello-politico-do-psuv\/\" \/>\n<meta property=\"article:publisher\" content=\"https:\/\/www.facebook.com\/anovapeneira\" \/>\n<meta property=\"article:published_time\" content=\"2024-08-09T08:00:05+00:00\" \/>\n<meta property=\"og:image\" content=\"https:\/\/www.anovapeneira.gal\/wp-content\/uploads\/2024\/08\/farruco_sesto.jpg\" \/>\n\t<meta property=\"og:image:width\" content=\"720\" \/>\n\t<meta property=\"og:image:height\" content=\"432\" \/>\n\t<meta property=\"og:image:type\" content=\"image\/jpeg\" \/>\n<meta name=\"author\" content=\"Tino Lago\" \/>\n<meta name=\"twitter:card\" content=\"summary_large_image\" \/>\n<meta name=\"twitter:creator\" content=\"@APeneira\" \/>\n<meta name=\"twitter:site\" content=\"@APeneira\" \/>\n<meta name=\"twitter:label1\" content=\"Escrito por\" \/>\n\t<meta name=\"twitter:data1\" content=\"Tino Lago\" \/>\n\t<meta name=\"twitter:label2\" content=\"Tempo de lectura\" \/>\n\t<meta name=\"twitter:data2\" content=\"3 minutos\" \/>\n<script type=\"application\/ld+json\" class=\"yoast-schema-graph\">{\"@context\":\"https:\\\/\\\/schema.org\",\"@graph\":[{\"@type\":\"Article\",\"@id\":\"https:\\\/\\\/www.anovapeneira.gal\\\/index.php\\\/2024\\\/08\\\/09\\\/farruco-sesto-diplomatico-da-republica-bolivariana-de-venezuela-no-consulado-de-vigo-e-membro-do-consello-politico-do-psuv\\\/#article\",\"isPartOf\":{\"@id\":\"https:\\\/\\\/www.anovapeneira.gal\\\/index.php\\\/2024\\\/08\\\/09\\\/farruco-sesto-diplomatico-da-republica-bolivariana-de-venezuela-no-consulado-de-vigo-e-membro-do-consello-politico-do-psuv\\\/\"},\"author\":{\"name\":\"Tino Lago\",\"@id\":\"https:\\\/\\\/www.anovapeneira.gal\\\/#\\\/schema\\\/person\\\/424dfe65e3070fd8a44d22d2c088762a\"},\"headline\":\"Farruco Sesto, diplom\u00e1tico da Rep\u00fablica Bolivariana de Venezuela no consulado de Vigo e membro do consello pol\u00edtico do PSUV\",\"datePublished\":\"2024-08-09T08:00:05+00:00\",\"mainEntityOfPage\":{\"@id\":\"https:\\\/\\\/www.anovapeneira.gal\\\/index.php\\\/2024\\\/08\\\/09\\\/farruco-sesto-diplomatico-da-republica-bolivariana-de-venezuela-no-consulado-de-vigo-e-membro-do-consello-politico-do-psuv\\\/\"},\"wordCount\":1698,\"commentCount\":0,\"publisher\":{\"@id\":\"https:\\\/\\\/www.anovapeneira.gal\\\/#organization\"},\"image\":{\"@id\":\"https:\\\/\\\/www.anovapeneira.gal\\\/index.php\\\/2024\\\/08\\\/09\\\/farruco-sesto-diplomatico-da-republica-bolivariana-de-venezuela-no-consulado-de-vigo-e-membro-do-consello-politico-do-psuv\\\/#primaryimage\"},\"thumbnailUrl\":\"https:\\\/\\\/www.anovapeneira.gal\\\/wp-content\\\/uploads\\\/2024\\\/08\\\/farruco_sesto.jpg\",\"keywords\":[\"Concello de Vigo\"],\"articleSection\":[\"Vigo\"],\"inLanguage\":\"gl-ES\",\"potentialAction\":[{\"@type\":\"CommentAction\",\"name\":\"Comment\",\"target\":[\"https:\\\/\\\/www.anovapeneira.gal\\\/index.php\\\/2024\\\/08\\\/09\\\/farruco-sesto-diplomatico-da-republica-bolivariana-de-venezuela-no-consulado-de-vigo-e-membro-do-consello-politico-do-psuv\\\/#respond\"]}]},{\"@type\":\"WebPage\",\"@id\":\"https:\\\/\\\/www.anovapeneira.gal\\\/index.php\\\/2024\\\/08\\\/09\\\/farruco-sesto-diplomatico-da-republica-bolivariana-de-venezuela-no-consulado-de-vigo-e-membro-do-consello-politico-do-psuv\\\/\",\"url\":\"https:\\\/\\\/www.anovapeneira.gal\\\/index.php\\\/2024\\\/08\\\/09\\\/farruco-sesto-diplomatico-da-republica-bolivariana-de-venezuela-no-consulado-de-vigo-e-membro-do-consello-politico-do-psuv\\\/\",\"name\":\"Farruco Sesto, diplom\u00e1tico da Rep\u00fablica Bolivariana de Venezuela no consulado de Vigo e membro do consello pol\u00edtico do PSUV -\",\"isPartOf\":{\"@id\":\"https:\\\/\\\/www.anovapeneira.gal\\\/#website\"},\"primaryImageOfPage\":{\"@id\":\"https:\\\/\\\/www.anovapeneira.gal\\\/index.php\\\/2024\\\/08\\\/09\\\/farruco-sesto-diplomatico-da-republica-bolivariana-de-venezuela-no-consulado-de-vigo-e-membro-do-consello-politico-do-psuv\\\/#primaryimage\"},\"image\":{\"@id\":\"https:\\\/\\\/www.anovapeneira.gal\\\/index.php\\\/2024\\\/08\\\/09\\\/farruco-sesto-diplomatico-da-republica-bolivariana-de-venezuela-no-consulado-de-vigo-e-membro-do-consello-politico-do-psuv\\\/#primaryimage\"},\"thumbnailUrl\":\"https:\\\/\\\/www.anovapeneira.gal\\\/wp-content\\\/uploads\\\/2024\\\/08\\\/farruco_sesto.jpg\",\"datePublished\":\"2024-08-09T08:00:05+00:00\",\"breadcrumb\":{\"@id\":\"https:\\\/\\\/www.anovapeneira.gal\\\/index.php\\\/2024\\\/08\\\/09\\\/farruco-sesto-diplomatico-da-republica-bolivariana-de-venezuela-no-consulado-de-vigo-e-membro-do-consello-politico-do-psuv\\\/#breadcrumb\"},\"inLanguage\":\"gl-ES\",\"potentialAction\":[{\"@type\":\"ReadAction\",\"target\":[\"https:\\\/\\\/www.anovapeneira.gal\\\/index.php\\\/2024\\\/08\\\/09\\\/farruco-sesto-diplomatico-da-republica-bolivariana-de-venezuela-no-consulado-de-vigo-e-membro-do-consello-politico-do-psuv\\\/\"]}]},{\"@type\":\"ImageObject\",\"inLanguage\":\"gl-ES\",\"@id\":\"https:\\\/\\\/www.anovapeneira.gal\\\/index.php\\\/2024\\\/08\\\/09\\\/farruco-sesto-diplomatico-da-republica-bolivariana-de-venezuela-no-consulado-de-vigo-e-membro-do-consello-politico-do-psuv\\\/#primaryimage\",\"url\":\"https:\\\/\\\/www.anovapeneira.gal\\\/wp-content\\\/uploads\\\/2024\\\/08\\\/farruco_sesto.jpg\",\"contentUrl\":\"https:\\\/\\\/www.anovapeneira.gal\\\/wp-content\\\/uploads\\\/2024\\\/08\\\/farruco_sesto.jpg\",\"width\":720,\"height\":432,\"caption\":\"Farruco Sesto\"},{\"@type\":\"BreadcrumbList\",\"@id\":\"https:\\\/\\\/www.anovapeneira.gal\\\/index.php\\\/2024\\\/08\\\/09\\\/farruco-sesto-diplomatico-da-republica-bolivariana-de-venezuela-no-consulado-de-vigo-e-membro-do-consello-politico-do-psuv\\\/#breadcrumb\",\"itemListElement\":[{\"@type\":\"ListItem\",\"position\":1,\"name\":\"Portada\",\"item\":\"https:\\\/\\\/www.anovapeneira.gal\\\/\"},{\"@type\":\"ListItem\",\"position\":2,\"name\":\"Farruco Sesto, diplom\u00e1tico da Rep\u00fablica Bolivariana de Venezuela no consulado de Vigo e membro do consello pol\u00edtico do PSUV\"}]},{\"@type\":\"WebSite\",\"@id\":\"https:\\\/\\\/www.anovapeneira.gal\\\/#website\",\"url\":\"https:\\\/\\\/www.anovapeneira.gal\\\/\",\"name\":\"\",\"description\":\"Xornal galego de informaci\u00f3n xeral Publicaci\u00f3n mensual de novas de Galicia e en especial dos Concellos da sur da provincia de Pontevedra.\",\"publisher\":{\"@id\":\"https:\\\/\\\/www.anovapeneira.gal\\\/#organization\"},\"potentialAction\":[{\"@type\":\"SearchAction\",\"target\":{\"@type\":\"EntryPoint\",\"urlTemplate\":\"https:\\\/\\\/www.anovapeneira.gal\\\/?s={search_term_string}\"},\"query-input\":{\"@type\":\"PropertyValueSpecification\",\"valueRequired\":true,\"valueName\":\"search_term_string\"}}],\"inLanguage\":\"gl-ES\"},{\"@type\":\"Organization\",\"@id\":\"https:\\\/\\\/www.anovapeneira.gal\\\/#organization\",\"name\":\"A Nova Peneira\",\"url\":\"https:\\\/\\\/www.anovapeneira.gal\\\/\",\"logo\":{\"@type\":\"ImageObject\",\"inLanguage\":\"gl-ES\",\"@id\":\"https:\\\/\\\/www.anovapeneira.gal\\\/#\\\/schema\\\/logo\\\/image\\\/\",\"url\":\"http:\\\/\\\/www.anovapeneira.gal\\\/wp-content\\\/uploads\\\/2019\\\/06\\\/logo_a_nova_peneira_portal_web.png\",\"contentUrl\":\"http:\\\/\\\/www.anovapeneira.gal\\\/wp-content\\\/uploads\\\/2019\\\/06\\\/logo_a_nova_peneira_portal_web.png\",\"width\":300,\"height\":100,\"caption\":\"A Nova Peneira\"},\"image\":{\"@id\":\"https:\\\/\\\/www.anovapeneira.gal\\\/#\\\/schema\\\/logo\\\/image\\\/\"},\"sameAs\":[\"https:\\\/\\\/www.facebook.com\\\/anovapeneira\",\"https:\\\/\\\/x.com\\\/APeneira\"]},{\"@type\":\"Person\",\"@id\":\"https:\\\/\\\/www.anovapeneira.gal\\\/#\\\/schema\\\/person\\\/424dfe65e3070fd8a44d22d2c088762a\",\"name\":\"Tino Lago\",\"image\":{\"@type\":\"ImageObject\",\"inLanguage\":\"gl-ES\",\"@id\":\"https:\\\/\\\/secure.gravatar.com\\\/avatar\\\/b3df6a06e44bab3111583b90f0f33a0379ee5e3d22cbadd232d39f21c30c62be?s=96&d=mm&r=g\",\"url\":\"https:\\\/\\\/secure.gravatar.com\\\/avatar\\\/b3df6a06e44bab3111583b90f0f33a0379ee5e3d22cbadd232d39f21c30c62be?s=96&d=mm&r=g\",\"contentUrl\":\"https:\\\/\\\/secure.gravatar.com\\\/avatar\\\/b3df6a06e44bab3111583b90f0f33a0379ee5e3d22cbadd232d39f21c30c62be?s=96&d=mm&r=g\",\"caption\":\"Tino Lago\"},\"sameAs\":[\"http:\\\/\\\/www.anovapeneira.gal\"],\"url\":\"https:\\\/\\\/www.anovapeneira.gal\\\/index.php\\\/author\\\/director\\\/\"}]}<\/script>\n<!-- \/ Yoast SEO plugin. -->","yoast_head_json":{"title":"Farruco Sesto, diplom\u00e1tico da Rep\u00fablica Bolivariana de Venezuela no consulado de Vigo e membro do consello pol\u00edtico do PSUV -","robots":{"index":"index","follow":"follow","max-snippet":"max-snippet:-1","max-image-preview":"max-image-preview:large","max-video-preview":"max-video-preview:-1"},"canonical":"https:\/\/www.anovapeneira.gal\/index.php\/2024\/08\/09\/farruco-sesto-diplomatico-da-republica-bolivariana-de-venezuela-no-consulado-de-vigo-e-membro-do-consello-politico-do-psuv\/","og_locale":"gl_ES","og_type":"article","og_title":"Farruco Sesto, diplom\u00e1tico da Rep\u00fablica Bolivariana de Venezuela no consulado de Vigo e membro do consello pol\u00edtico do PSUV -","og_description":"Conversamos o pasado 3 de agosto con Farruco Sesto ex ministro venezolano. El \u00e9 escritor, pintor e na actualidade diplom\u00e1tico no consulado vigu\u00e9s [...]","og_url":"https:\/\/www.anovapeneira.gal\/index.php\/2024\/08\/09\/farruco-sesto-diplomatico-da-republica-bolivariana-de-venezuela-no-consulado-de-vigo-e-membro-do-consello-politico-do-psuv\/","article_publisher":"https:\/\/www.facebook.com\/anovapeneira","article_published_time":"2024-08-09T08:00:05+00:00","og_image":[{"width":720,"height":432,"url":"https:\/\/www.anovapeneira.gal\/wp-content\/uploads\/2024\/08\/farruco_sesto.jpg","type":"image\/jpeg"}],"author":"Tino Lago","twitter_card":"summary_large_image","twitter_creator":"@APeneira","twitter_site":"@APeneira","twitter_misc":{"Escrito por":"Tino Lago","Tempo de lectura":"3 minutos"},"schema":{"@context":"https:\/\/schema.org","@graph":[{"@type":"Article","@id":"https:\/\/www.anovapeneira.gal\/index.php\/2024\/08\/09\/farruco-sesto-diplomatico-da-republica-bolivariana-de-venezuela-no-consulado-de-vigo-e-membro-do-consello-politico-do-psuv\/#article","isPartOf":{"@id":"https:\/\/www.anovapeneira.gal\/index.php\/2024\/08\/09\/farruco-sesto-diplomatico-da-republica-bolivariana-de-venezuela-no-consulado-de-vigo-e-membro-do-consello-politico-do-psuv\/"},"author":{"name":"Tino Lago","@id":"https:\/\/www.anovapeneira.gal\/#\/schema\/person\/424dfe65e3070fd8a44d22d2c088762a"},"headline":"Farruco Sesto, diplom\u00e1tico da Rep\u00fablica Bolivariana de Venezuela no consulado de Vigo e membro do consello pol\u00edtico do PSUV","datePublished":"2024-08-09T08:00:05+00:00","mainEntityOfPage":{"@id":"https:\/\/www.anovapeneira.gal\/index.php\/2024\/08\/09\/farruco-sesto-diplomatico-da-republica-bolivariana-de-venezuela-no-consulado-de-vigo-e-membro-do-consello-politico-do-psuv\/"},"wordCount":1698,"commentCount":0,"publisher":{"@id":"https:\/\/www.anovapeneira.gal\/#organization"},"image":{"@id":"https:\/\/www.anovapeneira.gal\/index.php\/2024\/08\/09\/farruco-sesto-diplomatico-da-republica-bolivariana-de-venezuela-no-consulado-de-vigo-e-membro-do-consello-politico-do-psuv\/#primaryimage"},"thumbnailUrl":"https:\/\/www.anovapeneira.gal\/wp-content\/uploads\/2024\/08\/farruco_sesto.jpg","keywords":["Concello de Vigo"],"articleSection":["Vigo"],"inLanguage":"gl-ES","potentialAction":[{"@type":"CommentAction","name":"Comment","target":["https:\/\/www.anovapeneira.gal\/index.php\/2024\/08\/09\/farruco-sesto-diplomatico-da-republica-bolivariana-de-venezuela-no-consulado-de-vigo-e-membro-do-consello-politico-do-psuv\/#respond"]}]},{"@type":"WebPage","@id":"https:\/\/www.anovapeneira.gal\/index.php\/2024\/08\/09\/farruco-sesto-diplomatico-da-republica-bolivariana-de-venezuela-no-consulado-de-vigo-e-membro-do-consello-politico-do-psuv\/","url":"https:\/\/www.anovapeneira.gal\/index.php\/2024\/08\/09\/farruco-sesto-diplomatico-da-republica-bolivariana-de-venezuela-no-consulado-de-vigo-e-membro-do-consello-politico-do-psuv\/","name":"Farruco Sesto, diplom\u00e1tico da Rep\u00fablica Bolivariana de Venezuela no consulado de Vigo e membro do consello pol\u00edtico do PSUV -","isPartOf":{"@id":"https:\/\/www.anovapeneira.gal\/#website"},"primaryImageOfPage":{"@id":"https:\/\/www.anovapeneira.gal\/index.php\/2024\/08\/09\/farruco-sesto-diplomatico-da-republica-bolivariana-de-venezuela-no-consulado-de-vigo-e-membro-do-consello-politico-do-psuv\/#primaryimage"},"image":{"@id":"https:\/\/www.anovapeneira.gal\/index.php\/2024\/08\/09\/farruco-sesto-diplomatico-da-republica-bolivariana-de-venezuela-no-consulado-de-vigo-e-membro-do-consello-politico-do-psuv\/#primaryimage"},"thumbnailUrl":"https:\/\/www.anovapeneira.gal\/wp-content\/uploads\/2024\/08\/farruco_sesto.jpg","datePublished":"2024-08-09T08:00:05+00:00","breadcrumb":{"@id":"https:\/\/www.anovapeneira.gal\/index.php\/2024\/08\/09\/farruco-sesto-diplomatico-da-republica-bolivariana-de-venezuela-no-consulado-de-vigo-e-membro-do-consello-politico-do-psuv\/#breadcrumb"},"inLanguage":"gl-ES","potentialAction":[{"@type":"ReadAction","target":["https:\/\/www.anovapeneira.gal\/index.php\/2024\/08\/09\/farruco-sesto-diplomatico-da-republica-bolivariana-de-venezuela-no-consulado-de-vigo-e-membro-do-consello-politico-do-psuv\/"]}]},{"@type":"ImageObject","inLanguage":"gl-ES","@id":"https:\/\/www.anovapeneira.gal\/index.php\/2024\/08\/09\/farruco-sesto-diplomatico-da-republica-bolivariana-de-venezuela-no-consulado-de-vigo-e-membro-do-consello-politico-do-psuv\/#primaryimage","url":"https:\/\/www.anovapeneira.gal\/wp-content\/uploads\/2024\/08\/farruco_sesto.jpg","contentUrl":"https:\/\/www.anovapeneira.gal\/wp-content\/uploads\/2024\/08\/farruco_sesto.jpg","width":720,"height":432,"caption":"Farruco Sesto"},{"@type":"BreadcrumbList","@id":"https:\/\/www.anovapeneira.gal\/index.php\/2024\/08\/09\/farruco-sesto-diplomatico-da-republica-bolivariana-de-venezuela-no-consulado-de-vigo-e-membro-do-consello-politico-do-psuv\/#breadcrumb","itemListElement":[{"@type":"ListItem","position":1,"name":"Portada","item":"https:\/\/www.anovapeneira.gal\/"},{"@type":"ListItem","position":2,"name":"Farruco Sesto, diplom\u00e1tico da Rep\u00fablica Bolivariana de Venezuela no consulado de Vigo e membro do consello pol\u00edtico do PSUV"}]},{"@type":"WebSite","@id":"https:\/\/www.anovapeneira.gal\/#website","url":"https:\/\/www.anovapeneira.gal\/","name":"","description":"Xornal galego de informaci\u00f3n xeral Publicaci\u00f3n mensual de novas de Galicia e en especial dos Concellos da sur da provincia de Pontevedra.","publisher":{"@id":"https:\/\/www.anovapeneira.gal\/#organization"},"potentialAction":[{"@type":"SearchAction","target":{"@type":"EntryPoint","urlTemplate":"https:\/\/www.anovapeneira.gal\/?s={search_term_string}"},"query-input":{"@type":"PropertyValueSpecification","valueRequired":true,"valueName":"search_term_string"}}],"inLanguage":"gl-ES"},{"@type":"Organization","@id":"https:\/\/www.anovapeneira.gal\/#organization","name":"A Nova Peneira","url":"https:\/\/www.anovapeneira.gal\/","logo":{"@type":"ImageObject","inLanguage":"gl-ES","@id":"https:\/\/www.anovapeneira.gal\/#\/schema\/logo\/image\/","url":"http:\/\/www.anovapeneira.gal\/wp-content\/uploads\/2019\/06\/logo_a_nova_peneira_portal_web.png","contentUrl":"http:\/\/www.anovapeneira.gal\/wp-content\/uploads\/2019\/06\/logo_a_nova_peneira_portal_web.png","width":300,"height":100,"caption":"A Nova Peneira"},"image":{"@id":"https:\/\/www.anovapeneira.gal\/#\/schema\/logo\/image\/"},"sameAs":["https:\/\/www.facebook.com\/anovapeneira","https:\/\/x.com\/APeneira"]},{"@type":"Person","@id":"https:\/\/www.anovapeneira.gal\/#\/schema\/person\/424dfe65e3070fd8a44d22d2c088762a","name":"Tino Lago","image":{"@type":"ImageObject","inLanguage":"gl-ES","@id":"https:\/\/secure.gravatar.com\/avatar\/b3df6a06e44bab3111583b90f0f33a0379ee5e3d22cbadd232d39f21c30c62be?s=96&d=mm&r=g","url":"https:\/\/secure.gravatar.com\/avatar\/b3df6a06e44bab3111583b90f0f33a0379ee5e3d22cbadd232d39f21c30c62be?s=96&d=mm&r=g","contentUrl":"https:\/\/secure.gravatar.com\/avatar\/b3df6a06e44bab3111583b90f0f33a0379ee5e3d22cbadd232d39f21c30c62be?s=96&d=mm&r=g","caption":"Tino Lago"},"sameAs":["http:\/\/www.anovapeneira.gal"],"url":"https:\/\/www.anovapeneira.gal\/index.php\/author\/director\/"}]}},"jetpack_featured_media_url":"https:\/\/www.anovapeneira.gal\/wp-content\/uploads\/2024\/08\/farruco_sesto.jpg","_links":{"self":[{"href":"https:\/\/www.anovapeneira.gal\/index.php\/wp-json\/wp\/v2\/posts\/12213","targetHints":{"allow":["GET"]}}],"collection":[{"href":"https:\/\/www.anovapeneira.gal\/index.php\/wp-json\/wp\/v2\/posts"}],"about":[{"href":"https:\/\/www.anovapeneira.gal\/index.php\/wp-json\/wp\/v2\/types\/post"}],"author":[{"embeddable":true,"href":"https:\/\/www.anovapeneira.gal\/index.php\/wp-json\/wp\/v2\/users\/2"}],"replies":[{"embeddable":true,"href":"https:\/\/www.anovapeneira.gal\/index.php\/wp-json\/wp\/v2\/comments?post=12213"}],"version-history":[{"count":1,"href":"https:\/\/www.anovapeneira.gal\/index.php\/wp-json\/wp\/v2\/posts\/12213\/revisions"}],"predecessor-version":[{"id":12215,"href":"https:\/\/www.anovapeneira.gal\/index.php\/wp-json\/wp\/v2\/posts\/12213\/revisions\/12215"}],"wp:featuredmedia":[{"embeddable":true,"href":"https:\/\/www.anovapeneira.gal\/index.php\/wp-json\/wp\/v2\/media\/12214"}],"wp:attachment":[{"href":"https:\/\/www.anovapeneira.gal\/index.php\/wp-json\/wp\/v2\/media?parent=12213"}],"wp:term":[{"taxonomy":"category","embeddable":true,"href":"https:\/\/www.anovapeneira.gal\/index.php\/wp-json\/wp\/v2\/categories?post=12213"},{"taxonomy":"post_tag","embeddable":true,"href":"https:\/\/www.anovapeneira.gal\/index.php\/wp-json\/wp\/v2\/tags?post=12213"}],"curies":[{"name":"wp","href":"https:\/\/api.w.org\/{rel}","templated":true}]}}