{"id":12216,"date":"2024-08-09T12:00:14","date_gmt":"2024-08-09T10:00:14","guid":{"rendered":"https:\/\/www.anovapeneira.gal\/?p=12216"},"modified":"2024-08-07T10:37:41","modified_gmt":"2024-08-07T08:37:41","slug":"felix-juncal-alcalde-de-bueu-6","status":"publish","type":"post","link":"https:\/\/www.anovapeneira.gal\/index.php\/2024\/08\/09\/felix-juncal-alcalde-de-bueu-6\/","title":{"rendered":"F\u00e9lix Juncal alcalde de Bueu"},"content":{"rendered":"\n<p><strong>Malia a campa\u00f1a hiperagresiva que no per\u00edodo preelectoral desenvolveu o PP de Bueu presentando a imaxe , falsa , dun Bueu ca\u00f3tico e un goberno desleixado, o goberno segue funcionando e xestionando razoablemente ben, nun contexto dif\u00edcil, os asuntos do Concello. Esta pol\u00edtica do PP, nas localidades que non goberna, de formas e maneiras ultra agresivas nas etapas preelectorais xa ten pedigree .Sempre fan o mesmo, e logo, se non ga\u00f1an, como que desaparecen ata que se achega unha nova cita electoral na que volven a bipolarizar as opci\u00f3ns existentes entre eles ou o caos. Un ano m\u00e1is, n\u00f3s conversamos co alcalde de Bueu, o nacionalista F\u00e9lix Juncal, para co\u00f1ecermos de primeira man o m\u00e1is relevante da actualidade pol\u00edtica municipal.<\/strong><\/p>\n\n\n\n<h2 class=\"wp-block-heading\">\u201c <strong>O problema m\u00e1is importante que ten Bueu \u00e9 de tipo estrutural e consiste na escaseza de persoal municipal\u201d<\/strong><\/h2>\n\n\n\n<p><strong>Recentemente o delegado da Xunta en Pontevedra, o ex alcalde popular de Soutomaior Agust\u00edn Reguera, visitou Bueu.Chamoume poderosamente a atenci\u00f3n ter visto nas redes sociais varias imaxes de Reguera coa xente do PP de Bueu, pero non co alcalde de Bueu. Non estivo contigo?<\/strong><\/p>\n\n\n\n<blockquote class=\"wp-block-quote is-layout-flow wp-block-quote-is-layout-flow\">\n<p>Coincidimos na feira de comercio local que el visitou.<\/p>\n<\/blockquote>\n\n\n\n<p><strong>Coincidistes de casualidade ou foi unha visita programada?<\/strong><\/p>\n\n\n\n<blockquote class=\"wp-block-quote is-layout-flow wp-block-quote-is-layout-flow\">\n<p>Estivo programada a trav\u00e9s de FECIMO, a federaci\u00f3n de comerciantes e industriais que son os promotores deste evento comercial. E si, estivemos xuntos.<\/p>\n<\/blockquote>\n\n\n\n<p><strong>Na \u00e9poca preelectoral as redes sociais do PP de Bueu amosaban unha actividade fren\u00e9tica tratando de presentar a imaxe dun Bueu ca\u00f3tico. Por\u00e9n, agora mesmo, por moito que as peneires, non se atopa nada referente a ning\u00fan problema, s\u00f3 as imaxes deles mesmos asistindo a actos. Por que?<\/strong><\/p>\n\n\n\n<blockquote class=\"wp-block-quote is-layout-flow wp-block-quote-is-layout-flow\">\n<p>Ter\u00edas que preguntarllo a eles. Posiblemente obedeza a que a estratexia que seguiron as pasadas elecci\u00f3ns non lles deu o resultado que agardaban. En calquera caso o traballo de desgaste cara a figura do alcalde seguen fac\u00e9ndoo a nivel de r\u00faa.<\/p>\n<\/blockquote>\n\n\n\n<p><strong>Pero Bueu segue tendo problemas?<\/strong><\/p>\n\n\n\n<blockquote class=\"wp-block-quote is-layout-flow wp-block-quote-is-layout-flow\">\n<p>Si, claro que si. O noso problema principal obedece a unha eiva que \u00e9 estrutural e polo tanto de dif\u00edcil soluci\u00f3n: a falta de persoal. F\u00edxate se o problema ser\u00e1 grave que a d\u00eda de hoxe, ano 2024, temos menos persoal no Concello do que ti\u00f1amos cando eu cheguei \u00e1 alcald\u00eda no 2007.E iso \u00e9 as\u00ed incluso tendo aprobado a RPT do ano 2022.Esta RPT permitiunos incorporar 17 persoas no servizo de limpeza pero a\u00ednda non son suficientes.<\/p>\n<\/blockquote>\n\n\n\n<p><strong>Ent\u00f3n esa RPT notouse en positivo no organigrama do Concello ?<\/strong><\/p>\n\n\n\n<blockquote class=\"wp-block-quote is-layout-flow wp-block-quote-is-layout-flow\">\n<p>Comeza a notarse. Durante moitos anos non nos foi posible contratar porque os informes de secretar\u00eda e intervenci\u00f3n sempre eran desfavorables. Agora estamos no momento, unha vez aprobada a RPT, de dotar de orzamento aos postos de traballo que aparecen na RPT aprobada, para podermos comezar a cubrilos.<\/p>\n<\/blockquote>\n\n\n\n<p><strong>Como est\u00e1n a d\u00eda de hoxe as relaci\u00f3ns con secretar\u00eda e intervenci\u00f3n?<\/strong><\/p>\n\n\n\n<blockquote class=\"wp-block-quote is-layout-flow wp-block-quote-is-layout-flow\">\n<p>Digamos que \u00e9 moi dif\u00edcil estar ao fronte dun concello cando non hai o persoal necesario para atender as necesidades. A modo de exemplo c\u00f3ntoche que nalgunha ocasi\u00f3n o propio alcalde , algunha concelleira e concelleiro, e persoal de oficina tivemos que pornos a limpar. O gran tap\u00f3n que temos nestes momentos est\u00e1 no departamento de secretar\u00eda pois hai un mont\u00f3n de asuntos pendentes de tramitar por falta de persoal.<\/p>\n<\/blockquote>\n\n\n\n<p><strong>Por que motivo non est\u00e1 a\u00ednda outorgada a concesi\u00f3n da piscina?<\/strong><\/p>\n\n\n\n<blockquote class=\"wp-block-quote is-layout-flow wp-block-quote-is-layout-flow\">\n<p>A piscina leva funcionando desde marzo do 2021.N\u00f3s temos encargado desde esa data os diferentes estudos de viabilidade e xa levamos creo que cinco ou seis versi\u00f3ns e a\u00ednda non fomos quen de sacalos.<\/p>\n<\/blockquote>\n\n\n\n<p><strong>Por que?<\/strong><\/p>\n\n\n\n<blockquote class=\"wp-block-quote is-layout-flow wp-block-quote-is-layout-flow\">\n<p>Pois porque sempre hai algo que parece que a secretar\u00eda non lle vale. O modelo de funcionamento ter\u00e1 que ser a trav\u00e9s dun contrato de servizos cunha empresa especializada que poida prestar o servizo nas mellores condici\u00f3ns posibles.<\/p>\n<\/blockquote>\n\n\n\n<p><strong>En que orientaci\u00f3n temporal podemos movernos para poder ter o este asunto completamente regularizado?.<\/strong><\/p>\n\n\n\n<blockquote class=\"wp-block-quote is-layout-flow wp-block-quote-is-layout-flow\">\n<p>Eu creo que ao longo do 2024 o tema deber\u00eda de estar xa resolto.<\/p>\n<\/blockquote>\n\n\n\n<p><strong>No que respecta \u00e1 biblioteca?<\/strong><\/p>\n\n\n\n<blockquote class=\"wp-block-quote is-layout-flow wp-block-quote-is-layout-flow\">\n<p>O que \u00e9 a obra xa leva tempo rematada. Estabamos pendentes de varias subvenci\u00f3ns que pedimos para podela p\u00f3r en funcionamento. De momento s\u00f3 conseguimos a que vai para o arquivo municipal que ter\u00e1 a\u00ed a s\u00faa sede. Esta actuaci\u00f3n licitar\u00e9mola proximamente.<\/p>\n<\/blockquote>\n\n\n\n<p><strong>Onde est\u00e1 arquivo do Concello agora?<\/strong><\/p>\n\n\n\n<blockquote class=\"wp-block-quote is-layout-flow wp-block-quote-is-layout-flow\">\n<p>Desde o ano 2003 est\u00e1 no Centro Sociocultural de Cela.<\/p>\n<\/blockquote>\n\n\n\n<p><strong>A biblioteca cando pode estar aberta a pleno funcionamento?<\/strong><\/p>\n\n\n\n<blockquote class=\"wp-block-quote is-layout-flow wp-block-quote-is-layout-flow\">\n<p>N\u00f3s non queremos abrir sen ter todo o equipamento. Todo vai depender das conversas que te\u00f1amos coa Xunta para podermos financiar o custe, sobre os 120.000\u20ac dese equipamento m\u00e1is os arredor de 40.000\u20ac que leva a parte audiovisual. Se non somos quen de acadar o financiamento da Xunta haber\u00e1 que utilizar outro tipo de recursos. Non me atrevo a dicir unha data precisa, pero agardo que ao logo deste ano sexamos capaces de resolvelo.<\/p>\n<\/blockquote>\n\n\n\n<p><strong>A \u00e1rea de aparcadoiro de caravanas da Chadiza est\u00e1 en condici\u00f3ns \u00f3ptimas?<\/strong><\/p>\n\n\n\n<blockquote class=\"wp-block-quote is-layout-flow wp-block-quote-is-layout-flow\">\n<p>Neste momento \u00f3ptimas a\u00ednda non, pero con motivo do Son R\u00edas logramos que estea en condici\u00f3ns razoables de funcionamento.<\/p>\n<\/blockquote>\n\n\n\n<p><strong>Falando de aparcadoiros alcalde: non \u00e9 nada f\u00e1cil aparcar en Bueu, por que?<\/strong><\/p>\n\n\n\n<blockquote class=\"wp-block-quote is-layout-flow wp-block-quote-is-layout-flow\">\n<p>No ver\u00e1n est\u00e1 moi complicado aparcar non s\u00f3 en Bueu, sen\u00f3n en calquera parte. E nunha zona tur\u00edstica como a da pen\u00ednsula do Morrazo \u00e9 m\u00e1is complicado a\u00ednda, pois son milleiros as persoas que nos visitan. Eu son consciente do problema e o noso, que \u00e9 un goberno responsable, trata de buscar soluci\u00f3ns. Cada ano habilitamos novas \u00e1reas de aparcadoiro. Este ano en concreto fixemos d\u00faas novas zonas: unha en fronte da piscina que ten capacidade para arredor de 30 prazas, e onde est\u00e1 a entrada do CEIP A Pedra conseguimos tam\u00e9n a cesi\u00f3n de d\u00faas parcelas cunha capacidade a\u00ednda maior.<\/p>\n<\/blockquote>\n\n\n\n<p>Tam\u00e9n ampliamos a zona de aparcadoiro de Pescadoira, onte pasei por al\u00ed e contei arredor de 100 coches.<\/p>\n\n\n\n<blockquote class=\"wp-block-quote is-layout-flow wp-block-quote-is-layout-flow\">\n<p>Aproveito a pregunta para agradecer desde o m\u00e1is profundo a xenerosidade e boa vontade dos propietarios que permiten que nas s\u00faas fincas se fagan aparcadoiros disuasorios.<\/p>\n<\/blockquote>\n\n\n\n<p><strong>En inverno hai problemas para aparcar?<\/strong><\/p>\n\n\n\n<blockquote class=\"wp-block-quote is-layout-flow wp-block-quote-is-layout-flow\">\n<p>Ag\u00e1s alg\u00fan acontecemento puntual non, en li\u00f1as xerais non o hai.<\/p>\n<\/blockquote>\n\n\n\n<p><strong>Tam\u00e9n perdestes un espazo grande para aparcar, en pleno centro da Vila fronte \u00e1 pasteler\u00eda Nel Freire, pois se est\u00e1 a constru\u00edr un edificio<\/strong><\/p>\n\n\n\n<blockquote class=\"wp-block-quote is-layout-flow wp-block-quote-is-layout-flow\">\n<p>Ese era un solar que xa estaba destinado \u00e1 construci\u00f3n dun edificio. A xente aparcaba al\u00ed, si, pero non era un equipamento p\u00fablico. Tal como est\u00e1 o mercado de vivenda poder constru\u00edr obra nova no centro urbano \u00e9 un luxo. E esa actuaci\u00f3n \u00e9 consecuencia do bo traballo de planeamento urban\u00edstico.<\/p>\n<\/blockquote>\n\n\n\n<p><strong>Estiven preguntando e dix\u00e9ronme que xa estaban todos os pisos vendidos?<\/strong><\/p>\n\n\n\n<blockquote class=\"wp-block-quote is-layout-flow wp-block-quote-is-layout-flow\">\n<p>Non o sei, esa informaci\u00f3n a desco\u00f1ezo.<\/p>\n<\/blockquote>\n\n\n\n<p><strong>A mocidade de Bueu, que se independiza e quere iniciar un proxecto de vida persoal na s\u00faa propia vila, ten dif\u00edcil acceder \u00e1 vivenda?<\/strong><\/p>\n\n\n\n<blockquote class=\"wp-block-quote is-layout-flow wp-block-quote-is-layout-flow\">\n<p>Si, teno moi dif\u00edcil, a non ser que te\u00f1a axuda da familia. Os prezos est\u00e1n disparados. O acceso \u00e1 vivenda est\u00e1 realmente complicado e non s\u00f3 para as persoas mozas.<\/p>\n<\/blockquote>\n\n\n\n<p><strong>Que tal est\u00e1n as relaci\u00f3ns cos socios do PSOE?<\/strong><\/p>\n\n\n\n<blockquote class=\"wp-block-quote is-layout-flow wp-block-quote-is-layout-flow\">\n<p>Moi boas. A coordinaci\u00f3n e o funcionamento do goberno \u00e9 moi positiva, e eu estou realmente satisfeito.<\/p>\n<\/blockquote>\n\n\n\n<p><strong>Notaches alg\u00fan cambio de trato, en positivo ou en negativo, co novo goberno de Deputaci\u00f3n de Pontevedra?<\/strong><\/p>\n\n\n\n<blockquote class=\"wp-block-quote is-layout-flow wp-block-quote-is-layout-flow\">\n<p>Non, en principio non notei ning\u00fan tipo de cambio. Incluso a cantidade econ\u00f3mica que nos asignaron, ao cambiaren os criterios, \u00e9 algo superior \u00e1 que nos daba a Deputaci\u00f3n anterior.<\/p>\n<\/blockquote>\n\n\n\n<blockquote class=\"wp-block-quote is-layout-flow wp-block-quote-is-layout-flow\">\n<p>Por outra parte temos pendente d\u00faas actuaci\u00f3ns da DEPO sobre d\u00faas estradas provinciais, xa pactadas coa Deputaci\u00f3n anterior pendentes da autorizaci\u00f3n de patrimonio, e parece que sobre esas d\u00faas actuaci\u00f3ns renovan o compromiso e si se van executar.<\/p>\n<\/blockquote>\n\n\n\n<p><strong>O goberno da DEPO creou unha figura para mediar na relaci\u00f3n cos Concellos. O posto ex\u00e9rceo o ex alcalde de Redondela Javier Bas. Contigo comunicouse nalgunha ocasi\u00f3n?<\/strong><\/p>\n\n\n\n<blockquote class=\"wp-block-quote is-layout-flow wp-block-quote-is-layout-flow\">\n<p>Non me consta.<\/p>\n<\/blockquote>\n\n\n\n<p><strong>Rematamos alcalde. Cales son os proxectos m\u00e1is significativos que tes previsto para o que queda de mandato?<\/strong><\/p>\n\n\n\n<blockquote class=\"wp-block-quote is-layout-flow wp-block-quote-is-layout-flow\">\n<p>-Dotar de servizo de saneamento e abastecemento de auga \u00e1s praias de Area de Bon e \u00e1 de Mourisca. Estas son d\u00faas actuaci\u00f3ns moi potentes.<\/p>\n<\/blockquote>\n\n\n\n<blockquote class=\"wp-block-quote is-layout-flow wp-block-quote-is-layout-flow\">\n<p>-Temos varios solares destinados \u00e1 construci\u00f3n de edificios e a nosa intenci\u00f3n \u00e9 sacalos para vivenda de protecci\u00f3n p\u00fablica, se as\u00ed o considerase a Xunta.<\/p>\n<\/blockquote>\n\n\n\n<blockquote class=\"wp-block-quote is-layout-flow wp-block-quote-is-layout-flow\">\n<p>-Temos arredor de 4.000 metros cadrados de solo no actual parque empresarial e a nosa idea e poder vendelos para podermos destinar eses recursos a financiar infraestruturas e servizos. Esta ser\u00eda unha operaci\u00f3n particularmente interesante. Temos desde o ano 2022 a documentaci\u00f3n, contratada f\u00f3ra, despois de esperar varios anos por secretar\u00eda: os pregos para poder quitar a poxa as parcelas e o informe xur\u00eddico. A ver se somos quen de sacar o proxecto para adiante.<\/p>\n<\/blockquote>\n\n\n\n<blockquote class=\"wp-block-quote is-layout-flow wp-block-quote-is-layout-flow\">\n<p>-A renovaci\u00f3n de todos os servizos da r\u00faa Pazos Fontenla que ten os pavimentos en moi mal estado. Esa \u00e9 unha v\u00eda titularidade auton\u00f3mica que hai que renovar completamente. Seguiremos insistindo con este tema tam importante para Bueu, pois non aceptamos que a Xunta mire cara outro lado nunha r\u00faa que, insisto, \u00e9 de titularidade auton\u00f3mica.<\/p>\n<\/blockquote>\n\n\n\n<p><strong>Seguides sen actualizar impostos?<\/strong><\/p>\n\n\n\n<blockquote class=\"wp-block-quote is-layout-flow wp-block-quote-is-layout-flow\">\n<p>Si, desde o ano 2005.Ag\u00e1s o IBI para po\u00f1er os m\u00ednimos que establecera no seu momento o ministro Montoro. O da actualizaci\u00f3n de impostos \u00e9 algo que teremos que facer proximamente.<\/p>\n<\/blockquote>\n","protected":false},"excerpt":{"rendered":"<div class=\"mh-excerpt\"><p>Malia a campa\u00f1a hiperagresiva que no per\u00edodo preelectoral desenvolveu o PP de Bueu presentando a imaxe , falsa , dun Bueu ca\u00f3tico e un goberno desleixado <a class=\"mh-excerpt-more\" href=\"https:\/\/www.anovapeneira.gal\/index.php\/2024\/08\/09\/felix-juncal-alcalde-de-bueu-6\/\" title=\"F\u00e9lix Juncal alcalde de Bueu\">[&#8230;]<\/a><\/p>\n<\/div>","protected":false},"author":2,"featured_media":5935,"comment_status":"open","ping_status":"open","sticky":false,"template":"","format":"standard","meta":{"_exactmetrics_skip_tracking":false,"_exactmetrics_sitenote_active":false,"_exactmetrics_sitenote_note":"","_exactmetrics_sitenote_category":0,"footnotes":""},"categories":[268],"tags":[440],"class_list":{"0":"post-12216","1":"post","2":"type-post","3":"status-publish","4":"format-standard","5":"has-post-thumbnail","7":"category-morrazo-entrevistas","8":"tag-concello-de-bueu"},"yoast_head":"<!-- This site is optimized with the Yoast SEO plugin v27.4 - https:\/\/yoast.com\/product\/yoast-seo-wordpress\/ -->\n<title>F\u00e9lix Juncal alcalde de Bueu -<\/title>\n<meta name=\"robots\" content=\"index, follow, max-snippet:-1, max-image-preview:large, max-video-preview:-1\" \/>\n<link rel=\"canonical\" href=\"https:\/\/www.anovapeneira.gal\/index.php\/2024\/08\/09\/felix-juncal-alcalde-de-bueu-6\/\" \/>\n<meta property=\"og:locale\" content=\"gl_ES\" \/>\n<meta property=\"og:type\" content=\"article\" \/>\n<meta property=\"og:title\" content=\"F\u00e9lix Juncal alcalde de Bueu -\" \/>\n<meta property=\"og:description\" content=\"Malia a campa\u00f1a hiperagresiva que no per\u00edodo preelectoral desenvolveu o PP de Bueu presentando a imaxe , falsa , dun Bueu ca\u00f3tico e un goberno desleixado [...]\" \/>\n<meta property=\"og:url\" content=\"https:\/\/www.anovapeneira.gal\/index.php\/2024\/08\/09\/felix-juncal-alcalde-de-bueu-6\/\" \/>\n<meta property=\"article:publisher\" content=\"https:\/\/www.facebook.com\/anovapeneira\" \/>\n<meta property=\"article:published_time\" content=\"2024-08-09T10:00:14+00:00\" \/>\n<meta property=\"og:image\" content=\"https:\/\/www.anovapeneira.gal\/wp-content\/uploads\/2021\/08\/felix_bueu.jpg\" \/>\n\t<meta property=\"og:image:width\" content=\"1500\" \/>\n\t<meta property=\"og:image:height\" content=\"790\" \/>\n\t<meta property=\"og:image:type\" content=\"image\/jpeg\" \/>\n<meta name=\"author\" content=\"Tino Lago\" \/>\n<meta name=\"twitter:card\" content=\"summary_large_image\" \/>\n<meta name=\"twitter:creator\" content=\"@APeneira\" \/>\n<meta name=\"twitter:site\" content=\"@APeneira\" \/>\n<meta name=\"twitter:label1\" content=\"Escrito por\" \/>\n\t<meta name=\"twitter:data1\" content=\"Tino Lago\" \/>\n\t<meta name=\"twitter:label2\" content=\"Tempo de lectura\" \/>\n\t<meta name=\"twitter:data2\" content=\"3 minutos\" \/>\n<script type=\"application\/ld+json\" class=\"yoast-schema-graph\">{\"@context\":\"https:\\\/\\\/schema.org\",\"@graph\":[{\"@type\":\"Article\",\"@id\":\"https:\\\/\\\/www.anovapeneira.gal\\\/index.php\\\/2024\\\/08\\\/09\\\/felix-juncal-alcalde-de-bueu-6\\\/#article\",\"isPartOf\":{\"@id\":\"https:\\\/\\\/www.anovapeneira.gal\\\/index.php\\\/2024\\\/08\\\/09\\\/felix-juncal-alcalde-de-bueu-6\\\/\"},\"author\":{\"name\":\"Tino Lago\",\"@id\":\"https:\\\/\\\/www.anovapeneira.gal\\\/#\\\/schema\\\/person\\\/424dfe65e3070fd8a44d22d2c088762a\"},\"headline\":\"F\u00e9lix Juncal alcalde de Bueu\",\"datePublished\":\"2024-08-09T10:00:14+00:00\",\"mainEntityOfPage\":{\"@id\":\"https:\\\/\\\/www.anovapeneira.gal\\\/index.php\\\/2024\\\/08\\\/09\\\/felix-juncal-alcalde-de-bueu-6\\\/\"},\"wordCount\":1634,\"commentCount\":0,\"publisher\":{\"@id\":\"https:\\\/\\\/www.anovapeneira.gal\\\/#organization\"},\"image\":{\"@id\":\"https:\\\/\\\/www.anovapeneira.gal\\\/index.php\\\/2024\\\/08\\\/09\\\/felix-juncal-alcalde-de-bueu-6\\\/#primaryimage\"},\"thumbnailUrl\":\"https:\\\/\\\/www.anovapeneira.gal\\\/wp-content\\\/uploads\\\/2021\\\/08\\\/felix_bueu.jpg\",\"keywords\":[\"Concello de Bueu\"],\"articleSection\":[\"Morrazo\"],\"inLanguage\":\"gl-ES\",\"potentialAction\":[{\"@type\":\"CommentAction\",\"name\":\"Comment\",\"target\":[\"https:\\\/\\\/www.anovapeneira.gal\\\/index.php\\\/2024\\\/08\\\/09\\\/felix-juncal-alcalde-de-bueu-6\\\/#respond\"]}]},{\"@type\":\"WebPage\",\"@id\":\"https:\\\/\\\/www.anovapeneira.gal\\\/index.php\\\/2024\\\/08\\\/09\\\/felix-juncal-alcalde-de-bueu-6\\\/\",\"url\":\"https:\\\/\\\/www.anovapeneira.gal\\\/index.php\\\/2024\\\/08\\\/09\\\/felix-juncal-alcalde-de-bueu-6\\\/\",\"name\":\"F\u00e9lix Juncal alcalde de Bueu -\",\"isPartOf\":{\"@id\":\"https:\\\/\\\/www.anovapeneira.gal\\\/#website\"},\"primaryImageOfPage\":{\"@id\":\"https:\\\/\\\/www.anovapeneira.gal\\\/index.php\\\/2024\\\/08\\\/09\\\/felix-juncal-alcalde-de-bueu-6\\\/#primaryimage\"},\"image\":{\"@id\":\"https:\\\/\\\/www.anovapeneira.gal\\\/index.php\\\/2024\\\/08\\\/09\\\/felix-juncal-alcalde-de-bueu-6\\\/#primaryimage\"},\"thumbnailUrl\":\"https:\\\/\\\/www.anovapeneira.gal\\\/wp-content\\\/uploads\\\/2021\\\/08\\\/felix_bueu.jpg\",\"datePublished\":\"2024-08-09T10:00:14+00:00\",\"breadcrumb\":{\"@id\":\"https:\\\/\\\/www.anovapeneira.gal\\\/index.php\\\/2024\\\/08\\\/09\\\/felix-juncal-alcalde-de-bueu-6\\\/#breadcrumb\"},\"inLanguage\":\"gl-ES\",\"potentialAction\":[{\"@type\":\"ReadAction\",\"target\":[\"https:\\\/\\\/www.anovapeneira.gal\\\/index.php\\\/2024\\\/08\\\/09\\\/felix-juncal-alcalde-de-bueu-6\\\/\"]}]},{\"@type\":\"ImageObject\",\"inLanguage\":\"gl-ES\",\"@id\":\"https:\\\/\\\/www.anovapeneira.gal\\\/index.php\\\/2024\\\/08\\\/09\\\/felix-juncal-alcalde-de-bueu-6\\\/#primaryimage\",\"url\":\"https:\\\/\\\/www.anovapeneira.gal\\\/wp-content\\\/uploads\\\/2021\\\/08\\\/felix_bueu.jpg\",\"contentUrl\":\"https:\\\/\\\/www.anovapeneira.gal\\\/wp-content\\\/uploads\\\/2021\\\/08\\\/felix_bueu.jpg\",\"width\":1500,\"height\":790,\"caption\":\"Alcalde de Bueu\"},{\"@type\":\"BreadcrumbList\",\"@id\":\"https:\\\/\\\/www.anovapeneira.gal\\\/index.php\\\/2024\\\/08\\\/09\\\/felix-juncal-alcalde-de-bueu-6\\\/#breadcrumb\",\"itemListElement\":[{\"@type\":\"ListItem\",\"position\":1,\"name\":\"Portada\",\"item\":\"https:\\\/\\\/www.anovapeneira.gal\\\/\"},{\"@type\":\"ListItem\",\"position\":2,\"name\":\"F\u00e9lix Juncal alcalde de Bueu\"}]},{\"@type\":\"WebSite\",\"@id\":\"https:\\\/\\\/www.anovapeneira.gal\\\/#website\",\"url\":\"https:\\\/\\\/www.anovapeneira.gal\\\/\",\"name\":\"\",\"description\":\"Xornal galego de informaci\u00f3n xeral Publicaci\u00f3n mensual de novas de Galicia e en especial dos Concellos da sur da provincia de Pontevedra.\",\"publisher\":{\"@id\":\"https:\\\/\\\/www.anovapeneira.gal\\\/#organization\"},\"potentialAction\":[{\"@type\":\"SearchAction\",\"target\":{\"@type\":\"EntryPoint\",\"urlTemplate\":\"https:\\\/\\\/www.anovapeneira.gal\\\/?s={search_term_string}\"},\"query-input\":{\"@type\":\"PropertyValueSpecification\",\"valueRequired\":true,\"valueName\":\"search_term_string\"}}],\"inLanguage\":\"gl-ES\"},{\"@type\":\"Organization\",\"@id\":\"https:\\\/\\\/www.anovapeneira.gal\\\/#organization\",\"name\":\"A Nova Peneira\",\"url\":\"https:\\\/\\\/www.anovapeneira.gal\\\/\",\"logo\":{\"@type\":\"ImageObject\",\"inLanguage\":\"gl-ES\",\"@id\":\"https:\\\/\\\/www.anovapeneira.gal\\\/#\\\/schema\\\/logo\\\/image\\\/\",\"url\":\"http:\\\/\\\/www.anovapeneira.gal\\\/wp-content\\\/uploads\\\/2019\\\/06\\\/logo_a_nova_peneira_portal_web.png\",\"contentUrl\":\"http:\\\/\\\/www.anovapeneira.gal\\\/wp-content\\\/uploads\\\/2019\\\/06\\\/logo_a_nova_peneira_portal_web.png\",\"width\":300,\"height\":100,\"caption\":\"A Nova Peneira\"},\"image\":{\"@id\":\"https:\\\/\\\/www.anovapeneira.gal\\\/#\\\/schema\\\/logo\\\/image\\\/\"},\"sameAs\":[\"https:\\\/\\\/www.facebook.com\\\/anovapeneira\",\"https:\\\/\\\/x.com\\\/APeneira\"]},{\"@type\":\"Person\",\"@id\":\"https:\\\/\\\/www.anovapeneira.gal\\\/#\\\/schema\\\/person\\\/424dfe65e3070fd8a44d22d2c088762a\",\"name\":\"Tino Lago\",\"image\":{\"@type\":\"ImageObject\",\"inLanguage\":\"gl-ES\",\"@id\":\"https:\\\/\\\/secure.gravatar.com\\\/avatar\\\/b3df6a06e44bab3111583b90f0f33a0379ee5e3d22cbadd232d39f21c30c62be?s=96&d=mm&r=g\",\"url\":\"https:\\\/\\\/secure.gravatar.com\\\/avatar\\\/b3df6a06e44bab3111583b90f0f33a0379ee5e3d22cbadd232d39f21c30c62be?s=96&d=mm&r=g\",\"contentUrl\":\"https:\\\/\\\/secure.gravatar.com\\\/avatar\\\/b3df6a06e44bab3111583b90f0f33a0379ee5e3d22cbadd232d39f21c30c62be?s=96&d=mm&r=g\",\"caption\":\"Tino Lago\"},\"sameAs\":[\"http:\\\/\\\/www.anovapeneira.gal\"],\"url\":\"https:\\\/\\\/www.anovapeneira.gal\\\/index.php\\\/author\\\/director\\\/\"}]}<\/script>\n<!-- \/ Yoast SEO plugin. -->","yoast_head_json":{"title":"F\u00e9lix Juncal alcalde de Bueu -","robots":{"index":"index","follow":"follow","max-snippet":"max-snippet:-1","max-image-preview":"max-image-preview:large","max-video-preview":"max-video-preview:-1"},"canonical":"https:\/\/www.anovapeneira.gal\/index.php\/2024\/08\/09\/felix-juncal-alcalde-de-bueu-6\/","og_locale":"gl_ES","og_type":"article","og_title":"F\u00e9lix Juncal alcalde de Bueu -","og_description":"Malia a campa\u00f1a hiperagresiva que no per\u00edodo preelectoral desenvolveu o PP de Bueu presentando a imaxe , falsa , dun Bueu ca\u00f3tico e un goberno desleixado [...]","og_url":"https:\/\/www.anovapeneira.gal\/index.php\/2024\/08\/09\/felix-juncal-alcalde-de-bueu-6\/","article_publisher":"https:\/\/www.facebook.com\/anovapeneira","article_published_time":"2024-08-09T10:00:14+00:00","og_image":[{"width":1500,"height":790,"url":"https:\/\/www.anovapeneira.gal\/wp-content\/uploads\/2021\/08\/felix_bueu.jpg","type":"image\/jpeg"}],"author":"Tino Lago","twitter_card":"summary_large_image","twitter_creator":"@APeneira","twitter_site":"@APeneira","twitter_misc":{"Escrito por":"Tino Lago","Tempo de lectura":"3 minutos"},"schema":{"@context":"https:\/\/schema.org","@graph":[{"@type":"Article","@id":"https:\/\/www.anovapeneira.gal\/index.php\/2024\/08\/09\/felix-juncal-alcalde-de-bueu-6\/#article","isPartOf":{"@id":"https:\/\/www.anovapeneira.gal\/index.php\/2024\/08\/09\/felix-juncal-alcalde-de-bueu-6\/"},"author":{"name":"Tino Lago","@id":"https:\/\/www.anovapeneira.gal\/#\/schema\/person\/424dfe65e3070fd8a44d22d2c088762a"},"headline":"F\u00e9lix Juncal alcalde de Bueu","datePublished":"2024-08-09T10:00:14+00:00","mainEntityOfPage":{"@id":"https:\/\/www.anovapeneira.gal\/index.php\/2024\/08\/09\/felix-juncal-alcalde-de-bueu-6\/"},"wordCount":1634,"commentCount":0,"publisher":{"@id":"https:\/\/www.anovapeneira.gal\/#organization"},"image":{"@id":"https:\/\/www.anovapeneira.gal\/index.php\/2024\/08\/09\/felix-juncal-alcalde-de-bueu-6\/#primaryimage"},"thumbnailUrl":"https:\/\/www.anovapeneira.gal\/wp-content\/uploads\/2021\/08\/felix_bueu.jpg","keywords":["Concello de Bueu"],"articleSection":["Morrazo"],"inLanguage":"gl-ES","potentialAction":[{"@type":"CommentAction","name":"Comment","target":["https:\/\/www.anovapeneira.gal\/index.php\/2024\/08\/09\/felix-juncal-alcalde-de-bueu-6\/#respond"]}]},{"@type":"WebPage","@id":"https:\/\/www.anovapeneira.gal\/index.php\/2024\/08\/09\/felix-juncal-alcalde-de-bueu-6\/","url":"https:\/\/www.anovapeneira.gal\/index.php\/2024\/08\/09\/felix-juncal-alcalde-de-bueu-6\/","name":"F\u00e9lix Juncal alcalde de Bueu -","isPartOf":{"@id":"https:\/\/www.anovapeneira.gal\/#website"},"primaryImageOfPage":{"@id":"https:\/\/www.anovapeneira.gal\/index.php\/2024\/08\/09\/felix-juncal-alcalde-de-bueu-6\/#primaryimage"},"image":{"@id":"https:\/\/www.anovapeneira.gal\/index.php\/2024\/08\/09\/felix-juncal-alcalde-de-bueu-6\/#primaryimage"},"thumbnailUrl":"https:\/\/www.anovapeneira.gal\/wp-content\/uploads\/2021\/08\/felix_bueu.jpg","datePublished":"2024-08-09T10:00:14+00:00","breadcrumb":{"@id":"https:\/\/www.anovapeneira.gal\/index.php\/2024\/08\/09\/felix-juncal-alcalde-de-bueu-6\/#breadcrumb"},"inLanguage":"gl-ES","potentialAction":[{"@type":"ReadAction","target":["https:\/\/www.anovapeneira.gal\/index.php\/2024\/08\/09\/felix-juncal-alcalde-de-bueu-6\/"]}]},{"@type":"ImageObject","inLanguage":"gl-ES","@id":"https:\/\/www.anovapeneira.gal\/index.php\/2024\/08\/09\/felix-juncal-alcalde-de-bueu-6\/#primaryimage","url":"https:\/\/www.anovapeneira.gal\/wp-content\/uploads\/2021\/08\/felix_bueu.jpg","contentUrl":"https:\/\/www.anovapeneira.gal\/wp-content\/uploads\/2021\/08\/felix_bueu.jpg","width":1500,"height":790,"caption":"Alcalde de Bueu"},{"@type":"BreadcrumbList","@id":"https:\/\/www.anovapeneira.gal\/index.php\/2024\/08\/09\/felix-juncal-alcalde-de-bueu-6\/#breadcrumb","itemListElement":[{"@type":"ListItem","position":1,"name":"Portada","item":"https:\/\/www.anovapeneira.gal\/"},{"@type":"ListItem","position":2,"name":"F\u00e9lix Juncal alcalde de Bueu"}]},{"@type":"WebSite","@id":"https:\/\/www.anovapeneira.gal\/#website","url":"https:\/\/www.anovapeneira.gal\/","name":"","description":"Xornal galego de informaci\u00f3n xeral Publicaci\u00f3n mensual de novas de Galicia e en especial dos Concellos da sur da provincia de Pontevedra.","publisher":{"@id":"https:\/\/www.anovapeneira.gal\/#organization"},"potentialAction":[{"@type":"SearchAction","target":{"@type":"EntryPoint","urlTemplate":"https:\/\/www.anovapeneira.gal\/?s={search_term_string}"},"query-input":{"@type":"PropertyValueSpecification","valueRequired":true,"valueName":"search_term_string"}}],"inLanguage":"gl-ES"},{"@type":"Organization","@id":"https:\/\/www.anovapeneira.gal\/#organization","name":"A Nova Peneira","url":"https:\/\/www.anovapeneira.gal\/","logo":{"@type":"ImageObject","inLanguage":"gl-ES","@id":"https:\/\/www.anovapeneira.gal\/#\/schema\/logo\/image\/","url":"http:\/\/www.anovapeneira.gal\/wp-content\/uploads\/2019\/06\/logo_a_nova_peneira_portal_web.png","contentUrl":"http:\/\/www.anovapeneira.gal\/wp-content\/uploads\/2019\/06\/logo_a_nova_peneira_portal_web.png","width":300,"height":100,"caption":"A Nova Peneira"},"image":{"@id":"https:\/\/www.anovapeneira.gal\/#\/schema\/logo\/image\/"},"sameAs":["https:\/\/www.facebook.com\/anovapeneira","https:\/\/x.com\/APeneira"]},{"@type":"Person","@id":"https:\/\/www.anovapeneira.gal\/#\/schema\/person\/424dfe65e3070fd8a44d22d2c088762a","name":"Tino Lago","image":{"@type":"ImageObject","inLanguage":"gl-ES","@id":"https:\/\/secure.gravatar.com\/avatar\/b3df6a06e44bab3111583b90f0f33a0379ee5e3d22cbadd232d39f21c30c62be?s=96&d=mm&r=g","url":"https:\/\/secure.gravatar.com\/avatar\/b3df6a06e44bab3111583b90f0f33a0379ee5e3d22cbadd232d39f21c30c62be?s=96&d=mm&r=g","contentUrl":"https:\/\/secure.gravatar.com\/avatar\/b3df6a06e44bab3111583b90f0f33a0379ee5e3d22cbadd232d39f21c30c62be?s=96&d=mm&r=g","caption":"Tino Lago"},"sameAs":["http:\/\/www.anovapeneira.gal"],"url":"https:\/\/www.anovapeneira.gal\/index.php\/author\/director\/"}]}},"jetpack_featured_media_url":"https:\/\/www.anovapeneira.gal\/wp-content\/uploads\/2021\/08\/felix_bueu.jpg","_links":{"self":[{"href":"https:\/\/www.anovapeneira.gal\/index.php\/wp-json\/wp\/v2\/posts\/12216","targetHints":{"allow":["GET"]}}],"collection":[{"href":"https:\/\/www.anovapeneira.gal\/index.php\/wp-json\/wp\/v2\/posts"}],"about":[{"href":"https:\/\/www.anovapeneira.gal\/index.php\/wp-json\/wp\/v2\/types\/post"}],"author":[{"embeddable":true,"href":"https:\/\/www.anovapeneira.gal\/index.php\/wp-json\/wp\/v2\/users\/2"}],"replies":[{"embeddable":true,"href":"https:\/\/www.anovapeneira.gal\/index.php\/wp-json\/wp\/v2\/comments?post=12216"}],"version-history":[{"count":1,"href":"https:\/\/www.anovapeneira.gal\/index.php\/wp-json\/wp\/v2\/posts\/12216\/revisions"}],"predecessor-version":[{"id":12217,"href":"https:\/\/www.anovapeneira.gal\/index.php\/wp-json\/wp\/v2\/posts\/12216\/revisions\/12217"}],"wp:featuredmedia":[{"embeddable":true,"href":"https:\/\/www.anovapeneira.gal\/index.php\/wp-json\/wp\/v2\/media\/5935"}],"wp:attachment":[{"href":"https:\/\/www.anovapeneira.gal\/index.php\/wp-json\/wp\/v2\/media?parent=12216"}],"wp:term":[{"taxonomy":"category","embeddable":true,"href":"https:\/\/www.anovapeneira.gal\/index.php\/wp-json\/wp\/v2\/categories?post=12216"},{"taxonomy":"post_tag","embeddable":true,"href":"https:\/\/www.anovapeneira.gal\/index.php\/wp-json\/wp\/v2\/tags?post=12216"}],"curies":[{"name":"wp","href":"https:\/\/api.w.org\/{rel}","templated":true}]}}