{"id":12238,"date":"2024-08-15T10:00:44","date_gmt":"2024-08-15T08:00:44","guid":{"rendered":"https:\/\/www.anovapeneira.gal\/?p=12238"},"modified":"2024-08-13T10:00:04","modified_gmt":"2024-08-13T08:00:04","slug":"sobre-as-medallas-olimpicas","status":"publish","type":"post","link":"https:\/\/www.anovapeneira.gal\/index.php\/2024\/08\/15\/sobre-as-medallas-olimpicas\/","title":{"rendered":"Sobre as medallas ol\u00edmpicas"},"content":{"rendered":"\n<figure class=\"wp-block-image size-full is-resized\"><img loading=\"lazy\" decoding=\"async\" width=\"190\" height=\"222\" src=\"https:\/\/www.anovapeneira.gal\/wp-content\/uploads\/2019\/05\/tino_lago_director_a_nova_peneira.jpg\" alt=\"Tino Lago director a Nova Peneira\" class=\"wp-image-189\" style=\"width:84px;height:auto\"\/><figcaption class=\"wp-element-caption\">Tino Lago director a Nova Peneira<\/figcaption><\/figure>\n\n\n\n<p>Nestes d\u00edas tivo lugar na cidade de Par\u00eds unha nova edici\u00f3n dos xogos ol\u00edmpicos. Non te\u00f1o nin idea, nin me vou tomar a m\u00e1is m\u00ednima molestia en buscalo porque non me interesa, de que n\u00famero de edici\u00f3n \u00e9. Para expresar a mi\u00f1a opini\u00f3n ao respecto deste evento propo\u00f1o que fagamos un exercicio de metonimia, e collamos a modo de exemplo unha das disciplinas deportivas nas que se compite. Fag\u00e1molo cun dos deportes m\u00e1is populares: O f\u00fatbol. Este \u00e9 un deporte no que dous equipos de 11 persoas, ao longo de 90 minutos, pugnan para dilucidar cal dos dous conxuntos introduce m\u00e1is veces un obxecto esf\u00e9rico nunha superficie rectangular. O equipo que logre facelo m\u00e1is ocasi\u00f3ns \u00e9 o que resultar\u00e1 ga\u00f1ador do partido.<\/p>\n\n\n\n<p>En realidade que relevancia vital ten que sexa o equipo A ou que sexa o equipo B?. E as\u00ed con todo. Que raios importa o n\u00famero de medallas que un pa\u00eds dos que compiten sexa capaz de acadar?. Os ouros, pratas e bronces, que os deportistas de calquera pa\u00eds consigan, en que melloran a vida dos que sofren inxustiza?: dos que padecen represi\u00f3n, dos que non poden comer todos os d\u00edas, dos que son bombardeados, dos que viven en guetos, dos que son pobres, das que viven baixo as gadoupas do machismo criminal, dos que te\u00f1en que soportar interminables listas de espera para poderse tratar dalgunha enfermidade&#8230;..As medallas ol\u00edmpicas nin serven para nada, nin te\u00f1en a m\u00e1is m\u00ednima relevancia, nin melloran a vida de ningu\u00e9n.<\/p>\n\n\n\n<p>Espa\u00f1a non \u00e9 o meu pa\u00eds, d\u00edgoo con escrupuloso respecto aos que si se senten espa\u00f1ois, e desde logo que non me importa nada as medallas que acade ou deixe de acadar. Pero \u00e9 que nin sequera me importan as que logren ou deixen de lograr as e os deportistas galegos. Ten a mesma transcendencia vital unha medalla que ga\u00f1e unha deportista de Cuenca que a que poida ga\u00f1ar un deportista de Baiona, ambas g\u00e1\u00f1aas Espa\u00f1a , non Galicia, e ambas infl\u00faen 0 na vida de ningu\u00e9n.<\/p>\n\n\n\n<p>Por outra parte un aspecto que me chama a atenci\u00f3n, das diferentes competici\u00f3ns deportivas, \u00e9 que os equipos occidentais economicamente m\u00e1is poderosos est\u00e1n ateigados de deportistas de pa\u00edses pobres, especialmente africanos, nacionalizados: estadounidenses, franceses, alem\u00e1ns, espa\u00f1ois , italianos&#8230;&#8230;&#8230;.En realidade non nos damos de conta de que al\u00e9n de espoliar os seus recursos, as s\u00faas materias primas e fontes de enerx\u00eda, tam\u00e9n lles quitamos aos seus e \u00e1s s\u00faas mellores deportistas?.<\/p>\n\n\n\n<p>Quixera saber tam\u00e9n o motivo polo que os deportistas rusos non poden competir e os israel\u00eds si que poden facelo. Parece evidente que o deporte se utiliza para defender as posici\u00f3n pol\u00edticas dos que mandan no mundo, dos que deciden que un conflito \u00e9 unha agresi\u00f3n b\u00e9lica intolerable e o outro non \u00e9 m\u00e1is que\u201d lexitima defensa\u201d.<\/p>\n\n\n\n<p>Por iso resulta asombroso, e un tanto decepcionante tam\u00e9n, que desde sectores inequivocamente l\u00facidos, e obxecto de todo o meu respecto, non se defenda unha posici\u00f3n cr\u00edtica ante os xogos ol\u00edmpicos e pola contra cel\u00e9brense as medallas da \u201c armada galega\u201d.A utilizaci\u00f3n de analox\u00edas b\u00e9licas para narrar acontecementos deportivos \u00e9 algo que sempre me resultou enormemente desagradable. A guerra \u00e9 o estado m\u00e1is terrible ao que pode chegar un ser humano. Carece da m\u00e1is m\u00ednima connotaci\u00f3n \u00e9pica. Un conflito b\u00e9lico fai que rapaces en idade de amar e de gozar se maten entre si de maneira masiva. Xa que logo: as \u201carmadas\u201d nin espa\u00f1olas, nin galegas nin de ning\u00fan sitio. O \u00fanico conxunto de barcos que paga a pena son os da frota de liberdade que van levar solidariedade e tenrura a Gaza, \u00e1 Gaza masacrada por un estado cuxos deportistas si participan nos xogos ol\u00edmpicos.<\/p>\n","protected":false},"excerpt":{"rendered":"<div class=\"mh-excerpt\"><p>Nestes d\u00edas tivo lugar na cidade de Par\u00eds unha nova edici\u00f3n dos xogos ol\u00edmpicos. <a class=\"mh-excerpt-more\" href=\"https:\/\/www.anovapeneira.gal\/index.php\/2024\/08\/15\/sobre-as-medallas-olimpicas\/\" title=\"Sobre as medallas ol\u00edmpicas\">[&#8230;]<\/a><\/p>\n<\/div>","protected":false},"author":3,"featured_media":12239,"comment_status":"open","ping_status":"open","sticky":false,"template":"","format":"standard","meta":{"_exactmetrics_skip_tracking":false,"_exactmetrics_sitenote_active":false,"_exactmetrics_sitenote_note":"","_exactmetrics_sitenote_category":0,"footnotes":""},"categories":[61],"tags":[1421],"class_list":{"0":"post-12238","1":"post","2":"type-post","3":"status-publish","4":"format-standard","5":"has-post-thumbnail","7":"category-artigo-editorial","8":"tag-xogos-olimpicos"},"yoast_head":"<!-- This site is optimized with the Yoast SEO plugin v27.4 - https:\/\/yoast.com\/product\/yoast-seo-wordpress\/ -->\n<title>Sobre as medallas ol\u00edmpicas -<\/title>\n<meta name=\"robots\" content=\"index, follow, max-snippet:-1, max-image-preview:large, max-video-preview:-1\" \/>\n<link rel=\"canonical\" href=\"https:\/\/www.anovapeneira.gal\/index.php\/2024\/08\/15\/sobre-as-medallas-olimpicas\/\" \/>\n<meta property=\"og:locale\" content=\"gl_ES\" \/>\n<meta property=\"og:type\" content=\"article\" \/>\n<meta property=\"og:title\" content=\"Sobre as medallas ol\u00edmpicas -\" \/>\n<meta property=\"og:description\" content=\"Nestes d\u00edas tivo lugar na cidade de Par\u00eds unha nova edici\u00f3n dos xogos ol\u00edmpicos. [...]\" \/>\n<meta property=\"og:url\" content=\"https:\/\/www.anovapeneira.gal\/index.php\/2024\/08\/15\/sobre-as-medallas-olimpicas\/\" \/>\n<meta property=\"article:publisher\" content=\"https:\/\/www.facebook.com\/anovapeneira\" \/>\n<meta property=\"article:published_time\" content=\"2024-08-15T08:00:44+00:00\" \/>\n<meta property=\"og:image\" content=\"https:\/\/www.anovapeneira.gal\/wp-content\/uploads\/2024\/08\/medalla.jpg\" \/>\n\t<meta property=\"og:image:width\" content=\"720\" \/>\n\t<meta property=\"og:image:height\" content=\"432\" \/>\n\t<meta property=\"og:image:type\" content=\"image\/jpeg\" \/>\n<meta name=\"author\" content=\"Redacci\u00f3n A Nova Peneira\" \/>\n<meta name=\"twitter:card\" content=\"summary_large_image\" \/>\n<meta name=\"twitter:creator\" content=\"@APeneira\" \/>\n<meta name=\"twitter:site\" content=\"@APeneira\" \/>\n<meta name=\"twitter:label1\" content=\"Escrito por\" \/>\n\t<meta name=\"twitter:data1\" content=\"Redacci\u00f3n A Nova Peneira\" \/>\n\t<meta name=\"twitter:label2\" content=\"Tempo de lectura\" \/>\n\t<meta name=\"twitter:data2\" content=\"4 minutos\" \/>\n<script type=\"application\/ld+json\" class=\"yoast-schema-graph\">{\"@context\":\"https:\\\/\\\/schema.org\",\"@graph\":[{\"@type\":\"Article\",\"@id\":\"https:\\\/\\\/www.anovapeneira.gal\\\/index.php\\\/2024\\\/08\\\/15\\\/sobre-as-medallas-olimpicas\\\/#article\",\"isPartOf\":{\"@id\":\"https:\\\/\\\/www.anovapeneira.gal\\\/index.php\\\/2024\\\/08\\\/15\\\/sobre-as-medallas-olimpicas\\\/\"},\"author\":{\"name\":\"Redacci\u00f3n A Nova Peneira\",\"@id\":\"https:\\\/\\\/www.anovapeneira.gal\\\/#\\\/schema\\\/person\\\/b93e3f8932e3f8da96334607eb6ac6aa\"},\"headline\":\"Sobre as medallas ol\u00edmpicas\",\"datePublished\":\"2024-08-15T08:00:44+00:00\",\"mainEntityOfPage\":{\"@id\":\"https:\\\/\\\/www.anovapeneira.gal\\\/index.php\\\/2024\\\/08\\\/15\\\/sobre-as-medallas-olimpicas\\\/\"},\"wordCount\":681,\"commentCount\":0,\"publisher\":{\"@id\":\"https:\\\/\\\/www.anovapeneira.gal\\\/#organization\"},\"image\":{\"@id\":\"https:\\\/\\\/www.anovapeneira.gal\\\/index.php\\\/2024\\\/08\\\/15\\\/sobre-as-medallas-olimpicas\\\/#primaryimage\"},\"thumbnailUrl\":\"https:\\\/\\\/www.anovapeneira.gal\\\/wp-content\\\/uploads\\\/2024\\\/08\\\/medalla.jpg\",\"keywords\":[\"xogos ol\u00edmpicos\"],\"articleSection\":[\"Artigo editorial\"],\"inLanguage\":\"gl-ES\",\"potentialAction\":[{\"@type\":\"CommentAction\",\"name\":\"Comment\",\"target\":[\"https:\\\/\\\/www.anovapeneira.gal\\\/index.php\\\/2024\\\/08\\\/15\\\/sobre-as-medallas-olimpicas\\\/#respond\"]}]},{\"@type\":\"WebPage\",\"@id\":\"https:\\\/\\\/www.anovapeneira.gal\\\/index.php\\\/2024\\\/08\\\/15\\\/sobre-as-medallas-olimpicas\\\/\",\"url\":\"https:\\\/\\\/www.anovapeneira.gal\\\/index.php\\\/2024\\\/08\\\/15\\\/sobre-as-medallas-olimpicas\\\/\",\"name\":\"Sobre as medallas ol\u00edmpicas -\",\"isPartOf\":{\"@id\":\"https:\\\/\\\/www.anovapeneira.gal\\\/#website\"},\"primaryImageOfPage\":{\"@id\":\"https:\\\/\\\/www.anovapeneira.gal\\\/index.php\\\/2024\\\/08\\\/15\\\/sobre-as-medallas-olimpicas\\\/#primaryimage\"},\"image\":{\"@id\":\"https:\\\/\\\/www.anovapeneira.gal\\\/index.php\\\/2024\\\/08\\\/15\\\/sobre-as-medallas-olimpicas\\\/#primaryimage\"},\"thumbnailUrl\":\"https:\\\/\\\/www.anovapeneira.gal\\\/wp-content\\\/uploads\\\/2024\\\/08\\\/medalla.jpg\",\"datePublished\":\"2024-08-15T08:00:44+00:00\",\"breadcrumb\":{\"@id\":\"https:\\\/\\\/www.anovapeneira.gal\\\/index.php\\\/2024\\\/08\\\/15\\\/sobre-as-medallas-olimpicas\\\/#breadcrumb\"},\"inLanguage\":\"gl-ES\",\"potentialAction\":[{\"@type\":\"ReadAction\",\"target\":[\"https:\\\/\\\/www.anovapeneira.gal\\\/index.php\\\/2024\\\/08\\\/15\\\/sobre-as-medallas-olimpicas\\\/\"]}]},{\"@type\":\"ImageObject\",\"inLanguage\":\"gl-ES\",\"@id\":\"https:\\\/\\\/www.anovapeneira.gal\\\/index.php\\\/2024\\\/08\\\/15\\\/sobre-as-medallas-olimpicas\\\/#primaryimage\",\"url\":\"https:\\\/\\\/www.anovapeneira.gal\\\/wp-content\\\/uploads\\\/2024\\\/08\\\/medalla.jpg\",\"contentUrl\":\"https:\\\/\\\/www.anovapeneira.gal\\\/wp-content\\\/uploads\\\/2024\\\/08\\\/medalla.jpg\",\"width\":720,\"height\":432,\"caption\":\"medalla ol\u00edmpica\"},{\"@type\":\"BreadcrumbList\",\"@id\":\"https:\\\/\\\/www.anovapeneira.gal\\\/index.php\\\/2024\\\/08\\\/15\\\/sobre-as-medallas-olimpicas\\\/#breadcrumb\",\"itemListElement\":[{\"@type\":\"ListItem\",\"position\":1,\"name\":\"Portada\",\"item\":\"https:\\\/\\\/www.anovapeneira.gal\\\/\"},{\"@type\":\"ListItem\",\"position\":2,\"name\":\"Sobre as medallas ol\u00edmpicas\"}]},{\"@type\":\"WebSite\",\"@id\":\"https:\\\/\\\/www.anovapeneira.gal\\\/#website\",\"url\":\"https:\\\/\\\/www.anovapeneira.gal\\\/\",\"name\":\"\",\"description\":\"Xornal galego de informaci\u00f3n xeral Publicaci\u00f3n mensual de novas de Galicia e en especial dos Concellos da sur da provincia de Pontevedra.\",\"publisher\":{\"@id\":\"https:\\\/\\\/www.anovapeneira.gal\\\/#organization\"},\"potentialAction\":[{\"@type\":\"SearchAction\",\"target\":{\"@type\":\"EntryPoint\",\"urlTemplate\":\"https:\\\/\\\/www.anovapeneira.gal\\\/?s={search_term_string}\"},\"query-input\":{\"@type\":\"PropertyValueSpecification\",\"valueRequired\":true,\"valueName\":\"search_term_string\"}}],\"inLanguage\":\"gl-ES\"},{\"@type\":\"Organization\",\"@id\":\"https:\\\/\\\/www.anovapeneira.gal\\\/#organization\",\"name\":\"A Nova Peneira\",\"url\":\"https:\\\/\\\/www.anovapeneira.gal\\\/\",\"logo\":{\"@type\":\"ImageObject\",\"inLanguage\":\"gl-ES\",\"@id\":\"https:\\\/\\\/www.anovapeneira.gal\\\/#\\\/schema\\\/logo\\\/image\\\/\",\"url\":\"http:\\\/\\\/www.anovapeneira.gal\\\/wp-content\\\/uploads\\\/2019\\\/06\\\/logo_a_nova_peneira_portal_web.png\",\"contentUrl\":\"http:\\\/\\\/www.anovapeneira.gal\\\/wp-content\\\/uploads\\\/2019\\\/06\\\/logo_a_nova_peneira_portal_web.png\",\"width\":300,\"height\":100,\"caption\":\"A Nova Peneira\"},\"image\":{\"@id\":\"https:\\\/\\\/www.anovapeneira.gal\\\/#\\\/schema\\\/logo\\\/image\\\/\"},\"sameAs\":[\"https:\\\/\\\/www.facebook.com\\\/anovapeneira\",\"https:\\\/\\\/x.com\\\/APeneira\"]},{\"@type\":\"Person\",\"@id\":\"https:\\\/\\\/www.anovapeneira.gal\\\/#\\\/schema\\\/person\\\/b93e3f8932e3f8da96334607eb6ac6aa\",\"name\":\"Redacci\u00f3n A Nova Peneira\",\"image\":{\"@type\":\"ImageObject\",\"inLanguage\":\"gl-ES\",\"@id\":\"https:\\\/\\\/secure.gravatar.com\\\/avatar\\\/c052a2551a06e23fac63626232eaa90abd78dbcf1700fc46a2b2c89fd27b735f?s=96&d=mm&r=g\",\"url\":\"https:\\\/\\\/secure.gravatar.com\\\/avatar\\\/c052a2551a06e23fac63626232eaa90abd78dbcf1700fc46a2b2c89fd27b735f?s=96&d=mm&r=g\",\"contentUrl\":\"https:\\\/\\\/secure.gravatar.com\\\/avatar\\\/c052a2551a06e23fac63626232eaa90abd78dbcf1700fc46a2b2c89fd27b735f?s=96&d=mm&r=g\",\"caption\":\"Redacci\u00f3n A Nova Peneira\"},\"sameAs\":[\"http:\\\/\\\/www.anovapeneira.gal\\\/\"],\"url\":\"https:\\\/\\\/www.anovapeneira.gal\\\/index.php\\\/author\\\/redactor\\\/\"}]}<\/script>\n<!-- \/ Yoast SEO plugin. -->","yoast_head_json":{"title":"Sobre as medallas ol\u00edmpicas -","robots":{"index":"index","follow":"follow","max-snippet":"max-snippet:-1","max-image-preview":"max-image-preview:large","max-video-preview":"max-video-preview:-1"},"canonical":"https:\/\/www.anovapeneira.gal\/index.php\/2024\/08\/15\/sobre-as-medallas-olimpicas\/","og_locale":"gl_ES","og_type":"article","og_title":"Sobre as medallas ol\u00edmpicas -","og_description":"Nestes d\u00edas tivo lugar na cidade de Par\u00eds unha nova edici\u00f3n dos xogos ol\u00edmpicos. [...]","og_url":"https:\/\/www.anovapeneira.gal\/index.php\/2024\/08\/15\/sobre-as-medallas-olimpicas\/","article_publisher":"https:\/\/www.facebook.com\/anovapeneira","article_published_time":"2024-08-15T08:00:44+00:00","og_image":[{"width":720,"height":432,"url":"https:\/\/www.anovapeneira.gal\/wp-content\/uploads\/2024\/08\/medalla.jpg","type":"image\/jpeg"}],"author":"Redacci\u00f3n A Nova Peneira","twitter_card":"summary_large_image","twitter_creator":"@APeneira","twitter_site":"@APeneira","twitter_misc":{"Escrito por":"Redacci\u00f3n A Nova Peneira","Tempo de lectura":"4 minutos"},"schema":{"@context":"https:\/\/schema.org","@graph":[{"@type":"Article","@id":"https:\/\/www.anovapeneira.gal\/index.php\/2024\/08\/15\/sobre-as-medallas-olimpicas\/#article","isPartOf":{"@id":"https:\/\/www.anovapeneira.gal\/index.php\/2024\/08\/15\/sobre-as-medallas-olimpicas\/"},"author":{"name":"Redacci\u00f3n A Nova Peneira","@id":"https:\/\/www.anovapeneira.gal\/#\/schema\/person\/b93e3f8932e3f8da96334607eb6ac6aa"},"headline":"Sobre as medallas ol\u00edmpicas","datePublished":"2024-08-15T08:00:44+00:00","mainEntityOfPage":{"@id":"https:\/\/www.anovapeneira.gal\/index.php\/2024\/08\/15\/sobre-as-medallas-olimpicas\/"},"wordCount":681,"commentCount":0,"publisher":{"@id":"https:\/\/www.anovapeneira.gal\/#organization"},"image":{"@id":"https:\/\/www.anovapeneira.gal\/index.php\/2024\/08\/15\/sobre-as-medallas-olimpicas\/#primaryimage"},"thumbnailUrl":"https:\/\/www.anovapeneira.gal\/wp-content\/uploads\/2024\/08\/medalla.jpg","keywords":["xogos ol\u00edmpicos"],"articleSection":["Artigo editorial"],"inLanguage":"gl-ES","potentialAction":[{"@type":"CommentAction","name":"Comment","target":["https:\/\/www.anovapeneira.gal\/index.php\/2024\/08\/15\/sobre-as-medallas-olimpicas\/#respond"]}]},{"@type":"WebPage","@id":"https:\/\/www.anovapeneira.gal\/index.php\/2024\/08\/15\/sobre-as-medallas-olimpicas\/","url":"https:\/\/www.anovapeneira.gal\/index.php\/2024\/08\/15\/sobre-as-medallas-olimpicas\/","name":"Sobre as medallas ol\u00edmpicas -","isPartOf":{"@id":"https:\/\/www.anovapeneira.gal\/#website"},"primaryImageOfPage":{"@id":"https:\/\/www.anovapeneira.gal\/index.php\/2024\/08\/15\/sobre-as-medallas-olimpicas\/#primaryimage"},"image":{"@id":"https:\/\/www.anovapeneira.gal\/index.php\/2024\/08\/15\/sobre-as-medallas-olimpicas\/#primaryimage"},"thumbnailUrl":"https:\/\/www.anovapeneira.gal\/wp-content\/uploads\/2024\/08\/medalla.jpg","datePublished":"2024-08-15T08:00:44+00:00","breadcrumb":{"@id":"https:\/\/www.anovapeneira.gal\/index.php\/2024\/08\/15\/sobre-as-medallas-olimpicas\/#breadcrumb"},"inLanguage":"gl-ES","potentialAction":[{"@type":"ReadAction","target":["https:\/\/www.anovapeneira.gal\/index.php\/2024\/08\/15\/sobre-as-medallas-olimpicas\/"]}]},{"@type":"ImageObject","inLanguage":"gl-ES","@id":"https:\/\/www.anovapeneira.gal\/index.php\/2024\/08\/15\/sobre-as-medallas-olimpicas\/#primaryimage","url":"https:\/\/www.anovapeneira.gal\/wp-content\/uploads\/2024\/08\/medalla.jpg","contentUrl":"https:\/\/www.anovapeneira.gal\/wp-content\/uploads\/2024\/08\/medalla.jpg","width":720,"height":432,"caption":"medalla ol\u00edmpica"},{"@type":"BreadcrumbList","@id":"https:\/\/www.anovapeneira.gal\/index.php\/2024\/08\/15\/sobre-as-medallas-olimpicas\/#breadcrumb","itemListElement":[{"@type":"ListItem","position":1,"name":"Portada","item":"https:\/\/www.anovapeneira.gal\/"},{"@type":"ListItem","position":2,"name":"Sobre as medallas ol\u00edmpicas"}]},{"@type":"WebSite","@id":"https:\/\/www.anovapeneira.gal\/#website","url":"https:\/\/www.anovapeneira.gal\/","name":"","description":"Xornal galego de informaci\u00f3n xeral Publicaci\u00f3n mensual de novas de Galicia e en especial dos Concellos da sur da provincia de Pontevedra.","publisher":{"@id":"https:\/\/www.anovapeneira.gal\/#organization"},"potentialAction":[{"@type":"SearchAction","target":{"@type":"EntryPoint","urlTemplate":"https:\/\/www.anovapeneira.gal\/?s={search_term_string}"},"query-input":{"@type":"PropertyValueSpecification","valueRequired":true,"valueName":"search_term_string"}}],"inLanguage":"gl-ES"},{"@type":"Organization","@id":"https:\/\/www.anovapeneira.gal\/#organization","name":"A Nova Peneira","url":"https:\/\/www.anovapeneira.gal\/","logo":{"@type":"ImageObject","inLanguage":"gl-ES","@id":"https:\/\/www.anovapeneira.gal\/#\/schema\/logo\/image\/","url":"http:\/\/www.anovapeneira.gal\/wp-content\/uploads\/2019\/06\/logo_a_nova_peneira_portal_web.png","contentUrl":"http:\/\/www.anovapeneira.gal\/wp-content\/uploads\/2019\/06\/logo_a_nova_peneira_portal_web.png","width":300,"height":100,"caption":"A Nova Peneira"},"image":{"@id":"https:\/\/www.anovapeneira.gal\/#\/schema\/logo\/image\/"},"sameAs":["https:\/\/www.facebook.com\/anovapeneira","https:\/\/x.com\/APeneira"]},{"@type":"Person","@id":"https:\/\/www.anovapeneira.gal\/#\/schema\/person\/b93e3f8932e3f8da96334607eb6ac6aa","name":"Redacci\u00f3n A Nova Peneira","image":{"@type":"ImageObject","inLanguage":"gl-ES","@id":"https:\/\/secure.gravatar.com\/avatar\/c052a2551a06e23fac63626232eaa90abd78dbcf1700fc46a2b2c89fd27b735f?s=96&d=mm&r=g","url":"https:\/\/secure.gravatar.com\/avatar\/c052a2551a06e23fac63626232eaa90abd78dbcf1700fc46a2b2c89fd27b735f?s=96&d=mm&r=g","contentUrl":"https:\/\/secure.gravatar.com\/avatar\/c052a2551a06e23fac63626232eaa90abd78dbcf1700fc46a2b2c89fd27b735f?s=96&d=mm&r=g","caption":"Redacci\u00f3n A Nova Peneira"},"sameAs":["http:\/\/www.anovapeneira.gal\/"],"url":"https:\/\/www.anovapeneira.gal\/index.php\/author\/redactor\/"}]}},"jetpack_featured_media_url":"https:\/\/www.anovapeneira.gal\/wp-content\/uploads\/2024\/08\/medalla.jpg","_links":{"self":[{"href":"https:\/\/www.anovapeneira.gal\/index.php\/wp-json\/wp\/v2\/posts\/12238","targetHints":{"allow":["GET"]}}],"collection":[{"href":"https:\/\/www.anovapeneira.gal\/index.php\/wp-json\/wp\/v2\/posts"}],"about":[{"href":"https:\/\/www.anovapeneira.gal\/index.php\/wp-json\/wp\/v2\/types\/post"}],"author":[{"embeddable":true,"href":"https:\/\/www.anovapeneira.gal\/index.php\/wp-json\/wp\/v2\/users\/3"}],"replies":[{"embeddable":true,"href":"https:\/\/www.anovapeneira.gal\/index.php\/wp-json\/wp\/v2\/comments?post=12238"}],"version-history":[{"count":1,"href":"https:\/\/www.anovapeneira.gal\/index.php\/wp-json\/wp\/v2\/posts\/12238\/revisions"}],"predecessor-version":[{"id":12240,"href":"https:\/\/www.anovapeneira.gal\/index.php\/wp-json\/wp\/v2\/posts\/12238\/revisions\/12240"}],"wp:featuredmedia":[{"embeddable":true,"href":"https:\/\/www.anovapeneira.gal\/index.php\/wp-json\/wp\/v2\/media\/12239"}],"wp:attachment":[{"href":"https:\/\/www.anovapeneira.gal\/index.php\/wp-json\/wp\/v2\/media?parent=12238"}],"wp:term":[{"taxonomy":"category","embeddable":true,"href":"https:\/\/www.anovapeneira.gal\/index.php\/wp-json\/wp\/v2\/categories?post=12238"},{"taxonomy":"post_tag","embeddable":true,"href":"https:\/\/www.anovapeneira.gal\/index.php\/wp-json\/wp\/v2\/tags?post=12238"}],"curies":[{"name":"wp","href":"https:\/\/api.w.org\/{rel}","templated":true}]}}