{"id":12243,"date":"2024-08-16T10:00:22","date_gmt":"2024-08-16T08:00:22","guid":{"rendered":"https:\/\/www.anovapeneira.gal\/?p=12243"},"modified":"2024-08-13T10:00:19","modified_gmt":"2024-08-13T08:00:19","slug":"o-bng-denuncia-o-atraso-deliberado-por-parte-do-goberno-local-na-achegada-informacion-solicitada-sobre-o-saneamento","status":"publish","type":"post","link":"https:\/\/www.anovapeneira.gal\/index.php\/2024\/08\/16\/o-bng-denuncia-o-atraso-deliberado-por-parte-do-goberno-local-na-achegada-informacion-solicitada-sobre-o-saneamento\/","title":{"rendered":"O BNG denuncia o atraso deliberado por parte do goberno local na achegada informaci\u00f3n solicitada sobre o saneamento"},"content":{"rendered":"\n<p>\u201cHai un mes que pedimos datos sobre o n\u00famero total de vivendas con esen saneamento e contestan dicindo que te\u00f1en \u2018dificultade derecompilaci\u00f3n\u2019. \u00c9 a mesma solicitude que realizaramos en 2021 ea\u00ednda estamos agardando.\u201d<\/p>\n\n\n\n<p><strong>GONDOMAR, 03 de agosto de 2024.<\/strong><\/p>\n\n\n\n<p>O BNG de Gondomar denuncia o atrasodeliberado por parte do goberno local na achega da informaci\u00f3n sobre aimplantaci\u00f3n no concello do servizo de saneamento que foi solicitada xahai un mes.<\/p>\n\n\n\n<p>En concreto, a organizaci\u00f3n nacionalista solicita informaci\u00f3n sobre on\u00famero de vivendas con e sen saneamento por barrios e parroquias noconcello de Gondomar, e unha relaci\u00f3n dos proxectos para a dotaci\u00f3n desaneamento novo (a vivendas que non o te\u00f1en) existentes na actualidade,calquera que sexa o seu estado de tramitaci\u00f3n, con indicaci\u00f3n daparroquia e n\u00famero de vivendas por barrio \u00e1s que dar\u00e1n servizo.<\/p>\n\n\n\n<p>\u201c\u00c9 a mesma solicitude que realizamos en 2021, reiterada en sucesivasocasi\u00f3ns, e a\u00ednda estamos agardando\u201d, denuncia Manuela Rodr\u00edguez,portavoz municipal do BNG. E explica que \u201cos datos solicitados sonclave para avaliar as necesidades e para determinar cales son as zonasprioritarias \u00e1 hora de acometer un plan de actuaci\u00f3n para o saneamentointegral do concello, e non ir facendo ao chou, de xeito improvisado,\u2018marca da casa\u2019 do goberno de Paco Ferreira\u201d.<\/p>\n\n\n\n<p>Para o BNG fica claro que o goberno local non quere dar eses datosporque deixar\u00edan en evidencia o que desde o BNG ve\u00f1en denunciando: oalto n\u00famero de vivendas sen saneamento, o escaso investimento nos\u00faltimos anos para ampliar o servizo e a ausencia de proxectos naactualidade que indiquen un m\u00ednimo cambio nesa tendencia.<\/p>\n\n\n\n<p>Mostra diso \u00e9 a resposta dada desde Alcald\u00eda para xustificar ademora, presuntamente debida \u2018a dificultade de recompilaci\u00f3n dainformaci\u00f3n\u2019 raz\u00f3n pola cal precisan \u2018ampliar o prazo deresposta\u2019. Para o BNG e evidente que estas escusas que non sesoste\u00f1en. Porque, se o Concello pode cobrar a taxa de saneamento, como\u00e9 que non sabe cantos abonados hai? E se hai dous anos o Concello puidocolocar unha placa en cada vivenda e inmoble de Gondomar, coaindicaci\u00f3n do seu n\u00famero e bario correspondentes, como \u00e9 que non sabecantas hai en total? A\u00ednda poden quedar d\u00fabidas de por que levan anosocultando eses datos?\u201d<\/p>\n\n\n\n<p>Desde o BNG trasladan \u00e1 veci\u00f1anza que seguiran a defender a absolutaprioridade deste servizo e a esixir do goberno local medidasencami\u00f1adas a dotar ao concello dun plan estable de actuaci\u00f3ns einvestimentos na procura do saneamento integral do concello de Gondomar.<\/p>\n","protected":false},"excerpt":{"rendered":"<div class=\"mh-excerpt\"><p>\u201cHai un mes que pedimos datos sobre o n\u00famero total de vivendas con esen saneamento e contestan dicindo que te\u00f1en \u2018dificultade derecompilaci\u00f3n\u2019. \u00c9 a mesma solicitude que realizaramos en 2021 ea\u00ednda estamos agardando.\u201d <a class=\"mh-excerpt-more\" href=\"https:\/\/www.anovapeneira.gal\/index.php\/2024\/08\/16\/o-bng-denuncia-o-atraso-deliberado-por-parte-do-goberno-local-na-achegada-informacion-solicitada-sobre-o-saneamento\/\" title=\"O BNG denuncia o atraso deliberado por parte do goberno local na achegada informaci\u00f3n solicitada sobre o saneamento\">[&#8230;]<\/a><\/p>\n<\/div>","protected":false},"author":3,"featured_media":8265,"comment_status":"open","ping_status":"open","sticky":false,"template":"","format":"standard","meta":{"_exactmetrics_skip_tracking":false,"_exactmetrics_sitenote_active":false,"_exactmetrics_sitenote_note":"","_exactmetrics_sitenote_category":0,"footnotes":""},"categories":[20],"tags":[149],"class_list":{"0":"post-12243","1":"post","2":"type-post","3":"status-publish","4":"format-standard","5":"has-post-thumbnail","7":"category-val-minor","8":"tag-concello-de-gondomar"},"yoast_head":"<!-- This site is optimized with the Yoast SEO plugin v27.4 - https:\/\/yoast.com\/product\/yoast-seo-wordpress\/ -->\n<title>O BNG denuncia o atraso deliberado por parte do goberno local na achegada informaci\u00f3n solicitada sobre o saneamento -<\/title>\n<meta name=\"robots\" content=\"index, follow, max-snippet:-1, max-image-preview:large, max-video-preview:-1\" \/>\n<link rel=\"canonical\" href=\"https:\/\/www.anovapeneira.gal\/index.php\/2024\/08\/16\/o-bng-denuncia-o-atraso-deliberado-por-parte-do-goberno-local-na-achegada-informacion-solicitada-sobre-o-saneamento\/\" \/>\n<meta property=\"og:locale\" content=\"gl_ES\" \/>\n<meta property=\"og:type\" content=\"article\" \/>\n<meta property=\"og:title\" content=\"O BNG denuncia o atraso deliberado por parte do goberno local na achegada informaci\u00f3n solicitada sobre o saneamento -\" \/>\n<meta property=\"og:description\" content=\"\u201cHai un mes que pedimos datos sobre o n\u00famero total de vivendas con esen saneamento e contestan dicindo que te\u00f1en \u2018dificultade derecompilaci\u00f3n\u2019. \u00c9 a mesma solicitude que realizaramos en 2021 ea\u00ednda estamos agardando.\u201d [...]\" \/>\n<meta property=\"og:url\" content=\"https:\/\/www.anovapeneira.gal\/index.php\/2024\/08\/16\/o-bng-denuncia-o-atraso-deliberado-por-parte-do-goberno-local-na-achegada-informacion-solicitada-sobre-o-saneamento\/\" \/>\n<meta property=\"article:publisher\" content=\"https:\/\/www.facebook.com\/anovapeneira\" \/>\n<meta property=\"article:published_time\" content=\"2024-08-16T08:00:22+00:00\" \/>\n<meta property=\"og:image\" content=\"https:\/\/www.anovapeneira.gal\/wp-content\/uploads\/2022\/09\/bng_logo_2.jpg\" \/>\n\t<meta property=\"og:image:width\" content=\"720\" \/>\n\t<meta property=\"og:image:height\" content=\"432\" \/>\n\t<meta property=\"og:image:type\" content=\"image\/jpeg\" \/>\n<meta name=\"author\" content=\"Redacci\u00f3n A Nova Peneira\" \/>\n<meta name=\"twitter:card\" content=\"summary_large_image\" \/>\n<meta name=\"twitter:creator\" content=\"@APeneira\" \/>\n<meta name=\"twitter:site\" content=\"@APeneira\" \/>\n<meta name=\"twitter:label1\" content=\"Escrito por\" \/>\n\t<meta name=\"twitter:data1\" content=\"Redacci\u00f3n A Nova Peneira\" \/>\n\t<meta name=\"twitter:label2\" content=\"Tempo de lectura\" \/>\n\t<meta name=\"twitter:data2\" content=\"3 minutos\" \/>\n<script type=\"application\/ld+json\" class=\"yoast-schema-graph\">{\"@context\":\"https:\\\/\\\/schema.org\",\"@graph\":[{\"@type\":\"Article\",\"@id\":\"https:\\\/\\\/www.anovapeneira.gal\\\/index.php\\\/2024\\\/08\\\/16\\\/o-bng-denuncia-o-atraso-deliberado-por-parte-do-goberno-local-na-achegada-informacion-solicitada-sobre-o-saneamento\\\/#article\",\"isPartOf\":{\"@id\":\"https:\\\/\\\/www.anovapeneira.gal\\\/index.php\\\/2024\\\/08\\\/16\\\/o-bng-denuncia-o-atraso-deliberado-por-parte-do-goberno-local-na-achegada-informacion-solicitada-sobre-o-saneamento\\\/\"},\"author\":{\"name\":\"Redacci\u00f3n A Nova Peneira\",\"@id\":\"https:\\\/\\\/www.anovapeneira.gal\\\/#\\\/schema\\\/person\\\/b93e3f8932e3f8da96334607eb6ac6aa\"},\"headline\":\"O BNG denuncia o atraso deliberado por parte do goberno local na achegada informaci\u00f3n solicitada sobre o saneamento\",\"datePublished\":\"2024-08-16T08:00:22+00:00\",\"mainEntityOfPage\":{\"@id\":\"https:\\\/\\\/www.anovapeneira.gal\\\/index.php\\\/2024\\\/08\\\/16\\\/o-bng-denuncia-o-atraso-deliberado-por-parte-do-goberno-local-na-achegada-informacion-solicitada-sobre-o-saneamento\\\/\"},\"wordCount\":436,\"commentCount\":0,\"publisher\":{\"@id\":\"https:\\\/\\\/www.anovapeneira.gal\\\/#organization\"},\"image\":{\"@id\":\"https:\\\/\\\/www.anovapeneira.gal\\\/index.php\\\/2024\\\/08\\\/16\\\/o-bng-denuncia-o-atraso-deliberado-por-parte-do-goberno-local-na-achegada-informacion-solicitada-sobre-o-saneamento\\\/#primaryimage\"},\"thumbnailUrl\":\"https:\\\/\\\/www.anovapeneira.gal\\\/wp-content\\\/uploads\\\/2022\\\/09\\\/bng_logo_2.jpg\",\"keywords\":[\"Concello de Gondomar\"],\"articleSection\":[\"Val Mi\u00f1or\"],\"inLanguage\":\"gl-ES\",\"potentialAction\":[{\"@type\":\"CommentAction\",\"name\":\"Comment\",\"target\":[\"https:\\\/\\\/www.anovapeneira.gal\\\/index.php\\\/2024\\\/08\\\/16\\\/o-bng-denuncia-o-atraso-deliberado-por-parte-do-goberno-local-na-achegada-informacion-solicitada-sobre-o-saneamento\\\/#respond\"]}]},{\"@type\":\"WebPage\",\"@id\":\"https:\\\/\\\/www.anovapeneira.gal\\\/index.php\\\/2024\\\/08\\\/16\\\/o-bng-denuncia-o-atraso-deliberado-por-parte-do-goberno-local-na-achegada-informacion-solicitada-sobre-o-saneamento\\\/\",\"url\":\"https:\\\/\\\/www.anovapeneira.gal\\\/index.php\\\/2024\\\/08\\\/16\\\/o-bng-denuncia-o-atraso-deliberado-por-parte-do-goberno-local-na-achegada-informacion-solicitada-sobre-o-saneamento\\\/\",\"name\":\"O BNG denuncia o atraso deliberado por parte do goberno local na achegada informaci\u00f3n solicitada sobre o saneamento -\",\"isPartOf\":{\"@id\":\"https:\\\/\\\/www.anovapeneira.gal\\\/#website\"},\"primaryImageOfPage\":{\"@id\":\"https:\\\/\\\/www.anovapeneira.gal\\\/index.php\\\/2024\\\/08\\\/16\\\/o-bng-denuncia-o-atraso-deliberado-por-parte-do-goberno-local-na-achegada-informacion-solicitada-sobre-o-saneamento\\\/#primaryimage\"},\"image\":{\"@id\":\"https:\\\/\\\/www.anovapeneira.gal\\\/index.php\\\/2024\\\/08\\\/16\\\/o-bng-denuncia-o-atraso-deliberado-por-parte-do-goberno-local-na-achegada-informacion-solicitada-sobre-o-saneamento\\\/#primaryimage\"},\"thumbnailUrl\":\"https:\\\/\\\/www.anovapeneira.gal\\\/wp-content\\\/uploads\\\/2022\\\/09\\\/bng_logo_2.jpg\",\"datePublished\":\"2024-08-16T08:00:22+00:00\",\"breadcrumb\":{\"@id\":\"https:\\\/\\\/www.anovapeneira.gal\\\/index.php\\\/2024\\\/08\\\/16\\\/o-bng-denuncia-o-atraso-deliberado-por-parte-do-goberno-local-na-achegada-informacion-solicitada-sobre-o-saneamento\\\/#breadcrumb\"},\"inLanguage\":\"gl-ES\",\"potentialAction\":[{\"@type\":\"ReadAction\",\"target\":[\"https:\\\/\\\/www.anovapeneira.gal\\\/index.php\\\/2024\\\/08\\\/16\\\/o-bng-denuncia-o-atraso-deliberado-por-parte-do-goberno-local-na-achegada-informacion-solicitada-sobre-o-saneamento\\\/\"]}]},{\"@type\":\"ImageObject\",\"inLanguage\":\"gl-ES\",\"@id\":\"https:\\\/\\\/www.anovapeneira.gal\\\/index.php\\\/2024\\\/08\\\/16\\\/o-bng-denuncia-o-atraso-deliberado-por-parte-do-goberno-local-na-achegada-informacion-solicitada-sobre-o-saneamento\\\/#primaryimage\",\"url\":\"https:\\\/\\\/www.anovapeneira.gal\\\/wp-content\\\/uploads\\\/2022\\\/09\\\/bng_logo_2.jpg\",\"contentUrl\":\"https:\\\/\\\/www.anovapeneira.gal\\\/wp-content\\\/uploads\\\/2022\\\/09\\\/bng_logo_2.jpg\",\"width\":720,\"height\":432,\"caption\":\"Logotipo BNG\"},{\"@type\":\"BreadcrumbList\",\"@id\":\"https:\\\/\\\/www.anovapeneira.gal\\\/index.php\\\/2024\\\/08\\\/16\\\/o-bng-denuncia-o-atraso-deliberado-por-parte-do-goberno-local-na-achegada-informacion-solicitada-sobre-o-saneamento\\\/#breadcrumb\",\"itemListElement\":[{\"@type\":\"ListItem\",\"position\":1,\"name\":\"Portada\",\"item\":\"https:\\\/\\\/www.anovapeneira.gal\\\/\"},{\"@type\":\"ListItem\",\"position\":2,\"name\":\"O BNG denuncia o atraso deliberado por parte do goberno local na achegada informaci\u00f3n solicitada sobre o saneamento\"}]},{\"@type\":\"WebSite\",\"@id\":\"https:\\\/\\\/www.anovapeneira.gal\\\/#website\",\"url\":\"https:\\\/\\\/www.anovapeneira.gal\\\/\",\"name\":\"\",\"description\":\"Xornal galego de informaci\u00f3n xeral Publicaci\u00f3n mensual de novas de Galicia e en especial dos Concellos da sur da provincia de Pontevedra.\",\"publisher\":{\"@id\":\"https:\\\/\\\/www.anovapeneira.gal\\\/#organization\"},\"potentialAction\":[{\"@type\":\"SearchAction\",\"target\":{\"@type\":\"EntryPoint\",\"urlTemplate\":\"https:\\\/\\\/www.anovapeneira.gal\\\/?s={search_term_string}\"},\"query-input\":{\"@type\":\"PropertyValueSpecification\",\"valueRequired\":true,\"valueName\":\"search_term_string\"}}],\"inLanguage\":\"gl-ES\"},{\"@type\":\"Organization\",\"@id\":\"https:\\\/\\\/www.anovapeneira.gal\\\/#organization\",\"name\":\"A Nova Peneira\",\"url\":\"https:\\\/\\\/www.anovapeneira.gal\\\/\",\"logo\":{\"@type\":\"ImageObject\",\"inLanguage\":\"gl-ES\",\"@id\":\"https:\\\/\\\/www.anovapeneira.gal\\\/#\\\/schema\\\/logo\\\/image\\\/\",\"url\":\"http:\\\/\\\/www.anovapeneira.gal\\\/wp-content\\\/uploads\\\/2019\\\/06\\\/logo_a_nova_peneira_portal_web.png\",\"contentUrl\":\"http:\\\/\\\/www.anovapeneira.gal\\\/wp-content\\\/uploads\\\/2019\\\/06\\\/logo_a_nova_peneira_portal_web.png\",\"width\":300,\"height\":100,\"caption\":\"A Nova Peneira\"},\"image\":{\"@id\":\"https:\\\/\\\/www.anovapeneira.gal\\\/#\\\/schema\\\/logo\\\/image\\\/\"},\"sameAs\":[\"https:\\\/\\\/www.facebook.com\\\/anovapeneira\",\"https:\\\/\\\/x.com\\\/APeneira\"]},{\"@type\":\"Person\",\"@id\":\"https:\\\/\\\/www.anovapeneira.gal\\\/#\\\/schema\\\/person\\\/b93e3f8932e3f8da96334607eb6ac6aa\",\"name\":\"Redacci\u00f3n A Nova Peneira\",\"image\":{\"@type\":\"ImageObject\",\"inLanguage\":\"gl-ES\",\"@id\":\"https:\\\/\\\/secure.gravatar.com\\\/avatar\\\/c052a2551a06e23fac63626232eaa90abd78dbcf1700fc46a2b2c89fd27b735f?s=96&d=mm&r=g\",\"url\":\"https:\\\/\\\/secure.gravatar.com\\\/avatar\\\/c052a2551a06e23fac63626232eaa90abd78dbcf1700fc46a2b2c89fd27b735f?s=96&d=mm&r=g\",\"contentUrl\":\"https:\\\/\\\/secure.gravatar.com\\\/avatar\\\/c052a2551a06e23fac63626232eaa90abd78dbcf1700fc46a2b2c89fd27b735f?s=96&d=mm&r=g\",\"caption\":\"Redacci\u00f3n A Nova Peneira\"},\"sameAs\":[\"http:\\\/\\\/www.anovapeneira.gal\\\/\"],\"url\":\"https:\\\/\\\/www.anovapeneira.gal\\\/index.php\\\/author\\\/redactor\\\/\"}]}<\/script>\n<!-- \/ Yoast SEO plugin. -->","yoast_head_json":{"title":"O BNG denuncia o atraso deliberado por parte do goberno local na achegada informaci\u00f3n solicitada sobre o saneamento -","robots":{"index":"index","follow":"follow","max-snippet":"max-snippet:-1","max-image-preview":"max-image-preview:large","max-video-preview":"max-video-preview:-1"},"canonical":"https:\/\/www.anovapeneira.gal\/index.php\/2024\/08\/16\/o-bng-denuncia-o-atraso-deliberado-por-parte-do-goberno-local-na-achegada-informacion-solicitada-sobre-o-saneamento\/","og_locale":"gl_ES","og_type":"article","og_title":"O BNG denuncia o atraso deliberado por parte do goberno local na achegada informaci\u00f3n solicitada sobre o saneamento -","og_description":"\u201cHai un mes que pedimos datos sobre o n\u00famero total de vivendas con esen saneamento e contestan dicindo que te\u00f1en \u2018dificultade derecompilaci\u00f3n\u2019. \u00c9 a mesma solicitude que realizaramos en 2021 ea\u00ednda estamos agardando.\u201d [...]","og_url":"https:\/\/www.anovapeneira.gal\/index.php\/2024\/08\/16\/o-bng-denuncia-o-atraso-deliberado-por-parte-do-goberno-local-na-achegada-informacion-solicitada-sobre-o-saneamento\/","article_publisher":"https:\/\/www.facebook.com\/anovapeneira","article_published_time":"2024-08-16T08:00:22+00:00","og_image":[{"width":720,"height":432,"url":"https:\/\/www.anovapeneira.gal\/wp-content\/uploads\/2022\/09\/bng_logo_2.jpg","type":"image\/jpeg"}],"author":"Redacci\u00f3n A Nova Peneira","twitter_card":"summary_large_image","twitter_creator":"@APeneira","twitter_site":"@APeneira","twitter_misc":{"Escrito por":"Redacci\u00f3n A Nova Peneira","Tempo de lectura":"3 minutos"},"schema":{"@context":"https:\/\/schema.org","@graph":[{"@type":"Article","@id":"https:\/\/www.anovapeneira.gal\/index.php\/2024\/08\/16\/o-bng-denuncia-o-atraso-deliberado-por-parte-do-goberno-local-na-achegada-informacion-solicitada-sobre-o-saneamento\/#article","isPartOf":{"@id":"https:\/\/www.anovapeneira.gal\/index.php\/2024\/08\/16\/o-bng-denuncia-o-atraso-deliberado-por-parte-do-goberno-local-na-achegada-informacion-solicitada-sobre-o-saneamento\/"},"author":{"name":"Redacci\u00f3n A Nova Peneira","@id":"https:\/\/www.anovapeneira.gal\/#\/schema\/person\/b93e3f8932e3f8da96334607eb6ac6aa"},"headline":"O BNG denuncia o atraso deliberado por parte do goberno local na achegada informaci\u00f3n solicitada sobre o saneamento","datePublished":"2024-08-16T08:00:22+00:00","mainEntityOfPage":{"@id":"https:\/\/www.anovapeneira.gal\/index.php\/2024\/08\/16\/o-bng-denuncia-o-atraso-deliberado-por-parte-do-goberno-local-na-achegada-informacion-solicitada-sobre-o-saneamento\/"},"wordCount":436,"commentCount":0,"publisher":{"@id":"https:\/\/www.anovapeneira.gal\/#organization"},"image":{"@id":"https:\/\/www.anovapeneira.gal\/index.php\/2024\/08\/16\/o-bng-denuncia-o-atraso-deliberado-por-parte-do-goberno-local-na-achegada-informacion-solicitada-sobre-o-saneamento\/#primaryimage"},"thumbnailUrl":"https:\/\/www.anovapeneira.gal\/wp-content\/uploads\/2022\/09\/bng_logo_2.jpg","keywords":["Concello de Gondomar"],"articleSection":["Val Mi\u00f1or"],"inLanguage":"gl-ES","potentialAction":[{"@type":"CommentAction","name":"Comment","target":["https:\/\/www.anovapeneira.gal\/index.php\/2024\/08\/16\/o-bng-denuncia-o-atraso-deliberado-por-parte-do-goberno-local-na-achegada-informacion-solicitada-sobre-o-saneamento\/#respond"]}]},{"@type":"WebPage","@id":"https:\/\/www.anovapeneira.gal\/index.php\/2024\/08\/16\/o-bng-denuncia-o-atraso-deliberado-por-parte-do-goberno-local-na-achegada-informacion-solicitada-sobre-o-saneamento\/","url":"https:\/\/www.anovapeneira.gal\/index.php\/2024\/08\/16\/o-bng-denuncia-o-atraso-deliberado-por-parte-do-goberno-local-na-achegada-informacion-solicitada-sobre-o-saneamento\/","name":"O BNG denuncia o atraso deliberado por parte do goberno local na achegada informaci\u00f3n solicitada sobre o saneamento -","isPartOf":{"@id":"https:\/\/www.anovapeneira.gal\/#website"},"primaryImageOfPage":{"@id":"https:\/\/www.anovapeneira.gal\/index.php\/2024\/08\/16\/o-bng-denuncia-o-atraso-deliberado-por-parte-do-goberno-local-na-achegada-informacion-solicitada-sobre-o-saneamento\/#primaryimage"},"image":{"@id":"https:\/\/www.anovapeneira.gal\/index.php\/2024\/08\/16\/o-bng-denuncia-o-atraso-deliberado-por-parte-do-goberno-local-na-achegada-informacion-solicitada-sobre-o-saneamento\/#primaryimage"},"thumbnailUrl":"https:\/\/www.anovapeneira.gal\/wp-content\/uploads\/2022\/09\/bng_logo_2.jpg","datePublished":"2024-08-16T08:00:22+00:00","breadcrumb":{"@id":"https:\/\/www.anovapeneira.gal\/index.php\/2024\/08\/16\/o-bng-denuncia-o-atraso-deliberado-por-parte-do-goberno-local-na-achegada-informacion-solicitada-sobre-o-saneamento\/#breadcrumb"},"inLanguage":"gl-ES","potentialAction":[{"@type":"ReadAction","target":["https:\/\/www.anovapeneira.gal\/index.php\/2024\/08\/16\/o-bng-denuncia-o-atraso-deliberado-por-parte-do-goberno-local-na-achegada-informacion-solicitada-sobre-o-saneamento\/"]}]},{"@type":"ImageObject","inLanguage":"gl-ES","@id":"https:\/\/www.anovapeneira.gal\/index.php\/2024\/08\/16\/o-bng-denuncia-o-atraso-deliberado-por-parte-do-goberno-local-na-achegada-informacion-solicitada-sobre-o-saneamento\/#primaryimage","url":"https:\/\/www.anovapeneira.gal\/wp-content\/uploads\/2022\/09\/bng_logo_2.jpg","contentUrl":"https:\/\/www.anovapeneira.gal\/wp-content\/uploads\/2022\/09\/bng_logo_2.jpg","width":720,"height":432,"caption":"Logotipo BNG"},{"@type":"BreadcrumbList","@id":"https:\/\/www.anovapeneira.gal\/index.php\/2024\/08\/16\/o-bng-denuncia-o-atraso-deliberado-por-parte-do-goberno-local-na-achegada-informacion-solicitada-sobre-o-saneamento\/#breadcrumb","itemListElement":[{"@type":"ListItem","position":1,"name":"Portada","item":"https:\/\/www.anovapeneira.gal\/"},{"@type":"ListItem","position":2,"name":"O BNG denuncia o atraso deliberado por parte do goberno local na achegada informaci\u00f3n solicitada sobre o saneamento"}]},{"@type":"WebSite","@id":"https:\/\/www.anovapeneira.gal\/#website","url":"https:\/\/www.anovapeneira.gal\/","name":"","description":"Xornal galego de informaci\u00f3n xeral Publicaci\u00f3n mensual de novas de Galicia e en especial dos Concellos da sur da provincia de Pontevedra.","publisher":{"@id":"https:\/\/www.anovapeneira.gal\/#organization"},"potentialAction":[{"@type":"SearchAction","target":{"@type":"EntryPoint","urlTemplate":"https:\/\/www.anovapeneira.gal\/?s={search_term_string}"},"query-input":{"@type":"PropertyValueSpecification","valueRequired":true,"valueName":"search_term_string"}}],"inLanguage":"gl-ES"},{"@type":"Organization","@id":"https:\/\/www.anovapeneira.gal\/#organization","name":"A Nova Peneira","url":"https:\/\/www.anovapeneira.gal\/","logo":{"@type":"ImageObject","inLanguage":"gl-ES","@id":"https:\/\/www.anovapeneira.gal\/#\/schema\/logo\/image\/","url":"http:\/\/www.anovapeneira.gal\/wp-content\/uploads\/2019\/06\/logo_a_nova_peneira_portal_web.png","contentUrl":"http:\/\/www.anovapeneira.gal\/wp-content\/uploads\/2019\/06\/logo_a_nova_peneira_portal_web.png","width":300,"height":100,"caption":"A Nova Peneira"},"image":{"@id":"https:\/\/www.anovapeneira.gal\/#\/schema\/logo\/image\/"},"sameAs":["https:\/\/www.facebook.com\/anovapeneira","https:\/\/x.com\/APeneira"]},{"@type":"Person","@id":"https:\/\/www.anovapeneira.gal\/#\/schema\/person\/b93e3f8932e3f8da96334607eb6ac6aa","name":"Redacci\u00f3n A Nova Peneira","image":{"@type":"ImageObject","inLanguage":"gl-ES","@id":"https:\/\/secure.gravatar.com\/avatar\/c052a2551a06e23fac63626232eaa90abd78dbcf1700fc46a2b2c89fd27b735f?s=96&d=mm&r=g","url":"https:\/\/secure.gravatar.com\/avatar\/c052a2551a06e23fac63626232eaa90abd78dbcf1700fc46a2b2c89fd27b735f?s=96&d=mm&r=g","contentUrl":"https:\/\/secure.gravatar.com\/avatar\/c052a2551a06e23fac63626232eaa90abd78dbcf1700fc46a2b2c89fd27b735f?s=96&d=mm&r=g","caption":"Redacci\u00f3n A Nova Peneira"},"sameAs":["http:\/\/www.anovapeneira.gal\/"],"url":"https:\/\/www.anovapeneira.gal\/index.php\/author\/redactor\/"}]}},"jetpack_featured_media_url":"https:\/\/www.anovapeneira.gal\/wp-content\/uploads\/2022\/09\/bng_logo_2.jpg","_links":{"self":[{"href":"https:\/\/www.anovapeneira.gal\/index.php\/wp-json\/wp\/v2\/posts\/12243","targetHints":{"allow":["GET"]}}],"collection":[{"href":"https:\/\/www.anovapeneira.gal\/index.php\/wp-json\/wp\/v2\/posts"}],"about":[{"href":"https:\/\/www.anovapeneira.gal\/index.php\/wp-json\/wp\/v2\/types\/post"}],"author":[{"embeddable":true,"href":"https:\/\/www.anovapeneira.gal\/index.php\/wp-json\/wp\/v2\/users\/3"}],"replies":[{"embeddable":true,"href":"https:\/\/www.anovapeneira.gal\/index.php\/wp-json\/wp\/v2\/comments?post=12243"}],"version-history":[{"count":1,"href":"https:\/\/www.anovapeneira.gal\/index.php\/wp-json\/wp\/v2\/posts\/12243\/revisions"}],"predecessor-version":[{"id":12244,"href":"https:\/\/www.anovapeneira.gal\/index.php\/wp-json\/wp\/v2\/posts\/12243\/revisions\/12244"}],"wp:featuredmedia":[{"embeddable":true,"href":"https:\/\/www.anovapeneira.gal\/index.php\/wp-json\/wp\/v2\/media\/8265"}],"wp:attachment":[{"href":"https:\/\/www.anovapeneira.gal\/index.php\/wp-json\/wp\/v2\/media?parent=12243"}],"wp:term":[{"taxonomy":"category","embeddable":true,"href":"https:\/\/www.anovapeneira.gal\/index.php\/wp-json\/wp\/v2\/categories?post=12243"},{"taxonomy":"post_tag","embeddable":true,"href":"https:\/\/www.anovapeneira.gal\/index.php\/wp-json\/wp\/v2\/tags?post=12243"}],"curies":[{"name":"wp","href":"https:\/\/api.w.org\/{rel}","templated":true}]}}