{"id":12250,"date":"2024-08-19T12:00:17","date_gmt":"2024-08-19T10:00:17","guid":{"rendered":"https:\/\/www.anovapeneira.gal\/?p=12250"},"modified":"2024-08-20T09:21:44","modified_gmt":"2024-08-20T07:21:44","slug":"xlv-festa-do-gaiteiro-de-soutelo-de-montes-berce-do-mestre-de-gaiteiros","status":"publish","type":"post","link":"https:\/\/www.anovapeneira.gal\/index.php\/2024\/08\/19\/xlv-festa-do-gaiteiro-de-soutelo-de-montes-berce-do-mestre-de-gaiteiros\/","title":{"rendered":"XLV Festa do Gaiteiro de Soutelo de Montes, berce do mestre de &#8220;gaiteiros&#8221;"},"content":{"rendered":"\n<p>O que nunca se imaxinou Avelino Cachafeiro, o art\u00edfice da gravaci\u00f3n da c\u00e9lebre \u201cMui\u00f1eira de Chantada\u201d cando foi nomeado o mellor gaiteiro de Galicia en 1924, que o seu nome ser\u00eda lembrado na s\u00faa vila natal tantos anos despois a trav\u00e9s dunha festa de gran relevancia. Soutelo de Montes, no concello de Forcarei, transf\u00f3rmase na capital da gaita coa celebraci\u00f3n da Festa do Gaiteiro, que re\u00fane arredor de 750 m\u00fasicos e atrae a espectadores e autoridades de toda Galicia e Portugal. Esta localidade do concello de Forcarei honra o seu afamado m\u00fasico desde 1979 coa Festa do Gaiteiro, declarada de Interese Tur\u00edstico Galego en 2010. Este festexo re\u00fane centos de m\u00fasicos cada ano, m\u00fasicos de toda Galicia, de comunidades veci\u00f1as galegas do exterior e do pa\u00eds veci\u00f1o Portugal, acoden \u00e1 vila ao son de gaitas, tambores e pandeiretas, enchendo a praza dos Gaiteiros con actuaci\u00f3ns musicais e bailes tradicionais. Cr\u00e9ase un ambiente \u00fanico de pertenza cultural que envolve a todos os presentes, mentres o recordo de Avelino Cachafeiro, un autodidacta que aprendeu a tocar os instrumentos do seu av\u00f3 e que, xunto cos seus irm\u00e1ns, chegou a actuar con \u00e9xito en Sudam\u00e9rica e nas Olimp\u00edadas de Amberes, fl\u00fae pola vila durante toda a xornada. Tras o preg\u00f3n, o momento central da festa \u00e9 a entrega das Medallas de Ouro do Gaiteiro, que reco\u00f1ecen o labor de persoas ou entidades en favor da festa, da cultura popular e doutros aspectos da comarca de Terra de Montes. Pola tarde, cel\u00e9brase o Concurso de Gaita e Tambor \u201cAvelino Cachafeiro\u201d, onde se destaca, a trav\u00e9s da calidade das interpretaci\u00f3ns das novas promesas, o prestixio que esta festa ten no mundo da gaita. Ademais, recentemente foi creada a figura dun embaixador anual da Festa do Gaiteiro, cuxo nomeamento real\u00edzase con moito protocolo e no que se lle entrega ao novo embaixador a faixa de gaiteiro.<\/p>\n\n\n\n<p>Avelino gravou en 1928 unha peza transcendental no repertorio tradicional, a Mui\u00f1eira de Chantada, e levouna polo mundo cos seus irm\u00e1ns m\u00fasicos. A orixe da festa rem\u00f3ntase aos encontros que organizaba co alumnado do grupo de gaitas da comarca de Tabeir\u00f3s-Terra de Montes. As gaitas, tambores e pandeiretas inundan a localidade de m\u00fasica e bailes tradicionais, todo un espect\u00e1culo sensorial para o o\u00eddo e para a vista.<\/p>\n\n\n\n<p>A festa comeza co preg\u00f3n e a ofrenda floral para honrar o recordo de Avelino Cachafeiro, o prodixioso autodidacta. A figura de pregoeira ou pregoeiro \u00e9 de grande importancia, xa que se selecciona tendo en conta a aquelas persoas que po\u00f1an en valor e contrib\u00faan a condecorar a memoria do que foi o mellor gaiteiro de Galicia.<\/p>\n\n\n\n<div class=\"wp-block-columns is-layout-flex wp-container-core-columns-is-layout-9d6595d7 wp-block-columns-is-layout-flex\">\n<div class=\"wp-block-column is-layout-flow wp-block-column-is-layout-flow\"><div class=\"wp-block-image\">\n<figure class=\"aligncenter size-full is-resized\"><img loading=\"lazy\" decoding=\"async\" width=\"220\" height=\"256\" src=\"https:\/\/www.anovapeneira.gal\/wp-content\/uploads\/2024\/08\/Avelino_Cachafeiro.png\" alt=\"\" class=\"wp-image-12252\" style=\"width:248px;height:auto\"\/><\/figure>\n<\/div><\/div>\n\n\n\n<div class=\"wp-block-column is-layout-flow wp-block-column-is-layout-flow\">\n<p>A sesi\u00f3n verm\u00fa e a comida popular na carballeira do parque Venezuela son alg\u00fans dos actos festivos. Despois l\u00e9vase a cabo unha ruada popular multitudinaria que congrega m\u00fasicos e persoas afeccionadas. A festa concl\u00fae cunha actuaci\u00f3n de m\u00fasica e baile tradicional. As\u00ed, a Festa do Gaiteiro, conv\u00e9rtese nunha cita indispensable en Soutelo de Montes para enxalzar a nosa cultura e a nosa tradici\u00f3n.<\/p>\n<\/div>\n<\/div>\n\n\n\n<p>Este ano 2024 a celebraci\u00f3n \u00e9 especial pois conmemora o centenario de cando Avelino foi nomeado mellor gaiteiro de Galicia en Santiago e celebrarase o vindeiro s\u00e1bado 31 de agosto. Por este edici\u00f3n especial contaremos con algunha novidade e ser\u00e1 a Banda de Gaitas de Forcarei a encargada de dar o pistoletazo de sa\u00edda \u00e1 festa \u00e1s 12 do mediod\u00eda. \u00c1s 12:30 est\u00e1 prevista a recepci\u00f3n de autoridades \u00e1 Praza dos gaiteiros para participar no acto na honra de Avelino sobre \u00e1s 13:00h con d\u00faas mulleres como protagonistas. Ser\u00e1 a alcaldesa, Ver\u00f3nica Pichel, a encargada de dar a benvida para posteriormente escoitar o preg\u00f3n, este ano a cargo de Rosario \u00c1lvarez, presidenta do Consello da Cultura Galega. Acompa\u00f1\u00e1ndoas estar\u00e1 o m\u00fasico e divulgador da figura de Cachafeiro, Rub\u00e9n Troiti\u00f1o. De seguido os Gaiteiros de Forcarei ser\u00e1n os encargados de interpretar o Himno Galego e farase a ofrenda floral aos pes do Monumento ao Gaiteiro. Ser\u00e1 a Mui\u00f1eira de Chantada a encargada de soar para rematar o acto.<\/p>\n\n\n\n<p>As 14:00 h arrincar\u00e1 o tradicional almorzo popular na carballeira do parque Venezuela, as veci\u00f1as, veci\u00f1os e visitantes que queiran asistir poden facer reserva de mesas no n\u00famero 986755036.<\/p>\n\n\n\n<p>Xa pola tarde, despois do xantar, ao redor das 17:00 horas estar\u00e1 o cuarteto de Cangas Mediarea amenizando a sobremesa. Como novidade por este centenario, \u00e1s 19:00H haber\u00e1 unha m\u00e1ster class de baile galego impartida por Xandre Outeiro, unha clase intensiva para todas as perdoas de todas as idades poidan aprender o baile da Mui\u00f1eira de Chantada.<\/p>\n\n\n\n<p>\u00c1s 22:00H chegar\u00e1 o concerto de Cantiga\u00e9verso na Praza dos Gaiteiros, un espect\u00e1culo po\u00e9tico e musical a cargo do escritor, editor e m\u00fasico Francisco castro e do m\u00fasico e produtor Federico Welicki. Estes espect\u00e1culo prop\u00f3n unha viaxe por poemas feitos de versi\u00f3ns de m\u00fasicos galegos e as canci\u00f3ns m\u00e1is populares da m\u00fasica tradicional.<\/p>\n\n\n\n<p>Convidamos \u00e1s nosas lectoras e lectores a que se animen a pasar por estas fermosas terras do interior da provincia para gozar un fermoso d\u00eda con m\u00fasica e comida tradicional galega.<\/p>\n","protected":false},"excerpt":{"rendered":"<div class=\"mh-excerpt\"><p>O que nunca se imaxinou Avelino Cachafeiro, o art\u00edfice da gravaci\u00f3n da c\u00e9lebre \u201cMui\u00f1eira de Chantada\u201d cando foi nomeado o mellor gaiteiro de Galicia en 1924, que o seu nome ser\u00eda lembrado na s\u00faa vila natal tantos anos despois a trav\u00e9s dunha festa de gran relevancia <a class=\"mh-excerpt-more\" href=\"https:\/\/www.anovapeneira.gal\/index.php\/2024\/08\/19\/xlv-festa-do-gaiteiro-de-soutelo-de-montes-berce-do-mestre-de-gaiteiros\/\" title=\"XLV Festa do Gaiteiro de Soutelo de Montes, berce do mestre de &#8220;gaiteiros&#8221;\">[&#8230;]<\/a><\/p>\n<\/div>","protected":false},"author":3,"featured_media":12251,"comment_status":"open","ping_status":"open","sticky":false,"template":"","format":"standard","meta":{"_exactmetrics_skip_tracking":false,"_exactmetrics_sitenote_active":false,"_exactmetrics_sitenote_note":"","_exactmetrics_sitenote_category":0,"footnotes":""},"categories":[26],"tags":[1188],"class_list":{"0":"post-12250","1":"post","2":"type-post","3":"status-publish","4":"format-standard","5":"has-post-thumbnail","7":"category-pontevedra","8":"tag-concello-de-forcarei"},"yoast_head":"<!-- This site is optimized with the Yoast SEO plugin v27.4 - https:\/\/yoast.com\/product\/yoast-seo-wordpress\/ -->\n<title>XLV Festa do Gaiteiro de Soutelo de Montes, berce do mestre de &quot;gaiteiros&quot; -<\/title>\n<meta name=\"robots\" content=\"index, follow, max-snippet:-1, max-image-preview:large, max-video-preview:-1\" \/>\n<link rel=\"canonical\" href=\"https:\/\/www.anovapeneira.gal\/index.php\/2024\/08\/19\/xlv-festa-do-gaiteiro-de-soutelo-de-montes-berce-do-mestre-de-gaiteiros\/\" \/>\n<meta property=\"og:locale\" content=\"gl_ES\" \/>\n<meta property=\"og:type\" content=\"article\" \/>\n<meta property=\"og:title\" content=\"XLV Festa do Gaiteiro de Soutelo de Montes, berce do mestre de &quot;gaiteiros&quot; -\" \/>\n<meta property=\"og:description\" content=\"O que nunca se imaxinou Avelino Cachafeiro, o art\u00edfice da gravaci\u00f3n da c\u00e9lebre \u201cMui\u00f1eira de Chantada\u201d cando foi nomeado o mellor gaiteiro de Galicia en 1924, que o seu nome ser\u00eda lembrado na s\u00faa vila natal tantos anos despois a trav\u00e9s dunha festa de gran relevancia [...]\" \/>\n<meta property=\"og:url\" content=\"https:\/\/www.anovapeneira.gal\/index.php\/2024\/08\/19\/xlv-festa-do-gaiteiro-de-soutelo-de-montes-berce-do-mestre-de-gaiteiros\/\" \/>\n<meta property=\"article:publisher\" content=\"https:\/\/www.facebook.com\/anovapeneira\" \/>\n<meta property=\"article:published_time\" content=\"2024-08-19T10:00:17+00:00\" \/>\n<meta property=\"article:modified_time\" content=\"2024-08-20T07:21:44+00:00\" \/>\n<meta property=\"og:image\" content=\"https:\/\/www.anovapeneira.gal\/wp-content\/uploads\/2024\/08\/Avelino_Cachafeiro_2.png\" \/>\n\t<meta property=\"og:image:width\" content=\"720\" \/>\n\t<meta property=\"og:image:height\" content=\"432\" \/>\n\t<meta property=\"og:image:type\" content=\"image\/png\" \/>\n<meta name=\"author\" content=\"Redacci\u00f3n A Nova Peneira\" \/>\n<meta name=\"twitter:card\" content=\"summary_large_image\" \/>\n<meta name=\"twitter:creator\" content=\"@APeneira\" \/>\n<meta name=\"twitter:site\" content=\"@APeneira\" \/>\n<meta name=\"twitter:label1\" content=\"Escrito por\" \/>\n\t<meta name=\"twitter:data1\" content=\"Redacci\u00f3n A Nova Peneira\" \/>\n\t<meta name=\"twitter:label2\" content=\"Tempo de lectura\" \/>\n\t<meta name=\"twitter:data2\" content=\"5 minutos\" \/>\n<script type=\"application\/ld+json\" class=\"yoast-schema-graph\">{\"@context\":\"https:\\\/\\\/schema.org\",\"@graph\":[{\"@type\":\"Article\",\"@id\":\"https:\\\/\\\/www.anovapeneira.gal\\\/index.php\\\/2024\\\/08\\\/19\\\/xlv-festa-do-gaiteiro-de-soutelo-de-montes-berce-do-mestre-de-gaiteiros\\\/#article\",\"isPartOf\":{\"@id\":\"https:\\\/\\\/www.anovapeneira.gal\\\/index.php\\\/2024\\\/08\\\/19\\\/xlv-festa-do-gaiteiro-de-soutelo-de-montes-berce-do-mestre-de-gaiteiros\\\/\"},\"author\":{\"name\":\"Redacci\u00f3n A Nova Peneira\",\"@id\":\"https:\\\/\\\/www.anovapeneira.gal\\\/#\\\/schema\\\/person\\\/b93e3f8932e3f8da96334607eb6ac6aa\"},\"headline\":\"XLV Festa do Gaiteiro de Soutelo de Montes, berce do mestre de &#8220;gaiteiros&#8221;\",\"datePublished\":\"2024-08-19T10:00:17+00:00\",\"dateModified\":\"2024-08-20T07:21:44+00:00\",\"mainEntityOfPage\":{\"@id\":\"https:\\\/\\\/www.anovapeneira.gal\\\/index.php\\\/2024\\\/08\\\/19\\\/xlv-festa-do-gaiteiro-de-soutelo-de-montes-berce-do-mestre-de-gaiteiros\\\/\"},\"wordCount\":914,\"commentCount\":0,\"publisher\":{\"@id\":\"https:\\\/\\\/www.anovapeneira.gal\\\/#organization\"},\"image\":{\"@id\":\"https:\\\/\\\/www.anovapeneira.gal\\\/index.php\\\/2024\\\/08\\\/19\\\/xlv-festa-do-gaiteiro-de-soutelo-de-montes-berce-do-mestre-de-gaiteiros\\\/#primaryimage\"},\"thumbnailUrl\":\"https:\\\/\\\/www.anovapeneira.gal\\\/wp-content\\\/uploads\\\/2024\\\/08\\\/Avelino_Cachafeiro_2.png\",\"keywords\":[\"Concello de Forcarei\"],\"articleSection\":[\"Pontevedra\"],\"inLanguage\":\"gl-ES\",\"potentialAction\":[{\"@type\":\"CommentAction\",\"name\":\"Comment\",\"target\":[\"https:\\\/\\\/www.anovapeneira.gal\\\/index.php\\\/2024\\\/08\\\/19\\\/xlv-festa-do-gaiteiro-de-soutelo-de-montes-berce-do-mestre-de-gaiteiros\\\/#respond\"]}]},{\"@type\":\"WebPage\",\"@id\":\"https:\\\/\\\/www.anovapeneira.gal\\\/index.php\\\/2024\\\/08\\\/19\\\/xlv-festa-do-gaiteiro-de-soutelo-de-montes-berce-do-mestre-de-gaiteiros\\\/\",\"url\":\"https:\\\/\\\/www.anovapeneira.gal\\\/index.php\\\/2024\\\/08\\\/19\\\/xlv-festa-do-gaiteiro-de-soutelo-de-montes-berce-do-mestre-de-gaiteiros\\\/\",\"name\":\"XLV Festa do Gaiteiro de Soutelo de Montes, berce do mestre de \\\"gaiteiros\\\" -\",\"isPartOf\":{\"@id\":\"https:\\\/\\\/www.anovapeneira.gal\\\/#website\"},\"primaryImageOfPage\":{\"@id\":\"https:\\\/\\\/www.anovapeneira.gal\\\/index.php\\\/2024\\\/08\\\/19\\\/xlv-festa-do-gaiteiro-de-soutelo-de-montes-berce-do-mestre-de-gaiteiros\\\/#primaryimage\"},\"image\":{\"@id\":\"https:\\\/\\\/www.anovapeneira.gal\\\/index.php\\\/2024\\\/08\\\/19\\\/xlv-festa-do-gaiteiro-de-soutelo-de-montes-berce-do-mestre-de-gaiteiros\\\/#primaryimage\"},\"thumbnailUrl\":\"https:\\\/\\\/www.anovapeneira.gal\\\/wp-content\\\/uploads\\\/2024\\\/08\\\/Avelino_Cachafeiro_2.png\",\"datePublished\":\"2024-08-19T10:00:17+00:00\",\"dateModified\":\"2024-08-20T07:21:44+00:00\",\"breadcrumb\":{\"@id\":\"https:\\\/\\\/www.anovapeneira.gal\\\/index.php\\\/2024\\\/08\\\/19\\\/xlv-festa-do-gaiteiro-de-soutelo-de-montes-berce-do-mestre-de-gaiteiros\\\/#breadcrumb\"},\"inLanguage\":\"gl-ES\",\"potentialAction\":[{\"@type\":\"ReadAction\",\"target\":[\"https:\\\/\\\/www.anovapeneira.gal\\\/index.php\\\/2024\\\/08\\\/19\\\/xlv-festa-do-gaiteiro-de-soutelo-de-montes-berce-do-mestre-de-gaiteiros\\\/\"]}]},{\"@type\":\"ImageObject\",\"inLanguage\":\"gl-ES\",\"@id\":\"https:\\\/\\\/www.anovapeneira.gal\\\/index.php\\\/2024\\\/08\\\/19\\\/xlv-festa-do-gaiteiro-de-soutelo-de-montes-berce-do-mestre-de-gaiteiros\\\/#primaryimage\",\"url\":\"https:\\\/\\\/www.anovapeneira.gal\\\/wp-content\\\/uploads\\\/2024\\\/08\\\/Avelino_Cachafeiro_2.png\",\"contentUrl\":\"https:\\\/\\\/www.anovapeneira.gal\\\/wp-content\\\/uploads\\\/2024\\\/08\\\/Avelino_Cachafeiro_2.png\",\"width\":720,\"height\":432,\"caption\":\"Avelino Cachafeiro\"},{\"@type\":\"BreadcrumbList\",\"@id\":\"https:\\\/\\\/www.anovapeneira.gal\\\/index.php\\\/2024\\\/08\\\/19\\\/xlv-festa-do-gaiteiro-de-soutelo-de-montes-berce-do-mestre-de-gaiteiros\\\/#breadcrumb\",\"itemListElement\":[{\"@type\":\"ListItem\",\"position\":1,\"name\":\"Portada\",\"item\":\"https:\\\/\\\/www.anovapeneira.gal\\\/\"},{\"@type\":\"ListItem\",\"position\":2,\"name\":\"XLV Festa do Gaiteiro de Soutelo de Montes, berce do mestre de &#8220;gaiteiros&#8221;\"}]},{\"@type\":\"WebSite\",\"@id\":\"https:\\\/\\\/www.anovapeneira.gal\\\/#website\",\"url\":\"https:\\\/\\\/www.anovapeneira.gal\\\/\",\"name\":\"\",\"description\":\"Xornal galego de informaci\u00f3n xeral Publicaci\u00f3n mensual de novas de Galicia e en especial dos Concellos da sur da provincia de Pontevedra.\",\"publisher\":{\"@id\":\"https:\\\/\\\/www.anovapeneira.gal\\\/#organization\"},\"potentialAction\":[{\"@type\":\"SearchAction\",\"target\":{\"@type\":\"EntryPoint\",\"urlTemplate\":\"https:\\\/\\\/www.anovapeneira.gal\\\/?s={search_term_string}\"},\"query-input\":{\"@type\":\"PropertyValueSpecification\",\"valueRequired\":true,\"valueName\":\"search_term_string\"}}],\"inLanguage\":\"gl-ES\"},{\"@type\":\"Organization\",\"@id\":\"https:\\\/\\\/www.anovapeneira.gal\\\/#organization\",\"name\":\"A Nova Peneira\",\"url\":\"https:\\\/\\\/www.anovapeneira.gal\\\/\",\"logo\":{\"@type\":\"ImageObject\",\"inLanguage\":\"gl-ES\",\"@id\":\"https:\\\/\\\/www.anovapeneira.gal\\\/#\\\/schema\\\/logo\\\/image\\\/\",\"url\":\"http:\\\/\\\/www.anovapeneira.gal\\\/wp-content\\\/uploads\\\/2019\\\/06\\\/logo_a_nova_peneira_portal_web.png\",\"contentUrl\":\"http:\\\/\\\/www.anovapeneira.gal\\\/wp-content\\\/uploads\\\/2019\\\/06\\\/logo_a_nova_peneira_portal_web.png\",\"width\":300,\"height\":100,\"caption\":\"A Nova Peneira\"},\"image\":{\"@id\":\"https:\\\/\\\/www.anovapeneira.gal\\\/#\\\/schema\\\/logo\\\/image\\\/\"},\"sameAs\":[\"https:\\\/\\\/www.facebook.com\\\/anovapeneira\",\"https:\\\/\\\/x.com\\\/APeneira\"]},{\"@type\":\"Person\",\"@id\":\"https:\\\/\\\/www.anovapeneira.gal\\\/#\\\/schema\\\/person\\\/b93e3f8932e3f8da96334607eb6ac6aa\",\"name\":\"Redacci\u00f3n A Nova Peneira\",\"image\":{\"@type\":\"ImageObject\",\"inLanguage\":\"gl-ES\",\"@id\":\"https:\\\/\\\/secure.gravatar.com\\\/avatar\\\/c052a2551a06e23fac63626232eaa90abd78dbcf1700fc46a2b2c89fd27b735f?s=96&d=mm&r=g\",\"url\":\"https:\\\/\\\/secure.gravatar.com\\\/avatar\\\/c052a2551a06e23fac63626232eaa90abd78dbcf1700fc46a2b2c89fd27b735f?s=96&d=mm&r=g\",\"contentUrl\":\"https:\\\/\\\/secure.gravatar.com\\\/avatar\\\/c052a2551a06e23fac63626232eaa90abd78dbcf1700fc46a2b2c89fd27b735f?s=96&d=mm&r=g\",\"caption\":\"Redacci\u00f3n A Nova Peneira\"},\"sameAs\":[\"http:\\\/\\\/www.anovapeneira.gal\\\/\"],\"url\":\"https:\\\/\\\/www.anovapeneira.gal\\\/index.php\\\/author\\\/redactor\\\/\"}]}<\/script>\n<!-- \/ Yoast SEO plugin. -->","yoast_head_json":{"title":"XLV Festa do Gaiteiro de Soutelo de Montes, berce do mestre de \"gaiteiros\" -","robots":{"index":"index","follow":"follow","max-snippet":"max-snippet:-1","max-image-preview":"max-image-preview:large","max-video-preview":"max-video-preview:-1"},"canonical":"https:\/\/www.anovapeneira.gal\/index.php\/2024\/08\/19\/xlv-festa-do-gaiteiro-de-soutelo-de-montes-berce-do-mestre-de-gaiteiros\/","og_locale":"gl_ES","og_type":"article","og_title":"XLV Festa do Gaiteiro de Soutelo de Montes, berce do mestre de \"gaiteiros\" -","og_description":"O que nunca se imaxinou Avelino Cachafeiro, o art\u00edfice da gravaci\u00f3n da c\u00e9lebre \u201cMui\u00f1eira de Chantada\u201d cando foi nomeado o mellor gaiteiro de Galicia en 1924, que o seu nome ser\u00eda lembrado na s\u00faa vila natal tantos anos despois a trav\u00e9s dunha festa de gran relevancia [...]","og_url":"https:\/\/www.anovapeneira.gal\/index.php\/2024\/08\/19\/xlv-festa-do-gaiteiro-de-soutelo-de-montes-berce-do-mestre-de-gaiteiros\/","article_publisher":"https:\/\/www.facebook.com\/anovapeneira","article_published_time":"2024-08-19T10:00:17+00:00","article_modified_time":"2024-08-20T07:21:44+00:00","og_image":[{"width":720,"height":432,"url":"https:\/\/www.anovapeneira.gal\/wp-content\/uploads\/2024\/08\/Avelino_Cachafeiro_2.png","type":"image\/png"}],"author":"Redacci\u00f3n A Nova Peneira","twitter_card":"summary_large_image","twitter_creator":"@APeneira","twitter_site":"@APeneira","twitter_misc":{"Escrito por":"Redacci\u00f3n A Nova Peneira","Tempo de lectura":"5 minutos"},"schema":{"@context":"https:\/\/schema.org","@graph":[{"@type":"Article","@id":"https:\/\/www.anovapeneira.gal\/index.php\/2024\/08\/19\/xlv-festa-do-gaiteiro-de-soutelo-de-montes-berce-do-mestre-de-gaiteiros\/#article","isPartOf":{"@id":"https:\/\/www.anovapeneira.gal\/index.php\/2024\/08\/19\/xlv-festa-do-gaiteiro-de-soutelo-de-montes-berce-do-mestre-de-gaiteiros\/"},"author":{"name":"Redacci\u00f3n A Nova Peneira","@id":"https:\/\/www.anovapeneira.gal\/#\/schema\/person\/b93e3f8932e3f8da96334607eb6ac6aa"},"headline":"XLV Festa do Gaiteiro de Soutelo de Montes, berce do mestre de &#8220;gaiteiros&#8221;","datePublished":"2024-08-19T10:00:17+00:00","dateModified":"2024-08-20T07:21:44+00:00","mainEntityOfPage":{"@id":"https:\/\/www.anovapeneira.gal\/index.php\/2024\/08\/19\/xlv-festa-do-gaiteiro-de-soutelo-de-montes-berce-do-mestre-de-gaiteiros\/"},"wordCount":914,"commentCount":0,"publisher":{"@id":"https:\/\/www.anovapeneira.gal\/#organization"},"image":{"@id":"https:\/\/www.anovapeneira.gal\/index.php\/2024\/08\/19\/xlv-festa-do-gaiteiro-de-soutelo-de-montes-berce-do-mestre-de-gaiteiros\/#primaryimage"},"thumbnailUrl":"https:\/\/www.anovapeneira.gal\/wp-content\/uploads\/2024\/08\/Avelino_Cachafeiro_2.png","keywords":["Concello de Forcarei"],"articleSection":["Pontevedra"],"inLanguage":"gl-ES","potentialAction":[{"@type":"CommentAction","name":"Comment","target":["https:\/\/www.anovapeneira.gal\/index.php\/2024\/08\/19\/xlv-festa-do-gaiteiro-de-soutelo-de-montes-berce-do-mestre-de-gaiteiros\/#respond"]}]},{"@type":"WebPage","@id":"https:\/\/www.anovapeneira.gal\/index.php\/2024\/08\/19\/xlv-festa-do-gaiteiro-de-soutelo-de-montes-berce-do-mestre-de-gaiteiros\/","url":"https:\/\/www.anovapeneira.gal\/index.php\/2024\/08\/19\/xlv-festa-do-gaiteiro-de-soutelo-de-montes-berce-do-mestre-de-gaiteiros\/","name":"XLV Festa do Gaiteiro de Soutelo de Montes, berce do mestre de \"gaiteiros\" -","isPartOf":{"@id":"https:\/\/www.anovapeneira.gal\/#website"},"primaryImageOfPage":{"@id":"https:\/\/www.anovapeneira.gal\/index.php\/2024\/08\/19\/xlv-festa-do-gaiteiro-de-soutelo-de-montes-berce-do-mestre-de-gaiteiros\/#primaryimage"},"image":{"@id":"https:\/\/www.anovapeneira.gal\/index.php\/2024\/08\/19\/xlv-festa-do-gaiteiro-de-soutelo-de-montes-berce-do-mestre-de-gaiteiros\/#primaryimage"},"thumbnailUrl":"https:\/\/www.anovapeneira.gal\/wp-content\/uploads\/2024\/08\/Avelino_Cachafeiro_2.png","datePublished":"2024-08-19T10:00:17+00:00","dateModified":"2024-08-20T07:21:44+00:00","breadcrumb":{"@id":"https:\/\/www.anovapeneira.gal\/index.php\/2024\/08\/19\/xlv-festa-do-gaiteiro-de-soutelo-de-montes-berce-do-mestre-de-gaiteiros\/#breadcrumb"},"inLanguage":"gl-ES","potentialAction":[{"@type":"ReadAction","target":["https:\/\/www.anovapeneira.gal\/index.php\/2024\/08\/19\/xlv-festa-do-gaiteiro-de-soutelo-de-montes-berce-do-mestre-de-gaiteiros\/"]}]},{"@type":"ImageObject","inLanguage":"gl-ES","@id":"https:\/\/www.anovapeneira.gal\/index.php\/2024\/08\/19\/xlv-festa-do-gaiteiro-de-soutelo-de-montes-berce-do-mestre-de-gaiteiros\/#primaryimage","url":"https:\/\/www.anovapeneira.gal\/wp-content\/uploads\/2024\/08\/Avelino_Cachafeiro_2.png","contentUrl":"https:\/\/www.anovapeneira.gal\/wp-content\/uploads\/2024\/08\/Avelino_Cachafeiro_2.png","width":720,"height":432,"caption":"Avelino Cachafeiro"},{"@type":"BreadcrumbList","@id":"https:\/\/www.anovapeneira.gal\/index.php\/2024\/08\/19\/xlv-festa-do-gaiteiro-de-soutelo-de-montes-berce-do-mestre-de-gaiteiros\/#breadcrumb","itemListElement":[{"@type":"ListItem","position":1,"name":"Portada","item":"https:\/\/www.anovapeneira.gal\/"},{"@type":"ListItem","position":2,"name":"XLV Festa do Gaiteiro de Soutelo de Montes, berce do mestre de &#8220;gaiteiros&#8221;"}]},{"@type":"WebSite","@id":"https:\/\/www.anovapeneira.gal\/#website","url":"https:\/\/www.anovapeneira.gal\/","name":"","description":"Xornal galego de informaci\u00f3n xeral Publicaci\u00f3n mensual de novas de Galicia e en especial dos Concellos da sur da provincia de Pontevedra.","publisher":{"@id":"https:\/\/www.anovapeneira.gal\/#organization"},"potentialAction":[{"@type":"SearchAction","target":{"@type":"EntryPoint","urlTemplate":"https:\/\/www.anovapeneira.gal\/?s={search_term_string}"},"query-input":{"@type":"PropertyValueSpecification","valueRequired":true,"valueName":"search_term_string"}}],"inLanguage":"gl-ES"},{"@type":"Organization","@id":"https:\/\/www.anovapeneira.gal\/#organization","name":"A Nova Peneira","url":"https:\/\/www.anovapeneira.gal\/","logo":{"@type":"ImageObject","inLanguage":"gl-ES","@id":"https:\/\/www.anovapeneira.gal\/#\/schema\/logo\/image\/","url":"http:\/\/www.anovapeneira.gal\/wp-content\/uploads\/2019\/06\/logo_a_nova_peneira_portal_web.png","contentUrl":"http:\/\/www.anovapeneira.gal\/wp-content\/uploads\/2019\/06\/logo_a_nova_peneira_portal_web.png","width":300,"height":100,"caption":"A Nova Peneira"},"image":{"@id":"https:\/\/www.anovapeneira.gal\/#\/schema\/logo\/image\/"},"sameAs":["https:\/\/www.facebook.com\/anovapeneira","https:\/\/x.com\/APeneira"]},{"@type":"Person","@id":"https:\/\/www.anovapeneira.gal\/#\/schema\/person\/b93e3f8932e3f8da96334607eb6ac6aa","name":"Redacci\u00f3n A Nova Peneira","image":{"@type":"ImageObject","inLanguage":"gl-ES","@id":"https:\/\/secure.gravatar.com\/avatar\/c052a2551a06e23fac63626232eaa90abd78dbcf1700fc46a2b2c89fd27b735f?s=96&d=mm&r=g","url":"https:\/\/secure.gravatar.com\/avatar\/c052a2551a06e23fac63626232eaa90abd78dbcf1700fc46a2b2c89fd27b735f?s=96&d=mm&r=g","contentUrl":"https:\/\/secure.gravatar.com\/avatar\/c052a2551a06e23fac63626232eaa90abd78dbcf1700fc46a2b2c89fd27b735f?s=96&d=mm&r=g","caption":"Redacci\u00f3n A Nova Peneira"},"sameAs":["http:\/\/www.anovapeneira.gal\/"],"url":"https:\/\/www.anovapeneira.gal\/index.php\/author\/redactor\/"}]}},"jetpack_featured_media_url":"https:\/\/www.anovapeneira.gal\/wp-content\/uploads\/2024\/08\/Avelino_Cachafeiro_2.png","_links":{"self":[{"href":"https:\/\/www.anovapeneira.gal\/index.php\/wp-json\/wp\/v2\/posts\/12250","targetHints":{"allow":["GET"]}}],"collection":[{"href":"https:\/\/www.anovapeneira.gal\/index.php\/wp-json\/wp\/v2\/posts"}],"about":[{"href":"https:\/\/www.anovapeneira.gal\/index.php\/wp-json\/wp\/v2\/types\/post"}],"author":[{"embeddable":true,"href":"https:\/\/www.anovapeneira.gal\/index.php\/wp-json\/wp\/v2\/users\/3"}],"replies":[{"embeddable":true,"href":"https:\/\/www.anovapeneira.gal\/index.php\/wp-json\/wp\/v2\/comments?post=12250"}],"version-history":[{"count":2,"href":"https:\/\/www.anovapeneira.gal\/index.php\/wp-json\/wp\/v2\/posts\/12250\/revisions"}],"predecessor-version":[{"id":12285,"href":"https:\/\/www.anovapeneira.gal\/index.php\/wp-json\/wp\/v2\/posts\/12250\/revisions\/12285"}],"wp:featuredmedia":[{"embeddable":true,"href":"https:\/\/www.anovapeneira.gal\/index.php\/wp-json\/wp\/v2\/media\/12251"}],"wp:attachment":[{"href":"https:\/\/www.anovapeneira.gal\/index.php\/wp-json\/wp\/v2\/media?parent=12250"}],"wp:term":[{"taxonomy":"category","embeddable":true,"href":"https:\/\/www.anovapeneira.gal\/index.php\/wp-json\/wp\/v2\/categories?post=12250"},{"taxonomy":"post_tag","embeddable":true,"href":"https:\/\/www.anovapeneira.gal\/index.php\/wp-json\/wp\/v2\/tags?post=12250"}],"curies":[{"name":"wp","href":"https:\/\/api.w.org\/{rel}","templated":true}]}}