{"id":12258,"date":"2024-08-20T12:00:38","date_gmt":"2024-08-20T10:00:38","guid":{"rendered":"https:\/\/www.anovapeneira.gal\/?p=12258"},"modified":"2024-08-20T08:48:07","modified_gmt":"2024-08-20T06:48:07","slug":"o-bng-de-redondela-afirma-que-o-goberno-de-digna-rivas-cede-as-a-xestion-municipal-as-empresas","status":"publish","type":"post","link":"https:\/\/www.anovapeneira.gal\/index.php\/2024\/08\/20\/o-bng-de-redondela-afirma-que-o-goberno-de-digna-rivas-cede-as-a-xestion-municipal-as-empresas\/","title":{"rendered":"O BNG de Redondela afirma que o goberno de Digna Rivas cede \u00e1s a xesti\u00f3n municipal \u00e1s empresas"},"content":{"rendered":"\n<h2 class=\"wp-block-heading\"><em><strong>Xo\u00e1n Carlos Gonz\u00e1lez, \u201c<\/strong><\/em><em><strong>unha empresa realiza a limpeza de cami\u00f1os non garante que se realice un bo traballo\u201d.<\/strong><\/em><\/h2>\n\n\n\n<p>Dende a organizaci\u00f3n nacionalista seguen con preocupaci\u00f3n a contrataci\u00f3n dunha empresa polo goberno municipal para a limpeza viaria. Consideran que deste xeito desent\u00e9ndese das s\u00faas obrigas que a Lei lles outorga, \u201ccedendo \u00e1s empresas a xesti\u00f3n de servizos que deber\u00eda realizarse directamente dende o concello\u201d.<\/p>\n\n\n\n<p>Segundo expresan dende a formaci\u00f3n nacionalista, o goberno municipal de Redondela toma iniciativas para valeirar de funci\u00f3ns e responsabilidades as s\u00faas competenzas. Negan que a xesti\u00f3n a traverso de empresas privadas mellore os servizos e sexan m\u00e1is rend\u00edbeis econ\u00f3micamente.<\/p>\n\n\n\n<p>Pola s\u00faa banda o voceiro nacionalista Xo\u00e1n Carlos Gonz\u00e1lez expresa a s\u00faa preocupaci\u00f3n polo aumento do gasto en privatizaci\u00f3n de servizos do goberno de Digna Rivas. \u201cA limpeza de cami\u00f1os debe ser un servizo prestado directamente polo concello\u201d, afirma. \u201cO cumplimento do prego do contrato non garante que a concesionaria realice un bo traballo\u201d. Alerta que vai ser moi complicado poder exixir \u00e1 empresa un bo traballo. Dest\u00ednanse 900.000\u20ac en dous anos para crear somentes once postos de traballo, durante seis meses.<\/p>\n\n\n\n<p>O edil nacionalista amosa a s\u00faa estra\u00f1eza polo discurso contradictorio que emana do goberno municipal, onde por unha parte falan de falta de cartos e por outra conceden \u00e1s empresas inxentes cantidades do orzamento municipal para o seu negocio. \u201cS\u00f3 na contrataci\u00f3n da limpeza de cami\u00f1os, de praias e socorristas o concello gasta 600.000\u20ac anualmente\u201d.<\/p>\n\n\n\n<p>Para o voceiro do BNG, \u00e9 alarmante a continua privatizaci\u00f3n de servizos p\u00fablicos en Redondela \u201c. Considera \u201cil\u00f3xico\u201d que sustituiran \u00e1 encargada de v\u00edas e obras para realizar seguemento da limpeza dos cami\u00f1os municipais por un auxiliar administrativo. Xo\u00e1n Carlos Gonz\u00e1lez empraza \u00e1 alcaldesa Digna Rivas \u201ca retomar as s\u00faas competenzas sen ter que acudir \u00e1 contrataci\u00f3n de empresas alleas aos intereses dos veci\u00f1os e veci\u00f1as\u201d<\/p>\n","protected":false},"excerpt":{"rendered":"<div class=\"mh-excerpt\"><p>Xo\u00e1n Carlos Gonz\u00e1lez, \u201cunha empresa realiza a limpeza de cami\u00f1os non garante que se realice un bo traballo\u201d. <a class=\"mh-excerpt-more\" href=\"https:\/\/www.anovapeneira.gal\/index.php\/2024\/08\/20\/o-bng-de-redondela-afirma-que-o-goberno-de-digna-rivas-cede-as-a-xestion-municipal-as-empresas\/\" title=\"O BNG de Redondela afirma que o goberno de Digna Rivas cede \u00e1s a xesti\u00f3n municipal \u00e1s empresas\">[&#8230;]<\/a><\/p>\n<\/div>","protected":false},"author":3,"featured_media":9675,"comment_status":"open","ping_status":"open","sticky":false,"template":"","format":"standard","meta":{"_exactmetrics_skip_tracking":false,"_exactmetrics_sitenote_active":false,"_exactmetrics_sitenote_note":"","_exactmetrics_sitenote_category":0,"footnotes":""},"categories":[24],"tags":[171],"class_list":{"0":"post-12258","1":"post","2":"type-post","3":"status-publish","4":"format-standard","5":"has-post-thumbnail","7":"category-redondela","8":"tag-concello-de-redondela"},"yoast_head":"<!-- This site is optimized with the Yoast SEO plugin v27.4 - https:\/\/yoast.com\/product\/yoast-seo-wordpress\/ -->\n<title>O BNG de Redondela afirma que o goberno de Digna Rivas cede \u00e1s a xesti\u00f3n municipal \u00e1s empresas -<\/title>\n<meta name=\"robots\" content=\"index, follow, max-snippet:-1, max-image-preview:large, max-video-preview:-1\" \/>\n<link rel=\"canonical\" href=\"https:\/\/www.anovapeneira.gal\/index.php\/2024\/08\/20\/o-bng-de-redondela-afirma-que-o-goberno-de-digna-rivas-cede-as-a-xestion-municipal-as-empresas\/\" \/>\n<meta property=\"og:locale\" content=\"gl_ES\" \/>\n<meta property=\"og:type\" content=\"article\" \/>\n<meta property=\"og:title\" content=\"O BNG de Redondela afirma que o goberno de Digna Rivas cede \u00e1s a xesti\u00f3n municipal \u00e1s empresas -\" \/>\n<meta property=\"og:description\" content=\"Xo\u00e1n Carlos Gonz\u00e1lez, \u201cunha empresa realiza a limpeza de cami\u00f1os non garante que se realice un bo traballo\u201d. [...]\" \/>\n<meta property=\"og:url\" content=\"https:\/\/www.anovapeneira.gal\/index.php\/2024\/08\/20\/o-bng-de-redondela-afirma-que-o-goberno-de-digna-rivas-cede-as-a-xestion-municipal-as-empresas\/\" \/>\n<meta property=\"article:publisher\" content=\"https:\/\/www.facebook.com\/anovapeneira\" \/>\n<meta property=\"article:published_time\" content=\"2024-08-20T10:00:38+00:00\" \/>\n<meta property=\"og:image\" content=\"https:\/\/www.anovapeneira.gal\/wp-content\/uploads\/2023\/05\/bng_redondela.jpg\" \/>\n\t<meta property=\"og:image:width\" content=\"720\" \/>\n\t<meta property=\"og:image:height\" content=\"432\" \/>\n\t<meta property=\"og:image:type\" content=\"image\/jpeg\" \/>\n<meta name=\"author\" content=\"Redacci\u00f3n A Nova Peneira\" \/>\n<meta name=\"twitter:card\" content=\"summary_large_image\" \/>\n<meta name=\"twitter:creator\" content=\"@APeneira\" \/>\n<meta name=\"twitter:site\" content=\"@APeneira\" \/>\n<meta name=\"twitter:label1\" content=\"Escrito por\" \/>\n\t<meta name=\"twitter:data1\" content=\"Redacci\u00f3n A Nova Peneira\" \/>\n\t<meta name=\"twitter:label2\" content=\"Tempo de lectura\" \/>\n\t<meta name=\"twitter:data2\" content=\"2 minutos\" \/>\n<script type=\"application\/ld+json\" class=\"yoast-schema-graph\">{\"@context\":\"https:\\\/\\\/schema.org\",\"@graph\":[{\"@type\":\"Article\",\"@id\":\"https:\\\/\\\/www.anovapeneira.gal\\\/index.php\\\/2024\\\/08\\\/20\\\/o-bng-de-redondela-afirma-que-o-goberno-de-digna-rivas-cede-as-a-xestion-municipal-as-empresas\\\/#article\",\"isPartOf\":{\"@id\":\"https:\\\/\\\/www.anovapeneira.gal\\\/index.php\\\/2024\\\/08\\\/20\\\/o-bng-de-redondela-afirma-que-o-goberno-de-digna-rivas-cede-as-a-xestion-municipal-as-empresas\\\/\"},\"author\":{\"name\":\"Redacci\u00f3n A Nova Peneira\",\"@id\":\"https:\\\/\\\/www.anovapeneira.gal\\\/#\\\/schema\\\/person\\\/b93e3f8932e3f8da96334607eb6ac6aa\"},\"headline\":\"O BNG de Redondela afirma que o goberno de Digna Rivas cede \u00e1s a xesti\u00f3n municipal \u00e1s empresas\",\"datePublished\":\"2024-08-20T10:00:38+00:00\",\"mainEntityOfPage\":{\"@id\":\"https:\\\/\\\/www.anovapeneira.gal\\\/index.php\\\/2024\\\/08\\\/20\\\/o-bng-de-redondela-afirma-que-o-goberno-de-digna-rivas-cede-as-a-xestion-municipal-as-empresas\\\/\"},\"wordCount\":356,\"commentCount\":0,\"publisher\":{\"@id\":\"https:\\\/\\\/www.anovapeneira.gal\\\/#organization\"},\"image\":{\"@id\":\"https:\\\/\\\/www.anovapeneira.gal\\\/index.php\\\/2024\\\/08\\\/20\\\/o-bng-de-redondela-afirma-que-o-goberno-de-digna-rivas-cede-as-a-xestion-municipal-as-empresas\\\/#primaryimage\"},\"thumbnailUrl\":\"https:\\\/\\\/www.anovapeneira.gal\\\/wp-content\\\/uploads\\\/2023\\\/05\\\/bng_redondela.jpg\",\"keywords\":[\"Concello de Redondela\"],\"articleSection\":[\"Redondela\"],\"inLanguage\":\"gl-ES\",\"potentialAction\":[{\"@type\":\"CommentAction\",\"name\":\"Comment\",\"target\":[\"https:\\\/\\\/www.anovapeneira.gal\\\/index.php\\\/2024\\\/08\\\/20\\\/o-bng-de-redondela-afirma-que-o-goberno-de-digna-rivas-cede-as-a-xestion-municipal-as-empresas\\\/#respond\"]}]},{\"@type\":\"WebPage\",\"@id\":\"https:\\\/\\\/www.anovapeneira.gal\\\/index.php\\\/2024\\\/08\\\/20\\\/o-bng-de-redondela-afirma-que-o-goberno-de-digna-rivas-cede-as-a-xestion-municipal-as-empresas\\\/\",\"url\":\"https:\\\/\\\/www.anovapeneira.gal\\\/index.php\\\/2024\\\/08\\\/20\\\/o-bng-de-redondela-afirma-que-o-goberno-de-digna-rivas-cede-as-a-xestion-municipal-as-empresas\\\/\",\"name\":\"O BNG de Redondela afirma que o goberno de Digna Rivas cede \u00e1s a xesti\u00f3n municipal \u00e1s empresas -\",\"isPartOf\":{\"@id\":\"https:\\\/\\\/www.anovapeneira.gal\\\/#website\"},\"primaryImageOfPage\":{\"@id\":\"https:\\\/\\\/www.anovapeneira.gal\\\/index.php\\\/2024\\\/08\\\/20\\\/o-bng-de-redondela-afirma-que-o-goberno-de-digna-rivas-cede-as-a-xestion-municipal-as-empresas\\\/#primaryimage\"},\"image\":{\"@id\":\"https:\\\/\\\/www.anovapeneira.gal\\\/index.php\\\/2024\\\/08\\\/20\\\/o-bng-de-redondela-afirma-que-o-goberno-de-digna-rivas-cede-as-a-xestion-municipal-as-empresas\\\/#primaryimage\"},\"thumbnailUrl\":\"https:\\\/\\\/www.anovapeneira.gal\\\/wp-content\\\/uploads\\\/2023\\\/05\\\/bng_redondela.jpg\",\"datePublished\":\"2024-08-20T10:00:38+00:00\",\"breadcrumb\":{\"@id\":\"https:\\\/\\\/www.anovapeneira.gal\\\/index.php\\\/2024\\\/08\\\/20\\\/o-bng-de-redondela-afirma-que-o-goberno-de-digna-rivas-cede-as-a-xestion-municipal-as-empresas\\\/#breadcrumb\"},\"inLanguage\":\"gl-ES\",\"potentialAction\":[{\"@type\":\"ReadAction\",\"target\":[\"https:\\\/\\\/www.anovapeneira.gal\\\/index.php\\\/2024\\\/08\\\/20\\\/o-bng-de-redondela-afirma-que-o-goberno-de-digna-rivas-cede-as-a-xestion-municipal-as-empresas\\\/\"]}]},{\"@type\":\"ImageObject\",\"inLanguage\":\"gl-ES\",\"@id\":\"https:\\\/\\\/www.anovapeneira.gal\\\/index.php\\\/2024\\\/08\\\/20\\\/o-bng-de-redondela-afirma-que-o-goberno-de-digna-rivas-cede-as-a-xestion-municipal-as-empresas\\\/#primaryimage\",\"url\":\"https:\\\/\\\/www.anovapeneira.gal\\\/wp-content\\\/uploads\\\/2023\\\/05\\\/bng_redondela.jpg\",\"contentUrl\":\"https:\\\/\\\/www.anovapeneira.gal\\\/wp-content\\\/uploads\\\/2023\\\/05\\\/bng_redondela.jpg\",\"width\":720,\"height\":432,\"caption\":\"Xoan Carlos Gonz\u00e1lez candidato do BNG \u00e1 alcald\u00eda de Redondela\"},{\"@type\":\"BreadcrumbList\",\"@id\":\"https:\\\/\\\/www.anovapeneira.gal\\\/index.php\\\/2024\\\/08\\\/20\\\/o-bng-de-redondela-afirma-que-o-goberno-de-digna-rivas-cede-as-a-xestion-municipal-as-empresas\\\/#breadcrumb\",\"itemListElement\":[{\"@type\":\"ListItem\",\"position\":1,\"name\":\"Portada\",\"item\":\"https:\\\/\\\/www.anovapeneira.gal\\\/\"},{\"@type\":\"ListItem\",\"position\":2,\"name\":\"O BNG de Redondela afirma que o goberno de Digna Rivas cede \u00e1s a xesti\u00f3n municipal \u00e1s empresas\"}]},{\"@type\":\"WebSite\",\"@id\":\"https:\\\/\\\/www.anovapeneira.gal\\\/#website\",\"url\":\"https:\\\/\\\/www.anovapeneira.gal\\\/\",\"name\":\"\",\"description\":\"Xornal galego de informaci\u00f3n xeral Publicaci\u00f3n mensual de novas de Galicia e en especial dos Concellos da sur da provincia de Pontevedra.\",\"publisher\":{\"@id\":\"https:\\\/\\\/www.anovapeneira.gal\\\/#organization\"},\"potentialAction\":[{\"@type\":\"SearchAction\",\"target\":{\"@type\":\"EntryPoint\",\"urlTemplate\":\"https:\\\/\\\/www.anovapeneira.gal\\\/?s={search_term_string}\"},\"query-input\":{\"@type\":\"PropertyValueSpecification\",\"valueRequired\":true,\"valueName\":\"search_term_string\"}}],\"inLanguage\":\"gl-ES\"},{\"@type\":\"Organization\",\"@id\":\"https:\\\/\\\/www.anovapeneira.gal\\\/#organization\",\"name\":\"A Nova Peneira\",\"url\":\"https:\\\/\\\/www.anovapeneira.gal\\\/\",\"logo\":{\"@type\":\"ImageObject\",\"inLanguage\":\"gl-ES\",\"@id\":\"https:\\\/\\\/www.anovapeneira.gal\\\/#\\\/schema\\\/logo\\\/image\\\/\",\"url\":\"http:\\\/\\\/www.anovapeneira.gal\\\/wp-content\\\/uploads\\\/2019\\\/06\\\/logo_a_nova_peneira_portal_web.png\",\"contentUrl\":\"http:\\\/\\\/www.anovapeneira.gal\\\/wp-content\\\/uploads\\\/2019\\\/06\\\/logo_a_nova_peneira_portal_web.png\",\"width\":300,\"height\":100,\"caption\":\"A Nova Peneira\"},\"image\":{\"@id\":\"https:\\\/\\\/www.anovapeneira.gal\\\/#\\\/schema\\\/logo\\\/image\\\/\"},\"sameAs\":[\"https:\\\/\\\/www.facebook.com\\\/anovapeneira\",\"https:\\\/\\\/x.com\\\/APeneira\"]},{\"@type\":\"Person\",\"@id\":\"https:\\\/\\\/www.anovapeneira.gal\\\/#\\\/schema\\\/person\\\/b93e3f8932e3f8da96334607eb6ac6aa\",\"name\":\"Redacci\u00f3n A Nova Peneira\",\"image\":{\"@type\":\"ImageObject\",\"inLanguage\":\"gl-ES\",\"@id\":\"https:\\\/\\\/secure.gravatar.com\\\/avatar\\\/c052a2551a06e23fac63626232eaa90abd78dbcf1700fc46a2b2c89fd27b735f?s=96&d=mm&r=g\",\"url\":\"https:\\\/\\\/secure.gravatar.com\\\/avatar\\\/c052a2551a06e23fac63626232eaa90abd78dbcf1700fc46a2b2c89fd27b735f?s=96&d=mm&r=g\",\"contentUrl\":\"https:\\\/\\\/secure.gravatar.com\\\/avatar\\\/c052a2551a06e23fac63626232eaa90abd78dbcf1700fc46a2b2c89fd27b735f?s=96&d=mm&r=g\",\"caption\":\"Redacci\u00f3n A Nova Peneira\"},\"sameAs\":[\"http:\\\/\\\/www.anovapeneira.gal\\\/\"],\"url\":\"https:\\\/\\\/www.anovapeneira.gal\\\/index.php\\\/author\\\/redactor\\\/\"}]}<\/script>\n<!-- \/ Yoast SEO plugin. -->","yoast_head_json":{"title":"O BNG de Redondela afirma que o goberno de Digna Rivas cede \u00e1s a xesti\u00f3n municipal \u00e1s empresas -","robots":{"index":"index","follow":"follow","max-snippet":"max-snippet:-1","max-image-preview":"max-image-preview:large","max-video-preview":"max-video-preview:-1"},"canonical":"https:\/\/www.anovapeneira.gal\/index.php\/2024\/08\/20\/o-bng-de-redondela-afirma-que-o-goberno-de-digna-rivas-cede-as-a-xestion-municipal-as-empresas\/","og_locale":"gl_ES","og_type":"article","og_title":"O BNG de Redondela afirma que o goberno de Digna Rivas cede \u00e1s a xesti\u00f3n municipal \u00e1s empresas -","og_description":"Xo\u00e1n Carlos Gonz\u00e1lez, \u201cunha empresa realiza a limpeza de cami\u00f1os non garante que se realice un bo traballo\u201d. [...]","og_url":"https:\/\/www.anovapeneira.gal\/index.php\/2024\/08\/20\/o-bng-de-redondela-afirma-que-o-goberno-de-digna-rivas-cede-as-a-xestion-municipal-as-empresas\/","article_publisher":"https:\/\/www.facebook.com\/anovapeneira","article_published_time":"2024-08-20T10:00:38+00:00","og_image":[{"width":720,"height":432,"url":"https:\/\/www.anovapeneira.gal\/wp-content\/uploads\/2023\/05\/bng_redondela.jpg","type":"image\/jpeg"}],"author":"Redacci\u00f3n A Nova Peneira","twitter_card":"summary_large_image","twitter_creator":"@APeneira","twitter_site":"@APeneira","twitter_misc":{"Escrito por":"Redacci\u00f3n A Nova Peneira","Tempo de lectura":"2 minutos"},"schema":{"@context":"https:\/\/schema.org","@graph":[{"@type":"Article","@id":"https:\/\/www.anovapeneira.gal\/index.php\/2024\/08\/20\/o-bng-de-redondela-afirma-que-o-goberno-de-digna-rivas-cede-as-a-xestion-municipal-as-empresas\/#article","isPartOf":{"@id":"https:\/\/www.anovapeneira.gal\/index.php\/2024\/08\/20\/o-bng-de-redondela-afirma-que-o-goberno-de-digna-rivas-cede-as-a-xestion-municipal-as-empresas\/"},"author":{"name":"Redacci\u00f3n A Nova Peneira","@id":"https:\/\/www.anovapeneira.gal\/#\/schema\/person\/b93e3f8932e3f8da96334607eb6ac6aa"},"headline":"O BNG de Redondela afirma que o goberno de Digna Rivas cede \u00e1s a xesti\u00f3n municipal \u00e1s empresas","datePublished":"2024-08-20T10:00:38+00:00","mainEntityOfPage":{"@id":"https:\/\/www.anovapeneira.gal\/index.php\/2024\/08\/20\/o-bng-de-redondela-afirma-que-o-goberno-de-digna-rivas-cede-as-a-xestion-municipal-as-empresas\/"},"wordCount":356,"commentCount":0,"publisher":{"@id":"https:\/\/www.anovapeneira.gal\/#organization"},"image":{"@id":"https:\/\/www.anovapeneira.gal\/index.php\/2024\/08\/20\/o-bng-de-redondela-afirma-que-o-goberno-de-digna-rivas-cede-as-a-xestion-municipal-as-empresas\/#primaryimage"},"thumbnailUrl":"https:\/\/www.anovapeneira.gal\/wp-content\/uploads\/2023\/05\/bng_redondela.jpg","keywords":["Concello de Redondela"],"articleSection":["Redondela"],"inLanguage":"gl-ES","potentialAction":[{"@type":"CommentAction","name":"Comment","target":["https:\/\/www.anovapeneira.gal\/index.php\/2024\/08\/20\/o-bng-de-redondela-afirma-que-o-goberno-de-digna-rivas-cede-as-a-xestion-municipal-as-empresas\/#respond"]}]},{"@type":"WebPage","@id":"https:\/\/www.anovapeneira.gal\/index.php\/2024\/08\/20\/o-bng-de-redondela-afirma-que-o-goberno-de-digna-rivas-cede-as-a-xestion-municipal-as-empresas\/","url":"https:\/\/www.anovapeneira.gal\/index.php\/2024\/08\/20\/o-bng-de-redondela-afirma-que-o-goberno-de-digna-rivas-cede-as-a-xestion-municipal-as-empresas\/","name":"O BNG de Redondela afirma que o goberno de Digna Rivas cede \u00e1s a xesti\u00f3n municipal \u00e1s empresas -","isPartOf":{"@id":"https:\/\/www.anovapeneira.gal\/#website"},"primaryImageOfPage":{"@id":"https:\/\/www.anovapeneira.gal\/index.php\/2024\/08\/20\/o-bng-de-redondela-afirma-que-o-goberno-de-digna-rivas-cede-as-a-xestion-municipal-as-empresas\/#primaryimage"},"image":{"@id":"https:\/\/www.anovapeneira.gal\/index.php\/2024\/08\/20\/o-bng-de-redondela-afirma-que-o-goberno-de-digna-rivas-cede-as-a-xestion-municipal-as-empresas\/#primaryimage"},"thumbnailUrl":"https:\/\/www.anovapeneira.gal\/wp-content\/uploads\/2023\/05\/bng_redondela.jpg","datePublished":"2024-08-20T10:00:38+00:00","breadcrumb":{"@id":"https:\/\/www.anovapeneira.gal\/index.php\/2024\/08\/20\/o-bng-de-redondela-afirma-que-o-goberno-de-digna-rivas-cede-as-a-xestion-municipal-as-empresas\/#breadcrumb"},"inLanguage":"gl-ES","potentialAction":[{"@type":"ReadAction","target":["https:\/\/www.anovapeneira.gal\/index.php\/2024\/08\/20\/o-bng-de-redondela-afirma-que-o-goberno-de-digna-rivas-cede-as-a-xestion-municipal-as-empresas\/"]}]},{"@type":"ImageObject","inLanguage":"gl-ES","@id":"https:\/\/www.anovapeneira.gal\/index.php\/2024\/08\/20\/o-bng-de-redondela-afirma-que-o-goberno-de-digna-rivas-cede-as-a-xestion-municipal-as-empresas\/#primaryimage","url":"https:\/\/www.anovapeneira.gal\/wp-content\/uploads\/2023\/05\/bng_redondela.jpg","contentUrl":"https:\/\/www.anovapeneira.gal\/wp-content\/uploads\/2023\/05\/bng_redondela.jpg","width":720,"height":432,"caption":"Xoan Carlos Gonz\u00e1lez candidato do BNG \u00e1 alcald\u00eda de Redondela"},{"@type":"BreadcrumbList","@id":"https:\/\/www.anovapeneira.gal\/index.php\/2024\/08\/20\/o-bng-de-redondela-afirma-que-o-goberno-de-digna-rivas-cede-as-a-xestion-municipal-as-empresas\/#breadcrumb","itemListElement":[{"@type":"ListItem","position":1,"name":"Portada","item":"https:\/\/www.anovapeneira.gal\/"},{"@type":"ListItem","position":2,"name":"O BNG de Redondela afirma que o goberno de Digna Rivas cede \u00e1s a xesti\u00f3n municipal \u00e1s empresas"}]},{"@type":"WebSite","@id":"https:\/\/www.anovapeneira.gal\/#website","url":"https:\/\/www.anovapeneira.gal\/","name":"","description":"Xornal galego de informaci\u00f3n xeral Publicaci\u00f3n mensual de novas de Galicia e en especial dos Concellos da sur da provincia de Pontevedra.","publisher":{"@id":"https:\/\/www.anovapeneira.gal\/#organization"},"potentialAction":[{"@type":"SearchAction","target":{"@type":"EntryPoint","urlTemplate":"https:\/\/www.anovapeneira.gal\/?s={search_term_string}"},"query-input":{"@type":"PropertyValueSpecification","valueRequired":true,"valueName":"search_term_string"}}],"inLanguage":"gl-ES"},{"@type":"Organization","@id":"https:\/\/www.anovapeneira.gal\/#organization","name":"A Nova Peneira","url":"https:\/\/www.anovapeneira.gal\/","logo":{"@type":"ImageObject","inLanguage":"gl-ES","@id":"https:\/\/www.anovapeneira.gal\/#\/schema\/logo\/image\/","url":"http:\/\/www.anovapeneira.gal\/wp-content\/uploads\/2019\/06\/logo_a_nova_peneira_portal_web.png","contentUrl":"http:\/\/www.anovapeneira.gal\/wp-content\/uploads\/2019\/06\/logo_a_nova_peneira_portal_web.png","width":300,"height":100,"caption":"A Nova Peneira"},"image":{"@id":"https:\/\/www.anovapeneira.gal\/#\/schema\/logo\/image\/"},"sameAs":["https:\/\/www.facebook.com\/anovapeneira","https:\/\/x.com\/APeneira"]},{"@type":"Person","@id":"https:\/\/www.anovapeneira.gal\/#\/schema\/person\/b93e3f8932e3f8da96334607eb6ac6aa","name":"Redacci\u00f3n A Nova Peneira","image":{"@type":"ImageObject","inLanguage":"gl-ES","@id":"https:\/\/secure.gravatar.com\/avatar\/c052a2551a06e23fac63626232eaa90abd78dbcf1700fc46a2b2c89fd27b735f?s=96&d=mm&r=g","url":"https:\/\/secure.gravatar.com\/avatar\/c052a2551a06e23fac63626232eaa90abd78dbcf1700fc46a2b2c89fd27b735f?s=96&d=mm&r=g","contentUrl":"https:\/\/secure.gravatar.com\/avatar\/c052a2551a06e23fac63626232eaa90abd78dbcf1700fc46a2b2c89fd27b735f?s=96&d=mm&r=g","caption":"Redacci\u00f3n A Nova Peneira"},"sameAs":["http:\/\/www.anovapeneira.gal\/"],"url":"https:\/\/www.anovapeneira.gal\/index.php\/author\/redactor\/"}]}},"jetpack_featured_media_url":"https:\/\/www.anovapeneira.gal\/wp-content\/uploads\/2023\/05\/bng_redondela.jpg","_links":{"self":[{"href":"https:\/\/www.anovapeneira.gal\/index.php\/wp-json\/wp\/v2\/posts\/12258","targetHints":{"allow":["GET"]}}],"collection":[{"href":"https:\/\/www.anovapeneira.gal\/index.php\/wp-json\/wp\/v2\/posts"}],"about":[{"href":"https:\/\/www.anovapeneira.gal\/index.php\/wp-json\/wp\/v2\/types\/post"}],"author":[{"embeddable":true,"href":"https:\/\/www.anovapeneira.gal\/index.php\/wp-json\/wp\/v2\/users\/3"}],"replies":[{"embeddable":true,"href":"https:\/\/www.anovapeneira.gal\/index.php\/wp-json\/wp\/v2\/comments?post=12258"}],"version-history":[{"count":2,"href":"https:\/\/www.anovapeneira.gal\/index.php\/wp-json\/wp\/v2\/posts\/12258\/revisions"}],"predecessor-version":[{"id":12260,"href":"https:\/\/www.anovapeneira.gal\/index.php\/wp-json\/wp\/v2\/posts\/12258\/revisions\/12260"}],"wp:featuredmedia":[{"embeddable":true,"href":"https:\/\/www.anovapeneira.gal\/index.php\/wp-json\/wp\/v2\/media\/9675"}],"wp:attachment":[{"href":"https:\/\/www.anovapeneira.gal\/index.php\/wp-json\/wp\/v2\/media?parent=12258"}],"wp:term":[{"taxonomy":"category","embeddable":true,"href":"https:\/\/www.anovapeneira.gal\/index.php\/wp-json\/wp\/v2\/categories?post=12258"},{"taxonomy":"post_tag","embeddable":true,"href":"https:\/\/www.anovapeneira.gal\/index.php\/wp-json\/wp\/v2\/tags?post=12258"}],"curies":[{"name":"wp","href":"https:\/\/api.w.org\/{rel}","templated":true}]}}