{"id":12262,"date":"2024-08-21T10:00:24","date_gmt":"2024-08-21T08:00:24","guid":{"rendered":"https:\/\/www.anovapeneira.gal\/?p=12262"},"modified":"2024-08-20T08:47:38","modified_gmt":"2024-08-20T06:47:38","slug":"marco-e-sonia-a-vida-segue-igual","status":"publish","type":"post","link":"https:\/\/www.anovapeneira.gal\/index.php\/2024\/08\/21\/marco-e-sonia-a-vida-segue-igual\/","title":{"rendered":"Marco e Sonia: A vida segue igual"},"content":{"rendered":"\n<p><strong>Un ano e dous meses despois de que este matrimonio de Arbo comezase a sufrir o constante pesadelo de ver como todos os d\u00edas, si, todos e cada un dos d\u00edas, tivesen unha entrada permanente de auga na s\u00faa casa, a causa dunhas obras nunha r\u00faa pr\u00f3xima realizadas pola administraci\u00f3n , a\u00ednda non se pode dicir que o problema estea solucionado. Seguen coas paredes molladas e, malia que polo chan nestes momentos a auga non entra , non podemos esquecer que estamos no ver\u00e1n e agora non chove. Eles est\u00e1n intranquilos e \u00e1 expectativa de ver o que vai acontecer cando cheguen as choivas do vindeiro inverno. Por outra parte, 14 meses despois a\u00ednda non cobraron un s\u00f3 \u20ac de indemnizaci\u00f3n polo inmenso prexu\u00edzo que sufriron, que inclu\u00edu gastos de reparaci\u00f3n e pintura al\u00e9n de ter que tirar todos os mobles que ti\u00f1an na parte de abaixo do seu domicilio, estragados por mor do efecto da auga. N\u00f3s conversamos con Marco<\/strong><\/p>\n\n\n\n<p><strong>Marco Antonio Fern\u00e1ndez, veci\u00f1o de Arbo afectado.<\/strong><\/p>\n\n\n\n<h2 class=\"wp-block-heading\">\u201c<strong>Estamos intranquilos, e \u00e1 expectativa do que vaia acontecer cando chegue o inverno\u201d<\/strong><\/h2>\n\n\n\n<p><strong>Fagamos un pouco de memoria: Cando e como comezou o problema?<\/strong><\/p>\n\n\n\n<blockquote class=\"wp-block-quote is-layout-flow wp-block-quote-is-layout-flow\">\n<p>Comezou no mes de Xu\u00f1o do ano pasado. Levamos un ano e dous meses sufrindo d\u00eda tras d\u00eda este problema. Todo comezou cando fan unhas obras na r\u00faa e, presuntamente, desv\u00edan un manancial cara a nosa vivenda. E nese momento comezou a asolagarse a parte de abaixo da nosa casa.<\/p>\n<\/blockquote>\n\n\n\n<p><strong>Desde ese momento a entrada de auga foi permanente?<\/strong><\/p>\n\n\n\n<blockquote class=\"wp-block-quote is-layout-flow wp-block-quote-is-layout-flow\">\n<p>Permanente e continua, si.<\/p>\n<\/blockquote>\n\n\n\n<p><strong>Que pasos destes para tratar de arranxar o problema?<\/strong><\/p>\n\n\n\n<blockquote class=\"wp-block-quote is-layout-flow wp-block-quote-is-layout-flow\">\n<p>Todos os humanamente posibles. M\u00e1is dos humanamente posibles , creo eu. Petamos en todas as portas, chamamos en todos os sitios, tratamos de ir polas boas e foi absolutamente desesperante porque todo eran boas palabras pero ningu\u00e9n fac\u00eda nada, nada de nada. Finalmente non nos quedou m\u00e1is remedio que acudir \u00e1 v\u00eda xudicial . Ti cres que se pode vivir estando m\u00e1is dun ano coa t\u00faa casa asolagada, d\u00eda si e d\u00eda tam\u00e9n?..Quen soportar\u00eda que cada d\u00eda, cada hora, cada minuto estivera entrando auga de maneira permanente no lugar que vive?..E mentres tanto as administraci\u00f3ns non fixeron nada por arranxar un problema que sufrimos n\u00f3s, sen ter a m\u00e1is m\u00ednima responsabilidade.<\/p>\n<\/blockquote>\n\n\n\n<p><strong>Xa fixeron d\u00faas drenaxes para tratar de ama\u00f1ar, verdade?<\/strong><\/p>\n\n\n\n<blockquote class=\"wp-block-quote is-layout-flow wp-block-quote-is-layout-flow\">\n<p>Si, a primeira non serviu de nada.<\/p>\n<\/blockquote>\n\n\n\n<p><strong>E a segunda?<\/strong><\/p>\n\n\n\n<blockquote class=\"wp-block-quote is-layout-flow wp-block-quote-is-layout-flow\">\n<p>Estamos \u00e1 expectativa. No momento actual non entra auga polo chan, pero as paredes seguen a estar molladas. Tam\u00e9n \u00e9 certo que estamos no ver\u00e1n e agora non chove. Un enxe\u00f1eiro privado, que pagamos n\u00f3s do noso peto, dinos que probablemente tampouco funcione, e que cando volvan as choivas volver\u00e1 a entrar auga. As persoas da Xunta que fixeron esta \u00faltima operaci\u00f3n dinnos o contrario: que si vai funcionar.<\/p>\n<\/blockquote>\n\n\n\n<p><strong>A entrada continua de auga que consecuencias vos trouxo para vosa vida diaria?<\/strong><\/p>\n\n\n\n<blockquote class=\"wp-block-quote is-layout-flow wp-block-quote-is-layout-flow\">\n<p>As consecuencias foron nefastas. A nosa vida diaria veuse seriamente afectada. A parte de abaixo da nosa vivenda era o lugar de encontro familiar e no que faciamos as xuntanzas coas persoas que queremos. Moitas das festas m\u00e1is importantes para n\u00f3s foron literalmente ao lixo.<\/p>\n<\/blockquote>\n\n\n\n<blockquote class=\"wp-block-quote is-layout-flow wp-block-quote-is-layout-flow\">\n<p>Por outra parte tam\u00e9n incidiu negativamente na nosa sa\u00fade. \u00c9 absolutamente imposible soportar iso sen ver prexudicada a t\u00faa estabilidade emocional.<\/p>\n<\/blockquote>\n\n\n\n<blockquote class=\"wp-block-quote is-layout-flow wp-block-quote-is-layout-flow\">\n<p>E por \u00faltimo tam\u00e9n padecemos un grave prexu\u00edzo patrimonial, pois todos os mobles que ti\u00f1amos al\u00ed estrag\u00e1ronse e tivemos que tiralos.<\/p>\n<\/blockquote>\n\n\n\n<figure class=\"wp-block-image size-large\"><img loading=\"lazy\" decoding=\"async\" width=\"768\" height=\"1024\" src=\"https:\/\/www.anovapeneira.gal\/wp-content\/uploads\/2024\/08\/agua_casa_arbo-768x1024.jpg\" alt=\"\" class=\"wp-image-12264\" srcset=\"https:\/\/www.anovapeneira.gal\/wp-content\/uploads\/2024\/08\/agua_casa_arbo-768x1024.jpg 768w, https:\/\/www.anovapeneira.gal\/wp-content\/uploads\/2024\/08\/agua_casa_arbo-225x300.jpg 225w, https:\/\/www.anovapeneira.gal\/wp-content\/uploads\/2024\/08\/agua_casa_arbo-1152x1536.jpg 1152w, https:\/\/www.anovapeneira.gal\/wp-content\/uploads\/2024\/08\/agua_casa_arbo.jpg 1536w\" sizes=\"auto, (max-width: 768px) 100vw, 768px\" \/><\/figure>\n\n\n\n<p><strong>Que tal o Concello?<\/strong><\/p>\n\n\n\n<blockquote class=\"wp-block-quote is-layout-flow wp-block-quote-is-layout-flow\">\n<p>Na s\u00faa li\u00f1a. N\u00f3s estivemos de viaxe e ao volvermos a mi\u00f1a muller foi falar co alcalde e d\u00edxolle que iso non eran problemas del. Cando n\u00f3s sabemos que a obra foi feita pola Xunta nun 70% e o Concello \u00e9 o responsable do outro 30%, e evidentemente n\u00f3s somos veci\u00f1os deste concello que padecemos un grave problema que n\u00f3s non provocamos.<\/p>\n<\/blockquote>\n\n\n\n<p><strong>V\u00f3s cobrastes algunha indemnizaci\u00f3n polos prexu\u00edzos que sufristes?<\/strong><\/p>\n\n\n\n<blockquote class=\"wp-block-quote is-layout-flow wp-block-quote-is-layout-flow\">\n<p>Nada, non cobramos nada, absolutamente nada. E xa tivemos que afrontar dos nosos cartos diversos gastos derivados do problema que sufrimos. Todo o que pintamos e todo o que estamos ama\u00f1ando estamos sufrag\u00e1ndoo n\u00f3s.<\/p>\n<\/blockquote>\n\n\n\n<p><strong>Por que non cobrastes, m\u00e1is dun ano despois?, estou asombrado<\/strong><\/p>\n\n\n\n<blockquote class=\"wp-block-quote is-layout-flow wp-block-quote-is-layout-flow\">\n<p>Non cobramos nada porque non chegamos a un acordo. O que nos ofrecen \u00e9 absolutamente insuficiente.<\/p>\n<\/blockquote>\n\n\n\n<p><strong>Como est\u00e1n os \u00e1nimos?<\/strong><\/p>\n\n\n\n<blockquote class=\"wp-block-quote is-layout-flow wp-block-quote-is-layout-flow\">\n<p>\u00c1 expectativa. A ver qua pasa este inverno.<\/p>\n<\/blockquote>\n","protected":false},"excerpt":{"rendered":"<div class=\"mh-excerpt\"><p>Un ano e dous meses despois de que este matrimonio de Arbo comezase a sufrir o constante pesadelo de ver como todos os d\u00edas, si, todos e cada un dos d\u00edas, tivesen unha entrada permanente <a class=\"mh-excerpt-more\" href=\"https:\/\/www.anovapeneira.gal\/index.php\/2024\/08\/21\/marco-e-sonia-a-vida-segue-igual\/\" title=\"Marco e Sonia: A vida segue igual\">[&#8230;]<\/a><\/p>\n<\/div>","protected":false},"author":3,"featured_media":12263,"comment_status":"open","ping_status":"open","sticky":false,"template":"","format":"standard","meta":{"_exactmetrics_skip_tracking":false,"_exactmetrics_sitenote_active":false,"_exactmetrics_sitenote_note":"","_exactmetrics_sitenote_category":0,"footnotes":""},"categories":[25,1],"tags":[444],"class_list":{"0":"post-12262","1":"post","2":"type-post","3":"status-publish","4":"format-standard","5":"has-post-thumbnail","7":"category-condado","8":"category-sin-categoria","9":"tag-concello-de-arbo"},"yoast_head":"<!-- This site is optimized with the Yoast SEO plugin v27.4 - https:\/\/yoast.com\/product\/yoast-seo-wordpress\/ -->\n<title>Marco e Sonia: A vida segue igual -<\/title>\n<meta name=\"robots\" content=\"index, follow, max-snippet:-1, max-image-preview:large, max-video-preview:-1\" \/>\n<link rel=\"canonical\" href=\"https:\/\/www.anovapeneira.gal\/index.php\/2024\/08\/21\/marco-e-sonia-a-vida-segue-igual\/\" \/>\n<meta property=\"og:locale\" content=\"gl_ES\" \/>\n<meta property=\"og:type\" content=\"article\" \/>\n<meta property=\"og:title\" content=\"Marco e Sonia: A vida segue igual -\" \/>\n<meta property=\"og:description\" content=\"Un ano e dous meses despois de que este matrimonio de Arbo comezase a sufrir o constante pesadelo de ver como todos os d\u00edas, si, todos e cada un dos d\u00edas, tivesen unha entrada permanente [...]\" \/>\n<meta property=\"og:url\" content=\"https:\/\/www.anovapeneira.gal\/index.php\/2024\/08\/21\/marco-e-sonia-a-vida-segue-igual\/\" \/>\n<meta property=\"article:publisher\" content=\"https:\/\/www.facebook.com\/anovapeneira\" \/>\n<meta property=\"article:published_time\" content=\"2024-08-21T08:00:24+00:00\" \/>\n<meta property=\"og:image\" content=\"https:\/\/www.anovapeneira.gal\/wp-content\/uploads\/2024\/08\/marcos_sonia_2.png\" \/>\n\t<meta property=\"og:image:width\" content=\"720\" \/>\n\t<meta property=\"og:image:height\" content=\"432\" \/>\n\t<meta property=\"og:image:type\" content=\"image\/png\" \/>\n<meta name=\"author\" content=\"Redacci\u00f3n A Nova Peneira\" \/>\n<meta name=\"twitter:card\" content=\"summary_large_image\" \/>\n<meta name=\"twitter:creator\" content=\"@APeneira\" \/>\n<meta name=\"twitter:site\" content=\"@APeneira\" \/>\n<meta name=\"twitter:label1\" content=\"Escrito por\" \/>\n\t<meta name=\"twitter:data1\" content=\"Redacci\u00f3n A Nova Peneira\" \/>\n\t<meta name=\"twitter:label2\" content=\"Tempo de lectura\" \/>\n\t<meta name=\"twitter:data2\" content=\"2 minutos\" \/>\n<script type=\"application\/ld+json\" class=\"yoast-schema-graph\">{\"@context\":\"https:\\\/\\\/schema.org\",\"@graph\":[{\"@type\":\"Article\",\"@id\":\"https:\\\/\\\/www.anovapeneira.gal\\\/index.php\\\/2024\\\/08\\\/21\\\/marco-e-sonia-a-vida-segue-igual\\\/#article\",\"isPartOf\":{\"@id\":\"https:\\\/\\\/www.anovapeneira.gal\\\/index.php\\\/2024\\\/08\\\/21\\\/marco-e-sonia-a-vida-segue-igual\\\/\"},\"author\":{\"name\":\"Redacci\u00f3n A Nova Peneira\",\"@id\":\"https:\\\/\\\/www.anovapeneira.gal\\\/#\\\/schema\\\/person\\\/b93e3f8932e3f8da96334607eb6ac6aa\"},\"headline\":\"Marco e Sonia: A vida segue igual\",\"datePublished\":\"2024-08-21T08:00:24+00:00\",\"mainEntityOfPage\":{\"@id\":\"https:\\\/\\\/www.anovapeneira.gal\\\/index.php\\\/2024\\\/08\\\/21\\\/marco-e-sonia-a-vida-segue-igual\\\/\"},\"wordCount\":774,\"commentCount\":0,\"publisher\":{\"@id\":\"https:\\\/\\\/www.anovapeneira.gal\\\/#organization\"},\"image\":{\"@id\":\"https:\\\/\\\/www.anovapeneira.gal\\\/index.php\\\/2024\\\/08\\\/21\\\/marco-e-sonia-a-vida-segue-igual\\\/#primaryimage\"},\"thumbnailUrl\":\"https:\\\/\\\/www.anovapeneira.gal\\\/wp-content\\\/uploads\\\/2024\\\/08\\\/marcos_sonia_2.png\",\"keywords\":[\"Concello de Arbo\"],\"articleSection\":[\"Condado\",\"Sin categor\u00eda\"],\"inLanguage\":\"gl-ES\",\"potentialAction\":[{\"@type\":\"CommentAction\",\"name\":\"Comment\",\"target\":[\"https:\\\/\\\/www.anovapeneira.gal\\\/index.php\\\/2024\\\/08\\\/21\\\/marco-e-sonia-a-vida-segue-igual\\\/#respond\"]}]},{\"@type\":\"WebPage\",\"@id\":\"https:\\\/\\\/www.anovapeneira.gal\\\/index.php\\\/2024\\\/08\\\/21\\\/marco-e-sonia-a-vida-segue-igual\\\/\",\"url\":\"https:\\\/\\\/www.anovapeneira.gal\\\/index.php\\\/2024\\\/08\\\/21\\\/marco-e-sonia-a-vida-segue-igual\\\/\",\"name\":\"Marco e Sonia: A vida segue igual -\",\"isPartOf\":{\"@id\":\"https:\\\/\\\/www.anovapeneira.gal\\\/#website\"},\"primaryImageOfPage\":{\"@id\":\"https:\\\/\\\/www.anovapeneira.gal\\\/index.php\\\/2024\\\/08\\\/21\\\/marco-e-sonia-a-vida-segue-igual\\\/#primaryimage\"},\"image\":{\"@id\":\"https:\\\/\\\/www.anovapeneira.gal\\\/index.php\\\/2024\\\/08\\\/21\\\/marco-e-sonia-a-vida-segue-igual\\\/#primaryimage\"},\"thumbnailUrl\":\"https:\\\/\\\/www.anovapeneira.gal\\\/wp-content\\\/uploads\\\/2024\\\/08\\\/marcos_sonia_2.png\",\"datePublished\":\"2024-08-21T08:00:24+00:00\",\"breadcrumb\":{\"@id\":\"https:\\\/\\\/www.anovapeneira.gal\\\/index.php\\\/2024\\\/08\\\/21\\\/marco-e-sonia-a-vida-segue-igual\\\/#breadcrumb\"},\"inLanguage\":\"gl-ES\",\"potentialAction\":[{\"@type\":\"ReadAction\",\"target\":[\"https:\\\/\\\/www.anovapeneira.gal\\\/index.php\\\/2024\\\/08\\\/21\\\/marco-e-sonia-a-vida-segue-igual\\\/\"]}]},{\"@type\":\"ImageObject\",\"inLanguage\":\"gl-ES\",\"@id\":\"https:\\\/\\\/www.anovapeneira.gal\\\/index.php\\\/2024\\\/08\\\/21\\\/marco-e-sonia-a-vida-segue-igual\\\/#primaryimage\",\"url\":\"https:\\\/\\\/www.anovapeneira.gal\\\/wp-content\\\/uploads\\\/2024\\\/08\\\/marcos_sonia_2.png\",\"contentUrl\":\"https:\\\/\\\/www.anovapeneira.gal\\\/wp-content\\\/uploads\\\/2024\\\/08\\\/marcos_sonia_2.png\",\"width\":720,\"height\":432,\"caption\":\"Marco e Sonia: A vida segue igual\"},{\"@type\":\"BreadcrumbList\",\"@id\":\"https:\\\/\\\/www.anovapeneira.gal\\\/index.php\\\/2024\\\/08\\\/21\\\/marco-e-sonia-a-vida-segue-igual\\\/#breadcrumb\",\"itemListElement\":[{\"@type\":\"ListItem\",\"position\":1,\"name\":\"Portada\",\"item\":\"https:\\\/\\\/www.anovapeneira.gal\\\/\"},{\"@type\":\"ListItem\",\"position\":2,\"name\":\"Marco e Sonia: A vida segue igual\"}]},{\"@type\":\"WebSite\",\"@id\":\"https:\\\/\\\/www.anovapeneira.gal\\\/#website\",\"url\":\"https:\\\/\\\/www.anovapeneira.gal\\\/\",\"name\":\"\",\"description\":\"Xornal galego de informaci\u00f3n xeral Publicaci\u00f3n mensual de novas de Galicia e en especial dos Concellos da sur da provincia de Pontevedra.\",\"publisher\":{\"@id\":\"https:\\\/\\\/www.anovapeneira.gal\\\/#organization\"},\"potentialAction\":[{\"@type\":\"SearchAction\",\"target\":{\"@type\":\"EntryPoint\",\"urlTemplate\":\"https:\\\/\\\/www.anovapeneira.gal\\\/?s={search_term_string}\"},\"query-input\":{\"@type\":\"PropertyValueSpecification\",\"valueRequired\":true,\"valueName\":\"search_term_string\"}}],\"inLanguage\":\"gl-ES\"},{\"@type\":\"Organization\",\"@id\":\"https:\\\/\\\/www.anovapeneira.gal\\\/#organization\",\"name\":\"A Nova Peneira\",\"url\":\"https:\\\/\\\/www.anovapeneira.gal\\\/\",\"logo\":{\"@type\":\"ImageObject\",\"inLanguage\":\"gl-ES\",\"@id\":\"https:\\\/\\\/www.anovapeneira.gal\\\/#\\\/schema\\\/logo\\\/image\\\/\",\"url\":\"http:\\\/\\\/www.anovapeneira.gal\\\/wp-content\\\/uploads\\\/2019\\\/06\\\/logo_a_nova_peneira_portal_web.png\",\"contentUrl\":\"http:\\\/\\\/www.anovapeneira.gal\\\/wp-content\\\/uploads\\\/2019\\\/06\\\/logo_a_nova_peneira_portal_web.png\",\"width\":300,\"height\":100,\"caption\":\"A Nova Peneira\"},\"image\":{\"@id\":\"https:\\\/\\\/www.anovapeneira.gal\\\/#\\\/schema\\\/logo\\\/image\\\/\"},\"sameAs\":[\"https:\\\/\\\/www.facebook.com\\\/anovapeneira\",\"https:\\\/\\\/x.com\\\/APeneira\"]},{\"@type\":\"Person\",\"@id\":\"https:\\\/\\\/www.anovapeneira.gal\\\/#\\\/schema\\\/person\\\/b93e3f8932e3f8da96334607eb6ac6aa\",\"name\":\"Redacci\u00f3n A Nova Peneira\",\"image\":{\"@type\":\"ImageObject\",\"inLanguage\":\"gl-ES\",\"@id\":\"https:\\\/\\\/secure.gravatar.com\\\/avatar\\\/c052a2551a06e23fac63626232eaa90abd78dbcf1700fc46a2b2c89fd27b735f?s=96&d=mm&r=g\",\"url\":\"https:\\\/\\\/secure.gravatar.com\\\/avatar\\\/c052a2551a06e23fac63626232eaa90abd78dbcf1700fc46a2b2c89fd27b735f?s=96&d=mm&r=g\",\"contentUrl\":\"https:\\\/\\\/secure.gravatar.com\\\/avatar\\\/c052a2551a06e23fac63626232eaa90abd78dbcf1700fc46a2b2c89fd27b735f?s=96&d=mm&r=g\",\"caption\":\"Redacci\u00f3n A Nova Peneira\"},\"sameAs\":[\"http:\\\/\\\/www.anovapeneira.gal\\\/\"],\"url\":\"https:\\\/\\\/www.anovapeneira.gal\\\/index.php\\\/author\\\/redactor\\\/\"}]}<\/script>\n<!-- \/ Yoast SEO plugin. -->","yoast_head_json":{"title":"Marco e Sonia: A vida segue igual -","robots":{"index":"index","follow":"follow","max-snippet":"max-snippet:-1","max-image-preview":"max-image-preview:large","max-video-preview":"max-video-preview:-1"},"canonical":"https:\/\/www.anovapeneira.gal\/index.php\/2024\/08\/21\/marco-e-sonia-a-vida-segue-igual\/","og_locale":"gl_ES","og_type":"article","og_title":"Marco e Sonia: A vida segue igual -","og_description":"Un ano e dous meses despois de que este matrimonio de Arbo comezase a sufrir o constante pesadelo de ver como todos os d\u00edas, si, todos e cada un dos d\u00edas, tivesen unha entrada permanente [...]","og_url":"https:\/\/www.anovapeneira.gal\/index.php\/2024\/08\/21\/marco-e-sonia-a-vida-segue-igual\/","article_publisher":"https:\/\/www.facebook.com\/anovapeneira","article_published_time":"2024-08-21T08:00:24+00:00","og_image":[{"width":720,"height":432,"url":"https:\/\/www.anovapeneira.gal\/wp-content\/uploads\/2024\/08\/marcos_sonia_2.png","type":"image\/png"}],"author":"Redacci\u00f3n A Nova Peneira","twitter_card":"summary_large_image","twitter_creator":"@APeneira","twitter_site":"@APeneira","twitter_misc":{"Escrito por":"Redacci\u00f3n A Nova Peneira","Tempo de lectura":"2 minutos"},"schema":{"@context":"https:\/\/schema.org","@graph":[{"@type":"Article","@id":"https:\/\/www.anovapeneira.gal\/index.php\/2024\/08\/21\/marco-e-sonia-a-vida-segue-igual\/#article","isPartOf":{"@id":"https:\/\/www.anovapeneira.gal\/index.php\/2024\/08\/21\/marco-e-sonia-a-vida-segue-igual\/"},"author":{"name":"Redacci\u00f3n A Nova Peneira","@id":"https:\/\/www.anovapeneira.gal\/#\/schema\/person\/b93e3f8932e3f8da96334607eb6ac6aa"},"headline":"Marco e Sonia: A vida segue igual","datePublished":"2024-08-21T08:00:24+00:00","mainEntityOfPage":{"@id":"https:\/\/www.anovapeneira.gal\/index.php\/2024\/08\/21\/marco-e-sonia-a-vida-segue-igual\/"},"wordCount":774,"commentCount":0,"publisher":{"@id":"https:\/\/www.anovapeneira.gal\/#organization"},"image":{"@id":"https:\/\/www.anovapeneira.gal\/index.php\/2024\/08\/21\/marco-e-sonia-a-vida-segue-igual\/#primaryimage"},"thumbnailUrl":"https:\/\/www.anovapeneira.gal\/wp-content\/uploads\/2024\/08\/marcos_sonia_2.png","keywords":["Concello de Arbo"],"articleSection":["Condado","Sin categor\u00eda"],"inLanguage":"gl-ES","potentialAction":[{"@type":"CommentAction","name":"Comment","target":["https:\/\/www.anovapeneira.gal\/index.php\/2024\/08\/21\/marco-e-sonia-a-vida-segue-igual\/#respond"]}]},{"@type":"WebPage","@id":"https:\/\/www.anovapeneira.gal\/index.php\/2024\/08\/21\/marco-e-sonia-a-vida-segue-igual\/","url":"https:\/\/www.anovapeneira.gal\/index.php\/2024\/08\/21\/marco-e-sonia-a-vida-segue-igual\/","name":"Marco e Sonia: A vida segue igual -","isPartOf":{"@id":"https:\/\/www.anovapeneira.gal\/#website"},"primaryImageOfPage":{"@id":"https:\/\/www.anovapeneira.gal\/index.php\/2024\/08\/21\/marco-e-sonia-a-vida-segue-igual\/#primaryimage"},"image":{"@id":"https:\/\/www.anovapeneira.gal\/index.php\/2024\/08\/21\/marco-e-sonia-a-vida-segue-igual\/#primaryimage"},"thumbnailUrl":"https:\/\/www.anovapeneira.gal\/wp-content\/uploads\/2024\/08\/marcos_sonia_2.png","datePublished":"2024-08-21T08:00:24+00:00","breadcrumb":{"@id":"https:\/\/www.anovapeneira.gal\/index.php\/2024\/08\/21\/marco-e-sonia-a-vida-segue-igual\/#breadcrumb"},"inLanguage":"gl-ES","potentialAction":[{"@type":"ReadAction","target":["https:\/\/www.anovapeneira.gal\/index.php\/2024\/08\/21\/marco-e-sonia-a-vida-segue-igual\/"]}]},{"@type":"ImageObject","inLanguage":"gl-ES","@id":"https:\/\/www.anovapeneira.gal\/index.php\/2024\/08\/21\/marco-e-sonia-a-vida-segue-igual\/#primaryimage","url":"https:\/\/www.anovapeneira.gal\/wp-content\/uploads\/2024\/08\/marcos_sonia_2.png","contentUrl":"https:\/\/www.anovapeneira.gal\/wp-content\/uploads\/2024\/08\/marcos_sonia_2.png","width":720,"height":432,"caption":"Marco e Sonia: A vida segue igual"},{"@type":"BreadcrumbList","@id":"https:\/\/www.anovapeneira.gal\/index.php\/2024\/08\/21\/marco-e-sonia-a-vida-segue-igual\/#breadcrumb","itemListElement":[{"@type":"ListItem","position":1,"name":"Portada","item":"https:\/\/www.anovapeneira.gal\/"},{"@type":"ListItem","position":2,"name":"Marco e Sonia: A vida segue igual"}]},{"@type":"WebSite","@id":"https:\/\/www.anovapeneira.gal\/#website","url":"https:\/\/www.anovapeneira.gal\/","name":"","description":"Xornal galego de informaci\u00f3n xeral Publicaci\u00f3n mensual de novas de Galicia e en especial dos Concellos da sur da provincia de Pontevedra.","publisher":{"@id":"https:\/\/www.anovapeneira.gal\/#organization"},"potentialAction":[{"@type":"SearchAction","target":{"@type":"EntryPoint","urlTemplate":"https:\/\/www.anovapeneira.gal\/?s={search_term_string}"},"query-input":{"@type":"PropertyValueSpecification","valueRequired":true,"valueName":"search_term_string"}}],"inLanguage":"gl-ES"},{"@type":"Organization","@id":"https:\/\/www.anovapeneira.gal\/#organization","name":"A Nova Peneira","url":"https:\/\/www.anovapeneira.gal\/","logo":{"@type":"ImageObject","inLanguage":"gl-ES","@id":"https:\/\/www.anovapeneira.gal\/#\/schema\/logo\/image\/","url":"http:\/\/www.anovapeneira.gal\/wp-content\/uploads\/2019\/06\/logo_a_nova_peneira_portal_web.png","contentUrl":"http:\/\/www.anovapeneira.gal\/wp-content\/uploads\/2019\/06\/logo_a_nova_peneira_portal_web.png","width":300,"height":100,"caption":"A Nova Peneira"},"image":{"@id":"https:\/\/www.anovapeneira.gal\/#\/schema\/logo\/image\/"},"sameAs":["https:\/\/www.facebook.com\/anovapeneira","https:\/\/x.com\/APeneira"]},{"@type":"Person","@id":"https:\/\/www.anovapeneira.gal\/#\/schema\/person\/b93e3f8932e3f8da96334607eb6ac6aa","name":"Redacci\u00f3n A Nova Peneira","image":{"@type":"ImageObject","inLanguage":"gl-ES","@id":"https:\/\/secure.gravatar.com\/avatar\/c052a2551a06e23fac63626232eaa90abd78dbcf1700fc46a2b2c89fd27b735f?s=96&d=mm&r=g","url":"https:\/\/secure.gravatar.com\/avatar\/c052a2551a06e23fac63626232eaa90abd78dbcf1700fc46a2b2c89fd27b735f?s=96&d=mm&r=g","contentUrl":"https:\/\/secure.gravatar.com\/avatar\/c052a2551a06e23fac63626232eaa90abd78dbcf1700fc46a2b2c89fd27b735f?s=96&d=mm&r=g","caption":"Redacci\u00f3n A Nova Peneira"},"sameAs":["http:\/\/www.anovapeneira.gal\/"],"url":"https:\/\/www.anovapeneira.gal\/index.php\/author\/redactor\/"}]}},"jetpack_featured_media_url":"https:\/\/www.anovapeneira.gal\/wp-content\/uploads\/2024\/08\/marcos_sonia_2.png","_links":{"self":[{"href":"https:\/\/www.anovapeneira.gal\/index.php\/wp-json\/wp\/v2\/posts\/12262","targetHints":{"allow":["GET"]}}],"collection":[{"href":"https:\/\/www.anovapeneira.gal\/index.php\/wp-json\/wp\/v2\/posts"}],"about":[{"href":"https:\/\/www.anovapeneira.gal\/index.php\/wp-json\/wp\/v2\/types\/post"}],"author":[{"embeddable":true,"href":"https:\/\/www.anovapeneira.gal\/index.php\/wp-json\/wp\/v2\/users\/3"}],"replies":[{"embeddable":true,"href":"https:\/\/www.anovapeneira.gal\/index.php\/wp-json\/wp\/v2\/comments?post=12262"}],"version-history":[{"count":1,"href":"https:\/\/www.anovapeneira.gal\/index.php\/wp-json\/wp\/v2\/posts\/12262\/revisions"}],"predecessor-version":[{"id":12265,"href":"https:\/\/www.anovapeneira.gal\/index.php\/wp-json\/wp\/v2\/posts\/12262\/revisions\/12265"}],"wp:featuredmedia":[{"embeddable":true,"href":"https:\/\/www.anovapeneira.gal\/index.php\/wp-json\/wp\/v2\/media\/12263"}],"wp:attachment":[{"href":"https:\/\/www.anovapeneira.gal\/index.php\/wp-json\/wp\/v2\/media?parent=12262"}],"wp:term":[{"taxonomy":"category","embeddable":true,"href":"https:\/\/www.anovapeneira.gal\/index.php\/wp-json\/wp\/v2\/categories?post=12262"},{"taxonomy":"post_tag","embeddable":true,"href":"https:\/\/www.anovapeneira.gal\/index.php\/wp-json\/wp\/v2\/tags?post=12262"}],"curies":[{"name":"wp","href":"https:\/\/api.w.org\/{rel}","templated":true}]}}