{"id":12266,"date":"2024-08-21T12:00:56","date_gmt":"2024-08-21T10:00:56","guid":{"rendered":"https:\/\/www.anovapeneira.gal\/?p=12266"},"modified":"2024-08-20T08:51:01","modified_gmt":"2024-08-20T06:51:01","slug":"o-19-de-abril-do-2024-en-lugo-homenaxe-a-alonso-montero","status":"publish","type":"post","link":"https:\/\/www.anovapeneira.gal\/index.php\/2024\/08\/21\/o-19-de-abril-do-2024-en-lugo-homenaxe-a-alonso-montero\/","title":{"rendered":"O 19 de abril do 2024, en Lugo, homenaxe a Alonso Montero"},"content":{"rendered":"\n<figure class=\"wp-block-image size-full is-resized\"><img loading=\"lazy\" decoding=\"async\" width=\"190\" height=\"222\" src=\"https:\/\/www.anovapeneira.gal\/wp-content\/uploads\/2019\/07\/Baldomero_Iglesias_Dobarrio_Mero.jpg\" alt=\"Baldomero Iglesias Dobarrio Mero artigos de opini\u00f3n A Nova Peneira\" class=\"wp-image-482\" style=\"width:98px;height:auto\"\/><figcaption class=\"wp-element-caption\">Baldomero Iglesias Dobarrio, Mero<\/figcaption><\/figure>\n\n\n\n<p>Hai d\u00edas atr\u00e1s celebrouse en Lugo un acto de merecida homenaxe dedicada a un profesor de moitas xeraci\u00f3ns. Anque despois de ver os marabillosos textos que escribiron e publicaron sobre del, en diversos medios de comunicaci\u00f3n, algunhas persoas de boa pluma e do necesario sentido do rigor, aludindo \u00e1s condici\u00f3ns e calidades da persoa que lembrada, non contaba ter que expresarme e foi Carme Rodeja que insistiu para que dese comezo a unha rolda m\u00e1is de escritos aos que por certo toda a xente quedaba invitada, para entregarllas despois a D. Xes\u00fas como recordo na s\u00faa homenaxe.<\/p>\n\n\n\n<p>Non hai moito estiven con el celebrando a memoria do com\u00fan amigo Ferreiro, en Pontecesures. Eramos unhas amizades del que, cos amigos de Mondo\u00f1edo e con Katia, a filla de Lu\u00eds, xuntamos na amizade. Estivemos falando de mil cousas. Falamos tam\u00e9n da m\u00fasica, de cegas e cegos cantores, fistores, xente que se nos foi perdida en nostalxias, LorenzoVarela, Zapico, Gonzalo Bouza Brei e Teo, Camilo Di\u00f3s, A Chelo, Isaac D\u00edaz Pardo, Neira e Anisia, Abella, Enriqueta Otero, Florencio de Calo e tantas e tantos que quixemos e lembramos percorrendo memorias, anque sabendo que sempre quedar\u00e1 o ronsel e tam\u00e9n algu\u00e9n sen nomear porqueson moita xente coa que tecemos v\u00ednculo de amizade e a\u00ednda nos convocan no recordo feliz xunto a Quico, Xos\u00e9 Lois, Avelino Muleiro, Abades, Nica, Xes\u00fas R. Abu\u00edn e tanta xente cos que debuxar un perfilde sorrisos.<\/p>\n\n\n\n<p>Despois en Lugo, cantei con Pilocha e con Miro Casabella para celebrar a s\u00faa constante loita, mais hoxe v\u00e9\u00f1enseme \u00e1 cabeza os tempos do Instituto e Maxisterio, recendos de memoria e onde Alonso Montero foi omeu profesor, aquel alucinado que nos amosou algo do que quedaba f\u00f3rados libros. Ti\u00f1a un don especial para implicarnos nos seus horizontes lonxincuos, ti\u00f1a a sensibilidade precisa e a capacidade dos grandes para non deixarnos neutros ou pasivos. Falounos do que non co\u00f1eciamos, estaba prohibido, ti\u00f1a que ser todo o que matematicamente po\u00f1\u00edan ou silenciaban os libros. Fux\u00eda de certas omisi\u00f3ns importantes e falounos de Rosal\u00eda, de Curros, de Pondal, da cultura tradicional, dos contos e adivi\u00f1as, dun mundo preto de n\u00f3s. En todos os autores que citaba arrastraba o erre, un erre vibrante e incisivo como nacido no fondo da gorxa, para imprimir unha maior vehemencia, unha destacada forma singular da s\u00faa palabra. Estaba no medio doutra xente moi especial, ch\u00f3venme no acordo D. Delio Menda\u00f1a co seu puro facendo nubes de fume,D. Glicerio Albarr\u00e1n, a Nacha -a quen vi\u00f1a buscar o seu marido Ricardo Carvalho Calero, a Torviso, a Pegaso, a Teijeiro, Fouz a quen chamabamos cruelmente Cabezolo, D. Froil\u00e1n, o seu sobri\u00f1o Pepito el R\u00e1pido, D.Pedro L\u00f3pez Rub\u00edn, D. Segundo, a Pimentel esposa de D. Xes\u00fas e naidos seus tres fillos que tam\u00e9n foi profesora mi\u00f1a. E polo medio Mari\u00f1as, o bedel, tocando a camp\u00e1 nos corredores de arriba e de abaixo, pois daquelas nin timbre hab\u00eda!<\/p>\n\n\n\n<p>En Maxisterio o conto foi distinto, xa ti\u00f1amos algo de cabeza, non moita, e dab\u00e1monos conta da necesidade de acadar argumentos para o labor que de n\u00f3s se agardaba. Frouxa preparaci\u00f3n e pouco tempo para oque logo ser\u00eda unha docencia en arquitecturas case imposibles das que ningu\u00e9n nos falara nin advertira, presentidos si de Alonso Montero que era profesor de Lingua e Literatura, ademais de grande orador e desabernos seducir por entre so\u00f1os, cando petaba nas nosas durmidas conciencias e espertaba aquelas palabras de compromiso e verdade ignorada. Ai, a Nosa Lingua tan maltratada! E ser\u00eda fundamento de moitos de n\u00f3s, sen abondar en insistencias. D. Xes\u00fas chegaba a facernos unha aproximaci\u00f3n e despois n\u00f3s, interiorizar as furtivas lecci\u00f3ns que asegundaban a s\u00faa mensaxe. Nin sequera cumpr\u00eda mirar ao lonxe. Hab\u00eda que mirar ao redor, no Noso, e ademais motiv\u00e1banos na compracencia de restarlle azos ao auto-odio, tan instalado e que tanto dano causaba en todos. Motiv\u00e1banos para que a aprendizaxe fose m\u00e1is doada e a partir de al\u00ed observar e ler, comprobar e auto-convencerse de que \u201co noso\u201d era tan bo e mellor que todo aquilo que vi\u00f1a de f\u00f3ra. Non era acumular informaci\u00f3ns ou buscalas, hab\u00eda que facer algo con elas e desde logo era necesario asumilas para darnos conta de que a Nosa Lingua e a Nosa Cultura ti\u00f1an o alivio e o con solo \u201cclandestino\u201dnaquela \u00e9poca gris e de tanta soidade.<\/p>\n\n\n\n<p>Quince anos botou en Lugo e deixou pegada fonda en toda a xente que o co\u00f1ecemos, tivemos a sorte de estar nas s\u00faas clases e mirar moito m\u00e1is al\u00e1 novos horizontes. No aqu\u00e9n estaba o conforto e os necesarios aloumi\u00f1os do que \u00e9 Noso en posesi\u00f3n, \u00e9 esa fiestra \u00fatil para ver oMundo que nos habita e sinala onde atopar luz. Despois de todo aquilo, at\u00f3poo a\u00ednda en p\u00e9 de par\u00e1bola e dignidade, en actos da Memoria, en actos do Piloto en Chantada, de Gayoso e Seoane na Coru\u00f1a, de Isaac D\u00edaz Pardo en Compostela, en Gres e mil novos lugares. Cos seus noventa e cinco anos segue a darnos esa lecci\u00f3n maxistral do argumento en paradigma, esa prudente lecci\u00f3n da vida que nunca se acaba mentres nos saibamos uns nos outros. D. Xes\u00fas, sempre agradecido.<\/p>\n","protected":false},"excerpt":{"rendered":"<div class=\"mh-excerpt\"><p>Hai d\u00edas atr\u00e1s celebrouse en Lugo un acto de merecida homenaxe dedicada a un profesor de moitas xeraci\u00f3ns. Anque despois de ver os marabillosos textos que escribiron e publicaron sobre del, en diversos medios de <a class=\"mh-excerpt-more\" href=\"https:\/\/www.anovapeneira.gal\/index.php\/2024\/08\/21\/o-19-de-abril-do-2024-en-lugo-homenaxe-a-alonso-montero\/\" title=\"O 19 de abril do 2024, en Lugo, homenaxe a Alonso Montero\">[&#8230;]<\/a><\/p>\n<\/div>","protected":false},"author":5,"featured_media":12269,"comment_status":"open","ping_status":"open","sticky":false,"template":"","format":"standard","meta":{"_exactmetrics_skip_tracking":false,"_exactmetrics_sitenote_active":false,"_exactmetrics_sitenote_note":"","_exactmetrics_sitenote_category":0,"footnotes":""},"categories":[7],"tags":[1422],"class_list":{"0":"post-12266","1":"post","2":"type-post","3":"status-publish","4":"format-standard","5":"has-post-thumbnail","7":"category-artigos-de-opinion","8":"tag-alonso-montero"},"yoast_head":"<!-- This site is optimized with the Yoast SEO plugin v27.4 - https:\/\/yoast.com\/product\/yoast-seo-wordpress\/ -->\n<title>O 19 de abril do 2024, en Lugo, homenaxe a Alonso Montero -<\/title>\n<meta name=\"robots\" content=\"index, follow, max-snippet:-1, max-image-preview:large, max-video-preview:-1\" \/>\n<link rel=\"canonical\" href=\"https:\/\/www.anovapeneira.gal\/index.php\/2024\/08\/21\/o-19-de-abril-do-2024-en-lugo-homenaxe-a-alonso-montero\/\" \/>\n<meta property=\"og:locale\" content=\"gl_ES\" \/>\n<meta property=\"og:type\" content=\"article\" \/>\n<meta property=\"og:title\" content=\"O 19 de abril do 2024, en Lugo, homenaxe a Alonso Montero -\" \/>\n<meta property=\"og:description\" content=\"Hai d\u00edas atr\u00e1s celebrouse en Lugo un acto de merecida homenaxe dedicada a un profesor de moitas xeraci\u00f3ns. Anque despois de ver os marabillosos textos que escribiron e publicaron sobre del, en diversos medios de [...]\" \/>\n<meta property=\"og:url\" content=\"https:\/\/www.anovapeneira.gal\/index.php\/2024\/08\/21\/o-19-de-abril-do-2024-en-lugo-homenaxe-a-alonso-montero\/\" \/>\n<meta property=\"article:publisher\" content=\"https:\/\/www.facebook.com\/anovapeneira\" \/>\n<meta property=\"article:published_time\" content=\"2024-08-21T10:00:56+00:00\" \/>\n<meta property=\"og:image\" content=\"https:\/\/www.anovapeneira.gal\/wp-content\/uploads\/2024\/08\/alonsomontero_biblioteca_Galicia.png\" \/>\n\t<meta property=\"og:image:width\" content=\"720\" \/>\n\t<meta property=\"og:image:height\" content=\"432\" \/>\n\t<meta property=\"og:image:type\" content=\"image\/png\" \/>\n<meta name=\"author\" content=\"Baldomero Iglesias Dobarrio, Mero\" \/>\n<meta name=\"twitter:card\" content=\"summary_large_image\" \/>\n<meta name=\"twitter:creator\" content=\"@APeneira\" \/>\n<meta name=\"twitter:site\" content=\"@APeneira\" \/>\n<meta name=\"twitter:label1\" content=\"Escrito por\" \/>\n\t<meta name=\"twitter:data1\" content=\"Baldomero Iglesias Dobarrio, Mero\" \/>\n\t<meta name=\"twitter:label2\" content=\"Tempo de lectura\" \/>\n\t<meta name=\"twitter:data2\" content=\"6 minutos\" \/>\n<script type=\"application\/ld+json\" class=\"yoast-schema-graph\">{\"@context\":\"https:\\\/\\\/schema.org\",\"@graph\":[{\"@type\":\"Article\",\"@id\":\"https:\\\/\\\/www.anovapeneira.gal\\\/index.php\\\/2024\\\/08\\\/21\\\/o-19-de-abril-do-2024-en-lugo-homenaxe-a-alonso-montero\\\/#article\",\"isPartOf\":{\"@id\":\"https:\\\/\\\/www.anovapeneira.gal\\\/index.php\\\/2024\\\/08\\\/21\\\/o-19-de-abril-do-2024-en-lugo-homenaxe-a-alonso-montero\\\/\"},\"author\":{\"name\":\"Baldomero Iglesias Dobarrio, Mero\",\"@id\":\"https:\\\/\\\/www.anovapeneira.gal\\\/#\\\/schema\\\/person\\\/b051ed40cfc100e281476674783b32fc\"},\"headline\":\"O 19 de abril do 2024, en Lugo, homenaxe a Alonso Montero\",\"datePublished\":\"2024-08-21T10:00:56+00:00\",\"mainEntityOfPage\":{\"@id\":\"https:\\\/\\\/www.anovapeneira.gal\\\/index.php\\\/2024\\\/08\\\/21\\\/o-19-de-abril-do-2024-en-lugo-homenaxe-a-alonso-montero\\\/\"},\"wordCount\":953,\"commentCount\":0,\"publisher\":{\"@id\":\"https:\\\/\\\/www.anovapeneira.gal\\\/#organization\"},\"image\":{\"@id\":\"https:\\\/\\\/www.anovapeneira.gal\\\/index.php\\\/2024\\\/08\\\/21\\\/o-19-de-abril-do-2024-en-lugo-homenaxe-a-alonso-montero\\\/#primaryimage\"},\"thumbnailUrl\":\"https:\\\/\\\/www.anovapeneira.gal\\\/wp-content\\\/uploads\\\/2024\\\/08\\\/alonsomontero_biblioteca_Galicia.png\",\"keywords\":[\"Alonso Montero\"],\"articleSection\":[\"Artigos de opini\u00f3n\"],\"inLanguage\":\"gl-ES\",\"potentialAction\":[{\"@type\":\"CommentAction\",\"name\":\"Comment\",\"target\":[\"https:\\\/\\\/www.anovapeneira.gal\\\/index.php\\\/2024\\\/08\\\/21\\\/o-19-de-abril-do-2024-en-lugo-homenaxe-a-alonso-montero\\\/#respond\"]}]},{\"@type\":\"WebPage\",\"@id\":\"https:\\\/\\\/www.anovapeneira.gal\\\/index.php\\\/2024\\\/08\\\/21\\\/o-19-de-abril-do-2024-en-lugo-homenaxe-a-alonso-montero\\\/\",\"url\":\"https:\\\/\\\/www.anovapeneira.gal\\\/index.php\\\/2024\\\/08\\\/21\\\/o-19-de-abril-do-2024-en-lugo-homenaxe-a-alonso-montero\\\/\",\"name\":\"O 19 de abril do 2024, en Lugo, homenaxe a Alonso Montero -\",\"isPartOf\":{\"@id\":\"https:\\\/\\\/www.anovapeneira.gal\\\/#website\"},\"primaryImageOfPage\":{\"@id\":\"https:\\\/\\\/www.anovapeneira.gal\\\/index.php\\\/2024\\\/08\\\/21\\\/o-19-de-abril-do-2024-en-lugo-homenaxe-a-alonso-montero\\\/#primaryimage\"},\"image\":{\"@id\":\"https:\\\/\\\/www.anovapeneira.gal\\\/index.php\\\/2024\\\/08\\\/21\\\/o-19-de-abril-do-2024-en-lugo-homenaxe-a-alonso-montero\\\/#primaryimage\"},\"thumbnailUrl\":\"https:\\\/\\\/www.anovapeneira.gal\\\/wp-content\\\/uploads\\\/2024\\\/08\\\/alonsomontero_biblioteca_Galicia.png\",\"datePublished\":\"2024-08-21T10:00:56+00:00\",\"breadcrumb\":{\"@id\":\"https:\\\/\\\/www.anovapeneira.gal\\\/index.php\\\/2024\\\/08\\\/21\\\/o-19-de-abril-do-2024-en-lugo-homenaxe-a-alonso-montero\\\/#breadcrumb\"},\"inLanguage\":\"gl-ES\",\"potentialAction\":[{\"@type\":\"ReadAction\",\"target\":[\"https:\\\/\\\/www.anovapeneira.gal\\\/index.php\\\/2024\\\/08\\\/21\\\/o-19-de-abril-do-2024-en-lugo-homenaxe-a-alonso-montero\\\/\"]}]},{\"@type\":\"ImageObject\",\"inLanguage\":\"gl-ES\",\"@id\":\"https:\\\/\\\/www.anovapeneira.gal\\\/index.php\\\/2024\\\/08\\\/21\\\/o-19-de-abril-do-2024-en-lugo-homenaxe-a-alonso-montero\\\/#primaryimage\",\"url\":\"https:\\\/\\\/www.anovapeneira.gal\\\/wp-content\\\/uploads\\\/2024\\\/08\\\/alonsomontero_biblioteca_Galicia.png\",\"contentUrl\":\"https:\\\/\\\/www.anovapeneira.gal\\\/wp-content\\\/uploads\\\/2024\\\/08\\\/alonsomontero_biblioteca_Galicia.png\",\"width\":720,\"height\":432,\"caption\":\"Imaxe: Biblioteca de Galicia\"},{\"@type\":\"BreadcrumbList\",\"@id\":\"https:\\\/\\\/www.anovapeneira.gal\\\/index.php\\\/2024\\\/08\\\/21\\\/o-19-de-abril-do-2024-en-lugo-homenaxe-a-alonso-montero\\\/#breadcrumb\",\"itemListElement\":[{\"@type\":\"ListItem\",\"position\":1,\"name\":\"Portada\",\"item\":\"https:\\\/\\\/www.anovapeneira.gal\\\/\"},{\"@type\":\"ListItem\",\"position\":2,\"name\":\"O 19 de abril do 2024, en Lugo, homenaxe a Alonso Montero\"}]},{\"@type\":\"WebSite\",\"@id\":\"https:\\\/\\\/www.anovapeneira.gal\\\/#website\",\"url\":\"https:\\\/\\\/www.anovapeneira.gal\\\/\",\"name\":\"\",\"description\":\"Xornal galego de informaci\u00f3n xeral Publicaci\u00f3n mensual de novas de Galicia e en especial dos Concellos da sur da provincia de Pontevedra.\",\"publisher\":{\"@id\":\"https:\\\/\\\/www.anovapeneira.gal\\\/#organization\"},\"potentialAction\":[{\"@type\":\"SearchAction\",\"target\":{\"@type\":\"EntryPoint\",\"urlTemplate\":\"https:\\\/\\\/www.anovapeneira.gal\\\/?s={search_term_string}\"},\"query-input\":{\"@type\":\"PropertyValueSpecification\",\"valueRequired\":true,\"valueName\":\"search_term_string\"}}],\"inLanguage\":\"gl-ES\"},{\"@type\":\"Organization\",\"@id\":\"https:\\\/\\\/www.anovapeneira.gal\\\/#organization\",\"name\":\"A Nova Peneira\",\"url\":\"https:\\\/\\\/www.anovapeneira.gal\\\/\",\"logo\":{\"@type\":\"ImageObject\",\"inLanguage\":\"gl-ES\",\"@id\":\"https:\\\/\\\/www.anovapeneira.gal\\\/#\\\/schema\\\/logo\\\/image\\\/\",\"url\":\"http:\\\/\\\/www.anovapeneira.gal\\\/wp-content\\\/uploads\\\/2019\\\/06\\\/logo_a_nova_peneira_portal_web.png\",\"contentUrl\":\"http:\\\/\\\/www.anovapeneira.gal\\\/wp-content\\\/uploads\\\/2019\\\/06\\\/logo_a_nova_peneira_portal_web.png\",\"width\":300,\"height\":100,\"caption\":\"A Nova Peneira\"},\"image\":{\"@id\":\"https:\\\/\\\/www.anovapeneira.gal\\\/#\\\/schema\\\/logo\\\/image\\\/\"},\"sameAs\":[\"https:\\\/\\\/www.facebook.com\\\/anovapeneira\",\"https:\\\/\\\/x.com\\\/APeneira\"]},{\"@type\":\"Person\",\"@id\":\"https:\\\/\\\/www.anovapeneira.gal\\\/#\\\/schema\\\/person\\\/b051ed40cfc100e281476674783b32fc\",\"name\":\"Baldomero Iglesias Dobarrio, Mero\",\"image\":{\"@type\":\"ImageObject\",\"inLanguage\":\"gl-ES\",\"@id\":\"https:\\\/\\\/secure.gravatar.com\\\/avatar\\\/ca78fc089f8cf28197f88de2c9ac213e2f7d2097d8e359d9359b8778b539c59d?s=96&d=mm&r=g\",\"url\":\"https:\\\/\\\/secure.gravatar.com\\\/avatar\\\/ca78fc089f8cf28197f88de2c9ac213e2f7d2097d8e359d9359b8778b539c59d?s=96&d=mm&r=g\",\"contentUrl\":\"https:\\\/\\\/secure.gravatar.com\\\/avatar\\\/ca78fc089f8cf28197f88de2c9ac213e2f7d2097d8e359d9359b8778b539c59d?s=96&d=mm&r=g\",\"caption\":\"Baldomero Iglesias Dobarrio, Mero\"},\"sameAs\":[\"http:\\\/\\\/anovapeneira.gal\"],\"url\":\"https:\\\/\\\/www.anovapeneira.gal\\\/index.php\\\/author\\\/opinionmero\\\/\"}]}<\/script>\n<!-- \/ Yoast SEO plugin. -->","yoast_head_json":{"title":"O 19 de abril do 2024, en Lugo, homenaxe a Alonso Montero -","robots":{"index":"index","follow":"follow","max-snippet":"max-snippet:-1","max-image-preview":"max-image-preview:large","max-video-preview":"max-video-preview:-1"},"canonical":"https:\/\/www.anovapeneira.gal\/index.php\/2024\/08\/21\/o-19-de-abril-do-2024-en-lugo-homenaxe-a-alonso-montero\/","og_locale":"gl_ES","og_type":"article","og_title":"O 19 de abril do 2024, en Lugo, homenaxe a Alonso Montero -","og_description":"Hai d\u00edas atr\u00e1s celebrouse en Lugo un acto de merecida homenaxe dedicada a un profesor de moitas xeraci\u00f3ns. Anque despois de ver os marabillosos textos que escribiron e publicaron sobre del, en diversos medios de [...]","og_url":"https:\/\/www.anovapeneira.gal\/index.php\/2024\/08\/21\/o-19-de-abril-do-2024-en-lugo-homenaxe-a-alonso-montero\/","article_publisher":"https:\/\/www.facebook.com\/anovapeneira","article_published_time":"2024-08-21T10:00:56+00:00","og_image":[{"width":720,"height":432,"url":"https:\/\/www.anovapeneira.gal\/wp-content\/uploads\/2024\/08\/alonsomontero_biblioteca_Galicia.png","type":"image\/png"}],"author":"Baldomero Iglesias Dobarrio, Mero","twitter_card":"summary_large_image","twitter_creator":"@APeneira","twitter_site":"@APeneira","twitter_misc":{"Escrito por":"Baldomero Iglesias Dobarrio, Mero","Tempo de lectura":"6 minutos"},"schema":{"@context":"https:\/\/schema.org","@graph":[{"@type":"Article","@id":"https:\/\/www.anovapeneira.gal\/index.php\/2024\/08\/21\/o-19-de-abril-do-2024-en-lugo-homenaxe-a-alonso-montero\/#article","isPartOf":{"@id":"https:\/\/www.anovapeneira.gal\/index.php\/2024\/08\/21\/o-19-de-abril-do-2024-en-lugo-homenaxe-a-alonso-montero\/"},"author":{"name":"Baldomero Iglesias Dobarrio, Mero","@id":"https:\/\/www.anovapeneira.gal\/#\/schema\/person\/b051ed40cfc100e281476674783b32fc"},"headline":"O 19 de abril do 2024, en Lugo, homenaxe a Alonso Montero","datePublished":"2024-08-21T10:00:56+00:00","mainEntityOfPage":{"@id":"https:\/\/www.anovapeneira.gal\/index.php\/2024\/08\/21\/o-19-de-abril-do-2024-en-lugo-homenaxe-a-alonso-montero\/"},"wordCount":953,"commentCount":0,"publisher":{"@id":"https:\/\/www.anovapeneira.gal\/#organization"},"image":{"@id":"https:\/\/www.anovapeneira.gal\/index.php\/2024\/08\/21\/o-19-de-abril-do-2024-en-lugo-homenaxe-a-alonso-montero\/#primaryimage"},"thumbnailUrl":"https:\/\/www.anovapeneira.gal\/wp-content\/uploads\/2024\/08\/alonsomontero_biblioteca_Galicia.png","keywords":["Alonso Montero"],"articleSection":["Artigos de opini\u00f3n"],"inLanguage":"gl-ES","potentialAction":[{"@type":"CommentAction","name":"Comment","target":["https:\/\/www.anovapeneira.gal\/index.php\/2024\/08\/21\/o-19-de-abril-do-2024-en-lugo-homenaxe-a-alonso-montero\/#respond"]}]},{"@type":"WebPage","@id":"https:\/\/www.anovapeneira.gal\/index.php\/2024\/08\/21\/o-19-de-abril-do-2024-en-lugo-homenaxe-a-alonso-montero\/","url":"https:\/\/www.anovapeneira.gal\/index.php\/2024\/08\/21\/o-19-de-abril-do-2024-en-lugo-homenaxe-a-alonso-montero\/","name":"O 19 de abril do 2024, en Lugo, homenaxe a Alonso Montero -","isPartOf":{"@id":"https:\/\/www.anovapeneira.gal\/#website"},"primaryImageOfPage":{"@id":"https:\/\/www.anovapeneira.gal\/index.php\/2024\/08\/21\/o-19-de-abril-do-2024-en-lugo-homenaxe-a-alonso-montero\/#primaryimage"},"image":{"@id":"https:\/\/www.anovapeneira.gal\/index.php\/2024\/08\/21\/o-19-de-abril-do-2024-en-lugo-homenaxe-a-alonso-montero\/#primaryimage"},"thumbnailUrl":"https:\/\/www.anovapeneira.gal\/wp-content\/uploads\/2024\/08\/alonsomontero_biblioteca_Galicia.png","datePublished":"2024-08-21T10:00:56+00:00","breadcrumb":{"@id":"https:\/\/www.anovapeneira.gal\/index.php\/2024\/08\/21\/o-19-de-abril-do-2024-en-lugo-homenaxe-a-alonso-montero\/#breadcrumb"},"inLanguage":"gl-ES","potentialAction":[{"@type":"ReadAction","target":["https:\/\/www.anovapeneira.gal\/index.php\/2024\/08\/21\/o-19-de-abril-do-2024-en-lugo-homenaxe-a-alonso-montero\/"]}]},{"@type":"ImageObject","inLanguage":"gl-ES","@id":"https:\/\/www.anovapeneira.gal\/index.php\/2024\/08\/21\/o-19-de-abril-do-2024-en-lugo-homenaxe-a-alonso-montero\/#primaryimage","url":"https:\/\/www.anovapeneira.gal\/wp-content\/uploads\/2024\/08\/alonsomontero_biblioteca_Galicia.png","contentUrl":"https:\/\/www.anovapeneira.gal\/wp-content\/uploads\/2024\/08\/alonsomontero_biblioteca_Galicia.png","width":720,"height":432,"caption":"Imaxe: Biblioteca de Galicia"},{"@type":"BreadcrumbList","@id":"https:\/\/www.anovapeneira.gal\/index.php\/2024\/08\/21\/o-19-de-abril-do-2024-en-lugo-homenaxe-a-alonso-montero\/#breadcrumb","itemListElement":[{"@type":"ListItem","position":1,"name":"Portada","item":"https:\/\/www.anovapeneira.gal\/"},{"@type":"ListItem","position":2,"name":"O 19 de abril do 2024, en Lugo, homenaxe a Alonso Montero"}]},{"@type":"WebSite","@id":"https:\/\/www.anovapeneira.gal\/#website","url":"https:\/\/www.anovapeneira.gal\/","name":"","description":"Xornal galego de informaci\u00f3n xeral Publicaci\u00f3n mensual de novas de Galicia e en especial dos Concellos da sur da provincia de Pontevedra.","publisher":{"@id":"https:\/\/www.anovapeneira.gal\/#organization"},"potentialAction":[{"@type":"SearchAction","target":{"@type":"EntryPoint","urlTemplate":"https:\/\/www.anovapeneira.gal\/?s={search_term_string}"},"query-input":{"@type":"PropertyValueSpecification","valueRequired":true,"valueName":"search_term_string"}}],"inLanguage":"gl-ES"},{"@type":"Organization","@id":"https:\/\/www.anovapeneira.gal\/#organization","name":"A Nova Peneira","url":"https:\/\/www.anovapeneira.gal\/","logo":{"@type":"ImageObject","inLanguage":"gl-ES","@id":"https:\/\/www.anovapeneira.gal\/#\/schema\/logo\/image\/","url":"http:\/\/www.anovapeneira.gal\/wp-content\/uploads\/2019\/06\/logo_a_nova_peneira_portal_web.png","contentUrl":"http:\/\/www.anovapeneira.gal\/wp-content\/uploads\/2019\/06\/logo_a_nova_peneira_portal_web.png","width":300,"height":100,"caption":"A Nova Peneira"},"image":{"@id":"https:\/\/www.anovapeneira.gal\/#\/schema\/logo\/image\/"},"sameAs":["https:\/\/www.facebook.com\/anovapeneira","https:\/\/x.com\/APeneira"]},{"@type":"Person","@id":"https:\/\/www.anovapeneira.gal\/#\/schema\/person\/b051ed40cfc100e281476674783b32fc","name":"Baldomero Iglesias Dobarrio, Mero","image":{"@type":"ImageObject","inLanguage":"gl-ES","@id":"https:\/\/secure.gravatar.com\/avatar\/ca78fc089f8cf28197f88de2c9ac213e2f7d2097d8e359d9359b8778b539c59d?s=96&d=mm&r=g","url":"https:\/\/secure.gravatar.com\/avatar\/ca78fc089f8cf28197f88de2c9ac213e2f7d2097d8e359d9359b8778b539c59d?s=96&d=mm&r=g","contentUrl":"https:\/\/secure.gravatar.com\/avatar\/ca78fc089f8cf28197f88de2c9ac213e2f7d2097d8e359d9359b8778b539c59d?s=96&d=mm&r=g","caption":"Baldomero Iglesias Dobarrio, Mero"},"sameAs":["http:\/\/anovapeneira.gal"],"url":"https:\/\/www.anovapeneira.gal\/index.php\/author\/opinionmero\/"}]}},"jetpack_featured_media_url":"https:\/\/www.anovapeneira.gal\/wp-content\/uploads\/2024\/08\/alonsomontero_biblioteca_Galicia.png","_links":{"self":[{"href":"https:\/\/www.anovapeneira.gal\/index.php\/wp-json\/wp\/v2\/posts\/12266","targetHints":{"allow":["GET"]}}],"collection":[{"href":"https:\/\/www.anovapeneira.gal\/index.php\/wp-json\/wp\/v2\/posts"}],"about":[{"href":"https:\/\/www.anovapeneira.gal\/index.php\/wp-json\/wp\/v2\/types\/post"}],"author":[{"embeddable":true,"href":"https:\/\/www.anovapeneira.gal\/index.php\/wp-json\/wp\/v2\/users\/5"}],"replies":[{"embeddable":true,"href":"https:\/\/www.anovapeneira.gal\/index.php\/wp-json\/wp\/v2\/comments?post=12266"}],"version-history":[{"count":2,"href":"https:\/\/www.anovapeneira.gal\/index.php\/wp-json\/wp\/v2\/posts\/12266\/revisions"}],"predecessor-version":[{"id":12270,"href":"https:\/\/www.anovapeneira.gal\/index.php\/wp-json\/wp\/v2\/posts\/12266\/revisions\/12270"}],"wp:featuredmedia":[{"embeddable":true,"href":"https:\/\/www.anovapeneira.gal\/index.php\/wp-json\/wp\/v2\/media\/12269"}],"wp:attachment":[{"href":"https:\/\/www.anovapeneira.gal\/index.php\/wp-json\/wp\/v2\/media?parent=12266"}],"wp:term":[{"taxonomy":"category","embeddable":true,"href":"https:\/\/www.anovapeneira.gal\/index.php\/wp-json\/wp\/v2\/categories?post=12266"},{"taxonomy":"post_tag","embeddable":true,"href":"https:\/\/www.anovapeneira.gal\/index.php\/wp-json\/wp\/v2\/tags?post=12266"}],"curies":[{"name":"wp","href":"https:\/\/api.w.org\/{rel}","templated":true}]}}