{"id":1227,"date":"2019-09-12T14:00:31","date_gmt":"2019-09-12T12:00:31","guid":{"rendered":"http:\/\/www.anovapeneira.gal\/?p=1227"},"modified":"2019-09-09T16:08:26","modified_gmt":"2019-09-09T14:08:26","slug":"a-rodaxe-do-filme-documental-sobre-moncho-reboiras-chega-a-vigo","status":"publish","type":"post","link":"https:\/\/www.anovapeneira.gal\/index.php\/2019\/09\/12\/a-rodaxe-do-filme-documental-sobre-moncho-reboiras-chega-a-vigo\/","title":{"rendered":"A rodaxe do filme documental sobre Moncho Reboiras chega a Vigo"},"content":{"rendered":"\n<h2 class=\"wp-block-heading\"><strong>Moncho\nReboiras viviu varios anos da s\u00faa infancia e adolescencia en Teis,\nun dos escenarios onde se filma o documental.<\/strong><\/h2>\n\n\n\n<h2 class=\"wp-block-heading\"><strong>O filme\ndocumental&nbsp;<\/strong><em><strong>Reboiras.\nAcci\u00f3n e coraz\u00f3n<\/strong><\/em><strong>&nbsp;chegar\u00e1\n\u00e1s pantallas en 2020, levando por vez primeira a vida de Moncho\nReboiras ao cinema.<\/strong><\/h2>\n\n\n\n<p>O\nbarrio vigu\u00e9s de Teis acolleu a rodaxe do filme documental&nbsp;<em>Reboiras,\nAcci\u00f3n e Coraz\u00f3n,&nbsp;<\/em>que levar\u00e1\npor primeira vez \u00e1 pantalla a vida de Xos\u00e9 Ram\u00f3n Reboiras Noia,\nnacionalista galego asasinado en 12 de agosto de 1975 pola ditadura\nfranquista.<\/p>\n\n\n\n<p>O\ndirector da longametraxe, Alberte Mera, entrevistou esta ma\u00f1\u00e1 no\nparque da Gu\u00eda, en Teis, Xoaqu\u00edn M\u00e9ndez Anta, quen co\u00f1eceu\nReboiras desde moi novo, xa que ambos viv\u00edan no mesmo barrio e\nparticiparon da vida pol\u00edtica e cultural clandestina na cidade,\ntendo como eixo a actividade da Asociaic\u00f3n Cultural de Vigo, un\nimportante epicentro do nacionalismo galego na \u00e9poca. Ambos\ncompartiron militancia na daquelas clandestina Uni\u00f3n do Povo Galego\n(UPG). Esta semana tam\u00e9n gravar\u00e1n no barrio de Teis Luz Rei, Xes\u00fans\nSanxu\u00e1s, Xos\u00e9 Moa e o hist\u00f3rico sindicalista da CIG Manuel Mera e\nactual secretario da Fundaci\u00f3n Moncho Reboiras, todos eles\ncompartiron actividade e afiliaci\u00f3n pol\u00edtica con Moncho.&nbsp;<\/p>\n\n\n\n<p>Resaltou\nM\u00e9ndez Anta durante o transcurso da entrevista a valent\u00eda e\nxenerosidade de Moncho e o seu papel fundamental \u00e1 hora de artellar\no sindicalismo nacionalista, as\u00ed como a grande capacidade de\nReboiras para organizar e aglutinar traballadores e traballadoras nos\nanos da ditadura.<\/p>\n\n\n\n<p><strong>Reboiras\nen Vigo<\/strong><\/p>\n\n\n\n<p>Xos\u00e9\nRam\u00f3n Reboiras Noia naceu o 19 de xaneiro de 1950 en Imo, na\nparroquia de San Xo\u00e1n de Lai\u00f1o, no Concello de Dodro, nunha familia\nlabrega que poucos anos despois tivo que trasladarse \u00e1 cidade na\nbusca de mellores condici\u00f3ns de vida.<\/p>\n\n\n\n<p>En\nVigo e mentres o pai traballaba embarcado, Moncho estudaba o\nbacharelato e atend\u00eda o bar Reboiras en Teis, que a s\u00faa familia\npuxera cos seus aforros. Na segunda metade da d\u00e9cada dos sesenta\ncomezou a involucrearse na&nbsp;<em>Asociaci\u00f3n\nO Castro<\/em>, logo do contacto co\nxesu\u00edta Xaime Seixas Subir\u00e1, o Pai Seixas.<\/p>\n\n\n\n<p>Rematou\nos seus estudos no ensino medio no Instituto Santa Irene de Vigo,\niniciando a s\u00faa andaina no ensino superior na Escola de Enxe\u00f1er\u00eda\nIndustrial na r\u00faa Torrecedeira. Nese tr\u00e1nsito acad\u00e9mico e vital,\nReboiras comezar\u00eda a s\u00faa militancia pol\u00edtica clandestina na&nbsp;<em>Uni\u00f3n\ndo Pobo Galego<\/em>&nbsp;en 1969.<\/p>\n\n\n\n<p>Desde\nVigo percorreu toda Galiza organizando centos de persoas no\nnacionalismo a trav\u00e9s das distintas frentes de actuaci\u00f3n que a UPG\npromov\u00eda no pa\u00eds, como a frente cultural, sindical ou pol\u00edtica.<\/p>\n\n\n\n<p>O\n12 de agosto de 1975, estando en Ferrol para estender o movemento\nsindical nesta cidade, foi asasinado a tiros pola polic\u00eda da\nditadura franquista, sendo a \u00faltima v\u00edtima mortal en territorio\ngalego.<\/p>\n\n\n\n<p><strong>O\ndocumental <\/strong>\n<\/p>\n\n\n\n<p>A\nlongametraxe documental&nbsp;<em>Reboiras.\nAcci\u00f3n e coraz\u00f3n<\/em>&nbsp;xa est\u00e1 na\nfase de rodaxe, ap\u00f3s remataren os \u00faltimos aspectos da preproduci\u00f3n.\nTr\u00e1tase da primeira pel\u00edcula sobre&nbsp;<strong>Xos\u00e9\nRam\u00f3n Reboiras Noia<\/strong>&nbsp;e ver\u00e1 a\nluz no ano 2020, cadrando co 45 aniversario do seu asasinato.<\/p>\n\n\n\n<p>O\nfilme prod\u00faceo a&nbsp;<strong>Fundaci\u00f3n\nTerra e Tempo<\/strong>&nbsp;e dir\u00edxeo&nbsp;<strong>Alberte\nMera,<\/strong>&nbsp;quen reconstruir\u00e1 a vida\nde Reboiras e o seu pensamento a trav\u00e9s de entrevistas a&nbsp;<strong>m\u00e1is\nde 15 testemu\u00f1as<\/strong>&nbsp;que\npartillaron diversas etapas da vida con el. Ademais, a pel\u00edcula\nincluir\u00e1 secuencias audiovisuais que recrear\u00e1n momentos de\nrelevancia na vida de Reboiras e que se realizar\u00e1n en colaboraci\u00f3n\ncon N\u00f3s Produtora Cinematogr\u00e1fica Galega. Desta maneira, a obra\ncomporase de entrevistas, da recreaci\u00f3n de momentos claves e tam\u00e9n\nde material de arquivo xa existente as\u00ed como de documentos que se\nre\u00fanan durante os traballos de documentaci\u00f3n e rodaxe.<\/p>\n\n\n\n<p>Alberte\nMera salientou que \u201cas claves do filme son precisamente a\npresentaci\u00f3n humana de Moncho Reboiras e a construci\u00f3n do mito\ndesde a vertente humana\u201d.<\/p>\n\n\n\n<p><strong>Contin\u00faa\naberta a campa\u00f1a de micromecenado<\/strong><\/p>\n\n\n\n<p><a href=\"https:\/\/www.goteo.org\/project\/reboiras-accion-e-corazon\">Para\nfacer pos\u00edbel o primeiro filme sobre Moncho Reboiras, a Fundaci\u00f3n\nTerra e Tempo puixo en marcha unha campa\u00f1a de micromecenado para que\ntodas as persoas que desexen colaborar poidan facer as s\u00faas doaz\u00f3ns\na trav\u00e9s da web\nhttps:\/\/gl.goteo.org\/project\/reboiras-accion-e-corazon<\/a><\/p>\n\n\n\n<p>As\nachegas realizadas a este proxecto a trav\u00e9s da plataforma da\nFundaci\u00f3n Goteo poder\u00e1n desgravar entre un 30 e un 75% do importe.<\/p>\n\n\n\n<p>As\npersoas que desexen participar no micromecenado poder\u00e1n escoller\nentre diversas modalidades de achegas (10, 20, 50, 200 ou 500 euros).\nEn funci\u00f3n da opci\u00f3n escollida, recibir\u00e1n unha serie de obsequios\ncos que a Fundaci\u00f3n Terra e Tempo desexa agradecer a s\u00faa\nimplicaci\u00f3n.<\/p>\n","protected":false},"excerpt":{"rendered":"<div class=\"mh-excerpt\"><p>Moncho Reboiras viviu varios anos da s\u00faa infancia e adolescencia en Teis, un dos escenarios onde se filma o documental <a class=\"mh-excerpt-more\" href=\"https:\/\/www.anovapeneira.gal\/index.php\/2019\/09\/12\/a-rodaxe-do-filme-documental-sobre-moncho-reboiras-chega-a-vigo\/\" title=\"A rodaxe do filme documental sobre Moncho Reboiras chega a Vigo\">[&#8230;]<\/a><\/p>\n<\/div>","protected":false},"author":3,"featured_media":1228,"comment_status":"open","ping_status":"open","sticky":false,"template":"","format":"standard","meta":{"_exactmetrics_skip_tracking":false,"_exactmetrics_sitenote_active":false,"_exactmetrics_sitenote_note":"","_exactmetrics_sitenote_category":0,"footnotes":""},"categories":[19],"tags":[568,227,199,567,87],"class_list":{"0":"post-1227","1":"post","2":"type-post","3":"status-publish","4":"format-standard","5":"has-post-thumbnail","7":"category-vigo","8":"tag-barrio-de-teis","9":"tag-concello-de-vigo","10":"tag-franquismo","11":"tag-moncho-reboiras","12":"tag-nacionalismo-galego"},"yoast_head":"<!-- This site is optimized with the Yoast SEO plugin v27.4 - https:\/\/yoast.com\/product\/yoast-seo-wordpress\/ -->\n<title>A rodaxe do filme documental sobre Moncho Reboiras chega a Vigo -<\/title>\n<meta name=\"robots\" content=\"index, follow, max-snippet:-1, max-image-preview:large, max-video-preview:-1\" \/>\n<link rel=\"canonical\" href=\"https:\/\/www.anovapeneira.gal\/index.php\/2019\/09\/12\/a-rodaxe-do-filme-documental-sobre-moncho-reboiras-chega-a-vigo\/\" \/>\n<meta property=\"og:locale\" content=\"gl_ES\" \/>\n<meta property=\"og:type\" content=\"article\" \/>\n<meta property=\"og:title\" content=\"A rodaxe do filme documental sobre Moncho Reboiras chega a Vigo -\" \/>\n<meta property=\"og:description\" content=\"Moncho Reboiras viviu varios anos da s\u00faa infancia e adolescencia en Teis, un dos escenarios onde se filma o documental [...]\" \/>\n<meta property=\"og:url\" content=\"https:\/\/www.anovapeneira.gal\/index.php\/2019\/09\/12\/a-rodaxe-do-filme-documental-sobre-moncho-reboiras-chega-a-vigo\/\" \/>\n<meta property=\"article:publisher\" content=\"https:\/\/www.facebook.com\/anovapeneira\" \/>\n<meta property=\"article:published_time\" content=\"2019-09-12T12:00:31+00:00\" \/>\n<meta property=\"og:image\" content=\"https:\/\/www.anovapeneira.gal\/wp-content\/uploads\/2019\/09\/Reboiras_Vigo_a_nova_peneira.jpg\" \/>\n\t<meta property=\"og:image:width\" content=\"720\" \/>\n\t<meta property=\"og:image:height\" content=\"473\" \/>\n\t<meta property=\"og:image:type\" content=\"image\/jpeg\" \/>\n<meta name=\"author\" content=\"Redacci\u00f3n A Nova Peneira\" \/>\n<meta name=\"twitter:card\" content=\"summary_large_image\" \/>\n<meta name=\"twitter:creator\" content=\"@APeneira\" \/>\n<meta name=\"twitter:site\" content=\"@APeneira\" \/>\n<meta name=\"twitter:label1\" content=\"Escrito por\" \/>\n\t<meta name=\"twitter:data1\" content=\"Redacci\u00f3n A Nova Peneira\" \/>\n\t<meta name=\"twitter:label2\" content=\"Tempo de lectura\" \/>\n\t<meta name=\"twitter:data2\" content=\"4 minutos\" \/>\n<script type=\"application\/ld+json\" class=\"yoast-schema-graph\">{\"@context\":\"https:\\\/\\\/schema.org\",\"@graph\":[{\"@type\":\"Article\",\"@id\":\"https:\\\/\\\/www.anovapeneira.gal\\\/index.php\\\/2019\\\/09\\\/12\\\/a-rodaxe-do-filme-documental-sobre-moncho-reboiras-chega-a-vigo\\\/#article\",\"isPartOf\":{\"@id\":\"https:\\\/\\\/www.anovapeneira.gal\\\/index.php\\\/2019\\\/09\\\/12\\\/a-rodaxe-do-filme-documental-sobre-moncho-reboiras-chega-a-vigo\\\/\"},\"author\":{\"name\":\"Redacci\u00f3n A Nova Peneira\",\"@id\":\"https:\\\/\\\/www.anovapeneira.gal\\\/#\\\/schema\\\/person\\\/b93e3f8932e3f8da96334607eb6ac6aa\"},\"headline\":\"A rodaxe do filme documental sobre Moncho Reboiras chega a Vigo\",\"datePublished\":\"2019-09-12T12:00:31+00:00\",\"mainEntityOfPage\":{\"@id\":\"https:\\\/\\\/www.anovapeneira.gal\\\/index.php\\\/2019\\\/09\\\/12\\\/a-rodaxe-do-filme-documental-sobre-moncho-reboiras-chega-a-vigo\\\/\"},\"wordCount\":832,\"commentCount\":0,\"publisher\":{\"@id\":\"https:\\\/\\\/www.anovapeneira.gal\\\/#organization\"},\"image\":{\"@id\":\"https:\\\/\\\/www.anovapeneira.gal\\\/index.php\\\/2019\\\/09\\\/12\\\/a-rodaxe-do-filme-documental-sobre-moncho-reboiras-chega-a-vigo\\\/#primaryimage\"},\"thumbnailUrl\":\"https:\\\/\\\/www.anovapeneira.gal\\\/wp-content\\\/uploads\\\/2019\\\/09\\\/Reboiras_Vigo_a_nova_peneira.jpg\",\"keywords\":[\"Barrio de Teis\",\"Concello de Vigo\",\"Franquismo\",\"Moncho Reboiras\",\"Nacionalismo galego\"],\"articleSection\":[\"Vigo\"],\"inLanguage\":\"gl-ES\",\"potentialAction\":[{\"@type\":\"CommentAction\",\"name\":\"Comment\",\"target\":[\"https:\\\/\\\/www.anovapeneira.gal\\\/index.php\\\/2019\\\/09\\\/12\\\/a-rodaxe-do-filme-documental-sobre-moncho-reboiras-chega-a-vigo\\\/#respond\"]}]},{\"@type\":\"WebPage\",\"@id\":\"https:\\\/\\\/www.anovapeneira.gal\\\/index.php\\\/2019\\\/09\\\/12\\\/a-rodaxe-do-filme-documental-sobre-moncho-reboiras-chega-a-vigo\\\/\",\"url\":\"https:\\\/\\\/www.anovapeneira.gal\\\/index.php\\\/2019\\\/09\\\/12\\\/a-rodaxe-do-filme-documental-sobre-moncho-reboiras-chega-a-vigo\\\/\",\"name\":\"A rodaxe do filme documental sobre Moncho Reboiras chega a Vigo -\",\"isPartOf\":{\"@id\":\"https:\\\/\\\/www.anovapeneira.gal\\\/#website\"},\"primaryImageOfPage\":{\"@id\":\"https:\\\/\\\/www.anovapeneira.gal\\\/index.php\\\/2019\\\/09\\\/12\\\/a-rodaxe-do-filme-documental-sobre-moncho-reboiras-chega-a-vigo\\\/#primaryimage\"},\"image\":{\"@id\":\"https:\\\/\\\/www.anovapeneira.gal\\\/index.php\\\/2019\\\/09\\\/12\\\/a-rodaxe-do-filme-documental-sobre-moncho-reboiras-chega-a-vigo\\\/#primaryimage\"},\"thumbnailUrl\":\"https:\\\/\\\/www.anovapeneira.gal\\\/wp-content\\\/uploads\\\/2019\\\/09\\\/Reboiras_Vigo_a_nova_peneira.jpg\",\"datePublished\":\"2019-09-12T12:00:31+00:00\",\"breadcrumb\":{\"@id\":\"https:\\\/\\\/www.anovapeneira.gal\\\/index.php\\\/2019\\\/09\\\/12\\\/a-rodaxe-do-filme-documental-sobre-moncho-reboiras-chega-a-vigo\\\/#breadcrumb\"},\"inLanguage\":\"gl-ES\",\"potentialAction\":[{\"@type\":\"ReadAction\",\"target\":[\"https:\\\/\\\/www.anovapeneira.gal\\\/index.php\\\/2019\\\/09\\\/12\\\/a-rodaxe-do-filme-documental-sobre-moncho-reboiras-chega-a-vigo\\\/\"]}]},{\"@type\":\"ImageObject\",\"inLanguage\":\"gl-ES\",\"@id\":\"https:\\\/\\\/www.anovapeneira.gal\\\/index.php\\\/2019\\\/09\\\/12\\\/a-rodaxe-do-filme-documental-sobre-moncho-reboiras-chega-a-vigo\\\/#primaryimage\",\"url\":\"https:\\\/\\\/www.anovapeneira.gal\\\/wp-content\\\/uploads\\\/2019\\\/09\\\/Reboiras_Vigo_a_nova_peneira.jpg\",\"contentUrl\":\"https:\\\/\\\/www.anovapeneira.gal\\\/wp-content\\\/uploads\\\/2019\\\/09\\\/Reboiras_Vigo_a_nova_peneira.jpg\",\"width\":720,\"height\":473,\"caption\":\"Moncho Reboiras A Nova Peneira\"},{\"@type\":\"BreadcrumbList\",\"@id\":\"https:\\\/\\\/www.anovapeneira.gal\\\/index.php\\\/2019\\\/09\\\/12\\\/a-rodaxe-do-filme-documental-sobre-moncho-reboiras-chega-a-vigo\\\/#breadcrumb\",\"itemListElement\":[{\"@type\":\"ListItem\",\"position\":1,\"name\":\"Portada\",\"item\":\"https:\\\/\\\/www.anovapeneira.gal\\\/\"},{\"@type\":\"ListItem\",\"position\":2,\"name\":\"A rodaxe do filme documental sobre Moncho Reboiras chega a Vigo\"}]},{\"@type\":\"WebSite\",\"@id\":\"https:\\\/\\\/www.anovapeneira.gal\\\/#website\",\"url\":\"https:\\\/\\\/www.anovapeneira.gal\\\/\",\"name\":\"\",\"description\":\"Xornal galego de informaci\u00f3n xeral Publicaci\u00f3n mensual de novas de Galicia e en especial dos Concellos da sur da provincia de Pontevedra.\",\"publisher\":{\"@id\":\"https:\\\/\\\/www.anovapeneira.gal\\\/#organization\"},\"potentialAction\":[{\"@type\":\"SearchAction\",\"target\":{\"@type\":\"EntryPoint\",\"urlTemplate\":\"https:\\\/\\\/www.anovapeneira.gal\\\/?s={search_term_string}\"},\"query-input\":{\"@type\":\"PropertyValueSpecification\",\"valueRequired\":true,\"valueName\":\"search_term_string\"}}],\"inLanguage\":\"gl-ES\"},{\"@type\":\"Organization\",\"@id\":\"https:\\\/\\\/www.anovapeneira.gal\\\/#organization\",\"name\":\"A Nova Peneira\",\"url\":\"https:\\\/\\\/www.anovapeneira.gal\\\/\",\"logo\":{\"@type\":\"ImageObject\",\"inLanguage\":\"gl-ES\",\"@id\":\"https:\\\/\\\/www.anovapeneira.gal\\\/#\\\/schema\\\/logo\\\/image\\\/\",\"url\":\"http:\\\/\\\/www.anovapeneira.gal\\\/wp-content\\\/uploads\\\/2019\\\/06\\\/logo_a_nova_peneira_portal_web.png\",\"contentUrl\":\"http:\\\/\\\/www.anovapeneira.gal\\\/wp-content\\\/uploads\\\/2019\\\/06\\\/logo_a_nova_peneira_portal_web.png\",\"width\":300,\"height\":100,\"caption\":\"A Nova Peneira\"},\"image\":{\"@id\":\"https:\\\/\\\/www.anovapeneira.gal\\\/#\\\/schema\\\/logo\\\/image\\\/\"},\"sameAs\":[\"https:\\\/\\\/www.facebook.com\\\/anovapeneira\",\"https:\\\/\\\/x.com\\\/APeneira\"]},{\"@type\":\"Person\",\"@id\":\"https:\\\/\\\/www.anovapeneira.gal\\\/#\\\/schema\\\/person\\\/b93e3f8932e3f8da96334607eb6ac6aa\",\"name\":\"Redacci\u00f3n A Nova Peneira\",\"image\":{\"@type\":\"ImageObject\",\"inLanguage\":\"gl-ES\",\"@id\":\"https:\\\/\\\/secure.gravatar.com\\\/avatar\\\/c052a2551a06e23fac63626232eaa90abd78dbcf1700fc46a2b2c89fd27b735f?s=96&d=mm&r=g\",\"url\":\"https:\\\/\\\/secure.gravatar.com\\\/avatar\\\/c052a2551a06e23fac63626232eaa90abd78dbcf1700fc46a2b2c89fd27b735f?s=96&d=mm&r=g\",\"contentUrl\":\"https:\\\/\\\/secure.gravatar.com\\\/avatar\\\/c052a2551a06e23fac63626232eaa90abd78dbcf1700fc46a2b2c89fd27b735f?s=96&d=mm&r=g\",\"caption\":\"Redacci\u00f3n A Nova Peneira\"},\"sameAs\":[\"http:\\\/\\\/www.anovapeneira.gal\\\/\"],\"url\":\"https:\\\/\\\/www.anovapeneira.gal\\\/index.php\\\/author\\\/redactor\\\/\"}]}<\/script>\n<!-- \/ Yoast SEO plugin. -->","yoast_head_json":{"title":"A rodaxe do filme documental sobre Moncho Reboiras chega a Vigo -","robots":{"index":"index","follow":"follow","max-snippet":"max-snippet:-1","max-image-preview":"max-image-preview:large","max-video-preview":"max-video-preview:-1"},"canonical":"https:\/\/www.anovapeneira.gal\/index.php\/2019\/09\/12\/a-rodaxe-do-filme-documental-sobre-moncho-reboiras-chega-a-vigo\/","og_locale":"gl_ES","og_type":"article","og_title":"A rodaxe do filme documental sobre Moncho Reboiras chega a Vigo -","og_description":"Moncho Reboiras viviu varios anos da s\u00faa infancia e adolescencia en Teis, un dos escenarios onde se filma o documental [...]","og_url":"https:\/\/www.anovapeneira.gal\/index.php\/2019\/09\/12\/a-rodaxe-do-filme-documental-sobre-moncho-reboiras-chega-a-vigo\/","article_publisher":"https:\/\/www.facebook.com\/anovapeneira","article_published_time":"2019-09-12T12:00:31+00:00","og_image":[{"width":720,"height":473,"url":"https:\/\/www.anovapeneira.gal\/wp-content\/uploads\/2019\/09\/Reboiras_Vigo_a_nova_peneira.jpg","type":"image\/jpeg"}],"author":"Redacci\u00f3n A Nova Peneira","twitter_card":"summary_large_image","twitter_creator":"@APeneira","twitter_site":"@APeneira","twitter_misc":{"Escrito por":"Redacci\u00f3n A Nova Peneira","Tempo de lectura":"4 minutos"},"schema":{"@context":"https:\/\/schema.org","@graph":[{"@type":"Article","@id":"https:\/\/www.anovapeneira.gal\/index.php\/2019\/09\/12\/a-rodaxe-do-filme-documental-sobre-moncho-reboiras-chega-a-vigo\/#article","isPartOf":{"@id":"https:\/\/www.anovapeneira.gal\/index.php\/2019\/09\/12\/a-rodaxe-do-filme-documental-sobre-moncho-reboiras-chega-a-vigo\/"},"author":{"name":"Redacci\u00f3n A Nova Peneira","@id":"https:\/\/www.anovapeneira.gal\/#\/schema\/person\/b93e3f8932e3f8da96334607eb6ac6aa"},"headline":"A rodaxe do filme documental sobre Moncho Reboiras chega a Vigo","datePublished":"2019-09-12T12:00:31+00:00","mainEntityOfPage":{"@id":"https:\/\/www.anovapeneira.gal\/index.php\/2019\/09\/12\/a-rodaxe-do-filme-documental-sobre-moncho-reboiras-chega-a-vigo\/"},"wordCount":832,"commentCount":0,"publisher":{"@id":"https:\/\/www.anovapeneira.gal\/#organization"},"image":{"@id":"https:\/\/www.anovapeneira.gal\/index.php\/2019\/09\/12\/a-rodaxe-do-filme-documental-sobre-moncho-reboiras-chega-a-vigo\/#primaryimage"},"thumbnailUrl":"https:\/\/www.anovapeneira.gal\/wp-content\/uploads\/2019\/09\/Reboiras_Vigo_a_nova_peneira.jpg","keywords":["Barrio de Teis","Concello de Vigo","Franquismo","Moncho Reboiras","Nacionalismo galego"],"articleSection":["Vigo"],"inLanguage":"gl-ES","potentialAction":[{"@type":"CommentAction","name":"Comment","target":["https:\/\/www.anovapeneira.gal\/index.php\/2019\/09\/12\/a-rodaxe-do-filme-documental-sobre-moncho-reboiras-chega-a-vigo\/#respond"]}]},{"@type":"WebPage","@id":"https:\/\/www.anovapeneira.gal\/index.php\/2019\/09\/12\/a-rodaxe-do-filme-documental-sobre-moncho-reboiras-chega-a-vigo\/","url":"https:\/\/www.anovapeneira.gal\/index.php\/2019\/09\/12\/a-rodaxe-do-filme-documental-sobre-moncho-reboiras-chega-a-vigo\/","name":"A rodaxe do filme documental sobre Moncho Reboiras chega a Vigo -","isPartOf":{"@id":"https:\/\/www.anovapeneira.gal\/#website"},"primaryImageOfPage":{"@id":"https:\/\/www.anovapeneira.gal\/index.php\/2019\/09\/12\/a-rodaxe-do-filme-documental-sobre-moncho-reboiras-chega-a-vigo\/#primaryimage"},"image":{"@id":"https:\/\/www.anovapeneira.gal\/index.php\/2019\/09\/12\/a-rodaxe-do-filme-documental-sobre-moncho-reboiras-chega-a-vigo\/#primaryimage"},"thumbnailUrl":"https:\/\/www.anovapeneira.gal\/wp-content\/uploads\/2019\/09\/Reboiras_Vigo_a_nova_peneira.jpg","datePublished":"2019-09-12T12:00:31+00:00","breadcrumb":{"@id":"https:\/\/www.anovapeneira.gal\/index.php\/2019\/09\/12\/a-rodaxe-do-filme-documental-sobre-moncho-reboiras-chega-a-vigo\/#breadcrumb"},"inLanguage":"gl-ES","potentialAction":[{"@type":"ReadAction","target":["https:\/\/www.anovapeneira.gal\/index.php\/2019\/09\/12\/a-rodaxe-do-filme-documental-sobre-moncho-reboiras-chega-a-vigo\/"]}]},{"@type":"ImageObject","inLanguage":"gl-ES","@id":"https:\/\/www.anovapeneira.gal\/index.php\/2019\/09\/12\/a-rodaxe-do-filme-documental-sobre-moncho-reboiras-chega-a-vigo\/#primaryimage","url":"https:\/\/www.anovapeneira.gal\/wp-content\/uploads\/2019\/09\/Reboiras_Vigo_a_nova_peneira.jpg","contentUrl":"https:\/\/www.anovapeneira.gal\/wp-content\/uploads\/2019\/09\/Reboiras_Vigo_a_nova_peneira.jpg","width":720,"height":473,"caption":"Moncho Reboiras A Nova Peneira"},{"@type":"BreadcrumbList","@id":"https:\/\/www.anovapeneira.gal\/index.php\/2019\/09\/12\/a-rodaxe-do-filme-documental-sobre-moncho-reboiras-chega-a-vigo\/#breadcrumb","itemListElement":[{"@type":"ListItem","position":1,"name":"Portada","item":"https:\/\/www.anovapeneira.gal\/"},{"@type":"ListItem","position":2,"name":"A rodaxe do filme documental sobre Moncho Reboiras chega a Vigo"}]},{"@type":"WebSite","@id":"https:\/\/www.anovapeneira.gal\/#website","url":"https:\/\/www.anovapeneira.gal\/","name":"","description":"Xornal galego de informaci\u00f3n xeral Publicaci\u00f3n mensual de novas de Galicia e en especial dos Concellos da sur da provincia de Pontevedra.","publisher":{"@id":"https:\/\/www.anovapeneira.gal\/#organization"},"potentialAction":[{"@type":"SearchAction","target":{"@type":"EntryPoint","urlTemplate":"https:\/\/www.anovapeneira.gal\/?s={search_term_string}"},"query-input":{"@type":"PropertyValueSpecification","valueRequired":true,"valueName":"search_term_string"}}],"inLanguage":"gl-ES"},{"@type":"Organization","@id":"https:\/\/www.anovapeneira.gal\/#organization","name":"A Nova Peneira","url":"https:\/\/www.anovapeneira.gal\/","logo":{"@type":"ImageObject","inLanguage":"gl-ES","@id":"https:\/\/www.anovapeneira.gal\/#\/schema\/logo\/image\/","url":"http:\/\/www.anovapeneira.gal\/wp-content\/uploads\/2019\/06\/logo_a_nova_peneira_portal_web.png","contentUrl":"http:\/\/www.anovapeneira.gal\/wp-content\/uploads\/2019\/06\/logo_a_nova_peneira_portal_web.png","width":300,"height":100,"caption":"A Nova Peneira"},"image":{"@id":"https:\/\/www.anovapeneira.gal\/#\/schema\/logo\/image\/"},"sameAs":["https:\/\/www.facebook.com\/anovapeneira","https:\/\/x.com\/APeneira"]},{"@type":"Person","@id":"https:\/\/www.anovapeneira.gal\/#\/schema\/person\/b93e3f8932e3f8da96334607eb6ac6aa","name":"Redacci\u00f3n A Nova Peneira","image":{"@type":"ImageObject","inLanguage":"gl-ES","@id":"https:\/\/secure.gravatar.com\/avatar\/c052a2551a06e23fac63626232eaa90abd78dbcf1700fc46a2b2c89fd27b735f?s=96&d=mm&r=g","url":"https:\/\/secure.gravatar.com\/avatar\/c052a2551a06e23fac63626232eaa90abd78dbcf1700fc46a2b2c89fd27b735f?s=96&d=mm&r=g","contentUrl":"https:\/\/secure.gravatar.com\/avatar\/c052a2551a06e23fac63626232eaa90abd78dbcf1700fc46a2b2c89fd27b735f?s=96&d=mm&r=g","caption":"Redacci\u00f3n A Nova Peneira"},"sameAs":["http:\/\/www.anovapeneira.gal\/"],"url":"https:\/\/www.anovapeneira.gal\/index.php\/author\/redactor\/"}]}},"jetpack_featured_media_url":"https:\/\/www.anovapeneira.gal\/wp-content\/uploads\/2019\/09\/Reboiras_Vigo_a_nova_peneira.jpg","_links":{"self":[{"href":"https:\/\/www.anovapeneira.gal\/index.php\/wp-json\/wp\/v2\/posts\/1227","targetHints":{"allow":["GET"]}}],"collection":[{"href":"https:\/\/www.anovapeneira.gal\/index.php\/wp-json\/wp\/v2\/posts"}],"about":[{"href":"https:\/\/www.anovapeneira.gal\/index.php\/wp-json\/wp\/v2\/types\/post"}],"author":[{"embeddable":true,"href":"https:\/\/www.anovapeneira.gal\/index.php\/wp-json\/wp\/v2\/users\/3"}],"replies":[{"embeddable":true,"href":"https:\/\/www.anovapeneira.gal\/index.php\/wp-json\/wp\/v2\/comments?post=1227"}],"version-history":[{"count":1,"href":"https:\/\/www.anovapeneira.gal\/index.php\/wp-json\/wp\/v2\/posts\/1227\/revisions"}],"predecessor-version":[{"id":1229,"href":"https:\/\/www.anovapeneira.gal\/index.php\/wp-json\/wp\/v2\/posts\/1227\/revisions\/1229"}],"wp:featuredmedia":[{"embeddable":true,"href":"https:\/\/www.anovapeneira.gal\/index.php\/wp-json\/wp\/v2\/media\/1228"}],"wp:attachment":[{"href":"https:\/\/www.anovapeneira.gal\/index.php\/wp-json\/wp\/v2\/media?parent=1227"}],"wp:term":[{"taxonomy":"category","embeddable":true,"href":"https:\/\/www.anovapeneira.gal\/index.php\/wp-json\/wp\/v2\/categories?post=1227"},{"taxonomy":"post_tag","embeddable":true,"href":"https:\/\/www.anovapeneira.gal\/index.php\/wp-json\/wp\/v2\/tags?post=1227"}],"curies":[{"name":"wp","href":"https:\/\/api.w.org\/{rel}","templated":true}]}}