{"id":12277,"date":"2024-08-23T10:00:41","date_gmt":"2024-08-23T08:00:41","guid":{"rendered":"https:\/\/www.anovapeneira.gal\/?p=12277"},"modified":"2024-08-20T09:14:40","modified_gmt":"2024-08-20T07:14:40","slug":"cristina-fernandez-davila-deputada-do-bng-e-ex-alcaldesa-de-ponteareas","status":"publish","type":"post","link":"https:\/\/www.anovapeneira.gal\/index.php\/2024\/08\/23\/cristina-fernandez-davila-deputada-do-bng-e-ex-alcaldesa-de-ponteareas\/","title":{"rendered":"Cristina Fern\u00e1ndez Davila deputada do BNG e ex alcaldesa de Ponteareas"},"content":{"rendered":"\n<p><strong>Nas \u00faltimas elecci\u00f3ns municipais a dereita recuperaba o goberno da vila de Ponteareas. Esta regresi\u00f3n que padece agora Ponteareas non e nada novo na historia. Son esas cousas que xa postulara o fil\u00f3sofo italiano Antonio Gramsci cando falaba das tensi\u00f3ns entre un mundo antigo ques esmorece e un novo que tarda en aparecer. Porque se algo \u00e9 antigo, caduco, cutre, casposo e nefasto nesta localidade \u00e9 un goberno da familia Castro. As\u00ed o amosou o pasado e por desgraza parece que o segue a amosar o presente. Un goberno no que unha das s\u00faas concelleiras se permite chamar explicitamente \u201c gilipollas\u201d ao voceiro da oposici\u00f3n nun pleno e a s\u00faa alcaldesa non fai nada, nada en absoluto, non merece ning\u00fan respecto pol\u00edtico e debe ser derrotado democraticamente nas urnas. N\u00f3s conversamos coa ex alcaldesa, a nacionalista Cristina Fern\u00e1ndez, concelleira da oposici\u00f3n e agora tam\u00e9n deputada do BNG en Santiago, para co\u00f1ecer o m\u00e1is salientable da s\u00faa actividade no parlamento e a s\u00faa valoraci\u00f3n de como van as cousas por Ponteareas.<\/strong><\/p>\n\n\n\n<h2 class=\"wp-block-heading\">\u201c<strong>Con este goberno Ponteareas non avanza, claramente retrocede.\u201d<\/strong><\/h2>\n\n\n\n<p><strong>Como valoras esta primeira experiencia de deputada no parlamento galego?<\/strong><\/p>\n\n\n\n<blockquote class=\"wp-block-quote is-layout-flow wp-block-quote-is-layout-flow\">\n<p>Val\u00f3roa de maneira moi positiva. Estou aprendendo moito, e s\u00edntome moi orgullosa de poder defender os intereses da veci\u00f1anza do Condado Paradanta.<\/p>\n<\/blockquote>\n\n\n\n<p><strong>Que \u00e1rea levas ti?<\/strong><\/p>\n\n\n\n<blockquote class=\"wp-block-quote is-layout-flow wp-block-quote-is-layout-flow\">\n<p>Eu levo a \u00e1rea de ensino, e no que atinxe o territorio oc\u00fapome da Comarca do Condado Paradanta , Salceda e O Porri\u00f1o.<\/p>\n<\/blockquote>\n\n\n\n<p><strong>Cales son os principais problemas que padece a comarca da que te ocupas?<\/strong><\/p>\n\n\n\n<blockquote class=\"wp-block-quote is-layout-flow wp-block-quote-is-layout-flow\">\n<p>Ben, hai problemas com\u00fans a todo o pa\u00eds, e problemas particulares. No primeiro dos casos quixera destacar a situaci\u00f3n da sanidade, que \u00e9 terror\u00edfica.<\/p>\n<\/blockquote>\n\n\n\n<p>\u201c <strong>Terror\u00edfica\u201d, as\u00ed de claro?<\/strong><\/p>\n\n\n\n<blockquote class=\"wp-block-quote is-layout-flow wp-block-quote-is-layout-flow\">\n<p>Si,por desgraza as\u00ed de claro. Nunca estivo peor a sanidade do que est\u00e1 agora. N\u00f3s not\u00e1molo especialmente no estado do centro de sa\u00fade de Ponteareas, pois \u00e9 un dos peores centros de sa\u00fade de todo o pa\u00eds. Aqu\u00ed temos a milleiros de persoas sen adxudicaci\u00f3n de m\u00e9dico. A maior\u00eda de persoas non poden coller cita por internet e como o tel\u00e9fono tampouco o atenden te\u00f1en que ir pedila directamente al\u00ed. Por outra parte ao non termos m\u00e9dico ou m\u00e9dica asignados, en moitas ocasi\u00f3ns non nos queda m\u00e1is remedio que estarmos mudando de profesional constantemente, coas l\u00f3xicas molestias que esta situaci\u00f3n leva aparelladas.<\/p>\n<\/blockquote>\n\n\n\n<p><strong>Ben, dime agora alg\u00fan problema espec\u00edfico da comarca que te\u00f1as levado ao parlamento?<\/strong><\/p>\n\n\n\n<blockquote class=\"wp-block-quote is-layout-flow wp-block-quote-is-layout-flow\">\n<p>O m\u00e1is relevante \u00e9 o relacionado coas infraestruturas. Temos estradas en moi mal estado. Isto \u00e9 especialmente grave no que se refire \u00e1 N120 que \u00e9 a v\u00eda que vertebra \u00e1 nosa comarca.<\/p>\n<\/blockquote>\n\n\n\n<p><strong>Pero esa estrada \u00e9 de titularidade estatal<\/strong><\/p>\n\n\n\n<blockquote class=\"wp-block-quote is-layout-flow wp-block-quote-is-layout-flow\">\n<p>Si, pero n\u00f3s estamos na obriga de instar \u00e1 Xunta a que defenda con contundencia ante a administraci\u00f3n estatal as imprescindibles melloras que esa v\u00eda precisa con urxencia.<\/p>\n<\/blockquote>\n\n\n\n<p><strong>E non o fai?<\/strong><\/p>\n\n\n\n<pre class=\"wp-block-verse\">De ningunha maneira. A s\u00faa contundencia \u00e1 hora de reclamar algo tan necesario \u00e9 0.<\/pre>\n\n\n\n<p><strong>Sobre a \u00e1rea de ensino, que levas ti especificamente, que nos tes que dicir?<\/strong><\/p>\n\n\n\n<blockquote class=\"wp-block-quote is-layout-flow wp-block-quote-is-layout-flow\">\n<p>As instalaci\u00f3ns educativas est\u00e1n tam\u00e9n en moi mal estado. Asemade desde o BNG reclamamos que se co\u00f1ezan os criterios que utiliza a Xunta para decidir o reparto dos fondos europeos para facer obras neses centros.<\/p>\n<\/blockquote>\n\n\n\n<p><strong>A actividade parlamentaria \u00e9 como esperabas ou sorprendeuche dalgunha maneira?<\/strong><\/p>\n\n\n\n<blockquote class=\"wp-block-quote is-layout-flow wp-block-quote-is-layout-flow\">\n<p>O que me deixou absolutamente abraiada \u00e9 a falta de honestidade intelectual, \u00e9tica e moral do PP, e o seu pouco respecto pola oposici\u00f3n .Expl\u00edcome: A maior\u00eda absoluta \u00e9 lex\u00edtima pero en ning\u00fan caso valida para facer caso omiso sempre \u00e1 oposici\u00f3n, porque n\u00f3s representamos a unha parte significativa da sociedade, e ning\u00fan grupo pol\u00edtico pode ter sempre raz\u00f3n en todo. E cando non se atende, por sistema, unha petici\u00f3n da oposici\u00f3n, con independencia da petici\u00f3n que sexa, s\u00f3 porque non \u00e9 deles, a carencia de honestidade de quen act\u00faa as\u00ed \u00e9 terrible.<\/p>\n<\/blockquote>\n\n\n\n<blockquote class=\"wp-block-quote is-layout-flow wp-block-quote-is-layout-flow\">\n<p>Por outra parte un debate serio consiste no contraste de argumentos. Cando o \u00fanico que di o PP \u00e9: \u201cBildu, Venezuela, Catalunya\u201d para xustificar a s\u00faa posici\u00f3n en calquera tipo de temas, pois non sei como non lles d\u00e1 vergonza a verdade. A min tenme dado aut\u00e9ntica vergonza, porque \u00e1s veces tiven a sensaci\u00f3n de estar debatendo con adolescentes.<\/p>\n<\/blockquote>\n\n\n\n<p><strong>Falemos de Ponteareas. Por que deixaches de ser portavoz do grupo municipal?<\/strong><\/p>\n\n\n\n<blockquote class=\"wp-block-quote is-layout-flow wp-block-quote-is-layout-flow\">\n<p>Porque ser\u00eda enormemente complicado de compatibilizar coa mi\u00f1a actividade no parlamento.<\/p>\n<\/blockquote>\n\n\n\n<p><strong>Danos o perfil da persoa que te substitu\u00edu?<\/strong><\/p>\n\n\n\n<blockquote class=\"wp-block-quote is-layout-flow wp-block-quote-is-layout-flow\">\n<p>Ch\u00e1mase Miguel Bouz\u00f3 .\u00c9 un rapaz , ven de cumprir os 30 anos hai nada, pero ten moita experiencia na pol\u00edtica. El exerceu o activismo desde moi novo en Galiza Nova( as mocidades do BNG), foi concelleiro de deportes e mocidade na mi\u00f1a etapa de alcaldesa, e combina unha enorme ilusi\u00f3n, coa firme vontade de servizo p\u00fablico, e rigor e solvencia intelectual.<\/p>\n<\/blockquote>\n\n\n\n<p><strong>Como valoras estes 15 meses de mandato da alcaldesa Nava Castro?<\/strong><\/p>\n\n\n\n<blockquote class=\"wp-block-quote is-layout-flow wp-block-quote-is-layout-flow\">\n<p>Ponteareas non avanza, retrocede. Temos un goberno que se dedica a botar para atr\u00e1s proxectos que n\u00f3s xa ti\u00f1amos moi adiantados e que ser\u00edan moi positivos para o noso pobo.<\/p>\n<\/blockquote>\n\n\n\n<p><strong>Por exemplo?<\/strong><\/p>\n\n\n\n<blockquote class=\"wp-block-quote is-layout-flow wp-block-quote-is-layout-flow\">\n<p>-O centro c\u00edvico na praza maior que ti\u00f1amos destinado como espazo para a mocidade e para que os colectivos sociais de Ponteareas puidesen desenvolver a s\u00faa actividade.<\/p>\n<\/blockquote>\n\n\n\n<blockquote class=\"wp-block-quote is-layout-flow wp-block-quote-is-layout-flow\">\n<p>-Abriron ao tr\u00e1fico a praza Bugallal, que era un espazo ga\u00f1ado para a veci\u00f1anza.<\/p>\n<\/blockquote>\n\n\n\n<blockquote class=\"wp-block-quote is-layout-flow wp-block-quote-is-layout-flow\">\n<p>-Est\u00e1n proxectando abrir parte da direcci\u00f3n \u00fanica que ti\u00f1amos en Trobador Garc\u00eda de Guillade simplemente para darlle entrada por ambos sentidos \u00e1 cl\u00ednica privada dun familiar dunha concelleira do PP.<\/p>\n<\/blockquote>\n\n\n\n<p><strong>Ti cres que \u00e9 por ese motivo: para darlle entrada por ambos sentidos \u00e1 cl\u00ednica dun familiar dunha concelleira?<\/strong><\/p>\n\n\n\n<blockquote class=\"wp-block-quote is-layout-flow wp-block-quote-is-layout-flow\">\n<p>Si, por suposto que si. Igual que cambiaron os terreos que xa estaban adxudicados no centro de sa\u00fade gastando m\u00e1is cartos para comprar outros.<\/p>\n<\/blockquote>\n\n\n\n<p><strong>O goberno de Nava Castro practica o enchufismo?<\/strong><\/p>\n\n\n\n<blockquote class=\"wp-block-quote is-layout-flow wp-block-quote-is-layout-flow\">\n<p>Totalmente. Mira por exemplo o caso do seu cu\u00f1ado incorporado cun informe da concelleira de medio ambiente, no que falaba da urxencia de incorporar a esa persoa a un traballo que en realidade nunca realizara. Este goberno non s\u00f3 bota para atr\u00e1s un modelo de vila que funcionaba , e que segue a funcionar en moitas outras localidades que goberna o BNG, practica o caciquismo e \u00e9 antidemocr\u00e1tico.<\/p>\n<\/blockquote>\n\n\n\n<p><strong>Por que antidemocr\u00e1tico?<\/strong><\/p>\n\n\n\n<blockquote class=\"wp-block-quote is-layout-flow wp-block-quote-is-layout-flow\">\n<p>Pola s\u00faa falta de transparencia, non non dan acceso \u00e1 documentaci\u00f3n que pedimos, pola dificultade que nos po\u00f1en para poder desenvolver o noso traballo, e polas s\u00faas formas agresivas que incluso nalgunha ocasi\u00f3n chegaron ao insulto expl\u00edcito ao noso portavoz.<\/p>\n<\/blockquote>\n\n\n\n<p><strong>Cal foi o insulto?<\/strong><\/p>\n\n\n\n<blockquote class=\"wp-block-quote is-layout-flow wp-block-quote-is-layout-flow\">\n<p>\u201cgilipollas\u201d<\/p>\n<\/blockquote>\n\n\n\n<p><strong>Tivo algunha consecuencia pol\u00edtica ese insulto?<\/strong><\/p>\n\n\n\n<blockquote class=\"wp-block-quote is-layout-flow wp-block-quote-is-layout-flow\">\n<p>Non.<\/p>\n<\/blockquote>\n\n\n\n<p><strong>E aquel \u201c cala parapl\u00e9jico\u201d t\u00edvoa?<\/strong><\/p>\n\n\n\n<blockquote class=\"wp-block-quote is-layout-flow wp-block-quote-is-layout-flow\">\n<p>Non, tampouco.<\/p>\n<\/blockquote>\n\n\n\n<p><strong>Como est\u00e1 a situaci\u00f3n da Freixa?<\/strong><\/p>\n\n\n\n<blockquote class=\"wp-block-quote is-layout-flow wp-block-quote-is-layout-flow\">\n<p>\u00c1 Freixa se lle est\u00e1 dando moita vida pero grazas \u00e1s persoas que colleron a xesti\u00f3n dos \u201c chiringuitos\u201d.O \u00fanico que fixo o goberno foi un lavado de cara. As obras nos terreos do antigo c\u00e1mping fix\u00e9molas n\u00f3s.<\/p>\n<\/blockquote>\n\n\n\n<p><strong>Sobre a situaci\u00f3n das fontes do Concello que ten que dicir o BNG?<\/strong><\/p>\n\n\n\n<blockquote class=\"wp-block-quote is-layout-flow wp-block-quote-is-layout-flow\">\n<p>A n\u00f3s par\u00e9cenos ben que se faga inventario delas, desde logo, pero non nos parece razoable que non se acompa\u00f1e dunha an\u00e1lise rigorosa do estado da auga. Que menos que saber se \u00e9 potable ou non\u00a1. Nas \u00faltimas anal\u00edticas que fixeramos n\u00f3s, pouco antes de deixar a alcald\u00eda, determinaban que en arredor do 70% delas a auga non se pod\u00eda beber.<\/p>\n<\/blockquote>\n\n\n\n<p><strong>E non se fai esa an\u00e1lise?<\/strong><\/p>\n\n\n\n<blockquote class=\"wp-block-quote is-layout-flow wp-block-quote-is-layout-flow\">\n<p>Non nos consta.<\/p>\n<\/blockquote>\n\n\n\n<p><strong>En relaci\u00f3n \u00e1 \u201c\u00c1rea de Rehabilitaci\u00f3n Integral\u201d quixera co\u00f1ecer a t\u00faa opini\u00f3n?<\/strong><\/p>\n\n\n\n<blockquote class=\"wp-block-quote is-layout-flow wp-block-quote-is-layout-flow\">\n<p>Pois que o actual goberno est\u00e1 a tirar beneficios da xesti\u00f3n que fixo o goberno do BNG. Fomos n\u00f3s os que solicitamos e declaramos a \u00e1rea e os que solicitamos os fondos.<\/p>\n<\/blockquote>\n\n\n\n<p><strong>Como est\u00e1 a sa\u00fade do BNG de Ponteareas?<\/strong><\/p>\n\n\n\n<blockquote class=\"wp-block-quote is-layout-flow wp-block-quote-is-layout-flow\">\n<p>Nun moi bo estado, con moito \u00e1nimo e ilusi\u00f3n en recuperar a confianza da maior\u00eda social do noso pobo.<\/p>\n<\/blockquote>\n\n\n\n<p><strong>E ti persoalmente?<\/strong><\/p>\n\n\n\n<blockquote class=\"wp-block-quote is-layout-flow wp-block-quote-is-layout-flow\">\n<p>Con toneladas de ilusi\u00f3n, e decidida a dar o mellor de min mesma en todo momento en beneficio do ben colectivo do meu pobo.<\/p>\n<\/blockquote>\n\n\n\n<p><strong>No ano 27 vas ser ti a candidata \u00e1 alcald\u00eda?<\/strong><\/p>\n\n\n\n<blockquote class=\"wp-block-quote is-layout-flow wp-block-quote-is-layout-flow\">\n<p>O Bng \u00e9 unha organizaci\u00f3n democr\u00e1tica de verdade, non s\u00f3 no plano te\u00f3rico como outras nas que as candidaturas ve\u00f1en impostas a dedo desde Santiago ou desde Madrid , e iso terano que decidir os compa\u00f1eiros e compa\u00f1eiras do Bloque de Ponteareas. Eu te\u00f1o, como antes mencionei, toneladas de ilusi\u00f3n en que Ponteareas poida avanzar e non como agora que retrocede.<\/p>\n<\/blockquote>\n","protected":false},"excerpt":{"rendered":"<div class=\"mh-excerpt\"><p>Nas \u00faltimas elecci\u00f3ns municipais a dereita recuperaba o goberno da vila de Ponteareas. Esta regresi\u00f3n que padece agora Ponteareas non e nada novo na historia <a class=\"mh-excerpt-more\" href=\"https:\/\/www.anovapeneira.gal\/index.php\/2024\/08\/23\/cristina-fernandez-davila-deputada-do-bng-e-ex-alcaldesa-de-ponteareas\/\" title=\"Cristina Fern\u00e1ndez Davila deputada do BNG e ex alcaldesa de Ponteareas\">[&#8230;]<\/a><\/p>\n<\/div>","protected":false},"author":3,"featured_media":12278,"comment_status":"open","ping_status":"open","sticky":false,"template":"","format":"standard","meta":{"_exactmetrics_skip_tracking":false,"_exactmetrics_sitenote_active":false,"_exactmetrics_sitenote_note":"","_exactmetrics_sitenote_category":0,"footnotes":""},"categories":[267,1],"tags":[208],"class_list":{"0":"post-12277","1":"post","2":"type-post","3":"status-publish","4":"format-standard","5":"has-post-thumbnail","7":"category-condado-entrevistas","8":"category-sin-categoria","9":"tag-concello-de-ponteareas"},"yoast_head":"<!-- This site is optimized with the Yoast SEO plugin v27.4 - https:\/\/yoast.com\/product\/yoast-seo-wordpress\/ -->\n<title>Cristina Fern\u00e1ndez Davila deputada do BNG e ex alcaldesa de Ponteareas -<\/title>\n<meta name=\"robots\" content=\"index, follow, max-snippet:-1, max-image-preview:large, max-video-preview:-1\" \/>\n<link rel=\"canonical\" href=\"https:\/\/www.anovapeneira.gal\/index.php\/2024\/08\/23\/cristina-fernandez-davila-deputada-do-bng-e-ex-alcaldesa-de-ponteareas\/\" \/>\n<meta property=\"og:locale\" content=\"gl_ES\" \/>\n<meta property=\"og:type\" content=\"article\" \/>\n<meta property=\"og:title\" content=\"Cristina Fern\u00e1ndez Davila deputada do BNG e ex alcaldesa de Ponteareas -\" \/>\n<meta property=\"og:description\" content=\"Nas \u00faltimas elecci\u00f3ns municipais a dereita recuperaba o goberno da vila de Ponteareas. Esta regresi\u00f3n que padece agora Ponteareas non e nada novo na historia [...]\" \/>\n<meta property=\"og:url\" content=\"https:\/\/www.anovapeneira.gal\/index.php\/2024\/08\/23\/cristina-fernandez-davila-deputada-do-bng-e-ex-alcaldesa-de-ponteareas\/\" \/>\n<meta property=\"article:publisher\" content=\"https:\/\/www.facebook.com\/anovapeneira\" \/>\n<meta property=\"article:published_time\" content=\"2024-08-23T08:00:41+00:00\" \/>\n<meta property=\"og:image\" content=\"https:\/\/www.anovapeneira.gal\/wp-content\/uploads\/2024\/08\/cristina_bng_ponteareas.png\" \/>\n\t<meta property=\"og:image:width\" content=\"720\" \/>\n\t<meta property=\"og:image:height\" content=\"432\" \/>\n\t<meta property=\"og:image:type\" content=\"image\/png\" \/>\n<meta name=\"author\" content=\"Redacci\u00f3n A Nova Peneira\" \/>\n<meta name=\"twitter:card\" content=\"summary_large_image\" \/>\n<meta name=\"twitter:creator\" content=\"@APeneira\" \/>\n<meta name=\"twitter:site\" content=\"@APeneira\" \/>\n<meta name=\"twitter:label1\" content=\"Escrito por\" \/>\n\t<meta name=\"twitter:data1\" content=\"Redacci\u00f3n A Nova Peneira\" \/>\n\t<meta name=\"twitter:label2\" content=\"Tempo de lectura\" \/>\n\t<meta name=\"twitter:data2\" content=\"3 minutos\" \/>\n<script type=\"application\/ld+json\" class=\"yoast-schema-graph\">{\"@context\":\"https:\\\/\\\/schema.org\",\"@graph\":[{\"@type\":\"Article\",\"@id\":\"https:\\\/\\\/www.anovapeneira.gal\\\/index.php\\\/2024\\\/08\\\/23\\\/cristina-fernandez-davila-deputada-do-bng-e-ex-alcaldesa-de-ponteareas\\\/#article\",\"isPartOf\":{\"@id\":\"https:\\\/\\\/www.anovapeneira.gal\\\/index.php\\\/2024\\\/08\\\/23\\\/cristina-fernandez-davila-deputada-do-bng-e-ex-alcaldesa-de-ponteareas\\\/\"},\"author\":{\"name\":\"Redacci\u00f3n A Nova Peneira\",\"@id\":\"https:\\\/\\\/www.anovapeneira.gal\\\/#\\\/schema\\\/person\\\/b93e3f8932e3f8da96334607eb6ac6aa\"},\"headline\":\"Cristina Fern\u00e1ndez Davila deputada do BNG e ex alcaldesa de Ponteareas\",\"datePublished\":\"2024-08-23T08:00:41+00:00\",\"mainEntityOfPage\":{\"@id\":\"https:\\\/\\\/www.anovapeneira.gal\\\/index.php\\\/2024\\\/08\\\/23\\\/cristina-fernandez-davila-deputada-do-bng-e-ex-alcaldesa-de-ponteareas\\\/\"},\"wordCount\":1483,\"commentCount\":0,\"publisher\":{\"@id\":\"https:\\\/\\\/www.anovapeneira.gal\\\/#organization\"},\"image\":{\"@id\":\"https:\\\/\\\/www.anovapeneira.gal\\\/index.php\\\/2024\\\/08\\\/23\\\/cristina-fernandez-davila-deputada-do-bng-e-ex-alcaldesa-de-ponteareas\\\/#primaryimage\"},\"thumbnailUrl\":\"https:\\\/\\\/www.anovapeneira.gal\\\/wp-content\\\/uploads\\\/2024\\\/08\\\/cristina_bng_ponteareas.png\",\"keywords\":[\"Concello de Ponteareas\"],\"articleSection\":[\"Condado\",\"Sin categor\u00eda\"],\"inLanguage\":\"gl-ES\",\"potentialAction\":[{\"@type\":\"CommentAction\",\"name\":\"Comment\",\"target\":[\"https:\\\/\\\/www.anovapeneira.gal\\\/index.php\\\/2024\\\/08\\\/23\\\/cristina-fernandez-davila-deputada-do-bng-e-ex-alcaldesa-de-ponteareas\\\/#respond\"]}]},{\"@type\":\"WebPage\",\"@id\":\"https:\\\/\\\/www.anovapeneira.gal\\\/index.php\\\/2024\\\/08\\\/23\\\/cristina-fernandez-davila-deputada-do-bng-e-ex-alcaldesa-de-ponteareas\\\/\",\"url\":\"https:\\\/\\\/www.anovapeneira.gal\\\/index.php\\\/2024\\\/08\\\/23\\\/cristina-fernandez-davila-deputada-do-bng-e-ex-alcaldesa-de-ponteareas\\\/\",\"name\":\"Cristina Fern\u00e1ndez Davila deputada do BNG e ex alcaldesa de Ponteareas -\",\"isPartOf\":{\"@id\":\"https:\\\/\\\/www.anovapeneira.gal\\\/#website\"},\"primaryImageOfPage\":{\"@id\":\"https:\\\/\\\/www.anovapeneira.gal\\\/index.php\\\/2024\\\/08\\\/23\\\/cristina-fernandez-davila-deputada-do-bng-e-ex-alcaldesa-de-ponteareas\\\/#primaryimage\"},\"image\":{\"@id\":\"https:\\\/\\\/www.anovapeneira.gal\\\/index.php\\\/2024\\\/08\\\/23\\\/cristina-fernandez-davila-deputada-do-bng-e-ex-alcaldesa-de-ponteareas\\\/#primaryimage\"},\"thumbnailUrl\":\"https:\\\/\\\/www.anovapeneira.gal\\\/wp-content\\\/uploads\\\/2024\\\/08\\\/cristina_bng_ponteareas.png\",\"datePublished\":\"2024-08-23T08:00:41+00:00\",\"breadcrumb\":{\"@id\":\"https:\\\/\\\/www.anovapeneira.gal\\\/index.php\\\/2024\\\/08\\\/23\\\/cristina-fernandez-davila-deputada-do-bng-e-ex-alcaldesa-de-ponteareas\\\/#breadcrumb\"},\"inLanguage\":\"gl-ES\",\"potentialAction\":[{\"@type\":\"ReadAction\",\"target\":[\"https:\\\/\\\/www.anovapeneira.gal\\\/index.php\\\/2024\\\/08\\\/23\\\/cristina-fernandez-davila-deputada-do-bng-e-ex-alcaldesa-de-ponteareas\\\/\"]}]},{\"@type\":\"ImageObject\",\"inLanguage\":\"gl-ES\",\"@id\":\"https:\\\/\\\/www.anovapeneira.gal\\\/index.php\\\/2024\\\/08\\\/23\\\/cristina-fernandez-davila-deputada-do-bng-e-ex-alcaldesa-de-ponteareas\\\/#primaryimage\",\"url\":\"https:\\\/\\\/www.anovapeneira.gal\\\/wp-content\\\/uploads\\\/2024\\\/08\\\/cristina_bng_ponteareas.png\",\"contentUrl\":\"https:\\\/\\\/www.anovapeneira.gal\\\/wp-content\\\/uploads\\\/2024\\\/08\\\/cristina_bng_ponteareas.png\",\"width\":720,\"height\":432,\"caption\":\"Cristina Fern\u00e1ndez Davila deputada do BNG e ex alcaldesa de Ponteareas\"},{\"@type\":\"BreadcrumbList\",\"@id\":\"https:\\\/\\\/www.anovapeneira.gal\\\/index.php\\\/2024\\\/08\\\/23\\\/cristina-fernandez-davila-deputada-do-bng-e-ex-alcaldesa-de-ponteareas\\\/#breadcrumb\",\"itemListElement\":[{\"@type\":\"ListItem\",\"position\":1,\"name\":\"Portada\",\"item\":\"https:\\\/\\\/www.anovapeneira.gal\\\/\"},{\"@type\":\"ListItem\",\"position\":2,\"name\":\"Cristina Fern\u00e1ndez Davila deputada do BNG e ex alcaldesa de Ponteareas\"}]},{\"@type\":\"WebSite\",\"@id\":\"https:\\\/\\\/www.anovapeneira.gal\\\/#website\",\"url\":\"https:\\\/\\\/www.anovapeneira.gal\\\/\",\"name\":\"\",\"description\":\"Xornal galego de informaci\u00f3n xeral Publicaci\u00f3n mensual de novas de Galicia e en especial dos Concellos da sur da provincia de Pontevedra.\",\"publisher\":{\"@id\":\"https:\\\/\\\/www.anovapeneira.gal\\\/#organization\"},\"potentialAction\":[{\"@type\":\"SearchAction\",\"target\":{\"@type\":\"EntryPoint\",\"urlTemplate\":\"https:\\\/\\\/www.anovapeneira.gal\\\/?s={search_term_string}\"},\"query-input\":{\"@type\":\"PropertyValueSpecification\",\"valueRequired\":true,\"valueName\":\"search_term_string\"}}],\"inLanguage\":\"gl-ES\"},{\"@type\":\"Organization\",\"@id\":\"https:\\\/\\\/www.anovapeneira.gal\\\/#organization\",\"name\":\"A Nova Peneira\",\"url\":\"https:\\\/\\\/www.anovapeneira.gal\\\/\",\"logo\":{\"@type\":\"ImageObject\",\"inLanguage\":\"gl-ES\",\"@id\":\"https:\\\/\\\/www.anovapeneira.gal\\\/#\\\/schema\\\/logo\\\/image\\\/\",\"url\":\"http:\\\/\\\/www.anovapeneira.gal\\\/wp-content\\\/uploads\\\/2019\\\/06\\\/logo_a_nova_peneira_portal_web.png\",\"contentUrl\":\"http:\\\/\\\/www.anovapeneira.gal\\\/wp-content\\\/uploads\\\/2019\\\/06\\\/logo_a_nova_peneira_portal_web.png\",\"width\":300,\"height\":100,\"caption\":\"A Nova Peneira\"},\"image\":{\"@id\":\"https:\\\/\\\/www.anovapeneira.gal\\\/#\\\/schema\\\/logo\\\/image\\\/\"},\"sameAs\":[\"https:\\\/\\\/www.facebook.com\\\/anovapeneira\",\"https:\\\/\\\/x.com\\\/APeneira\"]},{\"@type\":\"Person\",\"@id\":\"https:\\\/\\\/www.anovapeneira.gal\\\/#\\\/schema\\\/person\\\/b93e3f8932e3f8da96334607eb6ac6aa\",\"name\":\"Redacci\u00f3n A Nova Peneira\",\"image\":{\"@type\":\"ImageObject\",\"inLanguage\":\"gl-ES\",\"@id\":\"https:\\\/\\\/secure.gravatar.com\\\/avatar\\\/c052a2551a06e23fac63626232eaa90abd78dbcf1700fc46a2b2c89fd27b735f?s=96&d=mm&r=g\",\"url\":\"https:\\\/\\\/secure.gravatar.com\\\/avatar\\\/c052a2551a06e23fac63626232eaa90abd78dbcf1700fc46a2b2c89fd27b735f?s=96&d=mm&r=g\",\"contentUrl\":\"https:\\\/\\\/secure.gravatar.com\\\/avatar\\\/c052a2551a06e23fac63626232eaa90abd78dbcf1700fc46a2b2c89fd27b735f?s=96&d=mm&r=g\",\"caption\":\"Redacci\u00f3n A Nova Peneira\"},\"sameAs\":[\"http:\\\/\\\/www.anovapeneira.gal\\\/\"],\"url\":\"https:\\\/\\\/www.anovapeneira.gal\\\/index.php\\\/author\\\/redactor\\\/\"}]}<\/script>\n<!-- \/ Yoast SEO plugin. -->","yoast_head_json":{"title":"Cristina Fern\u00e1ndez Davila deputada do BNG e ex alcaldesa de Ponteareas -","robots":{"index":"index","follow":"follow","max-snippet":"max-snippet:-1","max-image-preview":"max-image-preview:large","max-video-preview":"max-video-preview:-1"},"canonical":"https:\/\/www.anovapeneira.gal\/index.php\/2024\/08\/23\/cristina-fernandez-davila-deputada-do-bng-e-ex-alcaldesa-de-ponteareas\/","og_locale":"gl_ES","og_type":"article","og_title":"Cristina Fern\u00e1ndez Davila deputada do BNG e ex alcaldesa de Ponteareas -","og_description":"Nas \u00faltimas elecci\u00f3ns municipais a dereita recuperaba o goberno da vila de Ponteareas. Esta regresi\u00f3n que padece agora Ponteareas non e nada novo na historia [...]","og_url":"https:\/\/www.anovapeneira.gal\/index.php\/2024\/08\/23\/cristina-fernandez-davila-deputada-do-bng-e-ex-alcaldesa-de-ponteareas\/","article_publisher":"https:\/\/www.facebook.com\/anovapeneira","article_published_time":"2024-08-23T08:00:41+00:00","og_image":[{"width":720,"height":432,"url":"https:\/\/www.anovapeneira.gal\/wp-content\/uploads\/2024\/08\/cristina_bng_ponteareas.png","type":"image\/png"}],"author":"Redacci\u00f3n A Nova Peneira","twitter_card":"summary_large_image","twitter_creator":"@APeneira","twitter_site":"@APeneira","twitter_misc":{"Escrito por":"Redacci\u00f3n A Nova Peneira","Tempo de lectura":"3 minutos"},"schema":{"@context":"https:\/\/schema.org","@graph":[{"@type":"Article","@id":"https:\/\/www.anovapeneira.gal\/index.php\/2024\/08\/23\/cristina-fernandez-davila-deputada-do-bng-e-ex-alcaldesa-de-ponteareas\/#article","isPartOf":{"@id":"https:\/\/www.anovapeneira.gal\/index.php\/2024\/08\/23\/cristina-fernandez-davila-deputada-do-bng-e-ex-alcaldesa-de-ponteareas\/"},"author":{"name":"Redacci\u00f3n A Nova Peneira","@id":"https:\/\/www.anovapeneira.gal\/#\/schema\/person\/b93e3f8932e3f8da96334607eb6ac6aa"},"headline":"Cristina Fern\u00e1ndez Davila deputada do BNG e ex alcaldesa de Ponteareas","datePublished":"2024-08-23T08:00:41+00:00","mainEntityOfPage":{"@id":"https:\/\/www.anovapeneira.gal\/index.php\/2024\/08\/23\/cristina-fernandez-davila-deputada-do-bng-e-ex-alcaldesa-de-ponteareas\/"},"wordCount":1483,"commentCount":0,"publisher":{"@id":"https:\/\/www.anovapeneira.gal\/#organization"},"image":{"@id":"https:\/\/www.anovapeneira.gal\/index.php\/2024\/08\/23\/cristina-fernandez-davila-deputada-do-bng-e-ex-alcaldesa-de-ponteareas\/#primaryimage"},"thumbnailUrl":"https:\/\/www.anovapeneira.gal\/wp-content\/uploads\/2024\/08\/cristina_bng_ponteareas.png","keywords":["Concello de Ponteareas"],"articleSection":["Condado","Sin categor\u00eda"],"inLanguage":"gl-ES","potentialAction":[{"@type":"CommentAction","name":"Comment","target":["https:\/\/www.anovapeneira.gal\/index.php\/2024\/08\/23\/cristina-fernandez-davila-deputada-do-bng-e-ex-alcaldesa-de-ponteareas\/#respond"]}]},{"@type":"WebPage","@id":"https:\/\/www.anovapeneira.gal\/index.php\/2024\/08\/23\/cristina-fernandez-davila-deputada-do-bng-e-ex-alcaldesa-de-ponteareas\/","url":"https:\/\/www.anovapeneira.gal\/index.php\/2024\/08\/23\/cristina-fernandez-davila-deputada-do-bng-e-ex-alcaldesa-de-ponteareas\/","name":"Cristina Fern\u00e1ndez Davila deputada do BNG e ex alcaldesa de Ponteareas -","isPartOf":{"@id":"https:\/\/www.anovapeneira.gal\/#website"},"primaryImageOfPage":{"@id":"https:\/\/www.anovapeneira.gal\/index.php\/2024\/08\/23\/cristina-fernandez-davila-deputada-do-bng-e-ex-alcaldesa-de-ponteareas\/#primaryimage"},"image":{"@id":"https:\/\/www.anovapeneira.gal\/index.php\/2024\/08\/23\/cristina-fernandez-davila-deputada-do-bng-e-ex-alcaldesa-de-ponteareas\/#primaryimage"},"thumbnailUrl":"https:\/\/www.anovapeneira.gal\/wp-content\/uploads\/2024\/08\/cristina_bng_ponteareas.png","datePublished":"2024-08-23T08:00:41+00:00","breadcrumb":{"@id":"https:\/\/www.anovapeneira.gal\/index.php\/2024\/08\/23\/cristina-fernandez-davila-deputada-do-bng-e-ex-alcaldesa-de-ponteareas\/#breadcrumb"},"inLanguage":"gl-ES","potentialAction":[{"@type":"ReadAction","target":["https:\/\/www.anovapeneira.gal\/index.php\/2024\/08\/23\/cristina-fernandez-davila-deputada-do-bng-e-ex-alcaldesa-de-ponteareas\/"]}]},{"@type":"ImageObject","inLanguage":"gl-ES","@id":"https:\/\/www.anovapeneira.gal\/index.php\/2024\/08\/23\/cristina-fernandez-davila-deputada-do-bng-e-ex-alcaldesa-de-ponteareas\/#primaryimage","url":"https:\/\/www.anovapeneira.gal\/wp-content\/uploads\/2024\/08\/cristina_bng_ponteareas.png","contentUrl":"https:\/\/www.anovapeneira.gal\/wp-content\/uploads\/2024\/08\/cristina_bng_ponteareas.png","width":720,"height":432,"caption":"Cristina Fern\u00e1ndez Davila deputada do BNG e ex alcaldesa de Ponteareas"},{"@type":"BreadcrumbList","@id":"https:\/\/www.anovapeneira.gal\/index.php\/2024\/08\/23\/cristina-fernandez-davila-deputada-do-bng-e-ex-alcaldesa-de-ponteareas\/#breadcrumb","itemListElement":[{"@type":"ListItem","position":1,"name":"Portada","item":"https:\/\/www.anovapeneira.gal\/"},{"@type":"ListItem","position":2,"name":"Cristina Fern\u00e1ndez Davila deputada do BNG e ex alcaldesa de Ponteareas"}]},{"@type":"WebSite","@id":"https:\/\/www.anovapeneira.gal\/#website","url":"https:\/\/www.anovapeneira.gal\/","name":"","description":"Xornal galego de informaci\u00f3n xeral Publicaci\u00f3n mensual de novas de Galicia e en especial dos Concellos da sur da provincia de Pontevedra.","publisher":{"@id":"https:\/\/www.anovapeneira.gal\/#organization"},"potentialAction":[{"@type":"SearchAction","target":{"@type":"EntryPoint","urlTemplate":"https:\/\/www.anovapeneira.gal\/?s={search_term_string}"},"query-input":{"@type":"PropertyValueSpecification","valueRequired":true,"valueName":"search_term_string"}}],"inLanguage":"gl-ES"},{"@type":"Organization","@id":"https:\/\/www.anovapeneira.gal\/#organization","name":"A Nova Peneira","url":"https:\/\/www.anovapeneira.gal\/","logo":{"@type":"ImageObject","inLanguage":"gl-ES","@id":"https:\/\/www.anovapeneira.gal\/#\/schema\/logo\/image\/","url":"http:\/\/www.anovapeneira.gal\/wp-content\/uploads\/2019\/06\/logo_a_nova_peneira_portal_web.png","contentUrl":"http:\/\/www.anovapeneira.gal\/wp-content\/uploads\/2019\/06\/logo_a_nova_peneira_portal_web.png","width":300,"height":100,"caption":"A Nova Peneira"},"image":{"@id":"https:\/\/www.anovapeneira.gal\/#\/schema\/logo\/image\/"},"sameAs":["https:\/\/www.facebook.com\/anovapeneira","https:\/\/x.com\/APeneira"]},{"@type":"Person","@id":"https:\/\/www.anovapeneira.gal\/#\/schema\/person\/b93e3f8932e3f8da96334607eb6ac6aa","name":"Redacci\u00f3n A Nova Peneira","image":{"@type":"ImageObject","inLanguage":"gl-ES","@id":"https:\/\/secure.gravatar.com\/avatar\/c052a2551a06e23fac63626232eaa90abd78dbcf1700fc46a2b2c89fd27b735f?s=96&d=mm&r=g","url":"https:\/\/secure.gravatar.com\/avatar\/c052a2551a06e23fac63626232eaa90abd78dbcf1700fc46a2b2c89fd27b735f?s=96&d=mm&r=g","contentUrl":"https:\/\/secure.gravatar.com\/avatar\/c052a2551a06e23fac63626232eaa90abd78dbcf1700fc46a2b2c89fd27b735f?s=96&d=mm&r=g","caption":"Redacci\u00f3n A Nova Peneira"},"sameAs":["http:\/\/www.anovapeneira.gal\/"],"url":"https:\/\/www.anovapeneira.gal\/index.php\/author\/redactor\/"}]}},"jetpack_featured_media_url":"https:\/\/www.anovapeneira.gal\/wp-content\/uploads\/2024\/08\/cristina_bng_ponteareas.png","_links":{"self":[{"href":"https:\/\/www.anovapeneira.gal\/index.php\/wp-json\/wp\/v2\/posts\/12277","targetHints":{"allow":["GET"]}}],"collection":[{"href":"https:\/\/www.anovapeneira.gal\/index.php\/wp-json\/wp\/v2\/posts"}],"about":[{"href":"https:\/\/www.anovapeneira.gal\/index.php\/wp-json\/wp\/v2\/types\/post"}],"author":[{"embeddable":true,"href":"https:\/\/www.anovapeneira.gal\/index.php\/wp-json\/wp\/v2\/users\/3"}],"replies":[{"embeddable":true,"href":"https:\/\/www.anovapeneira.gal\/index.php\/wp-json\/wp\/v2\/comments?post=12277"}],"version-history":[{"count":4,"href":"https:\/\/www.anovapeneira.gal\/index.php\/wp-json\/wp\/v2\/posts\/12277\/revisions"}],"predecessor-version":[{"id":12282,"href":"https:\/\/www.anovapeneira.gal\/index.php\/wp-json\/wp\/v2\/posts\/12277\/revisions\/12282"}],"wp:featuredmedia":[{"embeddable":true,"href":"https:\/\/www.anovapeneira.gal\/index.php\/wp-json\/wp\/v2\/media\/12278"}],"wp:attachment":[{"href":"https:\/\/www.anovapeneira.gal\/index.php\/wp-json\/wp\/v2\/media?parent=12277"}],"wp:term":[{"taxonomy":"category","embeddable":true,"href":"https:\/\/www.anovapeneira.gal\/index.php\/wp-json\/wp\/v2\/categories?post=12277"},{"taxonomy":"post_tag","embeddable":true,"href":"https:\/\/www.anovapeneira.gal\/index.php\/wp-json\/wp\/v2\/tags?post=12277"}],"curies":[{"name":"wp","href":"https:\/\/api.w.org\/{rel}","templated":true}]}}