{"id":12292,"date":"2024-08-26T12:00:56","date_gmt":"2024-08-26T10:00:56","guid":{"rendered":"https:\/\/www.anovapeneira.gal\/?p=12292"},"modified":"2024-08-20T09:44:20","modified_gmt":"2024-08-20T07:44:20","slug":"o-concello-de-bueu-acolle-un-curso-de-competencias-dixitais-basicas-para-mulleres","status":"publish","type":"post","link":"https:\/\/www.anovapeneira.gal\/index.php\/2024\/08\/26\/o-concello-de-bueu-acolle-un-curso-de-competencias-dixitais-basicas-para-mulleres\/","title":{"rendered":"O Concello de Bueu acolle un curso de competencias dixitais b\u00e1sicas para mulleres"},"content":{"rendered":"\n<ul class=\"wp-block-list\">\n<li><strong>O obradoiro, promovido conxuntamente coa Fundaci\u00f3n Esplai e co financiamento da Conseller\u00eda de Pol\u00edtica Social, comezar\u00e1 o 17 de setembro nas dependencias do Centro de Informaci\u00f3n \u00e1s Mulleres<\/strong><\/li>\n\n\n\n<li><strong>As inscrici\u00f3ns ser\u00e1n gratu\u00edtas e deber\u00e1n facerse no CIM, a trav\u00e9s do tel\u00e9fono 986324395 entre as 12.30 e as 13.30 horas, ou a trav\u00e9s do enderezo electr\u00f3nico cim@concellodebueu.gal<\/strong><\/li>\n<\/ul>\n\n\n\n<p>O Concello de Bueu e a Fundaci\u00f3n Esplai, co financiamento da Conseller\u00eda de Pol\u00edtica Social, organizan un obradoiro de competencias dixitais b\u00e1sicas dirixido a mulleres.<\/p>\n\n\n\n<p>O obradoiro comezar\u00e1 o 17 de setembro \u00e1s 10 horas na sala de xuntas do Centro de Informaci\u00f3n \u00e1s Mulleres (CIM) e desenvolverase todos os martes ata o 22 de outubro. As inscrici\u00f3ns ser\u00e1n gratu\u00edtas e deber\u00e1n facerse no CIM, a trav\u00e9s do tel\u00e9fono 986324395 entre as 12.30 e as 13.30 horas, ou a trav\u00e9s do enderezo electr\u00f3nico <a href=\"mailto:cim@concellodebueu.gal\">cim@concellodebueu.gal<\/a>.<\/p>\n\n\n\n<p>Nel explicaranse temas como a xesti\u00f3n de arquivos e almacenamento na nube, a navegaci\u00f3n por internet, a comunicaci\u00f3n a trav\u00e9s de diversas ferramentas, aplicaci\u00f3ns para a vida diaria, seguridade na rede, redes sociais, xesti\u00f3ns telem\u00e1ticas ou a busca de traballo, entre outras moitas cuesti\u00f3ns.<\/p>\n\n\n\n<p>As mulleres que se inscriban deber\u00e1n levar \u00e1s sesi\u00f3ns o seu tel\u00e9fono smartphone.<\/p>\n\n\n\n<figure class=\"wp-block-image size-large\"><img loading=\"lazy\" decoding=\"async\" width=\"724\" height=\"1024\" src=\"https:\/\/www.anovapeneira.gal\/wp-content\/uploads\/2024\/08\/cartel-obradoiro-competencias-dixitais-para-mulleres-cim-724x1024.jpg\" alt=\"\" class=\"wp-image-12293\" srcset=\"https:\/\/www.anovapeneira.gal\/wp-content\/uploads\/2024\/08\/cartel-obradoiro-competencias-dixitais-para-mulleres-cim-724x1024.jpg 724w, https:\/\/www.anovapeneira.gal\/wp-content\/uploads\/2024\/08\/cartel-obradoiro-competencias-dixitais-para-mulleres-cim-212x300.jpg 212w, https:\/\/www.anovapeneira.gal\/wp-content\/uploads\/2024\/08\/cartel-obradoiro-competencias-dixitais-para-mulleres-cim-768x1086.jpg 768w, https:\/\/www.anovapeneira.gal\/wp-content\/uploads\/2024\/08\/cartel-obradoiro-competencias-dixitais-para-mulleres-cim-1086x1536.jpg 1086w, https:\/\/www.anovapeneira.gal\/wp-content\/uploads\/2024\/08\/cartel-obradoiro-competencias-dixitais-para-mulleres-cim-1448x2048.jpg 1448w, https:\/\/www.anovapeneira.gal\/wp-content\/uploads\/2024\/08\/cartel-obradoiro-competencias-dixitais-para-mulleres-cim.jpg 1754w\" sizes=\"auto, (max-width: 724px) 100vw, 724px\" \/><\/figure>\n\n\n\n<p>Este curso s\u00famase aos de innovaci\u00f3n tecnol\u00f3xica que xa se impulsaron nos \u00faltimos anos por parte do Concello, coa colaboraci\u00f3n de diversas entidades. As\u00ed, impart\u00edronse dous de formaci\u00f3n na dixitalizaci\u00f3n para mulleres no programa \u201cGalegas Dixitais\u201d, da man de Be Project Consultores e Ara Formaci\u00f3n coa colaboraci\u00f3n do Concello; os dous de novas tecnolox\u00edas para persoas maiores, da man da Fundaci\u00f3n Amigos de Galicia e outro con Ticymayores; ou os cursos de primeiros auxilios e manipulaci\u00f3n de alimentos coa Federaci\u00f3n de Mulleres de Pontevedra (Femupo).<\/p>\n\n\n\n<p><strong>Bueu, a 19 de agosto de 2024<\/strong><\/p>\n","protected":false},"excerpt":{"rendered":"<div class=\"mh-excerpt\"><p>O obradoiro, promovido conxuntamente coa Fundaci\u00f3n Esplai e co financiamento da Conseller\u00eda de Pol\u00edtica Social, comezar\u00e1 o 17 de setembro nas dependencias do Centro de Informaci\u00f3n \u00e1s Mulleres <a class=\"mh-excerpt-more\" href=\"https:\/\/www.anovapeneira.gal\/index.php\/2024\/08\/26\/o-concello-de-bueu-acolle-un-curso-de-competencias-dixitais-basicas-para-mulleres\/\" title=\"O Concello de Bueu acolle un curso de competencias dixitais b\u00e1sicas para mulleres\">[&#8230;]<\/a><\/p>\n<\/div>","protected":false},"author":3,"featured_media":12294,"comment_status":"open","ping_status":"open","sticky":false,"template":"","format":"standard","meta":{"_exactmetrics_skip_tracking":false,"_exactmetrics_sitenote_active":false,"_exactmetrics_sitenote_note":"","_exactmetrics_sitenote_category":0,"footnotes":""},"categories":[22],"tags":[440],"class_list":{"0":"post-12292","1":"post","2":"type-post","3":"status-publish","4":"format-standard","5":"has-post-thumbnail","7":"category-morrazo","8":"tag-concello-de-bueu"},"yoast_head":"<!-- This site is optimized with the Yoast SEO plugin v27.4 - https:\/\/yoast.com\/product\/yoast-seo-wordpress\/ -->\n<title>O Concello de Bueu acolle un curso de competencias dixitais b\u00e1sicas para mulleres -<\/title>\n<meta name=\"robots\" content=\"index, follow, max-snippet:-1, max-image-preview:large, max-video-preview:-1\" \/>\n<link rel=\"canonical\" href=\"https:\/\/www.anovapeneira.gal\/index.php\/2024\/08\/26\/o-concello-de-bueu-acolle-un-curso-de-competencias-dixitais-basicas-para-mulleres\/\" \/>\n<meta property=\"og:locale\" content=\"gl_ES\" \/>\n<meta property=\"og:type\" content=\"article\" \/>\n<meta property=\"og:title\" content=\"O Concello de Bueu acolle un curso de competencias dixitais b\u00e1sicas para mulleres -\" \/>\n<meta property=\"og:description\" content=\"O obradoiro, promovido conxuntamente coa Fundaci\u00f3n Esplai e co financiamento da Conseller\u00eda de Pol\u00edtica Social, comezar\u00e1 o 17 de setembro nas dependencias do Centro de Informaci\u00f3n \u00e1s Mulleres [...]\" \/>\n<meta property=\"og:url\" content=\"https:\/\/www.anovapeneira.gal\/index.php\/2024\/08\/26\/o-concello-de-bueu-acolle-un-curso-de-competencias-dixitais-basicas-para-mulleres\/\" \/>\n<meta property=\"article:publisher\" content=\"https:\/\/www.facebook.com\/anovapeneira\" \/>\n<meta property=\"article:published_time\" content=\"2024-08-26T10:00:56+00:00\" \/>\n<meta property=\"og:image\" content=\"https:\/\/www.anovapeneira.gal\/wp-content\/uploads\/2024\/08\/curso-autoestima-mulleres-cim.jpg\" \/>\n\t<meta property=\"og:image:width\" content=\"2560\" \/>\n\t<meta property=\"og:image:height\" content=\"1707\" \/>\n\t<meta property=\"og:image:type\" content=\"image\/jpeg\" \/>\n<meta name=\"author\" content=\"Redacci\u00f3n A Nova Peneira\" \/>\n<meta name=\"twitter:card\" content=\"summary_large_image\" \/>\n<meta name=\"twitter:creator\" content=\"@APeneira\" \/>\n<meta name=\"twitter:site\" content=\"@APeneira\" \/>\n<meta name=\"twitter:label1\" content=\"Escrito por\" \/>\n\t<meta name=\"twitter:data1\" content=\"Redacci\u00f3n A Nova Peneira\" \/>\n\t<meta name=\"twitter:label2\" content=\"Tempo de lectura\" \/>\n\t<meta name=\"twitter:data2\" content=\"2 minutos\" \/>\n<script type=\"application\/ld+json\" class=\"yoast-schema-graph\">{\"@context\":\"https:\\\/\\\/schema.org\",\"@graph\":[{\"@type\":\"Article\",\"@id\":\"https:\\\/\\\/www.anovapeneira.gal\\\/index.php\\\/2024\\\/08\\\/26\\\/o-concello-de-bueu-acolle-un-curso-de-competencias-dixitais-basicas-para-mulleres\\\/#article\",\"isPartOf\":{\"@id\":\"https:\\\/\\\/www.anovapeneira.gal\\\/index.php\\\/2024\\\/08\\\/26\\\/o-concello-de-bueu-acolle-un-curso-de-competencias-dixitais-basicas-para-mulleres\\\/\"},\"author\":{\"name\":\"Redacci\u00f3n A Nova Peneira\",\"@id\":\"https:\\\/\\\/www.anovapeneira.gal\\\/#\\\/schema\\\/person\\\/b93e3f8932e3f8da96334607eb6ac6aa\"},\"headline\":\"O Concello de Bueu acolle un curso de competencias dixitais b\u00e1sicas para mulleres\",\"datePublished\":\"2024-08-26T10:00:56+00:00\",\"mainEntityOfPage\":{\"@id\":\"https:\\\/\\\/www.anovapeneira.gal\\\/index.php\\\/2024\\\/08\\\/26\\\/o-concello-de-bueu-acolle-un-curso-de-competencias-dixitais-basicas-para-mulleres\\\/\"},\"wordCount\":344,\"commentCount\":0,\"publisher\":{\"@id\":\"https:\\\/\\\/www.anovapeneira.gal\\\/#organization\"},\"image\":{\"@id\":\"https:\\\/\\\/www.anovapeneira.gal\\\/index.php\\\/2024\\\/08\\\/26\\\/o-concello-de-bueu-acolle-un-curso-de-competencias-dixitais-basicas-para-mulleres\\\/#primaryimage\"},\"thumbnailUrl\":\"https:\\\/\\\/www.anovapeneira.gal\\\/wp-content\\\/uploads\\\/2024\\\/08\\\/curso-autoestima-mulleres-cim.jpg\",\"keywords\":[\"Concello de Bueu\"],\"articleSection\":[\"Morrazo\"],\"inLanguage\":\"gl-ES\",\"potentialAction\":[{\"@type\":\"CommentAction\",\"name\":\"Comment\",\"target\":[\"https:\\\/\\\/www.anovapeneira.gal\\\/index.php\\\/2024\\\/08\\\/26\\\/o-concello-de-bueu-acolle-un-curso-de-competencias-dixitais-basicas-para-mulleres\\\/#respond\"]}]},{\"@type\":\"WebPage\",\"@id\":\"https:\\\/\\\/www.anovapeneira.gal\\\/index.php\\\/2024\\\/08\\\/26\\\/o-concello-de-bueu-acolle-un-curso-de-competencias-dixitais-basicas-para-mulleres\\\/\",\"url\":\"https:\\\/\\\/www.anovapeneira.gal\\\/index.php\\\/2024\\\/08\\\/26\\\/o-concello-de-bueu-acolle-un-curso-de-competencias-dixitais-basicas-para-mulleres\\\/\",\"name\":\"O Concello de Bueu acolle un curso de competencias dixitais b\u00e1sicas para mulleres -\",\"isPartOf\":{\"@id\":\"https:\\\/\\\/www.anovapeneira.gal\\\/#website\"},\"primaryImageOfPage\":{\"@id\":\"https:\\\/\\\/www.anovapeneira.gal\\\/index.php\\\/2024\\\/08\\\/26\\\/o-concello-de-bueu-acolle-un-curso-de-competencias-dixitais-basicas-para-mulleres\\\/#primaryimage\"},\"image\":{\"@id\":\"https:\\\/\\\/www.anovapeneira.gal\\\/index.php\\\/2024\\\/08\\\/26\\\/o-concello-de-bueu-acolle-un-curso-de-competencias-dixitais-basicas-para-mulleres\\\/#primaryimage\"},\"thumbnailUrl\":\"https:\\\/\\\/www.anovapeneira.gal\\\/wp-content\\\/uploads\\\/2024\\\/08\\\/curso-autoestima-mulleres-cim.jpg\",\"datePublished\":\"2024-08-26T10:00:56+00:00\",\"breadcrumb\":{\"@id\":\"https:\\\/\\\/www.anovapeneira.gal\\\/index.php\\\/2024\\\/08\\\/26\\\/o-concello-de-bueu-acolle-un-curso-de-competencias-dixitais-basicas-para-mulleres\\\/#breadcrumb\"},\"inLanguage\":\"gl-ES\",\"potentialAction\":[{\"@type\":\"ReadAction\",\"target\":[\"https:\\\/\\\/www.anovapeneira.gal\\\/index.php\\\/2024\\\/08\\\/26\\\/o-concello-de-bueu-acolle-un-curso-de-competencias-dixitais-basicas-para-mulleres\\\/\"]}]},{\"@type\":\"ImageObject\",\"inLanguage\":\"gl-ES\",\"@id\":\"https:\\\/\\\/www.anovapeneira.gal\\\/index.php\\\/2024\\\/08\\\/26\\\/o-concello-de-bueu-acolle-un-curso-de-competencias-dixitais-basicas-para-mulleres\\\/#primaryimage\",\"url\":\"https:\\\/\\\/www.anovapeneira.gal\\\/wp-content\\\/uploads\\\/2024\\\/08\\\/curso-autoestima-mulleres-cim.jpg\",\"contentUrl\":\"https:\\\/\\\/www.anovapeneira.gal\\\/wp-content\\\/uploads\\\/2024\\\/08\\\/curso-autoestima-mulleres-cim.jpg\",\"width\":2560,\"height\":1707,\"caption\":\"O Concello de Bueu acolle un curso de competencias dixitais b\u00e1sicas para mulleres\"},{\"@type\":\"BreadcrumbList\",\"@id\":\"https:\\\/\\\/www.anovapeneira.gal\\\/index.php\\\/2024\\\/08\\\/26\\\/o-concello-de-bueu-acolle-un-curso-de-competencias-dixitais-basicas-para-mulleres\\\/#breadcrumb\",\"itemListElement\":[{\"@type\":\"ListItem\",\"position\":1,\"name\":\"Portada\",\"item\":\"https:\\\/\\\/www.anovapeneira.gal\\\/\"},{\"@type\":\"ListItem\",\"position\":2,\"name\":\"O Concello de Bueu acolle un curso de competencias dixitais b\u00e1sicas para mulleres\"}]},{\"@type\":\"WebSite\",\"@id\":\"https:\\\/\\\/www.anovapeneira.gal\\\/#website\",\"url\":\"https:\\\/\\\/www.anovapeneira.gal\\\/\",\"name\":\"\",\"description\":\"Xornal galego de informaci\u00f3n xeral Publicaci\u00f3n mensual de novas de Galicia e en especial dos Concellos da sur da provincia de Pontevedra.\",\"publisher\":{\"@id\":\"https:\\\/\\\/www.anovapeneira.gal\\\/#organization\"},\"potentialAction\":[{\"@type\":\"SearchAction\",\"target\":{\"@type\":\"EntryPoint\",\"urlTemplate\":\"https:\\\/\\\/www.anovapeneira.gal\\\/?s={search_term_string}\"},\"query-input\":{\"@type\":\"PropertyValueSpecification\",\"valueRequired\":true,\"valueName\":\"search_term_string\"}}],\"inLanguage\":\"gl-ES\"},{\"@type\":\"Organization\",\"@id\":\"https:\\\/\\\/www.anovapeneira.gal\\\/#organization\",\"name\":\"A Nova Peneira\",\"url\":\"https:\\\/\\\/www.anovapeneira.gal\\\/\",\"logo\":{\"@type\":\"ImageObject\",\"inLanguage\":\"gl-ES\",\"@id\":\"https:\\\/\\\/www.anovapeneira.gal\\\/#\\\/schema\\\/logo\\\/image\\\/\",\"url\":\"http:\\\/\\\/www.anovapeneira.gal\\\/wp-content\\\/uploads\\\/2019\\\/06\\\/logo_a_nova_peneira_portal_web.png\",\"contentUrl\":\"http:\\\/\\\/www.anovapeneira.gal\\\/wp-content\\\/uploads\\\/2019\\\/06\\\/logo_a_nova_peneira_portal_web.png\",\"width\":300,\"height\":100,\"caption\":\"A Nova Peneira\"},\"image\":{\"@id\":\"https:\\\/\\\/www.anovapeneira.gal\\\/#\\\/schema\\\/logo\\\/image\\\/\"},\"sameAs\":[\"https:\\\/\\\/www.facebook.com\\\/anovapeneira\",\"https:\\\/\\\/x.com\\\/APeneira\"]},{\"@type\":\"Person\",\"@id\":\"https:\\\/\\\/www.anovapeneira.gal\\\/#\\\/schema\\\/person\\\/b93e3f8932e3f8da96334607eb6ac6aa\",\"name\":\"Redacci\u00f3n A Nova Peneira\",\"image\":{\"@type\":\"ImageObject\",\"inLanguage\":\"gl-ES\",\"@id\":\"https:\\\/\\\/secure.gravatar.com\\\/avatar\\\/c052a2551a06e23fac63626232eaa90abd78dbcf1700fc46a2b2c89fd27b735f?s=96&d=mm&r=g\",\"url\":\"https:\\\/\\\/secure.gravatar.com\\\/avatar\\\/c052a2551a06e23fac63626232eaa90abd78dbcf1700fc46a2b2c89fd27b735f?s=96&d=mm&r=g\",\"contentUrl\":\"https:\\\/\\\/secure.gravatar.com\\\/avatar\\\/c052a2551a06e23fac63626232eaa90abd78dbcf1700fc46a2b2c89fd27b735f?s=96&d=mm&r=g\",\"caption\":\"Redacci\u00f3n A Nova Peneira\"},\"sameAs\":[\"http:\\\/\\\/www.anovapeneira.gal\\\/\"],\"url\":\"https:\\\/\\\/www.anovapeneira.gal\\\/index.php\\\/author\\\/redactor\\\/\"}]}<\/script>\n<!-- \/ Yoast SEO plugin. -->","yoast_head_json":{"title":"O Concello de Bueu acolle un curso de competencias dixitais b\u00e1sicas para mulleres -","robots":{"index":"index","follow":"follow","max-snippet":"max-snippet:-1","max-image-preview":"max-image-preview:large","max-video-preview":"max-video-preview:-1"},"canonical":"https:\/\/www.anovapeneira.gal\/index.php\/2024\/08\/26\/o-concello-de-bueu-acolle-un-curso-de-competencias-dixitais-basicas-para-mulleres\/","og_locale":"gl_ES","og_type":"article","og_title":"O Concello de Bueu acolle un curso de competencias dixitais b\u00e1sicas para mulleres -","og_description":"O obradoiro, promovido conxuntamente coa Fundaci\u00f3n Esplai e co financiamento da Conseller\u00eda de Pol\u00edtica Social, comezar\u00e1 o 17 de setembro nas dependencias do Centro de Informaci\u00f3n \u00e1s Mulleres [...]","og_url":"https:\/\/www.anovapeneira.gal\/index.php\/2024\/08\/26\/o-concello-de-bueu-acolle-un-curso-de-competencias-dixitais-basicas-para-mulleres\/","article_publisher":"https:\/\/www.facebook.com\/anovapeneira","article_published_time":"2024-08-26T10:00:56+00:00","og_image":[{"width":2560,"height":1707,"url":"https:\/\/www.anovapeneira.gal\/wp-content\/uploads\/2024\/08\/curso-autoestima-mulleres-cim.jpg","type":"image\/jpeg"}],"author":"Redacci\u00f3n A Nova Peneira","twitter_card":"summary_large_image","twitter_creator":"@APeneira","twitter_site":"@APeneira","twitter_misc":{"Escrito por":"Redacci\u00f3n A Nova Peneira","Tempo de lectura":"2 minutos"},"schema":{"@context":"https:\/\/schema.org","@graph":[{"@type":"Article","@id":"https:\/\/www.anovapeneira.gal\/index.php\/2024\/08\/26\/o-concello-de-bueu-acolle-un-curso-de-competencias-dixitais-basicas-para-mulleres\/#article","isPartOf":{"@id":"https:\/\/www.anovapeneira.gal\/index.php\/2024\/08\/26\/o-concello-de-bueu-acolle-un-curso-de-competencias-dixitais-basicas-para-mulleres\/"},"author":{"name":"Redacci\u00f3n A Nova Peneira","@id":"https:\/\/www.anovapeneira.gal\/#\/schema\/person\/b93e3f8932e3f8da96334607eb6ac6aa"},"headline":"O Concello de Bueu acolle un curso de competencias dixitais b\u00e1sicas para mulleres","datePublished":"2024-08-26T10:00:56+00:00","mainEntityOfPage":{"@id":"https:\/\/www.anovapeneira.gal\/index.php\/2024\/08\/26\/o-concello-de-bueu-acolle-un-curso-de-competencias-dixitais-basicas-para-mulleres\/"},"wordCount":344,"commentCount":0,"publisher":{"@id":"https:\/\/www.anovapeneira.gal\/#organization"},"image":{"@id":"https:\/\/www.anovapeneira.gal\/index.php\/2024\/08\/26\/o-concello-de-bueu-acolle-un-curso-de-competencias-dixitais-basicas-para-mulleres\/#primaryimage"},"thumbnailUrl":"https:\/\/www.anovapeneira.gal\/wp-content\/uploads\/2024\/08\/curso-autoestima-mulleres-cim.jpg","keywords":["Concello de Bueu"],"articleSection":["Morrazo"],"inLanguage":"gl-ES","potentialAction":[{"@type":"CommentAction","name":"Comment","target":["https:\/\/www.anovapeneira.gal\/index.php\/2024\/08\/26\/o-concello-de-bueu-acolle-un-curso-de-competencias-dixitais-basicas-para-mulleres\/#respond"]}]},{"@type":"WebPage","@id":"https:\/\/www.anovapeneira.gal\/index.php\/2024\/08\/26\/o-concello-de-bueu-acolle-un-curso-de-competencias-dixitais-basicas-para-mulleres\/","url":"https:\/\/www.anovapeneira.gal\/index.php\/2024\/08\/26\/o-concello-de-bueu-acolle-un-curso-de-competencias-dixitais-basicas-para-mulleres\/","name":"O Concello de Bueu acolle un curso de competencias dixitais b\u00e1sicas para mulleres -","isPartOf":{"@id":"https:\/\/www.anovapeneira.gal\/#website"},"primaryImageOfPage":{"@id":"https:\/\/www.anovapeneira.gal\/index.php\/2024\/08\/26\/o-concello-de-bueu-acolle-un-curso-de-competencias-dixitais-basicas-para-mulleres\/#primaryimage"},"image":{"@id":"https:\/\/www.anovapeneira.gal\/index.php\/2024\/08\/26\/o-concello-de-bueu-acolle-un-curso-de-competencias-dixitais-basicas-para-mulleres\/#primaryimage"},"thumbnailUrl":"https:\/\/www.anovapeneira.gal\/wp-content\/uploads\/2024\/08\/curso-autoestima-mulleres-cim.jpg","datePublished":"2024-08-26T10:00:56+00:00","breadcrumb":{"@id":"https:\/\/www.anovapeneira.gal\/index.php\/2024\/08\/26\/o-concello-de-bueu-acolle-un-curso-de-competencias-dixitais-basicas-para-mulleres\/#breadcrumb"},"inLanguage":"gl-ES","potentialAction":[{"@type":"ReadAction","target":["https:\/\/www.anovapeneira.gal\/index.php\/2024\/08\/26\/o-concello-de-bueu-acolle-un-curso-de-competencias-dixitais-basicas-para-mulleres\/"]}]},{"@type":"ImageObject","inLanguage":"gl-ES","@id":"https:\/\/www.anovapeneira.gal\/index.php\/2024\/08\/26\/o-concello-de-bueu-acolle-un-curso-de-competencias-dixitais-basicas-para-mulleres\/#primaryimage","url":"https:\/\/www.anovapeneira.gal\/wp-content\/uploads\/2024\/08\/curso-autoestima-mulleres-cim.jpg","contentUrl":"https:\/\/www.anovapeneira.gal\/wp-content\/uploads\/2024\/08\/curso-autoestima-mulleres-cim.jpg","width":2560,"height":1707,"caption":"O Concello de Bueu acolle un curso de competencias dixitais b\u00e1sicas para mulleres"},{"@type":"BreadcrumbList","@id":"https:\/\/www.anovapeneira.gal\/index.php\/2024\/08\/26\/o-concello-de-bueu-acolle-un-curso-de-competencias-dixitais-basicas-para-mulleres\/#breadcrumb","itemListElement":[{"@type":"ListItem","position":1,"name":"Portada","item":"https:\/\/www.anovapeneira.gal\/"},{"@type":"ListItem","position":2,"name":"O Concello de Bueu acolle un curso de competencias dixitais b\u00e1sicas para mulleres"}]},{"@type":"WebSite","@id":"https:\/\/www.anovapeneira.gal\/#website","url":"https:\/\/www.anovapeneira.gal\/","name":"","description":"Xornal galego de informaci\u00f3n xeral Publicaci\u00f3n mensual de novas de Galicia e en especial dos Concellos da sur da provincia de Pontevedra.","publisher":{"@id":"https:\/\/www.anovapeneira.gal\/#organization"},"potentialAction":[{"@type":"SearchAction","target":{"@type":"EntryPoint","urlTemplate":"https:\/\/www.anovapeneira.gal\/?s={search_term_string}"},"query-input":{"@type":"PropertyValueSpecification","valueRequired":true,"valueName":"search_term_string"}}],"inLanguage":"gl-ES"},{"@type":"Organization","@id":"https:\/\/www.anovapeneira.gal\/#organization","name":"A Nova Peneira","url":"https:\/\/www.anovapeneira.gal\/","logo":{"@type":"ImageObject","inLanguage":"gl-ES","@id":"https:\/\/www.anovapeneira.gal\/#\/schema\/logo\/image\/","url":"http:\/\/www.anovapeneira.gal\/wp-content\/uploads\/2019\/06\/logo_a_nova_peneira_portal_web.png","contentUrl":"http:\/\/www.anovapeneira.gal\/wp-content\/uploads\/2019\/06\/logo_a_nova_peneira_portal_web.png","width":300,"height":100,"caption":"A Nova Peneira"},"image":{"@id":"https:\/\/www.anovapeneira.gal\/#\/schema\/logo\/image\/"},"sameAs":["https:\/\/www.facebook.com\/anovapeneira","https:\/\/x.com\/APeneira"]},{"@type":"Person","@id":"https:\/\/www.anovapeneira.gal\/#\/schema\/person\/b93e3f8932e3f8da96334607eb6ac6aa","name":"Redacci\u00f3n A Nova Peneira","image":{"@type":"ImageObject","inLanguage":"gl-ES","@id":"https:\/\/secure.gravatar.com\/avatar\/c052a2551a06e23fac63626232eaa90abd78dbcf1700fc46a2b2c89fd27b735f?s=96&d=mm&r=g","url":"https:\/\/secure.gravatar.com\/avatar\/c052a2551a06e23fac63626232eaa90abd78dbcf1700fc46a2b2c89fd27b735f?s=96&d=mm&r=g","contentUrl":"https:\/\/secure.gravatar.com\/avatar\/c052a2551a06e23fac63626232eaa90abd78dbcf1700fc46a2b2c89fd27b735f?s=96&d=mm&r=g","caption":"Redacci\u00f3n A Nova Peneira"},"sameAs":["http:\/\/www.anovapeneira.gal\/"],"url":"https:\/\/www.anovapeneira.gal\/index.php\/author\/redactor\/"}]}},"jetpack_featured_media_url":"https:\/\/www.anovapeneira.gal\/wp-content\/uploads\/2024\/08\/curso-autoestima-mulleres-cim.jpg","_links":{"self":[{"href":"https:\/\/www.anovapeneira.gal\/index.php\/wp-json\/wp\/v2\/posts\/12292","targetHints":{"allow":["GET"]}}],"collection":[{"href":"https:\/\/www.anovapeneira.gal\/index.php\/wp-json\/wp\/v2\/posts"}],"about":[{"href":"https:\/\/www.anovapeneira.gal\/index.php\/wp-json\/wp\/v2\/types\/post"}],"author":[{"embeddable":true,"href":"https:\/\/www.anovapeneira.gal\/index.php\/wp-json\/wp\/v2\/users\/3"}],"replies":[{"embeddable":true,"href":"https:\/\/www.anovapeneira.gal\/index.php\/wp-json\/wp\/v2\/comments?post=12292"}],"version-history":[{"count":1,"href":"https:\/\/www.anovapeneira.gal\/index.php\/wp-json\/wp\/v2\/posts\/12292\/revisions"}],"predecessor-version":[{"id":12295,"href":"https:\/\/www.anovapeneira.gal\/index.php\/wp-json\/wp\/v2\/posts\/12292\/revisions\/12295"}],"wp:featuredmedia":[{"embeddable":true,"href":"https:\/\/www.anovapeneira.gal\/index.php\/wp-json\/wp\/v2\/media\/12294"}],"wp:attachment":[{"href":"https:\/\/www.anovapeneira.gal\/index.php\/wp-json\/wp\/v2\/media?parent=12292"}],"wp:term":[{"taxonomy":"category","embeddable":true,"href":"https:\/\/www.anovapeneira.gal\/index.php\/wp-json\/wp\/v2\/categories?post=12292"},{"taxonomy":"post_tag","embeddable":true,"href":"https:\/\/www.anovapeneira.gal\/index.php\/wp-json\/wp\/v2\/tags?post=12292"}],"curies":[{"name":"wp","href":"https:\/\/api.w.org\/{rel}","templated":true}]}}