{"id":12296,"date":"2024-08-23T12:00:24","date_gmt":"2024-08-23T10:00:24","guid":{"rendered":"https:\/\/www.anovapeneira.gal\/?p=12296"},"modified":"2024-08-20T12:53:09","modified_gmt":"2024-08-20T10:53:09","slug":"pilar-martinez-concelleira-do-goberno-de-redondela","status":"publish","type":"post","link":"https:\/\/www.anovapeneira.gal\/index.php\/2024\/08\/23\/pilar-martinez-concelleira-do-goberno-de-redondela\/","title":{"rendered":"Pilar Mart\u00ednez : Concelleira do goberno de Redondela"},"content":{"rendered":"\n<p><strong>Pilar \u00e9 unha veterana que leva toda a s\u00faa vida traballando polo ben com\u00fan, tanto no eido da pol\u00edtica como na acci\u00f3n social. Nese sentido est\u00e1 especialmente sensibilizada co voluntariado, coa participaci\u00f3n da sociedade civil na vida do concello. Ela ten moitos proxectos en mente, e toneladas de ilusi\u00f3n en facelos efectivos para poder facer a vida de Redondela, especialmente dos colectivos m\u00e1is necesitados, m\u00e1is f\u00e1cil e de mellor calidade. En definitiva para podermos ser m\u00e1is humanos. N\u00f3s fomos co\u00f1ecela.<\/strong><\/p>\n\n\n\n<p>\u201c<strong>A oposici\u00f3n de Redondela deixa moito que desexar, \u00e9 totalmente destrutiva\u201d<\/strong><\/p>\n\n\n\n<p><strong>Que \u00e1reas levas Pilar?<\/strong><\/p>\n\n\n\n<blockquote class=\"wp-block-quote is-layout-flow wp-block-quote-is-layout-flow\">\n<p>Maiores, infancia, medio ambiente e sa\u00fade.<\/p>\n<\/blockquote>\n\n\n\n<p><strong>Como chega unha m\u00e9dica pediatra , coma ti, ao mundo da pol\u00edtica municipal?<\/strong><\/p>\n\n\n\n<blockquote class=\"wp-block-quote is-layout-flow wp-block-quote-is-layout-flow\">\n<p>Eu levo desde moi nova tratando de contribu\u00edr ao ben com\u00fan. Esta non \u00e9 a mi\u00f1a primeira experiencia na pol\u00edtica, eu ve\u00f1o do PC e de Esquerda Unida. E esa maneira de formular a realidade: a contribuci\u00f3n dun individuo ao ben colectivo, \u00e9 a forma que entendo eu tanto a pr\u00e1ctica da medicina, como da pol\u00edtica.<\/p>\n<\/blockquote>\n\n\n\n<p><strong>Tampouco \u00e9 a t\u00faa primeira experiencia como concelleira?<\/strong><\/p>\n\n\n\n<blockquote class=\"wp-block-quote is-layout-flow wp-block-quote-is-layout-flow\">\n<p>Non. Hai bastantes anos xa, estiven un tempo de concelleira co alcalde Xaime Rei. A verdade foi unha etapa bastante dura con alg\u00fan episodio moi desagradable.<\/p>\n<\/blockquote>\n\n\n\n<p><strong>Ap\u00e1\u00f1aste ben levando todas as \u00e1reas que tes?<\/strong><\/p>\n\n\n\n<blockquote class=\"wp-block-quote is-layout-flow wp-block-quote-is-layout-flow\">\n<p>Si. Neste goberno traballamos en equipo e a verdade iso facilita moito as cousas.<\/p>\n<\/blockquote>\n\n\n\n<p><strong>Ben, pois transm\u00edtoche unha queixa colectiva, para o conxunto do goberno, que chegou \u00e1 nosa redacci\u00f3n: Recibimos diversas protestas de veci\u00f1os de Reboreda dicindo que na s\u00faa parroquia,a diferenza de outras, non se roza. Iso \u00e9 as\u00ed ?<\/strong><\/p>\n\n\n\n<blockquote class=\"wp-block-quote is-layout-flow wp-block-quote-is-layout-flow\">\n<p>Pois res\u00faltame estra\u00f1o iso que me dis porque precisamente na \u00e9poca que me fas esta entrevista Reboreda est\u00e1 en festas, e creo que recibiu unha atenci\u00f3n importante, de feito o que vin eu cando estiven por Reboreda estaba perfectamente rozado. Pero tratarei de co\u00f1ecer o motivo desas queixas.<\/p>\n<\/blockquote>\n\n\n\n<p><strong>Como valoras a t\u00faa experiencia ata o momento no goberno de Digna Rivas?<\/strong><\/p>\n\n\n\n<blockquote class=\"wp-block-quote is-layout-flow wp-block-quote-is-layout-flow\">\n<p>A experiencia \u00e9 positiva pero non nego que me atopei m\u00e1is dificultades das que agardaba. Eu son unha persoa resolutiva que traballo para facer efectivos os programas concretos, para que a pol\u00edtica poida ser unha ferramenta para mellorar a vida coti\u00e1 e \u00e1s veces \u00e9 moi complicado. Hai programas moi importantes que custa moito que se concreten.<\/p>\n<\/blockquote>\n\n\n\n<p><strong>Por exemplo?<\/strong><\/p>\n\n\n\n<blockquote class=\"wp-block-quote is-layout-flow wp-block-quote-is-layout-flow\">\n<p>O programa de atenci\u00f3n temper\u00e1. Non temos un local en Redondela que se poida adaptar para pod\u00e9rmolo desenvolver. Nestes momentos \u00e9 inviable. Asemade este \u00e9 un programa que ten unha duraci\u00f3n limitada a seis anos e iso deber\u00edase modificar porque logo deixas aos usuarios ou usuarias tirados.<\/p>\n<\/blockquote>\n\n\n\n<p><strong>Que opinas sobre as declaraci\u00f3ns da alcaldesa, no n\u00famero anterior da nosa publicaci\u00f3n, nas que equiparaba a pol\u00edtica comunicativa do PP de Redondela \u00e1 de Goebbels?<\/strong><\/p>\n\n\n\n<blockquote class=\"wp-block-quote is-layout-flow wp-block-quote-is-layout-flow\">\n<p>Estou totalmente de acordo coa alcaldesa. Hai cuesti\u00f3ns tan relevantes que non deberan ser obxecto da cr\u00edtica pol\u00edtica, toda a corporaci\u00f3n deberamos remar na mesma direcci\u00f3n.<\/p>\n<\/blockquote>\n\n\n\n<p><strong>En que tema est\u00e1s pensando?<\/strong><\/p>\n\n\n\n<blockquote class=\"wp-block-quote is-layout-flow wp-block-quote-is-layout-flow\">\n<p>Por exemplo no dos servizos sociais. O problema \u00e9 que esta \u00e9 unha competencia auton\u00f3mica sobre a que o goberno da Xunta fai caso omiso da s\u00faa responsabilidade pas\u00e1ndolla aos gobernos municipais. E claro: eu non me ocupo das mi\u00f1as responsabilidades, obr\u00edgote a que as asumas ti e logo critico se non est\u00e1n todo o ben que deberan de estar. Ese \u00e9 o modus operandi do PP.<\/p>\n<\/blockquote>\n\n\n\n<p><strong>Expl\u00edcanos en que consiste o teu modelo de voluntariado para Redondela?<\/strong><\/p>\n\n\n\n<blockquote class=\"wp-block-quote is-layout-flow wp-block-quote-is-layout-flow\">\n<p>Eu levo toda a mi\u00f1a vida , e non te\u00f1o precisamente poucos anos, desde que era unha nena colaborando de maneira voluntaria no ben colectivo. Quixera que esa forma de entender a organizaci\u00f3n social se espallara en todos os sitios, comezando por Redondela claro. Que quede moi claro que iso non sup\u00f3n en ning\u00fan caso a perda de postos de traballo.<\/p>\n<\/blockquote>\n\n\n\n<p><strong>Cantos voluntarios e voluntarias ten Redondela nestes momentos?<\/strong><\/p>\n\n\n\n<blockquote class=\"wp-block-quote is-layout-flow wp-block-quote-is-layout-flow\">\n<p>30.<\/p>\n<\/blockquote>\n\n\n\n<p><strong>En li\u00f1as xerais que sensibilidade amosa o pobo de Redondela cara ao voluntariado?<\/strong><\/p>\n\n\n\n<blockquote class=\"wp-block-quote is-layout-flow wp-block-quote-is-layout-flow\">\n<p>O pobo de Redondela non co\u00f1ece o suficiente o que \u00e9 o voluntariado. \u00c9 necesario darlle moita m\u00e1is dimensi\u00f3n. O voluntariado \u00e9 unha forma de traballar en com\u00fan polo beneficio colectivo da sociedade. E iso non ten nada de malo, todo o contrario, s\u00f3 presenta aspectos positivos. Eu quero facer de Redondela unha vila ecol\u00f3xica e con sa\u00fade cardiol\u00f3xica, e o voluntariado pode axudarnos moito a logralo.<\/p>\n<\/blockquote>\n\n\n\n<p><strong>Ti traballas moito e tes unha morea de proxectos colectivos moi interesantes. Quixera preguntarte pola acollida que tivo un que a min me parece especialmente atractivo: como foi a acollida do curso de primeiros auxilios nos campamentos?<\/strong><\/p>\n\n\n\n<blockquote class=\"wp-block-quote is-layout-flow wp-block-quote-is-layout-flow\">\n<p>Xenial. Houbo moitos rapaces e rapazas que participaron. Incluso aos monitores veulles moi ben recordar as manobras b\u00e1sicas necesarias de primeiros auxilios. A cuesti\u00f3n \u00e9 que cada vez esteamos m\u00e1is capacitados para axudar. En Redondela a\u00ednda falta moito pero estamos a dar os primeiros pasos. Algo tan b\u00e1sico como isto debera ser asumido por todos e quedar f\u00f3ra da discrepancia pol\u00edtica. Pero por desgraza a oposici\u00f3n en Redondela deixa moito que desexar, \u00e9 totalmente destrutiva. \u00c9 lamentable a actitude do PP de Redondela, e non podemos esquecer que te\u00f1en un representante na DEPO e outro que \u00e9 un alto cargo en Santiago.<\/p>\n<\/blockquote>\n\n\n\n<p><strong>A Xunta e a DEPO non tratan por igual aos Concellos que non son do PP?<\/strong><\/p>\n\n\n\n<blockquote class=\"wp-block-quote is-layout-flow wp-block-quote-is-layout-flow\">\n<p>Eu non podo falar polos demais concellos, pero si digo con claridade que a Redondela p\u00f3\u00f1enlle paus nas rodas. A diferenza de trato co que recibe o concello de Mos, gobernado polo PP, \u00e9 substancial.<\/p>\n<\/blockquote>\n\n\n\n<p><strong>En relaci\u00f3n \u00e1 atenci\u00f3n \u00e1s persoas maiores que estades a facer?<\/strong><\/p>\n\n\n\n<blockquote class=\"wp-block-quote is-layout-flow wp-block-quote-is-layout-flow\">\n<p>Tratamos de descentralizar e ofertar axuda e obradoiros concretos en cada parroquia. Facemos Memoria, Taich\u00ed, Riso Terapia&#8230;.e o que nos consta \u00e9 que o nivel de satisfacci\u00f3n \u00e9 moi elevado.<\/p>\n<\/blockquote>\n\n\n\n<p><strong>Que proxectos che gustar\u00eda ver rematados antes de que acabe o actual mandato?<\/strong><\/p>\n\n\n\n<blockquote class=\"wp-block-quote is-layout-flow wp-block-quote-is-layout-flow\">\n<p>-Empoderar \u00e1 infancia desde o Concello. Pero facelo de maneira representativa co\u00f1ecendo nos colexios as s\u00faas principais necesidades e problemas e actuando para tratar de solucionalas. Asemade quero que dos propios rapaces e rapazas podamos quitar as cousas que m\u00e1is lles gustan para desde o concello podermos colaborar en potencialas.<\/p>\n<\/blockquote>\n\n\n\n<blockquote class=\"wp-block-quote is-layout-flow wp-block-quote-is-layout-flow\">\n<p>-Mellorar substancialmente todo o relacionado co voluntariado, especialmente no que atinxa \u00e1s parroquias.<\/p>\n<\/blockquote>\n\n\n\n<blockquote class=\"wp-block-quote is-layout-flow wp-block-quote-is-layout-flow\">\n<p>-Mellorar moito a atenci\u00f3n temper\u00e1.<\/p>\n<\/blockquote>\n\n\n\n<blockquote class=\"wp-block-quote is-layout-flow wp-block-quote-is-layout-flow\">\n<p>-Dar a co\u00f1ecer o noso patrimonio arqueol\u00f3xico para que a veci\u00f1anza poida gozar dunha das cuesti\u00f3ns que nos definen como pobo.<\/p>\n<\/blockquote>\n\n\n\n<blockquote class=\"wp-block-quote is-layout-flow wp-block-quote-is-layout-flow\">\n<p>-Ampliar todos os paseos de Redondela fac\u00e9ndoos eco saudables.<\/p>\n<\/blockquote>\n\n\n\n<blockquote class=\"wp-block-quote is-layout-flow wp-block-quote-is-layout-flow\">\n<p>Quixera facer moitas cousas m\u00e1is, pero os cartos son os que son e chegan ata onde chegan.<\/p>\n<\/blockquote>\n","protected":false},"excerpt":{"rendered":"<div class=\"mh-excerpt\"><p>Pilar \u00e9 unha veterana que leva toda a s\u00faa vida traballando polo ben com\u00fan, tanto no eido da pol\u00edtica como na acci\u00f3n social <a class=\"mh-excerpt-more\" href=\"https:\/\/www.anovapeneira.gal\/index.php\/2024\/08\/23\/pilar-martinez-concelleira-do-goberno-de-redondela\/\" title=\"Pilar Mart\u00ednez : Concelleira do goberno de Redondela\">[&#8230;]<\/a><\/p>\n<\/div>","protected":false},"author":6,"featured_media":12297,"comment_status":"open","ping_status":"open","sticky":false,"template":"","format":"standard","meta":{"_exactmetrics_skip_tracking":false,"_exactmetrics_sitenote_active":false,"_exactmetrics_sitenote_note":"","_exactmetrics_sitenote_category":0,"footnotes":""},"categories":[270],"tags":[171],"class_list":{"0":"post-12296","1":"post","2":"type-post","3":"status-publish","4":"format-standard","5":"has-post-thumbnail","7":"category-redondela-entrevistas","8":"tag-concello-de-redondela"},"yoast_head":"<!-- This site is optimized with the Yoast SEO plugin v27.4 - https:\/\/yoast.com\/product\/yoast-seo-wordpress\/ -->\n<title>Pilar Mart\u00ednez : Concelleira do goberno de Redondela -<\/title>\n<meta name=\"robots\" content=\"index, follow, max-snippet:-1, max-image-preview:large, max-video-preview:-1\" \/>\n<link rel=\"canonical\" href=\"https:\/\/www.anovapeneira.gal\/index.php\/2024\/08\/23\/pilar-martinez-concelleira-do-goberno-de-redondela\/\" \/>\n<meta property=\"og:locale\" content=\"gl_ES\" \/>\n<meta property=\"og:type\" content=\"article\" \/>\n<meta property=\"og:title\" content=\"Pilar Mart\u00ednez : Concelleira do goberno de Redondela -\" \/>\n<meta property=\"og:description\" content=\"Pilar \u00e9 unha veterana que leva toda a s\u00faa vida traballando polo ben com\u00fan, tanto no eido da pol\u00edtica como na acci\u00f3n social [...]\" \/>\n<meta property=\"og:url\" content=\"https:\/\/www.anovapeneira.gal\/index.php\/2024\/08\/23\/pilar-martinez-concelleira-do-goberno-de-redondela\/\" \/>\n<meta property=\"article:publisher\" content=\"https:\/\/www.facebook.com\/anovapeneira\" \/>\n<meta property=\"article:published_time\" content=\"2024-08-23T10:00:24+00:00\" \/>\n<meta property=\"og:image\" content=\"https:\/\/www.anovapeneira.gal\/wp-content\/uploads\/2024\/08\/pilar_concelleira_redondela.png\" \/>\n\t<meta property=\"og:image:width\" content=\"720\" \/>\n\t<meta property=\"og:image:height\" content=\"432\" \/>\n\t<meta property=\"og:image:type\" content=\"image\/png\" \/>\n<meta name=\"author\" content=\"Marcos Santos\" \/>\n<meta name=\"twitter:card\" content=\"summary_large_image\" \/>\n<meta name=\"twitter:creator\" content=\"@APeneira\" \/>\n<meta name=\"twitter:site\" content=\"@APeneira\" \/>\n<meta name=\"twitter:label1\" content=\"Escrito por\" \/>\n\t<meta name=\"twitter:data1\" content=\"Marcos Santos\" \/>\n\t<meta name=\"twitter:label2\" content=\"Tempo de lectura\" \/>\n\t<meta name=\"twitter:data2\" content=\"2 minutos\" \/>\n<script type=\"application\/ld+json\" class=\"yoast-schema-graph\">{\"@context\":\"https:\\\/\\\/schema.org\",\"@graph\":[{\"@type\":\"Article\",\"@id\":\"https:\\\/\\\/www.anovapeneira.gal\\\/index.php\\\/2024\\\/08\\\/23\\\/pilar-martinez-concelleira-do-goberno-de-redondela\\\/#article\",\"isPartOf\":{\"@id\":\"https:\\\/\\\/www.anovapeneira.gal\\\/index.php\\\/2024\\\/08\\\/23\\\/pilar-martinez-concelleira-do-goberno-de-redondela\\\/\"},\"author\":{\"name\":\"Marcos Santos\",\"@id\":\"https:\\\/\\\/www.anovapeneira.gal\\\/#\\\/schema\\\/person\\\/d9d84823564720e7593293bab054e52d\"},\"headline\":\"Pilar Mart\u00ednez : Concelleira do goberno de Redondela\",\"datePublished\":\"2024-08-23T10:00:24+00:00\",\"mainEntityOfPage\":{\"@id\":\"https:\\\/\\\/www.anovapeneira.gal\\\/index.php\\\/2024\\\/08\\\/23\\\/pilar-martinez-concelleira-do-goberno-de-redondela\\\/\"},\"wordCount\":1150,\"commentCount\":0,\"publisher\":{\"@id\":\"https:\\\/\\\/www.anovapeneira.gal\\\/#organization\"},\"image\":{\"@id\":\"https:\\\/\\\/www.anovapeneira.gal\\\/index.php\\\/2024\\\/08\\\/23\\\/pilar-martinez-concelleira-do-goberno-de-redondela\\\/#primaryimage\"},\"thumbnailUrl\":\"https:\\\/\\\/www.anovapeneira.gal\\\/wp-content\\\/uploads\\\/2024\\\/08\\\/pilar_concelleira_redondela.png\",\"keywords\":[\"Concello de Redondela\"],\"articleSection\":[\"Redondela\"],\"inLanguage\":\"gl-ES\",\"potentialAction\":[{\"@type\":\"CommentAction\",\"name\":\"Comment\",\"target\":[\"https:\\\/\\\/www.anovapeneira.gal\\\/index.php\\\/2024\\\/08\\\/23\\\/pilar-martinez-concelleira-do-goberno-de-redondela\\\/#respond\"]}]},{\"@type\":\"WebPage\",\"@id\":\"https:\\\/\\\/www.anovapeneira.gal\\\/index.php\\\/2024\\\/08\\\/23\\\/pilar-martinez-concelleira-do-goberno-de-redondela\\\/\",\"url\":\"https:\\\/\\\/www.anovapeneira.gal\\\/index.php\\\/2024\\\/08\\\/23\\\/pilar-martinez-concelleira-do-goberno-de-redondela\\\/\",\"name\":\"Pilar Mart\u00ednez : Concelleira do goberno de Redondela -\",\"isPartOf\":{\"@id\":\"https:\\\/\\\/www.anovapeneira.gal\\\/#website\"},\"primaryImageOfPage\":{\"@id\":\"https:\\\/\\\/www.anovapeneira.gal\\\/index.php\\\/2024\\\/08\\\/23\\\/pilar-martinez-concelleira-do-goberno-de-redondela\\\/#primaryimage\"},\"image\":{\"@id\":\"https:\\\/\\\/www.anovapeneira.gal\\\/index.php\\\/2024\\\/08\\\/23\\\/pilar-martinez-concelleira-do-goberno-de-redondela\\\/#primaryimage\"},\"thumbnailUrl\":\"https:\\\/\\\/www.anovapeneira.gal\\\/wp-content\\\/uploads\\\/2024\\\/08\\\/pilar_concelleira_redondela.png\",\"datePublished\":\"2024-08-23T10:00:24+00:00\",\"breadcrumb\":{\"@id\":\"https:\\\/\\\/www.anovapeneira.gal\\\/index.php\\\/2024\\\/08\\\/23\\\/pilar-martinez-concelleira-do-goberno-de-redondela\\\/#breadcrumb\"},\"inLanguage\":\"gl-ES\",\"potentialAction\":[{\"@type\":\"ReadAction\",\"target\":[\"https:\\\/\\\/www.anovapeneira.gal\\\/index.php\\\/2024\\\/08\\\/23\\\/pilar-martinez-concelleira-do-goberno-de-redondela\\\/\"]}]},{\"@type\":\"ImageObject\",\"inLanguage\":\"gl-ES\",\"@id\":\"https:\\\/\\\/www.anovapeneira.gal\\\/index.php\\\/2024\\\/08\\\/23\\\/pilar-martinez-concelleira-do-goberno-de-redondela\\\/#primaryimage\",\"url\":\"https:\\\/\\\/www.anovapeneira.gal\\\/wp-content\\\/uploads\\\/2024\\\/08\\\/pilar_concelleira_redondela.png\",\"contentUrl\":\"https:\\\/\\\/www.anovapeneira.gal\\\/wp-content\\\/uploads\\\/2024\\\/08\\\/pilar_concelleira_redondela.png\",\"width\":720,\"height\":432,\"caption\":\"Pilar Mart\u00ednez : Concelleira do goberno de Redondela\"},{\"@type\":\"BreadcrumbList\",\"@id\":\"https:\\\/\\\/www.anovapeneira.gal\\\/index.php\\\/2024\\\/08\\\/23\\\/pilar-martinez-concelleira-do-goberno-de-redondela\\\/#breadcrumb\",\"itemListElement\":[{\"@type\":\"ListItem\",\"position\":1,\"name\":\"Portada\",\"item\":\"https:\\\/\\\/www.anovapeneira.gal\\\/\"},{\"@type\":\"ListItem\",\"position\":2,\"name\":\"Pilar Mart\u00ednez : Concelleira do goberno de Redondela\"}]},{\"@type\":\"WebSite\",\"@id\":\"https:\\\/\\\/www.anovapeneira.gal\\\/#website\",\"url\":\"https:\\\/\\\/www.anovapeneira.gal\\\/\",\"name\":\"\",\"description\":\"Xornal galego de informaci\u00f3n xeral Publicaci\u00f3n mensual de novas de Galicia e en especial dos Concellos da sur da provincia de Pontevedra.\",\"publisher\":{\"@id\":\"https:\\\/\\\/www.anovapeneira.gal\\\/#organization\"},\"potentialAction\":[{\"@type\":\"SearchAction\",\"target\":{\"@type\":\"EntryPoint\",\"urlTemplate\":\"https:\\\/\\\/www.anovapeneira.gal\\\/?s={search_term_string}\"},\"query-input\":{\"@type\":\"PropertyValueSpecification\",\"valueRequired\":true,\"valueName\":\"search_term_string\"}}],\"inLanguage\":\"gl-ES\"},{\"@type\":\"Organization\",\"@id\":\"https:\\\/\\\/www.anovapeneira.gal\\\/#organization\",\"name\":\"A Nova Peneira\",\"url\":\"https:\\\/\\\/www.anovapeneira.gal\\\/\",\"logo\":{\"@type\":\"ImageObject\",\"inLanguage\":\"gl-ES\",\"@id\":\"https:\\\/\\\/www.anovapeneira.gal\\\/#\\\/schema\\\/logo\\\/image\\\/\",\"url\":\"http:\\\/\\\/www.anovapeneira.gal\\\/wp-content\\\/uploads\\\/2019\\\/06\\\/logo_a_nova_peneira_portal_web.png\",\"contentUrl\":\"http:\\\/\\\/www.anovapeneira.gal\\\/wp-content\\\/uploads\\\/2019\\\/06\\\/logo_a_nova_peneira_portal_web.png\",\"width\":300,\"height\":100,\"caption\":\"A Nova Peneira\"},\"image\":{\"@id\":\"https:\\\/\\\/www.anovapeneira.gal\\\/#\\\/schema\\\/logo\\\/image\\\/\"},\"sameAs\":[\"https:\\\/\\\/www.facebook.com\\\/anovapeneira\",\"https:\\\/\\\/x.com\\\/APeneira\"]},{\"@type\":\"Person\",\"@id\":\"https:\\\/\\\/www.anovapeneira.gal\\\/#\\\/schema\\\/person\\\/d9d84823564720e7593293bab054e52d\",\"name\":\"Marcos Santos\",\"image\":{\"@type\":\"ImageObject\",\"inLanguage\":\"gl-ES\",\"@id\":\"https:\\\/\\\/secure.gravatar.com\\\/avatar\\\/0e8017099a7a47c0a9d2275e865fe326484561eb3d70649069e4b8e61a8d2e8c?s=96&d=mm&r=g\",\"url\":\"https:\\\/\\\/secure.gravatar.com\\\/avatar\\\/0e8017099a7a47c0a9d2275e865fe326484561eb3d70649069e4b8e61a8d2e8c?s=96&d=mm&r=g\",\"contentUrl\":\"https:\\\/\\\/secure.gravatar.com\\\/avatar\\\/0e8017099a7a47c0a9d2275e865fe326484561eb3d70649069e4b8e61a8d2e8c?s=96&d=mm&r=g\",\"caption\":\"Marcos Santos\"},\"sameAs\":[\"http:\\\/\\\/anovapeneira.gal\"],\"url\":\"https:\\\/\\\/www.anovapeneira.gal\\\/index.php\\\/author\\\/marcos-santos\\\/\"}]}<\/script>\n<!-- \/ Yoast SEO plugin. -->","yoast_head_json":{"title":"Pilar Mart\u00ednez : Concelleira do goberno de Redondela -","robots":{"index":"index","follow":"follow","max-snippet":"max-snippet:-1","max-image-preview":"max-image-preview:large","max-video-preview":"max-video-preview:-1"},"canonical":"https:\/\/www.anovapeneira.gal\/index.php\/2024\/08\/23\/pilar-martinez-concelleira-do-goberno-de-redondela\/","og_locale":"gl_ES","og_type":"article","og_title":"Pilar Mart\u00ednez : Concelleira do goberno de Redondela -","og_description":"Pilar \u00e9 unha veterana que leva toda a s\u00faa vida traballando polo ben com\u00fan, tanto no eido da pol\u00edtica como na acci\u00f3n social [...]","og_url":"https:\/\/www.anovapeneira.gal\/index.php\/2024\/08\/23\/pilar-martinez-concelleira-do-goberno-de-redondela\/","article_publisher":"https:\/\/www.facebook.com\/anovapeneira","article_published_time":"2024-08-23T10:00:24+00:00","og_image":[{"width":720,"height":432,"url":"https:\/\/www.anovapeneira.gal\/wp-content\/uploads\/2024\/08\/pilar_concelleira_redondela.png","type":"image\/png"}],"author":"Marcos Santos","twitter_card":"summary_large_image","twitter_creator":"@APeneira","twitter_site":"@APeneira","twitter_misc":{"Escrito por":"Marcos Santos","Tempo de lectura":"2 minutos"},"schema":{"@context":"https:\/\/schema.org","@graph":[{"@type":"Article","@id":"https:\/\/www.anovapeneira.gal\/index.php\/2024\/08\/23\/pilar-martinez-concelleira-do-goberno-de-redondela\/#article","isPartOf":{"@id":"https:\/\/www.anovapeneira.gal\/index.php\/2024\/08\/23\/pilar-martinez-concelleira-do-goberno-de-redondela\/"},"author":{"name":"Marcos Santos","@id":"https:\/\/www.anovapeneira.gal\/#\/schema\/person\/d9d84823564720e7593293bab054e52d"},"headline":"Pilar Mart\u00ednez : Concelleira do goberno de Redondela","datePublished":"2024-08-23T10:00:24+00:00","mainEntityOfPage":{"@id":"https:\/\/www.anovapeneira.gal\/index.php\/2024\/08\/23\/pilar-martinez-concelleira-do-goberno-de-redondela\/"},"wordCount":1150,"commentCount":0,"publisher":{"@id":"https:\/\/www.anovapeneira.gal\/#organization"},"image":{"@id":"https:\/\/www.anovapeneira.gal\/index.php\/2024\/08\/23\/pilar-martinez-concelleira-do-goberno-de-redondela\/#primaryimage"},"thumbnailUrl":"https:\/\/www.anovapeneira.gal\/wp-content\/uploads\/2024\/08\/pilar_concelleira_redondela.png","keywords":["Concello de Redondela"],"articleSection":["Redondela"],"inLanguage":"gl-ES","potentialAction":[{"@type":"CommentAction","name":"Comment","target":["https:\/\/www.anovapeneira.gal\/index.php\/2024\/08\/23\/pilar-martinez-concelleira-do-goberno-de-redondela\/#respond"]}]},{"@type":"WebPage","@id":"https:\/\/www.anovapeneira.gal\/index.php\/2024\/08\/23\/pilar-martinez-concelleira-do-goberno-de-redondela\/","url":"https:\/\/www.anovapeneira.gal\/index.php\/2024\/08\/23\/pilar-martinez-concelleira-do-goberno-de-redondela\/","name":"Pilar Mart\u00ednez : Concelleira do goberno de Redondela -","isPartOf":{"@id":"https:\/\/www.anovapeneira.gal\/#website"},"primaryImageOfPage":{"@id":"https:\/\/www.anovapeneira.gal\/index.php\/2024\/08\/23\/pilar-martinez-concelleira-do-goberno-de-redondela\/#primaryimage"},"image":{"@id":"https:\/\/www.anovapeneira.gal\/index.php\/2024\/08\/23\/pilar-martinez-concelleira-do-goberno-de-redondela\/#primaryimage"},"thumbnailUrl":"https:\/\/www.anovapeneira.gal\/wp-content\/uploads\/2024\/08\/pilar_concelleira_redondela.png","datePublished":"2024-08-23T10:00:24+00:00","breadcrumb":{"@id":"https:\/\/www.anovapeneira.gal\/index.php\/2024\/08\/23\/pilar-martinez-concelleira-do-goberno-de-redondela\/#breadcrumb"},"inLanguage":"gl-ES","potentialAction":[{"@type":"ReadAction","target":["https:\/\/www.anovapeneira.gal\/index.php\/2024\/08\/23\/pilar-martinez-concelleira-do-goberno-de-redondela\/"]}]},{"@type":"ImageObject","inLanguage":"gl-ES","@id":"https:\/\/www.anovapeneira.gal\/index.php\/2024\/08\/23\/pilar-martinez-concelleira-do-goberno-de-redondela\/#primaryimage","url":"https:\/\/www.anovapeneira.gal\/wp-content\/uploads\/2024\/08\/pilar_concelleira_redondela.png","contentUrl":"https:\/\/www.anovapeneira.gal\/wp-content\/uploads\/2024\/08\/pilar_concelleira_redondela.png","width":720,"height":432,"caption":"Pilar Mart\u00ednez : Concelleira do goberno de Redondela"},{"@type":"BreadcrumbList","@id":"https:\/\/www.anovapeneira.gal\/index.php\/2024\/08\/23\/pilar-martinez-concelleira-do-goberno-de-redondela\/#breadcrumb","itemListElement":[{"@type":"ListItem","position":1,"name":"Portada","item":"https:\/\/www.anovapeneira.gal\/"},{"@type":"ListItem","position":2,"name":"Pilar Mart\u00ednez : Concelleira do goberno de Redondela"}]},{"@type":"WebSite","@id":"https:\/\/www.anovapeneira.gal\/#website","url":"https:\/\/www.anovapeneira.gal\/","name":"","description":"Xornal galego de informaci\u00f3n xeral Publicaci\u00f3n mensual de novas de Galicia e en especial dos Concellos da sur da provincia de Pontevedra.","publisher":{"@id":"https:\/\/www.anovapeneira.gal\/#organization"},"potentialAction":[{"@type":"SearchAction","target":{"@type":"EntryPoint","urlTemplate":"https:\/\/www.anovapeneira.gal\/?s={search_term_string}"},"query-input":{"@type":"PropertyValueSpecification","valueRequired":true,"valueName":"search_term_string"}}],"inLanguage":"gl-ES"},{"@type":"Organization","@id":"https:\/\/www.anovapeneira.gal\/#organization","name":"A Nova Peneira","url":"https:\/\/www.anovapeneira.gal\/","logo":{"@type":"ImageObject","inLanguage":"gl-ES","@id":"https:\/\/www.anovapeneira.gal\/#\/schema\/logo\/image\/","url":"http:\/\/www.anovapeneira.gal\/wp-content\/uploads\/2019\/06\/logo_a_nova_peneira_portal_web.png","contentUrl":"http:\/\/www.anovapeneira.gal\/wp-content\/uploads\/2019\/06\/logo_a_nova_peneira_portal_web.png","width":300,"height":100,"caption":"A Nova Peneira"},"image":{"@id":"https:\/\/www.anovapeneira.gal\/#\/schema\/logo\/image\/"},"sameAs":["https:\/\/www.facebook.com\/anovapeneira","https:\/\/x.com\/APeneira"]},{"@type":"Person","@id":"https:\/\/www.anovapeneira.gal\/#\/schema\/person\/d9d84823564720e7593293bab054e52d","name":"Marcos Santos","image":{"@type":"ImageObject","inLanguage":"gl-ES","@id":"https:\/\/secure.gravatar.com\/avatar\/0e8017099a7a47c0a9d2275e865fe326484561eb3d70649069e4b8e61a8d2e8c?s=96&d=mm&r=g","url":"https:\/\/secure.gravatar.com\/avatar\/0e8017099a7a47c0a9d2275e865fe326484561eb3d70649069e4b8e61a8d2e8c?s=96&d=mm&r=g","contentUrl":"https:\/\/secure.gravatar.com\/avatar\/0e8017099a7a47c0a9d2275e865fe326484561eb3d70649069e4b8e61a8d2e8c?s=96&d=mm&r=g","caption":"Marcos Santos"},"sameAs":["http:\/\/anovapeneira.gal"],"url":"https:\/\/www.anovapeneira.gal\/index.php\/author\/marcos-santos\/"}]}},"jetpack_featured_media_url":"https:\/\/www.anovapeneira.gal\/wp-content\/uploads\/2024\/08\/pilar_concelleira_redondela.png","_links":{"self":[{"href":"https:\/\/www.anovapeneira.gal\/index.php\/wp-json\/wp\/v2\/posts\/12296","targetHints":{"allow":["GET"]}}],"collection":[{"href":"https:\/\/www.anovapeneira.gal\/index.php\/wp-json\/wp\/v2\/posts"}],"about":[{"href":"https:\/\/www.anovapeneira.gal\/index.php\/wp-json\/wp\/v2\/types\/post"}],"author":[{"embeddable":true,"href":"https:\/\/www.anovapeneira.gal\/index.php\/wp-json\/wp\/v2\/users\/6"}],"replies":[{"embeddable":true,"href":"https:\/\/www.anovapeneira.gal\/index.php\/wp-json\/wp\/v2\/comments?post=12296"}],"version-history":[{"count":2,"href":"https:\/\/www.anovapeneira.gal\/index.php\/wp-json\/wp\/v2\/posts\/12296\/revisions"}],"predecessor-version":[{"id":12300,"href":"https:\/\/www.anovapeneira.gal\/index.php\/wp-json\/wp\/v2\/posts\/12296\/revisions\/12300"}],"wp:featuredmedia":[{"embeddable":true,"href":"https:\/\/www.anovapeneira.gal\/index.php\/wp-json\/wp\/v2\/media\/12297"}],"wp:attachment":[{"href":"https:\/\/www.anovapeneira.gal\/index.php\/wp-json\/wp\/v2\/media?parent=12296"}],"wp:term":[{"taxonomy":"category","embeddable":true,"href":"https:\/\/www.anovapeneira.gal\/index.php\/wp-json\/wp\/v2\/categories?post=12296"},{"taxonomy":"post_tag","embeddable":true,"href":"https:\/\/www.anovapeneira.gal\/index.php\/wp-json\/wp\/v2\/tags?post=12296"}],"curies":[{"name":"wp","href":"https:\/\/api.w.org\/{rel}","templated":true}]}}