{"id":1230,"date":"2019-09-13T12:00:56","date_gmt":"2019-09-13T10:00:56","guid":{"rendered":"http:\/\/www.anovapeneira.gal\/?p=1230"},"modified":"2019-09-09T16:15:13","modified_gmt":"2019-09-09T14:15:13","slug":"novo-horario-do-punto-de-ponte-caldelas","status":"publish","type":"post","link":"https:\/\/www.anovapeneira.gal\/index.php\/2019\/09\/13\/novo-horario-do-punto-de-ponte-caldelas\/","title":{"rendered":"Novo horario do punto de Ponte Caldelas"},"content":{"rendered":"\n<h2 class=\"wp-block-heading\">Dende ma\u00f1\u00e1, s\u00e1bado 7 de setembro, o punto limpo de Ponte Caldelas, situado no pol\u00edgono de A Reigosa, abrir\u00e1 de luns a s\u00e1bados en horario de ma\u00f1\u00e1 respondendo deste xeito \u00e1s demandas veci\u00f1ais.  <\/h2>\n\n\n\n<p><b>Ponte Caldelas, 6 de setembro do 2019<\/b><\/p>\n\n\n\n<p>O\nConcello de Ponte Caldelas informa de que ma\u00f1\u00e1 s\u00e1bado 7 de\nsetembro comezar\u00e1 o novo horario do punto limpo do concello situado\nno pol\u00edgono industrial de A Reigosa. Un novo horario que segundo\ndixo o alcalde, Andr\u00e9s D\u00edaz, \u201ctrata de dar resposta as veci\u00f1as e\nveci\u00f1os do concello que solicitaron en varias ocasi\u00f3ns a apertura\ndeste espazo en horario de ma\u00f1\u00e1\u201d desta maneira, engad\u00edu D\u00edaz\n\u201csatisfacemos as necesidades dos nosos veci\u00f1os xa que abrimos\ntodos os d\u00edas, ag\u00e1s o domingo, en horario de ma\u00f1\u00e1\u201d. \n<\/p>\n\n\n\n<p>O\nnovo horario ser\u00e1 de luns a venres de 9:00 a 12:30 e os s\u00e1bados de\n9:30 a 12:00, deste xeito a demanda dos veci\u00f1os de \u201cabrir polas\nma\u00f1\u00e1s\u201d esta reflectida a diferenza do anterior horario que era de\ntardes os luns, martes e xoves e soamente abr\u00eda os s\u00e1bados pola\nma\u00f1\u00e1. \n<\/p>\n\n\n\n<p>Dende\no concello lembraron cales son os elementos admisibles e non\nadmisibles neste punto, co fin de que a xente que se desprace ata A\nReigosa saiba de antem\u00e1n qu\u00e9 pode levar ata este espazo. Deste\nxeito son\nresiduos admisibles:\nfluorescentes e luminarias de vapor de mercurio, disolventes,\nvernices e pinturas, pilas e baterias, aerosois, frigor\u00edficos e\nelectrodom\u00e9sticos con CFC\u00b4s, televisiores, monitores e fornos\nmicroondas, aceites minerais e vexetais, usados, procedentes dos\nparticulares, papel e cart\u00f3n, vidro, envases de pl\u00e1stico, brics e\nlatas, residuos met\u00e1licos, outros electrodom\u00e9sticos (lavadoras,\nlavapratos.. ), residuos voluminosos (mobles, colch\u00f3ns\u2026), restos\nde podas e cortes e roupa e calzado, cristal ou louza. \n<\/p>\n\n\n\n<p>Dende\no concello tam\u00e9n queren lembrar de que non\nson residuos admisibles:\na materia org\u00e1nica (lixos e residuos agr\u00edcolas e gandeiros),\nresiduos sanitarios, residuos procedentes de actividades industriais\nou comerciais, residuos procedentes de actividades minerais\nextractivas, materiais perigosos, explosivos, inflamables, oxidantes\nou radiactivos, animais mortos ou desperdicios de orixe animal,\nveh\u00edculos e as s\u00faas pezas, as\u00ed como pneum\u00e1ticos e aditivos ou\nflu\u00eddos de automoci\u00f3n, excepto aceites, recipientes voluminosos,\nmet\u00e1licos ou de pl\u00e1sticos que contivesen produtos t\u00f3xicos,\nresiduos procedentes de limpeza viaria, zonas recreativas e praias ou\nresiduos sen identificar ou identificados de forma ambigua. \n<\/p>\n\n\n\n<p>Dende\no Goberno Local agardan a colaboraci\u00f3n veci\u00f1al e que con este novo\nhorario se vexan resoltas as necesidades solicitadas polos veci\u00f1os\npara este punto limpo de Ponte Cal<\/p>\n","protected":false},"excerpt":{"rendered":"<div class=\"mh-excerpt\"><p>Dende ma\u00f1\u00e1, s\u00e1bado 7 de setembro, o punto limpo de Ponte Caldelas, situado no pol\u00edgono de A Reigosa, abrir\u00e1 de luns a s\u00e1bados en horario de ma\u00f1\u00e1 respondendo deste xeito \u00e1s demandas veci\u00f1ais <a class=\"mh-excerpt-more\" href=\"https:\/\/www.anovapeneira.gal\/index.php\/2019\/09\/13\/novo-horario-do-punto-de-ponte-caldelas\/\" title=\"Novo horario do punto de Ponte Caldelas\">[&#8230;]<\/a><\/p>\n<\/div>","protected":false},"author":3,"featured_media":1231,"comment_status":"open","ping_status":"open","sticky":false,"template":"","format":"standard","meta":{"_exactmetrics_skip_tracking":false,"_exactmetrics_sitenote_active":false,"_exactmetrics_sitenote_note":"","_exactmetrics_sitenote_category":0,"footnotes":""},"categories":[26],"tags":[128,570,569,110],"class_list":{"0":"post-1230","1":"post","2":"type-post","3":"status-publish","4":"format-standard","5":"has-post-thumbnail","7":"category-pontevedra","8":"tag-concello-de-ponte-caldelas","9":"tag-poligono-industrial-de-a-reigosa","10":"tag-punto-limpo","11":"tag-reciclaxe"},"yoast_head":"<!-- This site is optimized with the Yoast SEO plugin v27.4 - https:\/\/yoast.com\/product\/yoast-seo-wordpress\/ -->\n<title>Novo horario do punto de Ponte Caldelas -<\/title>\n<meta name=\"robots\" content=\"index, follow, max-snippet:-1, max-image-preview:large, max-video-preview:-1\" \/>\n<link rel=\"canonical\" href=\"https:\/\/www.anovapeneira.gal\/index.php\/2019\/09\/13\/novo-horario-do-punto-de-ponte-caldelas\/\" \/>\n<meta property=\"og:locale\" content=\"gl_ES\" \/>\n<meta property=\"og:type\" content=\"article\" \/>\n<meta property=\"og:title\" content=\"Novo horario do punto de Ponte Caldelas -\" \/>\n<meta property=\"og:description\" content=\"Dende ma\u00f1\u00e1, s\u00e1bado 7 de setembro, o punto limpo de Ponte Caldelas, situado no pol\u00edgono de A Reigosa, abrir\u00e1 de luns a s\u00e1bados en horario de ma\u00f1\u00e1 respondendo deste xeito \u00e1s demandas veci\u00f1ais [...]\" \/>\n<meta property=\"og:url\" content=\"https:\/\/www.anovapeneira.gal\/index.php\/2019\/09\/13\/novo-horario-do-punto-de-ponte-caldelas\/\" \/>\n<meta property=\"article:publisher\" content=\"https:\/\/www.facebook.com\/anovapeneira\" \/>\n<meta property=\"article:published_time\" content=\"2019-09-13T10:00:56+00:00\" \/>\n<meta property=\"og:image\" content=\"https:\/\/www.anovapeneira.gal\/wp-content\/uploads\/2019\/09\/PUNTO_LIMPO_a_nova_peneira.jpg\" \/>\n\t<meta property=\"og:image:width\" content=\"720\" \/>\n\t<meta property=\"og:image:height\" content=\"473\" \/>\n\t<meta property=\"og:image:type\" content=\"image\/jpeg\" \/>\n<meta name=\"author\" content=\"Redacci\u00f3n A Nova Peneira\" \/>\n<meta name=\"twitter:card\" content=\"summary_large_image\" \/>\n<meta name=\"twitter:creator\" content=\"@APeneira\" \/>\n<meta name=\"twitter:site\" content=\"@APeneira\" \/>\n<meta name=\"twitter:label1\" content=\"Escrito por\" \/>\n\t<meta name=\"twitter:data1\" content=\"Redacci\u00f3n A Nova Peneira\" \/>\n\t<meta name=\"twitter:label2\" content=\"Tempo de lectura\" \/>\n\t<meta name=\"twitter:data2\" content=\"2 minutos\" \/>\n<script type=\"application\/ld+json\" class=\"yoast-schema-graph\">{\"@context\":\"https:\\\/\\\/schema.org\",\"@graph\":[{\"@type\":\"Article\",\"@id\":\"https:\\\/\\\/www.anovapeneira.gal\\\/index.php\\\/2019\\\/09\\\/13\\\/novo-horario-do-punto-de-ponte-caldelas\\\/#article\",\"isPartOf\":{\"@id\":\"https:\\\/\\\/www.anovapeneira.gal\\\/index.php\\\/2019\\\/09\\\/13\\\/novo-horario-do-punto-de-ponte-caldelas\\\/\"},\"author\":{\"name\":\"Redacci\u00f3n A Nova Peneira\",\"@id\":\"https:\\\/\\\/www.anovapeneira.gal\\\/#\\\/schema\\\/person\\\/b93e3f8932e3f8da96334607eb6ac6aa\"},\"headline\":\"Novo horario do punto de Ponte Caldelas\",\"datePublished\":\"2019-09-13T10:00:56+00:00\",\"mainEntityOfPage\":{\"@id\":\"https:\\\/\\\/www.anovapeneira.gal\\\/index.php\\\/2019\\\/09\\\/13\\\/novo-horario-do-punto-de-ponte-caldelas\\\/\"},\"wordCount\":448,\"commentCount\":0,\"publisher\":{\"@id\":\"https:\\\/\\\/www.anovapeneira.gal\\\/#organization\"},\"image\":{\"@id\":\"https:\\\/\\\/www.anovapeneira.gal\\\/index.php\\\/2019\\\/09\\\/13\\\/novo-horario-do-punto-de-ponte-caldelas\\\/#primaryimage\"},\"thumbnailUrl\":\"https:\\\/\\\/www.anovapeneira.gal\\\/wp-content\\\/uploads\\\/2019\\\/09\\\/PUNTO_LIMPO_a_nova_peneira.jpg\",\"keywords\":[\"Concello de Ponte Caldelas\",\"Pol\u00edgono industrial de A Reigosa\",\"Punto limpo\",\"reciclaxe\"],\"articleSection\":[\"Pontevedra\"],\"inLanguage\":\"gl-ES\",\"potentialAction\":[{\"@type\":\"CommentAction\",\"name\":\"Comment\",\"target\":[\"https:\\\/\\\/www.anovapeneira.gal\\\/index.php\\\/2019\\\/09\\\/13\\\/novo-horario-do-punto-de-ponte-caldelas\\\/#respond\"]}]},{\"@type\":\"WebPage\",\"@id\":\"https:\\\/\\\/www.anovapeneira.gal\\\/index.php\\\/2019\\\/09\\\/13\\\/novo-horario-do-punto-de-ponte-caldelas\\\/\",\"url\":\"https:\\\/\\\/www.anovapeneira.gal\\\/index.php\\\/2019\\\/09\\\/13\\\/novo-horario-do-punto-de-ponte-caldelas\\\/\",\"name\":\"Novo horario do punto de Ponte Caldelas -\",\"isPartOf\":{\"@id\":\"https:\\\/\\\/www.anovapeneira.gal\\\/#website\"},\"primaryImageOfPage\":{\"@id\":\"https:\\\/\\\/www.anovapeneira.gal\\\/index.php\\\/2019\\\/09\\\/13\\\/novo-horario-do-punto-de-ponte-caldelas\\\/#primaryimage\"},\"image\":{\"@id\":\"https:\\\/\\\/www.anovapeneira.gal\\\/index.php\\\/2019\\\/09\\\/13\\\/novo-horario-do-punto-de-ponte-caldelas\\\/#primaryimage\"},\"thumbnailUrl\":\"https:\\\/\\\/www.anovapeneira.gal\\\/wp-content\\\/uploads\\\/2019\\\/09\\\/PUNTO_LIMPO_a_nova_peneira.jpg\",\"datePublished\":\"2019-09-13T10:00:56+00:00\",\"breadcrumb\":{\"@id\":\"https:\\\/\\\/www.anovapeneira.gal\\\/index.php\\\/2019\\\/09\\\/13\\\/novo-horario-do-punto-de-ponte-caldelas\\\/#breadcrumb\"},\"inLanguage\":\"gl-ES\",\"potentialAction\":[{\"@type\":\"ReadAction\",\"target\":[\"https:\\\/\\\/www.anovapeneira.gal\\\/index.php\\\/2019\\\/09\\\/13\\\/novo-horario-do-punto-de-ponte-caldelas\\\/\"]}]},{\"@type\":\"ImageObject\",\"inLanguage\":\"gl-ES\",\"@id\":\"https:\\\/\\\/www.anovapeneira.gal\\\/index.php\\\/2019\\\/09\\\/13\\\/novo-horario-do-punto-de-ponte-caldelas\\\/#primaryimage\",\"url\":\"https:\\\/\\\/www.anovapeneira.gal\\\/wp-content\\\/uploads\\\/2019\\\/09\\\/PUNTO_LIMPO_a_nova_peneira.jpg\",\"contentUrl\":\"https:\\\/\\\/www.anovapeneira.gal\\\/wp-content\\\/uploads\\\/2019\\\/09\\\/PUNTO_LIMPO_a_nova_peneira.jpg\",\"width\":720,\"height\":473,\"caption\":\"Punto limpo Ponte Caldelas A Nova Peneira\"},{\"@type\":\"BreadcrumbList\",\"@id\":\"https:\\\/\\\/www.anovapeneira.gal\\\/index.php\\\/2019\\\/09\\\/13\\\/novo-horario-do-punto-de-ponte-caldelas\\\/#breadcrumb\",\"itemListElement\":[{\"@type\":\"ListItem\",\"position\":1,\"name\":\"Portada\",\"item\":\"https:\\\/\\\/www.anovapeneira.gal\\\/\"},{\"@type\":\"ListItem\",\"position\":2,\"name\":\"Novo horario do punto de Ponte Caldelas\"}]},{\"@type\":\"WebSite\",\"@id\":\"https:\\\/\\\/www.anovapeneira.gal\\\/#website\",\"url\":\"https:\\\/\\\/www.anovapeneira.gal\\\/\",\"name\":\"\",\"description\":\"Xornal galego de informaci\u00f3n xeral Publicaci\u00f3n mensual de novas de Galicia e en especial dos Concellos da sur da provincia de Pontevedra.\",\"publisher\":{\"@id\":\"https:\\\/\\\/www.anovapeneira.gal\\\/#organization\"},\"potentialAction\":[{\"@type\":\"SearchAction\",\"target\":{\"@type\":\"EntryPoint\",\"urlTemplate\":\"https:\\\/\\\/www.anovapeneira.gal\\\/?s={search_term_string}\"},\"query-input\":{\"@type\":\"PropertyValueSpecification\",\"valueRequired\":true,\"valueName\":\"search_term_string\"}}],\"inLanguage\":\"gl-ES\"},{\"@type\":\"Organization\",\"@id\":\"https:\\\/\\\/www.anovapeneira.gal\\\/#organization\",\"name\":\"A Nova Peneira\",\"url\":\"https:\\\/\\\/www.anovapeneira.gal\\\/\",\"logo\":{\"@type\":\"ImageObject\",\"inLanguage\":\"gl-ES\",\"@id\":\"https:\\\/\\\/www.anovapeneira.gal\\\/#\\\/schema\\\/logo\\\/image\\\/\",\"url\":\"http:\\\/\\\/www.anovapeneira.gal\\\/wp-content\\\/uploads\\\/2019\\\/06\\\/logo_a_nova_peneira_portal_web.png\",\"contentUrl\":\"http:\\\/\\\/www.anovapeneira.gal\\\/wp-content\\\/uploads\\\/2019\\\/06\\\/logo_a_nova_peneira_portal_web.png\",\"width\":300,\"height\":100,\"caption\":\"A Nova Peneira\"},\"image\":{\"@id\":\"https:\\\/\\\/www.anovapeneira.gal\\\/#\\\/schema\\\/logo\\\/image\\\/\"},\"sameAs\":[\"https:\\\/\\\/www.facebook.com\\\/anovapeneira\",\"https:\\\/\\\/x.com\\\/APeneira\"]},{\"@type\":\"Person\",\"@id\":\"https:\\\/\\\/www.anovapeneira.gal\\\/#\\\/schema\\\/person\\\/b93e3f8932e3f8da96334607eb6ac6aa\",\"name\":\"Redacci\u00f3n A Nova Peneira\",\"image\":{\"@type\":\"ImageObject\",\"inLanguage\":\"gl-ES\",\"@id\":\"https:\\\/\\\/secure.gravatar.com\\\/avatar\\\/c052a2551a06e23fac63626232eaa90abd78dbcf1700fc46a2b2c89fd27b735f?s=96&d=mm&r=g\",\"url\":\"https:\\\/\\\/secure.gravatar.com\\\/avatar\\\/c052a2551a06e23fac63626232eaa90abd78dbcf1700fc46a2b2c89fd27b735f?s=96&d=mm&r=g\",\"contentUrl\":\"https:\\\/\\\/secure.gravatar.com\\\/avatar\\\/c052a2551a06e23fac63626232eaa90abd78dbcf1700fc46a2b2c89fd27b735f?s=96&d=mm&r=g\",\"caption\":\"Redacci\u00f3n A Nova Peneira\"},\"sameAs\":[\"http:\\\/\\\/www.anovapeneira.gal\\\/\"],\"url\":\"https:\\\/\\\/www.anovapeneira.gal\\\/index.php\\\/author\\\/redactor\\\/\"}]}<\/script>\n<!-- \/ Yoast SEO plugin. -->","yoast_head_json":{"title":"Novo horario do punto de Ponte Caldelas -","robots":{"index":"index","follow":"follow","max-snippet":"max-snippet:-1","max-image-preview":"max-image-preview:large","max-video-preview":"max-video-preview:-1"},"canonical":"https:\/\/www.anovapeneira.gal\/index.php\/2019\/09\/13\/novo-horario-do-punto-de-ponte-caldelas\/","og_locale":"gl_ES","og_type":"article","og_title":"Novo horario do punto de Ponte Caldelas -","og_description":"Dende ma\u00f1\u00e1, s\u00e1bado 7 de setembro, o punto limpo de Ponte Caldelas, situado no pol\u00edgono de A Reigosa, abrir\u00e1 de luns a s\u00e1bados en horario de ma\u00f1\u00e1 respondendo deste xeito \u00e1s demandas veci\u00f1ais [...]","og_url":"https:\/\/www.anovapeneira.gal\/index.php\/2019\/09\/13\/novo-horario-do-punto-de-ponte-caldelas\/","article_publisher":"https:\/\/www.facebook.com\/anovapeneira","article_published_time":"2019-09-13T10:00:56+00:00","og_image":[{"width":720,"height":473,"url":"https:\/\/www.anovapeneira.gal\/wp-content\/uploads\/2019\/09\/PUNTO_LIMPO_a_nova_peneira.jpg","type":"image\/jpeg"}],"author":"Redacci\u00f3n A Nova Peneira","twitter_card":"summary_large_image","twitter_creator":"@APeneira","twitter_site":"@APeneira","twitter_misc":{"Escrito por":"Redacci\u00f3n A Nova Peneira","Tempo de lectura":"2 minutos"},"schema":{"@context":"https:\/\/schema.org","@graph":[{"@type":"Article","@id":"https:\/\/www.anovapeneira.gal\/index.php\/2019\/09\/13\/novo-horario-do-punto-de-ponte-caldelas\/#article","isPartOf":{"@id":"https:\/\/www.anovapeneira.gal\/index.php\/2019\/09\/13\/novo-horario-do-punto-de-ponte-caldelas\/"},"author":{"name":"Redacci\u00f3n A Nova Peneira","@id":"https:\/\/www.anovapeneira.gal\/#\/schema\/person\/b93e3f8932e3f8da96334607eb6ac6aa"},"headline":"Novo horario do punto de Ponte Caldelas","datePublished":"2019-09-13T10:00:56+00:00","mainEntityOfPage":{"@id":"https:\/\/www.anovapeneira.gal\/index.php\/2019\/09\/13\/novo-horario-do-punto-de-ponte-caldelas\/"},"wordCount":448,"commentCount":0,"publisher":{"@id":"https:\/\/www.anovapeneira.gal\/#organization"},"image":{"@id":"https:\/\/www.anovapeneira.gal\/index.php\/2019\/09\/13\/novo-horario-do-punto-de-ponte-caldelas\/#primaryimage"},"thumbnailUrl":"https:\/\/www.anovapeneira.gal\/wp-content\/uploads\/2019\/09\/PUNTO_LIMPO_a_nova_peneira.jpg","keywords":["Concello de Ponte Caldelas","Pol\u00edgono industrial de A Reigosa","Punto limpo","reciclaxe"],"articleSection":["Pontevedra"],"inLanguage":"gl-ES","potentialAction":[{"@type":"CommentAction","name":"Comment","target":["https:\/\/www.anovapeneira.gal\/index.php\/2019\/09\/13\/novo-horario-do-punto-de-ponte-caldelas\/#respond"]}]},{"@type":"WebPage","@id":"https:\/\/www.anovapeneira.gal\/index.php\/2019\/09\/13\/novo-horario-do-punto-de-ponte-caldelas\/","url":"https:\/\/www.anovapeneira.gal\/index.php\/2019\/09\/13\/novo-horario-do-punto-de-ponte-caldelas\/","name":"Novo horario do punto de Ponte Caldelas -","isPartOf":{"@id":"https:\/\/www.anovapeneira.gal\/#website"},"primaryImageOfPage":{"@id":"https:\/\/www.anovapeneira.gal\/index.php\/2019\/09\/13\/novo-horario-do-punto-de-ponte-caldelas\/#primaryimage"},"image":{"@id":"https:\/\/www.anovapeneira.gal\/index.php\/2019\/09\/13\/novo-horario-do-punto-de-ponte-caldelas\/#primaryimage"},"thumbnailUrl":"https:\/\/www.anovapeneira.gal\/wp-content\/uploads\/2019\/09\/PUNTO_LIMPO_a_nova_peneira.jpg","datePublished":"2019-09-13T10:00:56+00:00","breadcrumb":{"@id":"https:\/\/www.anovapeneira.gal\/index.php\/2019\/09\/13\/novo-horario-do-punto-de-ponte-caldelas\/#breadcrumb"},"inLanguage":"gl-ES","potentialAction":[{"@type":"ReadAction","target":["https:\/\/www.anovapeneira.gal\/index.php\/2019\/09\/13\/novo-horario-do-punto-de-ponte-caldelas\/"]}]},{"@type":"ImageObject","inLanguage":"gl-ES","@id":"https:\/\/www.anovapeneira.gal\/index.php\/2019\/09\/13\/novo-horario-do-punto-de-ponte-caldelas\/#primaryimage","url":"https:\/\/www.anovapeneira.gal\/wp-content\/uploads\/2019\/09\/PUNTO_LIMPO_a_nova_peneira.jpg","contentUrl":"https:\/\/www.anovapeneira.gal\/wp-content\/uploads\/2019\/09\/PUNTO_LIMPO_a_nova_peneira.jpg","width":720,"height":473,"caption":"Punto limpo Ponte Caldelas A Nova Peneira"},{"@type":"BreadcrumbList","@id":"https:\/\/www.anovapeneira.gal\/index.php\/2019\/09\/13\/novo-horario-do-punto-de-ponte-caldelas\/#breadcrumb","itemListElement":[{"@type":"ListItem","position":1,"name":"Portada","item":"https:\/\/www.anovapeneira.gal\/"},{"@type":"ListItem","position":2,"name":"Novo horario do punto de Ponte Caldelas"}]},{"@type":"WebSite","@id":"https:\/\/www.anovapeneira.gal\/#website","url":"https:\/\/www.anovapeneira.gal\/","name":"","description":"Xornal galego de informaci\u00f3n xeral Publicaci\u00f3n mensual de novas de Galicia e en especial dos Concellos da sur da provincia de Pontevedra.","publisher":{"@id":"https:\/\/www.anovapeneira.gal\/#organization"},"potentialAction":[{"@type":"SearchAction","target":{"@type":"EntryPoint","urlTemplate":"https:\/\/www.anovapeneira.gal\/?s={search_term_string}"},"query-input":{"@type":"PropertyValueSpecification","valueRequired":true,"valueName":"search_term_string"}}],"inLanguage":"gl-ES"},{"@type":"Organization","@id":"https:\/\/www.anovapeneira.gal\/#organization","name":"A Nova Peneira","url":"https:\/\/www.anovapeneira.gal\/","logo":{"@type":"ImageObject","inLanguage":"gl-ES","@id":"https:\/\/www.anovapeneira.gal\/#\/schema\/logo\/image\/","url":"http:\/\/www.anovapeneira.gal\/wp-content\/uploads\/2019\/06\/logo_a_nova_peneira_portal_web.png","contentUrl":"http:\/\/www.anovapeneira.gal\/wp-content\/uploads\/2019\/06\/logo_a_nova_peneira_portal_web.png","width":300,"height":100,"caption":"A Nova Peneira"},"image":{"@id":"https:\/\/www.anovapeneira.gal\/#\/schema\/logo\/image\/"},"sameAs":["https:\/\/www.facebook.com\/anovapeneira","https:\/\/x.com\/APeneira"]},{"@type":"Person","@id":"https:\/\/www.anovapeneira.gal\/#\/schema\/person\/b93e3f8932e3f8da96334607eb6ac6aa","name":"Redacci\u00f3n A Nova Peneira","image":{"@type":"ImageObject","inLanguage":"gl-ES","@id":"https:\/\/secure.gravatar.com\/avatar\/c052a2551a06e23fac63626232eaa90abd78dbcf1700fc46a2b2c89fd27b735f?s=96&d=mm&r=g","url":"https:\/\/secure.gravatar.com\/avatar\/c052a2551a06e23fac63626232eaa90abd78dbcf1700fc46a2b2c89fd27b735f?s=96&d=mm&r=g","contentUrl":"https:\/\/secure.gravatar.com\/avatar\/c052a2551a06e23fac63626232eaa90abd78dbcf1700fc46a2b2c89fd27b735f?s=96&d=mm&r=g","caption":"Redacci\u00f3n A Nova Peneira"},"sameAs":["http:\/\/www.anovapeneira.gal\/"],"url":"https:\/\/www.anovapeneira.gal\/index.php\/author\/redactor\/"}]}},"jetpack_featured_media_url":"https:\/\/www.anovapeneira.gal\/wp-content\/uploads\/2019\/09\/PUNTO_LIMPO_a_nova_peneira.jpg","_links":{"self":[{"href":"https:\/\/www.anovapeneira.gal\/index.php\/wp-json\/wp\/v2\/posts\/1230","targetHints":{"allow":["GET"]}}],"collection":[{"href":"https:\/\/www.anovapeneira.gal\/index.php\/wp-json\/wp\/v2\/posts"}],"about":[{"href":"https:\/\/www.anovapeneira.gal\/index.php\/wp-json\/wp\/v2\/types\/post"}],"author":[{"embeddable":true,"href":"https:\/\/www.anovapeneira.gal\/index.php\/wp-json\/wp\/v2\/users\/3"}],"replies":[{"embeddable":true,"href":"https:\/\/www.anovapeneira.gal\/index.php\/wp-json\/wp\/v2\/comments?post=1230"}],"version-history":[{"count":1,"href":"https:\/\/www.anovapeneira.gal\/index.php\/wp-json\/wp\/v2\/posts\/1230\/revisions"}],"predecessor-version":[{"id":1232,"href":"https:\/\/www.anovapeneira.gal\/index.php\/wp-json\/wp\/v2\/posts\/1230\/revisions\/1232"}],"wp:featuredmedia":[{"embeddable":true,"href":"https:\/\/www.anovapeneira.gal\/index.php\/wp-json\/wp\/v2\/media\/1231"}],"wp:attachment":[{"href":"https:\/\/www.anovapeneira.gal\/index.php\/wp-json\/wp\/v2\/media?parent=1230"}],"wp:term":[{"taxonomy":"category","embeddable":true,"href":"https:\/\/www.anovapeneira.gal\/index.php\/wp-json\/wp\/v2\/categories?post=1230"},{"taxonomy":"post_tag","embeddable":true,"href":"https:\/\/www.anovapeneira.gal\/index.php\/wp-json\/wp\/v2\/tags?post=1230"}],"curies":[{"name":"wp","href":"https:\/\/api.w.org\/{rel}","templated":true}]}}