{"id":12308,"date":"2024-08-28T10:00:23","date_gmt":"2024-08-28T08:00:23","guid":{"rendered":"https:\/\/www.anovapeneira.gal\/?p=12308"},"modified":"2024-08-23T07:27:42","modified_gmt":"2024-08-23T05:27:42","slug":"o-galego-a-lingua-secreta-do-poder-global","status":"publish","type":"post","link":"https:\/\/www.anovapeneira.gal\/index.php\/2024\/08\/28\/o-galego-a-lingua-secreta-do-poder-global\/","title":{"rendered":"O Galego: A Lingua Secreta do Poder Global"},"content":{"rendered":"\n<figure class=\"wp-block-image size-large is-resized\"><img loading=\"lazy\" decoding=\"async\" width=\"818\" height=\"1024\" src=\"https:\/\/www.anovapeneira.gal\/wp-content\/uploads\/2024\/08\/oscar_lomba2-818x1024.jpg\" alt=\"\" class=\"wp-image-12311\" style=\"width:116px;height:auto\" srcset=\"https:\/\/www.anovapeneira.gal\/wp-content\/uploads\/2024\/08\/oscar_lomba2-818x1024.jpg 818w, https:\/\/www.anovapeneira.gal\/wp-content\/uploads\/2024\/08\/oscar_lomba2-240x300.jpg 240w, https:\/\/www.anovapeneira.gal\/wp-content\/uploads\/2024\/08\/oscar_lomba2-768x961.jpg 768w, https:\/\/www.anovapeneira.gal\/wp-content\/uploads\/2024\/08\/oscar_lomba2-1228x1536.jpg 1228w, https:\/\/www.anovapeneira.gal\/wp-content\/uploads\/2024\/08\/oscar_lomba2.jpg 1242w\" sizes=\"auto, (max-width: 818px) 100vw, 818px\" \/><\/figure>\n\n\n\n<pre class=\"wp-block-verse\"><br><em><strong>\u00d3scar Lomba \u00c1lvarez<\/strong><\/em> Presidente da Asociaci\u00f3n Colectivo Rexurdir Galicia. Activista Social e membro de ProLingua.<\/pre>\n\n\n\n<p>Ola, queridas e queridos defensores do monoling\u00fcismo anglosax\u00f3n! Se est\u00e1s a ler isto, \u00e9 que, por sorte ou desgraza, te cruzaches co galego. Si, esa lingua que moitos consideran in\u00fatil, por\u00e9n que resulta ser a chave secreta para falar con m\u00e1is dun cuarto de bill\u00f3n de persoas. Non, non me toleou o procesador: falamos de 250 mill\u00f3ns de almas lus\u00f3fonas. Senta, relaxa e vai po\u00f1endo unha copi\u00f1a de albari\u00f1o, que isto vai para longo.<\/p>\n\n\n\n<p>Para comezar, imos romper alg\u00fans mitos que andan soltos por a\u00ed, como cans sen dono. O primeiro mito \u00e9 que o galego s\u00f3 serve para muxir vacas e asubiar \u00f3s polbos. Pobre de quen pense as\u00ed! Se cadra, a\u00ednda est\u00e1 trabado entre o <em>present perfect<\/em> e a pronuncia de &#8220;<em>thoroughly<\/em>&#8220;. Non \u00e9 culpa t\u00faa, amigo: \u00e9 o sistema educativo angl\u00f3filo que te enganou.<\/p>\n\n\n\n<p>Mentres t\u00fa segues a pelexar coas normas impos\u00edbeis do ingl\u00e9s, os galegofalantes andamos a navegar por un oc\u00e9ano ling\u00fc\u00edstico que abrangue desde o samba de R\u00edo de Janeiro at\u00e9 os fados melanc\u00f3licos de Lisboa, pasando pola kizomba de Luanda. E todo isto sen despeitearnos nin sequera cambiar de lingua. Porque, claro, cando falas galego, o portugu\u00e9s \u00e9 pan comido, ou pan de Cea, para ser m\u00e1is precisos.<\/p>\n\n\n\n<p>Agora, pensemos por un intre nesa xente que di: &#8220;Pero o galego para que serve?&#8221;. Ai, amigui\u00f1os e amigui\u00f1as, se s\u00f3 soubesen! Se cadra, cren que o mundo remata nas fronteiras do Reino Unido ou dos Estados Unidos, onde os pensamentos son tan cadrados como os xard\u00edns das urbanizaci\u00f3ns sen alma. Non sab\u00edan que, co galego, podes ir dende un festival en S\u00e3o Paulo at\u00e9 unha festa en Maputo sen necesidade dun tradutor de Google?<\/p>\n\n\n\n<p>E aqu\u00ed entra a retranca galega, esa ferramenta que nos fai sorrir mentres vemos como outros loitan por sa\u00edr do labirinto gramatical do ingl\u00e9s. Deixade que vos conte un segredo: mentres pensades que falar ingl\u00e9s abre todas as portas, n\u00f3s, os galegofalantes, xa entramos pola porta de atr\u00e1s, e fix\u00e9molo sen bater. Mentres tedes que aprender complicadas regras de etiqueta idiom\u00e1tica, n\u00f3s brindamos co noso vi\u00f1o (que \u00e9 mellor que o de calquera outra parte, por certo) e xa estamos a falar con media lusofon\u00eda.<\/p>\n\n\n\n<p>Non se trata de ser arrogantes, non. Tr\u00e1tase de ver as cousas con perspectiva. O galego, esa lingua que alg\u00fans consideran &#8220;in\u00fatil&#8221;, resulta ser a lingua que conecta culturas, tradici\u00f3ns e, sobre todo, persoas. Porque, en \u00faltima instancia, non se trata s\u00f3 de falar, sen\u00f3n de entenderse. E, mentres o mundo angl\u00f3fono tenta impor a s\u00faa cultura globalizada, n\u00f3s celebramos a nosa diversidade, enchendo as r\u00faas de m\u00fasica, verbas, e, por suposto, de bo humor.<\/p>\n\n\n\n<p>Ent\u00f3n, a pr\u00f3xima vez que algu\u00e9n che diga que o galego non vale para nada, s\u00f3 sorr\u00ed. Porque, mentres eles contin\u00faan a s\u00faa batalla por acadar o nivel C1 de ingl\u00e9s, ti estar\u00e1s a brindar con caipirinhas no Brasil, a bailar fados en Lisboa, ou a gozar dun concerto en Cabo Verde. Todo isto en galego, claro. Porque, ao final, falar galego non \u00e9 s\u00f3 \u00fatil, \u00e9 puro poder.<\/p>\n\n\n\n<p>As\u00ed que, se\u00f1oras e se\u00f1ores angl\u00f3filos, boa sorte co voso ingl\u00e9s. N\u00f3s, entrementres, seguiremos a rirnos coa nosa retranca e a disfrutar da vida co galego. Sa\u00fade!<\/p>\n","protected":false},"excerpt":{"rendered":"<div class=\"mh-excerpt\"><p>Ola, queridas e queridos defensores do monoling\u00fcismo anglosax\u00f3n! Se est\u00e1s a ler isto, \u00e9 que, por sorte ou desgraza, te cruzaches co galego<br \/>\n <a class=\"mh-excerpt-more\" href=\"https:\/\/www.anovapeneira.gal\/index.php\/2024\/08\/28\/o-galego-a-lingua-secreta-do-poder-global\/\" title=\"O Galego: A Lingua Secreta do Poder Global\">[&#8230;]<\/a><\/p>\n<\/div>","protected":false},"author":12,"featured_media":584,"comment_status":"open","ping_status":"open","sticky":false,"template":"","format":"standard","meta":{"_exactmetrics_skip_tracking":false,"_exactmetrics_sitenote_active":false,"_exactmetrics_sitenote_note":"","_exactmetrics_sitenote_category":0,"footnotes":""},"categories":[7],"tags":[],"class_list":{"0":"post-12308","1":"post","2":"type-post","3":"status-publish","4":"format-standard","5":"has-post-thumbnail","7":"category-artigos-de-opinion"},"yoast_head":"<!-- This site is optimized with the Yoast SEO plugin v27.4 - https:\/\/yoast.com\/product\/yoast-seo-wordpress\/ -->\n<title>O Galego: A Lingua Secreta do Poder Global -<\/title>\n<meta name=\"robots\" content=\"index, follow, max-snippet:-1, max-image-preview:large, max-video-preview:-1\" \/>\n<link rel=\"canonical\" href=\"https:\/\/www.anovapeneira.gal\/index.php\/2024\/08\/28\/o-galego-a-lingua-secreta-do-poder-global\/\" \/>\n<meta property=\"og:locale\" content=\"gl_ES\" \/>\n<meta property=\"og:type\" content=\"article\" \/>\n<meta property=\"og:title\" content=\"O Galego: A Lingua Secreta do Poder Global -\" \/>\n<meta property=\"og:description\" content=\"Ola, queridas e queridos defensores do monoling\u00fcismo anglosax\u00f3n! Se est\u00e1s a ler isto, \u00e9 que, por sorte ou desgraza, te cruzaches co galego [...]\" \/>\n<meta property=\"og:url\" content=\"https:\/\/www.anovapeneira.gal\/index.php\/2024\/08\/28\/o-galego-a-lingua-secreta-do-poder-global\/\" \/>\n<meta property=\"article:publisher\" content=\"https:\/\/www.facebook.com\/anovapeneira\" \/>\n<meta property=\"article:published_time\" content=\"2024-08-28T08:00:23+00:00\" \/>\n<meta property=\"og:image\" content=\"https:\/\/www.anovapeneira.gal\/wp-content\/uploads\/2019\/07\/ARTIGO_DE_OPINION_A_NOVA_PENEIRA.jpg\" \/>\n\t<meta property=\"og:image:width\" content=\"720\" \/>\n\t<meta property=\"og:image:height\" content=\"473\" \/>\n\t<meta property=\"og:image:type\" content=\"image\/jpeg\" \/>\n<meta name=\"author\" content=\"Artigos Opini\u00f3n\" \/>\n<meta name=\"twitter:card\" content=\"summary_large_image\" \/>\n<meta name=\"twitter:image\" content=\"https:\/\/www.anovapeneira.gal\/wp-content\/uploads\/2019\/07\/ARTIGO_DE_OPINION_A_NOVA_PENEIRA.jpg\" \/>\n<meta name=\"twitter:creator\" content=\"@APeneira\" \/>\n<meta name=\"twitter:site\" content=\"@APeneira\" \/>\n<meta name=\"twitter:label1\" content=\"Escrito por\" \/>\n\t<meta name=\"twitter:data1\" content=\"Artigos Opini\u00f3n\" \/>\n\t<meta name=\"twitter:label2\" content=\"Tempo de lectura\" \/>\n\t<meta name=\"twitter:data2\" content=\"4 minutos\" \/>\n<script type=\"application\/ld+json\" class=\"yoast-schema-graph\">{\"@context\":\"https:\\\/\\\/schema.org\",\"@graph\":[{\"@type\":\"Article\",\"@id\":\"https:\\\/\\\/www.anovapeneira.gal\\\/index.php\\\/2024\\\/08\\\/28\\\/o-galego-a-lingua-secreta-do-poder-global\\\/#article\",\"isPartOf\":{\"@id\":\"https:\\\/\\\/www.anovapeneira.gal\\\/index.php\\\/2024\\\/08\\\/28\\\/o-galego-a-lingua-secreta-do-poder-global\\\/\"},\"author\":{\"name\":\"Artigos Opini\u00f3n\",\"@id\":\"https:\\\/\\\/www.anovapeneira.gal\\\/#\\\/schema\\\/person\\\/f18a4feb302e8f20bcef4490b5b60bb3\"},\"headline\":\"O Galego: A Lingua Secreta do Poder Global\",\"datePublished\":\"2024-08-28T08:00:23+00:00\",\"mainEntityOfPage\":{\"@id\":\"https:\\\/\\\/www.anovapeneira.gal\\\/index.php\\\/2024\\\/08\\\/28\\\/o-galego-a-lingua-secreta-do-poder-global\\\/\"},\"wordCount\":597,\"commentCount\":0,\"publisher\":{\"@id\":\"https:\\\/\\\/www.anovapeneira.gal\\\/#organization\"},\"image\":{\"@id\":\"https:\\\/\\\/www.anovapeneira.gal\\\/index.php\\\/2024\\\/08\\\/28\\\/o-galego-a-lingua-secreta-do-poder-global\\\/#primaryimage\"},\"thumbnailUrl\":\"https:\\\/\\\/www.anovapeneira.gal\\\/wp-content\\\/uploads\\\/2019\\\/07\\\/ARTIGO_DE_OPINION_A_NOVA_PENEIRA.jpg\",\"articleSection\":[\"Artigos de opini\u00f3n\"],\"inLanguage\":\"gl-ES\",\"potentialAction\":[{\"@type\":\"CommentAction\",\"name\":\"Comment\",\"target\":[\"https:\\\/\\\/www.anovapeneira.gal\\\/index.php\\\/2024\\\/08\\\/28\\\/o-galego-a-lingua-secreta-do-poder-global\\\/#respond\"]}]},{\"@type\":\"WebPage\",\"@id\":\"https:\\\/\\\/www.anovapeneira.gal\\\/index.php\\\/2024\\\/08\\\/28\\\/o-galego-a-lingua-secreta-do-poder-global\\\/\",\"url\":\"https:\\\/\\\/www.anovapeneira.gal\\\/index.php\\\/2024\\\/08\\\/28\\\/o-galego-a-lingua-secreta-do-poder-global\\\/\",\"name\":\"O Galego: A Lingua Secreta do Poder Global -\",\"isPartOf\":{\"@id\":\"https:\\\/\\\/www.anovapeneira.gal\\\/#website\"},\"primaryImageOfPage\":{\"@id\":\"https:\\\/\\\/www.anovapeneira.gal\\\/index.php\\\/2024\\\/08\\\/28\\\/o-galego-a-lingua-secreta-do-poder-global\\\/#primaryimage\"},\"image\":{\"@id\":\"https:\\\/\\\/www.anovapeneira.gal\\\/index.php\\\/2024\\\/08\\\/28\\\/o-galego-a-lingua-secreta-do-poder-global\\\/#primaryimage\"},\"thumbnailUrl\":\"https:\\\/\\\/www.anovapeneira.gal\\\/wp-content\\\/uploads\\\/2019\\\/07\\\/ARTIGO_DE_OPINION_A_NOVA_PENEIRA.jpg\",\"datePublished\":\"2024-08-28T08:00:23+00:00\",\"breadcrumb\":{\"@id\":\"https:\\\/\\\/www.anovapeneira.gal\\\/index.php\\\/2024\\\/08\\\/28\\\/o-galego-a-lingua-secreta-do-poder-global\\\/#breadcrumb\"},\"inLanguage\":\"gl-ES\",\"potentialAction\":[{\"@type\":\"ReadAction\",\"target\":[\"https:\\\/\\\/www.anovapeneira.gal\\\/index.php\\\/2024\\\/08\\\/28\\\/o-galego-a-lingua-secreta-do-poder-global\\\/\"]}]},{\"@type\":\"ImageObject\",\"inLanguage\":\"gl-ES\",\"@id\":\"https:\\\/\\\/www.anovapeneira.gal\\\/index.php\\\/2024\\\/08\\\/28\\\/o-galego-a-lingua-secreta-do-poder-global\\\/#primaryimage\",\"url\":\"https:\\\/\\\/www.anovapeneira.gal\\\/wp-content\\\/uploads\\\/2019\\\/07\\\/ARTIGO_DE_OPINION_A_NOVA_PENEIRA.jpg\",\"contentUrl\":\"https:\\\/\\\/www.anovapeneira.gal\\\/wp-content\\\/uploads\\\/2019\\\/07\\\/ARTIGO_DE_OPINION_A_NOVA_PENEIRA.jpg\",\"width\":720,\"height\":473,\"caption\":\"Artigo de opini\u00f3n A Nova Peneira\"},{\"@type\":\"BreadcrumbList\",\"@id\":\"https:\\\/\\\/www.anovapeneira.gal\\\/index.php\\\/2024\\\/08\\\/28\\\/o-galego-a-lingua-secreta-do-poder-global\\\/#breadcrumb\",\"itemListElement\":[{\"@type\":\"ListItem\",\"position\":1,\"name\":\"Portada\",\"item\":\"https:\\\/\\\/www.anovapeneira.gal\\\/\"},{\"@type\":\"ListItem\",\"position\":2,\"name\":\"O Galego: A Lingua Secreta do Poder Global\"}]},{\"@type\":\"WebSite\",\"@id\":\"https:\\\/\\\/www.anovapeneira.gal\\\/#website\",\"url\":\"https:\\\/\\\/www.anovapeneira.gal\\\/\",\"name\":\"\",\"description\":\"Xornal galego de informaci\u00f3n xeral Publicaci\u00f3n mensual de novas de Galicia e en especial dos Concellos da sur da provincia de Pontevedra.\",\"publisher\":{\"@id\":\"https:\\\/\\\/www.anovapeneira.gal\\\/#organization\"},\"potentialAction\":[{\"@type\":\"SearchAction\",\"target\":{\"@type\":\"EntryPoint\",\"urlTemplate\":\"https:\\\/\\\/www.anovapeneira.gal\\\/?s={search_term_string}\"},\"query-input\":{\"@type\":\"PropertyValueSpecification\",\"valueRequired\":true,\"valueName\":\"search_term_string\"}}],\"inLanguage\":\"gl-ES\"},{\"@type\":\"Organization\",\"@id\":\"https:\\\/\\\/www.anovapeneira.gal\\\/#organization\",\"name\":\"A Nova Peneira\",\"url\":\"https:\\\/\\\/www.anovapeneira.gal\\\/\",\"logo\":{\"@type\":\"ImageObject\",\"inLanguage\":\"gl-ES\",\"@id\":\"https:\\\/\\\/www.anovapeneira.gal\\\/#\\\/schema\\\/logo\\\/image\\\/\",\"url\":\"http:\\\/\\\/www.anovapeneira.gal\\\/wp-content\\\/uploads\\\/2019\\\/06\\\/logo_a_nova_peneira_portal_web.png\",\"contentUrl\":\"http:\\\/\\\/www.anovapeneira.gal\\\/wp-content\\\/uploads\\\/2019\\\/06\\\/logo_a_nova_peneira_portal_web.png\",\"width\":300,\"height\":100,\"caption\":\"A Nova Peneira\"},\"image\":{\"@id\":\"https:\\\/\\\/www.anovapeneira.gal\\\/#\\\/schema\\\/logo\\\/image\\\/\"},\"sameAs\":[\"https:\\\/\\\/www.facebook.com\\\/anovapeneira\",\"https:\\\/\\\/x.com\\\/APeneira\"]},{\"@type\":\"Person\",\"@id\":\"https:\\\/\\\/www.anovapeneira.gal\\\/#\\\/schema\\\/person\\\/f18a4feb302e8f20bcef4490b5b60bb3\",\"name\":\"Artigos Opini\u00f3n\",\"image\":{\"@type\":\"ImageObject\",\"inLanguage\":\"gl-ES\",\"@id\":\"https:\\\/\\\/secure.gravatar.com\\\/avatar\\\/072844300f4881150aee2da4278f7a65d16eefdf8262eb67085f1e702de2b959?s=96&d=mm&r=g\",\"url\":\"https:\\\/\\\/secure.gravatar.com\\\/avatar\\\/072844300f4881150aee2da4278f7a65d16eefdf8262eb67085f1e702de2b959?s=96&d=mm&r=g\",\"contentUrl\":\"https:\\\/\\\/secure.gravatar.com\\\/avatar\\\/072844300f4881150aee2da4278f7a65d16eefdf8262eb67085f1e702de2b959?s=96&d=mm&r=g\",\"caption\":\"Artigos Opini\u00f3n\"},\"sameAs\":[\"http:\\\/\\\/anovapeneira.gal\"],\"url\":\"https:\\\/\\\/www.anovapeneira.gal\\\/index.php\\\/author\\\/artigosopinion\\\/\"}]}<\/script>\n<!-- \/ Yoast SEO plugin. -->","yoast_head_json":{"title":"O Galego: A Lingua Secreta do Poder Global -","robots":{"index":"index","follow":"follow","max-snippet":"max-snippet:-1","max-image-preview":"max-image-preview:large","max-video-preview":"max-video-preview:-1"},"canonical":"https:\/\/www.anovapeneira.gal\/index.php\/2024\/08\/28\/o-galego-a-lingua-secreta-do-poder-global\/","og_locale":"gl_ES","og_type":"article","og_title":"O Galego: A Lingua Secreta do Poder Global -","og_description":"Ola, queridas e queridos defensores do monoling\u00fcismo anglosax\u00f3n! Se est\u00e1s a ler isto, \u00e9 que, por sorte ou desgraza, te cruzaches co galego [...]","og_url":"https:\/\/www.anovapeneira.gal\/index.php\/2024\/08\/28\/o-galego-a-lingua-secreta-do-poder-global\/","article_publisher":"https:\/\/www.facebook.com\/anovapeneira","article_published_time":"2024-08-28T08:00:23+00:00","og_image":[{"width":720,"height":473,"url":"https:\/\/www.anovapeneira.gal\/wp-content\/uploads\/2019\/07\/ARTIGO_DE_OPINION_A_NOVA_PENEIRA.jpg","type":"image\/jpeg"}],"author":"Artigos Opini\u00f3n","twitter_card":"summary_large_image","twitter_image":"https:\/\/www.anovapeneira.gal\/wp-content\/uploads\/2019\/07\/ARTIGO_DE_OPINION_A_NOVA_PENEIRA.jpg","twitter_creator":"@APeneira","twitter_site":"@APeneira","twitter_misc":{"Escrito por":"Artigos Opini\u00f3n","Tempo de lectura":"4 minutos"},"schema":{"@context":"https:\/\/schema.org","@graph":[{"@type":"Article","@id":"https:\/\/www.anovapeneira.gal\/index.php\/2024\/08\/28\/o-galego-a-lingua-secreta-do-poder-global\/#article","isPartOf":{"@id":"https:\/\/www.anovapeneira.gal\/index.php\/2024\/08\/28\/o-galego-a-lingua-secreta-do-poder-global\/"},"author":{"name":"Artigos Opini\u00f3n","@id":"https:\/\/www.anovapeneira.gal\/#\/schema\/person\/f18a4feb302e8f20bcef4490b5b60bb3"},"headline":"O Galego: A Lingua Secreta do Poder Global","datePublished":"2024-08-28T08:00:23+00:00","mainEntityOfPage":{"@id":"https:\/\/www.anovapeneira.gal\/index.php\/2024\/08\/28\/o-galego-a-lingua-secreta-do-poder-global\/"},"wordCount":597,"commentCount":0,"publisher":{"@id":"https:\/\/www.anovapeneira.gal\/#organization"},"image":{"@id":"https:\/\/www.anovapeneira.gal\/index.php\/2024\/08\/28\/o-galego-a-lingua-secreta-do-poder-global\/#primaryimage"},"thumbnailUrl":"https:\/\/www.anovapeneira.gal\/wp-content\/uploads\/2019\/07\/ARTIGO_DE_OPINION_A_NOVA_PENEIRA.jpg","articleSection":["Artigos de opini\u00f3n"],"inLanguage":"gl-ES","potentialAction":[{"@type":"CommentAction","name":"Comment","target":["https:\/\/www.anovapeneira.gal\/index.php\/2024\/08\/28\/o-galego-a-lingua-secreta-do-poder-global\/#respond"]}]},{"@type":"WebPage","@id":"https:\/\/www.anovapeneira.gal\/index.php\/2024\/08\/28\/o-galego-a-lingua-secreta-do-poder-global\/","url":"https:\/\/www.anovapeneira.gal\/index.php\/2024\/08\/28\/o-galego-a-lingua-secreta-do-poder-global\/","name":"O Galego: A Lingua Secreta do Poder Global -","isPartOf":{"@id":"https:\/\/www.anovapeneira.gal\/#website"},"primaryImageOfPage":{"@id":"https:\/\/www.anovapeneira.gal\/index.php\/2024\/08\/28\/o-galego-a-lingua-secreta-do-poder-global\/#primaryimage"},"image":{"@id":"https:\/\/www.anovapeneira.gal\/index.php\/2024\/08\/28\/o-galego-a-lingua-secreta-do-poder-global\/#primaryimage"},"thumbnailUrl":"https:\/\/www.anovapeneira.gal\/wp-content\/uploads\/2019\/07\/ARTIGO_DE_OPINION_A_NOVA_PENEIRA.jpg","datePublished":"2024-08-28T08:00:23+00:00","breadcrumb":{"@id":"https:\/\/www.anovapeneira.gal\/index.php\/2024\/08\/28\/o-galego-a-lingua-secreta-do-poder-global\/#breadcrumb"},"inLanguage":"gl-ES","potentialAction":[{"@type":"ReadAction","target":["https:\/\/www.anovapeneira.gal\/index.php\/2024\/08\/28\/o-galego-a-lingua-secreta-do-poder-global\/"]}]},{"@type":"ImageObject","inLanguage":"gl-ES","@id":"https:\/\/www.anovapeneira.gal\/index.php\/2024\/08\/28\/o-galego-a-lingua-secreta-do-poder-global\/#primaryimage","url":"https:\/\/www.anovapeneira.gal\/wp-content\/uploads\/2019\/07\/ARTIGO_DE_OPINION_A_NOVA_PENEIRA.jpg","contentUrl":"https:\/\/www.anovapeneira.gal\/wp-content\/uploads\/2019\/07\/ARTIGO_DE_OPINION_A_NOVA_PENEIRA.jpg","width":720,"height":473,"caption":"Artigo de opini\u00f3n A Nova Peneira"},{"@type":"BreadcrumbList","@id":"https:\/\/www.anovapeneira.gal\/index.php\/2024\/08\/28\/o-galego-a-lingua-secreta-do-poder-global\/#breadcrumb","itemListElement":[{"@type":"ListItem","position":1,"name":"Portada","item":"https:\/\/www.anovapeneira.gal\/"},{"@type":"ListItem","position":2,"name":"O Galego: A Lingua Secreta do Poder Global"}]},{"@type":"WebSite","@id":"https:\/\/www.anovapeneira.gal\/#website","url":"https:\/\/www.anovapeneira.gal\/","name":"","description":"Xornal galego de informaci\u00f3n xeral Publicaci\u00f3n mensual de novas de Galicia e en especial dos Concellos da sur da provincia de Pontevedra.","publisher":{"@id":"https:\/\/www.anovapeneira.gal\/#organization"},"potentialAction":[{"@type":"SearchAction","target":{"@type":"EntryPoint","urlTemplate":"https:\/\/www.anovapeneira.gal\/?s={search_term_string}"},"query-input":{"@type":"PropertyValueSpecification","valueRequired":true,"valueName":"search_term_string"}}],"inLanguage":"gl-ES"},{"@type":"Organization","@id":"https:\/\/www.anovapeneira.gal\/#organization","name":"A Nova Peneira","url":"https:\/\/www.anovapeneira.gal\/","logo":{"@type":"ImageObject","inLanguage":"gl-ES","@id":"https:\/\/www.anovapeneira.gal\/#\/schema\/logo\/image\/","url":"http:\/\/www.anovapeneira.gal\/wp-content\/uploads\/2019\/06\/logo_a_nova_peneira_portal_web.png","contentUrl":"http:\/\/www.anovapeneira.gal\/wp-content\/uploads\/2019\/06\/logo_a_nova_peneira_portal_web.png","width":300,"height":100,"caption":"A Nova Peneira"},"image":{"@id":"https:\/\/www.anovapeneira.gal\/#\/schema\/logo\/image\/"},"sameAs":["https:\/\/www.facebook.com\/anovapeneira","https:\/\/x.com\/APeneira"]},{"@type":"Person","@id":"https:\/\/www.anovapeneira.gal\/#\/schema\/person\/f18a4feb302e8f20bcef4490b5b60bb3","name":"Artigos Opini\u00f3n","image":{"@type":"ImageObject","inLanguage":"gl-ES","@id":"https:\/\/secure.gravatar.com\/avatar\/072844300f4881150aee2da4278f7a65d16eefdf8262eb67085f1e702de2b959?s=96&d=mm&r=g","url":"https:\/\/secure.gravatar.com\/avatar\/072844300f4881150aee2da4278f7a65d16eefdf8262eb67085f1e702de2b959?s=96&d=mm&r=g","contentUrl":"https:\/\/secure.gravatar.com\/avatar\/072844300f4881150aee2da4278f7a65d16eefdf8262eb67085f1e702de2b959?s=96&d=mm&r=g","caption":"Artigos Opini\u00f3n"},"sameAs":["http:\/\/anovapeneira.gal"],"url":"https:\/\/www.anovapeneira.gal\/index.php\/author\/artigosopinion\/"}]}},"jetpack_featured_media_url":"https:\/\/www.anovapeneira.gal\/wp-content\/uploads\/2019\/07\/ARTIGO_DE_OPINION_A_NOVA_PENEIRA.jpg","_links":{"self":[{"href":"https:\/\/www.anovapeneira.gal\/index.php\/wp-json\/wp\/v2\/posts\/12308","targetHints":{"allow":["GET"]}}],"collection":[{"href":"https:\/\/www.anovapeneira.gal\/index.php\/wp-json\/wp\/v2\/posts"}],"about":[{"href":"https:\/\/www.anovapeneira.gal\/index.php\/wp-json\/wp\/v2\/types\/post"}],"author":[{"embeddable":true,"href":"https:\/\/www.anovapeneira.gal\/index.php\/wp-json\/wp\/v2\/users\/12"}],"replies":[{"embeddable":true,"href":"https:\/\/www.anovapeneira.gal\/index.php\/wp-json\/wp\/v2\/comments?post=12308"}],"version-history":[{"count":5,"href":"https:\/\/www.anovapeneira.gal\/index.php\/wp-json\/wp\/v2\/posts\/12308\/revisions"}],"predecessor-version":[{"id":12316,"href":"https:\/\/www.anovapeneira.gal\/index.php\/wp-json\/wp\/v2\/posts\/12308\/revisions\/12316"}],"wp:featuredmedia":[{"embeddable":true,"href":"https:\/\/www.anovapeneira.gal\/index.php\/wp-json\/wp\/v2\/media\/584"}],"wp:attachment":[{"href":"https:\/\/www.anovapeneira.gal\/index.php\/wp-json\/wp\/v2\/media?parent=12308"}],"wp:term":[{"taxonomy":"category","embeddable":true,"href":"https:\/\/www.anovapeneira.gal\/index.php\/wp-json\/wp\/v2\/categories?post=12308"},{"taxonomy":"post_tag","embeddable":true,"href":"https:\/\/www.anovapeneira.gal\/index.php\/wp-json\/wp\/v2\/tags?post=12308"}],"curies":[{"name":"wp","href":"https:\/\/api.w.org\/{rel}","templated":true}]}}