{"id":12318,"date":"2024-08-28T12:00:10","date_gmt":"2024-08-28T10:00:10","guid":{"rendered":"https:\/\/www.anovapeneira.gal\/?p=12318"},"modified":"2024-08-23T07:32:37","modified_gmt":"2024-08-23T05:32:37","slug":"ecoloxistas-en-accion-demanda-as-administracions-medidas-para-reducira-masificacion-turistica-e-conter-asi-a-turismofobia","status":"publish","type":"post","link":"https:\/\/www.anovapeneira.gal\/index.php\/2024\/08\/28\/ecoloxistas-en-accion-demanda-as-administracions-medidas-para-reducira-masificacion-turistica-e-conter-asi-a-turismofobia\/","title":{"rendered":"Ecoloxistas en Acci\u00f3n demanda \u00e1s administraci\u00f3ns medidas para reducira masificaci\u00f3n tur\u00edstica e conter as\u00ed a turismofobia"},"content":{"rendered":"\n<h2 class=\"wp-block-heading\">Ecoloxistas en Acci\u00f3n insta \u00e1s administraci\u00f3ns galegas a p\u00f3rl\u00edmites a ocupaci\u00f3n tur\u00edstica segundo a capacidade social e ambientalde acollida de cada zona.<\/h2>\n\n\n\n<p>A organizaci\u00f3n ecoloxista sinala que os continuos brotes deturismofobia son consecuencia dunha industria tur\u00edstica depredadora quenon respeta o territorio que explota.<\/p>\n\n\n\n<p>Ecoloxistas en Acci\u00f3n avoga porque estas expresi\u00f3ns de turismofobia seconvirtan nunha impugnaci\u00f3n popular ao actual modelo tur\u00edstico e nonderiven en enfrontamentos persoais.<\/p>\n\n\n\n<p>Para Ecoloxistas en Acci\u00f3n a masificaci\u00f3n tur\u00edstica, sumada aspr\u00e1cticas irrespetuosas do sector, est\u00e1n provocando que semultipliquen as expresi\u00f3ns de turismofobia entre a poboaci\u00f3n galegaque sufre as negatividades do actual modelo tur\u00edstico.A organizaci\u00f3n ecoloxista denuncia que o exceso de ocupaci\u00f3ntur\u00edstica desborda as infraestructuras provocando unha merma dacalidade de vida da poboaci\u00f3n sen que a administraci\u00f3n galega faganada para remedialo. Para a organizaci\u00f3n ecoloxista \u00e9 necesaria unhaplanificaci\u00f3n e regulaci\u00f3n da presi\u00f3n demogr\u00e1fica, que sucede sobretodo na temporada de vacaci\u00f3ns estivais, para evitar que amasificaci\u00f3n contin\u00fae danando o entorno natural e impedindo \u00e1poboaci\u00f3n residente desenvolver a s\u00faa vida con normalidade.Ecoloxistas en Acci\u00f3n ve positivo que os medios de comunicaci\u00f3ncomecen a reflexar as expresi\u00f3ns de rexeitamento \u00e1s negatividades dasobre explotaci\u00f3n tur\u00edstica, pero advirte que pode ser perigoso quese faga un tratamento vanal da turismofobia e se omitan os prexuizos quea provocan.<\/p>\n\n\n\n<p>\u201cEntendemos as expresi\u00f3ns de turismofobia como unha impugnaci\u00f3npopular ao actual modelo tur\u00edstico, como unha defensa do territorio eda s\u00faa xente, pero rexeitamos calquera enfrontamento cos turistas\u201d,declara Xaqu\u00edn Pastoriza, coordinador do grupo R\u00edas Baixas deEcoloxistas en Acci\u00f3n.M\u00e1is informaci\u00f3n: Crist\u00f3bal L\u00f3pez, 637558347, voceiro de Ecoloxistasen Acci\u00f3n.<\/p>\n","protected":false},"excerpt":{"rendered":"<div class=\"mh-excerpt\"><p>Ecoloxistas en Acci\u00f3n insta \u00e1s administraci\u00f3ns galegas a p\u00f3rl\u00edmites a ocupaci\u00f3n tur\u00edstica segundo a capacidade social e ambientalde acollida de cada zona <a class=\"mh-excerpt-more\" href=\"https:\/\/www.anovapeneira.gal\/index.php\/2024\/08\/28\/ecoloxistas-en-accion-demanda-as-administracions-medidas-para-reducira-masificacion-turistica-e-conter-asi-a-turismofobia\/\" title=\"Ecoloxistas en Acci\u00f3n demanda \u00e1s administraci\u00f3ns medidas para reducira masificaci\u00f3n tur\u00edstica e conter as\u00ed a turismofobia\">[&#8230;]<\/a><\/p>\n<\/div>","protected":false},"author":3,"featured_media":2572,"comment_status":"open","ping_status":"open","sticky":false,"template":"","format":"standard","meta":{"_exactmetrics_skip_tracking":false,"_exactmetrics_sitenote_active":false,"_exactmetrics_sitenote_note":"","_exactmetrics_sitenote_category":0,"footnotes":""},"categories":[263],"tags":[924,28],"class_list":{"0":"post-12318","1":"post","2":"type-post","3":"status-publish","4":"format-standard","5":"has-post-thumbnail","7":"category-novas","8":"tag-ecoloxistas-en-accion","9":"tag-turismo"},"yoast_head":"<!-- This site is optimized with the Yoast SEO plugin v27.4 - https:\/\/yoast.com\/product\/yoast-seo-wordpress\/ -->\n<title>Ecoloxistas en Acci\u00f3n demanda \u00e1s administraci\u00f3ns medidas para reducira masificaci\u00f3n tur\u00edstica e conter as\u00ed a turismofobia -<\/title>\n<meta name=\"robots\" content=\"index, follow, max-snippet:-1, max-image-preview:large, max-video-preview:-1\" \/>\n<link rel=\"canonical\" href=\"https:\/\/www.anovapeneira.gal\/index.php\/2024\/08\/28\/ecoloxistas-en-accion-demanda-as-administracions-medidas-para-reducira-masificacion-turistica-e-conter-asi-a-turismofobia\/\" \/>\n<meta property=\"og:locale\" content=\"gl_ES\" \/>\n<meta property=\"og:type\" content=\"article\" \/>\n<meta property=\"og:title\" content=\"Ecoloxistas en Acci\u00f3n demanda \u00e1s administraci\u00f3ns medidas para reducira masificaci\u00f3n tur\u00edstica e conter as\u00ed a turismofobia -\" \/>\n<meta property=\"og:description\" content=\"Ecoloxistas en Acci\u00f3n insta \u00e1s administraci\u00f3ns galegas a p\u00f3rl\u00edmites a ocupaci\u00f3n tur\u00edstica segundo a capacidade social e ambientalde acollida de cada zona [...]\" \/>\n<meta property=\"og:url\" content=\"https:\/\/www.anovapeneira.gal\/index.php\/2024\/08\/28\/ecoloxistas-en-accion-demanda-as-administracions-medidas-para-reducira-masificacion-turistica-e-conter-asi-a-turismofobia\/\" \/>\n<meta property=\"article:publisher\" content=\"https:\/\/www.facebook.com\/anovapeneira\" \/>\n<meta property=\"article:published_time\" content=\"2024-08-28T10:00:10+00:00\" \/>\n<meta property=\"og:image\" content=\"https:\/\/www.anovapeneira.gal\/wp-content\/uploads\/2020\/02\/ecoloxitas_en_accion.png\" \/>\n\t<meta property=\"og:image:width\" content=\"720\" \/>\n\t<meta property=\"og:image:height\" content=\"432\" \/>\n\t<meta property=\"og:image:type\" content=\"image\/png\" \/>\n<meta name=\"author\" content=\"Redacci\u00f3n A Nova Peneira\" \/>\n<meta name=\"twitter:card\" content=\"summary_large_image\" \/>\n<meta name=\"twitter:creator\" content=\"@APeneira\" \/>\n<meta name=\"twitter:site\" content=\"@APeneira\" \/>\n<meta name=\"twitter:label1\" content=\"Escrito por\" \/>\n\t<meta name=\"twitter:data1\" content=\"Redacci\u00f3n A Nova Peneira\" \/>\n\t<meta name=\"twitter:label2\" content=\"Tempo de lectura\" \/>\n\t<meta name=\"twitter:data2\" content=\"2 minutos\" \/>\n<script type=\"application\/ld+json\" class=\"yoast-schema-graph\">{\"@context\":\"https:\\\/\\\/schema.org\",\"@graph\":[{\"@type\":\"Article\",\"@id\":\"https:\\\/\\\/www.anovapeneira.gal\\\/index.php\\\/2024\\\/08\\\/28\\\/ecoloxistas-en-accion-demanda-as-administracions-medidas-para-reducira-masificacion-turistica-e-conter-asi-a-turismofobia\\\/#article\",\"isPartOf\":{\"@id\":\"https:\\\/\\\/www.anovapeneira.gal\\\/index.php\\\/2024\\\/08\\\/28\\\/ecoloxistas-en-accion-demanda-as-administracions-medidas-para-reducira-masificacion-turistica-e-conter-asi-a-turismofobia\\\/\"},\"author\":{\"name\":\"Redacci\u00f3n A Nova Peneira\",\"@id\":\"https:\\\/\\\/www.anovapeneira.gal\\\/#\\\/schema\\\/person\\\/b93e3f8932e3f8da96334607eb6ac6aa\"},\"headline\":\"Ecoloxistas en Acci\u00f3n demanda \u00e1s administraci\u00f3ns medidas para reducira masificaci\u00f3n tur\u00edstica e conter as\u00ed a turismofobia\",\"datePublished\":\"2024-08-28T10:00:10+00:00\",\"mainEntityOfPage\":{\"@id\":\"https:\\\/\\\/www.anovapeneira.gal\\\/index.php\\\/2024\\\/08\\\/28\\\/ecoloxistas-en-accion-demanda-as-administracions-medidas-para-reducira-masificacion-turistica-e-conter-asi-a-turismofobia\\\/\"},\"wordCount\":320,\"commentCount\":0,\"publisher\":{\"@id\":\"https:\\\/\\\/www.anovapeneira.gal\\\/#organization\"},\"image\":{\"@id\":\"https:\\\/\\\/www.anovapeneira.gal\\\/index.php\\\/2024\\\/08\\\/28\\\/ecoloxistas-en-accion-demanda-as-administracions-medidas-para-reducira-masificacion-turistica-e-conter-asi-a-turismofobia\\\/#primaryimage\"},\"thumbnailUrl\":\"https:\\\/\\\/www.anovapeneira.gal\\\/wp-content\\\/uploads\\\/2020\\\/02\\\/ecoloxitas_en_accion.png\",\"keywords\":[\"Ecoloxistas en Acci\u00f3n\",\"Turismo\"],\"articleSection\":[\"Novas\"],\"inLanguage\":\"gl-ES\",\"potentialAction\":[{\"@type\":\"CommentAction\",\"name\":\"Comment\",\"target\":[\"https:\\\/\\\/www.anovapeneira.gal\\\/index.php\\\/2024\\\/08\\\/28\\\/ecoloxistas-en-accion-demanda-as-administracions-medidas-para-reducira-masificacion-turistica-e-conter-asi-a-turismofobia\\\/#respond\"]}]},{\"@type\":\"WebPage\",\"@id\":\"https:\\\/\\\/www.anovapeneira.gal\\\/index.php\\\/2024\\\/08\\\/28\\\/ecoloxistas-en-accion-demanda-as-administracions-medidas-para-reducira-masificacion-turistica-e-conter-asi-a-turismofobia\\\/\",\"url\":\"https:\\\/\\\/www.anovapeneira.gal\\\/index.php\\\/2024\\\/08\\\/28\\\/ecoloxistas-en-accion-demanda-as-administracions-medidas-para-reducira-masificacion-turistica-e-conter-asi-a-turismofobia\\\/\",\"name\":\"Ecoloxistas en Acci\u00f3n demanda \u00e1s administraci\u00f3ns medidas para reducira masificaci\u00f3n tur\u00edstica e conter as\u00ed a turismofobia -\",\"isPartOf\":{\"@id\":\"https:\\\/\\\/www.anovapeneira.gal\\\/#website\"},\"primaryImageOfPage\":{\"@id\":\"https:\\\/\\\/www.anovapeneira.gal\\\/index.php\\\/2024\\\/08\\\/28\\\/ecoloxistas-en-accion-demanda-as-administracions-medidas-para-reducira-masificacion-turistica-e-conter-asi-a-turismofobia\\\/#primaryimage\"},\"image\":{\"@id\":\"https:\\\/\\\/www.anovapeneira.gal\\\/index.php\\\/2024\\\/08\\\/28\\\/ecoloxistas-en-accion-demanda-as-administracions-medidas-para-reducira-masificacion-turistica-e-conter-asi-a-turismofobia\\\/#primaryimage\"},\"thumbnailUrl\":\"https:\\\/\\\/www.anovapeneira.gal\\\/wp-content\\\/uploads\\\/2020\\\/02\\\/ecoloxitas_en_accion.png\",\"datePublished\":\"2024-08-28T10:00:10+00:00\",\"breadcrumb\":{\"@id\":\"https:\\\/\\\/www.anovapeneira.gal\\\/index.php\\\/2024\\\/08\\\/28\\\/ecoloxistas-en-accion-demanda-as-administracions-medidas-para-reducira-masificacion-turistica-e-conter-asi-a-turismofobia\\\/#breadcrumb\"},\"inLanguage\":\"gl-ES\",\"potentialAction\":[{\"@type\":\"ReadAction\",\"target\":[\"https:\\\/\\\/www.anovapeneira.gal\\\/index.php\\\/2024\\\/08\\\/28\\\/ecoloxistas-en-accion-demanda-as-administracions-medidas-para-reducira-masificacion-turistica-e-conter-asi-a-turismofobia\\\/\"]}]},{\"@type\":\"ImageObject\",\"inLanguage\":\"gl-ES\",\"@id\":\"https:\\\/\\\/www.anovapeneira.gal\\\/index.php\\\/2024\\\/08\\\/28\\\/ecoloxistas-en-accion-demanda-as-administracions-medidas-para-reducira-masificacion-turistica-e-conter-asi-a-turismofobia\\\/#primaryimage\",\"url\":\"https:\\\/\\\/www.anovapeneira.gal\\\/wp-content\\\/uploads\\\/2020\\\/02\\\/ecoloxitas_en_accion.png\",\"contentUrl\":\"https:\\\/\\\/www.anovapeneira.gal\\\/wp-content\\\/uploads\\\/2020\\\/02\\\/ecoloxitas_en_accion.png\",\"width\":720,\"height\":432,\"caption\":\"Ecoloxistas en acci\u00f3n Galiza\"},{\"@type\":\"BreadcrumbList\",\"@id\":\"https:\\\/\\\/www.anovapeneira.gal\\\/index.php\\\/2024\\\/08\\\/28\\\/ecoloxistas-en-accion-demanda-as-administracions-medidas-para-reducira-masificacion-turistica-e-conter-asi-a-turismofobia\\\/#breadcrumb\",\"itemListElement\":[{\"@type\":\"ListItem\",\"position\":1,\"name\":\"Portada\",\"item\":\"https:\\\/\\\/www.anovapeneira.gal\\\/\"},{\"@type\":\"ListItem\",\"position\":2,\"name\":\"Ecoloxistas en Acci\u00f3n demanda \u00e1s administraci\u00f3ns medidas para reducira masificaci\u00f3n tur\u00edstica e conter as\u00ed a turismofobia\"}]},{\"@type\":\"WebSite\",\"@id\":\"https:\\\/\\\/www.anovapeneira.gal\\\/#website\",\"url\":\"https:\\\/\\\/www.anovapeneira.gal\\\/\",\"name\":\"\",\"description\":\"Xornal galego de informaci\u00f3n xeral Publicaci\u00f3n mensual de novas de Galicia e en especial dos Concellos da sur da provincia de Pontevedra.\",\"publisher\":{\"@id\":\"https:\\\/\\\/www.anovapeneira.gal\\\/#organization\"},\"potentialAction\":[{\"@type\":\"SearchAction\",\"target\":{\"@type\":\"EntryPoint\",\"urlTemplate\":\"https:\\\/\\\/www.anovapeneira.gal\\\/?s={search_term_string}\"},\"query-input\":{\"@type\":\"PropertyValueSpecification\",\"valueRequired\":true,\"valueName\":\"search_term_string\"}}],\"inLanguage\":\"gl-ES\"},{\"@type\":\"Organization\",\"@id\":\"https:\\\/\\\/www.anovapeneira.gal\\\/#organization\",\"name\":\"A Nova Peneira\",\"url\":\"https:\\\/\\\/www.anovapeneira.gal\\\/\",\"logo\":{\"@type\":\"ImageObject\",\"inLanguage\":\"gl-ES\",\"@id\":\"https:\\\/\\\/www.anovapeneira.gal\\\/#\\\/schema\\\/logo\\\/image\\\/\",\"url\":\"http:\\\/\\\/www.anovapeneira.gal\\\/wp-content\\\/uploads\\\/2019\\\/06\\\/logo_a_nova_peneira_portal_web.png\",\"contentUrl\":\"http:\\\/\\\/www.anovapeneira.gal\\\/wp-content\\\/uploads\\\/2019\\\/06\\\/logo_a_nova_peneira_portal_web.png\",\"width\":300,\"height\":100,\"caption\":\"A Nova Peneira\"},\"image\":{\"@id\":\"https:\\\/\\\/www.anovapeneira.gal\\\/#\\\/schema\\\/logo\\\/image\\\/\"},\"sameAs\":[\"https:\\\/\\\/www.facebook.com\\\/anovapeneira\",\"https:\\\/\\\/x.com\\\/APeneira\"]},{\"@type\":\"Person\",\"@id\":\"https:\\\/\\\/www.anovapeneira.gal\\\/#\\\/schema\\\/person\\\/b93e3f8932e3f8da96334607eb6ac6aa\",\"name\":\"Redacci\u00f3n A Nova Peneira\",\"image\":{\"@type\":\"ImageObject\",\"inLanguage\":\"gl-ES\",\"@id\":\"https:\\\/\\\/secure.gravatar.com\\\/avatar\\\/c052a2551a06e23fac63626232eaa90abd78dbcf1700fc46a2b2c89fd27b735f?s=96&d=mm&r=g\",\"url\":\"https:\\\/\\\/secure.gravatar.com\\\/avatar\\\/c052a2551a06e23fac63626232eaa90abd78dbcf1700fc46a2b2c89fd27b735f?s=96&d=mm&r=g\",\"contentUrl\":\"https:\\\/\\\/secure.gravatar.com\\\/avatar\\\/c052a2551a06e23fac63626232eaa90abd78dbcf1700fc46a2b2c89fd27b735f?s=96&d=mm&r=g\",\"caption\":\"Redacci\u00f3n A Nova Peneira\"},\"sameAs\":[\"http:\\\/\\\/www.anovapeneira.gal\\\/\"],\"url\":\"https:\\\/\\\/www.anovapeneira.gal\\\/index.php\\\/author\\\/redactor\\\/\"}]}<\/script>\n<!-- \/ Yoast SEO plugin. -->","yoast_head_json":{"title":"Ecoloxistas en Acci\u00f3n demanda \u00e1s administraci\u00f3ns medidas para reducira masificaci\u00f3n tur\u00edstica e conter as\u00ed a turismofobia -","robots":{"index":"index","follow":"follow","max-snippet":"max-snippet:-1","max-image-preview":"max-image-preview:large","max-video-preview":"max-video-preview:-1"},"canonical":"https:\/\/www.anovapeneira.gal\/index.php\/2024\/08\/28\/ecoloxistas-en-accion-demanda-as-administracions-medidas-para-reducira-masificacion-turistica-e-conter-asi-a-turismofobia\/","og_locale":"gl_ES","og_type":"article","og_title":"Ecoloxistas en Acci\u00f3n demanda \u00e1s administraci\u00f3ns medidas para reducira masificaci\u00f3n tur\u00edstica e conter as\u00ed a turismofobia -","og_description":"Ecoloxistas en Acci\u00f3n insta \u00e1s administraci\u00f3ns galegas a p\u00f3rl\u00edmites a ocupaci\u00f3n tur\u00edstica segundo a capacidade social e ambientalde acollida de cada zona [...]","og_url":"https:\/\/www.anovapeneira.gal\/index.php\/2024\/08\/28\/ecoloxistas-en-accion-demanda-as-administracions-medidas-para-reducira-masificacion-turistica-e-conter-asi-a-turismofobia\/","article_publisher":"https:\/\/www.facebook.com\/anovapeneira","article_published_time":"2024-08-28T10:00:10+00:00","og_image":[{"width":720,"height":432,"url":"https:\/\/www.anovapeneira.gal\/wp-content\/uploads\/2020\/02\/ecoloxitas_en_accion.png","type":"image\/png"}],"author":"Redacci\u00f3n A Nova Peneira","twitter_card":"summary_large_image","twitter_creator":"@APeneira","twitter_site":"@APeneira","twitter_misc":{"Escrito por":"Redacci\u00f3n A Nova Peneira","Tempo de lectura":"2 minutos"},"schema":{"@context":"https:\/\/schema.org","@graph":[{"@type":"Article","@id":"https:\/\/www.anovapeneira.gal\/index.php\/2024\/08\/28\/ecoloxistas-en-accion-demanda-as-administracions-medidas-para-reducira-masificacion-turistica-e-conter-asi-a-turismofobia\/#article","isPartOf":{"@id":"https:\/\/www.anovapeneira.gal\/index.php\/2024\/08\/28\/ecoloxistas-en-accion-demanda-as-administracions-medidas-para-reducira-masificacion-turistica-e-conter-asi-a-turismofobia\/"},"author":{"name":"Redacci\u00f3n A Nova Peneira","@id":"https:\/\/www.anovapeneira.gal\/#\/schema\/person\/b93e3f8932e3f8da96334607eb6ac6aa"},"headline":"Ecoloxistas en Acci\u00f3n demanda \u00e1s administraci\u00f3ns medidas para reducira masificaci\u00f3n tur\u00edstica e conter as\u00ed a turismofobia","datePublished":"2024-08-28T10:00:10+00:00","mainEntityOfPage":{"@id":"https:\/\/www.anovapeneira.gal\/index.php\/2024\/08\/28\/ecoloxistas-en-accion-demanda-as-administracions-medidas-para-reducira-masificacion-turistica-e-conter-asi-a-turismofobia\/"},"wordCount":320,"commentCount":0,"publisher":{"@id":"https:\/\/www.anovapeneira.gal\/#organization"},"image":{"@id":"https:\/\/www.anovapeneira.gal\/index.php\/2024\/08\/28\/ecoloxistas-en-accion-demanda-as-administracions-medidas-para-reducira-masificacion-turistica-e-conter-asi-a-turismofobia\/#primaryimage"},"thumbnailUrl":"https:\/\/www.anovapeneira.gal\/wp-content\/uploads\/2020\/02\/ecoloxitas_en_accion.png","keywords":["Ecoloxistas en Acci\u00f3n","Turismo"],"articleSection":["Novas"],"inLanguage":"gl-ES","potentialAction":[{"@type":"CommentAction","name":"Comment","target":["https:\/\/www.anovapeneira.gal\/index.php\/2024\/08\/28\/ecoloxistas-en-accion-demanda-as-administracions-medidas-para-reducira-masificacion-turistica-e-conter-asi-a-turismofobia\/#respond"]}]},{"@type":"WebPage","@id":"https:\/\/www.anovapeneira.gal\/index.php\/2024\/08\/28\/ecoloxistas-en-accion-demanda-as-administracions-medidas-para-reducira-masificacion-turistica-e-conter-asi-a-turismofobia\/","url":"https:\/\/www.anovapeneira.gal\/index.php\/2024\/08\/28\/ecoloxistas-en-accion-demanda-as-administracions-medidas-para-reducira-masificacion-turistica-e-conter-asi-a-turismofobia\/","name":"Ecoloxistas en Acci\u00f3n demanda \u00e1s administraci\u00f3ns medidas para reducira masificaci\u00f3n tur\u00edstica e conter as\u00ed a turismofobia -","isPartOf":{"@id":"https:\/\/www.anovapeneira.gal\/#website"},"primaryImageOfPage":{"@id":"https:\/\/www.anovapeneira.gal\/index.php\/2024\/08\/28\/ecoloxistas-en-accion-demanda-as-administracions-medidas-para-reducira-masificacion-turistica-e-conter-asi-a-turismofobia\/#primaryimage"},"image":{"@id":"https:\/\/www.anovapeneira.gal\/index.php\/2024\/08\/28\/ecoloxistas-en-accion-demanda-as-administracions-medidas-para-reducira-masificacion-turistica-e-conter-asi-a-turismofobia\/#primaryimage"},"thumbnailUrl":"https:\/\/www.anovapeneira.gal\/wp-content\/uploads\/2020\/02\/ecoloxitas_en_accion.png","datePublished":"2024-08-28T10:00:10+00:00","breadcrumb":{"@id":"https:\/\/www.anovapeneira.gal\/index.php\/2024\/08\/28\/ecoloxistas-en-accion-demanda-as-administracions-medidas-para-reducira-masificacion-turistica-e-conter-asi-a-turismofobia\/#breadcrumb"},"inLanguage":"gl-ES","potentialAction":[{"@type":"ReadAction","target":["https:\/\/www.anovapeneira.gal\/index.php\/2024\/08\/28\/ecoloxistas-en-accion-demanda-as-administracions-medidas-para-reducira-masificacion-turistica-e-conter-asi-a-turismofobia\/"]}]},{"@type":"ImageObject","inLanguage":"gl-ES","@id":"https:\/\/www.anovapeneira.gal\/index.php\/2024\/08\/28\/ecoloxistas-en-accion-demanda-as-administracions-medidas-para-reducira-masificacion-turistica-e-conter-asi-a-turismofobia\/#primaryimage","url":"https:\/\/www.anovapeneira.gal\/wp-content\/uploads\/2020\/02\/ecoloxitas_en_accion.png","contentUrl":"https:\/\/www.anovapeneira.gal\/wp-content\/uploads\/2020\/02\/ecoloxitas_en_accion.png","width":720,"height":432,"caption":"Ecoloxistas en acci\u00f3n Galiza"},{"@type":"BreadcrumbList","@id":"https:\/\/www.anovapeneira.gal\/index.php\/2024\/08\/28\/ecoloxistas-en-accion-demanda-as-administracions-medidas-para-reducira-masificacion-turistica-e-conter-asi-a-turismofobia\/#breadcrumb","itemListElement":[{"@type":"ListItem","position":1,"name":"Portada","item":"https:\/\/www.anovapeneira.gal\/"},{"@type":"ListItem","position":2,"name":"Ecoloxistas en Acci\u00f3n demanda \u00e1s administraci\u00f3ns medidas para reducira masificaci\u00f3n tur\u00edstica e conter as\u00ed a turismofobia"}]},{"@type":"WebSite","@id":"https:\/\/www.anovapeneira.gal\/#website","url":"https:\/\/www.anovapeneira.gal\/","name":"","description":"Xornal galego de informaci\u00f3n xeral Publicaci\u00f3n mensual de novas de Galicia e en especial dos Concellos da sur da provincia de Pontevedra.","publisher":{"@id":"https:\/\/www.anovapeneira.gal\/#organization"},"potentialAction":[{"@type":"SearchAction","target":{"@type":"EntryPoint","urlTemplate":"https:\/\/www.anovapeneira.gal\/?s={search_term_string}"},"query-input":{"@type":"PropertyValueSpecification","valueRequired":true,"valueName":"search_term_string"}}],"inLanguage":"gl-ES"},{"@type":"Organization","@id":"https:\/\/www.anovapeneira.gal\/#organization","name":"A Nova Peneira","url":"https:\/\/www.anovapeneira.gal\/","logo":{"@type":"ImageObject","inLanguage":"gl-ES","@id":"https:\/\/www.anovapeneira.gal\/#\/schema\/logo\/image\/","url":"http:\/\/www.anovapeneira.gal\/wp-content\/uploads\/2019\/06\/logo_a_nova_peneira_portal_web.png","contentUrl":"http:\/\/www.anovapeneira.gal\/wp-content\/uploads\/2019\/06\/logo_a_nova_peneira_portal_web.png","width":300,"height":100,"caption":"A Nova Peneira"},"image":{"@id":"https:\/\/www.anovapeneira.gal\/#\/schema\/logo\/image\/"},"sameAs":["https:\/\/www.facebook.com\/anovapeneira","https:\/\/x.com\/APeneira"]},{"@type":"Person","@id":"https:\/\/www.anovapeneira.gal\/#\/schema\/person\/b93e3f8932e3f8da96334607eb6ac6aa","name":"Redacci\u00f3n A Nova Peneira","image":{"@type":"ImageObject","inLanguage":"gl-ES","@id":"https:\/\/secure.gravatar.com\/avatar\/c052a2551a06e23fac63626232eaa90abd78dbcf1700fc46a2b2c89fd27b735f?s=96&d=mm&r=g","url":"https:\/\/secure.gravatar.com\/avatar\/c052a2551a06e23fac63626232eaa90abd78dbcf1700fc46a2b2c89fd27b735f?s=96&d=mm&r=g","contentUrl":"https:\/\/secure.gravatar.com\/avatar\/c052a2551a06e23fac63626232eaa90abd78dbcf1700fc46a2b2c89fd27b735f?s=96&d=mm&r=g","caption":"Redacci\u00f3n A Nova Peneira"},"sameAs":["http:\/\/www.anovapeneira.gal\/"],"url":"https:\/\/www.anovapeneira.gal\/index.php\/author\/redactor\/"}]}},"jetpack_featured_media_url":"https:\/\/www.anovapeneira.gal\/wp-content\/uploads\/2020\/02\/ecoloxitas_en_accion.png","_links":{"self":[{"href":"https:\/\/www.anovapeneira.gal\/index.php\/wp-json\/wp\/v2\/posts\/12318","targetHints":{"allow":["GET"]}}],"collection":[{"href":"https:\/\/www.anovapeneira.gal\/index.php\/wp-json\/wp\/v2\/posts"}],"about":[{"href":"https:\/\/www.anovapeneira.gal\/index.php\/wp-json\/wp\/v2\/types\/post"}],"author":[{"embeddable":true,"href":"https:\/\/www.anovapeneira.gal\/index.php\/wp-json\/wp\/v2\/users\/3"}],"replies":[{"embeddable":true,"href":"https:\/\/www.anovapeneira.gal\/index.php\/wp-json\/wp\/v2\/comments?post=12318"}],"version-history":[{"count":1,"href":"https:\/\/www.anovapeneira.gal\/index.php\/wp-json\/wp\/v2\/posts\/12318\/revisions"}],"predecessor-version":[{"id":12319,"href":"https:\/\/www.anovapeneira.gal\/index.php\/wp-json\/wp\/v2\/posts\/12318\/revisions\/12319"}],"wp:featuredmedia":[{"embeddable":true,"href":"https:\/\/www.anovapeneira.gal\/index.php\/wp-json\/wp\/v2\/media\/2572"}],"wp:attachment":[{"href":"https:\/\/www.anovapeneira.gal\/index.php\/wp-json\/wp\/v2\/media?parent=12318"}],"wp:term":[{"taxonomy":"category","embeddable":true,"href":"https:\/\/www.anovapeneira.gal\/index.php\/wp-json\/wp\/v2\/categories?post=12318"},{"taxonomy":"post_tag","embeddable":true,"href":"https:\/\/www.anovapeneira.gal\/index.php\/wp-json\/wp\/v2\/tags?post=12318"}],"curies":[{"name":"wp","href":"https:\/\/api.w.org\/{rel}","templated":true}]}}