{"id":12320,"date":"2024-08-29T07:37:07","date_gmt":"2024-08-29T05:37:07","guid":{"rendered":"https:\/\/www.anovapeneira.gal\/?p=12320"},"modified":"2024-08-23T07:37:26","modified_gmt":"2024-08-23T05:37:26","slug":"20-000-racions-para-a-xxx-festados-callos-de-salceda","status":"publish","type":"post","link":"https:\/\/www.anovapeneira.gal\/index.php\/2024\/08\/29\/20-000-racions-para-a-xxx-festados-callos-de-salceda\/","title":{"rendered":"20.000 raci\u00f3ns para a XXX Festados Callos de Salceda"},"content":{"rendered":"\n<h2 class=\"wp-block-heading\"><em>O coci\u00f1eiro xefe, Alejandro Alonso, desp\u00eddese da festa tras 30 anos como encargado<\/em><\/h2>\n\n\n\n<p>A Praza do Concello de Salceda serviu esta ma\u00f1\u00e1 de escenario de presentaci\u00f3n da XXX edici\u00f3n da Festa dos Callos, acto no que non pod\u00eda faltar a degustaci\u00f3n para t\u00f3dalas persoas que quixeron achegarse. O Concelleiro de Cultura, Alex Rodr\u00edguez, fixo un repaso pola programaci\u00f3n da fin e semana, que se estender\u00e1 dende o xoves 29 de agosto ata o domingo 1 de setembro, d\u00eda grande da festa, que este ano contar\u00e1 con Marta Doviro como pregoeira. O Concelleiro quixo agradecer a t\u00f3dolos colectivos que fan posible a festa, e destacou ademais o proxecto que compartir\u00e1n diferentes comisi\u00f3ns parroquiais, que se encargar\u00e1n da xesti\u00f3n de diversos espazos de aparcamento, optimizando deste xeito os espazos e podendo ofrecer m\u00e1is de 3.000 prazas en pleno casco urbano.<\/p>\n\n\n\n<p>Esta ser\u00e1 sen d\u00fabida unha edici\u00f3n especial, xa que Alejandro Alonso, mestre de coci\u00f1a e encargado da festa nas s\u00faas 30 edici\u00f3ns, dar\u00e1 paso \u00e1 s\u00faa filla Bego\u00f1a Alonso, que ser\u00e1 encargada de seguir co legado de Alejandro nos vindeiros anos. O propio Alejandro reco\u00f1ec\u00eda na presentaci\u00f3n que agora pretende dedicarlle m\u00e1is tempo \u00e1 familia, aos amigos, a pasear e, en definitiva, a facer todo aquelo que durante anos non fixo por mor do traballo. Reco\u00f1ec\u00eda Alejandro que se sinte \u201cSalcedense de coraz\u00f3n\u201d e que nunca vai esquecer t\u00f3dolos anos que leva no noso municipio.<\/p>\n\n\n\n<p>Nesta ocasi\u00f3n foi Bego\u00f1a Alonso a encargada de repasar as cantidades de produto que se preparar\u00e1n para ofrecer as 20.000 raci\u00f3ns dispo\u00f1ibles: 1.600 quilos de ventre de vac\u00fan, 1.200 quilos de pata de vac\u00fan, 2.400 quilos de garavanzos, 450 quilos de lac\u00f3n curado e 350 quilos de chourizo, completados con 350 quilos de sofrito. As potas comezar\u00e1n a funcionar na propia Praza do Concello sobre a 1 da madrugada, para poder empezar a despachar raci\u00f3ns en torno \u00e1s 9:30.<\/p>\n\n\n\n<p>Loli Casti\u00f1eira, Alcaldesa de Salceda definiu a Festa dos Callos como a mellor de Galicia. Tivo palabras de agradecemento para Alejandro por todos estes anos de servizo, e tam\u00e9n deu a benvida a Bego\u00f1a Alonso desex\u00e1ndolle moitos \u00e9xitos na s\u00faa traxectoria. Destacou a alcaldesa o cartaz da festa deste ano dedicado precisamente a Alejandro na s\u00faa despedida.<\/p>\n\n\n\n<figure class=\"wp-block-image size-large\"><img loading=\"lazy\" decoding=\"async\" width=\"820\" height=\"1024\" src=\"https:\/\/www.anovapeneira.gal\/wp-content\/uploads\/2024\/08\/CARTAZ-FESTA-DOS-CALLOS-820x1024.jpeg\" alt=\"\" class=\"wp-image-12321\" srcset=\"https:\/\/www.anovapeneira.gal\/wp-content\/uploads\/2024\/08\/CARTAZ-FESTA-DOS-CALLOS-820x1024.jpeg 820w, https:\/\/www.anovapeneira.gal\/wp-content\/uploads\/2024\/08\/CARTAZ-FESTA-DOS-CALLOS-240x300.jpeg 240w, https:\/\/www.anovapeneira.gal\/wp-content\/uploads\/2024\/08\/CARTAZ-FESTA-DOS-CALLOS-768x960.jpeg 768w, https:\/\/www.anovapeneira.gal\/wp-content\/uploads\/2024\/08\/CARTAZ-FESTA-DOS-CALLOS-1229x1536.jpeg 1229w, https:\/\/www.anovapeneira.gal\/wp-content\/uploads\/2024\/08\/CARTAZ-FESTA-DOS-CALLOS.jpeg 1639w\" sizes=\"auto, (max-width: 820px) 100vw, 820px\" \/><\/figure>\n\n\n\n<p>En palabras da alcaldesa, a Festa dos Callos \u00e9 econom\u00eda, \u00e9 turismo, e sobre todo \u00e9 \u201cfacer Salceda\u201d. Lembrou que o Concello segue pendente do reco\u00f1ecemento por parte da Xunta de Galicia da Festa dos Callos como \u201cFesta de Interese Tur\u00edstico de Galicia\u201d, solicitude que se leva facendo dende o 2017 e que a\u00ednda non se conseguiu a d\u00eda de hoxe. \u201cSalceda e a s\u00faa veci\u00f1anza temos ben merecida esta distinci\u00f3n\u201d, dixo a Alcaldesa, \u201cagardamos acadala m\u00e1is cedo que tarde\u201d. A Alcaldesa definiu Salceda como un pobo de grande dinamismo social tanto por parte do Concello como do tecido asociativo, o cal se ver\u00e1 reflexado tam\u00e9n na fin de semana do 1 de setembro.<\/p>\n\n\n\n<p>As 20.000 raci\u00f3ns preparadas para degustar poder\u00e1n degustarse na propia Praza do Concello por un prezo de 10\u20ac nos que se incl\u00fae a tapa de callos, o pan, a bebida, e nas que a veci\u00f1anza adquire tam\u00e9n a cazola e a taza conmemorativos. Para aquelas persoas que prefiran empregar o xa co\u00f1ecido como \u201cm\u00e9todo da tarteira\u201d e levar unicamente o produto para degustar en familia, poder\u00e1n facelo a un prezo de 7\u20ac a raci\u00f3n.<\/p>\n","protected":false},"excerpt":{"rendered":"<div class=\"mh-excerpt\"><p>O coci\u00f1eiro xefe, Alejandro Alonso, desp\u00eddese da festa tras 30 anos como encargado <a class=\"mh-excerpt-more\" href=\"https:\/\/www.anovapeneira.gal\/index.php\/2024\/08\/29\/20-000-racions-para-a-xxx-festados-callos-de-salceda\/\" title=\"20.000 raci\u00f3ns para a XXX Festados Callos de Salceda\">[&#8230;]<\/a><\/p>\n<\/div>","protected":false},"author":3,"featured_media":12322,"comment_status":"open","ping_status":"open","sticky":false,"template":"","format":"standard","meta":{"_exactmetrics_skip_tracking":false,"_exactmetrics_sitenote_active":false,"_exactmetrics_sitenote_note":"","_exactmetrics_sitenote_category":0,"footnotes":""},"categories":[23,1],"tags":[359],"class_list":{"0":"post-12320","1":"post","2":"type-post","3":"status-publish","4":"format-standard","5":"has-post-thumbnail","7":"category-a-lourina","8":"category-sin-categoria","9":"tag-concello-de-salceda-de-caselas"},"yoast_head":"<!-- This site is optimized with the Yoast SEO plugin v27.4 - https:\/\/yoast.com\/product\/yoast-seo-wordpress\/ -->\n<title>20.000 raci\u00f3ns para a XXX Festados Callos de Salceda -<\/title>\n<meta name=\"robots\" content=\"index, follow, max-snippet:-1, max-image-preview:large, max-video-preview:-1\" \/>\n<link rel=\"canonical\" href=\"https:\/\/www.anovapeneira.gal\/index.php\/2024\/08\/29\/20-000-racions-para-a-xxx-festados-callos-de-salceda\/\" \/>\n<meta property=\"og:locale\" content=\"gl_ES\" \/>\n<meta property=\"og:type\" content=\"article\" \/>\n<meta property=\"og:title\" content=\"20.000 raci\u00f3ns para a XXX Festados Callos de Salceda -\" \/>\n<meta property=\"og:description\" content=\"O coci\u00f1eiro xefe, Alejandro Alonso, desp\u00eddese da festa tras 30 anos como encargado [...]\" \/>\n<meta property=\"og:url\" content=\"https:\/\/www.anovapeneira.gal\/index.php\/2024\/08\/29\/20-000-racions-para-a-xxx-festados-callos-de-salceda\/\" \/>\n<meta property=\"article:publisher\" content=\"https:\/\/www.facebook.com\/anovapeneira\" \/>\n<meta property=\"article:published_time\" content=\"2024-08-29T05:37:07+00:00\" \/>\n<meta property=\"og:image\" content=\"https:\/\/www.anovapeneira.gal\/wp-content\/uploads\/2024\/08\/callos_salceda.jpg\" \/>\n\t<meta property=\"og:image:width\" content=\"720\" \/>\n\t<meta property=\"og:image:height\" content=\"432\" \/>\n\t<meta property=\"og:image:type\" content=\"image\/jpeg\" \/>\n<meta name=\"author\" content=\"Redacci\u00f3n A Nova Peneira\" \/>\n<meta name=\"twitter:card\" content=\"summary_large_image\" \/>\n<meta name=\"twitter:creator\" content=\"@APeneira\" \/>\n<meta name=\"twitter:site\" content=\"@APeneira\" \/>\n<meta name=\"twitter:label1\" content=\"Escrito por\" \/>\n\t<meta name=\"twitter:data1\" content=\"Redacci\u00f3n A Nova Peneira\" \/>\n\t<meta name=\"twitter:label2\" content=\"Tempo de lectura\" \/>\n\t<meta name=\"twitter:data2\" content=\"4 minutos\" \/>\n<script type=\"application\/ld+json\" class=\"yoast-schema-graph\">{\"@context\":\"https:\\\/\\\/schema.org\",\"@graph\":[{\"@type\":\"Article\",\"@id\":\"https:\\\/\\\/www.anovapeneira.gal\\\/index.php\\\/2024\\\/08\\\/29\\\/20-000-racions-para-a-xxx-festados-callos-de-salceda\\\/#article\",\"isPartOf\":{\"@id\":\"https:\\\/\\\/www.anovapeneira.gal\\\/index.php\\\/2024\\\/08\\\/29\\\/20-000-racions-para-a-xxx-festados-callos-de-salceda\\\/\"},\"author\":{\"name\":\"Redacci\u00f3n A Nova Peneira\",\"@id\":\"https:\\\/\\\/www.anovapeneira.gal\\\/#\\\/schema\\\/person\\\/b93e3f8932e3f8da96334607eb6ac6aa\"},\"headline\":\"20.000 raci\u00f3ns para a XXX Festados Callos de Salceda\",\"datePublished\":\"2024-08-29T05:37:07+00:00\",\"mainEntityOfPage\":{\"@id\":\"https:\\\/\\\/www.anovapeneira.gal\\\/index.php\\\/2024\\\/08\\\/29\\\/20-000-racions-para-a-xxx-festados-callos-de-salceda\\\/\"},\"wordCount\":608,\"commentCount\":0,\"publisher\":{\"@id\":\"https:\\\/\\\/www.anovapeneira.gal\\\/#organization\"},\"image\":{\"@id\":\"https:\\\/\\\/www.anovapeneira.gal\\\/index.php\\\/2024\\\/08\\\/29\\\/20-000-racions-para-a-xxx-festados-callos-de-salceda\\\/#primaryimage\"},\"thumbnailUrl\":\"https:\\\/\\\/www.anovapeneira.gal\\\/wp-content\\\/uploads\\\/2024\\\/08\\\/callos_salceda.jpg\",\"keywords\":[\"Concello de Salceda de Caselas\"],\"articleSection\":[\"A Louri\u00f1a\",\"Sin categor\u00eda\"],\"inLanguage\":\"gl-ES\",\"potentialAction\":[{\"@type\":\"CommentAction\",\"name\":\"Comment\",\"target\":[\"https:\\\/\\\/www.anovapeneira.gal\\\/index.php\\\/2024\\\/08\\\/29\\\/20-000-racions-para-a-xxx-festados-callos-de-salceda\\\/#respond\"]}]},{\"@type\":\"WebPage\",\"@id\":\"https:\\\/\\\/www.anovapeneira.gal\\\/index.php\\\/2024\\\/08\\\/29\\\/20-000-racions-para-a-xxx-festados-callos-de-salceda\\\/\",\"url\":\"https:\\\/\\\/www.anovapeneira.gal\\\/index.php\\\/2024\\\/08\\\/29\\\/20-000-racions-para-a-xxx-festados-callos-de-salceda\\\/\",\"name\":\"20.000 raci\u00f3ns para a XXX Festados Callos de Salceda -\",\"isPartOf\":{\"@id\":\"https:\\\/\\\/www.anovapeneira.gal\\\/#website\"},\"primaryImageOfPage\":{\"@id\":\"https:\\\/\\\/www.anovapeneira.gal\\\/index.php\\\/2024\\\/08\\\/29\\\/20-000-racions-para-a-xxx-festados-callos-de-salceda\\\/#primaryimage\"},\"image\":{\"@id\":\"https:\\\/\\\/www.anovapeneira.gal\\\/index.php\\\/2024\\\/08\\\/29\\\/20-000-racions-para-a-xxx-festados-callos-de-salceda\\\/#primaryimage\"},\"thumbnailUrl\":\"https:\\\/\\\/www.anovapeneira.gal\\\/wp-content\\\/uploads\\\/2024\\\/08\\\/callos_salceda.jpg\",\"datePublished\":\"2024-08-29T05:37:07+00:00\",\"breadcrumb\":{\"@id\":\"https:\\\/\\\/www.anovapeneira.gal\\\/index.php\\\/2024\\\/08\\\/29\\\/20-000-racions-para-a-xxx-festados-callos-de-salceda\\\/#breadcrumb\"},\"inLanguage\":\"gl-ES\",\"potentialAction\":[{\"@type\":\"ReadAction\",\"target\":[\"https:\\\/\\\/www.anovapeneira.gal\\\/index.php\\\/2024\\\/08\\\/29\\\/20-000-racions-para-a-xxx-festados-callos-de-salceda\\\/\"]}]},{\"@type\":\"ImageObject\",\"inLanguage\":\"gl-ES\",\"@id\":\"https:\\\/\\\/www.anovapeneira.gal\\\/index.php\\\/2024\\\/08\\\/29\\\/20-000-racions-para-a-xxx-festados-callos-de-salceda\\\/#primaryimage\",\"url\":\"https:\\\/\\\/www.anovapeneira.gal\\\/wp-content\\\/uploads\\\/2024\\\/08\\\/callos_salceda.jpg\",\"contentUrl\":\"https:\\\/\\\/www.anovapeneira.gal\\\/wp-content\\\/uploads\\\/2024\\\/08\\\/callos_salceda.jpg\",\"width\":720,\"height\":432,\"caption\":\"20.000 raci\u00f3ns para a XXX Festados Callos de Salceda\"},{\"@type\":\"BreadcrumbList\",\"@id\":\"https:\\\/\\\/www.anovapeneira.gal\\\/index.php\\\/2024\\\/08\\\/29\\\/20-000-racions-para-a-xxx-festados-callos-de-salceda\\\/#breadcrumb\",\"itemListElement\":[{\"@type\":\"ListItem\",\"position\":1,\"name\":\"Portada\",\"item\":\"https:\\\/\\\/www.anovapeneira.gal\\\/\"},{\"@type\":\"ListItem\",\"position\":2,\"name\":\"20.000 raci\u00f3ns para a XXX Festados Callos de Salceda\"}]},{\"@type\":\"WebSite\",\"@id\":\"https:\\\/\\\/www.anovapeneira.gal\\\/#website\",\"url\":\"https:\\\/\\\/www.anovapeneira.gal\\\/\",\"name\":\"\",\"description\":\"Xornal galego de informaci\u00f3n xeral Publicaci\u00f3n mensual de novas de Galicia e en especial dos Concellos da sur da provincia de Pontevedra.\",\"publisher\":{\"@id\":\"https:\\\/\\\/www.anovapeneira.gal\\\/#organization\"},\"potentialAction\":[{\"@type\":\"SearchAction\",\"target\":{\"@type\":\"EntryPoint\",\"urlTemplate\":\"https:\\\/\\\/www.anovapeneira.gal\\\/?s={search_term_string}\"},\"query-input\":{\"@type\":\"PropertyValueSpecification\",\"valueRequired\":true,\"valueName\":\"search_term_string\"}}],\"inLanguage\":\"gl-ES\"},{\"@type\":\"Organization\",\"@id\":\"https:\\\/\\\/www.anovapeneira.gal\\\/#organization\",\"name\":\"A Nova Peneira\",\"url\":\"https:\\\/\\\/www.anovapeneira.gal\\\/\",\"logo\":{\"@type\":\"ImageObject\",\"inLanguage\":\"gl-ES\",\"@id\":\"https:\\\/\\\/www.anovapeneira.gal\\\/#\\\/schema\\\/logo\\\/image\\\/\",\"url\":\"http:\\\/\\\/www.anovapeneira.gal\\\/wp-content\\\/uploads\\\/2019\\\/06\\\/logo_a_nova_peneira_portal_web.png\",\"contentUrl\":\"http:\\\/\\\/www.anovapeneira.gal\\\/wp-content\\\/uploads\\\/2019\\\/06\\\/logo_a_nova_peneira_portal_web.png\",\"width\":300,\"height\":100,\"caption\":\"A Nova Peneira\"},\"image\":{\"@id\":\"https:\\\/\\\/www.anovapeneira.gal\\\/#\\\/schema\\\/logo\\\/image\\\/\"},\"sameAs\":[\"https:\\\/\\\/www.facebook.com\\\/anovapeneira\",\"https:\\\/\\\/x.com\\\/APeneira\"]},{\"@type\":\"Person\",\"@id\":\"https:\\\/\\\/www.anovapeneira.gal\\\/#\\\/schema\\\/person\\\/b93e3f8932e3f8da96334607eb6ac6aa\",\"name\":\"Redacci\u00f3n A Nova Peneira\",\"image\":{\"@type\":\"ImageObject\",\"inLanguage\":\"gl-ES\",\"@id\":\"https:\\\/\\\/secure.gravatar.com\\\/avatar\\\/c052a2551a06e23fac63626232eaa90abd78dbcf1700fc46a2b2c89fd27b735f?s=96&d=mm&r=g\",\"url\":\"https:\\\/\\\/secure.gravatar.com\\\/avatar\\\/c052a2551a06e23fac63626232eaa90abd78dbcf1700fc46a2b2c89fd27b735f?s=96&d=mm&r=g\",\"contentUrl\":\"https:\\\/\\\/secure.gravatar.com\\\/avatar\\\/c052a2551a06e23fac63626232eaa90abd78dbcf1700fc46a2b2c89fd27b735f?s=96&d=mm&r=g\",\"caption\":\"Redacci\u00f3n A Nova Peneira\"},\"sameAs\":[\"http:\\\/\\\/www.anovapeneira.gal\\\/\"],\"url\":\"https:\\\/\\\/www.anovapeneira.gal\\\/index.php\\\/author\\\/redactor\\\/\"}]}<\/script>\n<!-- \/ Yoast SEO plugin. -->","yoast_head_json":{"title":"20.000 raci\u00f3ns para a XXX Festados Callos de Salceda -","robots":{"index":"index","follow":"follow","max-snippet":"max-snippet:-1","max-image-preview":"max-image-preview:large","max-video-preview":"max-video-preview:-1"},"canonical":"https:\/\/www.anovapeneira.gal\/index.php\/2024\/08\/29\/20-000-racions-para-a-xxx-festados-callos-de-salceda\/","og_locale":"gl_ES","og_type":"article","og_title":"20.000 raci\u00f3ns para a XXX Festados Callos de Salceda -","og_description":"O coci\u00f1eiro xefe, Alejandro Alonso, desp\u00eddese da festa tras 30 anos como encargado [...]","og_url":"https:\/\/www.anovapeneira.gal\/index.php\/2024\/08\/29\/20-000-racions-para-a-xxx-festados-callos-de-salceda\/","article_publisher":"https:\/\/www.facebook.com\/anovapeneira","article_published_time":"2024-08-29T05:37:07+00:00","og_image":[{"width":720,"height":432,"url":"https:\/\/www.anovapeneira.gal\/wp-content\/uploads\/2024\/08\/callos_salceda.jpg","type":"image\/jpeg"}],"author":"Redacci\u00f3n A Nova Peneira","twitter_card":"summary_large_image","twitter_creator":"@APeneira","twitter_site":"@APeneira","twitter_misc":{"Escrito por":"Redacci\u00f3n A Nova Peneira","Tempo de lectura":"4 minutos"},"schema":{"@context":"https:\/\/schema.org","@graph":[{"@type":"Article","@id":"https:\/\/www.anovapeneira.gal\/index.php\/2024\/08\/29\/20-000-racions-para-a-xxx-festados-callos-de-salceda\/#article","isPartOf":{"@id":"https:\/\/www.anovapeneira.gal\/index.php\/2024\/08\/29\/20-000-racions-para-a-xxx-festados-callos-de-salceda\/"},"author":{"name":"Redacci\u00f3n A Nova Peneira","@id":"https:\/\/www.anovapeneira.gal\/#\/schema\/person\/b93e3f8932e3f8da96334607eb6ac6aa"},"headline":"20.000 raci\u00f3ns para a XXX Festados Callos de Salceda","datePublished":"2024-08-29T05:37:07+00:00","mainEntityOfPage":{"@id":"https:\/\/www.anovapeneira.gal\/index.php\/2024\/08\/29\/20-000-racions-para-a-xxx-festados-callos-de-salceda\/"},"wordCount":608,"commentCount":0,"publisher":{"@id":"https:\/\/www.anovapeneira.gal\/#organization"},"image":{"@id":"https:\/\/www.anovapeneira.gal\/index.php\/2024\/08\/29\/20-000-racions-para-a-xxx-festados-callos-de-salceda\/#primaryimage"},"thumbnailUrl":"https:\/\/www.anovapeneira.gal\/wp-content\/uploads\/2024\/08\/callos_salceda.jpg","keywords":["Concello de Salceda de Caselas"],"articleSection":["A Louri\u00f1a","Sin categor\u00eda"],"inLanguage":"gl-ES","potentialAction":[{"@type":"CommentAction","name":"Comment","target":["https:\/\/www.anovapeneira.gal\/index.php\/2024\/08\/29\/20-000-racions-para-a-xxx-festados-callos-de-salceda\/#respond"]}]},{"@type":"WebPage","@id":"https:\/\/www.anovapeneira.gal\/index.php\/2024\/08\/29\/20-000-racions-para-a-xxx-festados-callos-de-salceda\/","url":"https:\/\/www.anovapeneira.gal\/index.php\/2024\/08\/29\/20-000-racions-para-a-xxx-festados-callos-de-salceda\/","name":"20.000 raci\u00f3ns para a XXX Festados Callos de Salceda -","isPartOf":{"@id":"https:\/\/www.anovapeneira.gal\/#website"},"primaryImageOfPage":{"@id":"https:\/\/www.anovapeneira.gal\/index.php\/2024\/08\/29\/20-000-racions-para-a-xxx-festados-callos-de-salceda\/#primaryimage"},"image":{"@id":"https:\/\/www.anovapeneira.gal\/index.php\/2024\/08\/29\/20-000-racions-para-a-xxx-festados-callos-de-salceda\/#primaryimage"},"thumbnailUrl":"https:\/\/www.anovapeneira.gal\/wp-content\/uploads\/2024\/08\/callos_salceda.jpg","datePublished":"2024-08-29T05:37:07+00:00","breadcrumb":{"@id":"https:\/\/www.anovapeneira.gal\/index.php\/2024\/08\/29\/20-000-racions-para-a-xxx-festados-callos-de-salceda\/#breadcrumb"},"inLanguage":"gl-ES","potentialAction":[{"@type":"ReadAction","target":["https:\/\/www.anovapeneira.gal\/index.php\/2024\/08\/29\/20-000-racions-para-a-xxx-festados-callos-de-salceda\/"]}]},{"@type":"ImageObject","inLanguage":"gl-ES","@id":"https:\/\/www.anovapeneira.gal\/index.php\/2024\/08\/29\/20-000-racions-para-a-xxx-festados-callos-de-salceda\/#primaryimage","url":"https:\/\/www.anovapeneira.gal\/wp-content\/uploads\/2024\/08\/callos_salceda.jpg","contentUrl":"https:\/\/www.anovapeneira.gal\/wp-content\/uploads\/2024\/08\/callos_salceda.jpg","width":720,"height":432,"caption":"20.000 raci\u00f3ns para a XXX Festados Callos de Salceda"},{"@type":"BreadcrumbList","@id":"https:\/\/www.anovapeneira.gal\/index.php\/2024\/08\/29\/20-000-racions-para-a-xxx-festados-callos-de-salceda\/#breadcrumb","itemListElement":[{"@type":"ListItem","position":1,"name":"Portada","item":"https:\/\/www.anovapeneira.gal\/"},{"@type":"ListItem","position":2,"name":"20.000 raci\u00f3ns para a XXX Festados Callos de Salceda"}]},{"@type":"WebSite","@id":"https:\/\/www.anovapeneira.gal\/#website","url":"https:\/\/www.anovapeneira.gal\/","name":"","description":"Xornal galego de informaci\u00f3n xeral Publicaci\u00f3n mensual de novas de Galicia e en especial dos Concellos da sur da provincia de Pontevedra.","publisher":{"@id":"https:\/\/www.anovapeneira.gal\/#organization"},"potentialAction":[{"@type":"SearchAction","target":{"@type":"EntryPoint","urlTemplate":"https:\/\/www.anovapeneira.gal\/?s={search_term_string}"},"query-input":{"@type":"PropertyValueSpecification","valueRequired":true,"valueName":"search_term_string"}}],"inLanguage":"gl-ES"},{"@type":"Organization","@id":"https:\/\/www.anovapeneira.gal\/#organization","name":"A Nova Peneira","url":"https:\/\/www.anovapeneira.gal\/","logo":{"@type":"ImageObject","inLanguage":"gl-ES","@id":"https:\/\/www.anovapeneira.gal\/#\/schema\/logo\/image\/","url":"http:\/\/www.anovapeneira.gal\/wp-content\/uploads\/2019\/06\/logo_a_nova_peneira_portal_web.png","contentUrl":"http:\/\/www.anovapeneira.gal\/wp-content\/uploads\/2019\/06\/logo_a_nova_peneira_portal_web.png","width":300,"height":100,"caption":"A Nova Peneira"},"image":{"@id":"https:\/\/www.anovapeneira.gal\/#\/schema\/logo\/image\/"},"sameAs":["https:\/\/www.facebook.com\/anovapeneira","https:\/\/x.com\/APeneira"]},{"@type":"Person","@id":"https:\/\/www.anovapeneira.gal\/#\/schema\/person\/b93e3f8932e3f8da96334607eb6ac6aa","name":"Redacci\u00f3n A Nova Peneira","image":{"@type":"ImageObject","inLanguage":"gl-ES","@id":"https:\/\/secure.gravatar.com\/avatar\/c052a2551a06e23fac63626232eaa90abd78dbcf1700fc46a2b2c89fd27b735f?s=96&d=mm&r=g","url":"https:\/\/secure.gravatar.com\/avatar\/c052a2551a06e23fac63626232eaa90abd78dbcf1700fc46a2b2c89fd27b735f?s=96&d=mm&r=g","contentUrl":"https:\/\/secure.gravatar.com\/avatar\/c052a2551a06e23fac63626232eaa90abd78dbcf1700fc46a2b2c89fd27b735f?s=96&d=mm&r=g","caption":"Redacci\u00f3n A Nova Peneira"},"sameAs":["http:\/\/www.anovapeneira.gal\/"],"url":"https:\/\/www.anovapeneira.gal\/index.php\/author\/redactor\/"}]}},"jetpack_featured_media_url":"https:\/\/www.anovapeneira.gal\/wp-content\/uploads\/2024\/08\/callos_salceda.jpg","_links":{"self":[{"href":"https:\/\/www.anovapeneira.gal\/index.php\/wp-json\/wp\/v2\/posts\/12320","targetHints":{"allow":["GET"]}}],"collection":[{"href":"https:\/\/www.anovapeneira.gal\/index.php\/wp-json\/wp\/v2\/posts"}],"about":[{"href":"https:\/\/www.anovapeneira.gal\/index.php\/wp-json\/wp\/v2\/types\/post"}],"author":[{"embeddable":true,"href":"https:\/\/www.anovapeneira.gal\/index.php\/wp-json\/wp\/v2\/users\/3"}],"replies":[{"embeddable":true,"href":"https:\/\/www.anovapeneira.gal\/index.php\/wp-json\/wp\/v2\/comments?post=12320"}],"version-history":[{"count":1,"href":"https:\/\/www.anovapeneira.gal\/index.php\/wp-json\/wp\/v2\/posts\/12320\/revisions"}],"predecessor-version":[{"id":12323,"href":"https:\/\/www.anovapeneira.gal\/index.php\/wp-json\/wp\/v2\/posts\/12320\/revisions\/12323"}],"wp:featuredmedia":[{"embeddable":true,"href":"https:\/\/www.anovapeneira.gal\/index.php\/wp-json\/wp\/v2\/media\/12322"}],"wp:attachment":[{"href":"https:\/\/www.anovapeneira.gal\/index.php\/wp-json\/wp\/v2\/media?parent=12320"}],"wp:term":[{"taxonomy":"category","embeddable":true,"href":"https:\/\/www.anovapeneira.gal\/index.php\/wp-json\/wp\/v2\/categories?post=12320"},{"taxonomy":"post_tag","embeddable":true,"href":"https:\/\/www.anovapeneira.gal\/index.php\/wp-json\/wp\/v2\/tags?post=12320"}],"curies":[{"name":"wp","href":"https:\/\/api.w.org\/{rel}","templated":true}]}}