{"id":1233,"date":"2019-09-13T14:00:29","date_gmt":"2019-09-13T12:00:29","guid":{"rendered":"http:\/\/www.anovapeneira.gal\/?p=1233"},"modified":"2019-09-09T16:29:24","modified_gmt":"2019-09-09T14:29:24","slug":"once-medallas-e-un-record-galego-absoluto-formidable-balance-dos-galegos-e-galegas-no-nacional-absoluto-de-aire-libre","status":"publish","type":"post","link":"https:\/\/www.anovapeneira.gal\/index.php\/2019\/09\/13\/once-medallas-e-un-record-galego-absoluto-formidable-balance-dos-galegos-e-galegas-no-nacional-absoluto-de-aire-libre\/","title":{"rendered":"Once medallas e un r\u00e9cord galego absoluto, formidable balance dos  galegos e galegas no nacional absoluto de aire libre"},"content":{"rendered":"\n<p><b>02 de setembro de 2019 <\/b><\/p>\n\n\n\n<p>Un total de once medallas (dous de ouro, cinco de prata e catro de broce) e un r\u00e9cord galego absoluto, foi o balance dos atletas gelagos e galegas que tomar\u00edan parte nesta fin de semana no Campionato de Espa\u00f1a absoluto que acontecer\u00eda na provincia alacantina de La Nuc\u00eda. Comezamos a falar dos nosos\/as representantes polo sector da velocidade, onde novamente Mauro Triana logar\u00eda a s\u00e9tima medalla absoluta no seu palmar\u00e9s, nunha tempada na que acudiu a Copa de Europa e a Diamond League e rematar\u00eda con este bronce nos 200 m. con 21.26 Adi Iglesias do Lucus Caixa Rural Galega tomar\u00eda parte tanto nos 100 m. onde foi con 12.46 d\u00e9cimo segunda das semifinais, como nos 200 m. logrando clasificarse por tempos para as semifinais con 25.77  e  acadando  o  sexto  lugar  na  mesma  con  25.58.  De  igual  modo  a  representante  da Gimn\u00e1stica Xiana Gonz\u00e1lez establecer\u00eda 26.03 nos 200 m. que lle dar\u00edan a sexta praza da s\u00faa semifinal. Nos  400  m. Pedro  Juncal do  R.C.Celta  acadar\u00eda  o  seu  segundo  mellor  rexistro  do  ano  con 48.14  entrando de quinto na s\u00faa proba <\/p>\n\n\n\n<p>Nos 800 m. Adri\u00e1n Ben que vi\u00f1a ca espi\u00f1a cravada do \u00faltimo Meeting de Madrid onde as cousas non sairon como agardaba, lograr\u00eda un excelente resultado nos 800 m. ca consecuci\u00f3n do subcampionato de Espa\u00f1a logo de conseguir un rexistro de 1:47.28 nunha proba na que estivo na loita polo t\u00edtulo. Doha garda \u00f3 lucense. Nesta mesma proba excelente comportamete tanto do atleta do Nar\u00f3n David de la Fuente quen mellorar\u00eda s\u00faa MMP baixando da barreira dos \u201ccincuenta\u201d con 1:49.98. como de Fernando Vales do C.A. Santiago, quen far\u00eda o  propio con 1:50.56 rematando nos postos quinto e sexto na s\u00faa semifinal. <\/p>\n\n\n\n<p>Na categor\u00eda feminina da  mesma distancia, non ter\u00eda fortuna Raquel Mea\u00f1os quen  na s\u00faa proba entrou de quinta con 2:10.94  o que a impediu estar na final Nos 1.500 lograr\u00edase outras medalla da man da mundialista Solange Pereira quen nunha proba onde non dar\u00eda ning\u00fan tipo de opci\u00f3n a ga\u00f1adora Esther Guerreo, a de Cangas aferrar\u00edase \u00f3 terceiro lugar cun rexistro de 4:20.73 rematando a tempada cun formidable podio no nacional absoluto. Na mesma distancia, o celeste Gonzalo Basconcelo entrou de sexto na primeira serie semifinal con 3:56.83, algo alonxado dos seus 3:50.37 cos que se achegaba. Esther Navarrete e Tariku Novales foron os nosos representantes nos 5.000. A viguesa quen fora internacional este ano na Copa de Europa dos 10.000 m. defendeu o  subcampionato do ano pasado, refrendando da mesma maneira a segunda mellor marca das participantes que a levar\u00edan a acadar un novo subcampionato nacional con 16:03.75 O internacional Tariku Novales pola contra, non tivo o seu d\u00eda na proba dos 5.000 m. onde rematar\u00eda mancado nun pe na d\u00e9cimo segunda posici\u00f3n con 14:39.95 Nos valos presencia do campi\u00f3n galego Miguel P\u00e9rez do Lucus quen con 15.74 rematar\u00eda no s\u00e9timo lugar na semifinal da proba ga\u00f1ada polo medallista ol\u00edmpico Orlando Ortega con 13.71. Ant\u00eda Mart\u00ednez do Ria Ferrol, de igual modo rematar\u00eda no quinto posto con 14.88 Nos 400 valos Mar\u00eda Pajarron do Riazor Coru\u00f1a quen se achegaba cun rexisto de 1:02.63 non contou con boas sensaci\u00f3ns o que a obrigou a coru\u00f1esa a abandoar a proba. No  concursos  de  lanzamentos  quinto  lugar  para Carlos  Revuelta con  60.81  m. (59.10\/60.11\/60.81\/59.86\/59.96\/58.83)  en  martelo  e  d\u00e9cimo  primeiro  lugar  para  un mermado Manuel Uriz quen malia elo quixo estar presente nesta edici\u00f3n onde lanzar\u00eda no concurso de xavelina ata os 62.62 m. (62.62\/62.16\/-). Non abandonamos esta \u00faltima proba na que Galicia sempre foi referente, xa que Carmen S\u00e1nchez  lanzar\u00eda ata os 53.78 m. nun excelente concurso onde mellorar\u00eda a s\u00faa MMP por 78 cm. acadando un formidable subcampionato nacional que representa o mellor resultado individual logrado ata o momento por esta asturiana afincada na Coru\u00f1a dende fai varios anos. Nesta mesma proba Andrea Gonz\u00e1lez da Gimn\u00e1stica lanzar\u00eda ata os 45.56m. que lle deron a sexta posici\u00f3n sendo o oitavo lugar para a catro veces ol\u00edmpica Felicia Tilea con 40.31 m<\/p>\n\n\n\n<p>Importante medalla conseguida pola mundialista Bel\u00e9n Toimil logo dun ano moi complicado polas lesi\u00f3ns. A formidable lanzadora lograr\u00eda a s\u00faa MMT con 16.77 (15.98\/15.54\/15.80\/X\/X\/16.77) no seu \u00faltimo lanzamento onde amosar\u00eda toda a s\u00faa calidade e forza que sirvir\u00edan para sumar un novo subcampionato nacional con sabor a ouro. Non menos importante foi a prata do pentaol\u00edmpico Frank Casa\u00f1as quen tomando parte ca quinta mellor marca dos participantes,  fixo alarde da s\u00faa veteran\u00eda e calidade para ceder tan s\u00f3 ante Lois Maikel Mart\u00ednez (58.31 m.) O remate e tan s\u00f3 con dous lanzamentos, servir\u00edan \u00f3 pontevedr\u00e9s para conquistar a prata con 57.74 m. (56.76\/X\/X\/57.74\/X\/X) A talentosa lanzadora Sub18 Irene G\u00f3mez do A.F. Celta colar\u00edase na final de martelo logrando o oitavo posto con 53.42 m. En altura, a favorita \u00f3 titulo non defraudar\u00eda. A monfortina Sub23 Saleta Fern\u00e1ndez, quen xa o pasado mes de xu\u00f1o en Tarragona logrou a s\u00faa MMP con 1.87 m. cumplir\u00eda todos os pron\u00f3sticos sumando o seu primeiro t\u00edtitulo de campioa nacional. O seu rexistro de 1.90 m. sup\u00f3n adem\u00e1is rachar a m\u00edtica barreira da proba, situandoa na \u00e9lite internacional. Este rexistro represente de igual modo un novo r\u00e9cord galego Sub23 e absoluto. No  foso  de  \u00e1rea  a  indiscutible  dominadora  do  triplo  non  faltar\u00eda  a  s\u00faa  cita  co  t\u00edtitulo. Ana Peleteiro controlar\u00eda o concurso cun salto de 14.20 m. (14.10\/14.20\/13.92\/-\/-\/13.38) quitando vinte cent\u00edmetros a Patricia Serrapia e confirmando as s\u00faas opci\u00f3ns cara o mundial de Doha. Na  lonxitude,  excelentes  os  nosos  representantes  os  cales  subir\u00edan  en  ambas  categor\u00edas  \u00f3 podio. Leticia Gil (X\/X\/5.96\/X\/X\/6.03) xa instalada definitivamente na elite nacional lograr\u00eda un bronce pese a efectuar tan s\u00f3 dus saltos v\u00e1lidos tendo que agardar ata o \u00faltimo para chegar \u00f3s 6.03 que lle dar\u00edan o metal. Na  categor\u00eda  masculina  de  novo  un  competitivo Jean  Marie  Okutu chegar\u00eda  ata  os  7.55  m. (X\/7.39\/7.55\/7.41\/77.33\/X) que lle serviron por tan s\u00f3 un cent\u00edmetro para estar no podio por d\u00e9cima primeira vez consecutiva nuns absolutos onde o seu palmar\u00e9s \u00e9 abraiante (campi\u00f3n nos anos 2009, 2011, 2013, 2016, 2017 e 2018; subcampi\u00f3n nos anos 2012, 2014 e 2015 e bronce no 2010 e neste \u00faltimo do 2019) <\/p>\n\n\n\n<p>Na marcha Mar Chill\u00f3n do A.F. Celta tomar\u00eda parte nos 10.000 m. establecendo un rexistro de 53:31.97 que a servir\u00edan para ser finalista da proba. O \u00fanico representante galego en combinadas, Adolfo Sa\u00ednz Maza do R.C. Celta acumular\u00eda unha puntuaci\u00f3n total de 6.552 destacando tanto na p\u00e9rtega con 4.50 m. como nos 110 valos con 15.62. Por \u00faltimo nos relevos o equipo feminino do RIA Ferrol (P.Fern\u00e1ndez\/L.Alonso\/I.Bonafonte\/A.Tur) entrar\u00eda no quinto lugar con 3:56.59, correspondendo a sexta posici\u00f3n con 3:15.05 para o equipo masculino  da Sociedad  Gimn\u00e1stica  de  Pontevedra (E.Gallardo\/I.Sarmiento\/B.Djellal\/R.Tello)  con 3:15.05 <\/p>\n","protected":false},"excerpt":{"rendered":"<div class=\"mh-excerpt\"><p>Un total de once medallas (dous de ouro, cinco de prata e catro de broce) e un r\u00e9cord galego absoluto, foi o balance dos atletas gelagos e galegas que tomar\u00edan parte nesta fin de semana no Campionato de Espa\u00f1a absoluto que acontecer\u00eda na provincia alacantina de La Nuc\u00eda <a class=\"mh-excerpt-more\" href=\"https:\/\/www.anovapeneira.gal\/index.php\/2019\/09\/13\/once-medallas-e-un-record-galego-absoluto-formidable-balance-dos-galegos-e-galegas-no-nacional-absoluto-de-aire-libre\/\" title=\"Once medallas e un r\u00e9cord galego absoluto, formidable balance dos  galegos e galegas no nacional absoluto de aire libre\">[&#8230;]<\/a><\/p>\n<\/div>","protected":false},"author":3,"featured_media":1234,"comment_status":"open","ping_status":"open","sticky":false,"template":"","format":"standard","meta":{"_exactmetrics_skip_tracking":false,"_exactmetrics_sitenote_active":false,"_exactmetrics_sitenote_note":"","_exactmetrics_sitenote_category":0,"footnotes":""},"categories":[263],"tags":[56,571],"class_list":{"0":"post-1233","1":"post","2":"type-post","3":"status-publish","4":"format-standard","5":"has-post-thumbnail","7":"category-novas","8":"tag-deporte","9":"tag-federacion-galega-de-atletismo"},"yoast_head":"<!-- This site is optimized with the Yoast SEO plugin v27.4 - https:\/\/yoast.com\/product\/yoast-seo-wordpress\/ -->\n<title>Once medallas e un r\u00e9cord galego absoluto, formidable balance dos galegos e galegas no nacional absoluto de aire libre -<\/title>\n<meta name=\"robots\" content=\"index, follow, max-snippet:-1, max-image-preview:large, max-video-preview:-1\" \/>\n<link rel=\"canonical\" href=\"https:\/\/www.anovapeneira.gal\/index.php\/2019\/09\/13\/once-medallas-e-un-record-galego-absoluto-formidable-balance-dos-galegos-e-galegas-no-nacional-absoluto-de-aire-libre\/\" \/>\n<meta property=\"og:locale\" content=\"gl_ES\" \/>\n<meta property=\"og:type\" content=\"article\" \/>\n<meta property=\"og:title\" content=\"Once medallas e un r\u00e9cord galego absoluto, formidable balance dos galegos e galegas no nacional absoluto de aire libre -\" \/>\n<meta property=\"og:description\" content=\"Un total de once medallas (dous de ouro, cinco de prata e catro de broce) e un r\u00e9cord galego absoluto, foi o balance dos atletas gelagos e galegas que tomar\u00edan parte nesta fin de semana no Campionato de Espa\u00f1a absoluto que acontecer\u00eda na provincia alacantina de La Nuc\u00eda [...]\" \/>\n<meta property=\"og:url\" content=\"https:\/\/www.anovapeneira.gal\/index.php\/2019\/09\/13\/once-medallas-e-un-record-galego-absoluto-formidable-balance-dos-galegos-e-galegas-no-nacional-absoluto-de-aire-libre\/\" \/>\n<meta property=\"article:publisher\" content=\"https:\/\/www.facebook.com\/anovapeneira\" \/>\n<meta property=\"article:published_time\" content=\"2019-09-13T12:00:29+00:00\" \/>\n<meta property=\"og:image\" content=\"https:\/\/www.anovapeneira.gal\/wp-content\/uploads\/2019\/09\/federacion_galega_de_atletismo_a_nova_peneira.png\" \/>\n\t<meta property=\"og:image:width\" content=\"720\" \/>\n\t<meta property=\"og:image:height\" content=\"473\" \/>\n\t<meta property=\"og:image:type\" content=\"image\/png\" \/>\n<meta name=\"author\" content=\"Redacci\u00f3n A Nova Peneira\" \/>\n<meta name=\"twitter:card\" content=\"summary_large_image\" \/>\n<meta name=\"twitter:creator\" content=\"@APeneira\" \/>\n<meta name=\"twitter:site\" content=\"@APeneira\" \/>\n<meta name=\"twitter:label1\" content=\"Escrito por\" \/>\n\t<meta name=\"twitter:data1\" content=\"Redacci\u00f3n A Nova Peneira\" \/>\n\t<meta name=\"twitter:label2\" content=\"Tempo de lectura\" \/>\n\t<meta name=\"twitter:data2\" content=\"6 minutos\" \/>\n<script type=\"application\/ld+json\" class=\"yoast-schema-graph\">{\"@context\":\"https:\\\/\\\/schema.org\",\"@graph\":[{\"@type\":\"Article\",\"@id\":\"https:\\\/\\\/www.anovapeneira.gal\\\/index.php\\\/2019\\\/09\\\/13\\\/once-medallas-e-un-record-galego-absoluto-formidable-balance-dos-galegos-e-galegas-no-nacional-absoluto-de-aire-libre\\\/#article\",\"isPartOf\":{\"@id\":\"https:\\\/\\\/www.anovapeneira.gal\\\/index.php\\\/2019\\\/09\\\/13\\\/once-medallas-e-un-record-galego-absoluto-formidable-balance-dos-galegos-e-galegas-no-nacional-absoluto-de-aire-libre\\\/\"},\"author\":{\"name\":\"Redacci\u00f3n A Nova Peneira\",\"@id\":\"https:\\\/\\\/www.anovapeneira.gal\\\/#\\\/schema\\\/person\\\/b93e3f8932e3f8da96334607eb6ac6aa\"},\"headline\":\"Once medallas e un r\u00e9cord galego absoluto, formidable balance dos galegos e galegas no nacional absoluto de aire libre\",\"datePublished\":\"2019-09-13T12:00:29+00:00\",\"mainEntityOfPage\":{\"@id\":\"https:\\\/\\\/www.anovapeneira.gal\\\/index.php\\\/2019\\\/09\\\/13\\\/once-medallas-e-un-record-galego-absoluto-formidable-balance-dos-galegos-e-galegas-no-nacional-absoluto-de-aire-libre\\\/\"},\"wordCount\":1218,\"commentCount\":0,\"publisher\":{\"@id\":\"https:\\\/\\\/www.anovapeneira.gal\\\/#organization\"},\"image\":{\"@id\":\"https:\\\/\\\/www.anovapeneira.gal\\\/index.php\\\/2019\\\/09\\\/13\\\/once-medallas-e-un-record-galego-absoluto-formidable-balance-dos-galegos-e-galegas-no-nacional-absoluto-de-aire-libre\\\/#primaryimage\"},\"thumbnailUrl\":\"https:\\\/\\\/www.anovapeneira.gal\\\/wp-content\\\/uploads\\\/2019\\\/09\\\/federacion_galega_de_atletismo_a_nova_peneira.png\",\"keywords\":[\"Deporte\",\"Federaci\u00f3n Galega de Atletismo\"],\"articleSection\":[\"Novas\"],\"inLanguage\":\"gl-ES\",\"potentialAction\":[{\"@type\":\"CommentAction\",\"name\":\"Comment\",\"target\":[\"https:\\\/\\\/www.anovapeneira.gal\\\/index.php\\\/2019\\\/09\\\/13\\\/once-medallas-e-un-record-galego-absoluto-formidable-balance-dos-galegos-e-galegas-no-nacional-absoluto-de-aire-libre\\\/#respond\"]}]},{\"@type\":\"WebPage\",\"@id\":\"https:\\\/\\\/www.anovapeneira.gal\\\/index.php\\\/2019\\\/09\\\/13\\\/once-medallas-e-un-record-galego-absoluto-formidable-balance-dos-galegos-e-galegas-no-nacional-absoluto-de-aire-libre\\\/\",\"url\":\"https:\\\/\\\/www.anovapeneira.gal\\\/index.php\\\/2019\\\/09\\\/13\\\/once-medallas-e-un-record-galego-absoluto-formidable-balance-dos-galegos-e-galegas-no-nacional-absoluto-de-aire-libre\\\/\",\"name\":\"Once medallas e un r\u00e9cord galego absoluto, formidable balance dos galegos e galegas no nacional absoluto de aire libre -\",\"isPartOf\":{\"@id\":\"https:\\\/\\\/www.anovapeneira.gal\\\/#website\"},\"primaryImageOfPage\":{\"@id\":\"https:\\\/\\\/www.anovapeneira.gal\\\/index.php\\\/2019\\\/09\\\/13\\\/once-medallas-e-un-record-galego-absoluto-formidable-balance-dos-galegos-e-galegas-no-nacional-absoluto-de-aire-libre\\\/#primaryimage\"},\"image\":{\"@id\":\"https:\\\/\\\/www.anovapeneira.gal\\\/index.php\\\/2019\\\/09\\\/13\\\/once-medallas-e-un-record-galego-absoluto-formidable-balance-dos-galegos-e-galegas-no-nacional-absoluto-de-aire-libre\\\/#primaryimage\"},\"thumbnailUrl\":\"https:\\\/\\\/www.anovapeneira.gal\\\/wp-content\\\/uploads\\\/2019\\\/09\\\/federacion_galega_de_atletismo_a_nova_peneira.png\",\"datePublished\":\"2019-09-13T12:00:29+00:00\",\"breadcrumb\":{\"@id\":\"https:\\\/\\\/www.anovapeneira.gal\\\/index.php\\\/2019\\\/09\\\/13\\\/once-medallas-e-un-record-galego-absoluto-formidable-balance-dos-galegos-e-galegas-no-nacional-absoluto-de-aire-libre\\\/#breadcrumb\"},\"inLanguage\":\"gl-ES\",\"potentialAction\":[{\"@type\":\"ReadAction\",\"target\":[\"https:\\\/\\\/www.anovapeneira.gal\\\/index.php\\\/2019\\\/09\\\/13\\\/once-medallas-e-un-record-galego-absoluto-formidable-balance-dos-galegos-e-galegas-no-nacional-absoluto-de-aire-libre\\\/\"]}]},{\"@type\":\"ImageObject\",\"inLanguage\":\"gl-ES\",\"@id\":\"https:\\\/\\\/www.anovapeneira.gal\\\/index.php\\\/2019\\\/09\\\/13\\\/once-medallas-e-un-record-galego-absoluto-formidable-balance-dos-galegos-e-galegas-no-nacional-absoluto-de-aire-libre\\\/#primaryimage\",\"url\":\"https:\\\/\\\/www.anovapeneira.gal\\\/wp-content\\\/uploads\\\/2019\\\/09\\\/federacion_galega_de_atletismo_a_nova_peneira.png\",\"contentUrl\":\"https:\\\/\\\/www.anovapeneira.gal\\\/wp-content\\\/uploads\\\/2019\\\/09\\\/federacion_galega_de_atletismo_a_nova_peneira.png\",\"width\":720,\"height\":473,\"caption\":\"Federaci\u00f3n galega de atletismo A Nova Peneira\"},{\"@type\":\"BreadcrumbList\",\"@id\":\"https:\\\/\\\/www.anovapeneira.gal\\\/index.php\\\/2019\\\/09\\\/13\\\/once-medallas-e-un-record-galego-absoluto-formidable-balance-dos-galegos-e-galegas-no-nacional-absoluto-de-aire-libre\\\/#breadcrumb\",\"itemListElement\":[{\"@type\":\"ListItem\",\"position\":1,\"name\":\"Portada\",\"item\":\"https:\\\/\\\/www.anovapeneira.gal\\\/\"},{\"@type\":\"ListItem\",\"position\":2,\"name\":\"Once medallas e un r\u00e9cord galego absoluto, formidable balance dos galegos e galegas no nacional absoluto de aire libre\"}]},{\"@type\":\"WebSite\",\"@id\":\"https:\\\/\\\/www.anovapeneira.gal\\\/#website\",\"url\":\"https:\\\/\\\/www.anovapeneira.gal\\\/\",\"name\":\"\",\"description\":\"Xornal galego de informaci\u00f3n xeral Publicaci\u00f3n mensual de novas de Galicia e en especial dos Concellos da sur da provincia de Pontevedra.\",\"publisher\":{\"@id\":\"https:\\\/\\\/www.anovapeneira.gal\\\/#organization\"},\"potentialAction\":[{\"@type\":\"SearchAction\",\"target\":{\"@type\":\"EntryPoint\",\"urlTemplate\":\"https:\\\/\\\/www.anovapeneira.gal\\\/?s={search_term_string}\"},\"query-input\":{\"@type\":\"PropertyValueSpecification\",\"valueRequired\":true,\"valueName\":\"search_term_string\"}}],\"inLanguage\":\"gl-ES\"},{\"@type\":\"Organization\",\"@id\":\"https:\\\/\\\/www.anovapeneira.gal\\\/#organization\",\"name\":\"A Nova Peneira\",\"url\":\"https:\\\/\\\/www.anovapeneira.gal\\\/\",\"logo\":{\"@type\":\"ImageObject\",\"inLanguage\":\"gl-ES\",\"@id\":\"https:\\\/\\\/www.anovapeneira.gal\\\/#\\\/schema\\\/logo\\\/image\\\/\",\"url\":\"http:\\\/\\\/www.anovapeneira.gal\\\/wp-content\\\/uploads\\\/2019\\\/06\\\/logo_a_nova_peneira_portal_web.png\",\"contentUrl\":\"http:\\\/\\\/www.anovapeneira.gal\\\/wp-content\\\/uploads\\\/2019\\\/06\\\/logo_a_nova_peneira_portal_web.png\",\"width\":300,\"height\":100,\"caption\":\"A Nova Peneira\"},\"image\":{\"@id\":\"https:\\\/\\\/www.anovapeneira.gal\\\/#\\\/schema\\\/logo\\\/image\\\/\"},\"sameAs\":[\"https:\\\/\\\/www.facebook.com\\\/anovapeneira\",\"https:\\\/\\\/x.com\\\/APeneira\"]},{\"@type\":\"Person\",\"@id\":\"https:\\\/\\\/www.anovapeneira.gal\\\/#\\\/schema\\\/person\\\/b93e3f8932e3f8da96334607eb6ac6aa\",\"name\":\"Redacci\u00f3n A Nova Peneira\",\"image\":{\"@type\":\"ImageObject\",\"inLanguage\":\"gl-ES\",\"@id\":\"https:\\\/\\\/secure.gravatar.com\\\/avatar\\\/c052a2551a06e23fac63626232eaa90abd78dbcf1700fc46a2b2c89fd27b735f?s=96&d=mm&r=g\",\"url\":\"https:\\\/\\\/secure.gravatar.com\\\/avatar\\\/c052a2551a06e23fac63626232eaa90abd78dbcf1700fc46a2b2c89fd27b735f?s=96&d=mm&r=g\",\"contentUrl\":\"https:\\\/\\\/secure.gravatar.com\\\/avatar\\\/c052a2551a06e23fac63626232eaa90abd78dbcf1700fc46a2b2c89fd27b735f?s=96&d=mm&r=g\",\"caption\":\"Redacci\u00f3n A Nova Peneira\"},\"sameAs\":[\"http:\\\/\\\/www.anovapeneira.gal\\\/\"],\"url\":\"https:\\\/\\\/www.anovapeneira.gal\\\/index.php\\\/author\\\/redactor\\\/\"}]}<\/script>\n<!-- \/ Yoast SEO plugin. -->","yoast_head_json":{"title":"Once medallas e un r\u00e9cord galego absoluto, formidable balance dos galegos e galegas no nacional absoluto de aire libre -","robots":{"index":"index","follow":"follow","max-snippet":"max-snippet:-1","max-image-preview":"max-image-preview:large","max-video-preview":"max-video-preview:-1"},"canonical":"https:\/\/www.anovapeneira.gal\/index.php\/2019\/09\/13\/once-medallas-e-un-record-galego-absoluto-formidable-balance-dos-galegos-e-galegas-no-nacional-absoluto-de-aire-libre\/","og_locale":"gl_ES","og_type":"article","og_title":"Once medallas e un r\u00e9cord galego absoluto, formidable balance dos galegos e galegas no nacional absoluto de aire libre -","og_description":"Un total de once medallas (dous de ouro, cinco de prata e catro de broce) e un r\u00e9cord galego absoluto, foi o balance dos atletas gelagos e galegas que tomar\u00edan parte nesta fin de semana no Campionato de Espa\u00f1a absoluto que acontecer\u00eda na provincia alacantina de La Nuc\u00eda [...]","og_url":"https:\/\/www.anovapeneira.gal\/index.php\/2019\/09\/13\/once-medallas-e-un-record-galego-absoluto-formidable-balance-dos-galegos-e-galegas-no-nacional-absoluto-de-aire-libre\/","article_publisher":"https:\/\/www.facebook.com\/anovapeneira","article_published_time":"2019-09-13T12:00:29+00:00","og_image":[{"width":720,"height":473,"url":"https:\/\/www.anovapeneira.gal\/wp-content\/uploads\/2019\/09\/federacion_galega_de_atletismo_a_nova_peneira.png","type":"image\/png"}],"author":"Redacci\u00f3n A Nova Peneira","twitter_card":"summary_large_image","twitter_creator":"@APeneira","twitter_site":"@APeneira","twitter_misc":{"Escrito por":"Redacci\u00f3n A Nova Peneira","Tempo de lectura":"6 minutos"},"schema":{"@context":"https:\/\/schema.org","@graph":[{"@type":"Article","@id":"https:\/\/www.anovapeneira.gal\/index.php\/2019\/09\/13\/once-medallas-e-un-record-galego-absoluto-formidable-balance-dos-galegos-e-galegas-no-nacional-absoluto-de-aire-libre\/#article","isPartOf":{"@id":"https:\/\/www.anovapeneira.gal\/index.php\/2019\/09\/13\/once-medallas-e-un-record-galego-absoluto-formidable-balance-dos-galegos-e-galegas-no-nacional-absoluto-de-aire-libre\/"},"author":{"name":"Redacci\u00f3n A Nova Peneira","@id":"https:\/\/www.anovapeneira.gal\/#\/schema\/person\/b93e3f8932e3f8da96334607eb6ac6aa"},"headline":"Once medallas e un r\u00e9cord galego absoluto, formidable balance dos galegos e galegas no nacional absoluto de aire libre","datePublished":"2019-09-13T12:00:29+00:00","mainEntityOfPage":{"@id":"https:\/\/www.anovapeneira.gal\/index.php\/2019\/09\/13\/once-medallas-e-un-record-galego-absoluto-formidable-balance-dos-galegos-e-galegas-no-nacional-absoluto-de-aire-libre\/"},"wordCount":1218,"commentCount":0,"publisher":{"@id":"https:\/\/www.anovapeneira.gal\/#organization"},"image":{"@id":"https:\/\/www.anovapeneira.gal\/index.php\/2019\/09\/13\/once-medallas-e-un-record-galego-absoluto-formidable-balance-dos-galegos-e-galegas-no-nacional-absoluto-de-aire-libre\/#primaryimage"},"thumbnailUrl":"https:\/\/www.anovapeneira.gal\/wp-content\/uploads\/2019\/09\/federacion_galega_de_atletismo_a_nova_peneira.png","keywords":["Deporte","Federaci\u00f3n Galega de Atletismo"],"articleSection":["Novas"],"inLanguage":"gl-ES","potentialAction":[{"@type":"CommentAction","name":"Comment","target":["https:\/\/www.anovapeneira.gal\/index.php\/2019\/09\/13\/once-medallas-e-un-record-galego-absoluto-formidable-balance-dos-galegos-e-galegas-no-nacional-absoluto-de-aire-libre\/#respond"]}]},{"@type":"WebPage","@id":"https:\/\/www.anovapeneira.gal\/index.php\/2019\/09\/13\/once-medallas-e-un-record-galego-absoluto-formidable-balance-dos-galegos-e-galegas-no-nacional-absoluto-de-aire-libre\/","url":"https:\/\/www.anovapeneira.gal\/index.php\/2019\/09\/13\/once-medallas-e-un-record-galego-absoluto-formidable-balance-dos-galegos-e-galegas-no-nacional-absoluto-de-aire-libre\/","name":"Once medallas e un r\u00e9cord galego absoluto, formidable balance dos galegos e galegas no nacional absoluto de aire libre -","isPartOf":{"@id":"https:\/\/www.anovapeneira.gal\/#website"},"primaryImageOfPage":{"@id":"https:\/\/www.anovapeneira.gal\/index.php\/2019\/09\/13\/once-medallas-e-un-record-galego-absoluto-formidable-balance-dos-galegos-e-galegas-no-nacional-absoluto-de-aire-libre\/#primaryimage"},"image":{"@id":"https:\/\/www.anovapeneira.gal\/index.php\/2019\/09\/13\/once-medallas-e-un-record-galego-absoluto-formidable-balance-dos-galegos-e-galegas-no-nacional-absoluto-de-aire-libre\/#primaryimage"},"thumbnailUrl":"https:\/\/www.anovapeneira.gal\/wp-content\/uploads\/2019\/09\/federacion_galega_de_atletismo_a_nova_peneira.png","datePublished":"2019-09-13T12:00:29+00:00","breadcrumb":{"@id":"https:\/\/www.anovapeneira.gal\/index.php\/2019\/09\/13\/once-medallas-e-un-record-galego-absoluto-formidable-balance-dos-galegos-e-galegas-no-nacional-absoluto-de-aire-libre\/#breadcrumb"},"inLanguage":"gl-ES","potentialAction":[{"@type":"ReadAction","target":["https:\/\/www.anovapeneira.gal\/index.php\/2019\/09\/13\/once-medallas-e-un-record-galego-absoluto-formidable-balance-dos-galegos-e-galegas-no-nacional-absoluto-de-aire-libre\/"]}]},{"@type":"ImageObject","inLanguage":"gl-ES","@id":"https:\/\/www.anovapeneira.gal\/index.php\/2019\/09\/13\/once-medallas-e-un-record-galego-absoluto-formidable-balance-dos-galegos-e-galegas-no-nacional-absoluto-de-aire-libre\/#primaryimage","url":"https:\/\/www.anovapeneira.gal\/wp-content\/uploads\/2019\/09\/federacion_galega_de_atletismo_a_nova_peneira.png","contentUrl":"https:\/\/www.anovapeneira.gal\/wp-content\/uploads\/2019\/09\/federacion_galega_de_atletismo_a_nova_peneira.png","width":720,"height":473,"caption":"Federaci\u00f3n galega de atletismo A Nova Peneira"},{"@type":"BreadcrumbList","@id":"https:\/\/www.anovapeneira.gal\/index.php\/2019\/09\/13\/once-medallas-e-un-record-galego-absoluto-formidable-balance-dos-galegos-e-galegas-no-nacional-absoluto-de-aire-libre\/#breadcrumb","itemListElement":[{"@type":"ListItem","position":1,"name":"Portada","item":"https:\/\/www.anovapeneira.gal\/"},{"@type":"ListItem","position":2,"name":"Once medallas e un r\u00e9cord galego absoluto, formidable balance dos galegos e galegas no nacional absoluto de aire libre"}]},{"@type":"WebSite","@id":"https:\/\/www.anovapeneira.gal\/#website","url":"https:\/\/www.anovapeneira.gal\/","name":"","description":"Xornal galego de informaci\u00f3n xeral Publicaci\u00f3n mensual de novas de Galicia e en especial dos Concellos da sur da provincia de Pontevedra.","publisher":{"@id":"https:\/\/www.anovapeneira.gal\/#organization"},"potentialAction":[{"@type":"SearchAction","target":{"@type":"EntryPoint","urlTemplate":"https:\/\/www.anovapeneira.gal\/?s={search_term_string}"},"query-input":{"@type":"PropertyValueSpecification","valueRequired":true,"valueName":"search_term_string"}}],"inLanguage":"gl-ES"},{"@type":"Organization","@id":"https:\/\/www.anovapeneira.gal\/#organization","name":"A Nova Peneira","url":"https:\/\/www.anovapeneira.gal\/","logo":{"@type":"ImageObject","inLanguage":"gl-ES","@id":"https:\/\/www.anovapeneira.gal\/#\/schema\/logo\/image\/","url":"http:\/\/www.anovapeneira.gal\/wp-content\/uploads\/2019\/06\/logo_a_nova_peneira_portal_web.png","contentUrl":"http:\/\/www.anovapeneira.gal\/wp-content\/uploads\/2019\/06\/logo_a_nova_peneira_portal_web.png","width":300,"height":100,"caption":"A Nova Peneira"},"image":{"@id":"https:\/\/www.anovapeneira.gal\/#\/schema\/logo\/image\/"},"sameAs":["https:\/\/www.facebook.com\/anovapeneira","https:\/\/x.com\/APeneira"]},{"@type":"Person","@id":"https:\/\/www.anovapeneira.gal\/#\/schema\/person\/b93e3f8932e3f8da96334607eb6ac6aa","name":"Redacci\u00f3n A Nova Peneira","image":{"@type":"ImageObject","inLanguage":"gl-ES","@id":"https:\/\/secure.gravatar.com\/avatar\/c052a2551a06e23fac63626232eaa90abd78dbcf1700fc46a2b2c89fd27b735f?s=96&d=mm&r=g","url":"https:\/\/secure.gravatar.com\/avatar\/c052a2551a06e23fac63626232eaa90abd78dbcf1700fc46a2b2c89fd27b735f?s=96&d=mm&r=g","contentUrl":"https:\/\/secure.gravatar.com\/avatar\/c052a2551a06e23fac63626232eaa90abd78dbcf1700fc46a2b2c89fd27b735f?s=96&d=mm&r=g","caption":"Redacci\u00f3n A Nova Peneira"},"sameAs":["http:\/\/www.anovapeneira.gal\/"],"url":"https:\/\/www.anovapeneira.gal\/index.php\/author\/redactor\/"}]}},"jetpack_featured_media_url":"https:\/\/www.anovapeneira.gal\/wp-content\/uploads\/2019\/09\/federacion_galega_de_atletismo_a_nova_peneira.png","_links":{"self":[{"href":"https:\/\/www.anovapeneira.gal\/index.php\/wp-json\/wp\/v2\/posts\/1233","targetHints":{"allow":["GET"]}}],"collection":[{"href":"https:\/\/www.anovapeneira.gal\/index.php\/wp-json\/wp\/v2\/posts"}],"about":[{"href":"https:\/\/www.anovapeneira.gal\/index.php\/wp-json\/wp\/v2\/types\/post"}],"author":[{"embeddable":true,"href":"https:\/\/www.anovapeneira.gal\/index.php\/wp-json\/wp\/v2\/users\/3"}],"replies":[{"embeddable":true,"href":"https:\/\/www.anovapeneira.gal\/index.php\/wp-json\/wp\/v2\/comments?post=1233"}],"version-history":[{"count":1,"href":"https:\/\/www.anovapeneira.gal\/index.php\/wp-json\/wp\/v2\/posts\/1233\/revisions"}],"predecessor-version":[{"id":1235,"href":"https:\/\/www.anovapeneira.gal\/index.php\/wp-json\/wp\/v2\/posts\/1233\/revisions\/1235"}],"wp:featuredmedia":[{"embeddable":true,"href":"https:\/\/www.anovapeneira.gal\/index.php\/wp-json\/wp\/v2\/media\/1234"}],"wp:attachment":[{"href":"https:\/\/www.anovapeneira.gal\/index.php\/wp-json\/wp\/v2\/media?parent=1233"}],"wp:term":[{"taxonomy":"category","embeddable":true,"href":"https:\/\/www.anovapeneira.gal\/index.php\/wp-json\/wp\/v2\/categories?post=1233"},{"taxonomy":"post_tag","embeddable":true,"href":"https:\/\/www.anovapeneira.gal\/index.php\/wp-json\/wp\/v2\/tags?post=1233"}],"curies":[{"name":"wp","href":"https:\/\/api.w.org\/{rel}","templated":true}]}}