{"id":12347,"date":"2024-09-02T12:00:26","date_gmt":"2024-09-02T10:00:26","guid":{"rendered":"https:\/\/www.anovapeneira.gal\/?p=12347"},"modified":"2024-09-01T09:57:00","modified_gmt":"2024-09-01T07:57:00","slug":"o-rosal-camara-fest-pecha-a-sua-quinta-edicion-cunha-gran-resposta-da-vecinanza","status":"publish","type":"post","link":"https:\/\/www.anovapeneira.gal\/index.php\/2024\/09\/02\/o-rosal-camara-fest-pecha-a-sua-quinta-edicion-cunha-gran-resposta-da-vecinanza\/","title":{"rendered":"O Rosal C\u00e1mara Fest pecha a s\u00faa quinta edici\u00f3n cunha gran resposta da veci\u00f1anza"},"content":{"rendered":"\n<h2 class=\"wp-block-heading\"><strong>Os seis concertos celebrados este ano levaron a m\u00fasica a diferentes lugares m\u00e1xicos do Rosal<\/strong><\/h2>\n\n\n\n<p> <strong>O Rosal, 26 de agosto de 2024<\/strong><\/p>\n\n\n\n<p>A quinta edici\u00f3n do Rosal C\u00e1mara Fest puxo punto e final a semana pasada a dous meses de variada actividade musical, nos que o encontro consolidouse un ano m\u00e1is como un evento de gran referencia no Baixo Mi\u00f1o.<\/p>\n\n\n\n<p>O festival \u00e9 unha aposta completamente diferenciadora a nivel galego, ao tratarse dun ciclo de m\u00fasica de c\u00e1mara que combina as actuaci\u00f3ns de m\u00fasicos da Agrupaci\u00f3n Musical do Rosal con outros de gran prestixio, como foi este ano o caso de H\u00e9rcules Brass.<\/p>\n\n\n\n<p>Foi de feito este quinteto de metais o encargado de arrincar esta edici\u00f3n do festival, coa Igrexa de Santa Mari\u00f1a como escenario dunha memorable actuaci\u00f3n que servir\u00eda como punto de partida a dous meses cheos de m\u00fasica. Este mesmo espazo foi o encargado tam\u00e9n de pechar xullo coa actuaci\u00f3n do Ensemble Nani Matos. Xa en agosto, continuou a programaci\u00f3n do Rosal C\u00e1mara Fest o d\u00eda 2 co recital de Ella Cordon ao piano e Hugo Lomba ao Saxof\u00f3n, que tivo lugar na Sociedade Recreativa de San Miguel. Pola s\u00faa parte, a actuaci\u00f3n do Grupo de Clarinetes Kla-son actuou na Praza de Nov\u00e1s o 13 de agosto, mentres que o Ensemble de Saxof\u00f3ns Emilio Rodr\u00edguez e a Big Band da AMDOR ofreceron un concerto conxunto na Praza de Fornelos o 14 de agosto, todos cunha marabillosa resposta por parte dos asistentes.<\/p>\n\n\n\n<p>Os encargados de pechar este ciclo de concertos foron o Quinteto de Vento de Micas, cunha actuaci\u00f3n celebrada o 20 de agosto que non deixou indiferente a ningu\u00e9n, nin pola calidade do concerto nin polo magn\u00edfico escenario que foi a Capela de San Vicente de Marz\u00e1n.<\/p>\n\n\n\n<p>Culminou as\u00ed un ano m\u00e1is do festival, cunha fant\u00e1stica resposta do p\u00fablico rosaleiro, e evidenciando a s\u00faa importancia para a dinamizaci\u00f3n cultural do municipio, xa que, tal e como destacou a alcaldesa do Rosal, \u00c1nxela Fern\u00e1ndez Call\u00eds, \u201co Rosal C\u00e1mara Fest consol\u00eddase ano tras ano grazas ao traballo da Agrupaci\u00f3n Musical do Rosal, convert\u00edndose nunha cita de referencia que ofrece unha combinaci\u00f3n perfecta entre m\u00fasica de c\u00e1mara e o valor patrimonial e natural de diferentes localizaci\u00f3ns do Rosal.\u201d<\/p>\n","protected":false},"excerpt":{"rendered":"<div class=\"mh-excerpt\"><p>Os seis concertos celebrados este ano levaron a m\u00fasica a diferentes lugares m\u00e1xicos do Rosal O Rosal, 26 de agosto de 2024 A quinta edici\u00f3n do Rosal C\u00e1mara Fest puxo punto e final a semana <a class=\"mh-excerpt-more\" href=\"https:\/\/www.anovapeneira.gal\/index.php\/2024\/09\/02\/o-rosal-camara-fest-pecha-a-sua-quinta-edicion-cunha-gran-resposta-da-vecinanza\/\" title=\"O Rosal C\u00e1mara Fest pecha a s\u00faa quinta edici\u00f3n cunha gran resposta da veci\u00f1anza\">[&#8230;]<\/a><\/p>\n<\/div>","protected":false},"author":3,"featured_media":12348,"comment_status":"open","ping_status":"open","sticky":false,"template":"","format":"standard","meta":{"_exactmetrics_skip_tracking":false,"_exactmetrics_sitenote_active":false,"_exactmetrics_sitenote_note":"","_exactmetrics_sitenote_category":0,"footnotes":""},"categories":[21],"tags":[131],"class_list":{"0":"post-12347","1":"post","2":"type-post","3":"status-publish","4":"format-standard","5":"has-post-thumbnail","7":"category-baixo-mino","8":"tag-concello-do-rosal"},"yoast_head":"<!-- This site is optimized with the Yoast SEO plugin v27.4 - https:\/\/yoast.com\/product\/yoast-seo-wordpress\/ -->\n<title>O Rosal C\u00e1mara Fest pecha a s\u00faa quinta edici\u00f3n cunha gran resposta da veci\u00f1anza -<\/title>\n<meta name=\"robots\" content=\"index, follow, max-snippet:-1, max-image-preview:large, max-video-preview:-1\" \/>\n<link rel=\"canonical\" href=\"https:\/\/www.anovapeneira.gal\/index.php\/2024\/09\/02\/o-rosal-camara-fest-pecha-a-sua-quinta-edicion-cunha-gran-resposta-da-vecinanza\/\" \/>\n<meta property=\"og:locale\" content=\"gl_ES\" \/>\n<meta property=\"og:type\" content=\"article\" \/>\n<meta property=\"og:title\" content=\"O Rosal C\u00e1mara Fest pecha a s\u00faa quinta edici\u00f3n cunha gran resposta da veci\u00f1anza -\" \/>\n<meta property=\"og:description\" content=\"Os seis concertos celebrados este ano levaron a m\u00fasica a diferentes lugares m\u00e1xicos do Rosal O Rosal, 26 de agosto de 2024 A quinta edici\u00f3n do Rosal C\u00e1mara Fest puxo punto e final a semana [...]\" \/>\n<meta property=\"og:url\" content=\"https:\/\/www.anovapeneira.gal\/index.php\/2024\/09\/02\/o-rosal-camara-fest-pecha-a-sua-quinta-edicion-cunha-gran-resposta-da-vecinanza\/\" \/>\n<meta property=\"article:publisher\" content=\"https:\/\/www.facebook.com\/anovapeneira\" \/>\n<meta property=\"article:published_time\" content=\"2024-09-02T10:00:26+00:00\" \/>\n<meta property=\"og:image\" content=\"https:\/\/www.anovapeneira.gal\/wp-content\/uploads\/2024\/09\/rosal_camara_fest.png\" \/>\n\t<meta property=\"og:image:width\" content=\"720\" \/>\n\t<meta property=\"og:image:height\" content=\"432\" \/>\n\t<meta property=\"og:image:type\" content=\"image\/png\" \/>\n<meta name=\"author\" content=\"Redacci\u00f3n A Nova Peneira\" \/>\n<meta name=\"twitter:card\" content=\"summary_large_image\" \/>\n<meta name=\"twitter:creator\" content=\"@APeneira\" \/>\n<meta name=\"twitter:site\" content=\"@APeneira\" \/>\n<meta name=\"twitter:label1\" content=\"Escrito por\" \/>\n\t<meta name=\"twitter:data1\" content=\"Redacci\u00f3n A Nova Peneira\" \/>\n\t<meta name=\"twitter:label2\" content=\"Tempo de lectura\" \/>\n\t<meta name=\"twitter:data2\" content=\"3 minutos\" \/>\n<script type=\"application\/ld+json\" class=\"yoast-schema-graph\">{\"@context\":\"https:\\\/\\\/schema.org\",\"@graph\":[{\"@type\":\"Article\",\"@id\":\"https:\\\/\\\/www.anovapeneira.gal\\\/index.php\\\/2024\\\/09\\\/02\\\/o-rosal-camara-fest-pecha-a-sua-quinta-edicion-cunha-gran-resposta-da-vecinanza\\\/#article\",\"isPartOf\":{\"@id\":\"https:\\\/\\\/www.anovapeneira.gal\\\/index.php\\\/2024\\\/09\\\/02\\\/o-rosal-camara-fest-pecha-a-sua-quinta-edicion-cunha-gran-resposta-da-vecinanza\\\/\"},\"author\":{\"name\":\"Redacci\u00f3n A Nova Peneira\",\"@id\":\"https:\\\/\\\/www.anovapeneira.gal\\\/#\\\/schema\\\/person\\\/b93e3f8932e3f8da96334607eb6ac6aa\"},\"headline\":\"O Rosal C\u00e1mara Fest pecha a s\u00faa quinta edici\u00f3n cunha gran resposta da veci\u00f1anza\",\"datePublished\":\"2024-09-02T10:00:26+00:00\",\"mainEntityOfPage\":{\"@id\":\"https:\\\/\\\/www.anovapeneira.gal\\\/index.php\\\/2024\\\/09\\\/02\\\/o-rosal-camara-fest-pecha-a-sua-quinta-edicion-cunha-gran-resposta-da-vecinanza\\\/\"},\"wordCount\":425,\"commentCount\":0,\"publisher\":{\"@id\":\"https:\\\/\\\/www.anovapeneira.gal\\\/#organization\"},\"image\":{\"@id\":\"https:\\\/\\\/www.anovapeneira.gal\\\/index.php\\\/2024\\\/09\\\/02\\\/o-rosal-camara-fest-pecha-a-sua-quinta-edicion-cunha-gran-resposta-da-vecinanza\\\/#primaryimage\"},\"thumbnailUrl\":\"https:\\\/\\\/www.anovapeneira.gal\\\/wp-content\\\/uploads\\\/2024\\\/09\\\/rosal_camara_fest.png\",\"keywords\":[\"Concello do Rosal\"],\"articleSection\":[\"Baixo Mi\u00f1o\"],\"inLanguage\":\"gl-ES\",\"potentialAction\":[{\"@type\":\"CommentAction\",\"name\":\"Comment\",\"target\":[\"https:\\\/\\\/www.anovapeneira.gal\\\/index.php\\\/2024\\\/09\\\/02\\\/o-rosal-camara-fest-pecha-a-sua-quinta-edicion-cunha-gran-resposta-da-vecinanza\\\/#respond\"]}]},{\"@type\":\"WebPage\",\"@id\":\"https:\\\/\\\/www.anovapeneira.gal\\\/index.php\\\/2024\\\/09\\\/02\\\/o-rosal-camara-fest-pecha-a-sua-quinta-edicion-cunha-gran-resposta-da-vecinanza\\\/\",\"url\":\"https:\\\/\\\/www.anovapeneira.gal\\\/index.php\\\/2024\\\/09\\\/02\\\/o-rosal-camara-fest-pecha-a-sua-quinta-edicion-cunha-gran-resposta-da-vecinanza\\\/\",\"name\":\"O Rosal C\u00e1mara Fest pecha a s\u00faa quinta edici\u00f3n cunha gran resposta da veci\u00f1anza -\",\"isPartOf\":{\"@id\":\"https:\\\/\\\/www.anovapeneira.gal\\\/#website\"},\"primaryImageOfPage\":{\"@id\":\"https:\\\/\\\/www.anovapeneira.gal\\\/index.php\\\/2024\\\/09\\\/02\\\/o-rosal-camara-fest-pecha-a-sua-quinta-edicion-cunha-gran-resposta-da-vecinanza\\\/#primaryimage\"},\"image\":{\"@id\":\"https:\\\/\\\/www.anovapeneira.gal\\\/index.php\\\/2024\\\/09\\\/02\\\/o-rosal-camara-fest-pecha-a-sua-quinta-edicion-cunha-gran-resposta-da-vecinanza\\\/#primaryimage\"},\"thumbnailUrl\":\"https:\\\/\\\/www.anovapeneira.gal\\\/wp-content\\\/uploads\\\/2024\\\/09\\\/rosal_camara_fest.png\",\"datePublished\":\"2024-09-02T10:00:26+00:00\",\"breadcrumb\":{\"@id\":\"https:\\\/\\\/www.anovapeneira.gal\\\/index.php\\\/2024\\\/09\\\/02\\\/o-rosal-camara-fest-pecha-a-sua-quinta-edicion-cunha-gran-resposta-da-vecinanza\\\/#breadcrumb\"},\"inLanguage\":\"gl-ES\",\"potentialAction\":[{\"@type\":\"ReadAction\",\"target\":[\"https:\\\/\\\/www.anovapeneira.gal\\\/index.php\\\/2024\\\/09\\\/02\\\/o-rosal-camara-fest-pecha-a-sua-quinta-edicion-cunha-gran-resposta-da-vecinanza\\\/\"]}]},{\"@type\":\"ImageObject\",\"inLanguage\":\"gl-ES\",\"@id\":\"https:\\\/\\\/www.anovapeneira.gal\\\/index.php\\\/2024\\\/09\\\/02\\\/o-rosal-camara-fest-pecha-a-sua-quinta-edicion-cunha-gran-resposta-da-vecinanza\\\/#primaryimage\",\"url\":\"https:\\\/\\\/www.anovapeneira.gal\\\/wp-content\\\/uploads\\\/2024\\\/09\\\/rosal_camara_fest.png\",\"contentUrl\":\"https:\\\/\\\/www.anovapeneira.gal\\\/wp-content\\\/uploads\\\/2024\\\/09\\\/rosal_camara_fest.png\",\"width\":720,\"height\":432,\"caption\":\"O Rosal C\u00e1mara Fest\"},{\"@type\":\"BreadcrumbList\",\"@id\":\"https:\\\/\\\/www.anovapeneira.gal\\\/index.php\\\/2024\\\/09\\\/02\\\/o-rosal-camara-fest-pecha-a-sua-quinta-edicion-cunha-gran-resposta-da-vecinanza\\\/#breadcrumb\",\"itemListElement\":[{\"@type\":\"ListItem\",\"position\":1,\"name\":\"Portada\",\"item\":\"https:\\\/\\\/www.anovapeneira.gal\\\/\"},{\"@type\":\"ListItem\",\"position\":2,\"name\":\"O Rosal C\u00e1mara Fest pecha a s\u00faa quinta edici\u00f3n cunha gran resposta da veci\u00f1anza\"}]},{\"@type\":\"WebSite\",\"@id\":\"https:\\\/\\\/www.anovapeneira.gal\\\/#website\",\"url\":\"https:\\\/\\\/www.anovapeneira.gal\\\/\",\"name\":\"\",\"description\":\"Xornal galego de informaci\u00f3n xeral Publicaci\u00f3n mensual de novas de Galicia e en especial dos Concellos da sur da provincia de Pontevedra.\",\"publisher\":{\"@id\":\"https:\\\/\\\/www.anovapeneira.gal\\\/#organization\"},\"potentialAction\":[{\"@type\":\"SearchAction\",\"target\":{\"@type\":\"EntryPoint\",\"urlTemplate\":\"https:\\\/\\\/www.anovapeneira.gal\\\/?s={search_term_string}\"},\"query-input\":{\"@type\":\"PropertyValueSpecification\",\"valueRequired\":true,\"valueName\":\"search_term_string\"}}],\"inLanguage\":\"gl-ES\"},{\"@type\":\"Organization\",\"@id\":\"https:\\\/\\\/www.anovapeneira.gal\\\/#organization\",\"name\":\"A Nova Peneira\",\"url\":\"https:\\\/\\\/www.anovapeneira.gal\\\/\",\"logo\":{\"@type\":\"ImageObject\",\"inLanguage\":\"gl-ES\",\"@id\":\"https:\\\/\\\/www.anovapeneira.gal\\\/#\\\/schema\\\/logo\\\/image\\\/\",\"url\":\"http:\\\/\\\/www.anovapeneira.gal\\\/wp-content\\\/uploads\\\/2019\\\/06\\\/logo_a_nova_peneira_portal_web.png\",\"contentUrl\":\"http:\\\/\\\/www.anovapeneira.gal\\\/wp-content\\\/uploads\\\/2019\\\/06\\\/logo_a_nova_peneira_portal_web.png\",\"width\":300,\"height\":100,\"caption\":\"A Nova Peneira\"},\"image\":{\"@id\":\"https:\\\/\\\/www.anovapeneira.gal\\\/#\\\/schema\\\/logo\\\/image\\\/\"},\"sameAs\":[\"https:\\\/\\\/www.facebook.com\\\/anovapeneira\",\"https:\\\/\\\/x.com\\\/APeneira\"]},{\"@type\":\"Person\",\"@id\":\"https:\\\/\\\/www.anovapeneira.gal\\\/#\\\/schema\\\/person\\\/b93e3f8932e3f8da96334607eb6ac6aa\",\"name\":\"Redacci\u00f3n A Nova Peneira\",\"image\":{\"@type\":\"ImageObject\",\"inLanguage\":\"gl-ES\",\"@id\":\"https:\\\/\\\/secure.gravatar.com\\\/avatar\\\/c052a2551a06e23fac63626232eaa90abd78dbcf1700fc46a2b2c89fd27b735f?s=96&d=mm&r=g\",\"url\":\"https:\\\/\\\/secure.gravatar.com\\\/avatar\\\/c052a2551a06e23fac63626232eaa90abd78dbcf1700fc46a2b2c89fd27b735f?s=96&d=mm&r=g\",\"contentUrl\":\"https:\\\/\\\/secure.gravatar.com\\\/avatar\\\/c052a2551a06e23fac63626232eaa90abd78dbcf1700fc46a2b2c89fd27b735f?s=96&d=mm&r=g\",\"caption\":\"Redacci\u00f3n A Nova Peneira\"},\"sameAs\":[\"http:\\\/\\\/www.anovapeneira.gal\\\/\"],\"url\":\"https:\\\/\\\/www.anovapeneira.gal\\\/index.php\\\/author\\\/redactor\\\/\"}]}<\/script>\n<!-- \/ Yoast SEO plugin. -->","yoast_head_json":{"title":"O Rosal C\u00e1mara Fest pecha a s\u00faa quinta edici\u00f3n cunha gran resposta da veci\u00f1anza -","robots":{"index":"index","follow":"follow","max-snippet":"max-snippet:-1","max-image-preview":"max-image-preview:large","max-video-preview":"max-video-preview:-1"},"canonical":"https:\/\/www.anovapeneira.gal\/index.php\/2024\/09\/02\/o-rosal-camara-fest-pecha-a-sua-quinta-edicion-cunha-gran-resposta-da-vecinanza\/","og_locale":"gl_ES","og_type":"article","og_title":"O Rosal C\u00e1mara Fest pecha a s\u00faa quinta edici\u00f3n cunha gran resposta da veci\u00f1anza -","og_description":"Os seis concertos celebrados este ano levaron a m\u00fasica a diferentes lugares m\u00e1xicos do Rosal O Rosal, 26 de agosto de 2024 A quinta edici\u00f3n do Rosal C\u00e1mara Fest puxo punto e final a semana [...]","og_url":"https:\/\/www.anovapeneira.gal\/index.php\/2024\/09\/02\/o-rosal-camara-fest-pecha-a-sua-quinta-edicion-cunha-gran-resposta-da-vecinanza\/","article_publisher":"https:\/\/www.facebook.com\/anovapeneira","article_published_time":"2024-09-02T10:00:26+00:00","og_image":[{"width":720,"height":432,"url":"https:\/\/www.anovapeneira.gal\/wp-content\/uploads\/2024\/09\/rosal_camara_fest.png","type":"image\/png"}],"author":"Redacci\u00f3n A Nova Peneira","twitter_card":"summary_large_image","twitter_creator":"@APeneira","twitter_site":"@APeneira","twitter_misc":{"Escrito por":"Redacci\u00f3n A Nova Peneira","Tempo de lectura":"3 minutos"},"schema":{"@context":"https:\/\/schema.org","@graph":[{"@type":"Article","@id":"https:\/\/www.anovapeneira.gal\/index.php\/2024\/09\/02\/o-rosal-camara-fest-pecha-a-sua-quinta-edicion-cunha-gran-resposta-da-vecinanza\/#article","isPartOf":{"@id":"https:\/\/www.anovapeneira.gal\/index.php\/2024\/09\/02\/o-rosal-camara-fest-pecha-a-sua-quinta-edicion-cunha-gran-resposta-da-vecinanza\/"},"author":{"name":"Redacci\u00f3n A Nova Peneira","@id":"https:\/\/www.anovapeneira.gal\/#\/schema\/person\/b93e3f8932e3f8da96334607eb6ac6aa"},"headline":"O Rosal C\u00e1mara Fest pecha a s\u00faa quinta edici\u00f3n cunha gran resposta da veci\u00f1anza","datePublished":"2024-09-02T10:00:26+00:00","mainEntityOfPage":{"@id":"https:\/\/www.anovapeneira.gal\/index.php\/2024\/09\/02\/o-rosal-camara-fest-pecha-a-sua-quinta-edicion-cunha-gran-resposta-da-vecinanza\/"},"wordCount":425,"commentCount":0,"publisher":{"@id":"https:\/\/www.anovapeneira.gal\/#organization"},"image":{"@id":"https:\/\/www.anovapeneira.gal\/index.php\/2024\/09\/02\/o-rosal-camara-fest-pecha-a-sua-quinta-edicion-cunha-gran-resposta-da-vecinanza\/#primaryimage"},"thumbnailUrl":"https:\/\/www.anovapeneira.gal\/wp-content\/uploads\/2024\/09\/rosal_camara_fest.png","keywords":["Concello do Rosal"],"articleSection":["Baixo Mi\u00f1o"],"inLanguage":"gl-ES","potentialAction":[{"@type":"CommentAction","name":"Comment","target":["https:\/\/www.anovapeneira.gal\/index.php\/2024\/09\/02\/o-rosal-camara-fest-pecha-a-sua-quinta-edicion-cunha-gran-resposta-da-vecinanza\/#respond"]}]},{"@type":"WebPage","@id":"https:\/\/www.anovapeneira.gal\/index.php\/2024\/09\/02\/o-rosal-camara-fest-pecha-a-sua-quinta-edicion-cunha-gran-resposta-da-vecinanza\/","url":"https:\/\/www.anovapeneira.gal\/index.php\/2024\/09\/02\/o-rosal-camara-fest-pecha-a-sua-quinta-edicion-cunha-gran-resposta-da-vecinanza\/","name":"O Rosal C\u00e1mara Fest pecha a s\u00faa quinta edici\u00f3n cunha gran resposta da veci\u00f1anza -","isPartOf":{"@id":"https:\/\/www.anovapeneira.gal\/#website"},"primaryImageOfPage":{"@id":"https:\/\/www.anovapeneira.gal\/index.php\/2024\/09\/02\/o-rosal-camara-fest-pecha-a-sua-quinta-edicion-cunha-gran-resposta-da-vecinanza\/#primaryimage"},"image":{"@id":"https:\/\/www.anovapeneira.gal\/index.php\/2024\/09\/02\/o-rosal-camara-fest-pecha-a-sua-quinta-edicion-cunha-gran-resposta-da-vecinanza\/#primaryimage"},"thumbnailUrl":"https:\/\/www.anovapeneira.gal\/wp-content\/uploads\/2024\/09\/rosal_camara_fest.png","datePublished":"2024-09-02T10:00:26+00:00","breadcrumb":{"@id":"https:\/\/www.anovapeneira.gal\/index.php\/2024\/09\/02\/o-rosal-camara-fest-pecha-a-sua-quinta-edicion-cunha-gran-resposta-da-vecinanza\/#breadcrumb"},"inLanguage":"gl-ES","potentialAction":[{"@type":"ReadAction","target":["https:\/\/www.anovapeneira.gal\/index.php\/2024\/09\/02\/o-rosal-camara-fest-pecha-a-sua-quinta-edicion-cunha-gran-resposta-da-vecinanza\/"]}]},{"@type":"ImageObject","inLanguage":"gl-ES","@id":"https:\/\/www.anovapeneira.gal\/index.php\/2024\/09\/02\/o-rosal-camara-fest-pecha-a-sua-quinta-edicion-cunha-gran-resposta-da-vecinanza\/#primaryimage","url":"https:\/\/www.anovapeneira.gal\/wp-content\/uploads\/2024\/09\/rosal_camara_fest.png","contentUrl":"https:\/\/www.anovapeneira.gal\/wp-content\/uploads\/2024\/09\/rosal_camara_fest.png","width":720,"height":432,"caption":"O Rosal C\u00e1mara Fest"},{"@type":"BreadcrumbList","@id":"https:\/\/www.anovapeneira.gal\/index.php\/2024\/09\/02\/o-rosal-camara-fest-pecha-a-sua-quinta-edicion-cunha-gran-resposta-da-vecinanza\/#breadcrumb","itemListElement":[{"@type":"ListItem","position":1,"name":"Portada","item":"https:\/\/www.anovapeneira.gal\/"},{"@type":"ListItem","position":2,"name":"O Rosal C\u00e1mara Fest pecha a s\u00faa quinta edici\u00f3n cunha gran resposta da veci\u00f1anza"}]},{"@type":"WebSite","@id":"https:\/\/www.anovapeneira.gal\/#website","url":"https:\/\/www.anovapeneira.gal\/","name":"","description":"Xornal galego de informaci\u00f3n xeral Publicaci\u00f3n mensual de novas de Galicia e en especial dos Concellos da sur da provincia de Pontevedra.","publisher":{"@id":"https:\/\/www.anovapeneira.gal\/#organization"},"potentialAction":[{"@type":"SearchAction","target":{"@type":"EntryPoint","urlTemplate":"https:\/\/www.anovapeneira.gal\/?s={search_term_string}"},"query-input":{"@type":"PropertyValueSpecification","valueRequired":true,"valueName":"search_term_string"}}],"inLanguage":"gl-ES"},{"@type":"Organization","@id":"https:\/\/www.anovapeneira.gal\/#organization","name":"A Nova Peneira","url":"https:\/\/www.anovapeneira.gal\/","logo":{"@type":"ImageObject","inLanguage":"gl-ES","@id":"https:\/\/www.anovapeneira.gal\/#\/schema\/logo\/image\/","url":"http:\/\/www.anovapeneira.gal\/wp-content\/uploads\/2019\/06\/logo_a_nova_peneira_portal_web.png","contentUrl":"http:\/\/www.anovapeneira.gal\/wp-content\/uploads\/2019\/06\/logo_a_nova_peneira_portal_web.png","width":300,"height":100,"caption":"A Nova Peneira"},"image":{"@id":"https:\/\/www.anovapeneira.gal\/#\/schema\/logo\/image\/"},"sameAs":["https:\/\/www.facebook.com\/anovapeneira","https:\/\/x.com\/APeneira"]},{"@type":"Person","@id":"https:\/\/www.anovapeneira.gal\/#\/schema\/person\/b93e3f8932e3f8da96334607eb6ac6aa","name":"Redacci\u00f3n A Nova Peneira","image":{"@type":"ImageObject","inLanguage":"gl-ES","@id":"https:\/\/secure.gravatar.com\/avatar\/c052a2551a06e23fac63626232eaa90abd78dbcf1700fc46a2b2c89fd27b735f?s=96&d=mm&r=g","url":"https:\/\/secure.gravatar.com\/avatar\/c052a2551a06e23fac63626232eaa90abd78dbcf1700fc46a2b2c89fd27b735f?s=96&d=mm&r=g","contentUrl":"https:\/\/secure.gravatar.com\/avatar\/c052a2551a06e23fac63626232eaa90abd78dbcf1700fc46a2b2c89fd27b735f?s=96&d=mm&r=g","caption":"Redacci\u00f3n A Nova Peneira"},"sameAs":["http:\/\/www.anovapeneira.gal\/"],"url":"https:\/\/www.anovapeneira.gal\/index.php\/author\/redactor\/"}]}},"jetpack_featured_media_url":"https:\/\/www.anovapeneira.gal\/wp-content\/uploads\/2024\/09\/rosal_camara_fest.png","_links":{"self":[{"href":"https:\/\/www.anovapeneira.gal\/index.php\/wp-json\/wp\/v2\/posts\/12347","targetHints":{"allow":["GET"]}}],"collection":[{"href":"https:\/\/www.anovapeneira.gal\/index.php\/wp-json\/wp\/v2\/posts"}],"about":[{"href":"https:\/\/www.anovapeneira.gal\/index.php\/wp-json\/wp\/v2\/types\/post"}],"author":[{"embeddable":true,"href":"https:\/\/www.anovapeneira.gal\/index.php\/wp-json\/wp\/v2\/users\/3"}],"replies":[{"embeddable":true,"href":"https:\/\/www.anovapeneira.gal\/index.php\/wp-json\/wp\/v2\/comments?post=12347"}],"version-history":[{"count":1,"href":"https:\/\/www.anovapeneira.gal\/index.php\/wp-json\/wp\/v2\/posts\/12347\/revisions"}],"predecessor-version":[{"id":12349,"href":"https:\/\/www.anovapeneira.gal\/index.php\/wp-json\/wp\/v2\/posts\/12347\/revisions\/12349"}],"wp:featuredmedia":[{"embeddable":true,"href":"https:\/\/www.anovapeneira.gal\/index.php\/wp-json\/wp\/v2\/media\/12348"}],"wp:attachment":[{"href":"https:\/\/www.anovapeneira.gal\/index.php\/wp-json\/wp\/v2\/media?parent=12347"}],"wp:term":[{"taxonomy":"category","embeddable":true,"href":"https:\/\/www.anovapeneira.gal\/index.php\/wp-json\/wp\/v2\/categories?post=12347"},{"taxonomy":"post_tag","embeddable":true,"href":"https:\/\/www.anovapeneira.gal\/index.php\/wp-json\/wp\/v2\/tags?post=12347"}],"curies":[{"name":"wp","href":"https:\/\/api.w.org\/{rel}","templated":true}]}}