{"id":12353,"date":"2024-09-03T12:00:31","date_gmt":"2024-09-03T10:00:31","guid":{"rendered":"https:\/\/www.anovapeneira.gal\/?p=12353"},"modified":"2024-09-01T10:05:59","modified_gmt":"2024-09-01T08:05:59","slug":"iria-malvido-presenta-a-sua-dimision-como-concelleira-por-responsabilidade-e-polo-profundo-afecto-que-teno-por-cangas-e-polo-meu-partido","status":"publish","type":"post","link":"https:\/\/www.anovapeneira.gal\/index.php\/2024\/09\/03\/iria-malvido-presenta-a-sua-dimision-como-concelleira-por-responsabilidade-e-polo-profundo-afecto-que-teno-por-cangas-e-polo-meu-partido\/","title":{"rendered":"Iria Malvido presenta a s\u00faa dimisi\u00f3n como concelleira \u201cpor responsabilidade e polo profundo afecto que te\u00f1o por Cangas e polo meu partido\u201d"},"content":{"rendered":"\n<h2 class=\"wp-block-heading\"><strong>O secretario xeral provincial do PSdeG-PSOE, David Regades, agradece \u00e1 tenente de alcalde canguesa \u201ca s\u00faa dedicaci\u00f3n, o gran traballo feito no Concello e a madurez pol\u00edtica que demostra despois dun erro na s\u00faa vida privada\u201d<\/strong><\/h2>\n\n\n\n<p><em><strong>Cangas, 28 de agosto de 2024<\/strong><\/em><strong>. <\/strong><\/p>\n\n\n\n<p>A tenente de alcalde de Cangas de Morrazo e voceira do grupo municipal socialista, Iria Malvido, presentar\u00e1 ma\u00f1\u00e1 a s\u00faa dimisi\u00f3n como concelleira asumindo as\u00ed, en primeira persoa, as consecuencias dun \u201cgrave erro na s\u00faa vida privada\u201d tras ter dado positivo nun control de alcoholemia durante a pasada madrugada nas celebraci\u00f3ns das festas do Cristo.<\/p>\n\n\n\n<p>Malvido, que xa esta ma\u00f1\u00e1 solicitara a baixa temporal na militancia e publicara un comunicado pedindo desculpas \u00e1 cidadan\u00eda e asumindo toda a responsabilidade \u201csen escusas de ning\u00fan tipo\u201d, informou esta tarde ao secretario xeral provincial socialista, David Regades, da s\u00faa decisi\u00f3n persoal de dimitir \u201cpolo profundo afecto que te\u00f1o por Cangas e polo meu partido\u201d. A renuncia ser\u00e1 formalizada a primeira hora da ma\u00f1\u00e1 sen agardar, por tanto, \u00e1 decisi\u00f3n da Comisi\u00f3n de \u00c9tica Federal.<\/p>\n\n\n\n<p><a><\/a> David Regades agradeceu \u00e1 concelleira canguesa o xesto e a s\u00faa \u201cmadurez pol\u00edtica e persoal tras unha equivocaci\u00f3n\u201d e valorou expresamente \u201ca dedicaci\u00f3n e o gran traballo desempe\u00f1ado durante este case ano e medio\u201d. Regades subli\u00f1a que o Partido Socialista non s\u00f3 esixe exemplaridade a t\u00f3dolos cargos p\u00fablicos, \u201csen\u00f3n que a practica en primeira persoa por doloroso que sexa\u201d.<\/p>\n\n\n\n<p>Iria Malvido, pola s\u00faa banda, comunicou o seu desexo de facer un reco\u00f1ecemento a toda a veci\u00f1anza de Cangas que \u201cnestas horas duras me expresou o seu apoio\u201d, as\u00ed como moi especialmente ao PSdeG-PSOE, \u201cque \u00e9 e ser\u00e1 sempre o meu partido e ao que lle debo a honra de ter sido concelleira para traballar polo meu pobo\u201d. \u201cAgardo que a mi\u00f1a dimisi\u00f3n sexa un grao de area para defender esa Pol\u00edtica con mai\u00fascula que sempre reivindiquei e reivindicarei; comet\u00edn un erro grave e asumo as consecuencias persoais e tam\u00e9n as pol\u00edticas\u201d.<\/p>\n","protected":false},"excerpt":{"rendered":"<div class=\"mh-excerpt\"><p>O secretario xeral provincial do PSdeG-PSOE, David Regades, agradece \u00e1 tenente de alcalde canguesa \u201ca s\u00faa dedicaci\u00f3n, o gran traballo feito no Concello e a madurez pol\u00edtica que demostra despois dun erro na s\u00faa vida privada\u201d <a class=\"mh-excerpt-more\" href=\"https:\/\/www.anovapeneira.gal\/index.php\/2024\/09\/03\/iria-malvido-presenta-a-sua-dimision-como-concelleira-por-responsabilidade-e-polo-profundo-afecto-que-teno-por-cangas-e-polo-meu-partido\/\" title=\"Iria Malvido presenta a s\u00faa dimisi\u00f3n como concelleira \u201cpor responsabilidade e polo profundo afecto que te\u00f1o por Cangas e polo meu partido\u201d\">[&#8230;]<\/a><\/p>\n<\/div>","protected":false},"author":3,"featured_media":6190,"comment_status":"open","ping_status":"open","sticky":false,"template":"","format":"standard","meta":{"_exactmetrics_skip_tracking":false,"_exactmetrics_sitenote_active":false,"_exactmetrics_sitenote_note":"","_exactmetrics_sitenote_category":0,"footnotes":""},"categories":[22],"tags":[681],"class_list":{"0":"post-12353","1":"post","2":"type-post","3":"status-publish","4":"format-standard","5":"has-post-thumbnail","7":"category-morrazo","8":"tag-concello-de-cangas-do-morrazo"},"yoast_head":"<!-- This site is optimized with the Yoast SEO plugin v27.4 - https:\/\/yoast.com\/product\/yoast-seo-wordpress\/ -->\n<title>Iria Malvido presenta a s\u00faa dimisi\u00f3n como concelleira \u201cpor responsabilidade e polo profundo afecto que te\u00f1o por Cangas e polo meu partido\u201d -<\/title>\n<meta name=\"robots\" content=\"index, follow, max-snippet:-1, max-image-preview:large, max-video-preview:-1\" \/>\n<link rel=\"canonical\" href=\"https:\/\/www.anovapeneira.gal\/index.php\/2024\/09\/03\/iria-malvido-presenta-a-sua-dimision-como-concelleira-por-responsabilidade-e-polo-profundo-afecto-que-teno-por-cangas-e-polo-meu-partido\/\" \/>\n<meta property=\"og:locale\" content=\"gl_ES\" \/>\n<meta property=\"og:type\" content=\"article\" \/>\n<meta property=\"og:title\" content=\"Iria Malvido presenta a s\u00faa dimisi\u00f3n como concelleira \u201cpor responsabilidade e polo profundo afecto que te\u00f1o por Cangas e polo meu partido\u201d -\" \/>\n<meta property=\"og:description\" content=\"O secretario xeral provincial do PSdeG-PSOE, David Regades, agradece \u00e1 tenente de alcalde canguesa \u201ca s\u00faa dedicaci\u00f3n, o gran traballo feito no Concello e a madurez pol\u00edtica que demostra despois dun erro na s\u00faa vida privada\u201d [...]\" \/>\n<meta property=\"og:url\" content=\"https:\/\/www.anovapeneira.gal\/index.php\/2024\/09\/03\/iria-malvido-presenta-a-sua-dimision-como-concelleira-por-responsabilidade-e-polo-profundo-afecto-que-teno-por-cangas-e-polo-meu-partido\/\" \/>\n<meta property=\"article:publisher\" content=\"https:\/\/www.facebook.com\/anovapeneira\" \/>\n<meta property=\"article:published_time\" content=\"2024-09-03T10:00:31+00:00\" \/>\n<meta property=\"og:image\" content=\"https:\/\/www.anovapeneira.gal\/wp-content\/uploads\/2021\/10\/logo_concello_cangas.png\" \/>\n\t<meta property=\"og:image:width\" content=\"720\" \/>\n\t<meta property=\"og:image:height\" content=\"432\" \/>\n\t<meta property=\"og:image:type\" content=\"image\/png\" \/>\n<meta name=\"author\" content=\"Redacci\u00f3n A Nova Peneira\" \/>\n<meta name=\"twitter:card\" content=\"summary_large_image\" \/>\n<meta name=\"twitter:creator\" content=\"@APeneira\" \/>\n<meta name=\"twitter:site\" content=\"@APeneira\" \/>\n<meta name=\"twitter:label1\" content=\"Escrito por\" \/>\n\t<meta name=\"twitter:data1\" content=\"Redacci\u00f3n A Nova Peneira\" \/>\n\t<meta name=\"twitter:label2\" content=\"Tempo de lectura\" \/>\n\t<meta name=\"twitter:data2\" content=\"2 minutos\" \/>\n<script type=\"application\/ld+json\" class=\"yoast-schema-graph\">{\"@context\":\"https:\\\/\\\/schema.org\",\"@graph\":[{\"@type\":\"Article\",\"@id\":\"https:\\\/\\\/www.anovapeneira.gal\\\/index.php\\\/2024\\\/09\\\/03\\\/iria-malvido-presenta-a-sua-dimision-como-concelleira-por-responsabilidade-e-polo-profundo-afecto-que-teno-por-cangas-e-polo-meu-partido\\\/#article\",\"isPartOf\":{\"@id\":\"https:\\\/\\\/www.anovapeneira.gal\\\/index.php\\\/2024\\\/09\\\/03\\\/iria-malvido-presenta-a-sua-dimision-como-concelleira-por-responsabilidade-e-polo-profundo-afecto-que-teno-por-cangas-e-polo-meu-partido\\\/\"},\"author\":{\"name\":\"Redacci\u00f3n A Nova Peneira\",\"@id\":\"https:\\\/\\\/www.anovapeneira.gal\\\/#\\\/schema\\\/person\\\/b93e3f8932e3f8da96334607eb6ac6aa\"},\"headline\":\"Iria Malvido presenta a s\u00faa dimisi\u00f3n como concelleira \u201cpor responsabilidade e polo profundo afecto que te\u00f1o por Cangas e polo meu partido\u201d\",\"datePublished\":\"2024-09-03T10:00:31+00:00\",\"mainEntityOfPage\":{\"@id\":\"https:\\\/\\\/www.anovapeneira.gal\\\/index.php\\\/2024\\\/09\\\/03\\\/iria-malvido-presenta-a-sua-dimision-como-concelleira-por-responsabilidade-e-polo-profundo-afecto-que-teno-por-cangas-e-polo-meu-partido\\\/\"},\"wordCount\":376,\"commentCount\":0,\"publisher\":{\"@id\":\"https:\\\/\\\/www.anovapeneira.gal\\\/#organization\"},\"image\":{\"@id\":\"https:\\\/\\\/www.anovapeneira.gal\\\/index.php\\\/2024\\\/09\\\/03\\\/iria-malvido-presenta-a-sua-dimision-como-concelleira-por-responsabilidade-e-polo-profundo-afecto-que-teno-por-cangas-e-polo-meu-partido\\\/#primaryimage\"},\"thumbnailUrl\":\"https:\\\/\\\/www.anovapeneira.gal\\\/wp-content\\\/uploads\\\/2021\\\/10\\\/logo_concello_cangas.png\",\"keywords\":[\"Concello de Cangas do Morrazo\"],\"articleSection\":[\"Morrazo\"],\"inLanguage\":\"gl-ES\",\"potentialAction\":[{\"@type\":\"CommentAction\",\"name\":\"Comment\",\"target\":[\"https:\\\/\\\/www.anovapeneira.gal\\\/index.php\\\/2024\\\/09\\\/03\\\/iria-malvido-presenta-a-sua-dimision-como-concelleira-por-responsabilidade-e-polo-profundo-afecto-que-teno-por-cangas-e-polo-meu-partido\\\/#respond\"]}]},{\"@type\":\"WebPage\",\"@id\":\"https:\\\/\\\/www.anovapeneira.gal\\\/index.php\\\/2024\\\/09\\\/03\\\/iria-malvido-presenta-a-sua-dimision-como-concelleira-por-responsabilidade-e-polo-profundo-afecto-que-teno-por-cangas-e-polo-meu-partido\\\/\",\"url\":\"https:\\\/\\\/www.anovapeneira.gal\\\/index.php\\\/2024\\\/09\\\/03\\\/iria-malvido-presenta-a-sua-dimision-como-concelleira-por-responsabilidade-e-polo-profundo-afecto-que-teno-por-cangas-e-polo-meu-partido\\\/\",\"name\":\"Iria Malvido presenta a s\u00faa dimisi\u00f3n como concelleira \u201cpor responsabilidade e polo profundo afecto que te\u00f1o por Cangas e polo meu partido\u201d -\",\"isPartOf\":{\"@id\":\"https:\\\/\\\/www.anovapeneira.gal\\\/#website\"},\"primaryImageOfPage\":{\"@id\":\"https:\\\/\\\/www.anovapeneira.gal\\\/index.php\\\/2024\\\/09\\\/03\\\/iria-malvido-presenta-a-sua-dimision-como-concelleira-por-responsabilidade-e-polo-profundo-afecto-que-teno-por-cangas-e-polo-meu-partido\\\/#primaryimage\"},\"image\":{\"@id\":\"https:\\\/\\\/www.anovapeneira.gal\\\/index.php\\\/2024\\\/09\\\/03\\\/iria-malvido-presenta-a-sua-dimision-como-concelleira-por-responsabilidade-e-polo-profundo-afecto-que-teno-por-cangas-e-polo-meu-partido\\\/#primaryimage\"},\"thumbnailUrl\":\"https:\\\/\\\/www.anovapeneira.gal\\\/wp-content\\\/uploads\\\/2021\\\/10\\\/logo_concello_cangas.png\",\"datePublished\":\"2024-09-03T10:00:31+00:00\",\"breadcrumb\":{\"@id\":\"https:\\\/\\\/www.anovapeneira.gal\\\/index.php\\\/2024\\\/09\\\/03\\\/iria-malvido-presenta-a-sua-dimision-como-concelleira-por-responsabilidade-e-polo-profundo-afecto-que-teno-por-cangas-e-polo-meu-partido\\\/#breadcrumb\"},\"inLanguage\":\"gl-ES\",\"potentialAction\":[{\"@type\":\"ReadAction\",\"target\":[\"https:\\\/\\\/www.anovapeneira.gal\\\/index.php\\\/2024\\\/09\\\/03\\\/iria-malvido-presenta-a-sua-dimision-como-concelleira-por-responsabilidade-e-polo-profundo-afecto-que-teno-por-cangas-e-polo-meu-partido\\\/\"]}]},{\"@type\":\"ImageObject\",\"inLanguage\":\"gl-ES\",\"@id\":\"https:\\\/\\\/www.anovapeneira.gal\\\/index.php\\\/2024\\\/09\\\/03\\\/iria-malvido-presenta-a-sua-dimision-como-concelleira-por-responsabilidade-e-polo-profundo-afecto-que-teno-por-cangas-e-polo-meu-partido\\\/#primaryimage\",\"url\":\"https:\\\/\\\/www.anovapeneira.gal\\\/wp-content\\\/uploads\\\/2021\\\/10\\\/logo_concello_cangas.png\",\"contentUrl\":\"https:\\\/\\\/www.anovapeneira.gal\\\/wp-content\\\/uploads\\\/2021\\\/10\\\/logo_concello_cangas.png\",\"width\":720,\"height\":432,\"caption\":\"Logo concello de Cangas\"},{\"@type\":\"BreadcrumbList\",\"@id\":\"https:\\\/\\\/www.anovapeneira.gal\\\/index.php\\\/2024\\\/09\\\/03\\\/iria-malvido-presenta-a-sua-dimision-como-concelleira-por-responsabilidade-e-polo-profundo-afecto-que-teno-por-cangas-e-polo-meu-partido\\\/#breadcrumb\",\"itemListElement\":[{\"@type\":\"ListItem\",\"position\":1,\"name\":\"Portada\",\"item\":\"https:\\\/\\\/www.anovapeneira.gal\\\/\"},{\"@type\":\"ListItem\",\"position\":2,\"name\":\"Iria Malvido presenta a s\u00faa dimisi\u00f3n como concelleira \u201cpor responsabilidade e polo profundo afecto que te\u00f1o por Cangas e polo meu partido\u201d\"}]},{\"@type\":\"WebSite\",\"@id\":\"https:\\\/\\\/www.anovapeneira.gal\\\/#website\",\"url\":\"https:\\\/\\\/www.anovapeneira.gal\\\/\",\"name\":\"\",\"description\":\"Xornal galego de informaci\u00f3n xeral Publicaci\u00f3n mensual de novas de Galicia e en especial dos Concellos da sur da provincia de Pontevedra.\",\"publisher\":{\"@id\":\"https:\\\/\\\/www.anovapeneira.gal\\\/#organization\"},\"potentialAction\":[{\"@type\":\"SearchAction\",\"target\":{\"@type\":\"EntryPoint\",\"urlTemplate\":\"https:\\\/\\\/www.anovapeneira.gal\\\/?s={search_term_string}\"},\"query-input\":{\"@type\":\"PropertyValueSpecification\",\"valueRequired\":true,\"valueName\":\"search_term_string\"}}],\"inLanguage\":\"gl-ES\"},{\"@type\":\"Organization\",\"@id\":\"https:\\\/\\\/www.anovapeneira.gal\\\/#organization\",\"name\":\"A Nova Peneira\",\"url\":\"https:\\\/\\\/www.anovapeneira.gal\\\/\",\"logo\":{\"@type\":\"ImageObject\",\"inLanguage\":\"gl-ES\",\"@id\":\"https:\\\/\\\/www.anovapeneira.gal\\\/#\\\/schema\\\/logo\\\/image\\\/\",\"url\":\"http:\\\/\\\/www.anovapeneira.gal\\\/wp-content\\\/uploads\\\/2019\\\/06\\\/logo_a_nova_peneira_portal_web.png\",\"contentUrl\":\"http:\\\/\\\/www.anovapeneira.gal\\\/wp-content\\\/uploads\\\/2019\\\/06\\\/logo_a_nova_peneira_portal_web.png\",\"width\":300,\"height\":100,\"caption\":\"A Nova Peneira\"},\"image\":{\"@id\":\"https:\\\/\\\/www.anovapeneira.gal\\\/#\\\/schema\\\/logo\\\/image\\\/\"},\"sameAs\":[\"https:\\\/\\\/www.facebook.com\\\/anovapeneira\",\"https:\\\/\\\/x.com\\\/APeneira\"]},{\"@type\":\"Person\",\"@id\":\"https:\\\/\\\/www.anovapeneira.gal\\\/#\\\/schema\\\/person\\\/b93e3f8932e3f8da96334607eb6ac6aa\",\"name\":\"Redacci\u00f3n A Nova Peneira\",\"image\":{\"@type\":\"ImageObject\",\"inLanguage\":\"gl-ES\",\"@id\":\"https:\\\/\\\/secure.gravatar.com\\\/avatar\\\/c052a2551a06e23fac63626232eaa90abd78dbcf1700fc46a2b2c89fd27b735f?s=96&d=mm&r=g\",\"url\":\"https:\\\/\\\/secure.gravatar.com\\\/avatar\\\/c052a2551a06e23fac63626232eaa90abd78dbcf1700fc46a2b2c89fd27b735f?s=96&d=mm&r=g\",\"contentUrl\":\"https:\\\/\\\/secure.gravatar.com\\\/avatar\\\/c052a2551a06e23fac63626232eaa90abd78dbcf1700fc46a2b2c89fd27b735f?s=96&d=mm&r=g\",\"caption\":\"Redacci\u00f3n A Nova Peneira\"},\"sameAs\":[\"http:\\\/\\\/www.anovapeneira.gal\\\/\"],\"url\":\"https:\\\/\\\/www.anovapeneira.gal\\\/index.php\\\/author\\\/redactor\\\/\"}]}<\/script>\n<!-- \/ Yoast SEO plugin. -->","yoast_head_json":{"title":"Iria Malvido presenta a s\u00faa dimisi\u00f3n como concelleira \u201cpor responsabilidade e polo profundo afecto que te\u00f1o por Cangas e polo meu partido\u201d -","robots":{"index":"index","follow":"follow","max-snippet":"max-snippet:-1","max-image-preview":"max-image-preview:large","max-video-preview":"max-video-preview:-1"},"canonical":"https:\/\/www.anovapeneira.gal\/index.php\/2024\/09\/03\/iria-malvido-presenta-a-sua-dimision-como-concelleira-por-responsabilidade-e-polo-profundo-afecto-que-teno-por-cangas-e-polo-meu-partido\/","og_locale":"gl_ES","og_type":"article","og_title":"Iria Malvido presenta a s\u00faa dimisi\u00f3n como concelleira \u201cpor responsabilidade e polo profundo afecto que te\u00f1o por Cangas e polo meu partido\u201d -","og_description":"O secretario xeral provincial do PSdeG-PSOE, David Regades, agradece \u00e1 tenente de alcalde canguesa \u201ca s\u00faa dedicaci\u00f3n, o gran traballo feito no Concello e a madurez pol\u00edtica que demostra despois dun erro na s\u00faa vida privada\u201d [...]","og_url":"https:\/\/www.anovapeneira.gal\/index.php\/2024\/09\/03\/iria-malvido-presenta-a-sua-dimision-como-concelleira-por-responsabilidade-e-polo-profundo-afecto-que-teno-por-cangas-e-polo-meu-partido\/","article_publisher":"https:\/\/www.facebook.com\/anovapeneira","article_published_time":"2024-09-03T10:00:31+00:00","og_image":[{"width":720,"height":432,"url":"https:\/\/www.anovapeneira.gal\/wp-content\/uploads\/2021\/10\/logo_concello_cangas.png","type":"image\/png"}],"author":"Redacci\u00f3n A Nova Peneira","twitter_card":"summary_large_image","twitter_creator":"@APeneira","twitter_site":"@APeneira","twitter_misc":{"Escrito por":"Redacci\u00f3n A Nova Peneira","Tempo de lectura":"2 minutos"},"schema":{"@context":"https:\/\/schema.org","@graph":[{"@type":"Article","@id":"https:\/\/www.anovapeneira.gal\/index.php\/2024\/09\/03\/iria-malvido-presenta-a-sua-dimision-como-concelleira-por-responsabilidade-e-polo-profundo-afecto-que-teno-por-cangas-e-polo-meu-partido\/#article","isPartOf":{"@id":"https:\/\/www.anovapeneira.gal\/index.php\/2024\/09\/03\/iria-malvido-presenta-a-sua-dimision-como-concelleira-por-responsabilidade-e-polo-profundo-afecto-que-teno-por-cangas-e-polo-meu-partido\/"},"author":{"name":"Redacci\u00f3n A Nova Peneira","@id":"https:\/\/www.anovapeneira.gal\/#\/schema\/person\/b93e3f8932e3f8da96334607eb6ac6aa"},"headline":"Iria Malvido presenta a s\u00faa dimisi\u00f3n como concelleira \u201cpor responsabilidade e polo profundo afecto que te\u00f1o por Cangas e polo meu partido\u201d","datePublished":"2024-09-03T10:00:31+00:00","mainEntityOfPage":{"@id":"https:\/\/www.anovapeneira.gal\/index.php\/2024\/09\/03\/iria-malvido-presenta-a-sua-dimision-como-concelleira-por-responsabilidade-e-polo-profundo-afecto-que-teno-por-cangas-e-polo-meu-partido\/"},"wordCount":376,"commentCount":0,"publisher":{"@id":"https:\/\/www.anovapeneira.gal\/#organization"},"image":{"@id":"https:\/\/www.anovapeneira.gal\/index.php\/2024\/09\/03\/iria-malvido-presenta-a-sua-dimision-como-concelleira-por-responsabilidade-e-polo-profundo-afecto-que-teno-por-cangas-e-polo-meu-partido\/#primaryimage"},"thumbnailUrl":"https:\/\/www.anovapeneira.gal\/wp-content\/uploads\/2021\/10\/logo_concello_cangas.png","keywords":["Concello de Cangas do Morrazo"],"articleSection":["Morrazo"],"inLanguage":"gl-ES","potentialAction":[{"@type":"CommentAction","name":"Comment","target":["https:\/\/www.anovapeneira.gal\/index.php\/2024\/09\/03\/iria-malvido-presenta-a-sua-dimision-como-concelleira-por-responsabilidade-e-polo-profundo-afecto-que-teno-por-cangas-e-polo-meu-partido\/#respond"]}]},{"@type":"WebPage","@id":"https:\/\/www.anovapeneira.gal\/index.php\/2024\/09\/03\/iria-malvido-presenta-a-sua-dimision-como-concelleira-por-responsabilidade-e-polo-profundo-afecto-que-teno-por-cangas-e-polo-meu-partido\/","url":"https:\/\/www.anovapeneira.gal\/index.php\/2024\/09\/03\/iria-malvido-presenta-a-sua-dimision-como-concelleira-por-responsabilidade-e-polo-profundo-afecto-que-teno-por-cangas-e-polo-meu-partido\/","name":"Iria Malvido presenta a s\u00faa dimisi\u00f3n como concelleira \u201cpor responsabilidade e polo profundo afecto que te\u00f1o por Cangas e polo meu partido\u201d -","isPartOf":{"@id":"https:\/\/www.anovapeneira.gal\/#website"},"primaryImageOfPage":{"@id":"https:\/\/www.anovapeneira.gal\/index.php\/2024\/09\/03\/iria-malvido-presenta-a-sua-dimision-como-concelleira-por-responsabilidade-e-polo-profundo-afecto-que-teno-por-cangas-e-polo-meu-partido\/#primaryimage"},"image":{"@id":"https:\/\/www.anovapeneira.gal\/index.php\/2024\/09\/03\/iria-malvido-presenta-a-sua-dimision-como-concelleira-por-responsabilidade-e-polo-profundo-afecto-que-teno-por-cangas-e-polo-meu-partido\/#primaryimage"},"thumbnailUrl":"https:\/\/www.anovapeneira.gal\/wp-content\/uploads\/2021\/10\/logo_concello_cangas.png","datePublished":"2024-09-03T10:00:31+00:00","breadcrumb":{"@id":"https:\/\/www.anovapeneira.gal\/index.php\/2024\/09\/03\/iria-malvido-presenta-a-sua-dimision-como-concelleira-por-responsabilidade-e-polo-profundo-afecto-que-teno-por-cangas-e-polo-meu-partido\/#breadcrumb"},"inLanguage":"gl-ES","potentialAction":[{"@type":"ReadAction","target":["https:\/\/www.anovapeneira.gal\/index.php\/2024\/09\/03\/iria-malvido-presenta-a-sua-dimision-como-concelleira-por-responsabilidade-e-polo-profundo-afecto-que-teno-por-cangas-e-polo-meu-partido\/"]}]},{"@type":"ImageObject","inLanguage":"gl-ES","@id":"https:\/\/www.anovapeneira.gal\/index.php\/2024\/09\/03\/iria-malvido-presenta-a-sua-dimision-como-concelleira-por-responsabilidade-e-polo-profundo-afecto-que-teno-por-cangas-e-polo-meu-partido\/#primaryimage","url":"https:\/\/www.anovapeneira.gal\/wp-content\/uploads\/2021\/10\/logo_concello_cangas.png","contentUrl":"https:\/\/www.anovapeneira.gal\/wp-content\/uploads\/2021\/10\/logo_concello_cangas.png","width":720,"height":432,"caption":"Logo concello de Cangas"},{"@type":"BreadcrumbList","@id":"https:\/\/www.anovapeneira.gal\/index.php\/2024\/09\/03\/iria-malvido-presenta-a-sua-dimision-como-concelleira-por-responsabilidade-e-polo-profundo-afecto-que-teno-por-cangas-e-polo-meu-partido\/#breadcrumb","itemListElement":[{"@type":"ListItem","position":1,"name":"Portada","item":"https:\/\/www.anovapeneira.gal\/"},{"@type":"ListItem","position":2,"name":"Iria Malvido presenta a s\u00faa dimisi\u00f3n como concelleira \u201cpor responsabilidade e polo profundo afecto que te\u00f1o por Cangas e polo meu partido\u201d"}]},{"@type":"WebSite","@id":"https:\/\/www.anovapeneira.gal\/#website","url":"https:\/\/www.anovapeneira.gal\/","name":"","description":"Xornal galego de informaci\u00f3n xeral Publicaci\u00f3n mensual de novas de Galicia e en especial dos Concellos da sur da provincia de Pontevedra.","publisher":{"@id":"https:\/\/www.anovapeneira.gal\/#organization"},"potentialAction":[{"@type":"SearchAction","target":{"@type":"EntryPoint","urlTemplate":"https:\/\/www.anovapeneira.gal\/?s={search_term_string}"},"query-input":{"@type":"PropertyValueSpecification","valueRequired":true,"valueName":"search_term_string"}}],"inLanguage":"gl-ES"},{"@type":"Organization","@id":"https:\/\/www.anovapeneira.gal\/#organization","name":"A Nova Peneira","url":"https:\/\/www.anovapeneira.gal\/","logo":{"@type":"ImageObject","inLanguage":"gl-ES","@id":"https:\/\/www.anovapeneira.gal\/#\/schema\/logo\/image\/","url":"http:\/\/www.anovapeneira.gal\/wp-content\/uploads\/2019\/06\/logo_a_nova_peneira_portal_web.png","contentUrl":"http:\/\/www.anovapeneira.gal\/wp-content\/uploads\/2019\/06\/logo_a_nova_peneira_portal_web.png","width":300,"height":100,"caption":"A Nova Peneira"},"image":{"@id":"https:\/\/www.anovapeneira.gal\/#\/schema\/logo\/image\/"},"sameAs":["https:\/\/www.facebook.com\/anovapeneira","https:\/\/x.com\/APeneira"]},{"@type":"Person","@id":"https:\/\/www.anovapeneira.gal\/#\/schema\/person\/b93e3f8932e3f8da96334607eb6ac6aa","name":"Redacci\u00f3n A Nova Peneira","image":{"@type":"ImageObject","inLanguage":"gl-ES","@id":"https:\/\/secure.gravatar.com\/avatar\/c052a2551a06e23fac63626232eaa90abd78dbcf1700fc46a2b2c89fd27b735f?s=96&d=mm&r=g","url":"https:\/\/secure.gravatar.com\/avatar\/c052a2551a06e23fac63626232eaa90abd78dbcf1700fc46a2b2c89fd27b735f?s=96&d=mm&r=g","contentUrl":"https:\/\/secure.gravatar.com\/avatar\/c052a2551a06e23fac63626232eaa90abd78dbcf1700fc46a2b2c89fd27b735f?s=96&d=mm&r=g","caption":"Redacci\u00f3n A Nova Peneira"},"sameAs":["http:\/\/www.anovapeneira.gal\/"],"url":"https:\/\/www.anovapeneira.gal\/index.php\/author\/redactor\/"}]}},"jetpack_featured_media_url":"https:\/\/www.anovapeneira.gal\/wp-content\/uploads\/2021\/10\/logo_concello_cangas.png","_links":{"self":[{"href":"https:\/\/www.anovapeneira.gal\/index.php\/wp-json\/wp\/v2\/posts\/12353","targetHints":{"allow":["GET"]}}],"collection":[{"href":"https:\/\/www.anovapeneira.gal\/index.php\/wp-json\/wp\/v2\/posts"}],"about":[{"href":"https:\/\/www.anovapeneira.gal\/index.php\/wp-json\/wp\/v2\/types\/post"}],"author":[{"embeddable":true,"href":"https:\/\/www.anovapeneira.gal\/index.php\/wp-json\/wp\/v2\/users\/3"}],"replies":[{"embeddable":true,"href":"https:\/\/www.anovapeneira.gal\/index.php\/wp-json\/wp\/v2\/comments?post=12353"}],"version-history":[{"count":1,"href":"https:\/\/www.anovapeneira.gal\/index.php\/wp-json\/wp\/v2\/posts\/12353\/revisions"}],"predecessor-version":[{"id":12354,"href":"https:\/\/www.anovapeneira.gal\/index.php\/wp-json\/wp\/v2\/posts\/12353\/revisions\/12354"}],"wp:featuredmedia":[{"embeddable":true,"href":"https:\/\/www.anovapeneira.gal\/index.php\/wp-json\/wp\/v2\/media\/6190"}],"wp:attachment":[{"href":"https:\/\/www.anovapeneira.gal\/index.php\/wp-json\/wp\/v2\/media?parent=12353"}],"wp:term":[{"taxonomy":"category","embeddable":true,"href":"https:\/\/www.anovapeneira.gal\/index.php\/wp-json\/wp\/v2\/categories?post=12353"},{"taxonomy":"post_tag","embeddable":true,"href":"https:\/\/www.anovapeneira.gal\/index.php\/wp-json\/wp\/v2\/tags?post=12353"}],"curies":[{"name":"wp","href":"https:\/\/api.w.org\/{rel}","templated":true}]}}