{"id":12355,"date":"2024-09-04T10:00:42","date_gmt":"2024-09-04T08:00:42","guid":{"rendered":"https:\/\/www.anovapeneira.gal\/?p=12355"},"modified":"2024-09-01T10:14:34","modified_gmt":"2024-09-01T08:14:34","slug":"catro-realizadoras-e-realizadoras-de-arxentina-cataluna-e-galicia-desenvolveran-os-seus-novos-proxectos-de-curtametraxes-na-ii-residencia-ficbueu-en-ons","status":"publish","type":"post","link":"https:\/\/www.anovapeneira.gal\/index.php\/2024\/09\/04\/catro-realizadoras-e-realizadoras-de-arxentina-cataluna-e-galicia-desenvolveran-os-seus-novos-proxectos-de-curtametraxes-na-ii-residencia-ficbueu-en-ons\/","title":{"rendered":"Catro realizadoras e realizadoras de Arxentina, Catalu\u00f1a e Galicia desenvolver\u00e1n os seus novos proxectos de curtametraxes na II Residencia FICBUEU en Ons"},"content":{"rendered":"\n<h2 class=\"wp-block-heading\">Entre o 16 e o 23 de outubro, e durante unha estad\u00eda na Illa, recibir\u00e1n formaci\u00f3n e apoio dun equipo de persoas expertas lideradas pola guionista de \u00ab20.000 especies de abellas\u00bb, Est\u00edbaliz Urresola<\/h2>\n\n\n\n<p>Te\u00f1en entre 25 e 28 anos, est\u00e1n a constru\u00edr o seu proxecto profesional arredor da creaci\u00f3n de historias en soporte audiovisual e cinema, e presentaron interesantes proxectos de gui\u00f3n que foron elixidos para participar na Residencia FICBUEU na Illa de Ons, o proxecto do Festival Internacional de Cinema de Bueu para apoiar o desenvolvemento de curtametraxes. Compartir\u00e1n as actividades de formaci\u00f3n e asesor\u00eda, algunhas de car\u00e1cter individual e outras de xeito grupal, a Residencia FICBUEU, na Illa de Ons, entre o 16 e o 23 de outubro. Unha das curtas, ademais, recibir\u00e1 apoio para a s\u00faa produci\u00f3n..<\/p>\n\n\n\n<p>As participantes seleccionadas este ano son Camila Maile\u0301n Bo\u0301veda Figueira, nada en Arxentina en 1996; Ana Calder\u00f3n (Caldes de Malavella, Girona, 1998); Anna Llargu\u00e9s (Barber\u00e0 del Vall\u00e8s, Barcelona, 1999), e o lucense Miguel Casaseca (1997). As tres primeiras presentaron \u00e1 convocatoria gui\u00f3ns de curtametraxes do x\u00e9nero dram\u00e1tico tituladas, respectivamente \u00c1rea Central, Cotorra e \u00c0via Peix. Casaseca prop\u00f3n a falsa documental From NASA to Merceditas.<\/p>\n\n\n\n<p>Equipo de formadoras<\/p>\n\n\n\n<p>O equipo formativo estar\u00e1 encabezado pola directora e guionista Estibaliz Urresola coma titora. A s\u00faa \u00f3pera prima, 20.000 especies de abellas, proxectada durante a pasada edici\u00f3n do FICBUEU, foi galardoada nos Premios Goya deste ano cos premios a Mellor Direcci\u00f3n Novel e Mellor Gui\u00f3n Orixinal. Durante unha semana, a directora alavesa levar\u00e1 a cabo sesi\u00f3ns individuais con cada unha das autoras e autores para a revisi\u00f3n das obras e o seu avance.<\/p>\n\n\n\n<p>Ademais das titor\u00edas individuais e espazos de de intercambio grupal con Urresola, as e os residentes ter\u00e1n acceso a tres formaci\u00f3ns espec\u00edficas en distintas materias para fortalecer os seus proxectos: Gui\u00f3n con perspectiva de x\u00e9nero, impartida por Carmen \u00c1valos; A importancia da coordinaci\u00f3n de intimidade nunha rodaxe da man, da man de T\u00e1bata Cerezo e Luc\u00eda Delgado, creadoras da empresa especializada IntimAct; e Primeiros pasos tras a finalizaci\u00f3n dun gui\u00f3n, impartida por Beli Mart\u00ednez.<\/p>\n\n\n\n<p>Produci\u00f3n dunha das curtas<\/p>\n\n\n\n<p>Rematado o programa, a organizaci\u00f3n seleccionar\u00e1 novamente un dos gui\u00f3ns participantes para o seu desenvolvemento e produci\u00f3n. Na I edici\u00f3n da Residencia, a do ano pasado, a pel\u00edcula elixida para a s\u00faa producion foi Sismes, de Jordi Sanz Angrill e co-guionizado xunto a David Junyent.<\/p>\n\n\n\n<p>Sismes conta a historia de Mila, que meses despois da misteriosa partida do seu ex marido, regresa \u00e1 illa volc\u00e1nica onde fixeran a s\u00faa l\u00faa de mel \u2013 que ela gravou cunha c\u00e1mara de video-. Est\u00e1 obsesionada con gravarse a ela mesma para recrear os supostos contraplanos das imaxes da viaxe nas que s\u00f3 parece o seu ex marido. A protagonista busca as\u00ed non s\u00f3 revivir o seu pasado, sen\u00f3n unir e manipular estas imaxes de tempos distintos para crear un novo relato, un novo recordo.<\/p>\n","protected":false},"excerpt":{"rendered":"<div class=\"mh-excerpt\"><p>Entre o 16 e o 23 de outubro, e durante unha estad\u00eda na Illa, recibir\u00e1n formaci\u00f3n e apoio dun equipo de persoas expertas lideradas pola guionista de \u00ab20.000 especies de abellas\u00bb, Est\u00edbaliz Urresola <a class=\"mh-excerpt-more\" href=\"https:\/\/www.anovapeneira.gal\/index.php\/2024\/09\/04\/catro-realizadoras-e-realizadoras-de-arxentina-cataluna-e-galicia-desenvolveran-os-seus-novos-proxectos-de-curtametraxes-na-ii-residencia-ficbueu-en-ons\/\" title=\"Catro realizadoras e realizadoras de Arxentina, Catalu\u00f1a e Galicia desenvolver\u00e1n os seus novos proxectos de curtametraxes na II Residencia FICBUEU en Ons\">[&#8230;]<\/a><\/p>\n<\/div>","protected":false},"author":3,"featured_media":12357,"comment_status":"open","ping_status":"open","sticky":false,"template":"","format":"standard","meta":{"_exactmetrics_skip_tracking":false,"_exactmetrics_sitenote_active":false,"_exactmetrics_sitenote_note":"","_exactmetrics_sitenote_category":0,"footnotes":""},"categories":[22],"tags":[1318],"class_list":{"0":"post-12355","1":"post","2":"type-post","3":"status-publish","4":"format-standard","5":"has-post-thumbnail","7":"category-morrazo","8":"tag-concello-de-bue"},"yoast_head":"<!-- This site is optimized with the Yoast SEO plugin v27.4 - https:\/\/yoast.com\/product\/yoast-seo-wordpress\/ -->\n<title>Catro realizadoras e realizadoras de Arxentina, Catalu\u00f1a e Galicia desenvolver\u00e1n os seus novos proxectos de curtametraxes na II Residencia FICBUEU en Ons -<\/title>\n<meta name=\"robots\" content=\"index, follow, max-snippet:-1, max-image-preview:large, max-video-preview:-1\" \/>\n<link rel=\"canonical\" href=\"https:\/\/www.anovapeneira.gal\/index.php\/2024\/09\/04\/catro-realizadoras-e-realizadoras-de-arxentina-cataluna-e-galicia-desenvolveran-os-seus-novos-proxectos-de-curtametraxes-na-ii-residencia-ficbueu-en-ons\/\" \/>\n<meta property=\"og:locale\" content=\"gl_ES\" \/>\n<meta property=\"og:type\" content=\"article\" \/>\n<meta property=\"og:title\" content=\"Catro realizadoras e realizadoras de Arxentina, Catalu\u00f1a e Galicia desenvolver\u00e1n os seus novos proxectos de curtametraxes na II Residencia FICBUEU en Ons -\" \/>\n<meta property=\"og:description\" content=\"Entre o 16 e o 23 de outubro, e durante unha estad\u00eda na Illa, recibir\u00e1n formaci\u00f3n e apoio dun equipo de persoas expertas lideradas pola guionista de \u00ab20.000 especies de abellas\u00bb, Est\u00edbaliz Urresola [...]\" \/>\n<meta property=\"og:url\" content=\"https:\/\/www.anovapeneira.gal\/index.php\/2024\/09\/04\/catro-realizadoras-e-realizadoras-de-arxentina-cataluna-e-galicia-desenvolveran-os-seus-novos-proxectos-de-curtametraxes-na-ii-residencia-ficbueu-en-ons\/\" \/>\n<meta property=\"article:publisher\" content=\"https:\/\/www.facebook.com\/anovapeneira\" \/>\n<meta property=\"article:published_time\" content=\"2024-09-04T08:00:42+00:00\" \/>\n<meta property=\"og:image\" content=\"https:\/\/www.anovapeneira.gal\/wp-content\/uploads\/2024\/09\/ficbueu.png\" \/>\n\t<meta property=\"og:image:width\" content=\"720\" \/>\n\t<meta property=\"og:image:height\" content=\"432\" \/>\n\t<meta property=\"og:image:type\" content=\"image\/png\" \/>\n<meta name=\"author\" content=\"Redacci\u00f3n A Nova Peneira\" \/>\n<meta name=\"twitter:card\" content=\"summary_large_image\" \/>\n<meta name=\"twitter:creator\" content=\"@APeneira\" \/>\n<meta name=\"twitter:site\" content=\"@APeneira\" \/>\n<meta name=\"twitter:label1\" content=\"Escrito por\" \/>\n\t<meta name=\"twitter:data1\" content=\"Redacci\u00f3n A Nova Peneira\" \/>\n\t<meta name=\"twitter:label2\" content=\"Tempo de lectura\" \/>\n\t<meta name=\"twitter:data2\" content=\"3 minutos\" \/>\n<script type=\"application\/ld+json\" class=\"yoast-schema-graph\">{\"@context\":\"https:\\\/\\\/schema.org\",\"@graph\":[{\"@type\":\"Article\",\"@id\":\"https:\\\/\\\/www.anovapeneira.gal\\\/index.php\\\/2024\\\/09\\\/04\\\/catro-realizadoras-e-realizadoras-de-arxentina-cataluna-e-galicia-desenvolveran-os-seus-novos-proxectos-de-curtametraxes-na-ii-residencia-ficbueu-en-ons\\\/#article\",\"isPartOf\":{\"@id\":\"https:\\\/\\\/www.anovapeneira.gal\\\/index.php\\\/2024\\\/09\\\/04\\\/catro-realizadoras-e-realizadoras-de-arxentina-cataluna-e-galicia-desenvolveran-os-seus-novos-proxectos-de-curtametraxes-na-ii-residencia-ficbueu-en-ons\\\/\"},\"author\":{\"name\":\"Redacci\u00f3n A Nova Peneira\",\"@id\":\"https:\\\/\\\/www.anovapeneira.gal\\\/#\\\/schema\\\/person\\\/b93e3f8932e3f8da96334607eb6ac6aa\"},\"headline\":\"Catro realizadoras e realizadoras de Arxentina, Catalu\u00f1a e Galicia desenvolver\u00e1n os seus novos proxectos de curtametraxes na II Residencia FICBUEU en Ons\",\"datePublished\":\"2024-09-04T08:00:42+00:00\",\"mainEntityOfPage\":{\"@id\":\"https:\\\/\\\/www.anovapeneira.gal\\\/index.php\\\/2024\\\/09\\\/04\\\/catro-realizadoras-e-realizadoras-de-arxentina-cataluna-e-galicia-desenvolveran-os-seus-novos-proxectos-de-curtametraxes-na-ii-residencia-ficbueu-en-ons\\\/\"},\"wordCount\":541,\"commentCount\":0,\"publisher\":{\"@id\":\"https:\\\/\\\/www.anovapeneira.gal\\\/#organization\"},\"image\":{\"@id\":\"https:\\\/\\\/www.anovapeneira.gal\\\/index.php\\\/2024\\\/09\\\/04\\\/catro-realizadoras-e-realizadoras-de-arxentina-cataluna-e-galicia-desenvolveran-os-seus-novos-proxectos-de-curtametraxes-na-ii-residencia-ficbueu-en-ons\\\/#primaryimage\"},\"thumbnailUrl\":\"https:\\\/\\\/www.anovapeneira.gal\\\/wp-content\\\/uploads\\\/2024\\\/09\\\/ficbueu.png\",\"keywords\":[\"Concello de Bue\"],\"articleSection\":[\"Morrazo\"],\"inLanguage\":\"gl-ES\",\"potentialAction\":[{\"@type\":\"CommentAction\",\"name\":\"Comment\",\"target\":[\"https:\\\/\\\/www.anovapeneira.gal\\\/index.php\\\/2024\\\/09\\\/04\\\/catro-realizadoras-e-realizadoras-de-arxentina-cataluna-e-galicia-desenvolveran-os-seus-novos-proxectos-de-curtametraxes-na-ii-residencia-ficbueu-en-ons\\\/#respond\"]}]},{\"@type\":\"WebPage\",\"@id\":\"https:\\\/\\\/www.anovapeneira.gal\\\/index.php\\\/2024\\\/09\\\/04\\\/catro-realizadoras-e-realizadoras-de-arxentina-cataluna-e-galicia-desenvolveran-os-seus-novos-proxectos-de-curtametraxes-na-ii-residencia-ficbueu-en-ons\\\/\",\"url\":\"https:\\\/\\\/www.anovapeneira.gal\\\/index.php\\\/2024\\\/09\\\/04\\\/catro-realizadoras-e-realizadoras-de-arxentina-cataluna-e-galicia-desenvolveran-os-seus-novos-proxectos-de-curtametraxes-na-ii-residencia-ficbueu-en-ons\\\/\",\"name\":\"Catro realizadoras e realizadoras de Arxentina, Catalu\u00f1a e Galicia desenvolver\u00e1n os seus novos proxectos de curtametraxes na II Residencia FICBUEU en Ons -\",\"isPartOf\":{\"@id\":\"https:\\\/\\\/www.anovapeneira.gal\\\/#website\"},\"primaryImageOfPage\":{\"@id\":\"https:\\\/\\\/www.anovapeneira.gal\\\/index.php\\\/2024\\\/09\\\/04\\\/catro-realizadoras-e-realizadoras-de-arxentina-cataluna-e-galicia-desenvolveran-os-seus-novos-proxectos-de-curtametraxes-na-ii-residencia-ficbueu-en-ons\\\/#primaryimage\"},\"image\":{\"@id\":\"https:\\\/\\\/www.anovapeneira.gal\\\/index.php\\\/2024\\\/09\\\/04\\\/catro-realizadoras-e-realizadoras-de-arxentina-cataluna-e-galicia-desenvolveran-os-seus-novos-proxectos-de-curtametraxes-na-ii-residencia-ficbueu-en-ons\\\/#primaryimage\"},\"thumbnailUrl\":\"https:\\\/\\\/www.anovapeneira.gal\\\/wp-content\\\/uploads\\\/2024\\\/09\\\/ficbueu.png\",\"datePublished\":\"2024-09-04T08:00:42+00:00\",\"breadcrumb\":{\"@id\":\"https:\\\/\\\/www.anovapeneira.gal\\\/index.php\\\/2024\\\/09\\\/04\\\/catro-realizadoras-e-realizadoras-de-arxentina-cataluna-e-galicia-desenvolveran-os-seus-novos-proxectos-de-curtametraxes-na-ii-residencia-ficbueu-en-ons\\\/#breadcrumb\"},\"inLanguage\":\"gl-ES\",\"potentialAction\":[{\"@type\":\"ReadAction\",\"target\":[\"https:\\\/\\\/www.anovapeneira.gal\\\/index.php\\\/2024\\\/09\\\/04\\\/catro-realizadoras-e-realizadoras-de-arxentina-cataluna-e-galicia-desenvolveran-os-seus-novos-proxectos-de-curtametraxes-na-ii-residencia-ficbueu-en-ons\\\/\"]}]},{\"@type\":\"ImageObject\",\"inLanguage\":\"gl-ES\",\"@id\":\"https:\\\/\\\/www.anovapeneira.gal\\\/index.php\\\/2024\\\/09\\\/04\\\/catro-realizadoras-e-realizadoras-de-arxentina-cataluna-e-galicia-desenvolveran-os-seus-novos-proxectos-de-curtametraxes-na-ii-residencia-ficbueu-en-ons\\\/#primaryimage\",\"url\":\"https:\\\/\\\/www.anovapeneira.gal\\\/wp-content\\\/uploads\\\/2024\\\/09\\\/ficbueu.png\",\"contentUrl\":\"https:\\\/\\\/www.anovapeneira.gal\\\/wp-content\\\/uploads\\\/2024\\\/09\\\/ficbueu.png\",\"width\":720,\"height\":432,\"caption\":\"FICBUEU\"},{\"@type\":\"BreadcrumbList\",\"@id\":\"https:\\\/\\\/www.anovapeneira.gal\\\/index.php\\\/2024\\\/09\\\/04\\\/catro-realizadoras-e-realizadoras-de-arxentina-cataluna-e-galicia-desenvolveran-os-seus-novos-proxectos-de-curtametraxes-na-ii-residencia-ficbueu-en-ons\\\/#breadcrumb\",\"itemListElement\":[{\"@type\":\"ListItem\",\"position\":1,\"name\":\"Portada\",\"item\":\"https:\\\/\\\/www.anovapeneira.gal\\\/\"},{\"@type\":\"ListItem\",\"position\":2,\"name\":\"Catro realizadoras e realizadoras de Arxentina, Catalu\u00f1a e Galicia desenvolver\u00e1n os seus novos proxectos de curtametraxes na II Residencia FICBUEU en Ons\"}]},{\"@type\":\"WebSite\",\"@id\":\"https:\\\/\\\/www.anovapeneira.gal\\\/#website\",\"url\":\"https:\\\/\\\/www.anovapeneira.gal\\\/\",\"name\":\"\",\"description\":\"Xornal galego de informaci\u00f3n xeral Publicaci\u00f3n mensual de novas de Galicia e en especial dos Concellos da sur da provincia de Pontevedra.\",\"publisher\":{\"@id\":\"https:\\\/\\\/www.anovapeneira.gal\\\/#organization\"},\"potentialAction\":[{\"@type\":\"SearchAction\",\"target\":{\"@type\":\"EntryPoint\",\"urlTemplate\":\"https:\\\/\\\/www.anovapeneira.gal\\\/?s={search_term_string}\"},\"query-input\":{\"@type\":\"PropertyValueSpecification\",\"valueRequired\":true,\"valueName\":\"search_term_string\"}}],\"inLanguage\":\"gl-ES\"},{\"@type\":\"Organization\",\"@id\":\"https:\\\/\\\/www.anovapeneira.gal\\\/#organization\",\"name\":\"A Nova Peneira\",\"url\":\"https:\\\/\\\/www.anovapeneira.gal\\\/\",\"logo\":{\"@type\":\"ImageObject\",\"inLanguage\":\"gl-ES\",\"@id\":\"https:\\\/\\\/www.anovapeneira.gal\\\/#\\\/schema\\\/logo\\\/image\\\/\",\"url\":\"http:\\\/\\\/www.anovapeneira.gal\\\/wp-content\\\/uploads\\\/2019\\\/06\\\/logo_a_nova_peneira_portal_web.png\",\"contentUrl\":\"http:\\\/\\\/www.anovapeneira.gal\\\/wp-content\\\/uploads\\\/2019\\\/06\\\/logo_a_nova_peneira_portal_web.png\",\"width\":300,\"height\":100,\"caption\":\"A Nova Peneira\"},\"image\":{\"@id\":\"https:\\\/\\\/www.anovapeneira.gal\\\/#\\\/schema\\\/logo\\\/image\\\/\"},\"sameAs\":[\"https:\\\/\\\/www.facebook.com\\\/anovapeneira\",\"https:\\\/\\\/x.com\\\/APeneira\"]},{\"@type\":\"Person\",\"@id\":\"https:\\\/\\\/www.anovapeneira.gal\\\/#\\\/schema\\\/person\\\/b93e3f8932e3f8da96334607eb6ac6aa\",\"name\":\"Redacci\u00f3n A Nova Peneira\",\"image\":{\"@type\":\"ImageObject\",\"inLanguage\":\"gl-ES\",\"@id\":\"https:\\\/\\\/secure.gravatar.com\\\/avatar\\\/c052a2551a06e23fac63626232eaa90abd78dbcf1700fc46a2b2c89fd27b735f?s=96&d=mm&r=g\",\"url\":\"https:\\\/\\\/secure.gravatar.com\\\/avatar\\\/c052a2551a06e23fac63626232eaa90abd78dbcf1700fc46a2b2c89fd27b735f?s=96&d=mm&r=g\",\"contentUrl\":\"https:\\\/\\\/secure.gravatar.com\\\/avatar\\\/c052a2551a06e23fac63626232eaa90abd78dbcf1700fc46a2b2c89fd27b735f?s=96&d=mm&r=g\",\"caption\":\"Redacci\u00f3n A Nova Peneira\"},\"sameAs\":[\"http:\\\/\\\/www.anovapeneira.gal\\\/\"],\"url\":\"https:\\\/\\\/www.anovapeneira.gal\\\/index.php\\\/author\\\/redactor\\\/\"}]}<\/script>\n<!-- \/ Yoast SEO plugin. -->","yoast_head_json":{"title":"Catro realizadoras e realizadoras de Arxentina, Catalu\u00f1a e Galicia desenvolver\u00e1n os seus novos proxectos de curtametraxes na II Residencia FICBUEU en Ons -","robots":{"index":"index","follow":"follow","max-snippet":"max-snippet:-1","max-image-preview":"max-image-preview:large","max-video-preview":"max-video-preview:-1"},"canonical":"https:\/\/www.anovapeneira.gal\/index.php\/2024\/09\/04\/catro-realizadoras-e-realizadoras-de-arxentina-cataluna-e-galicia-desenvolveran-os-seus-novos-proxectos-de-curtametraxes-na-ii-residencia-ficbueu-en-ons\/","og_locale":"gl_ES","og_type":"article","og_title":"Catro realizadoras e realizadoras de Arxentina, Catalu\u00f1a e Galicia desenvolver\u00e1n os seus novos proxectos de curtametraxes na II Residencia FICBUEU en Ons -","og_description":"Entre o 16 e o 23 de outubro, e durante unha estad\u00eda na Illa, recibir\u00e1n formaci\u00f3n e apoio dun equipo de persoas expertas lideradas pola guionista de \u00ab20.000 especies de abellas\u00bb, Est\u00edbaliz Urresola [...]","og_url":"https:\/\/www.anovapeneira.gal\/index.php\/2024\/09\/04\/catro-realizadoras-e-realizadoras-de-arxentina-cataluna-e-galicia-desenvolveran-os-seus-novos-proxectos-de-curtametraxes-na-ii-residencia-ficbueu-en-ons\/","article_publisher":"https:\/\/www.facebook.com\/anovapeneira","article_published_time":"2024-09-04T08:00:42+00:00","og_image":[{"width":720,"height":432,"url":"https:\/\/www.anovapeneira.gal\/wp-content\/uploads\/2024\/09\/ficbueu.png","type":"image\/png"}],"author":"Redacci\u00f3n A Nova Peneira","twitter_card":"summary_large_image","twitter_creator":"@APeneira","twitter_site":"@APeneira","twitter_misc":{"Escrito por":"Redacci\u00f3n A Nova Peneira","Tempo de lectura":"3 minutos"},"schema":{"@context":"https:\/\/schema.org","@graph":[{"@type":"Article","@id":"https:\/\/www.anovapeneira.gal\/index.php\/2024\/09\/04\/catro-realizadoras-e-realizadoras-de-arxentina-cataluna-e-galicia-desenvolveran-os-seus-novos-proxectos-de-curtametraxes-na-ii-residencia-ficbueu-en-ons\/#article","isPartOf":{"@id":"https:\/\/www.anovapeneira.gal\/index.php\/2024\/09\/04\/catro-realizadoras-e-realizadoras-de-arxentina-cataluna-e-galicia-desenvolveran-os-seus-novos-proxectos-de-curtametraxes-na-ii-residencia-ficbueu-en-ons\/"},"author":{"name":"Redacci\u00f3n A Nova Peneira","@id":"https:\/\/www.anovapeneira.gal\/#\/schema\/person\/b93e3f8932e3f8da96334607eb6ac6aa"},"headline":"Catro realizadoras e realizadoras de Arxentina, Catalu\u00f1a e Galicia desenvolver\u00e1n os seus novos proxectos de curtametraxes na II Residencia FICBUEU en Ons","datePublished":"2024-09-04T08:00:42+00:00","mainEntityOfPage":{"@id":"https:\/\/www.anovapeneira.gal\/index.php\/2024\/09\/04\/catro-realizadoras-e-realizadoras-de-arxentina-cataluna-e-galicia-desenvolveran-os-seus-novos-proxectos-de-curtametraxes-na-ii-residencia-ficbueu-en-ons\/"},"wordCount":541,"commentCount":0,"publisher":{"@id":"https:\/\/www.anovapeneira.gal\/#organization"},"image":{"@id":"https:\/\/www.anovapeneira.gal\/index.php\/2024\/09\/04\/catro-realizadoras-e-realizadoras-de-arxentina-cataluna-e-galicia-desenvolveran-os-seus-novos-proxectos-de-curtametraxes-na-ii-residencia-ficbueu-en-ons\/#primaryimage"},"thumbnailUrl":"https:\/\/www.anovapeneira.gal\/wp-content\/uploads\/2024\/09\/ficbueu.png","keywords":["Concello de Bue"],"articleSection":["Morrazo"],"inLanguage":"gl-ES","potentialAction":[{"@type":"CommentAction","name":"Comment","target":["https:\/\/www.anovapeneira.gal\/index.php\/2024\/09\/04\/catro-realizadoras-e-realizadoras-de-arxentina-cataluna-e-galicia-desenvolveran-os-seus-novos-proxectos-de-curtametraxes-na-ii-residencia-ficbueu-en-ons\/#respond"]}]},{"@type":"WebPage","@id":"https:\/\/www.anovapeneira.gal\/index.php\/2024\/09\/04\/catro-realizadoras-e-realizadoras-de-arxentina-cataluna-e-galicia-desenvolveran-os-seus-novos-proxectos-de-curtametraxes-na-ii-residencia-ficbueu-en-ons\/","url":"https:\/\/www.anovapeneira.gal\/index.php\/2024\/09\/04\/catro-realizadoras-e-realizadoras-de-arxentina-cataluna-e-galicia-desenvolveran-os-seus-novos-proxectos-de-curtametraxes-na-ii-residencia-ficbueu-en-ons\/","name":"Catro realizadoras e realizadoras de Arxentina, Catalu\u00f1a e Galicia desenvolver\u00e1n os seus novos proxectos de curtametraxes na II Residencia FICBUEU en Ons -","isPartOf":{"@id":"https:\/\/www.anovapeneira.gal\/#website"},"primaryImageOfPage":{"@id":"https:\/\/www.anovapeneira.gal\/index.php\/2024\/09\/04\/catro-realizadoras-e-realizadoras-de-arxentina-cataluna-e-galicia-desenvolveran-os-seus-novos-proxectos-de-curtametraxes-na-ii-residencia-ficbueu-en-ons\/#primaryimage"},"image":{"@id":"https:\/\/www.anovapeneira.gal\/index.php\/2024\/09\/04\/catro-realizadoras-e-realizadoras-de-arxentina-cataluna-e-galicia-desenvolveran-os-seus-novos-proxectos-de-curtametraxes-na-ii-residencia-ficbueu-en-ons\/#primaryimage"},"thumbnailUrl":"https:\/\/www.anovapeneira.gal\/wp-content\/uploads\/2024\/09\/ficbueu.png","datePublished":"2024-09-04T08:00:42+00:00","breadcrumb":{"@id":"https:\/\/www.anovapeneira.gal\/index.php\/2024\/09\/04\/catro-realizadoras-e-realizadoras-de-arxentina-cataluna-e-galicia-desenvolveran-os-seus-novos-proxectos-de-curtametraxes-na-ii-residencia-ficbueu-en-ons\/#breadcrumb"},"inLanguage":"gl-ES","potentialAction":[{"@type":"ReadAction","target":["https:\/\/www.anovapeneira.gal\/index.php\/2024\/09\/04\/catro-realizadoras-e-realizadoras-de-arxentina-cataluna-e-galicia-desenvolveran-os-seus-novos-proxectos-de-curtametraxes-na-ii-residencia-ficbueu-en-ons\/"]}]},{"@type":"ImageObject","inLanguage":"gl-ES","@id":"https:\/\/www.anovapeneira.gal\/index.php\/2024\/09\/04\/catro-realizadoras-e-realizadoras-de-arxentina-cataluna-e-galicia-desenvolveran-os-seus-novos-proxectos-de-curtametraxes-na-ii-residencia-ficbueu-en-ons\/#primaryimage","url":"https:\/\/www.anovapeneira.gal\/wp-content\/uploads\/2024\/09\/ficbueu.png","contentUrl":"https:\/\/www.anovapeneira.gal\/wp-content\/uploads\/2024\/09\/ficbueu.png","width":720,"height":432,"caption":"FICBUEU"},{"@type":"BreadcrumbList","@id":"https:\/\/www.anovapeneira.gal\/index.php\/2024\/09\/04\/catro-realizadoras-e-realizadoras-de-arxentina-cataluna-e-galicia-desenvolveran-os-seus-novos-proxectos-de-curtametraxes-na-ii-residencia-ficbueu-en-ons\/#breadcrumb","itemListElement":[{"@type":"ListItem","position":1,"name":"Portada","item":"https:\/\/www.anovapeneira.gal\/"},{"@type":"ListItem","position":2,"name":"Catro realizadoras e realizadoras de Arxentina, Catalu\u00f1a e Galicia desenvolver\u00e1n os seus novos proxectos de curtametraxes na II Residencia FICBUEU en Ons"}]},{"@type":"WebSite","@id":"https:\/\/www.anovapeneira.gal\/#website","url":"https:\/\/www.anovapeneira.gal\/","name":"","description":"Xornal galego de informaci\u00f3n xeral Publicaci\u00f3n mensual de novas de Galicia e en especial dos Concellos da sur da provincia de Pontevedra.","publisher":{"@id":"https:\/\/www.anovapeneira.gal\/#organization"},"potentialAction":[{"@type":"SearchAction","target":{"@type":"EntryPoint","urlTemplate":"https:\/\/www.anovapeneira.gal\/?s={search_term_string}"},"query-input":{"@type":"PropertyValueSpecification","valueRequired":true,"valueName":"search_term_string"}}],"inLanguage":"gl-ES"},{"@type":"Organization","@id":"https:\/\/www.anovapeneira.gal\/#organization","name":"A Nova Peneira","url":"https:\/\/www.anovapeneira.gal\/","logo":{"@type":"ImageObject","inLanguage":"gl-ES","@id":"https:\/\/www.anovapeneira.gal\/#\/schema\/logo\/image\/","url":"http:\/\/www.anovapeneira.gal\/wp-content\/uploads\/2019\/06\/logo_a_nova_peneira_portal_web.png","contentUrl":"http:\/\/www.anovapeneira.gal\/wp-content\/uploads\/2019\/06\/logo_a_nova_peneira_portal_web.png","width":300,"height":100,"caption":"A Nova Peneira"},"image":{"@id":"https:\/\/www.anovapeneira.gal\/#\/schema\/logo\/image\/"},"sameAs":["https:\/\/www.facebook.com\/anovapeneira","https:\/\/x.com\/APeneira"]},{"@type":"Person","@id":"https:\/\/www.anovapeneira.gal\/#\/schema\/person\/b93e3f8932e3f8da96334607eb6ac6aa","name":"Redacci\u00f3n A Nova Peneira","image":{"@type":"ImageObject","inLanguage":"gl-ES","@id":"https:\/\/secure.gravatar.com\/avatar\/c052a2551a06e23fac63626232eaa90abd78dbcf1700fc46a2b2c89fd27b735f?s=96&d=mm&r=g","url":"https:\/\/secure.gravatar.com\/avatar\/c052a2551a06e23fac63626232eaa90abd78dbcf1700fc46a2b2c89fd27b735f?s=96&d=mm&r=g","contentUrl":"https:\/\/secure.gravatar.com\/avatar\/c052a2551a06e23fac63626232eaa90abd78dbcf1700fc46a2b2c89fd27b735f?s=96&d=mm&r=g","caption":"Redacci\u00f3n A Nova Peneira"},"sameAs":["http:\/\/www.anovapeneira.gal\/"],"url":"https:\/\/www.anovapeneira.gal\/index.php\/author\/redactor\/"}]}},"jetpack_featured_media_url":"https:\/\/www.anovapeneira.gal\/wp-content\/uploads\/2024\/09\/ficbueu.png","_links":{"self":[{"href":"https:\/\/www.anovapeneira.gal\/index.php\/wp-json\/wp\/v2\/posts\/12355","targetHints":{"allow":["GET"]}}],"collection":[{"href":"https:\/\/www.anovapeneira.gal\/index.php\/wp-json\/wp\/v2\/posts"}],"about":[{"href":"https:\/\/www.anovapeneira.gal\/index.php\/wp-json\/wp\/v2\/types\/post"}],"author":[{"embeddable":true,"href":"https:\/\/www.anovapeneira.gal\/index.php\/wp-json\/wp\/v2\/users\/3"}],"replies":[{"embeddable":true,"href":"https:\/\/www.anovapeneira.gal\/index.php\/wp-json\/wp\/v2\/comments?post=12355"}],"version-history":[{"count":3,"href":"https:\/\/www.anovapeneira.gal\/index.php\/wp-json\/wp\/v2\/posts\/12355\/revisions"}],"predecessor-version":[{"id":12359,"href":"https:\/\/www.anovapeneira.gal\/index.php\/wp-json\/wp\/v2\/posts\/12355\/revisions\/12359"}],"wp:featuredmedia":[{"embeddable":true,"href":"https:\/\/www.anovapeneira.gal\/index.php\/wp-json\/wp\/v2\/media\/12357"}],"wp:attachment":[{"href":"https:\/\/www.anovapeneira.gal\/index.php\/wp-json\/wp\/v2\/media?parent=12355"}],"wp:term":[{"taxonomy":"category","embeddable":true,"href":"https:\/\/www.anovapeneira.gal\/index.php\/wp-json\/wp\/v2\/categories?post=12355"},{"taxonomy":"post_tag","embeddable":true,"href":"https:\/\/www.anovapeneira.gal\/index.php\/wp-json\/wp\/v2\/tags?post=12355"}],"curies":[{"name":"wp","href":"https:\/\/api.w.org\/{rel}","templated":true}]}}