{"id":12364,"date":"2024-09-05T10:00:15","date_gmt":"2024-09-05T08:00:15","guid":{"rendered":"https:\/\/www.anovapeneira.gal\/?p=12364"},"modified":"2024-09-04T08:28:53","modified_gmt":"2024-09-04T06:28:53","slug":"o-concello-de-tomino-solicitara-a-revista-viajar-a-retirada-do-artigo-dos-pobos-mais-feos-e-que-se-desculpe-polo-dano-ocasionado","status":"publish","type":"post","link":"https:\/\/www.anovapeneira.gal\/index.php\/2024\/09\/05\/o-concello-de-tomino-solicitara-a-revista-viajar-a-retirada-do-artigo-dos-pobos-mais-feos-e-que-se-desculpe-polo-dano-ocasionado\/","title":{"rendered":"O Concello de Tomi\u00f1o solicitar\u00e1 a Revista Viajar a retirada do artigo dos pobos m\u00e1is feos e que se desculpe polo dano ocasionado"},"content":{"rendered":"\n<h2 class=\"wp-block-heading\"><strong>A alcaldesa ven de enviar unha carta ao director da Revista Viajar esixindo a realizaci\u00f3n dunha nova reportaxe sobre Tomi\u00f1o para resarcir a mala imaxe creada<\/strong><\/h2>\n\n\n\n<h2 class=\"wp-block-heading\"><strong>A alcaldesa levar\u00e1 unha proposta ao pleno para que sexa un rexeitamento un\u00e1nime da corporaci\u00f3n municipal e no que se aprobe a adopci\u00f3n de medidas legais contra a Revista Viajar<\/strong><\/h2>\n\n\n\n<p><strong>Tomi\u00f1o, 30 de agosto de 2024<\/strong><\/p>\n\n\n\n<p>O Concello de Tomi\u00f1o manifesta o seu absoluto rexeitamento \u00e1 inclusi\u00f3n do municipio nunha listaxe dos pobos m\u00e1is feos de Espa\u00f1a, publicada recentemente pola Revista Viajar e baseada na opini\u00f3n do sistema de intelixencia artificial ChatGPT. A alcaldesa, consciente da gravidade desta ofensa, ven de enviar unha carta ao director da revista solicitando a retirada inmediata do artigo publicado. As\u00ed mesmo, a alcaldesa insta a Revista Viajar a que resarza do dano creado na imaxe do concello coa publicaci\u00f3n dese artigo.<\/p>\n\n\n\n<p>Como parte das acci\u00f3ns en resposta a esta publicaci\u00f3n, a alcaldesa levar\u00e1 ao pr\u00f3ximo pleno do dia 10 de setembro unha proposta de Alcald\u00eda para que sexa aprobada por unanimidade de toda a Corporaci\u00f3n municipal, amosando as\u00ed a unidade e determinaci\u00f3n de Tomi\u00f1o na defensa da imaxe e valores do noso concello.<\/p>\n\n\n\n<p>A proposta incluir\u00e1 unha demanda formal \u00e1 Revista Viajar para que env\u00ede un equipo xornal\u00edstico ao municipio, co obxectivo de realizar unha reportaxe con rigor e seriedade, que reflicta fielmente a realidade de Tomi\u00f1o. De non atenderse estas solicitudes, o Concello estudar\u00e1 a posibilidade de emprender acci\u00f3ns legais para salvagardar o bo nome de Tomi\u00f1o e da s\u00faa veci\u00f1anza, que traballa d\u00eda a d\u00eda para conservar o patrimonio natural, cultural, hist\u00f3rico e patrimonial do municipio.<\/p>\n\n\n\n<p>Segundo a alcaldesa de Tomi\u00f1o \u201cnon entendemos unha publicaci\u00f3n dos pobos m\u00e1is feos m\u00e1is al\u00e1 do puro interese sensacionalista, toda vez que non existen pobos feos. A Revista Viajar ten que saber o dano que est\u00e1 creando e imos facerlle chegar que Tomi\u00f1o \u00e9 moi fermoso e que estamos xuntos e xuntas na defensa da nosa dignidade como concello\u201d.<\/p>\n","protected":false},"excerpt":{"rendered":"<div class=\"mh-excerpt\"><p>A alcaldesa ven de enviar unha carta ao director da Revista Viajar esixindo a realizaci\u00f3n dunha nova reportaxe sobre Tomi\u00f1o para resarcir a mala imaxe creada <a class=\"mh-excerpt-more\" href=\"https:\/\/www.anovapeneira.gal\/index.php\/2024\/09\/05\/o-concello-de-tomino-solicitara-a-revista-viajar-a-retirada-do-artigo-dos-pobos-mais-feos-e-que-se-desculpe-polo-dano-ocasionado\/\" title=\"O Concello de Tomi\u00f1o solicitar\u00e1 a Revista Viajar a retirada do artigo dos pobos m\u00e1is feos e que se desculpe polo dano ocasionado\">[&#8230;]<\/a><\/p>\n<\/div>","protected":false},"author":3,"featured_media":1336,"comment_status":"open","ping_status":"open","sticky":false,"template":"","format":"standard","meta":{"_exactmetrics_skip_tracking":false,"_exactmetrics_sitenote_active":false,"_exactmetrics_sitenote_note":"","_exactmetrics_sitenote_category":0,"footnotes":""},"categories":[21],"tags":[81],"class_list":{"0":"post-12364","1":"post","2":"type-post","3":"status-publish","4":"format-standard","5":"has-post-thumbnail","7":"category-baixo-mino","8":"tag-concello-de-tomino"},"yoast_head":"<!-- This site is optimized with the Yoast SEO plugin v27.4 - https:\/\/yoast.com\/product\/yoast-seo-wordpress\/ -->\n<title>O Concello de Tomi\u00f1o solicitar\u00e1 a Revista Viajar a retirada do artigo dos pobos m\u00e1is feos e que se desculpe polo dano ocasionado -<\/title>\n<meta name=\"robots\" content=\"index, follow, max-snippet:-1, max-image-preview:large, max-video-preview:-1\" \/>\n<link rel=\"canonical\" href=\"https:\/\/www.anovapeneira.gal\/index.php\/2024\/09\/05\/o-concello-de-tomino-solicitara-a-revista-viajar-a-retirada-do-artigo-dos-pobos-mais-feos-e-que-se-desculpe-polo-dano-ocasionado\/\" \/>\n<meta property=\"og:locale\" content=\"gl_ES\" \/>\n<meta property=\"og:type\" content=\"article\" \/>\n<meta property=\"og:title\" content=\"O Concello de Tomi\u00f1o solicitar\u00e1 a Revista Viajar a retirada do artigo dos pobos m\u00e1is feos e que se desculpe polo dano ocasionado -\" \/>\n<meta property=\"og:description\" content=\"A alcaldesa ven de enviar unha carta ao director da Revista Viajar esixindo a realizaci\u00f3n dunha nova reportaxe sobre Tomi\u00f1o para resarcir a mala imaxe creada [...]\" \/>\n<meta property=\"og:url\" content=\"https:\/\/www.anovapeneira.gal\/index.php\/2024\/09\/05\/o-concello-de-tomino-solicitara-a-revista-viajar-a-retirada-do-artigo-dos-pobos-mais-feos-e-que-se-desculpe-polo-dano-ocasionado\/\" \/>\n<meta property=\"article:publisher\" content=\"https:\/\/www.facebook.com\/anovapeneira\" \/>\n<meta property=\"article:published_time\" content=\"2024-09-05T08:00:15+00:00\" \/>\n<meta property=\"og:image\" content=\"https:\/\/www.anovapeneira.gal\/wp-content\/uploads\/2019\/09\/concello_De_tominho_a_nova_peneria.jpg\" \/>\n\t<meta property=\"og:image:width\" content=\"720\" \/>\n\t<meta property=\"og:image:height\" content=\"473\" \/>\n\t<meta property=\"og:image:type\" content=\"image\/jpeg\" \/>\n<meta name=\"author\" content=\"Redacci\u00f3n A Nova Peneira\" \/>\n<meta name=\"twitter:card\" content=\"summary_large_image\" \/>\n<meta name=\"twitter:creator\" content=\"@APeneira\" \/>\n<meta name=\"twitter:site\" content=\"@APeneira\" \/>\n<meta name=\"twitter:label1\" content=\"Escrito por\" \/>\n\t<meta name=\"twitter:data1\" content=\"Redacci\u00f3n A Nova Peneira\" \/>\n\t<meta name=\"twitter:label2\" content=\"Tempo de lectura\" \/>\n\t<meta name=\"twitter:data2\" content=\"2 minutos\" \/>\n<script type=\"application\/ld+json\" class=\"yoast-schema-graph\">{\"@context\":\"https:\\\/\\\/schema.org\",\"@graph\":[{\"@type\":\"Article\",\"@id\":\"https:\\\/\\\/www.anovapeneira.gal\\\/index.php\\\/2024\\\/09\\\/05\\\/o-concello-de-tomino-solicitara-a-revista-viajar-a-retirada-do-artigo-dos-pobos-mais-feos-e-que-se-desculpe-polo-dano-ocasionado\\\/#article\",\"isPartOf\":{\"@id\":\"https:\\\/\\\/www.anovapeneira.gal\\\/index.php\\\/2024\\\/09\\\/05\\\/o-concello-de-tomino-solicitara-a-revista-viajar-a-retirada-do-artigo-dos-pobos-mais-feos-e-que-se-desculpe-polo-dano-ocasionado\\\/\"},\"author\":{\"name\":\"Redacci\u00f3n A Nova Peneira\",\"@id\":\"https:\\\/\\\/www.anovapeneira.gal\\\/#\\\/schema\\\/person\\\/b93e3f8932e3f8da96334607eb6ac6aa\"},\"headline\":\"O Concello de Tomi\u00f1o solicitar\u00e1 a Revista Viajar a retirada do artigo dos pobos m\u00e1is feos e que se desculpe polo dano ocasionado\",\"datePublished\":\"2024-09-05T08:00:15+00:00\",\"mainEntityOfPage\":{\"@id\":\"https:\\\/\\\/www.anovapeneira.gal\\\/index.php\\\/2024\\\/09\\\/05\\\/o-concello-de-tomino-solicitara-a-revista-viajar-a-retirada-do-artigo-dos-pobos-mais-feos-e-que-se-desculpe-polo-dano-ocasionado\\\/\"},\"wordCount\":382,\"commentCount\":0,\"publisher\":{\"@id\":\"https:\\\/\\\/www.anovapeneira.gal\\\/#organization\"},\"image\":{\"@id\":\"https:\\\/\\\/www.anovapeneira.gal\\\/index.php\\\/2024\\\/09\\\/05\\\/o-concello-de-tomino-solicitara-a-revista-viajar-a-retirada-do-artigo-dos-pobos-mais-feos-e-que-se-desculpe-polo-dano-ocasionado\\\/#primaryimage\"},\"thumbnailUrl\":\"https:\\\/\\\/www.anovapeneira.gal\\\/wp-content\\\/uploads\\\/2019\\\/09\\\/concello_De_tominho_a_nova_peneria.jpg\",\"keywords\":[\"Concello de Tomi\u00f1o\"],\"articleSection\":[\"Baixo Mi\u00f1o\"],\"inLanguage\":\"gl-ES\",\"potentialAction\":[{\"@type\":\"CommentAction\",\"name\":\"Comment\",\"target\":[\"https:\\\/\\\/www.anovapeneira.gal\\\/index.php\\\/2024\\\/09\\\/05\\\/o-concello-de-tomino-solicitara-a-revista-viajar-a-retirada-do-artigo-dos-pobos-mais-feos-e-que-se-desculpe-polo-dano-ocasionado\\\/#respond\"]}]},{\"@type\":\"WebPage\",\"@id\":\"https:\\\/\\\/www.anovapeneira.gal\\\/index.php\\\/2024\\\/09\\\/05\\\/o-concello-de-tomino-solicitara-a-revista-viajar-a-retirada-do-artigo-dos-pobos-mais-feos-e-que-se-desculpe-polo-dano-ocasionado\\\/\",\"url\":\"https:\\\/\\\/www.anovapeneira.gal\\\/index.php\\\/2024\\\/09\\\/05\\\/o-concello-de-tomino-solicitara-a-revista-viajar-a-retirada-do-artigo-dos-pobos-mais-feos-e-que-se-desculpe-polo-dano-ocasionado\\\/\",\"name\":\"O Concello de Tomi\u00f1o solicitar\u00e1 a Revista Viajar a retirada do artigo dos pobos m\u00e1is feos e que se desculpe polo dano ocasionado -\",\"isPartOf\":{\"@id\":\"https:\\\/\\\/www.anovapeneira.gal\\\/#website\"},\"primaryImageOfPage\":{\"@id\":\"https:\\\/\\\/www.anovapeneira.gal\\\/index.php\\\/2024\\\/09\\\/05\\\/o-concello-de-tomino-solicitara-a-revista-viajar-a-retirada-do-artigo-dos-pobos-mais-feos-e-que-se-desculpe-polo-dano-ocasionado\\\/#primaryimage\"},\"image\":{\"@id\":\"https:\\\/\\\/www.anovapeneira.gal\\\/index.php\\\/2024\\\/09\\\/05\\\/o-concello-de-tomino-solicitara-a-revista-viajar-a-retirada-do-artigo-dos-pobos-mais-feos-e-que-se-desculpe-polo-dano-ocasionado\\\/#primaryimage\"},\"thumbnailUrl\":\"https:\\\/\\\/www.anovapeneira.gal\\\/wp-content\\\/uploads\\\/2019\\\/09\\\/concello_De_tominho_a_nova_peneria.jpg\",\"datePublished\":\"2024-09-05T08:00:15+00:00\",\"breadcrumb\":{\"@id\":\"https:\\\/\\\/www.anovapeneira.gal\\\/index.php\\\/2024\\\/09\\\/05\\\/o-concello-de-tomino-solicitara-a-revista-viajar-a-retirada-do-artigo-dos-pobos-mais-feos-e-que-se-desculpe-polo-dano-ocasionado\\\/#breadcrumb\"},\"inLanguage\":\"gl-ES\",\"potentialAction\":[{\"@type\":\"ReadAction\",\"target\":[\"https:\\\/\\\/www.anovapeneira.gal\\\/index.php\\\/2024\\\/09\\\/05\\\/o-concello-de-tomino-solicitara-a-revista-viajar-a-retirada-do-artigo-dos-pobos-mais-feos-e-que-se-desculpe-polo-dano-ocasionado\\\/\"]}]},{\"@type\":\"ImageObject\",\"inLanguage\":\"gl-ES\",\"@id\":\"https:\\\/\\\/www.anovapeneira.gal\\\/index.php\\\/2024\\\/09\\\/05\\\/o-concello-de-tomino-solicitara-a-revista-viajar-a-retirada-do-artigo-dos-pobos-mais-feos-e-que-se-desculpe-polo-dano-ocasionado\\\/#primaryimage\",\"url\":\"https:\\\/\\\/www.anovapeneira.gal\\\/wp-content\\\/uploads\\\/2019\\\/09\\\/concello_De_tominho_a_nova_peneria.jpg\",\"contentUrl\":\"https:\\\/\\\/www.anovapeneira.gal\\\/wp-content\\\/uploads\\\/2019\\\/09\\\/concello_De_tominho_a_nova_peneria.jpg\",\"width\":720,\"height\":473,\"caption\":\"Concello de Tomi\u00f1o A Nova Peneira\"},{\"@type\":\"BreadcrumbList\",\"@id\":\"https:\\\/\\\/www.anovapeneira.gal\\\/index.php\\\/2024\\\/09\\\/05\\\/o-concello-de-tomino-solicitara-a-revista-viajar-a-retirada-do-artigo-dos-pobos-mais-feos-e-que-se-desculpe-polo-dano-ocasionado\\\/#breadcrumb\",\"itemListElement\":[{\"@type\":\"ListItem\",\"position\":1,\"name\":\"Portada\",\"item\":\"https:\\\/\\\/www.anovapeneira.gal\\\/\"},{\"@type\":\"ListItem\",\"position\":2,\"name\":\"O Concello de Tomi\u00f1o solicitar\u00e1 a Revista Viajar a retirada do artigo dos pobos m\u00e1is feos e que se desculpe polo dano ocasionado\"}]},{\"@type\":\"WebSite\",\"@id\":\"https:\\\/\\\/www.anovapeneira.gal\\\/#website\",\"url\":\"https:\\\/\\\/www.anovapeneira.gal\\\/\",\"name\":\"\",\"description\":\"Xornal galego de informaci\u00f3n xeral Publicaci\u00f3n mensual de novas de Galicia e en especial dos Concellos da sur da provincia de Pontevedra.\",\"publisher\":{\"@id\":\"https:\\\/\\\/www.anovapeneira.gal\\\/#organization\"},\"potentialAction\":[{\"@type\":\"SearchAction\",\"target\":{\"@type\":\"EntryPoint\",\"urlTemplate\":\"https:\\\/\\\/www.anovapeneira.gal\\\/?s={search_term_string}\"},\"query-input\":{\"@type\":\"PropertyValueSpecification\",\"valueRequired\":true,\"valueName\":\"search_term_string\"}}],\"inLanguage\":\"gl-ES\"},{\"@type\":\"Organization\",\"@id\":\"https:\\\/\\\/www.anovapeneira.gal\\\/#organization\",\"name\":\"A Nova Peneira\",\"url\":\"https:\\\/\\\/www.anovapeneira.gal\\\/\",\"logo\":{\"@type\":\"ImageObject\",\"inLanguage\":\"gl-ES\",\"@id\":\"https:\\\/\\\/www.anovapeneira.gal\\\/#\\\/schema\\\/logo\\\/image\\\/\",\"url\":\"http:\\\/\\\/www.anovapeneira.gal\\\/wp-content\\\/uploads\\\/2019\\\/06\\\/logo_a_nova_peneira_portal_web.png\",\"contentUrl\":\"http:\\\/\\\/www.anovapeneira.gal\\\/wp-content\\\/uploads\\\/2019\\\/06\\\/logo_a_nova_peneira_portal_web.png\",\"width\":300,\"height\":100,\"caption\":\"A Nova Peneira\"},\"image\":{\"@id\":\"https:\\\/\\\/www.anovapeneira.gal\\\/#\\\/schema\\\/logo\\\/image\\\/\"},\"sameAs\":[\"https:\\\/\\\/www.facebook.com\\\/anovapeneira\",\"https:\\\/\\\/x.com\\\/APeneira\"]},{\"@type\":\"Person\",\"@id\":\"https:\\\/\\\/www.anovapeneira.gal\\\/#\\\/schema\\\/person\\\/b93e3f8932e3f8da96334607eb6ac6aa\",\"name\":\"Redacci\u00f3n A Nova Peneira\",\"image\":{\"@type\":\"ImageObject\",\"inLanguage\":\"gl-ES\",\"@id\":\"https:\\\/\\\/secure.gravatar.com\\\/avatar\\\/c052a2551a06e23fac63626232eaa90abd78dbcf1700fc46a2b2c89fd27b735f?s=96&d=mm&r=g\",\"url\":\"https:\\\/\\\/secure.gravatar.com\\\/avatar\\\/c052a2551a06e23fac63626232eaa90abd78dbcf1700fc46a2b2c89fd27b735f?s=96&d=mm&r=g\",\"contentUrl\":\"https:\\\/\\\/secure.gravatar.com\\\/avatar\\\/c052a2551a06e23fac63626232eaa90abd78dbcf1700fc46a2b2c89fd27b735f?s=96&d=mm&r=g\",\"caption\":\"Redacci\u00f3n A Nova Peneira\"},\"sameAs\":[\"http:\\\/\\\/www.anovapeneira.gal\\\/\"],\"url\":\"https:\\\/\\\/www.anovapeneira.gal\\\/index.php\\\/author\\\/redactor\\\/\"}]}<\/script>\n<!-- \/ Yoast SEO plugin. -->","yoast_head_json":{"title":"O Concello de Tomi\u00f1o solicitar\u00e1 a Revista Viajar a retirada do artigo dos pobos m\u00e1is feos e que se desculpe polo dano ocasionado -","robots":{"index":"index","follow":"follow","max-snippet":"max-snippet:-1","max-image-preview":"max-image-preview:large","max-video-preview":"max-video-preview:-1"},"canonical":"https:\/\/www.anovapeneira.gal\/index.php\/2024\/09\/05\/o-concello-de-tomino-solicitara-a-revista-viajar-a-retirada-do-artigo-dos-pobos-mais-feos-e-que-se-desculpe-polo-dano-ocasionado\/","og_locale":"gl_ES","og_type":"article","og_title":"O Concello de Tomi\u00f1o solicitar\u00e1 a Revista Viajar a retirada do artigo dos pobos m\u00e1is feos e que se desculpe polo dano ocasionado -","og_description":"A alcaldesa ven de enviar unha carta ao director da Revista Viajar esixindo a realizaci\u00f3n dunha nova reportaxe sobre Tomi\u00f1o para resarcir a mala imaxe creada [...]","og_url":"https:\/\/www.anovapeneira.gal\/index.php\/2024\/09\/05\/o-concello-de-tomino-solicitara-a-revista-viajar-a-retirada-do-artigo-dos-pobos-mais-feos-e-que-se-desculpe-polo-dano-ocasionado\/","article_publisher":"https:\/\/www.facebook.com\/anovapeneira","article_published_time":"2024-09-05T08:00:15+00:00","og_image":[{"width":720,"height":473,"url":"https:\/\/www.anovapeneira.gal\/wp-content\/uploads\/2019\/09\/concello_De_tominho_a_nova_peneria.jpg","type":"image\/jpeg"}],"author":"Redacci\u00f3n A Nova Peneira","twitter_card":"summary_large_image","twitter_creator":"@APeneira","twitter_site":"@APeneira","twitter_misc":{"Escrito por":"Redacci\u00f3n A Nova Peneira","Tempo de lectura":"2 minutos"},"schema":{"@context":"https:\/\/schema.org","@graph":[{"@type":"Article","@id":"https:\/\/www.anovapeneira.gal\/index.php\/2024\/09\/05\/o-concello-de-tomino-solicitara-a-revista-viajar-a-retirada-do-artigo-dos-pobos-mais-feos-e-que-se-desculpe-polo-dano-ocasionado\/#article","isPartOf":{"@id":"https:\/\/www.anovapeneira.gal\/index.php\/2024\/09\/05\/o-concello-de-tomino-solicitara-a-revista-viajar-a-retirada-do-artigo-dos-pobos-mais-feos-e-que-se-desculpe-polo-dano-ocasionado\/"},"author":{"name":"Redacci\u00f3n A Nova Peneira","@id":"https:\/\/www.anovapeneira.gal\/#\/schema\/person\/b93e3f8932e3f8da96334607eb6ac6aa"},"headline":"O Concello de Tomi\u00f1o solicitar\u00e1 a Revista Viajar a retirada do artigo dos pobos m\u00e1is feos e que se desculpe polo dano ocasionado","datePublished":"2024-09-05T08:00:15+00:00","mainEntityOfPage":{"@id":"https:\/\/www.anovapeneira.gal\/index.php\/2024\/09\/05\/o-concello-de-tomino-solicitara-a-revista-viajar-a-retirada-do-artigo-dos-pobos-mais-feos-e-que-se-desculpe-polo-dano-ocasionado\/"},"wordCount":382,"commentCount":0,"publisher":{"@id":"https:\/\/www.anovapeneira.gal\/#organization"},"image":{"@id":"https:\/\/www.anovapeneira.gal\/index.php\/2024\/09\/05\/o-concello-de-tomino-solicitara-a-revista-viajar-a-retirada-do-artigo-dos-pobos-mais-feos-e-que-se-desculpe-polo-dano-ocasionado\/#primaryimage"},"thumbnailUrl":"https:\/\/www.anovapeneira.gal\/wp-content\/uploads\/2019\/09\/concello_De_tominho_a_nova_peneria.jpg","keywords":["Concello de Tomi\u00f1o"],"articleSection":["Baixo Mi\u00f1o"],"inLanguage":"gl-ES","potentialAction":[{"@type":"CommentAction","name":"Comment","target":["https:\/\/www.anovapeneira.gal\/index.php\/2024\/09\/05\/o-concello-de-tomino-solicitara-a-revista-viajar-a-retirada-do-artigo-dos-pobos-mais-feos-e-que-se-desculpe-polo-dano-ocasionado\/#respond"]}]},{"@type":"WebPage","@id":"https:\/\/www.anovapeneira.gal\/index.php\/2024\/09\/05\/o-concello-de-tomino-solicitara-a-revista-viajar-a-retirada-do-artigo-dos-pobos-mais-feos-e-que-se-desculpe-polo-dano-ocasionado\/","url":"https:\/\/www.anovapeneira.gal\/index.php\/2024\/09\/05\/o-concello-de-tomino-solicitara-a-revista-viajar-a-retirada-do-artigo-dos-pobos-mais-feos-e-que-se-desculpe-polo-dano-ocasionado\/","name":"O Concello de Tomi\u00f1o solicitar\u00e1 a Revista Viajar a retirada do artigo dos pobos m\u00e1is feos e que se desculpe polo dano ocasionado -","isPartOf":{"@id":"https:\/\/www.anovapeneira.gal\/#website"},"primaryImageOfPage":{"@id":"https:\/\/www.anovapeneira.gal\/index.php\/2024\/09\/05\/o-concello-de-tomino-solicitara-a-revista-viajar-a-retirada-do-artigo-dos-pobos-mais-feos-e-que-se-desculpe-polo-dano-ocasionado\/#primaryimage"},"image":{"@id":"https:\/\/www.anovapeneira.gal\/index.php\/2024\/09\/05\/o-concello-de-tomino-solicitara-a-revista-viajar-a-retirada-do-artigo-dos-pobos-mais-feos-e-que-se-desculpe-polo-dano-ocasionado\/#primaryimage"},"thumbnailUrl":"https:\/\/www.anovapeneira.gal\/wp-content\/uploads\/2019\/09\/concello_De_tominho_a_nova_peneria.jpg","datePublished":"2024-09-05T08:00:15+00:00","breadcrumb":{"@id":"https:\/\/www.anovapeneira.gal\/index.php\/2024\/09\/05\/o-concello-de-tomino-solicitara-a-revista-viajar-a-retirada-do-artigo-dos-pobos-mais-feos-e-que-se-desculpe-polo-dano-ocasionado\/#breadcrumb"},"inLanguage":"gl-ES","potentialAction":[{"@type":"ReadAction","target":["https:\/\/www.anovapeneira.gal\/index.php\/2024\/09\/05\/o-concello-de-tomino-solicitara-a-revista-viajar-a-retirada-do-artigo-dos-pobos-mais-feos-e-que-se-desculpe-polo-dano-ocasionado\/"]}]},{"@type":"ImageObject","inLanguage":"gl-ES","@id":"https:\/\/www.anovapeneira.gal\/index.php\/2024\/09\/05\/o-concello-de-tomino-solicitara-a-revista-viajar-a-retirada-do-artigo-dos-pobos-mais-feos-e-que-se-desculpe-polo-dano-ocasionado\/#primaryimage","url":"https:\/\/www.anovapeneira.gal\/wp-content\/uploads\/2019\/09\/concello_De_tominho_a_nova_peneria.jpg","contentUrl":"https:\/\/www.anovapeneira.gal\/wp-content\/uploads\/2019\/09\/concello_De_tominho_a_nova_peneria.jpg","width":720,"height":473,"caption":"Concello de Tomi\u00f1o A Nova Peneira"},{"@type":"BreadcrumbList","@id":"https:\/\/www.anovapeneira.gal\/index.php\/2024\/09\/05\/o-concello-de-tomino-solicitara-a-revista-viajar-a-retirada-do-artigo-dos-pobos-mais-feos-e-que-se-desculpe-polo-dano-ocasionado\/#breadcrumb","itemListElement":[{"@type":"ListItem","position":1,"name":"Portada","item":"https:\/\/www.anovapeneira.gal\/"},{"@type":"ListItem","position":2,"name":"O Concello de Tomi\u00f1o solicitar\u00e1 a Revista Viajar a retirada do artigo dos pobos m\u00e1is feos e que se desculpe polo dano ocasionado"}]},{"@type":"WebSite","@id":"https:\/\/www.anovapeneira.gal\/#website","url":"https:\/\/www.anovapeneira.gal\/","name":"","description":"Xornal galego de informaci\u00f3n xeral Publicaci\u00f3n mensual de novas de Galicia e en especial dos Concellos da sur da provincia de Pontevedra.","publisher":{"@id":"https:\/\/www.anovapeneira.gal\/#organization"},"potentialAction":[{"@type":"SearchAction","target":{"@type":"EntryPoint","urlTemplate":"https:\/\/www.anovapeneira.gal\/?s={search_term_string}"},"query-input":{"@type":"PropertyValueSpecification","valueRequired":true,"valueName":"search_term_string"}}],"inLanguage":"gl-ES"},{"@type":"Organization","@id":"https:\/\/www.anovapeneira.gal\/#organization","name":"A Nova Peneira","url":"https:\/\/www.anovapeneira.gal\/","logo":{"@type":"ImageObject","inLanguage":"gl-ES","@id":"https:\/\/www.anovapeneira.gal\/#\/schema\/logo\/image\/","url":"http:\/\/www.anovapeneira.gal\/wp-content\/uploads\/2019\/06\/logo_a_nova_peneira_portal_web.png","contentUrl":"http:\/\/www.anovapeneira.gal\/wp-content\/uploads\/2019\/06\/logo_a_nova_peneira_portal_web.png","width":300,"height":100,"caption":"A Nova Peneira"},"image":{"@id":"https:\/\/www.anovapeneira.gal\/#\/schema\/logo\/image\/"},"sameAs":["https:\/\/www.facebook.com\/anovapeneira","https:\/\/x.com\/APeneira"]},{"@type":"Person","@id":"https:\/\/www.anovapeneira.gal\/#\/schema\/person\/b93e3f8932e3f8da96334607eb6ac6aa","name":"Redacci\u00f3n A Nova Peneira","image":{"@type":"ImageObject","inLanguage":"gl-ES","@id":"https:\/\/secure.gravatar.com\/avatar\/c052a2551a06e23fac63626232eaa90abd78dbcf1700fc46a2b2c89fd27b735f?s=96&d=mm&r=g","url":"https:\/\/secure.gravatar.com\/avatar\/c052a2551a06e23fac63626232eaa90abd78dbcf1700fc46a2b2c89fd27b735f?s=96&d=mm&r=g","contentUrl":"https:\/\/secure.gravatar.com\/avatar\/c052a2551a06e23fac63626232eaa90abd78dbcf1700fc46a2b2c89fd27b735f?s=96&d=mm&r=g","caption":"Redacci\u00f3n A Nova Peneira"},"sameAs":["http:\/\/www.anovapeneira.gal\/"],"url":"https:\/\/www.anovapeneira.gal\/index.php\/author\/redactor\/"}]}},"jetpack_featured_media_url":"https:\/\/www.anovapeneira.gal\/wp-content\/uploads\/2019\/09\/concello_De_tominho_a_nova_peneria.jpg","_links":{"self":[{"href":"https:\/\/www.anovapeneira.gal\/index.php\/wp-json\/wp\/v2\/posts\/12364","targetHints":{"allow":["GET"]}}],"collection":[{"href":"https:\/\/www.anovapeneira.gal\/index.php\/wp-json\/wp\/v2\/posts"}],"about":[{"href":"https:\/\/www.anovapeneira.gal\/index.php\/wp-json\/wp\/v2\/types\/post"}],"author":[{"embeddable":true,"href":"https:\/\/www.anovapeneira.gal\/index.php\/wp-json\/wp\/v2\/users\/3"}],"replies":[{"embeddable":true,"href":"https:\/\/www.anovapeneira.gal\/index.php\/wp-json\/wp\/v2\/comments?post=12364"}],"version-history":[{"count":2,"href":"https:\/\/www.anovapeneira.gal\/index.php\/wp-json\/wp\/v2\/posts\/12364\/revisions"}],"predecessor-version":[{"id":12366,"href":"https:\/\/www.anovapeneira.gal\/index.php\/wp-json\/wp\/v2\/posts\/12364\/revisions\/12366"}],"wp:featuredmedia":[{"embeddable":true,"href":"https:\/\/www.anovapeneira.gal\/index.php\/wp-json\/wp\/v2\/media\/1336"}],"wp:attachment":[{"href":"https:\/\/www.anovapeneira.gal\/index.php\/wp-json\/wp\/v2\/media?parent=12364"}],"wp:term":[{"taxonomy":"category","embeddable":true,"href":"https:\/\/www.anovapeneira.gal\/index.php\/wp-json\/wp\/v2\/categories?post=12364"},{"taxonomy":"post_tag","embeddable":true,"href":"https:\/\/www.anovapeneira.gal\/index.php\/wp-json\/wp\/v2\/tags?post=12364"}],"curies":[{"name":"wp","href":"https:\/\/api.w.org\/{rel}","templated":true}]}}