{"id":12369,"date":"2024-09-06T10:00:37","date_gmt":"2024-09-06T08:00:37","guid":{"rendered":"https:\/\/www.anovapeneira.gal\/?p=12369"},"modified":"2024-09-04T08:36:00","modified_gmt":"2024-09-04T06:36:00","slug":"dende-o-rio-ate-o-mar","status":"publish","type":"post","link":"https:\/\/www.anovapeneira.gal\/index.php\/2024\/09\/06\/dende-o-rio-ate-o-mar\/","title":{"rendered":"Dende o r\u00edo at\u00e9 o mar\u2026"},"content":{"rendered":"\n<figure class=\"wp-block-image size-large is-resized\"><img loading=\"lazy\" decoding=\"async\" width=\"818\" height=\"1024\" src=\"https:\/\/www.anovapeneira.gal\/wp-content\/uploads\/2024\/08\/oscar_lomba2-818x1024.jpg\" alt=\"\" class=\"wp-image-12311\" style=\"width:81px;height:auto\" srcset=\"https:\/\/www.anovapeneira.gal\/wp-content\/uploads\/2024\/08\/oscar_lomba2-818x1024.jpg 818w, https:\/\/www.anovapeneira.gal\/wp-content\/uploads\/2024\/08\/oscar_lomba2-240x300.jpg 240w, https:\/\/www.anovapeneira.gal\/wp-content\/uploads\/2024\/08\/oscar_lomba2-768x961.jpg 768w, https:\/\/www.anovapeneira.gal\/wp-content\/uploads\/2024\/08\/oscar_lomba2-1228x1536.jpg 1228w, https:\/\/www.anovapeneira.gal\/wp-content\/uploads\/2024\/08\/oscar_lomba2.jpg 1242w\" sizes=\"auto, (max-width: 818px) 100vw, 818px\" \/><figcaption class=\"wp-element-caption\">\u00d3scar Lomba \u00c1lvarez Presidente da Asociaci\u00f3n Colectivo Rexurdir Galicia. Activista Social e membro de ProLingua.<\/figcaption><\/figure>\n\n\n\n<p>Na terra onde as oliveiras medran entre ru\u00ednas e o vento rumorea os nomes daqueles que xa non est\u00e1n, despr\u00e9gase unha traxedia de proporci\u00f3ns ancestrais. Baixo un ceo que foi testemu\u00f1a de s\u00e9culos de historia, un pobo -que habita nos territorios da Franxa de Gaza e Cisxordania\u2013 sofre no silencio enxordecedor da inxustiza. Palestina, coas s\u00faas r\u00faas desgarradas e os seus coraz\u00f3ns escachados, \u00e9 un lugar onde a esperanza loita por sobrevivir entre os entullos dunha ocupaci\u00f3n intermin\u00e1bel.<\/p>\n\n\n\n<p>Aqu\u00ed, a balanza non se inclina; esborr\u00e1llase co peso abafador da opresi\u00f3n. Mentres o sol se pon tras os muros que cercan a liberdade, un pobo enfronta o implac\u00e1bel poder dun ex\u00e9rcito armado at\u00e9 os dentes, apoiado pola frialdade da indiferenza global. O equilibrio \u00e9 unha ilusi\u00f3n, unha sombra que se esvae ante a realidade dunha ocupaci\u00f3n que nega a dignidade e os dereitos m\u00e1is b\u00e1sicos.<\/p>\n\n\n\n<p>Os campos, onde unha vez agromaron os so\u00f1os, est\u00e1n agora regados polo pranto de nais que viron aos seus fillos arrincados dos seus brazos. As casas, que algunha vez ecoaron con risos, xacen en ru\u00ednas, v\u00edtimas dun poder sionista implac\u00e1bel e colosal que se disfraza de \u00abautodefensa\u00bb mentres esmaga sen misericordia. Onde est\u00e1 a xustiza nun mundo onde as pedras lanzadas en desesperaci\u00f3n at\u00f3panse con bombas que reducen barrios enteiros a po?<\/p>\n\n\n\n<p>O presunto \u00abdereito de defensa\u00bb perde o seu eco cando \u00e9 utilizado para xustificar o xenocidio e a devastaci\u00f3n, cando se esgrime para protexer muros mentres miles de vidas son fulminadas. A ocupaci\u00f3n, coa s\u00faa crueldade coti\u00e1, cos seus bloqueos que estrangulan, cos seus check-points (postos de vixilancia) que humillan, \u00e9 unha ferida aberta que sangra d\u00eda tras d\u00eda, alimentada pola inacci\u00f3n dun mundo que mira cara a outro lado.<\/p>\n\n\n\n<p>\u00c9 doado falar de \u201cseguridade\u201d cando se est\u00e1 ao amparo da forza, por\u00e9n a verdadeira seguridade non se forxa na opresi\u00f3n, sen\u00f3n na xustiza. Non hai paz nun lugar onde a liberdade est\u00e1 encarcerada tras muros e aramados. Non hai seguridade nunha terra onde as nenas e nenos medran co eco das explosi\u00f3ns en lugar das canci\u00f3ns de berce.<\/p>\n\n\n\n<p>A narrativa de dous bandos en conflito \u00e9 unha falsidade ou unha simplificaci\u00f3n cruel que ignora a realidade do xigantesco desequilibrio, da asimetr\u00eda brutal que define este enfrontamento. Mentres un lado desprega a s\u00faa poderosa e sofisticada maquinaria de guerra, o outro busca refuxio entre os entullos do que unha vez foi fogar. Non se trata dunha guerra xusta; tr\u00e1tase da supervivencia dun pobo fronte a unha maquinaria colosal que, baixo o pretexto da \u201cseguridade\u201d, perpet\u00faa o xenocidio, o sufrimento e a desesperanza.<\/p>\n\n\n\n<p>O berro de Palestina non \u00e9 s\u00f3 un berro de dor; \u00e9 un chamado \u00e1 conciencia do mundo. \u00c9 un rogo polo reco\u00f1ecemento da s\u00faa humanidade, polo fin da ocupaci\u00f3n, pola liberdade de vivir sen o temor constante da morte que descende do ceo. \u00c9 un chamado a ver, a escoitar, a actuar. Porque nas cinzas de Gaza, nas r\u00faas de Cisxordania, nos ollos das nenas e nenos palestinos que non co\u00f1ecen un d\u00eda sen medo, refl\u00edctese a urxencia da xustiza.<\/p>\n\n\n\n<p>Que as verbas non sexan s\u00f3 ecos baleiros no vento, que a poes\u00eda non sexa s\u00f3 un consolo pasaxeiro. Que as acci\u00f3ns sigan ao clamor, que a humanidade esperte do seu letargo. Porque mentres haxa homes e mulleres que sofren, nenos e nenas que choran na noite por un pai que non volver\u00e1, mentres haxa unha nai que vela aos seus mortos, a responsabilidade recae sobre todos n\u00f3s. Non \u00e9 s\u00f3 unha loita de Palestina; \u00e9 unha loita pola dignidade humana, pola liberdade, polo dereito a existir en paz.<\/p>\n","protected":false},"excerpt":{"rendered":"<div class=\"mh-excerpt\"><p>Na terra onde as oliveiras medran entre ru\u00ednas e o vento rumorea os nomes daqueles que xa non est\u00e1n, despr\u00e9gase unha traxedia de proporci\u00f3ns ancestrais <a class=\"mh-excerpt-more\" href=\"https:\/\/www.anovapeneira.gal\/index.php\/2024\/09\/06\/dende-o-rio-ate-o-mar\/\" title=\"Dende o r\u00edo at\u00e9 o mar\u2026\">[&#8230;]<\/a><\/p>\n<\/div>","protected":false},"author":12,"featured_media":584,"comment_status":"open","ping_status":"open","sticky":false,"template":"","format":"standard","meta":{"_exactmetrics_skip_tracking":false,"_exactmetrics_sitenote_active":false,"_exactmetrics_sitenote_note":"","_exactmetrics_sitenote_category":0,"footnotes":""},"categories":[7],"tags":[1425],"class_list":{"0":"post-12369","1":"post","2":"type-post","3":"status-publish","4":"format-standard","5":"has-post-thumbnail","7":"category-artigos-de-opinion","8":"tag-oscar-lomba-alvarez"},"yoast_head":"<!-- This site is optimized with the Yoast SEO plugin v27.4 - https:\/\/yoast.com\/product\/yoast-seo-wordpress\/ -->\n<title>Dende o r\u00edo at\u00e9 o mar\u2026 -<\/title>\n<meta name=\"robots\" content=\"index, follow, max-snippet:-1, max-image-preview:large, max-video-preview:-1\" \/>\n<link rel=\"canonical\" href=\"https:\/\/www.anovapeneira.gal\/index.php\/2024\/09\/06\/dende-o-rio-ate-o-mar\/\" \/>\n<meta property=\"og:locale\" content=\"gl_ES\" \/>\n<meta property=\"og:type\" content=\"article\" \/>\n<meta property=\"og:title\" content=\"Dende o r\u00edo at\u00e9 o mar\u2026 -\" \/>\n<meta property=\"og:description\" content=\"Na terra onde as oliveiras medran entre ru\u00ednas e o vento rumorea os nomes daqueles que xa non est\u00e1n, despr\u00e9gase unha traxedia de proporci\u00f3ns ancestrais [...]\" \/>\n<meta property=\"og:url\" content=\"https:\/\/www.anovapeneira.gal\/index.php\/2024\/09\/06\/dende-o-rio-ate-o-mar\/\" \/>\n<meta property=\"article:publisher\" content=\"https:\/\/www.facebook.com\/anovapeneira\" \/>\n<meta property=\"article:published_time\" content=\"2024-09-06T08:00:37+00:00\" \/>\n<meta property=\"og:image\" content=\"https:\/\/www.anovapeneira.gal\/wp-content\/uploads\/2019\/07\/ARTIGO_DE_OPINION_A_NOVA_PENEIRA.jpg\" \/>\n\t<meta property=\"og:image:width\" content=\"720\" \/>\n\t<meta property=\"og:image:height\" content=\"473\" \/>\n\t<meta property=\"og:image:type\" content=\"image\/jpeg\" \/>\n<meta name=\"author\" content=\"Artigos Opini\u00f3n\" \/>\n<meta name=\"twitter:card\" content=\"summary_large_image\" \/>\n<meta name=\"twitter:image\" content=\"https:\/\/www.anovapeneira.gal\/wp-content\/uploads\/2019\/07\/ARTIGO_DE_OPINION_A_NOVA_PENEIRA.jpg\" \/>\n<meta name=\"twitter:creator\" content=\"@APeneira\" \/>\n<meta name=\"twitter:site\" content=\"@APeneira\" \/>\n<meta name=\"twitter:label1\" content=\"Escrito por\" \/>\n\t<meta name=\"twitter:data1\" content=\"Artigos Opini\u00f3n\" \/>\n\t<meta name=\"twitter:label2\" content=\"Tempo de lectura\" \/>\n\t<meta name=\"twitter:data2\" content=\"4 minutos\" \/>\n<script type=\"application\/ld+json\" class=\"yoast-schema-graph\">{\"@context\":\"https:\\\/\\\/schema.org\",\"@graph\":[{\"@type\":\"Article\",\"@id\":\"https:\\\/\\\/www.anovapeneira.gal\\\/index.php\\\/2024\\\/09\\\/06\\\/dende-o-rio-ate-o-mar\\\/#article\",\"isPartOf\":{\"@id\":\"https:\\\/\\\/www.anovapeneira.gal\\\/index.php\\\/2024\\\/09\\\/06\\\/dende-o-rio-ate-o-mar\\\/\"},\"author\":{\"name\":\"Artigos Opini\u00f3n\",\"@id\":\"https:\\\/\\\/www.anovapeneira.gal\\\/#\\\/schema\\\/person\\\/f18a4feb302e8f20bcef4490b5b60bb3\"},\"headline\":\"Dende o r\u00edo at\u00e9 o mar\u2026\",\"datePublished\":\"2024-09-06T08:00:37+00:00\",\"mainEntityOfPage\":{\"@id\":\"https:\\\/\\\/www.anovapeneira.gal\\\/index.php\\\/2024\\\/09\\\/06\\\/dende-o-rio-ate-o-mar\\\/\"},\"wordCount\":660,\"commentCount\":0,\"publisher\":{\"@id\":\"https:\\\/\\\/www.anovapeneira.gal\\\/#organization\"},\"image\":{\"@id\":\"https:\\\/\\\/www.anovapeneira.gal\\\/index.php\\\/2024\\\/09\\\/06\\\/dende-o-rio-ate-o-mar\\\/#primaryimage\"},\"thumbnailUrl\":\"https:\\\/\\\/www.anovapeneira.gal\\\/wp-content\\\/uploads\\\/2019\\\/07\\\/ARTIGO_DE_OPINION_A_NOVA_PENEIRA.jpg\",\"keywords\":[\"\u00d3scar Lomba \u00c1lvarez\"],\"articleSection\":[\"Artigos de opini\u00f3n\"],\"inLanguage\":\"gl-ES\",\"potentialAction\":[{\"@type\":\"CommentAction\",\"name\":\"Comment\",\"target\":[\"https:\\\/\\\/www.anovapeneira.gal\\\/index.php\\\/2024\\\/09\\\/06\\\/dende-o-rio-ate-o-mar\\\/#respond\"]}]},{\"@type\":\"WebPage\",\"@id\":\"https:\\\/\\\/www.anovapeneira.gal\\\/index.php\\\/2024\\\/09\\\/06\\\/dende-o-rio-ate-o-mar\\\/\",\"url\":\"https:\\\/\\\/www.anovapeneira.gal\\\/index.php\\\/2024\\\/09\\\/06\\\/dende-o-rio-ate-o-mar\\\/\",\"name\":\"Dende o r\u00edo at\u00e9 o mar\u2026 -\",\"isPartOf\":{\"@id\":\"https:\\\/\\\/www.anovapeneira.gal\\\/#website\"},\"primaryImageOfPage\":{\"@id\":\"https:\\\/\\\/www.anovapeneira.gal\\\/index.php\\\/2024\\\/09\\\/06\\\/dende-o-rio-ate-o-mar\\\/#primaryimage\"},\"image\":{\"@id\":\"https:\\\/\\\/www.anovapeneira.gal\\\/index.php\\\/2024\\\/09\\\/06\\\/dende-o-rio-ate-o-mar\\\/#primaryimage\"},\"thumbnailUrl\":\"https:\\\/\\\/www.anovapeneira.gal\\\/wp-content\\\/uploads\\\/2019\\\/07\\\/ARTIGO_DE_OPINION_A_NOVA_PENEIRA.jpg\",\"datePublished\":\"2024-09-06T08:00:37+00:00\",\"breadcrumb\":{\"@id\":\"https:\\\/\\\/www.anovapeneira.gal\\\/index.php\\\/2024\\\/09\\\/06\\\/dende-o-rio-ate-o-mar\\\/#breadcrumb\"},\"inLanguage\":\"gl-ES\",\"potentialAction\":[{\"@type\":\"ReadAction\",\"target\":[\"https:\\\/\\\/www.anovapeneira.gal\\\/index.php\\\/2024\\\/09\\\/06\\\/dende-o-rio-ate-o-mar\\\/\"]}]},{\"@type\":\"ImageObject\",\"inLanguage\":\"gl-ES\",\"@id\":\"https:\\\/\\\/www.anovapeneira.gal\\\/index.php\\\/2024\\\/09\\\/06\\\/dende-o-rio-ate-o-mar\\\/#primaryimage\",\"url\":\"https:\\\/\\\/www.anovapeneira.gal\\\/wp-content\\\/uploads\\\/2019\\\/07\\\/ARTIGO_DE_OPINION_A_NOVA_PENEIRA.jpg\",\"contentUrl\":\"https:\\\/\\\/www.anovapeneira.gal\\\/wp-content\\\/uploads\\\/2019\\\/07\\\/ARTIGO_DE_OPINION_A_NOVA_PENEIRA.jpg\",\"width\":720,\"height\":473,\"caption\":\"Artigo de opini\u00f3n A Nova Peneira\"},{\"@type\":\"BreadcrumbList\",\"@id\":\"https:\\\/\\\/www.anovapeneira.gal\\\/index.php\\\/2024\\\/09\\\/06\\\/dende-o-rio-ate-o-mar\\\/#breadcrumb\",\"itemListElement\":[{\"@type\":\"ListItem\",\"position\":1,\"name\":\"Portada\",\"item\":\"https:\\\/\\\/www.anovapeneira.gal\\\/\"},{\"@type\":\"ListItem\",\"position\":2,\"name\":\"Dende o r\u00edo at\u00e9 o mar\u2026\"}]},{\"@type\":\"WebSite\",\"@id\":\"https:\\\/\\\/www.anovapeneira.gal\\\/#website\",\"url\":\"https:\\\/\\\/www.anovapeneira.gal\\\/\",\"name\":\"\",\"description\":\"Xornal galego de informaci\u00f3n xeral Publicaci\u00f3n mensual de novas de Galicia e en especial dos Concellos da sur da provincia de Pontevedra.\",\"publisher\":{\"@id\":\"https:\\\/\\\/www.anovapeneira.gal\\\/#organization\"},\"potentialAction\":[{\"@type\":\"SearchAction\",\"target\":{\"@type\":\"EntryPoint\",\"urlTemplate\":\"https:\\\/\\\/www.anovapeneira.gal\\\/?s={search_term_string}\"},\"query-input\":{\"@type\":\"PropertyValueSpecification\",\"valueRequired\":true,\"valueName\":\"search_term_string\"}}],\"inLanguage\":\"gl-ES\"},{\"@type\":\"Organization\",\"@id\":\"https:\\\/\\\/www.anovapeneira.gal\\\/#organization\",\"name\":\"A Nova Peneira\",\"url\":\"https:\\\/\\\/www.anovapeneira.gal\\\/\",\"logo\":{\"@type\":\"ImageObject\",\"inLanguage\":\"gl-ES\",\"@id\":\"https:\\\/\\\/www.anovapeneira.gal\\\/#\\\/schema\\\/logo\\\/image\\\/\",\"url\":\"http:\\\/\\\/www.anovapeneira.gal\\\/wp-content\\\/uploads\\\/2019\\\/06\\\/logo_a_nova_peneira_portal_web.png\",\"contentUrl\":\"http:\\\/\\\/www.anovapeneira.gal\\\/wp-content\\\/uploads\\\/2019\\\/06\\\/logo_a_nova_peneira_portal_web.png\",\"width\":300,\"height\":100,\"caption\":\"A Nova Peneira\"},\"image\":{\"@id\":\"https:\\\/\\\/www.anovapeneira.gal\\\/#\\\/schema\\\/logo\\\/image\\\/\"},\"sameAs\":[\"https:\\\/\\\/www.facebook.com\\\/anovapeneira\",\"https:\\\/\\\/x.com\\\/APeneira\"]},{\"@type\":\"Person\",\"@id\":\"https:\\\/\\\/www.anovapeneira.gal\\\/#\\\/schema\\\/person\\\/f18a4feb302e8f20bcef4490b5b60bb3\",\"name\":\"Artigos Opini\u00f3n\",\"image\":{\"@type\":\"ImageObject\",\"inLanguage\":\"gl-ES\",\"@id\":\"https:\\\/\\\/secure.gravatar.com\\\/avatar\\\/072844300f4881150aee2da4278f7a65d16eefdf8262eb67085f1e702de2b959?s=96&d=mm&r=g\",\"url\":\"https:\\\/\\\/secure.gravatar.com\\\/avatar\\\/072844300f4881150aee2da4278f7a65d16eefdf8262eb67085f1e702de2b959?s=96&d=mm&r=g\",\"contentUrl\":\"https:\\\/\\\/secure.gravatar.com\\\/avatar\\\/072844300f4881150aee2da4278f7a65d16eefdf8262eb67085f1e702de2b959?s=96&d=mm&r=g\",\"caption\":\"Artigos Opini\u00f3n\"},\"sameAs\":[\"http:\\\/\\\/anovapeneira.gal\"],\"url\":\"https:\\\/\\\/www.anovapeneira.gal\\\/index.php\\\/author\\\/artigosopinion\\\/\"}]}<\/script>\n<!-- \/ Yoast SEO plugin. -->","yoast_head_json":{"title":"Dende o r\u00edo at\u00e9 o mar\u2026 -","robots":{"index":"index","follow":"follow","max-snippet":"max-snippet:-1","max-image-preview":"max-image-preview:large","max-video-preview":"max-video-preview:-1"},"canonical":"https:\/\/www.anovapeneira.gal\/index.php\/2024\/09\/06\/dende-o-rio-ate-o-mar\/","og_locale":"gl_ES","og_type":"article","og_title":"Dende o r\u00edo at\u00e9 o mar\u2026 -","og_description":"Na terra onde as oliveiras medran entre ru\u00ednas e o vento rumorea os nomes daqueles que xa non est\u00e1n, despr\u00e9gase unha traxedia de proporci\u00f3ns ancestrais [...]","og_url":"https:\/\/www.anovapeneira.gal\/index.php\/2024\/09\/06\/dende-o-rio-ate-o-mar\/","article_publisher":"https:\/\/www.facebook.com\/anovapeneira","article_published_time":"2024-09-06T08:00:37+00:00","og_image":[{"width":720,"height":473,"url":"https:\/\/www.anovapeneira.gal\/wp-content\/uploads\/2019\/07\/ARTIGO_DE_OPINION_A_NOVA_PENEIRA.jpg","type":"image\/jpeg"}],"author":"Artigos Opini\u00f3n","twitter_card":"summary_large_image","twitter_image":"https:\/\/www.anovapeneira.gal\/wp-content\/uploads\/2019\/07\/ARTIGO_DE_OPINION_A_NOVA_PENEIRA.jpg","twitter_creator":"@APeneira","twitter_site":"@APeneira","twitter_misc":{"Escrito por":"Artigos Opini\u00f3n","Tempo de lectura":"4 minutos"},"schema":{"@context":"https:\/\/schema.org","@graph":[{"@type":"Article","@id":"https:\/\/www.anovapeneira.gal\/index.php\/2024\/09\/06\/dende-o-rio-ate-o-mar\/#article","isPartOf":{"@id":"https:\/\/www.anovapeneira.gal\/index.php\/2024\/09\/06\/dende-o-rio-ate-o-mar\/"},"author":{"name":"Artigos Opini\u00f3n","@id":"https:\/\/www.anovapeneira.gal\/#\/schema\/person\/f18a4feb302e8f20bcef4490b5b60bb3"},"headline":"Dende o r\u00edo at\u00e9 o mar\u2026","datePublished":"2024-09-06T08:00:37+00:00","mainEntityOfPage":{"@id":"https:\/\/www.anovapeneira.gal\/index.php\/2024\/09\/06\/dende-o-rio-ate-o-mar\/"},"wordCount":660,"commentCount":0,"publisher":{"@id":"https:\/\/www.anovapeneira.gal\/#organization"},"image":{"@id":"https:\/\/www.anovapeneira.gal\/index.php\/2024\/09\/06\/dende-o-rio-ate-o-mar\/#primaryimage"},"thumbnailUrl":"https:\/\/www.anovapeneira.gal\/wp-content\/uploads\/2019\/07\/ARTIGO_DE_OPINION_A_NOVA_PENEIRA.jpg","keywords":["\u00d3scar Lomba \u00c1lvarez"],"articleSection":["Artigos de opini\u00f3n"],"inLanguage":"gl-ES","potentialAction":[{"@type":"CommentAction","name":"Comment","target":["https:\/\/www.anovapeneira.gal\/index.php\/2024\/09\/06\/dende-o-rio-ate-o-mar\/#respond"]}]},{"@type":"WebPage","@id":"https:\/\/www.anovapeneira.gal\/index.php\/2024\/09\/06\/dende-o-rio-ate-o-mar\/","url":"https:\/\/www.anovapeneira.gal\/index.php\/2024\/09\/06\/dende-o-rio-ate-o-mar\/","name":"Dende o r\u00edo at\u00e9 o mar\u2026 -","isPartOf":{"@id":"https:\/\/www.anovapeneira.gal\/#website"},"primaryImageOfPage":{"@id":"https:\/\/www.anovapeneira.gal\/index.php\/2024\/09\/06\/dende-o-rio-ate-o-mar\/#primaryimage"},"image":{"@id":"https:\/\/www.anovapeneira.gal\/index.php\/2024\/09\/06\/dende-o-rio-ate-o-mar\/#primaryimage"},"thumbnailUrl":"https:\/\/www.anovapeneira.gal\/wp-content\/uploads\/2019\/07\/ARTIGO_DE_OPINION_A_NOVA_PENEIRA.jpg","datePublished":"2024-09-06T08:00:37+00:00","breadcrumb":{"@id":"https:\/\/www.anovapeneira.gal\/index.php\/2024\/09\/06\/dende-o-rio-ate-o-mar\/#breadcrumb"},"inLanguage":"gl-ES","potentialAction":[{"@type":"ReadAction","target":["https:\/\/www.anovapeneira.gal\/index.php\/2024\/09\/06\/dende-o-rio-ate-o-mar\/"]}]},{"@type":"ImageObject","inLanguage":"gl-ES","@id":"https:\/\/www.anovapeneira.gal\/index.php\/2024\/09\/06\/dende-o-rio-ate-o-mar\/#primaryimage","url":"https:\/\/www.anovapeneira.gal\/wp-content\/uploads\/2019\/07\/ARTIGO_DE_OPINION_A_NOVA_PENEIRA.jpg","contentUrl":"https:\/\/www.anovapeneira.gal\/wp-content\/uploads\/2019\/07\/ARTIGO_DE_OPINION_A_NOVA_PENEIRA.jpg","width":720,"height":473,"caption":"Artigo de opini\u00f3n A Nova Peneira"},{"@type":"BreadcrumbList","@id":"https:\/\/www.anovapeneira.gal\/index.php\/2024\/09\/06\/dende-o-rio-ate-o-mar\/#breadcrumb","itemListElement":[{"@type":"ListItem","position":1,"name":"Portada","item":"https:\/\/www.anovapeneira.gal\/"},{"@type":"ListItem","position":2,"name":"Dende o r\u00edo at\u00e9 o mar\u2026"}]},{"@type":"WebSite","@id":"https:\/\/www.anovapeneira.gal\/#website","url":"https:\/\/www.anovapeneira.gal\/","name":"","description":"Xornal galego de informaci\u00f3n xeral Publicaci\u00f3n mensual de novas de Galicia e en especial dos Concellos da sur da provincia de Pontevedra.","publisher":{"@id":"https:\/\/www.anovapeneira.gal\/#organization"},"potentialAction":[{"@type":"SearchAction","target":{"@type":"EntryPoint","urlTemplate":"https:\/\/www.anovapeneira.gal\/?s={search_term_string}"},"query-input":{"@type":"PropertyValueSpecification","valueRequired":true,"valueName":"search_term_string"}}],"inLanguage":"gl-ES"},{"@type":"Organization","@id":"https:\/\/www.anovapeneira.gal\/#organization","name":"A Nova Peneira","url":"https:\/\/www.anovapeneira.gal\/","logo":{"@type":"ImageObject","inLanguage":"gl-ES","@id":"https:\/\/www.anovapeneira.gal\/#\/schema\/logo\/image\/","url":"http:\/\/www.anovapeneira.gal\/wp-content\/uploads\/2019\/06\/logo_a_nova_peneira_portal_web.png","contentUrl":"http:\/\/www.anovapeneira.gal\/wp-content\/uploads\/2019\/06\/logo_a_nova_peneira_portal_web.png","width":300,"height":100,"caption":"A Nova Peneira"},"image":{"@id":"https:\/\/www.anovapeneira.gal\/#\/schema\/logo\/image\/"},"sameAs":["https:\/\/www.facebook.com\/anovapeneira","https:\/\/x.com\/APeneira"]},{"@type":"Person","@id":"https:\/\/www.anovapeneira.gal\/#\/schema\/person\/f18a4feb302e8f20bcef4490b5b60bb3","name":"Artigos Opini\u00f3n","image":{"@type":"ImageObject","inLanguage":"gl-ES","@id":"https:\/\/secure.gravatar.com\/avatar\/072844300f4881150aee2da4278f7a65d16eefdf8262eb67085f1e702de2b959?s=96&d=mm&r=g","url":"https:\/\/secure.gravatar.com\/avatar\/072844300f4881150aee2da4278f7a65d16eefdf8262eb67085f1e702de2b959?s=96&d=mm&r=g","contentUrl":"https:\/\/secure.gravatar.com\/avatar\/072844300f4881150aee2da4278f7a65d16eefdf8262eb67085f1e702de2b959?s=96&d=mm&r=g","caption":"Artigos Opini\u00f3n"},"sameAs":["http:\/\/anovapeneira.gal"],"url":"https:\/\/www.anovapeneira.gal\/index.php\/author\/artigosopinion\/"}]}},"jetpack_featured_media_url":"https:\/\/www.anovapeneira.gal\/wp-content\/uploads\/2019\/07\/ARTIGO_DE_OPINION_A_NOVA_PENEIRA.jpg","_links":{"self":[{"href":"https:\/\/www.anovapeneira.gal\/index.php\/wp-json\/wp\/v2\/posts\/12369","targetHints":{"allow":["GET"]}}],"collection":[{"href":"https:\/\/www.anovapeneira.gal\/index.php\/wp-json\/wp\/v2\/posts"}],"about":[{"href":"https:\/\/www.anovapeneira.gal\/index.php\/wp-json\/wp\/v2\/types\/post"}],"author":[{"embeddable":true,"href":"https:\/\/www.anovapeneira.gal\/index.php\/wp-json\/wp\/v2\/users\/12"}],"replies":[{"embeddable":true,"href":"https:\/\/www.anovapeneira.gal\/index.php\/wp-json\/wp\/v2\/comments?post=12369"}],"version-history":[{"count":1,"href":"https:\/\/www.anovapeneira.gal\/index.php\/wp-json\/wp\/v2\/posts\/12369\/revisions"}],"predecessor-version":[{"id":12370,"href":"https:\/\/www.anovapeneira.gal\/index.php\/wp-json\/wp\/v2\/posts\/12369\/revisions\/12370"}],"wp:featuredmedia":[{"embeddable":true,"href":"https:\/\/www.anovapeneira.gal\/index.php\/wp-json\/wp\/v2\/media\/584"}],"wp:attachment":[{"href":"https:\/\/www.anovapeneira.gal\/index.php\/wp-json\/wp\/v2\/media?parent=12369"}],"wp:term":[{"taxonomy":"category","embeddable":true,"href":"https:\/\/www.anovapeneira.gal\/index.php\/wp-json\/wp\/v2\/categories?post=12369"},{"taxonomy":"post_tag","embeddable":true,"href":"https:\/\/www.anovapeneira.gal\/index.php\/wp-json\/wp\/v2\/tags?post=12369"}],"curies":[{"name":"wp","href":"https:\/\/api.w.org\/{rel}","templated":true}]}}