{"id":12371,"date":"2024-09-06T12:00:36","date_gmt":"2024-09-06T10:00:36","guid":{"rendered":"https:\/\/www.anovapeneira.gal\/?p=12371"},"modified":"2024-09-04T08:42:06","modified_gmt":"2024-09-04T06:42:06","slug":"arelas-asociacion-de-familias-de-menores-e-mocidade-trans-de-galicia","status":"publish","type":"post","link":"https:\/\/www.anovapeneira.gal\/index.php\/2024\/09\/06\/arelas-asociacion-de-familias-de-menores-e-mocidade-trans-de-galicia\/","title":{"rendered":"ARELAS: Asociaci\u00f3n de familias de menores e mocidade trans de Galicia"},"content":{"rendered":"\n<p>A realidade das crianzas e mocidade trans en Galicia, durante moito tempo, estivo agochada e invisibilizada, nunha sociedade que non sempre foi capaz de comprender e aceptar a diversidade de x\u00e9nero. Neste contexto de silencio e desco\u00f1ecemento, xurdiu en xullo de 2015 unha organizaci\u00f3n que, dende ent\u00f3n, ten traballado incansablemente para cambiar esta realidade e defender os dereitos fundamentais dun colectivo especialmente vulnerable: as persoas trans m\u00e1is novas. Falamos de ARELAS, a Asociaci\u00f3n de Familias de Menores e Mocidade Trans de Galicia, unha entidade que, dende a s\u00faa creaci\u00f3n, foi quen de po\u00f1er sobre a mesa a necesidade urxente de visibilizar, apoiar e protexer \u00e1s crianzas e mocidade trans, as\u00ed como \u00e1s s\u00faas familias.<\/p>\n\n\n\n<p>O nacemento de ARELAS non foi un feito casual, sen\u00f3n o resultado dun proceso de reflexi\u00f3n e loita por parte de varias familias galegas que, ao ver as dificultades e incomprensi\u00f3n que os seus fillos e fillas trans enfrontaban na sociedade, decidiron unirse para crear unha rede de apoio e acompa\u00f1amento. Estas familias, conscientes da importancia de que os seus fillos e fillas poidan vivir en plenitude e sen medos, puxeron en marcha unha iniciativa que pronto se converter\u00eda nunha referencia esencial na defensa dos dereitos das persoas trans en Galicia.<\/p>\n\n\n\n<p>O traballo de ARELAS non se limita s\u00f3 ao apoio emocional e informativo \u00e1s familias, a\u00ednda que este \u00e9, sen d\u00fabida, un dos seus piares fundamentais. A asociaci\u00f3n tam\u00e9n desempe\u00f1a un papel crucial na promoci\u00f3n de cambios sociais e legais que garantan a plena igualdade de dereitos para as persoas trans. Neste sentido, ARELAS v\u00e9n desenvolvendo diversas actividades que abranguen dende campa\u00f1as de sensibilizaci\u00f3n, charlas e formaci\u00f3n en centros educativos e profesionais da sa\u00fade, at\u00e9 a colaboraci\u00f3n directa coas instituci\u00f3ns p\u00fablicas para impulsar normativas que protexan os dereitos das persoas trans.<\/p>\n\n\n\n<p>Un dos aspectos m\u00e1is destacados do traballo de ARELAS \u00e9 o seu enfoque integral. A asociaci\u00f3n non s\u00f3 se centra nas necesidades dos menores trans, sen\u00f3n que tam\u00e9n procura ofrecer un apoio completo \u00e1s s\u00faas familias, entendendo que a realidade dunha persoa trans non pode ser illada do seu entorno familiar. ARELAS acompa\u00f1a \u00e1s familias nun proceso que, en moitos casos, pode ser complexo e emocionalmente desafiante, ofrecendo espazos para compartir de experiencias e a aprendizaxe mutua. Este apoio resulta esencial para que as familias poidan entender e apoiar aos seus fillos e fillas dun xeito pleno, creando un entorno de amor e respecto onde a mocidade trans poida medrar e desenvolverse libremente.<\/p>\n\n\n\n<p>A nivel social, ARELAS foi quen de abrir moitas portas que, ata hai pouco, parec\u00edan pechadas para sempre. Grazas ao seu traballo, moitos centros educativos en Galicia comezaron a implementar protocolos de actuaci\u00f3n espec\u00edficos para garantir que os menores trans sexan respectados e tratados conforme \u00e1 s\u00faa identidade de x\u00e9nero. Ademais, a asociaci\u00f3n tam\u00e9n ten impulsado a formaci\u00f3n de profesionais da sa\u00fade, co obxectivo de que estes poidan ofrecer unha atenci\u00f3n sanitaria m\u00e1is inclusiva e respectuosa. Estes avances, a\u00ednda que significativos, son s\u00f3 o comezo dun cami\u00f1o longo e complexo, que ARELAS contin\u00faa a percorrer con determinaci\u00f3n e esperanza.<\/p>\n\n\n\n<p>O impacto de ARELAS, por\u00e9n, non se limita ao \u00e1mbito local. A asociaci\u00f3n forma parte dunha rede m\u00e1is ampla de organizaci\u00f3ns que traballan a nivel estatal e incluso internacional para a defensa dos dereitos das persoas trans. A trav\u00e9s destas colaboraci\u00f3ns, ARELAS consegue non s\u00f3 amplificar a s\u00faa voz, sen\u00f3n tam\u00e9n aprender de outras experiencias e traer a Galicia boas pr\u00e1cticas que poidan mellorar a situaci\u00f3n das persoas trans no noso pa\u00eds.<\/p>\n\n\n\n<p>Nesta entrevista, teremos a oportunidade de co\u00f1ecer de primeira man a visi\u00f3n e o traballo de ARELAS. Conversaremos sobre os retos que a asociaci\u00f3n ten que enfrontar no d\u00eda a d\u00eda, os logros acadados ata o de agora, e os proxectos futuros que est\u00e1n en marcha. Tam\u00e9n reflexionaremos sobre o papel fundamental que xogaron as familias na creaci\u00f3n e desenvolvemento da asociaci\u00f3n, as\u00ed como sobre a importancia de seguir loitando por unha sociedade m\u00e1is xusta e igualitaria para todos e todas, independentemente da s\u00faa identidade de x\u00e9nero.<\/p>\n\n\n\n<p>Este encontro pretende, ademais de dar a co\u00f1ecer a realidade das crianzas e mocidade trans en Galicia, ofrecer un reco\u00f1ecemento ao labor incansable de ARELAS e de todas as persoas que, dun xeito ou outro, contrib\u00faen a que o futuro sexa un lugar m\u00e1is vivible e feliz para xs nosxs fillexs. A trav\u00e9s da palabra poderemos achegarnos a unha realidade que, a pesar dos avances, segue a precisar do compromiso e apoio de toda a sociedade galega para acadar a plena igualdade de dereitos e oportunidades para todas as persoas.<\/p>\n\n\n\n<p><strong>XOS\u00c9 MANUEL COSTA ABAL.<\/strong><\/p>\n\n\n\n<p><strong>Tesoureiro de Arelas.<\/strong><\/p>\n\n\n\n<p>\u201c<strong>O noso obxectivo, como o de calquera familia, \u00e9 que os nosos fillos e fillas sexan felices\u201d<\/strong><\/p>\n\n\n\n<p><strong>Que circunstancias levaron \u00e1 creaci\u00f3n de ARELAS en 2015 e cales foron os primeiros pasos que deron as familias fundadoras<\/strong>?<\/p>\n\n\n\n<blockquote class=\"wp-block-quote is-layout-flow wp-block-quote-is-layout-flow\">\n<p>Dar apoio e formaci\u00f3n \u00e1 mocidade nos centros escolares e aos propios menores que non sempre son apoiados polas familias.<\/p>\n<\/blockquote>\n\n\n\n<p><strong>En que medida cres que ARELAS logrou dar visibilidade \u00e1 realidade das crianzas e mocidade trans en Galicia?<\/strong><\/p>\n\n\n\n<blockquote class=\"wp-block-quote is-layout-flow wp-block-quote-is-layout-flow\">\n<p>Arelas sempre est\u00e1 presente,mesmo no orgullo de Madrid e colabora con todas as asociaci\u00f3ns de Galicia.<\/p>\n<\/blockquote>\n\n\n\n<p><strong>Cal foi a reacci\u00f3n inicial d\u00e1 sociedade galega e d\u00e1s instituci\u00f3ns diante da creaci\u00f3n de ARELAS?<\/strong><\/p>\n\n\n\n<blockquote class=\"wp-block-quote is-layout-flow wp-block-quote-is-layout-flow\">\n<p>Foi boa. Case todos os grupos pol\u00edticos colaboran. En todo o proceso da lei trans incluso chamaron \u00e1 asociaci\u00f3n para saber cal era a nosa opini\u00f3n. Hoxe en d\u00eda hai grupos pol\u00edticos que asisten \u00e1s nosas asembleas.<\/p>\n<\/blockquote>\n\n\n\n<p><strong>Que cambios notables observaches na actitude da sociedade cara as persoas trans desde a fundaci\u00f3n de ARELAS?<\/strong><\/p>\n\n\n\n<blockquote class=\"wp-block-quote is-layout-flow wp-block-quote-is-layout-flow\">\n<p>Cando se fai unha formaci\u00f3n nun colexio notamos que a asociaci\u00f3n \u00e9 un trampol\u00edn para que a xente co\u00f1eza a realidade trans. O profesorado agradece moito as formaci\u00f3ns. Eu non co\u00f1ec\u00eda a realidade ata que tiven un fillo trans e Arelas foi de gran axuda. A Asociaci\u00f3n explica os protocolos e os pasos a seguir.<\/p>\n<\/blockquote>\n\n\n\n<p><strong>A Asociaci\u00f3n axuda a que non haxa discriminaci\u00f3n?<\/strong><\/p>\n\n\n\n<blockquote class=\"wp-block-quote is-layout-flow wp-block-quote-is-layout-flow\">\n<p>Si, e cada vez hai menos. Quizais poida haber a\u00ednda alg\u00fan problema con alg\u00fans pais que non entenden ter un fillo trans.<\/p>\n<\/blockquote>\n\n\n\n<p><strong>Poder\u00edas describir ou tipo de apoio que ARELAS ofrece \u00e1s familias e menores que contactan coa asociaci\u00f3n?<\/strong><\/p>\n\n\n\n<blockquote class=\"wp-block-quote is-layout-flow wp-block-quote-is-layout-flow\">\n<p>O apoio \u00e9 m\u00faltiple desde psic\u00f3logos, ata a tramitaci\u00f3n dos papeis, orientaci\u00f3n m\u00e9dica\u2026<\/p>\n<\/blockquote>\n\n\n\n<p><strong>Cales son os principais retos aos que se enfrontan os menores trans no sistema educativo galego e como traballa ARELAS para abordar estes desaf\u00edos?<\/strong><\/p>\n\n\n\n<blockquote class=\"wp-block-quote is-layout-flow wp-block-quote-is-layout-flow\">\n<p>O principal reto \u00e9 o momento no que se produce o tr\u00e1nsito nun neno ou unha nena trans porque a\u00ed \u00e9 onde pode haber casos de rexeitamento. No caso do noso fillo, foi tan pronto o cambio que non houbo problema,<\/p>\n<\/blockquote>\n\n\n\n<blockquote class=\"wp-block-quote is-layout-flow wp-block-quote-is-layout-flow\">\n<p>pero ten habido alg\u00fan caso no que mesmo houbo que cambiar de colexio. Con todo son m\u00e1is os casos da xente que entende e acepta ese proceso que os que non o fan.<\/p>\n<\/blockquote>\n\n\n\n<p><strong>Cal \u00e9 a importancia d\u00e1 formaci\u00f3n e sensibilizaci\u00f3n en \u00e1mbitos como a educaci\u00f3n e a sanidade para garantir un apoio adecuado \u00e1s persoas trans?<\/strong><\/p>\n\n\n\n<blockquote class=\"wp-block-quote is-layout-flow wp-block-quote-is-layout-flow\">\n<p>\u00c9 o m\u00e1is primordial. Facil\u00edtalle moito o cami\u00f1o \u00e1 mocidade trans o tr\u00e1mite realmente comeza na escola. Os pais que non queren ver que te\u00f1en un fillo trans en casa acababan vendo a realidade grazas ao colexio.<\/p>\n<\/blockquote>\n\n\n\n<p><strong>Poder\u00edas compartir algunha historia de \u00e9xito ou testemu\u00f1o que reflicta ou impacto positivo que ARELAS tivo na vida dunha familia ou menor trans?<\/strong><\/p>\n\n\n\n<blockquote class=\"wp-block-quote is-layout-flow wp-block-quote-is-layout-flow\">\n<p>Pois posiblemente son esas charlas nas que se ten creado tal ambiente de comodidade que moitos nenos e nenas te\u00f1en sa\u00eddo do armario como gais, lesbianas ou transexuais por atoparse nun ambiente c\u00f3modo e de confianza.<\/p>\n<\/blockquote>\n\n\n\n<p><strong>A\u00ednda existen moitos prexu\u00edzos e desinformaci\u00f3n respecto \u00e1s persoas trans. Como afronta ARELAS estes retos e que estratexias utilizades para contrarrestalos?<\/strong><\/p>\n\n\n\n<blockquote class=\"wp-block-quote is-layout-flow wp-block-quote-is-layout-flow\">\n<p>Visibilizar fundamentalmente, en redes sociais, manifestaci\u00f3ns, orgullos\u2026 Canta m\u00e1is visibilizaci\u00f3n menos prexu\u00edzos e menos desinformaci\u00f3n.<\/p>\n<\/blockquote>\n\n\n\n<p><strong>Que impacto ten a participaci\u00f3n en redes e colaboraci\u00f3ns con outras asociaci\u00f3ns a nivel estatal ou internacional no traballo de ARELAS?<\/strong><\/p>\n\n\n\n<blockquote class=\"wp-block-quote is-layout-flow wp-block-quote-is-layout-flow\">\n<p>A nosa colaboraci\u00f3n leva mesmo a puntos nos que colaboramos con Disney que nos d\u00e1 un peluche recuberto coa bandeira LGBTI+ para cada neno ou nena que entra na asociaci\u00f3n.<\/p>\n<\/blockquote>\n\n\n\n<p><strong>Como afecta a situaci\u00f3n legal e social das persoas trans en Galicia \u00e1 calidade de vida das crianzas e mocidade trans?<\/strong><\/p>\n\n\n\n<blockquote class=\"wp-block-quote is-layout-flow wp-block-quote-is-layout-flow\">\n<p>Al\u00ed como sempre se non hai ning\u00fan problema na contorna familiar non vai haber un problema derivado de aceptaci\u00f3n e non vai pasar nada pero se non \u00e9 as\u00ed a cousa compl\u00edcase.<\/p>\n<\/blockquote>\n\n\n\n<p><strong>Como ten apoiado a asociaci\u00f3n a menores que foron rexeitados polos seus pais no proceso?<\/strong><\/p>\n\n\n\n<blockquote class=\"wp-block-quote is-layout-flow wp-block-quote-is-layout-flow\">\n<p>T\u00e9molos apoiado mesmo economicamente para operaci\u00f3ns que te\u00f1en feito f\u00f3ra de Galicia, buscando residencias temporais, ou casas dos propios asociados que se lle ofertaron a nenos aos que botaron f\u00f3ra das s\u00faas casas.<\/p>\n<\/blockquote>\n\n\n\n<p><strong>Que proxectos ou iniciativas concretas ten ARELAS para ou futuro pr\u00f3ximo que nos poidas adiantar?<\/strong><\/p>\n\n\n\n<blockquote class=\"wp-block-quote is-layout-flow wp-block-quote-is-layout-flow\">\n<p>Formaci\u00f3ns, formaci\u00f3ns, m\u00e1is formaci\u00f3ns, ir aos colexios, asistir a manifestaci\u00f3ns, continuar axudando \u00e1s familias, continuar facendo encontros como o de ver\u00e1n en Panx\u00f3n no que asistiron as familias e celebr\u00e1ronse talleres.<\/p>\n<\/blockquote>\n\n\n\n<p><strong>Que mensaxe lle dar\u00edas \u00e1s familias que est\u00e1n a comezar a s\u00faa andaina non apoio aos seus fillos e fillas trans?<\/strong><\/p>\n\n\n\n<blockquote class=\"wp-block-quote is-layout-flow wp-block-quote-is-layout-flow\">\n<p>Que non se boten atr\u00e1s por nada do mundo punto eu nunca lle po\u00f1\u00eda nota a felicidade, cando fun ao psic\u00f3logo co meu fillo, houbo un momento no que o meu fillo sa\u00edu da consulta e despois entramos n\u00f3s. O psic\u00f3logo d\u00edxonos que lle preguntou por como puntuar\u00eda a s\u00faa felicidade de cero a dez e o neno d\u00edxolle 10. Ese \u00e9 o obxectivo de calquera familia que inicia o cami\u00f1o, que o seu fillo ou a s\u00faa filla trans te\u00f1a unha felicidade 10.<\/p>\n<\/blockquote>\n\n\n\n<p><strong>Como pode a sociedade galega apoiar mellor \u00e1s persoas trans e \u00e1s s\u00faas familias para que alcancen a plena igualdade de dereitos?<\/strong><\/p>\n\n\n\n<blockquote class=\"wp-block-quote is-layout-flow wp-block-quote-is-layout-flow\">\n<p>A lei si reco\u00f1ece os dereitos, agora o que queda \u00e9 respectar \u00e1s persoas e aos dereitos pero sobre todo que non haxa casos de discriminaci\u00f3n e de violencia como o dese rapaz que tiraron da muralla de Lugo.<\/p>\n<\/blockquote>\n\n\n\n<p><strong>Como combatemos as informaci\u00f3ns falsas?<\/strong><\/p>\n\n\n\n<blockquote class=\"wp-block-quote is-layout-flow wp-block-quote-is-layout-flow\">\n<p>Con visibilidade e sobre todo e o m\u00e1is importante, que para normalizar o que \u00e9 normal ser\u00eda ideal que todo o mundo co\u00f1ecese unha persoa trans.<\/p>\n<\/blockquote>\n\n\n\n<p><strong>Que opinas da posici\u00f3n dalg\u00fans grupos da oposici\u00f3n no Goberno do estado?<\/strong><\/p>\n\n\n\n<blockquote class=\"wp-block-quote is-layout-flow wp-block-quote-is-layout-flow\">\n<p>Que se po\u00f1an na pel dunha persoa trans para saber o dif\u00edcil que o tes. Hai unha lei e se algu\u00e9n comete fraude de lei para encubrir outras cousas, esa \u00e9 outra cuesti\u00f3n. A lei trans est\u00e1 para beneficiar. E quen faga un mal uso da letra trans para encubrir cuesti\u00f3ns como a violencia de x\u00e9nero ter\u00e1 que ser castigado polo propio sistema xudicial.<\/p>\n<\/blockquote>\n\n\n\n<p><strong>Crees que se poder\u00eda profundar m\u00e1is na lei trans?<\/strong><\/p>\n\n\n\n<blockquote class=\"wp-block-quote is-layout-flow wp-block-quote-is-layout-flow\">\n<p>Si, poder\u00edase aondar m\u00e1is porque algunhas persoas quedaron exclu\u00eddas polos rangos de idade e despois independentemente de que os teus pais che acepten ou non che acepten, ti es trans e esa \u00e9 a realidade.<\/p>\n<\/blockquote>\n\n\n\n<p><strong>Cales son os teus desexos e obxectivos para ou futuro da comunidade trans en Galicia e para a continuidade do traballo de ARELAS?<\/strong><\/p>\n\n\n\n<blockquote class=\"wp-block-quote is-layout-flow wp-block-quote-is-layout-flow\">\n<p>O que desexo \u00e9 que non existise. Se continuamos existindo dentro duns anos \u00e9 que hai xente que contin\u00faa a necesitar de apoio.<\/p>\n<\/blockquote>\n\n\n\n<p><strong>Por \u00faltimo, hai algo que quixeses dicirlle aos lectores de A Nova Peneira?<\/strong><\/p>\n\n\n\n<blockquote class=\"wp-block-quote is-layout-flow wp-block-quote-is-layout-flow\">\n<p>Que respecten e axuden \u00e1s persoas trans que a verdade \u00e9 que o te\u00f1en moi dif\u00edcil.<\/p>\n<\/blockquote>\n","protected":false},"excerpt":{"rendered":"<div class=\"mh-excerpt\"><p>A realidade das crianzas e mocidade trans en Galicia, durante moito tempo, estivo agochada e invisibilizada, nunha sociedade que non sempre foi capaz de comprender e aceptar a diversidade de x\u00e9nero <a class=\"mh-excerpt-more\" href=\"https:\/\/www.anovapeneira.gal\/index.php\/2024\/09\/06\/arelas-asociacion-de-familias-de-menores-e-mocidade-trans-de-galicia\/\" title=\"ARELAS: Asociaci\u00f3n de familias de menores e mocidade trans de Galicia\">[&#8230;]<\/a><\/p>\n<\/div>","protected":false},"author":3,"featured_media":12372,"comment_status":"open","ping_status":"open","sticky":false,"template":"","format":"standard","meta":{"_exactmetrics_skip_tracking":false,"_exactmetrics_sitenote_active":false,"_exactmetrics_sitenote_note":"","_exactmetrics_sitenote_category":0,"footnotes":""},"categories":[264],"tags":[1426,1427],"class_list":{"0":"post-12371","1":"post","2":"type-post","3":"status-publish","4":"format-standard","5":"has-post-thumbnail","7":"category-entrevistas-galicia","8":"tag-arela","9":"tag-mocidade-trans"},"yoast_head":"<!-- This site is optimized with the Yoast SEO plugin v27.5 - https:\/\/yoast.com\/product\/yoast-seo-wordpress\/ -->\n<title>ARELAS: Asociaci\u00f3n de familias de menores e mocidade trans de Galicia -<\/title>\n<meta name=\"robots\" content=\"index, follow, max-snippet:-1, max-image-preview:large, max-video-preview:-1\" \/>\n<link rel=\"canonical\" href=\"https:\/\/www.anovapeneira.gal\/index.php\/2024\/09\/06\/arelas-asociacion-de-familias-de-menores-e-mocidade-trans-de-galicia\/\" \/>\n<meta property=\"og:locale\" content=\"gl_ES\" \/>\n<meta property=\"og:type\" content=\"article\" \/>\n<meta property=\"og:title\" content=\"ARELAS: Asociaci\u00f3n de familias de menores e mocidade trans de Galicia -\" \/>\n<meta property=\"og:description\" content=\"A realidade das crianzas e mocidade trans en Galicia, durante moito tempo, estivo agochada e invisibilizada, nunha sociedade que non sempre foi capaz de comprender e aceptar a diversidade de x\u00e9nero [...]\" \/>\n<meta property=\"og:url\" content=\"https:\/\/www.anovapeneira.gal\/index.php\/2024\/09\/06\/arelas-asociacion-de-familias-de-menores-e-mocidade-trans-de-galicia\/\" \/>\n<meta property=\"article:publisher\" content=\"https:\/\/www.facebook.com\/anovapeneira\" \/>\n<meta property=\"article:published_time\" content=\"2024-09-06T10:00:36+00:00\" \/>\n<meta property=\"og:image\" content=\"https:\/\/www.anovapeneira.gal\/wp-content\/uploads\/2024\/09\/Jose_Manuel_Arelas.png\" \/>\n\t<meta property=\"og:image:width\" content=\"720\" \/>\n\t<meta property=\"og:image:height\" content=\"432\" \/>\n\t<meta property=\"og:image:type\" content=\"image\/png\" \/>\n<meta name=\"author\" content=\"Redacci\u00f3n A Nova Peneira\" \/>\n<meta name=\"twitter:card\" content=\"summary_large_image\" \/>\n<meta name=\"twitter:creator\" content=\"@APeneira\" \/>\n<meta name=\"twitter:site\" content=\"@APeneira\" \/>\n<meta name=\"twitter:label1\" content=\"Escrito por\" \/>\n\t<meta name=\"twitter:data1\" content=\"Redacci\u00f3n A Nova Peneira\" \/>\n\t<meta name=\"twitter:label2\" content=\"Tempo de lectura\" \/>\n\t<meta name=\"twitter:data2\" content=\"7 minutos\" \/>\n<script type=\"application\/ld+json\" class=\"yoast-schema-graph\">{\"@context\":\"https:\\\/\\\/schema.org\",\"@graph\":[{\"@type\":\"Article\",\"@id\":\"https:\\\/\\\/www.anovapeneira.gal\\\/index.php\\\/2024\\\/09\\\/06\\\/arelas-asociacion-de-familias-de-menores-e-mocidade-trans-de-galicia\\\/#article\",\"isPartOf\":{\"@id\":\"https:\\\/\\\/www.anovapeneira.gal\\\/index.php\\\/2024\\\/09\\\/06\\\/arelas-asociacion-de-familias-de-menores-e-mocidade-trans-de-galicia\\\/\"},\"author\":{\"name\":\"Redacci\u00f3n A Nova Peneira\",\"@id\":\"https:\\\/\\\/www.anovapeneira.gal\\\/#\\\/schema\\\/person\\\/b93e3f8932e3f8da96334607eb6ac6aa\"},\"headline\":\"ARELAS: Asociaci\u00f3n de familias de menores e mocidade trans de Galicia\",\"datePublished\":\"2024-09-06T10:00:36+00:00\",\"mainEntityOfPage\":{\"@id\":\"https:\\\/\\\/www.anovapeneira.gal\\\/index.php\\\/2024\\\/09\\\/06\\\/arelas-asociacion-de-familias-de-menores-e-mocidade-trans-de-galicia\\\/\"},\"wordCount\":2070,\"commentCount\":0,\"publisher\":{\"@id\":\"https:\\\/\\\/www.anovapeneira.gal\\\/#organization\"},\"image\":{\"@id\":\"https:\\\/\\\/www.anovapeneira.gal\\\/index.php\\\/2024\\\/09\\\/06\\\/arelas-asociacion-de-familias-de-menores-e-mocidade-trans-de-galicia\\\/#primaryimage\"},\"thumbnailUrl\":\"https:\\\/\\\/www.anovapeneira.gal\\\/wp-content\\\/uploads\\\/2024\\\/09\\\/Jose_Manuel_Arelas.png\",\"keywords\":[\"Arela\",\"Mocidade trans\"],\"articleSection\":[\"Entrevistas\"],\"inLanguage\":\"gl-ES\",\"potentialAction\":[{\"@type\":\"CommentAction\",\"name\":\"Comment\",\"target\":[\"https:\\\/\\\/www.anovapeneira.gal\\\/index.php\\\/2024\\\/09\\\/06\\\/arelas-asociacion-de-familias-de-menores-e-mocidade-trans-de-galicia\\\/#respond\"]}]},{\"@type\":\"WebPage\",\"@id\":\"https:\\\/\\\/www.anovapeneira.gal\\\/index.php\\\/2024\\\/09\\\/06\\\/arelas-asociacion-de-familias-de-menores-e-mocidade-trans-de-galicia\\\/\",\"url\":\"https:\\\/\\\/www.anovapeneira.gal\\\/index.php\\\/2024\\\/09\\\/06\\\/arelas-asociacion-de-familias-de-menores-e-mocidade-trans-de-galicia\\\/\",\"name\":\"ARELAS: Asociaci\u00f3n de familias de menores e mocidade trans de Galicia -\",\"isPartOf\":{\"@id\":\"https:\\\/\\\/www.anovapeneira.gal\\\/#website\"},\"primaryImageOfPage\":{\"@id\":\"https:\\\/\\\/www.anovapeneira.gal\\\/index.php\\\/2024\\\/09\\\/06\\\/arelas-asociacion-de-familias-de-menores-e-mocidade-trans-de-galicia\\\/#primaryimage\"},\"image\":{\"@id\":\"https:\\\/\\\/www.anovapeneira.gal\\\/index.php\\\/2024\\\/09\\\/06\\\/arelas-asociacion-de-familias-de-menores-e-mocidade-trans-de-galicia\\\/#primaryimage\"},\"thumbnailUrl\":\"https:\\\/\\\/www.anovapeneira.gal\\\/wp-content\\\/uploads\\\/2024\\\/09\\\/Jose_Manuel_Arelas.png\",\"datePublished\":\"2024-09-06T10:00:36+00:00\",\"breadcrumb\":{\"@id\":\"https:\\\/\\\/www.anovapeneira.gal\\\/index.php\\\/2024\\\/09\\\/06\\\/arelas-asociacion-de-familias-de-menores-e-mocidade-trans-de-galicia\\\/#breadcrumb\"},\"inLanguage\":\"gl-ES\",\"potentialAction\":[{\"@type\":\"ReadAction\",\"target\":[\"https:\\\/\\\/www.anovapeneira.gal\\\/index.php\\\/2024\\\/09\\\/06\\\/arelas-asociacion-de-familias-de-menores-e-mocidade-trans-de-galicia\\\/\"]}]},{\"@type\":\"ImageObject\",\"inLanguage\":\"gl-ES\",\"@id\":\"https:\\\/\\\/www.anovapeneira.gal\\\/index.php\\\/2024\\\/09\\\/06\\\/arelas-asociacion-de-familias-de-menores-e-mocidade-trans-de-galicia\\\/#primaryimage\",\"url\":\"https:\\\/\\\/www.anovapeneira.gal\\\/wp-content\\\/uploads\\\/2024\\\/09\\\/Jose_Manuel_Arelas.png\",\"contentUrl\":\"https:\\\/\\\/www.anovapeneira.gal\\\/wp-content\\\/uploads\\\/2024\\\/09\\\/Jose_Manuel_Arelas.png\",\"width\":720,\"height\":432},{\"@type\":\"BreadcrumbList\",\"@id\":\"https:\\\/\\\/www.anovapeneira.gal\\\/index.php\\\/2024\\\/09\\\/06\\\/arelas-asociacion-de-familias-de-menores-e-mocidade-trans-de-galicia\\\/#breadcrumb\",\"itemListElement\":[{\"@type\":\"ListItem\",\"position\":1,\"name\":\"Portada\",\"item\":\"https:\\\/\\\/www.anovapeneira.gal\\\/\"},{\"@type\":\"ListItem\",\"position\":2,\"name\":\"ARELAS: Asociaci\u00f3n de familias de menores e mocidade trans de Galicia\"}]},{\"@type\":\"WebSite\",\"@id\":\"https:\\\/\\\/www.anovapeneira.gal\\\/#website\",\"url\":\"https:\\\/\\\/www.anovapeneira.gal\\\/\",\"name\":\"\",\"description\":\"Xornal galego de informaci\u00f3n xeral Publicaci\u00f3n mensual de novas de Galicia e en especial dos Concellos da sur da provincia de Pontevedra.\",\"publisher\":{\"@id\":\"https:\\\/\\\/www.anovapeneira.gal\\\/#organization\"},\"potentialAction\":[{\"@type\":\"SearchAction\",\"target\":{\"@type\":\"EntryPoint\",\"urlTemplate\":\"https:\\\/\\\/www.anovapeneira.gal\\\/?s={search_term_string}\"},\"query-input\":{\"@type\":\"PropertyValueSpecification\",\"valueRequired\":true,\"valueName\":\"search_term_string\"}}],\"inLanguage\":\"gl-ES\"},{\"@type\":\"Organization\",\"@id\":\"https:\\\/\\\/www.anovapeneira.gal\\\/#organization\",\"name\":\"A Nova Peneira\",\"url\":\"https:\\\/\\\/www.anovapeneira.gal\\\/\",\"logo\":{\"@type\":\"ImageObject\",\"inLanguage\":\"gl-ES\",\"@id\":\"https:\\\/\\\/www.anovapeneira.gal\\\/#\\\/schema\\\/logo\\\/image\\\/\",\"url\":\"http:\\\/\\\/www.anovapeneira.gal\\\/wp-content\\\/uploads\\\/2019\\\/06\\\/logo_a_nova_peneira_portal_web.png\",\"contentUrl\":\"http:\\\/\\\/www.anovapeneira.gal\\\/wp-content\\\/uploads\\\/2019\\\/06\\\/logo_a_nova_peneira_portal_web.png\",\"width\":300,\"height\":100,\"caption\":\"A Nova Peneira\"},\"image\":{\"@id\":\"https:\\\/\\\/www.anovapeneira.gal\\\/#\\\/schema\\\/logo\\\/image\\\/\"},\"sameAs\":[\"https:\\\/\\\/www.facebook.com\\\/anovapeneira\",\"https:\\\/\\\/x.com\\\/APeneira\"]},{\"@type\":\"Person\",\"@id\":\"https:\\\/\\\/www.anovapeneira.gal\\\/#\\\/schema\\\/person\\\/b93e3f8932e3f8da96334607eb6ac6aa\",\"name\":\"Redacci\u00f3n A Nova Peneira\",\"image\":{\"@type\":\"ImageObject\",\"inLanguage\":\"gl-ES\",\"@id\":\"https:\\\/\\\/secure.gravatar.com\\\/avatar\\\/c052a2551a06e23fac63626232eaa90abd78dbcf1700fc46a2b2c89fd27b735f?s=96&d=mm&r=g\",\"url\":\"https:\\\/\\\/secure.gravatar.com\\\/avatar\\\/c052a2551a06e23fac63626232eaa90abd78dbcf1700fc46a2b2c89fd27b735f?s=96&d=mm&r=g\",\"contentUrl\":\"https:\\\/\\\/secure.gravatar.com\\\/avatar\\\/c052a2551a06e23fac63626232eaa90abd78dbcf1700fc46a2b2c89fd27b735f?s=96&d=mm&r=g\",\"caption\":\"Redacci\u00f3n A Nova Peneira\"},\"sameAs\":[\"http:\\\/\\\/www.anovapeneira.gal\\\/\"],\"url\":\"https:\\\/\\\/www.anovapeneira.gal\\\/index.php\\\/author\\\/redactor\\\/\"}]}<\/script>\n<!-- \/ Yoast SEO plugin. -->","yoast_head_json":{"title":"ARELAS: Asociaci\u00f3n de familias de menores e mocidade trans de Galicia -","robots":{"index":"index","follow":"follow","max-snippet":"max-snippet:-1","max-image-preview":"max-image-preview:large","max-video-preview":"max-video-preview:-1"},"canonical":"https:\/\/www.anovapeneira.gal\/index.php\/2024\/09\/06\/arelas-asociacion-de-familias-de-menores-e-mocidade-trans-de-galicia\/","og_locale":"gl_ES","og_type":"article","og_title":"ARELAS: Asociaci\u00f3n de familias de menores e mocidade trans de Galicia -","og_description":"A realidade das crianzas e mocidade trans en Galicia, durante moito tempo, estivo agochada e invisibilizada, nunha sociedade que non sempre foi capaz de comprender e aceptar a diversidade de x\u00e9nero [...]","og_url":"https:\/\/www.anovapeneira.gal\/index.php\/2024\/09\/06\/arelas-asociacion-de-familias-de-menores-e-mocidade-trans-de-galicia\/","article_publisher":"https:\/\/www.facebook.com\/anovapeneira","article_published_time":"2024-09-06T10:00:36+00:00","og_image":[{"width":720,"height":432,"url":"https:\/\/www.anovapeneira.gal\/wp-content\/uploads\/2024\/09\/Jose_Manuel_Arelas.png","type":"image\/png"}],"author":"Redacci\u00f3n A Nova Peneira","twitter_card":"summary_large_image","twitter_creator":"@APeneira","twitter_site":"@APeneira","twitter_misc":{"Escrito por":"Redacci\u00f3n A Nova Peneira","Tempo de lectura":"7 minutos"},"schema":{"@context":"https:\/\/schema.org","@graph":[{"@type":"Article","@id":"https:\/\/www.anovapeneira.gal\/index.php\/2024\/09\/06\/arelas-asociacion-de-familias-de-menores-e-mocidade-trans-de-galicia\/#article","isPartOf":{"@id":"https:\/\/www.anovapeneira.gal\/index.php\/2024\/09\/06\/arelas-asociacion-de-familias-de-menores-e-mocidade-trans-de-galicia\/"},"author":{"name":"Redacci\u00f3n A Nova Peneira","@id":"https:\/\/www.anovapeneira.gal\/#\/schema\/person\/b93e3f8932e3f8da96334607eb6ac6aa"},"headline":"ARELAS: Asociaci\u00f3n de familias de menores e mocidade trans de Galicia","datePublished":"2024-09-06T10:00:36+00:00","mainEntityOfPage":{"@id":"https:\/\/www.anovapeneira.gal\/index.php\/2024\/09\/06\/arelas-asociacion-de-familias-de-menores-e-mocidade-trans-de-galicia\/"},"wordCount":2070,"commentCount":0,"publisher":{"@id":"https:\/\/www.anovapeneira.gal\/#organization"},"image":{"@id":"https:\/\/www.anovapeneira.gal\/index.php\/2024\/09\/06\/arelas-asociacion-de-familias-de-menores-e-mocidade-trans-de-galicia\/#primaryimage"},"thumbnailUrl":"https:\/\/www.anovapeneira.gal\/wp-content\/uploads\/2024\/09\/Jose_Manuel_Arelas.png","keywords":["Arela","Mocidade trans"],"articleSection":["Entrevistas"],"inLanguage":"gl-ES","potentialAction":[{"@type":"CommentAction","name":"Comment","target":["https:\/\/www.anovapeneira.gal\/index.php\/2024\/09\/06\/arelas-asociacion-de-familias-de-menores-e-mocidade-trans-de-galicia\/#respond"]}]},{"@type":"WebPage","@id":"https:\/\/www.anovapeneira.gal\/index.php\/2024\/09\/06\/arelas-asociacion-de-familias-de-menores-e-mocidade-trans-de-galicia\/","url":"https:\/\/www.anovapeneira.gal\/index.php\/2024\/09\/06\/arelas-asociacion-de-familias-de-menores-e-mocidade-trans-de-galicia\/","name":"ARELAS: Asociaci\u00f3n de familias de menores e mocidade trans de Galicia -","isPartOf":{"@id":"https:\/\/www.anovapeneira.gal\/#website"},"primaryImageOfPage":{"@id":"https:\/\/www.anovapeneira.gal\/index.php\/2024\/09\/06\/arelas-asociacion-de-familias-de-menores-e-mocidade-trans-de-galicia\/#primaryimage"},"image":{"@id":"https:\/\/www.anovapeneira.gal\/index.php\/2024\/09\/06\/arelas-asociacion-de-familias-de-menores-e-mocidade-trans-de-galicia\/#primaryimage"},"thumbnailUrl":"https:\/\/www.anovapeneira.gal\/wp-content\/uploads\/2024\/09\/Jose_Manuel_Arelas.png","datePublished":"2024-09-06T10:00:36+00:00","breadcrumb":{"@id":"https:\/\/www.anovapeneira.gal\/index.php\/2024\/09\/06\/arelas-asociacion-de-familias-de-menores-e-mocidade-trans-de-galicia\/#breadcrumb"},"inLanguage":"gl-ES","potentialAction":[{"@type":"ReadAction","target":["https:\/\/www.anovapeneira.gal\/index.php\/2024\/09\/06\/arelas-asociacion-de-familias-de-menores-e-mocidade-trans-de-galicia\/"]}]},{"@type":"ImageObject","inLanguage":"gl-ES","@id":"https:\/\/www.anovapeneira.gal\/index.php\/2024\/09\/06\/arelas-asociacion-de-familias-de-menores-e-mocidade-trans-de-galicia\/#primaryimage","url":"https:\/\/www.anovapeneira.gal\/wp-content\/uploads\/2024\/09\/Jose_Manuel_Arelas.png","contentUrl":"https:\/\/www.anovapeneira.gal\/wp-content\/uploads\/2024\/09\/Jose_Manuel_Arelas.png","width":720,"height":432},{"@type":"BreadcrumbList","@id":"https:\/\/www.anovapeneira.gal\/index.php\/2024\/09\/06\/arelas-asociacion-de-familias-de-menores-e-mocidade-trans-de-galicia\/#breadcrumb","itemListElement":[{"@type":"ListItem","position":1,"name":"Portada","item":"https:\/\/www.anovapeneira.gal\/"},{"@type":"ListItem","position":2,"name":"ARELAS: Asociaci\u00f3n de familias de menores e mocidade trans de Galicia"}]},{"@type":"WebSite","@id":"https:\/\/www.anovapeneira.gal\/#website","url":"https:\/\/www.anovapeneira.gal\/","name":"","description":"Xornal galego de informaci\u00f3n xeral Publicaci\u00f3n mensual de novas de Galicia e en especial dos Concellos da sur da provincia de Pontevedra.","publisher":{"@id":"https:\/\/www.anovapeneira.gal\/#organization"},"potentialAction":[{"@type":"SearchAction","target":{"@type":"EntryPoint","urlTemplate":"https:\/\/www.anovapeneira.gal\/?s={search_term_string}"},"query-input":{"@type":"PropertyValueSpecification","valueRequired":true,"valueName":"search_term_string"}}],"inLanguage":"gl-ES"},{"@type":"Organization","@id":"https:\/\/www.anovapeneira.gal\/#organization","name":"A Nova Peneira","url":"https:\/\/www.anovapeneira.gal\/","logo":{"@type":"ImageObject","inLanguage":"gl-ES","@id":"https:\/\/www.anovapeneira.gal\/#\/schema\/logo\/image\/","url":"http:\/\/www.anovapeneira.gal\/wp-content\/uploads\/2019\/06\/logo_a_nova_peneira_portal_web.png","contentUrl":"http:\/\/www.anovapeneira.gal\/wp-content\/uploads\/2019\/06\/logo_a_nova_peneira_portal_web.png","width":300,"height":100,"caption":"A Nova Peneira"},"image":{"@id":"https:\/\/www.anovapeneira.gal\/#\/schema\/logo\/image\/"},"sameAs":["https:\/\/www.facebook.com\/anovapeneira","https:\/\/x.com\/APeneira"]},{"@type":"Person","@id":"https:\/\/www.anovapeneira.gal\/#\/schema\/person\/b93e3f8932e3f8da96334607eb6ac6aa","name":"Redacci\u00f3n A Nova Peneira","image":{"@type":"ImageObject","inLanguage":"gl-ES","@id":"https:\/\/secure.gravatar.com\/avatar\/c052a2551a06e23fac63626232eaa90abd78dbcf1700fc46a2b2c89fd27b735f?s=96&d=mm&r=g","url":"https:\/\/secure.gravatar.com\/avatar\/c052a2551a06e23fac63626232eaa90abd78dbcf1700fc46a2b2c89fd27b735f?s=96&d=mm&r=g","contentUrl":"https:\/\/secure.gravatar.com\/avatar\/c052a2551a06e23fac63626232eaa90abd78dbcf1700fc46a2b2c89fd27b735f?s=96&d=mm&r=g","caption":"Redacci\u00f3n A Nova Peneira"},"sameAs":["http:\/\/www.anovapeneira.gal\/"],"url":"https:\/\/www.anovapeneira.gal\/index.php\/author\/redactor\/"}]}},"jetpack_featured_media_url":"https:\/\/www.anovapeneira.gal\/wp-content\/uploads\/2024\/09\/Jose_Manuel_Arelas.png","_links":{"self":[{"href":"https:\/\/www.anovapeneira.gal\/index.php\/wp-json\/wp\/v2\/posts\/12371","targetHints":{"allow":["GET"]}}],"collection":[{"href":"https:\/\/www.anovapeneira.gal\/index.php\/wp-json\/wp\/v2\/posts"}],"about":[{"href":"https:\/\/www.anovapeneira.gal\/index.php\/wp-json\/wp\/v2\/types\/post"}],"author":[{"embeddable":true,"href":"https:\/\/www.anovapeneira.gal\/index.php\/wp-json\/wp\/v2\/users\/3"}],"replies":[{"embeddable":true,"href":"https:\/\/www.anovapeneira.gal\/index.php\/wp-json\/wp\/v2\/comments?post=12371"}],"version-history":[{"count":2,"href":"https:\/\/www.anovapeneira.gal\/index.php\/wp-json\/wp\/v2\/posts\/12371\/revisions"}],"predecessor-version":[{"id":12374,"href":"https:\/\/www.anovapeneira.gal\/index.php\/wp-json\/wp\/v2\/posts\/12371\/revisions\/12374"}],"wp:featuredmedia":[{"embeddable":true,"href":"https:\/\/www.anovapeneira.gal\/index.php\/wp-json\/wp\/v2\/media\/12372"}],"wp:attachment":[{"href":"https:\/\/www.anovapeneira.gal\/index.php\/wp-json\/wp\/v2\/media?parent=12371"}],"wp:term":[{"taxonomy":"category","embeddable":true,"href":"https:\/\/www.anovapeneira.gal\/index.php\/wp-json\/wp\/v2\/categories?post=12371"},{"taxonomy":"post_tag","embeddable":true,"href":"https:\/\/www.anovapeneira.gal\/index.php\/wp-json\/wp\/v2\/tags?post=12371"}],"curies":[{"name":"wp","href":"https:\/\/api.w.org\/{rel}","templated":true}]}}