{"id":12389,"date":"2024-09-11T10:00:17","date_gmt":"2024-09-11T08:00:17","guid":{"rendered":"https:\/\/www.anovapeneira.gal\/?p=12389"},"modified":"2024-09-08T09:58:43","modified_gmt":"2024-09-08T07:58:43","slug":"convocan-sete-xornadas-de-folga-en-setembro-contra-a-precariedade-no-saf-das-neves","status":"publish","type":"post","link":"https:\/\/www.anovapeneira.gal\/index.php\/2024\/09\/11\/convocan-sete-xornadas-de-folga-en-setembro-contra-a-precariedade-no-saf-das-neves\/","title":{"rendered":"Convocan sete xornadas de folga en setembro contra a precariedade no SAF das Neves"},"content":{"rendered":"\n<h2 class=\"wp-block-heading\">A CIG denuncia que o Concello incumpre o compromiso de actualizar os salarios e que aprobou un prego de licitaci\u00f3n cun prezo insuficiente<\/h2>\n\n\n\n<p>As Neves, 4 de setembro de 2024.<\/p>\n\n\n\n<p>A asemblea de traballadoras do Servizo de Axuda no Fogar (SAF) do Concello das Neves decidiu convocar sete xornadas de folga e mobilizaci\u00f3ns no mes de setembro para denunciar que o Goberno local incumpre o seu compromiso de actualizar os salarios e que v\u00e9n de aprobar un prego de condici\u00f3ns para licitar o servizo cun prezo insuficiente. Dende a CIG sinalan que a d\u00e9beda co conxunto do persoal do SAF das Neves supera neste intre os 30.000 euros, unha media de 1900 euros por traballadora a xornada completa.<\/p>\n\n\n\n<p>Os paros comezar\u00e1n este venres d\u00eda 6 e desenvolveranse os martes e os venres, xornadas que se aproveitar\u00e1n para celebrar tam\u00e9n concentraci\u00f3ns diante do consistorio. As traballadoras anuncian que se trata do inicio dunha campa\u00f1a de mobilizaci\u00f3ns que ir\u00e1 increment\u00e1ndose no caso de que o Goberno municipal do PP non cumpra co compromiso adquirido. De feito, onte xa levaron as s\u00faas reivindicaci\u00f3ns ao pleno municipal.<\/p>\n\n\n\n<p>Lembran que o actual contrato do SAF non cubre o custe salarial, e que a empresa adxudicataria presentou en 2023 un descolgue de convenio polo que lle est\u00e1 a pagar \u00e1s traballadoras o salario e os complementos de quilometraxe a prezo do ano 2022. \u201cOs respons\u00e1beis municipais compromet\u00e9ranse diante do Consello Galego de Relaci\u00f3ns Laborais a licitar un novo contrato a prezo suficiente antes do mes de abril de 2024\u201d.<\/p>\n\n\n\n<p>Mais en abril, \u201cde xeito doloso coa intenci\u00f3n de aforrarlle cartos ao Concello\u201d, non cumpriron o seu compromiso e decidiron executar unha prorroga obrigatoria ao mesmo prezo, \u201cmaila que a s\u00faa obriga como \u00f3rgano de contrataci\u00f3n \u00e9 po\u00f1er as medidas necesarias para que se cumpra o convenio colectivo\u201d. Diante da presi\u00f3n das traballadoras nos plenos o alcalde deu novamente a s\u00faa palabra de actualizar no mes de xu\u00f1o o prezo do contrato para que as traballadoras puideran cobrar os seus salarios, \u201cpero non foi en xu\u00f1o nin en xullo\u201d.<\/p>\n\n\n\n<p>As mobilizaci\u00f3ns das traballadoras durante o mes de agosto provocaron a convocatoria dun pleno extraordinario no que o PP non cumpriu a s\u00faa palabra de traer a aprobaci\u00f3n a actualizaci\u00f3n do prezo, \u201ce para lavar a s\u00faa imaxe diante da veci\u00f1anza presentou uns pregos para nova licitaci\u00f3n totalmente improvisados, con erros de vulto en canto o c\u00e1lculo do novo prezo de licitaci\u00f3n que van provocar que o servizo caia en mans dunha empresa pirata\u201d. A indignaci\u00f3n das afectadas provocou a suspensi\u00f3n do pleno durante varias horas, \u201cdecidindo o rexedor sen criterio obxectivo alg\u00fan levar finalmente a aprobaci\u00f3n o texto que propu\u00f1a\u201d.<\/p>\n\n\n\n<p>En consecuencia, a asemblea de traballadoras decidiu convocar folga e concentraci\u00f3ns para o mes de setembro, recorrer diante do Tribunal Econ\u00f3mico Administrativo o contido dos pregos aprobados cos votos do PP e valorar a interposici\u00f3n dunha demanda plural de danos e prexu\u00edzos contra o Concello pola omisi\u00f3n do seu deber de velar polo cumprimento da lexislaci\u00f3n laboral.<\/p>\n","protected":false},"excerpt":{"rendered":"<div class=\"mh-excerpt\"><p>A CIG denuncia que o Concello incumpre o compromiso de actualizar os salarios e que aprobou un prego de licitaci\u00f3n cun prezo insuficiente <a class=\"mh-excerpt-more\" href=\"https:\/\/www.anovapeneira.gal\/index.php\/2024\/09\/11\/convocan-sete-xornadas-de-folga-en-setembro-contra-a-precariedade-no-saf-das-neves\/\" title=\"Convocan sete xornadas de folga en setembro contra a precariedade no SAF das Neves\">[&#8230;]<\/a><\/p>\n<\/div>","protected":false},"author":3,"featured_media":12390,"comment_status":"open","ping_status":"open","sticky":false,"template":"","format":"standard","meta":{"_exactmetrics_skip_tracking":false,"_exactmetrics_sitenote_active":false,"_exactmetrics_sitenote_note":"","_exactmetrics_sitenote_category":0,"footnotes":""},"categories":[25],"tags":[546],"class_list":{"0":"post-12389","1":"post","2":"type-post","3":"status-publish","4":"format-standard","5":"has-post-thumbnail","7":"category-condado","8":"tag-concello-das-neves"},"yoast_head":"<!-- This site is optimized with the Yoast SEO plugin v27.4 - https:\/\/yoast.com\/product\/yoast-seo-wordpress\/ -->\n<title>Convocan sete xornadas de folga en setembro contra a precariedade no SAF das Neves -<\/title>\n<meta name=\"robots\" content=\"index, follow, max-snippet:-1, max-image-preview:large, max-video-preview:-1\" \/>\n<link rel=\"canonical\" href=\"https:\/\/www.anovapeneira.gal\/index.php\/2024\/09\/11\/convocan-sete-xornadas-de-folga-en-setembro-contra-a-precariedade-no-saf-das-neves\/\" \/>\n<meta property=\"og:locale\" content=\"gl_ES\" \/>\n<meta property=\"og:type\" content=\"article\" \/>\n<meta property=\"og:title\" content=\"Convocan sete xornadas de folga en setembro contra a precariedade no SAF das Neves -\" \/>\n<meta property=\"og:description\" content=\"A CIG denuncia que o Concello incumpre o compromiso de actualizar os salarios e que aprobou un prego de licitaci\u00f3n cun prezo insuficiente [...]\" \/>\n<meta property=\"og:url\" content=\"https:\/\/www.anovapeneira.gal\/index.php\/2024\/09\/11\/convocan-sete-xornadas-de-folga-en-setembro-contra-a-precariedade-no-saf-das-neves\/\" \/>\n<meta property=\"article:publisher\" content=\"https:\/\/www.facebook.com\/anovapeneira\" \/>\n<meta property=\"article:published_time\" content=\"2024-09-11T08:00:17+00:00\" \/>\n<meta property=\"og:image\" content=\"https:\/\/www.anovapeneira.gal\/wp-content\/uploads\/2024\/09\/saf_neves.png\" \/>\n\t<meta property=\"og:image:width\" content=\"720\" \/>\n\t<meta property=\"og:image:height\" content=\"432\" \/>\n\t<meta property=\"og:image:type\" content=\"image\/png\" \/>\n<meta name=\"author\" content=\"Redacci\u00f3n A Nova Peneira\" \/>\n<meta name=\"twitter:card\" content=\"summary_large_image\" \/>\n<meta name=\"twitter:creator\" content=\"@APeneira\" \/>\n<meta name=\"twitter:site\" content=\"@APeneira\" \/>\n<meta name=\"twitter:label1\" content=\"Escrito por\" \/>\n\t<meta name=\"twitter:data1\" content=\"Redacci\u00f3n A Nova Peneira\" \/>\n\t<meta name=\"twitter:label2\" content=\"Tempo de lectura\" \/>\n\t<meta name=\"twitter:data2\" content=\"3 minutos\" \/>\n<script type=\"application\/ld+json\" class=\"yoast-schema-graph\">{\"@context\":\"https:\\\/\\\/schema.org\",\"@graph\":[{\"@type\":\"Article\",\"@id\":\"https:\\\/\\\/www.anovapeneira.gal\\\/index.php\\\/2024\\\/09\\\/11\\\/convocan-sete-xornadas-de-folga-en-setembro-contra-a-precariedade-no-saf-das-neves\\\/#article\",\"isPartOf\":{\"@id\":\"https:\\\/\\\/www.anovapeneira.gal\\\/index.php\\\/2024\\\/09\\\/11\\\/convocan-sete-xornadas-de-folga-en-setembro-contra-a-precariedade-no-saf-das-neves\\\/\"},\"author\":{\"name\":\"Redacci\u00f3n A Nova Peneira\",\"@id\":\"https:\\\/\\\/www.anovapeneira.gal\\\/#\\\/schema\\\/person\\\/b93e3f8932e3f8da96334607eb6ac6aa\"},\"headline\":\"Convocan sete xornadas de folga en setembro contra a precariedade no SAF das Neves\",\"datePublished\":\"2024-09-11T08:00:17+00:00\",\"mainEntityOfPage\":{\"@id\":\"https:\\\/\\\/www.anovapeneira.gal\\\/index.php\\\/2024\\\/09\\\/11\\\/convocan-sete-xornadas-de-folga-en-setembro-contra-a-precariedade-no-saf-das-neves\\\/\"},\"wordCount\":551,\"commentCount\":0,\"publisher\":{\"@id\":\"https:\\\/\\\/www.anovapeneira.gal\\\/#organization\"},\"image\":{\"@id\":\"https:\\\/\\\/www.anovapeneira.gal\\\/index.php\\\/2024\\\/09\\\/11\\\/convocan-sete-xornadas-de-folga-en-setembro-contra-a-precariedade-no-saf-das-neves\\\/#primaryimage\"},\"thumbnailUrl\":\"https:\\\/\\\/www.anovapeneira.gal\\\/wp-content\\\/uploads\\\/2024\\\/09\\\/saf_neves.png\",\"keywords\":[\"Concello das Neves\"],\"articleSection\":[\"Condado\"],\"inLanguage\":\"gl-ES\",\"potentialAction\":[{\"@type\":\"CommentAction\",\"name\":\"Comment\",\"target\":[\"https:\\\/\\\/www.anovapeneira.gal\\\/index.php\\\/2024\\\/09\\\/11\\\/convocan-sete-xornadas-de-folga-en-setembro-contra-a-precariedade-no-saf-das-neves\\\/#respond\"]}]},{\"@type\":\"WebPage\",\"@id\":\"https:\\\/\\\/www.anovapeneira.gal\\\/index.php\\\/2024\\\/09\\\/11\\\/convocan-sete-xornadas-de-folga-en-setembro-contra-a-precariedade-no-saf-das-neves\\\/\",\"url\":\"https:\\\/\\\/www.anovapeneira.gal\\\/index.php\\\/2024\\\/09\\\/11\\\/convocan-sete-xornadas-de-folga-en-setembro-contra-a-precariedade-no-saf-das-neves\\\/\",\"name\":\"Convocan sete xornadas de folga en setembro contra a precariedade no SAF das Neves -\",\"isPartOf\":{\"@id\":\"https:\\\/\\\/www.anovapeneira.gal\\\/#website\"},\"primaryImageOfPage\":{\"@id\":\"https:\\\/\\\/www.anovapeneira.gal\\\/index.php\\\/2024\\\/09\\\/11\\\/convocan-sete-xornadas-de-folga-en-setembro-contra-a-precariedade-no-saf-das-neves\\\/#primaryimage\"},\"image\":{\"@id\":\"https:\\\/\\\/www.anovapeneira.gal\\\/index.php\\\/2024\\\/09\\\/11\\\/convocan-sete-xornadas-de-folga-en-setembro-contra-a-precariedade-no-saf-das-neves\\\/#primaryimage\"},\"thumbnailUrl\":\"https:\\\/\\\/www.anovapeneira.gal\\\/wp-content\\\/uploads\\\/2024\\\/09\\\/saf_neves.png\",\"datePublished\":\"2024-09-11T08:00:17+00:00\",\"breadcrumb\":{\"@id\":\"https:\\\/\\\/www.anovapeneira.gal\\\/index.php\\\/2024\\\/09\\\/11\\\/convocan-sete-xornadas-de-folga-en-setembro-contra-a-precariedade-no-saf-das-neves\\\/#breadcrumb\"},\"inLanguage\":\"gl-ES\",\"potentialAction\":[{\"@type\":\"ReadAction\",\"target\":[\"https:\\\/\\\/www.anovapeneira.gal\\\/index.php\\\/2024\\\/09\\\/11\\\/convocan-sete-xornadas-de-folga-en-setembro-contra-a-precariedade-no-saf-das-neves\\\/\"]}]},{\"@type\":\"ImageObject\",\"inLanguage\":\"gl-ES\",\"@id\":\"https:\\\/\\\/www.anovapeneira.gal\\\/index.php\\\/2024\\\/09\\\/11\\\/convocan-sete-xornadas-de-folga-en-setembro-contra-a-precariedade-no-saf-das-neves\\\/#primaryimage\",\"url\":\"https:\\\/\\\/www.anovapeneira.gal\\\/wp-content\\\/uploads\\\/2024\\\/09\\\/saf_neves.png\",\"contentUrl\":\"https:\\\/\\\/www.anovapeneira.gal\\\/wp-content\\\/uploads\\\/2024\\\/09\\\/saf_neves.png\",\"width\":720,\"height\":432,\"caption\":\"SAF As Neves\"},{\"@type\":\"BreadcrumbList\",\"@id\":\"https:\\\/\\\/www.anovapeneira.gal\\\/index.php\\\/2024\\\/09\\\/11\\\/convocan-sete-xornadas-de-folga-en-setembro-contra-a-precariedade-no-saf-das-neves\\\/#breadcrumb\",\"itemListElement\":[{\"@type\":\"ListItem\",\"position\":1,\"name\":\"Portada\",\"item\":\"https:\\\/\\\/www.anovapeneira.gal\\\/\"},{\"@type\":\"ListItem\",\"position\":2,\"name\":\"Convocan sete xornadas de folga en setembro contra a precariedade no SAF das Neves\"}]},{\"@type\":\"WebSite\",\"@id\":\"https:\\\/\\\/www.anovapeneira.gal\\\/#website\",\"url\":\"https:\\\/\\\/www.anovapeneira.gal\\\/\",\"name\":\"\",\"description\":\"Xornal galego de informaci\u00f3n xeral Publicaci\u00f3n mensual de novas de Galicia e en especial dos Concellos da sur da provincia de Pontevedra.\",\"publisher\":{\"@id\":\"https:\\\/\\\/www.anovapeneira.gal\\\/#organization\"},\"potentialAction\":[{\"@type\":\"SearchAction\",\"target\":{\"@type\":\"EntryPoint\",\"urlTemplate\":\"https:\\\/\\\/www.anovapeneira.gal\\\/?s={search_term_string}\"},\"query-input\":{\"@type\":\"PropertyValueSpecification\",\"valueRequired\":true,\"valueName\":\"search_term_string\"}}],\"inLanguage\":\"gl-ES\"},{\"@type\":\"Organization\",\"@id\":\"https:\\\/\\\/www.anovapeneira.gal\\\/#organization\",\"name\":\"A Nova Peneira\",\"url\":\"https:\\\/\\\/www.anovapeneira.gal\\\/\",\"logo\":{\"@type\":\"ImageObject\",\"inLanguage\":\"gl-ES\",\"@id\":\"https:\\\/\\\/www.anovapeneira.gal\\\/#\\\/schema\\\/logo\\\/image\\\/\",\"url\":\"http:\\\/\\\/www.anovapeneira.gal\\\/wp-content\\\/uploads\\\/2019\\\/06\\\/logo_a_nova_peneira_portal_web.png\",\"contentUrl\":\"http:\\\/\\\/www.anovapeneira.gal\\\/wp-content\\\/uploads\\\/2019\\\/06\\\/logo_a_nova_peneira_portal_web.png\",\"width\":300,\"height\":100,\"caption\":\"A Nova Peneira\"},\"image\":{\"@id\":\"https:\\\/\\\/www.anovapeneira.gal\\\/#\\\/schema\\\/logo\\\/image\\\/\"},\"sameAs\":[\"https:\\\/\\\/www.facebook.com\\\/anovapeneira\",\"https:\\\/\\\/x.com\\\/APeneira\"]},{\"@type\":\"Person\",\"@id\":\"https:\\\/\\\/www.anovapeneira.gal\\\/#\\\/schema\\\/person\\\/b93e3f8932e3f8da96334607eb6ac6aa\",\"name\":\"Redacci\u00f3n A Nova Peneira\",\"image\":{\"@type\":\"ImageObject\",\"inLanguage\":\"gl-ES\",\"@id\":\"https:\\\/\\\/secure.gravatar.com\\\/avatar\\\/c052a2551a06e23fac63626232eaa90abd78dbcf1700fc46a2b2c89fd27b735f?s=96&d=mm&r=g\",\"url\":\"https:\\\/\\\/secure.gravatar.com\\\/avatar\\\/c052a2551a06e23fac63626232eaa90abd78dbcf1700fc46a2b2c89fd27b735f?s=96&d=mm&r=g\",\"contentUrl\":\"https:\\\/\\\/secure.gravatar.com\\\/avatar\\\/c052a2551a06e23fac63626232eaa90abd78dbcf1700fc46a2b2c89fd27b735f?s=96&d=mm&r=g\",\"caption\":\"Redacci\u00f3n A Nova Peneira\"},\"sameAs\":[\"http:\\\/\\\/www.anovapeneira.gal\\\/\"],\"url\":\"https:\\\/\\\/www.anovapeneira.gal\\\/index.php\\\/author\\\/redactor\\\/\"}]}<\/script>\n<!-- \/ Yoast SEO plugin. -->","yoast_head_json":{"title":"Convocan sete xornadas de folga en setembro contra a precariedade no SAF das Neves -","robots":{"index":"index","follow":"follow","max-snippet":"max-snippet:-1","max-image-preview":"max-image-preview:large","max-video-preview":"max-video-preview:-1"},"canonical":"https:\/\/www.anovapeneira.gal\/index.php\/2024\/09\/11\/convocan-sete-xornadas-de-folga-en-setembro-contra-a-precariedade-no-saf-das-neves\/","og_locale":"gl_ES","og_type":"article","og_title":"Convocan sete xornadas de folga en setembro contra a precariedade no SAF das Neves -","og_description":"A CIG denuncia que o Concello incumpre o compromiso de actualizar os salarios e que aprobou un prego de licitaci\u00f3n cun prezo insuficiente [...]","og_url":"https:\/\/www.anovapeneira.gal\/index.php\/2024\/09\/11\/convocan-sete-xornadas-de-folga-en-setembro-contra-a-precariedade-no-saf-das-neves\/","article_publisher":"https:\/\/www.facebook.com\/anovapeneira","article_published_time":"2024-09-11T08:00:17+00:00","og_image":[{"width":720,"height":432,"url":"https:\/\/www.anovapeneira.gal\/wp-content\/uploads\/2024\/09\/saf_neves.png","type":"image\/png"}],"author":"Redacci\u00f3n A Nova Peneira","twitter_card":"summary_large_image","twitter_creator":"@APeneira","twitter_site":"@APeneira","twitter_misc":{"Escrito por":"Redacci\u00f3n A Nova Peneira","Tempo de lectura":"3 minutos"},"schema":{"@context":"https:\/\/schema.org","@graph":[{"@type":"Article","@id":"https:\/\/www.anovapeneira.gal\/index.php\/2024\/09\/11\/convocan-sete-xornadas-de-folga-en-setembro-contra-a-precariedade-no-saf-das-neves\/#article","isPartOf":{"@id":"https:\/\/www.anovapeneira.gal\/index.php\/2024\/09\/11\/convocan-sete-xornadas-de-folga-en-setembro-contra-a-precariedade-no-saf-das-neves\/"},"author":{"name":"Redacci\u00f3n A Nova Peneira","@id":"https:\/\/www.anovapeneira.gal\/#\/schema\/person\/b93e3f8932e3f8da96334607eb6ac6aa"},"headline":"Convocan sete xornadas de folga en setembro contra a precariedade no SAF das Neves","datePublished":"2024-09-11T08:00:17+00:00","mainEntityOfPage":{"@id":"https:\/\/www.anovapeneira.gal\/index.php\/2024\/09\/11\/convocan-sete-xornadas-de-folga-en-setembro-contra-a-precariedade-no-saf-das-neves\/"},"wordCount":551,"commentCount":0,"publisher":{"@id":"https:\/\/www.anovapeneira.gal\/#organization"},"image":{"@id":"https:\/\/www.anovapeneira.gal\/index.php\/2024\/09\/11\/convocan-sete-xornadas-de-folga-en-setembro-contra-a-precariedade-no-saf-das-neves\/#primaryimage"},"thumbnailUrl":"https:\/\/www.anovapeneira.gal\/wp-content\/uploads\/2024\/09\/saf_neves.png","keywords":["Concello das Neves"],"articleSection":["Condado"],"inLanguage":"gl-ES","potentialAction":[{"@type":"CommentAction","name":"Comment","target":["https:\/\/www.anovapeneira.gal\/index.php\/2024\/09\/11\/convocan-sete-xornadas-de-folga-en-setembro-contra-a-precariedade-no-saf-das-neves\/#respond"]}]},{"@type":"WebPage","@id":"https:\/\/www.anovapeneira.gal\/index.php\/2024\/09\/11\/convocan-sete-xornadas-de-folga-en-setembro-contra-a-precariedade-no-saf-das-neves\/","url":"https:\/\/www.anovapeneira.gal\/index.php\/2024\/09\/11\/convocan-sete-xornadas-de-folga-en-setembro-contra-a-precariedade-no-saf-das-neves\/","name":"Convocan sete xornadas de folga en setembro contra a precariedade no SAF das Neves -","isPartOf":{"@id":"https:\/\/www.anovapeneira.gal\/#website"},"primaryImageOfPage":{"@id":"https:\/\/www.anovapeneira.gal\/index.php\/2024\/09\/11\/convocan-sete-xornadas-de-folga-en-setembro-contra-a-precariedade-no-saf-das-neves\/#primaryimage"},"image":{"@id":"https:\/\/www.anovapeneira.gal\/index.php\/2024\/09\/11\/convocan-sete-xornadas-de-folga-en-setembro-contra-a-precariedade-no-saf-das-neves\/#primaryimage"},"thumbnailUrl":"https:\/\/www.anovapeneira.gal\/wp-content\/uploads\/2024\/09\/saf_neves.png","datePublished":"2024-09-11T08:00:17+00:00","breadcrumb":{"@id":"https:\/\/www.anovapeneira.gal\/index.php\/2024\/09\/11\/convocan-sete-xornadas-de-folga-en-setembro-contra-a-precariedade-no-saf-das-neves\/#breadcrumb"},"inLanguage":"gl-ES","potentialAction":[{"@type":"ReadAction","target":["https:\/\/www.anovapeneira.gal\/index.php\/2024\/09\/11\/convocan-sete-xornadas-de-folga-en-setembro-contra-a-precariedade-no-saf-das-neves\/"]}]},{"@type":"ImageObject","inLanguage":"gl-ES","@id":"https:\/\/www.anovapeneira.gal\/index.php\/2024\/09\/11\/convocan-sete-xornadas-de-folga-en-setembro-contra-a-precariedade-no-saf-das-neves\/#primaryimage","url":"https:\/\/www.anovapeneira.gal\/wp-content\/uploads\/2024\/09\/saf_neves.png","contentUrl":"https:\/\/www.anovapeneira.gal\/wp-content\/uploads\/2024\/09\/saf_neves.png","width":720,"height":432,"caption":"SAF As Neves"},{"@type":"BreadcrumbList","@id":"https:\/\/www.anovapeneira.gal\/index.php\/2024\/09\/11\/convocan-sete-xornadas-de-folga-en-setembro-contra-a-precariedade-no-saf-das-neves\/#breadcrumb","itemListElement":[{"@type":"ListItem","position":1,"name":"Portada","item":"https:\/\/www.anovapeneira.gal\/"},{"@type":"ListItem","position":2,"name":"Convocan sete xornadas de folga en setembro contra a precariedade no SAF das Neves"}]},{"@type":"WebSite","@id":"https:\/\/www.anovapeneira.gal\/#website","url":"https:\/\/www.anovapeneira.gal\/","name":"","description":"Xornal galego de informaci\u00f3n xeral Publicaci\u00f3n mensual de novas de Galicia e en especial dos Concellos da sur da provincia de Pontevedra.","publisher":{"@id":"https:\/\/www.anovapeneira.gal\/#organization"},"potentialAction":[{"@type":"SearchAction","target":{"@type":"EntryPoint","urlTemplate":"https:\/\/www.anovapeneira.gal\/?s={search_term_string}"},"query-input":{"@type":"PropertyValueSpecification","valueRequired":true,"valueName":"search_term_string"}}],"inLanguage":"gl-ES"},{"@type":"Organization","@id":"https:\/\/www.anovapeneira.gal\/#organization","name":"A Nova Peneira","url":"https:\/\/www.anovapeneira.gal\/","logo":{"@type":"ImageObject","inLanguage":"gl-ES","@id":"https:\/\/www.anovapeneira.gal\/#\/schema\/logo\/image\/","url":"http:\/\/www.anovapeneira.gal\/wp-content\/uploads\/2019\/06\/logo_a_nova_peneira_portal_web.png","contentUrl":"http:\/\/www.anovapeneira.gal\/wp-content\/uploads\/2019\/06\/logo_a_nova_peneira_portal_web.png","width":300,"height":100,"caption":"A Nova Peneira"},"image":{"@id":"https:\/\/www.anovapeneira.gal\/#\/schema\/logo\/image\/"},"sameAs":["https:\/\/www.facebook.com\/anovapeneira","https:\/\/x.com\/APeneira"]},{"@type":"Person","@id":"https:\/\/www.anovapeneira.gal\/#\/schema\/person\/b93e3f8932e3f8da96334607eb6ac6aa","name":"Redacci\u00f3n A Nova Peneira","image":{"@type":"ImageObject","inLanguage":"gl-ES","@id":"https:\/\/secure.gravatar.com\/avatar\/c052a2551a06e23fac63626232eaa90abd78dbcf1700fc46a2b2c89fd27b735f?s=96&d=mm&r=g","url":"https:\/\/secure.gravatar.com\/avatar\/c052a2551a06e23fac63626232eaa90abd78dbcf1700fc46a2b2c89fd27b735f?s=96&d=mm&r=g","contentUrl":"https:\/\/secure.gravatar.com\/avatar\/c052a2551a06e23fac63626232eaa90abd78dbcf1700fc46a2b2c89fd27b735f?s=96&d=mm&r=g","caption":"Redacci\u00f3n A Nova Peneira"},"sameAs":["http:\/\/www.anovapeneira.gal\/"],"url":"https:\/\/www.anovapeneira.gal\/index.php\/author\/redactor\/"}]}},"jetpack_featured_media_url":"https:\/\/www.anovapeneira.gal\/wp-content\/uploads\/2024\/09\/saf_neves.png","_links":{"self":[{"href":"https:\/\/www.anovapeneira.gal\/index.php\/wp-json\/wp\/v2\/posts\/12389","targetHints":{"allow":["GET"]}}],"collection":[{"href":"https:\/\/www.anovapeneira.gal\/index.php\/wp-json\/wp\/v2\/posts"}],"about":[{"href":"https:\/\/www.anovapeneira.gal\/index.php\/wp-json\/wp\/v2\/types\/post"}],"author":[{"embeddable":true,"href":"https:\/\/www.anovapeneira.gal\/index.php\/wp-json\/wp\/v2\/users\/3"}],"replies":[{"embeddable":true,"href":"https:\/\/www.anovapeneira.gal\/index.php\/wp-json\/wp\/v2\/comments?post=12389"}],"version-history":[{"count":1,"href":"https:\/\/www.anovapeneira.gal\/index.php\/wp-json\/wp\/v2\/posts\/12389\/revisions"}],"predecessor-version":[{"id":12391,"href":"https:\/\/www.anovapeneira.gal\/index.php\/wp-json\/wp\/v2\/posts\/12389\/revisions\/12391"}],"wp:featuredmedia":[{"embeddable":true,"href":"https:\/\/www.anovapeneira.gal\/index.php\/wp-json\/wp\/v2\/media\/12390"}],"wp:attachment":[{"href":"https:\/\/www.anovapeneira.gal\/index.php\/wp-json\/wp\/v2\/media?parent=12389"}],"wp:term":[{"taxonomy":"category","embeddable":true,"href":"https:\/\/www.anovapeneira.gal\/index.php\/wp-json\/wp\/v2\/categories?post=12389"},{"taxonomy":"post_tag","embeddable":true,"href":"https:\/\/www.anovapeneira.gal\/index.php\/wp-json\/wp\/v2\/tags?post=12389"}],"curies":[{"name":"wp","href":"https:\/\/api.w.org\/{rel}","templated":true}]}}