{"id":1239,"date":"2019-09-16T12:00:44","date_gmt":"2019-09-16T10:00:44","guid":{"rendered":"http:\/\/www.anovapeneira.gal\/?p=1239"},"modified":"2019-09-15T20:59:16","modified_gmt":"2019-09-15T18:59:16","slug":"ponton-propon-a-via-xudicial-para-reclamar-os-700-me-e-un-concerto-economico-que-de-a-galiza-a-chave-dos-seus-recursos","status":"publish","type":"post","link":"https:\/\/www.anovapeneira.gal\/index.php\/2019\/09\/16\/ponton-propon-a-via-xudicial-para-reclamar-os-700-me-e-un-concerto-economico-que-de-a-galiza-a-chave-dos-seus-recursos\/","title":{"rendered":"Pont\u00f3n prop\u00f3n a v\u00eda xudicial para reclamar os 700 m\u20ac e un concerto econ\u00f3mico que de a Galiza a chave dos seus recursos"},"content":{"rendered":"\n<h2 class=\"wp-block-heading\"><strong>O\npa\u00eds non pode aturar m\u00e1is un goberno de \u201cpalla\u201d, sentencia, e\npide a Feix\u00f3o que abandone o papel de \u201crecadeiro\u201d de Casado <\/strong>\n<\/h2>\n\n\n\n<h2 class=\"wp-block-heading\"><strong>Ironiza\nsobre alternancia do \u201cbipartismo harm\u00f3nico\u201d PP-PSOE \u00e1 hora de\ndiscriminar a este pa\u00eds<\/strong><\/h2>\n\n\n\n<p><strong>Santiago de Compostela, 11 de Setembro 2019<\/strong><\/p>\n\n\n\n<p>A\nportavoz nacional, Ana Pont\u00f3n, utilizou a sesi\u00f3n de control para\nadvertir que Galiza ten graves problemas \u201ce non pode seguir m\u00e1is\ntempo cun goberno\nde palla e cun presidente que ten como m\u00e1xima preocupaci\u00f3n ocultar\no seu fracaso\u201d.<\/p>\n\n\n\n<p>Neste\nsentido, pediu ao xefe do Executivo que abandone \u201co seu papel de\npresidente acomplexado cegado polo centralismo\u201d para po\u00f1erse do\nlado de Galiza empezando pola defensa dos intereses do pa\u00eds en\nmateria de financiamento,  a ra\u00edz da retenci\u00f3n das entregas a conta\npor parte do Goberno do Estado.<\/p>\n\n\n\n<p>Para\niso, a l\u00edder do BNG formulou unha dobre proposta a N\u00fa\u00f1ez Feix\u00f3o:\npresentar un recurso xudicial para reclamar os 700 M\u20ac que debe\nMadrid e apostar por un concerto econ\u00f3mico que lle permita a Galiza\nter a chave dos seus recursos.<\/p>\n\n\n\n<p>\u201cMinte\ncando di que se debe m\u00e1is aos galegos e \u00e1s galegas que o PP, se\nfose as\u00ed ir\u00eda \u00e1 cuesti\u00f3n de fondo: o modelo de financiamento, e\nreclamar\u00eda un concerto econ\u00f3mico como o que defende o BNG, do que\nxa desfruta Euskadi e Navarra e vailles moi ben\u201d, salientou Pont\u00f3n,\nademais de lembrar a responsabilidade do inquilino de Montep\u00edo. \u201c\u00c9\no respons\u00e1bel de que Galiza te\u00f1a que mendigar 700 M\u20ac porque o\nactual sistema de financiamento foi asinado por vostede. Se os cartos\nson nosos, xestion\u00e9molos n\u00f3s\u201d, instou.<\/p>\n\n\n\n<p>A\ndirixente nacionalista acusou a Feix\u00f3o de tentar tapar o seu fracaso\nna defensa dos intereses de Galiza repetindo f\u00f3rmula. \n<\/p>\n\n\n\n<p>\u201cAntes\nera recadeiro de Raxoi e agora \u00e9 recadeiro de Casado, quen lle\nordena que use Galiza na s\u00faa estratexia de desgaste de S\u00e1nchez que,\nhai que dicilo, ponllo bastante f\u00e1cil\u201d, indicou, ironizando sobre\no que cualificou de \u201cbipartidismo harm\u00f3nico PP-PSOE, que\nrapidamente se pasan o relevo cando se trata de discriminar a Galiza,\ne ao que agora parece que se quere sumar Podemos\u201d.<\/p>\n\n\n\n<p>De\nfeito, os problemas de financiamento non son unha novidade,\nargumentou. En 2016 e 2018 era o ministro Crist\u00f3bal Montoro quen\nreduc\u00eda as entregas a conta a Galiza porque Raxoi non ti\u00f1a\norzamentos, \u201ce vostede mudo e calado\u201d. En 2019 \u00e9 a ministra\nMar\u00eda Jes\u00fas Montero quen xoga id\u00e9ntico papel con id\u00e9nticos\nargumentos, \u201ce  como non goberna o PP e Casado xa lle deu permiso\npara disparar contra S\u00e1nchez agora si abre a boca, pero para facer\nseguidismo\u201d.<\/p>\n\n\n\n<p><em><strong>Dez\nanos de xesti\u00f3n fracasada<\/strong><\/em><\/p>\n\n\n\n<p>Pont\u00f3n\nreprochou a Feix\u00f3o \u201ca inutilidade dos deputados e deputadas do PP\nque non defenden a Galiza sen\u00f3n o que lle interesa a Casado\u201d, e\ninstou ao xefe do Executivo a abandonar o seu papel de \u201crecadeiro\ndo centralismo madrile\u00f1o\u201d. Xunto os 700 M\u20ac, botoulle en cara o\nseu silencio ante a d\u00e9beda do 200 M\u20ac en dependencia ou os 2.000 M\u20ac\nde euros orzamentados polo goberno de Raxoi pero nunca executados.<\/p>\n\n\n\n<p>\u201c\u00c9\ntriste ter un presidente que non conf\u00eda neste pa\u00eds e prefire que os\nnosos recursos os xestionen desde Madrid\u201d, criticou, tras salientar\nque Navarra, con un PIB tres veces inferior ao de Galiza, ten un\nconcerto econ\u00f3mico que Feix\u00f3o rexeita.<\/p>\n\n\n\n<p>A\nl\u00edder nacionalista aproveitou a sesi\u00f3n de control para facer repaso\ndo \u201cfracaso\u201d da d\u00e9cada de Goberno do PP, coa perda das caixas, o\ndeterioro dos servizos p\u00fablicos, a crise demogr\u00e1fica, o incremento\nexponencial da d\u00e9beda ou as promesas incumpridas con PEMEX. \u201c\u00cda\nser un man\u00e1 e terminou con seus amigos mexicanos imputados por\ncorrupci\u00f3n\u201d, ademais de denunciar a proliferaci\u00f3n de chiringuitos\nde ex altos cargos do PP no sector privado, o \u00faltimo da man do ex\nalcalde da Coru\u00f1a Carlos Negreira e do ex director do IGAPE para\nxestionar axudas precisamente con esta instituci\u00f3n p\u00fablica.<\/p>\n","protected":false},"excerpt":{"rendered":"<div class=\"mh-excerpt\"><p>O pa\u00eds non pode aturar m\u00e1is un goberno de \u201cpalla\u201d, sentencia, e pide a Feix\u00f3o que abandone o papel de \u201crecadeiro\u201d de Casado   <a class=\"mh-excerpt-more\" href=\"https:\/\/www.anovapeneira.gal\/index.php\/2019\/09\/16\/ponton-propon-a-via-xudicial-para-reclamar-os-700-me-e-un-concerto-economico-que-de-a-galiza-a-chave-dos-seus-recursos\/\" title=\"Pont\u00f3n prop\u00f3n a v\u00eda xudicial para reclamar os 700 m\u20ac e un concerto econ\u00f3mico que de a Galiza a chave dos seus recursos\">[&#8230;]<\/a><\/p>\n<\/div>","protected":false},"author":3,"featured_media":1240,"comment_status":"open","ping_status":"open","sticky":false,"template":"","format":"standard","meta":{"_exactmetrics_skip_tracking":false,"_exactmetrics_sitenote_active":false,"_exactmetrics_sitenote_note":"","_exactmetrics_sitenote_category":0,"footnotes":""},"categories":[263],"tags":[10,276,574],"class_list":{"0":"post-1239","1":"post","2":"type-post","3":"status-publish","4":"format-standard","5":"has-post-thumbnail","7":"category-novas","8":"tag-bng","9":"tag-economia","10":"tag-galiza"},"yoast_head":"<!-- This site is optimized with the Yoast SEO plugin v27.4 - https:\/\/yoast.com\/product\/yoast-seo-wordpress\/ -->\n<title>Pont\u00f3n prop\u00f3n a v\u00eda xudicial para reclamar os 700 m\u20ac e un concerto econ\u00f3mico que de a Galiza a chave dos seus recursos -<\/title>\n<meta name=\"robots\" content=\"index, follow, max-snippet:-1, max-image-preview:large, max-video-preview:-1\" \/>\n<link rel=\"canonical\" href=\"https:\/\/www.anovapeneira.gal\/index.php\/2019\/09\/16\/ponton-propon-a-via-xudicial-para-reclamar-os-700-me-e-un-concerto-economico-que-de-a-galiza-a-chave-dos-seus-recursos\/\" \/>\n<meta property=\"og:locale\" content=\"gl_ES\" \/>\n<meta property=\"og:type\" content=\"article\" \/>\n<meta property=\"og:title\" content=\"Pont\u00f3n prop\u00f3n a v\u00eda xudicial para reclamar os 700 m\u20ac e un concerto econ\u00f3mico que de a Galiza a chave dos seus recursos -\" \/>\n<meta property=\"og:description\" content=\"O pa\u00eds non pode aturar m\u00e1is un goberno de \u201cpalla\u201d, sentencia, e pide a Feix\u00f3o que abandone o papel de \u201crecadeiro\u201d de Casado  [...]\" \/>\n<meta property=\"og:url\" content=\"https:\/\/www.anovapeneira.gal\/index.php\/2019\/09\/16\/ponton-propon-a-via-xudicial-para-reclamar-os-700-me-e-un-concerto-economico-que-de-a-galiza-a-chave-dos-seus-recursos\/\" \/>\n<meta property=\"article:publisher\" content=\"https:\/\/www.facebook.com\/anovapeneira\" \/>\n<meta property=\"article:published_time\" content=\"2019-09-16T10:00:44+00:00\" \/>\n<meta property=\"og:image\" content=\"https:\/\/www.anovapeneira.gal\/wp-content\/uploads\/2019\/09\/ana_ponton_bng_a_nova_peneira.jpg\" \/>\n\t<meta property=\"og:image:width\" content=\"720\" \/>\n\t<meta property=\"og:image:height\" content=\"473\" \/>\n\t<meta property=\"og:image:type\" content=\"image\/jpeg\" \/>\n<meta name=\"author\" content=\"Redacci\u00f3n A Nova Peneira\" \/>\n<meta name=\"twitter:card\" content=\"summary_large_image\" \/>\n<meta name=\"twitter:creator\" content=\"@APeneira\" \/>\n<meta name=\"twitter:site\" content=\"@APeneira\" \/>\n<meta name=\"twitter:label1\" content=\"Escrito por\" \/>\n\t<meta name=\"twitter:data1\" content=\"Redacci\u00f3n A Nova Peneira\" \/>\n\t<meta name=\"twitter:label2\" content=\"Tempo de lectura\" \/>\n\t<meta name=\"twitter:data2\" content=\"3 minutos\" \/>\n<script type=\"application\/ld+json\" class=\"yoast-schema-graph\">{\"@context\":\"https:\\\/\\\/schema.org\",\"@graph\":[{\"@type\":\"Article\",\"@id\":\"https:\\\/\\\/www.anovapeneira.gal\\\/index.php\\\/2019\\\/09\\\/16\\\/ponton-propon-a-via-xudicial-para-reclamar-os-700-me-e-un-concerto-economico-que-de-a-galiza-a-chave-dos-seus-recursos\\\/#article\",\"isPartOf\":{\"@id\":\"https:\\\/\\\/www.anovapeneira.gal\\\/index.php\\\/2019\\\/09\\\/16\\\/ponton-propon-a-via-xudicial-para-reclamar-os-700-me-e-un-concerto-economico-que-de-a-galiza-a-chave-dos-seus-recursos\\\/\"},\"author\":{\"name\":\"Redacci\u00f3n A Nova Peneira\",\"@id\":\"https:\\\/\\\/www.anovapeneira.gal\\\/#\\\/schema\\\/person\\\/b93e3f8932e3f8da96334607eb6ac6aa\"},\"headline\":\"Pont\u00f3n prop\u00f3n a v\u00eda xudicial para reclamar os 700 m\u20ac e un concerto econ\u00f3mico que de a Galiza a chave dos seus recursos\",\"datePublished\":\"2019-09-16T10:00:44+00:00\",\"mainEntityOfPage\":{\"@id\":\"https:\\\/\\\/www.anovapeneira.gal\\\/index.php\\\/2019\\\/09\\\/16\\\/ponton-propon-a-via-xudicial-para-reclamar-os-700-me-e-un-concerto-economico-que-de-a-galiza-a-chave-dos-seus-recursos\\\/\"},\"wordCount\":713,\"commentCount\":0,\"publisher\":{\"@id\":\"https:\\\/\\\/www.anovapeneira.gal\\\/#organization\"},\"image\":{\"@id\":\"https:\\\/\\\/www.anovapeneira.gal\\\/index.php\\\/2019\\\/09\\\/16\\\/ponton-propon-a-via-xudicial-para-reclamar-os-700-me-e-un-concerto-economico-que-de-a-galiza-a-chave-dos-seus-recursos\\\/#primaryimage\"},\"thumbnailUrl\":\"https:\\\/\\\/www.anovapeneira.gal\\\/wp-content\\\/uploads\\\/2019\\\/09\\\/ana_ponton_bng_a_nova_peneira.jpg\",\"keywords\":[\"BNG\",\"Econom\u00eda\",\"Galiza\"],\"articleSection\":[\"Novas\"],\"inLanguage\":\"gl-ES\",\"potentialAction\":[{\"@type\":\"CommentAction\",\"name\":\"Comment\",\"target\":[\"https:\\\/\\\/www.anovapeneira.gal\\\/index.php\\\/2019\\\/09\\\/16\\\/ponton-propon-a-via-xudicial-para-reclamar-os-700-me-e-un-concerto-economico-que-de-a-galiza-a-chave-dos-seus-recursos\\\/#respond\"]}]},{\"@type\":\"WebPage\",\"@id\":\"https:\\\/\\\/www.anovapeneira.gal\\\/index.php\\\/2019\\\/09\\\/16\\\/ponton-propon-a-via-xudicial-para-reclamar-os-700-me-e-un-concerto-economico-que-de-a-galiza-a-chave-dos-seus-recursos\\\/\",\"url\":\"https:\\\/\\\/www.anovapeneira.gal\\\/index.php\\\/2019\\\/09\\\/16\\\/ponton-propon-a-via-xudicial-para-reclamar-os-700-me-e-un-concerto-economico-que-de-a-galiza-a-chave-dos-seus-recursos\\\/\",\"name\":\"Pont\u00f3n prop\u00f3n a v\u00eda xudicial para reclamar os 700 m\u20ac e un concerto econ\u00f3mico que de a Galiza a chave dos seus recursos -\",\"isPartOf\":{\"@id\":\"https:\\\/\\\/www.anovapeneira.gal\\\/#website\"},\"primaryImageOfPage\":{\"@id\":\"https:\\\/\\\/www.anovapeneira.gal\\\/index.php\\\/2019\\\/09\\\/16\\\/ponton-propon-a-via-xudicial-para-reclamar-os-700-me-e-un-concerto-economico-que-de-a-galiza-a-chave-dos-seus-recursos\\\/#primaryimage\"},\"image\":{\"@id\":\"https:\\\/\\\/www.anovapeneira.gal\\\/index.php\\\/2019\\\/09\\\/16\\\/ponton-propon-a-via-xudicial-para-reclamar-os-700-me-e-un-concerto-economico-que-de-a-galiza-a-chave-dos-seus-recursos\\\/#primaryimage\"},\"thumbnailUrl\":\"https:\\\/\\\/www.anovapeneira.gal\\\/wp-content\\\/uploads\\\/2019\\\/09\\\/ana_ponton_bng_a_nova_peneira.jpg\",\"datePublished\":\"2019-09-16T10:00:44+00:00\",\"breadcrumb\":{\"@id\":\"https:\\\/\\\/www.anovapeneira.gal\\\/index.php\\\/2019\\\/09\\\/16\\\/ponton-propon-a-via-xudicial-para-reclamar-os-700-me-e-un-concerto-economico-que-de-a-galiza-a-chave-dos-seus-recursos\\\/#breadcrumb\"},\"inLanguage\":\"gl-ES\",\"potentialAction\":[{\"@type\":\"ReadAction\",\"target\":[\"https:\\\/\\\/www.anovapeneira.gal\\\/index.php\\\/2019\\\/09\\\/16\\\/ponton-propon-a-via-xudicial-para-reclamar-os-700-me-e-un-concerto-economico-que-de-a-galiza-a-chave-dos-seus-recursos\\\/\"]}]},{\"@type\":\"ImageObject\",\"inLanguage\":\"gl-ES\",\"@id\":\"https:\\\/\\\/www.anovapeneira.gal\\\/index.php\\\/2019\\\/09\\\/16\\\/ponton-propon-a-via-xudicial-para-reclamar-os-700-me-e-un-concerto-economico-que-de-a-galiza-a-chave-dos-seus-recursos\\\/#primaryimage\",\"url\":\"https:\\\/\\\/www.anovapeneira.gal\\\/wp-content\\\/uploads\\\/2019\\\/09\\\/ana_ponton_bng_a_nova_peneira.jpg\",\"contentUrl\":\"https:\\\/\\\/www.anovapeneira.gal\\\/wp-content\\\/uploads\\\/2019\\\/09\\\/ana_ponton_bng_a_nova_peneira.jpg\",\"width\":720,\"height\":473,\"caption\":\"Ana Pont\u00f3n A Nova Peneira\"},{\"@type\":\"BreadcrumbList\",\"@id\":\"https:\\\/\\\/www.anovapeneira.gal\\\/index.php\\\/2019\\\/09\\\/16\\\/ponton-propon-a-via-xudicial-para-reclamar-os-700-me-e-un-concerto-economico-que-de-a-galiza-a-chave-dos-seus-recursos\\\/#breadcrumb\",\"itemListElement\":[{\"@type\":\"ListItem\",\"position\":1,\"name\":\"Portada\",\"item\":\"https:\\\/\\\/www.anovapeneira.gal\\\/\"},{\"@type\":\"ListItem\",\"position\":2,\"name\":\"Pont\u00f3n prop\u00f3n a v\u00eda xudicial para reclamar os 700 m\u20ac e un concerto econ\u00f3mico que de a Galiza a chave dos seus recursos\"}]},{\"@type\":\"WebSite\",\"@id\":\"https:\\\/\\\/www.anovapeneira.gal\\\/#website\",\"url\":\"https:\\\/\\\/www.anovapeneira.gal\\\/\",\"name\":\"\",\"description\":\"Xornal galego de informaci\u00f3n xeral Publicaci\u00f3n mensual de novas de Galicia e en especial dos Concellos da sur da provincia de Pontevedra.\",\"publisher\":{\"@id\":\"https:\\\/\\\/www.anovapeneira.gal\\\/#organization\"},\"potentialAction\":[{\"@type\":\"SearchAction\",\"target\":{\"@type\":\"EntryPoint\",\"urlTemplate\":\"https:\\\/\\\/www.anovapeneira.gal\\\/?s={search_term_string}\"},\"query-input\":{\"@type\":\"PropertyValueSpecification\",\"valueRequired\":true,\"valueName\":\"search_term_string\"}}],\"inLanguage\":\"gl-ES\"},{\"@type\":\"Organization\",\"@id\":\"https:\\\/\\\/www.anovapeneira.gal\\\/#organization\",\"name\":\"A Nova Peneira\",\"url\":\"https:\\\/\\\/www.anovapeneira.gal\\\/\",\"logo\":{\"@type\":\"ImageObject\",\"inLanguage\":\"gl-ES\",\"@id\":\"https:\\\/\\\/www.anovapeneira.gal\\\/#\\\/schema\\\/logo\\\/image\\\/\",\"url\":\"http:\\\/\\\/www.anovapeneira.gal\\\/wp-content\\\/uploads\\\/2019\\\/06\\\/logo_a_nova_peneira_portal_web.png\",\"contentUrl\":\"http:\\\/\\\/www.anovapeneira.gal\\\/wp-content\\\/uploads\\\/2019\\\/06\\\/logo_a_nova_peneira_portal_web.png\",\"width\":300,\"height\":100,\"caption\":\"A Nova Peneira\"},\"image\":{\"@id\":\"https:\\\/\\\/www.anovapeneira.gal\\\/#\\\/schema\\\/logo\\\/image\\\/\"},\"sameAs\":[\"https:\\\/\\\/www.facebook.com\\\/anovapeneira\",\"https:\\\/\\\/x.com\\\/APeneira\"]},{\"@type\":\"Person\",\"@id\":\"https:\\\/\\\/www.anovapeneira.gal\\\/#\\\/schema\\\/person\\\/b93e3f8932e3f8da96334607eb6ac6aa\",\"name\":\"Redacci\u00f3n A Nova Peneira\",\"image\":{\"@type\":\"ImageObject\",\"inLanguage\":\"gl-ES\",\"@id\":\"https:\\\/\\\/secure.gravatar.com\\\/avatar\\\/c052a2551a06e23fac63626232eaa90abd78dbcf1700fc46a2b2c89fd27b735f?s=96&d=mm&r=g\",\"url\":\"https:\\\/\\\/secure.gravatar.com\\\/avatar\\\/c052a2551a06e23fac63626232eaa90abd78dbcf1700fc46a2b2c89fd27b735f?s=96&d=mm&r=g\",\"contentUrl\":\"https:\\\/\\\/secure.gravatar.com\\\/avatar\\\/c052a2551a06e23fac63626232eaa90abd78dbcf1700fc46a2b2c89fd27b735f?s=96&d=mm&r=g\",\"caption\":\"Redacci\u00f3n A Nova Peneira\"},\"sameAs\":[\"http:\\\/\\\/www.anovapeneira.gal\\\/\"],\"url\":\"https:\\\/\\\/www.anovapeneira.gal\\\/index.php\\\/author\\\/redactor\\\/\"}]}<\/script>\n<!-- \/ Yoast SEO plugin. -->","yoast_head_json":{"title":"Pont\u00f3n prop\u00f3n a v\u00eda xudicial para reclamar os 700 m\u20ac e un concerto econ\u00f3mico que de a Galiza a chave dos seus recursos -","robots":{"index":"index","follow":"follow","max-snippet":"max-snippet:-1","max-image-preview":"max-image-preview:large","max-video-preview":"max-video-preview:-1"},"canonical":"https:\/\/www.anovapeneira.gal\/index.php\/2019\/09\/16\/ponton-propon-a-via-xudicial-para-reclamar-os-700-me-e-un-concerto-economico-que-de-a-galiza-a-chave-dos-seus-recursos\/","og_locale":"gl_ES","og_type":"article","og_title":"Pont\u00f3n prop\u00f3n a v\u00eda xudicial para reclamar os 700 m\u20ac e un concerto econ\u00f3mico que de a Galiza a chave dos seus recursos -","og_description":"O pa\u00eds non pode aturar m\u00e1is un goberno de \u201cpalla\u201d, sentencia, e pide a Feix\u00f3o que abandone o papel de \u201crecadeiro\u201d de Casado  [...]","og_url":"https:\/\/www.anovapeneira.gal\/index.php\/2019\/09\/16\/ponton-propon-a-via-xudicial-para-reclamar-os-700-me-e-un-concerto-economico-que-de-a-galiza-a-chave-dos-seus-recursos\/","article_publisher":"https:\/\/www.facebook.com\/anovapeneira","article_published_time":"2019-09-16T10:00:44+00:00","og_image":[{"width":720,"height":473,"url":"https:\/\/www.anovapeneira.gal\/wp-content\/uploads\/2019\/09\/ana_ponton_bng_a_nova_peneira.jpg","type":"image\/jpeg"}],"author":"Redacci\u00f3n A Nova Peneira","twitter_card":"summary_large_image","twitter_creator":"@APeneira","twitter_site":"@APeneira","twitter_misc":{"Escrito por":"Redacci\u00f3n A Nova Peneira","Tempo de lectura":"3 minutos"},"schema":{"@context":"https:\/\/schema.org","@graph":[{"@type":"Article","@id":"https:\/\/www.anovapeneira.gal\/index.php\/2019\/09\/16\/ponton-propon-a-via-xudicial-para-reclamar-os-700-me-e-un-concerto-economico-que-de-a-galiza-a-chave-dos-seus-recursos\/#article","isPartOf":{"@id":"https:\/\/www.anovapeneira.gal\/index.php\/2019\/09\/16\/ponton-propon-a-via-xudicial-para-reclamar-os-700-me-e-un-concerto-economico-que-de-a-galiza-a-chave-dos-seus-recursos\/"},"author":{"name":"Redacci\u00f3n A Nova Peneira","@id":"https:\/\/www.anovapeneira.gal\/#\/schema\/person\/b93e3f8932e3f8da96334607eb6ac6aa"},"headline":"Pont\u00f3n prop\u00f3n a v\u00eda xudicial para reclamar os 700 m\u20ac e un concerto econ\u00f3mico que de a Galiza a chave dos seus recursos","datePublished":"2019-09-16T10:00:44+00:00","mainEntityOfPage":{"@id":"https:\/\/www.anovapeneira.gal\/index.php\/2019\/09\/16\/ponton-propon-a-via-xudicial-para-reclamar-os-700-me-e-un-concerto-economico-que-de-a-galiza-a-chave-dos-seus-recursos\/"},"wordCount":713,"commentCount":0,"publisher":{"@id":"https:\/\/www.anovapeneira.gal\/#organization"},"image":{"@id":"https:\/\/www.anovapeneira.gal\/index.php\/2019\/09\/16\/ponton-propon-a-via-xudicial-para-reclamar-os-700-me-e-un-concerto-economico-que-de-a-galiza-a-chave-dos-seus-recursos\/#primaryimage"},"thumbnailUrl":"https:\/\/www.anovapeneira.gal\/wp-content\/uploads\/2019\/09\/ana_ponton_bng_a_nova_peneira.jpg","keywords":["BNG","Econom\u00eda","Galiza"],"articleSection":["Novas"],"inLanguage":"gl-ES","potentialAction":[{"@type":"CommentAction","name":"Comment","target":["https:\/\/www.anovapeneira.gal\/index.php\/2019\/09\/16\/ponton-propon-a-via-xudicial-para-reclamar-os-700-me-e-un-concerto-economico-que-de-a-galiza-a-chave-dos-seus-recursos\/#respond"]}]},{"@type":"WebPage","@id":"https:\/\/www.anovapeneira.gal\/index.php\/2019\/09\/16\/ponton-propon-a-via-xudicial-para-reclamar-os-700-me-e-un-concerto-economico-que-de-a-galiza-a-chave-dos-seus-recursos\/","url":"https:\/\/www.anovapeneira.gal\/index.php\/2019\/09\/16\/ponton-propon-a-via-xudicial-para-reclamar-os-700-me-e-un-concerto-economico-que-de-a-galiza-a-chave-dos-seus-recursos\/","name":"Pont\u00f3n prop\u00f3n a v\u00eda xudicial para reclamar os 700 m\u20ac e un concerto econ\u00f3mico que de a Galiza a chave dos seus recursos -","isPartOf":{"@id":"https:\/\/www.anovapeneira.gal\/#website"},"primaryImageOfPage":{"@id":"https:\/\/www.anovapeneira.gal\/index.php\/2019\/09\/16\/ponton-propon-a-via-xudicial-para-reclamar-os-700-me-e-un-concerto-economico-que-de-a-galiza-a-chave-dos-seus-recursos\/#primaryimage"},"image":{"@id":"https:\/\/www.anovapeneira.gal\/index.php\/2019\/09\/16\/ponton-propon-a-via-xudicial-para-reclamar-os-700-me-e-un-concerto-economico-que-de-a-galiza-a-chave-dos-seus-recursos\/#primaryimage"},"thumbnailUrl":"https:\/\/www.anovapeneira.gal\/wp-content\/uploads\/2019\/09\/ana_ponton_bng_a_nova_peneira.jpg","datePublished":"2019-09-16T10:00:44+00:00","breadcrumb":{"@id":"https:\/\/www.anovapeneira.gal\/index.php\/2019\/09\/16\/ponton-propon-a-via-xudicial-para-reclamar-os-700-me-e-un-concerto-economico-que-de-a-galiza-a-chave-dos-seus-recursos\/#breadcrumb"},"inLanguage":"gl-ES","potentialAction":[{"@type":"ReadAction","target":["https:\/\/www.anovapeneira.gal\/index.php\/2019\/09\/16\/ponton-propon-a-via-xudicial-para-reclamar-os-700-me-e-un-concerto-economico-que-de-a-galiza-a-chave-dos-seus-recursos\/"]}]},{"@type":"ImageObject","inLanguage":"gl-ES","@id":"https:\/\/www.anovapeneira.gal\/index.php\/2019\/09\/16\/ponton-propon-a-via-xudicial-para-reclamar-os-700-me-e-un-concerto-economico-que-de-a-galiza-a-chave-dos-seus-recursos\/#primaryimage","url":"https:\/\/www.anovapeneira.gal\/wp-content\/uploads\/2019\/09\/ana_ponton_bng_a_nova_peneira.jpg","contentUrl":"https:\/\/www.anovapeneira.gal\/wp-content\/uploads\/2019\/09\/ana_ponton_bng_a_nova_peneira.jpg","width":720,"height":473,"caption":"Ana Pont\u00f3n A Nova Peneira"},{"@type":"BreadcrumbList","@id":"https:\/\/www.anovapeneira.gal\/index.php\/2019\/09\/16\/ponton-propon-a-via-xudicial-para-reclamar-os-700-me-e-un-concerto-economico-que-de-a-galiza-a-chave-dos-seus-recursos\/#breadcrumb","itemListElement":[{"@type":"ListItem","position":1,"name":"Portada","item":"https:\/\/www.anovapeneira.gal\/"},{"@type":"ListItem","position":2,"name":"Pont\u00f3n prop\u00f3n a v\u00eda xudicial para reclamar os 700 m\u20ac e un concerto econ\u00f3mico que de a Galiza a chave dos seus recursos"}]},{"@type":"WebSite","@id":"https:\/\/www.anovapeneira.gal\/#website","url":"https:\/\/www.anovapeneira.gal\/","name":"","description":"Xornal galego de informaci\u00f3n xeral Publicaci\u00f3n mensual de novas de Galicia e en especial dos Concellos da sur da provincia de Pontevedra.","publisher":{"@id":"https:\/\/www.anovapeneira.gal\/#organization"},"potentialAction":[{"@type":"SearchAction","target":{"@type":"EntryPoint","urlTemplate":"https:\/\/www.anovapeneira.gal\/?s={search_term_string}"},"query-input":{"@type":"PropertyValueSpecification","valueRequired":true,"valueName":"search_term_string"}}],"inLanguage":"gl-ES"},{"@type":"Organization","@id":"https:\/\/www.anovapeneira.gal\/#organization","name":"A Nova Peneira","url":"https:\/\/www.anovapeneira.gal\/","logo":{"@type":"ImageObject","inLanguage":"gl-ES","@id":"https:\/\/www.anovapeneira.gal\/#\/schema\/logo\/image\/","url":"http:\/\/www.anovapeneira.gal\/wp-content\/uploads\/2019\/06\/logo_a_nova_peneira_portal_web.png","contentUrl":"http:\/\/www.anovapeneira.gal\/wp-content\/uploads\/2019\/06\/logo_a_nova_peneira_portal_web.png","width":300,"height":100,"caption":"A Nova Peneira"},"image":{"@id":"https:\/\/www.anovapeneira.gal\/#\/schema\/logo\/image\/"},"sameAs":["https:\/\/www.facebook.com\/anovapeneira","https:\/\/x.com\/APeneira"]},{"@type":"Person","@id":"https:\/\/www.anovapeneira.gal\/#\/schema\/person\/b93e3f8932e3f8da96334607eb6ac6aa","name":"Redacci\u00f3n A Nova Peneira","image":{"@type":"ImageObject","inLanguage":"gl-ES","@id":"https:\/\/secure.gravatar.com\/avatar\/c052a2551a06e23fac63626232eaa90abd78dbcf1700fc46a2b2c89fd27b735f?s=96&d=mm&r=g","url":"https:\/\/secure.gravatar.com\/avatar\/c052a2551a06e23fac63626232eaa90abd78dbcf1700fc46a2b2c89fd27b735f?s=96&d=mm&r=g","contentUrl":"https:\/\/secure.gravatar.com\/avatar\/c052a2551a06e23fac63626232eaa90abd78dbcf1700fc46a2b2c89fd27b735f?s=96&d=mm&r=g","caption":"Redacci\u00f3n A Nova Peneira"},"sameAs":["http:\/\/www.anovapeneira.gal\/"],"url":"https:\/\/www.anovapeneira.gal\/index.php\/author\/redactor\/"}]}},"jetpack_featured_media_url":"https:\/\/www.anovapeneira.gal\/wp-content\/uploads\/2019\/09\/ana_ponton_bng_a_nova_peneira.jpg","_links":{"self":[{"href":"https:\/\/www.anovapeneira.gal\/index.php\/wp-json\/wp\/v2\/posts\/1239","targetHints":{"allow":["GET"]}}],"collection":[{"href":"https:\/\/www.anovapeneira.gal\/index.php\/wp-json\/wp\/v2\/posts"}],"about":[{"href":"https:\/\/www.anovapeneira.gal\/index.php\/wp-json\/wp\/v2\/types\/post"}],"author":[{"embeddable":true,"href":"https:\/\/www.anovapeneira.gal\/index.php\/wp-json\/wp\/v2\/users\/3"}],"replies":[{"embeddable":true,"href":"https:\/\/www.anovapeneira.gal\/index.php\/wp-json\/wp\/v2\/comments?post=1239"}],"version-history":[{"count":1,"href":"https:\/\/www.anovapeneira.gal\/index.php\/wp-json\/wp\/v2\/posts\/1239\/revisions"}],"predecessor-version":[{"id":1241,"href":"https:\/\/www.anovapeneira.gal\/index.php\/wp-json\/wp\/v2\/posts\/1239\/revisions\/1241"}],"wp:featuredmedia":[{"embeddable":true,"href":"https:\/\/www.anovapeneira.gal\/index.php\/wp-json\/wp\/v2\/media\/1240"}],"wp:attachment":[{"href":"https:\/\/www.anovapeneira.gal\/index.php\/wp-json\/wp\/v2\/media?parent=1239"}],"wp:term":[{"taxonomy":"category","embeddable":true,"href":"https:\/\/www.anovapeneira.gal\/index.php\/wp-json\/wp\/v2\/categories?post=1239"},{"taxonomy":"post_tag","embeddable":true,"href":"https:\/\/www.anovapeneira.gal\/index.php\/wp-json\/wp\/v2\/tags?post=1239"}],"curies":[{"name":"wp","href":"https:\/\/api.w.org\/{rel}","templated":true}]}}