{"id":12392,"date":"2024-09-11T12:00:15","date_gmt":"2024-09-11T10:00:15","guid":{"rendered":"https:\/\/www.anovapeneira.gal\/?p=12392"},"modified":"2024-09-08T10:03:43","modified_gmt":"2024-09-08T08:03:43","slug":"resposta-ao-discurso-sobre-a-neutralidade-politica-dos-militares","status":"publish","type":"post","link":"https:\/\/www.anovapeneira.gal\/index.php\/2024\/09\/11\/resposta-ao-discurso-sobre-a-neutralidade-politica-dos-militares\/","title":{"rendered":"Resposta ao discurso sobre a neutralidade pol\u00edtica dos militares"},"content":{"rendered":"\n<figure class=\"wp-block-image size-full is-resized\"><img loading=\"lazy\" decoding=\"async\" width=\"605\" height=\"720\" src=\"https:\/\/www.anovapeneira.gal\/wp-content\/uploads\/2024\/09\/manuel_pardo_bn.png\" alt=\"\" class=\"wp-image-12393\" style=\"width:87px;height:auto\" srcset=\"https:\/\/www.anovapeneira.gal\/wp-content\/uploads\/2024\/09\/manuel_pardo_bn.png 605w, https:\/\/www.anovapeneira.gal\/wp-content\/uploads\/2024\/09\/manuel_pardo_bn-252x300.png 252w\" sizes=\"auto, (max-width: 605px) 100vw, 605px\" \/><\/figure>\n\n\n\n<pre class=\"wp-block-verse\">Manuel Pardo de Donleb\u00fan Montesino, Capit\u00e1n de Nav\u00edo da Armada ( ret) Presidente da Asociaci\u00f3n pola Memoria Militar Democr\u00e1tica.<\/pre>\n\n\n\n<p>O pasado 13 de agosto apareceu no ABC un artigo do almirante retirado Javier Pery Paredes \u00e1 mantenta da exhumaci\u00f3n do almirante Salvador Moreno Fern\u00e1ndez do Pante\u00f3n de Mari\u00f1os Ilustres da Armada ( PMI). Polas s\u00faas alusi\u00f3ns persoais e polas acusaci\u00f3ns vertidas sobre a Asociaci\u00f3n pola Memoria Militar Democr\u00e1tica (AMMD), a cal me honro en presidir, as\u00ed como sobre o movemento memorialista en xeral, v\u00e9xome no obrigaci\u00f3n de responder.<\/p>\n\n\n\n<p>Qu\u00e9ixase o autor do papel que xogaron neste desenlace as demandas da AMMD e do que \u00e1 s\u00faa entender resulta \u201ca punta dun iceberg para romper a neutralidade pol\u00edtica da instituci\u00f3n con moitas outras actuaci\u00f3ns e que parecen orientarse a crebar os principios polos que se rexe a milicia: xerarqu\u00eda, obediencia, disciplina, esp\u00edrito de servizo&#8230;\u201d.<\/p>\n\n\n\n<p>O almirante Pery parece ignorar que son precisamente todos eses principios aos que alude os que foron flagrantemente quebrantados polos militares que se rebelaron contra o goberno legal e lexitimamente constitu\u00eddo da Segunda Rep\u00fablica, ao que deb\u00edan obediencia e estaban obrigados a defender; e que coa s\u00faa rebeli\u00f3n, provocaron o colapso do \u00fanico proceso xenuinamente democr\u00e1tico, non tutelado polas elites, da nosa historia.<\/p>\n\n\n\n<p>Tam\u00e9n ignora que a neutralidade democr\u00e1tica debe entenderse como respecto por igual a todas as opci\u00f3ns pol\u00edticas das que legalmente se ofrecen \u00e1 cidadan\u00eda para xestionar os seus intereses, pero que de ningunha maneira pode estenderse ao reco\u00f1ecemento como v\u00e1lidas de opci\u00f3ns que preconizan o uso da violencia para neutralizar pol\u00edticas non desexadas.<\/p>\n\n\n\n<p>Sabe moi ben o autor que iso \u00e9 o que fixo, entre outros, o almirante Salvador Moreno. Poida que no historial profesional deste poidan identificarse feitos sen d\u00fabida memorables e ata encomiables, pero de ning\u00fan xeito poden ocultar e validar a grave responsabilidade que lle incumbe como corresponsable da rebeli\u00f3n militar e, en consecuencia, non pode ser aceptado como un militar exemplar e modelo para as futuras xeraci\u00f3ns.<\/p>\n\n\n\n<p>Ten a s\u00faa familia dereito a trasladar os restos do seu achegado onde mellor par\u00e9zalle e as\u00ed debeu facerse hai moitos anos, pero sempre f\u00f3ra dun espazo p\u00fablico no que se honra aos mari\u00f1os exemplares. Con todo, di ben pouco da determinaci\u00f3n do Ministerio de Defensa para facer cumprir de oficio a Lei de Memoria Democr\u00e1tica (LMD), que obriga a todas as administraci\u00f3ns a eliminar a simbolox\u00eda franquista e que a\u00ednda permite a presenza doutros dous almirantes franquistas No PMI.<\/p>\n\n\n\n<p>De ning\u00fan xeito a LMD \u00e9 unha \u201carma final para ferir a memoria por quen non poden superar a derrota militar\u201d, como sost\u00e9n o almirante Pery. Non. Esta Lei, con todas as s\u00faas limitaci\u00f3ns, \u00e9 un modesto intento de reco\u00f1ecer o sufrimento e dar reparaci\u00f3n moral a quen foron v\u00edtimas dun desapiadado golpe de estado, dunha guerra civil imposta coa colaboraci\u00f3n das potencias do Eixo, dunha represi\u00f3n para exterminar a quen non pensaban como eles e dunha ditadura que se prolongar\u00eda case 40 anos.<\/p>\n\n\n\n<p>Non somos os vencidos dunha guerra: somos os membros dunha sociedade que desexa vivir en paz e sen medo \u00e1s veleidades autocr\u00e1ticas de militares salvapatrias e que desexan mirar de fronte \u00e1 s\u00faa propia historia para reco\u00f1ecer os erros, as inxustizas e os crimes. Para iso, hai que denunciar con nitidez cuantos s\u00edmbolos e manifestaci\u00f3ns de exaltaci\u00f3n dos seus responsables subsisten . Case 90 anos despois de iniciarse esta cat\u00e1strofe, resulta inconcibible que haxa que lembrar esta evidencia.<\/p>\n\n\n\n<p>En canto \u00e1s alusi\u00f3ns persoais, ac\u00fasaseme de instigar \u201c\u2026 a trav\u00e9s de leitos comunistas iniciativas que en nada serven para manter o acougo dos espa\u00f1ois nestes tempos de mudanza global\u201d. Por unha banda, deber\u00eda explicar Pery a que se refire con \u201cleitos comunistas\u201d, debido a que canto fixen foi co concurso de cidad\u00e1ns libres constitu\u00eddos nunha asociaci\u00f3n e sen vinculaci\u00f3n a partido pol\u00edtico alg\u00fan. Por outra banda, o almirante Pery parece cegado pola obsesi\u00f3n do totalitarismo xenocida do comunismo; que a UE emitise unha declaraci\u00f3n de condena equiparando nazismo e comunismo, por decreto e \u00e1 marxe de calquera consideraci\u00f3ns de historiadores e investigadores, non \u00e9 outra cousa que unha construci\u00f3n da propaganda, no seu delirio anti ruso , para soster unha guerra allea que nos leva a desastre.<\/p>\n\n\n\n<p>Tam\u00e9n se me atrib\u00fae que \u201cdeixou a milicia para alistarse clandestinamente na pol\u00edtica\u201d. Falso. Nunca militei en partido pol\u00edtico alg\u00fan, a\u00ednda que debo dicir que sempre tiven ideas propias que non casaban ben coas da maior\u00eda dos meus compa\u00f1eiros de armas. E por se lles preocupa, non te\u00f1o empacho alg\u00fan en relacionarme con grupos que seguramente moitos consideren f\u00f3ra da lei a partir de tal declaraci\u00f3n.<\/p>\n\n\n\n<p>Non; os principios b\u00e1sicos de toda democracia non \u201cse perderon na cegada memoria de quen insiste en que hai un d\u00e9ficit democr\u00e1tico\u201d. Perd\u00e9ronse en quen insiste en reco\u00f1ecer aos militares rebeldes como heroes da patria. E soste\u00f1o que hai un d\u00e9ficit democr\u00e1tico cando as manifestaci\u00f3ns de extrema dereita e a rebelarse contra o goberno por parte de militares de alta gradaci\u00f3n rep\u00edtense con frecuencia, coa tolerancia m\u00e1is ou menos expl\u00edcita do Ministerio de Defensa; e cando este non acomete por propia iniciativa as s\u00faas obrigaci\u00f3ns para expurgar das Forzas Armadas todos os elementos de exaltaci\u00f3n \u00e1 figura de militares que se rebelaron contra o goberno e que participaron nos m\u00e1is crueis actos de represi\u00f3n.<\/p>\n","protected":false},"excerpt":{"rendered":"<div class=\"mh-excerpt\"><p>O pasado 13 de agosto apareceu no ABC un artigo do almirante retirado Javier Pery Paredes \u00e1 mantenta da exhumaci\u00f3n do almirante Salvador Moreno Fern\u00e1ndez do Pante\u00f3n de Mari\u00f1os Ilustres da Armada ( PMI) <a class=\"mh-excerpt-more\" href=\"https:\/\/www.anovapeneira.gal\/index.php\/2024\/09\/11\/resposta-ao-discurso-sobre-a-neutralidade-politica-dos-militares\/\" title=\"Resposta ao discurso sobre a neutralidade pol\u00edtica dos militares\">[&#8230;]<\/a><\/p>\n<\/div>","protected":false},"author":12,"featured_media":584,"comment_status":"open","ping_status":"open","sticky":false,"template":"","format":"standard","meta":{"_exactmetrics_skip_tracking":false,"_exactmetrics_sitenote_active":false,"_exactmetrics_sitenote_note":"","_exactmetrics_sitenote_category":0,"footnotes":""},"categories":[7],"tags":[],"class_list":{"0":"post-12392","1":"post","2":"type-post","3":"status-publish","4":"format-standard","5":"has-post-thumbnail","7":"category-artigos-de-opinion"},"yoast_head":"<!-- This site is optimized with the Yoast SEO plugin v27.4 - https:\/\/yoast.com\/product\/yoast-seo-wordpress\/ -->\n<title>Resposta ao discurso sobre a neutralidade pol\u00edtica dos militares -<\/title>\n<meta name=\"robots\" content=\"index, follow, max-snippet:-1, max-image-preview:large, max-video-preview:-1\" \/>\n<link rel=\"canonical\" href=\"https:\/\/www.anovapeneira.gal\/index.php\/2024\/09\/11\/resposta-ao-discurso-sobre-a-neutralidade-politica-dos-militares\/\" \/>\n<meta property=\"og:locale\" content=\"gl_ES\" \/>\n<meta property=\"og:type\" content=\"article\" \/>\n<meta property=\"og:title\" content=\"Resposta ao discurso sobre a neutralidade pol\u00edtica dos militares -\" \/>\n<meta property=\"og:description\" content=\"O pasado 13 de agosto apareceu no ABC un artigo do almirante retirado Javier Pery Paredes \u00e1 mantenta da exhumaci\u00f3n do almirante Salvador Moreno Fern\u00e1ndez do Pante\u00f3n de Mari\u00f1os Ilustres da Armada ( PMI) [...]\" \/>\n<meta property=\"og:url\" content=\"https:\/\/www.anovapeneira.gal\/index.php\/2024\/09\/11\/resposta-ao-discurso-sobre-a-neutralidade-politica-dos-militares\/\" \/>\n<meta property=\"article:publisher\" content=\"https:\/\/www.facebook.com\/anovapeneira\" \/>\n<meta property=\"article:published_time\" content=\"2024-09-11T10:00:15+00:00\" \/>\n<meta property=\"og:image\" content=\"https:\/\/www.anovapeneira.gal\/wp-content\/uploads\/2019\/07\/ARTIGO_DE_OPINION_A_NOVA_PENEIRA.jpg\" \/>\n\t<meta property=\"og:image:width\" content=\"720\" \/>\n\t<meta property=\"og:image:height\" content=\"473\" \/>\n\t<meta property=\"og:image:type\" content=\"image\/jpeg\" \/>\n<meta name=\"author\" content=\"Artigos Opini\u00f3n\" \/>\n<meta name=\"twitter:card\" content=\"summary_large_image\" \/>\n<meta name=\"twitter:image\" content=\"https:\/\/www.anovapeneira.gal\/wp-content\/uploads\/2019\/07\/ARTIGO_DE_OPINION_A_NOVA_PENEIRA.jpg\" \/>\n<meta name=\"twitter:creator\" content=\"@APeneira\" \/>\n<meta name=\"twitter:site\" content=\"@APeneira\" \/>\n<meta name=\"twitter:label1\" content=\"Escrito por\" \/>\n\t<meta name=\"twitter:data1\" content=\"Artigos Opini\u00f3n\" \/>\n\t<meta name=\"twitter:label2\" content=\"Tempo de lectura\" \/>\n\t<meta name=\"twitter:data2\" content=\"6 minutos\" \/>\n<script type=\"application\/ld+json\" class=\"yoast-schema-graph\">{\"@context\":\"https:\\\/\\\/schema.org\",\"@graph\":[{\"@type\":\"Article\",\"@id\":\"https:\\\/\\\/www.anovapeneira.gal\\\/index.php\\\/2024\\\/09\\\/11\\\/resposta-ao-discurso-sobre-a-neutralidade-politica-dos-militares\\\/#article\",\"isPartOf\":{\"@id\":\"https:\\\/\\\/www.anovapeneira.gal\\\/index.php\\\/2024\\\/09\\\/11\\\/resposta-ao-discurso-sobre-a-neutralidade-politica-dos-militares\\\/\"},\"author\":{\"name\":\"Artigos Opini\u00f3n\",\"@id\":\"https:\\\/\\\/www.anovapeneira.gal\\\/#\\\/schema\\\/person\\\/f18a4feb302e8f20bcef4490b5b60bb3\"},\"headline\":\"Resposta ao discurso sobre a neutralidade pol\u00edtica dos militares\",\"datePublished\":\"2024-09-11T10:00:15+00:00\",\"mainEntityOfPage\":{\"@id\":\"https:\\\/\\\/www.anovapeneira.gal\\\/index.php\\\/2024\\\/09\\\/11\\\/resposta-ao-discurso-sobre-a-neutralidade-politica-dos-militares\\\/\"},\"wordCount\":960,\"commentCount\":0,\"publisher\":{\"@id\":\"https:\\\/\\\/www.anovapeneira.gal\\\/#organization\"},\"image\":{\"@id\":\"https:\\\/\\\/www.anovapeneira.gal\\\/index.php\\\/2024\\\/09\\\/11\\\/resposta-ao-discurso-sobre-a-neutralidade-politica-dos-militares\\\/#primaryimage\"},\"thumbnailUrl\":\"https:\\\/\\\/www.anovapeneira.gal\\\/wp-content\\\/uploads\\\/2019\\\/07\\\/ARTIGO_DE_OPINION_A_NOVA_PENEIRA.jpg\",\"articleSection\":[\"Artigos de opini\u00f3n\"],\"inLanguage\":\"gl-ES\",\"potentialAction\":[{\"@type\":\"CommentAction\",\"name\":\"Comment\",\"target\":[\"https:\\\/\\\/www.anovapeneira.gal\\\/index.php\\\/2024\\\/09\\\/11\\\/resposta-ao-discurso-sobre-a-neutralidade-politica-dos-militares\\\/#respond\"]}]},{\"@type\":\"WebPage\",\"@id\":\"https:\\\/\\\/www.anovapeneira.gal\\\/index.php\\\/2024\\\/09\\\/11\\\/resposta-ao-discurso-sobre-a-neutralidade-politica-dos-militares\\\/\",\"url\":\"https:\\\/\\\/www.anovapeneira.gal\\\/index.php\\\/2024\\\/09\\\/11\\\/resposta-ao-discurso-sobre-a-neutralidade-politica-dos-militares\\\/\",\"name\":\"Resposta ao discurso sobre a neutralidade pol\u00edtica dos militares -\",\"isPartOf\":{\"@id\":\"https:\\\/\\\/www.anovapeneira.gal\\\/#website\"},\"primaryImageOfPage\":{\"@id\":\"https:\\\/\\\/www.anovapeneira.gal\\\/index.php\\\/2024\\\/09\\\/11\\\/resposta-ao-discurso-sobre-a-neutralidade-politica-dos-militares\\\/#primaryimage\"},\"image\":{\"@id\":\"https:\\\/\\\/www.anovapeneira.gal\\\/index.php\\\/2024\\\/09\\\/11\\\/resposta-ao-discurso-sobre-a-neutralidade-politica-dos-militares\\\/#primaryimage\"},\"thumbnailUrl\":\"https:\\\/\\\/www.anovapeneira.gal\\\/wp-content\\\/uploads\\\/2019\\\/07\\\/ARTIGO_DE_OPINION_A_NOVA_PENEIRA.jpg\",\"datePublished\":\"2024-09-11T10:00:15+00:00\",\"breadcrumb\":{\"@id\":\"https:\\\/\\\/www.anovapeneira.gal\\\/index.php\\\/2024\\\/09\\\/11\\\/resposta-ao-discurso-sobre-a-neutralidade-politica-dos-militares\\\/#breadcrumb\"},\"inLanguage\":\"gl-ES\",\"potentialAction\":[{\"@type\":\"ReadAction\",\"target\":[\"https:\\\/\\\/www.anovapeneira.gal\\\/index.php\\\/2024\\\/09\\\/11\\\/resposta-ao-discurso-sobre-a-neutralidade-politica-dos-militares\\\/\"]}]},{\"@type\":\"ImageObject\",\"inLanguage\":\"gl-ES\",\"@id\":\"https:\\\/\\\/www.anovapeneira.gal\\\/index.php\\\/2024\\\/09\\\/11\\\/resposta-ao-discurso-sobre-a-neutralidade-politica-dos-militares\\\/#primaryimage\",\"url\":\"https:\\\/\\\/www.anovapeneira.gal\\\/wp-content\\\/uploads\\\/2019\\\/07\\\/ARTIGO_DE_OPINION_A_NOVA_PENEIRA.jpg\",\"contentUrl\":\"https:\\\/\\\/www.anovapeneira.gal\\\/wp-content\\\/uploads\\\/2019\\\/07\\\/ARTIGO_DE_OPINION_A_NOVA_PENEIRA.jpg\",\"width\":720,\"height\":473,\"caption\":\"Artigo de opini\u00f3n A Nova Peneira\"},{\"@type\":\"BreadcrumbList\",\"@id\":\"https:\\\/\\\/www.anovapeneira.gal\\\/index.php\\\/2024\\\/09\\\/11\\\/resposta-ao-discurso-sobre-a-neutralidade-politica-dos-militares\\\/#breadcrumb\",\"itemListElement\":[{\"@type\":\"ListItem\",\"position\":1,\"name\":\"Portada\",\"item\":\"https:\\\/\\\/www.anovapeneira.gal\\\/\"},{\"@type\":\"ListItem\",\"position\":2,\"name\":\"Resposta ao discurso sobre a neutralidade pol\u00edtica dos militares\"}]},{\"@type\":\"WebSite\",\"@id\":\"https:\\\/\\\/www.anovapeneira.gal\\\/#website\",\"url\":\"https:\\\/\\\/www.anovapeneira.gal\\\/\",\"name\":\"\",\"description\":\"Xornal galego de informaci\u00f3n xeral Publicaci\u00f3n mensual de novas de Galicia e en especial dos Concellos da sur da provincia de Pontevedra.\",\"publisher\":{\"@id\":\"https:\\\/\\\/www.anovapeneira.gal\\\/#organization\"},\"potentialAction\":[{\"@type\":\"SearchAction\",\"target\":{\"@type\":\"EntryPoint\",\"urlTemplate\":\"https:\\\/\\\/www.anovapeneira.gal\\\/?s={search_term_string}\"},\"query-input\":{\"@type\":\"PropertyValueSpecification\",\"valueRequired\":true,\"valueName\":\"search_term_string\"}}],\"inLanguage\":\"gl-ES\"},{\"@type\":\"Organization\",\"@id\":\"https:\\\/\\\/www.anovapeneira.gal\\\/#organization\",\"name\":\"A Nova Peneira\",\"url\":\"https:\\\/\\\/www.anovapeneira.gal\\\/\",\"logo\":{\"@type\":\"ImageObject\",\"inLanguage\":\"gl-ES\",\"@id\":\"https:\\\/\\\/www.anovapeneira.gal\\\/#\\\/schema\\\/logo\\\/image\\\/\",\"url\":\"http:\\\/\\\/www.anovapeneira.gal\\\/wp-content\\\/uploads\\\/2019\\\/06\\\/logo_a_nova_peneira_portal_web.png\",\"contentUrl\":\"http:\\\/\\\/www.anovapeneira.gal\\\/wp-content\\\/uploads\\\/2019\\\/06\\\/logo_a_nova_peneira_portal_web.png\",\"width\":300,\"height\":100,\"caption\":\"A Nova Peneira\"},\"image\":{\"@id\":\"https:\\\/\\\/www.anovapeneira.gal\\\/#\\\/schema\\\/logo\\\/image\\\/\"},\"sameAs\":[\"https:\\\/\\\/www.facebook.com\\\/anovapeneira\",\"https:\\\/\\\/x.com\\\/APeneira\"]},{\"@type\":\"Person\",\"@id\":\"https:\\\/\\\/www.anovapeneira.gal\\\/#\\\/schema\\\/person\\\/f18a4feb302e8f20bcef4490b5b60bb3\",\"name\":\"Artigos Opini\u00f3n\",\"image\":{\"@type\":\"ImageObject\",\"inLanguage\":\"gl-ES\",\"@id\":\"https:\\\/\\\/secure.gravatar.com\\\/avatar\\\/072844300f4881150aee2da4278f7a65d16eefdf8262eb67085f1e702de2b959?s=96&d=mm&r=g\",\"url\":\"https:\\\/\\\/secure.gravatar.com\\\/avatar\\\/072844300f4881150aee2da4278f7a65d16eefdf8262eb67085f1e702de2b959?s=96&d=mm&r=g\",\"contentUrl\":\"https:\\\/\\\/secure.gravatar.com\\\/avatar\\\/072844300f4881150aee2da4278f7a65d16eefdf8262eb67085f1e702de2b959?s=96&d=mm&r=g\",\"caption\":\"Artigos Opini\u00f3n\"},\"sameAs\":[\"http:\\\/\\\/anovapeneira.gal\"],\"url\":\"https:\\\/\\\/www.anovapeneira.gal\\\/index.php\\\/author\\\/artigosopinion\\\/\"}]}<\/script>\n<!-- \/ Yoast SEO plugin. -->","yoast_head_json":{"title":"Resposta ao discurso sobre a neutralidade pol\u00edtica dos militares -","robots":{"index":"index","follow":"follow","max-snippet":"max-snippet:-1","max-image-preview":"max-image-preview:large","max-video-preview":"max-video-preview:-1"},"canonical":"https:\/\/www.anovapeneira.gal\/index.php\/2024\/09\/11\/resposta-ao-discurso-sobre-a-neutralidade-politica-dos-militares\/","og_locale":"gl_ES","og_type":"article","og_title":"Resposta ao discurso sobre a neutralidade pol\u00edtica dos militares -","og_description":"O pasado 13 de agosto apareceu no ABC un artigo do almirante retirado Javier Pery Paredes \u00e1 mantenta da exhumaci\u00f3n do almirante Salvador Moreno Fern\u00e1ndez do Pante\u00f3n de Mari\u00f1os Ilustres da Armada ( PMI) [...]","og_url":"https:\/\/www.anovapeneira.gal\/index.php\/2024\/09\/11\/resposta-ao-discurso-sobre-a-neutralidade-politica-dos-militares\/","article_publisher":"https:\/\/www.facebook.com\/anovapeneira","article_published_time":"2024-09-11T10:00:15+00:00","og_image":[{"width":720,"height":473,"url":"https:\/\/www.anovapeneira.gal\/wp-content\/uploads\/2019\/07\/ARTIGO_DE_OPINION_A_NOVA_PENEIRA.jpg","type":"image\/jpeg"}],"author":"Artigos Opini\u00f3n","twitter_card":"summary_large_image","twitter_image":"https:\/\/www.anovapeneira.gal\/wp-content\/uploads\/2019\/07\/ARTIGO_DE_OPINION_A_NOVA_PENEIRA.jpg","twitter_creator":"@APeneira","twitter_site":"@APeneira","twitter_misc":{"Escrito por":"Artigos Opini\u00f3n","Tempo de lectura":"6 minutos"},"schema":{"@context":"https:\/\/schema.org","@graph":[{"@type":"Article","@id":"https:\/\/www.anovapeneira.gal\/index.php\/2024\/09\/11\/resposta-ao-discurso-sobre-a-neutralidade-politica-dos-militares\/#article","isPartOf":{"@id":"https:\/\/www.anovapeneira.gal\/index.php\/2024\/09\/11\/resposta-ao-discurso-sobre-a-neutralidade-politica-dos-militares\/"},"author":{"name":"Artigos Opini\u00f3n","@id":"https:\/\/www.anovapeneira.gal\/#\/schema\/person\/f18a4feb302e8f20bcef4490b5b60bb3"},"headline":"Resposta ao discurso sobre a neutralidade pol\u00edtica dos militares","datePublished":"2024-09-11T10:00:15+00:00","mainEntityOfPage":{"@id":"https:\/\/www.anovapeneira.gal\/index.php\/2024\/09\/11\/resposta-ao-discurso-sobre-a-neutralidade-politica-dos-militares\/"},"wordCount":960,"commentCount":0,"publisher":{"@id":"https:\/\/www.anovapeneira.gal\/#organization"},"image":{"@id":"https:\/\/www.anovapeneira.gal\/index.php\/2024\/09\/11\/resposta-ao-discurso-sobre-a-neutralidade-politica-dos-militares\/#primaryimage"},"thumbnailUrl":"https:\/\/www.anovapeneira.gal\/wp-content\/uploads\/2019\/07\/ARTIGO_DE_OPINION_A_NOVA_PENEIRA.jpg","articleSection":["Artigos de opini\u00f3n"],"inLanguage":"gl-ES","potentialAction":[{"@type":"CommentAction","name":"Comment","target":["https:\/\/www.anovapeneira.gal\/index.php\/2024\/09\/11\/resposta-ao-discurso-sobre-a-neutralidade-politica-dos-militares\/#respond"]}]},{"@type":"WebPage","@id":"https:\/\/www.anovapeneira.gal\/index.php\/2024\/09\/11\/resposta-ao-discurso-sobre-a-neutralidade-politica-dos-militares\/","url":"https:\/\/www.anovapeneira.gal\/index.php\/2024\/09\/11\/resposta-ao-discurso-sobre-a-neutralidade-politica-dos-militares\/","name":"Resposta ao discurso sobre a neutralidade pol\u00edtica dos militares -","isPartOf":{"@id":"https:\/\/www.anovapeneira.gal\/#website"},"primaryImageOfPage":{"@id":"https:\/\/www.anovapeneira.gal\/index.php\/2024\/09\/11\/resposta-ao-discurso-sobre-a-neutralidade-politica-dos-militares\/#primaryimage"},"image":{"@id":"https:\/\/www.anovapeneira.gal\/index.php\/2024\/09\/11\/resposta-ao-discurso-sobre-a-neutralidade-politica-dos-militares\/#primaryimage"},"thumbnailUrl":"https:\/\/www.anovapeneira.gal\/wp-content\/uploads\/2019\/07\/ARTIGO_DE_OPINION_A_NOVA_PENEIRA.jpg","datePublished":"2024-09-11T10:00:15+00:00","breadcrumb":{"@id":"https:\/\/www.anovapeneira.gal\/index.php\/2024\/09\/11\/resposta-ao-discurso-sobre-a-neutralidade-politica-dos-militares\/#breadcrumb"},"inLanguage":"gl-ES","potentialAction":[{"@type":"ReadAction","target":["https:\/\/www.anovapeneira.gal\/index.php\/2024\/09\/11\/resposta-ao-discurso-sobre-a-neutralidade-politica-dos-militares\/"]}]},{"@type":"ImageObject","inLanguage":"gl-ES","@id":"https:\/\/www.anovapeneira.gal\/index.php\/2024\/09\/11\/resposta-ao-discurso-sobre-a-neutralidade-politica-dos-militares\/#primaryimage","url":"https:\/\/www.anovapeneira.gal\/wp-content\/uploads\/2019\/07\/ARTIGO_DE_OPINION_A_NOVA_PENEIRA.jpg","contentUrl":"https:\/\/www.anovapeneira.gal\/wp-content\/uploads\/2019\/07\/ARTIGO_DE_OPINION_A_NOVA_PENEIRA.jpg","width":720,"height":473,"caption":"Artigo de opini\u00f3n A Nova Peneira"},{"@type":"BreadcrumbList","@id":"https:\/\/www.anovapeneira.gal\/index.php\/2024\/09\/11\/resposta-ao-discurso-sobre-a-neutralidade-politica-dos-militares\/#breadcrumb","itemListElement":[{"@type":"ListItem","position":1,"name":"Portada","item":"https:\/\/www.anovapeneira.gal\/"},{"@type":"ListItem","position":2,"name":"Resposta ao discurso sobre a neutralidade pol\u00edtica dos militares"}]},{"@type":"WebSite","@id":"https:\/\/www.anovapeneira.gal\/#website","url":"https:\/\/www.anovapeneira.gal\/","name":"","description":"Xornal galego de informaci\u00f3n xeral Publicaci\u00f3n mensual de novas de Galicia e en especial dos Concellos da sur da provincia de Pontevedra.","publisher":{"@id":"https:\/\/www.anovapeneira.gal\/#organization"},"potentialAction":[{"@type":"SearchAction","target":{"@type":"EntryPoint","urlTemplate":"https:\/\/www.anovapeneira.gal\/?s={search_term_string}"},"query-input":{"@type":"PropertyValueSpecification","valueRequired":true,"valueName":"search_term_string"}}],"inLanguage":"gl-ES"},{"@type":"Organization","@id":"https:\/\/www.anovapeneira.gal\/#organization","name":"A Nova Peneira","url":"https:\/\/www.anovapeneira.gal\/","logo":{"@type":"ImageObject","inLanguage":"gl-ES","@id":"https:\/\/www.anovapeneira.gal\/#\/schema\/logo\/image\/","url":"http:\/\/www.anovapeneira.gal\/wp-content\/uploads\/2019\/06\/logo_a_nova_peneira_portal_web.png","contentUrl":"http:\/\/www.anovapeneira.gal\/wp-content\/uploads\/2019\/06\/logo_a_nova_peneira_portal_web.png","width":300,"height":100,"caption":"A Nova Peneira"},"image":{"@id":"https:\/\/www.anovapeneira.gal\/#\/schema\/logo\/image\/"},"sameAs":["https:\/\/www.facebook.com\/anovapeneira","https:\/\/x.com\/APeneira"]},{"@type":"Person","@id":"https:\/\/www.anovapeneira.gal\/#\/schema\/person\/f18a4feb302e8f20bcef4490b5b60bb3","name":"Artigos Opini\u00f3n","image":{"@type":"ImageObject","inLanguage":"gl-ES","@id":"https:\/\/secure.gravatar.com\/avatar\/072844300f4881150aee2da4278f7a65d16eefdf8262eb67085f1e702de2b959?s=96&d=mm&r=g","url":"https:\/\/secure.gravatar.com\/avatar\/072844300f4881150aee2da4278f7a65d16eefdf8262eb67085f1e702de2b959?s=96&d=mm&r=g","contentUrl":"https:\/\/secure.gravatar.com\/avatar\/072844300f4881150aee2da4278f7a65d16eefdf8262eb67085f1e702de2b959?s=96&d=mm&r=g","caption":"Artigos Opini\u00f3n"},"sameAs":["http:\/\/anovapeneira.gal"],"url":"https:\/\/www.anovapeneira.gal\/index.php\/author\/artigosopinion\/"}]}},"jetpack_featured_media_url":"https:\/\/www.anovapeneira.gal\/wp-content\/uploads\/2019\/07\/ARTIGO_DE_OPINION_A_NOVA_PENEIRA.jpg","_links":{"self":[{"href":"https:\/\/www.anovapeneira.gal\/index.php\/wp-json\/wp\/v2\/posts\/12392","targetHints":{"allow":["GET"]}}],"collection":[{"href":"https:\/\/www.anovapeneira.gal\/index.php\/wp-json\/wp\/v2\/posts"}],"about":[{"href":"https:\/\/www.anovapeneira.gal\/index.php\/wp-json\/wp\/v2\/types\/post"}],"author":[{"embeddable":true,"href":"https:\/\/www.anovapeneira.gal\/index.php\/wp-json\/wp\/v2\/users\/12"}],"replies":[{"embeddable":true,"href":"https:\/\/www.anovapeneira.gal\/index.php\/wp-json\/wp\/v2\/comments?post=12392"}],"version-history":[{"count":1,"href":"https:\/\/www.anovapeneira.gal\/index.php\/wp-json\/wp\/v2\/posts\/12392\/revisions"}],"predecessor-version":[{"id":12394,"href":"https:\/\/www.anovapeneira.gal\/index.php\/wp-json\/wp\/v2\/posts\/12392\/revisions\/12394"}],"wp:featuredmedia":[{"embeddable":true,"href":"https:\/\/www.anovapeneira.gal\/index.php\/wp-json\/wp\/v2\/media\/584"}],"wp:attachment":[{"href":"https:\/\/www.anovapeneira.gal\/index.php\/wp-json\/wp\/v2\/media?parent=12392"}],"wp:term":[{"taxonomy":"category","embeddable":true,"href":"https:\/\/www.anovapeneira.gal\/index.php\/wp-json\/wp\/v2\/categories?post=12392"},{"taxonomy":"post_tag","embeddable":true,"href":"https:\/\/www.anovapeneira.gal\/index.php\/wp-json\/wp\/v2\/tags?post=12392"}],"curies":[{"name":"wp","href":"https:\/\/api.w.org\/{rel}","templated":true}]}}