{"id":12395,"date":"2024-09-12T10:00:09","date_gmt":"2024-09-12T08:00:09","guid":{"rendered":"https:\/\/www.anovapeneira.gal\/?p=12395"},"modified":"2024-09-10T12:46:32","modified_gmt":"2024-09-10T10:46:32","slug":"regades-denuncia-o-intento-da-xunta-de-colar-unha-suba-brutal-dun-64-no-canon-de-sogama-que-vai-disparar-os-recibos-municipais-do-lixo","status":"publish","type":"post","link":"https:\/\/www.anovapeneira.gal\/index.php\/2024\/09\/12\/regades-denuncia-o-intento-da-xunta-de-colar-unha-suba-brutal-dun-64-no-canon-de-sogama-que-vai-disparar-os-recibos-municipais-do-lixo\/","title":{"rendered":"Regades denuncia o intento da xunta de \u201ccolar\u201d unha suba brutal dun 64% no canon de Sogama que vai disparar os recibos municipais do lixo"},"content":{"rendered":"\n<h2 class=\"wp-block-heading\"><strong>O PSdeG-PSOE presentar\u00e1 moci\u00f3ns nos 61 concellos da provincia e na Deputaci\u00f3n \u201cpara que os alcaldes e alcaldesas do PP se retraten\u201d<\/strong><\/h2>\n\n\n\n<p><strong>Regades: \u201cSe a Xunta quer\u00eda terminar de fulminar as econom\u00edas municipais con isto d\u00e1 o golpe definitivo\u201d<\/strong><\/p>\n\n\n\n<p>\u201c<strong>Ningunha Administraci\u00f3n minimamente eficiente e responsable sube un 64% o custo dun servizo p\u00fablico da noite para a ma\u00f1\u00e1\u201d<\/strong><\/p>\n\n\n\n<p><em><strong>Pontevedra, 2 de setembro de 2024. <\/strong><\/em>Os 61 concellos da provincia e a Deputaci\u00f3n provincial ter\u00e1n que debater unha moci\u00f3n do PSdeG-PSOE para solicitar a paralizaci\u00f3n inmediata do \u201csablazo\u201d de Sogama e instar a Xunta a comezar a apostar, con investimentos e actuaci\u00f3ns reais, por modelos alternativos de xesti\u00f3n dos residuos, m\u00e1is enfocados \u00e1 reciclaxe e \u00e1 econom\u00eda circular.<\/p>\n\n\n\n<p>O secretario xeral provincial socialista, David Regades, anuncia que a moci\u00f3n que se rexistrar\u00e1 os pr\u00f3ximos d\u00edas \u00e9 un acto de \u201cdefensa cidad\u00e1\u201d contra a suba unilateral dun 64% coa que Sogama pretende que o canon que cobra aos concellos pola incineraci\u00f3n do lixo pase de 66 euros a 108 euros\/tonelada a partir de 2025. Unha suba que se acumula \u00e1 xa realizada o pasado mes de xullo cando eliminouse a bonificaci\u00f3n do 15% acordada coa FEGAMP para os concellos que instalaron o contedor marr\u00f3n de residuos org\u00e1nicos. Regades recalca que aos concellos non lles vai quedar outra que trasladar o impacto ao recibo municipal do lixo a partir de xaneiro do pr\u00f3ximo ano.<\/p>\n\n\n\n<p>A \u00fanica explicaci\u00f3n que ofrece a Xunta \u00e9 a entrada en vigor dun imposto ambiental que grava as formas menos sostibles de tratamento do lixo, obviando sempre que responde a unha Directiva europea de 2018, de obrigado cumprimento por tanto en toda a Uni\u00f3n Europea, e que, ademais, a recadaci\u00f3n do gravame corresp\u00f3ndelle \u00e1 propia Xunta.<\/p>\n\n\n\n<p>A moci\u00f3n reclama, entre outras cousas, o mantemento do canon de 66 euros por tonelada coa actualizaci\u00f3n s\u00f3 do IPC anual, manter a bonificaci\u00f3n do 15% para os concellos con selecci\u00f3n de org\u00e1nicos e que se abra unha negociaci\u00f3n franca coa FEGAMP en lugar de impo\u00f1er, que \u00e9 o que fai o Goberno galego pola porta de atr\u00e1s intentando \u201ccolar\u201d esta suba brutal.<\/p>\n\n\n\n<p>David Regades indicou que \u00e9 necesario que t\u00f3dolos alcaldes e alcaldesas do PP e o presidente da Deputaci\u00f3n \u201cse retraten\u201d deixando moi claro, coa s\u00faa votaci\u00f3n, a quen defenden e a que intereses obedecen. Ademais, indicou que ningunha Administraci\u00f3n \u201cmedianamente eficiente e responsable\u201d sube de golpe o custo dun servizo p\u00fablico un 64%.<\/p>\n\n\n\n<p>O secretario xeral socialista considera \u201chip\u00f3crita\u201d que Sogama diga que os concellos non est\u00e1n obrigados a repercutir o custo \u00e1 veci\u00f1anza, cando a taxa municipal de recollida e tratamento de lixo debe, por lei, repercutir os custos reais do servizo. \u201cOs concellos non poden seguir absorbendo os excesos da Xunta, as gravosas competencias impropias e un financiamento auton\u00f3mico conxelado dende hai 15 anos\u201d. \u201cSe a Xunta quer\u00eda fulminar as econom\u00edas municipais con isto d\u00e1 o golpe definitivo\u201d.<\/p>\n\n\n\n<p>O secretario xeral provincial insta tam\u00e9n aos 229 concelleiros e concelleiras socialistas da provincia a facer un esforzo de divulgaci\u00f3n entre a cidadan\u00eda dos efectos desta suba do 64% nos custes do tratamento do lixo \u201cporque cando a xente vexa a suba no recibo municipal, a partir de xaneiro de 2025, a primeira reacci\u00f3n ser\u00e1 botarlle a culpa ao seu concello; unha baza covarde coa que a Xunta de Galicia sempre xoga, sabendo que boa parte da fiscalidade auton\u00f3mica vai oculta nos recibos municipais\u201d.<\/p>\n","protected":false},"excerpt":{"rendered":"<div class=\"mh-excerpt\"><p>O PSdeG-PSOE presentar\u00e1 moci\u00f3ns nos 61 concellos da provincia e na Deputaci\u00f3n \u201cpara que os alcaldes e alcaldesas do PP se retraten\u201d <a class=\"mh-excerpt-more\" href=\"https:\/\/www.anovapeneira.gal\/index.php\/2024\/09\/12\/regades-denuncia-o-intento-da-xunta-de-colar-unha-suba-brutal-dun-64-no-canon-de-sogama-que-vai-disparar-os-recibos-municipais-do-lixo\/\" title=\"Regades denuncia o intento da xunta de \u201ccolar\u201d unha suba brutal dun 64% no canon de Sogama que vai disparar os recibos municipais do lixo\">[&#8230;]<\/a><\/p>\n<\/div>","protected":false},"author":3,"featured_media":11068,"comment_status":"open","ping_status":"open","sticky":false,"template":"","format":"standard","meta":{"_exactmetrics_skip_tracking":false,"_exactmetrics_sitenote_active":false,"_exactmetrics_sitenote_note":"","_exactmetrics_sitenote_category":0,"footnotes":""},"categories":[263],"tags":[111],"class_list":{"0":"post-12395","1":"post","2":"type-post","3":"status-publish","4":"format-standard","5":"has-post-thumbnail","7":"category-novas","8":"tag-deputacion-pontevedra"},"yoast_head":"<!-- This site is optimized with the Yoast SEO plugin v27.4 - https:\/\/yoast.com\/product\/yoast-seo-wordpress\/ -->\n<title>Regades denuncia o intento da xunta de \u201ccolar\u201d unha suba brutal dun 64% no canon de Sogama que vai disparar os recibos municipais do lixo -<\/title>\n<meta name=\"robots\" content=\"index, follow, max-snippet:-1, max-image-preview:large, max-video-preview:-1\" \/>\n<link rel=\"canonical\" href=\"https:\/\/www.anovapeneira.gal\/index.php\/2024\/09\/12\/regades-denuncia-o-intento-da-xunta-de-colar-unha-suba-brutal-dun-64-no-canon-de-sogama-que-vai-disparar-os-recibos-municipais-do-lixo\/\" \/>\n<meta property=\"og:locale\" content=\"gl_ES\" \/>\n<meta property=\"og:type\" content=\"article\" \/>\n<meta property=\"og:title\" content=\"Regades denuncia o intento da xunta de \u201ccolar\u201d unha suba brutal dun 64% no canon de Sogama que vai disparar os recibos municipais do lixo -\" \/>\n<meta property=\"og:description\" content=\"O PSdeG-PSOE presentar\u00e1 moci\u00f3ns nos 61 concellos da provincia e na Deputaci\u00f3n \u201cpara que os alcaldes e alcaldesas do PP se retraten\u201d [...]\" \/>\n<meta property=\"og:url\" content=\"https:\/\/www.anovapeneira.gal\/index.php\/2024\/09\/12\/regades-denuncia-o-intento-da-xunta-de-colar-unha-suba-brutal-dun-64-no-canon-de-sogama-que-vai-disparar-os-recibos-municipais-do-lixo\/\" \/>\n<meta property=\"article:publisher\" content=\"https:\/\/www.facebook.com\/anovapeneira\" \/>\n<meta property=\"article:published_time\" content=\"2024-09-12T08:00:09+00:00\" \/>\n<meta property=\"og:image\" content=\"https:\/\/www.anovapeneira.gal\/wp-content\/uploads\/2024\/01\/Logo_PSdeG.svg_.png\" \/>\n\t<meta property=\"og:image:width\" content=\"1200\" \/>\n\t<meta property=\"og:image:height\" content=\"1200\" \/>\n\t<meta property=\"og:image:type\" content=\"image\/png\" \/>\n<meta name=\"author\" content=\"Redacci\u00f3n A Nova Peneira\" \/>\n<meta name=\"twitter:card\" content=\"summary_large_image\" \/>\n<meta name=\"twitter:creator\" content=\"@APeneira\" \/>\n<meta name=\"twitter:site\" content=\"@APeneira\" \/>\n<meta name=\"twitter:label1\" content=\"Escrito por\" \/>\n\t<meta name=\"twitter:data1\" content=\"Redacci\u00f3n A Nova Peneira\" \/>\n\t<meta name=\"twitter:label2\" content=\"Tempo de lectura\" \/>\n\t<meta name=\"twitter:data2\" content=\"4 minutos\" \/>\n<script type=\"application\/ld+json\" class=\"yoast-schema-graph\">{\"@context\":\"https:\\\/\\\/schema.org\",\"@graph\":[{\"@type\":\"Article\",\"@id\":\"https:\\\/\\\/www.anovapeneira.gal\\\/index.php\\\/2024\\\/09\\\/12\\\/regades-denuncia-o-intento-da-xunta-de-colar-unha-suba-brutal-dun-64-no-canon-de-sogama-que-vai-disparar-os-recibos-municipais-do-lixo\\\/#article\",\"isPartOf\":{\"@id\":\"https:\\\/\\\/www.anovapeneira.gal\\\/index.php\\\/2024\\\/09\\\/12\\\/regades-denuncia-o-intento-da-xunta-de-colar-unha-suba-brutal-dun-64-no-canon-de-sogama-que-vai-disparar-os-recibos-municipais-do-lixo\\\/\"},\"author\":{\"name\":\"Redacci\u00f3n A Nova Peneira\",\"@id\":\"https:\\\/\\\/www.anovapeneira.gal\\\/#\\\/schema\\\/person\\\/b93e3f8932e3f8da96334607eb6ac6aa\"},\"headline\":\"Regades denuncia o intento da xunta de \u201ccolar\u201d unha suba brutal dun 64% no canon de Sogama que vai disparar os recibos municipais do lixo\",\"datePublished\":\"2024-09-12T08:00:09+00:00\",\"mainEntityOfPage\":{\"@id\":\"https:\\\/\\\/www.anovapeneira.gal\\\/index.php\\\/2024\\\/09\\\/12\\\/regades-denuncia-o-intento-da-xunta-de-colar-unha-suba-brutal-dun-64-no-canon-de-sogama-que-vai-disparar-os-recibos-municipais-do-lixo\\\/\"},\"wordCount\":613,\"commentCount\":0,\"publisher\":{\"@id\":\"https:\\\/\\\/www.anovapeneira.gal\\\/#organization\"},\"image\":{\"@id\":\"https:\\\/\\\/www.anovapeneira.gal\\\/index.php\\\/2024\\\/09\\\/12\\\/regades-denuncia-o-intento-da-xunta-de-colar-unha-suba-brutal-dun-64-no-canon-de-sogama-que-vai-disparar-os-recibos-municipais-do-lixo\\\/#primaryimage\"},\"thumbnailUrl\":\"https:\\\/\\\/www.anovapeneira.gal\\\/wp-content\\\/uploads\\\/2024\\\/01\\\/Logo_PSdeG.svg_.png\",\"keywords\":[\"Deputaci\u00f3n Pontevedra\"],\"articleSection\":[\"Novas\"],\"inLanguage\":\"gl-ES\",\"potentialAction\":[{\"@type\":\"CommentAction\",\"name\":\"Comment\",\"target\":[\"https:\\\/\\\/www.anovapeneira.gal\\\/index.php\\\/2024\\\/09\\\/12\\\/regades-denuncia-o-intento-da-xunta-de-colar-unha-suba-brutal-dun-64-no-canon-de-sogama-que-vai-disparar-os-recibos-municipais-do-lixo\\\/#respond\"]}]},{\"@type\":\"WebPage\",\"@id\":\"https:\\\/\\\/www.anovapeneira.gal\\\/index.php\\\/2024\\\/09\\\/12\\\/regades-denuncia-o-intento-da-xunta-de-colar-unha-suba-brutal-dun-64-no-canon-de-sogama-que-vai-disparar-os-recibos-municipais-do-lixo\\\/\",\"url\":\"https:\\\/\\\/www.anovapeneira.gal\\\/index.php\\\/2024\\\/09\\\/12\\\/regades-denuncia-o-intento-da-xunta-de-colar-unha-suba-brutal-dun-64-no-canon-de-sogama-que-vai-disparar-os-recibos-municipais-do-lixo\\\/\",\"name\":\"Regades denuncia o intento da xunta de \u201ccolar\u201d unha suba brutal dun 64% no canon de Sogama que vai disparar os recibos municipais do lixo -\",\"isPartOf\":{\"@id\":\"https:\\\/\\\/www.anovapeneira.gal\\\/#website\"},\"primaryImageOfPage\":{\"@id\":\"https:\\\/\\\/www.anovapeneira.gal\\\/index.php\\\/2024\\\/09\\\/12\\\/regades-denuncia-o-intento-da-xunta-de-colar-unha-suba-brutal-dun-64-no-canon-de-sogama-que-vai-disparar-os-recibos-municipais-do-lixo\\\/#primaryimage\"},\"image\":{\"@id\":\"https:\\\/\\\/www.anovapeneira.gal\\\/index.php\\\/2024\\\/09\\\/12\\\/regades-denuncia-o-intento-da-xunta-de-colar-unha-suba-brutal-dun-64-no-canon-de-sogama-que-vai-disparar-os-recibos-municipais-do-lixo\\\/#primaryimage\"},\"thumbnailUrl\":\"https:\\\/\\\/www.anovapeneira.gal\\\/wp-content\\\/uploads\\\/2024\\\/01\\\/Logo_PSdeG.svg_.png\",\"datePublished\":\"2024-09-12T08:00:09+00:00\",\"breadcrumb\":{\"@id\":\"https:\\\/\\\/www.anovapeneira.gal\\\/index.php\\\/2024\\\/09\\\/12\\\/regades-denuncia-o-intento-da-xunta-de-colar-unha-suba-brutal-dun-64-no-canon-de-sogama-que-vai-disparar-os-recibos-municipais-do-lixo\\\/#breadcrumb\"},\"inLanguage\":\"gl-ES\",\"potentialAction\":[{\"@type\":\"ReadAction\",\"target\":[\"https:\\\/\\\/www.anovapeneira.gal\\\/index.php\\\/2024\\\/09\\\/12\\\/regades-denuncia-o-intento-da-xunta-de-colar-unha-suba-brutal-dun-64-no-canon-de-sogama-que-vai-disparar-os-recibos-municipais-do-lixo\\\/\"]}]},{\"@type\":\"ImageObject\",\"inLanguage\":\"gl-ES\",\"@id\":\"https:\\\/\\\/www.anovapeneira.gal\\\/index.php\\\/2024\\\/09\\\/12\\\/regades-denuncia-o-intento-da-xunta-de-colar-unha-suba-brutal-dun-64-no-canon-de-sogama-que-vai-disparar-os-recibos-municipais-do-lixo\\\/#primaryimage\",\"url\":\"https:\\\/\\\/www.anovapeneira.gal\\\/wp-content\\\/uploads\\\/2024\\\/01\\\/Logo_PSdeG.svg_.png\",\"contentUrl\":\"https:\\\/\\\/www.anovapeneira.gal\\\/wp-content\\\/uploads\\\/2024\\\/01\\\/Logo_PSdeG.svg_.png\",\"width\":1200,\"height\":1200,\"caption\":\"PSdeG PSOE\"},{\"@type\":\"BreadcrumbList\",\"@id\":\"https:\\\/\\\/www.anovapeneira.gal\\\/index.php\\\/2024\\\/09\\\/12\\\/regades-denuncia-o-intento-da-xunta-de-colar-unha-suba-brutal-dun-64-no-canon-de-sogama-que-vai-disparar-os-recibos-municipais-do-lixo\\\/#breadcrumb\",\"itemListElement\":[{\"@type\":\"ListItem\",\"position\":1,\"name\":\"Portada\",\"item\":\"https:\\\/\\\/www.anovapeneira.gal\\\/\"},{\"@type\":\"ListItem\",\"position\":2,\"name\":\"Regades denuncia o intento da xunta de \u201ccolar\u201d unha suba brutal dun 64% no canon de Sogama que vai disparar os recibos municipais do lixo\"}]},{\"@type\":\"WebSite\",\"@id\":\"https:\\\/\\\/www.anovapeneira.gal\\\/#website\",\"url\":\"https:\\\/\\\/www.anovapeneira.gal\\\/\",\"name\":\"\",\"description\":\"Xornal galego de informaci\u00f3n xeral Publicaci\u00f3n mensual de novas de Galicia e en especial dos Concellos da sur da provincia de Pontevedra.\",\"publisher\":{\"@id\":\"https:\\\/\\\/www.anovapeneira.gal\\\/#organization\"},\"potentialAction\":[{\"@type\":\"SearchAction\",\"target\":{\"@type\":\"EntryPoint\",\"urlTemplate\":\"https:\\\/\\\/www.anovapeneira.gal\\\/?s={search_term_string}\"},\"query-input\":{\"@type\":\"PropertyValueSpecification\",\"valueRequired\":true,\"valueName\":\"search_term_string\"}}],\"inLanguage\":\"gl-ES\"},{\"@type\":\"Organization\",\"@id\":\"https:\\\/\\\/www.anovapeneira.gal\\\/#organization\",\"name\":\"A Nova Peneira\",\"url\":\"https:\\\/\\\/www.anovapeneira.gal\\\/\",\"logo\":{\"@type\":\"ImageObject\",\"inLanguage\":\"gl-ES\",\"@id\":\"https:\\\/\\\/www.anovapeneira.gal\\\/#\\\/schema\\\/logo\\\/image\\\/\",\"url\":\"http:\\\/\\\/www.anovapeneira.gal\\\/wp-content\\\/uploads\\\/2019\\\/06\\\/logo_a_nova_peneira_portal_web.png\",\"contentUrl\":\"http:\\\/\\\/www.anovapeneira.gal\\\/wp-content\\\/uploads\\\/2019\\\/06\\\/logo_a_nova_peneira_portal_web.png\",\"width\":300,\"height\":100,\"caption\":\"A Nova Peneira\"},\"image\":{\"@id\":\"https:\\\/\\\/www.anovapeneira.gal\\\/#\\\/schema\\\/logo\\\/image\\\/\"},\"sameAs\":[\"https:\\\/\\\/www.facebook.com\\\/anovapeneira\",\"https:\\\/\\\/x.com\\\/APeneira\"]},{\"@type\":\"Person\",\"@id\":\"https:\\\/\\\/www.anovapeneira.gal\\\/#\\\/schema\\\/person\\\/b93e3f8932e3f8da96334607eb6ac6aa\",\"name\":\"Redacci\u00f3n A Nova Peneira\",\"image\":{\"@type\":\"ImageObject\",\"inLanguage\":\"gl-ES\",\"@id\":\"https:\\\/\\\/secure.gravatar.com\\\/avatar\\\/c052a2551a06e23fac63626232eaa90abd78dbcf1700fc46a2b2c89fd27b735f?s=96&d=mm&r=g\",\"url\":\"https:\\\/\\\/secure.gravatar.com\\\/avatar\\\/c052a2551a06e23fac63626232eaa90abd78dbcf1700fc46a2b2c89fd27b735f?s=96&d=mm&r=g\",\"contentUrl\":\"https:\\\/\\\/secure.gravatar.com\\\/avatar\\\/c052a2551a06e23fac63626232eaa90abd78dbcf1700fc46a2b2c89fd27b735f?s=96&d=mm&r=g\",\"caption\":\"Redacci\u00f3n A Nova Peneira\"},\"sameAs\":[\"http:\\\/\\\/www.anovapeneira.gal\\\/\"],\"url\":\"https:\\\/\\\/www.anovapeneira.gal\\\/index.php\\\/author\\\/redactor\\\/\"}]}<\/script>\n<!-- \/ Yoast SEO plugin. -->","yoast_head_json":{"title":"Regades denuncia o intento da xunta de \u201ccolar\u201d unha suba brutal dun 64% no canon de Sogama que vai disparar os recibos municipais do lixo -","robots":{"index":"index","follow":"follow","max-snippet":"max-snippet:-1","max-image-preview":"max-image-preview:large","max-video-preview":"max-video-preview:-1"},"canonical":"https:\/\/www.anovapeneira.gal\/index.php\/2024\/09\/12\/regades-denuncia-o-intento-da-xunta-de-colar-unha-suba-brutal-dun-64-no-canon-de-sogama-que-vai-disparar-os-recibos-municipais-do-lixo\/","og_locale":"gl_ES","og_type":"article","og_title":"Regades denuncia o intento da xunta de \u201ccolar\u201d unha suba brutal dun 64% no canon de Sogama que vai disparar os recibos municipais do lixo -","og_description":"O PSdeG-PSOE presentar\u00e1 moci\u00f3ns nos 61 concellos da provincia e na Deputaci\u00f3n \u201cpara que os alcaldes e alcaldesas do PP se retraten\u201d [...]","og_url":"https:\/\/www.anovapeneira.gal\/index.php\/2024\/09\/12\/regades-denuncia-o-intento-da-xunta-de-colar-unha-suba-brutal-dun-64-no-canon-de-sogama-que-vai-disparar-os-recibos-municipais-do-lixo\/","article_publisher":"https:\/\/www.facebook.com\/anovapeneira","article_published_time":"2024-09-12T08:00:09+00:00","og_image":[{"width":1200,"height":1200,"url":"https:\/\/www.anovapeneira.gal\/wp-content\/uploads\/2024\/01\/Logo_PSdeG.svg_.png","type":"image\/png"}],"author":"Redacci\u00f3n A Nova Peneira","twitter_card":"summary_large_image","twitter_creator":"@APeneira","twitter_site":"@APeneira","twitter_misc":{"Escrito por":"Redacci\u00f3n A Nova Peneira","Tempo de lectura":"4 minutos"},"schema":{"@context":"https:\/\/schema.org","@graph":[{"@type":"Article","@id":"https:\/\/www.anovapeneira.gal\/index.php\/2024\/09\/12\/regades-denuncia-o-intento-da-xunta-de-colar-unha-suba-brutal-dun-64-no-canon-de-sogama-que-vai-disparar-os-recibos-municipais-do-lixo\/#article","isPartOf":{"@id":"https:\/\/www.anovapeneira.gal\/index.php\/2024\/09\/12\/regades-denuncia-o-intento-da-xunta-de-colar-unha-suba-brutal-dun-64-no-canon-de-sogama-que-vai-disparar-os-recibos-municipais-do-lixo\/"},"author":{"name":"Redacci\u00f3n A Nova Peneira","@id":"https:\/\/www.anovapeneira.gal\/#\/schema\/person\/b93e3f8932e3f8da96334607eb6ac6aa"},"headline":"Regades denuncia o intento da xunta de \u201ccolar\u201d unha suba brutal dun 64% no canon de Sogama que vai disparar os recibos municipais do lixo","datePublished":"2024-09-12T08:00:09+00:00","mainEntityOfPage":{"@id":"https:\/\/www.anovapeneira.gal\/index.php\/2024\/09\/12\/regades-denuncia-o-intento-da-xunta-de-colar-unha-suba-brutal-dun-64-no-canon-de-sogama-que-vai-disparar-os-recibos-municipais-do-lixo\/"},"wordCount":613,"commentCount":0,"publisher":{"@id":"https:\/\/www.anovapeneira.gal\/#organization"},"image":{"@id":"https:\/\/www.anovapeneira.gal\/index.php\/2024\/09\/12\/regades-denuncia-o-intento-da-xunta-de-colar-unha-suba-brutal-dun-64-no-canon-de-sogama-que-vai-disparar-os-recibos-municipais-do-lixo\/#primaryimage"},"thumbnailUrl":"https:\/\/www.anovapeneira.gal\/wp-content\/uploads\/2024\/01\/Logo_PSdeG.svg_.png","keywords":["Deputaci\u00f3n Pontevedra"],"articleSection":["Novas"],"inLanguage":"gl-ES","potentialAction":[{"@type":"CommentAction","name":"Comment","target":["https:\/\/www.anovapeneira.gal\/index.php\/2024\/09\/12\/regades-denuncia-o-intento-da-xunta-de-colar-unha-suba-brutal-dun-64-no-canon-de-sogama-que-vai-disparar-os-recibos-municipais-do-lixo\/#respond"]}]},{"@type":"WebPage","@id":"https:\/\/www.anovapeneira.gal\/index.php\/2024\/09\/12\/regades-denuncia-o-intento-da-xunta-de-colar-unha-suba-brutal-dun-64-no-canon-de-sogama-que-vai-disparar-os-recibos-municipais-do-lixo\/","url":"https:\/\/www.anovapeneira.gal\/index.php\/2024\/09\/12\/regades-denuncia-o-intento-da-xunta-de-colar-unha-suba-brutal-dun-64-no-canon-de-sogama-que-vai-disparar-os-recibos-municipais-do-lixo\/","name":"Regades denuncia o intento da xunta de \u201ccolar\u201d unha suba brutal dun 64% no canon de Sogama que vai disparar os recibos municipais do lixo -","isPartOf":{"@id":"https:\/\/www.anovapeneira.gal\/#website"},"primaryImageOfPage":{"@id":"https:\/\/www.anovapeneira.gal\/index.php\/2024\/09\/12\/regades-denuncia-o-intento-da-xunta-de-colar-unha-suba-brutal-dun-64-no-canon-de-sogama-que-vai-disparar-os-recibos-municipais-do-lixo\/#primaryimage"},"image":{"@id":"https:\/\/www.anovapeneira.gal\/index.php\/2024\/09\/12\/regades-denuncia-o-intento-da-xunta-de-colar-unha-suba-brutal-dun-64-no-canon-de-sogama-que-vai-disparar-os-recibos-municipais-do-lixo\/#primaryimage"},"thumbnailUrl":"https:\/\/www.anovapeneira.gal\/wp-content\/uploads\/2024\/01\/Logo_PSdeG.svg_.png","datePublished":"2024-09-12T08:00:09+00:00","breadcrumb":{"@id":"https:\/\/www.anovapeneira.gal\/index.php\/2024\/09\/12\/regades-denuncia-o-intento-da-xunta-de-colar-unha-suba-brutal-dun-64-no-canon-de-sogama-que-vai-disparar-os-recibos-municipais-do-lixo\/#breadcrumb"},"inLanguage":"gl-ES","potentialAction":[{"@type":"ReadAction","target":["https:\/\/www.anovapeneira.gal\/index.php\/2024\/09\/12\/regades-denuncia-o-intento-da-xunta-de-colar-unha-suba-brutal-dun-64-no-canon-de-sogama-que-vai-disparar-os-recibos-municipais-do-lixo\/"]}]},{"@type":"ImageObject","inLanguage":"gl-ES","@id":"https:\/\/www.anovapeneira.gal\/index.php\/2024\/09\/12\/regades-denuncia-o-intento-da-xunta-de-colar-unha-suba-brutal-dun-64-no-canon-de-sogama-que-vai-disparar-os-recibos-municipais-do-lixo\/#primaryimage","url":"https:\/\/www.anovapeneira.gal\/wp-content\/uploads\/2024\/01\/Logo_PSdeG.svg_.png","contentUrl":"https:\/\/www.anovapeneira.gal\/wp-content\/uploads\/2024\/01\/Logo_PSdeG.svg_.png","width":1200,"height":1200,"caption":"PSdeG PSOE"},{"@type":"BreadcrumbList","@id":"https:\/\/www.anovapeneira.gal\/index.php\/2024\/09\/12\/regades-denuncia-o-intento-da-xunta-de-colar-unha-suba-brutal-dun-64-no-canon-de-sogama-que-vai-disparar-os-recibos-municipais-do-lixo\/#breadcrumb","itemListElement":[{"@type":"ListItem","position":1,"name":"Portada","item":"https:\/\/www.anovapeneira.gal\/"},{"@type":"ListItem","position":2,"name":"Regades denuncia o intento da xunta de \u201ccolar\u201d unha suba brutal dun 64% no canon de Sogama que vai disparar os recibos municipais do lixo"}]},{"@type":"WebSite","@id":"https:\/\/www.anovapeneira.gal\/#website","url":"https:\/\/www.anovapeneira.gal\/","name":"","description":"Xornal galego de informaci\u00f3n xeral Publicaci\u00f3n mensual de novas de Galicia e en especial dos Concellos da sur da provincia de Pontevedra.","publisher":{"@id":"https:\/\/www.anovapeneira.gal\/#organization"},"potentialAction":[{"@type":"SearchAction","target":{"@type":"EntryPoint","urlTemplate":"https:\/\/www.anovapeneira.gal\/?s={search_term_string}"},"query-input":{"@type":"PropertyValueSpecification","valueRequired":true,"valueName":"search_term_string"}}],"inLanguage":"gl-ES"},{"@type":"Organization","@id":"https:\/\/www.anovapeneira.gal\/#organization","name":"A Nova Peneira","url":"https:\/\/www.anovapeneira.gal\/","logo":{"@type":"ImageObject","inLanguage":"gl-ES","@id":"https:\/\/www.anovapeneira.gal\/#\/schema\/logo\/image\/","url":"http:\/\/www.anovapeneira.gal\/wp-content\/uploads\/2019\/06\/logo_a_nova_peneira_portal_web.png","contentUrl":"http:\/\/www.anovapeneira.gal\/wp-content\/uploads\/2019\/06\/logo_a_nova_peneira_portal_web.png","width":300,"height":100,"caption":"A Nova Peneira"},"image":{"@id":"https:\/\/www.anovapeneira.gal\/#\/schema\/logo\/image\/"},"sameAs":["https:\/\/www.facebook.com\/anovapeneira","https:\/\/x.com\/APeneira"]},{"@type":"Person","@id":"https:\/\/www.anovapeneira.gal\/#\/schema\/person\/b93e3f8932e3f8da96334607eb6ac6aa","name":"Redacci\u00f3n A Nova Peneira","image":{"@type":"ImageObject","inLanguage":"gl-ES","@id":"https:\/\/secure.gravatar.com\/avatar\/c052a2551a06e23fac63626232eaa90abd78dbcf1700fc46a2b2c89fd27b735f?s=96&d=mm&r=g","url":"https:\/\/secure.gravatar.com\/avatar\/c052a2551a06e23fac63626232eaa90abd78dbcf1700fc46a2b2c89fd27b735f?s=96&d=mm&r=g","contentUrl":"https:\/\/secure.gravatar.com\/avatar\/c052a2551a06e23fac63626232eaa90abd78dbcf1700fc46a2b2c89fd27b735f?s=96&d=mm&r=g","caption":"Redacci\u00f3n A Nova Peneira"},"sameAs":["http:\/\/www.anovapeneira.gal\/"],"url":"https:\/\/www.anovapeneira.gal\/index.php\/author\/redactor\/"}]}},"jetpack_featured_media_url":"https:\/\/www.anovapeneira.gal\/wp-content\/uploads\/2024\/01\/Logo_PSdeG.svg_.png","_links":{"self":[{"href":"https:\/\/www.anovapeneira.gal\/index.php\/wp-json\/wp\/v2\/posts\/12395","targetHints":{"allow":["GET"]}}],"collection":[{"href":"https:\/\/www.anovapeneira.gal\/index.php\/wp-json\/wp\/v2\/posts"}],"about":[{"href":"https:\/\/www.anovapeneira.gal\/index.php\/wp-json\/wp\/v2\/types\/post"}],"author":[{"embeddable":true,"href":"https:\/\/www.anovapeneira.gal\/index.php\/wp-json\/wp\/v2\/users\/3"}],"replies":[{"embeddable":true,"href":"https:\/\/www.anovapeneira.gal\/index.php\/wp-json\/wp\/v2\/comments?post=12395"}],"version-history":[{"count":2,"href":"https:\/\/www.anovapeneira.gal\/index.php\/wp-json\/wp\/v2\/posts\/12395\/revisions"}],"predecessor-version":[{"id":12397,"href":"https:\/\/www.anovapeneira.gal\/index.php\/wp-json\/wp\/v2\/posts\/12395\/revisions\/12397"}],"wp:featuredmedia":[{"embeddable":true,"href":"https:\/\/www.anovapeneira.gal\/index.php\/wp-json\/wp\/v2\/media\/11068"}],"wp:attachment":[{"href":"https:\/\/www.anovapeneira.gal\/index.php\/wp-json\/wp\/v2\/media?parent=12395"}],"wp:term":[{"taxonomy":"category","embeddable":true,"href":"https:\/\/www.anovapeneira.gal\/index.php\/wp-json\/wp\/v2\/categories?post=12395"},{"taxonomy":"post_tag","embeddable":true,"href":"https:\/\/www.anovapeneira.gal\/index.php\/wp-json\/wp\/v2\/tags?post=12395"}],"curies":[{"name":"wp","href":"https:\/\/api.w.org\/{rel}","templated":true}]}}