{"id":12398,"date":"2024-09-12T12:00:31","date_gmt":"2024-09-12T10:00:31","guid":{"rendered":"https:\/\/www.anovapeneira.gal\/?p=12398"},"modified":"2024-09-10T12:50:18","modified_gmt":"2024-09-10T10:50:18","slug":"o-bng-afirma-que-o-transporte-de-bacharelato-en-redondela-esta-garantido","status":"publish","type":"post","link":"https:\/\/www.anovapeneira.gal\/index.php\/2024\/09\/12\/o-bng-afirma-que-o-transporte-de-bacharelato-en-redondela-esta-garantido\/","title":{"rendered":"O BNG afirma que o transporte de bacharelato en Redondela est\u00e1 garantido"},"content":{"rendered":"\n<h2 class=\"wp-block-heading\"><em><strong>Xo\u00e1n Carlos Gonz\u00e1lez, \u201cacordamos co goberno de Digna Rivas costear este servizo co IBI da Autoestrada\u201d.<\/strong><\/em><\/h2>\n\n\n\n<p>Ante as informaci\u00f3ns verquidas en diversos medios sobre o risco de que 80 alumnos e alumnas de bacherelato de Redondela queden sen transporte escolar, dende o Bloque Nacionalista Galego queren transmitir \u00e1s familias unha mensaxe de tranquilidade. Negociouse hai varios meses cunha proposta que a organizaci\u00f3n nacionalista considerou realiz\u00e1bel e positiva. O alumnado das parroquias de Redondela que cursa bacharelato t\u00e9n garantido o transporte.<\/p>\n\n\n\n<p>Segundo o voceiro do BNG Xo\u00e1n Carlos Gonz\u00e1lez, \u201cacordamos co goberno de Digna Rivas que se invertiran os 140.000\u20ac que o concello recadar\u00e1 polo IBI da Autoestrada para solucionar o problema do transporte do bacharelato\u201d. Deste xeito d\u00e1base cunha soluci\u00f3n \u201ctemporal\u201d, posto que se trata dun servizo que compete \u00e1 Xunta.<\/p>\n\n\n\n<p>Segundo anunciou, \u201cxa se realizaron varios encontros cos aut\u00f3nomos do taxi inici\u00e1ronse cunha boa disposici\u00f3n a chegar a acordo\u201d. Dispor\u00edase do n\u00famero de taxis necesarios para cubrir o servizo e que os 80 mozos e mozas puideran asistir \u00e1s clases de bacharelato sen maiores problemas. Quedaban pequenos axustes como o n\u00famero final de usuarios e usuarias, e as li\u00f1as do transporte.<\/p>\n\n\n\n<p>Os c\u00e1lculos que manexan dende a organizaci\u00f3n nacionalista ronda os 60.000\u20ac ano sendo necesarios uns vinte taxis. \u201cAnte o desinterese da Xunta polo ensino p\u00fablico en Redondela, o BNG atopou unha soluci\u00f3n\u201d, insist\u00edu. Non renuncian a seguir presentando iniciativas para que o goberno galego subvencione o transporte de bacharelato, \u201ce non sexan os concellos quen paguen servizos que non lle corresponden\u201d, afirma Gonz\u00e1lez.<\/p>\n\n\n\n<p>Destaca a actitude dialongante e constructiva do BNG \u201c frente a quen nos acusa de querer boicotear ao goberno de Redondela\u201d, sinala o voceiro nacionalista. Sorpr\u00e9ndelle a pol\u00e9mica \u201cest\u00e9ril\u201d creada nestes d\u00edas \u201cpois este \u00e9 un tema que xa se repite todos os anos\u201d.<\/p>\n","protected":false},"excerpt":{"rendered":"<div class=\"mh-excerpt\"><p>Xo\u00e1n Carlos Gonz\u00e1lez, \u201cacordamos co goberno de Digna Rivas costear este servizo co IBI da Autoestrada\u201d. <a class=\"mh-excerpt-more\" href=\"https:\/\/www.anovapeneira.gal\/index.php\/2024\/09\/12\/o-bng-afirma-que-o-transporte-de-bacharelato-en-redondela-esta-garantido\/\" title=\"O BNG afirma que o transporte de bacharelato en Redondela est\u00e1 garantido\">[&#8230;]<\/a><\/p>\n<\/div>","protected":false},"author":3,"featured_media":10484,"comment_status":"open","ping_status":"open","sticky":false,"template":"","format":"standard","meta":{"_exactmetrics_skip_tracking":false,"_exactmetrics_sitenote_active":false,"_exactmetrics_sitenote_note":"","_exactmetrics_sitenote_category":0,"footnotes":""},"categories":[24],"tags":[171],"class_list":{"0":"post-12398","1":"post","2":"type-post","3":"status-publish","4":"format-standard","5":"has-post-thumbnail","7":"category-redondela","8":"tag-concello-de-redondela"},"yoast_head":"<!-- This site is optimized with the Yoast SEO plugin v27.4 - https:\/\/yoast.com\/product\/yoast-seo-wordpress\/ -->\n<title>O BNG afirma que o transporte de bacharelato en Redondela est\u00e1 garantido -<\/title>\n<meta name=\"robots\" content=\"index, follow, max-snippet:-1, max-image-preview:large, max-video-preview:-1\" \/>\n<link rel=\"canonical\" href=\"https:\/\/www.anovapeneira.gal\/index.php\/2024\/09\/12\/o-bng-afirma-que-o-transporte-de-bacharelato-en-redondela-esta-garantido\/\" \/>\n<meta property=\"og:locale\" content=\"gl_ES\" \/>\n<meta property=\"og:type\" content=\"article\" \/>\n<meta property=\"og:title\" content=\"O BNG afirma que o transporte de bacharelato en Redondela est\u00e1 garantido -\" \/>\n<meta property=\"og:description\" content=\"Xo\u00e1n Carlos Gonz\u00e1lez, \u201cacordamos co goberno de Digna Rivas costear este servizo co IBI da Autoestrada\u201d. [...]\" \/>\n<meta property=\"og:url\" content=\"https:\/\/www.anovapeneira.gal\/index.php\/2024\/09\/12\/o-bng-afirma-que-o-transporte-de-bacharelato-en-redondela-esta-garantido\/\" \/>\n<meta property=\"article:publisher\" content=\"https:\/\/www.facebook.com\/anovapeneira\" \/>\n<meta property=\"article:published_time\" content=\"2024-09-12T10:00:31+00:00\" \/>\n<meta property=\"og:image\" content=\"https:\/\/www.anovapeneira.gal\/wp-content\/uploads\/2023\/09\/xoan_carlos_bng.jpg\" \/>\n\t<meta property=\"og:image:width\" content=\"720\" \/>\n\t<meta property=\"og:image:height\" content=\"432\" \/>\n\t<meta property=\"og:image:type\" content=\"image\/jpeg\" \/>\n<meta name=\"author\" content=\"Redacci\u00f3n A Nova Peneira\" \/>\n<meta name=\"twitter:card\" content=\"summary_large_image\" \/>\n<meta name=\"twitter:creator\" content=\"@APeneira\" \/>\n<meta name=\"twitter:site\" content=\"@APeneira\" \/>\n<meta name=\"twitter:label1\" content=\"Escrito por\" \/>\n\t<meta name=\"twitter:data1\" content=\"Redacci\u00f3n A Nova Peneira\" \/>\n\t<meta name=\"twitter:label2\" content=\"Tempo de lectura\" \/>\n\t<meta name=\"twitter:data2\" content=\"2 minutos\" \/>\n<script type=\"application\/ld+json\" class=\"yoast-schema-graph\">{\"@context\":\"https:\\\/\\\/schema.org\",\"@graph\":[{\"@type\":\"Article\",\"@id\":\"https:\\\/\\\/www.anovapeneira.gal\\\/index.php\\\/2024\\\/09\\\/12\\\/o-bng-afirma-que-o-transporte-de-bacharelato-en-redondela-esta-garantido\\\/#article\",\"isPartOf\":{\"@id\":\"https:\\\/\\\/www.anovapeneira.gal\\\/index.php\\\/2024\\\/09\\\/12\\\/o-bng-afirma-que-o-transporte-de-bacharelato-en-redondela-esta-garantido\\\/\"},\"author\":{\"name\":\"Redacci\u00f3n A Nova Peneira\",\"@id\":\"https:\\\/\\\/www.anovapeneira.gal\\\/#\\\/schema\\\/person\\\/b93e3f8932e3f8da96334607eb6ac6aa\"},\"headline\":\"O BNG afirma que o transporte de bacharelato en Redondela est\u00e1 garantido\",\"datePublished\":\"2024-09-12T10:00:31+00:00\",\"mainEntityOfPage\":{\"@id\":\"https:\\\/\\\/www.anovapeneira.gal\\\/index.php\\\/2024\\\/09\\\/12\\\/o-bng-afirma-que-o-transporte-de-bacharelato-en-redondela-esta-garantido\\\/\"},\"wordCount\":331,\"commentCount\":0,\"publisher\":{\"@id\":\"https:\\\/\\\/www.anovapeneira.gal\\\/#organization\"},\"image\":{\"@id\":\"https:\\\/\\\/www.anovapeneira.gal\\\/index.php\\\/2024\\\/09\\\/12\\\/o-bng-afirma-que-o-transporte-de-bacharelato-en-redondela-esta-garantido\\\/#primaryimage\"},\"thumbnailUrl\":\"https:\\\/\\\/www.anovapeneira.gal\\\/wp-content\\\/uploads\\\/2023\\\/09\\\/xoan_carlos_bng.jpg\",\"keywords\":[\"Concello de Redondela\"],\"articleSection\":[\"Redondela\"],\"inLanguage\":\"gl-ES\",\"potentialAction\":[{\"@type\":\"CommentAction\",\"name\":\"Comment\",\"target\":[\"https:\\\/\\\/www.anovapeneira.gal\\\/index.php\\\/2024\\\/09\\\/12\\\/o-bng-afirma-que-o-transporte-de-bacharelato-en-redondela-esta-garantido\\\/#respond\"]}]},{\"@type\":\"WebPage\",\"@id\":\"https:\\\/\\\/www.anovapeneira.gal\\\/index.php\\\/2024\\\/09\\\/12\\\/o-bng-afirma-que-o-transporte-de-bacharelato-en-redondela-esta-garantido\\\/\",\"url\":\"https:\\\/\\\/www.anovapeneira.gal\\\/index.php\\\/2024\\\/09\\\/12\\\/o-bng-afirma-que-o-transporte-de-bacharelato-en-redondela-esta-garantido\\\/\",\"name\":\"O BNG afirma que o transporte de bacharelato en Redondela est\u00e1 garantido -\",\"isPartOf\":{\"@id\":\"https:\\\/\\\/www.anovapeneira.gal\\\/#website\"},\"primaryImageOfPage\":{\"@id\":\"https:\\\/\\\/www.anovapeneira.gal\\\/index.php\\\/2024\\\/09\\\/12\\\/o-bng-afirma-que-o-transporte-de-bacharelato-en-redondela-esta-garantido\\\/#primaryimage\"},\"image\":{\"@id\":\"https:\\\/\\\/www.anovapeneira.gal\\\/index.php\\\/2024\\\/09\\\/12\\\/o-bng-afirma-que-o-transporte-de-bacharelato-en-redondela-esta-garantido\\\/#primaryimage\"},\"thumbnailUrl\":\"https:\\\/\\\/www.anovapeneira.gal\\\/wp-content\\\/uploads\\\/2023\\\/09\\\/xoan_carlos_bng.jpg\",\"datePublished\":\"2024-09-12T10:00:31+00:00\",\"breadcrumb\":{\"@id\":\"https:\\\/\\\/www.anovapeneira.gal\\\/index.php\\\/2024\\\/09\\\/12\\\/o-bng-afirma-que-o-transporte-de-bacharelato-en-redondela-esta-garantido\\\/#breadcrumb\"},\"inLanguage\":\"gl-ES\",\"potentialAction\":[{\"@type\":\"ReadAction\",\"target\":[\"https:\\\/\\\/www.anovapeneira.gal\\\/index.php\\\/2024\\\/09\\\/12\\\/o-bng-afirma-que-o-transporte-de-bacharelato-en-redondela-esta-garantido\\\/\"]}]},{\"@type\":\"ImageObject\",\"inLanguage\":\"gl-ES\",\"@id\":\"https:\\\/\\\/www.anovapeneira.gal\\\/index.php\\\/2024\\\/09\\\/12\\\/o-bng-afirma-que-o-transporte-de-bacharelato-en-redondela-esta-garantido\\\/#primaryimage\",\"url\":\"https:\\\/\\\/www.anovapeneira.gal\\\/wp-content\\\/uploads\\\/2023\\\/09\\\/xoan_carlos_bng.jpg\",\"contentUrl\":\"https:\\\/\\\/www.anovapeneira.gal\\\/wp-content\\\/uploads\\\/2023\\\/09\\\/xoan_carlos_bng.jpg\",\"width\":720,\"height\":432,\"caption\":\"Xo\u00e1n Carlos BNG Redondela\"},{\"@type\":\"BreadcrumbList\",\"@id\":\"https:\\\/\\\/www.anovapeneira.gal\\\/index.php\\\/2024\\\/09\\\/12\\\/o-bng-afirma-que-o-transporte-de-bacharelato-en-redondela-esta-garantido\\\/#breadcrumb\",\"itemListElement\":[{\"@type\":\"ListItem\",\"position\":1,\"name\":\"Portada\",\"item\":\"https:\\\/\\\/www.anovapeneira.gal\\\/\"},{\"@type\":\"ListItem\",\"position\":2,\"name\":\"O BNG afirma que o transporte de bacharelato en Redondela est\u00e1 garantido\"}]},{\"@type\":\"WebSite\",\"@id\":\"https:\\\/\\\/www.anovapeneira.gal\\\/#website\",\"url\":\"https:\\\/\\\/www.anovapeneira.gal\\\/\",\"name\":\"\",\"description\":\"Xornal galego de informaci\u00f3n xeral Publicaci\u00f3n mensual de novas de Galicia e en especial dos Concellos da sur da provincia de Pontevedra.\",\"publisher\":{\"@id\":\"https:\\\/\\\/www.anovapeneira.gal\\\/#organization\"},\"potentialAction\":[{\"@type\":\"SearchAction\",\"target\":{\"@type\":\"EntryPoint\",\"urlTemplate\":\"https:\\\/\\\/www.anovapeneira.gal\\\/?s={search_term_string}\"},\"query-input\":{\"@type\":\"PropertyValueSpecification\",\"valueRequired\":true,\"valueName\":\"search_term_string\"}}],\"inLanguage\":\"gl-ES\"},{\"@type\":\"Organization\",\"@id\":\"https:\\\/\\\/www.anovapeneira.gal\\\/#organization\",\"name\":\"A Nova Peneira\",\"url\":\"https:\\\/\\\/www.anovapeneira.gal\\\/\",\"logo\":{\"@type\":\"ImageObject\",\"inLanguage\":\"gl-ES\",\"@id\":\"https:\\\/\\\/www.anovapeneira.gal\\\/#\\\/schema\\\/logo\\\/image\\\/\",\"url\":\"http:\\\/\\\/www.anovapeneira.gal\\\/wp-content\\\/uploads\\\/2019\\\/06\\\/logo_a_nova_peneira_portal_web.png\",\"contentUrl\":\"http:\\\/\\\/www.anovapeneira.gal\\\/wp-content\\\/uploads\\\/2019\\\/06\\\/logo_a_nova_peneira_portal_web.png\",\"width\":300,\"height\":100,\"caption\":\"A Nova Peneira\"},\"image\":{\"@id\":\"https:\\\/\\\/www.anovapeneira.gal\\\/#\\\/schema\\\/logo\\\/image\\\/\"},\"sameAs\":[\"https:\\\/\\\/www.facebook.com\\\/anovapeneira\",\"https:\\\/\\\/x.com\\\/APeneira\"]},{\"@type\":\"Person\",\"@id\":\"https:\\\/\\\/www.anovapeneira.gal\\\/#\\\/schema\\\/person\\\/b93e3f8932e3f8da96334607eb6ac6aa\",\"name\":\"Redacci\u00f3n A Nova Peneira\",\"image\":{\"@type\":\"ImageObject\",\"inLanguage\":\"gl-ES\",\"@id\":\"https:\\\/\\\/secure.gravatar.com\\\/avatar\\\/c052a2551a06e23fac63626232eaa90abd78dbcf1700fc46a2b2c89fd27b735f?s=96&d=mm&r=g\",\"url\":\"https:\\\/\\\/secure.gravatar.com\\\/avatar\\\/c052a2551a06e23fac63626232eaa90abd78dbcf1700fc46a2b2c89fd27b735f?s=96&d=mm&r=g\",\"contentUrl\":\"https:\\\/\\\/secure.gravatar.com\\\/avatar\\\/c052a2551a06e23fac63626232eaa90abd78dbcf1700fc46a2b2c89fd27b735f?s=96&d=mm&r=g\",\"caption\":\"Redacci\u00f3n A Nova Peneira\"},\"sameAs\":[\"http:\\\/\\\/www.anovapeneira.gal\\\/\"],\"url\":\"https:\\\/\\\/www.anovapeneira.gal\\\/index.php\\\/author\\\/redactor\\\/\"}]}<\/script>\n<!-- \/ Yoast SEO plugin. -->","yoast_head_json":{"title":"O BNG afirma que o transporte de bacharelato en Redondela est\u00e1 garantido -","robots":{"index":"index","follow":"follow","max-snippet":"max-snippet:-1","max-image-preview":"max-image-preview:large","max-video-preview":"max-video-preview:-1"},"canonical":"https:\/\/www.anovapeneira.gal\/index.php\/2024\/09\/12\/o-bng-afirma-que-o-transporte-de-bacharelato-en-redondela-esta-garantido\/","og_locale":"gl_ES","og_type":"article","og_title":"O BNG afirma que o transporte de bacharelato en Redondela est\u00e1 garantido -","og_description":"Xo\u00e1n Carlos Gonz\u00e1lez, \u201cacordamos co goberno de Digna Rivas costear este servizo co IBI da Autoestrada\u201d. [...]","og_url":"https:\/\/www.anovapeneira.gal\/index.php\/2024\/09\/12\/o-bng-afirma-que-o-transporte-de-bacharelato-en-redondela-esta-garantido\/","article_publisher":"https:\/\/www.facebook.com\/anovapeneira","article_published_time":"2024-09-12T10:00:31+00:00","og_image":[{"width":720,"height":432,"url":"https:\/\/www.anovapeneira.gal\/wp-content\/uploads\/2023\/09\/xoan_carlos_bng.jpg","type":"image\/jpeg"}],"author":"Redacci\u00f3n A Nova Peneira","twitter_card":"summary_large_image","twitter_creator":"@APeneira","twitter_site":"@APeneira","twitter_misc":{"Escrito por":"Redacci\u00f3n A Nova Peneira","Tempo de lectura":"2 minutos"},"schema":{"@context":"https:\/\/schema.org","@graph":[{"@type":"Article","@id":"https:\/\/www.anovapeneira.gal\/index.php\/2024\/09\/12\/o-bng-afirma-que-o-transporte-de-bacharelato-en-redondela-esta-garantido\/#article","isPartOf":{"@id":"https:\/\/www.anovapeneira.gal\/index.php\/2024\/09\/12\/o-bng-afirma-que-o-transporte-de-bacharelato-en-redondela-esta-garantido\/"},"author":{"name":"Redacci\u00f3n A Nova Peneira","@id":"https:\/\/www.anovapeneira.gal\/#\/schema\/person\/b93e3f8932e3f8da96334607eb6ac6aa"},"headline":"O BNG afirma que o transporte de bacharelato en Redondela est\u00e1 garantido","datePublished":"2024-09-12T10:00:31+00:00","mainEntityOfPage":{"@id":"https:\/\/www.anovapeneira.gal\/index.php\/2024\/09\/12\/o-bng-afirma-que-o-transporte-de-bacharelato-en-redondela-esta-garantido\/"},"wordCount":331,"commentCount":0,"publisher":{"@id":"https:\/\/www.anovapeneira.gal\/#organization"},"image":{"@id":"https:\/\/www.anovapeneira.gal\/index.php\/2024\/09\/12\/o-bng-afirma-que-o-transporte-de-bacharelato-en-redondela-esta-garantido\/#primaryimage"},"thumbnailUrl":"https:\/\/www.anovapeneira.gal\/wp-content\/uploads\/2023\/09\/xoan_carlos_bng.jpg","keywords":["Concello de Redondela"],"articleSection":["Redondela"],"inLanguage":"gl-ES","potentialAction":[{"@type":"CommentAction","name":"Comment","target":["https:\/\/www.anovapeneira.gal\/index.php\/2024\/09\/12\/o-bng-afirma-que-o-transporte-de-bacharelato-en-redondela-esta-garantido\/#respond"]}]},{"@type":"WebPage","@id":"https:\/\/www.anovapeneira.gal\/index.php\/2024\/09\/12\/o-bng-afirma-que-o-transporte-de-bacharelato-en-redondela-esta-garantido\/","url":"https:\/\/www.anovapeneira.gal\/index.php\/2024\/09\/12\/o-bng-afirma-que-o-transporte-de-bacharelato-en-redondela-esta-garantido\/","name":"O BNG afirma que o transporte de bacharelato en Redondela est\u00e1 garantido -","isPartOf":{"@id":"https:\/\/www.anovapeneira.gal\/#website"},"primaryImageOfPage":{"@id":"https:\/\/www.anovapeneira.gal\/index.php\/2024\/09\/12\/o-bng-afirma-que-o-transporte-de-bacharelato-en-redondela-esta-garantido\/#primaryimage"},"image":{"@id":"https:\/\/www.anovapeneira.gal\/index.php\/2024\/09\/12\/o-bng-afirma-que-o-transporte-de-bacharelato-en-redondela-esta-garantido\/#primaryimage"},"thumbnailUrl":"https:\/\/www.anovapeneira.gal\/wp-content\/uploads\/2023\/09\/xoan_carlos_bng.jpg","datePublished":"2024-09-12T10:00:31+00:00","breadcrumb":{"@id":"https:\/\/www.anovapeneira.gal\/index.php\/2024\/09\/12\/o-bng-afirma-que-o-transporte-de-bacharelato-en-redondela-esta-garantido\/#breadcrumb"},"inLanguage":"gl-ES","potentialAction":[{"@type":"ReadAction","target":["https:\/\/www.anovapeneira.gal\/index.php\/2024\/09\/12\/o-bng-afirma-que-o-transporte-de-bacharelato-en-redondela-esta-garantido\/"]}]},{"@type":"ImageObject","inLanguage":"gl-ES","@id":"https:\/\/www.anovapeneira.gal\/index.php\/2024\/09\/12\/o-bng-afirma-que-o-transporte-de-bacharelato-en-redondela-esta-garantido\/#primaryimage","url":"https:\/\/www.anovapeneira.gal\/wp-content\/uploads\/2023\/09\/xoan_carlos_bng.jpg","contentUrl":"https:\/\/www.anovapeneira.gal\/wp-content\/uploads\/2023\/09\/xoan_carlos_bng.jpg","width":720,"height":432,"caption":"Xo\u00e1n Carlos BNG Redondela"},{"@type":"BreadcrumbList","@id":"https:\/\/www.anovapeneira.gal\/index.php\/2024\/09\/12\/o-bng-afirma-que-o-transporte-de-bacharelato-en-redondela-esta-garantido\/#breadcrumb","itemListElement":[{"@type":"ListItem","position":1,"name":"Portada","item":"https:\/\/www.anovapeneira.gal\/"},{"@type":"ListItem","position":2,"name":"O BNG afirma que o transporte de bacharelato en Redondela est\u00e1 garantido"}]},{"@type":"WebSite","@id":"https:\/\/www.anovapeneira.gal\/#website","url":"https:\/\/www.anovapeneira.gal\/","name":"","description":"Xornal galego de informaci\u00f3n xeral Publicaci\u00f3n mensual de novas de Galicia e en especial dos Concellos da sur da provincia de Pontevedra.","publisher":{"@id":"https:\/\/www.anovapeneira.gal\/#organization"},"potentialAction":[{"@type":"SearchAction","target":{"@type":"EntryPoint","urlTemplate":"https:\/\/www.anovapeneira.gal\/?s={search_term_string}"},"query-input":{"@type":"PropertyValueSpecification","valueRequired":true,"valueName":"search_term_string"}}],"inLanguage":"gl-ES"},{"@type":"Organization","@id":"https:\/\/www.anovapeneira.gal\/#organization","name":"A Nova Peneira","url":"https:\/\/www.anovapeneira.gal\/","logo":{"@type":"ImageObject","inLanguage":"gl-ES","@id":"https:\/\/www.anovapeneira.gal\/#\/schema\/logo\/image\/","url":"http:\/\/www.anovapeneira.gal\/wp-content\/uploads\/2019\/06\/logo_a_nova_peneira_portal_web.png","contentUrl":"http:\/\/www.anovapeneira.gal\/wp-content\/uploads\/2019\/06\/logo_a_nova_peneira_portal_web.png","width":300,"height":100,"caption":"A Nova Peneira"},"image":{"@id":"https:\/\/www.anovapeneira.gal\/#\/schema\/logo\/image\/"},"sameAs":["https:\/\/www.facebook.com\/anovapeneira","https:\/\/x.com\/APeneira"]},{"@type":"Person","@id":"https:\/\/www.anovapeneira.gal\/#\/schema\/person\/b93e3f8932e3f8da96334607eb6ac6aa","name":"Redacci\u00f3n A Nova Peneira","image":{"@type":"ImageObject","inLanguage":"gl-ES","@id":"https:\/\/secure.gravatar.com\/avatar\/c052a2551a06e23fac63626232eaa90abd78dbcf1700fc46a2b2c89fd27b735f?s=96&d=mm&r=g","url":"https:\/\/secure.gravatar.com\/avatar\/c052a2551a06e23fac63626232eaa90abd78dbcf1700fc46a2b2c89fd27b735f?s=96&d=mm&r=g","contentUrl":"https:\/\/secure.gravatar.com\/avatar\/c052a2551a06e23fac63626232eaa90abd78dbcf1700fc46a2b2c89fd27b735f?s=96&d=mm&r=g","caption":"Redacci\u00f3n A Nova Peneira"},"sameAs":["http:\/\/www.anovapeneira.gal\/"],"url":"https:\/\/www.anovapeneira.gal\/index.php\/author\/redactor\/"}]}},"jetpack_featured_media_url":"https:\/\/www.anovapeneira.gal\/wp-content\/uploads\/2023\/09\/xoan_carlos_bng.jpg","_links":{"self":[{"href":"https:\/\/www.anovapeneira.gal\/index.php\/wp-json\/wp\/v2\/posts\/12398","targetHints":{"allow":["GET"]}}],"collection":[{"href":"https:\/\/www.anovapeneira.gal\/index.php\/wp-json\/wp\/v2\/posts"}],"about":[{"href":"https:\/\/www.anovapeneira.gal\/index.php\/wp-json\/wp\/v2\/types\/post"}],"author":[{"embeddable":true,"href":"https:\/\/www.anovapeneira.gal\/index.php\/wp-json\/wp\/v2\/users\/3"}],"replies":[{"embeddable":true,"href":"https:\/\/www.anovapeneira.gal\/index.php\/wp-json\/wp\/v2\/comments?post=12398"}],"version-history":[{"count":2,"href":"https:\/\/www.anovapeneira.gal\/index.php\/wp-json\/wp\/v2\/posts\/12398\/revisions"}],"predecessor-version":[{"id":12400,"href":"https:\/\/www.anovapeneira.gal\/index.php\/wp-json\/wp\/v2\/posts\/12398\/revisions\/12400"}],"wp:featuredmedia":[{"embeddable":true,"href":"https:\/\/www.anovapeneira.gal\/index.php\/wp-json\/wp\/v2\/media\/10484"}],"wp:attachment":[{"href":"https:\/\/www.anovapeneira.gal\/index.php\/wp-json\/wp\/v2\/media?parent=12398"}],"wp:term":[{"taxonomy":"category","embeddable":true,"href":"https:\/\/www.anovapeneira.gal\/index.php\/wp-json\/wp\/v2\/categories?post=12398"},{"taxonomy":"post_tag","embeddable":true,"href":"https:\/\/www.anovapeneira.gal\/index.php\/wp-json\/wp\/v2\/tags?post=12398"}],"curies":[{"name":"wp","href":"https:\/\/api.w.org\/{rel}","templated":true}]}}