{"id":12403,"date":"2024-09-13T12:00:04","date_gmt":"2024-09-13T10:00:04","guid":{"rendered":"https:\/\/www.anovapeneira.gal\/?p=12403"},"modified":"2024-09-11T12:00:27","modified_gmt":"2024-09-11T10:00:27","slug":"por-unha-internacional-deportiva-de-clase","status":"publish","type":"post","link":"https:\/\/www.anovapeneira.gal\/index.php\/2024\/09\/13\/por-unha-internacional-deportiva-de-clase\/","title":{"rendered":"Por unha internacional deportiva de clase"},"content":{"rendered":"\n<figure class=\"wp-block-image size-full is-resized\"><img loading=\"lazy\" decoding=\"async\" width=\"190\" height=\"222\" src=\"https:\/\/www.anovapeneira.gal\/wp-content\/uploads\/2019\/07\/moncho_lareu_a_nova_peneira_bn.jpg\" alt=\"\" class=\"wp-image-751\" style=\"width:95px;height:auto\"\/><figcaption class=\"wp-element-caption\">Moncho Lareu. Militante independista<\/figcaption><\/figure>\n\n\n\n<p>Durante a celebraci\u00f3n das recentes Olimp\u00edadas de Par\u00eds 2024 volvemos comprobar a obscena politizaci\u00f3n que as oligarqu\u00edas do Occidente capitalista fan dos xogos ol\u00edmpicos modernos dende a creaci\u00f3n dos mesmos a finais do XIX: corrupci\u00f3n, comisionismo e clientelismo na escolla da sede; fomento de modalidades deportivas nas que destacan os estados occidentais e capitalistas (<em>breakdance, <\/em><em>surf, <\/em>monopatinaxe) en detrimento dos deportes dominados polos estados do sur global e os socialistas; diferente tratamento nos controis antidopaxe entre, por exemplo, os deportistas dos Estados Unidos e os da Rep\u00fablica Popular China; prohibici\u00f3n da participaci\u00f3n da delegaci\u00f3n da Federaci\u00f3n Rusa e de Belar\u00fas pero non da do Estado de Israel, protagonista do maior xenocidio do que vai de s\u00e9culo XXI; e un longo e aldraxante etc\u00e9tera.<\/p>\n\n\n\n<p>Como avanzabamos, esta politizaci\u00f3n e manipulaci\u00f3n tendenciosa dos Xogos \u00e9 algo que se puido observar sen ning\u00fan tipo de reparo dende a s\u00faa creaci\u00f3n. Os pais do invento ol\u00edmpico, xente da vella nobreza terratenente e da nova burgues\u00eda industrial, coid\u00e1ronse moito de crear unhas regras que afastasen ao proletariado do acceso ao deporte e, en particular, \u00e1s olimp\u00edadas, e propiciaren as\u00ed que s\u00f3 a xente das clases altas e cun alto poder adquisitivo puidesen desfrutar do mesmo.<\/p>\n\n\n\n<p>Foi as\u00ed, que dende moi cedo, partidos pol\u00edticos de clase, federaci\u00f3ns sindicais, gremios obreiros&#8230; e m\u00e1is tarde, os propios estados socialistas e as democracias populares, procuraron alternativas aos Xogos burgueses para vencer exclusi\u00f3ns e permitir \u00e1 clase traballadora o acceso ao deporte elevando uns valores deportivos de solidariedade e amizade fronte \u00e1 competitividade e chauvinismo dos olimpismo oficial. Repasemos, logo, algunhas destas disidencias hist\u00f3ricas:<\/p>\n\n\n\n<p><strong>Olimp\u00edadas Obreiras<\/strong>. Celebr\u00e1ronse entre 1925 e 1937 organizadas pola Internacional Deportiva Obreira Socialista (IDOS) en Fr\u00e1ncfort (1925), Viena (1931) e Amberes (1937). Tam\u00e9n se celebrou unha en Praga en 1921 que non foi organizada pola IDOS. A s\u00faa finalidade era fomentar o deporte entre a clase traballadora e oporse ao movemento ol\u00edmpico oficial ao que consideraban excesivamente nacionalista e comercial.<\/p>\n\n\n\n<p><strong>Espartaqu\u00edadas<\/strong>. Antes da II\u00aa Guera Mundial celebr\u00e1ronse d\u00faas edici\u00f3ns das mesmas organizadas pola Sportintern: Moscova (1928) e Berl\u00edn (1931). Tras a guerra, pasaron a celebrarse paralelamente \u00e1s Olimp\u00edadas burguesas entre as 15 rep\u00fablicas da Uni\u00f3n Sovi\u00e9tica, pasando a chamarse, dende 1956, <em>Espartaqu\u00edadas dos Pobos da URSS<\/em>. Tam\u00e9n exist\u00edan as Espartaqu\u00edadas da Mocidade e as Espartaqu\u00edadas dos Sindicatos.<\/p>\n\n\n\n<p><strong>Ol<\/strong><strong>i<\/strong><strong>mp\u00edada Popular<\/strong>. \u00cdase celebrar en Barcelona en 1936, organizada polo Comit\u00e8 Catal\u00e0 pro Esport Popular e pola Sportintern como alternativa antifascista aos Xogos de Berl\u00edn nos que o movemento ol\u00edmpico normalizou e deulle visibilidade internacional o r\u00e9xime nazi. Coma novidade, \u00eda contar cun equipo xudeu e coa participaci\u00f3n de naci\u00f3ns sen estado: Catalunya, Galiza, Alsacia&#8230; Foi malograda polo golpe coservador-fascista do 18 de xullo.<\/p>\n\n\n\n<p><strong>Xogos d<\/strong><strong>a<\/strong><strong> Amizade<\/strong>. Ante o boicot por parte dos Estados Unidos e dos seus pa\u00edses sat\u00e9lites aos Xogos de Moscova en 1980, a Uni\u00f3n Sovi\u00e9tica, as democracias populares e varios estados antiimperialistas de Asia, \u00c1frica e Am\u00e9rica, fixeron o propio cos Xogos de 1984. Celebr\u00e1ronse en varias sedes repartidas polos cinco continentes: Moscova, A Habana, Varna, Ulan Bator, Budapest, Vasovia, Piongyang, Rostock&#8230; Un \u00e9xito internacionalista.<\/p>\n\n\n\n<p>Catro d\u00e9cadas despois, e en resposta \u00e1 s\u00faa exclusi\u00f3n nos Xogos de Par\u00eds por motivos pol\u00edticos, a Federaci\u00f3n Rusa organizar\u00e1 uns novos Xogos da Amizade en setembro de 2024. Sen d\u00fabida, unha resposta pol\u00edtica condicionada pola xeoestratexia. Pero, non \u00e9 a exclusi\u00f3n de Rusia e Belar\u00fas tam\u00e9n unha resposta pol\u00edtica condicionada pola xeoestratexia, pola loita pola hexemon\u00eda mundial e un cap\u00edtulo m\u00e1is de \u201cpolitizaci\u00f3n do deporte\u201d nesta \u2013agora, Segunda\u2013 Guerra Fr\u00eda?<\/p>\n\n\n\n<p>Para al\u00e9n de todo isto, dende as organizaci\u00f3ns obreiras (partidos, asociaci\u00f3ns, sindicatos) coidamos, ou deberiamos coidar, que xa \u00e9 hora de recobrar a iniciativa na recuperaci\u00f3n do deporte para as clases traballadoras: dende a base, apoiando primeiro os deportes minoritarios, populares e tradicionais; e abrindo tam\u00e9n o deporte de elite, moderno e maioritario a todos e todas, sen exclusi\u00f3ns de ning\u00fan tipo.<\/p>\n\n\n\n<p>E dende a\u00ed, cami\u00f1armos cara o restablecemento de eventos multideportivos internacionais alternativos \u2013como foron no seu d\u00eda as Olimp\u00edadas populares e as Espartaqu\u00edadas\u2013 nos que poidan participar os pobos, as naci\u00f3ns sen estado e toda a clase obreira mundial, en oposici\u00f3n ao deporte-negocio, \u00e1 corrupci\u00f3n do COI e dos comit\u00e9s af\u00edns e aos sempre espurios intereses capitalistas. En definitiva, unha internacional deportiva proletaria.<\/p>\n","protected":false},"excerpt":{"rendered":"<div class=\"mh-excerpt\"><p>Durante a celebraci\u00f3n das recentes Olimp\u00edadas de Par\u00eds 2024 volvemos comprobar a obscena politizaci\u00f3n que as oligarqu\u00edas do Occidente capitalista fan dos xogos ol\u00edmpicos modernos dende a creaci\u00f3n dos mesmos a finais do XIX <a class=\"mh-excerpt-more\" href=\"https:\/\/www.anovapeneira.gal\/index.php\/2024\/09\/13\/por-unha-internacional-deportiva-de-clase\/\" title=\"Por unha internacional deportiva de clase\">[&#8230;]<\/a><\/p>\n<\/div>","protected":false},"author":20,"featured_media":584,"comment_status":"open","ping_status":"open","sticky":false,"template":"","format":"standard","meta":{"_exactmetrics_skip_tracking":false,"_exactmetrics_sitenote_active":false,"_exactmetrics_sitenote_note":"","_exactmetrics_sitenote_category":0,"footnotes":""},"categories":[7],"tags":[],"class_list":{"0":"post-12403","1":"post","2":"type-post","3":"status-publish","4":"format-standard","5":"has-post-thumbnail","7":"category-artigos-de-opinion"},"yoast_head":"<!-- This site is optimized with the Yoast SEO plugin v27.4 - https:\/\/yoast.com\/product\/yoast-seo-wordpress\/ -->\n<title>Por unha internacional deportiva de clase -<\/title>\n<meta name=\"robots\" content=\"index, follow, max-snippet:-1, max-image-preview:large, max-video-preview:-1\" \/>\n<link rel=\"canonical\" href=\"https:\/\/www.anovapeneira.gal\/index.php\/2024\/09\/13\/por-unha-internacional-deportiva-de-clase\/\" \/>\n<meta property=\"og:locale\" content=\"gl_ES\" \/>\n<meta property=\"og:type\" content=\"article\" \/>\n<meta property=\"og:title\" content=\"Por unha internacional deportiva de clase -\" \/>\n<meta property=\"og:description\" content=\"Durante a celebraci\u00f3n das recentes Olimp\u00edadas de Par\u00eds 2024 volvemos comprobar a obscena politizaci\u00f3n que as oligarqu\u00edas do Occidente capitalista fan dos xogos ol\u00edmpicos modernos dende a creaci\u00f3n dos mesmos a finais do XIX [...]\" \/>\n<meta property=\"og:url\" content=\"https:\/\/www.anovapeneira.gal\/index.php\/2024\/09\/13\/por-unha-internacional-deportiva-de-clase\/\" \/>\n<meta property=\"article:publisher\" content=\"https:\/\/www.facebook.com\/anovapeneira\" \/>\n<meta property=\"article:published_time\" content=\"2024-09-13T10:00:04+00:00\" \/>\n<meta property=\"og:image\" content=\"https:\/\/www.anovapeneira.gal\/wp-content\/uploads\/2019\/07\/ARTIGO_DE_OPINION_A_NOVA_PENEIRA.jpg\" \/>\n\t<meta property=\"og:image:width\" content=\"720\" \/>\n\t<meta property=\"og:image:height\" content=\"473\" \/>\n\t<meta property=\"og:image:type\" content=\"image\/jpeg\" \/>\n<meta name=\"author\" content=\"Moncho Lareu\" \/>\n<meta name=\"twitter:card\" content=\"summary_large_image\" \/>\n<meta name=\"twitter:image\" content=\"https:\/\/www.anovapeneira.gal\/wp-content\/uploads\/2019\/07\/ARTIGO_DE_OPINION_A_NOVA_PENEIRA.jpg\" \/>\n<meta name=\"twitter:creator\" content=\"@APeneira\" \/>\n<meta name=\"twitter:site\" content=\"@APeneira\" \/>\n<meta name=\"twitter:label1\" content=\"Escrito por\" \/>\n\t<meta name=\"twitter:data1\" content=\"Moncho Lareu\" \/>\n\t<meta name=\"twitter:label2\" content=\"Tempo de lectura\" \/>\n\t<meta name=\"twitter:data2\" content=\"5 minutos\" \/>\n<script type=\"application\/ld+json\" class=\"yoast-schema-graph\">{\"@context\":\"https:\\\/\\\/schema.org\",\"@graph\":[{\"@type\":\"Article\",\"@id\":\"https:\\\/\\\/www.anovapeneira.gal\\\/index.php\\\/2024\\\/09\\\/13\\\/por-unha-internacional-deportiva-de-clase\\\/#article\",\"isPartOf\":{\"@id\":\"https:\\\/\\\/www.anovapeneira.gal\\\/index.php\\\/2024\\\/09\\\/13\\\/por-unha-internacional-deportiva-de-clase\\\/\"},\"author\":{\"name\":\"Moncho Lareu\",\"@id\":\"https:\\\/\\\/www.anovapeneira.gal\\\/#\\\/schema\\\/person\\\/3df7d3e1f38ddcee2ddb9d0bee1a0628\"},\"headline\":\"Por unha internacional deportiva de clase\",\"datePublished\":\"2024-09-13T10:00:04+00:00\",\"mainEntityOfPage\":{\"@id\":\"https:\\\/\\\/www.anovapeneira.gal\\\/index.php\\\/2024\\\/09\\\/13\\\/por-unha-internacional-deportiva-de-clase\\\/\"},\"wordCount\":791,\"commentCount\":0,\"publisher\":{\"@id\":\"https:\\\/\\\/www.anovapeneira.gal\\\/#organization\"},\"image\":{\"@id\":\"https:\\\/\\\/www.anovapeneira.gal\\\/index.php\\\/2024\\\/09\\\/13\\\/por-unha-internacional-deportiva-de-clase\\\/#primaryimage\"},\"thumbnailUrl\":\"https:\\\/\\\/www.anovapeneira.gal\\\/wp-content\\\/uploads\\\/2019\\\/07\\\/ARTIGO_DE_OPINION_A_NOVA_PENEIRA.jpg\",\"articleSection\":[\"Artigos de opini\u00f3n\"],\"inLanguage\":\"gl-ES\",\"potentialAction\":[{\"@type\":\"CommentAction\",\"name\":\"Comment\",\"target\":[\"https:\\\/\\\/www.anovapeneira.gal\\\/index.php\\\/2024\\\/09\\\/13\\\/por-unha-internacional-deportiva-de-clase\\\/#respond\"]}]},{\"@type\":\"WebPage\",\"@id\":\"https:\\\/\\\/www.anovapeneira.gal\\\/index.php\\\/2024\\\/09\\\/13\\\/por-unha-internacional-deportiva-de-clase\\\/\",\"url\":\"https:\\\/\\\/www.anovapeneira.gal\\\/index.php\\\/2024\\\/09\\\/13\\\/por-unha-internacional-deportiva-de-clase\\\/\",\"name\":\"Por unha internacional deportiva de clase -\",\"isPartOf\":{\"@id\":\"https:\\\/\\\/www.anovapeneira.gal\\\/#website\"},\"primaryImageOfPage\":{\"@id\":\"https:\\\/\\\/www.anovapeneira.gal\\\/index.php\\\/2024\\\/09\\\/13\\\/por-unha-internacional-deportiva-de-clase\\\/#primaryimage\"},\"image\":{\"@id\":\"https:\\\/\\\/www.anovapeneira.gal\\\/index.php\\\/2024\\\/09\\\/13\\\/por-unha-internacional-deportiva-de-clase\\\/#primaryimage\"},\"thumbnailUrl\":\"https:\\\/\\\/www.anovapeneira.gal\\\/wp-content\\\/uploads\\\/2019\\\/07\\\/ARTIGO_DE_OPINION_A_NOVA_PENEIRA.jpg\",\"datePublished\":\"2024-09-13T10:00:04+00:00\",\"breadcrumb\":{\"@id\":\"https:\\\/\\\/www.anovapeneira.gal\\\/index.php\\\/2024\\\/09\\\/13\\\/por-unha-internacional-deportiva-de-clase\\\/#breadcrumb\"},\"inLanguage\":\"gl-ES\",\"potentialAction\":[{\"@type\":\"ReadAction\",\"target\":[\"https:\\\/\\\/www.anovapeneira.gal\\\/index.php\\\/2024\\\/09\\\/13\\\/por-unha-internacional-deportiva-de-clase\\\/\"]}]},{\"@type\":\"ImageObject\",\"inLanguage\":\"gl-ES\",\"@id\":\"https:\\\/\\\/www.anovapeneira.gal\\\/index.php\\\/2024\\\/09\\\/13\\\/por-unha-internacional-deportiva-de-clase\\\/#primaryimage\",\"url\":\"https:\\\/\\\/www.anovapeneira.gal\\\/wp-content\\\/uploads\\\/2019\\\/07\\\/ARTIGO_DE_OPINION_A_NOVA_PENEIRA.jpg\",\"contentUrl\":\"https:\\\/\\\/www.anovapeneira.gal\\\/wp-content\\\/uploads\\\/2019\\\/07\\\/ARTIGO_DE_OPINION_A_NOVA_PENEIRA.jpg\",\"width\":720,\"height\":473,\"caption\":\"Artigo de opini\u00f3n A Nova Peneira\"},{\"@type\":\"BreadcrumbList\",\"@id\":\"https:\\\/\\\/www.anovapeneira.gal\\\/index.php\\\/2024\\\/09\\\/13\\\/por-unha-internacional-deportiva-de-clase\\\/#breadcrumb\",\"itemListElement\":[{\"@type\":\"ListItem\",\"position\":1,\"name\":\"Portada\",\"item\":\"https:\\\/\\\/www.anovapeneira.gal\\\/\"},{\"@type\":\"ListItem\",\"position\":2,\"name\":\"Por unha internacional deportiva de clase\"}]},{\"@type\":\"WebSite\",\"@id\":\"https:\\\/\\\/www.anovapeneira.gal\\\/#website\",\"url\":\"https:\\\/\\\/www.anovapeneira.gal\\\/\",\"name\":\"\",\"description\":\"Xornal galego de informaci\u00f3n xeral Publicaci\u00f3n mensual de novas de Galicia e en especial dos Concellos da sur da provincia de Pontevedra.\",\"publisher\":{\"@id\":\"https:\\\/\\\/www.anovapeneira.gal\\\/#organization\"},\"potentialAction\":[{\"@type\":\"SearchAction\",\"target\":{\"@type\":\"EntryPoint\",\"urlTemplate\":\"https:\\\/\\\/www.anovapeneira.gal\\\/?s={search_term_string}\"},\"query-input\":{\"@type\":\"PropertyValueSpecification\",\"valueRequired\":true,\"valueName\":\"search_term_string\"}}],\"inLanguage\":\"gl-ES\"},{\"@type\":\"Organization\",\"@id\":\"https:\\\/\\\/www.anovapeneira.gal\\\/#organization\",\"name\":\"A Nova Peneira\",\"url\":\"https:\\\/\\\/www.anovapeneira.gal\\\/\",\"logo\":{\"@type\":\"ImageObject\",\"inLanguage\":\"gl-ES\",\"@id\":\"https:\\\/\\\/www.anovapeneira.gal\\\/#\\\/schema\\\/logo\\\/image\\\/\",\"url\":\"http:\\\/\\\/www.anovapeneira.gal\\\/wp-content\\\/uploads\\\/2019\\\/06\\\/logo_a_nova_peneira_portal_web.png\",\"contentUrl\":\"http:\\\/\\\/www.anovapeneira.gal\\\/wp-content\\\/uploads\\\/2019\\\/06\\\/logo_a_nova_peneira_portal_web.png\",\"width\":300,\"height\":100,\"caption\":\"A Nova Peneira\"},\"image\":{\"@id\":\"https:\\\/\\\/www.anovapeneira.gal\\\/#\\\/schema\\\/logo\\\/image\\\/\"},\"sameAs\":[\"https:\\\/\\\/www.facebook.com\\\/anovapeneira\",\"https:\\\/\\\/x.com\\\/APeneira\"]},{\"@type\":\"Person\",\"@id\":\"https:\\\/\\\/www.anovapeneira.gal\\\/#\\\/schema\\\/person\\\/3df7d3e1f38ddcee2ddb9d0bee1a0628\",\"name\":\"Moncho Lareu\",\"image\":{\"@type\":\"ImageObject\",\"inLanguage\":\"gl-ES\",\"@id\":\"https:\\\/\\\/secure.gravatar.com\\\/avatar\\\/47b1711433a3b83d9747992d63c05708f734f76ad2d588ae93638a06737a5471?s=96&d=mm&r=g\",\"url\":\"https:\\\/\\\/secure.gravatar.com\\\/avatar\\\/47b1711433a3b83d9747992d63c05708f734f76ad2d588ae93638a06737a5471?s=96&d=mm&r=g\",\"contentUrl\":\"https:\\\/\\\/secure.gravatar.com\\\/avatar\\\/47b1711433a3b83d9747992d63c05708f734f76ad2d588ae93638a06737a5471?s=96&d=mm&r=g\",\"caption\":\"Moncho Lareu\"},\"sameAs\":[\"http:\\\/\\\/www.anovapeneira.gal\\\/\"],\"url\":\"https:\\\/\\\/www.anovapeneira.gal\\\/index.php\\\/author\\\/moncho-lareu\\\/\"}]}<\/script>\n<!-- \/ Yoast SEO plugin. -->","yoast_head_json":{"title":"Por unha internacional deportiva de clase -","robots":{"index":"index","follow":"follow","max-snippet":"max-snippet:-1","max-image-preview":"max-image-preview:large","max-video-preview":"max-video-preview:-1"},"canonical":"https:\/\/www.anovapeneira.gal\/index.php\/2024\/09\/13\/por-unha-internacional-deportiva-de-clase\/","og_locale":"gl_ES","og_type":"article","og_title":"Por unha internacional deportiva de clase -","og_description":"Durante a celebraci\u00f3n das recentes Olimp\u00edadas de Par\u00eds 2024 volvemos comprobar a obscena politizaci\u00f3n que as oligarqu\u00edas do Occidente capitalista fan dos xogos ol\u00edmpicos modernos dende a creaci\u00f3n dos mesmos a finais do XIX [...]","og_url":"https:\/\/www.anovapeneira.gal\/index.php\/2024\/09\/13\/por-unha-internacional-deportiva-de-clase\/","article_publisher":"https:\/\/www.facebook.com\/anovapeneira","article_published_time":"2024-09-13T10:00:04+00:00","og_image":[{"width":720,"height":473,"url":"https:\/\/www.anovapeneira.gal\/wp-content\/uploads\/2019\/07\/ARTIGO_DE_OPINION_A_NOVA_PENEIRA.jpg","type":"image\/jpeg"}],"author":"Moncho Lareu","twitter_card":"summary_large_image","twitter_image":"https:\/\/www.anovapeneira.gal\/wp-content\/uploads\/2019\/07\/ARTIGO_DE_OPINION_A_NOVA_PENEIRA.jpg","twitter_creator":"@APeneira","twitter_site":"@APeneira","twitter_misc":{"Escrito por":"Moncho Lareu","Tempo de lectura":"5 minutos"},"schema":{"@context":"https:\/\/schema.org","@graph":[{"@type":"Article","@id":"https:\/\/www.anovapeneira.gal\/index.php\/2024\/09\/13\/por-unha-internacional-deportiva-de-clase\/#article","isPartOf":{"@id":"https:\/\/www.anovapeneira.gal\/index.php\/2024\/09\/13\/por-unha-internacional-deportiva-de-clase\/"},"author":{"name":"Moncho Lareu","@id":"https:\/\/www.anovapeneira.gal\/#\/schema\/person\/3df7d3e1f38ddcee2ddb9d0bee1a0628"},"headline":"Por unha internacional deportiva de clase","datePublished":"2024-09-13T10:00:04+00:00","mainEntityOfPage":{"@id":"https:\/\/www.anovapeneira.gal\/index.php\/2024\/09\/13\/por-unha-internacional-deportiva-de-clase\/"},"wordCount":791,"commentCount":0,"publisher":{"@id":"https:\/\/www.anovapeneira.gal\/#organization"},"image":{"@id":"https:\/\/www.anovapeneira.gal\/index.php\/2024\/09\/13\/por-unha-internacional-deportiva-de-clase\/#primaryimage"},"thumbnailUrl":"https:\/\/www.anovapeneira.gal\/wp-content\/uploads\/2019\/07\/ARTIGO_DE_OPINION_A_NOVA_PENEIRA.jpg","articleSection":["Artigos de opini\u00f3n"],"inLanguage":"gl-ES","potentialAction":[{"@type":"CommentAction","name":"Comment","target":["https:\/\/www.anovapeneira.gal\/index.php\/2024\/09\/13\/por-unha-internacional-deportiva-de-clase\/#respond"]}]},{"@type":"WebPage","@id":"https:\/\/www.anovapeneira.gal\/index.php\/2024\/09\/13\/por-unha-internacional-deportiva-de-clase\/","url":"https:\/\/www.anovapeneira.gal\/index.php\/2024\/09\/13\/por-unha-internacional-deportiva-de-clase\/","name":"Por unha internacional deportiva de clase -","isPartOf":{"@id":"https:\/\/www.anovapeneira.gal\/#website"},"primaryImageOfPage":{"@id":"https:\/\/www.anovapeneira.gal\/index.php\/2024\/09\/13\/por-unha-internacional-deportiva-de-clase\/#primaryimage"},"image":{"@id":"https:\/\/www.anovapeneira.gal\/index.php\/2024\/09\/13\/por-unha-internacional-deportiva-de-clase\/#primaryimage"},"thumbnailUrl":"https:\/\/www.anovapeneira.gal\/wp-content\/uploads\/2019\/07\/ARTIGO_DE_OPINION_A_NOVA_PENEIRA.jpg","datePublished":"2024-09-13T10:00:04+00:00","breadcrumb":{"@id":"https:\/\/www.anovapeneira.gal\/index.php\/2024\/09\/13\/por-unha-internacional-deportiva-de-clase\/#breadcrumb"},"inLanguage":"gl-ES","potentialAction":[{"@type":"ReadAction","target":["https:\/\/www.anovapeneira.gal\/index.php\/2024\/09\/13\/por-unha-internacional-deportiva-de-clase\/"]}]},{"@type":"ImageObject","inLanguage":"gl-ES","@id":"https:\/\/www.anovapeneira.gal\/index.php\/2024\/09\/13\/por-unha-internacional-deportiva-de-clase\/#primaryimage","url":"https:\/\/www.anovapeneira.gal\/wp-content\/uploads\/2019\/07\/ARTIGO_DE_OPINION_A_NOVA_PENEIRA.jpg","contentUrl":"https:\/\/www.anovapeneira.gal\/wp-content\/uploads\/2019\/07\/ARTIGO_DE_OPINION_A_NOVA_PENEIRA.jpg","width":720,"height":473,"caption":"Artigo de opini\u00f3n A Nova Peneira"},{"@type":"BreadcrumbList","@id":"https:\/\/www.anovapeneira.gal\/index.php\/2024\/09\/13\/por-unha-internacional-deportiva-de-clase\/#breadcrumb","itemListElement":[{"@type":"ListItem","position":1,"name":"Portada","item":"https:\/\/www.anovapeneira.gal\/"},{"@type":"ListItem","position":2,"name":"Por unha internacional deportiva de clase"}]},{"@type":"WebSite","@id":"https:\/\/www.anovapeneira.gal\/#website","url":"https:\/\/www.anovapeneira.gal\/","name":"","description":"Xornal galego de informaci\u00f3n xeral Publicaci\u00f3n mensual de novas de Galicia e en especial dos Concellos da sur da provincia de Pontevedra.","publisher":{"@id":"https:\/\/www.anovapeneira.gal\/#organization"},"potentialAction":[{"@type":"SearchAction","target":{"@type":"EntryPoint","urlTemplate":"https:\/\/www.anovapeneira.gal\/?s={search_term_string}"},"query-input":{"@type":"PropertyValueSpecification","valueRequired":true,"valueName":"search_term_string"}}],"inLanguage":"gl-ES"},{"@type":"Organization","@id":"https:\/\/www.anovapeneira.gal\/#organization","name":"A Nova Peneira","url":"https:\/\/www.anovapeneira.gal\/","logo":{"@type":"ImageObject","inLanguage":"gl-ES","@id":"https:\/\/www.anovapeneira.gal\/#\/schema\/logo\/image\/","url":"http:\/\/www.anovapeneira.gal\/wp-content\/uploads\/2019\/06\/logo_a_nova_peneira_portal_web.png","contentUrl":"http:\/\/www.anovapeneira.gal\/wp-content\/uploads\/2019\/06\/logo_a_nova_peneira_portal_web.png","width":300,"height":100,"caption":"A Nova Peneira"},"image":{"@id":"https:\/\/www.anovapeneira.gal\/#\/schema\/logo\/image\/"},"sameAs":["https:\/\/www.facebook.com\/anovapeneira","https:\/\/x.com\/APeneira"]},{"@type":"Person","@id":"https:\/\/www.anovapeneira.gal\/#\/schema\/person\/3df7d3e1f38ddcee2ddb9d0bee1a0628","name":"Moncho Lareu","image":{"@type":"ImageObject","inLanguage":"gl-ES","@id":"https:\/\/secure.gravatar.com\/avatar\/47b1711433a3b83d9747992d63c05708f734f76ad2d588ae93638a06737a5471?s=96&d=mm&r=g","url":"https:\/\/secure.gravatar.com\/avatar\/47b1711433a3b83d9747992d63c05708f734f76ad2d588ae93638a06737a5471?s=96&d=mm&r=g","contentUrl":"https:\/\/secure.gravatar.com\/avatar\/47b1711433a3b83d9747992d63c05708f734f76ad2d588ae93638a06737a5471?s=96&d=mm&r=g","caption":"Moncho Lareu"},"sameAs":["http:\/\/www.anovapeneira.gal\/"],"url":"https:\/\/www.anovapeneira.gal\/index.php\/author\/moncho-lareu\/"}]}},"jetpack_featured_media_url":"https:\/\/www.anovapeneira.gal\/wp-content\/uploads\/2019\/07\/ARTIGO_DE_OPINION_A_NOVA_PENEIRA.jpg","_links":{"self":[{"href":"https:\/\/www.anovapeneira.gal\/index.php\/wp-json\/wp\/v2\/posts\/12403","targetHints":{"allow":["GET"]}}],"collection":[{"href":"https:\/\/www.anovapeneira.gal\/index.php\/wp-json\/wp\/v2\/posts"}],"about":[{"href":"https:\/\/www.anovapeneira.gal\/index.php\/wp-json\/wp\/v2\/types\/post"}],"author":[{"embeddable":true,"href":"https:\/\/www.anovapeneira.gal\/index.php\/wp-json\/wp\/v2\/users\/20"}],"replies":[{"embeddable":true,"href":"https:\/\/www.anovapeneira.gal\/index.php\/wp-json\/wp\/v2\/comments?post=12403"}],"version-history":[{"count":1,"href":"https:\/\/www.anovapeneira.gal\/index.php\/wp-json\/wp\/v2\/posts\/12403\/revisions"}],"predecessor-version":[{"id":12404,"href":"https:\/\/www.anovapeneira.gal\/index.php\/wp-json\/wp\/v2\/posts\/12403\/revisions\/12404"}],"wp:featuredmedia":[{"embeddable":true,"href":"https:\/\/www.anovapeneira.gal\/index.php\/wp-json\/wp\/v2\/media\/584"}],"wp:attachment":[{"href":"https:\/\/www.anovapeneira.gal\/index.php\/wp-json\/wp\/v2\/media?parent=12403"}],"wp:term":[{"taxonomy":"category","embeddable":true,"href":"https:\/\/www.anovapeneira.gal\/index.php\/wp-json\/wp\/v2\/categories?post=12403"},{"taxonomy":"post_tag","embeddable":true,"href":"https:\/\/www.anovapeneira.gal\/index.php\/wp-json\/wp\/v2\/tags?post=12403"}],"curies":[{"name":"wp","href":"https:\/\/api.w.org\/{rel}","templated":true}]}}