{"id":12405,"date":"2024-09-16T10:00:41","date_gmt":"2024-09-16T08:00:41","guid":{"rendered":"https:\/\/www.anovapeneira.gal\/?p=12405"},"modified":"2024-09-14T12:03:21","modified_gmt":"2024-09-14T10:03:21","slug":"manuela-rodriguez-voceira-do-bng-de-gondomar-e-deputada-provincial","status":"publish","type":"post","link":"https:\/\/www.anovapeneira.gal\/index.php\/2024\/09\/16\/manuela-rodriguez-voceira-do-bng-de-gondomar-e-deputada-provincial\/","title":{"rendered":"Manuela Rodr\u00edguez voceira do BNG de Gondomar e deputada provincial"},"content":{"rendered":"\n<p><strong>Se hai algo que me molesta cando falo de pol\u00edtica con algu\u00e9n, \u00e9 cando me espeta que todas persoas que se dedican \u00e1 pol\u00edtica son iguais e que polo tanto non cabe outra posici\u00f3n que a non implicaci\u00f3n e o desinterese. A maior parte da xente que esgrime tal estupidez , como se fose un argumento solvente e rigoroso, en realidade est\u00e1 a mentir. Adoitan ser persoas que gozan dunha situaci\u00f3n econ\u00f3mica privilexiada e res\u00faltalles m\u00e1is c\u00f3modo mirar a outro lado ante o sufrimento alleo. Ese \u201c todos son iguais\u201d non \u00e9 outra cousa ca unha autoxustificaci\u00f3n moral da s\u00faa propia covard\u00eda. Pero hai un segmento de persoas que en realidade si que o cre, que sofren un proceso de alienaci\u00f3n e amosan un desinterese real cara a pr\u00e1ctica pol\u00edtica sen decatarse de que en realidade est\u00e1n a desentenderse da sanidade, da educaci\u00f3n, das infraestruturas, da natureza, das pensi\u00f3ns&#8230;.en definitiva, quen manifeste desentenderse da pol\u00edtica est\u00e1 a abdicar de defender a dignidade da s\u00faa propia vida, e da dos seus fillos e fillas.<\/strong><\/p>\n\n\n\n<p><strong>Manuela Rodr\u00edguez \u00e9 a voceira do BNG en Gondomar e un dos moitos exemplos cos que me crucei no cami\u00f1o andado que amosan que non todas as persoas que se dedican \u00e1 pol\u00edtica son iguais. Hainas, e hai moitas, como Manuela que levan un feixe de tempo facendo sacrificios persoais, quit\u00e1ndolle tempo \u00e1s s\u00faas vidas privadas e aos seus seres queridos, para contribu\u00edr o mellor que saben e poden \u00e1 construci\u00f3n dun mundo mellor.<\/strong><\/p>\n\n\n\n<p><strong>Despois dunha morea de anos no BNG Manuela estrea este mandato a responsabilidade de deputada provincial. Conversamos con ela para co\u00f1ecer a s\u00faa opini\u00f3n de como est\u00e1n as cousas tanto na DEPO, como no concello de Gondomar.<\/strong><\/p>\n\n\n\n<h2 class=\"wp-block-heading\">\u201c<strong>Este goberno puido darlle un cambio radical a Gondomar no que respecta \u00e1 dotaci\u00f3n de servizos, pero non quixo facelo\u201d<\/strong><\/h2>\n\n\n\n<p><strong>Como valoras a t\u00faa experiencia como deputada provincial?<\/strong><\/p>\n\n\n\n<blockquote class=\"wp-block-quote is-layout-flow wp-block-quote-is-layout-flow\">\n<p>Para min, defender a posici\u00f3n pol\u00edtica do nacionalismo galego en calquera contexto e en calquera lugar \u00e9, ademais dun deber, unha honra. Por\u00e9n, te\u00f1o que reco\u00f1ecer que a maior\u00eda absoluta que ten o PP na administraci\u00f3n provincial dificulta que se poidan acadar resultados substanciais que axuden a mellorar a vida das persoas.<\/p>\n<\/blockquote>\n\n\n\n<blockquote class=\"wp-block-quote is-layout-flow wp-block-quote-is-layout-flow\">\n<p>En calquera caso n\u00f3s levamos as iniciativas que consideramos oportunas para mellorar os concellos sobre os que a DEPO ten competencias.<\/p>\n<\/blockquote>\n\n\n\n<p><strong>Como xestiona o PP a s\u00faa maior\u00eda absoluta na DEPO?<\/strong><\/p>\n\n\n\n<blockquote class=\"wp-block-quote is-layout-flow wp-block-quote-is-layout-flow\">\n<p>Como o fai habitualmente en calquera administraci\u00f3n que a te\u00f1a: abusando dela, e sen considerar o m\u00e1is m\u00ednimo as propostas dos demais. Asemade c\u00e1rganse programas, ou red\u00facenos \u00e1 insignificancia, da administraci\u00f3n anterior que ti\u00f1an amosado con creces a s\u00faa solvencia, o seu rigor e a s\u00faa utilidade pr\u00e1ctica. E por riba, PP e PSOE utilizan os plenos para reproducir os seus debates e liortas madrile\u00f1as, vaia, nada edificante.<\/p>\n<\/blockquote>\n\n\n\n<p><strong>Falas de eliminaci\u00f3n de programas anteriores, por exemplo?<\/strong><\/p>\n\n\n\n<blockquote class=\"wp-block-quote is-layout-flow wp-block-quote-is-layout-flow\">\n<p>Pois por exemplo dous das \u00e1reas do BNG: O plan revitaliza, as pol\u00edticas de igualdade ou o importante traballo da \u00e1rea de memoria hist\u00f3rica.<\/p>\n<\/blockquote>\n\n\n\n<p><strong>No que respecta ao reparto de fondos volvemos ao modelo Louz\u00e1n?<\/strong><\/p>\n\n\n\n<blockquote class=\"wp-block-quote is-layout-flow wp-block-quote-is-layout-flow\">\n<p>Non, de maneira tan descarada non. Pero digamos que comezan a ensinar a pati\u00f1a. Agora hai unhas regras para o reparto de subvenci\u00f3ns que non se poden saltar, pero si que est\u00e1n volvendo a un modelo de contacto directo coas entidades que soliciten subvenci\u00f3ns que a eles lles funciona, porque en certa medida \u00e9 unha maneira de manter unha rede clientelar.<\/p>\n<\/blockquote>\n\n\n\n<p><strong>O BNG ten 3 deputadas e 1 deputado na DEPO, como funcionades? Repartides por zonas o territorio da provincia?<\/strong><\/p>\n\n\n\n<blockquote class=\"wp-block-quote is-layout-flow wp-block-quote-is-layout-flow\">\n<p>Si, digamos que si.<\/p>\n<\/blockquote>\n\n\n\n<p><strong>Dime algunha iniciativa que te\u00f1as levado ti?<\/strong><\/p>\n\n\n\n<blockquote class=\"wp-block-quote is-layout-flow wp-block-quote-is-layout-flow\">\n<p>Pois por exemplo sobre a estrada de Nespereira no Concello de Pazos, unha iniciativa sobre o teatro Fraga en Vigo, ou unha que levarei agora sobre unhas beirarr\u00faas sen rematar na estrada de Cha\u00edn en Gondomar.<\/p>\n<\/blockquote>\n\n\n\n<p><strong>Tes un compa\u00f1eiro no pleno da DEPO que co\u00f1eces ben, verdade?<\/strong><\/p>\n\n\n\n<blockquote class=\"wp-block-quote is-layout-flow wp-block-quote-is-layout-flow\">\n<p>Supo\u00f1o que te refires a Paco Ferreira, si, el \u00e9 deputado provincial tam\u00e9n.<\/p>\n<\/blockquote>\n\n\n\n<p><strong>Xa podiades aproveitar as viaxes e irdes xuntos a Pontevedra?<\/strong><\/p>\n\n\n\n<blockquote class=\"wp-block-quote is-layout-flow wp-block-quote-is-layout-flow\">\n<p>Non \u00e9 o caso.<\/p>\n<\/blockquote>\n\n\n\n<p><strong>Paco defendeu unha moci\u00f3n no pleno provincial contra a suba do canon de SOGAMA. Que posici\u00f3n ten o BNG ao respecto desa suba?<\/strong><\/p>\n\n\n\n<blockquote class=\"wp-block-quote is-layout-flow wp-block-quote-is-layout-flow\">\n<p>N\u00f3s estamos a desenvolver unha campa\u00f1a contra ese \u201ctaxazo\u201d, e levaremos moci\u00f3ns a todos os concellos nas que facemos expl\u00edcita con claridade a nosa posici\u00f3n contraria. Pero que vai m\u00e1is al\u00e1 de nos opo\u00f1er a que os concellos, e por extensi\u00f3n a veci\u00f1anza, te\u00f1an que pagar uns prezos desorbitados, \u00e9 tam\u00e9n a denuncia, m\u00e1is unha vez, dese sistema de xesti\u00f3n dos residuos do PP obsoleto, contaminante e caro, e de aposta por un novo modelo acorde cos normativas actuais.<\/p>\n<\/blockquote>\n\n\n\n<p><strong>Ben, falemos de Gondomar. Como valoras este ano e medio que xa levamos consumido do actual mandato?<\/strong><\/p>\n\n\n\n<blockquote class=\"wp-block-quote is-layout-flow wp-block-quote-is-layout-flow\">\n<p>Este mandato parec\u00eda diferente pois a perda da maior\u00eda absoluta de Paco Ferreira propiciaba un xogo pol\u00edtico que non houbo no mandato anterior.<\/p>\n<\/blockquote>\n\n\n\n<p><strong>A perda da maior\u00eda absoluta foi favorable ou desfavorable para Gondomar?<\/strong><\/p>\n\n\n\n<blockquote class=\"wp-block-quote is-layout-flow wp-block-quote-is-layout-flow\">\n<p>Non deu tempo suficiente para podermos valorar con rigor, pero desde o meu punto de vista \u00e9 favorable que un goberno do tipo do de Paco Ferreira non te\u00f1a maior\u00eda absoluta.<\/p>\n<\/blockquote>\n\n\n\n<p><strong>A que te refires con \u201cgoberno do tipo do de Paco Ferreira\u201d?<\/strong><\/p>\n\n\n\n<blockquote class=\"wp-block-quote is-layout-flow wp-block-quote-is-layout-flow\">\n<p>Un goberno que fai o que lle peta sen ter en conta as necesidades reais do Concello. Que non leva adiante as iniciativas da oposici\u00f3n que son aprobadas nos plenos. E que asemade carece de proxecto para Gondomar e que goberna a base de ocorrencia e improvisaci\u00f3n.<\/p>\n<\/blockquote>\n\n\n\n<p><strong>En Gondomar hai tres grupos de oposici\u00f3n PP, MM e BNG e nos dous primeiros aconteceron recentemente episodios moi parecidos nos que un concelleiro e unha concelleira abandonan os seus grupos municipais e pasan a non adscritos. Ti non ter\u00e1s pensado facer algo parecido e pasar a concelleira non adscrita?<\/strong><\/p>\n\n\n\n<blockquote class=\"wp-block-quote is-layout-flow wp-block-quote-is-layout-flow\">\n<p>Ha, ha ha. Non, eu sei moi ben onde estou. E ademais podo dicir de maneira rotunda que eu iso non o vou facer nunca xamais en ning\u00fan caso. \u00c9 lamentable que se dean ese tipo de situaci\u00f3ns, pero danse. Eu comprendo que un concelleiro ou concelleira poida nalg\u00fan momento discrepar, incluso discrepar radicalmente, das li\u00f1as pol\u00edticas que defenda o seu grupo, pero chegado ese caso a \u00fanica posici\u00f3n lex\u00edtima e \u00e9tica \u00e9 dimitir, entregar a acta e marchar.<\/p>\n<\/blockquote>\n\n\n\n<p><strong>Sabes se o PP e MM ped\u00edronlle \u00e1s persoas que os abandonaron que devolveran as actas?<\/strong><\/p>\n\n\n\n<blockquote class=\"wp-block-quote is-layout-flow wp-block-quote-is-layout-flow\">\n<p>Non me consta. O que podo dicir ao respecto \u00e9 que \u00e1s veces p\u00eddense as actas e non se conseguen. N\u00f3s temos experiencia.<\/p>\n<\/blockquote>\n\n\n\n<p><strong>Cres que<\/strong><strong> a posici\u00f3n pol\u00edtica das d\u00faas persoas que pasan a ser non adscritas vai virar cara <\/strong><strong>\u00e1<\/strong><strong>s posici\u00f3ns do goberno de maneira sistem\u00e1tica?<\/strong><\/p>\n\n\n\n<blockquote class=\"wp-block-quote is-layout-flow wp-block-quote-is-layout-flow\">\n<p>S\u00f3 o paso do tempo poder\u00e1 dar resposta a esa pregunta. De momento non se pode saber.<\/p>\n<\/blockquote>\n\n\n\n<p><strong>Ti cres que volveremos ter un goberno cunha maior\u00eda absoluta de facto?<\/strong><\/p>\n\n\n\n<blockquote class=\"wp-block-quote is-layout-flow wp-block-quote-is-layout-flow\">\n<p>Posible \u00e9, claro que si. Ningunha das partes o negou. Que sexa as\u00ed ou non, pois non o sei, d\u00edgoche o mesmo que antes: s\u00f3 o paso do tempo o poder\u00e1 confirmar ou desmentir.<\/p>\n<\/blockquote>\n\n\n\n<p><strong>En todas as entrevistas que lle temos feito ao alcalde sempre manifestou que estar\u00eda encantado se ti formases parte do seu goberno. Despois destes dous episodios vaite querer igual? Ou se cadra un pouco menos?<\/strong><\/p>\n\n\n\n<blockquote class=\"wp-block-quote is-layout-flow wp-block-quote-is-layout-flow\">\n<p>O que podo dicir ao respecto disto \u00e9 que este non \u00e9 o goberno nin do BNG nin de Manuela Rodr\u00edguez, e non te\u00f1o a m\u00e1is m\u00ednima intenci\u00f3n de integrarme nel.<\/p>\n<\/blockquote>\n\n\n\n<p><strong>Ben, a aritm\u00e9tica municipal parec\u00eda obrigar a que o goberno buscase acordos coa oposici\u00f3n, pero os que se lograron concretar foron moi poucos. Agora, que me ve\u00f1a a memoria, con v\u00f3s s\u00f3 se pechou o acordo para a reforma da praza Manuel Alonso, non?<\/strong><\/p>\n\n\n\n<blockquote class=\"wp-block-quote is-layout-flow wp-block-quote-is-layout-flow\">\n<p>Si, ese foi un acordo pactado e froito dunha negociaci\u00f3n e que eu saiba ese foi o \u00fanico que o goberno foi capaz de pechar coa oposici\u00f3n, con toda a oposici\u00f3n. Froito dese acordo, que implicaba a asunci\u00f3n por parte do goberno municipal dun dec\u00e1logo de compromisos que inclu\u00eda as demandas da veci\u00f1anza, n\u00f3s abstiv\u00e9monos na votaci\u00f3n da adxudicaci\u00f3n do contrato para que se puidese executar e non perder m\u00e1is dun mill\u00f3n de \u20ac para a humanizaci\u00f3n dunha praza que precisaba dunha reforma.<\/p>\n<\/blockquote>\n\n\n\n<p><strong>\u00c9 estra\u00f1o que sen ter o goberno a maior\u00eda absoluta en ano e medio de mandato s\u00f3 se chegase a un acordo substancial. A responsabilidade \u00e9 do goberno, da oposici\u00f3n ou de ambos?<\/strong><\/p>\n\n\n\n<blockquote class=\"wp-block-quote is-layout-flow wp-block-quote-is-layout-flow\">\n<p>O motivo fundamental \u00e9 a actitude do alcalde, non \u00e9 dado a negociar. Tampouco \u00e9 que tratara de chegar a tantos acordos, noutros casos en que precisaba apoios para sacar acordos adiante non amosou ning\u00fan intento por tratar de acadalos.<\/p>\n<\/blockquote>\n\n\n\n<p><strong>Cales son as li\u00f1as pol\u00edticas m\u00e1is importantes que est\u00e1 a desenvolver o BNG de Gondomar?<\/strong><\/p>\n\n\n\n<blockquote class=\"wp-block-quote is-layout-flow wp-block-quote-is-layout-flow\">\n<p>Insistimos en que se dote ao Concello dos servizos necesarios dos que carece, como por exemplo o saneamento. Por outra parte d\u00e1moslle moita importancia a cuesti\u00f3ns b\u00e1sicas como son a dotaci\u00f3n de posibilidades reais de conciliaci\u00f3n para as familias. A nosa campa\u00f1a integral a prol do saneamento contin\u00faa. Afortunadamente agora naceu unha plataforma veci\u00f1al por un Gondomar con servizos<\/p>\n<\/blockquote>\n\n\n\n<p><strong>Esa plataforma foi auspiciada polo BNG?<\/strong><\/p>\n\n\n\n<blockquote class=\"wp-block-quote is-layout-flow wp-block-quote-is-layout-flow\">\n<p>Non, n\u00f3s o \u00fanico que fixemos foi convocar unha asemblea informativa. Foi a propia veci\u00f1anza quen decidiu auto-organizarse. N\u00f3s celebramos que o faga e que defenda os seus dereitos de maneira colectiva. E te\u00f1en raz\u00f3n porque os seus dereitos est\u00e1n conculc\u00e1ndose por desleixo do goberno.<\/p>\n<\/blockquote>\n\n\n\n<p><strong>Deste goberno? Ou tam\u00e9n dos anteriores?<\/strong><\/p>\n\n\n\n<blockquote class=\"wp-block-quote is-layout-flow wp-block-quote-is-layout-flow\">\n<p>Dos anteriores tam\u00e9n, pero deste especialmente porque tivo a posibilidade, a trav\u00e9s do plan Concellos da Deputaci\u00f3n e dos remanentes do propio Concello, de investir moitos cartos para dotar de servizos a Gondomar. Pero a prioridade dos gobernos do PSOE e de Paco Ferreira nunca foron os servizos nin a atenci\u00f3n \u00e1s parroquias. S\u00f3 se dedicou a actuar no centro da vila e a desenvolver os \u2018seus proxectos\u2019. Este goberno puido darlle un cambio radical a Gondomar no que respecta \u00e1 dotaci\u00f3n de servizos, pero non quixo facelo.<\/p>\n<\/blockquote>\n\n\n\n<p><strong>Como est\u00e1 a situaci\u00f3n do transporte?<\/strong><\/p>\n\n\n\n<blockquote class=\"wp-block-quote is-layout-flow wp-block-quote-is-layout-flow\">\n<p>Segue funcionando mal. O novo plan de transporte da Xunta non serviu, como xa prev\u00edamos, para resolver os graves problemas de mobilidade que temos no Concello.<\/p>\n<\/blockquote>\n\n\n\n<p><strong>Cal \u00e9 a opini\u00f3n do BNG sobre a xesti\u00f3n que fixo o goberno coa casa Peralba?<\/strong><\/p>\n\n\n\n<blockquote class=\"wp-block-quote is-layout-flow wp-block-quote-is-layout-flow\">\n<p>O BNG est\u00e1 a favor de que o Concello se faga con patrimonio que se poida p\u00f3r a servizo da veci\u00f1anza. Pero, ademais de po\u00f1er sempre por diante que hai moitas outras prioridades, no que non estamos de acordo \u00e9 con que agora se adquira un segundo edificio, o bar De Lis, sen p\u00f3r en funcionamento o primeiro. Eses cartos que se investiron en mercar a segunda casa deber\u00edan terse usado para reformar o edificio de Peralba e po\u00f1elo xa en funcionamento. Non parece de sentido com\u00fan comprar un segundo inmoble mentres o primeiro non se reforme e se poida utilizar para algo m\u00e1is que para vodas no seu exterior.<\/p>\n<\/blockquote>\n\n\n\n<p><strong>A paralizaci\u00f3n da Pasaxe \u00e9 responsabilidade do goberno municipal, da Xunta ou e ambos?<\/strong><\/p>\n\n\n\n<blockquote class=\"wp-block-quote is-layout-flow wp-block-quote-is-layout-flow\">\n<p>De ambos.<\/p>\n<\/blockquote>\n\n\n\n<p><strong>Da Xunta parece evidente, pero do goberno municipal por que?<\/strong><\/p>\n\n\n\n<blockquote class=\"wp-block-quote is-layout-flow wp-block-quote-is-layout-flow\">\n<p>Por facer as cousas coa ansia de po\u00f1er bonito o curr\u00edculo propio, pero sen o suficiente rigor. Moitos dos atrancos que est\u00e1 a ter a ordenaci\u00f3n, legalizaci\u00f3n e desenvolvemento do pol\u00edgono empresarial poder\u00edan terse evitado. E a s\u00faa par\u00e1lise provoca perda de oportunidades de ampliaci\u00f3n e mesmo deslocalizaci\u00f3n de empresas, \u00e9 dicir, impide a creaci\u00f3n de m\u00e1is postos de traballo.<\/p>\n<\/blockquote>\n\n\n\n<p><strong>Gondomar por que non ten Plan Xeral?<\/strong><\/p>\n\n\n\n<blockquote class=\"wp-block-quote is-layout-flow wp-block-quote-is-layout-flow\">\n<p>Porque nunca foi unha prioridade real do goberno.<\/p>\n<\/blockquote>\n\n\n\n<p><strong>Como est\u00e1 a sa\u00fade do BNG de Gondomar e cales son as vosas expectativas realistas de futuro?<\/strong><\/p>\n\n\n\n<blockquote class=\"wp-block-quote is-layout-flow wp-block-quote-is-layout-flow\">\n<p>A nosa sa\u00fade \u00e9 moi boa e as nosas expectativas son moi positivas. Trataremos de chegar a m\u00e1is xente cada vez, co noso traballo pol\u00edtico en prol do ben com\u00fan das veci\u00f1as e veci\u00f1os de Gondomar.<\/p>\n<\/blockquote>\n","protected":false},"excerpt":{"rendered":"<div class=\"mh-excerpt\"><p>Se hai algo que me molesta cando falo de pol\u00edtica con algu\u00e9n, \u00e9 cando me espeta que todas persoas que se dedican \u00e1 pol\u00edtica son iguais e que polo tanto non cabe outra posici\u00f3n que a non implicaci\u00f3n e o desinterese <a class=\"mh-excerpt-more\" href=\"https:\/\/www.anovapeneira.gal\/index.php\/2024\/09\/16\/manuela-rodriguez-voceira-do-bng-de-gondomar-e-deputada-provincial\/\" title=\"Manuela Rodr\u00edguez voceira do BNG de Gondomar e deputada provincial\">[&#8230;]<\/a><\/p>\n<\/div>","protected":false},"author":2,"featured_media":12406,"comment_status":"open","ping_status":"open","sticky":false,"template":"","format":"standard","meta":{"_exactmetrics_skip_tracking":false,"_exactmetrics_sitenote_active":false,"_exactmetrics_sitenote_note":"","_exactmetrics_sitenote_category":0,"footnotes":""},"categories":[266],"tags":[149],"class_list":{"0":"post-12405","1":"post","2":"type-post","3":"status-publish","4":"format-standard","5":"has-post-thumbnail","7":"category-baixo-mino-entrevistas","8":"tag-concello-de-gondomar"},"yoast_head":"<!-- This site is optimized with the Yoast SEO plugin v27.4 - https:\/\/yoast.com\/product\/yoast-seo-wordpress\/ -->\n<title>Manuela Rodr\u00edguez voceira do BNG de Gondomar e deputada provincial -<\/title>\n<meta name=\"robots\" content=\"index, follow, max-snippet:-1, max-image-preview:large, max-video-preview:-1\" \/>\n<link rel=\"canonical\" href=\"https:\/\/www.anovapeneira.gal\/index.php\/2024\/09\/16\/manuela-rodriguez-voceira-do-bng-de-gondomar-e-deputada-provincial\/\" \/>\n<meta property=\"og:locale\" content=\"gl_ES\" \/>\n<meta property=\"og:type\" content=\"article\" \/>\n<meta property=\"og:title\" content=\"Manuela Rodr\u00edguez voceira do BNG de Gondomar e deputada provincial -\" \/>\n<meta property=\"og:description\" content=\"Se hai algo que me molesta cando falo de pol\u00edtica con algu\u00e9n, \u00e9 cando me espeta que todas persoas que se dedican \u00e1 pol\u00edtica son iguais e que polo tanto non cabe outra posici\u00f3n que a non implicaci\u00f3n e o desinterese [...]\" \/>\n<meta property=\"og:url\" content=\"https:\/\/www.anovapeneira.gal\/index.php\/2024\/09\/16\/manuela-rodriguez-voceira-do-bng-de-gondomar-e-deputada-provincial\/\" \/>\n<meta property=\"article:publisher\" content=\"https:\/\/www.facebook.com\/anovapeneira\" \/>\n<meta property=\"article:published_time\" content=\"2024-09-16T08:00:41+00:00\" \/>\n<meta property=\"og:image\" content=\"https:\/\/www.anovapeneira.gal\/wp-content\/uploads\/2024\/09\/Manuela_r_Pumar.png\" \/>\n\t<meta property=\"og:image:width\" content=\"720\" \/>\n\t<meta property=\"og:image:height\" content=\"432\" \/>\n\t<meta property=\"og:image:type\" content=\"image\/png\" \/>\n<meta name=\"author\" content=\"Tino Lago\" \/>\n<meta name=\"twitter:card\" content=\"summary_large_image\" \/>\n<meta name=\"twitter:creator\" content=\"@APeneira\" \/>\n<meta name=\"twitter:site\" content=\"@APeneira\" \/>\n<meta name=\"twitter:label1\" content=\"Escrito por\" \/>\n\t<meta name=\"twitter:data1\" content=\"Tino Lago\" \/>\n\t<meta name=\"twitter:label2\" content=\"Tempo de lectura\" \/>\n\t<meta name=\"twitter:data2\" content=\"5 minutos\" \/>\n<script type=\"application\/ld+json\" class=\"yoast-schema-graph\">{\"@context\":\"https:\\\/\\\/schema.org\",\"@graph\":[{\"@type\":\"Article\",\"@id\":\"https:\\\/\\\/www.anovapeneira.gal\\\/index.php\\\/2024\\\/09\\\/16\\\/manuela-rodriguez-voceira-do-bng-de-gondomar-e-deputada-provincial\\\/#article\",\"isPartOf\":{\"@id\":\"https:\\\/\\\/www.anovapeneira.gal\\\/index.php\\\/2024\\\/09\\\/16\\\/manuela-rodriguez-voceira-do-bng-de-gondomar-e-deputada-provincial\\\/\"},\"author\":{\"name\":\"Tino Lago\",\"@id\":\"https:\\\/\\\/www.anovapeneira.gal\\\/#\\\/schema\\\/person\\\/424dfe65e3070fd8a44d22d2c088762a\"},\"headline\":\"Manuela Rodr\u00edguez voceira do BNG de Gondomar e deputada provincial\",\"datePublished\":\"2024-09-16T08:00:41+00:00\",\"mainEntityOfPage\":{\"@id\":\"https:\\\/\\\/www.anovapeneira.gal\\\/index.php\\\/2024\\\/09\\\/16\\\/manuela-rodriguez-voceira-do-bng-de-gondomar-e-deputada-provincial\\\/\"},\"wordCount\":2140,\"commentCount\":0,\"publisher\":{\"@id\":\"https:\\\/\\\/www.anovapeneira.gal\\\/#organization\"},\"image\":{\"@id\":\"https:\\\/\\\/www.anovapeneira.gal\\\/index.php\\\/2024\\\/09\\\/16\\\/manuela-rodriguez-voceira-do-bng-de-gondomar-e-deputada-provincial\\\/#primaryimage\"},\"thumbnailUrl\":\"https:\\\/\\\/www.anovapeneira.gal\\\/wp-content\\\/uploads\\\/2024\\\/09\\\/Manuela_r_Pumar.png\",\"keywords\":[\"Concello de Gondomar\"],\"articleSection\":[\"Baixo Mi\u00f1o\"],\"inLanguage\":\"gl-ES\",\"potentialAction\":[{\"@type\":\"CommentAction\",\"name\":\"Comment\",\"target\":[\"https:\\\/\\\/www.anovapeneira.gal\\\/index.php\\\/2024\\\/09\\\/16\\\/manuela-rodriguez-voceira-do-bng-de-gondomar-e-deputada-provincial\\\/#respond\"]}]},{\"@type\":\"WebPage\",\"@id\":\"https:\\\/\\\/www.anovapeneira.gal\\\/index.php\\\/2024\\\/09\\\/16\\\/manuela-rodriguez-voceira-do-bng-de-gondomar-e-deputada-provincial\\\/\",\"url\":\"https:\\\/\\\/www.anovapeneira.gal\\\/index.php\\\/2024\\\/09\\\/16\\\/manuela-rodriguez-voceira-do-bng-de-gondomar-e-deputada-provincial\\\/\",\"name\":\"Manuela Rodr\u00edguez voceira do BNG de Gondomar e deputada provincial -\",\"isPartOf\":{\"@id\":\"https:\\\/\\\/www.anovapeneira.gal\\\/#website\"},\"primaryImageOfPage\":{\"@id\":\"https:\\\/\\\/www.anovapeneira.gal\\\/index.php\\\/2024\\\/09\\\/16\\\/manuela-rodriguez-voceira-do-bng-de-gondomar-e-deputada-provincial\\\/#primaryimage\"},\"image\":{\"@id\":\"https:\\\/\\\/www.anovapeneira.gal\\\/index.php\\\/2024\\\/09\\\/16\\\/manuela-rodriguez-voceira-do-bng-de-gondomar-e-deputada-provincial\\\/#primaryimage\"},\"thumbnailUrl\":\"https:\\\/\\\/www.anovapeneira.gal\\\/wp-content\\\/uploads\\\/2024\\\/09\\\/Manuela_r_Pumar.png\",\"datePublished\":\"2024-09-16T08:00:41+00:00\",\"breadcrumb\":{\"@id\":\"https:\\\/\\\/www.anovapeneira.gal\\\/index.php\\\/2024\\\/09\\\/16\\\/manuela-rodriguez-voceira-do-bng-de-gondomar-e-deputada-provincial\\\/#breadcrumb\"},\"inLanguage\":\"gl-ES\",\"potentialAction\":[{\"@type\":\"ReadAction\",\"target\":[\"https:\\\/\\\/www.anovapeneira.gal\\\/index.php\\\/2024\\\/09\\\/16\\\/manuela-rodriguez-voceira-do-bng-de-gondomar-e-deputada-provincial\\\/\"]}]},{\"@type\":\"ImageObject\",\"inLanguage\":\"gl-ES\",\"@id\":\"https:\\\/\\\/www.anovapeneira.gal\\\/index.php\\\/2024\\\/09\\\/16\\\/manuela-rodriguez-voceira-do-bng-de-gondomar-e-deputada-provincial\\\/#primaryimage\",\"url\":\"https:\\\/\\\/www.anovapeneira.gal\\\/wp-content\\\/uploads\\\/2024\\\/09\\\/Manuela_r_Pumar.png\",\"contentUrl\":\"https:\\\/\\\/www.anovapeneira.gal\\\/wp-content\\\/uploads\\\/2024\\\/09\\\/Manuela_r_Pumar.png\",\"width\":720,\"height\":432,\"caption\":\"Manuela Rodr\u00edguez Pumar BNG Gondomar\"},{\"@type\":\"BreadcrumbList\",\"@id\":\"https:\\\/\\\/www.anovapeneira.gal\\\/index.php\\\/2024\\\/09\\\/16\\\/manuela-rodriguez-voceira-do-bng-de-gondomar-e-deputada-provincial\\\/#breadcrumb\",\"itemListElement\":[{\"@type\":\"ListItem\",\"position\":1,\"name\":\"Portada\",\"item\":\"https:\\\/\\\/www.anovapeneira.gal\\\/\"},{\"@type\":\"ListItem\",\"position\":2,\"name\":\"Manuela Rodr\u00edguez voceira do BNG de Gondomar e deputada provincial\"}]},{\"@type\":\"WebSite\",\"@id\":\"https:\\\/\\\/www.anovapeneira.gal\\\/#website\",\"url\":\"https:\\\/\\\/www.anovapeneira.gal\\\/\",\"name\":\"\",\"description\":\"Xornal galego de informaci\u00f3n xeral Publicaci\u00f3n mensual de novas de Galicia e en especial dos Concellos da sur da provincia de Pontevedra.\",\"publisher\":{\"@id\":\"https:\\\/\\\/www.anovapeneira.gal\\\/#organization\"},\"potentialAction\":[{\"@type\":\"SearchAction\",\"target\":{\"@type\":\"EntryPoint\",\"urlTemplate\":\"https:\\\/\\\/www.anovapeneira.gal\\\/?s={search_term_string}\"},\"query-input\":{\"@type\":\"PropertyValueSpecification\",\"valueRequired\":true,\"valueName\":\"search_term_string\"}}],\"inLanguage\":\"gl-ES\"},{\"@type\":\"Organization\",\"@id\":\"https:\\\/\\\/www.anovapeneira.gal\\\/#organization\",\"name\":\"A Nova Peneira\",\"url\":\"https:\\\/\\\/www.anovapeneira.gal\\\/\",\"logo\":{\"@type\":\"ImageObject\",\"inLanguage\":\"gl-ES\",\"@id\":\"https:\\\/\\\/www.anovapeneira.gal\\\/#\\\/schema\\\/logo\\\/image\\\/\",\"url\":\"http:\\\/\\\/www.anovapeneira.gal\\\/wp-content\\\/uploads\\\/2019\\\/06\\\/logo_a_nova_peneira_portal_web.png\",\"contentUrl\":\"http:\\\/\\\/www.anovapeneira.gal\\\/wp-content\\\/uploads\\\/2019\\\/06\\\/logo_a_nova_peneira_portal_web.png\",\"width\":300,\"height\":100,\"caption\":\"A Nova Peneira\"},\"image\":{\"@id\":\"https:\\\/\\\/www.anovapeneira.gal\\\/#\\\/schema\\\/logo\\\/image\\\/\"},\"sameAs\":[\"https:\\\/\\\/www.facebook.com\\\/anovapeneira\",\"https:\\\/\\\/x.com\\\/APeneira\"]},{\"@type\":\"Person\",\"@id\":\"https:\\\/\\\/www.anovapeneira.gal\\\/#\\\/schema\\\/person\\\/424dfe65e3070fd8a44d22d2c088762a\",\"name\":\"Tino Lago\",\"image\":{\"@type\":\"ImageObject\",\"inLanguage\":\"gl-ES\",\"@id\":\"https:\\\/\\\/secure.gravatar.com\\\/avatar\\\/b3df6a06e44bab3111583b90f0f33a0379ee5e3d22cbadd232d39f21c30c62be?s=96&d=mm&r=g\",\"url\":\"https:\\\/\\\/secure.gravatar.com\\\/avatar\\\/b3df6a06e44bab3111583b90f0f33a0379ee5e3d22cbadd232d39f21c30c62be?s=96&d=mm&r=g\",\"contentUrl\":\"https:\\\/\\\/secure.gravatar.com\\\/avatar\\\/b3df6a06e44bab3111583b90f0f33a0379ee5e3d22cbadd232d39f21c30c62be?s=96&d=mm&r=g\",\"caption\":\"Tino Lago\"},\"sameAs\":[\"http:\\\/\\\/www.anovapeneira.gal\"],\"url\":\"https:\\\/\\\/www.anovapeneira.gal\\\/index.php\\\/author\\\/director\\\/\"}]}<\/script>\n<!-- \/ Yoast SEO plugin. -->","yoast_head_json":{"title":"Manuela Rodr\u00edguez voceira do BNG de Gondomar e deputada provincial -","robots":{"index":"index","follow":"follow","max-snippet":"max-snippet:-1","max-image-preview":"max-image-preview:large","max-video-preview":"max-video-preview:-1"},"canonical":"https:\/\/www.anovapeneira.gal\/index.php\/2024\/09\/16\/manuela-rodriguez-voceira-do-bng-de-gondomar-e-deputada-provincial\/","og_locale":"gl_ES","og_type":"article","og_title":"Manuela Rodr\u00edguez voceira do BNG de Gondomar e deputada provincial -","og_description":"Se hai algo que me molesta cando falo de pol\u00edtica con algu\u00e9n, \u00e9 cando me espeta que todas persoas que se dedican \u00e1 pol\u00edtica son iguais e que polo tanto non cabe outra posici\u00f3n que a non implicaci\u00f3n e o desinterese [...]","og_url":"https:\/\/www.anovapeneira.gal\/index.php\/2024\/09\/16\/manuela-rodriguez-voceira-do-bng-de-gondomar-e-deputada-provincial\/","article_publisher":"https:\/\/www.facebook.com\/anovapeneira","article_published_time":"2024-09-16T08:00:41+00:00","og_image":[{"width":720,"height":432,"url":"https:\/\/www.anovapeneira.gal\/wp-content\/uploads\/2024\/09\/Manuela_r_Pumar.png","type":"image\/png"}],"author":"Tino Lago","twitter_card":"summary_large_image","twitter_creator":"@APeneira","twitter_site":"@APeneira","twitter_misc":{"Escrito por":"Tino Lago","Tempo de lectura":"5 minutos"},"schema":{"@context":"https:\/\/schema.org","@graph":[{"@type":"Article","@id":"https:\/\/www.anovapeneira.gal\/index.php\/2024\/09\/16\/manuela-rodriguez-voceira-do-bng-de-gondomar-e-deputada-provincial\/#article","isPartOf":{"@id":"https:\/\/www.anovapeneira.gal\/index.php\/2024\/09\/16\/manuela-rodriguez-voceira-do-bng-de-gondomar-e-deputada-provincial\/"},"author":{"name":"Tino Lago","@id":"https:\/\/www.anovapeneira.gal\/#\/schema\/person\/424dfe65e3070fd8a44d22d2c088762a"},"headline":"Manuela Rodr\u00edguez voceira do BNG de Gondomar e deputada provincial","datePublished":"2024-09-16T08:00:41+00:00","mainEntityOfPage":{"@id":"https:\/\/www.anovapeneira.gal\/index.php\/2024\/09\/16\/manuela-rodriguez-voceira-do-bng-de-gondomar-e-deputada-provincial\/"},"wordCount":2140,"commentCount":0,"publisher":{"@id":"https:\/\/www.anovapeneira.gal\/#organization"},"image":{"@id":"https:\/\/www.anovapeneira.gal\/index.php\/2024\/09\/16\/manuela-rodriguez-voceira-do-bng-de-gondomar-e-deputada-provincial\/#primaryimage"},"thumbnailUrl":"https:\/\/www.anovapeneira.gal\/wp-content\/uploads\/2024\/09\/Manuela_r_Pumar.png","keywords":["Concello de Gondomar"],"articleSection":["Baixo Mi\u00f1o"],"inLanguage":"gl-ES","potentialAction":[{"@type":"CommentAction","name":"Comment","target":["https:\/\/www.anovapeneira.gal\/index.php\/2024\/09\/16\/manuela-rodriguez-voceira-do-bng-de-gondomar-e-deputada-provincial\/#respond"]}]},{"@type":"WebPage","@id":"https:\/\/www.anovapeneira.gal\/index.php\/2024\/09\/16\/manuela-rodriguez-voceira-do-bng-de-gondomar-e-deputada-provincial\/","url":"https:\/\/www.anovapeneira.gal\/index.php\/2024\/09\/16\/manuela-rodriguez-voceira-do-bng-de-gondomar-e-deputada-provincial\/","name":"Manuela Rodr\u00edguez voceira do BNG de Gondomar e deputada provincial -","isPartOf":{"@id":"https:\/\/www.anovapeneira.gal\/#website"},"primaryImageOfPage":{"@id":"https:\/\/www.anovapeneira.gal\/index.php\/2024\/09\/16\/manuela-rodriguez-voceira-do-bng-de-gondomar-e-deputada-provincial\/#primaryimage"},"image":{"@id":"https:\/\/www.anovapeneira.gal\/index.php\/2024\/09\/16\/manuela-rodriguez-voceira-do-bng-de-gondomar-e-deputada-provincial\/#primaryimage"},"thumbnailUrl":"https:\/\/www.anovapeneira.gal\/wp-content\/uploads\/2024\/09\/Manuela_r_Pumar.png","datePublished":"2024-09-16T08:00:41+00:00","breadcrumb":{"@id":"https:\/\/www.anovapeneira.gal\/index.php\/2024\/09\/16\/manuela-rodriguez-voceira-do-bng-de-gondomar-e-deputada-provincial\/#breadcrumb"},"inLanguage":"gl-ES","potentialAction":[{"@type":"ReadAction","target":["https:\/\/www.anovapeneira.gal\/index.php\/2024\/09\/16\/manuela-rodriguez-voceira-do-bng-de-gondomar-e-deputada-provincial\/"]}]},{"@type":"ImageObject","inLanguage":"gl-ES","@id":"https:\/\/www.anovapeneira.gal\/index.php\/2024\/09\/16\/manuela-rodriguez-voceira-do-bng-de-gondomar-e-deputada-provincial\/#primaryimage","url":"https:\/\/www.anovapeneira.gal\/wp-content\/uploads\/2024\/09\/Manuela_r_Pumar.png","contentUrl":"https:\/\/www.anovapeneira.gal\/wp-content\/uploads\/2024\/09\/Manuela_r_Pumar.png","width":720,"height":432,"caption":"Manuela Rodr\u00edguez Pumar BNG Gondomar"},{"@type":"BreadcrumbList","@id":"https:\/\/www.anovapeneira.gal\/index.php\/2024\/09\/16\/manuela-rodriguez-voceira-do-bng-de-gondomar-e-deputada-provincial\/#breadcrumb","itemListElement":[{"@type":"ListItem","position":1,"name":"Portada","item":"https:\/\/www.anovapeneira.gal\/"},{"@type":"ListItem","position":2,"name":"Manuela Rodr\u00edguez voceira do BNG de Gondomar e deputada provincial"}]},{"@type":"WebSite","@id":"https:\/\/www.anovapeneira.gal\/#website","url":"https:\/\/www.anovapeneira.gal\/","name":"","description":"Xornal galego de informaci\u00f3n xeral Publicaci\u00f3n mensual de novas de Galicia e en especial dos Concellos da sur da provincia de Pontevedra.","publisher":{"@id":"https:\/\/www.anovapeneira.gal\/#organization"},"potentialAction":[{"@type":"SearchAction","target":{"@type":"EntryPoint","urlTemplate":"https:\/\/www.anovapeneira.gal\/?s={search_term_string}"},"query-input":{"@type":"PropertyValueSpecification","valueRequired":true,"valueName":"search_term_string"}}],"inLanguage":"gl-ES"},{"@type":"Organization","@id":"https:\/\/www.anovapeneira.gal\/#organization","name":"A Nova Peneira","url":"https:\/\/www.anovapeneira.gal\/","logo":{"@type":"ImageObject","inLanguage":"gl-ES","@id":"https:\/\/www.anovapeneira.gal\/#\/schema\/logo\/image\/","url":"http:\/\/www.anovapeneira.gal\/wp-content\/uploads\/2019\/06\/logo_a_nova_peneira_portal_web.png","contentUrl":"http:\/\/www.anovapeneira.gal\/wp-content\/uploads\/2019\/06\/logo_a_nova_peneira_portal_web.png","width":300,"height":100,"caption":"A Nova Peneira"},"image":{"@id":"https:\/\/www.anovapeneira.gal\/#\/schema\/logo\/image\/"},"sameAs":["https:\/\/www.facebook.com\/anovapeneira","https:\/\/x.com\/APeneira"]},{"@type":"Person","@id":"https:\/\/www.anovapeneira.gal\/#\/schema\/person\/424dfe65e3070fd8a44d22d2c088762a","name":"Tino Lago","image":{"@type":"ImageObject","inLanguage":"gl-ES","@id":"https:\/\/secure.gravatar.com\/avatar\/b3df6a06e44bab3111583b90f0f33a0379ee5e3d22cbadd232d39f21c30c62be?s=96&d=mm&r=g","url":"https:\/\/secure.gravatar.com\/avatar\/b3df6a06e44bab3111583b90f0f33a0379ee5e3d22cbadd232d39f21c30c62be?s=96&d=mm&r=g","contentUrl":"https:\/\/secure.gravatar.com\/avatar\/b3df6a06e44bab3111583b90f0f33a0379ee5e3d22cbadd232d39f21c30c62be?s=96&d=mm&r=g","caption":"Tino Lago"},"sameAs":["http:\/\/www.anovapeneira.gal"],"url":"https:\/\/www.anovapeneira.gal\/index.php\/author\/director\/"}]}},"jetpack_featured_media_url":"https:\/\/www.anovapeneira.gal\/wp-content\/uploads\/2024\/09\/Manuela_r_Pumar.png","_links":{"self":[{"href":"https:\/\/www.anovapeneira.gal\/index.php\/wp-json\/wp\/v2\/posts\/12405","targetHints":{"allow":["GET"]}}],"collection":[{"href":"https:\/\/www.anovapeneira.gal\/index.php\/wp-json\/wp\/v2\/posts"}],"about":[{"href":"https:\/\/www.anovapeneira.gal\/index.php\/wp-json\/wp\/v2\/types\/post"}],"author":[{"embeddable":true,"href":"https:\/\/www.anovapeneira.gal\/index.php\/wp-json\/wp\/v2\/users\/2"}],"replies":[{"embeddable":true,"href":"https:\/\/www.anovapeneira.gal\/index.php\/wp-json\/wp\/v2\/comments?post=12405"}],"version-history":[{"count":1,"href":"https:\/\/www.anovapeneira.gal\/index.php\/wp-json\/wp\/v2\/posts\/12405\/revisions"}],"predecessor-version":[{"id":12407,"href":"https:\/\/www.anovapeneira.gal\/index.php\/wp-json\/wp\/v2\/posts\/12405\/revisions\/12407"}],"wp:featuredmedia":[{"embeddable":true,"href":"https:\/\/www.anovapeneira.gal\/index.php\/wp-json\/wp\/v2\/media\/12406"}],"wp:attachment":[{"href":"https:\/\/www.anovapeneira.gal\/index.php\/wp-json\/wp\/v2\/media?parent=12405"}],"wp:term":[{"taxonomy":"category","embeddable":true,"href":"https:\/\/www.anovapeneira.gal\/index.php\/wp-json\/wp\/v2\/categories?post=12405"},{"taxonomy":"post_tag","embeddable":true,"href":"https:\/\/www.anovapeneira.gal\/index.php\/wp-json\/wp\/v2\/tags?post=12405"}],"curies":[{"name":"wp","href":"https:\/\/api.w.org\/{rel}","templated":true}]}}