{"id":12411,"date":"2024-09-17T10:00:50","date_gmt":"2024-09-17T08:00:50","guid":{"rendered":"https:\/\/www.anovapeneira.gal\/?p=12411"},"modified":"2024-09-11T12:46:19","modified_gmt":"2024-09-11T10:46:19","slug":"o-entreverbas-de-cabreira-ix-anos-entre-verbas-musica-e-poesia","status":"publish","type":"post","link":"https:\/\/www.anovapeneira.gal\/index.php\/2024\/09\/17\/o-entreverbas-de-cabreira-ix-anos-entre-verbas-musica-e-poesia\/","title":{"rendered":"O ENTREVERBAS de Cabreira: IX anos entre verbas, m\u00fasica e poes\u00eda"},"content":{"rendered":"\n<p>Os pasados 13 e 14 de setembro na parroquia de Cabreira, do concello de Salvaterra, como ven acontecendo desde o ano 2015, puidemos gozar do marabilloso festival ENTREVERBAS.<\/p>\n\n\n\n<p>Este evento vense celebrando de maneira ininterrompida desde ese ano con excepci\u00f3n do 2021, que foi imposible por mor da pandemia. O ENTREVERBAS nace da vontade dun pequeno grupo de amigos de Cabreira que tratan de levar a poes\u00eda, a literatura e diversos campos da expresi\u00f3n art\u00edstica ata os \u00faltimos currunchos da s\u00faa parroquia. E n\u00f3s non podemos m\u00e1is que compartir , celebrar, e na medida das nosas posibilidades apoiar, iniciativas tan fermosas como esta, xa que universalizar a posibilidade de gozar da cultura \u00e9 o cami\u00f1o m\u00e1is adecuado para constru\u00edr unha sociedade democr\u00e1tica de verdade.<\/p>\n\n\n\n<p>O resultado da edici\u00f3n deste ano foi como sempre un \u00e9xito. N\u00f3s acheg\u00e1monos ata Cabreira para conversar coa alma mater da asociaci\u00f3n Xanela, o colectivo responsable da organizaci\u00f3n do ENTREVERBAS, el \u00e9 o amigo \u201c Xespi\u201d co que un ano m\u00e1is foi un pracer falar.<\/p>\n\n\n\n<p><strong>XOS\u00c9 MANUEL MART\u00cdNEZ \u201cXESPI\u201d.<\/strong><\/p>\n\n\n\n<p><strong>Un ano m\u00e1is , e xa van 9.Cando comezastes poidades chegar a imaxinar que o evento acadase a dimensi\u00f3n na que est\u00e1 actualmente?<\/strong><\/p>\n\n\n\n<blockquote class=\"wp-block-quote is-layout-flow wp-block-quote-is-layout-flow\">\n<p>A verdade \u00e9 que non. N\u00f3s comezamos case de maneira experimental, pero a cousa foi medrando aos poucos e collendo corpo. N\u00f3s estamos encantados pois parece que en li\u00f1as xerais o p\u00fablico acolle as nosas propostas con ilusi\u00f3n e interese.<\/p>\n<\/blockquote>\n\n\n\n<p><strong>Fagamos memoria. Como comezou todo?<\/strong><\/p>\n\n\n\n<blockquote class=\"wp-block-quote is-layout-flow wp-block-quote-is-layout-flow\">\n<p>Comezou no n\u00facleo da asociaci\u00f3n veci\u00f1al Xerme da parroquia de Cabreira no ano 2015.Naquel momento eu formaba parta da Xunta Directiva e unha das propostas que formulamos foi a creaci\u00f3n dun evento literario con poes\u00eda e m\u00fasica. A cousa funcionou moi ben e decidimos continuar. Como nas seguintes edici\u00f3ns eu xa non formaba parte da directiva de Xerme , creamos unha pequena asociaci\u00f3n: Xanela.<\/p>\n<\/blockquote>\n\n\n\n<p><strong>Esta asociaci\u00f3n \u00e9 a que organiza o ENTREVERBAS na actualidade?<\/strong><\/p>\n\n\n\n<blockquote class=\"wp-block-quote is-layout-flow wp-block-quote-is-layout-flow\">\n<p>Si. A asociaci\u00f3n est\u00e1 composta por un grupo de amigos e amigas que nos gusta a literatura e a poes\u00eda en particular.<\/p>\n<\/blockquote>\n\n\n\n<p><strong>Se cadra a poes\u00eda \u00e9 o n\u00facleo do festival,pero tam\u00e9n abrangue m\u00e1is campos art\u00edsticos, verdade?<\/strong><\/p>\n\n\n\n<blockquote class=\"wp-block-quote is-layout-flow wp-block-quote-is-layout-flow\">\n<p>Si, as\u00ed \u00e9. Tocamos temas como a fotograf\u00eda, a pintura, a curtametraxe&#8230;..<\/p>\n<\/blockquote>\n\n\n\n<p><strong>Esta \u00e9 a IX edici\u00f3n, pero xa levades X anos de vida?<\/strong><\/p>\n\n\n\n<blockquote class=\"wp-block-quote is-layout-flow wp-block-quote-is-layout-flow\">\n<p>Si, no ano 2021 por mor da pandemia non nos foi posible organizar o ENTREVERBAS. Pero foi unha parada conxuntural motivada por unha causa de forza maior, que levou a que se paralizara o mundo. A nosa vontade sempre foi continuar.<\/p>\n<\/blockquote>\n\n\n\n<p><strong>Nos IX anos da vosa historia sempre desenvolvestes o festival nos mesmos espazos?<\/strong><\/p>\n\n\n\n<blockquote class=\"wp-block-quote is-layout-flow wp-block-quote-is-layout-flow\">\n<p>En Xerme si, ag\u00e1s o ano 2020( en pandemia) que tivemos que ir a outro espazo. Logo as outras actividades t\u00e9molas desenvolto en diferentes puntos de Cabreira.<\/p>\n<\/blockquote>\n\n\n\n<p><strong>Por exemplo?<\/strong><\/p>\n\n\n\n<blockquote class=\"wp-block-quote is-layout-flow wp-block-quote-is-layout-flow\">\n<p>Pois temos estado nunha carpinter\u00eda, no xard\u00edn dunha veci\u00f1a&#8230;Agora mesmo a escola e o bar San Rok\u00e1n van ser puntos case fixos porque sempre est\u00e1n, e n\u00f3s estamos moi a gusto en ambos lugares.<\/p>\n<\/blockquote>\n\n\n\n<p><strong>C\u00f3ntanos as propostas que tivestes na presente edici\u00f3n?<\/strong><\/p>\n\n\n\n<blockquote class=\"wp-block-quote is-layout-flow wp-block-quote-is-layout-flow\">\n<p>Continuamos co espazo para o p\u00fablico infantil que iniciaramos na edici\u00f3n anterior. Este ano tivemos unha peza teatral que desenvolveu Cristina Collazo, unha artista de enorme solvencia, na escola infantil de Cabreira. Al\u00ed ofreceunos o seu espect\u00e1culo da \u201cPepa a Loba\u201d<\/p>\n<\/blockquote>\n\n\n\n<p><strong>Que interesante. E como a recibiron os nenos e as nenas?<\/strong><\/p>\n\n\n\n<blockquote class=\"wp-block-quote is-layout-flow wp-block-quote-is-layout-flow\">\n<p>De maneira enormemente positiva. Foi das propostas que temos presentado ultimamente de cuxo resultado estamos m\u00e1is satisfeitos.<\/p>\n<\/blockquote>\n\n\n\n<p><strong>Ben, e para o p\u00fablico adulto?<\/strong><\/p>\n\n\n\n<blockquote class=\"wp-block-quote is-layout-flow wp-block-quote-is-layout-flow\">\n<p>O venres pola noite tivemos a proxecci\u00f3n de \u201c Malla\u201d unha curtametraxe dun rapaz das Neves, Adri\u00e1n Dia\u00f1o, e unha moi interesante conversa con el. E asemade abrimos un ano m\u00e1is a exposici\u00f3n do escultor Constante Gonz\u00e1lez no espazo de sempre.<\/p>\n<\/blockquote>\n\n\n\n<p><strong>Eu co\u00f1ezo a obra de Constante e convido a que quen non a co\u00f1eza que o faga porque \u00e9 dunha calidade extraordinaria.<\/strong><\/p>\n\n\n\n<blockquote class=\"wp-block-quote is-layout-flow wp-block-quote-is-layout-flow\">\n<p>Abof\u00e9 que \u00e9 as\u00ed. Na exposici\u00f3n deste ano presentou pezas in\u00e9ditas e a verdade o seu traballo non defrauda nunca. Todas as persoas que co\u00f1ecen o seu traballo acaban sa\u00edndo entusiasmados.<\/p>\n<\/blockquote>\n\n\n\n<p><strong>O s\u00e1bado foi como sempre o d\u00eda forte?<\/strong><\/p>\n\n\n\n<blockquote class=\"wp-block-quote is-layout-flow wp-block-quote-is-layout-flow\">\n<p>Si, este ano contamos cunha novidade: a charanga SDK de Gul\u00e1ns, pois quixemos que nos axudaran a animar un pouco \u00e1 parroquia, que percorreron diferentes puntos de Cabreira e remataron a s\u00faa actuaci\u00f3n no CC Xerme.<\/p>\n<\/blockquote>\n\n\n\n<p><strong>E despois de SDK veu o recital en si?<\/strong><\/p>\n\n\n\n<blockquote class=\"wp-block-quote is-layout-flow wp-block-quote-is-layout-flow\">\n<p>Efectivamente con poetas de enorme solvencia. Tivemos o pracer de contar coa compa\u00f1\u00eda de :Ismael Ramos, Samuel Merino, Masha \u00c1lvarez e Ledicia Costas.<\/p>\n<\/blockquote>\n\n\n\n<p><strong>Vaia Luxo\u00a1\u00a1<\/strong><\/p>\n\n\n\n<blockquote class=\"wp-block-quote is-layout-flow wp-block-quote-is-layout-flow\">\n<p>Un luxo aut\u00e9ntico, abof\u00e9 que si. O seu talento e sensibilidade fix\u00e9ronnos pasar uns momentos marabillosos. Logo pechamos coa actuaci\u00f3n musical de Sof\u00eda Espi\u00f1eira. E finalmente todas as persoas confraternizamos tomando uns petiscos e uns vi\u00f1os nun momento extraordinariamente agradable.<\/p>\n<\/blockquote>\n\n\n\n<p><strong>Que tal a asistencia este ano?<\/strong><\/p>\n\n\n\n<blockquote class=\"wp-block-quote is-layout-flow wp-block-quote-is-layout-flow\">\n<p>Moi ben. Que nunha parroquia como a nosa poidan achegarse entre 150-200 persoas( depende do momento) a escoitar poes\u00eda non deixa de ser un orgullo inmenso.<\/p>\n<\/blockquote>\n\n\n\n<p><strong>Como valoras a vinculaci\u00f3n do pobo de Cabreira co ENTREVERBAS?<\/strong><\/p>\n\n\n\n<blockquote class=\"wp-block-quote is-layout-flow wp-block-quote-is-layout-flow\">\n<p>Val\u00f3roa de maneira tremendamente positiva. N\u00f3s tratamos de implicar cada vez m\u00e1is \u00e1 veci\u00f1anza, por exemplo as presentaci\u00f3ns de cada poeta fainas sempre un veci\u00f1o ou unha veci\u00f1a, ou moitos dos petiscos que tomamos para despedirnos son subministrados por persoas da parroquia. Tam\u00e9n nos axudan moito nas montaxes e na organizaci\u00f3n en xeral.<\/p>\n<\/blockquote>\n\n\n\n<p><strong>Rematamos:Como se porta o Concello?<\/strong><\/p>\n\n\n\n<blockquote class=\"wp-block-quote is-layout-flow wp-block-quote-is-layout-flow\">\n<p>Sempre se poder\u00edan portar algo mellor.<\/p>\n<\/blockquote>\n","protected":false},"excerpt":{"rendered":"<div class=\"mh-excerpt\"><p>Os pasados 13 e 14 de setembro na parroquia de Cabreira, do concello de Salvaterra, como ven acontecendo desde o ano 2015, puidemos gozar do marabilloso festival ENTREVERBAS. <a class=\"mh-excerpt-more\" href=\"https:\/\/www.anovapeneira.gal\/index.php\/2024\/09\/17\/o-entreverbas-de-cabreira-ix-anos-entre-verbas-musica-e-poesia\/\" title=\"O ENTREVERBAS de Cabreira: IX anos entre verbas, m\u00fasica e poes\u00eda\">[&#8230;]<\/a><\/p>\n<\/div>","protected":false},"author":3,"featured_media":12412,"comment_status":"open","ping_status":"open","sticky":false,"template":"","format":"standard","meta":{"_exactmetrics_skip_tracking":false,"_exactmetrics_sitenote_active":false,"_exactmetrics_sitenote_note":"","_exactmetrics_sitenote_category":0,"footnotes":""},"categories":[25],"tags":[186],"class_list":{"0":"post-12411","1":"post","2":"type-post","3":"status-publish","4":"format-standard","5":"has-post-thumbnail","7":"category-condado","8":"tag-concello-de-salvaterra-do-mino"},"yoast_head":"<!-- This site is optimized with the Yoast SEO plugin v27.4 - https:\/\/yoast.com\/product\/yoast-seo-wordpress\/ -->\n<title>O ENTREVERBAS de Cabreira: IX anos entre verbas, m\u00fasica e poes\u00eda -<\/title>\n<meta name=\"robots\" content=\"index, follow, max-snippet:-1, max-image-preview:large, max-video-preview:-1\" \/>\n<link rel=\"canonical\" href=\"https:\/\/www.anovapeneira.gal\/index.php\/2024\/09\/17\/o-entreverbas-de-cabreira-ix-anos-entre-verbas-musica-e-poesia\/\" \/>\n<meta property=\"og:locale\" content=\"gl_ES\" \/>\n<meta property=\"og:type\" content=\"article\" \/>\n<meta property=\"og:title\" content=\"O ENTREVERBAS de Cabreira: IX anos entre verbas, m\u00fasica e poes\u00eda -\" \/>\n<meta property=\"og:description\" content=\"Os pasados 13 e 14 de setembro na parroquia de Cabreira, do concello de Salvaterra, como ven acontecendo desde o ano 2015, puidemos gozar do marabilloso festival ENTREVERBAS. [...]\" \/>\n<meta property=\"og:url\" content=\"https:\/\/www.anovapeneira.gal\/index.php\/2024\/09\/17\/o-entreverbas-de-cabreira-ix-anos-entre-verbas-musica-e-poesia\/\" \/>\n<meta property=\"article:publisher\" content=\"https:\/\/www.facebook.com\/anovapeneira\" \/>\n<meta property=\"article:published_time\" content=\"2024-09-17T08:00:50+00:00\" \/>\n<meta property=\"og:image\" content=\"https:\/\/www.anovapeneira.gal\/wp-content\/uploads\/2024\/09\/entreverbas.png\" \/>\n\t<meta property=\"og:image:width\" content=\"720\" \/>\n\t<meta property=\"og:image:height\" content=\"432\" \/>\n\t<meta property=\"og:image:type\" content=\"image\/png\" \/>\n<meta name=\"author\" content=\"Redacci\u00f3n A Nova Peneira\" \/>\n<meta name=\"twitter:card\" content=\"summary_large_image\" \/>\n<meta name=\"twitter:creator\" content=\"@APeneira\" \/>\n<meta name=\"twitter:site\" content=\"@APeneira\" \/>\n<meta name=\"twitter:label1\" content=\"Escrito por\" \/>\n\t<meta name=\"twitter:data1\" content=\"Redacci\u00f3n A Nova Peneira\" \/>\n\t<meta name=\"twitter:label2\" content=\"Tempo de lectura\" \/>\n\t<meta name=\"twitter:data2\" content=\"3 minutos\" \/>\n<script type=\"application\/ld+json\" class=\"yoast-schema-graph\">{\"@context\":\"https:\\\/\\\/schema.org\",\"@graph\":[{\"@type\":\"Article\",\"@id\":\"https:\\\/\\\/www.anovapeneira.gal\\\/index.php\\\/2024\\\/09\\\/17\\\/o-entreverbas-de-cabreira-ix-anos-entre-verbas-musica-e-poesia\\\/#article\",\"isPartOf\":{\"@id\":\"https:\\\/\\\/www.anovapeneira.gal\\\/index.php\\\/2024\\\/09\\\/17\\\/o-entreverbas-de-cabreira-ix-anos-entre-verbas-musica-e-poesia\\\/\"},\"author\":{\"name\":\"Redacci\u00f3n A Nova Peneira\",\"@id\":\"https:\\\/\\\/www.anovapeneira.gal\\\/#\\\/schema\\\/person\\\/b93e3f8932e3f8da96334607eb6ac6aa\"},\"headline\":\"O ENTREVERBAS de Cabreira: IX anos entre verbas, m\u00fasica e poes\u00eda\",\"datePublished\":\"2024-09-17T08:00:50+00:00\",\"mainEntityOfPage\":{\"@id\":\"https:\\\/\\\/www.anovapeneira.gal\\\/index.php\\\/2024\\\/09\\\/17\\\/o-entreverbas-de-cabreira-ix-anos-entre-verbas-musica-e-poesia\\\/\"},\"wordCount\":982,\"commentCount\":0,\"publisher\":{\"@id\":\"https:\\\/\\\/www.anovapeneira.gal\\\/#organization\"},\"image\":{\"@id\":\"https:\\\/\\\/www.anovapeneira.gal\\\/index.php\\\/2024\\\/09\\\/17\\\/o-entreverbas-de-cabreira-ix-anos-entre-verbas-musica-e-poesia\\\/#primaryimage\"},\"thumbnailUrl\":\"https:\\\/\\\/www.anovapeneira.gal\\\/wp-content\\\/uploads\\\/2024\\\/09\\\/entreverbas.png\",\"keywords\":[\"Concello de Salvaterra do Mi\u00f1o\"],\"articleSection\":[\"Condado\"],\"inLanguage\":\"gl-ES\",\"potentialAction\":[{\"@type\":\"CommentAction\",\"name\":\"Comment\",\"target\":[\"https:\\\/\\\/www.anovapeneira.gal\\\/index.php\\\/2024\\\/09\\\/17\\\/o-entreverbas-de-cabreira-ix-anos-entre-verbas-musica-e-poesia\\\/#respond\"]}]},{\"@type\":\"WebPage\",\"@id\":\"https:\\\/\\\/www.anovapeneira.gal\\\/index.php\\\/2024\\\/09\\\/17\\\/o-entreverbas-de-cabreira-ix-anos-entre-verbas-musica-e-poesia\\\/\",\"url\":\"https:\\\/\\\/www.anovapeneira.gal\\\/index.php\\\/2024\\\/09\\\/17\\\/o-entreverbas-de-cabreira-ix-anos-entre-verbas-musica-e-poesia\\\/\",\"name\":\"O ENTREVERBAS de Cabreira: IX anos entre verbas, m\u00fasica e poes\u00eda -\",\"isPartOf\":{\"@id\":\"https:\\\/\\\/www.anovapeneira.gal\\\/#website\"},\"primaryImageOfPage\":{\"@id\":\"https:\\\/\\\/www.anovapeneira.gal\\\/index.php\\\/2024\\\/09\\\/17\\\/o-entreverbas-de-cabreira-ix-anos-entre-verbas-musica-e-poesia\\\/#primaryimage\"},\"image\":{\"@id\":\"https:\\\/\\\/www.anovapeneira.gal\\\/index.php\\\/2024\\\/09\\\/17\\\/o-entreverbas-de-cabreira-ix-anos-entre-verbas-musica-e-poesia\\\/#primaryimage\"},\"thumbnailUrl\":\"https:\\\/\\\/www.anovapeneira.gal\\\/wp-content\\\/uploads\\\/2024\\\/09\\\/entreverbas.png\",\"datePublished\":\"2024-09-17T08:00:50+00:00\",\"breadcrumb\":{\"@id\":\"https:\\\/\\\/www.anovapeneira.gal\\\/index.php\\\/2024\\\/09\\\/17\\\/o-entreverbas-de-cabreira-ix-anos-entre-verbas-musica-e-poesia\\\/#breadcrumb\"},\"inLanguage\":\"gl-ES\",\"potentialAction\":[{\"@type\":\"ReadAction\",\"target\":[\"https:\\\/\\\/www.anovapeneira.gal\\\/index.php\\\/2024\\\/09\\\/17\\\/o-entreverbas-de-cabreira-ix-anos-entre-verbas-musica-e-poesia\\\/\"]}]},{\"@type\":\"ImageObject\",\"inLanguage\":\"gl-ES\",\"@id\":\"https:\\\/\\\/www.anovapeneira.gal\\\/index.php\\\/2024\\\/09\\\/17\\\/o-entreverbas-de-cabreira-ix-anos-entre-verbas-musica-e-poesia\\\/#primaryimage\",\"url\":\"https:\\\/\\\/www.anovapeneira.gal\\\/wp-content\\\/uploads\\\/2024\\\/09\\\/entreverbas.png\",\"contentUrl\":\"https:\\\/\\\/www.anovapeneira.gal\\\/wp-content\\\/uploads\\\/2024\\\/09\\\/entreverbas.png\",\"width\":720,\"height\":432,\"caption\":\"Entreverbas\"},{\"@type\":\"BreadcrumbList\",\"@id\":\"https:\\\/\\\/www.anovapeneira.gal\\\/index.php\\\/2024\\\/09\\\/17\\\/o-entreverbas-de-cabreira-ix-anos-entre-verbas-musica-e-poesia\\\/#breadcrumb\",\"itemListElement\":[{\"@type\":\"ListItem\",\"position\":1,\"name\":\"Portada\",\"item\":\"https:\\\/\\\/www.anovapeneira.gal\\\/\"},{\"@type\":\"ListItem\",\"position\":2,\"name\":\"O ENTREVERBAS de Cabreira: IX anos entre verbas, m\u00fasica e poes\u00eda\"}]},{\"@type\":\"WebSite\",\"@id\":\"https:\\\/\\\/www.anovapeneira.gal\\\/#website\",\"url\":\"https:\\\/\\\/www.anovapeneira.gal\\\/\",\"name\":\"\",\"description\":\"Xornal galego de informaci\u00f3n xeral Publicaci\u00f3n mensual de novas de Galicia e en especial dos Concellos da sur da provincia de Pontevedra.\",\"publisher\":{\"@id\":\"https:\\\/\\\/www.anovapeneira.gal\\\/#organization\"},\"potentialAction\":[{\"@type\":\"SearchAction\",\"target\":{\"@type\":\"EntryPoint\",\"urlTemplate\":\"https:\\\/\\\/www.anovapeneira.gal\\\/?s={search_term_string}\"},\"query-input\":{\"@type\":\"PropertyValueSpecification\",\"valueRequired\":true,\"valueName\":\"search_term_string\"}}],\"inLanguage\":\"gl-ES\"},{\"@type\":\"Organization\",\"@id\":\"https:\\\/\\\/www.anovapeneira.gal\\\/#organization\",\"name\":\"A Nova Peneira\",\"url\":\"https:\\\/\\\/www.anovapeneira.gal\\\/\",\"logo\":{\"@type\":\"ImageObject\",\"inLanguage\":\"gl-ES\",\"@id\":\"https:\\\/\\\/www.anovapeneira.gal\\\/#\\\/schema\\\/logo\\\/image\\\/\",\"url\":\"http:\\\/\\\/www.anovapeneira.gal\\\/wp-content\\\/uploads\\\/2019\\\/06\\\/logo_a_nova_peneira_portal_web.png\",\"contentUrl\":\"http:\\\/\\\/www.anovapeneira.gal\\\/wp-content\\\/uploads\\\/2019\\\/06\\\/logo_a_nova_peneira_portal_web.png\",\"width\":300,\"height\":100,\"caption\":\"A Nova Peneira\"},\"image\":{\"@id\":\"https:\\\/\\\/www.anovapeneira.gal\\\/#\\\/schema\\\/logo\\\/image\\\/\"},\"sameAs\":[\"https:\\\/\\\/www.facebook.com\\\/anovapeneira\",\"https:\\\/\\\/x.com\\\/APeneira\"]},{\"@type\":\"Person\",\"@id\":\"https:\\\/\\\/www.anovapeneira.gal\\\/#\\\/schema\\\/person\\\/b93e3f8932e3f8da96334607eb6ac6aa\",\"name\":\"Redacci\u00f3n A Nova Peneira\",\"image\":{\"@type\":\"ImageObject\",\"inLanguage\":\"gl-ES\",\"@id\":\"https:\\\/\\\/secure.gravatar.com\\\/avatar\\\/c052a2551a06e23fac63626232eaa90abd78dbcf1700fc46a2b2c89fd27b735f?s=96&d=mm&r=g\",\"url\":\"https:\\\/\\\/secure.gravatar.com\\\/avatar\\\/c052a2551a06e23fac63626232eaa90abd78dbcf1700fc46a2b2c89fd27b735f?s=96&d=mm&r=g\",\"contentUrl\":\"https:\\\/\\\/secure.gravatar.com\\\/avatar\\\/c052a2551a06e23fac63626232eaa90abd78dbcf1700fc46a2b2c89fd27b735f?s=96&d=mm&r=g\",\"caption\":\"Redacci\u00f3n A Nova Peneira\"},\"sameAs\":[\"http:\\\/\\\/www.anovapeneira.gal\\\/\"],\"url\":\"https:\\\/\\\/www.anovapeneira.gal\\\/index.php\\\/author\\\/redactor\\\/\"}]}<\/script>\n<!-- \/ Yoast SEO plugin. -->","yoast_head_json":{"title":"O ENTREVERBAS de Cabreira: IX anos entre verbas, m\u00fasica e poes\u00eda -","robots":{"index":"index","follow":"follow","max-snippet":"max-snippet:-1","max-image-preview":"max-image-preview:large","max-video-preview":"max-video-preview:-1"},"canonical":"https:\/\/www.anovapeneira.gal\/index.php\/2024\/09\/17\/o-entreverbas-de-cabreira-ix-anos-entre-verbas-musica-e-poesia\/","og_locale":"gl_ES","og_type":"article","og_title":"O ENTREVERBAS de Cabreira: IX anos entre verbas, m\u00fasica e poes\u00eda -","og_description":"Os pasados 13 e 14 de setembro na parroquia de Cabreira, do concello de Salvaterra, como ven acontecendo desde o ano 2015, puidemos gozar do marabilloso festival ENTREVERBAS. [...]","og_url":"https:\/\/www.anovapeneira.gal\/index.php\/2024\/09\/17\/o-entreverbas-de-cabreira-ix-anos-entre-verbas-musica-e-poesia\/","article_publisher":"https:\/\/www.facebook.com\/anovapeneira","article_published_time":"2024-09-17T08:00:50+00:00","og_image":[{"width":720,"height":432,"url":"https:\/\/www.anovapeneira.gal\/wp-content\/uploads\/2024\/09\/entreverbas.png","type":"image\/png"}],"author":"Redacci\u00f3n A Nova Peneira","twitter_card":"summary_large_image","twitter_creator":"@APeneira","twitter_site":"@APeneira","twitter_misc":{"Escrito por":"Redacci\u00f3n A Nova Peneira","Tempo de lectura":"3 minutos"},"schema":{"@context":"https:\/\/schema.org","@graph":[{"@type":"Article","@id":"https:\/\/www.anovapeneira.gal\/index.php\/2024\/09\/17\/o-entreverbas-de-cabreira-ix-anos-entre-verbas-musica-e-poesia\/#article","isPartOf":{"@id":"https:\/\/www.anovapeneira.gal\/index.php\/2024\/09\/17\/o-entreverbas-de-cabreira-ix-anos-entre-verbas-musica-e-poesia\/"},"author":{"name":"Redacci\u00f3n A Nova Peneira","@id":"https:\/\/www.anovapeneira.gal\/#\/schema\/person\/b93e3f8932e3f8da96334607eb6ac6aa"},"headline":"O ENTREVERBAS de Cabreira: IX anos entre verbas, m\u00fasica e poes\u00eda","datePublished":"2024-09-17T08:00:50+00:00","mainEntityOfPage":{"@id":"https:\/\/www.anovapeneira.gal\/index.php\/2024\/09\/17\/o-entreverbas-de-cabreira-ix-anos-entre-verbas-musica-e-poesia\/"},"wordCount":982,"commentCount":0,"publisher":{"@id":"https:\/\/www.anovapeneira.gal\/#organization"},"image":{"@id":"https:\/\/www.anovapeneira.gal\/index.php\/2024\/09\/17\/o-entreverbas-de-cabreira-ix-anos-entre-verbas-musica-e-poesia\/#primaryimage"},"thumbnailUrl":"https:\/\/www.anovapeneira.gal\/wp-content\/uploads\/2024\/09\/entreverbas.png","keywords":["Concello de Salvaterra do Mi\u00f1o"],"articleSection":["Condado"],"inLanguage":"gl-ES","potentialAction":[{"@type":"CommentAction","name":"Comment","target":["https:\/\/www.anovapeneira.gal\/index.php\/2024\/09\/17\/o-entreverbas-de-cabreira-ix-anos-entre-verbas-musica-e-poesia\/#respond"]}]},{"@type":"WebPage","@id":"https:\/\/www.anovapeneira.gal\/index.php\/2024\/09\/17\/o-entreverbas-de-cabreira-ix-anos-entre-verbas-musica-e-poesia\/","url":"https:\/\/www.anovapeneira.gal\/index.php\/2024\/09\/17\/o-entreverbas-de-cabreira-ix-anos-entre-verbas-musica-e-poesia\/","name":"O ENTREVERBAS de Cabreira: IX anos entre verbas, m\u00fasica e poes\u00eda -","isPartOf":{"@id":"https:\/\/www.anovapeneira.gal\/#website"},"primaryImageOfPage":{"@id":"https:\/\/www.anovapeneira.gal\/index.php\/2024\/09\/17\/o-entreverbas-de-cabreira-ix-anos-entre-verbas-musica-e-poesia\/#primaryimage"},"image":{"@id":"https:\/\/www.anovapeneira.gal\/index.php\/2024\/09\/17\/o-entreverbas-de-cabreira-ix-anos-entre-verbas-musica-e-poesia\/#primaryimage"},"thumbnailUrl":"https:\/\/www.anovapeneira.gal\/wp-content\/uploads\/2024\/09\/entreverbas.png","datePublished":"2024-09-17T08:00:50+00:00","breadcrumb":{"@id":"https:\/\/www.anovapeneira.gal\/index.php\/2024\/09\/17\/o-entreverbas-de-cabreira-ix-anos-entre-verbas-musica-e-poesia\/#breadcrumb"},"inLanguage":"gl-ES","potentialAction":[{"@type":"ReadAction","target":["https:\/\/www.anovapeneira.gal\/index.php\/2024\/09\/17\/o-entreverbas-de-cabreira-ix-anos-entre-verbas-musica-e-poesia\/"]}]},{"@type":"ImageObject","inLanguage":"gl-ES","@id":"https:\/\/www.anovapeneira.gal\/index.php\/2024\/09\/17\/o-entreverbas-de-cabreira-ix-anos-entre-verbas-musica-e-poesia\/#primaryimage","url":"https:\/\/www.anovapeneira.gal\/wp-content\/uploads\/2024\/09\/entreverbas.png","contentUrl":"https:\/\/www.anovapeneira.gal\/wp-content\/uploads\/2024\/09\/entreverbas.png","width":720,"height":432,"caption":"Entreverbas"},{"@type":"BreadcrumbList","@id":"https:\/\/www.anovapeneira.gal\/index.php\/2024\/09\/17\/o-entreverbas-de-cabreira-ix-anos-entre-verbas-musica-e-poesia\/#breadcrumb","itemListElement":[{"@type":"ListItem","position":1,"name":"Portada","item":"https:\/\/www.anovapeneira.gal\/"},{"@type":"ListItem","position":2,"name":"O ENTREVERBAS de Cabreira: IX anos entre verbas, m\u00fasica e poes\u00eda"}]},{"@type":"WebSite","@id":"https:\/\/www.anovapeneira.gal\/#website","url":"https:\/\/www.anovapeneira.gal\/","name":"","description":"Xornal galego de informaci\u00f3n xeral Publicaci\u00f3n mensual de novas de Galicia e en especial dos Concellos da sur da provincia de Pontevedra.","publisher":{"@id":"https:\/\/www.anovapeneira.gal\/#organization"},"potentialAction":[{"@type":"SearchAction","target":{"@type":"EntryPoint","urlTemplate":"https:\/\/www.anovapeneira.gal\/?s={search_term_string}"},"query-input":{"@type":"PropertyValueSpecification","valueRequired":true,"valueName":"search_term_string"}}],"inLanguage":"gl-ES"},{"@type":"Organization","@id":"https:\/\/www.anovapeneira.gal\/#organization","name":"A Nova Peneira","url":"https:\/\/www.anovapeneira.gal\/","logo":{"@type":"ImageObject","inLanguage":"gl-ES","@id":"https:\/\/www.anovapeneira.gal\/#\/schema\/logo\/image\/","url":"http:\/\/www.anovapeneira.gal\/wp-content\/uploads\/2019\/06\/logo_a_nova_peneira_portal_web.png","contentUrl":"http:\/\/www.anovapeneira.gal\/wp-content\/uploads\/2019\/06\/logo_a_nova_peneira_portal_web.png","width":300,"height":100,"caption":"A Nova Peneira"},"image":{"@id":"https:\/\/www.anovapeneira.gal\/#\/schema\/logo\/image\/"},"sameAs":["https:\/\/www.facebook.com\/anovapeneira","https:\/\/x.com\/APeneira"]},{"@type":"Person","@id":"https:\/\/www.anovapeneira.gal\/#\/schema\/person\/b93e3f8932e3f8da96334607eb6ac6aa","name":"Redacci\u00f3n A Nova Peneira","image":{"@type":"ImageObject","inLanguage":"gl-ES","@id":"https:\/\/secure.gravatar.com\/avatar\/c052a2551a06e23fac63626232eaa90abd78dbcf1700fc46a2b2c89fd27b735f?s=96&d=mm&r=g","url":"https:\/\/secure.gravatar.com\/avatar\/c052a2551a06e23fac63626232eaa90abd78dbcf1700fc46a2b2c89fd27b735f?s=96&d=mm&r=g","contentUrl":"https:\/\/secure.gravatar.com\/avatar\/c052a2551a06e23fac63626232eaa90abd78dbcf1700fc46a2b2c89fd27b735f?s=96&d=mm&r=g","caption":"Redacci\u00f3n A Nova Peneira"},"sameAs":["http:\/\/www.anovapeneira.gal\/"],"url":"https:\/\/www.anovapeneira.gal\/index.php\/author\/redactor\/"}]}},"jetpack_featured_media_url":"https:\/\/www.anovapeneira.gal\/wp-content\/uploads\/2024\/09\/entreverbas.png","_links":{"self":[{"href":"https:\/\/www.anovapeneira.gal\/index.php\/wp-json\/wp\/v2\/posts\/12411","targetHints":{"allow":["GET"]}}],"collection":[{"href":"https:\/\/www.anovapeneira.gal\/index.php\/wp-json\/wp\/v2\/posts"}],"about":[{"href":"https:\/\/www.anovapeneira.gal\/index.php\/wp-json\/wp\/v2\/types\/post"}],"author":[{"embeddable":true,"href":"https:\/\/www.anovapeneira.gal\/index.php\/wp-json\/wp\/v2\/users\/3"}],"replies":[{"embeddable":true,"href":"https:\/\/www.anovapeneira.gal\/index.php\/wp-json\/wp\/v2\/comments?post=12411"}],"version-history":[{"count":1,"href":"https:\/\/www.anovapeneira.gal\/index.php\/wp-json\/wp\/v2\/posts\/12411\/revisions"}],"predecessor-version":[{"id":12413,"href":"https:\/\/www.anovapeneira.gal\/index.php\/wp-json\/wp\/v2\/posts\/12411\/revisions\/12413"}],"wp:featuredmedia":[{"embeddable":true,"href":"https:\/\/www.anovapeneira.gal\/index.php\/wp-json\/wp\/v2\/media\/12412"}],"wp:attachment":[{"href":"https:\/\/www.anovapeneira.gal\/index.php\/wp-json\/wp\/v2\/media?parent=12411"}],"wp:term":[{"taxonomy":"category","embeddable":true,"href":"https:\/\/www.anovapeneira.gal\/index.php\/wp-json\/wp\/v2\/categories?post=12411"},{"taxonomy":"post_tag","embeddable":true,"href":"https:\/\/www.anovapeneira.gal\/index.php\/wp-json\/wp\/v2\/tags?post=12411"}],"curies":[{"name":"wp","href":"https:\/\/api.w.org\/{rel}","templated":true}]}}