{"id":12415,"date":"2024-09-17T12:00:01","date_gmt":"2024-09-17T10:00:01","guid":{"rendered":"https:\/\/www.anovapeneira.gal\/?p=12415"},"modified":"2024-09-16T12:56:00","modified_gmt":"2024-09-16T10:56:00","slug":"sobre-o-cambio-de-nome-dunha-rua-no-concello-de-redondela","status":"publish","type":"post","link":"https:\/\/www.anovapeneira.gal\/index.php\/2024\/09\/17\/sobre-o-cambio-de-nome-dunha-rua-no-concello-de-redondela\/","title":{"rendered":"Sobre o cambio de nome dunha r\u00faa no Concello de Redondela"},"content":{"rendered":"\n<pre class=\"wp-block-verse\"><strong>Marco Antonio Santos Soto.<\/strong><\/pre>\n\n\n\n<p>O 29 de decembro de 1874 o xeneral Arsenio Mart\u00ednez Campos encabezaba un pronunciamento, \u00e9 dicir un golpe de estado, que pu\u00f1a fin \u00e1 Primeira Rep\u00fablica Espa\u00f1ola. \u00c9 o co\u00f1ecido como o \u201c pronunciamento de Sagunto\u201d pois iniciouse nesta localidade valenciana . A consecuencia deste golpe de estado foi que o primeiro experimento republicano en Espa\u00f1a morreu, e a monarqu\u00eda volv\u00eda ser a forma pol\u00edtica no estado na persoa de Alfonso XII.<\/p>\n\n\n\n<p>Este monarca, falecido moi novo a consecuencia dunha tuberculose, pertence \u00e1 familia Borb\u00f3n, orixinariamente Bourbon-Anjou e logo castelanizada para agochar a s\u00faa orixe francesa, \u00e9 o tatarav\u00f3 do actual xefe do estado. A li\u00f1a din\u00e1stica continuou co seu presunto fillo, Alfonso XIII e despois da par\u00e9ntese da II Rep\u00fablica e o r\u00e9xime criminal e xenocida do nacional catolicismo espa\u00f1ol, retomou a xefatura do estado na persoa do seu bisneto Juan Carlos I, o \u201ccampechano\u201d multimillonario que vive fugado a corpo de \u201cMaraj\u00e1\u201d na capital do moi democr\u00e1tico Emiratos \u00c1rabes Unidos.<\/p>\n\n\n\n<p>A familia Borb\u00f3n \u00e9 obxectivamente responsable de innumerables penalidades e sufrimentos para os pobos de Espa\u00f1a. As\u00ed por exemplo: -A guerra de sucesi\u00f3n que posibilitou o inicio do reinado desta familia, e que entre outras cousas supuxo regalar a Gibraltar aos ingleses para que eles puideran reinar. Se os pail\u00e1ns dos futbolistas espa\u00f1ois que celebraban a vitoria na recente eurocopa berrando aquel \u201c Gibraltar es espa\u00f1ol, es espa\u00f1ol, lo, lo, lo, lo&#8230;\u201d souberan que non o \u00e9 porque ese \u00e9 o prezo que pagaron os Bourbon-Anjou para reinar en Espa\u00f1a estoup\u00e1balles a \u00fanica neurona que te\u00f1en.<\/p>\n\n\n\n<p>-Os cen mil fillos de San Luis, un corpo de mercenarios franceses que invadiron Espa\u00f1a en 1823 para liberar ao rei Borb\u00f3n, corrupto tirano e fel\u00f3n, Fernando VII<\/p>\n\n\n\n<p>-As Guerras Carlistas que libraron d\u00faas ramas desta infausta familia que se disputaban a \u201c lexitimidade\u201d do trono de Espa\u00f1a.<\/p>\n\n\n\n<p>-O apoio expl\u00edcito da familia ao golpe de estado franquista. R\u00e9xime que \u00e9 responsable da morte, tortura e prisi\u00f3n de tantas e tantos veci\u00f1os de Redondela. E non esquezamos que cando o pai do actual monarca d\u00e1 o discurso inaugural do seu reinado ante as cortes afirma \u201c recibo de su excelencia el Jefe del Estado y General\u00edsimo Franco la legitimidad pol\u00edtica surgida el 18 de julio de 1936..\u201d<\/p>\n\n\n\n<p>Si, s\u00fabditos e s\u00fabditas de Redondela, a lexitimidade do actual xefe de estado ven do 18 de Xullo, un golpe de estado, segundo reco\u00f1eceu o seu predecesor ,e a lexitimidade do monarca que lle daba nome a unha das r\u00faas m\u00e1is importantes de Redondela ven tam\u00e9n doutro golpe de estado o \u201c Pronunciamento de Sagunto\u201d<\/p>\n\n\n\n<p>Merecen uns golpistas que se honre a s\u00faa memoria d\u00e1ndolle o seu nome a unha r\u00faa?.Non, indiscutiblemente non.<\/p>\n\n\n\n<p>\u00c9 l\u00edcita e xusta a iniciativa popular para cambiar o nome desa r\u00faa?.Si, indiscutiblemente si.<\/p>\n\n\n\n<p>O empate a 10 na votaci\u00f3n do pleno que decidiu eliminar o nome dese monarca desa r\u00faa, resolto co voto de calidade da alcaldesa, foi froito dunha ausencia plenamente xustificada dunha concelleira do BNG que se puidera ter asistido a ese pleno votar\u00eda sen d\u00fabida de ning\u00fan tipo a favor de eliminar o nome de Alfonso XII . O resultado da votaci\u00f3n do pleno reflicte a realidade sociol\u00f3xica de Redondela: a esquerda \u00e9 maioritaria e a dereita non. O PP de Redondela pode agochalo como queira pero a realidade \u00e9 a que \u00e9: En Redondela a esquerda \u00e9 maior\u00eda e a dereita non. E a obriga dos que se din dem\u00f3cratas \u00e9 aceptar as derrotas de maneira democr\u00e1tica. A maior\u00eda do pleno de Redondela, representante da maior\u00eda dos veci\u00f1os e veci\u00f1as de Redondela , decidiu que o nome desa r\u00faa debe de ser mudado e a quen non lle guste non lle queda outra que respectar e aceptar.<\/p>\n\n\n\n<p>Os argumentos esgrimidos polos populares para xustificar o seu voto en contra ao cambio de nome da r\u00faa carecen do m\u00e1is m\u00ednimo rigor. Vexamos:<\/p>\n\n\n\n<p>-\u201d \u00c9 unha irresponsabilidade\u201d..Por que?<\/p>\n\n\n\n<p>-\u201dVai ocasionar moitos problemas aos veci\u00f1os\u201d ..Por que?<\/p>\n\n\n\n<p>-\u201dLeva moitos anos\u201d E que ?<\/p>\n\n\n\n<p>-\u201dHai un clamor popular contrario a ese cambio\u201d .Ese suposto clamor ven de 1.000 e poucas sinaturas que se presentan manifestando a s\u00faa non conformidade co cambio. Este \u201cargumento\u201d \u00e9 directamente un insulto \u00e1 intelixencia. \u00c9 que pensan que non sabemos que estiveron recollendo sinaturas na s\u00faa base social?.Si, hai polo menos 1.000 veci\u00f1os e veci\u00f1as de Redondela que son simpatizantes vosos, pois nada: 1.000 aplausos para v\u00f3s pola vosa capacidade de mobilizaci\u00f3n social, pero iso non incide en nada na cerna da cuesti\u00f3n: un suxeito que accede \u00e1 xefatura dun estado grazas a un golpe de estado non merece ning\u00fan tipo de honra.<\/p>\n\n\n\n<p>Remato cunha pregunta que sempre fago cando debato con alg\u00fan mon\u00e1rquico, que nunca ningu\u00e9n me deu respondido, e cunha pequena consideraci\u00f3n obxectiva:<\/p>\n\n\n\n<p>-P\u00f3dese xustificar racionalmente a pertinencia de que a xefatura dun estado sexa patrimonio perpetuo dunha soa familia?<\/p>\n\n\n\n<p>-No mundo hai 196 estado pol\u00edticos reco\u00f1ecidos pola ONU: 26 son monarqu\u00edas e 170 non. O 86,73% do planeta terra pensa diferente ao que pensa o PP de Redondela. Os equivocados son eles.<\/p>\n\n\n\n<p>Parab\u00e9ns emocionados aos 11 concelleiros e concelleiras do pleno de Redondela que apostaron pola dignidade<\/p>\n\n\n\n<p><strong>Viva a Rep\u00fablica.<\/strong><\/p>\n","protected":false},"excerpt":{"rendered":"<div class=\"mh-excerpt\"><p>Marco Antonio Santos Soto. O 29 de decembro de 1874 o xeneral Arsenio Mart\u00ednez Campos encabezaba un pronunciamento, \u00e9 dicir un golpe de estado, que pu\u00f1a fin \u00e1 Primeira Rep\u00fablica Espa\u00f1ola. \u00c9 o co\u00f1ecido como <a class=\"mh-excerpt-more\" href=\"https:\/\/www.anovapeneira.gal\/index.php\/2024\/09\/17\/sobre-o-cambio-de-nome-dunha-rua-no-concello-de-redondela\/\" title=\"Sobre o cambio de nome dunha r\u00faa no Concello de Redondela\">[&#8230;]<\/a><\/p>\n<\/div>","protected":false},"author":6,"featured_media":584,"comment_status":"open","ping_status":"open","sticky":false,"template":"","format":"standard","meta":{"_exactmetrics_skip_tracking":false,"_exactmetrics_sitenote_active":false,"_exactmetrics_sitenote_note":"","_exactmetrics_sitenote_category":0,"footnotes":""},"categories":[7],"tags":[],"class_list":{"0":"post-12415","1":"post","2":"type-post","3":"status-publish","4":"format-standard","5":"has-post-thumbnail","7":"category-artigos-de-opinion"},"yoast_head":"<!-- This site is optimized with the Yoast SEO plugin v27.4 - https:\/\/yoast.com\/product\/yoast-seo-wordpress\/ -->\n<title>Sobre o cambio de nome dunha r\u00faa no Concello de Redondela -<\/title>\n<meta name=\"robots\" content=\"index, follow, max-snippet:-1, max-image-preview:large, max-video-preview:-1\" \/>\n<link rel=\"canonical\" href=\"https:\/\/www.anovapeneira.gal\/index.php\/2024\/09\/17\/sobre-o-cambio-de-nome-dunha-rua-no-concello-de-redondela\/\" \/>\n<meta property=\"og:locale\" content=\"gl_ES\" \/>\n<meta property=\"og:type\" content=\"article\" \/>\n<meta property=\"og:title\" content=\"Sobre o cambio de nome dunha r\u00faa no Concello de Redondela -\" \/>\n<meta property=\"og:description\" content=\"Marco Antonio Santos Soto. O 29 de decembro de 1874 o xeneral Arsenio Mart\u00ednez Campos encabezaba un pronunciamento, \u00e9 dicir un golpe de estado, que pu\u00f1a fin \u00e1 Primeira Rep\u00fablica Espa\u00f1ola. \u00c9 o co\u00f1ecido como [...]\" \/>\n<meta property=\"og:url\" content=\"https:\/\/www.anovapeneira.gal\/index.php\/2024\/09\/17\/sobre-o-cambio-de-nome-dunha-rua-no-concello-de-redondela\/\" \/>\n<meta property=\"article:publisher\" content=\"https:\/\/www.facebook.com\/anovapeneira\" \/>\n<meta property=\"article:published_time\" content=\"2024-09-17T10:00:01+00:00\" \/>\n<meta property=\"og:image\" content=\"https:\/\/www.anovapeneira.gal\/wp-content\/uploads\/2019\/07\/ARTIGO_DE_OPINION_A_NOVA_PENEIRA.jpg\" \/>\n\t<meta property=\"og:image:width\" content=\"720\" \/>\n\t<meta property=\"og:image:height\" content=\"473\" \/>\n\t<meta property=\"og:image:type\" content=\"image\/jpeg\" \/>\n<meta name=\"author\" content=\"Marcos Santos\" \/>\n<meta name=\"twitter:card\" content=\"summary_large_image\" \/>\n<meta name=\"twitter:creator\" content=\"@APeneira\" \/>\n<meta name=\"twitter:site\" content=\"@APeneira\" \/>\n<meta name=\"twitter:label1\" content=\"Escrito por\" \/>\n\t<meta name=\"twitter:data1\" content=\"Marcos Santos\" \/>\n\t<meta name=\"twitter:label2\" content=\"Tempo de lectura\" \/>\n\t<meta name=\"twitter:data2\" content=\"5 minutos\" \/>\n<script type=\"application\/ld+json\" class=\"yoast-schema-graph\">{\"@context\":\"https:\\\/\\\/schema.org\",\"@graph\":[{\"@type\":\"Article\",\"@id\":\"https:\\\/\\\/www.anovapeneira.gal\\\/index.php\\\/2024\\\/09\\\/17\\\/sobre-o-cambio-de-nome-dunha-rua-no-concello-de-redondela\\\/#article\",\"isPartOf\":{\"@id\":\"https:\\\/\\\/www.anovapeneira.gal\\\/index.php\\\/2024\\\/09\\\/17\\\/sobre-o-cambio-de-nome-dunha-rua-no-concello-de-redondela\\\/\"},\"author\":{\"name\":\"Marcos Santos\",\"@id\":\"https:\\\/\\\/www.anovapeneira.gal\\\/#\\\/schema\\\/person\\\/d9d84823564720e7593293bab054e52d\"},\"headline\":\"Sobre o cambio de nome dunha r\u00faa no Concello de Redondela\",\"datePublished\":\"2024-09-17T10:00:01+00:00\",\"mainEntityOfPage\":{\"@id\":\"https:\\\/\\\/www.anovapeneira.gal\\\/index.php\\\/2024\\\/09\\\/17\\\/sobre-o-cambio-de-nome-dunha-rua-no-concello-de-redondela\\\/\"},\"wordCount\":920,\"commentCount\":0,\"publisher\":{\"@id\":\"https:\\\/\\\/www.anovapeneira.gal\\\/#organization\"},\"image\":{\"@id\":\"https:\\\/\\\/www.anovapeneira.gal\\\/index.php\\\/2024\\\/09\\\/17\\\/sobre-o-cambio-de-nome-dunha-rua-no-concello-de-redondela\\\/#primaryimage\"},\"thumbnailUrl\":\"https:\\\/\\\/www.anovapeneira.gal\\\/wp-content\\\/uploads\\\/2019\\\/07\\\/ARTIGO_DE_OPINION_A_NOVA_PENEIRA.jpg\",\"articleSection\":[\"Artigos de opini\u00f3n\"],\"inLanguage\":\"gl-ES\",\"potentialAction\":[{\"@type\":\"CommentAction\",\"name\":\"Comment\",\"target\":[\"https:\\\/\\\/www.anovapeneira.gal\\\/index.php\\\/2024\\\/09\\\/17\\\/sobre-o-cambio-de-nome-dunha-rua-no-concello-de-redondela\\\/#respond\"]}]},{\"@type\":\"WebPage\",\"@id\":\"https:\\\/\\\/www.anovapeneira.gal\\\/index.php\\\/2024\\\/09\\\/17\\\/sobre-o-cambio-de-nome-dunha-rua-no-concello-de-redondela\\\/\",\"url\":\"https:\\\/\\\/www.anovapeneira.gal\\\/index.php\\\/2024\\\/09\\\/17\\\/sobre-o-cambio-de-nome-dunha-rua-no-concello-de-redondela\\\/\",\"name\":\"Sobre o cambio de nome dunha r\u00faa no Concello de Redondela -\",\"isPartOf\":{\"@id\":\"https:\\\/\\\/www.anovapeneira.gal\\\/#website\"},\"primaryImageOfPage\":{\"@id\":\"https:\\\/\\\/www.anovapeneira.gal\\\/index.php\\\/2024\\\/09\\\/17\\\/sobre-o-cambio-de-nome-dunha-rua-no-concello-de-redondela\\\/#primaryimage\"},\"image\":{\"@id\":\"https:\\\/\\\/www.anovapeneira.gal\\\/index.php\\\/2024\\\/09\\\/17\\\/sobre-o-cambio-de-nome-dunha-rua-no-concello-de-redondela\\\/#primaryimage\"},\"thumbnailUrl\":\"https:\\\/\\\/www.anovapeneira.gal\\\/wp-content\\\/uploads\\\/2019\\\/07\\\/ARTIGO_DE_OPINION_A_NOVA_PENEIRA.jpg\",\"datePublished\":\"2024-09-17T10:00:01+00:00\",\"breadcrumb\":{\"@id\":\"https:\\\/\\\/www.anovapeneira.gal\\\/index.php\\\/2024\\\/09\\\/17\\\/sobre-o-cambio-de-nome-dunha-rua-no-concello-de-redondela\\\/#breadcrumb\"},\"inLanguage\":\"gl-ES\",\"potentialAction\":[{\"@type\":\"ReadAction\",\"target\":[\"https:\\\/\\\/www.anovapeneira.gal\\\/index.php\\\/2024\\\/09\\\/17\\\/sobre-o-cambio-de-nome-dunha-rua-no-concello-de-redondela\\\/\"]}]},{\"@type\":\"ImageObject\",\"inLanguage\":\"gl-ES\",\"@id\":\"https:\\\/\\\/www.anovapeneira.gal\\\/index.php\\\/2024\\\/09\\\/17\\\/sobre-o-cambio-de-nome-dunha-rua-no-concello-de-redondela\\\/#primaryimage\",\"url\":\"https:\\\/\\\/www.anovapeneira.gal\\\/wp-content\\\/uploads\\\/2019\\\/07\\\/ARTIGO_DE_OPINION_A_NOVA_PENEIRA.jpg\",\"contentUrl\":\"https:\\\/\\\/www.anovapeneira.gal\\\/wp-content\\\/uploads\\\/2019\\\/07\\\/ARTIGO_DE_OPINION_A_NOVA_PENEIRA.jpg\",\"width\":720,\"height\":473,\"caption\":\"Artigo de opini\u00f3n A Nova Peneira\"},{\"@type\":\"BreadcrumbList\",\"@id\":\"https:\\\/\\\/www.anovapeneira.gal\\\/index.php\\\/2024\\\/09\\\/17\\\/sobre-o-cambio-de-nome-dunha-rua-no-concello-de-redondela\\\/#breadcrumb\",\"itemListElement\":[{\"@type\":\"ListItem\",\"position\":1,\"name\":\"Portada\",\"item\":\"https:\\\/\\\/www.anovapeneira.gal\\\/\"},{\"@type\":\"ListItem\",\"position\":2,\"name\":\"Sobre o cambio de nome dunha r\u00faa no Concello de Redondela\"}]},{\"@type\":\"WebSite\",\"@id\":\"https:\\\/\\\/www.anovapeneira.gal\\\/#website\",\"url\":\"https:\\\/\\\/www.anovapeneira.gal\\\/\",\"name\":\"\",\"description\":\"Xornal galego de informaci\u00f3n xeral Publicaci\u00f3n mensual de novas de Galicia e en especial dos Concellos da sur da provincia de Pontevedra.\",\"publisher\":{\"@id\":\"https:\\\/\\\/www.anovapeneira.gal\\\/#organization\"},\"potentialAction\":[{\"@type\":\"SearchAction\",\"target\":{\"@type\":\"EntryPoint\",\"urlTemplate\":\"https:\\\/\\\/www.anovapeneira.gal\\\/?s={search_term_string}\"},\"query-input\":{\"@type\":\"PropertyValueSpecification\",\"valueRequired\":true,\"valueName\":\"search_term_string\"}}],\"inLanguage\":\"gl-ES\"},{\"@type\":\"Organization\",\"@id\":\"https:\\\/\\\/www.anovapeneira.gal\\\/#organization\",\"name\":\"A Nova Peneira\",\"url\":\"https:\\\/\\\/www.anovapeneira.gal\\\/\",\"logo\":{\"@type\":\"ImageObject\",\"inLanguage\":\"gl-ES\",\"@id\":\"https:\\\/\\\/www.anovapeneira.gal\\\/#\\\/schema\\\/logo\\\/image\\\/\",\"url\":\"http:\\\/\\\/www.anovapeneira.gal\\\/wp-content\\\/uploads\\\/2019\\\/06\\\/logo_a_nova_peneira_portal_web.png\",\"contentUrl\":\"http:\\\/\\\/www.anovapeneira.gal\\\/wp-content\\\/uploads\\\/2019\\\/06\\\/logo_a_nova_peneira_portal_web.png\",\"width\":300,\"height\":100,\"caption\":\"A Nova Peneira\"},\"image\":{\"@id\":\"https:\\\/\\\/www.anovapeneira.gal\\\/#\\\/schema\\\/logo\\\/image\\\/\"},\"sameAs\":[\"https:\\\/\\\/www.facebook.com\\\/anovapeneira\",\"https:\\\/\\\/x.com\\\/APeneira\"]},{\"@type\":\"Person\",\"@id\":\"https:\\\/\\\/www.anovapeneira.gal\\\/#\\\/schema\\\/person\\\/d9d84823564720e7593293bab054e52d\",\"name\":\"Marcos Santos\",\"image\":{\"@type\":\"ImageObject\",\"inLanguage\":\"gl-ES\",\"@id\":\"https:\\\/\\\/secure.gravatar.com\\\/avatar\\\/0e8017099a7a47c0a9d2275e865fe326484561eb3d70649069e4b8e61a8d2e8c?s=96&d=mm&r=g\",\"url\":\"https:\\\/\\\/secure.gravatar.com\\\/avatar\\\/0e8017099a7a47c0a9d2275e865fe326484561eb3d70649069e4b8e61a8d2e8c?s=96&d=mm&r=g\",\"contentUrl\":\"https:\\\/\\\/secure.gravatar.com\\\/avatar\\\/0e8017099a7a47c0a9d2275e865fe326484561eb3d70649069e4b8e61a8d2e8c?s=96&d=mm&r=g\",\"caption\":\"Marcos Santos\"},\"sameAs\":[\"http:\\\/\\\/anovapeneira.gal\"],\"url\":\"https:\\\/\\\/www.anovapeneira.gal\\\/index.php\\\/author\\\/marcos-santos\\\/\"}]}<\/script>\n<!-- \/ Yoast SEO plugin. -->","yoast_head_json":{"title":"Sobre o cambio de nome dunha r\u00faa no Concello de Redondela -","robots":{"index":"index","follow":"follow","max-snippet":"max-snippet:-1","max-image-preview":"max-image-preview:large","max-video-preview":"max-video-preview:-1"},"canonical":"https:\/\/www.anovapeneira.gal\/index.php\/2024\/09\/17\/sobre-o-cambio-de-nome-dunha-rua-no-concello-de-redondela\/","og_locale":"gl_ES","og_type":"article","og_title":"Sobre o cambio de nome dunha r\u00faa no Concello de Redondela -","og_description":"Marco Antonio Santos Soto. O 29 de decembro de 1874 o xeneral Arsenio Mart\u00ednez Campos encabezaba un pronunciamento, \u00e9 dicir un golpe de estado, que pu\u00f1a fin \u00e1 Primeira Rep\u00fablica Espa\u00f1ola. \u00c9 o co\u00f1ecido como [...]","og_url":"https:\/\/www.anovapeneira.gal\/index.php\/2024\/09\/17\/sobre-o-cambio-de-nome-dunha-rua-no-concello-de-redondela\/","article_publisher":"https:\/\/www.facebook.com\/anovapeneira","article_published_time":"2024-09-17T10:00:01+00:00","og_image":[{"width":720,"height":473,"url":"https:\/\/www.anovapeneira.gal\/wp-content\/uploads\/2019\/07\/ARTIGO_DE_OPINION_A_NOVA_PENEIRA.jpg","type":"image\/jpeg"}],"author":"Marcos Santos","twitter_card":"summary_large_image","twitter_creator":"@APeneira","twitter_site":"@APeneira","twitter_misc":{"Escrito por":"Marcos Santos","Tempo de lectura":"5 minutos"},"schema":{"@context":"https:\/\/schema.org","@graph":[{"@type":"Article","@id":"https:\/\/www.anovapeneira.gal\/index.php\/2024\/09\/17\/sobre-o-cambio-de-nome-dunha-rua-no-concello-de-redondela\/#article","isPartOf":{"@id":"https:\/\/www.anovapeneira.gal\/index.php\/2024\/09\/17\/sobre-o-cambio-de-nome-dunha-rua-no-concello-de-redondela\/"},"author":{"name":"Marcos Santos","@id":"https:\/\/www.anovapeneira.gal\/#\/schema\/person\/d9d84823564720e7593293bab054e52d"},"headline":"Sobre o cambio de nome dunha r\u00faa no Concello de Redondela","datePublished":"2024-09-17T10:00:01+00:00","mainEntityOfPage":{"@id":"https:\/\/www.anovapeneira.gal\/index.php\/2024\/09\/17\/sobre-o-cambio-de-nome-dunha-rua-no-concello-de-redondela\/"},"wordCount":920,"commentCount":0,"publisher":{"@id":"https:\/\/www.anovapeneira.gal\/#organization"},"image":{"@id":"https:\/\/www.anovapeneira.gal\/index.php\/2024\/09\/17\/sobre-o-cambio-de-nome-dunha-rua-no-concello-de-redondela\/#primaryimage"},"thumbnailUrl":"https:\/\/www.anovapeneira.gal\/wp-content\/uploads\/2019\/07\/ARTIGO_DE_OPINION_A_NOVA_PENEIRA.jpg","articleSection":["Artigos de opini\u00f3n"],"inLanguage":"gl-ES","potentialAction":[{"@type":"CommentAction","name":"Comment","target":["https:\/\/www.anovapeneira.gal\/index.php\/2024\/09\/17\/sobre-o-cambio-de-nome-dunha-rua-no-concello-de-redondela\/#respond"]}]},{"@type":"WebPage","@id":"https:\/\/www.anovapeneira.gal\/index.php\/2024\/09\/17\/sobre-o-cambio-de-nome-dunha-rua-no-concello-de-redondela\/","url":"https:\/\/www.anovapeneira.gal\/index.php\/2024\/09\/17\/sobre-o-cambio-de-nome-dunha-rua-no-concello-de-redondela\/","name":"Sobre o cambio de nome dunha r\u00faa no Concello de Redondela -","isPartOf":{"@id":"https:\/\/www.anovapeneira.gal\/#website"},"primaryImageOfPage":{"@id":"https:\/\/www.anovapeneira.gal\/index.php\/2024\/09\/17\/sobre-o-cambio-de-nome-dunha-rua-no-concello-de-redondela\/#primaryimage"},"image":{"@id":"https:\/\/www.anovapeneira.gal\/index.php\/2024\/09\/17\/sobre-o-cambio-de-nome-dunha-rua-no-concello-de-redondela\/#primaryimage"},"thumbnailUrl":"https:\/\/www.anovapeneira.gal\/wp-content\/uploads\/2019\/07\/ARTIGO_DE_OPINION_A_NOVA_PENEIRA.jpg","datePublished":"2024-09-17T10:00:01+00:00","breadcrumb":{"@id":"https:\/\/www.anovapeneira.gal\/index.php\/2024\/09\/17\/sobre-o-cambio-de-nome-dunha-rua-no-concello-de-redondela\/#breadcrumb"},"inLanguage":"gl-ES","potentialAction":[{"@type":"ReadAction","target":["https:\/\/www.anovapeneira.gal\/index.php\/2024\/09\/17\/sobre-o-cambio-de-nome-dunha-rua-no-concello-de-redondela\/"]}]},{"@type":"ImageObject","inLanguage":"gl-ES","@id":"https:\/\/www.anovapeneira.gal\/index.php\/2024\/09\/17\/sobre-o-cambio-de-nome-dunha-rua-no-concello-de-redondela\/#primaryimage","url":"https:\/\/www.anovapeneira.gal\/wp-content\/uploads\/2019\/07\/ARTIGO_DE_OPINION_A_NOVA_PENEIRA.jpg","contentUrl":"https:\/\/www.anovapeneira.gal\/wp-content\/uploads\/2019\/07\/ARTIGO_DE_OPINION_A_NOVA_PENEIRA.jpg","width":720,"height":473,"caption":"Artigo de opini\u00f3n A Nova Peneira"},{"@type":"BreadcrumbList","@id":"https:\/\/www.anovapeneira.gal\/index.php\/2024\/09\/17\/sobre-o-cambio-de-nome-dunha-rua-no-concello-de-redondela\/#breadcrumb","itemListElement":[{"@type":"ListItem","position":1,"name":"Portada","item":"https:\/\/www.anovapeneira.gal\/"},{"@type":"ListItem","position":2,"name":"Sobre o cambio de nome dunha r\u00faa no Concello de Redondela"}]},{"@type":"WebSite","@id":"https:\/\/www.anovapeneira.gal\/#website","url":"https:\/\/www.anovapeneira.gal\/","name":"","description":"Xornal galego de informaci\u00f3n xeral Publicaci\u00f3n mensual de novas de Galicia e en especial dos Concellos da sur da provincia de Pontevedra.","publisher":{"@id":"https:\/\/www.anovapeneira.gal\/#organization"},"potentialAction":[{"@type":"SearchAction","target":{"@type":"EntryPoint","urlTemplate":"https:\/\/www.anovapeneira.gal\/?s={search_term_string}"},"query-input":{"@type":"PropertyValueSpecification","valueRequired":true,"valueName":"search_term_string"}}],"inLanguage":"gl-ES"},{"@type":"Organization","@id":"https:\/\/www.anovapeneira.gal\/#organization","name":"A Nova Peneira","url":"https:\/\/www.anovapeneira.gal\/","logo":{"@type":"ImageObject","inLanguage":"gl-ES","@id":"https:\/\/www.anovapeneira.gal\/#\/schema\/logo\/image\/","url":"http:\/\/www.anovapeneira.gal\/wp-content\/uploads\/2019\/06\/logo_a_nova_peneira_portal_web.png","contentUrl":"http:\/\/www.anovapeneira.gal\/wp-content\/uploads\/2019\/06\/logo_a_nova_peneira_portal_web.png","width":300,"height":100,"caption":"A Nova Peneira"},"image":{"@id":"https:\/\/www.anovapeneira.gal\/#\/schema\/logo\/image\/"},"sameAs":["https:\/\/www.facebook.com\/anovapeneira","https:\/\/x.com\/APeneira"]},{"@type":"Person","@id":"https:\/\/www.anovapeneira.gal\/#\/schema\/person\/d9d84823564720e7593293bab054e52d","name":"Marcos Santos","image":{"@type":"ImageObject","inLanguage":"gl-ES","@id":"https:\/\/secure.gravatar.com\/avatar\/0e8017099a7a47c0a9d2275e865fe326484561eb3d70649069e4b8e61a8d2e8c?s=96&d=mm&r=g","url":"https:\/\/secure.gravatar.com\/avatar\/0e8017099a7a47c0a9d2275e865fe326484561eb3d70649069e4b8e61a8d2e8c?s=96&d=mm&r=g","contentUrl":"https:\/\/secure.gravatar.com\/avatar\/0e8017099a7a47c0a9d2275e865fe326484561eb3d70649069e4b8e61a8d2e8c?s=96&d=mm&r=g","caption":"Marcos Santos"},"sameAs":["http:\/\/anovapeneira.gal"],"url":"https:\/\/www.anovapeneira.gal\/index.php\/author\/marcos-santos\/"}]}},"jetpack_featured_media_url":"https:\/\/www.anovapeneira.gal\/wp-content\/uploads\/2019\/07\/ARTIGO_DE_OPINION_A_NOVA_PENEIRA.jpg","_links":{"self":[{"href":"https:\/\/www.anovapeneira.gal\/index.php\/wp-json\/wp\/v2\/posts\/12415","targetHints":{"allow":["GET"]}}],"collection":[{"href":"https:\/\/www.anovapeneira.gal\/index.php\/wp-json\/wp\/v2\/posts"}],"about":[{"href":"https:\/\/www.anovapeneira.gal\/index.php\/wp-json\/wp\/v2\/types\/post"}],"author":[{"embeddable":true,"href":"https:\/\/www.anovapeneira.gal\/index.php\/wp-json\/wp\/v2\/users\/6"}],"replies":[{"embeddable":true,"href":"https:\/\/www.anovapeneira.gal\/index.php\/wp-json\/wp\/v2\/comments?post=12415"}],"version-history":[{"count":3,"href":"https:\/\/www.anovapeneira.gal\/index.php\/wp-json\/wp\/v2\/posts\/12415\/revisions"}],"predecessor-version":[{"id":12481,"href":"https:\/\/www.anovapeneira.gal\/index.php\/wp-json\/wp\/v2\/posts\/12415\/revisions\/12481"}],"wp:featuredmedia":[{"embeddable":true,"href":"https:\/\/www.anovapeneira.gal\/index.php\/wp-json\/wp\/v2\/media\/584"}],"wp:attachment":[{"href":"https:\/\/www.anovapeneira.gal\/index.php\/wp-json\/wp\/v2\/media?parent=12415"}],"wp:term":[{"taxonomy":"category","embeddable":true,"href":"https:\/\/www.anovapeneira.gal\/index.php\/wp-json\/wp\/v2\/categories?post=12415"},{"taxonomy":"post_tag","embeddable":true,"href":"https:\/\/www.anovapeneira.gal\/index.php\/wp-json\/wp\/v2\/tags?post=12415"}],"curies":[{"name":"wp","href":"https:\/\/api.w.org\/{rel}","templated":true}]}}