{"id":12427,"date":"2024-09-19T10:00:01","date_gmt":"2024-09-19T08:00:01","guid":{"rendered":"https:\/\/www.anovapeneira.gal\/?p=12427"},"modified":"2024-09-13T18:29:24","modified_gmt":"2024-09-13T16:29:24","slug":"don-kebab-ponteareas-fase-maior-de-idade","status":"publish","type":"post","link":"https:\/\/www.anovapeneira.gal\/index.php\/2024\/09\/19\/don-kebab-ponteareas-fase-maior-de-idade\/","title":{"rendered":"Don Kebab Ponteareas fase maior de idade"},"content":{"rendered":"\n<p><strong>En Ponteareas, na r\u00faa Paseo Matutino n\u00famero 17 est\u00e1 Don Kebab. Este negocio rex\u00e9ntao un emprendedor das Neves que hai 18 anos tivo a idea de abrir o primeiro local deste tipo na vila de Ponteareas. E nunha ocasi\u00f3n especial como esta, o negocio faise maior de idade, A Nova Peneira non se pod\u00eda quedar sen conversar co seu propietario<\/strong><\/p>\n\n\n\n<p><strong>Manuel Rodr\u00edguez Alonso, propietario de Don Kebab de Ponteareas.<\/strong><\/p>\n\n\n\n<p>\u201c<em><strong>Traballamos s\u00f3 con carnes premium. No caso contrario non ser\u00eda posible levar tanto tempo como levamos co Kebab\u201d<\/strong><\/em><\/p>\n\n\n\n<p><strong>Manuel. Queremos co\u00f1ecerte un pouco?<\/strong><\/p>\n\n\n\n<blockquote class=\"wp-block-quote is-layout-flow wp-block-quote-is-layout-flow\">\n<p>Ben, pois eu son unha persoa da comarca, natural da parroquia de Tortoreos no concello de As Neves, levo moito tempo no sector, adoro o meu traballo e trato de facelo sempre mellor para obter a plena satisfacci\u00f3n do cliente.<\/p>\n<\/blockquote>\n\n\n\n<p><strong>Como e cando se inicia a t\u00faa relaci\u00f3n coa hostaler\u00eda?<\/strong><\/p>\n\n\n\n<blockquote class=\"wp-block-quote is-layout-flow wp-block-quote-is-layout-flow\">\n<p>Eu comecei a traballar nos cines de Ponteareas .Estaban nas galer\u00edas do parque das Pombas e eran propiedade da mi\u00f1a familia. Traballaba nos cines as fins de semana cando estudaba, estaba vendendo as entradas ou os flocos de millo.<\/p>\n<\/blockquote>\n\n\n\n<p><strong>En que ano pecharon os cines? lembro de vir algunha vez cando era mozo.<\/strong><\/p>\n\n\n\n<blockquote class=\"wp-block-quote is-layout-flow wp-block-quote-is-layout-flow\">\n<p>Os cines inaugur\u00e1ronse no ano 1998 e pecharon sobre o ano 2008, eu abr\u00edn o Kebab no ano 2006 .<\/p>\n<\/blockquote>\n\n\n\n<p><strong>Ent\u00f3n combinaches o traballar nos cines e no Kebab ao mesmo tempo?<\/strong><\/p>\n\n\n\n<blockquote class=\"wp-block-quote is-layout-flow wp-block-quote-is-layout-flow\">\n<p>Non, eu traballei nos cines mentres estudaba, cando rematei de estudar estiven traballando nunha oficina tres anos, nunhas vacaci\u00f3ns fixen unha viaxe a Inglaterra e foi neste pa\u00eds cando probei os Kebabs e gust\u00e1ronme moit\u00edsimo.<\/p>\n<\/blockquote>\n\n\n\n<p><strong>En que ano foi isto?<\/strong><\/p>\n\n\n\n<blockquote class=\"wp-block-quote is-layout-flow wp-block-quote-is-layout-flow\">\n<p>Polo 2004. Despois de rematar as vacaci\u00f3ns volv\u00edn ao meu traballo na oficina e, nas seguintes vacaci\u00f3ns fun a Francia, al\u00ed viv\u00eda a mi\u00f1a t\u00eda xusto no centro de Par\u00eds. Casualidade que debaixo da s\u00faa casa hab\u00eda un local de Kebab e volv\u00edn comelos, a sensaci\u00f3n foi a mesma, pensei que estaba bo\u00edsima esa comida e decid\u00edn que ti\u00f1a que facer algo. En Ponteareas non hab\u00eda nada deste tipo de comida e como na parte de arriba dos cines ti\u00f1amos un espazo baleiro, decid\u00edn abrir no emprazamento dos cines o meu primeiro local de Kebab.<\/p>\n<\/blockquote>\n\n\n\n<p><strong>L\u00e9mbraste da data?<\/strong><\/p>\n\n\n\n<blockquote class=\"wp-block-quote is-layout-flow wp-block-quote-is-layout-flow\">\n<p>Si claro. L\u00e9mbroa con moito cari\u00f1o, foi o 9 de agosto do ano 2006 na R\u00faa das Pombas, a\u00ed abr\u00edn o primeiro local de kebab de Ponteareas.<\/p>\n<\/blockquote>\n\n\n\n<p><strong>Canto tempo estiveches con ese local?<\/strong><\/p>\n\n\n\n<blockquote class=\"wp-block-quote is-layout-flow wp-block-quote-is-layout-flow\">\n<p>Entre cinco ou seis anos.<\/p>\n<\/blockquote>\n\n\n\n<p><strong>Como foi a acollida da xente de Ponteareas deste local pioneiro na vila?<\/strong><\/p>\n\n\n\n<blockquote class=\"wp-block-quote is-layout-flow wp-block-quote-is-layout-flow\">\n<p>Tiven moi boa acollida. Lembro como os primeiros d\u00edas hab\u00eda colas para poder probar a comida.<\/p>\n<\/blockquote>\n\n\n\n<p><strong>Estabas ti s\u00f3?<\/strong><\/p>\n\n\n\n<blockquote class=\"wp-block-quote is-layout-flow wp-block-quote-is-layout-flow\">\n<p>Non, estaba mi\u00f1a irm\u00e1 comigo.<\/p>\n<\/blockquote>\n\n\n\n<p><strong>Como aprendiches a facer os Kebabs?<\/strong><\/p>\n\n\n\n<blockquote class=\"wp-block-quote is-layout-flow wp-block-quote-is-layout-flow\">\n<p>Cando comecei a interesarme por este tipo de comida busquei informaci\u00f3n e fomos a Valladolid un par de semanas, a unha empresa que eran provedores desta maquinaria e rexentaban tam\u00e9n un local de kebabs na cidade. Al\u00ed ensin\u00e1ronnos como coci\u00f1ala e compr\u00e1moslle a maquinaria, a carne e todo o necesario para comezar co local aqu\u00ed en Ponteareas.<\/p>\n<\/blockquote>\n\n\n\n<p><strong>Descr\u00edbeme o kebab e como se fai.<\/strong><\/p>\n\n\n\n<blockquote class=\"wp-block-quote is-layout-flow wp-block-quote-is-layout-flow\">\n<p>O Kebab \u00e9 unha comida t\u00edpica turca. Elab\u00f3rase cunha combinaci\u00f3n de carnes, antigamente levaba a\u00f1o, agora faise con carne de pito, tenreira e pavo. O que non pode levar \u00e9 porco nin alcohol, os musulm\u00e1ns non comen porco e a carne ten que ser halal. O rito do halal \u00e9 o procedente dun animal sacrificado segundo os preceptos prescritos no cor\u00e1n e orientado cara a Meca no momento da matanza.<\/p>\n<\/blockquote>\n\n\n\n<p><strong>E como fas para conseguir a carne halal aqu\u00ed en Galiza?<\/strong><\/p>\n\n\n\n<blockquote class=\"wp-block-quote is-layout-flow wp-block-quote-is-layout-flow\">\n<p>Os que me venden a carne te\u00f1en o certificado halal e te\u00f1en os matadoiros orientados cara a Meca.<\/p>\n<\/blockquote>\n\n\n\n<p><strong>De onde son estes provedores?<\/strong><\/p>\n\n\n\n<blockquote class=\"wp-block-quote is-layout-flow wp-block-quote-is-layout-flow\">\n<p>Son da Coru\u00f1a e traballamos sempre con carnes premium. De feito levamos 18 anos neste sector pola calidade da nosa carne, sen\u00f3n non ser\u00eda posible. Temos que ter calidade e ser constantes.<\/p>\n<\/blockquote>\n\n\n\n<p><strong>Cando mudaches o local ao Paseo Matutino?<\/strong><\/p>\n\n\n\n<blockquote class=\"wp-block-quote is-layout-flow wp-block-quote-is-layout-flow\">\n<p>Foi no ano 2012.<\/p>\n<\/blockquote>\n\n\n\n<p><strong>Cal foi o motivo do cambio?<\/strong><\/p>\n\n\n\n<blockquote class=\"wp-block-quote is-layout-flow wp-block-quote-is-layout-flow\">\n<p>Pois como pecharon os cines e ti\u00f1a que deixar aquel local decid\u00edn virme para esta zona que \u00e9 onde est\u00e1n os locais de ocio para ter m\u00e1is transito de p\u00fablico.<\/p>\n<\/blockquote>\n\n\n\n<p><strong>Que tipo de clientela tes ti no local, xente moza, maior, p\u00fablico m\u00e1is familiar?<\/strong><\/p>\n\n\n\n<blockquote class=\"wp-block-quote is-layout-flow wp-block-quote-is-layout-flow\">\n<p>Ven xente de toas as idades pero a maior\u00eda \u00e9 xente nova.<\/p>\n<\/blockquote>\n\n\n\n<p><strong>Os prezos son populares e para todos os petos, por canto di\u00f1eiro se pode comer no local?<\/strong><\/p>\n\n\n\n<blockquote class=\"wp-block-quote is-layout-flow wp-block-quote-is-layout-flow\">\n<p>Por pouco m\u00e1is de sete euros podes comer un men\u00fa que leva Kebab, patacas e refresco.<\/p>\n<\/blockquote>\n\n\n\n<p><strong>Cantas variedades que kebab tedes?<\/strong><\/p>\n\n\n\n<blockquote class=\"wp-block-quote is-layout-flow wp-block-quote-is-layout-flow\">\n<p>Hai tres tipos, D\u00f6ner, Durum e Lahmacun.<\/p>\n<\/blockquote>\n\n\n\n<blockquote class=\"wp-block-quote is-layout-flow wp-block-quote-is-layout-flow\">\n<p>O D\u00f6ner e con pan tipo hamburguesa. O Durum \u00e9 como un pan de filloa enrolada, e o Lahmacu \u00e9 un pizza turca que vai enrolado como o Durum pero na base leva carne picada, pemento, aceite de oliva e especies. Normalmente todos os Kebabs te\u00f1en estes tipos de pratos.<\/p>\n<\/blockquote>\n\n\n\n<p><strong>Este ano fixestes 18 anos, este \u00e9 o negocio da t\u00faa vida, tes penado xubilarte aqu\u00ed?<\/strong><\/p>\n\n\n\n<blockquote class=\"wp-block-quote is-layout-flow wp-block-quote-is-layout-flow\">\n<p>Non creo, te\u00f1o expectativas de botar aqu\u00ed un par de anos m\u00e1is e logo cambiar.<\/p>\n<\/blockquote>\n\n\n\n<p><strong>En que sector, queres seguir na hostaler\u00eda?<\/strong><\/p>\n\n\n\n<blockquote class=\"wp-block-quote is-layout-flow wp-block-quote-is-layout-flow\">\n<p>Non, eu estudei finanzas e quero facer algo por esa rama.<\/p>\n<\/blockquote>\n\n\n\n<p><strong>Est\u00e1s cansado da hostaler\u00eda ou es unha persoa inquieta?<\/strong><\/p>\n\n\n\n<blockquote class=\"wp-block-quote is-layout-flow wp-block-quote-is-layout-flow\">\n<p>Non \u00e9 que estea cansado da hostaler\u00eda pero penso que todo ten un ciclo, e este quero rematalo para pasar a outra cousa. Espero chegar \u00e1s d\u00faas d\u00e9cadas e logo a ver que pasa.<\/p>\n<\/blockquote>\n\n\n\n<p><strong>Cantos kebabs hai agora en Ponteareas?<\/strong><\/p>\n\n\n\n<blockquote class=\"wp-block-quote is-layout-flow wp-block-quote-is-layout-flow\">\n<p>Agora somos dous locais, os dous traballamos ben. Aproveito a oportunidade para agradecer profundamente desde o m\u00e1is \u00edntimo de min, a confianza de tantos clientes e clientas que ao longo destes anos me distinguiron coa s\u00faa compa\u00f1\u00eda. Sen eles, estes 18 anos ser\u00edan imposibles<\/p>\n<\/blockquote>\n","protected":false},"excerpt":{"rendered":"<div class=\"mh-excerpt\"><p>En Ponteareas, na r\u00faa Paseo Matutino n\u00famero 17 est\u00e1 Don Kebab. Este negocio rex\u00e9ntao un emprendedor das Neves que hai 18 anos tivo a idea de abrir o primeiro local deste tipo na vila de Ponteareas <a class=\"mh-excerpt-more\" href=\"https:\/\/www.anovapeneira.gal\/index.php\/2024\/09\/19\/don-kebab-ponteareas-fase-maior-de-idade\/\" title=\"Don Kebab Ponteareas fase maior de idade\">[&#8230;]<\/a><\/p>\n<\/div>","protected":false},"author":3,"featured_media":12428,"comment_status":"open","ping_status":"open","sticky":false,"template":"","format":"standard","meta":{"_exactmetrics_skip_tracking":false,"_exactmetrics_sitenote_active":false,"_exactmetrics_sitenote_note":"","_exactmetrics_sitenote_category":0,"footnotes":""},"categories":[492],"tags":[208],"class_list":{"0":"post-12427","1":"post","2":"type-post","3":"status-publish","4":"format-standard","5":"has-post-thumbnail","7":"category-condado-reportaxes","8":"tag-concello-de-ponteareas"},"yoast_head":"<!-- This site is optimized with the Yoast SEO plugin v27.4 - https:\/\/yoast.com\/product\/yoast-seo-wordpress\/ -->\n<title>Don Kebab Ponteareas fase maior de idade -<\/title>\n<meta name=\"robots\" content=\"index, follow, max-snippet:-1, max-image-preview:large, max-video-preview:-1\" \/>\n<link rel=\"canonical\" href=\"https:\/\/www.anovapeneira.gal\/index.php\/2024\/09\/19\/don-kebab-ponteareas-fase-maior-de-idade\/\" \/>\n<meta property=\"og:locale\" content=\"gl_ES\" \/>\n<meta property=\"og:type\" content=\"article\" \/>\n<meta property=\"og:title\" content=\"Don Kebab Ponteareas fase maior de idade -\" \/>\n<meta property=\"og:description\" content=\"En Ponteareas, na r\u00faa Paseo Matutino n\u00famero 17 est\u00e1 Don Kebab. Este negocio rex\u00e9ntao un emprendedor das Neves que hai 18 anos tivo a idea de abrir o primeiro local deste tipo na vila de Ponteareas [...]\" \/>\n<meta property=\"og:url\" content=\"https:\/\/www.anovapeneira.gal\/index.php\/2024\/09\/19\/don-kebab-ponteareas-fase-maior-de-idade\/\" \/>\n<meta property=\"article:publisher\" content=\"https:\/\/www.facebook.com\/anovapeneira\" \/>\n<meta property=\"article:published_time\" content=\"2024-09-19T08:00:01+00:00\" \/>\n<meta property=\"og:image\" content=\"https:\/\/www.anovapeneira.gal\/wp-content\/uploads\/2024\/09\/donerkebak.png\" \/>\n\t<meta property=\"og:image:width\" content=\"720\" \/>\n\t<meta property=\"og:image:height\" content=\"432\" \/>\n\t<meta property=\"og:image:type\" content=\"image\/png\" \/>\n<meta name=\"author\" content=\"Redacci\u00f3n A Nova Peneira\" \/>\n<meta name=\"twitter:card\" content=\"summary_large_image\" \/>\n<meta name=\"twitter:creator\" content=\"@APeneira\" \/>\n<meta name=\"twitter:site\" content=\"@APeneira\" \/>\n<meta name=\"twitter:label1\" content=\"Escrito por\" \/>\n\t<meta name=\"twitter:data1\" content=\"Redacci\u00f3n A Nova Peneira\" \/>\n\t<meta name=\"twitter:label2\" content=\"Tempo de lectura\" \/>\n\t<meta name=\"twitter:data2\" content=\"2 minutos\" \/>\n<script type=\"application\/ld+json\" class=\"yoast-schema-graph\">{\"@context\":\"https:\\\/\\\/schema.org\",\"@graph\":[{\"@type\":\"Article\",\"@id\":\"https:\\\/\\\/www.anovapeneira.gal\\\/index.php\\\/2024\\\/09\\\/19\\\/don-kebab-ponteareas-fase-maior-de-idade\\\/#article\",\"isPartOf\":{\"@id\":\"https:\\\/\\\/www.anovapeneira.gal\\\/index.php\\\/2024\\\/09\\\/19\\\/don-kebab-ponteareas-fase-maior-de-idade\\\/\"},\"author\":{\"name\":\"Redacci\u00f3n A Nova Peneira\",\"@id\":\"https:\\\/\\\/www.anovapeneira.gal\\\/#\\\/schema\\\/person\\\/b93e3f8932e3f8da96334607eb6ac6aa\"},\"headline\":\"Don Kebab Ponteareas fase maior de idade\",\"datePublished\":\"2024-09-19T08:00:01+00:00\",\"mainEntityOfPage\":{\"@id\":\"https:\\\/\\\/www.anovapeneira.gal\\\/index.php\\\/2024\\\/09\\\/19\\\/don-kebab-ponteareas-fase-maior-de-idade\\\/\"},\"wordCount\":1030,\"commentCount\":0,\"publisher\":{\"@id\":\"https:\\\/\\\/www.anovapeneira.gal\\\/#organization\"},\"image\":{\"@id\":\"https:\\\/\\\/www.anovapeneira.gal\\\/index.php\\\/2024\\\/09\\\/19\\\/don-kebab-ponteareas-fase-maior-de-idade\\\/#primaryimage\"},\"thumbnailUrl\":\"https:\\\/\\\/www.anovapeneira.gal\\\/wp-content\\\/uploads\\\/2024\\\/09\\\/donerkebak.png\",\"keywords\":[\"Concello de Ponteareas\"],\"articleSection\":[\"Condado\"],\"inLanguage\":\"gl-ES\",\"potentialAction\":[{\"@type\":\"CommentAction\",\"name\":\"Comment\",\"target\":[\"https:\\\/\\\/www.anovapeneira.gal\\\/index.php\\\/2024\\\/09\\\/19\\\/don-kebab-ponteareas-fase-maior-de-idade\\\/#respond\"]}]},{\"@type\":\"WebPage\",\"@id\":\"https:\\\/\\\/www.anovapeneira.gal\\\/index.php\\\/2024\\\/09\\\/19\\\/don-kebab-ponteareas-fase-maior-de-idade\\\/\",\"url\":\"https:\\\/\\\/www.anovapeneira.gal\\\/index.php\\\/2024\\\/09\\\/19\\\/don-kebab-ponteareas-fase-maior-de-idade\\\/\",\"name\":\"Don Kebab Ponteareas fase maior de idade -\",\"isPartOf\":{\"@id\":\"https:\\\/\\\/www.anovapeneira.gal\\\/#website\"},\"primaryImageOfPage\":{\"@id\":\"https:\\\/\\\/www.anovapeneira.gal\\\/index.php\\\/2024\\\/09\\\/19\\\/don-kebab-ponteareas-fase-maior-de-idade\\\/#primaryimage\"},\"image\":{\"@id\":\"https:\\\/\\\/www.anovapeneira.gal\\\/index.php\\\/2024\\\/09\\\/19\\\/don-kebab-ponteareas-fase-maior-de-idade\\\/#primaryimage\"},\"thumbnailUrl\":\"https:\\\/\\\/www.anovapeneira.gal\\\/wp-content\\\/uploads\\\/2024\\\/09\\\/donerkebak.png\",\"datePublished\":\"2024-09-19T08:00:01+00:00\",\"breadcrumb\":{\"@id\":\"https:\\\/\\\/www.anovapeneira.gal\\\/index.php\\\/2024\\\/09\\\/19\\\/don-kebab-ponteareas-fase-maior-de-idade\\\/#breadcrumb\"},\"inLanguage\":\"gl-ES\",\"potentialAction\":[{\"@type\":\"ReadAction\",\"target\":[\"https:\\\/\\\/www.anovapeneira.gal\\\/index.php\\\/2024\\\/09\\\/19\\\/don-kebab-ponteareas-fase-maior-de-idade\\\/\"]}]},{\"@type\":\"ImageObject\",\"inLanguage\":\"gl-ES\",\"@id\":\"https:\\\/\\\/www.anovapeneira.gal\\\/index.php\\\/2024\\\/09\\\/19\\\/don-kebab-ponteareas-fase-maior-de-idade\\\/#primaryimage\",\"url\":\"https:\\\/\\\/www.anovapeneira.gal\\\/wp-content\\\/uploads\\\/2024\\\/09\\\/donerkebak.png\",\"contentUrl\":\"https:\\\/\\\/www.anovapeneira.gal\\\/wp-content\\\/uploads\\\/2024\\\/09\\\/donerkebak.png\",\"width\":720,\"height\":432,\"caption\":\"Don Kebab Ponteareas fase maior de idade\"},{\"@type\":\"BreadcrumbList\",\"@id\":\"https:\\\/\\\/www.anovapeneira.gal\\\/index.php\\\/2024\\\/09\\\/19\\\/don-kebab-ponteareas-fase-maior-de-idade\\\/#breadcrumb\",\"itemListElement\":[{\"@type\":\"ListItem\",\"position\":1,\"name\":\"Portada\",\"item\":\"https:\\\/\\\/www.anovapeneira.gal\\\/\"},{\"@type\":\"ListItem\",\"position\":2,\"name\":\"Don Kebab Ponteareas fase maior de idade\"}]},{\"@type\":\"WebSite\",\"@id\":\"https:\\\/\\\/www.anovapeneira.gal\\\/#website\",\"url\":\"https:\\\/\\\/www.anovapeneira.gal\\\/\",\"name\":\"\",\"description\":\"Xornal galego de informaci\u00f3n xeral Publicaci\u00f3n mensual de novas de Galicia e en especial dos Concellos da sur da provincia de Pontevedra.\",\"publisher\":{\"@id\":\"https:\\\/\\\/www.anovapeneira.gal\\\/#organization\"},\"potentialAction\":[{\"@type\":\"SearchAction\",\"target\":{\"@type\":\"EntryPoint\",\"urlTemplate\":\"https:\\\/\\\/www.anovapeneira.gal\\\/?s={search_term_string}\"},\"query-input\":{\"@type\":\"PropertyValueSpecification\",\"valueRequired\":true,\"valueName\":\"search_term_string\"}}],\"inLanguage\":\"gl-ES\"},{\"@type\":\"Organization\",\"@id\":\"https:\\\/\\\/www.anovapeneira.gal\\\/#organization\",\"name\":\"A Nova Peneira\",\"url\":\"https:\\\/\\\/www.anovapeneira.gal\\\/\",\"logo\":{\"@type\":\"ImageObject\",\"inLanguage\":\"gl-ES\",\"@id\":\"https:\\\/\\\/www.anovapeneira.gal\\\/#\\\/schema\\\/logo\\\/image\\\/\",\"url\":\"http:\\\/\\\/www.anovapeneira.gal\\\/wp-content\\\/uploads\\\/2019\\\/06\\\/logo_a_nova_peneira_portal_web.png\",\"contentUrl\":\"http:\\\/\\\/www.anovapeneira.gal\\\/wp-content\\\/uploads\\\/2019\\\/06\\\/logo_a_nova_peneira_portal_web.png\",\"width\":300,\"height\":100,\"caption\":\"A Nova Peneira\"},\"image\":{\"@id\":\"https:\\\/\\\/www.anovapeneira.gal\\\/#\\\/schema\\\/logo\\\/image\\\/\"},\"sameAs\":[\"https:\\\/\\\/www.facebook.com\\\/anovapeneira\",\"https:\\\/\\\/x.com\\\/APeneira\"]},{\"@type\":\"Person\",\"@id\":\"https:\\\/\\\/www.anovapeneira.gal\\\/#\\\/schema\\\/person\\\/b93e3f8932e3f8da96334607eb6ac6aa\",\"name\":\"Redacci\u00f3n A Nova Peneira\",\"image\":{\"@type\":\"ImageObject\",\"inLanguage\":\"gl-ES\",\"@id\":\"https:\\\/\\\/secure.gravatar.com\\\/avatar\\\/c052a2551a06e23fac63626232eaa90abd78dbcf1700fc46a2b2c89fd27b735f?s=96&d=mm&r=g\",\"url\":\"https:\\\/\\\/secure.gravatar.com\\\/avatar\\\/c052a2551a06e23fac63626232eaa90abd78dbcf1700fc46a2b2c89fd27b735f?s=96&d=mm&r=g\",\"contentUrl\":\"https:\\\/\\\/secure.gravatar.com\\\/avatar\\\/c052a2551a06e23fac63626232eaa90abd78dbcf1700fc46a2b2c89fd27b735f?s=96&d=mm&r=g\",\"caption\":\"Redacci\u00f3n A Nova Peneira\"},\"sameAs\":[\"http:\\\/\\\/www.anovapeneira.gal\\\/\"],\"url\":\"https:\\\/\\\/www.anovapeneira.gal\\\/index.php\\\/author\\\/redactor\\\/\"}]}<\/script>\n<!-- \/ Yoast SEO plugin. -->","yoast_head_json":{"title":"Don Kebab Ponteareas fase maior de idade -","robots":{"index":"index","follow":"follow","max-snippet":"max-snippet:-1","max-image-preview":"max-image-preview:large","max-video-preview":"max-video-preview:-1"},"canonical":"https:\/\/www.anovapeneira.gal\/index.php\/2024\/09\/19\/don-kebab-ponteareas-fase-maior-de-idade\/","og_locale":"gl_ES","og_type":"article","og_title":"Don Kebab Ponteareas fase maior de idade -","og_description":"En Ponteareas, na r\u00faa Paseo Matutino n\u00famero 17 est\u00e1 Don Kebab. Este negocio rex\u00e9ntao un emprendedor das Neves que hai 18 anos tivo a idea de abrir o primeiro local deste tipo na vila de Ponteareas [...]","og_url":"https:\/\/www.anovapeneira.gal\/index.php\/2024\/09\/19\/don-kebab-ponteareas-fase-maior-de-idade\/","article_publisher":"https:\/\/www.facebook.com\/anovapeneira","article_published_time":"2024-09-19T08:00:01+00:00","og_image":[{"width":720,"height":432,"url":"https:\/\/www.anovapeneira.gal\/wp-content\/uploads\/2024\/09\/donerkebak.png","type":"image\/png"}],"author":"Redacci\u00f3n A Nova Peneira","twitter_card":"summary_large_image","twitter_creator":"@APeneira","twitter_site":"@APeneira","twitter_misc":{"Escrito por":"Redacci\u00f3n A Nova Peneira","Tempo de lectura":"2 minutos"},"schema":{"@context":"https:\/\/schema.org","@graph":[{"@type":"Article","@id":"https:\/\/www.anovapeneira.gal\/index.php\/2024\/09\/19\/don-kebab-ponteareas-fase-maior-de-idade\/#article","isPartOf":{"@id":"https:\/\/www.anovapeneira.gal\/index.php\/2024\/09\/19\/don-kebab-ponteareas-fase-maior-de-idade\/"},"author":{"name":"Redacci\u00f3n A Nova Peneira","@id":"https:\/\/www.anovapeneira.gal\/#\/schema\/person\/b93e3f8932e3f8da96334607eb6ac6aa"},"headline":"Don Kebab Ponteareas fase maior de idade","datePublished":"2024-09-19T08:00:01+00:00","mainEntityOfPage":{"@id":"https:\/\/www.anovapeneira.gal\/index.php\/2024\/09\/19\/don-kebab-ponteareas-fase-maior-de-idade\/"},"wordCount":1030,"commentCount":0,"publisher":{"@id":"https:\/\/www.anovapeneira.gal\/#organization"},"image":{"@id":"https:\/\/www.anovapeneira.gal\/index.php\/2024\/09\/19\/don-kebab-ponteareas-fase-maior-de-idade\/#primaryimage"},"thumbnailUrl":"https:\/\/www.anovapeneira.gal\/wp-content\/uploads\/2024\/09\/donerkebak.png","keywords":["Concello de Ponteareas"],"articleSection":["Condado"],"inLanguage":"gl-ES","potentialAction":[{"@type":"CommentAction","name":"Comment","target":["https:\/\/www.anovapeneira.gal\/index.php\/2024\/09\/19\/don-kebab-ponteareas-fase-maior-de-idade\/#respond"]}]},{"@type":"WebPage","@id":"https:\/\/www.anovapeneira.gal\/index.php\/2024\/09\/19\/don-kebab-ponteareas-fase-maior-de-idade\/","url":"https:\/\/www.anovapeneira.gal\/index.php\/2024\/09\/19\/don-kebab-ponteareas-fase-maior-de-idade\/","name":"Don Kebab Ponteareas fase maior de idade -","isPartOf":{"@id":"https:\/\/www.anovapeneira.gal\/#website"},"primaryImageOfPage":{"@id":"https:\/\/www.anovapeneira.gal\/index.php\/2024\/09\/19\/don-kebab-ponteareas-fase-maior-de-idade\/#primaryimage"},"image":{"@id":"https:\/\/www.anovapeneira.gal\/index.php\/2024\/09\/19\/don-kebab-ponteareas-fase-maior-de-idade\/#primaryimage"},"thumbnailUrl":"https:\/\/www.anovapeneira.gal\/wp-content\/uploads\/2024\/09\/donerkebak.png","datePublished":"2024-09-19T08:00:01+00:00","breadcrumb":{"@id":"https:\/\/www.anovapeneira.gal\/index.php\/2024\/09\/19\/don-kebab-ponteareas-fase-maior-de-idade\/#breadcrumb"},"inLanguage":"gl-ES","potentialAction":[{"@type":"ReadAction","target":["https:\/\/www.anovapeneira.gal\/index.php\/2024\/09\/19\/don-kebab-ponteareas-fase-maior-de-idade\/"]}]},{"@type":"ImageObject","inLanguage":"gl-ES","@id":"https:\/\/www.anovapeneira.gal\/index.php\/2024\/09\/19\/don-kebab-ponteareas-fase-maior-de-idade\/#primaryimage","url":"https:\/\/www.anovapeneira.gal\/wp-content\/uploads\/2024\/09\/donerkebak.png","contentUrl":"https:\/\/www.anovapeneira.gal\/wp-content\/uploads\/2024\/09\/donerkebak.png","width":720,"height":432,"caption":"Don Kebab Ponteareas fase maior de idade"},{"@type":"BreadcrumbList","@id":"https:\/\/www.anovapeneira.gal\/index.php\/2024\/09\/19\/don-kebab-ponteareas-fase-maior-de-idade\/#breadcrumb","itemListElement":[{"@type":"ListItem","position":1,"name":"Portada","item":"https:\/\/www.anovapeneira.gal\/"},{"@type":"ListItem","position":2,"name":"Don Kebab Ponteareas fase maior de idade"}]},{"@type":"WebSite","@id":"https:\/\/www.anovapeneira.gal\/#website","url":"https:\/\/www.anovapeneira.gal\/","name":"","description":"Xornal galego de informaci\u00f3n xeral Publicaci\u00f3n mensual de novas de Galicia e en especial dos Concellos da sur da provincia de Pontevedra.","publisher":{"@id":"https:\/\/www.anovapeneira.gal\/#organization"},"potentialAction":[{"@type":"SearchAction","target":{"@type":"EntryPoint","urlTemplate":"https:\/\/www.anovapeneira.gal\/?s={search_term_string}"},"query-input":{"@type":"PropertyValueSpecification","valueRequired":true,"valueName":"search_term_string"}}],"inLanguage":"gl-ES"},{"@type":"Organization","@id":"https:\/\/www.anovapeneira.gal\/#organization","name":"A Nova Peneira","url":"https:\/\/www.anovapeneira.gal\/","logo":{"@type":"ImageObject","inLanguage":"gl-ES","@id":"https:\/\/www.anovapeneira.gal\/#\/schema\/logo\/image\/","url":"http:\/\/www.anovapeneira.gal\/wp-content\/uploads\/2019\/06\/logo_a_nova_peneira_portal_web.png","contentUrl":"http:\/\/www.anovapeneira.gal\/wp-content\/uploads\/2019\/06\/logo_a_nova_peneira_portal_web.png","width":300,"height":100,"caption":"A Nova Peneira"},"image":{"@id":"https:\/\/www.anovapeneira.gal\/#\/schema\/logo\/image\/"},"sameAs":["https:\/\/www.facebook.com\/anovapeneira","https:\/\/x.com\/APeneira"]},{"@type":"Person","@id":"https:\/\/www.anovapeneira.gal\/#\/schema\/person\/b93e3f8932e3f8da96334607eb6ac6aa","name":"Redacci\u00f3n A Nova Peneira","image":{"@type":"ImageObject","inLanguage":"gl-ES","@id":"https:\/\/secure.gravatar.com\/avatar\/c052a2551a06e23fac63626232eaa90abd78dbcf1700fc46a2b2c89fd27b735f?s=96&d=mm&r=g","url":"https:\/\/secure.gravatar.com\/avatar\/c052a2551a06e23fac63626232eaa90abd78dbcf1700fc46a2b2c89fd27b735f?s=96&d=mm&r=g","contentUrl":"https:\/\/secure.gravatar.com\/avatar\/c052a2551a06e23fac63626232eaa90abd78dbcf1700fc46a2b2c89fd27b735f?s=96&d=mm&r=g","caption":"Redacci\u00f3n A Nova Peneira"},"sameAs":["http:\/\/www.anovapeneira.gal\/"],"url":"https:\/\/www.anovapeneira.gal\/index.php\/author\/redactor\/"}]}},"jetpack_featured_media_url":"https:\/\/www.anovapeneira.gal\/wp-content\/uploads\/2024\/09\/donerkebak.png","_links":{"self":[{"href":"https:\/\/www.anovapeneira.gal\/index.php\/wp-json\/wp\/v2\/posts\/12427","targetHints":{"allow":["GET"]}}],"collection":[{"href":"https:\/\/www.anovapeneira.gal\/index.php\/wp-json\/wp\/v2\/posts"}],"about":[{"href":"https:\/\/www.anovapeneira.gal\/index.php\/wp-json\/wp\/v2\/types\/post"}],"author":[{"embeddable":true,"href":"https:\/\/www.anovapeneira.gal\/index.php\/wp-json\/wp\/v2\/users\/3"}],"replies":[{"embeddable":true,"href":"https:\/\/www.anovapeneira.gal\/index.php\/wp-json\/wp\/v2\/comments?post=12427"}],"version-history":[{"count":1,"href":"https:\/\/www.anovapeneira.gal\/index.php\/wp-json\/wp\/v2\/posts\/12427\/revisions"}],"predecessor-version":[{"id":12429,"href":"https:\/\/www.anovapeneira.gal\/index.php\/wp-json\/wp\/v2\/posts\/12427\/revisions\/12429"}],"wp:featuredmedia":[{"embeddable":true,"href":"https:\/\/www.anovapeneira.gal\/index.php\/wp-json\/wp\/v2\/media\/12428"}],"wp:attachment":[{"href":"https:\/\/www.anovapeneira.gal\/index.php\/wp-json\/wp\/v2\/media?parent=12427"}],"wp:term":[{"taxonomy":"category","embeddable":true,"href":"https:\/\/www.anovapeneira.gal\/index.php\/wp-json\/wp\/v2\/categories?post=12427"},{"taxonomy":"post_tag","embeddable":true,"href":"https:\/\/www.anovapeneira.gal\/index.php\/wp-json\/wp\/v2\/tags?post=12427"}],"curies":[{"name":"wp","href":"https:\/\/api.w.org\/{rel}","templated":true}]}}